{"id":71636,"date":"2025-05-15T17:38:00","date_gmt":"2025-05-15T22:38:00","guid":{"rendered":"https:\/\/www.uartes.edu.ec\/sitio\/?p=71636"},"modified":"2025-05-16T10:15:54","modified_gmt":"2025-05-16T15:15:54","slug":"a-la-experiencia-en-arte-se-refirio-la-vicerrectora-olga-lopez-en-la-ceremonia-de-graduacion-de-magisteres-uartes","status":"publish","type":"post","link":"https:\/\/www.uartes.edu.ec\/sitio\/en\/blog\/2025\/05\/15\/a-la-experiencia-en-arte-se-refirio-la-vicerrectora-olga-lopez-en-la-ceremonia-de-graduacion-de-magisteres-uartes\/","title":{"rendered":"En la graduaci\u00f3n de la nueva cohorte de mag\u00edsteres, vicerrectora Olga L\u00f3pez centr\u00f3 su discurso en \u00abla experiencia en arte\u00bb"},"content":{"rendered":"<p>\u201cEl arte es intuir, sentir, esbozar, pensar. Movimientos e intensidades que no necesariamente son progresivos, sino que coexisten y se contaminan para llevarnos a experimentar lo m\u00e1s inmediato y lo m\u00e1s lejano, lo m\u00e1s terrenal y lo m\u00e1s abstracto\u201d. La vicerrectora de Posgrados e Investigaci\u00f3n en Artes, doctora Olga L\u00f3pez, lo se\u00f1al\u00f3 en una parte de su discurso en la ceremonia de graduaci\u00f3n de la nueva cohorte de mag\u00edsteres de la Universidad de las Artes.<\/p>\n\n\n\n<p>Manifestando su emoci\u00f3n por el momento, por los logros, por los artistas en una nueva etapa de sus carreras como profesionales, la doctora anot\u00f3 que a su intervenci\u00f3n la titul\u00f3 \u201cLa experiencia en arte\u201d y cit\u00f3 al autor Colin Ellard, quien en el \u201c\u00bfD\u00f3nde estoy?\u201d se\u00f1ala que el humano tiene la capacidad de viajar a la Luna y a la vez perderse en un parque. \u201cEste enunciado nos pone frente a la capacidad ilimitada de abstracci\u00f3n, a la vez que se nos escapa lo m\u00e1s inmediato. Es decir, esta frase nos recuerda el alejamiento de la experiencia sensible, la cual se compensa con nuestra capacidad de generar dispositivos tecnol\u00f3gicos que nos permiten proyectar recorridos, trazos, hacia espacios lejanos e inauditos\u201d.<\/p>\n\n\n\n<p>En contraste, mencion\u00f3, los p\u00e1jaros hacen recorridos de kil\u00f3metros, ya que perciben el campo magn\u00e9tico de la Tierra, escuchan ultrasonidos, ven colores ultravioletas, cuentan con una memoria potente que les permite acumular una cantidad de detalles que aseguran su orientaci\u00f3n; incluso se gu\u00edan con las estrellas para hacer largos trayectos nocturnos. Los p\u00e1jaros forman unidad con su medio y como los dem\u00e1s animales y vegetales est\u00e1n en contacto directo con la Tierra, para componer sus paisajes est\u00e9ticos. &nbsp;<\/p>\n\n\n\n<h3 class=\"wp-block-heading\">La tecnolog\u00eda y las capas sensibles del mundo<\/h3>\n\n\n\n<p>\u201cMientras que los humanos construyen dispositivos tan efectivos el&nbsp; GPS que le aseguran un control de la Tierra extra\u00f1\u00e1ndolo de esta. En otros t\u00e9rminos, la tecnolog\u00eda nos aleja de las capas sensibles del mundo, nos ubica en un nivel de abstracci\u00f3n que parad\u00f3jicamente ampl\u00eda nuestros sentidos a la vez que limita nuestra experiencia afectiva. Frente a la situaci\u00f3n parad\u00f3jica de nuestra \u00e9poca, autores como Yuk Hui se preguntan \u00ab\u00bfser\u00e1 el arte capaz de revelar una verdad que ha sido ocultada en el modo del pensamiento calculador y planetario de la tecnolog\u00eda moderna\u00bb (Arte y cosmot\u00e9cnica, p. 102), sobre todo en una \u00e9poca en la que los artistas trabajan ampliamente con la tecnolog\u00eda\u201d.<\/p>\n\n\n\n<p>La vicerrectora precis\u00f3 que Yuk Hui retoma el debate en el punto que lo dej\u00f3 Heidegger: el fin de la filosof\u00eda por el poder\u00edo de la tecnolog\u00eda, para recuperar una composici\u00f3n antigua, es decir, el arte y lo t\u00e9cnica como sin\u00f3nimos. Esta arqueolog\u00eda y actualizaci\u00f3n nos permiten entender el rol del arte en la \u00e9poca del antropoceno, es decir, su capacidad de terap\u00e9utica, farmacol\u00f3gica, en una \u00e9poca anest\u00e9sica y de p\u00e9rdida de sensorial.<\/p>\n\n\n\n<p>La doctora L\u00f3pez pidi\u00f3 volver al tejido de signos que constituye lo real. Signos mundanos, amorosos, sensibles y signos del arte, descripci\u00f3n que permite avizorar los diferentes estratos de la experiencia. En primer lugar, los signos mundanos de reuniones como la ceremonia de graduaci\u00f3n, en donde la ropa, la disposici\u00f3n de las sillas en el espacio, los olores, sonidos, miradas\u2026 \u201cconstituyen un universo sensible que hay que interpretar para no desencajar, para insertarse en este campo expresivo de signos. En segundo lugar, los signos amorosos, cargados de sentido y desplegados ampliamente a lo largo de las relaciones, en donde cada uno de los involucrados no cesa de analizar, hasta la neurosis. Un conjunto de pasiones: celos, miedo, angustia, sospecha, personajes en fuga, se combinan y alternan en esta capa donde proliferan los signos. En tercer lugar, los signos sensibles: el ruido de los pasos en una calle, el alboroto urbano, los olores de una casa o una ciudad, entre otros. Finalmente, los signos del arte, en donde se elaboran los signos anteriores y se les insufla espiritualidad-abstracci\u00f3n. As\u00ed, el trabajo del arte implica desencajar y dislocar los dem\u00e1s signos, intervenirlos para que se constituyan en materia del arte: empirismo trascendental\u201d.&nbsp;&nbsp;&nbsp;&nbsp;&nbsp;&nbsp;&nbsp;&nbsp; &nbsp;&nbsp;&nbsp;&nbsp;&nbsp;&nbsp;&nbsp;&nbsp;&nbsp;&nbsp;&nbsp;&nbsp;&nbsp;&nbsp;&nbsp;&nbsp;&nbsp;<\/p>\n\n\n\n<h3 class=\"wp-block-heading\">Lo emocional, energ\u00e9tico y l\u00f3gico<\/h3>\n\n\n\n<p>Mencion\u00f3 que si al concentrarse en estos signos (del arte) y diseccionarlos, se encuentran, a su vez, tres niveles: emocional, energ\u00e9tico y l\u00f3gico. \u201cEs as\u00ed que, el primer gesto del arte es indicial, un s\u00edntoma, algo vivencial. Se parte de lo instintivo para generar los primeros esbozos de la creaci\u00f3n. Es el instante, el presente sin pasado ni futuro donde a\u00fan no hay mundo. De modo que el artista inicia su propuesta diciendo: quisiera hacer esto, pero sin saber muy bien por qu\u00e9 o c\u00f3mo, una especie de acto involuntario. Este momento es un contacto afectivo: sentir\u201d.<\/p>\n\n\n\n<p>En el nivel energ\u00e9tico encontramos una plasticidad indecisa, un esbozo que a\u00fan no se concreta, pero donde ya avizoramos un mundo que, sin embargo, no termina de concretarse, un temblor de las ideas y de la vida. Es la alteraci\u00f3n sensible: ver. Finalmente, la construcci\u00f3n de una l\u00f3gica propia, un mundo de donde incluso puedo extraer materia sensible y se conserva el entramado, las fuerzas intensivas que sostienen la creaci\u00f3n. El arte en tanto que operaciones mentales: pensar. \u00abAqu\u00ed lo real sensible deviene relacional pensable, una zona intercalar en la que el arte m\u00e1s sabiamente elaborado puede convivir con los escenarios ilusorios menos complejos\u00bb (Pere Salabert, Teor\u00eda de la creaci\u00f3n en el arte, p. 163).<\/p>\n\n\n\n<p>\u201cHoy quiero agradecer a las y los graduados, quienes usaron la tecnolog\u00eda para ofrecernos un conjunto de experiencias de lo real, para interferir en nuestro alejamiento de lo sensible producto de los dispositivos tecnol\u00f3gicos y nos acercaron a sus experiencias, historias de vida y afectos para demostrarnos que el mundo est\u00e1 ah\u00ed, vibrando y que el arte, ante todo, recoge ese gran rumor c\u00f3smico y nos lo devela. Esa es su verdad, devolvernos la espiritualidad de la Tierra de la que nacimos divorciados como humanidad\u201d, concluy\u00f3 la doctora L\u00f3pez, felicitando a las nuevas cohortes de graduados en las maestr\u00edas de Cine Documental, Artes Esc\u00e9nicas, Composici\u00f3n Musical y Artes Sonoras, Fotograf\u00eda y Sociedad en Am\u00e9rica Latina, y Pol\u00edticas Culturales y Gesti\u00f3n de las Artes.<\/p>","protected":false},"excerpt":{"rendered":"<p>\u201cEl arte es intuir, sentir, esbozar, pensar. Movimientos e intensidades que no necesariamente son progresivos, sino que coexisten y se contaminan para llevarnos a experimentar lo m\u00e1s inmediato y lo m\u00e1s lejano, lo m\u00e1s terrenal y lo m\u00e1s abstracto\u201d. La vicerrectora de Posgrados e Investigaci\u00f3n en Artes, Olga L\u00f3pez, lo se\u00f1al\u00f3 en una parte de su discurso en la ceremonia de graduaci\u00f3n de la nueva cohorte de mag\u00edsteres UArtes.<\/p>","protected":false},"author":10,"featured_media":71637,"comment_status":"open","ping_status":"open","sticky":false,"template":"","format":"standard","meta":{"_acf_changed":false,"_uag_custom_page_level_css":"","_monsterinsights_skip_tracking":false,"_monsterinsights_sitenote_active":false,"_monsterinsights_sitenote_note":"","_monsterinsights_sitenote_category":0,"cybocfi_hide_featured_image":"","footnotes":""},"categories":[80,75,76,264,83],"tags":[1332],"infouartes":[],"class_list":["post-71636","post","type-post","status-publish","format-standard","has-post-thumbnail","hentry","category-academico","category-docentes","category-estudiantes","category-maestrias","category-sedes","tag-graduacion-posgrados"],"acf":[],"yoast_head":"<!-- This site is optimized with the Yoast SEO plugin v27.4 - https:\/\/yoast.com\/product\/yoast-seo-wordpress\/ -->\n<title>Universidad de las Artes - En la graduaci\u00f3n de la nueva cohorte de mag\u00edsteres, vicerrectora Olga L\u00f3pez centr\u00f3 su discurso en &quot;la experiencia en arte&quot;<\/title>\n<meta name=\"description\" content=\"Universidad de las Artes - En la graduaci\u00f3n de la nueva cohorte de mag\u00edsteres, vicerrectora Olga L\u00f3pez centr\u00f3 su discurso en &quot;la experiencia en arte&quot;\" \/>\n<meta name=\"robots\" content=\"index, follow, max-snippet:-1, max-image-preview:large, max-video-preview:-1\" \/>\n<link rel=\"canonical\" href=\"https:\/\/www.uartes.edu.ec\/sitio\/en\/blog\/2025\/05\/15\/a-la-experiencia-en-arte-se-refirio-la-vicerrectora-olga-lopez-en-la-ceremonia-de-graduacion-de-magisteres-uartes\/\" \/>\n<meta property=\"og:locale\" content=\"en_US\" \/>\n<meta property=\"og:type\" content=\"article\" \/>\n<meta property=\"og:title\" content=\"Universidad de las Artes - En la graduaci\u00f3n de la nueva cohorte de mag\u00edsteres, vicerrectora Olga L\u00f3pez centr\u00f3 su discurso en &quot;la experiencia en arte&quot;\" \/>\n<meta property=\"og:description\" content=\"Universidad de las Artes - En la graduaci\u00f3n de la nueva cohorte de mag\u00edsteres, vicerrectora Olga L\u00f3pez centr\u00f3 su discurso en &quot;la experiencia en arte&quot;\" \/>\n<meta property=\"og:url\" content=\"https:\/\/www.uartes.edu.ec\/sitio\/en\/blog\/2025\/05\/15\/a-la-experiencia-en-arte-se-refirio-la-vicerrectora-olga-lopez-en-la-ceremonia-de-graduacion-de-magisteres-uartes\/\" \/>\n<meta property=\"og:site_name\" content=\"Universidad de las Artes\" \/>\n<meta property=\"article:publisher\" content=\"https:\/\/www.facebook.com\/uartesec\" \/>\n<meta property=\"article:published_time\" content=\"2025-05-15T22:38:00+00:00\" \/>\n<meta property=\"article:modified_time\" content=\"2025-05-16T15:15:54+00:00\" \/>\n<meta property=\"og:image\" content=\"https:\/\/www.uartes.edu.ec\/sitio\/wp-content\/uploads\/2025\/05\/Olga1.jpg\" \/>\n\t<meta property=\"og:image:width\" content=\"2000\" \/>\n\t<meta property=\"og:image:height\" content=\"1333\" \/>\n\t<meta property=\"og:image:type\" content=\"image\/jpeg\" \/>\n<meta name=\"author\" content=\"ccortez\" \/>\n<meta name=\"twitter:card\" content=\"summary_large_image\" \/>\n<meta name=\"twitter:creator\" content=\"@uartesec\" \/>\n<meta name=\"twitter:site\" content=\"@uartesec\" \/>\n<meta name=\"twitter:label1\" content=\"Written by\" \/>\n\t<meta name=\"twitter:data1\" content=\"ccortez\" \/>\n\t<meta name=\"twitter:label2\" content=\"Est. reading time\" \/>\n\t<meta name=\"twitter:data2\" content=\"6 minutes\" \/>\n<script type=\"application\/ld+json\" class=\"yoast-schema-graph\">{\"@context\":\"https:\\\/\\\/schema.org\",\"@graph\":[{\"@type\":\"Article\",\"@id\":\"https:\\\/\\\/www.uartes.edu.ec\\\/sitio\\\/en\\\/blog\\\/2025\\\/05\\\/15\\\/a-la-experiencia-en-arte-se-refirio-la-vicerrectora-olga-lopez-en-la-ceremonia-de-graduacion-de-magisteres-uartes\\\/#article\",\"isPartOf\":{\"@id\":\"https:\\\/\\\/www.uartes.edu.ec\\\/sitio\\\/en\\\/blog\\\/2025\\\/05\\\/15\\\/a-la-experiencia-en-arte-se-refirio-la-vicerrectora-olga-lopez-en-la-ceremonia-de-graduacion-de-magisteres-uartes\\\/\"},\"author\":{\"name\":\"ccortez\",\"@id\":\"https:\\\/\\\/www.uartes.edu.ec\\\/sitio\\\/en\\\/#\\\/schema\\\/person\\\/efa1b8275797664fd7f13a79ccc0b1f4\"},\"headline\":\"En la graduaci\u00f3n de la nueva cohorte de mag\u00edsteres, vicerrectora Olga L\u00f3pez centr\u00f3 su discurso en \u00abla experiencia en arte\u00bb\",\"datePublished\":\"2025-05-15T22:38:00+00:00\",\"dateModified\":\"2025-05-16T15:15:54+00:00\",\"mainEntityOfPage\":{\"@id\":\"https:\\\/\\\/www.uartes.edu.ec\\\/sitio\\\/en\\\/blog\\\/2025\\\/05\\\/15\\\/a-la-experiencia-en-arte-se-refirio-la-vicerrectora-olga-lopez-en-la-ceremonia-de-graduacion-de-magisteres-uartes\\\/\"},\"wordCount\":1136,\"commentCount\":0,\"publisher\":{\"@id\":\"https:\\\/\\\/www.uartes.edu.ec\\\/sitio\\\/en\\\/#organization\"},\"image\":{\"@id\":\"https:\\\/\\\/www.uartes.edu.ec\\\/sitio\\\/en\\\/blog\\\/2025\\\/05\\\/15\\\/a-la-experiencia-en-arte-se-refirio-la-vicerrectora-olga-lopez-en-la-ceremonia-de-graduacion-de-magisteres-uartes\\\/#primaryimage\"},\"thumbnailUrl\":\"https:\\\/\\\/www.uartes.edu.ec\\\/sitio\\\/wp-content\\\/uploads\\\/2025\\\/05\\\/Olga1.jpg\",\"keywords\":[\"graduaci\u00f3n posgrados\"],\"articleSection\":[\"Acad\u00e9mico\",\"Docentes\",\"Estudiantes\",\"Maestr\u00edas\",\"Sedes\"],\"inLanguage\":\"en-US\",\"potentialAction\":[{\"@type\":\"CommentAction\",\"name\":\"Comment\",\"target\":[\"https:\\\/\\\/www.uartes.edu.ec\\\/sitio\\\/en\\\/blog\\\/2025\\\/05\\\/15\\\/a-la-experiencia-en-arte-se-refirio-la-vicerrectora-olga-lopez-en-la-ceremonia-de-graduacion-de-magisteres-uartes\\\/#respond\"]}]},{\"@type\":[\"WebPage\",\"ItemPage\"],\"@id\":\"https:\\\/\\\/www.uartes.edu.ec\\\/sitio\\\/en\\\/blog\\\/2025\\\/05\\\/15\\\/a-la-experiencia-en-arte-se-refirio-la-vicerrectora-olga-lopez-en-la-ceremonia-de-graduacion-de-magisteres-uartes\\\/\",\"url\":\"https:\\\/\\\/www.uartes.edu.ec\\\/sitio\\\/en\\\/blog\\\/2025\\\/05\\\/15\\\/a-la-experiencia-en-arte-se-refirio-la-vicerrectora-olga-lopez-en-la-ceremonia-de-graduacion-de-magisteres-uartes\\\/\",\"name\":\"Universidad de las Artes - En la graduaci\u00f3n de la nueva cohorte de mag\u00edsteres, vicerrectora Olga L\u00f3pez centr\u00f3 su discurso en \\\"la experiencia en arte\\\"\",\"isPartOf\":{\"@id\":\"https:\\\/\\\/www.uartes.edu.ec\\\/sitio\\\/en\\\/#website\"},\"primaryImageOfPage\":{\"@id\":\"https:\\\/\\\/www.uartes.edu.ec\\\/sitio\\\/en\\\/blog\\\/2025\\\/05\\\/15\\\/a-la-experiencia-en-arte-se-refirio-la-vicerrectora-olga-lopez-en-la-ceremonia-de-graduacion-de-magisteres-uartes\\\/#primaryimage\"},\"image\":{\"@id\":\"https:\\\/\\\/www.uartes.edu.ec\\\/sitio\\\/en\\\/blog\\\/2025\\\/05\\\/15\\\/a-la-experiencia-en-arte-se-refirio-la-vicerrectora-olga-lopez-en-la-ceremonia-de-graduacion-de-magisteres-uartes\\\/#primaryimage\"},\"thumbnailUrl\":\"https:\\\/\\\/www.uartes.edu.ec\\\/sitio\\\/wp-content\\\/uploads\\\/2025\\\/05\\\/Olga1.jpg\",\"datePublished\":\"2025-05-15T22:38:00+00:00\",\"dateModified\":\"2025-05-16T15:15:54+00:00\",\"description\":\"Universidad de las Artes - En la graduaci\u00f3n de la nueva cohorte de mag\u00edsteres, vicerrectora Olga L\u00f3pez centr\u00f3 su discurso en \\\"la experiencia en arte\\\"\",\"breadcrumb\":{\"@id\":\"https:\\\/\\\/www.uartes.edu.ec\\\/sitio\\\/en\\\/blog\\\/2025\\\/05\\\/15\\\/a-la-experiencia-en-arte-se-refirio-la-vicerrectora-olga-lopez-en-la-ceremonia-de-graduacion-de-magisteres-uartes\\\/#breadcrumb\"},\"inLanguage\":\"en-US\",\"potentialAction\":[{\"@type\":\"ReadAction\",\"target\":[\"https:\\\/\\\/www.uartes.edu.ec\\\/sitio\\\/en\\\/blog\\\/2025\\\/05\\\/15\\\/a-la-experiencia-en-arte-se-refirio-la-vicerrectora-olga-lopez-en-la-ceremonia-de-graduacion-de-magisteres-uartes\\\/\"]}]},{\"@type\":\"ImageObject\",\"inLanguage\":\"en-US\",\"@id\":\"https:\\\/\\\/www.uartes.edu.ec\\\/sitio\\\/en\\\/blog\\\/2025\\\/05\\\/15\\\/a-la-experiencia-en-arte-se-refirio-la-vicerrectora-olga-lopez-en-la-ceremonia-de-graduacion-de-magisteres-uartes\\\/#primaryimage\",\"url\":\"https:\\\/\\\/www.uartes.edu.ec\\\/sitio\\\/wp-content\\\/uploads\\\/2025\\\/05\\\/Olga1.jpg\",\"contentUrl\":\"https:\\\/\\\/www.uartes.edu.ec\\\/sitio\\\/wp-content\\\/uploads\\\/2025\\\/05\\\/Olga1.jpg\",\"width\":2000,\"height\":1333},{\"@type\":\"BreadcrumbList\",\"@id\":\"https:\\\/\\\/www.uartes.edu.ec\\\/sitio\\\/en\\\/blog\\\/2025\\\/05\\\/15\\\/a-la-experiencia-en-arte-se-refirio-la-vicerrectora-olga-lopez-en-la-ceremonia-de-graduacion-de-magisteres-uartes\\\/#breadcrumb\",\"itemListElement\":[{\"@type\":\"ListItem\",\"position\":1,\"name\":\"Inicio\",\"item\":\"https:\\\/\\\/www.uartes.edu.ec\\\/sitio\\\/\"},{\"@type\":\"ListItem\",\"position\":2,\"name\":\"En la graduaci\u00f3n de la nueva cohorte de mag\u00edsteres, vicerrectora Olga L\u00f3pez centr\u00f3 su discurso en \u00abla experiencia en arte\u00bb\"}]},{\"@type\":\"WebSite\",\"@id\":\"https:\\\/\\\/www.uartes.edu.ec\\\/sitio\\\/en\\\/#website\",\"url\":\"https:\\\/\\\/www.uartes.edu.ec\\\/sitio\\\/en\\\/\",\"name\":\"Universidad de las Artes\",\"description\":\"Sitio oficial de la Universidad Nacional de las Artes del Ecuador\",\"publisher\":{\"@id\":\"https:\\\/\\\/www.uartes.edu.ec\\\/sitio\\\/en\\\/#organization\"},\"potentialAction\":[{\"@type\":\"SearchAction\",\"target\":{\"@type\":\"EntryPoint\",\"urlTemplate\":\"https:\\\/\\\/www.uartes.edu.ec\\\/sitio\\\/en\\\/?s={search_term_string}\"},\"query-input\":{\"@type\":\"PropertyValueSpecification\",\"valueRequired\":true,\"valueName\":\"search_term_string\"}}],\"inLanguage\":\"en-US\"},{\"@type\":\"Organization\",\"@id\":\"https:\\\/\\\/www.uartes.edu.ec\\\/sitio\\\/en\\\/#organization\",\"name\":\"Universidad de las Artes\",\"url\":\"https:\\\/\\\/www.uartes.edu.ec\\\/sitio\\\/en\\\/\",\"logo\":{\"@type\":\"ImageObject\",\"inLanguage\":\"en-US\",\"@id\":\"https:\\\/\\\/www.uartes.edu.ec\\\/sitio\\\/en\\\/#\\\/schema\\\/logo\\\/image\\\/\",\"url\":\"https:\\\/\\\/www.uartes.edu.ec\\\/sitio\\\/wp-content\\\/uploads\\\/2022\\\/07\\\/logo-ua-horizontal.png\",\"contentUrl\":\"https:\\\/\\\/www.uartes.edu.ec\\\/sitio\\\/wp-content\\\/uploads\\\/2022\\\/07\\\/logo-ua-horizontal.png\",\"width\":800,\"height\":276,\"caption\":\"Universidad de las Artes\"},\"image\":{\"@id\":\"https:\\\/\\\/www.uartes.edu.ec\\\/sitio\\\/en\\\/#\\\/schema\\\/logo\\\/image\\\/\"},\"sameAs\":[\"https:\\\/\\\/www.facebook.com\\\/uartesec\",\"https:\\\/\\\/x.com\\\/uartesec\",\"https:\\\/\\\/www.tiktok.com\\\/@uartesec\"]},{\"@type\":\"Person\",\"@id\":\"https:\\\/\\\/www.uartes.edu.ec\\\/sitio\\\/en\\\/#\\\/schema\\\/person\\\/efa1b8275797664fd7f13a79ccc0b1f4\",\"name\":\"ccortez\",\"image\":{\"@type\":\"ImageObject\",\"inLanguage\":\"en-US\",\"@id\":\"https:\\\/\\\/secure.gravatar.com\\\/avatar\\\/b2a6f664a3ae8e074346ef91775736c5ec479e637ecced6842de9dc98b5da9cd?s=96&d=mm&r=g\",\"url\":\"https:\\\/\\\/secure.gravatar.com\\\/avatar\\\/b2a6f664a3ae8e074346ef91775736c5ec479e637ecced6842de9dc98b5da9cd?s=96&d=mm&r=g\",\"contentUrl\":\"https:\\\/\\\/secure.gravatar.com\\\/avatar\\\/b2a6f664a3ae8e074346ef91775736c5ec479e637ecced6842de9dc98b5da9cd?s=96&d=mm&r=g\",\"caption\":\"ccortez\"},\"url\":\"https:\\\/\\\/www.uartes.edu.ec\\\/sitio\\\/en\\\/blog\\\/author\\\/ccortez\\\/\"}]}<\/script>\n<!-- \/ Yoast SEO plugin. -->","yoast_head_json":{"title":"Universidad de las Artes - En la graduaci\u00f3n de la nueva cohorte de mag\u00edsteres, vicerrectora Olga L\u00f3pez centr\u00f3 su discurso en \"la experiencia en arte\"","description":"Universidad de las Artes - En la graduaci\u00f3n de la nueva cohorte de mag\u00edsteres, vicerrectora Olga L\u00f3pez centr\u00f3 su discurso en \"la experiencia en arte\"","robots":{"index":"index","follow":"follow","max-snippet":"max-snippet:-1","max-image-preview":"max-image-preview:large","max-video-preview":"max-video-preview:-1"},"canonical":"https:\/\/www.uartes.edu.ec\/sitio\/en\/blog\/2025\/05\/15\/a-la-experiencia-en-arte-se-refirio-la-vicerrectora-olga-lopez-en-la-ceremonia-de-graduacion-de-magisteres-uartes\/","og_locale":"en_US","og_type":"article","og_title":"Universidad de las Artes - En la graduaci\u00f3n de la nueva cohorte de mag\u00edsteres, vicerrectora Olga L\u00f3pez centr\u00f3 su discurso en \"la experiencia en arte\"","og_description":"Universidad de las Artes - En la graduaci\u00f3n de la nueva cohorte de mag\u00edsteres, vicerrectora Olga L\u00f3pez centr\u00f3 su discurso en \"la experiencia en arte\"","og_url":"https:\/\/www.uartes.edu.ec\/sitio\/en\/blog\/2025\/05\/15\/a-la-experiencia-en-arte-se-refirio-la-vicerrectora-olga-lopez-en-la-ceremonia-de-graduacion-de-magisteres-uartes\/","og_site_name":"Universidad de las Artes","article_publisher":"https:\/\/www.facebook.com\/uartesec","article_published_time":"2025-05-15T22:38:00+00:00","article_modified_time":"2025-05-16T15:15:54+00:00","og_image":[{"width":2000,"height":1333,"url":"https:\/\/www.uartes.edu.ec\/sitio\/wp-content\/uploads\/2025\/05\/Olga1.jpg","type":"image\/jpeg"}],"author":"ccortez","twitter_card":"summary_large_image","twitter_creator":"@uartesec","twitter_site":"@uartesec","twitter_misc":{"Written by":"ccortez","Est. reading time":"6 minutes"},"schema":{"@context":"https:\/\/schema.org","@graph":[{"@type":"Article","@id":"https:\/\/www.uartes.edu.ec\/sitio\/en\/blog\/2025\/05\/15\/a-la-experiencia-en-arte-se-refirio-la-vicerrectora-olga-lopez-en-la-ceremonia-de-graduacion-de-magisteres-uartes\/#article","isPartOf":{"@id":"https:\/\/www.uartes.edu.ec\/sitio\/en\/blog\/2025\/05\/15\/a-la-experiencia-en-arte-se-refirio-la-vicerrectora-olga-lopez-en-la-ceremonia-de-graduacion-de-magisteres-uartes\/"},"author":{"name":"ccortez","@id":"https:\/\/www.uartes.edu.ec\/sitio\/en\/#\/schema\/person\/efa1b8275797664fd7f13a79ccc0b1f4"},"headline":"En la graduaci\u00f3n de la nueva cohorte de mag\u00edsteres, vicerrectora Olga L\u00f3pez centr\u00f3 su discurso en \u00abla experiencia en arte\u00bb","datePublished":"2025-05-15T22:38:00+00:00","dateModified":"2025-05-16T15:15:54+00:00","mainEntityOfPage":{"@id":"https:\/\/www.uartes.edu.ec\/sitio\/en\/blog\/2025\/05\/15\/a-la-experiencia-en-arte-se-refirio-la-vicerrectora-olga-lopez-en-la-ceremonia-de-graduacion-de-magisteres-uartes\/"},"wordCount":1136,"commentCount":0,"publisher":{"@id":"https:\/\/www.uartes.edu.ec\/sitio\/en\/#organization"},"image":{"@id":"https:\/\/www.uartes.edu.ec\/sitio\/en\/blog\/2025\/05\/15\/a-la-experiencia-en-arte-se-refirio-la-vicerrectora-olga-lopez-en-la-ceremonia-de-graduacion-de-magisteres-uartes\/#primaryimage"},"thumbnailUrl":"https:\/\/www.uartes.edu.ec\/sitio\/wp-content\/uploads\/2025\/05\/Olga1.jpg","keywords":["graduaci\u00f3n posgrados"],"articleSection":["Acad\u00e9mico","Docentes","Estudiantes","Maestr\u00edas","Sedes"],"inLanguage":"en-US","potentialAction":[{"@type":"CommentAction","name":"Comment","target":["https:\/\/www.uartes.edu.ec\/sitio\/en\/blog\/2025\/05\/15\/a-la-experiencia-en-arte-se-refirio-la-vicerrectora-olga-lopez-en-la-ceremonia-de-graduacion-de-magisteres-uartes\/#respond"]}]},{"@type":["WebPage","ItemPage"],"@id":"https:\/\/www.uartes.edu.ec\/sitio\/en\/blog\/2025\/05\/15\/a-la-experiencia-en-arte-se-refirio-la-vicerrectora-olga-lopez-en-la-ceremonia-de-graduacion-de-magisteres-uartes\/","url":"https:\/\/www.uartes.edu.ec\/sitio\/en\/blog\/2025\/05\/15\/a-la-experiencia-en-arte-se-refirio-la-vicerrectora-olga-lopez-en-la-ceremonia-de-graduacion-de-magisteres-uartes\/","name":"Universidad de las Artes - En la graduaci\u00f3n de la nueva cohorte de mag\u00edsteres, vicerrectora Olga L\u00f3pez centr\u00f3 su discurso en \"la experiencia en arte\"","isPartOf":{"@id":"https:\/\/www.uartes.edu.ec\/sitio\/en\/#website"},"primaryImageOfPage":{"@id":"https:\/\/www.uartes.edu.ec\/sitio\/en\/blog\/2025\/05\/15\/a-la-experiencia-en-arte-se-refirio-la-vicerrectora-olga-lopez-en-la-ceremonia-de-graduacion-de-magisteres-uartes\/#primaryimage"},"image":{"@id":"https:\/\/www.uartes.edu.ec\/sitio\/en\/blog\/2025\/05\/15\/a-la-experiencia-en-arte-se-refirio-la-vicerrectora-olga-lopez-en-la-ceremonia-de-graduacion-de-magisteres-uartes\/#primaryimage"},"thumbnailUrl":"https:\/\/www.uartes.edu.ec\/sitio\/wp-content\/uploads\/2025\/05\/Olga1.jpg","datePublished":"2025-05-15T22:38:00+00:00","dateModified":"2025-05-16T15:15:54+00:00","description":"Universidad de las Artes - En la graduaci\u00f3n de la nueva cohorte de mag\u00edsteres, vicerrectora Olga L\u00f3pez centr\u00f3 su discurso en \"la experiencia en arte\"","breadcrumb":{"@id":"https:\/\/www.uartes.edu.ec\/sitio\/en\/blog\/2025\/05\/15\/a-la-experiencia-en-arte-se-refirio-la-vicerrectora-olga-lopez-en-la-ceremonia-de-graduacion-de-magisteres-uartes\/#breadcrumb"},"inLanguage":"en-US","potentialAction":[{"@type":"ReadAction","target":["https:\/\/www.uartes.edu.ec\/sitio\/en\/blog\/2025\/05\/15\/a-la-experiencia-en-arte-se-refirio-la-vicerrectora-olga-lopez-en-la-ceremonia-de-graduacion-de-magisteres-uartes\/"]}]},{"@type":"ImageObject","inLanguage":"en-US","@id":"https:\/\/www.uartes.edu.ec\/sitio\/en\/blog\/2025\/05\/15\/a-la-experiencia-en-arte-se-refirio-la-vicerrectora-olga-lopez-en-la-ceremonia-de-graduacion-de-magisteres-uartes\/#primaryimage","url":"https:\/\/www.uartes.edu.ec\/sitio\/wp-content\/uploads\/2025\/05\/Olga1.jpg","contentUrl":"https:\/\/www.uartes.edu.ec\/sitio\/wp-content\/uploads\/2025\/05\/Olga1.jpg","width":2000,"height":1333},{"@type":"BreadcrumbList","@id":"https:\/\/www.uartes.edu.ec\/sitio\/en\/blog\/2025\/05\/15\/a-la-experiencia-en-arte-se-refirio-la-vicerrectora-olga-lopez-en-la-ceremonia-de-graduacion-de-magisteres-uartes\/#breadcrumb","itemListElement":[{"@type":"ListItem","position":1,"name":"Inicio","item":"https:\/\/www.uartes.edu.ec\/sitio\/"},{"@type":"ListItem","position":2,"name":"En la graduaci\u00f3n de la nueva cohorte de mag\u00edsteres, vicerrectora Olga L\u00f3pez centr\u00f3 su discurso en \u00abla experiencia en arte\u00bb"}]},{"@type":"WebSite","@id":"https:\/\/www.uartes.edu.ec\/sitio\/en\/#website","url":"https:\/\/www.uartes.edu.ec\/sitio\/en\/","name":"Universidad de las Artes","description":"Sitio oficial de la Universidad Nacional de las Artes del Ecuador","publisher":{"@id":"https:\/\/www.uartes.edu.ec\/sitio\/en\/#organization"},"potentialAction":[{"@type":"SearchAction","target":{"@type":"EntryPoint","urlTemplate":"https:\/\/www.uartes.edu.ec\/sitio\/en\/?s={search_term_string}"},"query-input":{"@type":"PropertyValueSpecification","valueRequired":true,"valueName":"search_term_string"}}],"inLanguage":"en-US"},{"@type":"Organization","@id":"https:\/\/www.uartes.edu.ec\/sitio\/en\/#organization","name":"Universidad de las Artes","url":"https:\/\/www.uartes.edu.ec\/sitio\/en\/","logo":{"@type":"ImageObject","inLanguage":"en-US","@id":"https:\/\/www.uartes.edu.ec\/sitio\/en\/#\/schema\/logo\/image\/","url":"https:\/\/www.uartes.edu.ec\/sitio\/wp-content\/uploads\/2022\/07\/logo-ua-horizontal.png","contentUrl":"https:\/\/www.uartes.edu.ec\/sitio\/wp-content\/uploads\/2022\/07\/logo-ua-horizontal.png","width":800,"height":276,"caption":"Universidad de las Artes"},"image":{"@id":"https:\/\/www.uartes.edu.ec\/sitio\/en\/#\/schema\/logo\/image\/"},"sameAs":["https:\/\/www.facebook.com\/uartesec","https:\/\/x.com\/uartesec","https:\/\/www.tiktok.com\/@uartesec"]},{"@type":"Person","@id":"https:\/\/www.uartes.edu.ec\/sitio\/en\/#\/schema\/person\/efa1b8275797664fd7f13a79ccc0b1f4","name":"ccortez","image":{"@type":"ImageObject","inLanguage":"en-US","@id":"https:\/\/secure.gravatar.com\/avatar\/b2a6f664a3ae8e074346ef91775736c5ec479e637ecced6842de9dc98b5da9cd?s=96&d=mm&r=g","url":"https:\/\/secure.gravatar.com\/avatar\/b2a6f664a3ae8e074346ef91775736c5ec479e637ecced6842de9dc98b5da9cd?s=96&d=mm&r=g","contentUrl":"https:\/\/secure.gravatar.com\/avatar\/b2a6f664a3ae8e074346ef91775736c5ec479e637ecced6842de9dc98b5da9cd?s=96&d=mm&r=g","caption":"ccortez"},"url":"https:\/\/www.uartes.edu.ec\/sitio\/en\/blog\/author\/ccortez\/"}]}},"uagb_featured_image_src":{"full":["https:\/\/www.uartes.edu.ec\/sitio\/wp-content\/uploads\/2025\/05\/Olga1.jpg",2000,1333,false],"thumbnail":["https:\/\/www.uartes.edu.ec\/sitio\/wp-content\/uploads\/2025\/05\/Olga1-150x150.jpg",150,150,true],"medium":["https:\/\/www.uartes.edu.ec\/sitio\/wp-content\/uploads\/2025\/05\/Olga1-300x200.jpg",300,200,true],"medium_large":["https:\/\/www.uartes.edu.ec\/sitio\/wp-content\/uploads\/2025\/05\/Olga1-768x512.jpg",768,512,true],"large":["https:\/\/www.uartes.edu.ec\/sitio\/wp-content\/uploads\/2025\/05\/Olga1-644x429.jpg",644,429,true],"1536x1536":["https:\/\/www.uartes.edu.ec\/sitio\/wp-content\/uploads\/2025\/05\/Olga1-1536x1024.jpg",1536,1024,true],"2048x2048":["https:\/\/www.uartes.edu.ec\/sitio\/wp-content\/uploads\/2025\/05\/Olga1.jpg",2000,1333,false],"trp-custom-language-flag":["https:\/\/www.uartes.edu.ec\/sitio\/wp-content\/uploads\/2025\/05\/Olga1-18x12.jpg",18,12,true],"htmega_size_585x295":["https:\/\/www.uartes.edu.ec\/sitio\/wp-content\/uploads\/2025\/05\/Olga1-585x295.jpg",585,295,true],"htmega_size_1170x536":["https:\/\/www.uartes.edu.ec\/sitio\/wp-content\/uploads\/2025\/05\/Olga1-1170x536.jpg",1170,536,true],"htmega_size_396x360":["https:\/\/www.uartes.edu.ec\/sitio\/wp-content\/uploads\/2025\/05\/Olga1-396x360.jpg",396,360,true],"gb-block-post-grid-landscape":["https:\/\/www.uartes.edu.ec\/sitio\/wp-content\/uploads\/2025\/05\/Olga1-600x400.jpg",600,400,true],"gb-block-post-grid-square":["https:\/\/www.uartes.edu.ec\/sitio\/wp-content\/uploads\/2025\/05\/Olga1-600x600.jpg",600,600,true],"university-hub-thumb":["https:\/\/www.uartes.edu.ec\/sitio\/wp-content\/uploads\/2025\/05\/Olga1-400x267.jpg",400,267,true]},"uagb_author_info":{"display_name":"ccortez","author_link":"https:\/\/www.uartes.edu.ec\/sitio\/en\/blog\/author\/ccortez\/"},"uagb_comment_info":0,"uagb_excerpt":"\u201cEl arte es intuir, sentir, esbozar, pensar. Movimientos e intensidades que no necesariamente son progresivos, sino que coexisten y se contaminan para llevarnos a experimentar lo m\u00e1s inmediato y lo m\u00e1s lejano, lo m\u00e1s terrenal y lo m\u00e1s abstracto\u201d. La vicerrectora de Posgrados e Investigaci\u00f3n en Artes, Olga L\u00f3pez, lo se\u00f1al\u00f3 en una parte de&hellip;","featured_image_src":"https:\/\/www.uartes.edu.ec\/sitio\/wp-content\/uploads\/2025\/05\/Olga1-600x400.jpg","featured_image_src_square":"https:\/\/www.uartes.edu.ec\/sitio\/wp-content\/uploads\/2025\/05\/Olga1-600x600.jpg","author_info":{"display_name":"ccortez","author_link":"https:\/\/www.uartes.edu.ec\/sitio\/en\/blog\/author\/ccortez\/"},"publishpress_future_workflow_manual_trigger":{"enabledWorkflows":[]},"distributor_meta":false,"distributor_terms":false,"distributor_media":false,"distributor_original_site_name":"Universidad de las Artes","distributor_original_site_url":"https:\/\/www.uartes.edu.ec\/sitio\/en","push-errors":false,"_links":{"self":[{"href":"https:\/\/www.uartes.edu.ec\/sitio\/en\/wp-json\/wp\/v2\/posts\/71636","targetHints":{"allow":["GET"]}}],"collection":[{"href":"https:\/\/www.uartes.edu.ec\/sitio\/en\/wp-json\/wp\/v2\/posts"}],"about":[{"href":"https:\/\/www.uartes.edu.ec\/sitio\/en\/wp-json\/wp\/v2\/types\/post"}],"author":[{"embeddable":true,"href":"https:\/\/www.uartes.edu.ec\/sitio\/en\/wp-json\/wp\/v2\/users\/10"}],"replies":[{"embeddable":true,"href":"https:\/\/www.uartes.edu.ec\/sitio\/en\/wp-json\/wp\/v2\/comments?post=71636"}],"version-history":[{"count":6,"href":"https:\/\/www.uartes.edu.ec\/sitio\/en\/wp-json\/wp\/v2\/posts\/71636\/revisions"}],"predecessor-version":[{"id":71796,"href":"https:\/\/www.uartes.edu.ec\/sitio\/en\/wp-json\/wp\/v2\/posts\/71636\/revisions\/71796"}],"wp:featuredmedia":[{"embeddable":true,"href":"https:\/\/www.uartes.edu.ec\/sitio\/en\/wp-json\/wp\/v2\/media\/71637"}],"wp:attachment":[{"href":"https:\/\/www.uartes.edu.ec\/sitio\/en\/wp-json\/wp\/v2\/media?parent=71636"}],"wp:term":[{"taxonomy":"category","embeddable":true,"href":"https:\/\/www.uartes.edu.ec\/sitio\/en\/wp-json\/wp\/v2\/categories?post=71636"},{"taxonomy":"post_tag","embeddable":true,"href":"https:\/\/www.uartes.edu.ec\/sitio\/en\/wp-json\/wp\/v2\/tags?post=71636"},{"taxonomy":"infouartes","embeddable":true,"href":"https:\/\/www.uartes.edu.ec\/sitio\/en\/wp-json\/wp\/v2\/infouartes?post=71636"}],"curies":[{"name":"wp","href":"https:\/\/api.w.org\/{rel}","templated":true}]}}