{"id":71799,"date":"2025-05-15T17:52:00","date_gmt":"2025-05-15T22:52:00","guid":{"rendered":"https:\/\/www.uartes.edu.ec\/sitio\/?p=71799"},"modified":"2025-05-16T13:27:31","modified_gmt":"2025-05-16T18:27:31","slug":"la-escritura-tambien-puede-habitar-los-muros-el-ceat-inauguro-mural-en-la-biblioteca-de-las-artes","status":"publish","type":"post","link":"https:\/\/www.uartes.edu.ec\/sitio\/en\/blog\/2025\/05\/15\/la-escritura-tambien-puede-habitar-los-muros-el-ceat-inauguro-mural-en-la-biblioteca-de-las-artes\/","title":{"rendered":"La escritura tambi\u00e9n puede habitar muros; CEAT inaugur\u00f3 mural en biblioteca UArtes"},"content":{"rendered":"<p>El martes 13 de mayo de 2025, el Centro de Escritura Acad\u00e9mica y Traducci\u00f3n (CEAT) inaugur\u00f3 oficialmente el mural Procesos de creaci\u00f3n por los lirios ara\u00f1a, obra realizada por la estudiante de Artes Visuales Ang\u00e9lica Yagual. El evento, que tuvo lugar en el tercer piso de la Biblioteca de las Artes, cont\u00f3 con la presencia del rector William Herrera, el vicerrector acad\u00e9mico Bradley Hilgert, autoridades universitarias, docentes, estudiantes y representantes del equipo del CEAT.<\/p>\n\n\n\n<p>La obra mural fue seleccionada mediante una convocatoria abierta titulada \u00abLa interacci\u00f3n entre la escritura acad\u00e9mica y las artes visuales como un espacio de di\u00e1logo y reflexi\u00f3n cr\u00edtica en el arte contempor\u00e1neo\u00bb. La iniciativa busc\u00f3 establecer un puente entre dos lenguajes que suelen percibirse como ajenos entre s\u00ed: el de la palabra acad\u00e9mica y el de la expresi\u00f3n visual.<\/p>\n\n\n\n<p>Durante el acto inaugural, Marelis Loreto Amoretti, jefa del CEAT, agradeci\u00f3 la participaci\u00f3n de la comunidad universitaria y destac\u00f3 el car\u00e1cter simb\u00f3lico y transformador del mural como gesto de apertura, di\u00e1logo y pensamiento compartido. \u00abLa propuesta ganadora no busca ilustrar la escritura acad\u00e9mica ni representar literalmente su relaci\u00f3n con el arte. Propone, m\u00e1s bien, una imagen sugerente, que puede leerse desde distintas sensibilidades y que abre m\u00faltiples posibilidades de interpretaci\u00f3n\u00bb, expres\u00f3.<\/p>\n\n\n<div class=\"wp-block-image\">\n<figure class=\"aligncenter size-large\"><img fetchpriority=\"high\" decoding=\"async\" width=\"644\" height=\"429\" src=\"https:\/\/www.uartes.edu.ec\/sitio\/wp-content\/uploads\/2025\/05\/02-CEAT-644x429.jpg\" alt=\"\" class=\"wp-image-71801\" srcset=\"https:\/\/www.uartes.edu.ec\/sitio\/wp-content\/uploads\/2025\/05\/02-CEAT-644x429.jpg 644w, https:\/\/www.uartes.edu.ec\/sitio\/wp-content\/uploads\/2025\/05\/02-CEAT-300x200.jpg 300w, https:\/\/www.uartes.edu.ec\/sitio\/wp-content\/uploads\/2025\/05\/02-CEAT-768x512.jpg 768w, https:\/\/www.uartes.edu.ec\/sitio\/wp-content\/uploads\/2025\/05\/02-CEAT-1536x1024.jpg 1536w, https:\/\/www.uartes.edu.ec\/sitio\/wp-content\/uploads\/2025\/05\/02-CEAT-18x12.jpg 18w, https:\/\/www.uartes.edu.ec\/sitio\/wp-content\/uploads\/2025\/05\/02-CEAT-600x400.jpg 600w, https:\/\/www.uartes.edu.ec\/sitio\/wp-content\/uploads\/2025\/05\/02-CEAT-400x267.jpg 400w, https:\/\/www.uartes.edu.ec\/sitio\/wp-content\/uploads\/2025\/05\/02-CEAT.jpg 2000w\" sizes=\"(max-width: 644px) 100vw, 644px\" \/><\/figure>\n<\/div>\n\n\n<p>El proceso de selecci\u00f3n estuvo a cargo de un jurado interdisciplinario integrado por David de los Reyes (en representaci\u00f3n del CEAT), Guadalupe \u00c1lvarez y Carlos Mor\u00e1n (docentes de Artes Visuales) y Cindy Mena (personal administrativo). La propuesta de Ang\u00e9lica Yagual fue valorada por su pertinencia conceptual, creatividad, calidad t\u00e9cnica, claridad del mensaje y viabilidad de ejecuci\u00f3n. El mural se realiz\u00f3 entre el 29 de abril y el 6 de mayo, con la gesti\u00f3n del equipo del CEAT y el apoyo incondicional del personal de la Biblioteca.<\/p>\n\n\n\n<p>Por su parte, Ang\u00e9lica Yagual comparti\u00f3 con el p\u00fablico el sentido de su obra y el proceso que la inspir\u00f3:<br>Este mural nace desde la relaci\u00f3n entre la escritura y las artes visuales. Su exploraci\u00f3n parte desde lo visual, a trav\u00e9s de formas pre-iconogr\u00e1ficas y de los ciclos creativos que atraviesan todos los artistas durante sus procesos. Me interesaba abordar no solo la dimensi\u00f3n textual, sino tambi\u00e9n la visual, simb\u00f3lica e incluso emocional, elementos que considero fundamentales al momento de estructurar un cuerpo de obra.<br>Estos elementos, muchas veces invisibles, son los que estructuran y estimulan nuestras b\u00fasquedas: desde la observaci\u00f3n, la lectura, el archivo, hasta la recolecci\u00f3n de referentes visuales y no visuales que se conectan y toman sentido en el proceso de creaci\u00f3n.<br>Lo que busqu\u00e9 transmitir con este mural es precisamente esa diversidad de caminos posibles en la pr\u00e1ctica art\u00edstica. El mural act\u00faa como un cuerpo vivo en constante transformaci\u00f3n, que se deja afectar por los est\u00edmulos: los incorpora, los cuestiona, los borra y vuelve a escribir. En ese sentido, tambi\u00e9n quise mostrar c\u00f3mo la investigaci\u00f3n en arte no es \u00fanicamente racional o acad\u00e9mica, sino tambi\u00e9n sensible, intuitiva, ca\u00f3tica y profundamente humana.<\/p>\n\n\n<div class=\"wp-block-image\">\n<figure class=\"aligncenter size-large\"><img decoding=\"async\" width=\"644\" height=\"429\" src=\"https:\/\/www.uartes.edu.ec\/sitio\/wp-content\/uploads\/2025\/05\/01-CEAT-644x429.jpg\" alt=\"\" class=\"wp-image-71802\" srcset=\"https:\/\/www.uartes.edu.ec\/sitio\/wp-content\/uploads\/2025\/05\/01-CEAT-644x429.jpg 644w, https:\/\/www.uartes.edu.ec\/sitio\/wp-content\/uploads\/2025\/05\/01-CEAT-300x200.jpg 300w, https:\/\/www.uartes.edu.ec\/sitio\/wp-content\/uploads\/2025\/05\/01-CEAT-768x512.jpg 768w, https:\/\/www.uartes.edu.ec\/sitio\/wp-content\/uploads\/2025\/05\/01-CEAT-1536x1024.jpg 1536w, https:\/\/www.uartes.edu.ec\/sitio\/wp-content\/uploads\/2025\/05\/01-CEAT-18x12.jpg 18w, https:\/\/www.uartes.edu.ec\/sitio\/wp-content\/uploads\/2025\/05\/01-CEAT-600x400.jpg 600w, https:\/\/www.uartes.edu.ec\/sitio\/wp-content\/uploads\/2025\/05\/01-CEAT-400x267.jpg 400w, https:\/\/www.uartes.edu.ec\/sitio\/wp-content\/uploads\/2025\/05\/01-CEAT.jpg 2000w\" sizes=\"(max-width: 644px) 100vw, 644px\" \/><\/figure>\n<\/div>\n\n\n<p>Finalmente, la autora agradeci\u00f3 al CEAT y a su equipo por el acompa\u00f1amiento y la confianza brindada durante el proceso de realizaci\u00f3n: \u00abGracias por darme el impulso necesario para continuar y finalizar esta obra. Les estoy sinceramente agradecida\u00bb.<\/p>\n\n\n\n<p>El CEAT reafirma con esta iniciativa su compromiso con la escritura como pr\u00e1ctica viva, cr\u00edtica y situada en el coraz\u00f3n de las artes. La imagen, como el texto, es tambi\u00e9n un modo de pensar.<\/p>\n\n\n\n<p>Texto: Marelis Loreto Amoretti, directora del Centro de Escritura Acad\u00e9mica y Traducci\u00f3n (CEAT)<br>Fotos: Jaime Antonio Yagual Medina<\/p>\n\n\n\n<p><\/p>","protected":false},"excerpt":{"rendered":"<p>El martes 13 de mayo de 2025, el Centro de Escritura Acad\u00e9mica y Traducci\u00f3n (CEAT) inaugur\u00f3 oficialmente el mural Procesos de creaci\u00f3n por los lirios ara\u00f1a, obra realizada por la estudiante de Artes Visuales Ang\u00e9lica Yagual. El evento, que tuvo lugar en el tercer piso de la Biblioteca de las Artes, cont\u00f3 con la presencia del rector William Herrera, el vicerrector acad\u00e9mico Bradley Hilgert, autoridades universitarias, docentes, estudiantes y representantes del equipo del CEAT.<\/p>","protected":false},"author":10,"featured_media":71800,"comment_status":"open","ping_status":"open","sticky":false,"template":"","format":"standard","meta":{"_acf_changed":false,"_uag_custom_page_level_css":"","_monsterinsights_skip_tracking":false,"_monsterinsights_sitenote_active":false,"_monsterinsights_sitenote_note":"","_monsterinsights_sitenote_category":0,"cybocfi_hide_featured_image":"","footnotes":""},"categories":[80,82,159,150,157,147,75,76,175],"tags":[540],"infouartes":[],"class_list":["post-71799","post","type-post","status-publish","format-standard","has-post-thumbnail","hentry","category-academico","category-artes","category-artes-escenicas","category-artes-sonoras","category-artes-visuales","category-cine","category-docentes","category-estudiantes","category-literatura","tag-proyecto"],"acf":[],"yoast_head":"<!-- This site is optimized with the Yoast SEO plugin v27.4 - https:\/\/yoast.com\/product\/yoast-seo-wordpress\/ -->\n<title>Universidad de las Artes - La escritura tambi\u00e9n puede habitar muros; CEAT inaugur\u00f3 mural en biblioteca UArtes<\/title>\n<meta name=\"description\" content=\"Universidad de las Artes - La escritura tambi\u00e9n puede habitar muros; CEAT inaugur\u00f3 mural en biblioteca UArtes\" \/>\n<meta name=\"robots\" content=\"index, follow, max-snippet:-1, max-image-preview:large, max-video-preview:-1\" \/>\n<link rel=\"canonical\" href=\"https:\/\/www.uartes.edu.ec\/sitio\/en\/blog\/2025\/05\/15\/la-escritura-tambien-puede-habitar-los-muros-el-ceat-inauguro-mural-en-la-biblioteca-de-las-artes\/\" \/>\n<meta property=\"og:locale\" content=\"en_US\" \/>\n<meta property=\"og:type\" content=\"article\" \/>\n<meta property=\"og:title\" content=\"Universidad de las Artes - La escritura tambi\u00e9n puede habitar muros; CEAT inaugur\u00f3 mural en biblioteca UArtes\" \/>\n<meta property=\"og:description\" content=\"Universidad de las Artes - La escritura tambi\u00e9n puede habitar muros; CEAT inaugur\u00f3 mural en biblioteca UArtes\" \/>\n<meta property=\"og:url\" content=\"https:\/\/www.uartes.edu.ec\/sitio\/en\/blog\/2025\/05\/15\/la-escritura-tambien-puede-habitar-los-muros-el-ceat-inauguro-mural-en-la-biblioteca-de-las-artes\/\" \/>\n<meta property=\"og:site_name\" content=\"Universidad de las Artes\" \/>\n<meta property=\"article:publisher\" content=\"https:\/\/www.facebook.com\/uartesec\" \/>\n<meta property=\"article:published_time\" content=\"2025-05-15T22:52:00+00:00\" \/>\n<meta property=\"article:modified_time\" content=\"2025-05-16T18:27:31+00:00\" \/>\n<meta property=\"og:image\" content=\"https:\/\/www.uartes.edu.ec\/sitio\/wp-content\/uploads\/2025\/05\/03-CEAT.jpg\" \/>\n\t<meta property=\"og:image:width\" content=\"2000\" \/>\n\t<meta property=\"og:image:height\" content=\"1333\" \/>\n\t<meta property=\"og:image:type\" content=\"image\/jpeg\" \/>\n<meta name=\"author\" content=\"ccortez\" \/>\n<meta name=\"twitter:card\" content=\"summary_large_image\" \/>\n<meta name=\"twitter:creator\" content=\"@uartesec\" \/>\n<meta name=\"twitter:site\" content=\"@uartesec\" \/>\n<meta name=\"twitter:label1\" content=\"Written by\" \/>\n\t<meta name=\"twitter:data1\" content=\"ccortez\" \/>\n\t<meta name=\"twitter:label2\" content=\"Est. reading time\" \/>\n\t<meta name=\"twitter:data2\" content=\"3 minutes\" \/>\n<script type=\"application\/ld+json\" class=\"yoast-schema-graph\">{\"@context\":\"https:\\\/\\\/schema.org\",\"@graph\":[{\"@type\":\"Article\",\"@id\":\"https:\\\/\\\/www.uartes.edu.ec\\\/sitio\\\/en\\\/blog\\\/2025\\\/05\\\/15\\\/la-escritura-tambien-puede-habitar-los-muros-el-ceat-inauguro-mural-en-la-biblioteca-de-las-artes\\\/#article\",\"isPartOf\":{\"@id\":\"https:\\\/\\\/www.uartes.edu.ec\\\/sitio\\\/en\\\/blog\\\/2025\\\/05\\\/15\\\/la-escritura-tambien-puede-habitar-los-muros-el-ceat-inauguro-mural-en-la-biblioteca-de-las-artes\\\/\"},\"author\":{\"name\":\"ccortez\",\"@id\":\"https:\\\/\\\/www.uartes.edu.ec\\\/sitio\\\/en\\\/#\\\/schema\\\/person\\\/efa1b8275797664fd7f13a79ccc0b1f4\"},\"headline\":\"La escritura tambi\u00e9n puede habitar muros; CEAT inaugur\u00f3 mural en biblioteca UArtes\",\"datePublished\":\"2025-05-15T22:52:00+00:00\",\"dateModified\":\"2025-05-16T18:27:31+00:00\",\"mainEntityOfPage\":{\"@id\":\"https:\\\/\\\/www.uartes.edu.ec\\\/sitio\\\/en\\\/blog\\\/2025\\\/05\\\/15\\\/la-escritura-tambien-puede-habitar-los-muros-el-ceat-inauguro-mural-en-la-biblioteca-de-las-artes\\\/\"},\"wordCount\":646,\"commentCount\":0,\"publisher\":{\"@id\":\"https:\\\/\\\/www.uartes.edu.ec\\\/sitio\\\/en\\\/#organization\"},\"image\":{\"@id\":\"https:\\\/\\\/www.uartes.edu.ec\\\/sitio\\\/en\\\/blog\\\/2025\\\/05\\\/15\\\/la-escritura-tambien-puede-habitar-los-muros-el-ceat-inauguro-mural-en-la-biblioteca-de-las-artes\\\/#primaryimage\"},\"thumbnailUrl\":\"https:\\\/\\\/www.uartes.edu.ec\\\/sitio\\\/wp-content\\\/uploads\\\/2025\\\/05\\\/03-CEAT.jpg\",\"keywords\":[\"proyecto\"],\"articleSection\":[\"Acad\u00e9mico\",\"Artes\",\"Artes Esc\u00e9nicas\",\"Artes Sonoras\",\"Artes Visuales\",\"Cine\",\"Docentes\",\"Estudiantes\",\"Literatura\"],\"inLanguage\":\"en-US\",\"potentialAction\":[{\"@type\":\"CommentAction\",\"name\":\"Comment\",\"target\":[\"https:\\\/\\\/www.uartes.edu.ec\\\/sitio\\\/en\\\/blog\\\/2025\\\/05\\\/15\\\/la-escritura-tambien-puede-habitar-los-muros-el-ceat-inauguro-mural-en-la-biblioteca-de-las-artes\\\/#respond\"]}]},{\"@type\":[\"WebPage\",\"ItemPage\"],\"@id\":\"https:\\\/\\\/www.uartes.edu.ec\\\/sitio\\\/en\\\/blog\\\/2025\\\/05\\\/15\\\/la-escritura-tambien-puede-habitar-los-muros-el-ceat-inauguro-mural-en-la-biblioteca-de-las-artes\\\/\",\"url\":\"https:\\\/\\\/www.uartes.edu.ec\\\/sitio\\\/en\\\/blog\\\/2025\\\/05\\\/15\\\/la-escritura-tambien-puede-habitar-los-muros-el-ceat-inauguro-mural-en-la-biblioteca-de-las-artes\\\/\",\"name\":\"Universidad de las Artes - La escritura tambi\u00e9n puede habitar muros; CEAT inaugur\u00f3 mural en biblioteca UArtes\",\"isPartOf\":{\"@id\":\"https:\\\/\\\/www.uartes.edu.ec\\\/sitio\\\/en\\\/#website\"},\"primaryImageOfPage\":{\"@id\":\"https:\\\/\\\/www.uartes.edu.ec\\\/sitio\\\/en\\\/blog\\\/2025\\\/05\\\/15\\\/la-escritura-tambien-puede-habitar-los-muros-el-ceat-inauguro-mural-en-la-biblioteca-de-las-artes\\\/#primaryimage\"},\"image\":{\"@id\":\"https:\\\/\\\/www.uartes.edu.ec\\\/sitio\\\/en\\\/blog\\\/2025\\\/05\\\/15\\\/la-escritura-tambien-puede-habitar-los-muros-el-ceat-inauguro-mural-en-la-biblioteca-de-las-artes\\\/#primaryimage\"},\"thumbnailUrl\":\"https:\\\/\\\/www.uartes.edu.ec\\\/sitio\\\/wp-content\\\/uploads\\\/2025\\\/05\\\/03-CEAT.jpg\",\"datePublished\":\"2025-05-15T22:52:00+00:00\",\"dateModified\":\"2025-05-16T18:27:31+00:00\",\"description\":\"Universidad de las Artes - La escritura tambi\u00e9n puede habitar muros; CEAT inaugur\u00f3 mural en biblioteca UArtes\",\"breadcrumb\":{\"@id\":\"https:\\\/\\\/www.uartes.edu.ec\\\/sitio\\\/en\\\/blog\\\/2025\\\/05\\\/15\\\/la-escritura-tambien-puede-habitar-los-muros-el-ceat-inauguro-mural-en-la-biblioteca-de-las-artes\\\/#breadcrumb\"},\"inLanguage\":\"en-US\",\"potentialAction\":[{\"@type\":\"ReadAction\",\"target\":[\"https:\\\/\\\/www.uartes.edu.ec\\\/sitio\\\/en\\\/blog\\\/2025\\\/05\\\/15\\\/la-escritura-tambien-puede-habitar-los-muros-el-ceat-inauguro-mural-en-la-biblioteca-de-las-artes\\\/\"]}]},{\"@type\":\"ImageObject\",\"inLanguage\":\"en-US\",\"@id\":\"https:\\\/\\\/www.uartes.edu.ec\\\/sitio\\\/en\\\/blog\\\/2025\\\/05\\\/15\\\/la-escritura-tambien-puede-habitar-los-muros-el-ceat-inauguro-mural-en-la-biblioteca-de-las-artes\\\/#primaryimage\",\"url\":\"https:\\\/\\\/www.uartes.edu.ec\\\/sitio\\\/wp-content\\\/uploads\\\/2025\\\/05\\\/03-CEAT.jpg\",\"contentUrl\":\"https:\\\/\\\/www.uartes.edu.ec\\\/sitio\\\/wp-content\\\/uploads\\\/2025\\\/05\\\/03-CEAT.jpg\",\"width\":2000,\"height\":1333},{\"@type\":\"BreadcrumbList\",\"@id\":\"https:\\\/\\\/www.uartes.edu.ec\\\/sitio\\\/en\\\/blog\\\/2025\\\/05\\\/15\\\/la-escritura-tambien-puede-habitar-los-muros-el-ceat-inauguro-mural-en-la-biblioteca-de-las-artes\\\/#breadcrumb\",\"itemListElement\":[{\"@type\":\"ListItem\",\"position\":1,\"name\":\"Inicio\",\"item\":\"https:\\\/\\\/www.uartes.edu.ec\\\/sitio\\\/\"},{\"@type\":\"ListItem\",\"position\":2,\"name\":\"La escritura tambi\u00e9n puede habitar muros; CEAT inaugur\u00f3 mural en biblioteca UArtes\"}]},{\"@type\":\"WebSite\",\"@id\":\"https:\\\/\\\/www.uartes.edu.ec\\\/sitio\\\/en\\\/#website\",\"url\":\"https:\\\/\\\/www.uartes.edu.ec\\\/sitio\\\/en\\\/\",\"name\":\"Universidad de las Artes\",\"description\":\"Sitio oficial de la Universidad Nacional de las Artes del Ecuador\",\"publisher\":{\"@id\":\"https:\\\/\\\/www.uartes.edu.ec\\\/sitio\\\/en\\\/#organization\"},\"potentialAction\":[{\"@type\":\"SearchAction\",\"target\":{\"@type\":\"EntryPoint\",\"urlTemplate\":\"https:\\\/\\\/www.uartes.edu.ec\\\/sitio\\\/en\\\/?s={search_term_string}\"},\"query-input\":{\"@type\":\"PropertyValueSpecification\",\"valueRequired\":true,\"valueName\":\"search_term_string\"}}],\"inLanguage\":\"en-US\"},{\"@type\":\"Organization\",\"@id\":\"https:\\\/\\\/www.uartes.edu.ec\\\/sitio\\\/en\\\/#organization\",\"name\":\"Universidad de las Artes\",\"url\":\"https:\\\/\\\/www.uartes.edu.ec\\\/sitio\\\/en\\\/\",\"logo\":{\"@type\":\"ImageObject\",\"inLanguage\":\"en-US\",\"@id\":\"https:\\\/\\\/www.uartes.edu.ec\\\/sitio\\\/en\\\/#\\\/schema\\\/logo\\\/image\\\/\",\"url\":\"https:\\\/\\\/www.uartes.edu.ec\\\/sitio\\\/wp-content\\\/uploads\\\/2022\\\/07\\\/logo-ua-horizontal.png\",\"contentUrl\":\"https:\\\/\\\/www.uartes.edu.ec\\\/sitio\\\/wp-content\\\/uploads\\\/2022\\\/07\\\/logo-ua-horizontal.png\",\"width\":800,\"height\":276,\"caption\":\"Universidad de las Artes\"},\"image\":{\"@id\":\"https:\\\/\\\/www.uartes.edu.ec\\\/sitio\\\/en\\\/#\\\/schema\\\/logo\\\/image\\\/\"},\"sameAs\":[\"https:\\\/\\\/www.facebook.com\\\/uartesec\",\"https:\\\/\\\/x.com\\\/uartesec\",\"https:\\\/\\\/www.tiktok.com\\\/@uartesec\"]},{\"@type\":\"Person\",\"@id\":\"https:\\\/\\\/www.uartes.edu.ec\\\/sitio\\\/en\\\/#\\\/schema\\\/person\\\/efa1b8275797664fd7f13a79ccc0b1f4\",\"name\":\"ccortez\",\"image\":{\"@type\":\"ImageObject\",\"inLanguage\":\"en-US\",\"@id\":\"https:\\\/\\\/secure.gravatar.com\\\/avatar\\\/b2a6f664a3ae8e074346ef91775736c5ec479e637ecced6842de9dc98b5da9cd?s=96&d=mm&r=g\",\"url\":\"https:\\\/\\\/secure.gravatar.com\\\/avatar\\\/b2a6f664a3ae8e074346ef91775736c5ec479e637ecced6842de9dc98b5da9cd?s=96&d=mm&r=g\",\"contentUrl\":\"https:\\\/\\\/secure.gravatar.com\\\/avatar\\\/b2a6f664a3ae8e074346ef91775736c5ec479e637ecced6842de9dc98b5da9cd?s=96&d=mm&r=g\",\"caption\":\"ccortez\"},\"url\":\"https:\\\/\\\/www.uartes.edu.ec\\\/sitio\\\/en\\\/blog\\\/author\\\/ccortez\\\/\"}]}<\/script>\n<!-- \/ Yoast SEO plugin. -->","yoast_head_json":{"title":"Universidad de las Artes - La escritura tambi\u00e9n puede habitar muros; CEAT inaugur\u00f3 mural en biblioteca UArtes","description":"Universidad de las Artes - La escritura tambi\u00e9n puede habitar muros; CEAT inaugur\u00f3 mural en biblioteca UArtes","robots":{"index":"index","follow":"follow","max-snippet":"max-snippet:-1","max-image-preview":"max-image-preview:large","max-video-preview":"max-video-preview:-1"},"canonical":"https:\/\/www.uartes.edu.ec\/sitio\/en\/blog\/2025\/05\/15\/la-escritura-tambien-puede-habitar-los-muros-el-ceat-inauguro-mural-en-la-biblioteca-de-las-artes\/","og_locale":"en_US","og_type":"article","og_title":"Universidad de las Artes - La escritura tambi\u00e9n puede habitar muros; CEAT inaugur\u00f3 mural en biblioteca UArtes","og_description":"Universidad de las Artes - La escritura tambi\u00e9n puede habitar muros; CEAT inaugur\u00f3 mural en biblioteca UArtes","og_url":"https:\/\/www.uartes.edu.ec\/sitio\/en\/blog\/2025\/05\/15\/la-escritura-tambien-puede-habitar-los-muros-el-ceat-inauguro-mural-en-la-biblioteca-de-las-artes\/","og_site_name":"Universidad de las Artes","article_publisher":"https:\/\/www.facebook.com\/uartesec","article_published_time":"2025-05-15T22:52:00+00:00","article_modified_time":"2025-05-16T18:27:31+00:00","og_image":[{"width":2000,"height":1333,"url":"https:\/\/www.uartes.edu.ec\/sitio\/wp-content\/uploads\/2025\/05\/03-CEAT.jpg","type":"image\/jpeg"}],"author":"ccortez","twitter_card":"summary_large_image","twitter_creator":"@uartesec","twitter_site":"@uartesec","twitter_misc":{"Written by":"ccortez","Est. reading time":"3 minutes"},"schema":{"@context":"https:\/\/schema.org","@graph":[{"@type":"Article","@id":"https:\/\/www.uartes.edu.ec\/sitio\/en\/blog\/2025\/05\/15\/la-escritura-tambien-puede-habitar-los-muros-el-ceat-inauguro-mural-en-la-biblioteca-de-las-artes\/#article","isPartOf":{"@id":"https:\/\/www.uartes.edu.ec\/sitio\/en\/blog\/2025\/05\/15\/la-escritura-tambien-puede-habitar-los-muros-el-ceat-inauguro-mural-en-la-biblioteca-de-las-artes\/"},"author":{"name":"ccortez","@id":"https:\/\/www.uartes.edu.ec\/sitio\/en\/#\/schema\/person\/efa1b8275797664fd7f13a79ccc0b1f4"},"headline":"La escritura tambi\u00e9n puede habitar muros; CEAT inaugur\u00f3 mural en biblioteca UArtes","datePublished":"2025-05-15T22:52:00+00:00","dateModified":"2025-05-16T18:27:31+00:00","mainEntityOfPage":{"@id":"https:\/\/www.uartes.edu.ec\/sitio\/en\/blog\/2025\/05\/15\/la-escritura-tambien-puede-habitar-los-muros-el-ceat-inauguro-mural-en-la-biblioteca-de-las-artes\/"},"wordCount":646,"commentCount":0,"publisher":{"@id":"https:\/\/www.uartes.edu.ec\/sitio\/en\/#organization"},"image":{"@id":"https:\/\/www.uartes.edu.ec\/sitio\/en\/blog\/2025\/05\/15\/la-escritura-tambien-puede-habitar-los-muros-el-ceat-inauguro-mural-en-la-biblioteca-de-las-artes\/#primaryimage"},"thumbnailUrl":"https:\/\/www.uartes.edu.ec\/sitio\/wp-content\/uploads\/2025\/05\/03-CEAT.jpg","keywords":["proyecto"],"articleSection":["Acad\u00e9mico","Artes","Artes Esc\u00e9nicas","Artes Sonoras","Artes Visuales","Cine","Docentes","Estudiantes","Literatura"],"inLanguage":"en-US","potentialAction":[{"@type":"CommentAction","name":"Comment","target":["https:\/\/www.uartes.edu.ec\/sitio\/en\/blog\/2025\/05\/15\/la-escritura-tambien-puede-habitar-los-muros-el-ceat-inauguro-mural-en-la-biblioteca-de-las-artes\/#respond"]}]},{"@type":["WebPage","ItemPage"],"@id":"https:\/\/www.uartes.edu.ec\/sitio\/en\/blog\/2025\/05\/15\/la-escritura-tambien-puede-habitar-los-muros-el-ceat-inauguro-mural-en-la-biblioteca-de-las-artes\/","url":"https:\/\/www.uartes.edu.ec\/sitio\/en\/blog\/2025\/05\/15\/la-escritura-tambien-puede-habitar-los-muros-el-ceat-inauguro-mural-en-la-biblioteca-de-las-artes\/","name":"Universidad de las Artes - La escritura tambi\u00e9n puede habitar muros; CEAT inaugur\u00f3 mural en biblioteca UArtes","isPartOf":{"@id":"https:\/\/www.uartes.edu.ec\/sitio\/en\/#website"},"primaryImageOfPage":{"@id":"https:\/\/www.uartes.edu.ec\/sitio\/en\/blog\/2025\/05\/15\/la-escritura-tambien-puede-habitar-los-muros-el-ceat-inauguro-mural-en-la-biblioteca-de-las-artes\/#primaryimage"},"image":{"@id":"https:\/\/www.uartes.edu.ec\/sitio\/en\/blog\/2025\/05\/15\/la-escritura-tambien-puede-habitar-los-muros-el-ceat-inauguro-mural-en-la-biblioteca-de-las-artes\/#primaryimage"},"thumbnailUrl":"https:\/\/www.uartes.edu.ec\/sitio\/wp-content\/uploads\/2025\/05\/03-CEAT.jpg","datePublished":"2025-05-15T22:52:00+00:00","dateModified":"2025-05-16T18:27:31+00:00","description":"Universidad de las Artes - La escritura tambi\u00e9n puede habitar muros; CEAT inaugur\u00f3 mural en biblioteca UArtes","breadcrumb":{"@id":"https:\/\/www.uartes.edu.ec\/sitio\/en\/blog\/2025\/05\/15\/la-escritura-tambien-puede-habitar-los-muros-el-ceat-inauguro-mural-en-la-biblioteca-de-las-artes\/#breadcrumb"},"inLanguage":"en-US","potentialAction":[{"@type":"ReadAction","target":["https:\/\/www.uartes.edu.ec\/sitio\/en\/blog\/2025\/05\/15\/la-escritura-tambien-puede-habitar-los-muros-el-ceat-inauguro-mural-en-la-biblioteca-de-las-artes\/"]}]},{"@type":"ImageObject","inLanguage":"en-US","@id":"https:\/\/www.uartes.edu.ec\/sitio\/en\/blog\/2025\/05\/15\/la-escritura-tambien-puede-habitar-los-muros-el-ceat-inauguro-mural-en-la-biblioteca-de-las-artes\/#primaryimage","url":"https:\/\/www.uartes.edu.ec\/sitio\/wp-content\/uploads\/2025\/05\/03-CEAT.jpg","contentUrl":"https:\/\/www.uartes.edu.ec\/sitio\/wp-content\/uploads\/2025\/05\/03-CEAT.jpg","width":2000,"height":1333},{"@type":"BreadcrumbList","@id":"https:\/\/www.uartes.edu.ec\/sitio\/en\/blog\/2025\/05\/15\/la-escritura-tambien-puede-habitar-los-muros-el-ceat-inauguro-mural-en-la-biblioteca-de-las-artes\/#breadcrumb","itemListElement":[{"@type":"ListItem","position":1,"name":"Inicio","item":"https:\/\/www.uartes.edu.ec\/sitio\/"},{"@type":"ListItem","position":2,"name":"La escritura tambi\u00e9n puede habitar muros; CEAT inaugur\u00f3 mural en biblioteca UArtes"}]},{"@type":"WebSite","@id":"https:\/\/www.uartes.edu.ec\/sitio\/en\/#website","url":"https:\/\/www.uartes.edu.ec\/sitio\/en\/","name":"Universidad de las Artes","description":"Sitio oficial de la Universidad Nacional de las Artes del Ecuador","publisher":{"@id":"https:\/\/www.uartes.edu.ec\/sitio\/en\/#organization"},"potentialAction":[{"@type":"SearchAction","target":{"@type":"EntryPoint","urlTemplate":"https:\/\/www.uartes.edu.ec\/sitio\/en\/?s={search_term_string}"},"query-input":{"@type":"PropertyValueSpecification","valueRequired":true,"valueName":"search_term_string"}}],"inLanguage":"en-US"},{"@type":"Organization","@id":"https:\/\/www.uartes.edu.ec\/sitio\/en\/#organization","name":"Universidad de las Artes","url":"https:\/\/www.uartes.edu.ec\/sitio\/en\/","logo":{"@type":"ImageObject","inLanguage":"en-US","@id":"https:\/\/www.uartes.edu.ec\/sitio\/en\/#\/schema\/logo\/image\/","url":"https:\/\/www.uartes.edu.ec\/sitio\/wp-content\/uploads\/2022\/07\/logo-ua-horizontal.png","contentUrl":"https:\/\/www.uartes.edu.ec\/sitio\/wp-content\/uploads\/2022\/07\/logo-ua-horizontal.png","width":800,"height":276,"caption":"Universidad de las Artes"},"image":{"@id":"https:\/\/www.uartes.edu.ec\/sitio\/en\/#\/schema\/logo\/image\/"},"sameAs":["https:\/\/www.facebook.com\/uartesec","https:\/\/x.com\/uartesec","https:\/\/www.tiktok.com\/@uartesec"]},{"@type":"Person","@id":"https:\/\/www.uartes.edu.ec\/sitio\/en\/#\/schema\/person\/efa1b8275797664fd7f13a79ccc0b1f4","name":"ccortez","image":{"@type":"ImageObject","inLanguage":"en-US","@id":"https:\/\/secure.gravatar.com\/avatar\/b2a6f664a3ae8e074346ef91775736c5ec479e637ecced6842de9dc98b5da9cd?s=96&d=mm&r=g","url":"https:\/\/secure.gravatar.com\/avatar\/b2a6f664a3ae8e074346ef91775736c5ec479e637ecced6842de9dc98b5da9cd?s=96&d=mm&r=g","contentUrl":"https:\/\/secure.gravatar.com\/avatar\/b2a6f664a3ae8e074346ef91775736c5ec479e637ecced6842de9dc98b5da9cd?s=96&d=mm&r=g","caption":"ccortez"},"url":"https:\/\/www.uartes.edu.ec\/sitio\/en\/blog\/author\/ccortez\/"}]}},"uagb_featured_image_src":{"full":["https:\/\/www.uartes.edu.ec\/sitio\/wp-content\/uploads\/2025\/05\/03-CEAT.jpg",2000,1333,false],"thumbnail":["https:\/\/www.uartes.edu.ec\/sitio\/wp-content\/uploads\/2025\/05\/03-CEAT-150x150.jpg",150,150,true],"medium":["https:\/\/www.uartes.edu.ec\/sitio\/wp-content\/uploads\/2025\/05\/03-CEAT-300x200.jpg",300,200,true],"medium_large":["https:\/\/www.uartes.edu.ec\/sitio\/wp-content\/uploads\/2025\/05\/03-CEAT-768x512.jpg",768,512,true],"large":["https:\/\/www.uartes.edu.ec\/sitio\/wp-content\/uploads\/2025\/05\/03-CEAT-644x429.jpg",644,429,true],"1536x1536":["https:\/\/www.uartes.edu.ec\/sitio\/wp-content\/uploads\/2025\/05\/03-CEAT-1536x1024.jpg",1536,1024,true],"2048x2048":["https:\/\/www.uartes.edu.ec\/sitio\/wp-content\/uploads\/2025\/05\/03-CEAT.jpg",2000,1333,false],"trp-custom-language-flag":["https:\/\/www.uartes.edu.ec\/sitio\/wp-content\/uploads\/2025\/05\/03-CEAT-18x12.jpg",18,12,true],"htmega_size_585x295":["https:\/\/www.uartes.edu.ec\/sitio\/wp-content\/uploads\/2025\/05\/03-CEAT-585x295.jpg",585,295,true],"htmega_size_1170x536":["https:\/\/www.uartes.edu.ec\/sitio\/wp-content\/uploads\/2025\/05\/03-CEAT-1170x536.jpg",1170,536,true],"htmega_size_396x360":["https:\/\/www.uartes.edu.ec\/sitio\/wp-content\/uploads\/2025\/05\/03-CEAT-396x360.jpg",396,360,true],"gb-block-post-grid-landscape":["https:\/\/www.uartes.edu.ec\/sitio\/wp-content\/uploads\/2025\/05\/03-CEAT-600x400.jpg",600,400,true],"gb-block-post-grid-square":["https:\/\/www.uartes.edu.ec\/sitio\/wp-content\/uploads\/2025\/05\/03-CEAT-600x600.jpg",600,600,true],"university-hub-thumb":["https:\/\/www.uartes.edu.ec\/sitio\/wp-content\/uploads\/2025\/05\/03-CEAT-400x267.jpg",400,267,true]},"uagb_author_info":{"display_name":"ccortez","author_link":"https:\/\/www.uartes.edu.ec\/sitio\/en\/blog\/author\/ccortez\/"},"uagb_comment_info":0,"uagb_excerpt":"El martes 13 de mayo de 2025, el Centro de Escritura Acad\u00e9mica y Traducci\u00f3n (CEAT) inaugur\u00f3 oficialmente el mural Procesos de creaci\u00f3n por los lirios ara\u00f1a, obra realizada por la estudiante de Artes Visuales Ang\u00e9lica Yagual. El evento, que tuvo lugar en el tercer piso de la Biblioteca de las Artes, cont\u00f3 con la presencia&hellip;","featured_image_src":"https:\/\/www.uartes.edu.ec\/sitio\/wp-content\/uploads\/2025\/05\/03-CEAT-600x400.jpg","featured_image_src_square":"https:\/\/www.uartes.edu.ec\/sitio\/wp-content\/uploads\/2025\/05\/03-CEAT-600x600.jpg","author_info":{"display_name":"ccortez","author_link":"https:\/\/www.uartes.edu.ec\/sitio\/en\/blog\/author\/ccortez\/"},"publishpress_future_workflow_manual_trigger":{"enabledWorkflows":[]},"distributor_meta":false,"distributor_terms":false,"distributor_media":false,"distributor_original_site_name":"Universidad de las Artes","distributor_original_site_url":"https:\/\/www.uartes.edu.ec\/sitio\/en","push-errors":false,"_links":{"self":[{"href":"https:\/\/www.uartes.edu.ec\/sitio\/en\/wp-json\/wp\/v2\/posts\/71799","targetHints":{"allow":["GET"]}}],"collection":[{"href":"https:\/\/www.uartes.edu.ec\/sitio\/en\/wp-json\/wp\/v2\/posts"}],"about":[{"href":"https:\/\/www.uartes.edu.ec\/sitio\/en\/wp-json\/wp\/v2\/types\/post"}],"author":[{"embeddable":true,"href":"https:\/\/www.uartes.edu.ec\/sitio\/en\/wp-json\/wp\/v2\/users\/10"}],"replies":[{"embeddable":true,"href":"https:\/\/www.uartes.edu.ec\/sitio\/en\/wp-json\/wp\/v2\/comments?post=71799"}],"version-history":[{"count":6,"href":"https:\/\/www.uartes.edu.ec\/sitio\/en\/wp-json\/wp\/v2\/posts\/71799\/revisions"}],"predecessor-version":[{"id":71847,"href":"https:\/\/www.uartes.edu.ec\/sitio\/en\/wp-json\/wp\/v2\/posts\/71799\/revisions\/71847"}],"wp:featuredmedia":[{"embeddable":true,"href":"https:\/\/www.uartes.edu.ec\/sitio\/en\/wp-json\/wp\/v2\/media\/71800"}],"wp:attachment":[{"href":"https:\/\/www.uartes.edu.ec\/sitio\/en\/wp-json\/wp\/v2\/media?parent=71799"}],"wp:term":[{"taxonomy":"category","embeddable":true,"href":"https:\/\/www.uartes.edu.ec\/sitio\/en\/wp-json\/wp\/v2\/categories?post=71799"},{"taxonomy":"post_tag","embeddable":true,"href":"https:\/\/www.uartes.edu.ec\/sitio\/en\/wp-json\/wp\/v2\/tags?post=71799"},{"taxonomy":"infouartes","embeddable":true,"href":"https:\/\/www.uartes.edu.ec\/sitio\/en\/wp-json\/wp\/v2\/infouartes?post=71799"}],"curies":[{"name":"wp","href":"https:\/\/api.w.org\/{rel}","templated":true}]}}