{"id":7214,"date":"2020-06-09T10:21:34","date_gmt":"2020-06-09T15:21:34","guid":{"rendered":"http:\/\/www.uartes.edu.ec\/sitio\/?p=7214"},"modified":"2024-07-04T11:43:03","modified_gmt":"2024-07-04T16:43:03","slug":"kevin-alarcon-y-harry-merchan-de-artes-visuales-en-exposicion-colectiva-y-virtual","status":"publish","type":"post","link":"https:\/\/www.uartes.edu.ec\/sitio\/en\/blog\/2020\/06\/09\/kevin-alarcon-y-harry-merchan-de-artes-visuales-en-exposicion-colectiva-y-virtual\/","title":{"rendered":"Kevin Alarc\u00f3n y Harry Merch\u00e1n, de Artes  Visuales, en exposici\u00f3n colectiva y virtual"},"content":{"rendered":"<p>Cursan el tercer semestre de la Escuela de Artes Visuales de la Universidad de las Artes y Kevin Alarc\u00f3n y Harry Merch\u00e1n ya tienen la experiencia de haber participado \u2013el 30 y 31 de mayo, respectivamente\u2013 en una muestra colectiva, a nivel nacional y virtual. Se trata de Exposici\u00f3n de Arte Musa, para la cual, incluso, fueron entrevistados la semana previa.<\/p>\n\n\n\n<p>Naci\u00f3 en 2018 como un festival y para este a\u00f1o, ya como exposici\u00f3n, se lo hab\u00eda programado para abril, sin embargo, debido a la cuarentena decretada por el gobierno ecuatoriano ante la pandemia del COVID-19, no se pudo realizar. Sus organizadores optaron entonces por una muestra virtual y a trav\u00e9s de Instagram Live. La decisi\u00f3n hizo desistir a unos participantes y, asimismo, anim\u00f3 a otros. Para participar los interesados deb\u00edan inscribirse y como los cupos eran limitados, la alternativa fue seleccionar qui\u00e9n entraba y qui\u00e9n no, quedando as\u00ed doce artistas con trabajos a exhibir.<\/p>\n\n\n\n<p>Kevin Alarc\u00f3n intervino con la obra <em>Ventana anal\u00f3gica<\/em> y, aunque su nombre es temporal, lo adopt\u00f3 porque hizo de una ventana la instalaci\u00f3n y la forma de esta, un tr\u00edptico. Antes de mostrar su propuesta, el estudiante de Artes Visuales ley\u00f3 un statement donde explic\u00f3 que lo expuesto eran trabajos que realizo desde su ingreso a la Universidad de las Artes. \u201cHaciendo una relectura para concluir en una visi\u00f3n limitada del entorno y acentuando la analog\u00eda de la ventana cerrada, pero aceptando un contexto cambiante\u201d.<\/p>\n\n\n\n<p>De <em>Ventana anal\u00f3gica,<\/em> Kevin Alarc\u00f3n explic\u00f3 que su primera parte es la representaci\u00f3n de s\u00ed mismo, a partir del concepto de Freud sobre el yo y el ello. La segunda parte es sobre la cuarentena y su causa\/efecto. La tercera parte es m\u00e1s art\u00edstica y acad\u00e9mica, trabaja con lo feo y lo bello y tambi\u00e9n el concepto de precepto; ver m\u00e1s all\u00e1 de lo evidente desde la deconstrucci\u00f3n y reconstrucci\u00f3n.<\/p>\n\n\n\n<p>La segunda serie es la m\u00e1s significativa en el ahora, pues Kevin Alarc\u00f3n intenta retratar el diario vivir sin llegar a la cr\u00edtica, pero desde el encierro por cuarentena. Es un nuevo contexto de vida y el artista plasma, en cada ilustraci\u00f3n, im\u00e1genes que indican c\u00f3mo las personas viven el confinamiento en casa a trav\u00e9s de las redes sociales; las personas que no ven como impedimento el toque de queda y salen a beber irrespet\u00e1ndolo; y, los que tienen que salir por necesidad, porque es por su trabajo diario que pueden comer.<\/p>\n\n\n\n<p>El 31 de mayo fue el turno de Harry Merch\u00e1n, quien hizo un recorrido por su dormitorio (adecuado para la presentaci\u00f3n), mientras le\u00eda el statement de su Instalaci\u00f3n de archivo: \u201cEl punto de partida fue la apropiaci\u00f3n de elementos: medios de comunicaci\u00f3n, deconstrucci\u00f3n del capital simb\u00f3lico, intervenci\u00f3n en el espacio p\u00fablico, breves cuestionamientos de la educaci\u00f3n y el estudio de mi cotidianidad ecuatoriana. Estas son usadas como detonantes para hallar informaci\u00f3n sensible acerca del comportamiento biol\u00f3gico del ser humano y de las ideas euroc\u00e9ntricas de Am\u00e9rica Latina y las diferenciaciones de estatus social\u201d. Coment\u00f3 que lo exhibido no era solo un trabajo hecho en cuarentena, \u201csino una condensaci\u00f3n simb\u00f3lica de archivo resuelto por los oficios de dibujar y pintar\u201d.<\/p>\n\n\n\n<p>En su <em>Montaje posible para una exposici\u00f3n,<\/em> Harry Merch\u00e1n detall\u00f3 cu\u00e1ndo hizo cada una de sus obras, los materiales y conceptos utilizados, a partir de lo cual surgieron ideas para sus obras, sus nombres y lo que intent\u00f3 plasmar. Fueron cuatro obras las presentadas: <em>Estudio del S\u00edndrome FOMO, Este s\u00ed y este no, Objeto volador ya no identificado <\/em>and<em> Diario La Colonia, <\/em>siendo esta \u00faltima la m\u00e1s representativa, pues posee mayor contenido y cuestionamientos. Tal como su nombre lo indica, se trata de un impreso \u2013originalmente <em>Diario Extra<\/em>\u2013 del cual se apropi\u00f3 para resignificarlo; este habla sobre la sociedad del espect\u00e1culo en la realidad ecuatoriana y en la realidad en \u00e9poca de pandemia. Para el efecto, Harry Merch\u00e1n us\u00f3 como punto de partida la apropiaci\u00f3n de elementos como los medios de comunicaci\u00f3n, peri\u00f3dicos, entretenimiento vac\u00edo, memes, breves cuestionamientos de la educaci\u00f3n, discursos internos de la cotidianidad y comportamiento del ser. Al final del en vivo, el estudiante de Artes Visuales expres\u00f3 que el objetivo de sus obras es llegar a un di\u00e1logo y a un cambio social.<\/p>\n\n\n\n<p>Astrid Orellana, directora de MusaArte, indic\u00f3 que a pesar de la pandemia siguieron con el proyecto desde una plataforma digital porque el arte no para. \u201cEs lo que consumimos diariamente desde cualquier parte del mundo, nos hace m\u00e1s humanos, m\u00e1s cuerdos, m\u00e1s buenos en este momento de crisis, de tensi\u00f3n, de estr\u00e9s. No hay nada mejor que brindar lo que sabemos hacer con las posibilidades que tenemos, pues el arte puede posicionarse donde sea, no es exacto y se reivindica siempre\u201d<\/p>\n\n\n\n<figure class=\"wp-block-image size-large\"><img fetchpriority=\"high\" decoding=\"async\" width=\"644\" height=\"284\" src=\"http:\/\/www.uartes.edu.ec\/sitio\/wp-content\/uploads\/2020\/06\/Montaje-posible-para-una-exposici\u00f3n-Harry-Merch\u00e1n-644x284.jpg\" alt=\"\" class=\"wp-image-7215\" srcset=\"https:\/\/www.uartes.edu.ec\/sitio\/wp-content\/uploads\/2020\/06\/Montaje-posible-para-una-exposici\u00f3n-Harry-Merch\u00e1n-644x284.jpg 644w, https:\/\/www.uartes.edu.ec\/sitio\/wp-content\/uploads\/2020\/06\/Montaje-posible-para-una-exposici\u00f3n-Harry-Merch\u00e1n-300x132.jpg 300w, https:\/\/www.uartes.edu.ec\/sitio\/wp-content\/uploads\/2020\/06\/Montaje-posible-para-una-exposici\u00f3n-Harry-Merch\u00e1n-768x339.jpg 768w, https:\/\/www.uartes.edu.ec\/sitio\/wp-content\/uploads\/2020\/06\/Montaje-posible-para-una-exposici\u00f3n-Harry-Merch\u00e1n-400x177.jpg 400w, https:\/\/www.uartes.edu.ec\/sitio\/wp-content\/uploads\/2020\/06\/Montaje-posible-para-una-exposici\u00f3n-Harry-Merch\u00e1n.jpg 1280w\" sizes=\"(max-width: 644px) 100vw, 644px\" \/><\/figure>\n\n\n\n<p>Para Harry Merch\u00e1n una pandemia no es un impedimento, pues \u201cel sentido de ser artista es trabajar todos los d\u00edas y al estar en casa tambi\u00e9n se pueden compartir nuevas ideas, no solo expresiones o sentimientos como se suele definir al arte, sino es nuevas ideas contempor\u00e1neas, ideas filos\u00f3ficas\u201d. Kevin Alarc\u00f3n opin\u00f3 que \u201cen este momento es necesario crear proyectos que resalten el arte para que no se pierda en la nube de la informaci\u00f3n que nos bombardea a diario en las redes sociales, en lo que somos; quiz\u00e1s m\u00e1s vulnerables a una pantalla es necesario mostrar para no perder\u201d.<\/p>\n\n\n\n<p><em>Foto arriba<\/em>: <em>Ventana anal\u00f3gica,<\/em> Kevin Alarc\u00f3n.<br><em>Foto abajo<\/em>: <em>Montaje posible para una exposici\u00f3n,<\/em> Harry Merch\u00e1n<\/p>","protected":false},"excerpt":{"rendered":"<p>Cursan el tercer semestre de la Escuela de Artes Visuales de la Universidad de las Artes y Kevin Alarc\u00f3n y Harry Merch\u00e1n ya tienen la experiencia de haber participado \u2013el 30 y 31 de mayo, respectivamente\u2013 en una muestra colectiva, a nivel nacional y virtual. Se trata de Exposici\u00f3n de Arte Musa, para la cual, incluso, fueron entrevistados la semana previa.<\/p>","protected":false},"author":1,"featured_media":7216,"comment_status":"closed","ping_status":"closed","sticky":false,"template":"","format":"standard","meta":{"_acf_changed":false,"_uag_custom_page_level_css":"","_monsterinsights_skip_tracking":false,"_monsterinsights_sitenote_active":false,"_monsterinsights_sitenote_note":"","_monsterinsights_sitenote_category":0,"cybocfi_hide_featured_image":"","footnotes":""},"categories":[82,157,76],"tags":[211],"infouartes":[],"class_list":["post-7214","post","type-post","status-publish","format-standard","has-post-thumbnail","hentry","category-artes","category-artes-visuales","category-estudiantes","tag-covid19"],"acf":[],"yoast_head":"<!-- This site is optimized with the Yoast SEO plugin v27.4 - https:\/\/yoast.com\/product\/yoast-seo-wordpress\/ -->\n<title>Universidad de las Artes - Kevin Alarc\u00f3n y Harry Merch\u00e1n, de Artes Visuales, en exposici\u00f3n colectiva y virtual<\/title>\n<meta name=\"description\" content=\"Universidad de las Artes - Kevin Alarc\u00f3n y Harry Merch\u00e1n, de Artes Visuales, en exposici\u00f3n colectiva y virtual\" \/>\n<meta name=\"robots\" content=\"index, follow, max-snippet:-1, max-image-preview:large, max-video-preview:-1\" \/>\n<link rel=\"canonical\" href=\"https:\/\/www.uartes.edu.ec\/sitio\/en\/blog\/2020\/06\/09\/kevin-alarcon-y-harry-merchan-de-artes-visuales-en-exposicion-colectiva-y-virtual\/\" \/>\n<meta property=\"og:locale\" content=\"en_US\" \/>\n<meta property=\"og:type\" content=\"article\" \/>\n<meta property=\"og:title\" content=\"Universidad de las Artes - Kevin Alarc\u00f3n y Harry Merch\u00e1n, de Artes Visuales, en exposici\u00f3n colectiva y virtual\" \/>\n<meta property=\"og:description\" content=\"Universidad de las Artes - Kevin Alarc\u00f3n y Harry Merch\u00e1n, de Artes Visuales, en exposici\u00f3n colectiva y virtual\" \/>\n<meta property=\"og:url\" content=\"https:\/\/www.uartes.edu.ec\/sitio\/en\/blog\/2020\/06\/09\/kevin-alarcon-y-harry-merchan-de-artes-visuales-en-exposicion-colectiva-y-virtual\/\" \/>\n<meta property=\"og:site_name\" content=\"Universidad de las Artes\" \/>\n<meta property=\"article:publisher\" content=\"https:\/\/www.facebook.com\/uartesec\" \/>\n<meta property=\"article:published_time\" content=\"2020-06-09T15:21:34+00:00\" \/>\n<meta property=\"article:modified_time\" content=\"2024-07-04T16:43:03+00:00\" \/>\n<meta property=\"og:image\" content=\"https:\/\/www.uartes.edu.ec\/sitio\/wp-content\/uploads\/2020\/06\/Ventana-anal\u00f3gica-Kevin-Alarc\u00f3n.jpg\" \/>\n\t<meta property=\"og:image:width\" content=\"872\" \/>\n\t<meta property=\"og:image:height\" content=\"581\" \/>\n\t<meta property=\"og:image:type\" content=\"image\/jpeg\" \/>\n<meta name=\"author\" content=\"Universidad de las Artes\" \/>\n<meta name=\"twitter:card\" content=\"summary_large_image\" \/>\n<meta name=\"twitter:creator\" content=\"@uartesec\" \/>\n<meta name=\"twitter:site\" content=\"@uartesec\" \/>\n<meta name=\"twitter:label1\" content=\"Written by\" \/>\n\t<meta name=\"twitter:data1\" content=\"Universidad de las Artes\" \/>\n\t<meta name=\"twitter:label2\" content=\"Est. reading time\" \/>\n\t<meta name=\"twitter:data2\" content=\"5 minutes\" \/>\n<script type=\"application\/ld+json\" class=\"yoast-schema-graph\">{\"@context\":\"https:\\\/\\\/schema.org\",\"@graph\":[{\"@type\":\"Article\",\"@id\":\"https:\\\/\\\/www.uartes.edu.ec\\\/sitio\\\/en\\\/blog\\\/2020\\\/06\\\/09\\\/kevin-alarcon-y-harry-merchan-de-artes-visuales-en-exposicion-colectiva-y-virtual\\\/#article\",\"isPartOf\":{\"@id\":\"https:\\\/\\\/www.uartes.edu.ec\\\/sitio\\\/en\\\/blog\\\/2020\\\/06\\\/09\\\/kevin-alarcon-y-harry-merchan-de-artes-visuales-en-exposicion-colectiva-y-virtual\\\/\"},\"author\":{\"name\":\"Universidad de las Artes\",\"@id\":\"https:\\\/\\\/www.uartes.edu.ec\\\/sitio\\\/en\\\/#\\\/schema\\\/person\\\/f33f8c1d2af0d5c80a38c8abf458184a\"},\"headline\":\"Kevin Alarc\u00f3n y Harry Merch\u00e1n, de Artes Visuales, en exposici\u00f3n colectiva y virtual\",\"datePublished\":\"2020-06-09T15:21:34+00:00\",\"dateModified\":\"2024-07-04T16:43:03+00:00\",\"mainEntityOfPage\":{\"@id\":\"https:\\\/\\\/www.uartes.edu.ec\\\/sitio\\\/en\\\/blog\\\/2020\\\/06\\\/09\\\/kevin-alarcon-y-harry-merchan-de-artes-visuales-en-exposicion-colectiva-y-virtual\\\/\"},\"wordCount\":990,\"publisher\":{\"@id\":\"https:\\\/\\\/www.uartes.edu.ec\\\/sitio\\\/en\\\/#organization\"},\"image\":{\"@id\":\"https:\\\/\\\/www.uartes.edu.ec\\\/sitio\\\/en\\\/blog\\\/2020\\\/06\\\/09\\\/kevin-alarcon-y-harry-merchan-de-artes-visuales-en-exposicion-colectiva-y-virtual\\\/#primaryimage\"},\"thumbnailUrl\":\"https:\\\/\\\/www.uartes.edu.ec\\\/sitio\\\/wp-content\\\/uploads\\\/2020\\\/06\\\/Ventana-anal\u00f3gica-Kevin-Alarc\u00f3n.jpg\",\"keywords\":[\"covid19\"],\"articleSection\":[\"Artes\",\"Artes Visuales\",\"Estudiantes\"],\"inLanguage\":\"en-US\"},{\"@type\":[\"WebPage\",\"ItemPage\"],\"@id\":\"https:\\\/\\\/www.uartes.edu.ec\\\/sitio\\\/en\\\/blog\\\/2020\\\/06\\\/09\\\/kevin-alarcon-y-harry-merchan-de-artes-visuales-en-exposicion-colectiva-y-virtual\\\/\",\"url\":\"https:\\\/\\\/www.uartes.edu.ec\\\/sitio\\\/en\\\/blog\\\/2020\\\/06\\\/09\\\/kevin-alarcon-y-harry-merchan-de-artes-visuales-en-exposicion-colectiva-y-virtual\\\/\",\"name\":\"Universidad de las Artes - Kevin Alarc\u00f3n y Harry Merch\u00e1n, de Artes Visuales, en exposici\u00f3n colectiva y virtual\",\"isPartOf\":{\"@id\":\"https:\\\/\\\/www.uartes.edu.ec\\\/sitio\\\/en\\\/#website\"},\"primaryImageOfPage\":{\"@id\":\"https:\\\/\\\/www.uartes.edu.ec\\\/sitio\\\/en\\\/blog\\\/2020\\\/06\\\/09\\\/kevin-alarcon-y-harry-merchan-de-artes-visuales-en-exposicion-colectiva-y-virtual\\\/#primaryimage\"},\"image\":{\"@id\":\"https:\\\/\\\/www.uartes.edu.ec\\\/sitio\\\/en\\\/blog\\\/2020\\\/06\\\/09\\\/kevin-alarcon-y-harry-merchan-de-artes-visuales-en-exposicion-colectiva-y-virtual\\\/#primaryimage\"},\"thumbnailUrl\":\"https:\\\/\\\/www.uartes.edu.ec\\\/sitio\\\/wp-content\\\/uploads\\\/2020\\\/06\\\/Ventana-anal\u00f3gica-Kevin-Alarc\u00f3n.jpg\",\"datePublished\":\"2020-06-09T15:21:34+00:00\",\"dateModified\":\"2024-07-04T16:43:03+00:00\",\"description\":\"Universidad de las Artes - Kevin Alarc\u00f3n y Harry Merch\u00e1n, de Artes Visuales, en exposici\u00f3n colectiva y virtual\",\"breadcrumb\":{\"@id\":\"https:\\\/\\\/www.uartes.edu.ec\\\/sitio\\\/en\\\/blog\\\/2020\\\/06\\\/09\\\/kevin-alarcon-y-harry-merchan-de-artes-visuales-en-exposicion-colectiva-y-virtual\\\/#breadcrumb\"},\"inLanguage\":\"en-US\",\"potentialAction\":[{\"@type\":\"ReadAction\",\"target\":[\"https:\\\/\\\/www.uartes.edu.ec\\\/sitio\\\/en\\\/blog\\\/2020\\\/06\\\/09\\\/kevin-alarcon-y-harry-merchan-de-artes-visuales-en-exposicion-colectiva-y-virtual\\\/\"]}]},{\"@type\":\"ImageObject\",\"inLanguage\":\"en-US\",\"@id\":\"https:\\\/\\\/www.uartes.edu.ec\\\/sitio\\\/en\\\/blog\\\/2020\\\/06\\\/09\\\/kevin-alarcon-y-harry-merchan-de-artes-visuales-en-exposicion-colectiva-y-virtual\\\/#primaryimage\",\"url\":\"https:\\\/\\\/www.uartes.edu.ec\\\/sitio\\\/wp-content\\\/uploads\\\/2020\\\/06\\\/Ventana-anal\u00f3gica-Kevin-Alarc\u00f3n.jpg\",\"contentUrl\":\"https:\\\/\\\/www.uartes.edu.ec\\\/sitio\\\/wp-content\\\/uploads\\\/2020\\\/06\\\/Ventana-anal\u00f3gica-Kevin-Alarc\u00f3n.jpg\",\"width\":872,\"height\":581},{\"@type\":\"BreadcrumbList\",\"@id\":\"https:\\\/\\\/www.uartes.edu.ec\\\/sitio\\\/en\\\/blog\\\/2020\\\/06\\\/09\\\/kevin-alarcon-y-harry-merchan-de-artes-visuales-en-exposicion-colectiva-y-virtual\\\/#breadcrumb\",\"itemListElement\":[{\"@type\":\"ListItem\",\"position\":1,\"name\":\"Inicio\",\"item\":\"https:\\\/\\\/www.uartes.edu.ec\\\/sitio\\\/\"},{\"@type\":\"ListItem\",\"position\":2,\"name\":\"Kevin Alarc\u00f3n y Harry Merch\u00e1n, de Artes Visuales, en exposici\u00f3n colectiva y virtual\"}]},{\"@type\":\"WebSite\",\"@id\":\"https:\\\/\\\/www.uartes.edu.ec\\\/sitio\\\/en\\\/#website\",\"url\":\"https:\\\/\\\/www.uartes.edu.ec\\\/sitio\\\/en\\\/\",\"name\":\"Universidad de las Artes\",\"description\":\"Sitio oficial de la Universidad Nacional de las Artes del Ecuador\",\"publisher\":{\"@id\":\"https:\\\/\\\/www.uartes.edu.ec\\\/sitio\\\/en\\\/#organization\"},\"potentialAction\":[{\"@type\":\"SearchAction\",\"target\":{\"@type\":\"EntryPoint\",\"urlTemplate\":\"https:\\\/\\\/www.uartes.edu.ec\\\/sitio\\\/en\\\/?s={search_term_string}\"},\"query-input\":{\"@type\":\"PropertyValueSpecification\",\"valueRequired\":true,\"valueName\":\"search_term_string\"}}],\"inLanguage\":\"en-US\"},{\"@type\":\"Organization\",\"@id\":\"https:\\\/\\\/www.uartes.edu.ec\\\/sitio\\\/en\\\/#organization\",\"name\":\"Universidad de las Artes\",\"url\":\"https:\\\/\\\/www.uartes.edu.ec\\\/sitio\\\/en\\\/\",\"logo\":{\"@type\":\"ImageObject\",\"inLanguage\":\"en-US\",\"@id\":\"https:\\\/\\\/www.uartes.edu.ec\\\/sitio\\\/en\\\/#\\\/schema\\\/logo\\\/image\\\/\",\"url\":\"https:\\\/\\\/www.uartes.edu.ec\\\/sitio\\\/wp-content\\\/uploads\\\/2022\\\/07\\\/logo-ua-horizontal.png\",\"contentUrl\":\"https:\\\/\\\/www.uartes.edu.ec\\\/sitio\\\/wp-content\\\/uploads\\\/2022\\\/07\\\/logo-ua-horizontal.png\",\"width\":800,\"height\":276,\"caption\":\"Universidad de las Artes\"},\"image\":{\"@id\":\"https:\\\/\\\/www.uartes.edu.ec\\\/sitio\\\/en\\\/#\\\/schema\\\/logo\\\/image\\\/\"},\"sameAs\":[\"https:\\\/\\\/www.facebook.com\\\/uartesec\",\"https:\\\/\\\/x.com\\\/uartesec\",\"https:\\\/\\\/www.tiktok.com\\\/@uartesec\"]},{\"@type\":\"Person\",\"@id\":\"https:\\\/\\\/www.uartes.edu.ec\\\/sitio\\\/en\\\/#\\\/schema\\\/person\\\/f33f8c1d2af0d5c80a38c8abf458184a\",\"name\":\"Universidad de las Artes\",\"image\":{\"@type\":\"ImageObject\",\"inLanguage\":\"en-US\",\"@id\":\"https:\\\/\\\/secure.gravatar.com\\\/avatar\\\/52e4757902f5cfa5ac52d020e5be83cae5487519154b6c35482fe08d589f3c13?s=96&d=mm&r=g\",\"url\":\"https:\\\/\\\/secure.gravatar.com\\\/avatar\\\/52e4757902f5cfa5ac52d020e5be83cae5487519154b6c35482fe08d589f3c13?s=96&d=mm&r=g\",\"contentUrl\":\"https:\\\/\\\/secure.gravatar.com\\\/avatar\\\/52e4757902f5cfa5ac52d020e5be83cae5487519154b6c35482fe08d589f3c13?s=96&d=mm&r=g\",\"caption\":\"Universidad de las Artes\"},\"url\":\"https:\\\/\\\/www.uartes.edu.ec\\\/sitio\\\/en\\\/blog\\\/author\\\/dircomadm\\\/\"}]}<\/script>\n<!-- \/ Yoast SEO plugin. -->","yoast_head_json":{"title":"Universidad de las Artes - Kevin Alarc\u00f3n y Harry Merch\u00e1n, de Artes Visuales, en exposici\u00f3n colectiva y virtual","description":"Universidad de las Artes - Kevin Alarc\u00f3n y Harry Merch\u00e1n, de Artes Visuales, en exposici\u00f3n colectiva y virtual","robots":{"index":"index","follow":"follow","max-snippet":"max-snippet:-1","max-image-preview":"max-image-preview:large","max-video-preview":"max-video-preview:-1"},"canonical":"https:\/\/www.uartes.edu.ec\/sitio\/en\/blog\/2020\/06\/09\/kevin-alarcon-y-harry-merchan-de-artes-visuales-en-exposicion-colectiva-y-virtual\/","og_locale":"en_US","og_type":"article","og_title":"Universidad de las Artes - Kevin Alarc\u00f3n y Harry Merch\u00e1n, de Artes Visuales, en exposici\u00f3n colectiva y virtual","og_description":"Universidad de las Artes - Kevin Alarc\u00f3n y Harry Merch\u00e1n, de Artes Visuales, en exposici\u00f3n colectiva y virtual","og_url":"https:\/\/www.uartes.edu.ec\/sitio\/en\/blog\/2020\/06\/09\/kevin-alarcon-y-harry-merchan-de-artes-visuales-en-exposicion-colectiva-y-virtual\/","og_site_name":"Universidad de las Artes","article_publisher":"https:\/\/www.facebook.com\/uartesec","article_published_time":"2020-06-09T15:21:34+00:00","article_modified_time":"2024-07-04T16:43:03+00:00","og_image":[{"width":872,"height":581,"url":"https:\/\/www.uartes.edu.ec\/sitio\/wp-content\/uploads\/2020\/06\/Ventana-anal\u00f3gica-Kevin-Alarc\u00f3n.jpg","type":"image\/jpeg"}],"author":"Universidad de las Artes","twitter_card":"summary_large_image","twitter_creator":"@uartesec","twitter_site":"@uartesec","twitter_misc":{"Written by":"Universidad de las Artes","Est. reading time":"5 minutes"},"schema":{"@context":"https:\/\/schema.org","@graph":[{"@type":"Article","@id":"https:\/\/www.uartes.edu.ec\/sitio\/en\/blog\/2020\/06\/09\/kevin-alarcon-y-harry-merchan-de-artes-visuales-en-exposicion-colectiva-y-virtual\/#article","isPartOf":{"@id":"https:\/\/www.uartes.edu.ec\/sitio\/en\/blog\/2020\/06\/09\/kevin-alarcon-y-harry-merchan-de-artes-visuales-en-exposicion-colectiva-y-virtual\/"},"author":{"name":"Universidad de las Artes","@id":"https:\/\/www.uartes.edu.ec\/sitio\/en\/#\/schema\/person\/f33f8c1d2af0d5c80a38c8abf458184a"},"headline":"Kevin Alarc\u00f3n y Harry Merch\u00e1n, de Artes Visuales, en exposici\u00f3n colectiva y virtual","datePublished":"2020-06-09T15:21:34+00:00","dateModified":"2024-07-04T16:43:03+00:00","mainEntityOfPage":{"@id":"https:\/\/www.uartes.edu.ec\/sitio\/en\/blog\/2020\/06\/09\/kevin-alarcon-y-harry-merchan-de-artes-visuales-en-exposicion-colectiva-y-virtual\/"},"wordCount":990,"publisher":{"@id":"https:\/\/www.uartes.edu.ec\/sitio\/en\/#organization"},"image":{"@id":"https:\/\/www.uartes.edu.ec\/sitio\/en\/blog\/2020\/06\/09\/kevin-alarcon-y-harry-merchan-de-artes-visuales-en-exposicion-colectiva-y-virtual\/#primaryimage"},"thumbnailUrl":"https:\/\/www.uartes.edu.ec\/sitio\/wp-content\/uploads\/2020\/06\/Ventana-anal\u00f3gica-Kevin-Alarc\u00f3n.jpg","keywords":["covid19"],"articleSection":["Artes","Artes Visuales","Estudiantes"],"inLanguage":"en-US"},{"@type":["WebPage","ItemPage"],"@id":"https:\/\/www.uartes.edu.ec\/sitio\/en\/blog\/2020\/06\/09\/kevin-alarcon-y-harry-merchan-de-artes-visuales-en-exposicion-colectiva-y-virtual\/","url":"https:\/\/www.uartes.edu.ec\/sitio\/en\/blog\/2020\/06\/09\/kevin-alarcon-y-harry-merchan-de-artes-visuales-en-exposicion-colectiva-y-virtual\/","name":"Universidad de las Artes - Kevin Alarc\u00f3n y Harry Merch\u00e1n, de Artes Visuales, en exposici\u00f3n colectiva y virtual","isPartOf":{"@id":"https:\/\/www.uartes.edu.ec\/sitio\/en\/#website"},"primaryImageOfPage":{"@id":"https:\/\/www.uartes.edu.ec\/sitio\/en\/blog\/2020\/06\/09\/kevin-alarcon-y-harry-merchan-de-artes-visuales-en-exposicion-colectiva-y-virtual\/#primaryimage"},"image":{"@id":"https:\/\/www.uartes.edu.ec\/sitio\/en\/blog\/2020\/06\/09\/kevin-alarcon-y-harry-merchan-de-artes-visuales-en-exposicion-colectiva-y-virtual\/#primaryimage"},"thumbnailUrl":"https:\/\/www.uartes.edu.ec\/sitio\/wp-content\/uploads\/2020\/06\/Ventana-anal\u00f3gica-Kevin-Alarc\u00f3n.jpg","datePublished":"2020-06-09T15:21:34+00:00","dateModified":"2024-07-04T16:43:03+00:00","description":"Universidad de las Artes - Kevin Alarc\u00f3n y Harry Merch\u00e1n, de Artes Visuales, en exposici\u00f3n colectiva y virtual","breadcrumb":{"@id":"https:\/\/www.uartes.edu.ec\/sitio\/en\/blog\/2020\/06\/09\/kevin-alarcon-y-harry-merchan-de-artes-visuales-en-exposicion-colectiva-y-virtual\/#breadcrumb"},"inLanguage":"en-US","potentialAction":[{"@type":"ReadAction","target":["https:\/\/www.uartes.edu.ec\/sitio\/en\/blog\/2020\/06\/09\/kevin-alarcon-y-harry-merchan-de-artes-visuales-en-exposicion-colectiva-y-virtual\/"]}]},{"@type":"ImageObject","inLanguage":"en-US","@id":"https:\/\/www.uartes.edu.ec\/sitio\/en\/blog\/2020\/06\/09\/kevin-alarcon-y-harry-merchan-de-artes-visuales-en-exposicion-colectiva-y-virtual\/#primaryimage","url":"https:\/\/www.uartes.edu.ec\/sitio\/wp-content\/uploads\/2020\/06\/Ventana-anal\u00f3gica-Kevin-Alarc\u00f3n.jpg","contentUrl":"https:\/\/www.uartes.edu.ec\/sitio\/wp-content\/uploads\/2020\/06\/Ventana-anal\u00f3gica-Kevin-Alarc\u00f3n.jpg","width":872,"height":581},{"@type":"BreadcrumbList","@id":"https:\/\/www.uartes.edu.ec\/sitio\/en\/blog\/2020\/06\/09\/kevin-alarcon-y-harry-merchan-de-artes-visuales-en-exposicion-colectiva-y-virtual\/#breadcrumb","itemListElement":[{"@type":"ListItem","position":1,"name":"Inicio","item":"https:\/\/www.uartes.edu.ec\/sitio\/"},{"@type":"ListItem","position":2,"name":"Kevin Alarc\u00f3n y Harry Merch\u00e1n, de Artes Visuales, en exposici\u00f3n colectiva y virtual"}]},{"@type":"WebSite","@id":"https:\/\/www.uartes.edu.ec\/sitio\/en\/#website","url":"https:\/\/www.uartes.edu.ec\/sitio\/en\/","name":"Universidad de las Artes","description":"Sitio oficial de la Universidad Nacional de las Artes del Ecuador","publisher":{"@id":"https:\/\/www.uartes.edu.ec\/sitio\/en\/#organization"},"potentialAction":[{"@type":"SearchAction","target":{"@type":"EntryPoint","urlTemplate":"https:\/\/www.uartes.edu.ec\/sitio\/en\/?s={search_term_string}"},"query-input":{"@type":"PropertyValueSpecification","valueRequired":true,"valueName":"search_term_string"}}],"inLanguage":"en-US"},{"@type":"Organization","@id":"https:\/\/www.uartes.edu.ec\/sitio\/en\/#organization","name":"Universidad de las Artes","url":"https:\/\/www.uartes.edu.ec\/sitio\/en\/","logo":{"@type":"ImageObject","inLanguage":"en-US","@id":"https:\/\/www.uartes.edu.ec\/sitio\/en\/#\/schema\/logo\/image\/","url":"https:\/\/www.uartes.edu.ec\/sitio\/wp-content\/uploads\/2022\/07\/logo-ua-horizontal.png","contentUrl":"https:\/\/www.uartes.edu.ec\/sitio\/wp-content\/uploads\/2022\/07\/logo-ua-horizontal.png","width":800,"height":276,"caption":"Universidad de las Artes"},"image":{"@id":"https:\/\/www.uartes.edu.ec\/sitio\/en\/#\/schema\/logo\/image\/"},"sameAs":["https:\/\/www.facebook.com\/uartesec","https:\/\/x.com\/uartesec","https:\/\/www.tiktok.com\/@uartesec"]},{"@type":"Person","@id":"https:\/\/www.uartes.edu.ec\/sitio\/en\/#\/schema\/person\/f33f8c1d2af0d5c80a38c8abf458184a","name":"Universidad de las Artes","image":{"@type":"ImageObject","inLanguage":"en-US","@id":"https:\/\/secure.gravatar.com\/avatar\/52e4757902f5cfa5ac52d020e5be83cae5487519154b6c35482fe08d589f3c13?s=96&d=mm&r=g","url":"https:\/\/secure.gravatar.com\/avatar\/52e4757902f5cfa5ac52d020e5be83cae5487519154b6c35482fe08d589f3c13?s=96&d=mm&r=g","contentUrl":"https:\/\/secure.gravatar.com\/avatar\/52e4757902f5cfa5ac52d020e5be83cae5487519154b6c35482fe08d589f3c13?s=96&d=mm&r=g","caption":"Universidad de las Artes"},"url":"https:\/\/www.uartes.edu.ec\/sitio\/en\/blog\/author\/dircomadm\/"}]}},"uagb_featured_image_src":{"full":["https:\/\/www.uartes.edu.ec\/sitio\/wp-content\/uploads\/2020\/06\/Ventana-anal\u00f3gica-Kevin-Alarc\u00f3n.jpg",872,581,false],"thumbnail":["https:\/\/www.uartes.edu.ec\/sitio\/wp-content\/uploads\/2020\/06\/Ventana-anal\u00f3gica-Kevin-Alarc\u00f3n-150x150.jpg",150,150,true],"medium":["https:\/\/www.uartes.edu.ec\/sitio\/wp-content\/uploads\/2020\/06\/Ventana-anal\u00f3gica-Kevin-Alarc\u00f3n-300x200.jpg",300,200,true],"medium_large":["https:\/\/www.uartes.edu.ec\/sitio\/wp-content\/uploads\/2020\/06\/Ventana-anal\u00f3gica-Kevin-Alarc\u00f3n-768x512.jpg",768,512,true],"large":["https:\/\/www.uartes.edu.ec\/sitio\/wp-content\/uploads\/2020\/06\/Ventana-anal\u00f3gica-Kevin-Alarc\u00f3n-644x429.jpg",644,429,true],"1536x1536":["https:\/\/www.uartes.edu.ec\/sitio\/wp-content\/uploads\/2020\/06\/Ventana-anal\u00f3gica-Kevin-Alarc\u00f3n.jpg",872,581,false],"2048x2048":["https:\/\/www.uartes.edu.ec\/sitio\/wp-content\/uploads\/2020\/06\/Ventana-anal\u00f3gica-Kevin-Alarc\u00f3n.jpg",872,581,false],"trp-custom-language-flag":["https:\/\/www.uartes.edu.ec\/sitio\/wp-content\/uploads\/2020\/06\/Ventana-anal\u00f3gica-Kevin-Alarc\u00f3n.jpg",18,12,false],"htmega_size_585x295":["https:\/\/www.uartes.edu.ec\/sitio\/wp-content\/uploads\/2020\/06\/Ventana-anal\u00f3gica-Kevin-Alarc\u00f3n.jpg",443,295,false],"htmega_size_1170x536":["https:\/\/www.uartes.edu.ec\/sitio\/wp-content\/uploads\/2020\/06\/Ventana-anal\u00f3gica-Kevin-Alarc\u00f3n.jpg",804,536,false],"htmega_size_396x360":["https:\/\/www.uartes.edu.ec\/sitio\/wp-content\/uploads\/2020\/06\/Ventana-anal\u00f3gica-Kevin-Alarc\u00f3n.jpg",396,264,false],"gb-block-post-grid-landscape":["https:\/\/www.uartes.edu.ec\/sitio\/wp-content\/uploads\/2020\/06\/Ventana-anal\u00f3gica-Kevin-Alarc\u00f3n.jpg",600,400,false],"gb-block-post-grid-square":["https:\/\/www.uartes.edu.ec\/sitio\/wp-content\/uploads\/2020\/06\/Ventana-anal\u00f3gica-Kevin-Alarc\u00f3n.jpg",600,400,false],"university-hub-thumb":["https:\/\/www.uartes.edu.ec\/sitio\/wp-content\/uploads\/2020\/06\/Ventana-anal\u00f3gica-Kevin-Alarc\u00f3n-400x267.jpg",400,267,true]},"uagb_author_info":{"display_name":"Universidad de las Artes","author_link":"https:\/\/www.uartes.edu.ec\/sitio\/en\/blog\/author\/dircomadm\/"},"uagb_comment_info":0,"uagb_excerpt":"Cursan el tercer semestre de la Escuela de Artes Visuales de la Universidad de las Artes y Kevin Alarc\u00f3n y Harry Merch\u00e1n ya tienen la experiencia de haber participado \u2013el 30 y 31 de mayo, respectivamente\u2013 en una muestra colectiva, a nivel nacional y virtual. Se trata de Exposici\u00f3n de Arte Musa, para la cual,&hellip;","featured_image_src":"https:\/\/www.uartes.edu.ec\/sitio\/wp-content\/uploads\/2020\/06\/Ventana-anal\u00f3gica-Kevin-Alarc\u00f3n.jpg","featured_image_src_square":"https:\/\/www.uartes.edu.ec\/sitio\/wp-content\/uploads\/2020\/06\/Ventana-anal\u00f3gica-Kevin-Alarc\u00f3n.jpg","author_info":{"display_name":"Universidad de las Artes","author_link":"https:\/\/www.uartes.edu.ec\/sitio\/en\/blog\/author\/dircomadm\/"},"publishpress_future_workflow_manual_trigger":{"enabledWorkflows":[]},"distributor_meta":false,"distributor_terms":false,"distributor_media":false,"distributor_original_site_name":"Universidad de las Artes","distributor_original_site_url":"https:\/\/www.uartes.edu.ec\/sitio\/en","push-errors":false,"_links":{"self":[{"href":"https:\/\/www.uartes.edu.ec\/sitio\/en\/wp-json\/wp\/v2\/posts\/7214","targetHints":{"allow":["GET"]}}],"collection":[{"href":"https:\/\/www.uartes.edu.ec\/sitio\/en\/wp-json\/wp\/v2\/posts"}],"about":[{"href":"https:\/\/www.uartes.edu.ec\/sitio\/en\/wp-json\/wp\/v2\/types\/post"}],"author":[{"embeddable":true,"href":"https:\/\/www.uartes.edu.ec\/sitio\/en\/wp-json\/wp\/v2\/users\/1"}],"replies":[{"embeddable":true,"href":"https:\/\/www.uartes.edu.ec\/sitio\/en\/wp-json\/wp\/v2\/comments?post=7214"}],"version-history":[{"count":2,"href":"https:\/\/www.uartes.edu.ec\/sitio\/en\/wp-json\/wp\/v2\/posts\/7214\/revisions"}],"predecessor-version":[{"id":57608,"href":"https:\/\/www.uartes.edu.ec\/sitio\/en\/wp-json\/wp\/v2\/posts\/7214\/revisions\/57608"}],"wp:featuredmedia":[{"embeddable":true,"href":"https:\/\/www.uartes.edu.ec\/sitio\/en\/wp-json\/wp\/v2\/media\/7216"}],"wp:attachment":[{"href":"https:\/\/www.uartes.edu.ec\/sitio\/en\/wp-json\/wp\/v2\/media?parent=7214"}],"wp:term":[{"taxonomy":"category","embeddable":true,"href":"https:\/\/www.uartes.edu.ec\/sitio\/en\/wp-json\/wp\/v2\/categories?post=7214"},{"taxonomy":"post_tag","embeddable":true,"href":"https:\/\/www.uartes.edu.ec\/sitio\/en\/wp-json\/wp\/v2\/tags?post=7214"},{"taxonomy":"infouartes","embeddable":true,"href":"https:\/\/www.uartes.edu.ec\/sitio\/en\/wp-json\/wp\/v2\/infouartes?post=7214"}],"curies":[{"name":"wp","href":"https:\/\/api.w.org\/{rel}","templated":true}]}}