{"id":7247,"date":"2020-06-12T17:02:27","date_gmt":"2020-06-12T22:02:27","guid":{"rendered":"http:\/\/www.uartes.edu.ec\/sitio\/?p=7247"},"modified":"2024-07-04T11:43:01","modified_gmt":"2024-07-04T16:43:01","slug":"encuentros-virtuales-con-colegios-de-quito-para-conocer-oferta-academica-de-la-uartes","status":"publish","type":"post","link":"https:\/\/www.uartes.edu.ec\/sitio\/en\/blog\/2020\/06\/12\/encuentros-virtuales-con-colegios-de-quito-para-conocer-oferta-academica-de-la-uartes\/","title":{"rendered":"Encuentros virtuales con colegios de Quito para conocer oferta acad\u00e9mica de la UArtes"},"content":{"rendered":"<p>La reuni\u00f3n virtual que Gustavo Vizca\u00edno, director de Gesti\u00f3n Acad\u00e9mica UArtes Quito, mantuvo este jueves 11 de junio de 2020 con los estudiantes de la Unidad Educativa Miguel Moreno Espinosa&nbsp;de la capital result\u00f3 satisfactoria no solo para nuestra instituci\u00f3n acad\u00e9mica, sino para los alumnos que en compa\u00f1\u00eda de sus padres se conectaron a la videoconferencia.<\/p>\n\n\n\n<p>La cita fue el resultado del contacto que permanentemente mantiene la Universidad de las Artes con las instituciones educativas. Este a\u00f1o lectivo no fue posible realizar visitas personales para dar a conocer nuestra oferta acad\u00e9mica al estudiantado que est\u00e1 concluyendo el bachillerato, debido a la emergencia sanitaria, por lo que se decidi\u00f3 hacerlo a trav\u00e9s de visitas virtuales por medio de Zoom o Teams, acompa\u00f1ado por las redes sociales.<\/p>\n\n\n\n<p>La respuesta fue masiva. El Facebook Live alcanz\u00f3 a casi 2.000 personas y m\u00e1s de 400 reprodujeron el video. \u201cLa respuesta tuvo alta convocatoria, participaron 37 colegios de Quito, Pujil\u00ed, Babahoyo e Ibarra\u201d, sostuvo Gustavo Vizca\u00edno. Agreg\u00f3 que la Unidad Educativa Miguel Moreno Espinosa solicit\u00f3 una presentaci\u00f3n exclusiva, ya que se trata de un colegio para personas con deficiencia auditiva y de lenguaje. En la reuni\u00f3n virtual no solo participaron estudiantes, sino que tambi\u00e9n estuvieron presentes padres de familia y autoridades del plantel\u201d. Esta presentaci\u00f3n fue muy singular en atenci\u00f3n a que se recurri\u00f3 a int\u00e9rpretes (conocedores del lenguaje de se\u00f1as), quienes apoyaron a la presentaci\u00f3n que Gustavo Vizca\u00edno hizo desde Quito y Doris Romero, representante de la Secretar\u00eda Acad\u00e9mica, desde Guayaquil.<\/p>\n\n\n\n<p>Con im\u00e1genes, diapositivas y videos, el Director de Gesti\u00f3n Acad\u00e9mica UArtes Quito detall\u00f3 su ubicaci\u00f3n, en el centro de Guayaquil, e infraestructura; su creaci\u00f3n, en el 2013; sus sedes, sus carreras, sus escuelas de pre y posgrado, su tecnolog\u00eda. \u201cCon licenciaturas en Literatura, Producci\u00f3n Musical, Artes Sonoras, Artes Visuales, Danza, Creaci\u00f3n Teatral, Cine y Pedagog\u00eda de las Artes y Humanidades, desarrollada esta conjuntamente con la Universidad Nacional de Educaci\u00f3n (UNAE). Est\u00e1 en camino la de Arquitectura y Urbanismo, y tenemos, asimismo, en dise\u00f1o otras maestr\u00edas\u201d.<\/p>\n\n\n\n<p>Tambi\u00e9n mencion\u00f3 el n\u00famero de estudiantes de la UArtes y su procedencia. Son de 21 de las 24 provincias del pa\u00eds y, justamente, uno de los objetivos importantes es dar a conocer la oferta acad\u00e9mica para poder recibir as\u00ed a estudiantes de otras latitudes. \u201cNos interesa mucho la diversidad y enriquecer la participaci\u00f3n de gente de diferentes cultura y origen para que se pueda tener un trabajo interactivo m\u00e1s rico entre estudiantes y docentes\u201d.<\/p>\n\n\n\n<p>La UArtes tiene ya dos promociones de estudiantes graduados, 111 fue su segunda cohorte, y 45 artistas concluyeron satisfactoriamente el proceso de Validaci\u00f3n de Trayectoria en el campo de las artes, dijo Gustavo Vizca\u00edno. Habl\u00f3 tambi\u00e9n de la distribuci\u00f3n econ\u00f3mica de los estudiantes, de las becas y ayudas y de su personal acad\u00e9mico. Mencion\u00f3 la diversidad y caracter\u00edsticas del alumnado y las discapacidades. El talento est\u00e1 por sobre las limitaciones, refiri\u00f3 y mencion\u00f3 que tener como indicador que la tasa de retenci\u00f3n de la UArtes sea de 94,9% se debe a un riguroso proceso de admisi\u00f3n, pues el estudiante admitido es aquel que tiene talento para las artes y no la toma como actividad complementaria.<\/p>\n\n\n\n<div class=\"wp-block-image\"><figure class=\"aligncenter size-large\"><img fetchpriority=\"high\" decoding=\"async\" width=\"644\" height=\"429\" src=\"http:\/\/www.uartes.edu.ec\/sitio\/wp-content\/uploads\/2020\/06\/WhatsApp-Image-2020-06-12-at-16.52_-644x429.jpg\" alt=\"\" class=\"wp-image-7248\" srcset=\"https:\/\/www.uartes.edu.ec\/sitio\/wp-content\/uploads\/2020\/06\/WhatsApp-Image-2020-06-12-at-16.52_-644x429.jpg 644w, https:\/\/www.uartes.edu.ec\/sitio\/wp-content\/uploads\/2020\/06\/WhatsApp-Image-2020-06-12-at-16.52_-300x200.jpg 300w, https:\/\/www.uartes.edu.ec\/sitio\/wp-content\/uploads\/2020\/06\/WhatsApp-Image-2020-06-12-at-16.52_-768x512.jpg 768w, https:\/\/www.uartes.edu.ec\/sitio\/wp-content\/uploads\/2020\/06\/WhatsApp-Image-2020-06-12-at-16.52_-600x400.jpg 600w, https:\/\/www.uartes.edu.ec\/sitio\/wp-content\/uploads\/2020\/06\/WhatsApp-Image-2020-06-12-at-16.52_-400x267.jpg 400w, https:\/\/www.uartes.edu.ec\/sitio\/wp-content\/uploads\/2020\/06\/WhatsApp-Image-2020-06-12-at-16.52_-272x182.jpg 272w, https:\/\/www.uartes.edu.ec\/sitio\/wp-content\/uploads\/2020\/06\/WhatsApp-Image-2020-06-12-at-16.52_.jpg 1280w\" sizes=\"(max-width: 644px) 100vw, 644px\" \/><\/figure><\/div>\n\n\n\n<p>De los resultados de investigaci\u00f3n de la UArtes resalt\u00f3, entre otros, sus 24 art\u00edculos indexados, ocho libros publicados, 73 proyectos investigativos en ejecuci\u00f3n, 94 producciones art\u00edsticas y 158 participaciones de docentes en eventos acad\u00e9micos. Dio cuenta de los convenios a nivel internacional, los programas de intercambio acad\u00e9mico y residencias art\u00edsticas, y las plataformas para la formaci\u00f3n de p\u00fablicos, como Interactos, Interactitos y Libre Libro.<\/p>\n\n\n\n<p>La informaci\u00f3n que Gustavo Vizca\u00edno proporcion\u00f3 a los pr\u00f3ximos graduados del bachillerato de la Unidad Educativa Miguel Moreno Espinosa fue amplia, puntual y completa. Doris Romero de la Secretar\u00eda Acad\u00e9mica dio a conocer luego el proceso de admisi\u00f3n para el II Semestre 2020, mismo que concluir\u00e1 el 25 de junio. Mediante lenguaje de se\u00f1as los estudiantes manifestaron sus inquietudes; tambi\u00e9n sus padres intervinieron, unos lament\u00e1ndose por las distancias y otros analizando la posibilidad de que sus hijos se postulen para la UArtes.<\/p>","protected":false},"excerpt":{"rendered":"<p>La reuni\u00f3n virtual que Gustavo Vizca\u00edno, director de Gesti\u00f3n Acad\u00e9mica UArtes Quito, mantuvo este jueves 11 de junio de 2020 con los estudiantes de la Unidad Educativa Miguel Moreno Espinosa de la capital result\u00f3 satisfactoria no solo para nuestra instituci\u00f3n acad\u00e9mica, sino para los alumnos que en compa\u00f1\u00eda de sus padres se conectaron a la videoconferencia.<\/p>","protected":false},"author":1,"featured_media":7249,"comment_status":"closed","ping_status":"closed","sticky":false,"template":"","format":"standard","meta":{"_acf_changed":false,"_uag_custom_page_level_css":"","_monsterinsights_skip_tracking":false,"_monsterinsights_sitenote_active":false,"_monsterinsights_sitenote_note":"","_monsterinsights_sitenote_category":0,"cybocfi_hide_featured_image":"","footnotes":""},"categories":[80,77,79],"tags":[211,229],"infouartes":[],"class_list":["post-7247","post","type-post","status-publish","format-standard","has-post-thumbnail","hentry","category-academico","category-gestion","category-vinculo","tag-covid19","tag-pedagogia-de-las-artes-y-humanidades"],"acf":[],"yoast_head":"<!-- This site is optimized with the Yoast SEO plugin v27.4 - https:\/\/yoast.com\/product\/yoast-seo-wordpress\/ -->\n<title>Universidad de las Artes - Encuentros virtuales con colegios de Quito para conocer oferta acad\u00e9mica de la UArtes<\/title>\n<meta name=\"description\" content=\"Universidad de las Artes - Encuentros virtuales con colegios de Quito para conocer oferta acad\u00e9mica de la UArtes\" \/>\n<meta name=\"robots\" content=\"index, follow, max-snippet:-1, max-image-preview:large, max-video-preview:-1\" \/>\n<link rel=\"canonical\" href=\"https:\/\/www.uartes.edu.ec\/sitio\/en\/blog\/2020\/06\/12\/encuentros-virtuales-con-colegios-de-quito-para-conocer-oferta-academica-de-la-uartes\/\" \/>\n<meta property=\"og:locale\" content=\"en_US\" \/>\n<meta property=\"og:type\" content=\"article\" \/>\n<meta property=\"og:title\" content=\"Universidad de las Artes - Encuentros virtuales con colegios de Quito para conocer oferta acad\u00e9mica de la UArtes\" \/>\n<meta property=\"og:description\" content=\"Universidad de las Artes - Encuentros virtuales con colegios de Quito para conocer oferta acad\u00e9mica de la UArtes\" \/>\n<meta property=\"og:url\" content=\"https:\/\/www.uartes.edu.ec\/sitio\/en\/blog\/2020\/06\/12\/encuentros-virtuales-con-colegios-de-quito-para-conocer-oferta-academica-de-la-uartes\/\" \/>\n<meta property=\"og:site_name\" content=\"Universidad de las Artes\" \/>\n<meta property=\"article:publisher\" content=\"https:\/\/www.facebook.com\/uartesec\" \/>\n<meta property=\"article:published_time\" content=\"2020-06-12T22:02:27+00:00\" \/>\n<meta property=\"article:modified_time\" content=\"2024-07-04T16:43:01+00:00\" \/>\n<meta property=\"og:image\" content=\"https:\/\/www.uartes.edu.ec\/sitio\/wp-content\/uploads\/2020\/06\/WhatsApp-Image-2020-06-12-at-16.52.jpg\" \/>\n\t<meta property=\"og:image:width\" content=\"1280\" \/>\n\t<meta property=\"og:image:height\" content=\"853\" \/>\n\t<meta property=\"og:image:type\" content=\"image\/jpeg\" \/>\n<meta name=\"author\" content=\"Universidad de las Artes\" \/>\n<meta name=\"twitter:card\" content=\"summary_large_image\" \/>\n<meta name=\"twitter:creator\" content=\"@uartesec\" \/>\n<meta name=\"twitter:site\" content=\"@uartesec\" \/>\n<meta name=\"twitter:label1\" content=\"Written by\" \/>\n\t<meta name=\"twitter:data1\" content=\"Universidad de las Artes\" \/>\n\t<meta name=\"twitter:label2\" content=\"Est. reading time\" \/>\n\t<meta name=\"twitter:data2\" content=\"4 minutes\" \/>\n<script type=\"application\/ld+json\" class=\"yoast-schema-graph\">{\"@context\":\"https:\\\/\\\/schema.org\",\"@graph\":[{\"@type\":\"Article\",\"@id\":\"https:\\\/\\\/www.uartes.edu.ec\\\/sitio\\\/en\\\/blog\\\/2020\\\/06\\\/12\\\/encuentros-virtuales-con-colegios-de-quito-para-conocer-oferta-academica-de-la-uartes\\\/#article\",\"isPartOf\":{\"@id\":\"https:\\\/\\\/www.uartes.edu.ec\\\/sitio\\\/en\\\/blog\\\/2020\\\/06\\\/12\\\/encuentros-virtuales-con-colegios-de-quito-para-conocer-oferta-academica-de-la-uartes\\\/\"},\"author\":{\"name\":\"Universidad de las Artes\",\"@id\":\"https:\\\/\\\/www.uartes.edu.ec\\\/sitio\\\/en\\\/#\\\/schema\\\/person\\\/f33f8c1d2af0d5c80a38c8abf458184a\"},\"headline\":\"Encuentros virtuales con colegios de Quito para conocer oferta acad\u00e9mica de la UArtes\",\"datePublished\":\"2020-06-12T22:02:27+00:00\",\"dateModified\":\"2024-07-04T16:43:01+00:00\",\"mainEntityOfPage\":{\"@id\":\"https:\\\/\\\/www.uartes.edu.ec\\\/sitio\\\/en\\\/blog\\\/2020\\\/06\\\/12\\\/encuentros-virtuales-con-colegios-de-quito-para-conocer-oferta-academica-de-la-uartes\\\/\"},\"wordCount\":734,\"publisher\":{\"@id\":\"https:\\\/\\\/www.uartes.edu.ec\\\/sitio\\\/en\\\/#organization\"},\"image\":{\"@id\":\"https:\\\/\\\/www.uartes.edu.ec\\\/sitio\\\/en\\\/blog\\\/2020\\\/06\\\/12\\\/encuentros-virtuales-con-colegios-de-quito-para-conocer-oferta-academica-de-la-uartes\\\/#primaryimage\"},\"thumbnailUrl\":\"https:\\\/\\\/www.uartes.edu.ec\\\/sitio\\\/wp-content\\\/uploads\\\/2020\\\/06\\\/WhatsApp-Image-2020-06-12-at-16.52.jpg\",\"keywords\":[\"covid19\",\"Pedagog\u00eda de las Artes y Humanidades\"],\"articleSection\":[\"Acad\u00e9mico\",\"Gesti\u00f3n\",\"V\u00ednculo\"],\"inLanguage\":\"en-US\"},{\"@type\":[\"WebPage\",\"ItemPage\"],\"@id\":\"https:\\\/\\\/www.uartes.edu.ec\\\/sitio\\\/en\\\/blog\\\/2020\\\/06\\\/12\\\/encuentros-virtuales-con-colegios-de-quito-para-conocer-oferta-academica-de-la-uartes\\\/\",\"url\":\"https:\\\/\\\/www.uartes.edu.ec\\\/sitio\\\/en\\\/blog\\\/2020\\\/06\\\/12\\\/encuentros-virtuales-con-colegios-de-quito-para-conocer-oferta-academica-de-la-uartes\\\/\",\"name\":\"Universidad de las Artes - Encuentros virtuales con colegios de Quito para conocer oferta acad\u00e9mica de la UArtes\",\"isPartOf\":{\"@id\":\"https:\\\/\\\/www.uartes.edu.ec\\\/sitio\\\/en\\\/#website\"},\"primaryImageOfPage\":{\"@id\":\"https:\\\/\\\/www.uartes.edu.ec\\\/sitio\\\/en\\\/blog\\\/2020\\\/06\\\/12\\\/encuentros-virtuales-con-colegios-de-quito-para-conocer-oferta-academica-de-la-uartes\\\/#primaryimage\"},\"image\":{\"@id\":\"https:\\\/\\\/www.uartes.edu.ec\\\/sitio\\\/en\\\/blog\\\/2020\\\/06\\\/12\\\/encuentros-virtuales-con-colegios-de-quito-para-conocer-oferta-academica-de-la-uartes\\\/#primaryimage\"},\"thumbnailUrl\":\"https:\\\/\\\/www.uartes.edu.ec\\\/sitio\\\/wp-content\\\/uploads\\\/2020\\\/06\\\/WhatsApp-Image-2020-06-12-at-16.52.jpg\",\"datePublished\":\"2020-06-12T22:02:27+00:00\",\"dateModified\":\"2024-07-04T16:43:01+00:00\",\"description\":\"Universidad de las Artes - Encuentros virtuales con colegios de Quito para conocer oferta acad\u00e9mica de la UArtes\",\"breadcrumb\":{\"@id\":\"https:\\\/\\\/www.uartes.edu.ec\\\/sitio\\\/en\\\/blog\\\/2020\\\/06\\\/12\\\/encuentros-virtuales-con-colegios-de-quito-para-conocer-oferta-academica-de-la-uartes\\\/#breadcrumb\"},\"inLanguage\":\"en-US\",\"potentialAction\":[{\"@type\":\"ReadAction\",\"target\":[\"https:\\\/\\\/www.uartes.edu.ec\\\/sitio\\\/en\\\/blog\\\/2020\\\/06\\\/12\\\/encuentros-virtuales-con-colegios-de-quito-para-conocer-oferta-academica-de-la-uartes\\\/\"]}]},{\"@type\":\"ImageObject\",\"inLanguage\":\"en-US\",\"@id\":\"https:\\\/\\\/www.uartes.edu.ec\\\/sitio\\\/en\\\/blog\\\/2020\\\/06\\\/12\\\/encuentros-virtuales-con-colegios-de-quito-para-conocer-oferta-academica-de-la-uartes\\\/#primaryimage\",\"url\":\"https:\\\/\\\/www.uartes.edu.ec\\\/sitio\\\/wp-content\\\/uploads\\\/2020\\\/06\\\/WhatsApp-Image-2020-06-12-at-16.52.jpg\",\"contentUrl\":\"https:\\\/\\\/www.uartes.edu.ec\\\/sitio\\\/wp-content\\\/uploads\\\/2020\\\/06\\\/WhatsApp-Image-2020-06-12-at-16.52.jpg\",\"width\":1280,\"height\":853},{\"@type\":\"BreadcrumbList\",\"@id\":\"https:\\\/\\\/www.uartes.edu.ec\\\/sitio\\\/en\\\/blog\\\/2020\\\/06\\\/12\\\/encuentros-virtuales-con-colegios-de-quito-para-conocer-oferta-academica-de-la-uartes\\\/#breadcrumb\",\"itemListElement\":[{\"@type\":\"ListItem\",\"position\":1,\"name\":\"Inicio\",\"item\":\"https:\\\/\\\/www.uartes.edu.ec\\\/sitio\\\/\"},{\"@type\":\"ListItem\",\"position\":2,\"name\":\"Encuentros virtuales con colegios de Quito para conocer oferta acad\u00e9mica de la UArtes\"}]},{\"@type\":\"WebSite\",\"@id\":\"https:\\\/\\\/www.uartes.edu.ec\\\/sitio\\\/en\\\/#website\",\"url\":\"https:\\\/\\\/www.uartes.edu.ec\\\/sitio\\\/en\\\/\",\"name\":\"Universidad de las Artes\",\"description\":\"Sitio oficial de la Universidad Nacional de las Artes del Ecuador\",\"publisher\":{\"@id\":\"https:\\\/\\\/www.uartes.edu.ec\\\/sitio\\\/en\\\/#organization\"},\"potentialAction\":[{\"@type\":\"SearchAction\",\"target\":{\"@type\":\"EntryPoint\",\"urlTemplate\":\"https:\\\/\\\/www.uartes.edu.ec\\\/sitio\\\/en\\\/?s={search_term_string}\"},\"query-input\":{\"@type\":\"PropertyValueSpecification\",\"valueRequired\":true,\"valueName\":\"search_term_string\"}}],\"inLanguage\":\"en-US\"},{\"@type\":\"Organization\",\"@id\":\"https:\\\/\\\/www.uartes.edu.ec\\\/sitio\\\/en\\\/#organization\",\"name\":\"Universidad de las Artes\",\"url\":\"https:\\\/\\\/www.uartes.edu.ec\\\/sitio\\\/en\\\/\",\"logo\":{\"@type\":\"ImageObject\",\"inLanguage\":\"en-US\",\"@id\":\"https:\\\/\\\/www.uartes.edu.ec\\\/sitio\\\/en\\\/#\\\/schema\\\/logo\\\/image\\\/\",\"url\":\"https:\\\/\\\/www.uartes.edu.ec\\\/sitio\\\/wp-content\\\/uploads\\\/2022\\\/07\\\/logo-ua-horizontal.png\",\"contentUrl\":\"https:\\\/\\\/www.uartes.edu.ec\\\/sitio\\\/wp-content\\\/uploads\\\/2022\\\/07\\\/logo-ua-horizontal.png\",\"width\":800,\"height\":276,\"caption\":\"Universidad de las Artes\"},\"image\":{\"@id\":\"https:\\\/\\\/www.uartes.edu.ec\\\/sitio\\\/en\\\/#\\\/schema\\\/logo\\\/image\\\/\"},\"sameAs\":[\"https:\\\/\\\/www.facebook.com\\\/uartesec\",\"https:\\\/\\\/x.com\\\/uartesec\",\"https:\\\/\\\/www.tiktok.com\\\/@uartesec\"]},{\"@type\":\"Person\",\"@id\":\"https:\\\/\\\/www.uartes.edu.ec\\\/sitio\\\/en\\\/#\\\/schema\\\/person\\\/f33f8c1d2af0d5c80a38c8abf458184a\",\"name\":\"Universidad de las Artes\",\"image\":{\"@type\":\"ImageObject\",\"inLanguage\":\"en-US\",\"@id\":\"https:\\\/\\\/secure.gravatar.com\\\/avatar\\\/52e4757902f5cfa5ac52d020e5be83cae5487519154b6c35482fe08d589f3c13?s=96&d=mm&r=g\",\"url\":\"https:\\\/\\\/secure.gravatar.com\\\/avatar\\\/52e4757902f5cfa5ac52d020e5be83cae5487519154b6c35482fe08d589f3c13?s=96&d=mm&r=g\",\"contentUrl\":\"https:\\\/\\\/secure.gravatar.com\\\/avatar\\\/52e4757902f5cfa5ac52d020e5be83cae5487519154b6c35482fe08d589f3c13?s=96&d=mm&r=g\",\"caption\":\"Universidad de las Artes\"},\"url\":\"https:\\\/\\\/www.uartes.edu.ec\\\/sitio\\\/en\\\/blog\\\/author\\\/dircomadm\\\/\"}]}<\/script>\n<!-- \/ Yoast SEO plugin. -->","yoast_head_json":{"title":"Universidad de las Artes - Encuentros virtuales con colegios de Quito para conocer oferta acad\u00e9mica de la UArtes","description":"Universidad de las Artes - Encuentros virtuales con colegios de Quito para conocer oferta acad\u00e9mica de la UArtes","robots":{"index":"index","follow":"follow","max-snippet":"max-snippet:-1","max-image-preview":"max-image-preview:large","max-video-preview":"max-video-preview:-1"},"canonical":"https:\/\/www.uartes.edu.ec\/sitio\/en\/blog\/2020\/06\/12\/encuentros-virtuales-con-colegios-de-quito-para-conocer-oferta-academica-de-la-uartes\/","og_locale":"en_US","og_type":"article","og_title":"Universidad de las Artes - Encuentros virtuales con colegios de Quito para conocer oferta acad\u00e9mica de la UArtes","og_description":"Universidad de las Artes - Encuentros virtuales con colegios de Quito para conocer oferta acad\u00e9mica de la UArtes","og_url":"https:\/\/www.uartes.edu.ec\/sitio\/en\/blog\/2020\/06\/12\/encuentros-virtuales-con-colegios-de-quito-para-conocer-oferta-academica-de-la-uartes\/","og_site_name":"Universidad de las Artes","article_publisher":"https:\/\/www.facebook.com\/uartesec","article_published_time":"2020-06-12T22:02:27+00:00","article_modified_time":"2024-07-04T16:43:01+00:00","og_image":[{"width":1280,"height":853,"url":"https:\/\/www.uartes.edu.ec\/sitio\/wp-content\/uploads\/2020\/06\/WhatsApp-Image-2020-06-12-at-16.52.jpg","type":"image\/jpeg"}],"author":"Universidad de las Artes","twitter_card":"summary_large_image","twitter_creator":"@uartesec","twitter_site":"@uartesec","twitter_misc":{"Written by":"Universidad de las Artes","Est. reading time":"4 minutes"},"schema":{"@context":"https:\/\/schema.org","@graph":[{"@type":"Article","@id":"https:\/\/www.uartes.edu.ec\/sitio\/en\/blog\/2020\/06\/12\/encuentros-virtuales-con-colegios-de-quito-para-conocer-oferta-academica-de-la-uartes\/#article","isPartOf":{"@id":"https:\/\/www.uartes.edu.ec\/sitio\/en\/blog\/2020\/06\/12\/encuentros-virtuales-con-colegios-de-quito-para-conocer-oferta-academica-de-la-uartes\/"},"author":{"name":"Universidad de las Artes","@id":"https:\/\/www.uartes.edu.ec\/sitio\/en\/#\/schema\/person\/f33f8c1d2af0d5c80a38c8abf458184a"},"headline":"Encuentros virtuales con colegios de Quito para conocer oferta acad\u00e9mica de la UArtes","datePublished":"2020-06-12T22:02:27+00:00","dateModified":"2024-07-04T16:43:01+00:00","mainEntityOfPage":{"@id":"https:\/\/www.uartes.edu.ec\/sitio\/en\/blog\/2020\/06\/12\/encuentros-virtuales-con-colegios-de-quito-para-conocer-oferta-academica-de-la-uartes\/"},"wordCount":734,"publisher":{"@id":"https:\/\/www.uartes.edu.ec\/sitio\/en\/#organization"},"image":{"@id":"https:\/\/www.uartes.edu.ec\/sitio\/en\/blog\/2020\/06\/12\/encuentros-virtuales-con-colegios-de-quito-para-conocer-oferta-academica-de-la-uartes\/#primaryimage"},"thumbnailUrl":"https:\/\/www.uartes.edu.ec\/sitio\/wp-content\/uploads\/2020\/06\/WhatsApp-Image-2020-06-12-at-16.52.jpg","keywords":["covid19","Pedagog\u00eda de las Artes y Humanidades"],"articleSection":["Acad\u00e9mico","Gesti\u00f3n","V\u00ednculo"],"inLanguage":"en-US"},{"@type":["WebPage","ItemPage"],"@id":"https:\/\/www.uartes.edu.ec\/sitio\/en\/blog\/2020\/06\/12\/encuentros-virtuales-con-colegios-de-quito-para-conocer-oferta-academica-de-la-uartes\/","url":"https:\/\/www.uartes.edu.ec\/sitio\/en\/blog\/2020\/06\/12\/encuentros-virtuales-con-colegios-de-quito-para-conocer-oferta-academica-de-la-uartes\/","name":"Universidad de las Artes - Encuentros virtuales con colegios de Quito para conocer oferta acad\u00e9mica de la UArtes","isPartOf":{"@id":"https:\/\/www.uartes.edu.ec\/sitio\/en\/#website"},"primaryImageOfPage":{"@id":"https:\/\/www.uartes.edu.ec\/sitio\/en\/blog\/2020\/06\/12\/encuentros-virtuales-con-colegios-de-quito-para-conocer-oferta-academica-de-la-uartes\/#primaryimage"},"image":{"@id":"https:\/\/www.uartes.edu.ec\/sitio\/en\/blog\/2020\/06\/12\/encuentros-virtuales-con-colegios-de-quito-para-conocer-oferta-academica-de-la-uartes\/#primaryimage"},"thumbnailUrl":"https:\/\/www.uartes.edu.ec\/sitio\/wp-content\/uploads\/2020\/06\/WhatsApp-Image-2020-06-12-at-16.52.jpg","datePublished":"2020-06-12T22:02:27+00:00","dateModified":"2024-07-04T16:43:01+00:00","description":"Universidad de las Artes - Encuentros virtuales con colegios de Quito para conocer oferta acad\u00e9mica de la UArtes","breadcrumb":{"@id":"https:\/\/www.uartes.edu.ec\/sitio\/en\/blog\/2020\/06\/12\/encuentros-virtuales-con-colegios-de-quito-para-conocer-oferta-academica-de-la-uartes\/#breadcrumb"},"inLanguage":"en-US","potentialAction":[{"@type":"ReadAction","target":["https:\/\/www.uartes.edu.ec\/sitio\/en\/blog\/2020\/06\/12\/encuentros-virtuales-con-colegios-de-quito-para-conocer-oferta-academica-de-la-uartes\/"]}]},{"@type":"ImageObject","inLanguage":"en-US","@id":"https:\/\/www.uartes.edu.ec\/sitio\/en\/blog\/2020\/06\/12\/encuentros-virtuales-con-colegios-de-quito-para-conocer-oferta-academica-de-la-uartes\/#primaryimage","url":"https:\/\/www.uartes.edu.ec\/sitio\/wp-content\/uploads\/2020\/06\/WhatsApp-Image-2020-06-12-at-16.52.jpg","contentUrl":"https:\/\/www.uartes.edu.ec\/sitio\/wp-content\/uploads\/2020\/06\/WhatsApp-Image-2020-06-12-at-16.52.jpg","width":1280,"height":853},{"@type":"BreadcrumbList","@id":"https:\/\/www.uartes.edu.ec\/sitio\/en\/blog\/2020\/06\/12\/encuentros-virtuales-con-colegios-de-quito-para-conocer-oferta-academica-de-la-uartes\/#breadcrumb","itemListElement":[{"@type":"ListItem","position":1,"name":"Inicio","item":"https:\/\/www.uartes.edu.ec\/sitio\/"},{"@type":"ListItem","position":2,"name":"Encuentros virtuales con colegios de Quito para conocer oferta acad\u00e9mica de la UArtes"}]},{"@type":"WebSite","@id":"https:\/\/www.uartes.edu.ec\/sitio\/en\/#website","url":"https:\/\/www.uartes.edu.ec\/sitio\/en\/","name":"Universidad de las Artes","description":"Sitio oficial de la Universidad Nacional de las Artes del Ecuador","publisher":{"@id":"https:\/\/www.uartes.edu.ec\/sitio\/en\/#organization"},"potentialAction":[{"@type":"SearchAction","target":{"@type":"EntryPoint","urlTemplate":"https:\/\/www.uartes.edu.ec\/sitio\/en\/?s={search_term_string}"},"query-input":{"@type":"PropertyValueSpecification","valueRequired":true,"valueName":"search_term_string"}}],"inLanguage":"en-US"},{"@type":"Organization","@id":"https:\/\/www.uartes.edu.ec\/sitio\/en\/#organization","name":"Universidad de las Artes","url":"https:\/\/www.uartes.edu.ec\/sitio\/en\/","logo":{"@type":"ImageObject","inLanguage":"en-US","@id":"https:\/\/www.uartes.edu.ec\/sitio\/en\/#\/schema\/logo\/image\/","url":"https:\/\/www.uartes.edu.ec\/sitio\/wp-content\/uploads\/2022\/07\/logo-ua-horizontal.png","contentUrl":"https:\/\/www.uartes.edu.ec\/sitio\/wp-content\/uploads\/2022\/07\/logo-ua-horizontal.png","width":800,"height":276,"caption":"Universidad de las Artes"},"image":{"@id":"https:\/\/www.uartes.edu.ec\/sitio\/en\/#\/schema\/logo\/image\/"},"sameAs":["https:\/\/www.facebook.com\/uartesec","https:\/\/x.com\/uartesec","https:\/\/www.tiktok.com\/@uartesec"]},{"@type":"Person","@id":"https:\/\/www.uartes.edu.ec\/sitio\/en\/#\/schema\/person\/f33f8c1d2af0d5c80a38c8abf458184a","name":"Universidad de las Artes","image":{"@type":"ImageObject","inLanguage":"en-US","@id":"https:\/\/secure.gravatar.com\/avatar\/52e4757902f5cfa5ac52d020e5be83cae5487519154b6c35482fe08d589f3c13?s=96&d=mm&r=g","url":"https:\/\/secure.gravatar.com\/avatar\/52e4757902f5cfa5ac52d020e5be83cae5487519154b6c35482fe08d589f3c13?s=96&d=mm&r=g","contentUrl":"https:\/\/secure.gravatar.com\/avatar\/52e4757902f5cfa5ac52d020e5be83cae5487519154b6c35482fe08d589f3c13?s=96&d=mm&r=g","caption":"Universidad de las Artes"},"url":"https:\/\/www.uartes.edu.ec\/sitio\/en\/blog\/author\/dircomadm\/"}]}},"uagb_featured_image_src":{"full":["https:\/\/www.uartes.edu.ec\/sitio\/wp-content\/uploads\/2020\/06\/WhatsApp-Image-2020-06-12-at-16.52.jpg",1280,853,false],"thumbnail":["https:\/\/www.uartes.edu.ec\/sitio\/wp-content\/uploads\/2020\/06\/WhatsApp-Image-2020-06-12-at-16.52-150x150.jpg",150,150,true],"medium":["https:\/\/www.uartes.edu.ec\/sitio\/wp-content\/uploads\/2020\/06\/WhatsApp-Image-2020-06-12-at-16.52-300x200.jpg",300,200,true],"medium_large":["https:\/\/www.uartes.edu.ec\/sitio\/wp-content\/uploads\/2020\/06\/WhatsApp-Image-2020-06-12-at-16.52-768x512.jpg",768,512,true],"large":["https:\/\/www.uartes.edu.ec\/sitio\/wp-content\/uploads\/2020\/06\/WhatsApp-Image-2020-06-12-at-16.52-644x429.jpg",644,429,true],"1536x1536":["https:\/\/www.uartes.edu.ec\/sitio\/wp-content\/uploads\/2020\/06\/WhatsApp-Image-2020-06-12-at-16.52.jpg",1280,853,false],"2048x2048":["https:\/\/www.uartes.edu.ec\/sitio\/wp-content\/uploads\/2020\/06\/WhatsApp-Image-2020-06-12-at-16.52.jpg",1280,853,false],"trp-custom-language-flag":["https:\/\/www.uartes.edu.ec\/sitio\/wp-content\/uploads\/2020\/06\/WhatsApp-Image-2020-06-12-at-16.52.jpg",18,12,false],"htmega_size_585x295":["https:\/\/www.uartes.edu.ec\/sitio\/wp-content\/uploads\/2020\/06\/WhatsApp-Image-2020-06-12-at-16.52.jpg",443,295,false],"htmega_size_1170x536":["https:\/\/www.uartes.edu.ec\/sitio\/wp-content\/uploads\/2020\/06\/WhatsApp-Image-2020-06-12-at-16.52.jpg",804,536,false],"htmega_size_396x360":["https:\/\/www.uartes.edu.ec\/sitio\/wp-content\/uploads\/2020\/06\/WhatsApp-Image-2020-06-12-at-16.52.jpg",396,264,false],"gb-block-post-grid-landscape":["https:\/\/www.uartes.edu.ec\/sitio\/wp-content\/uploads\/2020\/06\/WhatsApp-Image-2020-06-12-at-16.52.jpg",600,400,false],"gb-block-post-grid-square":["https:\/\/www.uartes.edu.ec\/sitio\/wp-content\/uploads\/2020\/06\/WhatsApp-Image-2020-06-12-at-16.52.jpg",600,400,false],"university-hub-thumb":["https:\/\/www.uartes.edu.ec\/sitio\/wp-content\/uploads\/2020\/06\/WhatsApp-Image-2020-06-12-at-16.52-400x267.jpg",400,267,true]},"uagb_author_info":{"display_name":"Universidad de las Artes","author_link":"https:\/\/www.uartes.edu.ec\/sitio\/en\/blog\/author\/dircomadm\/"},"uagb_comment_info":0,"uagb_excerpt":"La reuni\u00f3n virtual que Gustavo Vizca\u00edno, director de Gesti\u00f3n Acad\u00e9mica UArtes Quito, mantuvo este jueves 11 de junio de 2020 con los estudiantes de la Unidad Educativa Miguel Moreno Espinosa de la capital result\u00f3 satisfactoria no solo para nuestra instituci\u00f3n acad\u00e9mica, sino para los alumnos que en compa\u00f1\u00eda de sus padres se conectaron a la&hellip;","featured_image_src":"https:\/\/www.uartes.edu.ec\/sitio\/wp-content\/uploads\/2020\/06\/WhatsApp-Image-2020-06-12-at-16.52.jpg","featured_image_src_square":"https:\/\/www.uartes.edu.ec\/sitio\/wp-content\/uploads\/2020\/06\/WhatsApp-Image-2020-06-12-at-16.52.jpg","author_info":{"display_name":"Universidad de las Artes","author_link":"https:\/\/www.uartes.edu.ec\/sitio\/en\/blog\/author\/dircomadm\/"},"publishpress_future_workflow_manual_trigger":{"enabledWorkflows":[]},"distributor_meta":false,"distributor_terms":false,"distributor_media":false,"distributor_original_site_name":"Universidad de las Artes","distributor_original_site_url":"https:\/\/www.uartes.edu.ec\/sitio\/en","push-errors":false,"_links":{"self":[{"href":"https:\/\/www.uartes.edu.ec\/sitio\/en\/wp-json\/wp\/v2\/posts\/7247","targetHints":{"allow":["GET"]}}],"collection":[{"href":"https:\/\/www.uartes.edu.ec\/sitio\/en\/wp-json\/wp\/v2\/posts"}],"about":[{"href":"https:\/\/www.uartes.edu.ec\/sitio\/en\/wp-json\/wp\/v2\/types\/post"}],"author":[{"embeddable":true,"href":"https:\/\/www.uartes.edu.ec\/sitio\/en\/wp-json\/wp\/v2\/users\/1"}],"replies":[{"embeddable":true,"href":"https:\/\/www.uartes.edu.ec\/sitio\/en\/wp-json\/wp\/v2\/comments?post=7247"}],"version-history":[{"count":2,"href":"https:\/\/www.uartes.edu.ec\/sitio\/en\/wp-json\/wp\/v2\/posts\/7247\/revisions"}],"predecessor-version":[{"id":57607,"href":"https:\/\/www.uartes.edu.ec\/sitio\/en\/wp-json\/wp\/v2\/posts\/7247\/revisions\/57607"}],"wp:featuredmedia":[{"embeddable":true,"href":"https:\/\/www.uartes.edu.ec\/sitio\/en\/wp-json\/wp\/v2\/media\/7249"}],"wp:attachment":[{"href":"https:\/\/www.uartes.edu.ec\/sitio\/en\/wp-json\/wp\/v2\/media?parent=7247"}],"wp:term":[{"taxonomy":"category","embeddable":true,"href":"https:\/\/www.uartes.edu.ec\/sitio\/en\/wp-json\/wp\/v2\/categories?post=7247"},{"taxonomy":"post_tag","embeddable":true,"href":"https:\/\/www.uartes.edu.ec\/sitio\/en\/wp-json\/wp\/v2\/tags?post=7247"},{"taxonomy":"infouartes","embeddable":true,"href":"https:\/\/www.uartes.edu.ec\/sitio\/en\/wp-json\/wp\/v2\/infouartes?post=7247"}],"curies":[{"name":"wp","href":"https:\/\/api.w.org\/{rel}","templated":true}]}}