{"id":72590,"date":"2025-05-26T17:18:00","date_gmt":"2025-05-26T22:18:00","guid":{"rendered":"https:\/\/www.uartes.edu.ec\/sitio\/?p=72590"},"modified":"2025-06-02T10:14:09","modified_gmt":"2025-06-02T15:14:09","slug":"helix-la-muestra-de-la-docente-gabriela-fabre-que-reabrio-las-puertas-de-arte-actual-flacso","status":"publish","type":"post","link":"https:\/\/www.uartes.edu.ec\/sitio\/en\/blog\/2025\/05\/26\/helix-la-muestra-de-la-docente-gabriela-fabre-que-reabrio-las-puertas-de-arte-actual-flacso\/","title":{"rendered":"\u201cHexis\u201d, exposici\u00f3n de la docente Gabriela Fabre reabri\u00f3 puertas de Arte Actual Flacso"},"content":{"rendered":"<p>Como una fecha para no olvidar qued\u00f3 el 17 de mayo pasado. Ese d\u00eda la artista guayaquile\u00f1a Gabriela Fabre inaugur\u00f3 en Quito la muestra \u201cHexis\u201d, una serie que explora temas de cuerpo, consuelo y memoria mediante un conjunto de objetos-muebles escult\u00f3ricos. Lo hizo en Arte Actual Flacso, plataforma de exhibici\u00f3n, intercambio, di\u00e1logo y reflexi\u00f3n que, tras un proceso de renovaci\u00f3n arquitect\u00f3nica y museogr\u00e1fica, se reapertur\u00f3 justamente con la propuesta de la docente de la Universidad de las Artes, quien tambi\u00e9n dict\u00f3 un taller de dibujo.<\/p>\n\n\n\n<p>En la inauguraci\u00f3n, Paulina Le\u00f3n, directora del espacio de arte contempor\u00e1neo de la Facultad Latinoamericana de Ciencias Sociales (Flacso) en Ecuador, se\u00f1al\u00f3 que estuvo cerrado por seis meses trabajando internamente, con el objetivo de brindar a los artistas y a la comunidad mejores condiciones de trabajo.<\/p>\n\n\n\n<p>Mencion\u00f3 tambi\u00e9n las varias colaboraciones que Flacso Cultura ha realizado con la Universidad de las Artes y, en ese aspecto, la exposici\u00f3n \u201cHexis\u201d, que forma parte de los proyectos de investigaci\u00f3n de la UArtes, contribuye al desarrollo de uno de sus grandes objetivos: articular arte y academia, porque desde el arte se produce y genera conocimiento.<\/p>\n\n\n<div class=\"wp-block-image\">\n<figure class=\"aligncenter size-large\"><img fetchpriority=\"high\" decoding=\"async\" width=\"644\" height=\"429\" src=\"https:\/\/www.uartes.edu.ec\/sitio\/wp-content\/uploads\/2025\/05\/Proyecto-Cambiar-tamano-de-imagen-2025-05-29T153212.954-644x429.jpeg\" alt=\"\" class=\"wp-image-72592\" srcset=\"https:\/\/www.uartes.edu.ec\/sitio\/wp-content\/uploads\/2025\/05\/Proyecto-Cambiar-tamano-de-imagen-2025-05-29T153212.954-644x429.jpeg 644w, https:\/\/www.uartes.edu.ec\/sitio\/wp-content\/uploads\/2025\/05\/Proyecto-Cambiar-tamano-de-imagen-2025-05-29T153212.954-300x200.jpeg 300w, https:\/\/www.uartes.edu.ec\/sitio\/wp-content\/uploads\/2025\/05\/Proyecto-Cambiar-tamano-de-imagen-2025-05-29T153212.954-768x512.jpeg 768w, https:\/\/www.uartes.edu.ec\/sitio\/wp-content\/uploads\/2025\/05\/Proyecto-Cambiar-tamano-de-imagen-2025-05-29T153212.954-1536x1024.jpeg 1536w, https:\/\/www.uartes.edu.ec\/sitio\/wp-content\/uploads\/2025\/05\/Proyecto-Cambiar-tamano-de-imagen-2025-05-29T153212.954-18x12.jpeg 18w, https:\/\/www.uartes.edu.ec\/sitio\/wp-content\/uploads\/2025\/05\/Proyecto-Cambiar-tamano-de-imagen-2025-05-29T153212.954-600x400.jpeg 600w, https:\/\/www.uartes.edu.ec\/sitio\/wp-content\/uploads\/2025\/05\/Proyecto-Cambiar-tamano-de-imagen-2025-05-29T153212.954-400x267.jpeg 400w, https:\/\/www.uartes.edu.ec\/sitio\/wp-content\/uploads\/2025\/05\/Proyecto-Cambiar-tamano-de-imagen-2025-05-29T153212.954.jpeg 2000w\" sizes=\"(max-width: 644px) 100vw, 644px\" \/><\/figure>\n<\/div>\n\n\n<figure class=\"wp-block-gallery has-nested-images columns-default is-cropped wp-block-gallery-1 is-layout-flex wp-block-gallery-is-layout-flex\">\n<figure class=\"wp-block-image size-large\"><img decoding=\"async\" width=\"644\" height=\"429\" data-id=\"72593\" src=\"https:\/\/www.uartes.edu.ec\/sitio\/wp-content\/uploads\/2025\/05\/Proyecto-Cambiar-tamano-de-imagen-2025-05-29T154227.138-644x429.jpeg\" alt=\"\" class=\"wp-image-72593\" srcset=\"https:\/\/www.uartes.edu.ec\/sitio\/wp-content\/uploads\/2025\/05\/Proyecto-Cambiar-tamano-de-imagen-2025-05-29T154227.138-644x429.jpeg 644w, https:\/\/www.uartes.edu.ec\/sitio\/wp-content\/uploads\/2025\/05\/Proyecto-Cambiar-tamano-de-imagen-2025-05-29T154227.138-300x200.jpeg 300w, https:\/\/www.uartes.edu.ec\/sitio\/wp-content\/uploads\/2025\/05\/Proyecto-Cambiar-tamano-de-imagen-2025-05-29T154227.138-768x512.jpeg 768w, https:\/\/www.uartes.edu.ec\/sitio\/wp-content\/uploads\/2025\/05\/Proyecto-Cambiar-tamano-de-imagen-2025-05-29T154227.138-1536x1024.jpeg 1536w, https:\/\/www.uartes.edu.ec\/sitio\/wp-content\/uploads\/2025\/05\/Proyecto-Cambiar-tamano-de-imagen-2025-05-29T154227.138-18x12.jpeg 18w, https:\/\/www.uartes.edu.ec\/sitio\/wp-content\/uploads\/2025\/05\/Proyecto-Cambiar-tamano-de-imagen-2025-05-29T154227.138-600x400.jpeg 600w, https:\/\/www.uartes.edu.ec\/sitio\/wp-content\/uploads\/2025\/05\/Proyecto-Cambiar-tamano-de-imagen-2025-05-29T154227.138-400x267.jpeg 400w, https:\/\/www.uartes.edu.ec\/sitio\/wp-content\/uploads\/2025\/05\/Proyecto-Cambiar-tamano-de-imagen-2025-05-29T154227.138.jpeg 2000w\" sizes=\"(max-width: 644px) 100vw, 644px\" \/><\/figure>\n\n\n\n<figure class=\"wp-block-image size-large\"><img decoding=\"async\" width=\"644\" height=\"429\" data-id=\"72594\" src=\"https:\/\/www.uartes.edu.ec\/sitio\/wp-content\/uploads\/2025\/05\/Proyecto-Cambiar-tamano-de-imagen-2025-05-29T154128.989-644x429.jpeg\" alt=\"\" class=\"wp-image-72594\" srcset=\"https:\/\/www.uartes.edu.ec\/sitio\/wp-content\/uploads\/2025\/05\/Proyecto-Cambiar-tamano-de-imagen-2025-05-29T154128.989-644x429.jpeg 644w, https:\/\/www.uartes.edu.ec\/sitio\/wp-content\/uploads\/2025\/05\/Proyecto-Cambiar-tamano-de-imagen-2025-05-29T154128.989-300x200.jpeg 300w, https:\/\/www.uartes.edu.ec\/sitio\/wp-content\/uploads\/2025\/05\/Proyecto-Cambiar-tamano-de-imagen-2025-05-29T154128.989-768x512.jpeg 768w, https:\/\/www.uartes.edu.ec\/sitio\/wp-content\/uploads\/2025\/05\/Proyecto-Cambiar-tamano-de-imagen-2025-05-29T154128.989-1536x1024.jpeg 1536w, https:\/\/www.uartes.edu.ec\/sitio\/wp-content\/uploads\/2025\/05\/Proyecto-Cambiar-tamano-de-imagen-2025-05-29T154128.989-18x12.jpeg 18w, https:\/\/www.uartes.edu.ec\/sitio\/wp-content\/uploads\/2025\/05\/Proyecto-Cambiar-tamano-de-imagen-2025-05-29T154128.989-600x400.jpeg 600w, https:\/\/www.uartes.edu.ec\/sitio\/wp-content\/uploads\/2025\/05\/Proyecto-Cambiar-tamano-de-imagen-2025-05-29T154128.989-400x267.jpeg 400w, https:\/\/www.uartes.edu.ec\/sitio\/wp-content\/uploads\/2025\/05\/Proyecto-Cambiar-tamano-de-imagen-2025-05-29T154128.989.jpeg 2000w\" sizes=\"(max-width: 644px) 100vw, 644px\" \/><\/figure>\n<\/figure>\n\n\n\n<p><\/p>\n\n\n\n<p>La directora de Flacso, Gioconda Herrera, destac\u00f3 la relaci\u00f3n de interinstitucional con la UArtes y la importancia de espacios para acercar las pr\u00e1cticas art\u00edsticas a la comunidad. Nuestra vicerrectora de Posgrados e Investigaci\u00f3n en Artes, Olga L\u00f3pez, dedic\u00f3 unas palabras al apoyo que se debe dar a la producci\u00f3n art\u00edstica y al hecho de que la Universidad de las Artes cuente con docentes-artistas que aportan a esta generaci\u00f3n de conocimiento y al desarrollo de una escena art\u00edstica y cultural en el pa\u00eds. <\/p>\n\n\n\n<p>Se indic\u00f3, adem\u00e1s, que para la&nbsp;convocatoria&nbsp;de exposiciones de este a\u00f1o, la&nbsp;Flacso&nbsp;propone el trabajo art\u00edstico como herramienta de di\u00e1logo, convivencia y acci\u00f3n conjunta en un contexto actual de&nbsp;violencia estructural y socio-ambiental.<\/p>\n\n\n\n<p>Las intervenciones dieron luego paso a una visita guiada entre la artista y el curador de la exposici\u00f3n, Rodolfo Kronfle, en la que particip\u00f3 activamente el p\u00fablico asistente, realizando comentarios y preguntas.<\/p>\n\n\n\n<p>Ese mismo d\u00eda, Gabriela Fabre realiz\u00f3 un taller de dibujo en el que participaron alrededor de diez personas que se hab\u00edan inscrito previamente. Durante este taller\/visita guiada, el p\u00fablico conocer los procesos de las obras al mismo tiempo que interactuaban con ellas.<\/p>\n\n\n<div class=\"wp-block-image\">\n<figure class=\"aligncenter size-large\"><img loading=\"lazy\" decoding=\"async\" width=\"644\" height=\"429\" src=\"https:\/\/www.uartes.edu.ec\/sitio\/wp-content\/uploads\/2025\/05\/Proyecto-Cambiar-tamano-de-imagen-2025-05-29T153309.121-644x429.jpeg\" alt=\"\" class=\"wp-image-72595\" srcset=\"https:\/\/www.uartes.edu.ec\/sitio\/wp-content\/uploads\/2025\/05\/Proyecto-Cambiar-tamano-de-imagen-2025-05-29T153309.121-644x429.jpeg 644w, https:\/\/www.uartes.edu.ec\/sitio\/wp-content\/uploads\/2025\/05\/Proyecto-Cambiar-tamano-de-imagen-2025-05-29T153309.121-300x200.jpeg 300w, https:\/\/www.uartes.edu.ec\/sitio\/wp-content\/uploads\/2025\/05\/Proyecto-Cambiar-tamano-de-imagen-2025-05-29T153309.121-768x512.jpeg 768w, https:\/\/www.uartes.edu.ec\/sitio\/wp-content\/uploads\/2025\/05\/Proyecto-Cambiar-tamano-de-imagen-2025-05-29T153309.121-1536x1024.jpeg 1536w, https:\/\/www.uartes.edu.ec\/sitio\/wp-content\/uploads\/2025\/05\/Proyecto-Cambiar-tamano-de-imagen-2025-05-29T153309.121-18x12.jpeg 18w, https:\/\/www.uartes.edu.ec\/sitio\/wp-content\/uploads\/2025\/05\/Proyecto-Cambiar-tamano-de-imagen-2025-05-29T153309.121-600x400.jpeg 600w, https:\/\/www.uartes.edu.ec\/sitio\/wp-content\/uploads\/2025\/05\/Proyecto-Cambiar-tamano-de-imagen-2025-05-29T153309.121-400x267.jpeg 400w, https:\/\/www.uartes.edu.ec\/sitio\/wp-content\/uploads\/2025\/05\/Proyecto-Cambiar-tamano-de-imagen-2025-05-29T153309.121.jpeg 2000w\" sizes=\"(max-width: 644px) 100vw, 644px\" \/><\/figure>\n<\/div>\n\n<div class=\"wp-block-image\">\n<figure class=\"aligncenter size-large is-resized\"><img loading=\"lazy\" decoding=\"async\" width=\"644\" height=\"429\" src=\"https:\/\/www.uartes.edu.ec\/sitio\/wp-content\/uploads\/2025\/05\/Proyecto-Cambiar-tamano-de-imagen-2025-05-29T153511.736-644x429.jpeg\" alt=\"\" class=\"wp-image-72596\" style=\"width:482px;height:auto\" srcset=\"https:\/\/www.uartes.edu.ec\/sitio\/wp-content\/uploads\/2025\/05\/Proyecto-Cambiar-tamano-de-imagen-2025-05-29T153511.736-644x429.jpeg 644w, https:\/\/www.uartes.edu.ec\/sitio\/wp-content\/uploads\/2025\/05\/Proyecto-Cambiar-tamano-de-imagen-2025-05-29T153511.736-300x200.jpeg 300w, https:\/\/www.uartes.edu.ec\/sitio\/wp-content\/uploads\/2025\/05\/Proyecto-Cambiar-tamano-de-imagen-2025-05-29T153511.736-768x512.jpeg 768w, https:\/\/www.uartes.edu.ec\/sitio\/wp-content\/uploads\/2025\/05\/Proyecto-Cambiar-tamano-de-imagen-2025-05-29T153511.736-1536x1024.jpeg 1536w, https:\/\/www.uartes.edu.ec\/sitio\/wp-content\/uploads\/2025\/05\/Proyecto-Cambiar-tamano-de-imagen-2025-05-29T153511.736-18x12.jpeg 18w, https:\/\/www.uartes.edu.ec\/sitio\/wp-content\/uploads\/2025\/05\/Proyecto-Cambiar-tamano-de-imagen-2025-05-29T153511.736-600x400.jpeg 600w, https:\/\/www.uartes.edu.ec\/sitio\/wp-content\/uploads\/2025\/05\/Proyecto-Cambiar-tamano-de-imagen-2025-05-29T153511.736-400x267.jpeg 400w, https:\/\/www.uartes.edu.ec\/sitio\/wp-content\/uploads\/2025\/05\/Proyecto-Cambiar-tamano-de-imagen-2025-05-29T153511.736.jpeg 2000w\" sizes=\"(max-width: 644px) 100vw, 644px\" \/><\/figure>\n<\/div>\n\n\n<h3 class=\"wp-block-heading\">\u201cMobiliario para el consuelo\u201d<\/h3>\n\n\n\n<p>La serie de Gabriela Fabre,&nbsp;desarrollada en los \u00faltimos ocho a\u00f1os, est\u00e1 inspirada en los conceptos de&nbsp;\u201chexis\u201d de Arist\u00f3teles&nbsp;(un estado activo del&nbsp;ser) y&nbsp;\u201chexis corporal\u201d de Pierre Bourdieu&nbsp;(la manera en la que un cuerpo incorpora las&nbsp;estructuras sociales y culturales). En ella, explora un&nbsp;universo escult\u00f3rico&nbsp;en el que los cuerpos absorben h\u00e1bitos, afectos y formas de estar en el mundo.<\/p>\n\n\n\n<p>En \u201cHexis\u201d, la artista explora su influencia en din\u00e1micas emocionales y cotidianas, proporcionando un refugio tangible para el consuelo. Cada obra de Gabriela Fabre implica al espectador en el gesto de emular distintas variantes de sus ergonom\u00edas afectivas, las cuales muestran abiertamente su vulnerabilidad, ansiedad, y hasta su anhelo por comprensi\u00f3n.<\/p>\n\n\n\n<p>La muestra de Gabriela Fabre estar\u00e1 abierta hasta el 21 de junio pr\u00f3ximo. Horarios de atenci\u00f3n de la galer\u00eda: de martes a s\u00e1bado, de 10:00 a 17:00 (\u00faltimo ingreso 16:30). Arte Actual Flacso se encuentra ubicada en La Pradera E7 &#8211; 174 y Av. Diego de Almagro de Quito.<\/p>\n\n\n\n<figure class=\"wp-block-gallery has-nested-images columns-default is-cropped wp-block-gallery-2 is-layout-flex wp-block-gallery-is-layout-flex\">\n<figure class=\"wp-block-image size-large\"><img loading=\"lazy\" decoding=\"async\" width=\"644\" height=\"429\" data-id=\"72812\" src=\"https:\/\/www.uartes.edu.ec\/sitio\/wp-content\/uploads\/2025\/05\/Proyecto-Cambiar-tamano-de-imagen-2025-06-02T094318.597-644x429.jpeg\" alt=\"\" class=\"wp-image-72812\" srcset=\"https:\/\/www.uartes.edu.ec\/sitio\/wp-content\/uploads\/2025\/05\/Proyecto-Cambiar-tamano-de-imagen-2025-06-02T094318.597-644x429.jpeg 644w, https:\/\/www.uartes.edu.ec\/sitio\/wp-content\/uploads\/2025\/05\/Proyecto-Cambiar-tamano-de-imagen-2025-06-02T094318.597-300x200.jpeg 300w, https:\/\/www.uartes.edu.ec\/sitio\/wp-content\/uploads\/2025\/05\/Proyecto-Cambiar-tamano-de-imagen-2025-06-02T094318.597-768x512.jpeg 768w, https:\/\/www.uartes.edu.ec\/sitio\/wp-content\/uploads\/2025\/05\/Proyecto-Cambiar-tamano-de-imagen-2025-06-02T094318.597-1536x1024.jpeg 1536w, https:\/\/www.uartes.edu.ec\/sitio\/wp-content\/uploads\/2025\/05\/Proyecto-Cambiar-tamano-de-imagen-2025-06-02T094318.597-18x12.jpeg 18w, https:\/\/www.uartes.edu.ec\/sitio\/wp-content\/uploads\/2025\/05\/Proyecto-Cambiar-tamano-de-imagen-2025-06-02T094318.597-600x400.jpeg 600w, https:\/\/www.uartes.edu.ec\/sitio\/wp-content\/uploads\/2025\/05\/Proyecto-Cambiar-tamano-de-imagen-2025-06-02T094318.597-400x267.jpeg 400w, https:\/\/www.uartes.edu.ec\/sitio\/wp-content\/uploads\/2025\/05\/Proyecto-Cambiar-tamano-de-imagen-2025-06-02T094318.597.jpeg 2000w\" sizes=\"(max-width: 644px) 100vw, 644px\" \/><\/figure>\n\n\n\n<figure class=\"wp-block-image size-large\"><img loading=\"lazy\" decoding=\"async\" width=\"644\" height=\"429\" data-id=\"72813\" src=\"https:\/\/www.uartes.edu.ec\/sitio\/wp-content\/uploads\/2025\/05\/Proyecto-Cambiar-tamano-de-imagen-2025-06-02T094229.337-644x429.jpeg\" alt=\"\" class=\"wp-image-72813\" srcset=\"https:\/\/www.uartes.edu.ec\/sitio\/wp-content\/uploads\/2025\/05\/Proyecto-Cambiar-tamano-de-imagen-2025-06-02T094229.337-644x429.jpeg 644w, https:\/\/www.uartes.edu.ec\/sitio\/wp-content\/uploads\/2025\/05\/Proyecto-Cambiar-tamano-de-imagen-2025-06-02T094229.337-300x200.jpeg 300w, https:\/\/www.uartes.edu.ec\/sitio\/wp-content\/uploads\/2025\/05\/Proyecto-Cambiar-tamano-de-imagen-2025-06-02T094229.337-768x512.jpeg 768w, https:\/\/www.uartes.edu.ec\/sitio\/wp-content\/uploads\/2025\/05\/Proyecto-Cambiar-tamano-de-imagen-2025-06-02T094229.337-1536x1024.jpeg 1536w, https:\/\/www.uartes.edu.ec\/sitio\/wp-content\/uploads\/2025\/05\/Proyecto-Cambiar-tamano-de-imagen-2025-06-02T094229.337-18x12.jpeg 18w, https:\/\/www.uartes.edu.ec\/sitio\/wp-content\/uploads\/2025\/05\/Proyecto-Cambiar-tamano-de-imagen-2025-06-02T094229.337-600x400.jpeg 600w, https:\/\/www.uartes.edu.ec\/sitio\/wp-content\/uploads\/2025\/05\/Proyecto-Cambiar-tamano-de-imagen-2025-06-02T094229.337-400x267.jpeg 400w, https:\/\/www.uartes.edu.ec\/sitio\/wp-content\/uploads\/2025\/05\/Proyecto-Cambiar-tamano-de-imagen-2025-06-02T094229.337.jpeg 2000w\" sizes=\"(max-width: 644px) 100vw, 644px\" \/><\/figure>\n<\/figure>\n\n\n\n<p>Fotos: cortes\u00eda de la artista y acad\u00e9mica Gabriela Fabre. Corresponden al d\u00eda de la inauguraci\u00f3n de \u00abHelix\u00bb. Sobre estas l\u00edneas, la expositora y el curador de su muestra, Rodolfo Kronfle.<\/p>","protected":false},"excerpt":{"rendered":"<p>Como una fecha para no olvidar qued\u00f3 el 17 de mayo pasado. Ese d\u00eda la artista guayaquile\u00f1a Gabriela Fabre inaugur\u00f3 en Quito la muestra \u201cHexis\u201d, serie que explora temas de cuerpo, consuelo y memoria mediante un conjunto de objetos-muebles escult\u00f3ricos. Lo hizo en Arte Actual Flacso, plataforma de exposici\u00f3n que tras un proceso de renovaci\u00f3n arquitect\u00f3nica y museogr\u00e1fica reabri\u00f3 justamente con la propuesta de la docente UArtes, quien tambi\u00e9n dict\u00f3 un taller de dibujo.<\/p>","protected":false},"author":10,"featured_media":72821,"comment_status":"open","ping_status":"open","sticky":false,"template":"","format":"standard","meta":{"_acf_changed":false,"_uag_custom_page_level_css":"","_monsterinsights_skip_tracking":false,"_monsterinsights_sitenote_active":false,"_monsterinsights_sitenote_note":"","_monsterinsights_sitenote_category":0,"cybocfi_hide_featured_image":"","footnotes":""},"categories":[82,157,75],"tags":[517],"infouartes":[],"class_list":["post-72590","post","type-post","status-publish","format-standard","has-post-thumbnail","hentry","category-artes","category-artes-visuales","category-docentes","tag-exposicion"],"acf":[],"yoast_head":"<!-- This site is optimized with the Yoast SEO plugin v27.4 - https:\/\/yoast.com\/product\/yoast-seo-wordpress\/ -->\n<title>Universidad de las Artes - \u201cHexis\u201d, exposici\u00f3n de la docente Gabriela Fabre reabri\u00f3 puertas de Arte Actual Flacso<\/title>\n<meta name=\"description\" content=\"Universidad de las Artes - \u201cHexis\u201d, exposici\u00f3n de la docente Gabriela Fabre reabri\u00f3 puertas de Arte Actual Flacso\" \/>\n<meta name=\"robots\" content=\"index, follow, max-snippet:-1, max-image-preview:large, max-video-preview:-1\" \/>\n<link rel=\"canonical\" href=\"https:\/\/www.uartes.edu.ec\/sitio\/en\/blog\/2025\/05\/26\/helix-la-muestra-de-la-docente-gabriela-fabre-que-reabrio-las-puertas-de-arte-actual-flacso\/\" \/>\n<meta property=\"og:locale\" content=\"en_US\" \/>\n<meta property=\"og:type\" content=\"article\" \/>\n<meta property=\"og:title\" content=\"Universidad de las Artes - \u201cHexis\u201d, exposici\u00f3n de la docente Gabriela Fabre reabri\u00f3 puertas de Arte Actual Flacso\" \/>\n<meta property=\"og:description\" content=\"Universidad de las Artes - \u201cHexis\u201d, exposici\u00f3n de la docente Gabriela Fabre reabri\u00f3 puertas de Arte Actual Flacso\" \/>\n<meta property=\"og:url\" content=\"https:\/\/www.uartes.edu.ec\/sitio\/en\/blog\/2025\/05\/26\/helix-la-muestra-de-la-docente-gabriela-fabre-que-reabrio-las-puertas-de-arte-actual-flacso\/\" \/>\n<meta property=\"og:site_name\" content=\"Universidad de las Artes\" \/>\n<meta property=\"article:publisher\" content=\"https:\/\/www.facebook.com\/uartesec\" \/>\n<meta property=\"article:published_time\" content=\"2025-05-26T22:18:00+00:00\" \/>\n<meta property=\"article:modified_time\" content=\"2025-06-02T15:14:09+00:00\" \/>\n<meta property=\"og:image\" content=\"https:\/\/www.uartes.edu.ec\/sitio\/wp-content\/uploads\/2025\/05\/Proyecto-Cambiar-tamano-de-imagen-2025-06-02T095750.766.jpeg\" \/>\n\t<meta property=\"og:image:width\" content=\"2000\" \/>\n\t<meta property=\"og:image:height\" content=\"1333\" \/>\n\t<meta property=\"og:image:type\" content=\"image\/jpeg\" \/>\n<meta name=\"author\" content=\"ccortez\" \/>\n<meta name=\"twitter:card\" content=\"summary_large_image\" \/>\n<meta name=\"twitter:creator\" content=\"@uartesec\" \/>\n<meta name=\"twitter:site\" content=\"@uartesec\" \/>\n<meta name=\"twitter:label1\" content=\"Written by\" \/>\n\t<meta name=\"twitter:data1\" content=\"ccortez\" \/>\n\t<meta name=\"twitter:label2\" content=\"Est. reading time\" \/>\n\t<meta name=\"twitter:data2\" content=\"3 minutes\" \/>\n<script type=\"application\/ld+json\" class=\"yoast-schema-graph\">{\"@context\":\"https:\\\/\\\/schema.org\",\"@graph\":[{\"@type\":\"Article\",\"@id\":\"https:\\\/\\\/www.uartes.edu.ec\\\/sitio\\\/en\\\/blog\\\/2025\\\/05\\\/26\\\/helix-la-muestra-de-la-docente-gabriela-fabre-que-reabrio-las-puertas-de-arte-actual-flacso\\\/#article\",\"isPartOf\":{\"@id\":\"https:\\\/\\\/www.uartes.edu.ec\\\/sitio\\\/en\\\/blog\\\/2025\\\/05\\\/26\\\/helix-la-muestra-de-la-docente-gabriela-fabre-que-reabrio-las-puertas-de-arte-actual-flacso\\\/\"},\"author\":{\"name\":\"ccortez\",\"@id\":\"https:\\\/\\\/www.uartes.edu.ec\\\/sitio\\\/en\\\/#\\\/schema\\\/person\\\/efa1b8275797664fd7f13a79ccc0b1f4\"},\"headline\":\"\u201cHexis\u201d, exposici\u00f3n de la docente Gabriela Fabre reabri\u00f3 puertas de Arte Actual Flacso\",\"datePublished\":\"2025-05-26T22:18:00+00:00\",\"dateModified\":\"2025-06-02T15:14:09+00:00\",\"mainEntityOfPage\":{\"@id\":\"https:\\\/\\\/www.uartes.edu.ec\\\/sitio\\\/en\\\/blog\\\/2025\\\/05\\\/26\\\/helix-la-muestra-de-la-docente-gabriela-fabre-que-reabrio-las-puertas-de-arte-actual-flacso\\\/\"},\"wordCount\":653,\"commentCount\":0,\"publisher\":{\"@id\":\"https:\\\/\\\/www.uartes.edu.ec\\\/sitio\\\/en\\\/#organization\"},\"image\":{\"@id\":\"https:\\\/\\\/www.uartes.edu.ec\\\/sitio\\\/en\\\/blog\\\/2025\\\/05\\\/26\\\/helix-la-muestra-de-la-docente-gabriela-fabre-que-reabrio-las-puertas-de-arte-actual-flacso\\\/#primaryimage\"},\"thumbnailUrl\":\"https:\\\/\\\/www.uartes.edu.ec\\\/sitio\\\/wp-content\\\/uploads\\\/2025\\\/05\\\/Proyecto-Cambiar-tamano-de-imagen-2025-06-02T095750.766.jpeg\",\"keywords\":[\"exposici\u00f3n\"],\"articleSection\":[\"Artes\",\"Artes Visuales\",\"Docentes\"],\"inLanguage\":\"en-US\",\"potentialAction\":[{\"@type\":\"CommentAction\",\"name\":\"Comment\",\"target\":[\"https:\\\/\\\/www.uartes.edu.ec\\\/sitio\\\/en\\\/blog\\\/2025\\\/05\\\/26\\\/helix-la-muestra-de-la-docente-gabriela-fabre-que-reabrio-las-puertas-de-arte-actual-flacso\\\/#respond\"]}]},{\"@type\":[\"WebPage\",\"ItemPage\"],\"@id\":\"https:\\\/\\\/www.uartes.edu.ec\\\/sitio\\\/en\\\/blog\\\/2025\\\/05\\\/26\\\/helix-la-muestra-de-la-docente-gabriela-fabre-que-reabrio-las-puertas-de-arte-actual-flacso\\\/\",\"url\":\"https:\\\/\\\/www.uartes.edu.ec\\\/sitio\\\/en\\\/blog\\\/2025\\\/05\\\/26\\\/helix-la-muestra-de-la-docente-gabriela-fabre-que-reabrio-las-puertas-de-arte-actual-flacso\\\/\",\"name\":\"Universidad de las Artes - \u201cHexis\u201d, exposici\u00f3n de la docente Gabriela Fabre reabri\u00f3 puertas de Arte Actual Flacso\",\"isPartOf\":{\"@id\":\"https:\\\/\\\/www.uartes.edu.ec\\\/sitio\\\/en\\\/#website\"},\"primaryImageOfPage\":{\"@id\":\"https:\\\/\\\/www.uartes.edu.ec\\\/sitio\\\/en\\\/blog\\\/2025\\\/05\\\/26\\\/helix-la-muestra-de-la-docente-gabriela-fabre-que-reabrio-las-puertas-de-arte-actual-flacso\\\/#primaryimage\"},\"image\":{\"@id\":\"https:\\\/\\\/www.uartes.edu.ec\\\/sitio\\\/en\\\/blog\\\/2025\\\/05\\\/26\\\/helix-la-muestra-de-la-docente-gabriela-fabre-que-reabrio-las-puertas-de-arte-actual-flacso\\\/#primaryimage\"},\"thumbnailUrl\":\"https:\\\/\\\/www.uartes.edu.ec\\\/sitio\\\/wp-content\\\/uploads\\\/2025\\\/05\\\/Proyecto-Cambiar-tamano-de-imagen-2025-06-02T095750.766.jpeg\",\"datePublished\":\"2025-05-26T22:18:00+00:00\",\"dateModified\":\"2025-06-02T15:14:09+00:00\",\"description\":\"Universidad de las Artes - \u201cHexis\u201d, exposici\u00f3n de la docente Gabriela Fabre reabri\u00f3 puertas de Arte Actual Flacso\",\"breadcrumb\":{\"@id\":\"https:\\\/\\\/www.uartes.edu.ec\\\/sitio\\\/en\\\/blog\\\/2025\\\/05\\\/26\\\/helix-la-muestra-de-la-docente-gabriela-fabre-que-reabrio-las-puertas-de-arte-actual-flacso\\\/#breadcrumb\"},\"inLanguage\":\"en-US\",\"potentialAction\":[{\"@type\":\"ReadAction\",\"target\":[\"https:\\\/\\\/www.uartes.edu.ec\\\/sitio\\\/en\\\/blog\\\/2025\\\/05\\\/26\\\/helix-la-muestra-de-la-docente-gabriela-fabre-que-reabrio-las-puertas-de-arte-actual-flacso\\\/\"]}]},{\"@type\":\"ImageObject\",\"inLanguage\":\"en-US\",\"@id\":\"https:\\\/\\\/www.uartes.edu.ec\\\/sitio\\\/en\\\/blog\\\/2025\\\/05\\\/26\\\/helix-la-muestra-de-la-docente-gabriela-fabre-que-reabrio-las-puertas-de-arte-actual-flacso\\\/#primaryimage\",\"url\":\"https:\\\/\\\/www.uartes.edu.ec\\\/sitio\\\/wp-content\\\/uploads\\\/2025\\\/05\\\/Proyecto-Cambiar-tamano-de-imagen-2025-06-02T095750.766.jpeg\",\"contentUrl\":\"https:\\\/\\\/www.uartes.edu.ec\\\/sitio\\\/wp-content\\\/uploads\\\/2025\\\/05\\\/Proyecto-Cambiar-tamano-de-imagen-2025-06-02T095750.766.jpeg\",\"width\":2000,\"height\":1333},{\"@type\":\"BreadcrumbList\",\"@id\":\"https:\\\/\\\/www.uartes.edu.ec\\\/sitio\\\/en\\\/blog\\\/2025\\\/05\\\/26\\\/helix-la-muestra-de-la-docente-gabriela-fabre-que-reabrio-las-puertas-de-arte-actual-flacso\\\/#breadcrumb\",\"itemListElement\":[{\"@type\":\"ListItem\",\"position\":1,\"name\":\"Inicio\",\"item\":\"https:\\\/\\\/www.uartes.edu.ec\\\/sitio\\\/\"},{\"@type\":\"ListItem\",\"position\":2,\"name\":\"\u201cHexis\u201d, exposici\u00f3n de la docente Gabriela Fabre reabri\u00f3 puertas de Arte Actual Flacso\"}]},{\"@type\":\"WebSite\",\"@id\":\"https:\\\/\\\/www.uartes.edu.ec\\\/sitio\\\/en\\\/#website\",\"url\":\"https:\\\/\\\/www.uartes.edu.ec\\\/sitio\\\/en\\\/\",\"name\":\"Universidad de las Artes\",\"description\":\"Sitio oficial de la Universidad Nacional de las Artes del Ecuador\",\"publisher\":{\"@id\":\"https:\\\/\\\/www.uartes.edu.ec\\\/sitio\\\/en\\\/#organization\"},\"potentialAction\":[{\"@type\":\"SearchAction\",\"target\":{\"@type\":\"EntryPoint\",\"urlTemplate\":\"https:\\\/\\\/www.uartes.edu.ec\\\/sitio\\\/en\\\/?s={search_term_string}\"},\"query-input\":{\"@type\":\"PropertyValueSpecification\",\"valueRequired\":true,\"valueName\":\"search_term_string\"}}],\"inLanguage\":\"en-US\"},{\"@type\":\"Organization\",\"@id\":\"https:\\\/\\\/www.uartes.edu.ec\\\/sitio\\\/en\\\/#organization\",\"name\":\"Universidad de las Artes\",\"url\":\"https:\\\/\\\/www.uartes.edu.ec\\\/sitio\\\/en\\\/\",\"logo\":{\"@type\":\"ImageObject\",\"inLanguage\":\"en-US\",\"@id\":\"https:\\\/\\\/www.uartes.edu.ec\\\/sitio\\\/en\\\/#\\\/schema\\\/logo\\\/image\\\/\",\"url\":\"https:\\\/\\\/www.uartes.edu.ec\\\/sitio\\\/wp-content\\\/uploads\\\/2022\\\/07\\\/logo-ua-horizontal.png\",\"contentUrl\":\"https:\\\/\\\/www.uartes.edu.ec\\\/sitio\\\/wp-content\\\/uploads\\\/2022\\\/07\\\/logo-ua-horizontal.png\",\"width\":800,\"height\":276,\"caption\":\"Universidad de las Artes\"},\"image\":{\"@id\":\"https:\\\/\\\/www.uartes.edu.ec\\\/sitio\\\/en\\\/#\\\/schema\\\/logo\\\/image\\\/\"},\"sameAs\":[\"https:\\\/\\\/www.facebook.com\\\/uartesec\",\"https:\\\/\\\/x.com\\\/uartesec\",\"https:\\\/\\\/www.tiktok.com\\\/@uartesec\"]},{\"@type\":\"Person\",\"@id\":\"https:\\\/\\\/www.uartes.edu.ec\\\/sitio\\\/en\\\/#\\\/schema\\\/person\\\/efa1b8275797664fd7f13a79ccc0b1f4\",\"name\":\"ccortez\",\"image\":{\"@type\":\"ImageObject\",\"inLanguage\":\"en-US\",\"@id\":\"https:\\\/\\\/secure.gravatar.com\\\/avatar\\\/b2a6f664a3ae8e074346ef91775736c5ec479e637ecced6842de9dc98b5da9cd?s=96&d=mm&r=g\",\"url\":\"https:\\\/\\\/secure.gravatar.com\\\/avatar\\\/b2a6f664a3ae8e074346ef91775736c5ec479e637ecced6842de9dc98b5da9cd?s=96&d=mm&r=g\",\"contentUrl\":\"https:\\\/\\\/secure.gravatar.com\\\/avatar\\\/b2a6f664a3ae8e074346ef91775736c5ec479e637ecced6842de9dc98b5da9cd?s=96&d=mm&r=g\",\"caption\":\"ccortez\"},\"url\":\"https:\\\/\\\/www.uartes.edu.ec\\\/sitio\\\/en\\\/blog\\\/author\\\/ccortez\\\/\"}]}<\/script>\n<!-- \/ Yoast SEO plugin. -->","yoast_head_json":{"title":"Universidad de las Artes - \u201cHexis\u201d, exposici\u00f3n de la docente Gabriela Fabre reabri\u00f3 puertas de Arte Actual Flacso","description":"Universidad de las Artes - \u201cHexis\u201d, exposici\u00f3n de la docente Gabriela Fabre reabri\u00f3 puertas de Arte Actual Flacso","robots":{"index":"index","follow":"follow","max-snippet":"max-snippet:-1","max-image-preview":"max-image-preview:large","max-video-preview":"max-video-preview:-1"},"canonical":"https:\/\/www.uartes.edu.ec\/sitio\/en\/blog\/2025\/05\/26\/helix-la-muestra-de-la-docente-gabriela-fabre-que-reabrio-las-puertas-de-arte-actual-flacso\/","og_locale":"en_US","og_type":"article","og_title":"Universidad de las Artes - \u201cHexis\u201d, exposici\u00f3n de la docente Gabriela Fabre reabri\u00f3 puertas de Arte Actual Flacso","og_description":"Universidad de las Artes - \u201cHexis\u201d, exposici\u00f3n de la docente Gabriela Fabre reabri\u00f3 puertas de Arte Actual Flacso","og_url":"https:\/\/www.uartes.edu.ec\/sitio\/en\/blog\/2025\/05\/26\/helix-la-muestra-de-la-docente-gabriela-fabre-que-reabrio-las-puertas-de-arte-actual-flacso\/","og_site_name":"Universidad de las Artes","article_publisher":"https:\/\/www.facebook.com\/uartesec","article_published_time":"2025-05-26T22:18:00+00:00","article_modified_time":"2025-06-02T15:14:09+00:00","og_image":[{"width":2000,"height":1333,"url":"https:\/\/www.uartes.edu.ec\/sitio\/wp-content\/uploads\/2025\/05\/Proyecto-Cambiar-tamano-de-imagen-2025-06-02T095750.766.jpeg","type":"image\/jpeg"}],"author":"ccortez","twitter_card":"summary_large_image","twitter_creator":"@uartesec","twitter_site":"@uartesec","twitter_misc":{"Written by":"ccortez","Est. reading time":"3 minutes"},"schema":{"@context":"https:\/\/schema.org","@graph":[{"@type":"Article","@id":"https:\/\/www.uartes.edu.ec\/sitio\/en\/blog\/2025\/05\/26\/helix-la-muestra-de-la-docente-gabriela-fabre-que-reabrio-las-puertas-de-arte-actual-flacso\/#article","isPartOf":{"@id":"https:\/\/www.uartes.edu.ec\/sitio\/en\/blog\/2025\/05\/26\/helix-la-muestra-de-la-docente-gabriela-fabre-que-reabrio-las-puertas-de-arte-actual-flacso\/"},"author":{"name":"ccortez","@id":"https:\/\/www.uartes.edu.ec\/sitio\/en\/#\/schema\/person\/efa1b8275797664fd7f13a79ccc0b1f4"},"headline":"\u201cHexis\u201d, exposici\u00f3n de la docente Gabriela Fabre reabri\u00f3 puertas de Arte Actual Flacso","datePublished":"2025-05-26T22:18:00+00:00","dateModified":"2025-06-02T15:14:09+00:00","mainEntityOfPage":{"@id":"https:\/\/www.uartes.edu.ec\/sitio\/en\/blog\/2025\/05\/26\/helix-la-muestra-de-la-docente-gabriela-fabre-que-reabrio-las-puertas-de-arte-actual-flacso\/"},"wordCount":653,"commentCount":0,"publisher":{"@id":"https:\/\/www.uartes.edu.ec\/sitio\/en\/#organization"},"image":{"@id":"https:\/\/www.uartes.edu.ec\/sitio\/en\/blog\/2025\/05\/26\/helix-la-muestra-de-la-docente-gabriela-fabre-que-reabrio-las-puertas-de-arte-actual-flacso\/#primaryimage"},"thumbnailUrl":"https:\/\/www.uartes.edu.ec\/sitio\/wp-content\/uploads\/2025\/05\/Proyecto-Cambiar-tamano-de-imagen-2025-06-02T095750.766.jpeg","keywords":["exposici\u00f3n"],"articleSection":["Artes","Artes Visuales","Docentes"],"inLanguage":"en-US","potentialAction":[{"@type":"CommentAction","name":"Comment","target":["https:\/\/www.uartes.edu.ec\/sitio\/en\/blog\/2025\/05\/26\/helix-la-muestra-de-la-docente-gabriela-fabre-que-reabrio-las-puertas-de-arte-actual-flacso\/#respond"]}]},{"@type":["WebPage","ItemPage"],"@id":"https:\/\/www.uartes.edu.ec\/sitio\/en\/blog\/2025\/05\/26\/helix-la-muestra-de-la-docente-gabriela-fabre-que-reabrio-las-puertas-de-arte-actual-flacso\/","url":"https:\/\/www.uartes.edu.ec\/sitio\/en\/blog\/2025\/05\/26\/helix-la-muestra-de-la-docente-gabriela-fabre-que-reabrio-las-puertas-de-arte-actual-flacso\/","name":"Universidad de las Artes - \u201cHexis\u201d, exposici\u00f3n de la docente Gabriela Fabre reabri\u00f3 puertas de Arte Actual Flacso","isPartOf":{"@id":"https:\/\/www.uartes.edu.ec\/sitio\/en\/#website"},"primaryImageOfPage":{"@id":"https:\/\/www.uartes.edu.ec\/sitio\/en\/blog\/2025\/05\/26\/helix-la-muestra-de-la-docente-gabriela-fabre-que-reabrio-las-puertas-de-arte-actual-flacso\/#primaryimage"},"image":{"@id":"https:\/\/www.uartes.edu.ec\/sitio\/en\/blog\/2025\/05\/26\/helix-la-muestra-de-la-docente-gabriela-fabre-que-reabrio-las-puertas-de-arte-actual-flacso\/#primaryimage"},"thumbnailUrl":"https:\/\/www.uartes.edu.ec\/sitio\/wp-content\/uploads\/2025\/05\/Proyecto-Cambiar-tamano-de-imagen-2025-06-02T095750.766.jpeg","datePublished":"2025-05-26T22:18:00+00:00","dateModified":"2025-06-02T15:14:09+00:00","description":"Universidad de las Artes - \u201cHexis\u201d, exposici\u00f3n de la docente Gabriela Fabre reabri\u00f3 puertas de Arte Actual Flacso","breadcrumb":{"@id":"https:\/\/www.uartes.edu.ec\/sitio\/en\/blog\/2025\/05\/26\/helix-la-muestra-de-la-docente-gabriela-fabre-que-reabrio-las-puertas-de-arte-actual-flacso\/#breadcrumb"},"inLanguage":"en-US","potentialAction":[{"@type":"ReadAction","target":["https:\/\/www.uartes.edu.ec\/sitio\/en\/blog\/2025\/05\/26\/helix-la-muestra-de-la-docente-gabriela-fabre-que-reabrio-las-puertas-de-arte-actual-flacso\/"]}]},{"@type":"ImageObject","inLanguage":"en-US","@id":"https:\/\/www.uartes.edu.ec\/sitio\/en\/blog\/2025\/05\/26\/helix-la-muestra-de-la-docente-gabriela-fabre-que-reabrio-las-puertas-de-arte-actual-flacso\/#primaryimage","url":"https:\/\/www.uartes.edu.ec\/sitio\/wp-content\/uploads\/2025\/05\/Proyecto-Cambiar-tamano-de-imagen-2025-06-02T095750.766.jpeg","contentUrl":"https:\/\/www.uartes.edu.ec\/sitio\/wp-content\/uploads\/2025\/05\/Proyecto-Cambiar-tamano-de-imagen-2025-06-02T095750.766.jpeg","width":2000,"height":1333},{"@type":"BreadcrumbList","@id":"https:\/\/www.uartes.edu.ec\/sitio\/en\/blog\/2025\/05\/26\/helix-la-muestra-de-la-docente-gabriela-fabre-que-reabrio-las-puertas-de-arte-actual-flacso\/#breadcrumb","itemListElement":[{"@type":"ListItem","position":1,"name":"Inicio","item":"https:\/\/www.uartes.edu.ec\/sitio\/"},{"@type":"ListItem","position":2,"name":"\u201cHexis\u201d, exposici\u00f3n de la docente Gabriela Fabre reabri\u00f3 puertas de Arte Actual Flacso"}]},{"@type":"WebSite","@id":"https:\/\/www.uartes.edu.ec\/sitio\/en\/#website","url":"https:\/\/www.uartes.edu.ec\/sitio\/en\/","name":"Universidad de las Artes","description":"Sitio oficial de la Universidad Nacional de las Artes del Ecuador","publisher":{"@id":"https:\/\/www.uartes.edu.ec\/sitio\/en\/#organization"},"potentialAction":[{"@type":"SearchAction","target":{"@type":"EntryPoint","urlTemplate":"https:\/\/www.uartes.edu.ec\/sitio\/en\/?s={search_term_string}"},"query-input":{"@type":"PropertyValueSpecification","valueRequired":true,"valueName":"search_term_string"}}],"inLanguage":"en-US"},{"@type":"Organization","@id":"https:\/\/www.uartes.edu.ec\/sitio\/en\/#organization","name":"Universidad de las Artes","url":"https:\/\/www.uartes.edu.ec\/sitio\/en\/","logo":{"@type":"ImageObject","inLanguage":"en-US","@id":"https:\/\/www.uartes.edu.ec\/sitio\/en\/#\/schema\/logo\/image\/","url":"https:\/\/www.uartes.edu.ec\/sitio\/wp-content\/uploads\/2022\/07\/logo-ua-horizontal.png","contentUrl":"https:\/\/www.uartes.edu.ec\/sitio\/wp-content\/uploads\/2022\/07\/logo-ua-horizontal.png","width":800,"height":276,"caption":"Universidad de las Artes"},"image":{"@id":"https:\/\/www.uartes.edu.ec\/sitio\/en\/#\/schema\/logo\/image\/"},"sameAs":["https:\/\/www.facebook.com\/uartesec","https:\/\/x.com\/uartesec","https:\/\/www.tiktok.com\/@uartesec"]},{"@type":"Person","@id":"https:\/\/www.uartes.edu.ec\/sitio\/en\/#\/schema\/person\/efa1b8275797664fd7f13a79ccc0b1f4","name":"ccortez","image":{"@type":"ImageObject","inLanguage":"en-US","@id":"https:\/\/secure.gravatar.com\/avatar\/b2a6f664a3ae8e074346ef91775736c5ec479e637ecced6842de9dc98b5da9cd?s=96&d=mm&r=g","url":"https:\/\/secure.gravatar.com\/avatar\/b2a6f664a3ae8e074346ef91775736c5ec479e637ecced6842de9dc98b5da9cd?s=96&d=mm&r=g","contentUrl":"https:\/\/secure.gravatar.com\/avatar\/b2a6f664a3ae8e074346ef91775736c5ec479e637ecced6842de9dc98b5da9cd?s=96&d=mm&r=g","caption":"ccortez"},"url":"https:\/\/www.uartes.edu.ec\/sitio\/en\/blog\/author\/ccortez\/"}]}},"uagb_featured_image_src":{"full":["https:\/\/www.uartes.edu.ec\/sitio\/wp-content\/uploads\/2025\/05\/Proyecto-Cambiar-tamano-de-imagen-2025-06-02T095750.766.jpeg",2000,1333,false],"thumbnail":["https:\/\/www.uartes.edu.ec\/sitio\/wp-content\/uploads\/2025\/05\/Proyecto-Cambiar-tamano-de-imagen-2025-06-02T095750.766-150x150.jpeg",150,150,true],"medium":["https:\/\/www.uartes.edu.ec\/sitio\/wp-content\/uploads\/2025\/05\/Proyecto-Cambiar-tamano-de-imagen-2025-06-02T095750.766-300x200.jpeg",300,200,true],"medium_large":["https:\/\/www.uartes.edu.ec\/sitio\/wp-content\/uploads\/2025\/05\/Proyecto-Cambiar-tamano-de-imagen-2025-06-02T095750.766-768x512.jpeg",768,512,true],"large":["https:\/\/www.uartes.edu.ec\/sitio\/wp-content\/uploads\/2025\/05\/Proyecto-Cambiar-tamano-de-imagen-2025-06-02T095750.766-644x429.jpeg",644,429,true],"1536x1536":["https:\/\/www.uartes.edu.ec\/sitio\/wp-content\/uploads\/2025\/05\/Proyecto-Cambiar-tamano-de-imagen-2025-06-02T095750.766-1536x1024.jpeg",1536,1024,true],"2048x2048":["https:\/\/www.uartes.edu.ec\/sitio\/wp-content\/uploads\/2025\/05\/Proyecto-Cambiar-tamano-de-imagen-2025-06-02T095750.766.jpeg",2000,1333,false],"trp-custom-language-flag":["https:\/\/www.uartes.edu.ec\/sitio\/wp-content\/uploads\/2025\/05\/Proyecto-Cambiar-tamano-de-imagen-2025-06-02T095750.766-18x12.jpeg",18,12,true],"htmega_size_585x295":["https:\/\/www.uartes.edu.ec\/sitio\/wp-content\/uploads\/2025\/05\/Proyecto-Cambiar-tamano-de-imagen-2025-06-02T095750.766-585x295.jpeg",585,295,true],"htmega_size_1170x536":["https:\/\/www.uartes.edu.ec\/sitio\/wp-content\/uploads\/2025\/05\/Proyecto-Cambiar-tamano-de-imagen-2025-06-02T095750.766-1170x536.jpeg",1170,536,true],"htmega_size_396x360":["https:\/\/www.uartes.edu.ec\/sitio\/wp-content\/uploads\/2025\/05\/Proyecto-Cambiar-tamano-de-imagen-2025-06-02T095750.766-396x360.jpeg",396,360,true],"gb-block-post-grid-landscape":["https:\/\/www.uartes.edu.ec\/sitio\/wp-content\/uploads\/2025\/05\/Proyecto-Cambiar-tamano-de-imagen-2025-06-02T095750.766-600x400.jpeg",600,400,true],"gb-block-post-grid-square":["https:\/\/www.uartes.edu.ec\/sitio\/wp-content\/uploads\/2025\/05\/Proyecto-Cambiar-tamano-de-imagen-2025-06-02T095750.766-600x600.jpeg",600,600,true],"university-hub-thumb":["https:\/\/www.uartes.edu.ec\/sitio\/wp-content\/uploads\/2025\/05\/Proyecto-Cambiar-tamano-de-imagen-2025-06-02T095750.766-400x267.jpeg",400,267,true],"mailpoet_newsletter_max":["https:\/\/www.uartes.edu.ec\/sitio\/wp-content\/uploads\/2025\/05\/Proyecto-Cambiar-tamano-de-imagen-2025-06-02T095750.766.jpeg",1320,880,false]},"uagb_author_info":{"display_name":"ccortez","author_link":"https:\/\/www.uartes.edu.ec\/sitio\/en\/blog\/author\/ccortez\/"},"uagb_comment_info":0,"uagb_excerpt":"Como una fecha para no olvidar qued\u00f3 el 17 de mayo pasado. Ese d\u00eda la artista guayaquile\u00f1a Gabriela Fabre inaugur\u00f3 en Quito la muestra \u201cHexis\u201d, serie que explora temas de cuerpo, consuelo y memoria mediante un conjunto de objetos-muebles escult\u00f3ricos. Lo hizo en Arte Actual Flacso, plataforma de exposici\u00f3n que tras un proceso de renovaci\u00f3n&hellip;","featured_image_src":"https:\/\/www.uartes.edu.ec\/sitio\/wp-content\/uploads\/2025\/05\/Proyecto-Cambiar-tamano-de-imagen-2025-06-02T095750.766-600x400.jpeg","featured_image_src_square":"https:\/\/www.uartes.edu.ec\/sitio\/wp-content\/uploads\/2025\/05\/Proyecto-Cambiar-tamano-de-imagen-2025-06-02T095750.766-600x600.jpeg","author_info":{"display_name":"ccortez","author_link":"https:\/\/www.uartes.edu.ec\/sitio\/en\/blog\/author\/ccortez\/"},"publishpress_future_workflow_manual_trigger":{"enabledWorkflows":[]},"distributor_meta":false,"distributor_terms":false,"distributor_media":false,"distributor_original_site_name":"Universidad de las Artes","distributor_original_site_url":"https:\/\/www.uartes.edu.ec\/sitio\/en","push-errors":false,"_links":{"self":[{"href":"https:\/\/www.uartes.edu.ec\/sitio\/en\/wp-json\/wp\/v2\/posts\/72590","targetHints":{"allow":["GET"]}}],"collection":[{"href":"https:\/\/www.uartes.edu.ec\/sitio\/en\/wp-json\/wp\/v2\/posts"}],"about":[{"href":"https:\/\/www.uartes.edu.ec\/sitio\/en\/wp-json\/wp\/v2\/types\/post"}],"author":[{"embeddable":true,"href":"https:\/\/www.uartes.edu.ec\/sitio\/en\/wp-json\/wp\/v2\/users\/10"}],"replies":[{"embeddable":true,"href":"https:\/\/www.uartes.edu.ec\/sitio\/en\/wp-json\/wp\/v2\/comments?post=72590"}],"version-history":[{"count":9,"href":"https:\/\/www.uartes.edu.ec\/sitio\/en\/wp-json\/wp\/v2\/posts\/72590\/revisions"}],"predecessor-version":[{"id":72816,"href":"https:\/\/www.uartes.edu.ec\/sitio\/en\/wp-json\/wp\/v2\/posts\/72590\/revisions\/72816"}],"wp:featuredmedia":[{"embeddable":true,"href":"https:\/\/www.uartes.edu.ec\/sitio\/en\/wp-json\/wp\/v2\/media\/72821"}],"wp:attachment":[{"href":"https:\/\/www.uartes.edu.ec\/sitio\/en\/wp-json\/wp\/v2\/media?parent=72590"}],"wp:term":[{"taxonomy":"category","embeddable":true,"href":"https:\/\/www.uartes.edu.ec\/sitio\/en\/wp-json\/wp\/v2\/categories?post=72590"},{"taxonomy":"post_tag","embeddable":true,"href":"https:\/\/www.uartes.edu.ec\/sitio\/en\/wp-json\/wp\/v2\/tags?post=72590"},{"taxonomy":"infouartes","embeddable":true,"href":"https:\/\/www.uartes.edu.ec\/sitio\/en\/wp-json\/wp\/v2\/infouartes?post=72590"}],"curies":[{"name":"wp","href":"https:\/\/api.w.org\/{rel}","templated":true}]}}