{"id":72598,"date":"2025-05-27T19:30:37","date_gmt":"2025-05-28T00:30:37","guid":{"rendered":"https:\/\/www.uartes.edu.ec\/sitio\/?p=72598"},"modified":"2025-06-02T09:24:54","modified_gmt":"2025-06-02T14:24:54","slug":"ilich-castillo-inauguro-en-el-museo-municipal-de-guayaquil-prodromo-una-muestra-que-cuestiona-revela-y-provoca","status":"publish","type":"post","link":"https:\/\/www.uartes.edu.ec\/sitio\/en\/blog\/2025\/05\/27\/ilich-castillo-inauguro-en-el-museo-municipal-de-guayaquil-prodromo-una-muestra-que-cuestiona-revela-y-provoca\/","title":{"rendered":"Artista Ilich Castillo inaugur\u00f3 en el Museo Municipal de Guayaquil \u201cPr\u00f3dromo\u201d, una muestra que cuestiona, revela y provoca"},"content":{"rendered":"<p>\u201cUna muestra que cuestiona, revela y provoca\u201d. El Museo Municipal de Guayaquil se\u00f1ala as\u00ed a \u201cProdromo\u201d, exposici\u00f3n individual del artista guayaquile\u00f1o Ilich Castillo, docente de la Universidad de las Artes. Se inaugur\u00f3 el 21 de mayo pasado en las salas Polivalente y de Arte Contempor\u00e1neo de la instituci\u00f3n.<\/p>\n\n\n\n<p>Consultado por InfoUArtes acerca de su propuesta expositiva, el artista y acad\u00e9mico Ilich Castillo comparte el siguiente texto, el cual rese\u00f1a su concepci\u00f3n, sus procesos y una detallada sustentaci\u00f3n de cada uno de sus componentes:<\/p>\n\n\n\n<p>La presente exhibici\u00f3n toma como punto de referencia una \u201cpintura\u201d que originalmente se present\u00f3 en esta instituci\u00f3n hace 20 a\u00f1os, en el marco del Sal\u00f3n de Julio de Guayaquil. \u00abC\u00f3mo se encienden los discursos populares, seg\u00fan Homs\u00bb (2005), consist\u00eda en un \u201cmonigote\u201d de la maqueta del monumento que conmemora el encuentro entre Bol\u00edvar y San Mart\u00edn en la ciudad de Guayaquil (Jos\u00e9 Antonio Homs, 1929).<\/p>\n\n\n\n<p>La escena entre ambos pr\u00f3ceres provoc\u00f3 incomodidad por su tensi\u00f3n queer, lo cual hizo que en su momento fuera rechazada por \u201cno ajustarse a los c\u00e1nones est\u00e9ticos de la \u00e9poca\u201d. Este a\u00f1o viejo, expuesto en el contexto previo a la concreci\u00f3n de la llamada \u201cmarea rosa\u201d latinoamericana, presentaba tensiones irresueltas entre estatuaria conmemorativa y escultura popular, reactivaci\u00f3n mitol\u00f3gica y desacralizaci\u00f3n, masculinidad fr\u00e1gil y poder.<\/p>\n\n\n<div class=\"wp-block-image\">\n<figure class=\"aligncenter size-large\"><img fetchpriority=\"high\" decoding=\"async\" width=\"644\" height=\"429\" src=\"https:\/\/www.uartes.edu.ec\/sitio\/wp-content\/uploads\/2025\/05\/Proyecto-Cambiar-tamano-de-imagen-2025-05-29T130546.479-644x429.jpeg\" alt=\"\" class=\"wp-image-72606\" srcset=\"https:\/\/www.uartes.edu.ec\/sitio\/wp-content\/uploads\/2025\/05\/Proyecto-Cambiar-tamano-de-imagen-2025-05-29T130546.479-644x429.jpeg 644w, https:\/\/www.uartes.edu.ec\/sitio\/wp-content\/uploads\/2025\/05\/Proyecto-Cambiar-tamano-de-imagen-2025-05-29T130546.479-300x200.jpeg 300w, https:\/\/www.uartes.edu.ec\/sitio\/wp-content\/uploads\/2025\/05\/Proyecto-Cambiar-tamano-de-imagen-2025-05-29T130546.479-768x512.jpeg 768w, https:\/\/www.uartes.edu.ec\/sitio\/wp-content\/uploads\/2025\/05\/Proyecto-Cambiar-tamano-de-imagen-2025-05-29T130546.479-1536x1024.jpeg 1536w, https:\/\/www.uartes.edu.ec\/sitio\/wp-content\/uploads\/2025\/05\/Proyecto-Cambiar-tamano-de-imagen-2025-05-29T130546.479-18x12.jpeg 18w, https:\/\/www.uartes.edu.ec\/sitio\/wp-content\/uploads\/2025\/05\/Proyecto-Cambiar-tamano-de-imagen-2025-05-29T130546.479-600x400.jpeg 600w, https:\/\/www.uartes.edu.ec\/sitio\/wp-content\/uploads\/2025\/05\/Proyecto-Cambiar-tamano-de-imagen-2025-05-29T130546.479-400x267.jpeg 400w, https:\/\/www.uartes.edu.ec\/sitio\/wp-content\/uploads\/2025\/05\/Proyecto-Cambiar-tamano-de-imagen-2025-05-29T130546.479.jpeg 2000w\" sizes=\"(max-width: 644px) 100vw, 644px\" \/><\/figure>\n<\/div>\n\n\n<figure class=\"wp-block-gallery has-nested-images columns-default is-cropped wp-block-gallery-1 is-layout-flex wp-block-gallery-is-layout-flex\">\n<figure class=\"wp-block-image size-large\"><img decoding=\"async\" width=\"644\" height=\"429\" data-id=\"72601\" src=\"https:\/\/www.uartes.edu.ec\/sitio\/wp-content\/uploads\/2025\/05\/Proyecto-Cambiar-tamano-de-imagen-2025-05-29T131523.278-644x429.jpeg\" alt=\"\" class=\"wp-image-72601\" srcset=\"https:\/\/www.uartes.edu.ec\/sitio\/wp-content\/uploads\/2025\/05\/Proyecto-Cambiar-tamano-de-imagen-2025-05-29T131523.278-644x429.jpeg 644w, https:\/\/www.uartes.edu.ec\/sitio\/wp-content\/uploads\/2025\/05\/Proyecto-Cambiar-tamano-de-imagen-2025-05-29T131523.278-300x200.jpeg 300w, https:\/\/www.uartes.edu.ec\/sitio\/wp-content\/uploads\/2025\/05\/Proyecto-Cambiar-tamano-de-imagen-2025-05-29T131523.278-768x512.jpeg 768w, https:\/\/www.uartes.edu.ec\/sitio\/wp-content\/uploads\/2025\/05\/Proyecto-Cambiar-tamano-de-imagen-2025-05-29T131523.278-1536x1024.jpeg 1536w, https:\/\/www.uartes.edu.ec\/sitio\/wp-content\/uploads\/2025\/05\/Proyecto-Cambiar-tamano-de-imagen-2025-05-29T131523.278-18x12.jpeg 18w, https:\/\/www.uartes.edu.ec\/sitio\/wp-content\/uploads\/2025\/05\/Proyecto-Cambiar-tamano-de-imagen-2025-05-29T131523.278-600x400.jpeg 600w, https:\/\/www.uartes.edu.ec\/sitio\/wp-content\/uploads\/2025\/05\/Proyecto-Cambiar-tamano-de-imagen-2025-05-29T131523.278-400x267.jpeg 400w, https:\/\/www.uartes.edu.ec\/sitio\/wp-content\/uploads\/2025\/05\/Proyecto-Cambiar-tamano-de-imagen-2025-05-29T131523.278.jpeg 2000w\" sizes=\"(max-width: 644px) 100vw, 644px\" \/><\/figure>\n\n\n\n<figure class=\"wp-block-image size-large\"><img decoding=\"async\" width=\"644\" height=\"429\" data-id=\"72602\" src=\"https:\/\/www.uartes.edu.ec\/sitio\/wp-content\/uploads\/2025\/05\/Proyecto-Cambiar-tamano-de-imagen-2025-05-29T131432.898-644x429.jpeg\" alt=\"\" class=\"wp-image-72602\" srcset=\"https:\/\/www.uartes.edu.ec\/sitio\/wp-content\/uploads\/2025\/05\/Proyecto-Cambiar-tamano-de-imagen-2025-05-29T131432.898-644x429.jpeg 644w, https:\/\/www.uartes.edu.ec\/sitio\/wp-content\/uploads\/2025\/05\/Proyecto-Cambiar-tamano-de-imagen-2025-05-29T131432.898-300x200.jpeg 300w, https:\/\/www.uartes.edu.ec\/sitio\/wp-content\/uploads\/2025\/05\/Proyecto-Cambiar-tamano-de-imagen-2025-05-29T131432.898-768x512.jpeg 768w, https:\/\/www.uartes.edu.ec\/sitio\/wp-content\/uploads\/2025\/05\/Proyecto-Cambiar-tamano-de-imagen-2025-05-29T131432.898-1536x1024.jpeg 1536w, https:\/\/www.uartes.edu.ec\/sitio\/wp-content\/uploads\/2025\/05\/Proyecto-Cambiar-tamano-de-imagen-2025-05-29T131432.898-18x12.jpeg 18w, https:\/\/www.uartes.edu.ec\/sitio\/wp-content\/uploads\/2025\/05\/Proyecto-Cambiar-tamano-de-imagen-2025-05-29T131432.898-600x400.jpeg 600w, https:\/\/www.uartes.edu.ec\/sitio\/wp-content\/uploads\/2025\/05\/Proyecto-Cambiar-tamano-de-imagen-2025-05-29T131432.898-400x267.jpeg 400w, https:\/\/www.uartes.edu.ec\/sitio\/wp-content\/uploads\/2025\/05\/Proyecto-Cambiar-tamano-de-imagen-2025-05-29T131432.898.jpeg 2000w\" sizes=\"(max-width: 644px) 100vw, 644px\" \/><\/figure>\n<\/figure>\n\n\n\n<p><\/p>\n\n\n\n<p>Utilizo dicha obra como pretexto para visitarla desde cierta lateralidad y bajo el matiz de dos autores poli\u00e9dricos, dif\u00edciles de enmarcar o que estrat\u00e9gicamente se las arreglaron toda su vida para permanecer en un constante fuera de campo del poder: Samuel Robinson &amp; Sim\u00f3n Rodr\u00edguez, ambos inventores, utopistas y, adem\u00e1s, maestros de Bol\u00edvar.<\/p>\n\n\n\n<p>Justamente, esa bifurcaci\u00f3n entre la persona y el personaje estimula una nebulosa desde donde se puede trazar una posible brecha narrativa que no pretende hacer ni apolog\u00eda ni ofrecer precisi\u00f3n hist\u00f3rica, m\u00e1s bien, permite entablar con los escombros de los datos una interdependencia del referente y su referencia hacia ciertos grados de desenlace que evidencian otros niveles de colectividad como estrategia de supervivencia.<\/p>\n\n\n\n<p>Desde aquella perspectiva, el proyecto \u201cPr\u00f3dromo\u201d (197 a\u00f1os despu\u00e9s) (2023-2025), consiste en desmantelar \u00edntegramente una enciclopedia (T\u00e9cnicas de Marketing, A.A.V.V., Editorial Hispano-Europea, 1980) y reutilizarla, pero ahora como soporte para la creaci\u00f3n de una vela artesanal, y una panor\u00e1mica compuesta por 1000 facs\u00edmiles de baja resoluci\u00f3n hechos con un plotter de dibujo. Se trata de una colecci\u00f3n de portadas de publicaciones (en su mayor\u00eda descatalogadas), que comparten algo: todas incluyen en su dise\u00f1o iteraciones gr\u00e1ficas que aluden a lo \u201clatinoamericano\u00bb.<\/p>\n\n\n\n<p>Este neologismo identitario, tan problem\u00e1tico como ilusorio, m\u00e1s que un t\u00e9rmino de autodefinici\u00f3n es muchas veces asumido como un concepto defensivo para contrarrestar otros mucho m\u00e1s problem\u00e1ticos (Iberoam\u00e9rica, Hispanoam\u00e9rica) y que, como es sabido, fue instalado estrat\u00e9gicamente por la Francia bonapartista, aunque reproducido tempranamente por varios autores relevantes de origen sudamericano (desde Torres Caicedo hasta Bilbao). Su replanteamiento tampoco ha sido un\u00e1nime ni concluyente: Indoam\u00e9rica, Abya Yala, Pindorama, entre otros.<\/p>\n\n\n<div class=\"wp-block-image\">\n<figure class=\"aligncenter size-large\"><img loading=\"lazy\" decoding=\"async\" width=\"644\" height=\"429\" src=\"https:\/\/www.uartes.edu.ec\/sitio\/wp-content\/uploads\/2025\/05\/Proyecto-Cambiar-tamano-de-imagen-2025-05-29T132101.023-644x429.jpeg\" alt=\"\" class=\"wp-image-72603\" srcset=\"https:\/\/www.uartes.edu.ec\/sitio\/wp-content\/uploads\/2025\/05\/Proyecto-Cambiar-tamano-de-imagen-2025-05-29T132101.023-644x429.jpeg 644w, https:\/\/www.uartes.edu.ec\/sitio\/wp-content\/uploads\/2025\/05\/Proyecto-Cambiar-tamano-de-imagen-2025-05-29T132101.023-300x200.jpeg 300w, https:\/\/www.uartes.edu.ec\/sitio\/wp-content\/uploads\/2025\/05\/Proyecto-Cambiar-tamano-de-imagen-2025-05-29T132101.023-768x512.jpeg 768w, https:\/\/www.uartes.edu.ec\/sitio\/wp-content\/uploads\/2025\/05\/Proyecto-Cambiar-tamano-de-imagen-2025-05-29T132101.023-1536x1024.jpeg 1536w, https:\/\/www.uartes.edu.ec\/sitio\/wp-content\/uploads\/2025\/05\/Proyecto-Cambiar-tamano-de-imagen-2025-05-29T132101.023-18x12.jpeg 18w, https:\/\/www.uartes.edu.ec\/sitio\/wp-content\/uploads\/2025\/05\/Proyecto-Cambiar-tamano-de-imagen-2025-05-29T132101.023-600x400.jpeg 600w, https:\/\/www.uartes.edu.ec\/sitio\/wp-content\/uploads\/2025\/05\/Proyecto-Cambiar-tamano-de-imagen-2025-05-29T132101.023-400x267.jpeg 400w, https:\/\/www.uartes.edu.ec\/sitio\/wp-content\/uploads\/2025\/05\/Proyecto-Cambiar-tamano-de-imagen-2025-05-29T132101.023.jpeg 2000w\" sizes=\"(max-width: 644px) 100vw, 644px\" \/><\/figure>\n<\/div>\n\n\n<p>Entonces, el inter\u00e9s por conectar toda esta bibliograf\u00eda basada en clich\u00e9s de la industria del dise\u00f1o editorial estriba, por un lado, en constituir un muestreo de varias de las caracter\u00edsticas que componen el imaginario ret\u00f3rico de la regi\u00f3n con el pasar de los a\u00f1os. Pero, a su vez, tambi\u00e9n se pretende tejer una r\u00e9plica polif\u00f3nica al tempranero y ut\u00f3pico proyecto editorial de estos autores, cuyo original esp\u00edritu formal y de car\u00e1cter prospectivo pr\u00e1cticamente pas\u00f3 desapercibido en su \u00e9poca: (Pr\u00f3dromo) Sociedades americanas en 1828. C\u00f3mo ser\u00e1n y c\u00f3mo podr\u00edan ser en los siglos venideros (Arequipa, 1828). Pr\u00f3dromo (197 a\u00f1os despu\u00e9s), en ese sentido, se ofrece como un posible interlocutor del mencionado texto, esboz\u00e1ndose quiz\u00e1s como un indicador provisional a esa lenta, pero certera constataci\u00f3n del devenir de las narrativas regionales predominantes.<\/p>\n\n\n\n<p>En Tandem S.R.\/S.R. (2025), se busca activar suscripciones secretas en la anatom\u00eda de ciertos objetos para producir conexiones que, cuando se presenten, se sientan naturales, espont\u00e1neas, coherentes, con las m\u00ednimas intervenciones posibles. De esa manera surge este prototipo de tienda doble, hecha de franela y parafina, tarugos de pino y codos met\u00e1licos, que funciona te\u00f3ricamente para tales menesteres, pero que adem\u00e1s se presenta como una cita a los dos refugios (uno para cocinar y otro para dormir) que fabric\u00f3 el marinero en el que presumiblemente se inspir\u00f3 Defoe para su Robinson Crusoe: Alexander Selkirk, un pirata escoc\u00e9s que qued\u00f3 abandonado a su suerte en una isla al oriente de Chile durante a\u00f1os, y que posterior a su rescate form\u00f3 parte del saqueo a Guayaquil, comandado por Woodes Rogers en 1709. En Tandem se cumple con la premisa de Robinson &amp; Rodr\u00edguez: \u201ctomen lo bueno, dejen lo malo, imiten con juicio, y por lo que les falte inventen\u00bb.<\/p>\n\n\n\n<figure class=\"wp-block-gallery has-nested-images columns-default is-cropped wp-block-gallery-2 is-layout-flex wp-block-gallery-is-layout-flex\">\n<figure class=\"wp-block-image size-large\"><img loading=\"lazy\" decoding=\"async\" width=\"644\" height=\"429\" data-id=\"72605\" src=\"https:\/\/www.uartes.edu.ec\/sitio\/wp-content\/uploads\/2025\/05\/Proyecto-Cambiar-tamano-de-imagen-2025-05-29T131018.858-644x429.jpeg\" alt=\"\" class=\"wp-image-72605\" srcset=\"https:\/\/www.uartes.edu.ec\/sitio\/wp-content\/uploads\/2025\/05\/Proyecto-Cambiar-tamano-de-imagen-2025-05-29T131018.858-644x429.jpeg 644w, https:\/\/www.uartes.edu.ec\/sitio\/wp-content\/uploads\/2025\/05\/Proyecto-Cambiar-tamano-de-imagen-2025-05-29T131018.858-300x200.jpeg 300w, https:\/\/www.uartes.edu.ec\/sitio\/wp-content\/uploads\/2025\/05\/Proyecto-Cambiar-tamano-de-imagen-2025-05-29T131018.858-768x512.jpeg 768w, https:\/\/www.uartes.edu.ec\/sitio\/wp-content\/uploads\/2025\/05\/Proyecto-Cambiar-tamano-de-imagen-2025-05-29T131018.858-1536x1024.jpeg 1536w, https:\/\/www.uartes.edu.ec\/sitio\/wp-content\/uploads\/2025\/05\/Proyecto-Cambiar-tamano-de-imagen-2025-05-29T131018.858-18x12.jpeg 18w, https:\/\/www.uartes.edu.ec\/sitio\/wp-content\/uploads\/2025\/05\/Proyecto-Cambiar-tamano-de-imagen-2025-05-29T131018.858-600x400.jpeg 600w, https:\/\/www.uartes.edu.ec\/sitio\/wp-content\/uploads\/2025\/05\/Proyecto-Cambiar-tamano-de-imagen-2025-05-29T131018.858-400x267.jpeg 400w, https:\/\/www.uartes.edu.ec\/sitio\/wp-content\/uploads\/2025\/05\/Proyecto-Cambiar-tamano-de-imagen-2025-05-29T131018.858.jpeg 2000w\" sizes=\"(max-width: 644px) 100vw, 644px\" \/><\/figure>\n\n\n\n<figure class=\"wp-block-image size-large\"><img loading=\"lazy\" decoding=\"async\" width=\"644\" height=\"429\" data-id=\"72604\" src=\"https:\/\/www.uartes.edu.ec\/sitio\/wp-content\/uploads\/2025\/05\/Proyecto-Cambiar-tamano-de-imagen-2025-05-29T130858.033-644x429.jpeg\" alt=\"\" class=\"wp-image-72604\" srcset=\"https:\/\/www.uartes.edu.ec\/sitio\/wp-content\/uploads\/2025\/05\/Proyecto-Cambiar-tamano-de-imagen-2025-05-29T130858.033-644x429.jpeg 644w, https:\/\/www.uartes.edu.ec\/sitio\/wp-content\/uploads\/2025\/05\/Proyecto-Cambiar-tamano-de-imagen-2025-05-29T130858.033-300x200.jpeg 300w, https:\/\/www.uartes.edu.ec\/sitio\/wp-content\/uploads\/2025\/05\/Proyecto-Cambiar-tamano-de-imagen-2025-05-29T130858.033-768x512.jpeg 768w, https:\/\/www.uartes.edu.ec\/sitio\/wp-content\/uploads\/2025\/05\/Proyecto-Cambiar-tamano-de-imagen-2025-05-29T130858.033-1536x1024.jpeg 1536w, https:\/\/www.uartes.edu.ec\/sitio\/wp-content\/uploads\/2025\/05\/Proyecto-Cambiar-tamano-de-imagen-2025-05-29T130858.033-18x12.jpeg 18w, https:\/\/www.uartes.edu.ec\/sitio\/wp-content\/uploads\/2025\/05\/Proyecto-Cambiar-tamano-de-imagen-2025-05-29T130858.033-600x400.jpeg 600w, https:\/\/www.uartes.edu.ec\/sitio\/wp-content\/uploads\/2025\/05\/Proyecto-Cambiar-tamano-de-imagen-2025-05-29T130858.033-400x267.jpeg 400w, https:\/\/www.uartes.edu.ec\/sitio\/wp-content\/uploads\/2025\/05\/Proyecto-Cambiar-tamano-de-imagen-2025-05-29T130858.033.jpeg 2000w\" sizes=\"(max-width: 644px) 100vw, 644px\" \/><\/figure>\n<\/figure>\n\n\n\n<figure class=\"wp-block-gallery has-nested-images columns-default is-cropped wp-block-gallery-3 is-layout-flex wp-block-gallery-is-layout-flex\">\n<figure class=\"wp-block-image size-large\"><img loading=\"lazy\" decoding=\"async\" width=\"644\" height=\"429\" data-id=\"72600\" src=\"https:\/\/www.uartes.edu.ec\/sitio\/wp-content\/uploads\/2025\/05\/Proyecto-Cambiar-tamano-de-imagen-2025-05-29T131141.103-644x429.jpeg\" alt=\"\" class=\"wp-image-72600\" srcset=\"https:\/\/www.uartes.edu.ec\/sitio\/wp-content\/uploads\/2025\/05\/Proyecto-Cambiar-tamano-de-imagen-2025-05-29T131141.103-644x429.jpeg 644w, https:\/\/www.uartes.edu.ec\/sitio\/wp-content\/uploads\/2025\/05\/Proyecto-Cambiar-tamano-de-imagen-2025-05-29T131141.103-300x200.jpeg 300w, https:\/\/www.uartes.edu.ec\/sitio\/wp-content\/uploads\/2025\/05\/Proyecto-Cambiar-tamano-de-imagen-2025-05-29T131141.103-768x512.jpeg 768w, https:\/\/www.uartes.edu.ec\/sitio\/wp-content\/uploads\/2025\/05\/Proyecto-Cambiar-tamano-de-imagen-2025-05-29T131141.103-1536x1024.jpeg 1536w, https:\/\/www.uartes.edu.ec\/sitio\/wp-content\/uploads\/2025\/05\/Proyecto-Cambiar-tamano-de-imagen-2025-05-29T131141.103-18x12.jpeg 18w, https:\/\/www.uartes.edu.ec\/sitio\/wp-content\/uploads\/2025\/05\/Proyecto-Cambiar-tamano-de-imagen-2025-05-29T131141.103-600x400.jpeg 600w, https:\/\/www.uartes.edu.ec\/sitio\/wp-content\/uploads\/2025\/05\/Proyecto-Cambiar-tamano-de-imagen-2025-05-29T131141.103-400x267.jpeg 400w, https:\/\/www.uartes.edu.ec\/sitio\/wp-content\/uploads\/2025\/05\/Proyecto-Cambiar-tamano-de-imagen-2025-05-29T131141.103.jpeg 2000w\" sizes=\"(max-width: 644px) 100vw, 644px\" \/><\/figure>\n\n\n\n<figure class=\"wp-block-image size-large\"><img loading=\"lazy\" decoding=\"async\" width=\"644\" height=\"429\" data-id=\"72607\" src=\"https:\/\/www.uartes.edu.ec\/sitio\/wp-content\/uploads\/2025\/05\/Proyecto-Cambiar-tamano-de-imagen-2025-05-29T130737.354-644x429.jpeg\" alt=\"\" class=\"wp-image-72607\" srcset=\"https:\/\/www.uartes.edu.ec\/sitio\/wp-content\/uploads\/2025\/05\/Proyecto-Cambiar-tamano-de-imagen-2025-05-29T130737.354-644x429.jpeg 644w, https:\/\/www.uartes.edu.ec\/sitio\/wp-content\/uploads\/2025\/05\/Proyecto-Cambiar-tamano-de-imagen-2025-05-29T130737.354-300x200.jpeg 300w, https:\/\/www.uartes.edu.ec\/sitio\/wp-content\/uploads\/2025\/05\/Proyecto-Cambiar-tamano-de-imagen-2025-05-29T130737.354-768x512.jpeg 768w, https:\/\/www.uartes.edu.ec\/sitio\/wp-content\/uploads\/2025\/05\/Proyecto-Cambiar-tamano-de-imagen-2025-05-29T130737.354-1536x1024.jpeg 1536w, https:\/\/www.uartes.edu.ec\/sitio\/wp-content\/uploads\/2025\/05\/Proyecto-Cambiar-tamano-de-imagen-2025-05-29T130737.354-18x12.jpeg 18w, https:\/\/www.uartes.edu.ec\/sitio\/wp-content\/uploads\/2025\/05\/Proyecto-Cambiar-tamano-de-imagen-2025-05-29T130737.354-600x400.jpeg 600w, https:\/\/www.uartes.edu.ec\/sitio\/wp-content\/uploads\/2025\/05\/Proyecto-Cambiar-tamano-de-imagen-2025-05-29T130737.354-400x267.jpeg 400w, https:\/\/www.uartes.edu.ec\/sitio\/wp-content\/uploads\/2025\/05\/Proyecto-Cambiar-tamano-de-imagen-2025-05-29T130737.354.jpeg 2000w\" sizes=\"(max-width: 644px) 100vw, 644px\" \/><\/figure>\n<\/figure>\n\n\n\n<p><\/p>\n\n\n\n<p>Pensada ocasionalmente para abastecer de iluminaci\u00f3n a toda la sala, Luces y Virtudes (y Palanca) (2025), se plantea como una secuela a Velas (1992), de Luis Camnitzer (donde se lee la sentencia que rezaba en la puerta de la casa de Robinson &amp; Rodr\u00edguez: \u201cLuces y virtudes americanas. Esto es, velas de sebo, paciencia, jab\u00f3n, resignaci\u00f3n, cola fuerte, amor al trabajo\u201d), una alusi\u00f3n directa al oficio que estos autores se dedicaron como fuente de ingreso alterna a la ense\u00f1anza. Luces y Virtudes (y Palanca) se compone de tres tipos de luces led sostenidas por unos listones de madera que, a su vez, son sostenidos por dos brazos para pantallas.<\/p>\n\n\n\n<p>Por otra parte, la propuesta plantea el cruce entre dos met\u00e1foras sobre la educaci\u00f3n recurrentemente usadas por Robinson &amp; Rodr\u00edguez y que juntas podr\u00edan leerse de otra manera. El tipo de palanca a la que se refieren en Consejos de amigo dados al Colegio Latacunga (1851) proviene de la f\u00edsica; mientras que, coloquialmente el t\u00e9rmino \u201cpalanca\u201d en nuestras regiones denota una pr\u00e1ctica que, por cotidiana, no est\u00e1 exenta de pol\u00e9mica, esto es, el uso de influencias para beneficio personal. Una fuerza invisibilizada por la \u201cret\u00f3rica del ascenso social\u201d.<\/p>\n\n\n\n<p>Completa la selecci\u00f3n de piezas, un ejercicio realizado por un estudiante mientras dictaba clases de Proyectos en el otrora ITAE. Se trata de una caja de f\u00f3sforos con el motivo de la pintura citada al inicio de este texto y que sol\u00edcitamente recomienda que este a\u00f1o viejo cumpla con su ciclo natural.<\/p>\n\n\n\n<p>Volviendo en paralelo a Robinson y a Rodr\u00edguez, y rememorando el fat\u00eddico destino que corrieron sus textos con el Incendio Grande de Guayaquil en 1896, esta caja de f\u00f3sforos parecer\u00eda adem\u00e1s susurrar aquella constataci\u00f3n de Marx, que: la historia se repite dos veces, primero como tragedia y luego como caricatura.<\/p>\n\n\n\n<p>Fotos: cortes\u00eda del artista y docente UArtes Ilich Castillo.<\/p>\n\n\n\n<p><\/p>","protected":false},"excerpt":{"rendered":"<p>\u201cPr\u00f3dromo\u201d toma como antecedente la pieza &#8216;C\u00f3mo se encienden los discursos populares, seg\u00fan Homs&#8217; (2005), basada en una versi\u00f3n vernacular de la maqueta rechazada del monumento al encuentro entre Bol\u00edvar y San Mart\u00edn. Expuesta en las salas Polivalente y de Arte Contempor\u00e1neo del Museo Municipal de Guayaquil, la obra del artista Ilich Castillo, docente de la Universidad de las Artes, cuestiona, revela y provoca. <\/p>","protected":false},"author":10,"featured_media":72599,"comment_status":"open","ping_status":"open","sticky":false,"template":"","format":"standard","meta":{"_acf_changed":false,"_uag_custom_page_level_css":"","_monsterinsights_skip_tracking":false,"_monsterinsights_sitenote_active":false,"_monsterinsights_sitenote_note":"","_monsterinsights_sitenote_category":0,"cybocfi_hide_featured_image":"","footnotes":""},"categories":[80,82,157,75],"tags":[517],"infouartes":[],"class_list":["post-72598","post","type-post","status-publish","format-standard","has-post-thumbnail","hentry","category-academico","category-artes","category-artes-visuales","category-docentes","tag-exposicion"],"acf":[],"yoast_head":"<!-- This site is optimized with the Yoast SEO plugin v27.4 - https:\/\/yoast.com\/product\/yoast-seo-wordpress\/ -->\n<title>Universidad de las Artes - Artista Ilich Castillo inaugur\u00f3 en el Museo Municipal de Guayaquil \u201cPr\u00f3dromo\u201d, una muestra que cuestiona, revela y provoca<\/title>\n<meta name=\"description\" content=\"Universidad de las Artes - Artista Ilich Castillo inaugur\u00f3 en el Museo Municipal de Guayaquil \u201cPr\u00f3dromo\u201d, una muestra que cuestiona, revela y provoca\" \/>\n<meta name=\"robots\" content=\"index, follow, max-snippet:-1, max-image-preview:large, max-video-preview:-1\" \/>\n<link rel=\"canonical\" href=\"https:\/\/www.uartes.edu.ec\/sitio\/en\/blog\/2025\/05\/27\/ilich-castillo-inauguro-en-el-museo-municipal-de-guayaquil-prodromo-una-muestra-que-cuestiona-revela-y-provoca\/\" \/>\n<meta property=\"og:locale\" content=\"en_US\" \/>\n<meta property=\"og:type\" content=\"article\" \/>\n<meta property=\"og:title\" content=\"Universidad de las Artes - Artista Ilich Castillo inaugur\u00f3 en el Museo Municipal de Guayaquil \u201cPr\u00f3dromo\u201d, una muestra que cuestiona, revela y provoca\" \/>\n<meta property=\"og:description\" content=\"Universidad de las Artes - Artista Ilich Castillo inaugur\u00f3 en el Museo Municipal de Guayaquil \u201cPr\u00f3dromo\u201d, una muestra que cuestiona, revela y provoca\" \/>\n<meta property=\"og:url\" content=\"https:\/\/www.uartes.edu.ec\/sitio\/en\/blog\/2025\/05\/27\/ilich-castillo-inauguro-en-el-museo-municipal-de-guayaquil-prodromo-una-muestra-que-cuestiona-revela-y-provoca\/\" \/>\n<meta property=\"og:site_name\" content=\"Universidad de las Artes\" \/>\n<meta property=\"article:publisher\" content=\"https:\/\/www.facebook.com\/uartesec\" \/>\n<meta property=\"article:published_time\" content=\"2025-05-28T00:30:37+00:00\" \/>\n<meta property=\"article:modified_time\" content=\"2025-06-02T14:24:54+00:00\" \/>\n<meta property=\"og:image\" content=\"https:\/\/www.uartes.edu.ec\/sitio\/wp-content\/uploads\/2025\/05\/Proyecto-Cambiar-tamano-de-imagen-2025-05-29T131333.359-644x429.jpeg\" \/>\n\t<meta property=\"og:image:width\" content=\"644\" \/>\n\t<meta property=\"og:image:height\" content=\"429\" \/>\n\t<meta property=\"og:image:type\" content=\"image\/jpeg\" \/>\n<meta name=\"author\" content=\"ccortez\" \/>\n<meta name=\"twitter:card\" content=\"summary_large_image\" \/>\n<meta name=\"twitter:creator\" content=\"@uartesec\" \/>\n<meta name=\"twitter:site\" content=\"@uartesec\" \/>\n<meta name=\"twitter:label1\" content=\"Written by\" \/>\n\t<meta name=\"twitter:data1\" content=\"ccortez\" \/>\n\t<meta name=\"twitter:label2\" content=\"Est. reading time\" \/>\n\t<meta name=\"twitter:data2\" content=\"6 minutes\" \/>\n<script type=\"application\/ld+json\" class=\"yoast-schema-graph\">{\"@context\":\"https:\\\/\\\/schema.org\",\"@graph\":[{\"@type\":\"Article\",\"@id\":\"https:\\\/\\\/www.uartes.edu.ec\\\/sitio\\\/en\\\/blog\\\/2025\\\/05\\\/27\\\/ilich-castillo-inauguro-en-el-museo-municipal-de-guayaquil-prodromo-una-muestra-que-cuestiona-revela-y-provoca\\\/#article\",\"isPartOf\":{\"@id\":\"https:\\\/\\\/www.uartes.edu.ec\\\/sitio\\\/en\\\/blog\\\/2025\\\/05\\\/27\\\/ilich-castillo-inauguro-en-el-museo-municipal-de-guayaquil-prodromo-una-muestra-que-cuestiona-revela-y-provoca\\\/\"},\"author\":{\"name\":\"ccortez\",\"@id\":\"https:\\\/\\\/www.uartes.edu.ec\\\/sitio\\\/en\\\/#\\\/schema\\\/person\\\/efa1b8275797664fd7f13a79ccc0b1f4\"},\"headline\":\"Artista Ilich Castillo inaugur\u00f3 en el Museo Municipal de Guayaquil \u201cPr\u00f3dromo\u201d, una muestra que cuestiona, revela y provoca\",\"datePublished\":\"2025-05-28T00:30:37+00:00\",\"dateModified\":\"2025-06-02T14:24:54+00:00\",\"mainEntityOfPage\":{\"@id\":\"https:\\\/\\\/www.uartes.edu.ec\\\/sitio\\\/en\\\/blog\\\/2025\\\/05\\\/27\\\/ilich-castillo-inauguro-en-el-museo-municipal-de-guayaquil-prodromo-una-muestra-que-cuestiona-revela-y-provoca\\\/\"},\"wordCount\":1206,\"commentCount\":0,\"publisher\":{\"@id\":\"https:\\\/\\\/www.uartes.edu.ec\\\/sitio\\\/en\\\/#organization\"},\"image\":{\"@id\":\"https:\\\/\\\/www.uartes.edu.ec\\\/sitio\\\/en\\\/blog\\\/2025\\\/05\\\/27\\\/ilich-castillo-inauguro-en-el-museo-municipal-de-guayaquil-prodromo-una-muestra-que-cuestiona-revela-y-provoca\\\/#primaryimage\"},\"thumbnailUrl\":\"https:\\\/\\\/www.uartes.edu.ec\\\/sitio\\\/wp-content\\\/uploads\\\/2025\\\/05\\\/Proyecto-Cambiar-tamano-de-imagen-2025-05-29T131333.359.jpeg\",\"keywords\":[\"exposici\u00f3n\"],\"articleSection\":[\"Acad\u00e9mico\",\"Artes\",\"Artes Visuales\",\"Docentes\"],\"inLanguage\":\"en-US\",\"potentialAction\":[{\"@type\":\"CommentAction\",\"name\":\"Comment\",\"target\":[\"https:\\\/\\\/www.uartes.edu.ec\\\/sitio\\\/en\\\/blog\\\/2025\\\/05\\\/27\\\/ilich-castillo-inauguro-en-el-museo-municipal-de-guayaquil-prodromo-una-muestra-que-cuestiona-revela-y-provoca\\\/#respond\"]}]},{\"@type\":[\"WebPage\",\"ItemPage\"],\"@id\":\"https:\\\/\\\/www.uartes.edu.ec\\\/sitio\\\/en\\\/blog\\\/2025\\\/05\\\/27\\\/ilich-castillo-inauguro-en-el-museo-municipal-de-guayaquil-prodromo-una-muestra-que-cuestiona-revela-y-provoca\\\/\",\"url\":\"https:\\\/\\\/www.uartes.edu.ec\\\/sitio\\\/en\\\/blog\\\/2025\\\/05\\\/27\\\/ilich-castillo-inauguro-en-el-museo-municipal-de-guayaquil-prodromo-una-muestra-que-cuestiona-revela-y-provoca\\\/\",\"name\":\"Universidad de las Artes - Artista Ilich Castillo inaugur\u00f3 en el Museo Municipal de Guayaquil \u201cPr\u00f3dromo\u201d, una muestra que cuestiona, revela y provoca\",\"isPartOf\":{\"@id\":\"https:\\\/\\\/www.uartes.edu.ec\\\/sitio\\\/en\\\/#website\"},\"primaryImageOfPage\":{\"@id\":\"https:\\\/\\\/www.uartes.edu.ec\\\/sitio\\\/en\\\/blog\\\/2025\\\/05\\\/27\\\/ilich-castillo-inauguro-en-el-museo-municipal-de-guayaquil-prodromo-una-muestra-que-cuestiona-revela-y-provoca\\\/#primaryimage\"},\"image\":{\"@id\":\"https:\\\/\\\/www.uartes.edu.ec\\\/sitio\\\/en\\\/blog\\\/2025\\\/05\\\/27\\\/ilich-castillo-inauguro-en-el-museo-municipal-de-guayaquil-prodromo-una-muestra-que-cuestiona-revela-y-provoca\\\/#primaryimage\"},\"thumbnailUrl\":\"https:\\\/\\\/www.uartes.edu.ec\\\/sitio\\\/wp-content\\\/uploads\\\/2025\\\/05\\\/Proyecto-Cambiar-tamano-de-imagen-2025-05-29T131333.359.jpeg\",\"datePublished\":\"2025-05-28T00:30:37+00:00\",\"dateModified\":\"2025-06-02T14:24:54+00:00\",\"description\":\"Universidad de las Artes - Artista Ilich Castillo inaugur\u00f3 en el Museo Municipal de Guayaquil \u201cPr\u00f3dromo\u201d, una muestra que cuestiona, revela y provoca\",\"breadcrumb\":{\"@id\":\"https:\\\/\\\/www.uartes.edu.ec\\\/sitio\\\/en\\\/blog\\\/2025\\\/05\\\/27\\\/ilich-castillo-inauguro-en-el-museo-municipal-de-guayaquil-prodromo-una-muestra-que-cuestiona-revela-y-provoca\\\/#breadcrumb\"},\"inLanguage\":\"en-US\",\"potentialAction\":[{\"@type\":\"ReadAction\",\"target\":[\"https:\\\/\\\/www.uartes.edu.ec\\\/sitio\\\/en\\\/blog\\\/2025\\\/05\\\/27\\\/ilich-castillo-inauguro-en-el-museo-municipal-de-guayaquil-prodromo-una-muestra-que-cuestiona-revela-y-provoca\\\/\"]}]},{\"@type\":\"ImageObject\",\"inLanguage\":\"en-US\",\"@id\":\"https:\\\/\\\/www.uartes.edu.ec\\\/sitio\\\/en\\\/blog\\\/2025\\\/05\\\/27\\\/ilich-castillo-inauguro-en-el-museo-municipal-de-guayaquil-prodromo-una-muestra-que-cuestiona-revela-y-provoca\\\/#primaryimage\",\"url\":\"https:\\\/\\\/www.uartes.edu.ec\\\/sitio\\\/wp-content\\\/uploads\\\/2025\\\/05\\\/Proyecto-Cambiar-tamano-de-imagen-2025-05-29T131333.359.jpeg\",\"contentUrl\":\"https:\\\/\\\/www.uartes.edu.ec\\\/sitio\\\/wp-content\\\/uploads\\\/2025\\\/05\\\/Proyecto-Cambiar-tamano-de-imagen-2025-05-29T131333.359.jpeg\",\"width\":2000,\"height\":1333},{\"@type\":\"BreadcrumbList\",\"@id\":\"https:\\\/\\\/www.uartes.edu.ec\\\/sitio\\\/en\\\/blog\\\/2025\\\/05\\\/27\\\/ilich-castillo-inauguro-en-el-museo-municipal-de-guayaquil-prodromo-una-muestra-que-cuestiona-revela-y-provoca\\\/#breadcrumb\",\"itemListElement\":[{\"@type\":\"ListItem\",\"position\":1,\"name\":\"Inicio\",\"item\":\"https:\\\/\\\/www.uartes.edu.ec\\\/sitio\\\/\"},{\"@type\":\"ListItem\",\"position\":2,\"name\":\"Artista Ilich Castillo inaugur\u00f3 en el Museo Municipal de Guayaquil \u201cPr\u00f3dromo\u201d, una muestra que cuestiona, revela y provoca\"}]},{\"@type\":\"WebSite\",\"@id\":\"https:\\\/\\\/www.uartes.edu.ec\\\/sitio\\\/en\\\/#website\",\"url\":\"https:\\\/\\\/www.uartes.edu.ec\\\/sitio\\\/en\\\/\",\"name\":\"Universidad de las Artes\",\"description\":\"Sitio oficial de la Universidad Nacional de las Artes del Ecuador\",\"publisher\":{\"@id\":\"https:\\\/\\\/www.uartes.edu.ec\\\/sitio\\\/en\\\/#organization\"},\"potentialAction\":[{\"@type\":\"SearchAction\",\"target\":{\"@type\":\"EntryPoint\",\"urlTemplate\":\"https:\\\/\\\/www.uartes.edu.ec\\\/sitio\\\/en\\\/?s={search_term_string}\"},\"query-input\":{\"@type\":\"PropertyValueSpecification\",\"valueRequired\":true,\"valueName\":\"search_term_string\"}}],\"inLanguage\":\"en-US\"},{\"@type\":\"Organization\",\"@id\":\"https:\\\/\\\/www.uartes.edu.ec\\\/sitio\\\/en\\\/#organization\",\"name\":\"Universidad de las Artes\",\"url\":\"https:\\\/\\\/www.uartes.edu.ec\\\/sitio\\\/en\\\/\",\"logo\":{\"@type\":\"ImageObject\",\"inLanguage\":\"en-US\",\"@id\":\"https:\\\/\\\/www.uartes.edu.ec\\\/sitio\\\/en\\\/#\\\/schema\\\/logo\\\/image\\\/\",\"url\":\"https:\\\/\\\/www.uartes.edu.ec\\\/sitio\\\/wp-content\\\/uploads\\\/2022\\\/07\\\/logo-ua-horizontal.png\",\"contentUrl\":\"https:\\\/\\\/www.uartes.edu.ec\\\/sitio\\\/wp-content\\\/uploads\\\/2022\\\/07\\\/logo-ua-horizontal.png\",\"width\":800,\"height\":276,\"caption\":\"Universidad de las Artes\"},\"image\":{\"@id\":\"https:\\\/\\\/www.uartes.edu.ec\\\/sitio\\\/en\\\/#\\\/schema\\\/logo\\\/image\\\/\"},\"sameAs\":[\"https:\\\/\\\/www.facebook.com\\\/uartesec\",\"https:\\\/\\\/x.com\\\/uartesec\",\"https:\\\/\\\/www.tiktok.com\\\/@uartesec\"]},{\"@type\":\"Person\",\"@id\":\"https:\\\/\\\/www.uartes.edu.ec\\\/sitio\\\/en\\\/#\\\/schema\\\/person\\\/efa1b8275797664fd7f13a79ccc0b1f4\",\"name\":\"ccortez\",\"image\":{\"@type\":\"ImageObject\",\"inLanguage\":\"en-US\",\"@id\":\"https:\\\/\\\/secure.gravatar.com\\\/avatar\\\/b2a6f664a3ae8e074346ef91775736c5ec479e637ecced6842de9dc98b5da9cd?s=96&d=mm&r=g\",\"url\":\"https:\\\/\\\/secure.gravatar.com\\\/avatar\\\/b2a6f664a3ae8e074346ef91775736c5ec479e637ecced6842de9dc98b5da9cd?s=96&d=mm&r=g\",\"contentUrl\":\"https:\\\/\\\/secure.gravatar.com\\\/avatar\\\/b2a6f664a3ae8e074346ef91775736c5ec479e637ecced6842de9dc98b5da9cd?s=96&d=mm&r=g\",\"caption\":\"ccortez\"},\"url\":\"https:\\\/\\\/www.uartes.edu.ec\\\/sitio\\\/en\\\/blog\\\/author\\\/ccortez\\\/\"}]}<\/script>\n<!-- \/ Yoast SEO plugin. -->","yoast_head_json":{"title":"Universidad de las Artes - Artista Ilich Castillo inaugur\u00f3 en el Museo Municipal de Guayaquil \u201cPr\u00f3dromo\u201d, una muestra que cuestiona, revela y provoca","description":"Universidad de las Artes - Artista Ilich Castillo inaugur\u00f3 en el Museo Municipal de Guayaquil \u201cPr\u00f3dromo\u201d, una muestra que cuestiona, revela y provoca","robots":{"index":"index","follow":"follow","max-snippet":"max-snippet:-1","max-image-preview":"max-image-preview:large","max-video-preview":"max-video-preview:-1"},"canonical":"https:\/\/www.uartes.edu.ec\/sitio\/en\/blog\/2025\/05\/27\/ilich-castillo-inauguro-en-el-museo-municipal-de-guayaquil-prodromo-una-muestra-que-cuestiona-revela-y-provoca\/","og_locale":"en_US","og_type":"article","og_title":"Universidad de las Artes - Artista Ilich Castillo inaugur\u00f3 en el Museo Municipal de Guayaquil \u201cPr\u00f3dromo\u201d, una muestra que cuestiona, revela y provoca","og_description":"Universidad de las Artes - Artista Ilich Castillo inaugur\u00f3 en el Museo Municipal de Guayaquil \u201cPr\u00f3dromo\u201d, una muestra que cuestiona, revela y provoca","og_url":"https:\/\/www.uartes.edu.ec\/sitio\/en\/blog\/2025\/05\/27\/ilich-castillo-inauguro-en-el-museo-municipal-de-guayaquil-prodromo-una-muestra-que-cuestiona-revela-y-provoca\/","og_site_name":"Universidad de las Artes","article_publisher":"https:\/\/www.facebook.com\/uartesec","article_published_time":"2025-05-28T00:30:37+00:00","article_modified_time":"2025-06-02T14:24:54+00:00","og_image":[{"width":644,"height":429,"url":"https:\/\/www.uartes.edu.ec\/sitio\/wp-content\/uploads\/2025\/05\/Proyecto-Cambiar-tamano-de-imagen-2025-05-29T131333.359-644x429.jpeg","type":"image\/jpeg"}],"author":"ccortez","twitter_card":"summary_large_image","twitter_creator":"@uartesec","twitter_site":"@uartesec","twitter_misc":{"Written by":"ccortez","Est. reading time":"6 minutes"},"schema":{"@context":"https:\/\/schema.org","@graph":[{"@type":"Article","@id":"https:\/\/www.uartes.edu.ec\/sitio\/en\/blog\/2025\/05\/27\/ilich-castillo-inauguro-en-el-museo-municipal-de-guayaquil-prodromo-una-muestra-que-cuestiona-revela-y-provoca\/#article","isPartOf":{"@id":"https:\/\/www.uartes.edu.ec\/sitio\/en\/blog\/2025\/05\/27\/ilich-castillo-inauguro-en-el-museo-municipal-de-guayaquil-prodromo-una-muestra-que-cuestiona-revela-y-provoca\/"},"author":{"name":"ccortez","@id":"https:\/\/www.uartes.edu.ec\/sitio\/en\/#\/schema\/person\/efa1b8275797664fd7f13a79ccc0b1f4"},"headline":"Artista Ilich Castillo inaugur\u00f3 en el Museo Municipal de Guayaquil \u201cPr\u00f3dromo\u201d, una muestra que cuestiona, revela y provoca","datePublished":"2025-05-28T00:30:37+00:00","dateModified":"2025-06-02T14:24:54+00:00","mainEntityOfPage":{"@id":"https:\/\/www.uartes.edu.ec\/sitio\/en\/blog\/2025\/05\/27\/ilich-castillo-inauguro-en-el-museo-municipal-de-guayaquil-prodromo-una-muestra-que-cuestiona-revela-y-provoca\/"},"wordCount":1206,"commentCount":0,"publisher":{"@id":"https:\/\/www.uartes.edu.ec\/sitio\/en\/#organization"},"image":{"@id":"https:\/\/www.uartes.edu.ec\/sitio\/en\/blog\/2025\/05\/27\/ilich-castillo-inauguro-en-el-museo-municipal-de-guayaquil-prodromo-una-muestra-que-cuestiona-revela-y-provoca\/#primaryimage"},"thumbnailUrl":"https:\/\/www.uartes.edu.ec\/sitio\/wp-content\/uploads\/2025\/05\/Proyecto-Cambiar-tamano-de-imagen-2025-05-29T131333.359.jpeg","keywords":["exposici\u00f3n"],"articleSection":["Acad\u00e9mico","Artes","Artes Visuales","Docentes"],"inLanguage":"en-US","potentialAction":[{"@type":"CommentAction","name":"Comment","target":["https:\/\/www.uartes.edu.ec\/sitio\/en\/blog\/2025\/05\/27\/ilich-castillo-inauguro-en-el-museo-municipal-de-guayaquil-prodromo-una-muestra-que-cuestiona-revela-y-provoca\/#respond"]}]},{"@type":["WebPage","ItemPage"],"@id":"https:\/\/www.uartes.edu.ec\/sitio\/en\/blog\/2025\/05\/27\/ilich-castillo-inauguro-en-el-museo-municipal-de-guayaquil-prodromo-una-muestra-que-cuestiona-revela-y-provoca\/","url":"https:\/\/www.uartes.edu.ec\/sitio\/en\/blog\/2025\/05\/27\/ilich-castillo-inauguro-en-el-museo-municipal-de-guayaquil-prodromo-una-muestra-que-cuestiona-revela-y-provoca\/","name":"Universidad de las Artes - Artista Ilich Castillo inaugur\u00f3 en el Museo Municipal de Guayaquil \u201cPr\u00f3dromo\u201d, una muestra que cuestiona, revela y provoca","isPartOf":{"@id":"https:\/\/www.uartes.edu.ec\/sitio\/en\/#website"},"primaryImageOfPage":{"@id":"https:\/\/www.uartes.edu.ec\/sitio\/en\/blog\/2025\/05\/27\/ilich-castillo-inauguro-en-el-museo-municipal-de-guayaquil-prodromo-una-muestra-que-cuestiona-revela-y-provoca\/#primaryimage"},"image":{"@id":"https:\/\/www.uartes.edu.ec\/sitio\/en\/blog\/2025\/05\/27\/ilich-castillo-inauguro-en-el-museo-municipal-de-guayaquil-prodromo-una-muestra-que-cuestiona-revela-y-provoca\/#primaryimage"},"thumbnailUrl":"https:\/\/www.uartes.edu.ec\/sitio\/wp-content\/uploads\/2025\/05\/Proyecto-Cambiar-tamano-de-imagen-2025-05-29T131333.359.jpeg","datePublished":"2025-05-28T00:30:37+00:00","dateModified":"2025-06-02T14:24:54+00:00","description":"Universidad de las Artes - Artista Ilich Castillo inaugur\u00f3 en el Museo Municipal de Guayaquil \u201cPr\u00f3dromo\u201d, una muestra que cuestiona, revela y provoca","breadcrumb":{"@id":"https:\/\/www.uartes.edu.ec\/sitio\/en\/blog\/2025\/05\/27\/ilich-castillo-inauguro-en-el-museo-municipal-de-guayaquil-prodromo-una-muestra-que-cuestiona-revela-y-provoca\/#breadcrumb"},"inLanguage":"en-US","potentialAction":[{"@type":"ReadAction","target":["https:\/\/www.uartes.edu.ec\/sitio\/en\/blog\/2025\/05\/27\/ilich-castillo-inauguro-en-el-museo-municipal-de-guayaquil-prodromo-una-muestra-que-cuestiona-revela-y-provoca\/"]}]},{"@type":"ImageObject","inLanguage":"en-US","@id":"https:\/\/www.uartes.edu.ec\/sitio\/en\/blog\/2025\/05\/27\/ilich-castillo-inauguro-en-el-museo-municipal-de-guayaquil-prodromo-una-muestra-que-cuestiona-revela-y-provoca\/#primaryimage","url":"https:\/\/www.uartes.edu.ec\/sitio\/wp-content\/uploads\/2025\/05\/Proyecto-Cambiar-tamano-de-imagen-2025-05-29T131333.359.jpeg","contentUrl":"https:\/\/www.uartes.edu.ec\/sitio\/wp-content\/uploads\/2025\/05\/Proyecto-Cambiar-tamano-de-imagen-2025-05-29T131333.359.jpeg","width":2000,"height":1333},{"@type":"BreadcrumbList","@id":"https:\/\/www.uartes.edu.ec\/sitio\/en\/blog\/2025\/05\/27\/ilich-castillo-inauguro-en-el-museo-municipal-de-guayaquil-prodromo-una-muestra-que-cuestiona-revela-y-provoca\/#breadcrumb","itemListElement":[{"@type":"ListItem","position":1,"name":"Inicio","item":"https:\/\/www.uartes.edu.ec\/sitio\/"},{"@type":"ListItem","position":2,"name":"Artista Ilich Castillo inaugur\u00f3 en el Museo Municipal de Guayaquil \u201cPr\u00f3dromo\u201d, una muestra que cuestiona, revela y provoca"}]},{"@type":"WebSite","@id":"https:\/\/www.uartes.edu.ec\/sitio\/en\/#website","url":"https:\/\/www.uartes.edu.ec\/sitio\/en\/","name":"Universidad de las Artes","description":"Sitio oficial de la Universidad Nacional de las Artes del Ecuador","publisher":{"@id":"https:\/\/www.uartes.edu.ec\/sitio\/en\/#organization"},"potentialAction":[{"@type":"SearchAction","target":{"@type":"EntryPoint","urlTemplate":"https:\/\/www.uartes.edu.ec\/sitio\/en\/?s={search_term_string}"},"query-input":{"@type":"PropertyValueSpecification","valueRequired":true,"valueName":"search_term_string"}}],"inLanguage":"en-US"},{"@type":"Organization","@id":"https:\/\/www.uartes.edu.ec\/sitio\/en\/#organization","name":"Universidad de las Artes","url":"https:\/\/www.uartes.edu.ec\/sitio\/en\/","logo":{"@type":"ImageObject","inLanguage":"en-US","@id":"https:\/\/www.uartes.edu.ec\/sitio\/en\/#\/schema\/logo\/image\/","url":"https:\/\/www.uartes.edu.ec\/sitio\/wp-content\/uploads\/2022\/07\/logo-ua-horizontal.png","contentUrl":"https:\/\/www.uartes.edu.ec\/sitio\/wp-content\/uploads\/2022\/07\/logo-ua-horizontal.png","width":800,"height":276,"caption":"Universidad de las Artes"},"image":{"@id":"https:\/\/www.uartes.edu.ec\/sitio\/en\/#\/schema\/logo\/image\/"},"sameAs":["https:\/\/www.facebook.com\/uartesec","https:\/\/x.com\/uartesec","https:\/\/www.tiktok.com\/@uartesec"]},{"@type":"Person","@id":"https:\/\/www.uartes.edu.ec\/sitio\/en\/#\/schema\/person\/efa1b8275797664fd7f13a79ccc0b1f4","name":"ccortez","image":{"@type":"ImageObject","inLanguage":"en-US","@id":"https:\/\/secure.gravatar.com\/avatar\/b2a6f664a3ae8e074346ef91775736c5ec479e637ecced6842de9dc98b5da9cd?s=96&d=mm&r=g","url":"https:\/\/secure.gravatar.com\/avatar\/b2a6f664a3ae8e074346ef91775736c5ec479e637ecced6842de9dc98b5da9cd?s=96&d=mm&r=g","contentUrl":"https:\/\/secure.gravatar.com\/avatar\/b2a6f664a3ae8e074346ef91775736c5ec479e637ecced6842de9dc98b5da9cd?s=96&d=mm&r=g","caption":"ccortez"},"url":"https:\/\/www.uartes.edu.ec\/sitio\/en\/blog\/author\/ccortez\/"}]}},"uagb_featured_image_src":{"full":["https:\/\/www.uartes.edu.ec\/sitio\/wp-content\/uploads\/2025\/05\/Proyecto-Cambiar-tamano-de-imagen-2025-05-29T131333.359.jpeg",2000,1333,false],"thumbnail":["https:\/\/www.uartes.edu.ec\/sitio\/wp-content\/uploads\/2025\/05\/Proyecto-Cambiar-tamano-de-imagen-2025-05-29T131333.359-150x150.jpeg",150,150,true],"medium":["https:\/\/www.uartes.edu.ec\/sitio\/wp-content\/uploads\/2025\/05\/Proyecto-Cambiar-tamano-de-imagen-2025-05-29T131333.359-300x200.jpeg",300,200,true],"medium_large":["https:\/\/www.uartes.edu.ec\/sitio\/wp-content\/uploads\/2025\/05\/Proyecto-Cambiar-tamano-de-imagen-2025-05-29T131333.359-768x512.jpeg",768,512,true],"large":["https:\/\/www.uartes.edu.ec\/sitio\/wp-content\/uploads\/2025\/05\/Proyecto-Cambiar-tamano-de-imagen-2025-05-29T131333.359-644x429.jpeg",644,429,true],"1536x1536":["https:\/\/www.uartes.edu.ec\/sitio\/wp-content\/uploads\/2025\/05\/Proyecto-Cambiar-tamano-de-imagen-2025-05-29T131333.359-1536x1024.jpeg",1536,1024,true],"2048x2048":["https:\/\/www.uartes.edu.ec\/sitio\/wp-content\/uploads\/2025\/05\/Proyecto-Cambiar-tamano-de-imagen-2025-05-29T131333.359.jpeg",2000,1333,false],"trp-custom-language-flag":["https:\/\/www.uartes.edu.ec\/sitio\/wp-content\/uploads\/2025\/05\/Proyecto-Cambiar-tamano-de-imagen-2025-05-29T131333.359-18x12.jpeg",18,12,true],"htmega_size_585x295":["https:\/\/www.uartes.edu.ec\/sitio\/wp-content\/uploads\/2025\/05\/Proyecto-Cambiar-tamano-de-imagen-2025-05-29T131333.359-585x295.jpeg",585,295,true],"htmega_size_1170x536":["https:\/\/www.uartes.edu.ec\/sitio\/wp-content\/uploads\/2025\/05\/Proyecto-Cambiar-tamano-de-imagen-2025-05-29T131333.359-1170x536.jpeg",1170,536,true],"htmega_size_396x360":["https:\/\/www.uartes.edu.ec\/sitio\/wp-content\/uploads\/2025\/05\/Proyecto-Cambiar-tamano-de-imagen-2025-05-29T131333.359-396x360.jpeg",396,360,true],"gb-block-post-grid-landscape":["https:\/\/www.uartes.edu.ec\/sitio\/wp-content\/uploads\/2025\/05\/Proyecto-Cambiar-tamano-de-imagen-2025-05-29T131333.359-600x400.jpeg",600,400,true],"gb-block-post-grid-square":["https:\/\/www.uartes.edu.ec\/sitio\/wp-content\/uploads\/2025\/05\/Proyecto-Cambiar-tamano-de-imagen-2025-05-29T131333.359-600x600.jpeg",600,600,true],"university-hub-thumb":["https:\/\/www.uartes.edu.ec\/sitio\/wp-content\/uploads\/2025\/05\/Proyecto-Cambiar-tamano-de-imagen-2025-05-29T131333.359-400x267.jpeg",400,267,true],"mailpoet_newsletter_max":["https:\/\/www.uartes.edu.ec\/sitio\/wp-content\/uploads\/2025\/05\/Proyecto-Cambiar-tamano-de-imagen-2025-05-29T131333.359.jpeg",1320,880,false]},"uagb_author_info":{"display_name":"ccortez","author_link":"https:\/\/www.uartes.edu.ec\/sitio\/en\/blog\/author\/ccortez\/"},"uagb_comment_info":0,"uagb_excerpt":"\u201cPr\u00f3dromo\u201d toma como antecedente la pieza 'C\u00f3mo se encienden los discursos populares, seg\u00fan Homs' (2005), basada en una versi\u00f3n vernacular de la maqueta rechazada del monumento al encuentro entre Bol\u00edvar y San Mart\u00edn. Expuesta en las salas Polivalente y de Arte Contempor\u00e1neo del Museo Municipal de Guayaquil, la obra del artista Ilich Castillo, docente de&hellip;","featured_image_src":"https:\/\/www.uartes.edu.ec\/sitio\/wp-content\/uploads\/2025\/05\/Proyecto-Cambiar-tamano-de-imagen-2025-05-29T131333.359-600x400.jpeg","featured_image_src_square":"https:\/\/www.uartes.edu.ec\/sitio\/wp-content\/uploads\/2025\/05\/Proyecto-Cambiar-tamano-de-imagen-2025-05-29T131333.359-600x600.jpeg","author_info":{"display_name":"ccortez","author_link":"https:\/\/www.uartes.edu.ec\/sitio\/en\/blog\/author\/ccortez\/"},"publishpress_future_workflow_manual_trigger":{"enabledWorkflows":[]},"distributor_meta":false,"distributor_terms":false,"distributor_media":false,"distributor_original_site_name":"Universidad de las Artes","distributor_original_site_url":"https:\/\/www.uartes.edu.ec\/sitio\/en","push-errors":false,"_links":{"self":[{"href":"https:\/\/www.uartes.edu.ec\/sitio\/en\/wp-json\/wp\/v2\/posts\/72598","targetHints":{"allow":["GET"]}}],"collection":[{"href":"https:\/\/www.uartes.edu.ec\/sitio\/en\/wp-json\/wp\/v2\/posts"}],"about":[{"href":"https:\/\/www.uartes.edu.ec\/sitio\/en\/wp-json\/wp\/v2\/types\/post"}],"author":[{"embeddable":true,"href":"https:\/\/www.uartes.edu.ec\/sitio\/en\/wp-json\/wp\/v2\/users\/10"}],"replies":[{"embeddable":true,"href":"https:\/\/www.uartes.edu.ec\/sitio\/en\/wp-json\/wp\/v2\/comments?post=72598"}],"version-history":[{"count":4,"href":"https:\/\/www.uartes.edu.ec\/sitio\/en\/wp-json\/wp\/v2\/posts\/72598\/revisions"}],"predecessor-version":[{"id":72801,"href":"https:\/\/www.uartes.edu.ec\/sitio\/en\/wp-json\/wp\/v2\/posts\/72598\/revisions\/72801"}],"wp:featuredmedia":[{"embeddable":true,"href":"https:\/\/www.uartes.edu.ec\/sitio\/en\/wp-json\/wp\/v2\/media\/72599"}],"wp:attachment":[{"href":"https:\/\/www.uartes.edu.ec\/sitio\/en\/wp-json\/wp\/v2\/media?parent=72598"}],"wp:term":[{"taxonomy":"category","embeddable":true,"href":"https:\/\/www.uartes.edu.ec\/sitio\/en\/wp-json\/wp\/v2\/categories?post=72598"},{"taxonomy":"post_tag","embeddable":true,"href":"https:\/\/www.uartes.edu.ec\/sitio\/en\/wp-json\/wp\/v2\/tags?post=72598"},{"taxonomy":"infouartes","embeddable":true,"href":"https:\/\/www.uartes.edu.ec\/sitio\/en\/wp-json\/wp\/v2\/infouartes?post=72598"}],"curies":[{"name":"wp","href":"https:\/\/api.w.org\/{rel}","templated":true}]}}