{"id":72663,"date":"2025-05-28T13:32:00","date_gmt":"2025-05-28T18:32:00","guid":{"rendered":"https:\/\/www.uartes.edu.ec\/sitio\/?p=72663"},"modified":"2025-06-04T16:43:11","modified_gmt":"2025-06-04T21:43:11","slug":"fredy-vallejos-presento-el-disco-relative-patterns-al-planetario-de-medellin-docente-uartes-llego-con-algoritmos-y-musica-asistida-por-computador","status":"publish","type":"post","link":"https:\/\/www.uartes.edu.ec\/sitio\/en\/blog\/2025\/05\/28\/fredy-vallejos-presento-el-disco-relative-patterns-al-planetario-de-medellin-docente-uartes-llego-con-algoritmos-y-musica-asistida-por-computador\/","title":{"rendered":"Arte, ciencia y tecnolog\u00eda fusionados en lanzamiento del disco \u201cRelative Patterns\u201d de Fredy Vallejos en Planetario de Medell\u00edn"},"content":{"rendered":"<p>Con un show de algoritmos y m\u00fasica asistida por computador, el compositor, percusionista y music\u00f3logo Fredy Vallejos present\u00f3 el pasado 15 de mayo en el Planetario de Medell\u00edn el disco \u201cRelative Patterns\u201d. Casi nueve a\u00f1os le tom\u00f3 al docente de la Universidad de las Artes componer las seis obras que integran su material, resultado del an\u00e1lisis r\u00edtmico de algunas m\u00fasicas tradicionales latinoamericanas de origen africano y de la creaci\u00f3n de modelos matem\u00e1ticos que permiten estudiar su estructura y generar nuevas composiciones.<\/p>\n\n\n\n<p>Del lanzamiento de \u201cRelative Patterns\u201d varios medios del pa\u00eds de origen de Fredy Vallejos se hicieron eco. El diario <em>El Colombiano<\/em> es uno de ellos y en su sitio web inicia una rese\u00f1a se\u00f1alando al docente de la Escuela de Artes Sonoras UArtes como un estudioso de la m\u00fasica, cuya preocupaci\u00f3n est\u00e9tica se caracteriza por la exploraci\u00f3n de un universo sonoro m\u00faltiple y heterog\u00e9neo.<\/p>\n\n\n\n<p>Con estudios de percusi\u00f3n, composici\u00f3n, inform\u00e1tica musical y musicolog\u00eda en Colombia, Francia y Suiza, Fredy Vallejos se basa principalmente en trabajos de investigaci\u00f3n musicol\u00f3gica, formalizados mediante herramientas de CAC (composici\u00f3n asistida por computador) y en la relaci\u00f3n del sonido con otras formas de arte. Sus obras se han presentado en m\u00e1s de quince pa\u00edses.<\/p>\n\n\n<div class=\"wp-block-image\">\n<figure class=\"aligncenter size-large\"><img fetchpriority=\"high\" decoding=\"async\" width=\"644\" height=\"429\" src=\"https:\/\/www.uartes.edu.ec\/sitio\/wp-content\/uploads\/2025\/06\/Proyecto-Cambiar-tamano-de-imagen-2025-05-29T171945.727-644x429.jpeg\" alt=\"\" class=\"wp-image-72666\" srcset=\"https:\/\/www.uartes.edu.ec\/sitio\/wp-content\/uploads\/2025\/06\/Proyecto-Cambiar-tamano-de-imagen-2025-05-29T171945.727-644x429.jpeg 644w, https:\/\/www.uartes.edu.ec\/sitio\/wp-content\/uploads\/2025\/06\/Proyecto-Cambiar-tamano-de-imagen-2025-05-29T171945.727-300x200.jpeg 300w, https:\/\/www.uartes.edu.ec\/sitio\/wp-content\/uploads\/2025\/06\/Proyecto-Cambiar-tamano-de-imagen-2025-05-29T171945.727-768x512.jpeg 768w, https:\/\/www.uartes.edu.ec\/sitio\/wp-content\/uploads\/2025\/06\/Proyecto-Cambiar-tamano-de-imagen-2025-05-29T171945.727-1536x1024.jpeg 1536w, https:\/\/www.uartes.edu.ec\/sitio\/wp-content\/uploads\/2025\/06\/Proyecto-Cambiar-tamano-de-imagen-2025-05-29T171945.727-18x12.jpeg 18w, https:\/\/www.uartes.edu.ec\/sitio\/wp-content\/uploads\/2025\/06\/Proyecto-Cambiar-tamano-de-imagen-2025-05-29T171945.727-600x400.jpeg 600w, https:\/\/www.uartes.edu.ec\/sitio\/wp-content\/uploads\/2025\/06\/Proyecto-Cambiar-tamano-de-imagen-2025-05-29T171945.727-400x267.jpeg 400w, https:\/\/www.uartes.edu.ec\/sitio\/wp-content\/uploads\/2025\/06\/Proyecto-Cambiar-tamano-de-imagen-2025-05-29T171945.727.jpeg 2000w\" sizes=\"(max-width: 644px) 100vw, 644px\" \/><\/figure>\n<\/div>\n\n\n<p>Compuestas entre 2012 y 2021, las seis obras de \u201cRelative Patterns\u201d contienen patrones que responden a lo que Simha Aroma (etnomusicologo franco islael\u00ed) denominaba imparidad r\u00edtmica, pues no se puede dividir una secuencia de duraciones en dos partes iguales; sin embargo, la forma de las piezas se aleja de la temporalidad c\u00edclica utilizada generalmente en las m\u00fasicas de \u00c1frica subsahariana; por el contrario, dichas formas son consecuencia de la mutaci\u00f3n progresiva de los patrones r\u00edtmicos.<\/p>\n\n\n\n<p>A la presentaci\u00f3n de \u201cRelative Patterns\u201d se la se\u00f1ala, adem\u00e1s, como un cruce entre el arte, la ciencia y la tecnolog\u00eda, que hace parte del ciclo de conciertos Orbitas Sonoras del Parque Explora de la ciudad de Medell\u00edn. En el domo del planetario fue posible la experimentaci\u00f3n de sonidos e im\u00e1genes que reflejan el paisaje astron\u00f3mico de la ciudad antioque\u00f1a.<\/p>\n\n\n\n<p>Las seis obras del \u00e1lbum evidencian dicho proceso. Dos de ellas (\u201cRelative Patterns No. 4 \u2013 Cercles\u201d y \u201cP.A.R.T.S.\u201d) exploran la superposici\u00f3n de patrones que dan como resultado un complejo polirr\u00edtmico evolutivo (en el caso de \u201cP.A.R.T.S.\u201d con la inclusi\u00f3n de patrones mel\u00f3dicos igualmente evolutivos). Las dem\u00e1s experimentan con estructuras divergentes o convergentes, a partir de la transformaci\u00f3n de objetos sonoros enfrentados o sostenidos unos a otros.<\/p>\n\n\n\n<h3 class=\"wp-block-heading\">Di\u00e1logo de medio colombiano con el artista y docente UArtes<\/h3>\n\n\n\n<p>A continuaci\u00f3n, la entrevista de Catalina Arango (colaboraci\u00f3n especial) a Fredy Vallejos:<strong><br>Luego de haber realizado estudios de percusi\u00f3n, composici\u00f3n y musicolog\u00eda, \u00bfqu\u00e9 lo llevo a interesarse en la inform\u00e1tica musical?<\/strong> \u201cYo tuve una formaci\u00f3n musical relativamente cl\u00e1sica, es decir, estudiando desde peque\u00f1o, hice preuniversitario, conservatorio en Cali, despu\u00e9s en Francia percusi\u00f3n, etc\u00e9tera, composici\u00f3n, musicolog\u00eda. Sin embargo, lo que a m\u00ed me marc\u00f3 mi educaci\u00f3n definitiva, considero que son las m\u00fasicas tradicionales y populares que aprend\u00ed en mi casa, sobre todo mi pap\u00e1 ten\u00eda una orquesta de salsa, una charanga en particular, y creo que eso fue mi formaci\u00f3n de base. Al entrar en educaci\u00f3n formal y en especial en composici\u00f3n, las herramientas y la gram\u00e1tica musical que ense\u00f1a el conservatorio no est\u00e1n adaptadas para transmitir lo que estas m\u00fasicas tradicionales tienen de potente. Sin embargo, la inform\u00e1tica musical me brind\u00f3 esas herramientas, al ser la computadora una m\u00e1quina universal, uno lo puede programar sin distinci\u00f3n de lenguaje, en este caso musical, para transmitir las ideas m\u00e1s cercanas a la realidad sonora que yo quiero. Lo que la una partitura, una notaci\u00f3n tradicional no lo puede hacer\u201d.<\/p>\n\n\n<div class=\"wp-block-image\">\n<figure class=\"aligncenter size-large\"><img decoding=\"async\" width=\"644\" height=\"429\" src=\"https:\/\/www.uartes.edu.ec\/sitio\/wp-content\/uploads\/2025\/06\/Proyecto-Cambiar-tamano-de-imagen-2025-05-29T164747.023-644x429.jpeg\" alt=\"\" class=\"wp-image-72665\" srcset=\"https:\/\/www.uartes.edu.ec\/sitio\/wp-content\/uploads\/2025\/06\/Proyecto-Cambiar-tamano-de-imagen-2025-05-29T164747.023-644x429.jpeg 644w, https:\/\/www.uartes.edu.ec\/sitio\/wp-content\/uploads\/2025\/06\/Proyecto-Cambiar-tamano-de-imagen-2025-05-29T164747.023-300x200.jpeg 300w, https:\/\/www.uartes.edu.ec\/sitio\/wp-content\/uploads\/2025\/06\/Proyecto-Cambiar-tamano-de-imagen-2025-05-29T164747.023-768x512.jpeg 768w, https:\/\/www.uartes.edu.ec\/sitio\/wp-content\/uploads\/2025\/06\/Proyecto-Cambiar-tamano-de-imagen-2025-05-29T164747.023-1536x1024.jpeg 1536w, https:\/\/www.uartes.edu.ec\/sitio\/wp-content\/uploads\/2025\/06\/Proyecto-Cambiar-tamano-de-imagen-2025-05-29T164747.023-18x12.jpeg 18w, https:\/\/www.uartes.edu.ec\/sitio\/wp-content\/uploads\/2025\/06\/Proyecto-Cambiar-tamano-de-imagen-2025-05-29T164747.023-600x400.jpeg 600w, https:\/\/www.uartes.edu.ec\/sitio\/wp-content\/uploads\/2025\/06\/Proyecto-Cambiar-tamano-de-imagen-2025-05-29T164747.023-400x267.jpeg 400w, https:\/\/www.uartes.edu.ec\/sitio\/wp-content\/uploads\/2025\/06\/Proyecto-Cambiar-tamano-de-imagen-2025-05-29T164747.023.jpeg 2000w\" sizes=\"(max-width: 644px) 100vw, 644px\" \/><\/figure>\n<\/div>\n\n\n<p><strong>\u00bfEn qu\u00e9 consiste exactamente la composici\u00f3n asistida por computador (CAC) y que la diferencia de la composici\u00f3n tradicional o que no utiliza este tipo de herramientas?<\/strong> \u201cLa composici\u00f3n asistida por computadora utiliza esta m\u00e1quina universal que es el computador como medio para calcular ideas que de otra manera ser\u00edan imposibles de realizar. As\u00ed como un piano tambi\u00e9n es un instrumento de ayuda a la composici\u00f3n que nos permite escuchar varias voces simult\u00e1neamente, la computadora nos permite no solo eso, sino miles y quiz\u00e1s millones de posibilidades que otras herramientas no nos permiten. La CAC nos ayuda a hacer c\u00e1lculos de formas, de sonidos, que de otra manera ser\u00eda imposible de realizar\u201d.<\/p>\n\n\n\n<p><strong>Su obra, que se ha presentado en m\u00e1s de quince pa\u00edses, demuestra un profundo inter\u00e9s por las m\u00fasicas tradicionales latinoamericanas. \u00bfDe qu\u00e9 manera la inclusi\u00f3n de herramientas tecnol\u00f3gicas aporta a la divulgaci\u00f3n y comprensi\u00f3n de nuestras m\u00fasicas tradicionales en el exterior?<\/strong> \u201cSiempre cito una frase de Borges de un libro que se llama&nbsp;\u2018El tama\u00f1o de mi esperanza\u2019,&nbsp;escrito en 1924, y que dice, aludiendo a la literatura argentina de la \u00e9poca, que nuestra realidad vital es grandiosa y nuestra realidad pensada es mendiga. Yo dir\u00eda algo as\u00ed con relaci\u00f3n a la m\u00fasica, es decir, las m\u00fasicas tradicionales, las m\u00fasicas populares son grandiosas en Am\u00e9rica Latina, pero las m\u00fasicas m\u00e1s de investigaci\u00f3n, las m\u00fasicas acad\u00e9micas y de experimentaci\u00f3n est\u00e1n casi siempre ligadas a las m\u00fasicas europeas. La inclusi\u00f3n de la tecnolog\u00eda permite generar unas formas de pensamiento musical que sin esta herramienta ser\u00edan dif\u00edciles de conseguir\u201d.<\/p>\n\n\n\n<p>\u00bfPodr\u00eda definir en una frase&nbsp;Relative Patterns? \u201cReiteraci\u00f3n difusa. Algo que aparentemente es igual, pero, visto en detalle, siempre est\u00e1 cambiando\u201d.<\/p>\n\n\n\n<p>Texto: con la colaboraci\u00f3n del artista y docente UArtes Fredy Vallejos.<br>Fotos: Vanesa L\u00f3pez\/Parque Explora.<\/p>","protected":false},"excerpt":{"rendered":"<p>Con un show de algoritmos y m\u00fasica asistida por computador, el compositor, percusionista y music\u00f3logo Fredy Vallejos present\u00f3 el 15 de mayo en el Planetario de Medell\u00edn el disco \u201cRelative Patterns\u201d. Casi nueve a\u00f1os le tom\u00f3 al docente UArtes componer las seis obras que integran su material, resultado del an\u00e1lisis r\u00edtmico de algunas m\u00fasicas tradicionales latinoamericanas de origen africano.<\/p>","protected":false},"author":10,"featured_media":72664,"comment_status":"open","ping_status":"open","sticky":false,"template":"","format":"standard","meta":{"_acf_changed":false,"_uag_custom_page_level_css":"","_monsterinsights_skip_tracking":false,"_monsterinsights_sitenote_active":false,"_monsterinsights_sitenote_note":"","_monsterinsights_sitenote_category":0,"cybocfi_hide_featured_image":"","footnotes":""},"categories":[80,82,150,75,284],"tags":[518],"infouartes":[],"class_list":["post-72663","post","type-post","status-publish","format-standard","has-post-thumbnail","hentry","category-academico","category-artes","category-artes-sonoras","category-docentes","category-investigacion","tag-produccion"],"acf":[],"yoast_head":"<!-- This site is optimized with the Yoast SEO plugin v27.4 - https:\/\/yoast.com\/product\/yoast-seo-wordpress\/ -->\n<title>Universidad de las Artes - Arte, ciencia y tecnolog\u00eda fusionados en lanzamiento del disco \u201cRelative Patterns\u201d de Fredy Vallejos en Planetario de Medell\u00edn<\/title>\n<meta name=\"description\" content=\"Universidad de las Artes - Arte, ciencia y tecnolog\u00eda fusionados en lanzamiento del disco \u201cRelative Patterns\u201d de Fredy Vallejos en Planetario de Medell\u00edn\" \/>\n<meta name=\"robots\" content=\"index, follow, max-snippet:-1, max-image-preview:large, max-video-preview:-1\" \/>\n<link rel=\"canonical\" href=\"https:\/\/www.uartes.edu.ec\/sitio\/en\/blog\/2025\/05\/28\/fredy-vallejos-presento-el-disco-relative-patterns-al-planetario-de-medellin-docente-uartes-llego-con-algoritmos-y-musica-asistida-por-computador\/\" \/>\n<meta property=\"og:locale\" content=\"en_US\" \/>\n<meta property=\"og:type\" content=\"article\" \/>\n<meta property=\"og:title\" content=\"Universidad de las Artes - Arte, ciencia y tecnolog\u00eda fusionados en lanzamiento del disco \u201cRelative Patterns\u201d de Fredy Vallejos en Planetario de Medell\u00edn\" \/>\n<meta property=\"og:description\" content=\"Universidad de las Artes - Arte, ciencia y tecnolog\u00eda fusionados en lanzamiento del disco \u201cRelative Patterns\u201d de Fredy Vallejos en Planetario de Medell\u00edn\" \/>\n<meta property=\"og:url\" content=\"https:\/\/www.uartes.edu.ec\/sitio\/en\/blog\/2025\/05\/28\/fredy-vallejos-presento-el-disco-relative-patterns-al-planetario-de-medellin-docente-uartes-llego-con-algoritmos-y-musica-asistida-por-computador\/\" \/>\n<meta property=\"og:site_name\" content=\"Universidad de las Artes\" \/>\n<meta property=\"article:publisher\" content=\"https:\/\/www.facebook.com\/uartesec\" \/>\n<meta property=\"article:published_time\" content=\"2025-05-28T18:32:00+00:00\" \/>\n<meta property=\"article:modified_time\" content=\"2025-06-04T21:43:11+00:00\" \/>\n<meta property=\"og:image\" content=\"https:\/\/www.uartes.edu.ec\/sitio\/wp-content\/uploads\/2025\/06\/FV-rui.png\" \/>\n\t<meta property=\"og:image:width\" content=\"2000\" \/>\n\t<meta property=\"og:image:height\" content=\"1333\" \/>\n\t<meta property=\"og:image:type\" content=\"image\/png\" \/>\n<meta name=\"author\" content=\"ccortez\" \/>\n<meta name=\"twitter:card\" content=\"summary_large_image\" \/>\n<meta name=\"twitter:creator\" content=\"@uartesec\" \/>\n<meta name=\"twitter:site\" content=\"@uartesec\" \/>\n<meta name=\"twitter:label1\" content=\"Written by\" \/>\n\t<meta name=\"twitter:data1\" content=\"ccortez\" \/>\n\t<meta name=\"twitter:label2\" content=\"Est. reading time\" \/>\n\t<meta name=\"twitter:data2\" content=\"5 minutes\" \/>\n<script type=\"application\/ld+json\" class=\"yoast-schema-graph\">{\"@context\":\"https:\\\/\\\/schema.org\",\"@graph\":[{\"@type\":\"Article\",\"@id\":\"https:\\\/\\\/www.uartes.edu.ec\\\/sitio\\\/en\\\/blog\\\/2025\\\/05\\\/28\\\/fredy-vallejos-presento-el-disco-relative-patterns-al-planetario-de-medellin-docente-uartes-llego-con-algoritmos-y-musica-asistida-por-computador\\\/#article\",\"isPartOf\":{\"@id\":\"https:\\\/\\\/www.uartes.edu.ec\\\/sitio\\\/en\\\/blog\\\/2025\\\/05\\\/28\\\/fredy-vallejos-presento-el-disco-relative-patterns-al-planetario-de-medellin-docente-uartes-llego-con-algoritmos-y-musica-asistida-por-computador\\\/\"},\"author\":{\"name\":\"ccortez\",\"@id\":\"https:\\\/\\\/www.uartes.edu.ec\\\/sitio\\\/en\\\/#\\\/schema\\\/person\\\/efa1b8275797664fd7f13a79ccc0b1f4\"},\"headline\":\"Arte, ciencia y tecnolog\u00eda fusionados en lanzamiento del disco \u201cRelative Patterns\u201d de Fredy Vallejos en Planetario de Medell\u00edn\",\"datePublished\":\"2025-05-28T18:32:00+00:00\",\"dateModified\":\"2025-06-04T21:43:11+00:00\",\"mainEntityOfPage\":{\"@id\":\"https:\\\/\\\/www.uartes.edu.ec\\\/sitio\\\/en\\\/blog\\\/2025\\\/05\\\/28\\\/fredy-vallejos-presento-el-disco-relative-patterns-al-planetario-de-medellin-docente-uartes-llego-con-algoritmos-y-musica-asistida-por-computador\\\/\"},\"wordCount\":1038,\"commentCount\":0,\"publisher\":{\"@id\":\"https:\\\/\\\/www.uartes.edu.ec\\\/sitio\\\/en\\\/#organization\"},\"image\":{\"@id\":\"https:\\\/\\\/www.uartes.edu.ec\\\/sitio\\\/en\\\/blog\\\/2025\\\/05\\\/28\\\/fredy-vallejos-presento-el-disco-relative-patterns-al-planetario-de-medellin-docente-uartes-llego-con-algoritmos-y-musica-asistida-por-computador\\\/#primaryimage\"},\"thumbnailUrl\":\"https:\\\/\\\/www.uartes.edu.ec\\\/sitio\\\/wp-content\\\/uploads\\\/2025\\\/06\\\/FV-rui.png\",\"keywords\":[\"producci\u00f3n\"],\"articleSection\":[\"Acad\u00e9mico\",\"Artes\",\"Artes Sonoras\",\"Docentes\",\"Investigaci\u00f3n\"],\"inLanguage\":\"en-US\",\"potentialAction\":[{\"@type\":\"CommentAction\",\"name\":\"Comment\",\"target\":[\"https:\\\/\\\/www.uartes.edu.ec\\\/sitio\\\/en\\\/blog\\\/2025\\\/05\\\/28\\\/fredy-vallejos-presento-el-disco-relative-patterns-al-planetario-de-medellin-docente-uartes-llego-con-algoritmos-y-musica-asistida-por-computador\\\/#respond\"]}]},{\"@type\":[\"WebPage\",\"ItemPage\"],\"@id\":\"https:\\\/\\\/www.uartes.edu.ec\\\/sitio\\\/en\\\/blog\\\/2025\\\/05\\\/28\\\/fredy-vallejos-presento-el-disco-relative-patterns-al-planetario-de-medellin-docente-uartes-llego-con-algoritmos-y-musica-asistida-por-computador\\\/\",\"url\":\"https:\\\/\\\/www.uartes.edu.ec\\\/sitio\\\/en\\\/blog\\\/2025\\\/05\\\/28\\\/fredy-vallejos-presento-el-disco-relative-patterns-al-planetario-de-medellin-docente-uartes-llego-con-algoritmos-y-musica-asistida-por-computador\\\/\",\"name\":\"Universidad de las Artes - Arte, ciencia y tecnolog\u00eda fusionados en lanzamiento del disco \u201cRelative Patterns\u201d de Fredy Vallejos en Planetario de Medell\u00edn\",\"isPartOf\":{\"@id\":\"https:\\\/\\\/www.uartes.edu.ec\\\/sitio\\\/en\\\/#website\"},\"primaryImageOfPage\":{\"@id\":\"https:\\\/\\\/www.uartes.edu.ec\\\/sitio\\\/en\\\/blog\\\/2025\\\/05\\\/28\\\/fredy-vallejos-presento-el-disco-relative-patterns-al-planetario-de-medellin-docente-uartes-llego-con-algoritmos-y-musica-asistida-por-computador\\\/#primaryimage\"},\"image\":{\"@id\":\"https:\\\/\\\/www.uartes.edu.ec\\\/sitio\\\/en\\\/blog\\\/2025\\\/05\\\/28\\\/fredy-vallejos-presento-el-disco-relative-patterns-al-planetario-de-medellin-docente-uartes-llego-con-algoritmos-y-musica-asistida-por-computador\\\/#primaryimage\"},\"thumbnailUrl\":\"https:\\\/\\\/www.uartes.edu.ec\\\/sitio\\\/wp-content\\\/uploads\\\/2025\\\/06\\\/FV-rui.png\",\"datePublished\":\"2025-05-28T18:32:00+00:00\",\"dateModified\":\"2025-06-04T21:43:11+00:00\",\"description\":\"Universidad de las Artes - Arte, ciencia y tecnolog\u00eda fusionados en lanzamiento del disco \u201cRelative Patterns\u201d de Fredy Vallejos en Planetario de Medell\u00edn\",\"breadcrumb\":{\"@id\":\"https:\\\/\\\/www.uartes.edu.ec\\\/sitio\\\/en\\\/blog\\\/2025\\\/05\\\/28\\\/fredy-vallejos-presento-el-disco-relative-patterns-al-planetario-de-medellin-docente-uartes-llego-con-algoritmos-y-musica-asistida-por-computador\\\/#breadcrumb\"},\"inLanguage\":\"en-US\",\"potentialAction\":[{\"@type\":\"ReadAction\",\"target\":[\"https:\\\/\\\/www.uartes.edu.ec\\\/sitio\\\/en\\\/blog\\\/2025\\\/05\\\/28\\\/fredy-vallejos-presento-el-disco-relative-patterns-al-planetario-de-medellin-docente-uartes-llego-con-algoritmos-y-musica-asistida-por-computador\\\/\"]}]},{\"@type\":\"ImageObject\",\"inLanguage\":\"en-US\",\"@id\":\"https:\\\/\\\/www.uartes.edu.ec\\\/sitio\\\/en\\\/blog\\\/2025\\\/05\\\/28\\\/fredy-vallejos-presento-el-disco-relative-patterns-al-planetario-de-medellin-docente-uartes-llego-con-algoritmos-y-musica-asistida-por-computador\\\/#primaryimage\",\"url\":\"https:\\\/\\\/www.uartes.edu.ec\\\/sitio\\\/wp-content\\\/uploads\\\/2025\\\/06\\\/FV-rui.png\",\"contentUrl\":\"https:\\\/\\\/www.uartes.edu.ec\\\/sitio\\\/wp-content\\\/uploads\\\/2025\\\/06\\\/FV-rui.png\",\"width\":2000,\"height\":1333},{\"@type\":\"BreadcrumbList\",\"@id\":\"https:\\\/\\\/www.uartes.edu.ec\\\/sitio\\\/en\\\/blog\\\/2025\\\/05\\\/28\\\/fredy-vallejos-presento-el-disco-relative-patterns-al-planetario-de-medellin-docente-uartes-llego-con-algoritmos-y-musica-asistida-por-computador\\\/#breadcrumb\",\"itemListElement\":[{\"@type\":\"ListItem\",\"position\":1,\"name\":\"Inicio\",\"item\":\"https:\\\/\\\/www.uartes.edu.ec\\\/sitio\\\/\"},{\"@type\":\"ListItem\",\"position\":2,\"name\":\"Arte, ciencia y tecnolog\u00eda fusionados en lanzamiento del disco \u201cRelative Patterns\u201d de Fredy Vallejos en Planetario de Medell\u00edn\"}]},{\"@type\":\"WebSite\",\"@id\":\"https:\\\/\\\/www.uartes.edu.ec\\\/sitio\\\/en\\\/#website\",\"url\":\"https:\\\/\\\/www.uartes.edu.ec\\\/sitio\\\/en\\\/\",\"name\":\"Universidad de las Artes\",\"description\":\"Sitio oficial de la Universidad Nacional de las Artes del Ecuador\",\"publisher\":{\"@id\":\"https:\\\/\\\/www.uartes.edu.ec\\\/sitio\\\/en\\\/#organization\"},\"potentialAction\":[{\"@type\":\"SearchAction\",\"target\":{\"@type\":\"EntryPoint\",\"urlTemplate\":\"https:\\\/\\\/www.uartes.edu.ec\\\/sitio\\\/en\\\/?s={search_term_string}\"},\"query-input\":{\"@type\":\"PropertyValueSpecification\",\"valueRequired\":true,\"valueName\":\"search_term_string\"}}],\"inLanguage\":\"en-US\"},{\"@type\":\"Organization\",\"@id\":\"https:\\\/\\\/www.uartes.edu.ec\\\/sitio\\\/en\\\/#organization\",\"name\":\"Universidad de las Artes\",\"url\":\"https:\\\/\\\/www.uartes.edu.ec\\\/sitio\\\/en\\\/\",\"logo\":{\"@type\":\"ImageObject\",\"inLanguage\":\"en-US\",\"@id\":\"https:\\\/\\\/www.uartes.edu.ec\\\/sitio\\\/en\\\/#\\\/schema\\\/logo\\\/image\\\/\",\"url\":\"https:\\\/\\\/www.uartes.edu.ec\\\/sitio\\\/wp-content\\\/uploads\\\/2022\\\/07\\\/logo-ua-horizontal.png\",\"contentUrl\":\"https:\\\/\\\/www.uartes.edu.ec\\\/sitio\\\/wp-content\\\/uploads\\\/2022\\\/07\\\/logo-ua-horizontal.png\",\"width\":800,\"height\":276,\"caption\":\"Universidad de las Artes\"},\"image\":{\"@id\":\"https:\\\/\\\/www.uartes.edu.ec\\\/sitio\\\/en\\\/#\\\/schema\\\/logo\\\/image\\\/\"},\"sameAs\":[\"https:\\\/\\\/www.facebook.com\\\/uartesec\",\"https:\\\/\\\/x.com\\\/uartesec\",\"https:\\\/\\\/www.tiktok.com\\\/@uartesec\"]},{\"@type\":\"Person\",\"@id\":\"https:\\\/\\\/www.uartes.edu.ec\\\/sitio\\\/en\\\/#\\\/schema\\\/person\\\/efa1b8275797664fd7f13a79ccc0b1f4\",\"name\":\"ccortez\",\"image\":{\"@type\":\"ImageObject\",\"inLanguage\":\"en-US\",\"@id\":\"https:\\\/\\\/secure.gravatar.com\\\/avatar\\\/b2a6f664a3ae8e074346ef91775736c5ec479e637ecced6842de9dc98b5da9cd?s=96&d=mm&r=g\",\"url\":\"https:\\\/\\\/secure.gravatar.com\\\/avatar\\\/b2a6f664a3ae8e074346ef91775736c5ec479e637ecced6842de9dc98b5da9cd?s=96&d=mm&r=g\",\"contentUrl\":\"https:\\\/\\\/secure.gravatar.com\\\/avatar\\\/b2a6f664a3ae8e074346ef91775736c5ec479e637ecced6842de9dc98b5da9cd?s=96&d=mm&r=g\",\"caption\":\"ccortez\"},\"url\":\"https:\\\/\\\/www.uartes.edu.ec\\\/sitio\\\/en\\\/blog\\\/author\\\/ccortez\\\/\"}]}<\/script>\n<!-- \/ Yoast SEO plugin. -->","yoast_head_json":{"title":"Universidad de las Artes - Arte, ciencia y tecnolog\u00eda fusionados en lanzamiento del disco \u201cRelative Patterns\u201d de Fredy Vallejos en Planetario de Medell\u00edn","description":"Universidad de las Artes - Arte, ciencia y tecnolog\u00eda fusionados en lanzamiento del disco \u201cRelative Patterns\u201d de Fredy Vallejos en Planetario de Medell\u00edn","robots":{"index":"index","follow":"follow","max-snippet":"max-snippet:-1","max-image-preview":"max-image-preview:large","max-video-preview":"max-video-preview:-1"},"canonical":"https:\/\/www.uartes.edu.ec\/sitio\/en\/blog\/2025\/05\/28\/fredy-vallejos-presento-el-disco-relative-patterns-al-planetario-de-medellin-docente-uartes-llego-con-algoritmos-y-musica-asistida-por-computador\/","og_locale":"en_US","og_type":"article","og_title":"Universidad de las Artes - Arte, ciencia y tecnolog\u00eda fusionados en lanzamiento del disco \u201cRelative Patterns\u201d de Fredy Vallejos en Planetario de Medell\u00edn","og_description":"Universidad de las Artes - Arte, ciencia y tecnolog\u00eda fusionados en lanzamiento del disco \u201cRelative Patterns\u201d de Fredy Vallejos en Planetario de Medell\u00edn","og_url":"https:\/\/www.uartes.edu.ec\/sitio\/en\/blog\/2025\/05\/28\/fredy-vallejos-presento-el-disco-relative-patterns-al-planetario-de-medellin-docente-uartes-llego-con-algoritmos-y-musica-asistida-por-computador\/","og_site_name":"Universidad de las Artes","article_publisher":"https:\/\/www.facebook.com\/uartesec","article_published_time":"2025-05-28T18:32:00+00:00","article_modified_time":"2025-06-04T21:43:11+00:00","og_image":[{"width":2000,"height":1333,"url":"https:\/\/www.uartes.edu.ec\/sitio\/wp-content\/uploads\/2025\/06\/FV-rui.png","type":"image\/png"}],"author":"ccortez","twitter_card":"summary_large_image","twitter_creator":"@uartesec","twitter_site":"@uartesec","twitter_misc":{"Written by":"ccortez","Est. reading time":"5 minutes"},"schema":{"@context":"https:\/\/schema.org","@graph":[{"@type":"Article","@id":"https:\/\/www.uartes.edu.ec\/sitio\/en\/blog\/2025\/05\/28\/fredy-vallejos-presento-el-disco-relative-patterns-al-planetario-de-medellin-docente-uartes-llego-con-algoritmos-y-musica-asistida-por-computador\/#article","isPartOf":{"@id":"https:\/\/www.uartes.edu.ec\/sitio\/en\/blog\/2025\/05\/28\/fredy-vallejos-presento-el-disco-relative-patterns-al-planetario-de-medellin-docente-uartes-llego-con-algoritmos-y-musica-asistida-por-computador\/"},"author":{"name":"ccortez","@id":"https:\/\/www.uartes.edu.ec\/sitio\/en\/#\/schema\/person\/efa1b8275797664fd7f13a79ccc0b1f4"},"headline":"Arte, ciencia y tecnolog\u00eda fusionados en lanzamiento del disco \u201cRelative Patterns\u201d de Fredy Vallejos en Planetario de Medell\u00edn","datePublished":"2025-05-28T18:32:00+00:00","dateModified":"2025-06-04T21:43:11+00:00","mainEntityOfPage":{"@id":"https:\/\/www.uartes.edu.ec\/sitio\/en\/blog\/2025\/05\/28\/fredy-vallejos-presento-el-disco-relative-patterns-al-planetario-de-medellin-docente-uartes-llego-con-algoritmos-y-musica-asistida-por-computador\/"},"wordCount":1038,"commentCount":0,"publisher":{"@id":"https:\/\/www.uartes.edu.ec\/sitio\/en\/#organization"},"image":{"@id":"https:\/\/www.uartes.edu.ec\/sitio\/en\/blog\/2025\/05\/28\/fredy-vallejos-presento-el-disco-relative-patterns-al-planetario-de-medellin-docente-uartes-llego-con-algoritmos-y-musica-asistida-por-computador\/#primaryimage"},"thumbnailUrl":"https:\/\/www.uartes.edu.ec\/sitio\/wp-content\/uploads\/2025\/06\/FV-rui.png","keywords":["producci\u00f3n"],"articleSection":["Acad\u00e9mico","Artes","Artes Sonoras","Docentes","Investigaci\u00f3n"],"inLanguage":"en-US","potentialAction":[{"@type":"CommentAction","name":"Comment","target":["https:\/\/www.uartes.edu.ec\/sitio\/en\/blog\/2025\/05\/28\/fredy-vallejos-presento-el-disco-relative-patterns-al-planetario-de-medellin-docente-uartes-llego-con-algoritmos-y-musica-asistida-por-computador\/#respond"]}]},{"@type":["WebPage","ItemPage"],"@id":"https:\/\/www.uartes.edu.ec\/sitio\/en\/blog\/2025\/05\/28\/fredy-vallejos-presento-el-disco-relative-patterns-al-planetario-de-medellin-docente-uartes-llego-con-algoritmos-y-musica-asistida-por-computador\/","url":"https:\/\/www.uartes.edu.ec\/sitio\/en\/blog\/2025\/05\/28\/fredy-vallejos-presento-el-disco-relative-patterns-al-planetario-de-medellin-docente-uartes-llego-con-algoritmos-y-musica-asistida-por-computador\/","name":"Universidad de las Artes - Arte, ciencia y tecnolog\u00eda fusionados en lanzamiento del disco \u201cRelative Patterns\u201d de Fredy Vallejos en Planetario de Medell\u00edn","isPartOf":{"@id":"https:\/\/www.uartes.edu.ec\/sitio\/en\/#website"},"primaryImageOfPage":{"@id":"https:\/\/www.uartes.edu.ec\/sitio\/en\/blog\/2025\/05\/28\/fredy-vallejos-presento-el-disco-relative-patterns-al-planetario-de-medellin-docente-uartes-llego-con-algoritmos-y-musica-asistida-por-computador\/#primaryimage"},"image":{"@id":"https:\/\/www.uartes.edu.ec\/sitio\/en\/blog\/2025\/05\/28\/fredy-vallejos-presento-el-disco-relative-patterns-al-planetario-de-medellin-docente-uartes-llego-con-algoritmos-y-musica-asistida-por-computador\/#primaryimage"},"thumbnailUrl":"https:\/\/www.uartes.edu.ec\/sitio\/wp-content\/uploads\/2025\/06\/FV-rui.png","datePublished":"2025-05-28T18:32:00+00:00","dateModified":"2025-06-04T21:43:11+00:00","description":"Universidad de las Artes - Arte, ciencia y tecnolog\u00eda fusionados en lanzamiento del disco \u201cRelative Patterns\u201d de Fredy Vallejos en Planetario de Medell\u00edn","breadcrumb":{"@id":"https:\/\/www.uartes.edu.ec\/sitio\/en\/blog\/2025\/05\/28\/fredy-vallejos-presento-el-disco-relative-patterns-al-planetario-de-medellin-docente-uartes-llego-con-algoritmos-y-musica-asistida-por-computador\/#breadcrumb"},"inLanguage":"en-US","potentialAction":[{"@type":"ReadAction","target":["https:\/\/www.uartes.edu.ec\/sitio\/en\/blog\/2025\/05\/28\/fredy-vallejos-presento-el-disco-relative-patterns-al-planetario-de-medellin-docente-uartes-llego-con-algoritmos-y-musica-asistida-por-computador\/"]}]},{"@type":"ImageObject","inLanguage":"en-US","@id":"https:\/\/www.uartes.edu.ec\/sitio\/en\/blog\/2025\/05\/28\/fredy-vallejos-presento-el-disco-relative-patterns-al-planetario-de-medellin-docente-uartes-llego-con-algoritmos-y-musica-asistida-por-computador\/#primaryimage","url":"https:\/\/www.uartes.edu.ec\/sitio\/wp-content\/uploads\/2025\/06\/FV-rui.png","contentUrl":"https:\/\/www.uartes.edu.ec\/sitio\/wp-content\/uploads\/2025\/06\/FV-rui.png","width":2000,"height":1333},{"@type":"BreadcrumbList","@id":"https:\/\/www.uartes.edu.ec\/sitio\/en\/blog\/2025\/05\/28\/fredy-vallejos-presento-el-disco-relative-patterns-al-planetario-de-medellin-docente-uartes-llego-con-algoritmos-y-musica-asistida-por-computador\/#breadcrumb","itemListElement":[{"@type":"ListItem","position":1,"name":"Inicio","item":"https:\/\/www.uartes.edu.ec\/sitio\/"},{"@type":"ListItem","position":2,"name":"Arte, ciencia y tecnolog\u00eda fusionados en lanzamiento del disco \u201cRelative Patterns\u201d de Fredy Vallejos en Planetario de Medell\u00edn"}]},{"@type":"WebSite","@id":"https:\/\/www.uartes.edu.ec\/sitio\/en\/#website","url":"https:\/\/www.uartes.edu.ec\/sitio\/en\/","name":"Universidad de las Artes","description":"Sitio oficial de la Universidad Nacional de las Artes del Ecuador","publisher":{"@id":"https:\/\/www.uartes.edu.ec\/sitio\/en\/#organization"},"potentialAction":[{"@type":"SearchAction","target":{"@type":"EntryPoint","urlTemplate":"https:\/\/www.uartes.edu.ec\/sitio\/en\/?s={search_term_string}"},"query-input":{"@type":"PropertyValueSpecification","valueRequired":true,"valueName":"search_term_string"}}],"inLanguage":"en-US"},{"@type":"Organization","@id":"https:\/\/www.uartes.edu.ec\/sitio\/en\/#organization","name":"Universidad de las Artes","url":"https:\/\/www.uartes.edu.ec\/sitio\/en\/","logo":{"@type":"ImageObject","inLanguage":"en-US","@id":"https:\/\/www.uartes.edu.ec\/sitio\/en\/#\/schema\/logo\/image\/","url":"https:\/\/www.uartes.edu.ec\/sitio\/wp-content\/uploads\/2022\/07\/logo-ua-horizontal.png","contentUrl":"https:\/\/www.uartes.edu.ec\/sitio\/wp-content\/uploads\/2022\/07\/logo-ua-horizontal.png","width":800,"height":276,"caption":"Universidad de las Artes"},"image":{"@id":"https:\/\/www.uartes.edu.ec\/sitio\/en\/#\/schema\/logo\/image\/"},"sameAs":["https:\/\/www.facebook.com\/uartesec","https:\/\/x.com\/uartesec","https:\/\/www.tiktok.com\/@uartesec"]},{"@type":"Person","@id":"https:\/\/www.uartes.edu.ec\/sitio\/en\/#\/schema\/person\/efa1b8275797664fd7f13a79ccc0b1f4","name":"ccortez","image":{"@type":"ImageObject","inLanguage":"en-US","@id":"https:\/\/secure.gravatar.com\/avatar\/b2a6f664a3ae8e074346ef91775736c5ec479e637ecced6842de9dc98b5da9cd?s=96&d=mm&r=g","url":"https:\/\/secure.gravatar.com\/avatar\/b2a6f664a3ae8e074346ef91775736c5ec479e637ecced6842de9dc98b5da9cd?s=96&d=mm&r=g","contentUrl":"https:\/\/secure.gravatar.com\/avatar\/b2a6f664a3ae8e074346ef91775736c5ec479e637ecced6842de9dc98b5da9cd?s=96&d=mm&r=g","caption":"ccortez"},"url":"https:\/\/www.uartes.edu.ec\/sitio\/en\/blog\/author\/ccortez\/"}]}},"uagb_featured_image_src":{"full":["https:\/\/www.uartes.edu.ec\/sitio\/wp-content\/uploads\/2025\/06\/FV-rui.png",2000,1333,false],"thumbnail":["https:\/\/www.uartes.edu.ec\/sitio\/wp-content\/uploads\/2025\/06\/FV-rui-150x150.png",150,150,true],"medium":["https:\/\/www.uartes.edu.ec\/sitio\/wp-content\/uploads\/2025\/06\/FV-rui-300x200.png",300,200,true],"medium_large":["https:\/\/www.uartes.edu.ec\/sitio\/wp-content\/uploads\/2025\/06\/FV-rui-768x512.png",768,512,true],"large":["https:\/\/www.uartes.edu.ec\/sitio\/wp-content\/uploads\/2025\/06\/FV-rui-644x429.png",644,429,true],"1536x1536":["https:\/\/www.uartes.edu.ec\/sitio\/wp-content\/uploads\/2025\/06\/FV-rui-1536x1024.png",1536,1024,true],"2048x2048":["https:\/\/www.uartes.edu.ec\/sitio\/wp-content\/uploads\/2025\/06\/FV-rui.png",2000,1333,false],"trp-custom-language-flag":["https:\/\/www.uartes.edu.ec\/sitio\/wp-content\/uploads\/2025\/06\/FV-rui-18x12.png",18,12,true],"htmega_size_585x295":["https:\/\/www.uartes.edu.ec\/sitio\/wp-content\/uploads\/2025\/06\/FV-rui-585x295.png",585,295,true],"htmega_size_1170x536":["https:\/\/www.uartes.edu.ec\/sitio\/wp-content\/uploads\/2025\/06\/FV-rui-1170x536.png",1170,536,true],"htmega_size_396x360":["https:\/\/www.uartes.edu.ec\/sitio\/wp-content\/uploads\/2025\/06\/FV-rui-396x360.png",396,360,true],"gb-block-post-grid-landscape":["https:\/\/www.uartes.edu.ec\/sitio\/wp-content\/uploads\/2025\/06\/FV-rui-600x400.png",600,400,true],"gb-block-post-grid-square":["https:\/\/www.uartes.edu.ec\/sitio\/wp-content\/uploads\/2025\/06\/FV-rui-600x600.png",600,600,true],"university-hub-thumb":["https:\/\/www.uartes.edu.ec\/sitio\/wp-content\/uploads\/2025\/06\/FV-rui-400x267.png",400,267,true],"mailpoet_newsletter_max":["https:\/\/www.uartes.edu.ec\/sitio\/wp-content\/uploads\/2025\/06\/FV-rui.png",1320,880,false]},"uagb_author_info":{"display_name":"ccortez","author_link":"https:\/\/www.uartes.edu.ec\/sitio\/en\/blog\/author\/ccortez\/"},"uagb_comment_info":0,"uagb_excerpt":"Con un show de algoritmos y m\u00fasica asistida por computador, el compositor, percusionista y music\u00f3logo Fredy Vallejos present\u00f3 el 15 de mayo en el Planetario de Medell\u00edn el disco \u201cRelative Patterns\u201d. Casi nueve a\u00f1os le tom\u00f3 al docente UArtes componer las seis obras que integran su material, resultado del an\u00e1lisis r\u00edtmico de algunas m\u00fasicas tradicionales&hellip;","featured_image_src":"https:\/\/www.uartes.edu.ec\/sitio\/wp-content\/uploads\/2025\/06\/FV-rui-600x400.png","featured_image_src_square":"https:\/\/www.uartes.edu.ec\/sitio\/wp-content\/uploads\/2025\/06\/FV-rui-600x600.png","author_info":{"display_name":"ccortez","author_link":"https:\/\/www.uartes.edu.ec\/sitio\/en\/blog\/author\/ccortez\/"},"publishpress_future_workflow_manual_trigger":{"enabledWorkflows":[]},"distributor_meta":false,"distributor_terms":false,"distributor_media":false,"distributor_original_site_name":"Universidad de las Artes","distributor_original_site_url":"https:\/\/www.uartes.edu.ec\/sitio\/en","push-errors":false,"_links":{"self":[{"href":"https:\/\/www.uartes.edu.ec\/sitio\/en\/wp-json\/wp\/v2\/posts\/72663","targetHints":{"allow":["GET"]}}],"collection":[{"href":"https:\/\/www.uartes.edu.ec\/sitio\/en\/wp-json\/wp\/v2\/posts"}],"about":[{"href":"https:\/\/www.uartes.edu.ec\/sitio\/en\/wp-json\/wp\/v2\/types\/post"}],"author":[{"embeddable":true,"href":"https:\/\/www.uartes.edu.ec\/sitio\/en\/wp-json\/wp\/v2\/users\/10"}],"replies":[{"embeddable":true,"href":"https:\/\/www.uartes.edu.ec\/sitio\/en\/wp-json\/wp\/v2\/comments?post=72663"}],"version-history":[{"count":10,"href":"https:\/\/www.uartes.edu.ec\/sitio\/en\/wp-json\/wp\/v2\/posts\/72663\/revisions"}],"predecessor-version":[{"id":72951,"href":"https:\/\/www.uartes.edu.ec\/sitio\/en\/wp-json\/wp\/v2\/posts\/72663\/revisions\/72951"}],"wp:featuredmedia":[{"embeddable":true,"href":"https:\/\/www.uartes.edu.ec\/sitio\/en\/wp-json\/wp\/v2\/media\/72664"}],"wp:attachment":[{"href":"https:\/\/www.uartes.edu.ec\/sitio\/en\/wp-json\/wp\/v2\/media?parent=72663"}],"wp:term":[{"taxonomy":"category","embeddable":true,"href":"https:\/\/www.uartes.edu.ec\/sitio\/en\/wp-json\/wp\/v2\/categories?post=72663"},{"taxonomy":"post_tag","embeddable":true,"href":"https:\/\/www.uartes.edu.ec\/sitio\/en\/wp-json\/wp\/v2\/tags?post=72663"},{"taxonomy":"infouartes","embeddable":true,"href":"https:\/\/www.uartes.edu.ec\/sitio\/en\/wp-json\/wp\/v2\/infouartes?post=72663"}],"curies":[{"name":"wp","href":"https:\/\/api.w.org\/{rel}","templated":true}]}}