{"id":7276,"date":"2020-06-18T15:11:30","date_gmt":"2020-06-18T20:11:30","guid":{"rendered":"http:\/\/www.uartes.edu.ec\/sitio\/?p=7276"},"modified":"2024-07-04T11:43:00","modified_gmt":"2024-07-04T16:43:00","slug":"programa-de-educacion-continua-impulsa-trabajo-en-red-por-la-educacion-publica-en-artes-con-el-mineduc","status":"publish","type":"post","link":"https:\/\/www.uartes.edu.ec\/sitio\/en\/blog\/2020\/06\/18\/programa-de-educacion-continua-impulsa-trabajo-en-red-por-la-educacion-publica-en-artes-con-el-mineduc\/","title":{"rendered":"El trabajo en redes por la educaci\u00f3n p\u00fablica en artes impulsa programa de Formaci\u00f3n Continua con el MINEDUC"},"content":{"rendered":"<p>La Universidad de las Artes present\u00f3, este martes 16 de junio de 2020, el Programa para el Fortalecimiento de Capacidades con Docentes de Colegios P\u00fablicos de Arte, el cual, a cargo de la Secretar\u00eda de Vinculaci\u00f3n con la Sociedad y la Direcci\u00f3n de Formaci\u00f3n Continua, se desarrolla en el marco de un convenio entre nuestra instituci\u00f3n acad\u00e9mica y el Ministerio de Educaci\u00f3n del Ecuador (MINEDUC).&nbsp;<\/p>\n\n\n\n<p>La reuni\u00f3n virtual cont\u00f3 con la participaci\u00f3n de la rectora de la UArtes, Mar\u00eda Paulina Soto; el director de Gesti\u00f3n Acad\u00e9mica UArtes Quito, Gustavo Vizca\u00edno; la directora de Vinculaci\u00f3n con la Sociedad, Mar\u00eda Jos\u00e9 Icaza; la especialista de Educaci\u00f3n Continua, Gilda S\u00e1nchez; los docentes UArtes que dictar\u00e1n las diez asignaturas que tendr\u00e1 el programa; y, 19 de los 29 profesores de los 17 colegios de artes que recibir\u00e1n las capacitaciones y que provienen de las provincias del Guayas, Azuay, Chimborazo, Pichincha, Cotopaxi, Imbabura, Zamora Chinchipe, Manab\u00ed, Los R\u00edos y El Oro. &nbsp;<\/p>\n\n\n\n<p>Por parte del MINEDUC intervinieron la subsecretaria de Desarrollo Profesional, Magali Ramos, y Martha Mora. &nbsp;<\/p>\n\n\n\n<p>La doctora Mar\u00eda Paulina Soto, rectora de la Universidad de las Artes, resalt\u00f3 que esta instituci\u00f3n de educaci\u00f3n superior, de manera decisiva, impulsa este programa, al que se concibe como un laboratorio de aprendizajes conjuntos. Nos vamos a retroalimentar, pues es importante para nuestros estudiantes tambi\u00e9n compartir esta experiencia. La idea es lograr que este programa se fortalezca y que tenga continuidad, mencion\u00f3. &nbsp;Es un esfuerzo para todos, tanto para los docentes de los colegios como para las docentes UArtes. As\u00ed mismo, reiter\u00f3 la importancia de la educaci\u00f3n en artes y su contribuci\u00f3n a la evidente crisis del mundo contempor\u00e1neo.<\/p>\n\n\n\n<p>Mar\u00eda Jos\u00e9 Icaza, por su parte, dio detalles de la iniciativa se\u00f1alando lo fundamental que representa el v\u00ednculo con el sistema educativo. \u201cCreemos que tenemos que transversalizar la educaci\u00f3n en artes como un derecho, desde las edades m\u00e1s tempranas, para transformar a la sociedad\u201d.<\/p>\n\n\n\n<p>La UArtes, agreg\u00f3, ha trabajado con unidades educativas fiscales y particulares, y no solo de educaci\u00f3n en artes. \u201cHemos desarrollado distintos proyectos relacionados con producci\u00f3n y circulaci\u00f3n de pr\u00e1cticas art\u00edsticas, investigando metodolog\u00edas, desarrollando procesos de aprendizaje conjunto en los espacios p\u00fablicos con las comunidades educativas\u201d. Recalc\u00f3, asimismo, la necesidad de crear una red de instituciones de arte y anim\u00f3 a pensar en el futuro inmediato. \u201cVamos a intercambiar nuestras expectativas,&nbsp; preocupaciones, reflexiones y experiencias. El a\u00f1o anterior firmamos un convenio con el Ministerio de Educaci\u00f3n, el cual ha sido un interlocutor importante que nos ha permitido concretar este tema y esperamos que sea un primer gran momento\u201d.<\/p>\n\n\n\n<p>\u201cEste es un trabajo conjunto de la UArtes y el MINEDUC\u201d, dijo Gilda S\u00e1nchez al presentar el programa y mostrar en un video las actividades acad\u00e9micas desarrolladas por la Universidad de las Artes, sus carreras, instalaciones, docentes y alumnos. Ponder\u00f3 el desaf\u00edo para los participantes en el programa. Explic\u00f3 que, aunque el programa entra en marcha este mes, la Secretar\u00eda de Vinculaci\u00f3n con la Sociedad lo ha planificado con antelaci\u00f3n. La emergencia sanitaria cambi\u00f3 la agenda. \u201cSe recibieron 71 postulaciones en un tiempo r\u00e9cord. Dos d\u00edas de convocatoria y la acogida fue grande. Con los criterios de la competencia en cuanto el \u00e1mbito de formaci\u00f3n art\u00edstica seleccionamos a 29 docentes, de 17 colegios de arte y 10 provincias del Ecuador\u201d.<\/p>\n\n\n\n<p>Magaly Ramos, del MINEDUC, agradeci\u00f3 a la Universidad de las Artes por el apoyo al sistema educativo p\u00fablico y mencion\u00f3 que es el segundo momento de trabajo conjunto. El primero fue entre octubre y noviembre del 2019, cuando la universidad \u201cnos ayud\u00f3 a levantar 28 perfiles de docentes de artes, lo cual nos permite generar la institucionalidad de la carrera del docente de educaci\u00f3n media en el \u00e1mbito de las artes. Empezamos a trabajar fuertemente el tema, priorizando la educaci\u00f3n y las artes en la educaci\u00f3n media\u201d. Queremos que el sistema de la educaci\u00f3n media pueda realmente integrarse a la educaci\u00f3n superior, a\u00f1adi\u00f3 y anim\u00f3 a los profesores que se van a capacitar a sacarle el mayor provecho y disfrutar. \u201cEmpecemos a ver c\u00f3mo contribuir con la Universidad de las Artes, como important\u00edsima para la educaci\u00f3n en el Ecuador\u201d, agreg\u00f3.<\/p>\n\n\n\n<p>Gustavo Vizca\u00edno agradeci\u00f3 a la Secretar\u00eda de Vinculaci\u00f3n con la Sociedad por \u201ccongregarnos y abrir estos espacios tan necesarios para la educaci\u00f3n en artes\u201d. Igualmente se presentaron algunos de los docentes de la UArtes que participar\u00e1n en el programa: Roberto Moscoso, Lorena Delgado, Juan Caguana, Tal\u00eda Falcon\u00ed y Lisbeth D\u00e1vila.<\/p>\n\n\n\n<p>Los profesores de las instituciones educativas de arte se conectaron desde Guayaquil, Manta, Esmeraldas, Cuenca, Ibarra, Riobamba y Quito. Todos coincidieron en la importancia del programa. Comentaron las materias que dictan en los colegios donde laboran, todas relacionadas con el arte. Unos se identificaron como m\u00fasicos, otros manifestaron estar inmersos en la pintura, la escultura, la cer\u00e1mica, el grabado, el dise\u00f1o gr\u00e1fico y el dibujo art\u00edstico.<\/p>\n\n\n\n<p>\u201cSoy licenciado en m\u00fasica y estoy muy contento por participar en esta capacitaci\u00f3n. Quiero sumar conocimientos y participarles a mis estudiantes. En las escuelas fiscales hay una gran potencial\u201d, indic\u00f3 William Bravo, docente de la Escuela Vicente Le\u00f3n Pic\u00f3n, mientras que Laura Vist\u00edn revel\u00f3 ser oriunda de la provincia de Bol\u00edvar, pero trabajar en Los R\u00edos, \u201csoy tecn\u00f3loga y doy clases de piano, saxof\u00f3n y lenguaje musical; intent\u00e9 estudiar en Universidad de las Artes, pero por falta de tiempo no pude. Ahora lo har\u00e9 y es una gran oportunidad\u201d.<\/p>\n\n\n\n<p><strong>Las asignaturas y los docentes de la UArtes<\/strong><\/p>\n\n\n<div class=\"wp-block-image\">\n<figure class=\"aligncenter size-large\"><img fetchpriority=\"high\" decoding=\"async\" width=\"644\" height=\"429\" src=\"http:\/\/www.uartes.edu.ec\/sitio\/wp-content\/uploads\/2020\/06\/programa2-644x429.jpg\" alt=\"\" class=\"wp-image-7277\" srcset=\"https:\/\/www.uartes.edu.ec\/sitio\/wp-content\/uploads\/2020\/06\/programa2-644x429.jpg 644w, https:\/\/www.uartes.edu.ec\/sitio\/wp-content\/uploads\/2020\/06\/programa2-300x200.jpg 300w, https:\/\/www.uartes.edu.ec\/sitio\/wp-content\/uploads\/2020\/06\/programa2-768x512.jpg 768w, https:\/\/www.uartes.edu.ec\/sitio\/wp-content\/uploads\/2020\/06\/programa2-600x400.jpg 600w, https:\/\/www.uartes.edu.ec\/sitio\/wp-content\/uploads\/2020\/06\/programa2-400x267.jpg 400w, https:\/\/www.uartes.edu.ec\/sitio\/wp-content\/uploads\/2020\/06\/programa2-272x182.jpg 272w, https:\/\/www.uartes.edu.ec\/sitio\/wp-content\/uploads\/2020\/06\/programa2.jpg 1280w\" sizes=\"(max-width: 644px) 100vw, 644px\" \/><\/figure>\n<\/div>\n\n\n<p>El programa propuesto por la Secretar\u00eda de Vinculaci\u00f3n con la Sociedad y la Direcci\u00f3n de Formaci\u00f3n Continua de la UArtes, en trabajo conjunto con el Ministerio de Educaci\u00f3n del Ecuador (MINEDUC), tendr\u00e1 diez asignaturas en Danza, Artes Visuales, Artes Musicales y Producci\u00f3n Musical y Sonora.<\/p>\n\n\n\n<p>De la Escuela de Artes Esc\u00e9nicas participan los docentes Vanessa P\u00e9rez, quien dar\u00e1 Anatom\u00eda y Kinesiologia II; Lorena Delgado, Did\u00e1cticas de la Danza; y, Tal\u00eda Falcon\u00ed, An\u00e1lisis Compositivo<\/p>\n\n\n\n<p>De la Escuela de Artes Sonoras: Roberto Carlos Moscoso, quien dictar\u00e1 Tendencias de la Educaci\u00f3n Musical Contempor\u00e1nea; Jos\u00e9 Andrade, Dise\u00f1o Sonoro; y, Juan Carlos Franco, Historia de la M\u00fasica del Ecuador y Fundamentos de Etnomusicolog\u00eda y Estudios de M\u00fasica Popular.<\/p>\n\n\n\n<p>De la Escuela de Artes Visuales: Hern\u00e1n Z\u00fa\u00f1iga, el Taller B\u00e1sico de Artes Gr\u00e1ficas; Juan Caguana, el Taller B\u00e1sico de Escultura; y, Marco Antonio Alvarado, la materia Proyectos de Creaci\u00f3n y Pensamiento.<\/p>\n\n\n\n<p><strong>Los 29 profesores que recibir\u00e1n la capacitaci\u00f3n<\/strong><\/p>\n\n\n\n<p>Manuel Guachichulca Cobos y Freddy Bravo Le\u00f3n, del Colegio de Artes Jos\u00e9 Mar\u00eda Rodr\u00edguez, del Azuay. De la misma provincia, Willian Bravo Le\u00f3n, de la Escuela de Educaci\u00f3n B\u00e1sica Vicente Le\u00f3n Pic\u00f3n.<\/p>\n\n\n\n<p>Byron Tenemaza Candilejo, de la Unidad Educativa Rodrigo Barreno Cobo, e In\u00e9s Guerrero Tierra, de la Unidad Educativa Vicente Anda Aguirre, ubicadas en Chimborazo.<\/p>\n\n\n\n<p>Marco Lema Calle, del Conservatorio Nacional de M\u00fasica de Quito. Tambi\u00e9n de Pichincha, Valeria Pilliza Tipan, del Colegio de Arte Frederick Ashton.<\/p>\n\n\n\n<p>Shidarta Malta Bautista y Keilim Benavides Navas, del Colegio de Artes Raymond Mauge Thoniel; y, Erick Arias Noro\u00f1a, del Colegio de Artes Fiscal Juan Jos\u00e9 Plaza, ambos ubicados en la provincia del Guayas. De planteles guayasenses participa tambi\u00e9n Viviana Miranda Montufar, del Colegio de Artes Antonio Neumane.<\/p>\n\n\n\n<p>Patricia Fiallos Camacho, del Colegio de Artes Pl\u00e1sticas Tohally, de Manab\u00ed. Laura Vist\u00edn Orta, del Colegio de Artes Johann Sebastian Bach, de Los R\u00edos. Y C\u00e9sar Narv\u00e1ez, de la Unidad Eloy Alfaro, de El Oro.<\/p>\n\n\n\n<p>Juan Freire L\u00f3pez, Iralda Hidalgo Estrella y Juan Yaule Toapanta, del Colegio de Bachillerato en Artes C\u00e9sar Viera; y Marco Yaule Toapanta, de la Unidad Educativa Victoria V\u00e1sconez Cuvi, instituciones educativas ubicadas en Cotopaxi. Del Colegio de Bachillerato Zumbi, de Zamora Chinchipe, Washington Verdesoto Prieto.<\/p>\n\n\n\n<p>Mar\u00eda Torres Cacuango, Guillermo Collaguazo Galiano, Franklin Meneses Gudi\u00f1o, Pa\u00fal Espinosa de Los Monteros, Andrea Untu\u00f1a Quitiaquez, Diana Ortiz Pab\u00f3n y Nelson Calder\u00f3n Espinosa, de la Unidad Educativa Daniel Reyes, de Imbabura. Tambi\u00e9n de esta provincia, y de la Unidad Educativa Luis Ulpiano de la Torre, Richard Ramos Andrade.<\/p>","protected":false},"excerpt":{"rendered":"<p>La Universidad de las Artes present\u00f3, este martes 16 de junio de 2020, el Programa para el Fortalecimiento de Capacidades con Docentes de Colegios P\u00fablicos de Arte, el cual, a cargo de la Secretar\u00eda de Vinculaci\u00f3n con la Sociedad y la Direcci\u00f3n de Formaci\u00f3n Continua, se desarrolla en el marco de un convenio entre nuestra instituci\u00f3n acad\u00e9mica y el MINEDUC. <\/p>","protected":false},"author":1,"featured_media":7278,"comment_status":"closed","ping_status":"closed","sticky":false,"template":"","format":"standard","meta":{"_acf_changed":false,"_uag_custom_page_level_css":"","_monsterinsights_skip_tracking":false,"_monsterinsights_sitenote_active":false,"_monsterinsights_sitenote_note":"","_monsterinsights_sitenote_category":0,"cybocfi_hide_featured_image":"","footnotes":""},"categories":[80,77,79],"tags":[211,222],"infouartes":[],"class_list":["post-7276","post","type-post","status-publish","format-standard","has-post-thumbnail","hentry","category-academico","category-gestion","category-vinculo","tag-covid19","tag-mineduc"],"acf":[],"yoast_head":"<!-- This site is optimized with the Yoast SEO plugin v27.4 - https:\/\/yoast.com\/product\/yoast-seo-wordpress\/ -->\n<title>Universidad de las Artes - El trabajo en redes por la educaci\u00f3n p\u00fablica en artes impulsa programa de Formaci\u00f3n Continua con el MINEDUC<\/title>\n<meta name=\"description\" content=\"Universidad de las Artes - El trabajo en redes por la educaci\u00f3n p\u00fablica en artes impulsa programa de Formaci\u00f3n Continua con el MINEDUC\" \/>\n<meta name=\"robots\" content=\"index, follow, max-snippet:-1, max-image-preview:large, max-video-preview:-1\" \/>\n<link rel=\"canonical\" href=\"https:\/\/www.uartes.edu.ec\/sitio\/en\/blog\/2020\/06\/18\/programa-de-educacion-continua-impulsa-trabajo-en-red-por-la-educacion-publica-en-artes-con-el-mineduc\/\" \/>\n<meta property=\"og:locale\" content=\"en_US\" \/>\n<meta property=\"og:type\" content=\"article\" \/>\n<meta property=\"og:title\" content=\"Universidad de las Artes - El trabajo en redes por la educaci\u00f3n p\u00fablica en artes impulsa programa de Formaci\u00f3n Continua con el MINEDUC\" \/>\n<meta property=\"og:description\" content=\"Universidad de las Artes - El trabajo en redes por la educaci\u00f3n p\u00fablica en artes impulsa programa de Formaci\u00f3n Continua con el MINEDUC\" \/>\n<meta property=\"og:url\" content=\"https:\/\/www.uartes.edu.ec\/sitio\/en\/blog\/2020\/06\/18\/programa-de-educacion-continua-impulsa-trabajo-en-red-por-la-educacion-publica-en-artes-con-el-mineduc\/\" \/>\n<meta property=\"og:site_name\" content=\"Universidad de las Artes\" \/>\n<meta property=\"article:publisher\" content=\"https:\/\/www.facebook.com\/uartesec\" \/>\n<meta property=\"article:published_time\" content=\"2020-06-18T20:11:30+00:00\" \/>\n<meta property=\"article:modified_time\" content=\"2024-07-04T16:43:00+00:00\" \/>\n<meta property=\"og:image\" content=\"https:\/\/www.uartes.edu.ec\/sitio\/wp-content\/uploads\/2020\/06\/programa1.jpg\" \/>\n\t<meta property=\"og:image:width\" content=\"1280\" \/>\n\t<meta property=\"og:image:height\" content=\"853\" \/>\n\t<meta property=\"og:image:type\" content=\"image\/jpeg\" \/>\n<meta name=\"author\" content=\"Universidad de las Artes\" \/>\n<meta name=\"twitter:card\" content=\"summary_large_image\" \/>\n<meta name=\"twitter:creator\" content=\"@uartesec\" \/>\n<meta name=\"twitter:site\" content=\"@uartesec\" \/>\n<meta name=\"twitter:label1\" content=\"Written by\" \/>\n\t<meta name=\"twitter:data1\" content=\"Universidad de las Artes\" \/>\n\t<meta name=\"twitter:label2\" content=\"Est. reading time\" \/>\n\t<meta name=\"twitter:data2\" content=\"7 minutes\" \/>\n<script type=\"application\/ld+json\" class=\"yoast-schema-graph\">{\"@context\":\"https:\\\/\\\/schema.org\",\"@graph\":[{\"@type\":\"Article\",\"@id\":\"https:\\\/\\\/www.uartes.edu.ec\\\/sitio\\\/en\\\/blog\\\/2020\\\/06\\\/18\\\/programa-de-educacion-continua-impulsa-trabajo-en-red-por-la-educacion-publica-en-artes-con-el-mineduc\\\/#article\",\"isPartOf\":{\"@id\":\"https:\\\/\\\/www.uartes.edu.ec\\\/sitio\\\/en\\\/blog\\\/2020\\\/06\\\/18\\\/programa-de-educacion-continua-impulsa-trabajo-en-red-por-la-educacion-publica-en-artes-con-el-mineduc\\\/\"},\"author\":{\"name\":\"Universidad de las Artes\",\"@id\":\"https:\\\/\\\/www.uartes.edu.ec\\\/sitio\\\/en\\\/#\\\/schema\\\/person\\\/f33f8c1d2af0d5c80a38c8abf458184a\"},\"headline\":\"El trabajo en redes por la educaci\u00f3n p\u00fablica en artes impulsa programa de Formaci\u00f3n Continua con el MINEDUC\",\"datePublished\":\"2020-06-18T20:11:30+00:00\",\"dateModified\":\"2024-07-04T16:43:00+00:00\",\"mainEntityOfPage\":{\"@id\":\"https:\\\/\\\/www.uartes.edu.ec\\\/sitio\\\/en\\\/blog\\\/2020\\\/06\\\/18\\\/programa-de-educacion-continua-impulsa-trabajo-en-red-por-la-educacion-publica-en-artes-con-el-mineduc\\\/\"},\"wordCount\":1452,\"publisher\":{\"@id\":\"https:\\\/\\\/www.uartes.edu.ec\\\/sitio\\\/en\\\/#organization\"},\"image\":{\"@id\":\"https:\\\/\\\/www.uartes.edu.ec\\\/sitio\\\/en\\\/blog\\\/2020\\\/06\\\/18\\\/programa-de-educacion-continua-impulsa-trabajo-en-red-por-la-educacion-publica-en-artes-con-el-mineduc\\\/#primaryimage\"},\"thumbnailUrl\":\"https:\\\/\\\/www.uartes.edu.ec\\\/sitio\\\/wp-content\\\/uploads\\\/2020\\\/06\\\/programa1.jpg\",\"keywords\":[\"covid19\",\"mineduc\"],\"articleSection\":[\"Acad\u00e9mico\",\"Gesti\u00f3n\",\"V\u00ednculo\"],\"inLanguage\":\"en-US\"},{\"@type\":[\"WebPage\",\"ItemPage\"],\"@id\":\"https:\\\/\\\/www.uartes.edu.ec\\\/sitio\\\/en\\\/blog\\\/2020\\\/06\\\/18\\\/programa-de-educacion-continua-impulsa-trabajo-en-red-por-la-educacion-publica-en-artes-con-el-mineduc\\\/\",\"url\":\"https:\\\/\\\/www.uartes.edu.ec\\\/sitio\\\/en\\\/blog\\\/2020\\\/06\\\/18\\\/programa-de-educacion-continua-impulsa-trabajo-en-red-por-la-educacion-publica-en-artes-con-el-mineduc\\\/\",\"name\":\"Universidad de las Artes - El trabajo en redes por la educaci\u00f3n p\u00fablica en artes impulsa programa de Formaci\u00f3n Continua con el MINEDUC\",\"isPartOf\":{\"@id\":\"https:\\\/\\\/www.uartes.edu.ec\\\/sitio\\\/en\\\/#website\"},\"primaryImageOfPage\":{\"@id\":\"https:\\\/\\\/www.uartes.edu.ec\\\/sitio\\\/en\\\/blog\\\/2020\\\/06\\\/18\\\/programa-de-educacion-continua-impulsa-trabajo-en-red-por-la-educacion-publica-en-artes-con-el-mineduc\\\/#primaryimage\"},\"image\":{\"@id\":\"https:\\\/\\\/www.uartes.edu.ec\\\/sitio\\\/en\\\/blog\\\/2020\\\/06\\\/18\\\/programa-de-educacion-continua-impulsa-trabajo-en-red-por-la-educacion-publica-en-artes-con-el-mineduc\\\/#primaryimage\"},\"thumbnailUrl\":\"https:\\\/\\\/www.uartes.edu.ec\\\/sitio\\\/wp-content\\\/uploads\\\/2020\\\/06\\\/programa1.jpg\",\"datePublished\":\"2020-06-18T20:11:30+00:00\",\"dateModified\":\"2024-07-04T16:43:00+00:00\",\"description\":\"Universidad de las Artes - El trabajo en redes por la educaci\u00f3n p\u00fablica en artes impulsa programa de Formaci\u00f3n Continua con el MINEDUC\",\"breadcrumb\":{\"@id\":\"https:\\\/\\\/www.uartes.edu.ec\\\/sitio\\\/en\\\/blog\\\/2020\\\/06\\\/18\\\/programa-de-educacion-continua-impulsa-trabajo-en-red-por-la-educacion-publica-en-artes-con-el-mineduc\\\/#breadcrumb\"},\"inLanguage\":\"en-US\",\"potentialAction\":[{\"@type\":\"ReadAction\",\"target\":[\"https:\\\/\\\/www.uartes.edu.ec\\\/sitio\\\/en\\\/blog\\\/2020\\\/06\\\/18\\\/programa-de-educacion-continua-impulsa-trabajo-en-red-por-la-educacion-publica-en-artes-con-el-mineduc\\\/\"]}]},{\"@type\":\"ImageObject\",\"inLanguage\":\"en-US\",\"@id\":\"https:\\\/\\\/www.uartes.edu.ec\\\/sitio\\\/en\\\/blog\\\/2020\\\/06\\\/18\\\/programa-de-educacion-continua-impulsa-trabajo-en-red-por-la-educacion-publica-en-artes-con-el-mineduc\\\/#primaryimage\",\"url\":\"https:\\\/\\\/www.uartes.edu.ec\\\/sitio\\\/wp-content\\\/uploads\\\/2020\\\/06\\\/programa1.jpg\",\"contentUrl\":\"https:\\\/\\\/www.uartes.edu.ec\\\/sitio\\\/wp-content\\\/uploads\\\/2020\\\/06\\\/programa1.jpg\",\"width\":1280,\"height\":853},{\"@type\":\"BreadcrumbList\",\"@id\":\"https:\\\/\\\/www.uartes.edu.ec\\\/sitio\\\/en\\\/blog\\\/2020\\\/06\\\/18\\\/programa-de-educacion-continua-impulsa-trabajo-en-red-por-la-educacion-publica-en-artes-con-el-mineduc\\\/#breadcrumb\",\"itemListElement\":[{\"@type\":\"ListItem\",\"position\":1,\"name\":\"Inicio\",\"item\":\"https:\\\/\\\/www.uartes.edu.ec\\\/sitio\\\/\"},{\"@type\":\"ListItem\",\"position\":2,\"name\":\"El trabajo en redes por la educaci\u00f3n p\u00fablica en artes impulsa programa de Formaci\u00f3n Continua con el MINEDUC\"}]},{\"@type\":\"WebSite\",\"@id\":\"https:\\\/\\\/www.uartes.edu.ec\\\/sitio\\\/en\\\/#website\",\"url\":\"https:\\\/\\\/www.uartes.edu.ec\\\/sitio\\\/en\\\/\",\"name\":\"Universidad de las Artes\",\"description\":\"Sitio oficial de la Universidad Nacional de las Artes del Ecuador\",\"publisher\":{\"@id\":\"https:\\\/\\\/www.uartes.edu.ec\\\/sitio\\\/en\\\/#organization\"},\"potentialAction\":[{\"@type\":\"SearchAction\",\"target\":{\"@type\":\"EntryPoint\",\"urlTemplate\":\"https:\\\/\\\/www.uartes.edu.ec\\\/sitio\\\/en\\\/?s={search_term_string}\"},\"query-input\":{\"@type\":\"PropertyValueSpecification\",\"valueRequired\":true,\"valueName\":\"search_term_string\"}}],\"inLanguage\":\"en-US\"},{\"@type\":\"Organization\",\"@id\":\"https:\\\/\\\/www.uartes.edu.ec\\\/sitio\\\/en\\\/#organization\",\"name\":\"Universidad de las Artes\",\"url\":\"https:\\\/\\\/www.uartes.edu.ec\\\/sitio\\\/en\\\/\",\"logo\":{\"@type\":\"ImageObject\",\"inLanguage\":\"en-US\",\"@id\":\"https:\\\/\\\/www.uartes.edu.ec\\\/sitio\\\/en\\\/#\\\/schema\\\/logo\\\/image\\\/\",\"url\":\"https:\\\/\\\/www.uartes.edu.ec\\\/sitio\\\/wp-content\\\/uploads\\\/2022\\\/07\\\/logo-ua-horizontal.png\",\"contentUrl\":\"https:\\\/\\\/www.uartes.edu.ec\\\/sitio\\\/wp-content\\\/uploads\\\/2022\\\/07\\\/logo-ua-horizontal.png\",\"width\":800,\"height\":276,\"caption\":\"Universidad de las Artes\"},\"image\":{\"@id\":\"https:\\\/\\\/www.uartes.edu.ec\\\/sitio\\\/en\\\/#\\\/schema\\\/logo\\\/image\\\/\"},\"sameAs\":[\"https:\\\/\\\/www.facebook.com\\\/uartesec\",\"https:\\\/\\\/x.com\\\/uartesec\",\"https:\\\/\\\/www.tiktok.com\\\/@uartesec\"]},{\"@type\":\"Person\",\"@id\":\"https:\\\/\\\/www.uartes.edu.ec\\\/sitio\\\/en\\\/#\\\/schema\\\/person\\\/f33f8c1d2af0d5c80a38c8abf458184a\",\"name\":\"Universidad de las Artes\",\"image\":{\"@type\":\"ImageObject\",\"inLanguage\":\"en-US\",\"@id\":\"https:\\\/\\\/secure.gravatar.com\\\/avatar\\\/52e4757902f5cfa5ac52d020e5be83cae5487519154b6c35482fe08d589f3c13?s=96&d=mm&r=g\",\"url\":\"https:\\\/\\\/secure.gravatar.com\\\/avatar\\\/52e4757902f5cfa5ac52d020e5be83cae5487519154b6c35482fe08d589f3c13?s=96&d=mm&r=g\",\"contentUrl\":\"https:\\\/\\\/secure.gravatar.com\\\/avatar\\\/52e4757902f5cfa5ac52d020e5be83cae5487519154b6c35482fe08d589f3c13?s=96&d=mm&r=g\",\"caption\":\"Universidad de las Artes\"},\"url\":\"https:\\\/\\\/www.uartes.edu.ec\\\/sitio\\\/en\\\/blog\\\/author\\\/dircomadm\\\/\"}]}<\/script>\n<!-- \/ Yoast SEO plugin. -->","yoast_head_json":{"title":"Universidad de las Artes - El trabajo en redes por la educaci\u00f3n p\u00fablica en artes impulsa programa de Formaci\u00f3n Continua con el MINEDUC","description":"Universidad de las Artes - El trabajo en redes por la educaci\u00f3n p\u00fablica en artes impulsa programa de Formaci\u00f3n Continua con el MINEDUC","robots":{"index":"index","follow":"follow","max-snippet":"max-snippet:-1","max-image-preview":"max-image-preview:large","max-video-preview":"max-video-preview:-1"},"canonical":"https:\/\/www.uartes.edu.ec\/sitio\/en\/blog\/2020\/06\/18\/programa-de-educacion-continua-impulsa-trabajo-en-red-por-la-educacion-publica-en-artes-con-el-mineduc\/","og_locale":"en_US","og_type":"article","og_title":"Universidad de las Artes - El trabajo en redes por la educaci\u00f3n p\u00fablica en artes impulsa programa de Formaci\u00f3n Continua con el MINEDUC","og_description":"Universidad de las Artes - El trabajo en redes por la educaci\u00f3n p\u00fablica en artes impulsa programa de Formaci\u00f3n Continua con el MINEDUC","og_url":"https:\/\/www.uartes.edu.ec\/sitio\/en\/blog\/2020\/06\/18\/programa-de-educacion-continua-impulsa-trabajo-en-red-por-la-educacion-publica-en-artes-con-el-mineduc\/","og_site_name":"Universidad de las Artes","article_publisher":"https:\/\/www.facebook.com\/uartesec","article_published_time":"2020-06-18T20:11:30+00:00","article_modified_time":"2024-07-04T16:43:00+00:00","og_image":[{"width":1280,"height":853,"url":"https:\/\/www.uartes.edu.ec\/sitio\/wp-content\/uploads\/2020\/06\/programa1.jpg","type":"image\/jpeg"}],"author":"Universidad de las Artes","twitter_card":"summary_large_image","twitter_creator":"@uartesec","twitter_site":"@uartesec","twitter_misc":{"Written by":"Universidad de las Artes","Est. reading time":"7 minutes"},"schema":{"@context":"https:\/\/schema.org","@graph":[{"@type":"Article","@id":"https:\/\/www.uartes.edu.ec\/sitio\/en\/blog\/2020\/06\/18\/programa-de-educacion-continua-impulsa-trabajo-en-red-por-la-educacion-publica-en-artes-con-el-mineduc\/#article","isPartOf":{"@id":"https:\/\/www.uartes.edu.ec\/sitio\/en\/blog\/2020\/06\/18\/programa-de-educacion-continua-impulsa-trabajo-en-red-por-la-educacion-publica-en-artes-con-el-mineduc\/"},"author":{"name":"Universidad de las Artes","@id":"https:\/\/www.uartes.edu.ec\/sitio\/en\/#\/schema\/person\/f33f8c1d2af0d5c80a38c8abf458184a"},"headline":"El trabajo en redes por la educaci\u00f3n p\u00fablica en artes impulsa programa de Formaci\u00f3n Continua con el MINEDUC","datePublished":"2020-06-18T20:11:30+00:00","dateModified":"2024-07-04T16:43:00+00:00","mainEntityOfPage":{"@id":"https:\/\/www.uartes.edu.ec\/sitio\/en\/blog\/2020\/06\/18\/programa-de-educacion-continua-impulsa-trabajo-en-red-por-la-educacion-publica-en-artes-con-el-mineduc\/"},"wordCount":1452,"publisher":{"@id":"https:\/\/www.uartes.edu.ec\/sitio\/en\/#organization"},"image":{"@id":"https:\/\/www.uartes.edu.ec\/sitio\/en\/blog\/2020\/06\/18\/programa-de-educacion-continua-impulsa-trabajo-en-red-por-la-educacion-publica-en-artes-con-el-mineduc\/#primaryimage"},"thumbnailUrl":"https:\/\/www.uartes.edu.ec\/sitio\/wp-content\/uploads\/2020\/06\/programa1.jpg","keywords":["covid19","mineduc"],"articleSection":["Acad\u00e9mico","Gesti\u00f3n","V\u00ednculo"],"inLanguage":"en-US"},{"@type":["WebPage","ItemPage"],"@id":"https:\/\/www.uartes.edu.ec\/sitio\/en\/blog\/2020\/06\/18\/programa-de-educacion-continua-impulsa-trabajo-en-red-por-la-educacion-publica-en-artes-con-el-mineduc\/","url":"https:\/\/www.uartes.edu.ec\/sitio\/en\/blog\/2020\/06\/18\/programa-de-educacion-continua-impulsa-trabajo-en-red-por-la-educacion-publica-en-artes-con-el-mineduc\/","name":"Universidad de las Artes - El trabajo en redes por la educaci\u00f3n p\u00fablica en artes impulsa programa de Formaci\u00f3n Continua con el MINEDUC","isPartOf":{"@id":"https:\/\/www.uartes.edu.ec\/sitio\/en\/#website"},"primaryImageOfPage":{"@id":"https:\/\/www.uartes.edu.ec\/sitio\/en\/blog\/2020\/06\/18\/programa-de-educacion-continua-impulsa-trabajo-en-red-por-la-educacion-publica-en-artes-con-el-mineduc\/#primaryimage"},"image":{"@id":"https:\/\/www.uartes.edu.ec\/sitio\/en\/blog\/2020\/06\/18\/programa-de-educacion-continua-impulsa-trabajo-en-red-por-la-educacion-publica-en-artes-con-el-mineduc\/#primaryimage"},"thumbnailUrl":"https:\/\/www.uartes.edu.ec\/sitio\/wp-content\/uploads\/2020\/06\/programa1.jpg","datePublished":"2020-06-18T20:11:30+00:00","dateModified":"2024-07-04T16:43:00+00:00","description":"Universidad de las Artes - El trabajo en redes por la educaci\u00f3n p\u00fablica en artes impulsa programa de Formaci\u00f3n Continua con el MINEDUC","breadcrumb":{"@id":"https:\/\/www.uartes.edu.ec\/sitio\/en\/blog\/2020\/06\/18\/programa-de-educacion-continua-impulsa-trabajo-en-red-por-la-educacion-publica-en-artes-con-el-mineduc\/#breadcrumb"},"inLanguage":"en-US","potentialAction":[{"@type":"ReadAction","target":["https:\/\/www.uartes.edu.ec\/sitio\/en\/blog\/2020\/06\/18\/programa-de-educacion-continua-impulsa-trabajo-en-red-por-la-educacion-publica-en-artes-con-el-mineduc\/"]}]},{"@type":"ImageObject","inLanguage":"en-US","@id":"https:\/\/www.uartes.edu.ec\/sitio\/en\/blog\/2020\/06\/18\/programa-de-educacion-continua-impulsa-trabajo-en-red-por-la-educacion-publica-en-artes-con-el-mineduc\/#primaryimage","url":"https:\/\/www.uartes.edu.ec\/sitio\/wp-content\/uploads\/2020\/06\/programa1.jpg","contentUrl":"https:\/\/www.uartes.edu.ec\/sitio\/wp-content\/uploads\/2020\/06\/programa1.jpg","width":1280,"height":853},{"@type":"BreadcrumbList","@id":"https:\/\/www.uartes.edu.ec\/sitio\/en\/blog\/2020\/06\/18\/programa-de-educacion-continua-impulsa-trabajo-en-red-por-la-educacion-publica-en-artes-con-el-mineduc\/#breadcrumb","itemListElement":[{"@type":"ListItem","position":1,"name":"Inicio","item":"https:\/\/www.uartes.edu.ec\/sitio\/"},{"@type":"ListItem","position":2,"name":"El trabajo en redes por la educaci\u00f3n p\u00fablica en artes impulsa programa de Formaci\u00f3n Continua con el MINEDUC"}]},{"@type":"WebSite","@id":"https:\/\/www.uartes.edu.ec\/sitio\/en\/#website","url":"https:\/\/www.uartes.edu.ec\/sitio\/en\/","name":"Universidad de las Artes","description":"Sitio oficial de la Universidad Nacional de las Artes del Ecuador","publisher":{"@id":"https:\/\/www.uartes.edu.ec\/sitio\/en\/#organization"},"potentialAction":[{"@type":"SearchAction","target":{"@type":"EntryPoint","urlTemplate":"https:\/\/www.uartes.edu.ec\/sitio\/en\/?s={search_term_string}"},"query-input":{"@type":"PropertyValueSpecification","valueRequired":true,"valueName":"search_term_string"}}],"inLanguage":"en-US"},{"@type":"Organization","@id":"https:\/\/www.uartes.edu.ec\/sitio\/en\/#organization","name":"Universidad de las Artes","url":"https:\/\/www.uartes.edu.ec\/sitio\/en\/","logo":{"@type":"ImageObject","inLanguage":"en-US","@id":"https:\/\/www.uartes.edu.ec\/sitio\/en\/#\/schema\/logo\/image\/","url":"https:\/\/www.uartes.edu.ec\/sitio\/wp-content\/uploads\/2022\/07\/logo-ua-horizontal.png","contentUrl":"https:\/\/www.uartes.edu.ec\/sitio\/wp-content\/uploads\/2022\/07\/logo-ua-horizontal.png","width":800,"height":276,"caption":"Universidad de las Artes"},"image":{"@id":"https:\/\/www.uartes.edu.ec\/sitio\/en\/#\/schema\/logo\/image\/"},"sameAs":["https:\/\/www.facebook.com\/uartesec","https:\/\/x.com\/uartesec","https:\/\/www.tiktok.com\/@uartesec"]},{"@type":"Person","@id":"https:\/\/www.uartes.edu.ec\/sitio\/en\/#\/schema\/person\/f33f8c1d2af0d5c80a38c8abf458184a","name":"Universidad de las Artes","image":{"@type":"ImageObject","inLanguage":"en-US","@id":"https:\/\/secure.gravatar.com\/avatar\/52e4757902f5cfa5ac52d020e5be83cae5487519154b6c35482fe08d589f3c13?s=96&d=mm&r=g","url":"https:\/\/secure.gravatar.com\/avatar\/52e4757902f5cfa5ac52d020e5be83cae5487519154b6c35482fe08d589f3c13?s=96&d=mm&r=g","contentUrl":"https:\/\/secure.gravatar.com\/avatar\/52e4757902f5cfa5ac52d020e5be83cae5487519154b6c35482fe08d589f3c13?s=96&d=mm&r=g","caption":"Universidad de las Artes"},"url":"https:\/\/www.uartes.edu.ec\/sitio\/en\/blog\/author\/dircomadm\/"}]}},"uagb_featured_image_src":{"full":["https:\/\/www.uartes.edu.ec\/sitio\/wp-content\/uploads\/2020\/06\/programa1.jpg",1280,853,false],"thumbnail":["https:\/\/www.uartes.edu.ec\/sitio\/wp-content\/uploads\/2020\/06\/programa1-150x150.jpg",150,150,true],"medium":["https:\/\/www.uartes.edu.ec\/sitio\/wp-content\/uploads\/2020\/06\/programa1-300x200.jpg",300,200,true],"medium_large":["https:\/\/www.uartes.edu.ec\/sitio\/wp-content\/uploads\/2020\/06\/programa1-768x512.jpg",768,512,true],"large":["https:\/\/www.uartes.edu.ec\/sitio\/wp-content\/uploads\/2020\/06\/programa1-644x429.jpg",644,429,true],"1536x1536":["https:\/\/www.uartes.edu.ec\/sitio\/wp-content\/uploads\/2020\/06\/programa1.jpg",1280,853,false],"2048x2048":["https:\/\/www.uartes.edu.ec\/sitio\/wp-content\/uploads\/2020\/06\/programa1.jpg",1280,853,false],"trp-custom-language-flag":["https:\/\/www.uartes.edu.ec\/sitio\/wp-content\/uploads\/2020\/06\/programa1.jpg",18,12,false],"htmega_size_585x295":["https:\/\/www.uartes.edu.ec\/sitio\/wp-content\/uploads\/2020\/06\/programa1.jpg",443,295,false],"htmega_size_1170x536":["https:\/\/www.uartes.edu.ec\/sitio\/wp-content\/uploads\/2020\/06\/programa1.jpg",804,536,false],"htmega_size_396x360":["https:\/\/www.uartes.edu.ec\/sitio\/wp-content\/uploads\/2020\/06\/programa1.jpg",396,264,false],"gb-block-post-grid-landscape":["https:\/\/www.uartes.edu.ec\/sitio\/wp-content\/uploads\/2020\/06\/programa1.jpg",600,400,false],"gb-block-post-grid-square":["https:\/\/www.uartes.edu.ec\/sitio\/wp-content\/uploads\/2020\/06\/programa1.jpg",600,400,false],"university-hub-thumb":["https:\/\/www.uartes.edu.ec\/sitio\/wp-content\/uploads\/2020\/06\/programa1-400x267.jpg",400,267,true]},"uagb_author_info":{"display_name":"Universidad de las Artes","author_link":"https:\/\/www.uartes.edu.ec\/sitio\/en\/blog\/author\/dircomadm\/"},"uagb_comment_info":0,"uagb_excerpt":"La Universidad de las Artes present\u00f3, este martes 16 de junio de 2020, el Programa para el Fortalecimiento de Capacidades con Docentes de Colegios P\u00fablicos de Arte, el cual, a cargo de la Secretar\u00eda de Vinculaci\u00f3n con la Sociedad y la Direcci\u00f3n de Formaci\u00f3n Continua, se desarrolla en el marco de un convenio entre nuestra&hellip;","featured_image_src":"https:\/\/www.uartes.edu.ec\/sitio\/wp-content\/uploads\/2020\/06\/programa1.jpg","featured_image_src_square":"https:\/\/www.uartes.edu.ec\/sitio\/wp-content\/uploads\/2020\/06\/programa1.jpg","author_info":{"display_name":"Universidad de las Artes","author_link":"https:\/\/www.uartes.edu.ec\/sitio\/en\/blog\/author\/dircomadm\/"},"publishpress_future_workflow_manual_trigger":{"enabledWorkflows":[]},"distributor_meta":false,"distributor_terms":false,"distributor_media":false,"distributor_original_site_name":"Universidad de las Artes","distributor_original_site_url":"https:\/\/www.uartes.edu.ec\/sitio\/en","push-errors":false,"_links":{"self":[{"href":"https:\/\/www.uartes.edu.ec\/sitio\/en\/wp-json\/wp\/v2\/posts\/7276","targetHints":{"allow":["GET"]}}],"collection":[{"href":"https:\/\/www.uartes.edu.ec\/sitio\/en\/wp-json\/wp\/v2\/posts"}],"about":[{"href":"https:\/\/www.uartes.edu.ec\/sitio\/en\/wp-json\/wp\/v2\/types\/post"}],"author":[{"embeddable":true,"href":"https:\/\/www.uartes.edu.ec\/sitio\/en\/wp-json\/wp\/v2\/users\/1"}],"replies":[{"embeddable":true,"href":"https:\/\/www.uartes.edu.ec\/sitio\/en\/wp-json\/wp\/v2\/comments?post=7276"}],"version-history":[{"count":9,"href":"https:\/\/www.uartes.edu.ec\/sitio\/en\/wp-json\/wp\/v2\/posts\/7276\/revisions"}],"predecessor-version":[{"id":41940,"href":"https:\/\/www.uartes.edu.ec\/sitio\/en\/wp-json\/wp\/v2\/posts\/7276\/revisions\/41940"}],"wp:featuredmedia":[{"embeddable":true,"href":"https:\/\/www.uartes.edu.ec\/sitio\/en\/wp-json\/wp\/v2\/media\/7278"}],"wp:attachment":[{"href":"https:\/\/www.uartes.edu.ec\/sitio\/en\/wp-json\/wp\/v2\/media?parent=7276"}],"wp:term":[{"taxonomy":"category","embeddable":true,"href":"https:\/\/www.uartes.edu.ec\/sitio\/en\/wp-json\/wp\/v2\/categories?post=7276"},{"taxonomy":"post_tag","embeddable":true,"href":"https:\/\/www.uartes.edu.ec\/sitio\/en\/wp-json\/wp\/v2\/tags?post=7276"},{"taxonomy":"infouartes","embeddable":true,"href":"https:\/\/www.uartes.edu.ec\/sitio\/en\/wp-json\/wp\/v2\/infouartes?post=7276"}],"curies":[{"name":"wp","href":"https:\/\/api.w.org\/{rel}","templated":true}]}}