{"id":72851,"date":"2025-06-02T17:54:04","date_gmt":"2025-06-02T22:54:04","guid":{"rendered":"https:\/\/www.uartes.edu.ec\/sitio\/?p=72851"},"modified":"2025-08-10T10:39:21","modified_gmt":"2025-08-10T15:39:21","slug":"uartes-y-ug-firman-dos-convenios-especificos-uno-para-proyecto-de-vcs-de-la-facultad-de-ciencias-economicas-y-otro-de-ppp","status":"publish","type":"post","link":"https:\/\/www.uartes.edu.ec\/sitio\/en\/blog\/2025\/06\/02\/uartes-y-ug-firman-dos-convenios-especificos-uno-para-proyecto-de-vcs-de-la-facultad-de-ciencias-economicas-y-otro-de-ppp\/","title":{"rendered":"UArtes y UG firman convenios espec\u00edficos: uno para proyecto de VCS de la Facultad de Ciencias Econ\u00f3micas y otro para PPP"},"content":{"rendered":"<p>La Universidad de las Artes (UArtes) y la Universidad de Guayaquil (UG) firmaron dos convenios espec\u00edficos. El primero para la ejecuci\u00f3n de un proyecto de vinculaci\u00f3n con la sociedad (VCS) de la Facultad de Ciencias Econ\u00f3micas de la UG a favor de nuestra comunidad universitaria. Y el segundo, para que ambas instituciones intercambien estudiantes en el \u00e1mbito de las Pr\u00e1cticas PreProfesionales (PPP).<\/p>\n\n\n\n<p>La suscripci\u00f3n del convenio se realiz\u00f3 el jueves 29 de mayo, en la Biblioteca de las Artes. Por la UArtes y la UG firmaron sus rectores, doctores William Herrera y Francisco Mor\u00e1n Pe\u00f1a, respectivamente. Al igual que nuestros vicerrectores, Dres. Olga L\u00f3pez y Bradley Hilgert, asistieron tambi\u00e9n otras autoridades de la UG, como los Dres. Juan Fern\u00e1ndez y Patricio Barber\u00e1n, quienes \u2013en ese orden\u2013 son decano de vinculaci\u00f3n con la comunidad y de Bienestar Estudiantil, y coordinador del decanato de vinculaci\u00f3n con la comunidad; y el decano de la Facultad de Ciencias Econ\u00f3micas, Econ. Hermes Ren\u00e9 Aguilar Azuero. &nbsp;<\/p>\n\n\n\n<p>En la presentaci\u00f3n del acto, Ronny Ramos, de la Direcci\u00f3n de Vinculaci\u00f3n con la Sociedad UArtes, se\u00f1al\u00f3 los objetivos de ambos convenios espec\u00edficos: (\u2026) establecer los compromisos de ambas partes para la ejecuci\u00f3n del proyecto de vinculaci\u00f3n con la sociedad de la Facultad de Ciencias Econ\u00f3micas de la UG \u201cFortalecimiento de formaci\u00f3n en competencias financieras, administrativas, tributarias e innovaci\u00f3n para la comunidad universitaria de la UArtes\u201d.<\/p>\n\n\n<div class=\"wp-block-image\">\n<figure class=\"aligncenter size-large\"><img fetchpriority=\"high\" decoding=\"async\" width=\"644\" height=\"429\" src=\"https:\/\/www.uartes.edu.ec\/sitio\/wp-content\/uploads\/2025\/06\/10-UARTES-U-GUAYAQUIL-644x429.jpg\" alt=\"\" class=\"wp-image-72853\" srcset=\"https:\/\/www.uartes.edu.ec\/sitio\/wp-content\/uploads\/2025\/06\/10-UARTES-U-GUAYAQUIL-644x429.jpg 644w, https:\/\/www.uartes.edu.ec\/sitio\/wp-content\/uploads\/2025\/06\/10-UARTES-U-GUAYAQUIL-300x200.jpg 300w, https:\/\/www.uartes.edu.ec\/sitio\/wp-content\/uploads\/2025\/06\/10-UARTES-U-GUAYAQUIL-768x512.jpg 768w, https:\/\/www.uartes.edu.ec\/sitio\/wp-content\/uploads\/2025\/06\/10-UARTES-U-GUAYAQUIL-1536x1024.jpg 1536w, https:\/\/www.uartes.edu.ec\/sitio\/wp-content\/uploads\/2025\/06\/10-UARTES-U-GUAYAQUIL-18x12.jpg 18w, https:\/\/www.uartes.edu.ec\/sitio\/wp-content\/uploads\/2025\/06\/10-UARTES-U-GUAYAQUIL-600x400.jpg 600w, https:\/\/www.uartes.edu.ec\/sitio\/wp-content\/uploads\/2025\/06\/10-UARTES-U-GUAYAQUIL-400x267.jpg 400w, https:\/\/www.uartes.edu.ec\/sitio\/wp-content\/uploads\/2025\/06\/10-UARTES-U-GUAYAQUIL.jpg 2000w\" sizes=\"(max-width: 644px) 100vw, 644px\" \/><\/figure>\n<\/div>\n\n\n<p>Y tambi\u00e9n: (\u2026) establecer bases y criterios sobre los cuales estudiantes de la UG y la UArtes realizar\u00e1n Pr\u00e1cticas PreProfesionales en los proyectos y actividades resultantes de la cooperaci\u00f3n interinstitucional entre ambas IES, as\u00ed como en sus instalaciones, conforme a las disponibilidades t\u00e9cnicas y operativas.<\/p>\n\n\n\n<p>En su intervenci\u00f3n, el rector William Herrera mencion\u00f3 que el lugar donde se suscribir\u00edan los convenios, la Biblioteca de las Artes, ha permitido impulsar la misi\u00f3n y raz\u00f3n de ser de nuestra universidad: promover las artes, la cultura y el ejercicio de los derechos culturales. Con la UG, dijo, ya tenemos un relacionamiento desde el inicio de la gesti\u00f3n de su hom\u00f3logo, quien ha tenido toda la apertura para trabajar con la UArtes e ir abriendo nuevos campos de acci\u00f3n en beneficio de las comunidades universitarias y el Sistema de Educaci\u00f3n Superior.<\/p>\n\n\n\n<p>Destac\u00f3 los relacionamientos entre el estudiantado UArtes y de la UG, \u201cpara que tambi\u00e9n desde nuestra universidad podamos acceder a las propuestas formativas y de contenidos, en funci\u00f3n de su oferta acad\u00e9mica. Para nosotros es muy importante llevar las discusiones del campo art\u00edstico y cultural a otros campos del conocimiento\u201d, precis\u00f3.<\/p>\n\n\n<div class=\"wp-block-image\">\n<figure class=\"aligncenter size-large\"><img decoding=\"async\" width=\"644\" height=\"429\" src=\"https:\/\/www.uartes.edu.ec\/sitio\/wp-content\/uploads\/2025\/06\/02-UARTES-U-GUAYAQUIL-644x429.jpg\" alt=\"\" class=\"wp-image-72854\" srcset=\"https:\/\/www.uartes.edu.ec\/sitio\/wp-content\/uploads\/2025\/06\/02-UARTES-U-GUAYAQUIL-644x429.jpg 644w, https:\/\/www.uartes.edu.ec\/sitio\/wp-content\/uploads\/2025\/06\/02-UARTES-U-GUAYAQUIL-300x200.jpg 300w, https:\/\/www.uartes.edu.ec\/sitio\/wp-content\/uploads\/2025\/06\/02-UARTES-U-GUAYAQUIL-768x512.jpg 768w, https:\/\/www.uartes.edu.ec\/sitio\/wp-content\/uploads\/2025\/06\/02-UARTES-U-GUAYAQUIL-1536x1024.jpg 1536w, https:\/\/www.uartes.edu.ec\/sitio\/wp-content\/uploads\/2025\/06\/02-UARTES-U-GUAYAQUIL-18x12.jpg 18w, https:\/\/www.uartes.edu.ec\/sitio\/wp-content\/uploads\/2025\/06\/02-UARTES-U-GUAYAQUIL-600x400.jpg 600w, https:\/\/www.uartes.edu.ec\/sitio\/wp-content\/uploads\/2025\/06\/02-UARTES-U-GUAYAQUIL-400x267.jpg 400w, https:\/\/www.uartes.edu.ec\/sitio\/wp-content\/uploads\/2025\/06\/02-UARTES-U-GUAYAQUIL.jpg 2000w\" sizes=\"(max-width: 644px) 100vw, 644px\" \/><\/figure>\n<\/div>\n\n<div class=\"wp-block-image\">\n<figure class=\"aligncenter size-large is-resized\"><img decoding=\"async\" width=\"644\" height=\"429\" src=\"https:\/\/www.uartes.edu.ec\/sitio\/wp-content\/uploads\/2025\/06\/04-UARTES-U-GUAYAQUIL-644x429.jpg\" alt=\"\" class=\"wp-image-72858\" style=\"aspect-ratio:1.5012149764443343;width:482px;height:auto\" srcset=\"https:\/\/www.uartes.edu.ec\/sitio\/wp-content\/uploads\/2025\/06\/04-UARTES-U-GUAYAQUIL-644x429.jpg 644w, https:\/\/www.uartes.edu.ec\/sitio\/wp-content\/uploads\/2025\/06\/04-UARTES-U-GUAYAQUIL-300x200.jpg 300w, https:\/\/www.uartes.edu.ec\/sitio\/wp-content\/uploads\/2025\/06\/04-UARTES-U-GUAYAQUIL-768x512.jpg 768w, https:\/\/www.uartes.edu.ec\/sitio\/wp-content\/uploads\/2025\/06\/04-UARTES-U-GUAYAQUIL-1536x1024.jpg 1536w, https:\/\/www.uartes.edu.ec\/sitio\/wp-content\/uploads\/2025\/06\/04-UARTES-U-GUAYAQUIL-18x12.jpg 18w, https:\/\/www.uartes.edu.ec\/sitio\/wp-content\/uploads\/2025\/06\/04-UARTES-U-GUAYAQUIL-600x400.jpg 600w, https:\/\/www.uartes.edu.ec\/sitio\/wp-content\/uploads\/2025\/06\/04-UARTES-U-GUAYAQUIL-400x267.jpg 400w, https:\/\/www.uartes.edu.ec\/sitio\/wp-content\/uploads\/2025\/06\/04-UARTES-U-GUAYAQUIL.jpg 2000w\" sizes=\"(max-width: 644px) 100vw, 644px\" \/><\/figure>\n<\/div>\n\n\n<p>Menci\u00f3n especial hizo el rector UArtes a los relacionamientos que se busca consolidar con los equipos de la Facultad de Ciencias Econ\u00f3micas de la UG. Destac\u00f3 en la firma del convenio la presencia de Pablo Cardoso, director del Instituto Latinoamericano de Investigaci\u00f3n en Artes (ILIA) y del Observatorio de Pol\u00edticas y Econom\u00eda de la Cultura, revelando la invitaci\u00f3n para que la Universidad de las Artes acoja en el 2026 el Seminario Iberoamericano de Econom\u00eda de la Cultura (SIEC), en torno al arte y las econom\u00edas creativas.<\/p>\n\n\n\n<p>\u201cQueremos que ese espacio o esa oportunidad sea una iniciativa que nos permita articular un trabajo muy fuerte con las facultades de econom\u00eda de las universidades del pa\u00eds. (\u2026) Para que las artes puedan desarrollarse con el tiempo necesitamos involucrar a profesionales de otros campos: el derecho, la administraci\u00f3n, la econom\u00eda. Eso permitir\u00e1 que las artes tomen cada vez m\u00e1s fuerza, como un verdadero sector de desarrollo econ\u00f3mico para el pa\u00eds. Estamos convencidos de que las artes son un motor para el desarrollo y la transformaci\u00f3n social\u201d.<\/p>\n\n\n\n<p>Asimismo, el doctor Herrera mencion\u00f3 la presencia de Andr\u00e9s Sotomayor, del equipo de la Escuela de Posgrados, cuya alma mater es tambi\u00e9n la UG \u201cy ha estado atento para que se d\u00e9 este acercamiento\u201d, anot\u00f3 y le agradeci\u00f3 por crear puentes entre las dos universidades. Hizo, igualmente, menci\u00f3n a los equipos que ser\u00e1n parte de la administraci\u00f3n de los convenios; uno de ellos, nuestra Secretar\u00eda de Bienestar Universitario (SBU).<\/p>\n\n\n<div class=\"wp-block-image\">\n<figure class=\"aligncenter size-large\"><img loading=\"lazy\" decoding=\"async\" width=\"644\" height=\"429\" src=\"https:\/\/www.uartes.edu.ec\/sitio\/wp-content\/uploads\/2025\/06\/06-UARTES-U-GUAYAQUIL-644x429.jpg\" alt=\"\" class=\"wp-image-72855\" srcset=\"https:\/\/www.uartes.edu.ec\/sitio\/wp-content\/uploads\/2025\/06\/06-UARTES-U-GUAYAQUIL-644x429.jpg 644w, https:\/\/www.uartes.edu.ec\/sitio\/wp-content\/uploads\/2025\/06\/06-UARTES-U-GUAYAQUIL-300x200.jpg 300w, https:\/\/www.uartes.edu.ec\/sitio\/wp-content\/uploads\/2025\/06\/06-UARTES-U-GUAYAQUIL-768x512.jpg 768w, https:\/\/www.uartes.edu.ec\/sitio\/wp-content\/uploads\/2025\/06\/06-UARTES-U-GUAYAQUIL-1536x1024.jpg 1536w, https:\/\/www.uartes.edu.ec\/sitio\/wp-content\/uploads\/2025\/06\/06-UARTES-U-GUAYAQUIL-18x12.jpg 18w, https:\/\/www.uartes.edu.ec\/sitio\/wp-content\/uploads\/2025\/06\/06-UARTES-U-GUAYAQUIL-600x400.jpg 600w, https:\/\/www.uartes.edu.ec\/sitio\/wp-content\/uploads\/2025\/06\/06-UARTES-U-GUAYAQUIL-400x267.jpg 400w, https:\/\/www.uartes.edu.ec\/sitio\/wp-content\/uploads\/2025\/06\/06-UARTES-U-GUAYAQUIL.jpg 2000w\" sizes=\"(max-width: 644px) 100vw, 644px\" \/><\/figure>\n<\/div>\n\n\n<p>Seguidamente intervino el decano de la Facultad de Ciencias Econ\u00f3micas de la Universidad de Guayaquil, Econ. Hermes Aguilar Azuero, quien record\u00f3 que una de las funciones sustantivas de la educaci\u00f3n superior es la vinculaci\u00f3n con la comunidad \u2013junto con la docencia y la investigaci\u00f3n\u2013, y que la UG tiene centenas de convenios firmados en ese \u00e1mbito, \u201cpero este es muy particular, porque lo hacemos, creo por primera vez, como una IES, lo cual da la oportunidad de abrir otros espacios y vincularnos en otras \u00e1reas\u201d.<\/p>\n\n\n\n<p>Los dos convenios espec\u00edficos se amparan en uno marco firmado por ambas instituciones en 2021. Es un ganar y ganar, expres\u00f3 Aguilar, pues los estudiantes de la UG podr\u00e1n impartir sus conocimientos en los \u00e1mbitos financieros, administrativos, tributarios y contables a los alumnos y personal administrativo de la UArtes.<\/p>\n\n\n\n<p>El doctor Francisco Mor\u00e1n Pe\u00f1a resalt\u00f3 la coincidencia de la fecha en que se firmaban los convenios, pues cada 29 de mayo se conmemora el D\u00eda del Estudiante Ecuatoriano, hito hist\u00f3rico en la lucha estudiantil por tener m\u00e1s posibilidades de acceso a la universidad p\u00fablica. \u201cLa recordamos en la ma\u00f1ana. Tuvimos el honor de tener a la Orquesta Sinf\u00f3nica de Guayaquil y recibimos a algunos estudiantes que sobrevivieron a los hechos \u2013ya est\u00e1n mayores, obviamente\u2013 y recordaron lo que ocurri\u00f3 para que muchos de los aqu\u00ed presentes puedan estudiar de manera gratuita en este pa\u00eds\u201d, expres\u00f3.<\/p>\n\n\n<div class=\"wp-block-image\">\n<figure class=\"aligncenter size-large\"><img loading=\"lazy\" decoding=\"async\" width=\"644\" height=\"429\" src=\"https:\/\/www.uartes.edu.ec\/sitio\/wp-content\/uploads\/2025\/06\/09-UARTES-U-GUAYAQUIL-644x429.jpg\" alt=\"\" class=\"wp-image-72856\" srcset=\"https:\/\/www.uartes.edu.ec\/sitio\/wp-content\/uploads\/2025\/06\/09-UARTES-U-GUAYAQUIL-644x429.jpg 644w, https:\/\/www.uartes.edu.ec\/sitio\/wp-content\/uploads\/2025\/06\/09-UARTES-U-GUAYAQUIL-300x200.jpg 300w, https:\/\/www.uartes.edu.ec\/sitio\/wp-content\/uploads\/2025\/06\/09-UARTES-U-GUAYAQUIL-768x512.jpg 768w, https:\/\/www.uartes.edu.ec\/sitio\/wp-content\/uploads\/2025\/06\/09-UARTES-U-GUAYAQUIL-1536x1024.jpg 1536w, https:\/\/www.uartes.edu.ec\/sitio\/wp-content\/uploads\/2025\/06\/09-UARTES-U-GUAYAQUIL-18x12.jpg 18w, https:\/\/www.uartes.edu.ec\/sitio\/wp-content\/uploads\/2025\/06\/09-UARTES-U-GUAYAQUIL-600x400.jpg 600w, https:\/\/www.uartes.edu.ec\/sitio\/wp-content\/uploads\/2025\/06\/09-UARTES-U-GUAYAQUIL-400x267.jpg 400w, https:\/\/www.uartes.edu.ec\/sitio\/wp-content\/uploads\/2025\/06\/09-UARTES-U-GUAYAQUIL.jpg 2000w\" sizes=\"(max-width: 644px) 100vw, 644px\" \/><\/figure>\n<\/div>\n\n<div class=\"wp-block-image\">\n<figure class=\"aligncenter size-large is-resized\"><img loading=\"lazy\" decoding=\"async\" width=\"644\" height=\"429\" src=\"https:\/\/www.uartes.edu.ec\/sitio\/wp-content\/uploads\/2025\/06\/13-UARTES-U-GUAYAQUIL-644x429.jpg\" alt=\"\" class=\"wp-image-72859\" style=\"width:479px;height:auto\" srcset=\"https:\/\/www.uartes.edu.ec\/sitio\/wp-content\/uploads\/2025\/06\/13-UARTES-U-GUAYAQUIL-644x429.jpg 644w, https:\/\/www.uartes.edu.ec\/sitio\/wp-content\/uploads\/2025\/06\/13-UARTES-U-GUAYAQUIL-300x200.jpg 300w, https:\/\/www.uartes.edu.ec\/sitio\/wp-content\/uploads\/2025\/06\/13-UARTES-U-GUAYAQUIL-768x512.jpg 768w, https:\/\/www.uartes.edu.ec\/sitio\/wp-content\/uploads\/2025\/06\/13-UARTES-U-GUAYAQUIL-1536x1024.jpg 1536w, https:\/\/www.uartes.edu.ec\/sitio\/wp-content\/uploads\/2025\/06\/13-UARTES-U-GUAYAQUIL-18x12.jpg 18w, https:\/\/www.uartes.edu.ec\/sitio\/wp-content\/uploads\/2025\/06\/13-UARTES-U-GUAYAQUIL-600x400.jpg 600w, https:\/\/www.uartes.edu.ec\/sitio\/wp-content\/uploads\/2025\/06\/13-UARTES-U-GUAYAQUIL-400x267.jpg 400w, https:\/\/www.uartes.edu.ec\/sitio\/wp-content\/uploads\/2025\/06\/13-UARTES-U-GUAYAQUIL.jpg 2000w\" sizes=\"(max-width: 644px) 100vw, 644px\" \/><\/figure>\n<\/div>\n\n\n<p>(Registros hist\u00f3ricos se\u00f1alan que el 29 de mayo de 1969 cerca de 200 j\u00f3venes bachilleres y universitarios se reunieron en la Casona Universitaria para reclamar la abolici\u00f3n del examen de ingreso a la Universidad de Guayaquil, el cual era calificado como discriminatorio, elitista y selectivo. Por la noche, la Polic\u00eda y el cuerpo de Paracaidistas del Ej\u00e9rcito ingresaron violentamente, dejando muertos y heridos; sucedi\u00f3 en el gobierno de Velasco Ibarra).<\/p>\n\n\n\n<p>A\u00f1adi\u00f3 el rector de la UG que a la fecha hay que recordarla porque la educaci\u00f3n gratuita y de calidad se la ha ganado de diferentes formas. \u201c(\u2026) Hay que recordarla para valorar lo que tenemos. El Estado invierte en cada uno de nosotros, invierte en todos estos espacios y en buenos profesores, administrativos y personal de servicio. Los estudiantes no est\u00e1n gratis, es una responsabilidad la que el Estado les est\u00e1 dando para que no sean solo buenos profesionales, sino grandes personas que sirvan al bien com\u00fan\u201d.<\/p>\n\n\n\n<p>Es en el trabajo en territorio y en vinculaci\u00f3n con la sociedad que los estudiantes comienzan a entender para qu\u00e9 est\u00e1n en la universidad, van entendiendo lo que est\u00e1n haciendo en un aula, un laboratorio, una biblioteca. Capacit\u00e1ndose y form\u00e1ndose para dar un servicio a la sociedad, dijo y retomando la fecha conmemorativa record\u00f3 que gracias a las conquistas estudiantiles el acceso ahora est\u00e1 redistribuido y es masivo, incluso. En los a\u00f1os setenta, era muy selectivo. En la Universidad de Guayaquil no hab\u00eda ni 3.000 estudiantes, ahora hay 60.000; generalmente entraban personas con altos recursos econ\u00f3micos. \u201c(\u2026) Te agradezco William que nos acojas en este d\u00eda para poder firmar estos convenios\u201d, concluy\u00f3.<\/p>\n\n\n\n<p>Tras las firmas de los dos convenios espec\u00edficos, el rector William Herrera invit\u00f3 al rector Mor\u00e1n Pe\u00f1a y su comitiva a recorrer las instalaciones de la Biblioteca de las Artes.<\/p>\n\n\n\n<figure class=\"wp-block-gallery has-nested-images columns-default is-cropped wp-block-gallery-1 is-layout-flex wp-block-gallery-is-layout-flex\">\n<figure class=\"wp-block-image size-large\"><img loading=\"lazy\" decoding=\"async\" width=\"644\" height=\"429\" data-id=\"72861\" src=\"https:\/\/www.uartes.edu.ec\/sitio\/wp-content\/uploads\/2025\/06\/18-UARTES-U-GUAYAQUIL-644x429.jpg\" alt=\"\" class=\"wp-image-72861\" srcset=\"https:\/\/www.uartes.edu.ec\/sitio\/wp-content\/uploads\/2025\/06\/18-UARTES-U-GUAYAQUIL-644x429.jpg 644w, https:\/\/www.uartes.edu.ec\/sitio\/wp-content\/uploads\/2025\/06\/18-UARTES-U-GUAYAQUIL-300x200.jpg 300w, https:\/\/www.uartes.edu.ec\/sitio\/wp-content\/uploads\/2025\/06\/18-UARTES-U-GUAYAQUIL-768x512.jpg 768w, https:\/\/www.uartes.edu.ec\/sitio\/wp-content\/uploads\/2025\/06\/18-UARTES-U-GUAYAQUIL-1536x1024.jpg 1536w, https:\/\/www.uartes.edu.ec\/sitio\/wp-content\/uploads\/2025\/06\/18-UARTES-U-GUAYAQUIL-18x12.jpg 18w, https:\/\/www.uartes.edu.ec\/sitio\/wp-content\/uploads\/2025\/06\/18-UARTES-U-GUAYAQUIL-600x400.jpg 600w, https:\/\/www.uartes.edu.ec\/sitio\/wp-content\/uploads\/2025\/06\/18-UARTES-U-GUAYAQUIL-400x267.jpg 400w, https:\/\/www.uartes.edu.ec\/sitio\/wp-content\/uploads\/2025\/06\/18-UARTES-U-GUAYAQUIL.jpg 2000w\" sizes=\"(max-width: 644px) 100vw, 644px\" \/><\/figure>\n\n\n\n<figure class=\"wp-block-image size-large\"><img loading=\"lazy\" decoding=\"async\" width=\"644\" height=\"429\" data-id=\"72860\" src=\"https:\/\/www.uartes.edu.ec\/sitio\/wp-content\/uploads\/2025\/06\/17-UARTES-U-GUAYAQUIL-644x429.jpg\" alt=\"\" class=\"wp-image-72860\" srcset=\"https:\/\/www.uartes.edu.ec\/sitio\/wp-content\/uploads\/2025\/06\/17-UARTES-U-GUAYAQUIL-644x429.jpg 644w, https:\/\/www.uartes.edu.ec\/sitio\/wp-content\/uploads\/2025\/06\/17-UARTES-U-GUAYAQUIL-300x200.jpg 300w, https:\/\/www.uartes.edu.ec\/sitio\/wp-content\/uploads\/2025\/06\/17-UARTES-U-GUAYAQUIL-768x512.jpg 768w, https:\/\/www.uartes.edu.ec\/sitio\/wp-content\/uploads\/2025\/06\/17-UARTES-U-GUAYAQUIL-1536x1024.jpg 1536w, https:\/\/www.uartes.edu.ec\/sitio\/wp-content\/uploads\/2025\/06\/17-UARTES-U-GUAYAQUIL-18x12.jpg 18w, https:\/\/www.uartes.edu.ec\/sitio\/wp-content\/uploads\/2025\/06\/17-UARTES-U-GUAYAQUIL-600x400.jpg 600w, https:\/\/www.uartes.edu.ec\/sitio\/wp-content\/uploads\/2025\/06\/17-UARTES-U-GUAYAQUIL-400x267.jpg 400w, https:\/\/www.uartes.edu.ec\/sitio\/wp-content\/uploads\/2025\/06\/17-UARTES-U-GUAYAQUIL.jpg 2000w\" sizes=\"(max-width: 644px) 100vw, 644px\" \/><\/figure>\n<\/figure>\n\n\n<div class=\"wp-block-image\">\n<figure class=\"aligncenter size-large\"><img loading=\"lazy\" decoding=\"async\" width=\"644\" height=\"429\" src=\"https:\/\/www.uartes.edu.ec\/sitio\/wp-content\/uploads\/2025\/06\/19-UARTES-U-GUAYAQUIL-644x429.jpg\" alt=\"\" class=\"wp-image-72857\" srcset=\"https:\/\/www.uartes.edu.ec\/sitio\/wp-content\/uploads\/2025\/06\/19-UARTES-U-GUAYAQUIL-644x429.jpg 644w, https:\/\/www.uartes.edu.ec\/sitio\/wp-content\/uploads\/2025\/06\/19-UARTES-U-GUAYAQUIL-300x200.jpg 300w, https:\/\/www.uartes.edu.ec\/sitio\/wp-content\/uploads\/2025\/06\/19-UARTES-U-GUAYAQUIL-768x512.jpg 768w, https:\/\/www.uartes.edu.ec\/sitio\/wp-content\/uploads\/2025\/06\/19-UARTES-U-GUAYAQUIL-1536x1024.jpg 1536w, https:\/\/www.uartes.edu.ec\/sitio\/wp-content\/uploads\/2025\/06\/19-UARTES-U-GUAYAQUIL-18x12.jpg 18w, https:\/\/www.uartes.edu.ec\/sitio\/wp-content\/uploads\/2025\/06\/19-UARTES-U-GUAYAQUIL-600x400.jpg 600w, https:\/\/www.uartes.edu.ec\/sitio\/wp-content\/uploads\/2025\/06\/19-UARTES-U-GUAYAQUIL-400x267.jpg 400w, https:\/\/www.uartes.edu.ec\/sitio\/wp-content\/uploads\/2025\/06\/19-UARTES-U-GUAYAQUIL.jpg 2000w\" sizes=\"(max-width: 644px) 100vw, 644px\" \/><\/figure>\n<\/div>\n\n\n<p><\/p>","protected":false},"excerpt":{"rendered":"<p>La Universidad de las Artes (UArtes) y la Universidad de Guayaquil (UG) firmaron dos convenios espec\u00edficos. El primero para la ejecuci\u00f3n de un proyecto de vinculaci\u00f3n con la sociedad (VCS) de la Facultad de Ciencias Econ\u00f3micas de la UG a favor de nuestra comunidad universitaria. Y el segundo, para que ambas instituciones intercambien estudiantes en el \u00e1mbito de las Pr\u00e1cticas PreProfesionales (PPP). <\/p>","protected":false},"author":10,"featured_media":72852,"comment_status":"open","ping_status":"open","sticky":false,"template":"","format":"standard","meta":{"_acf_changed":false,"_uag_custom_page_level_css":"","_monsterinsights_skip_tracking":false,"_monsterinsights_sitenote_active":false,"_monsterinsights_sitenote_note":"","_monsterinsights_sitenote_category":0,"cybocfi_hide_featured_image":"","footnotes":""},"categories":[80,490,159,150,157,147,75,76,77,175,84],"tags":[1334],"infouartes":[],"class_list":["post-72851","post","type-post","status-publish","format-standard","has-post-thumbnail","hentry","category-academico","category-alumni","category-artes-escenicas","category-artes-sonoras","category-artes-visuales","category-cine","category-docentes","category-estudiantes","category-gestion","category-literatura","category-rectorado","tag-cooperacion-interinstitucional"],"acf":[],"yoast_head":"<!-- This site is optimized with the Yoast SEO plugin v27.4 - https:\/\/yoast.com\/product\/yoast-seo-wordpress\/ -->\n<title>Universidad de las Artes - UArtes y UG firman convenios espec\u00edficos: uno para proyecto de VCS de la Facultad de Ciencias Econ\u00f3micas y otro para PPP<\/title>\n<meta name=\"description\" content=\"Universidad de las Artes - UArtes y UG firman convenios espec\u00edficos: uno para proyecto de VCS de la Facultad de Ciencias Econ\u00f3micas y otro para PPP\" \/>\n<meta name=\"robots\" content=\"index, follow, max-snippet:-1, max-image-preview:large, max-video-preview:-1\" \/>\n<link rel=\"canonical\" href=\"https:\/\/www.uartes.edu.ec\/sitio\/en\/blog\/2025\/06\/02\/uartes-y-ug-firman-dos-convenios-especificos-uno-para-proyecto-de-vcs-de-la-facultad-de-ciencias-economicas-y-otro-de-ppp\/\" \/>\n<meta property=\"og:locale\" content=\"en_US\" \/>\n<meta property=\"og:type\" content=\"article\" \/>\n<meta property=\"og:title\" content=\"Universidad de las Artes - UArtes y UG firman convenios espec\u00edficos: uno para proyecto de VCS de la Facultad de Ciencias Econ\u00f3micas y otro para PPP\" \/>\n<meta property=\"og:description\" content=\"Universidad de las Artes - UArtes y UG firman convenios espec\u00edficos: uno para proyecto de VCS de la Facultad de Ciencias Econ\u00f3micas y otro para PPP\" \/>\n<meta property=\"og:url\" content=\"https:\/\/www.uartes.edu.ec\/sitio\/en\/blog\/2025\/06\/02\/uartes-y-ug-firman-dos-convenios-especificos-uno-para-proyecto-de-vcs-de-la-facultad-de-ciencias-economicas-y-otro-de-ppp\/\" \/>\n<meta property=\"og:site_name\" content=\"Universidad de las Artes\" \/>\n<meta property=\"article:publisher\" content=\"https:\/\/www.facebook.com\/uartesec\" \/>\n<meta property=\"article:published_time\" content=\"2025-06-02T22:54:04+00:00\" \/>\n<meta property=\"article:modified_time\" content=\"2025-08-10T15:39:21+00:00\" \/>\n<meta property=\"og:image\" content=\"https:\/\/www.uartes.edu.ec\/sitio\/wp-content\/uploads\/2025\/06\/11-UARTES-U-GUAYAQUIL.jpg\" \/>\n\t<meta property=\"og:image:width\" content=\"2000\" \/>\n\t<meta property=\"og:image:height\" content=\"1333\" \/>\n\t<meta property=\"og:image:type\" content=\"image\/jpeg\" \/>\n<meta name=\"author\" content=\"ccortez\" \/>\n<meta name=\"twitter:card\" content=\"summary_large_image\" \/>\n<meta name=\"twitter:creator\" content=\"@uartesec\" \/>\n<meta name=\"twitter:site\" content=\"@uartesec\" \/>\n<meta name=\"twitter:label1\" content=\"Written by\" \/>\n\t<meta name=\"twitter:data1\" content=\"ccortez\" \/>\n\t<meta name=\"twitter:label2\" content=\"Est. reading time\" \/>\n\t<meta name=\"twitter:data2\" content=\"6 minutes\" \/>\n<script type=\"application\/ld+json\" class=\"yoast-schema-graph\">{\"@context\":\"https:\\\/\\\/schema.org\",\"@graph\":[{\"@type\":\"Article\",\"@id\":\"https:\\\/\\\/www.uartes.edu.ec\\\/sitio\\\/en\\\/blog\\\/2025\\\/06\\\/02\\\/uartes-y-ug-firman-dos-convenios-especificos-uno-para-proyecto-de-vcs-de-la-facultad-de-ciencias-economicas-y-otro-de-ppp\\\/#article\",\"isPartOf\":{\"@id\":\"https:\\\/\\\/www.uartes.edu.ec\\\/sitio\\\/en\\\/blog\\\/2025\\\/06\\\/02\\\/uartes-y-ug-firman-dos-convenios-especificos-uno-para-proyecto-de-vcs-de-la-facultad-de-ciencias-economicas-y-otro-de-ppp\\\/\"},\"author\":{\"name\":\"ccortez\",\"@id\":\"https:\\\/\\\/www.uartes.edu.ec\\\/sitio\\\/en\\\/#\\\/schema\\\/person\\\/efa1b8275797664fd7f13a79ccc0b1f4\"},\"headline\":\"UArtes y UG firman convenios espec\u00edficos: uno para proyecto de VCS de la Facultad de Ciencias Econ\u00f3micas y otro para PPP\",\"datePublished\":\"2025-06-02T22:54:04+00:00\",\"dateModified\":\"2025-08-10T15:39:21+00:00\",\"mainEntityOfPage\":{\"@id\":\"https:\\\/\\\/www.uartes.edu.ec\\\/sitio\\\/en\\\/blog\\\/2025\\\/06\\\/02\\\/uartes-y-ug-firman-dos-convenios-especificos-uno-para-proyecto-de-vcs-de-la-facultad-de-ciencias-economicas-y-otro-de-ppp\\\/\"},\"wordCount\":1298,\"commentCount\":0,\"publisher\":{\"@id\":\"https:\\\/\\\/www.uartes.edu.ec\\\/sitio\\\/en\\\/#organization\"},\"image\":{\"@id\":\"https:\\\/\\\/www.uartes.edu.ec\\\/sitio\\\/en\\\/blog\\\/2025\\\/06\\\/02\\\/uartes-y-ug-firman-dos-convenios-especificos-uno-para-proyecto-de-vcs-de-la-facultad-de-ciencias-economicas-y-otro-de-ppp\\\/#primaryimage\"},\"thumbnailUrl\":\"https:\\\/\\\/www.uartes.edu.ec\\\/sitio\\\/wp-content\\\/uploads\\\/2025\\\/06\\\/11-UARTES-U-GUAYAQUIL.jpg\",\"keywords\":[\"cooperaci\u00f3n interinstitucional\"],\"articleSection\":[\"Acad\u00e9mico\",\"Alumni\",\"Artes Esc\u00e9nicas\",\"Artes Sonoras\",\"Artes Visuales\",\"Cine\",\"Docentes\",\"Estudiantes\",\"Gesti\u00f3n\",\"Literatura\",\"Rectorado\"],\"inLanguage\":\"en-US\",\"potentialAction\":[{\"@type\":\"CommentAction\",\"name\":\"Comment\",\"target\":[\"https:\\\/\\\/www.uartes.edu.ec\\\/sitio\\\/en\\\/blog\\\/2025\\\/06\\\/02\\\/uartes-y-ug-firman-dos-convenios-especificos-uno-para-proyecto-de-vcs-de-la-facultad-de-ciencias-economicas-y-otro-de-ppp\\\/#respond\"]}]},{\"@type\":[\"WebPage\",\"ItemPage\"],\"@id\":\"https:\\\/\\\/www.uartes.edu.ec\\\/sitio\\\/en\\\/blog\\\/2025\\\/06\\\/02\\\/uartes-y-ug-firman-dos-convenios-especificos-uno-para-proyecto-de-vcs-de-la-facultad-de-ciencias-economicas-y-otro-de-ppp\\\/\",\"url\":\"https:\\\/\\\/www.uartes.edu.ec\\\/sitio\\\/en\\\/blog\\\/2025\\\/06\\\/02\\\/uartes-y-ug-firman-dos-convenios-especificos-uno-para-proyecto-de-vcs-de-la-facultad-de-ciencias-economicas-y-otro-de-ppp\\\/\",\"name\":\"Universidad de las Artes - UArtes y UG firman convenios espec\u00edficos: uno para proyecto de VCS de la Facultad de Ciencias Econ\u00f3micas y otro para PPP\",\"isPartOf\":{\"@id\":\"https:\\\/\\\/www.uartes.edu.ec\\\/sitio\\\/en\\\/#website\"},\"primaryImageOfPage\":{\"@id\":\"https:\\\/\\\/www.uartes.edu.ec\\\/sitio\\\/en\\\/blog\\\/2025\\\/06\\\/02\\\/uartes-y-ug-firman-dos-convenios-especificos-uno-para-proyecto-de-vcs-de-la-facultad-de-ciencias-economicas-y-otro-de-ppp\\\/#primaryimage\"},\"image\":{\"@id\":\"https:\\\/\\\/www.uartes.edu.ec\\\/sitio\\\/en\\\/blog\\\/2025\\\/06\\\/02\\\/uartes-y-ug-firman-dos-convenios-especificos-uno-para-proyecto-de-vcs-de-la-facultad-de-ciencias-economicas-y-otro-de-ppp\\\/#primaryimage\"},\"thumbnailUrl\":\"https:\\\/\\\/www.uartes.edu.ec\\\/sitio\\\/wp-content\\\/uploads\\\/2025\\\/06\\\/11-UARTES-U-GUAYAQUIL.jpg\",\"datePublished\":\"2025-06-02T22:54:04+00:00\",\"dateModified\":\"2025-08-10T15:39:21+00:00\",\"description\":\"Universidad de las Artes - UArtes y UG firman convenios espec\u00edficos: uno para proyecto de VCS de la Facultad de Ciencias Econ\u00f3micas y otro para PPP\",\"breadcrumb\":{\"@id\":\"https:\\\/\\\/www.uartes.edu.ec\\\/sitio\\\/en\\\/blog\\\/2025\\\/06\\\/02\\\/uartes-y-ug-firman-dos-convenios-especificos-uno-para-proyecto-de-vcs-de-la-facultad-de-ciencias-economicas-y-otro-de-ppp\\\/#breadcrumb\"},\"inLanguage\":\"en-US\",\"potentialAction\":[{\"@type\":\"ReadAction\",\"target\":[\"https:\\\/\\\/www.uartes.edu.ec\\\/sitio\\\/en\\\/blog\\\/2025\\\/06\\\/02\\\/uartes-y-ug-firman-dos-convenios-especificos-uno-para-proyecto-de-vcs-de-la-facultad-de-ciencias-economicas-y-otro-de-ppp\\\/\"]}]},{\"@type\":\"ImageObject\",\"inLanguage\":\"en-US\",\"@id\":\"https:\\\/\\\/www.uartes.edu.ec\\\/sitio\\\/en\\\/blog\\\/2025\\\/06\\\/02\\\/uartes-y-ug-firman-dos-convenios-especificos-uno-para-proyecto-de-vcs-de-la-facultad-de-ciencias-economicas-y-otro-de-ppp\\\/#primaryimage\",\"url\":\"https:\\\/\\\/www.uartes.edu.ec\\\/sitio\\\/wp-content\\\/uploads\\\/2025\\\/06\\\/11-UARTES-U-GUAYAQUIL.jpg\",\"contentUrl\":\"https:\\\/\\\/www.uartes.edu.ec\\\/sitio\\\/wp-content\\\/uploads\\\/2025\\\/06\\\/11-UARTES-U-GUAYAQUIL.jpg\",\"width\":2000,\"height\":1333},{\"@type\":\"BreadcrumbList\",\"@id\":\"https:\\\/\\\/www.uartes.edu.ec\\\/sitio\\\/en\\\/blog\\\/2025\\\/06\\\/02\\\/uartes-y-ug-firman-dos-convenios-especificos-uno-para-proyecto-de-vcs-de-la-facultad-de-ciencias-economicas-y-otro-de-ppp\\\/#breadcrumb\",\"itemListElement\":[{\"@type\":\"ListItem\",\"position\":1,\"name\":\"Inicio\",\"item\":\"https:\\\/\\\/www.uartes.edu.ec\\\/sitio\\\/\"},{\"@type\":\"ListItem\",\"position\":2,\"name\":\"UArtes y UG firman convenios espec\u00edficos: uno para proyecto de VCS de la Facultad de Ciencias Econ\u00f3micas y otro para PPP\"}]},{\"@type\":\"WebSite\",\"@id\":\"https:\\\/\\\/www.uartes.edu.ec\\\/sitio\\\/en\\\/#website\",\"url\":\"https:\\\/\\\/www.uartes.edu.ec\\\/sitio\\\/en\\\/\",\"name\":\"Universidad de las Artes\",\"description\":\"Sitio oficial de la Universidad Nacional de las Artes del Ecuador\",\"publisher\":{\"@id\":\"https:\\\/\\\/www.uartes.edu.ec\\\/sitio\\\/en\\\/#organization\"},\"potentialAction\":[{\"@type\":\"SearchAction\",\"target\":{\"@type\":\"EntryPoint\",\"urlTemplate\":\"https:\\\/\\\/www.uartes.edu.ec\\\/sitio\\\/en\\\/?s={search_term_string}\"},\"query-input\":{\"@type\":\"PropertyValueSpecification\",\"valueRequired\":true,\"valueName\":\"search_term_string\"}}],\"inLanguage\":\"en-US\"},{\"@type\":\"Organization\",\"@id\":\"https:\\\/\\\/www.uartes.edu.ec\\\/sitio\\\/en\\\/#organization\",\"name\":\"Universidad de las Artes\",\"url\":\"https:\\\/\\\/www.uartes.edu.ec\\\/sitio\\\/en\\\/\",\"logo\":{\"@type\":\"ImageObject\",\"inLanguage\":\"en-US\",\"@id\":\"https:\\\/\\\/www.uartes.edu.ec\\\/sitio\\\/en\\\/#\\\/schema\\\/logo\\\/image\\\/\",\"url\":\"https:\\\/\\\/www.uartes.edu.ec\\\/sitio\\\/wp-content\\\/uploads\\\/2022\\\/07\\\/logo-ua-horizontal.png\",\"contentUrl\":\"https:\\\/\\\/www.uartes.edu.ec\\\/sitio\\\/wp-content\\\/uploads\\\/2022\\\/07\\\/logo-ua-horizontal.png\",\"width\":800,\"height\":276,\"caption\":\"Universidad de las Artes\"},\"image\":{\"@id\":\"https:\\\/\\\/www.uartes.edu.ec\\\/sitio\\\/en\\\/#\\\/schema\\\/logo\\\/image\\\/\"},\"sameAs\":[\"https:\\\/\\\/www.facebook.com\\\/uartesec\",\"https:\\\/\\\/x.com\\\/uartesec\",\"https:\\\/\\\/www.tiktok.com\\\/@uartesec\"]},{\"@type\":\"Person\",\"@id\":\"https:\\\/\\\/www.uartes.edu.ec\\\/sitio\\\/en\\\/#\\\/schema\\\/person\\\/efa1b8275797664fd7f13a79ccc0b1f4\",\"name\":\"ccortez\",\"image\":{\"@type\":\"ImageObject\",\"inLanguage\":\"en-US\",\"@id\":\"https:\\\/\\\/secure.gravatar.com\\\/avatar\\\/b2a6f664a3ae8e074346ef91775736c5ec479e637ecced6842de9dc98b5da9cd?s=96&d=mm&r=g\",\"url\":\"https:\\\/\\\/secure.gravatar.com\\\/avatar\\\/b2a6f664a3ae8e074346ef91775736c5ec479e637ecced6842de9dc98b5da9cd?s=96&d=mm&r=g\",\"contentUrl\":\"https:\\\/\\\/secure.gravatar.com\\\/avatar\\\/b2a6f664a3ae8e074346ef91775736c5ec479e637ecced6842de9dc98b5da9cd?s=96&d=mm&r=g\",\"caption\":\"ccortez\"},\"url\":\"https:\\\/\\\/www.uartes.edu.ec\\\/sitio\\\/en\\\/blog\\\/author\\\/ccortez\\\/\"}]}<\/script>\n<!-- \/ Yoast SEO plugin. -->","yoast_head_json":{"title":"Universidad de las Artes - UArtes y UG firman convenios espec\u00edficos: uno para proyecto de VCS de la Facultad de Ciencias Econ\u00f3micas y otro para PPP","description":"Universidad de las Artes - UArtes y UG firman convenios espec\u00edficos: uno para proyecto de VCS de la Facultad de Ciencias Econ\u00f3micas y otro para PPP","robots":{"index":"index","follow":"follow","max-snippet":"max-snippet:-1","max-image-preview":"max-image-preview:large","max-video-preview":"max-video-preview:-1"},"canonical":"https:\/\/www.uartes.edu.ec\/sitio\/en\/blog\/2025\/06\/02\/uartes-y-ug-firman-dos-convenios-especificos-uno-para-proyecto-de-vcs-de-la-facultad-de-ciencias-economicas-y-otro-de-ppp\/","og_locale":"en_US","og_type":"article","og_title":"Universidad de las Artes - UArtes y UG firman convenios espec\u00edficos: uno para proyecto de VCS de la Facultad de Ciencias Econ\u00f3micas y otro para PPP","og_description":"Universidad de las Artes - UArtes y UG firman convenios espec\u00edficos: uno para proyecto de VCS de la Facultad de Ciencias Econ\u00f3micas y otro para PPP","og_url":"https:\/\/www.uartes.edu.ec\/sitio\/en\/blog\/2025\/06\/02\/uartes-y-ug-firman-dos-convenios-especificos-uno-para-proyecto-de-vcs-de-la-facultad-de-ciencias-economicas-y-otro-de-ppp\/","og_site_name":"Universidad de las Artes","article_publisher":"https:\/\/www.facebook.com\/uartesec","article_published_time":"2025-06-02T22:54:04+00:00","article_modified_time":"2025-08-10T15:39:21+00:00","og_image":[{"width":2000,"height":1333,"url":"https:\/\/www.uartes.edu.ec\/sitio\/wp-content\/uploads\/2025\/06\/11-UARTES-U-GUAYAQUIL.jpg","type":"image\/jpeg"}],"author":"ccortez","twitter_card":"summary_large_image","twitter_creator":"@uartesec","twitter_site":"@uartesec","twitter_misc":{"Written by":"ccortez","Est. reading time":"6 minutes"},"schema":{"@context":"https:\/\/schema.org","@graph":[{"@type":"Article","@id":"https:\/\/www.uartes.edu.ec\/sitio\/en\/blog\/2025\/06\/02\/uartes-y-ug-firman-dos-convenios-especificos-uno-para-proyecto-de-vcs-de-la-facultad-de-ciencias-economicas-y-otro-de-ppp\/#article","isPartOf":{"@id":"https:\/\/www.uartes.edu.ec\/sitio\/en\/blog\/2025\/06\/02\/uartes-y-ug-firman-dos-convenios-especificos-uno-para-proyecto-de-vcs-de-la-facultad-de-ciencias-economicas-y-otro-de-ppp\/"},"author":{"name":"ccortez","@id":"https:\/\/www.uartes.edu.ec\/sitio\/en\/#\/schema\/person\/efa1b8275797664fd7f13a79ccc0b1f4"},"headline":"UArtes y UG firman convenios espec\u00edficos: uno para proyecto de VCS de la Facultad de Ciencias Econ\u00f3micas y otro para PPP","datePublished":"2025-06-02T22:54:04+00:00","dateModified":"2025-08-10T15:39:21+00:00","mainEntityOfPage":{"@id":"https:\/\/www.uartes.edu.ec\/sitio\/en\/blog\/2025\/06\/02\/uartes-y-ug-firman-dos-convenios-especificos-uno-para-proyecto-de-vcs-de-la-facultad-de-ciencias-economicas-y-otro-de-ppp\/"},"wordCount":1298,"commentCount":0,"publisher":{"@id":"https:\/\/www.uartes.edu.ec\/sitio\/en\/#organization"},"image":{"@id":"https:\/\/www.uartes.edu.ec\/sitio\/en\/blog\/2025\/06\/02\/uartes-y-ug-firman-dos-convenios-especificos-uno-para-proyecto-de-vcs-de-la-facultad-de-ciencias-economicas-y-otro-de-ppp\/#primaryimage"},"thumbnailUrl":"https:\/\/www.uartes.edu.ec\/sitio\/wp-content\/uploads\/2025\/06\/11-UARTES-U-GUAYAQUIL.jpg","keywords":["cooperaci\u00f3n interinstitucional"],"articleSection":["Acad\u00e9mico","Alumni","Artes Esc\u00e9nicas","Artes Sonoras","Artes Visuales","Cine","Docentes","Estudiantes","Gesti\u00f3n","Literatura","Rectorado"],"inLanguage":"en-US","potentialAction":[{"@type":"CommentAction","name":"Comment","target":["https:\/\/www.uartes.edu.ec\/sitio\/en\/blog\/2025\/06\/02\/uartes-y-ug-firman-dos-convenios-especificos-uno-para-proyecto-de-vcs-de-la-facultad-de-ciencias-economicas-y-otro-de-ppp\/#respond"]}]},{"@type":["WebPage","ItemPage"],"@id":"https:\/\/www.uartes.edu.ec\/sitio\/en\/blog\/2025\/06\/02\/uartes-y-ug-firman-dos-convenios-especificos-uno-para-proyecto-de-vcs-de-la-facultad-de-ciencias-economicas-y-otro-de-ppp\/","url":"https:\/\/www.uartes.edu.ec\/sitio\/en\/blog\/2025\/06\/02\/uartes-y-ug-firman-dos-convenios-especificos-uno-para-proyecto-de-vcs-de-la-facultad-de-ciencias-economicas-y-otro-de-ppp\/","name":"Universidad de las Artes - UArtes y UG firman convenios espec\u00edficos: uno para proyecto de VCS de la Facultad de Ciencias Econ\u00f3micas y otro para PPP","isPartOf":{"@id":"https:\/\/www.uartes.edu.ec\/sitio\/en\/#website"},"primaryImageOfPage":{"@id":"https:\/\/www.uartes.edu.ec\/sitio\/en\/blog\/2025\/06\/02\/uartes-y-ug-firman-dos-convenios-especificos-uno-para-proyecto-de-vcs-de-la-facultad-de-ciencias-economicas-y-otro-de-ppp\/#primaryimage"},"image":{"@id":"https:\/\/www.uartes.edu.ec\/sitio\/en\/blog\/2025\/06\/02\/uartes-y-ug-firman-dos-convenios-especificos-uno-para-proyecto-de-vcs-de-la-facultad-de-ciencias-economicas-y-otro-de-ppp\/#primaryimage"},"thumbnailUrl":"https:\/\/www.uartes.edu.ec\/sitio\/wp-content\/uploads\/2025\/06\/11-UARTES-U-GUAYAQUIL.jpg","datePublished":"2025-06-02T22:54:04+00:00","dateModified":"2025-08-10T15:39:21+00:00","description":"Universidad de las Artes - UArtes y UG firman convenios espec\u00edficos: uno para proyecto de VCS de la Facultad de Ciencias Econ\u00f3micas y otro para PPP","breadcrumb":{"@id":"https:\/\/www.uartes.edu.ec\/sitio\/en\/blog\/2025\/06\/02\/uartes-y-ug-firman-dos-convenios-especificos-uno-para-proyecto-de-vcs-de-la-facultad-de-ciencias-economicas-y-otro-de-ppp\/#breadcrumb"},"inLanguage":"en-US","potentialAction":[{"@type":"ReadAction","target":["https:\/\/www.uartes.edu.ec\/sitio\/en\/blog\/2025\/06\/02\/uartes-y-ug-firman-dos-convenios-especificos-uno-para-proyecto-de-vcs-de-la-facultad-de-ciencias-economicas-y-otro-de-ppp\/"]}]},{"@type":"ImageObject","inLanguage":"en-US","@id":"https:\/\/www.uartes.edu.ec\/sitio\/en\/blog\/2025\/06\/02\/uartes-y-ug-firman-dos-convenios-especificos-uno-para-proyecto-de-vcs-de-la-facultad-de-ciencias-economicas-y-otro-de-ppp\/#primaryimage","url":"https:\/\/www.uartes.edu.ec\/sitio\/wp-content\/uploads\/2025\/06\/11-UARTES-U-GUAYAQUIL.jpg","contentUrl":"https:\/\/www.uartes.edu.ec\/sitio\/wp-content\/uploads\/2025\/06\/11-UARTES-U-GUAYAQUIL.jpg","width":2000,"height":1333},{"@type":"BreadcrumbList","@id":"https:\/\/www.uartes.edu.ec\/sitio\/en\/blog\/2025\/06\/02\/uartes-y-ug-firman-dos-convenios-especificos-uno-para-proyecto-de-vcs-de-la-facultad-de-ciencias-economicas-y-otro-de-ppp\/#breadcrumb","itemListElement":[{"@type":"ListItem","position":1,"name":"Inicio","item":"https:\/\/www.uartes.edu.ec\/sitio\/"},{"@type":"ListItem","position":2,"name":"UArtes y UG firman convenios espec\u00edficos: uno para proyecto de VCS de la Facultad de Ciencias Econ\u00f3micas y otro para PPP"}]},{"@type":"WebSite","@id":"https:\/\/www.uartes.edu.ec\/sitio\/en\/#website","url":"https:\/\/www.uartes.edu.ec\/sitio\/en\/","name":"Universidad de las Artes","description":"Sitio oficial de la Universidad Nacional de las Artes del Ecuador","publisher":{"@id":"https:\/\/www.uartes.edu.ec\/sitio\/en\/#organization"},"potentialAction":[{"@type":"SearchAction","target":{"@type":"EntryPoint","urlTemplate":"https:\/\/www.uartes.edu.ec\/sitio\/en\/?s={search_term_string}"},"query-input":{"@type":"PropertyValueSpecification","valueRequired":true,"valueName":"search_term_string"}}],"inLanguage":"en-US"},{"@type":"Organization","@id":"https:\/\/www.uartes.edu.ec\/sitio\/en\/#organization","name":"Universidad de las Artes","url":"https:\/\/www.uartes.edu.ec\/sitio\/en\/","logo":{"@type":"ImageObject","inLanguage":"en-US","@id":"https:\/\/www.uartes.edu.ec\/sitio\/en\/#\/schema\/logo\/image\/","url":"https:\/\/www.uartes.edu.ec\/sitio\/wp-content\/uploads\/2022\/07\/logo-ua-horizontal.png","contentUrl":"https:\/\/www.uartes.edu.ec\/sitio\/wp-content\/uploads\/2022\/07\/logo-ua-horizontal.png","width":800,"height":276,"caption":"Universidad de las Artes"},"image":{"@id":"https:\/\/www.uartes.edu.ec\/sitio\/en\/#\/schema\/logo\/image\/"},"sameAs":["https:\/\/www.facebook.com\/uartesec","https:\/\/x.com\/uartesec","https:\/\/www.tiktok.com\/@uartesec"]},{"@type":"Person","@id":"https:\/\/www.uartes.edu.ec\/sitio\/en\/#\/schema\/person\/efa1b8275797664fd7f13a79ccc0b1f4","name":"ccortez","image":{"@type":"ImageObject","inLanguage":"en-US","@id":"https:\/\/secure.gravatar.com\/avatar\/b2a6f664a3ae8e074346ef91775736c5ec479e637ecced6842de9dc98b5da9cd?s=96&d=mm&r=g","url":"https:\/\/secure.gravatar.com\/avatar\/b2a6f664a3ae8e074346ef91775736c5ec479e637ecced6842de9dc98b5da9cd?s=96&d=mm&r=g","contentUrl":"https:\/\/secure.gravatar.com\/avatar\/b2a6f664a3ae8e074346ef91775736c5ec479e637ecced6842de9dc98b5da9cd?s=96&d=mm&r=g","caption":"ccortez"},"url":"https:\/\/www.uartes.edu.ec\/sitio\/en\/blog\/author\/ccortez\/"}]}},"uagb_featured_image_src":{"full":["https:\/\/www.uartes.edu.ec\/sitio\/wp-content\/uploads\/2025\/06\/11-UARTES-U-GUAYAQUIL.jpg",2000,1333,false],"thumbnail":["https:\/\/www.uartes.edu.ec\/sitio\/wp-content\/uploads\/2025\/06\/11-UARTES-U-GUAYAQUIL-150x150.jpg",150,150,true],"medium":["https:\/\/www.uartes.edu.ec\/sitio\/wp-content\/uploads\/2025\/06\/11-UARTES-U-GUAYAQUIL-300x200.jpg",300,200,true],"medium_large":["https:\/\/www.uartes.edu.ec\/sitio\/wp-content\/uploads\/2025\/06\/11-UARTES-U-GUAYAQUIL-768x512.jpg",768,512,true],"large":["https:\/\/www.uartes.edu.ec\/sitio\/wp-content\/uploads\/2025\/06\/11-UARTES-U-GUAYAQUIL-644x429.jpg",644,429,true],"1536x1536":["https:\/\/www.uartes.edu.ec\/sitio\/wp-content\/uploads\/2025\/06\/11-UARTES-U-GUAYAQUIL-1536x1024.jpg",1536,1024,true],"2048x2048":["https:\/\/www.uartes.edu.ec\/sitio\/wp-content\/uploads\/2025\/06\/11-UARTES-U-GUAYAQUIL.jpg",2000,1333,false],"trp-custom-language-flag":["https:\/\/www.uartes.edu.ec\/sitio\/wp-content\/uploads\/2025\/06\/11-UARTES-U-GUAYAQUIL-18x12.jpg",18,12,true],"htmega_size_585x295":["https:\/\/www.uartes.edu.ec\/sitio\/wp-content\/uploads\/2025\/06\/11-UARTES-U-GUAYAQUIL-585x295.jpg",585,295,true],"htmega_size_1170x536":["https:\/\/www.uartes.edu.ec\/sitio\/wp-content\/uploads\/2025\/06\/11-UARTES-U-GUAYAQUIL-1170x536.jpg",1170,536,true],"htmega_size_396x360":["https:\/\/www.uartes.edu.ec\/sitio\/wp-content\/uploads\/2025\/06\/11-UARTES-U-GUAYAQUIL-396x360.jpg",396,360,true],"gb-block-post-grid-landscape":["https:\/\/www.uartes.edu.ec\/sitio\/wp-content\/uploads\/2025\/06\/11-UARTES-U-GUAYAQUIL-600x400.jpg",600,400,true],"gb-block-post-grid-square":["https:\/\/www.uartes.edu.ec\/sitio\/wp-content\/uploads\/2025\/06\/11-UARTES-U-GUAYAQUIL-600x600.jpg",600,600,true],"university-hub-thumb":["https:\/\/www.uartes.edu.ec\/sitio\/wp-content\/uploads\/2025\/06\/11-UARTES-U-GUAYAQUIL-400x267.jpg",400,267,true],"mailpoet_newsletter_max":["https:\/\/www.uartes.edu.ec\/sitio\/wp-content\/uploads\/2025\/06\/11-UARTES-U-GUAYAQUIL.jpg",1320,880,false]},"uagb_author_info":{"display_name":"ccortez","author_link":"https:\/\/www.uartes.edu.ec\/sitio\/en\/blog\/author\/ccortez\/"},"uagb_comment_info":0,"uagb_excerpt":"La Universidad de las Artes (UArtes) y la Universidad de Guayaquil (UG) firmaron dos convenios espec\u00edficos. El primero para la ejecuci\u00f3n de un proyecto de vinculaci\u00f3n con la sociedad (VCS) de la Facultad de Ciencias Econ\u00f3micas de la UG a favor de nuestra comunidad universitaria. Y el segundo, para que ambas instituciones intercambien estudiantes en&hellip;","featured_image_src":"https:\/\/www.uartes.edu.ec\/sitio\/wp-content\/uploads\/2025\/06\/11-UARTES-U-GUAYAQUIL-600x400.jpg","featured_image_src_square":"https:\/\/www.uartes.edu.ec\/sitio\/wp-content\/uploads\/2025\/06\/11-UARTES-U-GUAYAQUIL-600x600.jpg","author_info":{"display_name":"ccortez","author_link":"https:\/\/www.uartes.edu.ec\/sitio\/en\/blog\/author\/ccortez\/"},"publishpress_future_workflow_manual_trigger":{"enabledWorkflows":[]},"distributor_meta":false,"distributor_terms":false,"distributor_media":false,"distributor_original_site_name":"Universidad de las Artes","distributor_original_site_url":"https:\/\/www.uartes.edu.ec\/sitio\/en","push-errors":false,"_links":{"self":[{"href":"https:\/\/www.uartes.edu.ec\/sitio\/en\/wp-json\/wp\/v2\/posts\/72851","targetHints":{"allow":["GET"]}}],"collection":[{"href":"https:\/\/www.uartes.edu.ec\/sitio\/en\/wp-json\/wp\/v2\/posts"}],"about":[{"href":"https:\/\/www.uartes.edu.ec\/sitio\/en\/wp-json\/wp\/v2\/types\/post"}],"author":[{"embeddable":true,"href":"https:\/\/www.uartes.edu.ec\/sitio\/en\/wp-json\/wp\/v2\/users\/10"}],"replies":[{"embeddable":true,"href":"https:\/\/www.uartes.edu.ec\/sitio\/en\/wp-json\/wp\/v2\/comments?post=72851"}],"version-history":[{"count":5,"href":"https:\/\/www.uartes.edu.ec\/sitio\/en\/wp-json\/wp\/v2\/posts\/72851\/revisions"}],"predecessor-version":[{"id":76506,"href":"https:\/\/www.uartes.edu.ec\/sitio\/en\/wp-json\/wp\/v2\/posts\/72851\/revisions\/76506"}],"wp:featuredmedia":[{"embeddable":true,"href":"https:\/\/www.uartes.edu.ec\/sitio\/en\/wp-json\/wp\/v2\/media\/72852"}],"wp:attachment":[{"href":"https:\/\/www.uartes.edu.ec\/sitio\/en\/wp-json\/wp\/v2\/media?parent=72851"}],"wp:term":[{"taxonomy":"category","embeddable":true,"href":"https:\/\/www.uartes.edu.ec\/sitio\/en\/wp-json\/wp\/v2\/categories?post=72851"},{"taxonomy":"post_tag","embeddable":true,"href":"https:\/\/www.uartes.edu.ec\/sitio\/en\/wp-json\/wp\/v2\/tags?post=72851"},{"taxonomy":"infouartes","embeddable":true,"href":"https:\/\/www.uartes.edu.ec\/sitio\/en\/wp-json\/wp\/v2\/infouartes?post=72851"}],"curies":[{"name":"wp","href":"https:\/\/api.w.org\/{rel}","templated":true}]}}