{"id":72880,"date":"2025-06-02T18:13:54","date_gmt":"2025-06-02T23:13:54","guid":{"rendered":"https:\/\/www.uartes.edu.ec\/sitio\/?p=72880"},"modified":"2025-06-02T18:21:13","modified_gmt":"2025-06-02T23:21:13","slug":"presencia-uartes-en-la-asamblea-general-de-la-red-academica-nacional-de-idiomas","status":"publish","type":"post","link":"https:\/\/www.uartes.edu.ec\/sitio\/en\/blog\/2025\/06\/02\/presencia-uartes-en-la-asamblea-general-de-la-red-academica-nacional-de-idiomas\/","title":{"rendered":"Presencia UArtes en la Asamblea General de la Red Acad\u00e9mica Nacional de Idiomas"},"content":{"rendered":"<p>La Universidad de las Artes particip\u00f3 activamente en la Asamblea General de la Red Acad\u00e9mica Nacional de Idiomas (RANI), realizada los d\u00edas 29 y 30 de mayo de 2025 en la Universidad Yachay Tech. Este encuentro congreg\u00f3 a representantes de 30 instituciones de educaci\u00f3n superior del pa\u00eds, con el objetivo de dialogar y proponer acciones conjuntas para fortalecer la ense\u00f1anza de lenguas extranjeras en el sistema universitario ecuatoriano.<\/p>\n\n\n\n<p>Durante las jornadas, se llevaron a cabo talleres de formaci\u00f3n y mesas redondas en los que se invit\u00f3 a la reflexi\u00f3n sobre los desaf\u00edos que enfrentan los docentes de lengua extranjera en el pa\u00eds. Se abordaron, asimismo, temas clave como la innovaci\u00f3n en las metodolog\u00edas de ense\u00f1anza, la inclusi\u00f3n de estudiantes con necesidades educativas especiales asociadas a una discapacidad, la identidad cultural y el idioma, as\u00ed como la evaluaci\u00f3n de los programas acad\u00e9micos ofertados por los centros de idiomas.<\/p>\n\n\n\n<p>La jornada del 29 de mayo cont\u00f3 con la intervenci\u00f3n de la Dra. Carmen \u00c1lvarez Santana, PhD., consejera del Consejo de Educaci\u00f3n Superior (CES), quien resalt\u00f3 la importancia del aprendizaje de lenguas extranjeras en el contexto universitario para fines de investigaci\u00f3n acad\u00e9mica y de internacionalizaci\u00f3n.<\/p>\n\n\n\n<p>La doctora \u00c1lvarez censur\u00f3 la posici\u00f3n de ciertas IES hacia la ense\u00f1anza-aprendizaje de lenguas extranjeras, calificando de \u201cmirada miope\u201d el considerar el cumplimiento de la suficiencia en una segunda lengua como un mero requisito para lograr la titulaci\u00f3n.<\/p>\n\n\n<div class=\"wp-block-image\">\n<figure class=\"aligncenter size-large\"><img fetchpriority=\"high\" decoding=\"async\" width=\"644\" height=\"429\" src=\"https:\/\/www.uartes.edu.ec\/sitio\/wp-content\/uploads\/2025\/06\/01-UArtes-en-Asamblea-RANI-644x429.jpg\" alt=\"\" class=\"wp-image-72891\" srcset=\"https:\/\/www.uartes.edu.ec\/sitio\/wp-content\/uploads\/2025\/06\/01-UArtes-en-Asamblea-RANI-644x429.jpg 644w, https:\/\/www.uartes.edu.ec\/sitio\/wp-content\/uploads\/2025\/06\/01-UArtes-en-Asamblea-RANI-300x200.jpg 300w, https:\/\/www.uartes.edu.ec\/sitio\/wp-content\/uploads\/2025\/06\/01-UArtes-en-Asamblea-RANI-768x512.jpg 768w, https:\/\/www.uartes.edu.ec\/sitio\/wp-content\/uploads\/2025\/06\/01-UArtes-en-Asamblea-RANI-1536x1024.jpg 1536w, https:\/\/www.uartes.edu.ec\/sitio\/wp-content\/uploads\/2025\/06\/01-UArtes-en-Asamblea-RANI-18x12.jpg 18w, https:\/\/www.uartes.edu.ec\/sitio\/wp-content\/uploads\/2025\/06\/01-UArtes-en-Asamblea-RANI-600x400.jpg 600w, https:\/\/www.uartes.edu.ec\/sitio\/wp-content\/uploads\/2025\/06\/01-UArtes-en-Asamblea-RANI-400x267.jpg 400w, https:\/\/www.uartes.edu.ec\/sitio\/wp-content\/uploads\/2025\/06\/01-UArtes-en-Asamblea-RANI.jpg 2000w\" sizes=\"(max-width: 644px) 100vw, 644px\" \/><\/figure>\n<\/div>\n\n\n<p>El segundo d\u00eda de actividades tuvo un matiz m\u00e1s solemne, marcado por momentos significativos para la Red. La jornada incluy\u00f3 la firma simb\u00f3lica del convenio de adhesi\u00f3n de la Universidad de las Artes a la Red Acad\u00e9mica Nacional de Idiomas (RANI), lo que formaliza el compromiso bilateral con los objetivos y acciones de ambas partes. Adem\u00e1s, se present\u00f3 el informe de gesti\u00f3n de la directiva saliente y se llev\u00f3 a cabo la elecci\u00f3n de la nueva directiva para el periodo 2025-2027.<\/p>\n\n\n\n<p>Tambi\u00e9n se designaron comit\u00e9s de trabajo para atender propuestas espec\u00edficas y fomentar la participaci\u00f3n activa del cuerpo docente en las tres funciones sustantivas de la educaci\u00f3n superior: docencia, investigaci\u00f3n y vinculaci\u00f3n con la sociedad.<\/p>\n\n\n\n<p>En este contexto, la Coordinaci\u00f3n del Comit\u00e9 de Vinculaci\u00f3n con la Sociedad recay\u00f3 en Monserratt Mogrovejo R., jefa del Departamento de Lenguas Extranjeras de la Universidad de las Artes, en reconocimiento a su trayectoria y compromiso con la educaci\u00f3n inclusiva y de calidad.<\/p>\n\n\n\n<p>La participaci\u00f3n de la UArtes en esta asamblea reafirma su compromiso con el fortalecimiento del multiling\u00fcismo, la cooperaci\u00f3n interinstitucional y la mejora continua en la formaci\u00f3n integral de sus estudiantes.<\/p>\n\n\n\n<p>Texto y fotos: Monserratt Mogrovejo, jefa del Departamento de Lenguas Extranjeras (DLE) de la Universidad de las Artes. Las im\u00e1genes corresponden a la participaci\u00f3n de nuestra instituci\u00f3n de educaci\u00f3n superior en la asamblea y a la firma simb\u00f3lica del convenio de adhesi\u00f3n de la UArtes a la RANI.<\/p>\n\n\n\n<p><\/p>","protected":false},"excerpt":{"rendered":"<p>La Universidad de las Artes particip\u00f3 activamente en la Asamblea General de la Red Acad\u00e9mica Nacional de Idiomas (RANI), realizada los d\u00edas 29 y 30 de mayo de 2025 en la Universidad Yachay Tech. Este encuentro congreg\u00f3 a representantes de 30 instituciones de educaci\u00f3n superior del pa\u00eds, con el objetivo de dialogar y proponer acciones conjuntas para fortalecer la ense\u00f1anza de lenguas extranjeras en el sistema universitario ecuatoriano.<\/p>","protected":false},"author":10,"featured_media":72892,"comment_status":"open","ping_status":"open","sticky":false,"template":"","format":"standard","meta":{"_acf_changed":false,"_uag_custom_page_level_css":"","_monsterinsights_skip_tracking":false,"_monsterinsights_sitenote_active":false,"_monsterinsights_sitenote_note":"","_monsterinsights_sitenote_category":0,"cybocfi_hide_featured_image":"","footnotes":""},"categories":[80,75,77,154],"tags":[1055],"infouartes":[],"class_list":["post-72880","post","type-post","status-publish","format-standard","has-post-thumbnail","hentry","category-academico","category-docentes","category-gestion","category-lenguas-extranjeras","tag-participacion"],"acf":[],"yoast_head":"<!-- This site is optimized with the Yoast SEO plugin v27.4 - https:\/\/yoast.com\/product\/yoast-seo-wordpress\/ -->\n<title>Universidad de las Artes - Presencia UArtes en la Asamblea General de la Red Acad\u00e9mica Nacional de Idiomas<\/title>\n<meta name=\"description\" content=\"Universidad de las Artes - Presencia UArtes en la Asamblea General de la Red Acad\u00e9mica Nacional de Idiomas\" \/>\n<meta name=\"robots\" content=\"index, follow, max-snippet:-1, max-image-preview:large, max-video-preview:-1\" \/>\n<link rel=\"canonical\" href=\"https:\/\/www.uartes.edu.ec\/sitio\/en\/blog\/2025\/06\/02\/presencia-uartes-en-la-asamblea-general-de-la-red-academica-nacional-de-idiomas\/\" \/>\n<meta property=\"og:locale\" content=\"en_US\" \/>\n<meta property=\"og:type\" content=\"article\" \/>\n<meta property=\"og:title\" content=\"Universidad de las Artes - Presencia UArtes en la Asamblea General de la Red Acad\u00e9mica Nacional de Idiomas\" \/>\n<meta property=\"og:description\" content=\"Universidad de las Artes - Presencia UArtes en la Asamblea General de la Red Acad\u00e9mica Nacional de Idiomas\" \/>\n<meta property=\"og:url\" content=\"https:\/\/www.uartes.edu.ec\/sitio\/en\/blog\/2025\/06\/02\/presencia-uartes-en-la-asamblea-general-de-la-red-academica-nacional-de-idiomas\/\" \/>\n<meta property=\"og:site_name\" content=\"Universidad de las Artes\" \/>\n<meta property=\"article:publisher\" content=\"https:\/\/www.facebook.com\/uartesec\" \/>\n<meta property=\"article:published_time\" content=\"2025-06-02T23:13:54+00:00\" \/>\n<meta property=\"article:modified_time\" content=\"2025-06-02T23:21:13+00:00\" \/>\n<meta property=\"og:image\" content=\"https:\/\/www.uartes.edu.ec\/sitio\/wp-content\/uploads\/2025\/06\/02-UArtes-en-Asamblea-RANI.jpg\" \/>\n\t<meta property=\"og:image:width\" content=\"2000\" \/>\n\t<meta property=\"og:image:height\" content=\"1333\" \/>\n\t<meta property=\"og:image:type\" content=\"image\/jpeg\" \/>\n<meta name=\"author\" content=\"ccortez\" \/>\n<meta name=\"twitter:card\" content=\"summary_large_image\" \/>\n<meta name=\"twitter:creator\" content=\"@uartesec\" \/>\n<meta name=\"twitter:site\" content=\"@uartesec\" \/>\n<meta name=\"twitter:label1\" content=\"Written by\" \/>\n\t<meta name=\"twitter:data1\" content=\"ccortez\" \/>\n\t<meta name=\"twitter:label2\" content=\"Est. reading time\" \/>\n\t<meta name=\"twitter:data2\" content=\"3 minutes\" \/>\n<script type=\"application\/ld+json\" class=\"yoast-schema-graph\">{\"@context\":\"https:\\\/\\\/schema.org\",\"@graph\":[{\"@type\":\"Article\",\"@id\":\"https:\\\/\\\/www.uartes.edu.ec\\\/sitio\\\/en\\\/blog\\\/2025\\\/06\\\/02\\\/presencia-uartes-en-la-asamblea-general-de-la-red-academica-nacional-de-idiomas\\\/#article\",\"isPartOf\":{\"@id\":\"https:\\\/\\\/www.uartes.edu.ec\\\/sitio\\\/en\\\/blog\\\/2025\\\/06\\\/02\\\/presencia-uartes-en-la-asamblea-general-de-la-red-academica-nacional-de-idiomas\\\/\"},\"author\":{\"name\":\"ccortez\",\"@id\":\"https:\\\/\\\/www.uartes.edu.ec\\\/sitio\\\/en\\\/#\\\/schema\\\/person\\\/efa1b8275797664fd7f13a79ccc0b1f4\"},\"headline\":\"Presencia UArtes en la Asamblea General de la Red Acad\u00e9mica Nacional de Idiomas\",\"datePublished\":\"2025-06-02T23:13:54+00:00\",\"dateModified\":\"2025-06-02T23:21:13+00:00\",\"mainEntityOfPage\":{\"@id\":\"https:\\\/\\\/www.uartes.edu.ec\\\/sitio\\\/en\\\/blog\\\/2025\\\/06\\\/02\\\/presencia-uartes-en-la-asamblea-general-de-la-red-academica-nacional-de-idiomas\\\/\"},\"wordCount\":526,\"commentCount\":0,\"publisher\":{\"@id\":\"https:\\\/\\\/www.uartes.edu.ec\\\/sitio\\\/en\\\/#organization\"},\"image\":{\"@id\":\"https:\\\/\\\/www.uartes.edu.ec\\\/sitio\\\/en\\\/blog\\\/2025\\\/06\\\/02\\\/presencia-uartes-en-la-asamblea-general-de-la-red-academica-nacional-de-idiomas\\\/#primaryimage\"},\"thumbnailUrl\":\"https:\\\/\\\/www.uartes.edu.ec\\\/sitio\\\/wp-content\\\/uploads\\\/2025\\\/06\\\/02-UArtes-en-Asamblea-RANI.jpg\",\"keywords\":[\"participaci\u00f3n\"],\"articleSection\":[\"Acad\u00e9mico\",\"Docentes\",\"Gesti\u00f3n\",\"Lenguas Extranjeras\"],\"inLanguage\":\"en-US\",\"potentialAction\":[{\"@type\":\"CommentAction\",\"name\":\"Comment\",\"target\":[\"https:\\\/\\\/www.uartes.edu.ec\\\/sitio\\\/en\\\/blog\\\/2025\\\/06\\\/02\\\/presencia-uartes-en-la-asamblea-general-de-la-red-academica-nacional-de-idiomas\\\/#respond\"]}]},{\"@type\":[\"WebPage\",\"ItemPage\"],\"@id\":\"https:\\\/\\\/www.uartes.edu.ec\\\/sitio\\\/en\\\/blog\\\/2025\\\/06\\\/02\\\/presencia-uartes-en-la-asamblea-general-de-la-red-academica-nacional-de-idiomas\\\/\",\"url\":\"https:\\\/\\\/www.uartes.edu.ec\\\/sitio\\\/en\\\/blog\\\/2025\\\/06\\\/02\\\/presencia-uartes-en-la-asamblea-general-de-la-red-academica-nacional-de-idiomas\\\/\",\"name\":\"Universidad de las Artes - Presencia UArtes en la Asamblea General de la Red Acad\u00e9mica Nacional de Idiomas\",\"isPartOf\":{\"@id\":\"https:\\\/\\\/www.uartes.edu.ec\\\/sitio\\\/en\\\/#website\"},\"primaryImageOfPage\":{\"@id\":\"https:\\\/\\\/www.uartes.edu.ec\\\/sitio\\\/en\\\/blog\\\/2025\\\/06\\\/02\\\/presencia-uartes-en-la-asamblea-general-de-la-red-academica-nacional-de-idiomas\\\/#primaryimage\"},\"image\":{\"@id\":\"https:\\\/\\\/www.uartes.edu.ec\\\/sitio\\\/en\\\/blog\\\/2025\\\/06\\\/02\\\/presencia-uartes-en-la-asamblea-general-de-la-red-academica-nacional-de-idiomas\\\/#primaryimage\"},\"thumbnailUrl\":\"https:\\\/\\\/www.uartes.edu.ec\\\/sitio\\\/wp-content\\\/uploads\\\/2025\\\/06\\\/02-UArtes-en-Asamblea-RANI.jpg\",\"datePublished\":\"2025-06-02T23:13:54+00:00\",\"dateModified\":\"2025-06-02T23:21:13+00:00\",\"description\":\"Universidad de las Artes - Presencia UArtes en la Asamblea General de la Red Acad\u00e9mica Nacional de Idiomas\",\"breadcrumb\":{\"@id\":\"https:\\\/\\\/www.uartes.edu.ec\\\/sitio\\\/en\\\/blog\\\/2025\\\/06\\\/02\\\/presencia-uartes-en-la-asamblea-general-de-la-red-academica-nacional-de-idiomas\\\/#breadcrumb\"},\"inLanguage\":\"en-US\",\"potentialAction\":[{\"@type\":\"ReadAction\",\"target\":[\"https:\\\/\\\/www.uartes.edu.ec\\\/sitio\\\/en\\\/blog\\\/2025\\\/06\\\/02\\\/presencia-uartes-en-la-asamblea-general-de-la-red-academica-nacional-de-idiomas\\\/\"]}]},{\"@type\":\"ImageObject\",\"inLanguage\":\"en-US\",\"@id\":\"https:\\\/\\\/www.uartes.edu.ec\\\/sitio\\\/en\\\/blog\\\/2025\\\/06\\\/02\\\/presencia-uartes-en-la-asamblea-general-de-la-red-academica-nacional-de-idiomas\\\/#primaryimage\",\"url\":\"https:\\\/\\\/www.uartes.edu.ec\\\/sitio\\\/wp-content\\\/uploads\\\/2025\\\/06\\\/02-UArtes-en-Asamblea-RANI.jpg\",\"contentUrl\":\"https:\\\/\\\/www.uartes.edu.ec\\\/sitio\\\/wp-content\\\/uploads\\\/2025\\\/06\\\/02-UArtes-en-Asamblea-RANI.jpg\",\"width\":2000,\"height\":1333},{\"@type\":\"BreadcrumbList\",\"@id\":\"https:\\\/\\\/www.uartes.edu.ec\\\/sitio\\\/en\\\/blog\\\/2025\\\/06\\\/02\\\/presencia-uartes-en-la-asamblea-general-de-la-red-academica-nacional-de-idiomas\\\/#breadcrumb\",\"itemListElement\":[{\"@type\":\"ListItem\",\"position\":1,\"name\":\"Inicio\",\"item\":\"https:\\\/\\\/www.uartes.edu.ec\\\/sitio\\\/\"},{\"@type\":\"ListItem\",\"position\":2,\"name\":\"Presencia UArtes en la Asamblea General de la Red Acad\u00e9mica Nacional de Idiomas\"}]},{\"@type\":\"WebSite\",\"@id\":\"https:\\\/\\\/www.uartes.edu.ec\\\/sitio\\\/en\\\/#website\",\"url\":\"https:\\\/\\\/www.uartes.edu.ec\\\/sitio\\\/en\\\/\",\"name\":\"Universidad de las Artes\",\"description\":\"Sitio oficial de la Universidad Nacional de las Artes del Ecuador\",\"publisher\":{\"@id\":\"https:\\\/\\\/www.uartes.edu.ec\\\/sitio\\\/en\\\/#organization\"},\"potentialAction\":[{\"@type\":\"SearchAction\",\"target\":{\"@type\":\"EntryPoint\",\"urlTemplate\":\"https:\\\/\\\/www.uartes.edu.ec\\\/sitio\\\/en\\\/?s={search_term_string}\"},\"query-input\":{\"@type\":\"PropertyValueSpecification\",\"valueRequired\":true,\"valueName\":\"search_term_string\"}}],\"inLanguage\":\"en-US\"},{\"@type\":\"Organization\",\"@id\":\"https:\\\/\\\/www.uartes.edu.ec\\\/sitio\\\/en\\\/#organization\",\"name\":\"Universidad de las Artes\",\"url\":\"https:\\\/\\\/www.uartes.edu.ec\\\/sitio\\\/en\\\/\",\"logo\":{\"@type\":\"ImageObject\",\"inLanguage\":\"en-US\",\"@id\":\"https:\\\/\\\/www.uartes.edu.ec\\\/sitio\\\/en\\\/#\\\/schema\\\/logo\\\/image\\\/\",\"url\":\"https:\\\/\\\/www.uartes.edu.ec\\\/sitio\\\/wp-content\\\/uploads\\\/2022\\\/07\\\/logo-ua-horizontal.png\",\"contentUrl\":\"https:\\\/\\\/www.uartes.edu.ec\\\/sitio\\\/wp-content\\\/uploads\\\/2022\\\/07\\\/logo-ua-horizontal.png\",\"width\":800,\"height\":276,\"caption\":\"Universidad de las Artes\"},\"image\":{\"@id\":\"https:\\\/\\\/www.uartes.edu.ec\\\/sitio\\\/en\\\/#\\\/schema\\\/logo\\\/image\\\/\"},\"sameAs\":[\"https:\\\/\\\/www.facebook.com\\\/uartesec\",\"https:\\\/\\\/x.com\\\/uartesec\",\"https:\\\/\\\/www.tiktok.com\\\/@uartesec\"]},{\"@type\":\"Person\",\"@id\":\"https:\\\/\\\/www.uartes.edu.ec\\\/sitio\\\/en\\\/#\\\/schema\\\/person\\\/efa1b8275797664fd7f13a79ccc0b1f4\",\"name\":\"ccortez\",\"image\":{\"@type\":\"ImageObject\",\"inLanguage\":\"en-US\",\"@id\":\"https:\\\/\\\/secure.gravatar.com\\\/avatar\\\/b2a6f664a3ae8e074346ef91775736c5ec479e637ecced6842de9dc98b5da9cd?s=96&d=mm&r=g\",\"url\":\"https:\\\/\\\/secure.gravatar.com\\\/avatar\\\/b2a6f664a3ae8e074346ef91775736c5ec479e637ecced6842de9dc98b5da9cd?s=96&d=mm&r=g\",\"contentUrl\":\"https:\\\/\\\/secure.gravatar.com\\\/avatar\\\/b2a6f664a3ae8e074346ef91775736c5ec479e637ecced6842de9dc98b5da9cd?s=96&d=mm&r=g\",\"caption\":\"ccortez\"},\"url\":\"https:\\\/\\\/www.uartes.edu.ec\\\/sitio\\\/en\\\/blog\\\/author\\\/ccortez\\\/\"}]}<\/script>\n<!-- \/ Yoast SEO plugin. -->","yoast_head_json":{"title":"Universidad de las Artes - Presencia UArtes en la Asamblea General de la Red Acad\u00e9mica Nacional de Idiomas","description":"Universidad de las Artes - Presencia UArtes en la Asamblea General de la Red Acad\u00e9mica Nacional de Idiomas","robots":{"index":"index","follow":"follow","max-snippet":"max-snippet:-1","max-image-preview":"max-image-preview:large","max-video-preview":"max-video-preview:-1"},"canonical":"https:\/\/www.uartes.edu.ec\/sitio\/en\/blog\/2025\/06\/02\/presencia-uartes-en-la-asamblea-general-de-la-red-academica-nacional-de-idiomas\/","og_locale":"en_US","og_type":"article","og_title":"Universidad de las Artes - Presencia UArtes en la Asamblea General de la Red Acad\u00e9mica Nacional de Idiomas","og_description":"Universidad de las Artes - Presencia UArtes en la Asamblea General de la Red Acad\u00e9mica Nacional de Idiomas","og_url":"https:\/\/www.uartes.edu.ec\/sitio\/en\/blog\/2025\/06\/02\/presencia-uartes-en-la-asamblea-general-de-la-red-academica-nacional-de-idiomas\/","og_site_name":"Universidad de las Artes","article_publisher":"https:\/\/www.facebook.com\/uartesec","article_published_time":"2025-06-02T23:13:54+00:00","article_modified_time":"2025-06-02T23:21:13+00:00","og_image":[{"width":2000,"height":1333,"url":"https:\/\/www.uartes.edu.ec\/sitio\/wp-content\/uploads\/2025\/06\/02-UArtes-en-Asamblea-RANI.jpg","type":"image\/jpeg"}],"author":"ccortez","twitter_card":"summary_large_image","twitter_creator":"@uartesec","twitter_site":"@uartesec","twitter_misc":{"Written by":"ccortez","Est. reading time":"3 minutes"},"schema":{"@context":"https:\/\/schema.org","@graph":[{"@type":"Article","@id":"https:\/\/www.uartes.edu.ec\/sitio\/en\/blog\/2025\/06\/02\/presencia-uartes-en-la-asamblea-general-de-la-red-academica-nacional-de-idiomas\/#article","isPartOf":{"@id":"https:\/\/www.uartes.edu.ec\/sitio\/en\/blog\/2025\/06\/02\/presencia-uartes-en-la-asamblea-general-de-la-red-academica-nacional-de-idiomas\/"},"author":{"name":"ccortez","@id":"https:\/\/www.uartes.edu.ec\/sitio\/en\/#\/schema\/person\/efa1b8275797664fd7f13a79ccc0b1f4"},"headline":"Presencia UArtes en la Asamblea General de la Red Acad\u00e9mica Nacional de Idiomas","datePublished":"2025-06-02T23:13:54+00:00","dateModified":"2025-06-02T23:21:13+00:00","mainEntityOfPage":{"@id":"https:\/\/www.uartes.edu.ec\/sitio\/en\/blog\/2025\/06\/02\/presencia-uartes-en-la-asamblea-general-de-la-red-academica-nacional-de-idiomas\/"},"wordCount":526,"commentCount":0,"publisher":{"@id":"https:\/\/www.uartes.edu.ec\/sitio\/en\/#organization"},"image":{"@id":"https:\/\/www.uartes.edu.ec\/sitio\/en\/blog\/2025\/06\/02\/presencia-uartes-en-la-asamblea-general-de-la-red-academica-nacional-de-idiomas\/#primaryimage"},"thumbnailUrl":"https:\/\/www.uartes.edu.ec\/sitio\/wp-content\/uploads\/2025\/06\/02-UArtes-en-Asamblea-RANI.jpg","keywords":["participaci\u00f3n"],"articleSection":["Acad\u00e9mico","Docentes","Gesti\u00f3n","Lenguas Extranjeras"],"inLanguage":"en-US","potentialAction":[{"@type":"CommentAction","name":"Comment","target":["https:\/\/www.uartes.edu.ec\/sitio\/en\/blog\/2025\/06\/02\/presencia-uartes-en-la-asamblea-general-de-la-red-academica-nacional-de-idiomas\/#respond"]}]},{"@type":["WebPage","ItemPage"],"@id":"https:\/\/www.uartes.edu.ec\/sitio\/en\/blog\/2025\/06\/02\/presencia-uartes-en-la-asamblea-general-de-la-red-academica-nacional-de-idiomas\/","url":"https:\/\/www.uartes.edu.ec\/sitio\/en\/blog\/2025\/06\/02\/presencia-uartes-en-la-asamblea-general-de-la-red-academica-nacional-de-idiomas\/","name":"Universidad de las Artes - Presencia UArtes en la Asamblea General de la Red Acad\u00e9mica Nacional de Idiomas","isPartOf":{"@id":"https:\/\/www.uartes.edu.ec\/sitio\/en\/#website"},"primaryImageOfPage":{"@id":"https:\/\/www.uartes.edu.ec\/sitio\/en\/blog\/2025\/06\/02\/presencia-uartes-en-la-asamblea-general-de-la-red-academica-nacional-de-idiomas\/#primaryimage"},"image":{"@id":"https:\/\/www.uartes.edu.ec\/sitio\/en\/blog\/2025\/06\/02\/presencia-uartes-en-la-asamblea-general-de-la-red-academica-nacional-de-idiomas\/#primaryimage"},"thumbnailUrl":"https:\/\/www.uartes.edu.ec\/sitio\/wp-content\/uploads\/2025\/06\/02-UArtes-en-Asamblea-RANI.jpg","datePublished":"2025-06-02T23:13:54+00:00","dateModified":"2025-06-02T23:21:13+00:00","description":"Universidad de las Artes - Presencia UArtes en la Asamblea General de la Red Acad\u00e9mica Nacional de Idiomas","breadcrumb":{"@id":"https:\/\/www.uartes.edu.ec\/sitio\/en\/blog\/2025\/06\/02\/presencia-uartes-en-la-asamblea-general-de-la-red-academica-nacional-de-idiomas\/#breadcrumb"},"inLanguage":"en-US","potentialAction":[{"@type":"ReadAction","target":["https:\/\/www.uartes.edu.ec\/sitio\/en\/blog\/2025\/06\/02\/presencia-uartes-en-la-asamblea-general-de-la-red-academica-nacional-de-idiomas\/"]}]},{"@type":"ImageObject","inLanguage":"en-US","@id":"https:\/\/www.uartes.edu.ec\/sitio\/en\/blog\/2025\/06\/02\/presencia-uartes-en-la-asamblea-general-de-la-red-academica-nacional-de-idiomas\/#primaryimage","url":"https:\/\/www.uartes.edu.ec\/sitio\/wp-content\/uploads\/2025\/06\/02-UArtes-en-Asamblea-RANI.jpg","contentUrl":"https:\/\/www.uartes.edu.ec\/sitio\/wp-content\/uploads\/2025\/06\/02-UArtes-en-Asamblea-RANI.jpg","width":2000,"height":1333},{"@type":"BreadcrumbList","@id":"https:\/\/www.uartes.edu.ec\/sitio\/en\/blog\/2025\/06\/02\/presencia-uartes-en-la-asamblea-general-de-la-red-academica-nacional-de-idiomas\/#breadcrumb","itemListElement":[{"@type":"ListItem","position":1,"name":"Inicio","item":"https:\/\/www.uartes.edu.ec\/sitio\/"},{"@type":"ListItem","position":2,"name":"Presencia UArtes en la Asamblea General de la Red Acad\u00e9mica Nacional de Idiomas"}]},{"@type":"WebSite","@id":"https:\/\/www.uartes.edu.ec\/sitio\/en\/#website","url":"https:\/\/www.uartes.edu.ec\/sitio\/en\/","name":"Universidad de las Artes","description":"Sitio oficial de la Universidad Nacional de las Artes del Ecuador","publisher":{"@id":"https:\/\/www.uartes.edu.ec\/sitio\/en\/#organization"},"potentialAction":[{"@type":"SearchAction","target":{"@type":"EntryPoint","urlTemplate":"https:\/\/www.uartes.edu.ec\/sitio\/en\/?s={search_term_string}"},"query-input":{"@type":"PropertyValueSpecification","valueRequired":true,"valueName":"search_term_string"}}],"inLanguage":"en-US"},{"@type":"Organization","@id":"https:\/\/www.uartes.edu.ec\/sitio\/en\/#organization","name":"Universidad de las Artes","url":"https:\/\/www.uartes.edu.ec\/sitio\/en\/","logo":{"@type":"ImageObject","inLanguage":"en-US","@id":"https:\/\/www.uartes.edu.ec\/sitio\/en\/#\/schema\/logo\/image\/","url":"https:\/\/www.uartes.edu.ec\/sitio\/wp-content\/uploads\/2022\/07\/logo-ua-horizontal.png","contentUrl":"https:\/\/www.uartes.edu.ec\/sitio\/wp-content\/uploads\/2022\/07\/logo-ua-horizontal.png","width":800,"height":276,"caption":"Universidad de las Artes"},"image":{"@id":"https:\/\/www.uartes.edu.ec\/sitio\/en\/#\/schema\/logo\/image\/"},"sameAs":["https:\/\/www.facebook.com\/uartesec","https:\/\/x.com\/uartesec","https:\/\/www.tiktok.com\/@uartesec"]},{"@type":"Person","@id":"https:\/\/www.uartes.edu.ec\/sitio\/en\/#\/schema\/person\/efa1b8275797664fd7f13a79ccc0b1f4","name":"ccortez","image":{"@type":"ImageObject","inLanguage":"en-US","@id":"https:\/\/secure.gravatar.com\/avatar\/b2a6f664a3ae8e074346ef91775736c5ec479e637ecced6842de9dc98b5da9cd?s=96&d=mm&r=g","url":"https:\/\/secure.gravatar.com\/avatar\/b2a6f664a3ae8e074346ef91775736c5ec479e637ecced6842de9dc98b5da9cd?s=96&d=mm&r=g","contentUrl":"https:\/\/secure.gravatar.com\/avatar\/b2a6f664a3ae8e074346ef91775736c5ec479e637ecced6842de9dc98b5da9cd?s=96&d=mm&r=g","caption":"ccortez"},"url":"https:\/\/www.uartes.edu.ec\/sitio\/en\/blog\/author\/ccortez\/"}]}},"uagb_featured_image_src":{"full":["https:\/\/www.uartes.edu.ec\/sitio\/wp-content\/uploads\/2025\/06\/02-UArtes-en-Asamblea-RANI.jpg",2000,1333,false],"thumbnail":["https:\/\/www.uartes.edu.ec\/sitio\/wp-content\/uploads\/2025\/06\/02-UArtes-en-Asamblea-RANI-150x150.jpg",150,150,true],"medium":["https:\/\/www.uartes.edu.ec\/sitio\/wp-content\/uploads\/2025\/06\/02-UArtes-en-Asamblea-RANI-300x200.jpg",300,200,true],"medium_large":["https:\/\/www.uartes.edu.ec\/sitio\/wp-content\/uploads\/2025\/06\/02-UArtes-en-Asamblea-RANI-768x512.jpg",768,512,true],"large":["https:\/\/www.uartes.edu.ec\/sitio\/wp-content\/uploads\/2025\/06\/02-UArtes-en-Asamblea-RANI-644x429.jpg",644,429,true],"1536x1536":["https:\/\/www.uartes.edu.ec\/sitio\/wp-content\/uploads\/2025\/06\/02-UArtes-en-Asamblea-RANI-1536x1024.jpg",1536,1024,true],"2048x2048":["https:\/\/www.uartes.edu.ec\/sitio\/wp-content\/uploads\/2025\/06\/02-UArtes-en-Asamblea-RANI.jpg",2000,1333,false],"trp-custom-language-flag":["https:\/\/www.uartes.edu.ec\/sitio\/wp-content\/uploads\/2025\/06\/02-UArtes-en-Asamblea-RANI-18x12.jpg",18,12,true],"htmega_size_585x295":["https:\/\/www.uartes.edu.ec\/sitio\/wp-content\/uploads\/2025\/06\/02-UArtes-en-Asamblea-RANI-585x295.jpg",585,295,true],"htmega_size_1170x536":["https:\/\/www.uartes.edu.ec\/sitio\/wp-content\/uploads\/2025\/06\/02-UArtes-en-Asamblea-RANI-1170x536.jpg",1170,536,true],"htmega_size_396x360":["https:\/\/www.uartes.edu.ec\/sitio\/wp-content\/uploads\/2025\/06\/02-UArtes-en-Asamblea-RANI-396x360.jpg",396,360,true],"gb-block-post-grid-landscape":["https:\/\/www.uartes.edu.ec\/sitio\/wp-content\/uploads\/2025\/06\/02-UArtes-en-Asamblea-RANI-600x400.jpg",600,400,true],"gb-block-post-grid-square":["https:\/\/www.uartes.edu.ec\/sitio\/wp-content\/uploads\/2025\/06\/02-UArtes-en-Asamblea-RANI-600x600.jpg",600,600,true],"university-hub-thumb":["https:\/\/www.uartes.edu.ec\/sitio\/wp-content\/uploads\/2025\/06\/02-UArtes-en-Asamblea-RANI-400x267.jpg",400,267,true],"mailpoet_newsletter_max":["https:\/\/www.uartes.edu.ec\/sitio\/wp-content\/uploads\/2025\/06\/02-UArtes-en-Asamblea-RANI.jpg",1320,880,false]},"uagb_author_info":{"display_name":"ccortez","author_link":"https:\/\/www.uartes.edu.ec\/sitio\/en\/blog\/author\/ccortez\/"},"uagb_comment_info":0,"uagb_excerpt":"La Universidad de las Artes particip\u00f3 activamente en la Asamblea General de la Red Acad\u00e9mica Nacional de Idiomas (RANI), realizada los d\u00edas 29 y 30 de mayo de 2025 en la Universidad Yachay Tech. Este encuentro congreg\u00f3 a representantes de 30 instituciones de educaci\u00f3n superior del pa\u00eds, con el objetivo de dialogar y proponer acciones&hellip;","featured_image_src":"https:\/\/www.uartes.edu.ec\/sitio\/wp-content\/uploads\/2025\/06\/02-UArtes-en-Asamblea-RANI-600x400.jpg","featured_image_src_square":"https:\/\/www.uartes.edu.ec\/sitio\/wp-content\/uploads\/2025\/06\/02-UArtes-en-Asamblea-RANI-600x600.jpg","author_info":{"display_name":"ccortez","author_link":"https:\/\/www.uartes.edu.ec\/sitio\/en\/blog\/author\/ccortez\/"},"publishpress_future_workflow_manual_trigger":{"enabledWorkflows":[]},"distributor_meta":false,"distributor_terms":false,"distributor_media":false,"distributor_original_site_name":"Universidad de las Artes","distributor_original_site_url":"https:\/\/www.uartes.edu.ec\/sitio\/en","push-errors":false,"_links":{"self":[{"href":"https:\/\/www.uartes.edu.ec\/sitio\/en\/wp-json\/wp\/v2\/posts\/72880","targetHints":{"allow":["GET"]}}],"collection":[{"href":"https:\/\/www.uartes.edu.ec\/sitio\/en\/wp-json\/wp\/v2\/posts"}],"about":[{"href":"https:\/\/www.uartes.edu.ec\/sitio\/en\/wp-json\/wp\/v2\/types\/post"}],"author":[{"embeddable":true,"href":"https:\/\/www.uartes.edu.ec\/sitio\/en\/wp-json\/wp\/v2\/users\/10"}],"replies":[{"embeddable":true,"href":"https:\/\/www.uartes.edu.ec\/sitio\/en\/wp-json\/wp\/v2\/comments?post=72880"}],"version-history":[{"count":4,"href":"https:\/\/www.uartes.edu.ec\/sitio\/en\/wp-json\/wp\/v2\/posts\/72880\/revisions"}],"predecessor-version":[{"id":72898,"href":"https:\/\/www.uartes.edu.ec\/sitio\/en\/wp-json\/wp\/v2\/posts\/72880\/revisions\/72898"}],"wp:featuredmedia":[{"embeddable":true,"href":"https:\/\/www.uartes.edu.ec\/sitio\/en\/wp-json\/wp\/v2\/media\/72892"}],"wp:attachment":[{"href":"https:\/\/www.uartes.edu.ec\/sitio\/en\/wp-json\/wp\/v2\/media?parent=72880"}],"wp:term":[{"taxonomy":"category","embeddable":true,"href":"https:\/\/www.uartes.edu.ec\/sitio\/en\/wp-json\/wp\/v2\/categories?post=72880"},{"taxonomy":"post_tag","embeddable":true,"href":"https:\/\/www.uartes.edu.ec\/sitio\/en\/wp-json\/wp\/v2\/tags?post=72880"},{"taxonomy":"infouartes","embeddable":true,"href":"https:\/\/www.uartes.edu.ec\/sitio\/en\/wp-json\/wp\/v2\/infouartes?post=72880"}],"curies":[{"name":"wp","href":"https:\/\/api.w.org\/{rel}","templated":true}]}}