{"id":73116,"date":"2025-06-04T17:20:00","date_gmt":"2025-06-04T22:20:00","guid":{"rendered":"https:\/\/www.uartes.edu.ec\/sitio\/?p=73116"},"modified":"2025-06-08T21:13:48","modified_gmt":"2025-06-09T02:13:48","slug":"docente-ybelice-briceno-en-socializacion-de-indagaciones-sobre-practicas-de-conversion-sexual-y-vulneracion-de-dd-hh-en-ecuador","status":"publish","type":"post","link":"https:\/\/www.uartes.edu.ec\/sitio\/en\/blog\/2025\/06\/04\/docente-ybelice-briceno-en-socializacion-de-indagaciones-sobre-practicas-de-conversion-sexual-y-vulneracion-de-dd-hh-en-ecuador\/","title":{"rendered":"Docente Ybelice Brice\u00f1o, en socializaci\u00f3n de investigaciones sobre las pr\u00e1cticas de conversi\u00f3n sexual y vulneraci\u00f3n de DD. HH."},"content":{"rendered":"<p>Organizada conjuntamente con la Subsecretar\u00eda de Diversidades del Ministerio de la Mujer y Derechos Humanos, la Fundaci\u00f3n Mujer&nbsp;&amp; Mujer present\u00f3 en una jornada de socializaci\u00f3n los resultados de la investigaci\u00f3n \u201cCiudadan\u00eda y Cultura: Pr\u00e1cticas de conversi\u00f3n sexual, su relaci\u00f3n con la violencia basada en g\u00e9nero, formas de tortura y vulneraci\u00f3n de derechos humanos en Ecuador\u201d.<\/p>\n\n\n\n<p>En el acto, que tuvo lugar en la Gobernaci\u00f3n del Guayas, particip\u00f3 como invitada la docente UArtes Ybelice Brice\u00f1o Linares, a quien la Fundaci\u00f3n Mujer&nbsp;&amp; Mujer le pidi\u00f3 exponer su an\u00e1lisis sobre la investigaci\u00f3n y a compartir, como acad\u00e9mica, recomendaciones dirigidas al Estado y a la sociedad civil organizada, con una mirada desde la cultura y su necesaria transformaci\u00f3n para una comprensi\u00f3n m\u00e1s inclusiva de la diversidad.<\/p>\n\n\n\n<p>De Mujer&nbsp;&amp; Mujer, cuya directora ejecutiva es L\u00eda Burbano, es una organizaci\u00f3n de la sociedad civil que trabaja por los derechos de mujeres y personas LGBTIQ+ en el pa\u00eds y en la regi\u00f3n. Su investigaci\u00f3n cont\u00f3 con el apoyo de Outright International, lo cual permiti\u00f3&nbsp;realizar una aproximaci\u00f3n profunda y actualizada de las vulneraciones de derechos relacionadas con esta problem\u00e1tica.<\/p>\n\n\n\n<p>La socializaci\u00f3n, que se desarroll\u00f3 en el marco del D\u00eda Internacional contra la Homofobia, Lesbofobia, Transfobia y Bifobia (IDAHOBIT), que se conmemora cada 17 de mayo, apunt\u00f3 justamente a visibilizar las pr\u00e1cticas de conversi\u00f3n sexual que siguen ocurriendo en Ecuador, as\u00ed como su relaci\u00f3n con la violencia basada en g\u00e9nero, las formas de tortura y la vulneraci\u00f3n de los derechos humanos de personas LGBTIQ+.<\/p>\n\n\n<div class=\"wp-block-image\">\n<figure class=\"aligncenter size-large\"><img fetchpriority=\"high\" decoding=\"async\" width=\"644\" height=\"428\" src=\"https:\/\/www.uartes.edu.ec\/sitio\/wp-content\/uploads\/2025\/06\/Proyecto-Cambiar-tamano-de-imagen-2025-06-03T123338.236-644x428.jpeg\" alt=\"\" class=\"wp-image-73118\" srcset=\"https:\/\/www.uartes.edu.ec\/sitio\/wp-content\/uploads\/2025\/06\/Proyecto-Cambiar-tamano-de-imagen-2025-06-03T123338.236-644x428.jpeg 644w, https:\/\/www.uartes.edu.ec\/sitio\/wp-content\/uploads\/2025\/06\/Proyecto-Cambiar-tamano-de-imagen-2025-06-03T123338.236-300x199.jpeg 300w, https:\/\/www.uartes.edu.ec\/sitio\/wp-content\/uploads\/2025\/06\/Proyecto-Cambiar-tamano-de-imagen-2025-06-03T123338.236-768x510.jpeg 768w, https:\/\/www.uartes.edu.ec\/sitio\/wp-content\/uploads\/2025\/06\/Proyecto-Cambiar-tamano-de-imagen-2025-06-03T123338.236-1536x1020.jpeg 1536w, https:\/\/www.uartes.edu.ec\/sitio\/wp-content\/uploads\/2025\/06\/Proyecto-Cambiar-tamano-de-imagen-2025-06-03T123338.236-18x12.jpeg 18w, https:\/\/www.uartes.edu.ec\/sitio\/wp-content\/uploads\/2025\/06\/Proyecto-Cambiar-tamano-de-imagen-2025-06-03T123338.236-600x400.jpeg 600w, https:\/\/www.uartes.edu.ec\/sitio\/wp-content\/uploads\/2025\/06\/Proyecto-Cambiar-tamano-de-imagen-2025-06-03T123338.236-400x266.jpeg 400w, https:\/\/www.uartes.edu.ec\/sitio\/wp-content\/uploads\/2025\/06\/Proyecto-Cambiar-tamano-de-imagen-2025-06-03T123338.236.jpeg 1908w\" sizes=\"(max-width: 644px) 100vw, 644px\" \/><\/figure>\n<\/div>\n\n\n<p>La investigaci\u00f3n aborda lo que se conoce como terapias de reconversi\u00f3n sexual en Ecuador, que realmente son pr\u00e1cticas de tortura hacia las personas sexodiversas, que implican distintos tipos de malos tratos, formas de violencia ps\u00edquicas, incluso en algunos casos violaciones, encierros, y es una investigaci\u00f3n bastante amplia, hecha en distintas ciudades del Ecuador, que implic\u00f3 entrevistas, grupos focales, explic\u00f3 Ybelice Brice\u00f1o.<\/p>\n\n\n\n<p>\u201cEl trabajo, que es muy extenso y completo, est\u00e1 muy bien respaldado te\u00f3ricamente y metodol\u00f3gicamente\u201d, a\u00f1adi\u00f3 la docente UArtes, destacando la valent\u00eda de realizar ese tipo de estudios en este momento, \u201cporque a nivel internacional estamos viviendo una especie de cruzada en contra de las personas diversas sexualmente. En pa\u00edses como Estados Unidos y Argentina se est\u00e1n promoviendo, sobre todo desde sus gobiernos, discursos de odio hacia las minor\u00edas sexuales, y esos discursos muchas veces terminan legitimando o sirviendo de base para que se den pr\u00e1cticas violentas como feminicidios hacia mujeres lesbianas o hacia personas trans\u201d.<\/p>\n\n\n\n<p>Brice\u00f1o tambi\u00e9n plante\u00f3 una mirada te\u00f3rica del trabajo realizado y recuper\u00f3 la obra de una autora llamada Rita Segato, quien habla de las pedagog\u00edas de la crueldad, como ellas las denomina. \u201cHay ciertos tipos de violencia, como las de reconversi\u00f3n sexual o las violaciones colectivas, que se imprimen sobre cuerpos de mujeres y de las disidencias \u2018para aleccionar\u2019. Por eso, las llama pedagog\u00edas de la crueldad, es decir, ense\u00f1ar al resto de la poblaci\u00f3n, de una manera ejemplarizante, que ese tipo de pr\u00e1cticas desviadas, entre comillas, son sancionadas de esta manera violenta\u201d.<\/p>\n\n\n\n<p>Indica que, asimismo, plante\u00f3 la importancia de buscar mecanismos o formas de divulgaci\u00f3n de estos estudios, porque a veces se quedan en el espacio de ciertos grupos y de activistas. Mencion\u00f3 su difusi\u00f3n a trav\u00e9s de medios de comunicaci\u00f3n, sobre todo aliados, porque los medios tradicionales quiz\u00e1 no lo hagan, y de buscar formas de divulgaci\u00f3n que lleguen m\u00e1s hacia ciertos sectores, sobre todo juveniles, como redes sociales o incluso podcast.<\/p>\n\n\n<div class=\"wp-block-image\">\n<figure class=\"aligncenter size-large\"><img decoding=\"async\" width=\"644\" height=\"429\" src=\"https:\/\/www.uartes.edu.ec\/sitio\/wp-content\/uploads\/2025\/06\/Proyecto-Cambiar-tamano-de-imagen-2025-06-03T123050.554-644x429.jpeg\" alt=\"\" class=\"wp-image-73119\" srcset=\"https:\/\/www.uartes.edu.ec\/sitio\/wp-content\/uploads\/2025\/06\/Proyecto-Cambiar-tamano-de-imagen-2025-06-03T123050.554-644x429.jpeg 644w, https:\/\/www.uartes.edu.ec\/sitio\/wp-content\/uploads\/2025\/06\/Proyecto-Cambiar-tamano-de-imagen-2025-06-03T123050.554-300x200.jpeg 300w, https:\/\/www.uartes.edu.ec\/sitio\/wp-content\/uploads\/2025\/06\/Proyecto-Cambiar-tamano-de-imagen-2025-06-03T123050.554-768x512.jpeg 768w, https:\/\/www.uartes.edu.ec\/sitio\/wp-content\/uploads\/2025\/06\/Proyecto-Cambiar-tamano-de-imagen-2025-06-03T123050.554-1536x1024.jpeg 1536w, https:\/\/www.uartes.edu.ec\/sitio\/wp-content\/uploads\/2025\/06\/Proyecto-Cambiar-tamano-de-imagen-2025-06-03T123050.554-18x12.jpeg 18w, https:\/\/www.uartes.edu.ec\/sitio\/wp-content\/uploads\/2025\/06\/Proyecto-Cambiar-tamano-de-imagen-2025-06-03T123050.554-600x400.jpeg 600w, https:\/\/www.uartes.edu.ec\/sitio\/wp-content\/uploads\/2025\/06\/Proyecto-Cambiar-tamano-de-imagen-2025-06-03T123050.554-400x267.jpeg 400w, https:\/\/www.uartes.edu.ec\/sitio\/wp-content\/uploads\/2025\/06\/Proyecto-Cambiar-tamano-de-imagen-2025-06-03T123050.554.jpeg 2000w\" sizes=\"(max-width: 644px) 100vw, 644px\" \/><\/figure>\n<\/div>\n\n\n<p>Junto con los resultados planteados, en la socializaci\u00f3n se exigi\u00f3 un compromiso m\u00e1s efectivo de las instituciones p\u00fablicas involucradas en este proceso y dar seguimiento a la ruta operativa de articulaci\u00f3n interinstitucional que se cita en la investigaci\u00f3n. Esta incluye aspectos clave como la identificaci\u00f3n y el rescate de v\u00edctimas, atenci\u00f3n de casos, cierre de espacios que ofertan la supresi\u00f3n o modificaci\u00f3n de la orientaci\u00f3n sexual, identidad y\/o expresi\u00f3n de g\u00e9nero, y la judicializaci\u00f3n de los responsables, tanto personas naturales como jur\u00eddicas.&nbsp;<\/p>\n\n\n\n<p>En el resumen ejecutivo de la investigaci\u00f3n, se cita que, de modo hist\u00f3rico, se ha buscado \u201ccurar\u201d o \u201ccorregir\u201d la orientaci\u00f3n sexual, identidad y expresi\u00f3n de g\u00e9nero de aquellas personas que no se ajustan a los patrones heteronormativos, lo cual puede derivar en graves consecuencias en la salud f\u00edsica y emocional que afectan directamente la calidad de vida de las personas LGBT+.<\/p>\n\n\n\n<p>La investigaci\u00f3n consta de dos partes: contextualiza los avances normativos en materia de derechos humanos en Ecuador frente a la problem\u00e1tica anteriormente mencionada, a la luz de una matriz cultural binaria y heteronormativa en la que se conjugan diversas manifestaciones de violencia, entre ellas la violencia por prejuicio y la violencia basada en g\u00e9nero.<\/p>\n\n\n\n<p>Documenta tambi\u00e9n las experiencias alrededor de estas pr\u00e1cticas y sus consecuencias, mediante una metodolog\u00eda cualitativa aplicada en cuatro ciudades del pa\u00eds: Guayaquil, Cuenca, Quito e Ibarra.<\/p>\n\n\n\n<p>Los principales hallazgos indican que los espacios sociales, tales como familia, educaci\u00f3n y religi\u00f3n, representan primordialmente focos en los que se gestan las experiencias de riesgo, amenaza o vulneraci\u00f3n de derechos humanos. Esto incluye pr\u00e1cticas de conversi\u00f3n sexual que buscan cambiar o modificar la orientaci\u00f3n sexual, identidad de g\u00e9nero y expresi\u00f3n de g\u00e9nero en contra de la voluntad de personas LGBT+.<\/p>\n\n\n\n<p>Texto y fotos: colaboraci\u00f3n de la docente Ybelice Brice\u00f1o.<\/p>","protected":false},"excerpt":{"rendered":"<p>Organizada con la Subsecretar\u00eda de Diversidades del Ministerio de la Mujer y Derechos Humanos, la Fundaci\u00f3n Mujer &amp; Mujer present\u00f3 los resultados de la investigaci\u00f3n \u201cCiudadan\u00eda y Cultura: Pr\u00e1cticas de conversi\u00f3n sexual, su relaci\u00f3n con la violencia basada en g\u00e9nero, formas de tortura y vulneraci\u00f3n de derechos humanos en Ecuador\u201d. En el acto particip\u00f3 como invitada para su an\u00e1lisis la docente UArtes Ybelice Brice\u00f1o.<\/p>","protected":false},"author":10,"featured_media":73117,"comment_status":"open","ping_status":"open","sticky":false,"template":"","format":"standard","meta":{"_acf_changed":false,"_uag_custom_page_level_css":"","_monsterinsights_skip_tracking":false,"_monsterinsights_sitenote_active":false,"_monsterinsights_sitenote_note":"","_monsterinsights_sitenote_category":0,"cybocfi_hide_featured_image":"","footnotes":""},"categories":[80,75,284],"tags":[1055],"infouartes":[],"class_list":["post-73116","post","type-post","status-publish","format-standard","has-post-thumbnail","hentry","category-academico","category-docentes","category-investigacion","tag-participacion"],"acf":[],"yoast_head":"<!-- This site is optimized with the Yoast SEO plugin v27.4 - https:\/\/yoast.com\/product\/yoast-seo-wordpress\/ -->\n<title>Universidad de las Artes - Docente Ybelice Brice\u00f1o, en socializaci\u00f3n de investigaciones sobre las pr\u00e1cticas de conversi\u00f3n sexual y vulneraci\u00f3n de DD. HH.<\/title>\n<meta name=\"description\" content=\"Universidad de las Artes - Docente Ybelice Brice\u00f1o, en socializaci\u00f3n de investigaciones sobre las pr\u00e1cticas de conversi\u00f3n sexual y vulneraci\u00f3n de DD. HH.\" \/>\n<meta name=\"robots\" content=\"index, follow, max-snippet:-1, max-image-preview:large, max-video-preview:-1\" \/>\n<link rel=\"canonical\" href=\"https:\/\/www.uartes.edu.ec\/sitio\/en\/blog\/2025\/06\/04\/docente-ybelice-briceno-en-socializacion-de-indagaciones-sobre-practicas-de-conversion-sexual-y-vulneracion-de-dd-hh-en-ecuador\/\" \/>\n<meta property=\"og:locale\" content=\"en_US\" \/>\n<meta property=\"og:type\" content=\"article\" \/>\n<meta property=\"og:title\" content=\"Universidad de las Artes - Docente Ybelice Brice\u00f1o, en socializaci\u00f3n de investigaciones sobre las pr\u00e1cticas de conversi\u00f3n sexual y vulneraci\u00f3n de DD. HH.\" \/>\n<meta property=\"og:description\" content=\"Universidad de las Artes - Docente Ybelice Brice\u00f1o, en socializaci\u00f3n de investigaciones sobre las pr\u00e1cticas de conversi\u00f3n sexual y vulneraci\u00f3n de DD. HH.\" \/>\n<meta property=\"og:url\" content=\"https:\/\/www.uartes.edu.ec\/sitio\/en\/blog\/2025\/06\/04\/docente-ybelice-briceno-en-socializacion-de-indagaciones-sobre-practicas-de-conversion-sexual-y-vulneracion-de-dd-hh-en-ecuador\/\" \/>\n<meta property=\"og:site_name\" content=\"Universidad de las Artes\" \/>\n<meta property=\"article:publisher\" content=\"https:\/\/www.facebook.com\/uartesec\" \/>\n<meta property=\"article:published_time\" content=\"2025-06-04T22:20:00+00:00\" \/>\n<meta property=\"article:modified_time\" content=\"2025-06-09T02:13:48+00:00\" \/>\n<meta property=\"og:image\" content=\"https:\/\/www.uartes.edu.ec\/sitio\/wp-content\/uploads\/2025\/06\/Proyecto-Cambiar-tamano-de-imagen-2025-06-03T122930.604-644x429.jpeg\" \/>\n\t<meta property=\"og:image:width\" content=\"644\" \/>\n\t<meta property=\"og:image:height\" content=\"429\" \/>\n\t<meta property=\"og:image:type\" content=\"image\/jpeg\" \/>\n<meta name=\"author\" content=\"ccortez\" \/>\n<meta name=\"twitter:card\" content=\"summary_large_image\" \/>\n<meta name=\"twitter:creator\" content=\"@uartesec\" \/>\n<meta name=\"twitter:site\" content=\"@uartesec\" \/>\n<meta name=\"twitter:label1\" content=\"Written by\" \/>\n\t<meta name=\"twitter:data1\" content=\"ccortez\" \/>\n\t<meta name=\"twitter:label2\" content=\"Est. reading time\" \/>\n\t<meta name=\"twitter:data2\" content=\"5 minutes\" \/>\n<script type=\"application\/ld+json\" class=\"yoast-schema-graph\">{\"@context\":\"https:\\\/\\\/schema.org\",\"@graph\":[{\"@type\":\"Article\",\"@id\":\"https:\\\/\\\/www.uartes.edu.ec\\\/sitio\\\/en\\\/blog\\\/2025\\\/06\\\/04\\\/docente-ybelice-briceno-en-socializacion-de-indagaciones-sobre-practicas-de-conversion-sexual-y-vulneracion-de-dd-hh-en-ecuador\\\/#article\",\"isPartOf\":{\"@id\":\"https:\\\/\\\/www.uartes.edu.ec\\\/sitio\\\/en\\\/blog\\\/2025\\\/06\\\/04\\\/docente-ybelice-briceno-en-socializacion-de-indagaciones-sobre-practicas-de-conversion-sexual-y-vulneracion-de-dd-hh-en-ecuador\\\/\"},\"author\":{\"name\":\"ccortez\",\"@id\":\"https:\\\/\\\/www.uartes.edu.ec\\\/sitio\\\/en\\\/#\\\/schema\\\/person\\\/efa1b8275797664fd7f13a79ccc0b1f4\"},\"headline\":\"Docente Ybelice Brice\u00f1o, en socializaci\u00f3n de investigaciones sobre las pr\u00e1cticas de conversi\u00f3n sexual y vulneraci\u00f3n de DD. HH.\",\"datePublished\":\"2025-06-04T22:20:00+00:00\",\"dateModified\":\"2025-06-09T02:13:48+00:00\",\"mainEntityOfPage\":{\"@id\":\"https:\\\/\\\/www.uartes.edu.ec\\\/sitio\\\/en\\\/blog\\\/2025\\\/06\\\/04\\\/docente-ybelice-briceno-en-socializacion-de-indagaciones-sobre-practicas-de-conversion-sexual-y-vulneracion-de-dd-hh-en-ecuador\\\/\"},\"wordCount\":992,\"commentCount\":0,\"publisher\":{\"@id\":\"https:\\\/\\\/www.uartes.edu.ec\\\/sitio\\\/en\\\/#organization\"},\"image\":{\"@id\":\"https:\\\/\\\/www.uartes.edu.ec\\\/sitio\\\/en\\\/blog\\\/2025\\\/06\\\/04\\\/docente-ybelice-briceno-en-socializacion-de-indagaciones-sobre-practicas-de-conversion-sexual-y-vulneracion-de-dd-hh-en-ecuador\\\/#primaryimage\"},\"thumbnailUrl\":\"https:\\\/\\\/www.uartes.edu.ec\\\/sitio\\\/wp-content\\\/uploads\\\/2025\\\/06\\\/Proyecto-Cambiar-tamano-de-imagen-2025-06-03T122930.604.jpeg\",\"keywords\":[\"participaci\u00f3n\"],\"articleSection\":[\"Acad\u00e9mico\",\"Docentes\",\"Investigaci\u00f3n\"],\"inLanguage\":\"en-US\",\"potentialAction\":[{\"@type\":\"CommentAction\",\"name\":\"Comment\",\"target\":[\"https:\\\/\\\/www.uartes.edu.ec\\\/sitio\\\/en\\\/blog\\\/2025\\\/06\\\/04\\\/docente-ybelice-briceno-en-socializacion-de-indagaciones-sobre-practicas-de-conversion-sexual-y-vulneracion-de-dd-hh-en-ecuador\\\/#respond\"]}]},{\"@type\":[\"WebPage\",\"ItemPage\"],\"@id\":\"https:\\\/\\\/www.uartes.edu.ec\\\/sitio\\\/en\\\/blog\\\/2025\\\/06\\\/04\\\/docente-ybelice-briceno-en-socializacion-de-indagaciones-sobre-practicas-de-conversion-sexual-y-vulneracion-de-dd-hh-en-ecuador\\\/\",\"url\":\"https:\\\/\\\/www.uartes.edu.ec\\\/sitio\\\/en\\\/blog\\\/2025\\\/06\\\/04\\\/docente-ybelice-briceno-en-socializacion-de-indagaciones-sobre-practicas-de-conversion-sexual-y-vulneracion-de-dd-hh-en-ecuador\\\/\",\"name\":\"Universidad de las Artes - Docente Ybelice Brice\u00f1o, en socializaci\u00f3n de investigaciones sobre las pr\u00e1cticas de conversi\u00f3n sexual y vulneraci\u00f3n de DD. HH.\",\"isPartOf\":{\"@id\":\"https:\\\/\\\/www.uartes.edu.ec\\\/sitio\\\/en\\\/#website\"},\"primaryImageOfPage\":{\"@id\":\"https:\\\/\\\/www.uartes.edu.ec\\\/sitio\\\/en\\\/blog\\\/2025\\\/06\\\/04\\\/docente-ybelice-briceno-en-socializacion-de-indagaciones-sobre-practicas-de-conversion-sexual-y-vulneracion-de-dd-hh-en-ecuador\\\/#primaryimage\"},\"image\":{\"@id\":\"https:\\\/\\\/www.uartes.edu.ec\\\/sitio\\\/en\\\/blog\\\/2025\\\/06\\\/04\\\/docente-ybelice-briceno-en-socializacion-de-indagaciones-sobre-practicas-de-conversion-sexual-y-vulneracion-de-dd-hh-en-ecuador\\\/#primaryimage\"},\"thumbnailUrl\":\"https:\\\/\\\/www.uartes.edu.ec\\\/sitio\\\/wp-content\\\/uploads\\\/2025\\\/06\\\/Proyecto-Cambiar-tamano-de-imagen-2025-06-03T122930.604.jpeg\",\"datePublished\":\"2025-06-04T22:20:00+00:00\",\"dateModified\":\"2025-06-09T02:13:48+00:00\",\"description\":\"Universidad de las Artes - Docente Ybelice Brice\u00f1o, en socializaci\u00f3n de investigaciones sobre las pr\u00e1cticas de conversi\u00f3n sexual y vulneraci\u00f3n de DD. HH.\",\"breadcrumb\":{\"@id\":\"https:\\\/\\\/www.uartes.edu.ec\\\/sitio\\\/en\\\/blog\\\/2025\\\/06\\\/04\\\/docente-ybelice-briceno-en-socializacion-de-indagaciones-sobre-practicas-de-conversion-sexual-y-vulneracion-de-dd-hh-en-ecuador\\\/#breadcrumb\"},\"inLanguage\":\"en-US\",\"potentialAction\":[{\"@type\":\"ReadAction\",\"target\":[\"https:\\\/\\\/www.uartes.edu.ec\\\/sitio\\\/en\\\/blog\\\/2025\\\/06\\\/04\\\/docente-ybelice-briceno-en-socializacion-de-indagaciones-sobre-practicas-de-conversion-sexual-y-vulneracion-de-dd-hh-en-ecuador\\\/\"]}]},{\"@type\":\"ImageObject\",\"inLanguage\":\"en-US\",\"@id\":\"https:\\\/\\\/www.uartes.edu.ec\\\/sitio\\\/en\\\/blog\\\/2025\\\/06\\\/04\\\/docente-ybelice-briceno-en-socializacion-de-indagaciones-sobre-practicas-de-conversion-sexual-y-vulneracion-de-dd-hh-en-ecuador\\\/#primaryimage\",\"url\":\"https:\\\/\\\/www.uartes.edu.ec\\\/sitio\\\/wp-content\\\/uploads\\\/2025\\\/06\\\/Proyecto-Cambiar-tamano-de-imagen-2025-06-03T122930.604.jpeg\",\"contentUrl\":\"https:\\\/\\\/www.uartes.edu.ec\\\/sitio\\\/wp-content\\\/uploads\\\/2025\\\/06\\\/Proyecto-Cambiar-tamano-de-imagen-2025-06-03T122930.604.jpeg\",\"width\":2000,\"height\":1333},{\"@type\":\"BreadcrumbList\",\"@id\":\"https:\\\/\\\/www.uartes.edu.ec\\\/sitio\\\/en\\\/blog\\\/2025\\\/06\\\/04\\\/docente-ybelice-briceno-en-socializacion-de-indagaciones-sobre-practicas-de-conversion-sexual-y-vulneracion-de-dd-hh-en-ecuador\\\/#breadcrumb\",\"itemListElement\":[{\"@type\":\"ListItem\",\"position\":1,\"name\":\"Inicio\",\"item\":\"https:\\\/\\\/www.uartes.edu.ec\\\/sitio\\\/\"},{\"@type\":\"ListItem\",\"position\":2,\"name\":\"Docente Ybelice Brice\u00f1o, en socializaci\u00f3n de investigaciones sobre las pr\u00e1cticas de conversi\u00f3n sexual y vulneraci\u00f3n de DD. HH.\"}]},{\"@type\":\"WebSite\",\"@id\":\"https:\\\/\\\/www.uartes.edu.ec\\\/sitio\\\/en\\\/#website\",\"url\":\"https:\\\/\\\/www.uartes.edu.ec\\\/sitio\\\/en\\\/\",\"name\":\"Universidad de las Artes\",\"description\":\"Sitio oficial de la Universidad Nacional de las Artes del Ecuador\",\"publisher\":{\"@id\":\"https:\\\/\\\/www.uartes.edu.ec\\\/sitio\\\/en\\\/#organization\"},\"potentialAction\":[{\"@type\":\"SearchAction\",\"target\":{\"@type\":\"EntryPoint\",\"urlTemplate\":\"https:\\\/\\\/www.uartes.edu.ec\\\/sitio\\\/en\\\/?s={search_term_string}\"},\"query-input\":{\"@type\":\"PropertyValueSpecification\",\"valueRequired\":true,\"valueName\":\"search_term_string\"}}],\"inLanguage\":\"en-US\"},{\"@type\":\"Organization\",\"@id\":\"https:\\\/\\\/www.uartes.edu.ec\\\/sitio\\\/en\\\/#organization\",\"name\":\"Universidad de las Artes\",\"url\":\"https:\\\/\\\/www.uartes.edu.ec\\\/sitio\\\/en\\\/\",\"logo\":{\"@type\":\"ImageObject\",\"inLanguage\":\"en-US\",\"@id\":\"https:\\\/\\\/www.uartes.edu.ec\\\/sitio\\\/en\\\/#\\\/schema\\\/logo\\\/image\\\/\",\"url\":\"https:\\\/\\\/www.uartes.edu.ec\\\/sitio\\\/wp-content\\\/uploads\\\/2022\\\/07\\\/logo-ua-horizontal.png\",\"contentUrl\":\"https:\\\/\\\/www.uartes.edu.ec\\\/sitio\\\/wp-content\\\/uploads\\\/2022\\\/07\\\/logo-ua-horizontal.png\",\"width\":800,\"height\":276,\"caption\":\"Universidad de las Artes\"},\"image\":{\"@id\":\"https:\\\/\\\/www.uartes.edu.ec\\\/sitio\\\/en\\\/#\\\/schema\\\/logo\\\/image\\\/\"},\"sameAs\":[\"https:\\\/\\\/www.facebook.com\\\/uartesec\",\"https:\\\/\\\/x.com\\\/uartesec\",\"https:\\\/\\\/www.tiktok.com\\\/@uartesec\"]},{\"@type\":\"Person\",\"@id\":\"https:\\\/\\\/www.uartes.edu.ec\\\/sitio\\\/en\\\/#\\\/schema\\\/person\\\/efa1b8275797664fd7f13a79ccc0b1f4\",\"name\":\"ccortez\",\"image\":{\"@type\":\"ImageObject\",\"inLanguage\":\"en-US\",\"@id\":\"https:\\\/\\\/secure.gravatar.com\\\/avatar\\\/b2a6f664a3ae8e074346ef91775736c5ec479e637ecced6842de9dc98b5da9cd?s=96&d=mm&r=g\",\"url\":\"https:\\\/\\\/secure.gravatar.com\\\/avatar\\\/b2a6f664a3ae8e074346ef91775736c5ec479e637ecced6842de9dc98b5da9cd?s=96&d=mm&r=g\",\"contentUrl\":\"https:\\\/\\\/secure.gravatar.com\\\/avatar\\\/b2a6f664a3ae8e074346ef91775736c5ec479e637ecced6842de9dc98b5da9cd?s=96&d=mm&r=g\",\"caption\":\"ccortez\"},\"url\":\"https:\\\/\\\/www.uartes.edu.ec\\\/sitio\\\/en\\\/blog\\\/author\\\/ccortez\\\/\"}]}<\/script>\n<!-- \/ Yoast SEO plugin. -->","yoast_head_json":{"title":"Universidad de las Artes - Docente Ybelice Brice\u00f1o, en socializaci\u00f3n de investigaciones sobre las pr\u00e1cticas de conversi\u00f3n sexual y vulneraci\u00f3n de DD. HH.","description":"Universidad de las Artes - Docente Ybelice Brice\u00f1o, en socializaci\u00f3n de investigaciones sobre las pr\u00e1cticas de conversi\u00f3n sexual y vulneraci\u00f3n de DD. HH.","robots":{"index":"index","follow":"follow","max-snippet":"max-snippet:-1","max-image-preview":"max-image-preview:large","max-video-preview":"max-video-preview:-1"},"canonical":"https:\/\/www.uartes.edu.ec\/sitio\/en\/blog\/2025\/06\/04\/docente-ybelice-briceno-en-socializacion-de-indagaciones-sobre-practicas-de-conversion-sexual-y-vulneracion-de-dd-hh-en-ecuador\/","og_locale":"en_US","og_type":"article","og_title":"Universidad de las Artes - Docente Ybelice Brice\u00f1o, en socializaci\u00f3n de investigaciones sobre las pr\u00e1cticas de conversi\u00f3n sexual y vulneraci\u00f3n de DD. HH.","og_description":"Universidad de las Artes - Docente Ybelice Brice\u00f1o, en socializaci\u00f3n de investigaciones sobre las pr\u00e1cticas de conversi\u00f3n sexual y vulneraci\u00f3n de DD. HH.","og_url":"https:\/\/www.uartes.edu.ec\/sitio\/en\/blog\/2025\/06\/04\/docente-ybelice-briceno-en-socializacion-de-indagaciones-sobre-practicas-de-conversion-sexual-y-vulneracion-de-dd-hh-en-ecuador\/","og_site_name":"Universidad de las Artes","article_publisher":"https:\/\/www.facebook.com\/uartesec","article_published_time":"2025-06-04T22:20:00+00:00","article_modified_time":"2025-06-09T02:13:48+00:00","og_image":[{"width":644,"height":429,"url":"https:\/\/www.uartes.edu.ec\/sitio\/wp-content\/uploads\/2025\/06\/Proyecto-Cambiar-tamano-de-imagen-2025-06-03T122930.604-644x429.jpeg","type":"image\/jpeg"}],"author":"ccortez","twitter_card":"summary_large_image","twitter_creator":"@uartesec","twitter_site":"@uartesec","twitter_misc":{"Written by":"ccortez","Est. reading time":"5 minutes"},"schema":{"@context":"https:\/\/schema.org","@graph":[{"@type":"Article","@id":"https:\/\/www.uartes.edu.ec\/sitio\/en\/blog\/2025\/06\/04\/docente-ybelice-briceno-en-socializacion-de-indagaciones-sobre-practicas-de-conversion-sexual-y-vulneracion-de-dd-hh-en-ecuador\/#article","isPartOf":{"@id":"https:\/\/www.uartes.edu.ec\/sitio\/en\/blog\/2025\/06\/04\/docente-ybelice-briceno-en-socializacion-de-indagaciones-sobre-practicas-de-conversion-sexual-y-vulneracion-de-dd-hh-en-ecuador\/"},"author":{"name":"ccortez","@id":"https:\/\/www.uartes.edu.ec\/sitio\/en\/#\/schema\/person\/efa1b8275797664fd7f13a79ccc0b1f4"},"headline":"Docente Ybelice Brice\u00f1o, en socializaci\u00f3n de investigaciones sobre las pr\u00e1cticas de conversi\u00f3n sexual y vulneraci\u00f3n de DD. HH.","datePublished":"2025-06-04T22:20:00+00:00","dateModified":"2025-06-09T02:13:48+00:00","mainEntityOfPage":{"@id":"https:\/\/www.uartes.edu.ec\/sitio\/en\/blog\/2025\/06\/04\/docente-ybelice-briceno-en-socializacion-de-indagaciones-sobre-practicas-de-conversion-sexual-y-vulneracion-de-dd-hh-en-ecuador\/"},"wordCount":992,"commentCount":0,"publisher":{"@id":"https:\/\/www.uartes.edu.ec\/sitio\/en\/#organization"},"image":{"@id":"https:\/\/www.uartes.edu.ec\/sitio\/en\/blog\/2025\/06\/04\/docente-ybelice-briceno-en-socializacion-de-indagaciones-sobre-practicas-de-conversion-sexual-y-vulneracion-de-dd-hh-en-ecuador\/#primaryimage"},"thumbnailUrl":"https:\/\/www.uartes.edu.ec\/sitio\/wp-content\/uploads\/2025\/06\/Proyecto-Cambiar-tamano-de-imagen-2025-06-03T122930.604.jpeg","keywords":["participaci\u00f3n"],"articleSection":["Acad\u00e9mico","Docentes","Investigaci\u00f3n"],"inLanguage":"en-US","potentialAction":[{"@type":"CommentAction","name":"Comment","target":["https:\/\/www.uartes.edu.ec\/sitio\/en\/blog\/2025\/06\/04\/docente-ybelice-briceno-en-socializacion-de-indagaciones-sobre-practicas-de-conversion-sexual-y-vulneracion-de-dd-hh-en-ecuador\/#respond"]}]},{"@type":["WebPage","ItemPage"],"@id":"https:\/\/www.uartes.edu.ec\/sitio\/en\/blog\/2025\/06\/04\/docente-ybelice-briceno-en-socializacion-de-indagaciones-sobre-practicas-de-conversion-sexual-y-vulneracion-de-dd-hh-en-ecuador\/","url":"https:\/\/www.uartes.edu.ec\/sitio\/en\/blog\/2025\/06\/04\/docente-ybelice-briceno-en-socializacion-de-indagaciones-sobre-practicas-de-conversion-sexual-y-vulneracion-de-dd-hh-en-ecuador\/","name":"Universidad de las Artes - Docente Ybelice Brice\u00f1o, en socializaci\u00f3n de investigaciones sobre las pr\u00e1cticas de conversi\u00f3n sexual y vulneraci\u00f3n de DD. HH.","isPartOf":{"@id":"https:\/\/www.uartes.edu.ec\/sitio\/en\/#website"},"primaryImageOfPage":{"@id":"https:\/\/www.uartes.edu.ec\/sitio\/en\/blog\/2025\/06\/04\/docente-ybelice-briceno-en-socializacion-de-indagaciones-sobre-practicas-de-conversion-sexual-y-vulneracion-de-dd-hh-en-ecuador\/#primaryimage"},"image":{"@id":"https:\/\/www.uartes.edu.ec\/sitio\/en\/blog\/2025\/06\/04\/docente-ybelice-briceno-en-socializacion-de-indagaciones-sobre-practicas-de-conversion-sexual-y-vulneracion-de-dd-hh-en-ecuador\/#primaryimage"},"thumbnailUrl":"https:\/\/www.uartes.edu.ec\/sitio\/wp-content\/uploads\/2025\/06\/Proyecto-Cambiar-tamano-de-imagen-2025-06-03T122930.604.jpeg","datePublished":"2025-06-04T22:20:00+00:00","dateModified":"2025-06-09T02:13:48+00:00","description":"Universidad de las Artes - Docente Ybelice Brice\u00f1o, en socializaci\u00f3n de investigaciones sobre las pr\u00e1cticas de conversi\u00f3n sexual y vulneraci\u00f3n de DD. HH.","breadcrumb":{"@id":"https:\/\/www.uartes.edu.ec\/sitio\/en\/blog\/2025\/06\/04\/docente-ybelice-briceno-en-socializacion-de-indagaciones-sobre-practicas-de-conversion-sexual-y-vulneracion-de-dd-hh-en-ecuador\/#breadcrumb"},"inLanguage":"en-US","potentialAction":[{"@type":"ReadAction","target":["https:\/\/www.uartes.edu.ec\/sitio\/en\/blog\/2025\/06\/04\/docente-ybelice-briceno-en-socializacion-de-indagaciones-sobre-practicas-de-conversion-sexual-y-vulneracion-de-dd-hh-en-ecuador\/"]}]},{"@type":"ImageObject","inLanguage":"en-US","@id":"https:\/\/www.uartes.edu.ec\/sitio\/en\/blog\/2025\/06\/04\/docente-ybelice-briceno-en-socializacion-de-indagaciones-sobre-practicas-de-conversion-sexual-y-vulneracion-de-dd-hh-en-ecuador\/#primaryimage","url":"https:\/\/www.uartes.edu.ec\/sitio\/wp-content\/uploads\/2025\/06\/Proyecto-Cambiar-tamano-de-imagen-2025-06-03T122930.604.jpeg","contentUrl":"https:\/\/www.uartes.edu.ec\/sitio\/wp-content\/uploads\/2025\/06\/Proyecto-Cambiar-tamano-de-imagen-2025-06-03T122930.604.jpeg","width":2000,"height":1333},{"@type":"BreadcrumbList","@id":"https:\/\/www.uartes.edu.ec\/sitio\/en\/blog\/2025\/06\/04\/docente-ybelice-briceno-en-socializacion-de-indagaciones-sobre-practicas-de-conversion-sexual-y-vulneracion-de-dd-hh-en-ecuador\/#breadcrumb","itemListElement":[{"@type":"ListItem","position":1,"name":"Inicio","item":"https:\/\/www.uartes.edu.ec\/sitio\/"},{"@type":"ListItem","position":2,"name":"Docente Ybelice Brice\u00f1o, en socializaci\u00f3n de investigaciones sobre las pr\u00e1cticas de conversi\u00f3n sexual y vulneraci\u00f3n de DD. HH."}]},{"@type":"WebSite","@id":"https:\/\/www.uartes.edu.ec\/sitio\/en\/#website","url":"https:\/\/www.uartes.edu.ec\/sitio\/en\/","name":"Universidad de las Artes","description":"Sitio oficial de la Universidad Nacional de las Artes del Ecuador","publisher":{"@id":"https:\/\/www.uartes.edu.ec\/sitio\/en\/#organization"},"potentialAction":[{"@type":"SearchAction","target":{"@type":"EntryPoint","urlTemplate":"https:\/\/www.uartes.edu.ec\/sitio\/en\/?s={search_term_string}"},"query-input":{"@type":"PropertyValueSpecification","valueRequired":true,"valueName":"search_term_string"}}],"inLanguage":"en-US"},{"@type":"Organization","@id":"https:\/\/www.uartes.edu.ec\/sitio\/en\/#organization","name":"Universidad de las Artes","url":"https:\/\/www.uartes.edu.ec\/sitio\/en\/","logo":{"@type":"ImageObject","inLanguage":"en-US","@id":"https:\/\/www.uartes.edu.ec\/sitio\/en\/#\/schema\/logo\/image\/","url":"https:\/\/www.uartes.edu.ec\/sitio\/wp-content\/uploads\/2022\/07\/logo-ua-horizontal.png","contentUrl":"https:\/\/www.uartes.edu.ec\/sitio\/wp-content\/uploads\/2022\/07\/logo-ua-horizontal.png","width":800,"height":276,"caption":"Universidad de las Artes"},"image":{"@id":"https:\/\/www.uartes.edu.ec\/sitio\/en\/#\/schema\/logo\/image\/"},"sameAs":["https:\/\/www.facebook.com\/uartesec","https:\/\/x.com\/uartesec","https:\/\/www.tiktok.com\/@uartesec"]},{"@type":"Person","@id":"https:\/\/www.uartes.edu.ec\/sitio\/en\/#\/schema\/person\/efa1b8275797664fd7f13a79ccc0b1f4","name":"ccortez","image":{"@type":"ImageObject","inLanguage":"en-US","@id":"https:\/\/secure.gravatar.com\/avatar\/b2a6f664a3ae8e074346ef91775736c5ec479e637ecced6842de9dc98b5da9cd?s=96&d=mm&r=g","url":"https:\/\/secure.gravatar.com\/avatar\/b2a6f664a3ae8e074346ef91775736c5ec479e637ecced6842de9dc98b5da9cd?s=96&d=mm&r=g","contentUrl":"https:\/\/secure.gravatar.com\/avatar\/b2a6f664a3ae8e074346ef91775736c5ec479e637ecced6842de9dc98b5da9cd?s=96&d=mm&r=g","caption":"ccortez"},"url":"https:\/\/www.uartes.edu.ec\/sitio\/en\/blog\/author\/ccortez\/"}]}},"uagb_featured_image_src":{"full":["https:\/\/www.uartes.edu.ec\/sitio\/wp-content\/uploads\/2025\/06\/Proyecto-Cambiar-tamano-de-imagen-2025-06-03T122930.604.jpeg",2000,1333,false],"thumbnail":["https:\/\/www.uartes.edu.ec\/sitio\/wp-content\/uploads\/2025\/06\/Proyecto-Cambiar-tamano-de-imagen-2025-06-03T122930.604-150x150.jpeg",150,150,true],"medium":["https:\/\/www.uartes.edu.ec\/sitio\/wp-content\/uploads\/2025\/06\/Proyecto-Cambiar-tamano-de-imagen-2025-06-03T122930.604-300x200.jpeg",300,200,true],"medium_large":["https:\/\/www.uartes.edu.ec\/sitio\/wp-content\/uploads\/2025\/06\/Proyecto-Cambiar-tamano-de-imagen-2025-06-03T122930.604-768x512.jpeg",768,512,true],"large":["https:\/\/www.uartes.edu.ec\/sitio\/wp-content\/uploads\/2025\/06\/Proyecto-Cambiar-tamano-de-imagen-2025-06-03T122930.604-644x429.jpeg",644,429,true],"1536x1536":["https:\/\/www.uartes.edu.ec\/sitio\/wp-content\/uploads\/2025\/06\/Proyecto-Cambiar-tamano-de-imagen-2025-06-03T122930.604-1536x1024.jpeg",1536,1024,true],"2048x2048":["https:\/\/www.uartes.edu.ec\/sitio\/wp-content\/uploads\/2025\/06\/Proyecto-Cambiar-tamano-de-imagen-2025-06-03T122930.604.jpeg",2000,1333,false],"trp-custom-language-flag":["https:\/\/www.uartes.edu.ec\/sitio\/wp-content\/uploads\/2025\/06\/Proyecto-Cambiar-tamano-de-imagen-2025-06-03T122930.604-18x12.jpeg",18,12,true],"htmega_size_585x295":["https:\/\/www.uartes.edu.ec\/sitio\/wp-content\/uploads\/2025\/06\/Proyecto-Cambiar-tamano-de-imagen-2025-06-03T122930.604-585x295.jpeg",585,295,true],"htmega_size_1170x536":["https:\/\/www.uartes.edu.ec\/sitio\/wp-content\/uploads\/2025\/06\/Proyecto-Cambiar-tamano-de-imagen-2025-06-03T122930.604-1170x536.jpeg",1170,536,true],"htmega_size_396x360":["https:\/\/www.uartes.edu.ec\/sitio\/wp-content\/uploads\/2025\/06\/Proyecto-Cambiar-tamano-de-imagen-2025-06-03T122930.604-396x360.jpeg",396,360,true],"gb-block-post-grid-landscape":["https:\/\/www.uartes.edu.ec\/sitio\/wp-content\/uploads\/2025\/06\/Proyecto-Cambiar-tamano-de-imagen-2025-06-03T122930.604-600x400.jpeg",600,400,true],"gb-block-post-grid-square":["https:\/\/www.uartes.edu.ec\/sitio\/wp-content\/uploads\/2025\/06\/Proyecto-Cambiar-tamano-de-imagen-2025-06-03T122930.604-600x600.jpeg",600,600,true],"university-hub-thumb":["https:\/\/www.uartes.edu.ec\/sitio\/wp-content\/uploads\/2025\/06\/Proyecto-Cambiar-tamano-de-imagen-2025-06-03T122930.604-400x267.jpeg",400,267,true]},"uagb_author_info":{"display_name":"ccortez","author_link":"https:\/\/www.uartes.edu.ec\/sitio\/en\/blog\/author\/ccortez\/"},"uagb_comment_info":0,"uagb_excerpt":"Organizada con la Subsecretar\u00eda de Diversidades del Ministerio de la Mujer y Derechos Humanos, la Fundaci\u00f3n Mujer &amp; Mujer present\u00f3 los resultados de la investigaci\u00f3n \u201cCiudadan\u00eda y Cultura: Pr\u00e1cticas de conversi\u00f3n sexual, su relaci\u00f3n con la violencia basada en g\u00e9nero, formas de tortura y vulneraci\u00f3n de derechos humanos en Ecuador\u201d. En el acto particip\u00f3 como&hellip;","featured_image_src":"https:\/\/www.uartes.edu.ec\/sitio\/wp-content\/uploads\/2025\/06\/Proyecto-Cambiar-tamano-de-imagen-2025-06-03T122930.604-600x400.jpeg","featured_image_src_square":"https:\/\/www.uartes.edu.ec\/sitio\/wp-content\/uploads\/2025\/06\/Proyecto-Cambiar-tamano-de-imagen-2025-06-03T122930.604-600x600.jpeg","author_info":{"display_name":"ccortez","author_link":"https:\/\/www.uartes.edu.ec\/sitio\/en\/blog\/author\/ccortez\/"},"publishpress_future_workflow_manual_trigger":{"enabledWorkflows":[]},"distributor_meta":false,"distributor_terms":false,"distributor_media":false,"distributor_original_site_name":"Universidad de las Artes","distributor_original_site_url":"https:\/\/www.uartes.edu.ec\/sitio\/en","push-errors":false,"_links":{"self":[{"href":"https:\/\/www.uartes.edu.ec\/sitio\/en\/wp-json\/wp\/v2\/posts\/73116","targetHints":{"allow":["GET"]}}],"collection":[{"href":"https:\/\/www.uartes.edu.ec\/sitio\/en\/wp-json\/wp\/v2\/posts"}],"about":[{"href":"https:\/\/www.uartes.edu.ec\/sitio\/en\/wp-json\/wp\/v2\/types\/post"}],"author":[{"embeddable":true,"href":"https:\/\/www.uartes.edu.ec\/sitio\/en\/wp-json\/wp\/v2\/users\/10"}],"replies":[{"embeddable":true,"href":"https:\/\/www.uartes.edu.ec\/sitio\/en\/wp-json\/wp\/v2\/comments?post=73116"}],"version-history":[{"count":4,"href":"https:\/\/www.uartes.edu.ec\/sitio\/en\/wp-json\/wp\/v2\/posts\/73116\/revisions"}],"predecessor-version":[{"id":73131,"href":"https:\/\/www.uartes.edu.ec\/sitio\/en\/wp-json\/wp\/v2\/posts\/73116\/revisions\/73131"}],"wp:featuredmedia":[{"embeddable":true,"href":"https:\/\/www.uartes.edu.ec\/sitio\/en\/wp-json\/wp\/v2\/media\/73117"}],"wp:attachment":[{"href":"https:\/\/www.uartes.edu.ec\/sitio\/en\/wp-json\/wp\/v2\/media?parent=73116"}],"wp:term":[{"taxonomy":"category","embeddable":true,"href":"https:\/\/www.uartes.edu.ec\/sitio\/en\/wp-json\/wp\/v2\/categories?post=73116"},{"taxonomy":"post_tag","embeddable":true,"href":"https:\/\/www.uartes.edu.ec\/sitio\/en\/wp-json\/wp\/v2\/tags?post=73116"},{"taxonomy":"infouartes","embeddable":true,"href":"https:\/\/www.uartes.edu.ec\/sitio\/en\/wp-json\/wp\/v2\/infouartes?post=73116"}],"curies":[{"name":"wp","href":"https:\/\/api.w.org\/{rel}","templated":true}]}}