{"id":73353,"date":"2025-06-11T16:19:52","date_gmt":"2025-06-11T21:19:52","guid":{"rendered":"https:\/\/www.uartes.edu.ec\/sitio\/?p=73353"},"modified":"2025-06-12T12:48:43","modified_gmt":"2025-06-12T17:48:43","slug":"uartes-en-seminario-internacional-cultura-y-creatividad-impulsando-el-desarrollo-iberoamericano-pablo-cardoso-integro-panel","status":"publish","type":"post","link":"https:\/\/www.uartes.edu.ec\/sitio\/en\/blog\/2025\/06\/11\/uartes-en-seminario-internacional-cultura-y-creatividad-impulsando-el-desarrollo-iberoamericano-pablo-cardoso-integro-panel\/","title":{"rendered":"UArtes, en Seminario Internacional \u201cCultura y Creatividad\u201d desarrollado en Brasil; Pablo Cardoso integr\u00f3 panel de mesa de di\u00e1logo"},"content":{"rendered":"<p>Con una programaci\u00f3n diversa y abierta al p\u00fablico, en el auditorio de Ita\u00fa Cultural, en S\u00e3o Paulo (Brasil), se desarroll\u00f3 el Seminario Internacional \u201cCultura y Creatividad: Impulsando el Desarrollo Iberoamericano\u201d, el cual congreg\u00f3 a ponentes y participantes del pa\u00eds anfitri\u00f3n y delegaciones extranjeras, en torno al tema de la cultura y sus implicaciones en el desarrollo sostenible y en la construcci\u00f3n de pol\u00edticas p\u00fablicas.<\/p>\n\n\n\n<p>La Universidad de las Artes estuvo presente en la cita, con la intervenci\u00f3n en una de las mesas de di\u00e1logo del doctor Pablo Cardoso, director del Observatorio de Pol\u00edticas y Econom\u00eda de la Cultura y del Instituto Latinoamericano de Investigaci\u00f3n en Artes (ILIA).<\/p>\n\n\n\n<p>El seminario lo realiz\u00f3 la Organizaci\u00f3n de Estados Iberoamericanos para la Educaci\u00f3n, la Ciencia y la Cultura (OEI), la Fundaci\u00f3n Ita\u00fa y el Ministerio de Cultura del pa\u00eds sede, as\u00ed como la Red Internacional de Observatorios e Investigadores de Pol\u00edticas y Econom\u00eda de la Cultura.<\/p>\n\n\n\n<p>Justamente, indica el doctor Cardoso, el seminario brind\u00f3 la oportunidad de realizar la tercera reuni\u00f3n de la Red Internacional de Observatorios e Investigadores de Pol\u00edticas y Econom\u00eda de la Cultura. Las dos anteriores tuvieron lugar en el 2do Encuentro Internacional de Econom\u00eda Creativa y Cultural, efectuada en Cali (Colombia), y en el 4to Encuentro de Pol\u00edticas y Econom\u00eda de la Cultura, desarrollado en Cuenca (Ecuador) por la UArtes.<\/p>\n\n\n<div class=\"wp-block-image\">\n<figure class=\"aligncenter size-large\"><img fetchpriority=\"high\" decoding=\"async\" width=\"644\" height=\"429\" src=\"https:\/\/www.uartes.edu.ec\/sitio\/wp-content\/uploads\/2025\/06\/04-Seminario-Internacional-Cultura-y-Creatividad-BRASIL-644x429.jpg\" alt=\"\" class=\"wp-image-73355\" srcset=\"https:\/\/www.uartes.edu.ec\/sitio\/wp-content\/uploads\/2025\/06\/04-Seminario-Internacional-Cultura-y-Creatividad-BRASIL-644x429.jpg 644w, https:\/\/www.uartes.edu.ec\/sitio\/wp-content\/uploads\/2025\/06\/04-Seminario-Internacional-Cultura-y-Creatividad-BRASIL-300x200.jpg 300w, https:\/\/www.uartes.edu.ec\/sitio\/wp-content\/uploads\/2025\/06\/04-Seminario-Internacional-Cultura-y-Creatividad-BRASIL-768x512.jpg 768w, https:\/\/www.uartes.edu.ec\/sitio\/wp-content\/uploads\/2025\/06\/04-Seminario-Internacional-Cultura-y-Creatividad-BRASIL-1536x1024.jpg 1536w, https:\/\/www.uartes.edu.ec\/sitio\/wp-content\/uploads\/2025\/06\/04-Seminario-Internacional-Cultura-y-Creatividad-BRASIL-18x12.jpg 18w, https:\/\/www.uartes.edu.ec\/sitio\/wp-content\/uploads\/2025\/06\/04-Seminario-Internacional-Cultura-y-Creatividad-BRASIL-600x400.jpg 600w, https:\/\/www.uartes.edu.ec\/sitio\/wp-content\/uploads\/2025\/06\/04-Seminario-Internacional-Cultura-y-Creatividad-BRASIL-400x267.jpg 400w, https:\/\/www.uartes.edu.ec\/sitio\/wp-content\/uploads\/2025\/06\/04-Seminario-Internacional-Cultura-y-Creatividad-BRASIL.jpg 2000w\" sizes=\"(max-width: 644px) 100vw, 644px\" \/><\/figure>\n<\/div>\n\n\n<p>Agrega que la reuni\u00f3n tuvo como objetivos avanzar en el proceso de constituci\u00f3n formal de la Red, fortalecer la din\u00e1mica de colaboraci\u00f3n y trabajo de los recientes meses, evaluar los avances de los proyectos en curso y de la hoja de ruta de trabajo de la Red definida en Cuenca, as\u00ed como establecer nuevos compromisos para los siguientes meses y a\u00f1os. Se abri\u00f3 tambi\u00e9n una v\u00eda de colaboraci\u00f3n con la Secretar\u00eda General de Cultura de la OEI para el trabajo participativo en un proyecto en conjunto.<\/p>\n\n\n\n<p>El director del Observatorio UArtes y del ILIA intervino en la mesa Cultura y Pol\u00edtica, la cual abord\u00f3 como tem\u00e1tica las \u201cExperiencias desde la Producci\u00f3n de Conocimiento de Observatorios Iberoamericanos\u201d. Comparti\u00f3 panel con Cecilia B\u00e1ez, del Observatorio Cultural de la Facultad de Ciencias Econ\u00f3micas de la Universidad de Buenos Aires (Argentina); Felipe Villagr\u00e1n, del Observatorio de Chile; y Esmeralda Correa, coordinadora en el Observatorio Fundaci\u00f3n Ita\u00fa.<\/p>\n\n\n\n<p>En la moderaci\u00f3n los acompa\u00f1\u00f3 Mariana Soares, gestora de la Direcci\u00f3n General de Cultura de la OEI.\u200b Juntos reflexionaron acerca de la situaci\u00f3n actual de la cultura en diferentes pa\u00edses de Am\u00e9rica Latina y las trayectorias y contribuciones realizadas por observatorios especializados en pol\u00edtica cultural de la regi\u00f3n. Se discutieron tambi\u00e9n las contribuciones desde enfoques conceptuales hasta experiencias concretas de asistencia t\u00e9cnica en un lugar de retroalimentaci\u00f3n con instituciones p\u00fablicas para el fortalecimiento de pol\u00edticas y programas culturales.\u200b<\/p>\n\n\n\n<p>Cabe anotar que, el seminario forma parte de las actividades de la Misi\u00f3n Iberoamericana de Econom\u00eda Creativa; se organiz\u00f3 en el \u00e1mbito del Programa Iberoamericano de Industrias Culturales y Creativas (PIICC), una iniciativa lanzada en 2024 e impulsada por la OEI que contempla trece pa\u00edses: Brasil, Bolivia, Costa Rica, Ecuador, El Salvador, Espa\u00f1a, Guatemala, Honduras, Panam\u00e1, Paraguay, Per\u00fa, Portugal y Rep\u00fablica Dominicana. El prop\u00f3sito es fortalecer la cooperaci\u00f3n y el intercambio de experiencias en el \u00e1mbito de la econom\u00eda creativa.\u200b<\/p>\n\n\n<div class=\"wp-block-image\">\n<figure class=\"aligncenter size-large\"><img decoding=\"async\" width=\"644\" height=\"429\" src=\"https:\/\/www.uartes.edu.ec\/sitio\/wp-content\/uploads\/2025\/06\/05-Seminario-Internacional-Cultura-y-Creatividad-BRASIL-copia-644x429.jpg\" alt=\"\" class=\"wp-image-73358\" srcset=\"https:\/\/www.uartes.edu.ec\/sitio\/wp-content\/uploads\/2025\/06\/05-Seminario-Internacional-Cultura-y-Creatividad-BRASIL-copia-644x429.jpg 644w, https:\/\/www.uartes.edu.ec\/sitio\/wp-content\/uploads\/2025\/06\/05-Seminario-Internacional-Cultura-y-Creatividad-BRASIL-copia-300x200.jpg 300w, https:\/\/www.uartes.edu.ec\/sitio\/wp-content\/uploads\/2025\/06\/05-Seminario-Internacional-Cultura-y-Creatividad-BRASIL-copia-768x512.jpg 768w, https:\/\/www.uartes.edu.ec\/sitio\/wp-content\/uploads\/2025\/06\/05-Seminario-Internacional-Cultura-y-Creatividad-BRASIL-copia-1536x1024.jpg 1536w, https:\/\/www.uartes.edu.ec\/sitio\/wp-content\/uploads\/2025\/06\/05-Seminario-Internacional-Cultura-y-Creatividad-BRASIL-copia-18x12.jpg 18w, https:\/\/www.uartes.edu.ec\/sitio\/wp-content\/uploads\/2025\/06\/05-Seminario-Internacional-Cultura-y-Creatividad-BRASIL-copia-600x400.jpg 600w, https:\/\/www.uartes.edu.ec\/sitio\/wp-content\/uploads\/2025\/06\/05-Seminario-Internacional-Cultura-y-Creatividad-BRASIL-copia-400x267.jpg 400w, https:\/\/www.uartes.edu.ec\/sitio\/wp-content\/uploads\/2025\/06\/05-Seminario-Internacional-Cultura-y-Creatividad-BRASIL-copia.jpg 2000w\" sizes=\"(max-width: 644px) 100vw, 644px\" \/><\/figure>\n<\/div>\n\n<div class=\"wp-block-image\">\n<figure class=\"aligncenter size-large is-resized\"><img decoding=\"async\" width=\"644\" height=\"429\" src=\"https:\/\/www.uartes.edu.ec\/sitio\/wp-content\/uploads\/2025\/06\/02-Seminario-Internacional-Cultura-y-Creatividad-BRASIL-644x429.jpg\" alt=\"\" class=\"wp-image-73357\" style=\"width:479px;height:auto\" srcset=\"https:\/\/www.uartes.edu.ec\/sitio\/wp-content\/uploads\/2025\/06\/02-Seminario-Internacional-Cultura-y-Creatividad-BRASIL-644x429.jpg 644w, https:\/\/www.uartes.edu.ec\/sitio\/wp-content\/uploads\/2025\/06\/02-Seminario-Internacional-Cultura-y-Creatividad-BRASIL-300x200.jpg 300w, https:\/\/www.uartes.edu.ec\/sitio\/wp-content\/uploads\/2025\/06\/02-Seminario-Internacional-Cultura-y-Creatividad-BRASIL-768x512.jpg 768w, https:\/\/www.uartes.edu.ec\/sitio\/wp-content\/uploads\/2025\/06\/02-Seminario-Internacional-Cultura-y-Creatividad-BRASIL-1536x1024.jpg 1536w, https:\/\/www.uartes.edu.ec\/sitio\/wp-content\/uploads\/2025\/06\/02-Seminario-Internacional-Cultura-y-Creatividad-BRASIL-18x12.jpg 18w, https:\/\/www.uartes.edu.ec\/sitio\/wp-content\/uploads\/2025\/06\/02-Seminario-Internacional-Cultura-y-Creatividad-BRASIL-600x400.jpg 600w, https:\/\/www.uartes.edu.ec\/sitio\/wp-content\/uploads\/2025\/06\/02-Seminario-Internacional-Cultura-y-Creatividad-BRASIL-400x267.jpg 400w, https:\/\/www.uartes.edu.ec\/sitio\/wp-content\/uploads\/2025\/06\/02-Seminario-Internacional-Cultura-y-Creatividad-BRASIL.jpg 2000w\" sizes=\"(max-width: 644px) 100vw, 644px\" \/><\/figure>\n<\/div>\n\n\n<p>Texto: con la colaboraci\u00f3n del Observatorio UArtes<br>Fotos: Luis Benedito\/Funda\u00e7\u00e3o Ita\u00fa<\/p>\n\n\n\n<p><\/p>","protected":false},"excerpt":{"rendered":"<p>Con una programaci\u00f3n diversa y abierta al p\u00fablico, en el auditorio de Ita\u00fa Cultural, en S\u00e3o Paulo (Brasil), se realiz\u00f3 el Seminario Internacional \u201cCultura y Creatividad: Impulsando el Desarrollo Iberoamericano\u201d, el cual reuni\u00f3 a ponentes locales y delegaciones extranjeras en torno a la cultura en el desarrollo sostenible y la construcci\u00f3n de pol\u00edticas p\u00fablicas. El doctor Pablo Cardoso, director del Observatorio UArtes, particip\u00f3 en la cita.<\/p>","protected":false},"author":10,"featured_media":73354,"comment_status":"open","ping_status":"open","sticky":false,"template":"","format":"standard","meta":{"_acf_changed":false,"_uag_custom_page_level_css":"","_monsterinsights_skip_tracking":false,"_monsterinsights_sitenote_active":false,"_monsterinsights_sitenote_note":"","_monsterinsights_sitenote_category":0,"cybocfi_hide_featured_image":"","footnotes":""},"categories":[80,75,284],"tags":[608],"infouartes":[],"class_list":["post-73353","post","type-post","status-publish","format-standard","has-post-thumbnail","hentry","category-academico","category-docentes","category-investigacion","tag-observatorio"],"acf":[],"yoast_head":"<!-- This site is optimized with the Yoast SEO plugin v27.4 - https:\/\/yoast.com\/product\/yoast-seo-wordpress\/ -->\n<title>Universidad de las Artes - UArtes, en Seminario Internacional \u201cCultura y Creatividad\u201d desarrollado en Brasil; Pablo Cardoso integr\u00f3 panel de mesa de di\u00e1logo<\/title>\n<meta name=\"description\" content=\"Universidad de las Artes - UArtes, en Seminario Internacional \u201cCultura y Creatividad\u201d desarrollado en Brasil; Pablo Cardoso integr\u00f3 panel de mesa de di\u00e1logo\" \/>\n<meta name=\"robots\" content=\"index, follow, max-snippet:-1, max-image-preview:large, max-video-preview:-1\" \/>\n<link rel=\"canonical\" href=\"https:\/\/www.uartes.edu.ec\/sitio\/en\/blog\/2025\/06\/11\/uartes-en-seminario-internacional-cultura-y-creatividad-impulsando-el-desarrollo-iberoamericano-pablo-cardoso-integro-panel\/\" \/>\n<meta property=\"og:locale\" content=\"en_US\" \/>\n<meta property=\"og:type\" content=\"article\" \/>\n<meta property=\"og:title\" content=\"Universidad de las Artes - UArtes, en Seminario Internacional \u201cCultura y Creatividad\u201d desarrollado en Brasil; Pablo Cardoso integr\u00f3 panel de mesa de di\u00e1logo\" \/>\n<meta property=\"og:description\" content=\"Universidad de las Artes - UArtes, en Seminario Internacional \u201cCultura y Creatividad\u201d desarrollado en Brasil; Pablo Cardoso integr\u00f3 panel de mesa de di\u00e1logo\" \/>\n<meta property=\"og:url\" content=\"https:\/\/www.uartes.edu.ec\/sitio\/en\/blog\/2025\/06\/11\/uartes-en-seminario-internacional-cultura-y-creatividad-impulsando-el-desarrollo-iberoamericano-pablo-cardoso-integro-panel\/\" \/>\n<meta property=\"og:site_name\" content=\"Universidad de las Artes\" \/>\n<meta property=\"article:publisher\" content=\"https:\/\/www.facebook.com\/uartesec\" \/>\n<meta property=\"article:published_time\" content=\"2025-06-11T21:19:52+00:00\" \/>\n<meta property=\"article:modified_time\" content=\"2025-06-12T17:48:43+00:00\" \/>\n<meta property=\"og:image\" content=\"https:\/\/www.uartes.edu.ec\/sitio\/wp-content\/uploads\/2025\/06\/01-Seminario-Internacional-Cultura-y-Creatividad-BRASIL.jpg\" \/>\n\t<meta property=\"og:image:width\" content=\"2000\" \/>\n\t<meta property=\"og:image:height\" content=\"1333\" \/>\n\t<meta property=\"og:image:type\" content=\"image\/jpeg\" \/>\n<meta name=\"author\" content=\"ccortez\" \/>\n<meta name=\"twitter:card\" content=\"summary_large_image\" \/>\n<meta name=\"twitter:creator\" content=\"@uartesec\" \/>\n<meta name=\"twitter:site\" content=\"@uartesec\" \/>\n<meta name=\"twitter:label1\" content=\"Written by\" \/>\n\t<meta name=\"twitter:data1\" content=\"ccortez\" \/>\n\t<meta name=\"twitter:label2\" content=\"Est. reading time\" \/>\n\t<meta name=\"twitter:data2\" content=\"3 minutes\" \/>\n<script type=\"application\/ld+json\" class=\"yoast-schema-graph\">{\"@context\":\"https:\\\/\\\/schema.org\",\"@graph\":[{\"@type\":\"Article\",\"@id\":\"https:\\\/\\\/www.uartes.edu.ec\\\/sitio\\\/en\\\/blog\\\/2025\\\/06\\\/11\\\/uartes-en-seminario-internacional-cultura-y-creatividad-impulsando-el-desarrollo-iberoamericano-pablo-cardoso-integro-panel\\\/#article\",\"isPartOf\":{\"@id\":\"https:\\\/\\\/www.uartes.edu.ec\\\/sitio\\\/en\\\/blog\\\/2025\\\/06\\\/11\\\/uartes-en-seminario-internacional-cultura-y-creatividad-impulsando-el-desarrollo-iberoamericano-pablo-cardoso-integro-panel\\\/\"},\"author\":{\"name\":\"ccortez\",\"@id\":\"https:\\\/\\\/www.uartes.edu.ec\\\/sitio\\\/en\\\/#\\\/schema\\\/person\\\/efa1b8275797664fd7f13a79ccc0b1f4\"},\"headline\":\"UArtes, en Seminario Internacional \u201cCultura y Creatividad\u201d desarrollado en Brasil; Pablo Cardoso integr\u00f3 panel de mesa de di\u00e1logo\",\"datePublished\":\"2025-06-11T21:19:52+00:00\",\"dateModified\":\"2025-06-12T17:48:43+00:00\",\"mainEntityOfPage\":{\"@id\":\"https:\\\/\\\/www.uartes.edu.ec\\\/sitio\\\/en\\\/blog\\\/2025\\\/06\\\/11\\\/uartes-en-seminario-internacional-cultura-y-creatividad-impulsando-el-desarrollo-iberoamericano-pablo-cardoso-integro-panel\\\/\"},\"wordCount\":622,\"commentCount\":0,\"publisher\":{\"@id\":\"https:\\\/\\\/www.uartes.edu.ec\\\/sitio\\\/en\\\/#organization\"},\"image\":{\"@id\":\"https:\\\/\\\/www.uartes.edu.ec\\\/sitio\\\/en\\\/blog\\\/2025\\\/06\\\/11\\\/uartes-en-seminario-internacional-cultura-y-creatividad-impulsando-el-desarrollo-iberoamericano-pablo-cardoso-integro-panel\\\/#primaryimage\"},\"thumbnailUrl\":\"https:\\\/\\\/www.uartes.edu.ec\\\/sitio\\\/wp-content\\\/uploads\\\/2025\\\/06\\\/01-Seminario-Internacional-Cultura-y-Creatividad-BRASIL.jpg\",\"keywords\":[\"observatorio\"],\"articleSection\":[\"Acad\u00e9mico\",\"Docentes\",\"Investigaci\u00f3n\"],\"inLanguage\":\"en-US\",\"potentialAction\":[{\"@type\":\"CommentAction\",\"name\":\"Comment\",\"target\":[\"https:\\\/\\\/www.uartes.edu.ec\\\/sitio\\\/en\\\/blog\\\/2025\\\/06\\\/11\\\/uartes-en-seminario-internacional-cultura-y-creatividad-impulsando-el-desarrollo-iberoamericano-pablo-cardoso-integro-panel\\\/#respond\"]}]},{\"@type\":[\"WebPage\",\"ItemPage\"],\"@id\":\"https:\\\/\\\/www.uartes.edu.ec\\\/sitio\\\/en\\\/blog\\\/2025\\\/06\\\/11\\\/uartes-en-seminario-internacional-cultura-y-creatividad-impulsando-el-desarrollo-iberoamericano-pablo-cardoso-integro-panel\\\/\",\"url\":\"https:\\\/\\\/www.uartes.edu.ec\\\/sitio\\\/en\\\/blog\\\/2025\\\/06\\\/11\\\/uartes-en-seminario-internacional-cultura-y-creatividad-impulsando-el-desarrollo-iberoamericano-pablo-cardoso-integro-panel\\\/\",\"name\":\"Universidad de las Artes - UArtes, en Seminario Internacional \u201cCultura y Creatividad\u201d desarrollado en Brasil; Pablo Cardoso integr\u00f3 panel de mesa de di\u00e1logo\",\"isPartOf\":{\"@id\":\"https:\\\/\\\/www.uartes.edu.ec\\\/sitio\\\/en\\\/#website\"},\"primaryImageOfPage\":{\"@id\":\"https:\\\/\\\/www.uartes.edu.ec\\\/sitio\\\/en\\\/blog\\\/2025\\\/06\\\/11\\\/uartes-en-seminario-internacional-cultura-y-creatividad-impulsando-el-desarrollo-iberoamericano-pablo-cardoso-integro-panel\\\/#primaryimage\"},\"image\":{\"@id\":\"https:\\\/\\\/www.uartes.edu.ec\\\/sitio\\\/en\\\/blog\\\/2025\\\/06\\\/11\\\/uartes-en-seminario-internacional-cultura-y-creatividad-impulsando-el-desarrollo-iberoamericano-pablo-cardoso-integro-panel\\\/#primaryimage\"},\"thumbnailUrl\":\"https:\\\/\\\/www.uartes.edu.ec\\\/sitio\\\/wp-content\\\/uploads\\\/2025\\\/06\\\/01-Seminario-Internacional-Cultura-y-Creatividad-BRASIL.jpg\",\"datePublished\":\"2025-06-11T21:19:52+00:00\",\"dateModified\":\"2025-06-12T17:48:43+00:00\",\"description\":\"Universidad de las Artes - UArtes, en Seminario Internacional \u201cCultura y Creatividad\u201d desarrollado en Brasil; Pablo Cardoso integr\u00f3 panel de mesa de di\u00e1logo\",\"breadcrumb\":{\"@id\":\"https:\\\/\\\/www.uartes.edu.ec\\\/sitio\\\/en\\\/blog\\\/2025\\\/06\\\/11\\\/uartes-en-seminario-internacional-cultura-y-creatividad-impulsando-el-desarrollo-iberoamericano-pablo-cardoso-integro-panel\\\/#breadcrumb\"},\"inLanguage\":\"en-US\",\"potentialAction\":[{\"@type\":\"ReadAction\",\"target\":[\"https:\\\/\\\/www.uartes.edu.ec\\\/sitio\\\/en\\\/blog\\\/2025\\\/06\\\/11\\\/uartes-en-seminario-internacional-cultura-y-creatividad-impulsando-el-desarrollo-iberoamericano-pablo-cardoso-integro-panel\\\/\"]}]},{\"@type\":\"ImageObject\",\"inLanguage\":\"en-US\",\"@id\":\"https:\\\/\\\/www.uartes.edu.ec\\\/sitio\\\/en\\\/blog\\\/2025\\\/06\\\/11\\\/uartes-en-seminario-internacional-cultura-y-creatividad-impulsando-el-desarrollo-iberoamericano-pablo-cardoso-integro-panel\\\/#primaryimage\",\"url\":\"https:\\\/\\\/www.uartes.edu.ec\\\/sitio\\\/wp-content\\\/uploads\\\/2025\\\/06\\\/01-Seminario-Internacional-Cultura-y-Creatividad-BRASIL.jpg\",\"contentUrl\":\"https:\\\/\\\/www.uartes.edu.ec\\\/sitio\\\/wp-content\\\/uploads\\\/2025\\\/06\\\/01-Seminario-Internacional-Cultura-y-Creatividad-BRASIL.jpg\",\"width\":2000,\"height\":1333},{\"@type\":\"BreadcrumbList\",\"@id\":\"https:\\\/\\\/www.uartes.edu.ec\\\/sitio\\\/en\\\/blog\\\/2025\\\/06\\\/11\\\/uartes-en-seminario-internacional-cultura-y-creatividad-impulsando-el-desarrollo-iberoamericano-pablo-cardoso-integro-panel\\\/#breadcrumb\",\"itemListElement\":[{\"@type\":\"ListItem\",\"position\":1,\"name\":\"Inicio\",\"item\":\"https:\\\/\\\/www.uartes.edu.ec\\\/sitio\\\/\"},{\"@type\":\"ListItem\",\"position\":2,\"name\":\"UArtes, en Seminario Internacional \u201cCultura y Creatividad\u201d desarrollado en Brasil; Pablo Cardoso integr\u00f3 panel de mesa de di\u00e1logo\"}]},{\"@type\":\"WebSite\",\"@id\":\"https:\\\/\\\/www.uartes.edu.ec\\\/sitio\\\/en\\\/#website\",\"url\":\"https:\\\/\\\/www.uartes.edu.ec\\\/sitio\\\/en\\\/\",\"name\":\"Universidad de las Artes\",\"description\":\"Sitio oficial de la Universidad Nacional de las Artes del Ecuador\",\"publisher\":{\"@id\":\"https:\\\/\\\/www.uartes.edu.ec\\\/sitio\\\/en\\\/#organization\"},\"potentialAction\":[{\"@type\":\"SearchAction\",\"target\":{\"@type\":\"EntryPoint\",\"urlTemplate\":\"https:\\\/\\\/www.uartes.edu.ec\\\/sitio\\\/en\\\/?s={search_term_string}\"},\"query-input\":{\"@type\":\"PropertyValueSpecification\",\"valueRequired\":true,\"valueName\":\"search_term_string\"}}],\"inLanguage\":\"en-US\"},{\"@type\":\"Organization\",\"@id\":\"https:\\\/\\\/www.uartes.edu.ec\\\/sitio\\\/en\\\/#organization\",\"name\":\"Universidad de las Artes\",\"url\":\"https:\\\/\\\/www.uartes.edu.ec\\\/sitio\\\/en\\\/\",\"logo\":{\"@type\":\"ImageObject\",\"inLanguage\":\"en-US\",\"@id\":\"https:\\\/\\\/www.uartes.edu.ec\\\/sitio\\\/en\\\/#\\\/schema\\\/logo\\\/image\\\/\",\"url\":\"https:\\\/\\\/www.uartes.edu.ec\\\/sitio\\\/wp-content\\\/uploads\\\/2022\\\/07\\\/logo-ua-horizontal.png\",\"contentUrl\":\"https:\\\/\\\/www.uartes.edu.ec\\\/sitio\\\/wp-content\\\/uploads\\\/2022\\\/07\\\/logo-ua-horizontal.png\",\"width\":800,\"height\":276,\"caption\":\"Universidad de las Artes\"},\"image\":{\"@id\":\"https:\\\/\\\/www.uartes.edu.ec\\\/sitio\\\/en\\\/#\\\/schema\\\/logo\\\/image\\\/\"},\"sameAs\":[\"https:\\\/\\\/www.facebook.com\\\/uartesec\",\"https:\\\/\\\/x.com\\\/uartesec\",\"https:\\\/\\\/www.tiktok.com\\\/@uartesec\"]},{\"@type\":\"Person\",\"@id\":\"https:\\\/\\\/www.uartes.edu.ec\\\/sitio\\\/en\\\/#\\\/schema\\\/person\\\/efa1b8275797664fd7f13a79ccc0b1f4\",\"name\":\"ccortez\",\"image\":{\"@type\":\"ImageObject\",\"inLanguage\":\"en-US\",\"@id\":\"https:\\\/\\\/secure.gravatar.com\\\/avatar\\\/b2a6f664a3ae8e074346ef91775736c5ec479e637ecced6842de9dc98b5da9cd?s=96&d=mm&r=g\",\"url\":\"https:\\\/\\\/secure.gravatar.com\\\/avatar\\\/b2a6f664a3ae8e074346ef91775736c5ec479e637ecced6842de9dc98b5da9cd?s=96&d=mm&r=g\",\"contentUrl\":\"https:\\\/\\\/secure.gravatar.com\\\/avatar\\\/b2a6f664a3ae8e074346ef91775736c5ec479e637ecced6842de9dc98b5da9cd?s=96&d=mm&r=g\",\"caption\":\"ccortez\"},\"url\":\"https:\\\/\\\/www.uartes.edu.ec\\\/sitio\\\/en\\\/blog\\\/author\\\/ccortez\\\/\"}]}<\/script>\n<!-- \/ Yoast SEO plugin. -->","yoast_head_json":{"title":"Universidad de las Artes - UArtes, en Seminario Internacional \u201cCultura y Creatividad\u201d desarrollado en Brasil; Pablo Cardoso integr\u00f3 panel de mesa de di\u00e1logo","description":"Universidad de las Artes - UArtes, en Seminario Internacional \u201cCultura y Creatividad\u201d desarrollado en Brasil; Pablo Cardoso integr\u00f3 panel de mesa de di\u00e1logo","robots":{"index":"index","follow":"follow","max-snippet":"max-snippet:-1","max-image-preview":"max-image-preview:large","max-video-preview":"max-video-preview:-1"},"canonical":"https:\/\/www.uartes.edu.ec\/sitio\/en\/blog\/2025\/06\/11\/uartes-en-seminario-internacional-cultura-y-creatividad-impulsando-el-desarrollo-iberoamericano-pablo-cardoso-integro-panel\/","og_locale":"en_US","og_type":"article","og_title":"Universidad de las Artes - UArtes, en Seminario Internacional \u201cCultura y Creatividad\u201d desarrollado en Brasil; Pablo Cardoso integr\u00f3 panel de mesa de di\u00e1logo","og_description":"Universidad de las Artes - UArtes, en Seminario Internacional \u201cCultura y Creatividad\u201d desarrollado en Brasil; Pablo Cardoso integr\u00f3 panel de mesa de di\u00e1logo","og_url":"https:\/\/www.uartes.edu.ec\/sitio\/en\/blog\/2025\/06\/11\/uartes-en-seminario-internacional-cultura-y-creatividad-impulsando-el-desarrollo-iberoamericano-pablo-cardoso-integro-panel\/","og_site_name":"Universidad de las Artes","article_publisher":"https:\/\/www.facebook.com\/uartesec","article_published_time":"2025-06-11T21:19:52+00:00","article_modified_time":"2025-06-12T17:48:43+00:00","og_image":[{"width":2000,"height":1333,"url":"https:\/\/www.uartes.edu.ec\/sitio\/wp-content\/uploads\/2025\/06\/01-Seminario-Internacional-Cultura-y-Creatividad-BRASIL.jpg","type":"image\/jpeg"}],"author":"ccortez","twitter_card":"summary_large_image","twitter_creator":"@uartesec","twitter_site":"@uartesec","twitter_misc":{"Written by":"ccortez","Est. reading time":"3 minutes"},"schema":{"@context":"https:\/\/schema.org","@graph":[{"@type":"Article","@id":"https:\/\/www.uartes.edu.ec\/sitio\/en\/blog\/2025\/06\/11\/uartes-en-seminario-internacional-cultura-y-creatividad-impulsando-el-desarrollo-iberoamericano-pablo-cardoso-integro-panel\/#article","isPartOf":{"@id":"https:\/\/www.uartes.edu.ec\/sitio\/en\/blog\/2025\/06\/11\/uartes-en-seminario-internacional-cultura-y-creatividad-impulsando-el-desarrollo-iberoamericano-pablo-cardoso-integro-panel\/"},"author":{"name":"ccortez","@id":"https:\/\/www.uartes.edu.ec\/sitio\/en\/#\/schema\/person\/efa1b8275797664fd7f13a79ccc0b1f4"},"headline":"UArtes, en Seminario Internacional \u201cCultura y Creatividad\u201d desarrollado en Brasil; Pablo Cardoso integr\u00f3 panel de mesa de di\u00e1logo","datePublished":"2025-06-11T21:19:52+00:00","dateModified":"2025-06-12T17:48:43+00:00","mainEntityOfPage":{"@id":"https:\/\/www.uartes.edu.ec\/sitio\/en\/blog\/2025\/06\/11\/uartes-en-seminario-internacional-cultura-y-creatividad-impulsando-el-desarrollo-iberoamericano-pablo-cardoso-integro-panel\/"},"wordCount":622,"commentCount":0,"publisher":{"@id":"https:\/\/www.uartes.edu.ec\/sitio\/en\/#organization"},"image":{"@id":"https:\/\/www.uartes.edu.ec\/sitio\/en\/blog\/2025\/06\/11\/uartes-en-seminario-internacional-cultura-y-creatividad-impulsando-el-desarrollo-iberoamericano-pablo-cardoso-integro-panel\/#primaryimage"},"thumbnailUrl":"https:\/\/www.uartes.edu.ec\/sitio\/wp-content\/uploads\/2025\/06\/01-Seminario-Internacional-Cultura-y-Creatividad-BRASIL.jpg","keywords":["observatorio"],"articleSection":["Acad\u00e9mico","Docentes","Investigaci\u00f3n"],"inLanguage":"en-US","potentialAction":[{"@type":"CommentAction","name":"Comment","target":["https:\/\/www.uartes.edu.ec\/sitio\/en\/blog\/2025\/06\/11\/uartes-en-seminario-internacional-cultura-y-creatividad-impulsando-el-desarrollo-iberoamericano-pablo-cardoso-integro-panel\/#respond"]}]},{"@type":["WebPage","ItemPage"],"@id":"https:\/\/www.uartes.edu.ec\/sitio\/en\/blog\/2025\/06\/11\/uartes-en-seminario-internacional-cultura-y-creatividad-impulsando-el-desarrollo-iberoamericano-pablo-cardoso-integro-panel\/","url":"https:\/\/www.uartes.edu.ec\/sitio\/en\/blog\/2025\/06\/11\/uartes-en-seminario-internacional-cultura-y-creatividad-impulsando-el-desarrollo-iberoamericano-pablo-cardoso-integro-panel\/","name":"Universidad de las Artes - UArtes, en Seminario Internacional \u201cCultura y Creatividad\u201d desarrollado en Brasil; Pablo Cardoso integr\u00f3 panel de mesa de di\u00e1logo","isPartOf":{"@id":"https:\/\/www.uartes.edu.ec\/sitio\/en\/#website"},"primaryImageOfPage":{"@id":"https:\/\/www.uartes.edu.ec\/sitio\/en\/blog\/2025\/06\/11\/uartes-en-seminario-internacional-cultura-y-creatividad-impulsando-el-desarrollo-iberoamericano-pablo-cardoso-integro-panel\/#primaryimage"},"image":{"@id":"https:\/\/www.uartes.edu.ec\/sitio\/en\/blog\/2025\/06\/11\/uartes-en-seminario-internacional-cultura-y-creatividad-impulsando-el-desarrollo-iberoamericano-pablo-cardoso-integro-panel\/#primaryimage"},"thumbnailUrl":"https:\/\/www.uartes.edu.ec\/sitio\/wp-content\/uploads\/2025\/06\/01-Seminario-Internacional-Cultura-y-Creatividad-BRASIL.jpg","datePublished":"2025-06-11T21:19:52+00:00","dateModified":"2025-06-12T17:48:43+00:00","description":"Universidad de las Artes - UArtes, en Seminario Internacional \u201cCultura y Creatividad\u201d desarrollado en Brasil; Pablo Cardoso integr\u00f3 panel de mesa de di\u00e1logo","breadcrumb":{"@id":"https:\/\/www.uartes.edu.ec\/sitio\/en\/blog\/2025\/06\/11\/uartes-en-seminario-internacional-cultura-y-creatividad-impulsando-el-desarrollo-iberoamericano-pablo-cardoso-integro-panel\/#breadcrumb"},"inLanguage":"en-US","potentialAction":[{"@type":"ReadAction","target":["https:\/\/www.uartes.edu.ec\/sitio\/en\/blog\/2025\/06\/11\/uartes-en-seminario-internacional-cultura-y-creatividad-impulsando-el-desarrollo-iberoamericano-pablo-cardoso-integro-panel\/"]}]},{"@type":"ImageObject","inLanguage":"en-US","@id":"https:\/\/www.uartes.edu.ec\/sitio\/en\/blog\/2025\/06\/11\/uartes-en-seminario-internacional-cultura-y-creatividad-impulsando-el-desarrollo-iberoamericano-pablo-cardoso-integro-panel\/#primaryimage","url":"https:\/\/www.uartes.edu.ec\/sitio\/wp-content\/uploads\/2025\/06\/01-Seminario-Internacional-Cultura-y-Creatividad-BRASIL.jpg","contentUrl":"https:\/\/www.uartes.edu.ec\/sitio\/wp-content\/uploads\/2025\/06\/01-Seminario-Internacional-Cultura-y-Creatividad-BRASIL.jpg","width":2000,"height":1333},{"@type":"BreadcrumbList","@id":"https:\/\/www.uartes.edu.ec\/sitio\/en\/blog\/2025\/06\/11\/uartes-en-seminario-internacional-cultura-y-creatividad-impulsando-el-desarrollo-iberoamericano-pablo-cardoso-integro-panel\/#breadcrumb","itemListElement":[{"@type":"ListItem","position":1,"name":"Inicio","item":"https:\/\/www.uartes.edu.ec\/sitio\/"},{"@type":"ListItem","position":2,"name":"UArtes, en Seminario Internacional \u201cCultura y Creatividad\u201d desarrollado en Brasil; Pablo Cardoso integr\u00f3 panel de mesa de di\u00e1logo"}]},{"@type":"WebSite","@id":"https:\/\/www.uartes.edu.ec\/sitio\/en\/#website","url":"https:\/\/www.uartes.edu.ec\/sitio\/en\/","name":"Universidad de las Artes","description":"Sitio oficial de la Universidad Nacional de las Artes del Ecuador","publisher":{"@id":"https:\/\/www.uartes.edu.ec\/sitio\/en\/#organization"},"potentialAction":[{"@type":"SearchAction","target":{"@type":"EntryPoint","urlTemplate":"https:\/\/www.uartes.edu.ec\/sitio\/en\/?s={search_term_string}"},"query-input":{"@type":"PropertyValueSpecification","valueRequired":true,"valueName":"search_term_string"}}],"inLanguage":"en-US"},{"@type":"Organization","@id":"https:\/\/www.uartes.edu.ec\/sitio\/en\/#organization","name":"Universidad de las Artes","url":"https:\/\/www.uartes.edu.ec\/sitio\/en\/","logo":{"@type":"ImageObject","inLanguage":"en-US","@id":"https:\/\/www.uartes.edu.ec\/sitio\/en\/#\/schema\/logo\/image\/","url":"https:\/\/www.uartes.edu.ec\/sitio\/wp-content\/uploads\/2022\/07\/logo-ua-horizontal.png","contentUrl":"https:\/\/www.uartes.edu.ec\/sitio\/wp-content\/uploads\/2022\/07\/logo-ua-horizontal.png","width":800,"height":276,"caption":"Universidad de las Artes"},"image":{"@id":"https:\/\/www.uartes.edu.ec\/sitio\/en\/#\/schema\/logo\/image\/"},"sameAs":["https:\/\/www.facebook.com\/uartesec","https:\/\/x.com\/uartesec","https:\/\/www.tiktok.com\/@uartesec"]},{"@type":"Person","@id":"https:\/\/www.uartes.edu.ec\/sitio\/en\/#\/schema\/person\/efa1b8275797664fd7f13a79ccc0b1f4","name":"ccortez","image":{"@type":"ImageObject","inLanguage":"en-US","@id":"https:\/\/secure.gravatar.com\/avatar\/b2a6f664a3ae8e074346ef91775736c5ec479e637ecced6842de9dc98b5da9cd?s=96&d=mm&r=g","url":"https:\/\/secure.gravatar.com\/avatar\/b2a6f664a3ae8e074346ef91775736c5ec479e637ecced6842de9dc98b5da9cd?s=96&d=mm&r=g","contentUrl":"https:\/\/secure.gravatar.com\/avatar\/b2a6f664a3ae8e074346ef91775736c5ec479e637ecced6842de9dc98b5da9cd?s=96&d=mm&r=g","caption":"ccortez"},"url":"https:\/\/www.uartes.edu.ec\/sitio\/en\/blog\/author\/ccortez\/"}]}},"uagb_featured_image_src":{"full":["https:\/\/www.uartes.edu.ec\/sitio\/wp-content\/uploads\/2025\/06\/01-Seminario-Internacional-Cultura-y-Creatividad-BRASIL.jpg",2000,1333,false],"thumbnail":["https:\/\/www.uartes.edu.ec\/sitio\/wp-content\/uploads\/2025\/06\/01-Seminario-Internacional-Cultura-y-Creatividad-BRASIL-150x150.jpg",150,150,true],"medium":["https:\/\/www.uartes.edu.ec\/sitio\/wp-content\/uploads\/2025\/06\/01-Seminario-Internacional-Cultura-y-Creatividad-BRASIL-300x200.jpg",300,200,true],"medium_large":["https:\/\/www.uartes.edu.ec\/sitio\/wp-content\/uploads\/2025\/06\/01-Seminario-Internacional-Cultura-y-Creatividad-BRASIL-768x512.jpg",768,512,true],"large":["https:\/\/www.uartes.edu.ec\/sitio\/wp-content\/uploads\/2025\/06\/01-Seminario-Internacional-Cultura-y-Creatividad-BRASIL-644x429.jpg",644,429,true],"1536x1536":["https:\/\/www.uartes.edu.ec\/sitio\/wp-content\/uploads\/2025\/06\/01-Seminario-Internacional-Cultura-y-Creatividad-BRASIL-1536x1024.jpg",1536,1024,true],"2048x2048":["https:\/\/www.uartes.edu.ec\/sitio\/wp-content\/uploads\/2025\/06\/01-Seminario-Internacional-Cultura-y-Creatividad-BRASIL.jpg",2000,1333,false],"trp-custom-language-flag":["https:\/\/www.uartes.edu.ec\/sitio\/wp-content\/uploads\/2025\/06\/01-Seminario-Internacional-Cultura-y-Creatividad-BRASIL-18x12.jpg",18,12,true],"htmega_size_585x295":["https:\/\/www.uartes.edu.ec\/sitio\/wp-content\/uploads\/2025\/06\/01-Seminario-Internacional-Cultura-y-Creatividad-BRASIL-585x295.jpg",585,295,true],"htmega_size_1170x536":["https:\/\/www.uartes.edu.ec\/sitio\/wp-content\/uploads\/2025\/06\/01-Seminario-Internacional-Cultura-y-Creatividad-BRASIL-1170x536.jpg",1170,536,true],"htmega_size_396x360":["https:\/\/www.uartes.edu.ec\/sitio\/wp-content\/uploads\/2025\/06\/01-Seminario-Internacional-Cultura-y-Creatividad-BRASIL-396x360.jpg",396,360,true],"gb-block-post-grid-landscape":["https:\/\/www.uartes.edu.ec\/sitio\/wp-content\/uploads\/2025\/06\/01-Seminario-Internacional-Cultura-y-Creatividad-BRASIL-600x400.jpg",600,400,true],"gb-block-post-grid-square":["https:\/\/www.uartes.edu.ec\/sitio\/wp-content\/uploads\/2025\/06\/01-Seminario-Internacional-Cultura-y-Creatividad-BRASIL-600x600.jpg",600,600,true],"university-hub-thumb":["https:\/\/www.uartes.edu.ec\/sitio\/wp-content\/uploads\/2025\/06\/01-Seminario-Internacional-Cultura-y-Creatividad-BRASIL-400x267.jpg",400,267,true],"mailpoet_newsletter_max":["https:\/\/www.uartes.edu.ec\/sitio\/wp-content\/uploads\/2025\/06\/01-Seminario-Internacional-Cultura-y-Creatividad-BRASIL.jpg",1320,880,false]},"uagb_author_info":{"display_name":"ccortez","author_link":"https:\/\/www.uartes.edu.ec\/sitio\/en\/blog\/author\/ccortez\/"},"uagb_comment_info":0,"uagb_excerpt":"Con una programaci\u00f3n diversa y abierta al p\u00fablico, en el auditorio de Ita\u00fa Cultural, en S\u00e3o Paulo (Brasil), se realiz\u00f3 el Seminario Internacional \u201cCultura y Creatividad: Impulsando el Desarrollo Iberoamericano\u201d, el cual reuni\u00f3 a ponentes locales y delegaciones extranjeras en torno a la cultura en el desarrollo sostenible y la construcci\u00f3n de pol\u00edticas p\u00fablicas. El&hellip;","featured_image_src":"https:\/\/www.uartes.edu.ec\/sitio\/wp-content\/uploads\/2025\/06\/01-Seminario-Internacional-Cultura-y-Creatividad-BRASIL-600x400.jpg","featured_image_src_square":"https:\/\/www.uartes.edu.ec\/sitio\/wp-content\/uploads\/2025\/06\/01-Seminario-Internacional-Cultura-y-Creatividad-BRASIL-600x600.jpg","author_info":{"display_name":"ccortez","author_link":"https:\/\/www.uartes.edu.ec\/sitio\/en\/blog\/author\/ccortez\/"},"publishpress_future_workflow_manual_trigger":{"enabledWorkflows":[]},"distributor_meta":false,"distributor_terms":false,"distributor_media":false,"distributor_original_site_name":"Universidad de las Artes","distributor_original_site_url":"https:\/\/www.uartes.edu.ec\/sitio\/en","push-errors":false,"_links":{"self":[{"href":"https:\/\/www.uartes.edu.ec\/sitio\/en\/wp-json\/wp\/v2\/posts\/73353","targetHints":{"allow":["GET"]}}],"collection":[{"href":"https:\/\/www.uartes.edu.ec\/sitio\/en\/wp-json\/wp\/v2\/posts"}],"about":[{"href":"https:\/\/www.uartes.edu.ec\/sitio\/en\/wp-json\/wp\/v2\/types\/post"}],"author":[{"embeddable":true,"href":"https:\/\/www.uartes.edu.ec\/sitio\/en\/wp-json\/wp\/v2\/users\/10"}],"replies":[{"embeddable":true,"href":"https:\/\/www.uartes.edu.ec\/sitio\/en\/wp-json\/wp\/v2\/comments?post=73353"}],"version-history":[{"count":13,"href":"https:\/\/www.uartes.edu.ec\/sitio\/en\/wp-json\/wp\/v2\/posts\/73353\/revisions"}],"predecessor-version":[{"id":73401,"href":"https:\/\/www.uartes.edu.ec\/sitio\/en\/wp-json\/wp\/v2\/posts\/73353\/revisions\/73401"}],"wp:featuredmedia":[{"embeddable":true,"href":"https:\/\/www.uartes.edu.ec\/sitio\/en\/wp-json\/wp\/v2\/media\/73354"}],"wp:attachment":[{"href":"https:\/\/www.uartes.edu.ec\/sitio\/en\/wp-json\/wp\/v2\/media?parent=73353"}],"wp:term":[{"taxonomy":"category","embeddable":true,"href":"https:\/\/www.uartes.edu.ec\/sitio\/en\/wp-json\/wp\/v2\/categories?post=73353"},{"taxonomy":"post_tag","embeddable":true,"href":"https:\/\/www.uartes.edu.ec\/sitio\/en\/wp-json\/wp\/v2\/tags?post=73353"},{"taxonomy":"infouartes","embeddable":true,"href":"https:\/\/www.uartes.edu.ec\/sitio\/en\/wp-json\/wp\/v2\/infouartes?post=73353"}],"curies":[{"name":"wp","href":"https:\/\/api.w.org\/{rel}","templated":true}]}}