{"id":73495,"date":"2025-06-12T18:57:49","date_gmt":"2025-06-12T23:57:49","guid":{"rendered":"https:\/\/www.uartes.edu.ec\/sitio\/?p=73495"},"modified":"2025-06-12T19:04:54","modified_gmt":"2025-06-13T00:04:54","slug":"el-gtms-y-el-estreno-de-dafne-la-libertad-de-un-arbol","status":"publish","type":"post","link":"https:\/\/www.uartes.edu.ec\/sitio\/en\/blog\/2025\/06\/12\/el-gtms-y-el-estreno-de-dafne-la-libertad-de-un-arbol\/","title":{"rendered":"GTMS, con \u201cDafne: la libertad de un \u00e1rbol\u201d en llamado para promover la cultura de paz"},"content":{"rendered":"<p>En el marco de la actividad \u201cIniciativas art\u00edsticas para la Paz\u201d, desarrollada por el Proyecto de Naciones Unidas \u201cCapacidades para la paz, la seguridad y la reducci\u00f3n de las violencias en Ecuador \u2013 Construimos Paz\u201d a trav\u00e9s de ONU Mujeres, la Universidad Casa Grande y el Municipio de Guayaquil, se lanz\u00f3 una convocatoria dirigida a organizaciones y colectivos art\u00edsticos interesados en promover la cultura de paz y la prevenci\u00f3n de la violencia basada en g\u00e9nero (VBG).<\/p>\n\n\n\n<p>El Gran Teatro de Monte Sina\u00ed (GTMS) respondi\u00f3 a la convocatoria y fue seleccionado de entre 20 postulaciones para participar en esta importante iniciativa, la cual tuvo como principal objetivo identificar a seis organizaciones o colectivos para fomentar la producci\u00f3n art\u00edstica y cultural, promover la inclusi\u00f3n y el respeto por la diversidad con seis intervenciones art\u00edsticas que reflejen las realidades y necesidades de las poblaciones mencionadas.<\/p>\n\n\n\n<p>Las obras participantes fueron revisadas por sus creadores en los talleres de capacitaci\u00f3n sobre promoci\u00f3n de paz y violencia basada en g\u00e9nero (VBG). La propuesta del GTMS es \u201cDafne: la libertad de un \u00e1rbol\u201d, la cual se suma a su repertorio teatral. Este, su cuarto trabajo esc\u00e9nico, se estren\u00f3 en el auditorio del Museo Antropol\u00f3gico y de Arte Contempor\u00e1neo (MAAC), como parte de la muestra de cierre de \u201cIniciativas art\u00edsticas para la Paz\u201d. &nbsp;&nbsp;&nbsp;&nbsp;&nbsp;&nbsp;&nbsp;<\/p>\n\n\n<div class=\"wp-block-image\">\n<figure class=\"aligncenter size-large\"><img fetchpriority=\"high\" decoding=\"async\" width=\"644\" height=\"429\" src=\"https:\/\/www.uartes.edu.ec\/sitio\/wp-content\/uploads\/2025\/06\/01-GTMS-WEB-644x429.jpg\" alt=\"\" class=\"wp-image-73497\" srcset=\"https:\/\/www.uartes.edu.ec\/sitio\/wp-content\/uploads\/2025\/06\/01-GTMS-WEB-644x429.jpg 644w, https:\/\/www.uartes.edu.ec\/sitio\/wp-content\/uploads\/2025\/06\/01-GTMS-WEB-300x200.jpg 300w, https:\/\/www.uartes.edu.ec\/sitio\/wp-content\/uploads\/2025\/06\/01-GTMS-WEB-768x512.jpg 768w, https:\/\/www.uartes.edu.ec\/sitio\/wp-content\/uploads\/2025\/06\/01-GTMS-WEB-1536x1024.jpg 1536w, https:\/\/www.uartes.edu.ec\/sitio\/wp-content\/uploads\/2025\/06\/01-GTMS-WEB-18x12.jpg 18w, https:\/\/www.uartes.edu.ec\/sitio\/wp-content\/uploads\/2025\/06\/01-GTMS-WEB-600x400.jpg 600w, https:\/\/www.uartes.edu.ec\/sitio\/wp-content\/uploads\/2025\/06\/01-GTMS-WEB-400x267.jpg 400w, https:\/\/www.uartes.edu.ec\/sitio\/wp-content\/uploads\/2025\/06\/01-GTMS-WEB.jpg 2000w\" sizes=\"(max-width: 644px) 100vw, 644px\" \/><\/figure>\n<\/div>\n\n\n<figure class=\"wp-block-gallery has-nested-images columns-default is-cropped wp-block-gallery-1 is-layout-flex wp-block-gallery-is-layout-flex\">\n<figure class=\"wp-block-image size-large\"><img decoding=\"async\" width=\"644\" height=\"429\" data-id=\"73498\" src=\"https:\/\/www.uartes.edu.ec\/sitio\/wp-content\/uploads\/2025\/06\/03-GTMS-WEB-644x429.jpg\" alt=\"\" class=\"wp-image-73498\" srcset=\"https:\/\/www.uartes.edu.ec\/sitio\/wp-content\/uploads\/2025\/06\/03-GTMS-WEB-644x429.jpg 644w, https:\/\/www.uartes.edu.ec\/sitio\/wp-content\/uploads\/2025\/06\/03-GTMS-WEB-300x200.jpg 300w, https:\/\/www.uartes.edu.ec\/sitio\/wp-content\/uploads\/2025\/06\/03-GTMS-WEB-768x512.jpg 768w, https:\/\/www.uartes.edu.ec\/sitio\/wp-content\/uploads\/2025\/06\/03-GTMS-WEB-1536x1024.jpg 1536w, https:\/\/www.uartes.edu.ec\/sitio\/wp-content\/uploads\/2025\/06\/03-GTMS-WEB-18x12.jpg 18w, https:\/\/www.uartes.edu.ec\/sitio\/wp-content\/uploads\/2025\/06\/03-GTMS-WEB-600x400.jpg 600w, https:\/\/www.uartes.edu.ec\/sitio\/wp-content\/uploads\/2025\/06\/03-GTMS-WEB-400x267.jpg 400w, https:\/\/www.uartes.edu.ec\/sitio\/wp-content\/uploads\/2025\/06\/03-GTMS-WEB.jpg 2000w\" sizes=\"(max-width: 644px) 100vw, 644px\" \/><\/figure>\n\n\n\n<figure class=\"wp-block-image size-large\"><img decoding=\"async\" width=\"644\" height=\"429\" data-id=\"73499\" src=\"https:\/\/www.uartes.edu.ec\/sitio\/wp-content\/uploads\/2025\/06\/02-GTMS-WEB-644x429.jpg\" alt=\"\" class=\"wp-image-73499\" srcset=\"https:\/\/www.uartes.edu.ec\/sitio\/wp-content\/uploads\/2025\/06\/02-GTMS-WEB-644x429.jpg 644w, https:\/\/www.uartes.edu.ec\/sitio\/wp-content\/uploads\/2025\/06\/02-GTMS-WEB-300x200.jpg 300w, https:\/\/www.uartes.edu.ec\/sitio\/wp-content\/uploads\/2025\/06\/02-GTMS-WEB-768x512.jpg 768w, https:\/\/www.uartes.edu.ec\/sitio\/wp-content\/uploads\/2025\/06\/02-GTMS-WEB-1536x1024.jpg 1536w, https:\/\/www.uartes.edu.ec\/sitio\/wp-content\/uploads\/2025\/06\/02-GTMS-WEB-18x12.jpg 18w, https:\/\/www.uartes.edu.ec\/sitio\/wp-content\/uploads\/2025\/06\/02-GTMS-WEB-600x400.jpg 600w, https:\/\/www.uartes.edu.ec\/sitio\/wp-content\/uploads\/2025\/06\/02-GTMS-WEB-400x267.jpg 400w, https:\/\/www.uartes.edu.ec\/sitio\/wp-content\/uploads\/2025\/06\/02-GTMS-WEB.jpg 2000w\" sizes=\"(max-width: 644px) 100vw, 644px\" \/><\/figure>\n<\/figure>\n\n\n\n<p><\/p>\n\n\n\n<p>La obra es una versi\u00f3n libre de un mito griego que fue recreado y dirigido por Marcelo Leyton, director del grupo y docente de la Universidad de las Artes. Cont\u00f3 con la participaci\u00f3n de Luisa Chavarr\u00eda, David Oviedo, Neicer Y\u00e1nez, Kevin Gonz\u00e1lez, Tatiana Magall\u00e1n, Am\u00e9rica Le\u00f3n, Kiara Vargas, Naomi Merch\u00e1n, Xiomara Guapacha y Arelys Pozo. Participaron tambi\u00e9n Juan Carlos Haro, como asistente de direcci\u00f3n; Mar\u00eda Aspiazu, como vestuarista; Erwin Guale, como t\u00e9cnico sonoro-lum\u00ednico: y Yasser Quevedo, como documentalista del proceso.<\/p>\n\n\n\n<p>La puesta en escena logr\u00f3 articular un lenguaje esc\u00e9nico potente y accesible, cuyo contenido central expone el derecho inalienable de toda mujer a elegir su libertad por encima de cualquier imposici\u00f3n afectiva, social o patriarcal. La narrativa de Dafne reivindica el valor de la autonom\u00eda personal frente a un modelo de amor rom\u00e1ntico que encubre din\u00e1micas de control y violencia.<\/p>\n\n\n\n<p>La apropiaci\u00f3n del tema por parte de las y los j\u00f3venes participantes, la dimensi\u00f3n \u00e9tica y simb\u00f3lica de la puesta en escena, y la interacci\u00f3n final con el p\u00fablico donde Dafne invit\u00f3 a todas las mujeres presentes a reconocerse como sujetas libres, marcaron un hito en el trabajo del colectivo y en el impacto logrado en la comunidad.<\/p>\n\n\n\n<p>El proceso desarrollado por el Gran Teatro de Monte Sina\u00ed (GTMS), con el acompa\u00f1amiento de la Universidad de las Artes y la organizaci\u00f3n Misi\u00f3n Alianza, no solo consolid\u00f3 una obra art\u00edstica que transmiti\u00f3 con fuerza el derecho de las mujeres a decidir sobre su vida y su libertad, sino que tambi\u00e9n evidenci\u00f3 el enorme potencial del arte comunitario como herramienta para la transformaci\u00f3n social.<\/p>\n\n\n<div class=\"wp-block-image\">\n<figure class=\"aligncenter size-large\"><img loading=\"lazy\" decoding=\"async\" width=\"644\" height=\"429\" src=\"https:\/\/www.uartes.edu.ec\/sitio\/wp-content\/uploads\/2025\/06\/04-GTMS-WEB-644x429.jpg\" alt=\"\" class=\"wp-image-73500\" srcset=\"https:\/\/www.uartes.edu.ec\/sitio\/wp-content\/uploads\/2025\/06\/04-GTMS-WEB-644x429.jpg 644w, https:\/\/www.uartes.edu.ec\/sitio\/wp-content\/uploads\/2025\/06\/04-GTMS-WEB-300x200.jpg 300w, https:\/\/www.uartes.edu.ec\/sitio\/wp-content\/uploads\/2025\/06\/04-GTMS-WEB-768x512.jpg 768w, https:\/\/www.uartes.edu.ec\/sitio\/wp-content\/uploads\/2025\/06\/04-GTMS-WEB-1536x1024.jpg 1536w, https:\/\/www.uartes.edu.ec\/sitio\/wp-content\/uploads\/2025\/06\/04-GTMS-WEB-18x12.jpg 18w, https:\/\/www.uartes.edu.ec\/sitio\/wp-content\/uploads\/2025\/06\/04-GTMS-WEB-600x400.jpg 600w, https:\/\/www.uartes.edu.ec\/sitio\/wp-content\/uploads\/2025\/06\/04-GTMS-WEB-400x267.jpg 400w, https:\/\/www.uartes.edu.ec\/sitio\/wp-content\/uploads\/2025\/06\/04-GTMS-WEB.jpg 2000w\" sizes=\"(max-width: 644px) 100vw, 644px\" \/><\/figure>\n<\/div>\n\n\n<p>Texto y fotos: con la colaboraci\u00f3n del docente Marcelo Leyton, de la Escuela de Artes Esc\u00e9nicas.<\/p>","protected":false},"excerpt":{"rendered":"<p>En el marco de \u201cIniciativas art\u00edsticas para la Paz\u201d, desarrollada por el Proyecto de Naciones Unidas \u201cCapacidades para la paz, la seguridad y la reducci\u00f3n de las violencias en Ecuador \u2013 Construimos Paz\u201d a trav\u00e9s de ONU Mujeres, la Universidad Casa Grande y el Municipio de Guayaquil, se convoc\u00f3 a organizaciones y colectivos art\u00edsticos interesados en promover la cultura de paz y la prevenci\u00f3n de la violencia basada en g\u00e9nero (VBG). El GTMS respondi\u00f3 y fue seleccionado.<\/p>","protected":false},"author":10,"featured_media":73496,"comment_status":"open","ping_status":"open","sticky":false,"template":"","format":"standard","meta":{"_acf_changed":false,"_uag_custom_page_level_css":"","_monsterinsights_skip_tracking":false,"_monsterinsights_sitenote_active":false,"_monsterinsights_sitenote_note":"","_monsterinsights_sitenote_category":0,"cybocfi_hide_featured_image":"","footnotes":""},"categories":[82,159,75,79],"tags":[518],"infouartes":[],"class_list":["post-73495","post","type-post","status-publish","format-standard","has-post-thumbnail","hentry","category-artes","category-artes-escenicas","category-docentes","category-vinculo","tag-produccion"],"acf":[],"yoast_head":"<!-- This site is optimized with the Yoast SEO plugin v27.4 - https:\/\/yoast.com\/product\/yoast-seo-wordpress\/ -->\n<title>Universidad de las Artes - GTMS, con \u201cDafne: la libertad de un \u00e1rbol\u201d en llamado para promover la cultura de paz<\/title>\n<meta name=\"description\" content=\"Universidad de las Artes - GTMS, con \u201cDafne: la libertad de un \u00e1rbol\u201d en llamado para promover la cultura de paz\" \/>\n<meta name=\"robots\" content=\"index, follow, max-snippet:-1, max-image-preview:large, max-video-preview:-1\" \/>\n<link rel=\"canonical\" href=\"https:\/\/www.uartes.edu.ec\/sitio\/en\/blog\/2025\/06\/12\/el-gtms-y-el-estreno-de-dafne-la-libertad-de-un-arbol\/\" \/>\n<meta property=\"og:locale\" content=\"en_US\" \/>\n<meta property=\"og:type\" content=\"article\" \/>\n<meta property=\"og:title\" content=\"Universidad de las Artes - GTMS, con \u201cDafne: la libertad de un \u00e1rbol\u201d en llamado para promover la cultura de paz\" \/>\n<meta property=\"og:description\" content=\"Universidad de las Artes - GTMS, con \u201cDafne: la libertad de un \u00e1rbol\u201d en llamado para promover la cultura de paz\" \/>\n<meta property=\"og:url\" content=\"https:\/\/www.uartes.edu.ec\/sitio\/en\/blog\/2025\/06\/12\/el-gtms-y-el-estreno-de-dafne-la-libertad-de-un-arbol\/\" \/>\n<meta property=\"og:site_name\" content=\"Universidad de las Artes\" \/>\n<meta property=\"article:publisher\" content=\"https:\/\/www.facebook.com\/uartesec\" \/>\n<meta property=\"article:published_time\" content=\"2025-06-12T23:57:49+00:00\" \/>\n<meta property=\"article:modified_time\" content=\"2025-06-13T00:04:54+00:00\" \/>\n<meta property=\"og:image\" content=\"https:\/\/www.uartes.edu.ec\/sitio\/wp-content\/uploads\/2025\/06\/05-GTMS-WEB.jpg\" \/>\n\t<meta property=\"og:image:width\" content=\"2000\" \/>\n\t<meta property=\"og:image:height\" content=\"1333\" \/>\n\t<meta property=\"og:image:type\" content=\"image\/jpeg\" \/>\n<meta name=\"author\" content=\"ccortez\" \/>\n<meta name=\"twitter:card\" content=\"summary_large_image\" \/>\n<meta name=\"twitter:creator\" content=\"@uartesec\" \/>\n<meta name=\"twitter:site\" content=\"@uartesec\" \/>\n<meta name=\"twitter:label1\" content=\"Written by\" \/>\n\t<meta name=\"twitter:data1\" content=\"ccortez\" \/>\n\t<meta name=\"twitter:label2\" content=\"Est. reading time\" \/>\n\t<meta name=\"twitter:data2\" content=\"3 minutes\" \/>\n<script type=\"application\/ld+json\" class=\"yoast-schema-graph\">{\"@context\":\"https:\\\/\\\/schema.org\",\"@graph\":[{\"@type\":\"Article\",\"@id\":\"https:\\\/\\\/www.uartes.edu.ec\\\/sitio\\\/en\\\/blog\\\/2025\\\/06\\\/12\\\/el-gtms-y-el-estreno-de-dafne-la-libertad-de-un-arbol\\\/#article\",\"isPartOf\":{\"@id\":\"https:\\\/\\\/www.uartes.edu.ec\\\/sitio\\\/en\\\/blog\\\/2025\\\/06\\\/12\\\/el-gtms-y-el-estreno-de-dafne-la-libertad-de-un-arbol\\\/\"},\"author\":{\"name\":\"ccortez\",\"@id\":\"https:\\\/\\\/www.uartes.edu.ec\\\/sitio\\\/en\\\/#\\\/schema\\\/person\\\/efa1b8275797664fd7f13a79ccc0b1f4\"},\"headline\":\"GTMS, con \u201cDafne: la libertad de un \u00e1rbol\u201d en llamado para promover la cultura de paz\",\"datePublished\":\"2025-06-12T23:57:49+00:00\",\"dateModified\":\"2025-06-13T00:04:54+00:00\",\"mainEntityOfPage\":{\"@id\":\"https:\\\/\\\/www.uartes.edu.ec\\\/sitio\\\/en\\\/blog\\\/2025\\\/06\\\/12\\\/el-gtms-y-el-estreno-de-dafne-la-libertad-de-un-arbol\\\/\"},\"wordCount\":564,\"commentCount\":0,\"publisher\":{\"@id\":\"https:\\\/\\\/www.uartes.edu.ec\\\/sitio\\\/en\\\/#organization\"},\"image\":{\"@id\":\"https:\\\/\\\/www.uartes.edu.ec\\\/sitio\\\/en\\\/blog\\\/2025\\\/06\\\/12\\\/el-gtms-y-el-estreno-de-dafne-la-libertad-de-un-arbol\\\/#primaryimage\"},\"thumbnailUrl\":\"https:\\\/\\\/www.uartes.edu.ec\\\/sitio\\\/wp-content\\\/uploads\\\/2025\\\/06\\\/05-GTMS-WEB.jpg\",\"keywords\":[\"producci\u00f3n\"],\"articleSection\":[\"Artes\",\"Artes Esc\u00e9nicas\",\"Docentes\",\"V\u00ednculo\"],\"inLanguage\":\"en-US\",\"potentialAction\":[{\"@type\":\"CommentAction\",\"name\":\"Comment\",\"target\":[\"https:\\\/\\\/www.uartes.edu.ec\\\/sitio\\\/en\\\/blog\\\/2025\\\/06\\\/12\\\/el-gtms-y-el-estreno-de-dafne-la-libertad-de-un-arbol\\\/#respond\"]}]},{\"@type\":[\"WebPage\",\"ItemPage\"],\"@id\":\"https:\\\/\\\/www.uartes.edu.ec\\\/sitio\\\/en\\\/blog\\\/2025\\\/06\\\/12\\\/el-gtms-y-el-estreno-de-dafne-la-libertad-de-un-arbol\\\/\",\"url\":\"https:\\\/\\\/www.uartes.edu.ec\\\/sitio\\\/en\\\/blog\\\/2025\\\/06\\\/12\\\/el-gtms-y-el-estreno-de-dafne-la-libertad-de-un-arbol\\\/\",\"name\":\"Universidad de las Artes - GTMS, con \u201cDafne: la libertad de un \u00e1rbol\u201d en llamado para promover la cultura de paz\",\"isPartOf\":{\"@id\":\"https:\\\/\\\/www.uartes.edu.ec\\\/sitio\\\/en\\\/#website\"},\"primaryImageOfPage\":{\"@id\":\"https:\\\/\\\/www.uartes.edu.ec\\\/sitio\\\/en\\\/blog\\\/2025\\\/06\\\/12\\\/el-gtms-y-el-estreno-de-dafne-la-libertad-de-un-arbol\\\/#primaryimage\"},\"image\":{\"@id\":\"https:\\\/\\\/www.uartes.edu.ec\\\/sitio\\\/en\\\/blog\\\/2025\\\/06\\\/12\\\/el-gtms-y-el-estreno-de-dafne-la-libertad-de-un-arbol\\\/#primaryimage\"},\"thumbnailUrl\":\"https:\\\/\\\/www.uartes.edu.ec\\\/sitio\\\/wp-content\\\/uploads\\\/2025\\\/06\\\/05-GTMS-WEB.jpg\",\"datePublished\":\"2025-06-12T23:57:49+00:00\",\"dateModified\":\"2025-06-13T00:04:54+00:00\",\"description\":\"Universidad de las Artes - GTMS, con \u201cDafne: la libertad de un \u00e1rbol\u201d en llamado para promover la cultura de paz\",\"breadcrumb\":{\"@id\":\"https:\\\/\\\/www.uartes.edu.ec\\\/sitio\\\/en\\\/blog\\\/2025\\\/06\\\/12\\\/el-gtms-y-el-estreno-de-dafne-la-libertad-de-un-arbol\\\/#breadcrumb\"},\"inLanguage\":\"en-US\",\"potentialAction\":[{\"@type\":\"ReadAction\",\"target\":[\"https:\\\/\\\/www.uartes.edu.ec\\\/sitio\\\/en\\\/blog\\\/2025\\\/06\\\/12\\\/el-gtms-y-el-estreno-de-dafne-la-libertad-de-un-arbol\\\/\"]}]},{\"@type\":\"ImageObject\",\"inLanguage\":\"en-US\",\"@id\":\"https:\\\/\\\/www.uartes.edu.ec\\\/sitio\\\/en\\\/blog\\\/2025\\\/06\\\/12\\\/el-gtms-y-el-estreno-de-dafne-la-libertad-de-un-arbol\\\/#primaryimage\",\"url\":\"https:\\\/\\\/www.uartes.edu.ec\\\/sitio\\\/wp-content\\\/uploads\\\/2025\\\/06\\\/05-GTMS-WEB.jpg\",\"contentUrl\":\"https:\\\/\\\/www.uartes.edu.ec\\\/sitio\\\/wp-content\\\/uploads\\\/2025\\\/06\\\/05-GTMS-WEB.jpg\",\"width\":2000,\"height\":1333},{\"@type\":\"BreadcrumbList\",\"@id\":\"https:\\\/\\\/www.uartes.edu.ec\\\/sitio\\\/en\\\/blog\\\/2025\\\/06\\\/12\\\/el-gtms-y-el-estreno-de-dafne-la-libertad-de-un-arbol\\\/#breadcrumb\",\"itemListElement\":[{\"@type\":\"ListItem\",\"position\":1,\"name\":\"Inicio\",\"item\":\"https:\\\/\\\/www.uartes.edu.ec\\\/sitio\\\/\"},{\"@type\":\"ListItem\",\"position\":2,\"name\":\"GTMS, con \u201cDafne: la libertad de un \u00e1rbol\u201d en llamado para promover la cultura de paz\"}]},{\"@type\":\"WebSite\",\"@id\":\"https:\\\/\\\/www.uartes.edu.ec\\\/sitio\\\/en\\\/#website\",\"url\":\"https:\\\/\\\/www.uartes.edu.ec\\\/sitio\\\/en\\\/\",\"name\":\"Universidad de las Artes\",\"description\":\"Sitio oficial de la Universidad Nacional de las Artes del Ecuador\",\"publisher\":{\"@id\":\"https:\\\/\\\/www.uartes.edu.ec\\\/sitio\\\/en\\\/#organization\"},\"potentialAction\":[{\"@type\":\"SearchAction\",\"target\":{\"@type\":\"EntryPoint\",\"urlTemplate\":\"https:\\\/\\\/www.uartes.edu.ec\\\/sitio\\\/en\\\/?s={search_term_string}\"},\"query-input\":{\"@type\":\"PropertyValueSpecification\",\"valueRequired\":true,\"valueName\":\"search_term_string\"}}],\"inLanguage\":\"en-US\"},{\"@type\":\"Organization\",\"@id\":\"https:\\\/\\\/www.uartes.edu.ec\\\/sitio\\\/en\\\/#organization\",\"name\":\"Universidad de las Artes\",\"url\":\"https:\\\/\\\/www.uartes.edu.ec\\\/sitio\\\/en\\\/\",\"logo\":{\"@type\":\"ImageObject\",\"inLanguage\":\"en-US\",\"@id\":\"https:\\\/\\\/www.uartes.edu.ec\\\/sitio\\\/en\\\/#\\\/schema\\\/logo\\\/image\\\/\",\"url\":\"https:\\\/\\\/www.uartes.edu.ec\\\/sitio\\\/wp-content\\\/uploads\\\/2022\\\/07\\\/logo-ua-horizontal.png\",\"contentUrl\":\"https:\\\/\\\/www.uartes.edu.ec\\\/sitio\\\/wp-content\\\/uploads\\\/2022\\\/07\\\/logo-ua-horizontal.png\",\"width\":800,\"height\":276,\"caption\":\"Universidad de las Artes\"},\"image\":{\"@id\":\"https:\\\/\\\/www.uartes.edu.ec\\\/sitio\\\/en\\\/#\\\/schema\\\/logo\\\/image\\\/\"},\"sameAs\":[\"https:\\\/\\\/www.facebook.com\\\/uartesec\",\"https:\\\/\\\/x.com\\\/uartesec\",\"https:\\\/\\\/www.tiktok.com\\\/@uartesec\"]},{\"@type\":\"Person\",\"@id\":\"https:\\\/\\\/www.uartes.edu.ec\\\/sitio\\\/en\\\/#\\\/schema\\\/person\\\/efa1b8275797664fd7f13a79ccc0b1f4\",\"name\":\"ccortez\",\"image\":{\"@type\":\"ImageObject\",\"inLanguage\":\"en-US\",\"@id\":\"https:\\\/\\\/secure.gravatar.com\\\/avatar\\\/b2a6f664a3ae8e074346ef91775736c5ec479e637ecced6842de9dc98b5da9cd?s=96&d=mm&r=g\",\"url\":\"https:\\\/\\\/secure.gravatar.com\\\/avatar\\\/b2a6f664a3ae8e074346ef91775736c5ec479e637ecced6842de9dc98b5da9cd?s=96&d=mm&r=g\",\"contentUrl\":\"https:\\\/\\\/secure.gravatar.com\\\/avatar\\\/b2a6f664a3ae8e074346ef91775736c5ec479e637ecced6842de9dc98b5da9cd?s=96&d=mm&r=g\",\"caption\":\"ccortez\"},\"url\":\"https:\\\/\\\/www.uartes.edu.ec\\\/sitio\\\/en\\\/blog\\\/author\\\/ccortez\\\/\"}]}<\/script>\n<!-- \/ Yoast SEO plugin. -->","yoast_head_json":{"title":"Universidad de las Artes - GTMS, con \u201cDafne: la libertad de un \u00e1rbol\u201d en llamado para promover la cultura de paz","description":"Universidad de las Artes - GTMS, con \u201cDafne: la libertad de un \u00e1rbol\u201d en llamado para promover la cultura de paz","robots":{"index":"index","follow":"follow","max-snippet":"max-snippet:-1","max-image-preview":"max-image-preview:large","max-video-preview":"max-video-preview:-1"},"canonical":"https:\/\/www.uartes.edu.ec\/sitio\/en\/blog\/2025\/06\/12\/el-gtms-y-el-estreno-de-dafne-la-libertad-de-un-arbol\/","og_locale":"en_US","og_type":"article","og_title":"Universidad de las Artes - GTMS, con \u201cDafne: la libertad de un \u00e1rbol\u201d en llamado para promover la cultura de paz","og_description":"Universidad de las Artes - GTMS, con \u201cDafne: la libertad de un \u00e1rbol\u201d en llamado para promover la cultura de paz","og_url":"https:\/\/www.uartes.edu.ec\/sitio\/en\/blog\/2025\/06\/12\/el-gtms-y-el-estreno-de-dafne-la-libertad-de-un-arbol\/","og_site_name":"Universidad de las Artes","article_publisher":"https:\/\/www.facebook.com\/uartesec","article_published_time":"2025-06-12T23:57:49+00:00","article_modified_time":"2025-06-13T00:04:54+00:00","og_image":[{"width":2000,"height":1333,"url":"https:\/\/www.uartes.edu.ec\/sitio\/wp-content\/uploads\/2025\/06\/05-GTMS-WEB.jpg","type":"image\/jpeg"}],"author":"ccortez","twitter_card":"summary_large_image","twitter_creator":"@uartesec","twitter_site":"@uartesec","twitter_misc":{"Written by":"ccortez","Est. reading time":"3 minutes"},"schema":{"@context":"https:\/\/schema.org","@graph":[{"@type":"Article","@id":"https:\/\/www.uartes.edu.ec\/sitio\/en\/blog\/2025\/06\/12\/el-gtms-y-el-estreno-de-dafne-la-libertad-de-un-arbol\/#article","isPartOf":{"@id":"https:\/\/www.uartes.edu.ec\/sitio\/en\/blog\/2025\/06\/12\/el-gtms-y-el-estreno-de-dafne-la-libertad-de-un-arbol\/"},"author":{"name":"ccortez","@id":"https:\/\/www.uartes.edu.ec\/sitio\/en\/#\/schema\/person\/efa1b8275797664fd7f13a79ccc0b1f4"},"headline":"GTMS, con \u201cDafne: la libertad de un \u00e1rbol\u201d en llamado para promover la cultura de paz","datePublished":"2025-06-12T23:57:49+00:00","dateModified":"2025-06-13T00:04:54+00:00","mainEntityOfPage":{"@id":"https:\/\/www.uartes.edu.ec\/sitio\/en\/blog\/2025\/06\/12\/el-gtms-y-el-estreno-de-dafne-la-libertad-de-un-arbol\/"},"wordCount":564,"commentCount":0,"publisher":{"@id":"https:\/\/www.uartes.edu.ec\/sitio\/en\/#organization"},"image":{"@id":"https:\/\/www.uartes.edu.ec\/sitio\/en\/blog\/2025\/06\/12\/el-gtms-y-el-estreno-de-dafne-la-libertad-de-un-arbol\/#primaryimage"},"thumbnailUrl":"https:\/\/www.uartes.edu.ec\/sitio\/wp-content\/uploads\/2025\/06\/05-GTMS-WEB.jpg","keywords":["producci\u00f3n"],"articleSection":["Artes","Artes Esc\u00e9nicas","Docentes","V\u00ednculo"],"inLanguage":"en-US","potentialAction":[{"@type":"CommentAction","name":"Comment","target":["https:\/\/www.uartes.edu.ec\/sitio\/en\/blog\/2025\/06\/12\/el-gtms-y-el-estreno-de-dafne-la-libertad-de-un-arbol\/#respond"]}]},{"@type":["WebPage","ItemPage"],"@id":"https:\/\/www.uartes.edu.ec\/sitio\/en\/blog\/2025\/06\/12\/el-gtms-y-el-estreno-de-dafne-la-libertad-de-un-arbol\/","url":"https:\/\/www.uartes.edu.ec\/sitio\/en\/blog\/2025\/06\/12\/el-gtms-y-el-estreno-de-dafne-la-libertad-de-un-arbol\/","name":"Universidad de las Artes - GTMS, con \u201cDafne: la libertad de un \u00e1rbol\u201d en llamado para promover la cultura de paz","isPartOf":{"@id":"https:\/\/www.uartes.edu.ec\/sitio\/en\/#website"},"primaryImageOfPage":{"@id":"https:\/\/www.uartes.edu.ec\/sitio\/en\/blog\/2025\/06\/12\/el-gtms-y-el-estreno-de-dafne-la-libertad-de-un-arbol\/#primaryimage"},"image":{"@id":"https:\/\/www.uartes.edu.ec\/sitio\/en\/blog\/2025\/06\/12\/el-gtms-y-el-estreno-de-dafne-la-libertad-de-un-arbol\/#primaryimage"},"thumbnailUrl":"https:\/\/www.uartes.edu.ec\/sitio\/wp-content\/uploads\/2025\/06\/05-GTMS-WEB.jpg","datePublished":"2025-06-12T23:57:49+00:00","dateModified":"2025-06-13T00:04:54+00:00","description":"Universidad de las Artes - GTMS, con \u201cDafne: la libertad de un \u00e1rbol\u201d en llamado para promover la cultura de paz","breadcrumb":{"@id":"https:\/\/www.uartes.edu.ec\/sitio\/en\/blog\/2025\/06\/12\/el-gtms-y-el-estreno-de-dafne-la-libertad-de-un-arbol\/#breadcrumb"},"inLanguage":"en-US","potentialAction":[{"@type":"ReadAction","target":["https:\/\/www.uartes.edu.ec\/sitio\/en\/blog\/2025\/06\/12\/el-gtms-y-el-estreno-de-dafne-la-libertad-de-un-arbol\/"]}]},{"@type":"ImageObject","inLanguage":"en-US","@id":"https:\/\/www.uartes.edu.ec\/sitio\/en\/blog\/2025\/06\/12\/el-gtms-y-el-estreno-de-dafne-la-libertad-de-un-arbol\/#primaryimage","url":"https:\/\/www.uartes.edu.ec\/sitio\/wp-content\/uploads\/2025\/06\/05-GTMS-WEB.jpg","contentUrl":"https:\/\/www.uartes.edu.ec\/sitio\/wp-content\/uploads\/2025\/06\/05-GTMS-WEB.jpg","width":2000,"height":1333},{"@type":"BreadcrumbList","@id":"https:\/\/www.uartes.edu.ec\/sitio\/en\/blog\/2025\/06\/12\/el-gtms-y-el-estreno-de-dafne-la-libertad-de-un-arbol\/#breadcrumb","itemListElement":[{"@type":"ListItem","position":1,"name":"Inicio","item":"https:\/\/www.uartes.edu.ec\/sitio\/"},{"@type":"ListItem","position":2,"name":"GTMS, con \u201cDafne: la libertad de un \u00e1rbol\u201d en llamado para promover la cultura de paz"}]},{"@type":"WebSite","@id":"https:\/\/www.uartes.edu.ec\/sitio\/en\/#website","url":"https:\/\/www.uartes.edu.ec\/sitio\/en\/","name":"Universidad de las Artes","description":"Sitio oficial de la Universidad Nacional de las Artes del Ecuador","publisher":{"@id":"https:\/\/www.uartes.edu.ec\/sitio\/en\/#organization"},"potentialAction":[{"@type":"SearchAction","target":{"@type":"EntryPoint","urlTemplate":"https:\/\/www.uartes.edu.ec\/sitio\/en\/?s={search_term_string}"},"query-input":{"@type":"PropertyValueSpecification","valueRequired":true,"valueName":"search_term_string"}}],"inLanguage":"en-US"},{"@type":"Organization","@id":"https:\/\/www.uartes.edu.ec\/sitio\/en\/#organization","name":"Universidad de las Artes","url":"https:\/\/www.uartes.edu.ec\/sitio\/en\/","logo":{"@type":"ImageObject","inLanguage":"en-US","@id":"https:\/\/www.uartes.edu.ec\/sitio\/en\/#\/schema\/logo\/image\/","url":"https:\/\/www.uartes.edu.ec\/sitio\/wp-content\/uploads\/2022\/07\/logo-ua-horizontal.png","contentUrl":"https:\/\/www.uartes.edu.ec\/sitio\/wp-content\/uploads\/2022\/07\/logo-ua-horizontal.png","width":800,"height":276,"caption":"Universidad de las Artes"},"image":{"@id":"https:\/\/www.uartes.edu.ec\/sitio\/en\/#\/schema\/logo\/image\/"},"sameAs":["https:\/\/www.facebook.com\/uartesec","https:\/\/x.com\/uartesec","https:\/\/www.tiktok.com\/@uartesec"]},{"@type":"Person","@id":"https:\/\/www.uartes.edu.ec\/sitio\/en\/#\/schema\/person\/efa1b8275797664fd7f13a79ccc0b1f4","name":"ccortez","image":{"@type":"ImageObject","inLanguage":"en-US","@id":"https:\/\/secure.gravatar.com\/avatar\/b2a6f664a3ae8e074346ef91775736c5ec479e637ecced6842de9dc98b5da9cd?s=96&d=mm&r=g","url":"https:\/\/secure.gravatar.com\/avatar\/b2a6f664a3ae8e074346ef91775736c5ec479e637ecced6842de9dc98b5da9cd?s=96&d=mm&r=g","contentUrl":"https:\/\/secure.gravatar.com\/avatar\/b2a6f664a3ae8e074346ef91775736c5ec479e637ecced6842de9dc98b5da9cd?s=96&d=mm&r=g","caption":"ccortez"},"url":"https:\/\/www.uartes.edu.ec\/sitio\/en\/blog\/author\/ccortez\/"}]}},"uagb_featured_image_src":{"full":["https:\/\/www.uartes.edu.ec\/sitio\/wp-content\/uploads\/2025\/06\/05-GTMS-WEB.jpg",2000,1333,false],"thumbnail":["https:\/\/www.uartes.edu.ec\/sitio\/wp-content\/uploads\/2025\/06\/05-GTMS-WEB-150x150.jpg",150,150,true],"medium":["https:\/\/www.uartes.edu.ec\/sitio\/wp-content\/uploads\/2025\/06\/05-GTMS-WEB-300x200.jpg",300,200,true],"medium_large":["https:\/\/www.uartes.edu.ec\/sitio\/wp-content\/uploads\/2025\/06\/05-GTMS-WEB-768x512.jpg",768,512,true],"large":["https:\/\/www.uartes.edu.ec\/sitio\/wp-content\/uploads\/2025\/06\/05-GTMS-WEB-644x429.jpg",644,429,true],"1536x1536":["https:\/\/www.uartes.edu.ec\/sitio\/wp-content\/uploads\/2025\/06\/05-GTMS-WEB-1536x1024.jpg",1536,1024,true],"2048x2048":["https:\/\/www.uartes.edu.ec\/sitio\/wp-content\/uploads\/2025\/06\/05-GTMS-WEB.jpg",2000,1333,false],"trp-custom-language-flag":["https:\/\/www.uartes.edu.ec\/sitio\/wp-content\/uploads\/2025\/06\/05-GTMS-WEB-18x12.jpg",18,12,true],"htmega_size_585x295":["https:\/\/www.uartes.edu.ec\/sitio\/wp-content\/uploads\/2025\/06\/05-GTMS-WEB-585x295.jpg",585,295,true],"htmega_size_1170x536":["https:\/\/www.uartes.edu.ec\/sitio\/wp-content\/uploads\/2025\/06\/05-GTMS-WEB-1170x536.jpg",1170,536,true],"htmega_size_396x360":["https:\/\/www.uartes.edu.ec\/sitio\/wp-content\/uploads\/2025\/06\/05-GTMS-WEB-396x360.jpg",396,360,true],"gb-block-post-grid-landscape":["https:\/\/www.uartes.edu.ec\/sitio\/wp-content\/uploads\/2025\/06\/05-GTMS-WEB-600x400.jpg",600,400,true],"gb-block-post-grid-square":["https:\/\/www.uartes.edu.ec\/sitio\/wp-content\/uploads\/2025\/06\/05-GTMS-WEB-600x600.jpg",600,600,true],"university-hub-thumb":["https:\/\/www.uartes.edu.ec\/sitio\/wp-content\/uploads\/2025\/06\/05-GTMS-WEB-400x267.jpg",400,267,true]},"uagb_author_info":{"display_name":"ccortez","author_link":"https:\/\/www.uartes.edu.ec\/sitio\/en\/blog\/author\/ccortez\/"},"uagb_comment_info":0,"uagb_excerpt":"En el marco de \u201cIniciativas art\u00edsticas para la Paz\u201d, desarrollada por el Proyecto de Naciones Unidas \u201cCapacidades para la paz, la seguridad y la reducci\u00f3n de las violencias en Ecuador \u2013 Construimos Paz\u201d a trav\u00e9s de ONU Mujeres, la Universidad Casa Grande y el Municipio de Guayaquil, se convoc\u00f3 a organizaciones y colectivos art\u00edsticos interesados&hellip;","featured_image_src":"https:\/\/www.uartes.edu.ec\/sitio\/wp-content\/uploads\/2025\/06\/05-GTMS-WEB-600x400.jpg","featured_image_src_square":"https:\/\/www.uartes.edu.ec\/sitio\/wp-content\/uploads\/2025\/06\/05-GTMS-WEB-600x600.jpg","author_info":{"display_name":"ccortez","author_link":"https:\/\/www.uartes.edu.ec\/sitio\/en\/blog\/author\/ccortez\/"},"publishpress_future_workflow_manual_trigger":{"enabledWorkflows":[]},"distributor_meta":false,"distributor_terms":false,"distributor_media":false,"distributor_original_site_name":"Universidad de las Artes","distributor_original_site_url":"https:\/\/www.uartes.edu.ec\/sitio\/en","push-errors":false,"_links":{"self":[{"href":"https:\/\/www.uartes.edu.ec\/sitio\/en\/wp-json\/wp\/v2\/posts\/73495","targetHints":{"allow":["GET"]}}],"collection":[{"href":"https:\/\/www.uartes.edu.ec\/sitio\/en\/wp-json\/wp\/v2\/posts"}],"about":[{"href":"https:\/\/www.uartes.edu.ec\/sitio\/en\/wp-json\/wp\/v2\/types\/post"}],"author":[{"embeddable":true,"href":"https:\/\/www.uartes.edu.ec\/sitio\/en\/wp-json\/wp\/v2\/users\/10"}],"replies":[{"embeddable":true,"href":"https:\/\/www.uartes.edu.ec\/sitio\/en\/wp-json\/wp\/v2\/comments?post=73495"}],"version-history":[{"count":5,"href":"https:\/\/www.uartes.edu.ec\/sitio\/en\/wp-json\/wp\/v2\/posts\/73495\/revisions"}],"predecessor-version":[{"id":73516,"href":"https:\/\/www.uartes.edu.ec\/sitio\/en\/wp-json\/wp\/v2\/posts\/73495\/revisions\/73516"}],"wp:featuredmedia":[{"embeddable":true,"href":"https:\/\/www.uartes.edu.ec\/sitio\/en\/wp-json\/wp\/v2\/media\/73496"}],"wp:attachment":[{"href":"https:\/\/www.uartes.edu.ec\/sitio\/en\/wp-json\/wp\/v2\/media?parent=73495"}],"wp:term":[{"taxonomy":"category","embeddable":true,"href":"https:\/\/www.uartes.edu.ec\/sitio\/en\/wp-json\/wp\/v2\/categories?post=73495"},{"taxonomy":"post_tag","embeddable":true,"href":"https:\/\/www.uartes.edu.ec\/sitio\/en\/wp-json\/wp\/v2\/tags?post=73495"},{"taxonomy":"infouartes","embeddable":true,"href":"https:\/\/www.uartes.edu.ec\/sitio\/en\/wp-json\/wp\/v2\/infouartes?post=73495"}],"curies":[{"name":"wp","href":"https:\/\/api.w.org\/{rel}","templated":true}]}}