{"id":73544,"date":"2025-06-13T11:51:35","date_gmt":"2025-06-13T16:51:35","guid":{"rendered":"https:\/\/www.uartes.edu.ec\/sitio\/?p=73544"},"modified":"2025-06-13T12:05:56","modified_gmt":"2025-06-13T17:05:56","slug":"embajador-de-brasil-visita-la-uartes-y-destaca-su-aporte-a-la-ensenanza-del-portugues-y-la-cultura-brasilena","status":"publish","type":"post","link":"https:\/\/www.uartes.edu.ec\/sitio\/en\/blog\/2025\/06\/13\/embajador-de-brasil-visita-la-uartes-y-destaca-su-aporte-a-la-ensenanza-del-portugues-y-la-cultura-brasilena\/","title":{"rendered":"Embajador de Brasil, Fl\u00e1vio Damico, visita UArtes y destaca su aporte a la ense\u00f1anza del portugu\u00e9s y la cultura brasile\u00f1a"},"content":{"rendered":"<p>La Universidad de las Artes recibi\u00f3 la atenta visita del embajador de Brasil, Fl\u00e1vio Damico. Fue recibido en el MZ14 Centro de Producci\u00f3n e Innovaci\u00f3n UArtes por nuestro rector, doctor William Herrera; la directora de Relaciones Internacionales, Susan Togra; y la docente de lengua portuguesa, Marcela Silva dos Santos, quien ha desarrollado una propuesta pedag\u00f3gica innovadora que fusiona la ense\u00f1anza del portugu\u00e9s con pr\u00e1cticas art\u00edsticas y una perspectiva intercultural.<\/p>\n\n\n\n<p>Este significativo encuentro, que se registr\u00f3 el 6 de junio anterior y dio paso a un recorrido por las instalaciones del MZ14, marc\u00f3 el inicio de una colaboraci\u00f3n m\u00e1s estrecha, enfocada en el impulso de actividades art\u00edsticas y acad\u00e9micas, as\u00ed como en la promoci\u00f3n de la movilidad estudiantil entre ambos pa\u00edses.<\/p>\n\n\n\n<p>En el di\u00e1logo con nuestra autoridad universitaria, Fl\u00e1vio Damico felicit\u00f3 a las UArtes por los logros alcanzados en la ense\u00f1anza de la lengua portuguesa y la promoci\u00f3n de la cultura brasile\u00f1a. El diplom\u00e1tico reiter\u00f3 el respaldo de la Embajada de Brasil a las iniciativas de movilidad universitaria, subrayando al Programa PEG-PG, el cual ofrece maestr\u00edas gratuitas en artes en instituciones de educaci\u00f3n superior de su pa\u00eds.<\/p>\n\n\n<div class=\"wp-block-image\">\n<figure class=\"aligncenter size-large\"><img fetchpriority=\"high\" decoding=\"async\" width=\"644\" height=\"429\" src=\"https:\/\/www.uartes.edu.ec\/sitio\/wp-content\/uploads\/2025\/06\/EMBAJADOR-BRASIL-WEB-05-644x429.jpg\" alt=\"\" class=\"wp-image-73551\" srcset=\"https:\/\/www.uartes.edu.ec\/sitio\/wp-content\/uploads\/2025\/06\/EMBAJADOR-BRASIL-WEB-05-644x429.jpg 644w, https:\/\/www.uartes.edu.ec\/sitio\/wp-content\/uploads\/2025\/06\/EMBAJADOR-BRASIL-WEB-05-300x200.jpg 300w, https:\/\/www.uartes.edu.ec\/sitio\/wp-content\/uploads\/2025\/06\/EMBAJADOR-BRASIL-WEB-05-768x512.jpg 768w, https:\/\/www.uartes.edu.ec\/sitio\/wp-content\/uploads\/2025\/06\/EMBAJADOR-BRASIL-WEB-05-1536x1024.jpg 1536w, https:\/\/www.uartes.edu.ec\/sitio\/wp-content\/uploads\/2025\/06\/EMBAJADOR-BRASIL-WEB-05-18x12.jpg 18w, https:\/\/www.uartes.edu.ec\/sitio\/wp-content\/uploads\/2025\/06\/EMBAJADOR-BRASIL-WEB-05-600x400.jpg 600w, https:\/\/www.uartes.edu.ec\/sitio\/wp-content\/uploads\/2025\/06\/EMBAJADOR-BRASIL-WEB-05-400x267.jpg 400w, https:\/\/www.uartes.edu.ec\/sitio\/wp-content\/uploads\/2025\/06\/EMBAJADOR-BRASIL-WEB-05.jpg 2000w\" sizes=\"(max-width: 644px) 100vw, 644px\" \/><\/figure>\n<\/div>\n\n<div class=\"wp-block-image\">\n<figure class=\"aligncenter size-large is-resized\"><img decoding=\"async\" width=\"644\" height=\"429\" src=\"https:\/\/www.uartes.edu.ec\/sitio\/wp-content\/uploads\/2025\/06\/EMBAJADOR-BRASIL-WEB-07-644x429.jpg\" alt=\"\" class=\"wp-image-73546\" style=\"width:476px;height:auto\" srcset=\"https:\/\/www.uartes.edu.ec\/sitio\/wp-content\/uploads\/2025\/06\/EMBAJADOR-BRASIL-WEB-07-644x429.jpg 644w, https:\/\/www.uartes.edu.ec\/sitio\/wp-content\/uploads\/2025\/06\/EMBAJADOR-BRASIL-WEB-07-300x200.jpg 300w, https:\/\/www.uartes.edu.ec\/sitio\/wp-content\/uploads\/2025\/06\/EMBAJADOR-BRASIL-WEB-07-768x512.jpg 768w, https:\/\/www.uartes.edu.ec\/sitio\/wp-content\/uploads\/2025\/06\/EMBAJADOR-BRASIL-WEB-07-1536x1024.jpg 1536w, https:\/\/www.uartes.edu.ec\/sitio\/wp-content\/uploads\/2025\/06\/EMBAJADOR-BRASIL-WEB-07-18x12.jpg 18w, https:\/\/www.uartes.edu.ec\/sitio\/wp-content\/uploads\/2025\/06\/EMBAJADOR-BRASIL-WEB-07-600x400.jpg 600w, https:\/\/www.uartes.edu.ec\/sitio\/wp-content\/uploads\/2025\/06\/EMBAJADOR-BRASIL-WEB-07-400x267.jpg 400w, https:\/\/www.uartes.edu.ec\/sitio\/wp-content\/uploads\/2025\/06\/EMBAJADOR-BRASIL-WEB-07.jpg 2000w\" sizes=\"(max-width: 644px) 100vw, 644px\" \/><\/figure>\n<\/div>\n\n\n<p>El embajador Fl\u00e1vio Damico destac\u00f3 tambi\u00e9n a la UArtes como un referente pionero en la ense\u00f1anza del portugu\u00e9s desde una perspectiva art\u00edstica y cultural, con una propuesta pedag\u00f3gica abierta a p\u00fablicos diversos \u2013desde la infancia hasta adultos mayores\u2013, tanto en cursos regulares como en talleres comunitarios, incluyendo personas con discapacidad.<\/p>\n\n\n\n<p>Asimismo, en la reuni\u00f3n se expres\u00f3 la satisfacci\u00f3n por los avances de los estudiantes que han alcanzado los niveles B1, B2 y C1 en la certificaci\u00f3n internacional del Celpe-Bras, evidenciando una formaci\u00f3n ling\u00fc\u00edstica de alta calidad.<\/p>\n\n\n\n<p>Este reconocimiento fortalece el camino emprendido por el Departamento de Lenguas Extranjeras hacia una mayor diversificaci\u00f3n ling\u00fc\u00edstica e interculturalidad, y reafirma el papel de la Universidad de las Artes como una plataforma activa de di\u00e1logo con los pueblos de lengua portuguesa y sus valiosas expresiones culturales, sociales e hist\u00f3ricas. Se valoran las buenas pr\u00e1cticas que conciben la lengua como un puente hacia la diversidad cultural, y el aula como un espacio de creaci\u00f3n, reflexi\u00f3n y encuentro.<\/p>\n\n\n\n<p>El rector William Herrera reiter\u00f3 el compromiso de la Universidad de las Artes en establecer iniciativas de cooperaci\u00f3n con la Embajada de Brasil en beneficio del portugu\u00e9s y la difusi\u00f3n de la cultura brasile\u00f1a, as\u00ed como intercambios que promuevan las artes, la educaci\u00f3n art\u00edstica y los proyectos culturales entre Ecuador y Brasil.<\/p>\n\n\n\n<figure class=\"wp-block-gallery has-nested-images columns-default is-cropped wp-block-gallery-1 is-layout-flex wp-block-gallery-is-layout-flex\">\n<figure class=\"wp-block-image size-large\"><img decoding=\"async\" width=\"644\" height=\"429\" data-id=\"73547\" src=\"https:\/\/www.uartes.edu.ec\/sitio\/wp-content\/uploads\/2025\/06\/EMBAJADOR-BRASIL-WEB-06-644x429.jpg\" alt=\"\" class=\"wp-image-73547\" srcset=\"https:\/\/www.uartes.edu.ec\/sitio\/wp-content\/uploads\/2025\/06\/EMBAJADOR-BRASIL-WEB-06-644x429.jpg 644w, https:\/\/www.uartes.edu.ec\/sitio\/wp-content\/uploads\/2025\/06\/EMBAJADOR-BRASIL-WEB-06-300x200.jpg 300w, https:\/\/www.uartes.edu.ec\/sitio\/wp-content\/uploads\/2025\/06\/EMBAJADOR-BRASIL-WEB-06-768x512.jpg 768w, https:\/\/www.uartes.edu.ec\/sitio\/wp-content\/uploads\/2025\/06\/EMBAJADOR-BRASIL-WEB-06-1536x1024.jpg 1536w, https:\/\/www.uartes.edu.ec\/sitio\/wp-content\/uploads\/2025\/06\/EMBAJADOR-BRASIL-WEB-06-18x12.jpg 18w, https:\/\/www.uartes.edu.ec\/sitio\/wp-content\/uploads\/2025\/06\/EMBAJADOR-BRASIL-WEB-06-600x400.jpg 600w, https:\/\/www.uartes.edu.ec\/sitio\/wp-content\/uploads\/2025\/06\/EMBAJADOR-BRASIL-WEB-06-400x267.jpg 400w, https:\/\/www.uartes.edu.ec\/sitio\/wp-content\/uploads\/2025\/06\/EMBAJADOR-BRASIL-WEB-06.jpg 2000w\" sizes=\"(max-width: 644px) 100vw, 644px\" \/><\/figure>\n\n\n\n<figure class=\"wp-block-image size-large\"><img loading=\"lazy\" decoding=\"async\" width=\"644\" height=\"429\" data-id=\"73548\" src=\"https:\/\/www.uartes.edu.ec\/sitio\/wp-content\/uploads\/2025\/06\/EMBAJADOR-BRASIL-WEB-04-644x429.jpg\" alt=\"\" class=\"wp-image-73548\" srcset=\"https:\/\/www.uartes.edu.ec\/sitio\/wp-content\/uploads\/2025\/06\/EMBAJADOR-BRASIL-WEB-04-644x429.jpg 644w, https:\/\/www.uartes.edu.ec\/sitio\/wp-content\/uploads\/2025\/06\/EMBAJADOR-BRASIL-WEB-04-300x200.jpg 300w, https:\/\/www.uartes.edu.ec\/sitio\/wp-content\/uploads\/2025\/06\/EMBAJADOR-BRASIL-WEB-04-768x512.jpg 768w, https:\/\/www.uartes.edu.ec\/sitio\/wp-content\/uploads\/2025\/06\/EMBAJADOR-BRASIL-WEB-04-1536x1024.jpg 1536w, https:\/\/www.uartes.edu.ec\/sitio\/wp-content\/uploads\/2025\/06\/EMBAJADOR-BRASIL-WEB-04-18x12.jpg 18w, https:\/\/www.uartes.edu.ec\/sitio\/wp-content\/uploads\/2025\/06\/EMBAJADOR-BRASIL-WEB-04-600x400.jpg 600w, https:\/\/www.uartes.edu.ec\/sitio\/wp-content\/uploads\/2025\/06\/EMBAJADOR-BRASIL-WEB-04-400x267.jpg 400w, https:\/\/www.uartes.edu.ec\/sitio\/wp-content\/uploads\/2025\/06\/EMBAJADOR-BRASIL-WEB-04.jpg 2000w\" sizes=\"(max-width: 644px) 100vw, 644px\" \/><\/figure>\n<\/figure>\n\n\n\n<figure class=\"wp-block-gallery has-nested-images columns-default is-cropped wp-block-gallery-2 is-layout-flex wp-block-gallery-is-layout-flex\">\n<figure class=\"wp-block-image size-large\"><img loading=\"lazy\" decoding=\"async\" width=\"644\" height=\"429\" data-id=\"73549\" src=\"https:\/\/www.uartes.edu.ec\/sitio\/wp-content\/uploads\/2025\/06\/EMBAJADOR-BRASIL-WEB-03-644x429.jpg\" alt=\"\" class=\"wp-image-73549\" srcset=\"https:\/\/www.uartes.edu.ec\/sitio\/wp-content\/uploads\/2025\/06\/EMBAJADOR-BRASIL-WEB-03-644x429.jpg 644w, https:\/\/www.uartes.edu.ec\/sitio\/wp-content\/uploads\/2025\/06\/EMBAJADOR-BRASIL-WEB-03-300x200.jpg 300w, https:\/\/www.uartes.edu.ec\/sitio\/wp-content\/uploads\/2025\/06\/EMBAJADOR-BRASIL-WEB-03-768x512.jpg 768w, https:\/\/www.uartes.edu.ec\/sitio\/wp-content\/uploads\/2025\/06\/EMBAJADOR-BRASIL-WEB-03-1536x1024.jpg 1536w, https:\/\/www.uartes.edu.ec\/sitio\/wp-content\/uploads\/2025\/06\/EMBAJADOR-BRASIL-WEB-03-18x12.jpg 18w, https:\/\/www.uartes.edu.ec\/sitio\/wp-content\/uploads\/2025\/06\/EMBAJADOR-BRASIL-WEB-03-600x400.jpg 600w, https:\/\/www.uartes.edu.ec\/sitio\/wp-content\/uploads\/2025\/06\/EMBAJADOR-BRASIL-WEB-03-400x267.jpg 400w, https:\/\/www.uartes.edu.ec\/sitio\/wp-content\/uploads\/2025\/06\/EMBAJADOR-BRASIL-WEB-03.jpg 2000w\" sizes=\"(max-width: 644px) 100vw, 644px\" \/><\/figure>\n\n\n\n<figure class=\"wp-block-image size-large\"><img loading=\"lazy\" decoding=\"async\" width=\"644\" height=\"429\" data-id=\"73550\" src=\"https:\/\/www.uartes.edu.ec\/sitio\/wp-content\/uploads\/2025\/06\/EMBAJADOR-BRASIL-WEB-02-644x429.jpg\" alt=\"\" class=\"wp-image-73550\" srcset=\"https:\/\/www.uartes.edu.ec\/sitio\/wp-content\/uploads\/2025\/06\/EMBAJADOR-BRASIL-WEB-02-644x429.jpg 644w, https:\/\/www.uartes.edu.ec\/sitio\/wp-content\/uploads\/2025\/06\/EMBAJADOR-BRASIL-WEB-02-300x200.jpg 300w, https:\/\/www.uartes.edu.ec\/sitio\/wp-content\/uploads\/2025\/06\/EMBAJADOR-BRASIL-WEB-02-768x512.jpg 768w, https:\/\/www.uartes.edu.ec\/sitio\/wp-content\/uploads\/2025\/06\/EMBAJADOR-BRASIL-WEB-02-1536x1024.jpg 1536w, https:\/\/www.uartes.edu.ec\/sitio\/wp-content\/uploads\/2025\/06\/EMBAJADOR-BRASIL-WEB-02-18x12.jpg 18w, https:\/\/www.uartes.edu.ec\/sitio\/wp-content\/uploads\/2025\/06\/EMBAJADOR-BRASIL-WEB-02-600x400.jpg 600w, https:\/\/www.uartes.edu.ec\/sitio\/wp-content\/uploads\/2025\/06\/EMBAJADOR-BRASIL-WEB-02-400x267.jpg 400w, https:\/\/www.uartes.edu.ec\/sitio\/wp-content\/uploads\/2025\/06\/EMBAJADOR-BRASIL-WEB-02.jpg 2000w\" sizes=\"(max-width: 644px) 100vw, 644px\" \/><\/figure>\n<\/figure>\n\n\n\n<p>Texto: con la colaboraci\u00f3n del Departamento de Lenguas Extranjeras de la UArtes.<br>Las im\u00e1genes corresponden al recorrido que el embajador de Brasil, Fl\u00e1vio Damico, hizo con el rector William Herrera, la directora de Relaciones Internacionales, Susan Togra, y la docente UArtes de lengua portuguesa, Marcela Silva dos Santos, por el MZ14; conoci\u00f3, entre otros, la radio, la sala de cine, los estudios de grabaci\u00f3n y la sala de Etnomusicolog\u00eda, donde se encuentra el gamel\u00e1n indonesio. Fotos: Tyrone Maridue\u00f1a\/Dircom. <\/p>\n\n\n\n<p><\/p>","protected":false},"excerpt":{"rendered":"<p>La Universidad de las Artes recibi\u00f3 la atenta visita del embajador de Brasil, Fl\u00e1vio Damico, quien se reuni\u00f3 en el MZ14 con nuestro rector, doctor William Herrera; la directora de Relaciones Internacionales, Susan Togra; y la docente de lengua portuguesa, Marcela Silva dos Santos. Un significativo encuentro que marc\u00f3 el inicio de una colaboraci\u00f3n m\u00e1s estrecha, enfocada en el impulso de actividades art\u00edsticas y acad\u00e9micas. <\/p>","protected":false},"author":10,"featured_media":73545,"comment_status":"open","ping_status":"open","sticky":false,"template":"","format":"standard","meta":{"_acf_changed":false,"_uag_custom_page_level_css":"","_monsterinsights_skip_tracking":false,"_monsterinsights_sitenote_active":false,"_monsterinsights_sitenote_note":"","_monsterinsights_sitenote_category":0,"cybocfi_hide_featured_image":"","footnotes":""},"categories":[80,438,75,77,83],"tags":[528],"infouartes":[],"class_list":["post-73544","post","type-post","status-publish","format-standard","has-post-thumbnail","hentry","category-academico","category-administrativos","category-docentes","category-gestion","category-sedes","tag-relacionamiento"],"acf":[],"yoast_head":"<!-- This site is optimized with the Yoast SEO plugin v27.4 - https:\/\/yoast.com\/product\/yoast-seo-wordpress\/ -->\n<title>Universidad de las Artes - Embajador de Brasil, Fl\u00e1vio Damico, visita UArtes y destaca su aporte a la ense\u00f1anza del portugu\u00e9s y la cultura brasile\u00f1a<\/title>\n<meta name=\"description\" content=\"Universidad de las Artes - Embajador de Brasil, Fl\u00e1vio Damico, visita UArtes y destaca su aporte a la ense\u00f1anza del portugu\u00e9s y la cultura brasile\u00f1a\" \/>\n<meta name=\"robots\" content=\"index, follow, max-snippet:-1, max-image-preview:large, max-video-preview:-1\" \/>\n<link rel=\"canonical\" href=\"https:\/\/www.uartes.edu.ec\/sitio\/en\/blog\/2025\/06\/13\/embajador-de-brasil-visita-la-uartes-y-destaca-su-aporte-a-la-ensenanza-del-portugues-y-la-cultura-brasilena\/\" \/>\n<meta property=\"og:locale\" content=\"en_US\" \/>\n<meta property=\"og:type\" content=\"article\" \/>\n<meta property=\"og:title\" content=\"Universidad de las Artes - Embajador de Brasil, Fl\u00e1vio Damico, visita UArtes y destaca su aporte a la ense\u00f1anza del portugu\u00e9s y la cultura brasile\u00f1a\" \/>\n<meta property=\"og:description\" content=\"Universidad de las Artes - Embajador de Brasil, Fl\u00e1vio Damico, visita UArtes y destaca su aporte a la ense\u00f1anza del portugu\u00e9s y la cultura brasile\u00f1a\" \/>\n<meta property=\"og:url\" content=\"https:\/\/www.uartes.edu.ec\/sitio\/en\/blog\/2025\/06\/13\/embajador-de-brasil-visita-la-uartes-y-destaca-su-aporte-a-la-ensenanza-del-portugues-y-la-cultura-brasilena\/\" \/>\n<meta property=\"og:site_name\" content=\"Universidad de las Artes\" \/>\n<meta property=\"article:publisher\" content=\"https:\/\/www.facebook.com\/uartesec\" \/>\n<meta property=\"article:published_time\" content=\"2025-06-13T16:51:35+00:00\" \/>\n<meta property=\"article:modified_time\" content=\"2025-06-13T17:05:56+00:00\" \/>\n<meta property=\"og:image\" content=\"https:\/\/www.uartes.edu.ec\/sitio\/wp-content\/uploads\/2025\/06\/EMBAJADOR-BRASIL-WEB-01.jpg\" \/>\n\t<meta property=\"og:image:width\" content=\"2000\" \/>\n\t<meta property=\"og:image:height\" content=\"1333\" \/>\n\t<meta property=\"og:image:type\" content=\"image\/jpeg\" \/>\n<meta name=\"author\" content=\"ccortez\" \/>\n<meta name=\"twitter:card\" content=\"summary_large_image\" \/>\n<meta name=\"twitter:creator\" content=\"@uartesec\" \/>\n<meta name=\"twitter:site\" content=\"@uartesec\" \/>\n<meta name=\"twitter:label1\" content=\"Written by\" \/>\n\t<meta name=\"twitter:data1\" content=\"ccortez\" \/>\n\t<meta name=\"twitter:label2\" content=\"Est. reading time\" \/>\n\t<meta name=\"twitter:data2\" content=\"3 minutes\" \/>\n<script type=\"application\/ld+json\" class=\"yoast-schema-graph\">{\"@context\":\"https:\\\/\\\/schema.org\",\"@graph\":[{\"@type\":\"Article\",\"@id\":\"https:\\\/\\\/www.uartes.edu.ec\\\/sitio\\\/en\\\/blog\\\/2025\\\/06\\\/13\\\/embajador-de-brasil-visita-la-uartes-y-destaca-su-aporte-a-la-ensenanza-del-portugues-y-la-cultura-brasilena\\\/#article\",\"isPartOf\":{\"@id\":\"https:\\\/\\\/www.uartes.edu.ec\\\/sitio\\\/en\\\/blog\\\/2025\\\/06\\\/13\\\/embajador-de-brasil-visita-la-uartes-y-destaca-su-aporte-a-la-ensenanza-del-portugues-y-la-cultura-brasilena\\\/\"},\"author\":{\"name\":\"ccortez\",\"@id\":\"https:\\\/\\\/www.uartes.edu.ec\\\/sitio\\\/en\\\/#\\\/schema\\\/person\\\/efa1b8275797664fd7f13a79ccc0b1f4\"},\"headline\":\"Embajador de Brasil, Fl\u00e1vio Damico, visita UArtes y destaca su aporte a la ense\u00f1anza del portugu\u00e9s y la cultura brasile\u00f1a\",\"datePublished\":\"2025-06-13T16:51:35+00:00\",\"dateModified\":\"2025-06-13T17:05:56+00:00\",\"mainEntityOfPage\":{\"@id\":\"https:\\\/\\\/www.uartes.edu.ec\\\/sitio\\\/en\\\/blog\\\/2025\\\/06\\\/13\\\/embajador-de-brasil-visita-la-uartes-y-destaca-su-aporte-a-la-ensenanza-del-portugues-y-la-cultura-brasilena\\\/\"},\"wordCount\":557,\"commentCount\":0,\"publisher\":{\"@id\":\"https:\\\/\\\/www.uartes.edu.ec\\\/sitio\\\/en\\\/#organization\"},\"image\":{\"@id\":\"https:\\\/\\\/www.uartes.edu.ec\\\/sitio\\\/en\\\/blog\\\/2025\\\/06\\\/13\\\/embajador-de-brasil-visita-la-uartes-y-destaca-su-aporte-a-la-ensenanza-del-portugues-y-la-cultura-brasilena\\\/#primaryimage\"},\"thumbnailUrl\":\"https:\\\/\\\/www.uartes.edu.ec\\\/sitio\\\/wp-content\\\/uploads\\\/2025\\\/06\\\/EMBAJADOR-BRASIL-WEB-01.jpg\",\"keywords\":[\"relacionamiento\"],\"articleSection\":[\"Acad\u00e9mico\",\"Administrativos\",\"Docentes\",\"Gesti\u00f3n\",\"Sedes\"],\"inLanguage\":\"en-US\",\"potentialAction\":[{\"@type\":\"CommentAction\",\"name\":\"Comment\",\"target\":[\"https:\\\/\\\/www.uartes.edu.ec\\\/sitio\\\/en\\\/blog\\\/2025\\\/06\\\/13\\\/embajador-de-brasil-visita-la-uartes-y-destaca-su-aporte-a-la-ensenanza-del-portugues-y-la-cultura-brasilena\\\/#respond\"]}]},{\"@type\":[\"WebPage\",\"ItemPage\"],\"@id\":\"https:\\\/\\\/www.uartes.edu.ec\\\/sitio\\\/en\\\/blog\\\/2025\\\/06\\\/13\\\/embajador-de-brasil-visita-la-uartes-y-destaca-su-aporte-a-la-ensenanza-del-portugues-y-la-cultura-brasilena\\\/\",\"url\":\"https:\\\/\\\/www.uartes.edu.ec\\\/sitio\\\/en\\\/blog\\\/2025\\\/06\\\/13\\\/embajador-de-brasil-visita-la-uartes-y-destaca-su-aporte-a-la-ensenanza-del-portugues-y-la-cultura-brasilena\\\/\",\"name\":\"Universidad de las Artes - Embajador de Brasil, Fl\u00e1vio Damico, visita UArtes y destaca su aporte a la ense\u00f1anza del portugu\u00e9s y la cultura brasile\u00f1a\",\"isPartOf\":{\"@id\":\"https:\\\/\\\/www.uartes.edu.ec\\\/sitio\\\/en\\\/#website\"},\"primaryImageOfPage\":{\"@id\":\"https:\\\/\\\/www.uartes.edu.ec\\\/sitio\\\/en\\\/blog\\\/2025\\\/06\\\/13\\\/embajador-de-brasil-visita-la-uartes-y-destaca-su-aporte-a-la-ensenanza-del-portugues-y-la-cultura-brasilena\\\/#primaryimage\"},\"image\":{\"@id\":\"https:\\\/\\\/www.uartes.edu.ec\\\/sitio\\\/en\\\/blog\\\/2025\\\/06\\\/13\\\/embajador-de-brasil-visita-la-uartes-y-destaca-su-aporte-a-la-ensenanza-del-portugues-y-la-cultura-brasilena\\\/#primaryimage\"},\"thumbnailUrl\":\"https:\\\/\\\/www.uartes.edu.ec\\\/sitio\\\/wp-content\\\/uploads\\\/2025\\\/06\\\/EMBAJADOR-BRASIL-WEB-01.jpg\",\"datePublished\":\"2025-06-13T16:51:35+00:00\",\"dateModified\":\"2025-06-13T17:05:56+00:00\",\"description\":\"Universidad de las Artes - Embajador de Brasil, Fl\u00e1vio Damico, visita UArtes y destaca su aporte a la ense\u00f1anza del portugu\u00e9s y la cultura brasile\u00f1a\",\"breadcrumb\":{\"@id\":\"https:\\\/\\\/www.uartes.edu.ec\\\/sitio\\\/en\\\/blog\\\/2025\\\/06\\\/13\\\/embajador-de-brasil-visita-la-uartes-y-destaca-su-aporte-a-la-ensenanza-del-portugues-y-la-cultura-brasilena\\\/#breadcrumb\"},\"inLanguage\":\"en-US\",\"potentialAction\":[{\"@type\":\"ReadAction\",\"target\":[\"https:\\\/\\\/www.uartes.edu.ec\\\/sitio\\\/en\\\/blog\\\/2025\\\/06\\\/13\\\/embajador-de-brasil-visita-la-uartes-y-destaca-su-aporte-a-la-ensenanza-del-portugues-y-la-cultura-brasilena\\\/\"]}]},{\"@type\":\"ImageObject\",\"inLanguage\":\"en-US\",\"@id\":\"https:\\\/\\\/www.uartes.edu.ec\\\/sitio\\\/en\\\/blog\\\/2025\\\/06\\\/13\\\/embajador-de-brasil-visita-la-uartes-y-destaca-su-aporte-a-la-ensenanza-del-portugues-y-la-cultura-brasilena\\\/#primaryimage\",\"url\":\"https:\\\/\\\/www.uartes.edu.ec\\\/sitio\\\/wp-content\\\/uploads\\\/2025\\\/06\\\/EMBAJADOR-BRASIL-WEB-01.jpg\",\"contentUrl\":\"https:\\\/\\\/www.uartes.edu.ec\\\/sitio\\\/wp-content\\\/uploads\\\/2025\\\/06\\\/EMBAJADOR-BRASIL-WEB-01.jpg\",\"width\":2000,\"height\":1333},{\"@type\":\"BreadcrumbList\",\"@id\":\"https:\\\/\\\/www.uartes.edu.ec\\\/sitio\\\/en\\\/blog\\\/2025\\\/06\\\/13\\\/embajador-de-brasil-visita-la-uartes-y-destaca-su-aporte-a-la-ensenanza-del-portugues-y-la-cultura-brasilena\\\/#breadcrumb\",\"itemListElement\":[{\"@type\":\"ListItem\",\"position\":1,\"name\":\"Inicio\",\"item\":\"https:\\\/\\\/www.uartes.edu.ec\\\/sitio\\\/\"},{\"@type\":\"ListItem\",\"position\":2,\"name\":\"Embajador de Brasil, Fl\u00e1vio Damico, visita UArtes y destaca su aporte a la ense\u00f1anza del portugu\u00e9s y la cultura brasile\u00f1a\"}]},{\"@type\":\"WebSite\",\"@id\":\"https:\\\/\\\/www.uartes.edu.ec\\\/sitio\\\/en\\\/#website\",\"url\":\"https:\\\/\\\/www.uartes.edu.ec\\\/sitio\\\/en\\\/\",\"name\":\"Universidad de las Artes\",\"description\":\"Sitio oficial de la Universidad Nacional de las Artes del Ecuador\",\"publisher\":{\"@id\":\"https:\\\/\\\/www.uartes.edu.ec\\\/sitio\\\/en\\\/#organization\"},\"potentialAction\":[{\"@type\":\"SearchAction\",\"target\":{\"@type\":\"EntryPoint\",\"urlTemplate\":\"https:\\\/\\\/www.uartes.edu.ec\\\/sitio\\\/en\\\/?s={search_term_string}\"},\"query-input\":{\"@type\":\"PropertyValueSpecification\",\"valueRequired\":true,\"valueName\":\"search_term_string\"}}],\"inLanguage\":\"en-US\"},{\"@type\":\"Organization\",\"@id\":\"https:\\\/\\\/www.uartes.edu.ec\\\/sitio\\\/en\\\/#organization\",\"name\":\"Universidad de las Artes\",\"url\":\"https:\\\/\\\/www.uartes.edu.ec\\\/sitio\\\/en\\\/\",\"logo\":{\"@type\":\"ImageObject\",\"inLanguage\":\"en-US\",\"@id\":\"https:\\\/\\\/www.uartes.edu.ec\\\/sitio\\\/en\\\/#\\\/schema\\\/logo\\\/image\\\/\",\"url\":\"https:\\\/\\\/www.uartes.edu.ec\\\/sitio\\\/wp-content\\\/uploads\\\/2022\\\/07\\\/logo-ua-horizontal.png\",\"contentUrl\":\"https:\\\/\\\/www.uartes.edu.ec\\\/sitio\\\/wp-content\\\/uploads\\\/2022\\\/07\\\/logo-ua-horizontal.png\",\"width\":800,\"height\":276,\"caption\":\"Universidad de las Artes\"},\"image\":{\"@id\":\"https:\\\/\\\/www.uartes.edu.ec\\\/sitio\\\/en\\\/#\\\/schema\\\/logo\\\/image\\\/\"},\"sameAs\":[\"https:\\\/\\\/www.facebook.com\\\/uartesec\",\"https:\\\/\\\/x.com\\\/uartesec\",\"https:\\\/\\\/www.tiktok.com\\\/@uartesec\"]},{\"@type\":\"Person\",\"@id\":\"https:\\\/\\\/www.uartes.edu.ec\\\/sitio\\\/en\\\/#\\\/schema\\\/person\\\/efa1b8275797664fd7f13a79ccc0b1f4\",\"name\":\"ccortez\",\"image\":{\"@type\":\"ImageObject\",\"inLanguage\":\"en-US\",\"@id\":\"https:\\\/\\\/secure.gravatar.com\\\/avatar\\\/b2a6f664a3ae8e074346ef91775736c5ec479e637ecced6842de9dc98b5da9cd?s=96&d=mm&r=g\",\"url\":\"https:\\\/\\\/secure.gravatar.com\\\/avatar\\\/b2a6f664a3ae8e074346ef91775736c5ec479e637ecced6842de9dc98b5da9cd?s=96&d=mm&r=g\",\"contentUrl\":\"https:\\\/\\\/secure.gravatar.com\\\/avatar\\\/b2a6f664a3ae8e074346ef91775736c5ec479e637ecced6842de9dc98b5da9cd?s=96&d=mm&r=g\",\"caption\":\"ccortez\"},\"url\":\"https:\\\/\\\/www.uartes.edu.ec\\\/sitio\\\/en\\\/blog\\\/author\\\/ccortez\\\/\"}]}<\/script>\n<!-- \/ Yoast SEO plugin. -->","yoast_head_json":{"title":"Universidad de las Artes - Embajador de Brasil, Fl\u00e1vio Damico, visita UArtes y destaca su aporte a la ense\u00f1anza del portugu\u00e9s y la cultura brasile\u00f1a","description":"Universidad de las Artes - Embajador de Brasil, Fl\u00e1vio Damico, visita UArtes y destaca su aporte a la ense\u00f1anza del portugu\u00e9s y la cultura brasile\u00f1a","robots":{"index":"index","follow":"follow","max-snippet":"max-snippet:-1","max-image-preview":"max-image-preview:large","max-video-preview":"max-video-preview:-1"},"canonical":"https:\/\/www.uartes.edu.ec\/sitio\/en\/blog\/2025\/06\/13\/embajador-de-brasil-visita-la-uartes-y-destaca-su-aporte-a-la-ensenanza-del-portugues-y-la-cultura-brasilena\/","og_locale":"en_US","og_type":"article","og_title":"Universidad de las Artes - Embajador de Brasil, Fl\u00e1vio Damico, visita UArtes y destaca su aporte a la ense\u00f1anza del portugu\u00e9s y la cultura brasile\u00f1a","og_description":"Universidad de las Artes - Embajador de Brasil, Fl\u00e1vio Damico, visita UArtes y destaca su aporte a la ense\u00f1anza del portugu\u00e9s y la cultura brasile\u00f1a","og_url":"https:\/\/www.uartes.edu.ec\/sitio\/en\/blog\/2025\/06\/13\/embajador-de-brasil-visita-la-uartes-y-destaca-su-aporte-a-la-ensenanza-del-portugues-y-la-cultura-brasilena\/","og_site_name":"Universidad de las Artes","article_publisher":"https:\/\/www.facebook.com\/uartesec","article_published_time":"2025-06-13T16:51:35+00:00","article_modified_time":"2025-06-13T17:05:56+00:00","og_image":[{"width":2000,"height":1333,"url":"https:\/\/www.uartes.edu.ec\/sitio\/wp-content\/uploads\/2025\/06\/EMBAJADOR-BRASIL-WEB-01.jpg","type":"image\/jpeg"}],"author":"ccortez","twitter_card":"summary_large_image","twitter_creator":"@uartesec","twitter_site":"@uartesec","twitter_misc":{"Written by":"ccortez","Est. reading time":"3 minutes"},"schema":{"@context":"https:\/\/schema.org","@graph":[{"@type":"Article","@id":"https:\/\/www.uartes.edu.ec\/sitio\/en\/blog\/2025\/06\/13\/embajador-de-brasil-visita-la-uartes-y-destaca-su-aporte-a-la-ensenanza-del-portugues-y-la-cultura-brasilena\/#article","isPartOf":{"@id":"https:\/\/www.uartes.edu.ec\/sitio\/en\/blog\/2025\/06\/13\/embajador-de-brasil-visita-la-uartes-y-destaca-su-aporte-a-la-ensenanza-del-portugues-y-la-cultura-brasilena\/"},"author":{"name":"ccortez","@id":"https:\/\/www.uartes.edu.ec\/sitio\/en\/#\/schema\/person\/efa1b8275797664fd7f13a79ccc0b1f4"},"headline":"Embajador de Brasil, Fl\u00e1vio Damico, visita UArtes y destaca su aporte a la ense\u00f1anza del portugu\u00e9s y la cultura brasile\u00f1a","datePublished":"2025-06-13T16:51:35+00:00","dateModified":"2025-06-13T17:05:56+00:00","mainEntityOfPage":{"@id":"https:\/\/www.uartes.edu.ec\/sitio\/en\/blog\/2025\/06\/13\/embajador-de-brasil-visita-la-uartes-y-destaca-su-aporte-a-la-ensenanza-del-portugues-y-la-cultura-brasilena\/"},"wordCount":557,"commentCount":0,"publisher":{"@id":"https:\/\/www.uartes.edu.ec\/sitio\/en\/#organization"},"image":{"@id":"https:\/\/www.uartes.edu.ec\/sitio\/en\/blog\/2025\/06\/13\/embajador-de-brasil-visita-la-uartes-y-destaca-su-aporte-a-la-ensenanza-del-portugues-y-la-cultura-brasilena\/#primaryimage"},"thumbnailUrl":"https:\/\/www.uartes.edu.ec\/sitio\/wp-content\/uploads\/2025\/06\/EMBAJADOR-BRASIL-WEB-01.jpg","keywords":["relacionamiento"],"articleSection":["Acad\u00e9mico","Administrativos","Docentes","Gesti\u00f3n","Sedes"],"inLanguage":"en-US","potentialAction":[{"@type":"CommentAction","name":"Comment","target":["https:\/\/www.uartes.edu.ec\/sitio\/en\/blog\/2025\/06\/13\/embajador-de-brasil-visita-la-uartes-y-destaca-su-aporte-a-la-ensenanza-del-portugues-y-la-cultura-brasilena\/#respond"]}]},{"@type":["WebPage","ItemPage"],"@id":"https:\/\/www.uartes.edu.ec\/sitio\/en\/blog\/2025\/06\/13\/embajador-de-brasil-visita-la-uartes-y-destaca-su-aporte-a-la-ensenanza-del-portugues-y-la-cultura-brasilena\/","url":"https:\/\/www.uartes.edu.ec\/sitio\/en\/blog\/2025\/06\/13\/embajador-de-brasil-visita-la-uartes-y-destaca-su-aporte-a-la-ensenanza-del-portugues-y-la-cultura-brasilena\/","name":"Universidad de las Artes - Embajador de Brasil, Fl\u00e1vio Damico, visita UArtes y destaca su aporte a la ense\u00f1anza del portugu\u00e9s y la cultura brasile\u00f1a","isPartOf":{"@id":"https:\/\/www.uartes.edu.ec\/sitio\/en\/#website"},"primaryImageOfPage":{"@id":"https:\/\/www.uartes.edu.ec\/sitio\/en\/blog\/2025\/06\/13\/embajador-de-brasil-visita-la-uartes-y-destaca-su-aporte-a-la-ensenanza-del-portugues-y-la-cultura-brasilena\/#primaryimage"},"image":{"@id":"https:\/\/www.uartes.edu.ec\/sitio\/en\/blog\/2025\/06\/13\/embajador-de-brasil-visita-la-uartes-y-destaca-su-aporte-a-la-ensenanza-del-portugues-y-la-cultura-brasilena\/#primaryimage"},"thumbnailUrl":"https:\/\/www.uartes.edu.ec\/sitio\/wp-content\/uploads\/2025\/06\/EMBAJADOR-BRASIL-WEB-01.jpg","datePublished":"2025-06-13T16:51:35+00:00","dateModified":"2025-06-13T17:05:56+00:00","description":"Universidad de las Artes - Embajador de Brasil, Fl\u00e1vio Damico, visita UArtes y destaca su aporte a la ense\u00f1anza del portugu\u00e9s y la cultura brasile\u00f1a","breadcrumb":{"@id":"https:\/\/www.uartes.edu.ec\/sitio\/en\/blog\/2025\/06\/13\/embajador-de-brasil-visita-la-uartes-y-destaca-su-aporte-a-la-ensenanza-del-portugues-y-la-cultura-brasilena\/#breadcrumb"},"inLanguage":"en-US","potentialAction":[{"@type":"ReadAction","target":["https:\/\/www.uartes.edu.ec\/sitio\/en\/blog\/2025\/06\/13\/embajador-de-brasil-visita-la-uartes-y-destaca-su-aporte-a-la-ensenanza-del-portugues-y-la-cultura-brasilena\/"]}]},{"@type":"ImageObject","inLanguage":"en-US","@id":"https:\/\/www.uartes.edu.ec\/sitio\/en\/blog\/2025\/06\/13\/embajador-de-brasil-visita-la-uartes-y-destaca-su-aporte-a-la-ensenanza-del-portugues-y-la-cultura-brasilena\/#primaryimage","url":"https:\/\/www.uartes.edu.ec\/sitio\/wp-content\/uploads\/2025\/06\/EMBAJADOR-BRASIL-WEB-01.jpg","contentUrl":"https:\/\/www.uartes.edu.ec\/sitio\/wp-content\/uploads\/2025\/06\/EMBAJADOR-BRASIL-WEB-01.jpg","width":2000,"height":1333},{"@type":"BreadcrumbList","@id":"https:\/\/www.uartes.edu.ec\/sitio\/en\/blog\/2025\/06\/13\/embajador-de-brasil-visita-la-uartes-y-destaca-su-aporte-a-la-ensenanza-del-portugues-y-la-cultura-brasilena\/#breadcrumb","itemListElement":[{"@type":"ListItem","position":1,"name":"Inicio","item":"https:\/\/www.uartes.edu.ec\/sitio\/"},{"@type":"ListItem","position":2,"name":"Embajador de Brasil, Fl\u00e1vio Damico, visita UArtes y destaca su aporte a la ense\u00f1anza del portugu\u00e9s y la cultura brasile\u00f1a"}]},{"@type":"WebSite","@id":"https:\/\/www.uartes.edu.ec\/sitio\/en\/#website","url":"https:\/\/www.uartes.edu.ec\/sitio\/en\/","name":"Universidad de las Artes","description":"Sitio oficial de la Universidad Nacional de las Artes del Ecuador","publisher":{"@id":"https:\/\/www.uartes.edu.ec\/sitio\/en\/#organization"},"potentialAction":[{"@type":"SearchAction","target":{"@type":"EntryPoint","urlTemplate":"https:\/\/www.uartes.edu.ec\/sitio\/en\/?s={search_term_string}"},"query-input":{"@type":"PropertyValueSpecification","valueRequired":true,"valueName":"search_term_string"}}],"inLanguage":"en-US"},{"@type":"Organization","@id":"https:\/\/www.uartes.edu.ec\/sitio\/en\/#organization","name":"Universidad de las Artes","url":"https:\/\/www.uartes.edu.ec\/sitio\/en\/","logo":{"@type":"ImageObject","inLanguage":"en-US","@id":"https:\/\/www.uartes.edu.ec\/sitio\/en\/#\/schema\/logo\/image\/","url":"https:\/\/www.uartes.edu.ec\/sitio\/wp-content\/uploads\/2022\/07\/logo-ua-horizontal.png","contentUrl":"https:\/\/www.uartes.edu.ec\/sitio\/wp-content\/uploads\/2022\/07\/logo-ua-horizontal.png","width":800,"height":276,"caption":"Universidad de las Artes"},"image":{"@id":"https:\/\/www.uartes.edu.ec\/sitio\/en\/#\/schema\/logo\/image\/"},"sameAs":["https:\/\/www.facebook.com\/uartesec","https:\/\/x.com\/uartesec","https:\/\/www.tiktok.com\/@uartesec"]},{"@type":"Person","@id":"https:\/\/www.uartes.edu.ec\/sitio\/en\/#\/schema\/person\/efa1b8275797664fd7f13a79ccc0b1f4","name":"ccortez","image":{"@type":"ImageObject","inLanguage":"en-US","@id":"https:\/\/secure.gravatar.com\/avatar\/b2a6f664a3ae8e074346ef91775736c5ec479e637ecced6842de9dc98b5da9cd?s=96&d=mm&r=g","url":"https:\/\/secure.gravatar.com\/avatar\/b2a6f664a3ae8e074346ef91775736c5ec479e637ecced6842de9dc98b5da9cd?s=96&d=mm&r=g","contentUrl":"https:\/\/secure.gravatar.com\/avatar\/b2a6f664a3ae8e074346ef91775736c5ec479e637ecced6842de9dc98b5da9cd?s=96&d=mm&r=g","caption":"ccortez"},"url":"https:\/\/www.uartes.edu.ec\/sitio\/en\/blog\/author\/ccortez\/"}]}},"uagb_featured_image_src":{"full":["https:\/\/www.uartes.edu.ec\/sitio\/wp-content\/uploads\/2025\/06\/EMBAJADOR-BRASIL-WEB-01.jpg",2000,1333,false],"thumbnail":["https:\/\/www.uartes.edu.ec\/sitio\/wp-content\/uploads\/2025\/06\/EMBAJADOR-BRASIL-WEB-01-150x150.jpg",150,150,true],"medium":["https:\/\/www.uartes.edu.ec\/sitio\/wp-content\/uploads\/2025\/06\/EMBAJADOR-BRASIL-WEB-01-300x200.jpg",300,200,true],"medium_large":["https:\/\/www.uartes.edu.ec\/sitio\/wp-content\/uploads\/2025\/06\/EMBAJADOR-BRASIL-WEB-01-768x512.jpg",768,512,true],"large":["https:\/\/www.uartes.edu.ec\/sitio\/wp-content\/uploads\/2025\/06\/EMBAJADOR-BRASIL-WEB-01-644x429.jpg",644,429,true],"1536x1536":["https:\/\/www.uartes.edu.ec\/sitio\/wp-content\/uploads\/2025\/06\/EMBAJADOR-BRASIL-WEB-01-1536x1024.jpg",1536,1024,true],"2048x2048":["https:\/\/www.uartes.edu.ec\/sitio\/wp-content\/uploads\/2025\/06\/EMBAJADOR-BRASIL-WEB-01.jpg",2000,1333,false],"trp-custom-language-flag":["https:\/\/www.uartes.edu.ec\/sitio\/wp-content\/uploads\/2025\/06\/EMBAJADOR-BRASIL-WEB-01-18x12.jpg",18,12,true],"htmega_size_585x295":["https:\/\/www.uartes.edu.ec\/sitio\/wp-content\/uploads\/2025\/06\/EMBAJADOR-BRASIL-WEB-01-585x295.jpg",585,295,true],"htmega_size_1170x536":["https:\/\/www.uartes.edu.ec\/sitio\/wp-content\/uploads\/2025\/06\/EMBAJADOR-BRASIL-WEB-01-1170x536.jpg",1170,536,true],"htmega_size_396x360":["https:\/\/www.uartes.edu.ec\/sitio\/wp-content\/uploads\/2025\/06\/EMBAJADOR-BRASIL-WEB-01-396x360.jpg",396,360,true],"gb-block-post-grid-landscape":["https:\/\/www.uartes.edu.ec\/sitio\/wp-content\/uploads\/2025\/06\/EMBAJADOR-BRASIL-WEB-01-600x400.jpg",600,400,true],"gb-block-post-grid-square":["https:\/\/www.uartes.edu.ec\/sitio\/wp-content\/uploads\/2025\/06\/EMBAJADOR-BRASIL-WEB-01-600x600.jpg",600,600,true],"university-hub-thumb":["https:\/\/www.uartes.edu.ec\/sitio\/wp-content\/uploads\/2025\/06\/EMBAJADOR-BRASIL-WEB-01-400x267.jpg",400,267,true]},"uagb_author_info":{"display_name":"ccortez","author_link":"https:\/\/www.uartes.edu.ec\/sitio\/en\/blog\/author\/ccortez\/"},"uagb_comment_info":0,"uagb_excerpt":"La Universidad de las Artes recibi\u00f3 la atenta visita del embajador de Brasil, Fl\u00e1vio Damico, quien se reuni\u00f3 en el MZ14 con nuestro rector, doctor William Herrera; la directora de Relaciones Internacionales, Susan Togra; y la docente de lengua portuguesa, Marcela Silva dos Santos. Un significativo encuentro que marc\u00f3 el inicio de una colaboraci\u00f3n m\u00e1s&hellip;","featured_image_src":"https:\/\/www.uartes.edu.ec\/sitio\/wp-content\/uploads\/2025\/06\/EMBAJADOR-BRASIL-WEB-01-600x400.jpg","featured_image_src_square":"https:\/\/www.uartes.edu.ec\/sitio\/wp-content\/uploads\/2025\/06\/EMBAJADOR-BRASIL-WEB-01-600x600.jpg","author_info":{"display_name":"ccortez","author_link":"https:\/\/www.uartes.edu.ec\/sitio\/en\/blog\/author\/ccortez\/"},"publishpress_future_workflow_manual_trigger":{"enabledWorkflows":[]},"distributor_meta":false,"distributor_terms":false,"distributor_media":false,"distributor_original_site_name":"Universidad de las Artes","distributor_original_site_url":"https:\/\/www.uartes.edu.ec\/sitio\/en","push-errors":false,"_links":{"self":[{"href":"https:\/\/www.uartes.edu.ec\/sitio\/en\/wp-json\/wp\/v2\/posts\/73544","targetHints":{"allow":["GET"]}}],"collection":[{"href":"https:\/\/www.uartes.edu.ec\/sitio\/en\/wp-json\/wp\/v2\/posts"}],"about":[{"href":"https:\/\/www.uartes.edu.ec\/sitio\/en\/wp-json\/wp\/v2\/types\/post"}],"author":[{"embeddable":true,"href":"https:\/\/www.uartes.edu.ec\/sitio\/en\/wp-json\/wp\/v2\/users\/10"}],"replies":[{"embeddable":true,"href":"https:\/\/www.uartes.edu.ec\/sitio\/en\/wp-json\/wp\/v2\/comments?post=73544"}],"version-history":[{"count":7,"href":"https:\/\/www.uartes.edu.ec\/sitio\/en\/wp-json\/wp\/v2\/posts\/73544\/revisions"}],"predecessor-version":[{"id":73577,"href":"https:\/\/www.uartes.edu.ec\/sitio\/en\/wp-json\/wp\/v2\/posts\/73544\/revisions\/73577"}],"wp:featuredmedia":[{"embeddable":true,"href":"https:\/\/www.uartes.edu.ec\/sitio\/en\/wp-json\/wp\/v2\/media\/73545"}],"wp:attachment":[{"href":"https:\/\/www.uartes.edu.ec\/sitio\/en\/wp-json\/wp\/v2\/media?parent=73544"}],"wp:term":[{"taxonomy":"category","embeddable":true,"href":"https:\/\/www.uartes.edu.ec\/sitio\/en\/wp-json\/wp\/v2\/categories?post=73544"},{"taxonomy":"post_tag","embeddable":true,"href":"https:\/\/www.uartes.edu.ec\/sitio\/en\/wp-json\/wp\/v2\/tags?post=73544"},{"taxonomy":"infouartes","embeddable":true,"href":"https:\/\/www.uartes.edu.ec\/sitio\/en\/wp-json\/wp\/v2\/infouartes?post=73544"}],"curies":[{"name":"wp","href":"https:\/\/api.w.org\/{rel}","templated":true}]}}