{"id":73770,"date":"2025-06-18T18:10:00","date_gmt":"2025-06-18T23:10:00","guid":{"rendered":"https:\/\/www.uartes.edu.ec\/sitio\/?p=73770"},"modified":"2025-07-01T15:15:06","modified_gmt":"2025-07-01T20:15:06","slug":"uartes-participa-en-el-i-congreso-nacional-de-artes-escenicas-academia-y-ambito-laboral-organizado-por-la-uce","status":"publish","type":"post","link":"https:\/\/www.uartes.edu.ec\/sitio\/en\/blog\/2025\/06\/18\/uartes-participa-en-el-i-congreso-nacional-de-artes-escenicas-academia-y-ambito-laboral-organizado-por-la-uce\/","title":{"rendered":"UArtes participa en el I Congreso Nacional de Artes Esc\u00e9nicas, Academia y \u00c1mbito Laboral organizado por la UCE en Quito"},"content":{"rendered":"<p>La Universidad de las Artes participa con docentes, graduados y estudiantes de las carreras de Creaci\u00f3n Teatral y Danza en el I Congreso Nacional Artes Esc\u00e9nicas, Academia y \u00c1mbito Laboral que se inici\u00f3 en Quito ayer, martes 17 de junio, y concluir\u00e1 este viernes 19. Su finalidad es dialogar sobre los cambios de inserci\u00f3n de la profesi\u00f3n en el pa\u00eds, desde una mirada cr\u00edtica de la academia y de los diversos actores sociales para afrontar los desaf\u00edos actuales.<\/p>\n\n\n\n<p>El congreso es una iniciativa de la carrera de Artes Esc\u00e9nicas de la Facultad de Artes de la Universidad Central del Ecuador (UCE) y junto con la UArtes participan alrededor de diez instituciones de educaci\u00f3n superior. Para su realizaci\u00f3n, la UCE lanz\u00f3 una convocatoria para la postulaci\u00f3n de ponencias, la cual estuvo dirigida a profesionales, investigadores, docentes, estudiantes y artistas vinculados a las artes esc\u00e9nicas.<\/p>\n\n\n\n<p>En el acto de apertura de la cita, la vicerrectora de Investigaci\u00f3n, Doctorados e Innovaci\u00f3n de la UCE, Dra. Katherine Zurita, destac\u00f3 que el congreso, en su realizaci\u00f3n, apuntaba a aportar con propuestas para el desarrollo de la sociedad.<\/p>\n\n\n<div class=\"wp-block-image\">\n<figure class=\"aligncenter size-large\"><img fetchpriority=\"high\" decoding=\"async\" width=\"644\" height=\"429\" src=\"https:\/\/www.uartes.edu.ec\/sitio\/wp-content\/uploads\/2025\/06\/01-PRIMER-CONGRESO-ARTES-ESCENICAS-QUITO-644x429.jpg\" alt=\"\" class=\"wp-image-73781\" srcset=\"https:\/\/www.uartes.edu.ec\/sitio\/wp-content\/uploads\/2025\/06\/01-PRIMER-CONGRESO-ARTES-ESCENICAS-QUITO-644x429.jpg 644w, https:\/\/www.uartes.edu.ec\/sitio\/wp-content\/uploads\/2025\/06\/01-PRIMER-CONGRESO-ARTES-ESCENICAS-QUITO-300x200.jpg 300w, https:\/\/www.uartes.edu.ec\/sitio\/wp-content\/uploads\/2025\/06\/01-PRIMER-CONGRESO-ARTES-ESCENICAS-QUITO-768x512.jpg 768w, https:\/\/www.uartes.edu.ec\/sitio\/wp-content\/uploads\/2025\/06\/01-PRIMER-CONGRESO-ARTES-ESCENICAS-QUITO-1536x1024.jpg 1536w, https:\/\/www.uartes.edu.ec\/sitio\/wp-content\/uploads\/2025\/06\/01-PRIMER-CONGRESO-ARTES-ESCENICAS-QUITO-18x12.jpg 18w, https:\/\/www.uartes.edu.ec\/sitio\/wp-content\/uploads\/2025\/06\/01-PRIMER-CONGRESO-ARTES-ESCENICAS-QUITO-600x400.jpg 600w, https:\/\/www.uartes.edu.ec\/sitio\/wp-content\/uploads\/2025\/06\/01-PRIMER-CONGRESO-ARTES-ESCENICAS-QUITO-400x267.jpg 400w, https:\/\/www.uartes.edu.ec\/sitio\/wp-content\/uploads\/2025\/06\/01-PRIMER-CONGRESO-ARTES-ESCENICAS-QUITO.jpg 2000w\" sizes=\"(max-width: 644px) 100vw, 644px\" \/><\/figure>\n<\/div>\n\n<div class=\"wp-block-image\">\n<figure class=\"aligncenter size-large is-resized\"><img decoding=\"async\" width=\"644\" height=\"483\" src=\"https:\/\/www.uartes.edu.ec\/sitio\/wp-content\/uploads\/2025\/06\/Dara1-644x483.jpg\" alt=\"\" class=\"wp-image-73850\" style=\"width:476px;height:auto\" srcset=\"https:\/\/www.uartes.edu.ec\/sitio\/wp-content\/uploads\/2025\/06\/Dara1-644x483.jpg 644w, https:\/\/www.uartes.edu.ec\/sitio\/wp-content\/uploads\/2025\/06\/Dara1-300x225.jpg 300w, https:\/\/www.uartes.edu.ec\/sitio\/wp-content\/uploads\/2025\/06\/Dara1-768x576.jpg 768w, https:\/\/www.uartes.edu.ec\/sitio\/wp-content\/uploads\/2025\/06\/Dara1-1536x1152.jpg 1536w, https:\/\/www.uartes.edu.ec\/sitio\/wp-content\/uploads\/2025\/06\/Dara1-16x12.jpg 16w, https:\/\/www.uartes.edu.ec\/sitio\/wp-content\/uploads\/2025\/06\/Dara1-400x300.jpg 400w, https:\/\/www.uartes.edu.ec\/sitio\/wp-content\/uploads\/2025\/06\/Dara1.jpg 1825w\" sizes=\"(max-width: 644px) 100vw, 644px\" \/><\/figure>\n<\/div>\n\n\n<p>En la jornada inaugural, la primera ponente de la Universidad de las Artes en intervenir fue Darashea Toala Vera, graduada de pregrado en la carrera de Danza y de posgrado en la maestr\u00eda de Artes Esc\u00e9nicas; actualmente es estudiante de la Escuela de Literatura. Bajo la l\u00ednea tem\u00e1tica \u201cFormaci\u00f3n acad\u00e9mica y metodolog\u00edas de ense\u00f1anza\u201d, una de las siete establecidas en el congreso, la licenciada, mag\u00edster y alumna UArtes se refiri\u00f3 al \u201cSujeto-tr\u00e1nsito tect\u00f3nico: Liminalidad e Indisciplina\u201d.<\/p>\n\n\n\n<p>Tambi\u00e9n en el primer d\u00eda del congreso se expusieron los \u201cFracasos como aprendizajes o una reflexi\u00f3n a los micro-procesos de ense\u00f1anza-aprendizaje, creaci\u00f3n\/investigaci\u00f3n, a partir del montaje \u2018La Escuela Nocturna\u2019, una adaptaci\u00f3n de la obra dram\u00e1tica de Harold Pinter con los estudiantes de cuarto semestre (2024 A) de la carrera de Creaci\u00f3n Teatral de Escuela de Artes Esc\u00e9nicas UArtes. Son sus autores, los estudiantes Sabaa Ester Guerrero y Kevin Mera P\u00e1rraga, y el docente Juan Enrique Bautista.<\/p>\n\n\n\n<p>La siguiente ponencia UArtes fue la que brind\u00f3 el alumnus de Creaci\u00f3n Teatral Alessandro Loor Quirola. Su tema fue \u201cHay un cuerpo entre los escombros: Violencia, espacio y espectador en el teatro ecuatoriano actual\u201d.<\/p>\n\n\n\n<figure class=\"wp-block-gallery has-nested-images columns-default is-cropped wp-block-gallery-1 is-layout-flex wp-block-gallery-is-layout-flex\">\n<figure class=\"wp-block-image size-large\"><img decoding=\"async\" width=\"644\" height=\"429\" data-id=\"73780\" src=\"https:\/\/www.uartes.edu.ec\/sitio\/wp-content\/uploads\/2025\/06\/02-PRIMER-CONGRESO-ARTES-ESCENICAS-QUITO-644x429.jpg\" alt=\"\" class=\"wp-image-73780\" srcset=\"https:\/\/www.uartes.edu.ec\/sitio\/wp-content\/uploads\/2025\/06\/02-PRIMER-CONGRESO-ARTES-ESCENICAS-QUITO-644x429.jpg 644w, https:\/\/www.uartes.edu.ec\/sitio\/wp-content\/uploads\/2025\/06\/02-PRIMER-CONGRESO-ARTES-ESCENICAS-QUITO-300x200.jpg 300w, https:\/\/www.uartes.edu.ec\/sitio\/wp-content\/uploads\/2025\/06\/02-PRIMER-CONGRESO-ARTES-ESCENICAS-QUITO-768x512.jpg 768w, https:\/\/www.uartes.edu.ec\/sitio\/wp-content\/uploads\/2025\/06\/02-PRIMER-CONGRESO-ARTES-ESCENICAS-QUITO-1536x1024.jpg 1536w, https:\/\/www.uartes.edu.ec\/sitio\/wp-content\/uploads\/2025\/06\/02-PRIMER-CONGRESO-ARTES-ESCENICAS-QUITO-18x12.jpg 18w, https:\/\/www.uartes.edu.ec\/sitio\/wp-content\/uploads\/2025\/06\/02-PRIMER-CONGRESO-ARTES-ESCENICAS-QUITO-600x400.jpg 600w, https:\/\/www.uartes.edu.ec\/sitio\/wp-content\/uploads\/2025\/06\/02-PRIMER-CONGRESO-ARTES-ESCENICAS-QUITO-400x267.jpg 400w, https:\/\/www.uartes.edu.ec\/sitio\/wp-content\/uploads\/2025\/06\/02-PRIMER-CONGRESO-ARTES-ESCENICAS-QUITO.jpg 2000w\" sizes=\"(max-width: 644px) 100vw, 644px\" \/><\/figure>\n\n\n\n<figure class=\"wp-block-image size-large\"><img loading=\"lazy\" decoding=\"async\" width=\"644\" height=\"429\" data-id=\"73778\" src=\"https:\/\/www.uartes.edu.ec\/sitio\/wp-content\/uploads\/2025\/06\/06-PRIMER-CONGRESO-ARTES-ESCENICAS-QUITO-644x429.jpg\" alt=\"\" class=\"wp-image-73778\" srcset=\"https:\/\/www.uartes.edu.ec\/sitio\/wp-content\/uploads\/2025\/06\/06-PRIMER-CONGRESO-ARTES-ESCENICAS-QUITO-644x429.jpg 644w, https:\/\/www.uartes.edu.ec\/sitio\/wp-content\/uploads\/2025\/06\/06-PRIMER-CONGRESO-ARTES-ESCENICAS-QUITO-300x200.jpg 300w, https:\/\/www.uartes.edu.ec\/sitio\/wp-content\/uploads\/2025\/06\/06-PRIMER-CONGRESO-ARTES-ESCENICAS-QUITO-768x512.jpg 768w, https:\/\/www.uartes.edu.ec\/sitio\/wp-content\/uploads\/2025\/06\/06-PRIMER-CONGRESO-ARTES-ESCENICAS-QUITO-1536x1024.jpg 1536w, https:\/\/www.uartes.edu.ec\/sitio\/wp-content\/uploads\/2025\/06\/06-PRIMER-CONGRESO-ARTES-ESCENICAS-QUITO-18x12.jpg 18w, https:\/\/www.uartes.edu.ec\/sitio\/wp-content\/uploads\/2025\/06\/06-PRIMER-CONGRESO-ARTES-ESCENICAS-QUITO-600x400.jpg 600w, https:\/\/www.uartes.edu.ec\/sitio\/wp-content\/uploads\/2025\/06\/06-PRIMER-CONGRESO-ARTES-ESCENICAS-QUITO-400x267.jpg 400w, https:\/\/www.uartes.edu.ec\/sitio\/wp-content\/uploads\/2025\/06\/06-PRIMER-CONGRESO-ARTES-ESCENICAS-QUITO.jpg 2000w\" sizes=\"(max-width: 644px) 100vw, 644px\" \/><\/figure>\n<\/figure>\n\n\n<div class=\"wp-block-image\">\n<figure class=\"aligncenter size-large is-resized\"><img loading=\"lazy\" decoding=\"async\" width=\"644\" height=\"429\" src=\"https:\/\/www.uartes.edu.ec\/sitio\/wp-content\/uploads\/2025\/06\/Proyecto-Cambiar-tamano-de-imagen-2025-06-18T130046.781-644x429.jpeg\" alt=\"\" class=\"wp-image-73783\" style=\"width:528px;height:auto\" srcset=\"https:\/\/www.uartes.edu.ec\/sitio\/wp-content\/uploads\/2025\/06\/Proyecto-Cambiar-tamano-de-imagen-2025-06-18T130046.781-644x429.jpeg 644w, https:\/\/www.uartes.edu.ec\/sitio\/wp-content\/uploads\/2025\/06\/Proyecto-Cambiar-tamano-de-imagen-2025-06-18T130046.781-300x200.jpeg 300w, https:\/\/www.uartes.edu.ec\/sitio\/wp-content\/uploads\/2025\/06\/Proyecto-Cambiar-tamano-de-imagen-2025-06-18T130046.781-768x512.jpeg 768w, https:\/\/www.uartes.edu.ec\/sitio\/wp-content\/uploads\/2025\/06\/Proyecto-Cambiar-tamano-de-imagen-2025-06-18T130046.781-1536x1024.jpeg 1536w, https:\/\/www.uartes.edu.ec\/sitio\/wp-content\/uploads\/2025\/06\/Proyecto-Cambiar-tamano-de-imagen-2025-06-18T130046.781-18x12.jpeg 18w, https:\/\/www.uartes.edu.ec\/sitio\/wp-content\/uploads\/2025\/06\/Proyecto-Cambiar-tamano-de-imagen-2025-06-18T130046.781-600x400.jpeg 600w, https:\/\/www.uartes.edu.ec\/sitio\/wp-content\/uploads\/2025\/06\/Proyecto-Cambiar-tamano-de-imagen-2025-06-18T130046.781-400x267.jpeg 400w, https:\/\/www.uartes.edu.ec\/sitio\/wp-content\/uploads\/2025\/06\/Proyecto-Cambiar-tamano-de-imagen-2025-06-18T130046.781.jpeg 2000w\" sizes=\"(max-width: 644px) 100vw, 644px\" \/><\/figure>\n<\/div>\n\n\n<p>Hoy, mi\u00e9rcoles 18, teniendo como l\u00ednea tem\u00e1tica \u201cInvestigaci\u00f3n y fundamentaci\u00f3n te\u00f3rica de las Artes Esc\u00e9nicas\u201d, la estudiante UArtes Karla Elizabeth Estrada expuso sobre \u201cLas P\u00e1jaros: Una brecha en el espacio\u201d.<\/p>\n\n\n\n<p>Junto con la \u201cFormaci\u00f3n acad\u00e9mica y metodolog\u00edas de ense\u00f1anza\u201d e \u201cInvestigaci\u00f3n y fundamentaci\u00f3n te\u00f3rica de las Artes Esc\u00e9nicas\u201d, las otras l\u00edneas tem\u00e1ticas del congreso son: \u201cTecnolog\u00eda y artes esc\u00e9nicas\u201d, \u201cTransici\u00f3n de la academia al campo laboral\u201d, \u201cArtes esc\u00e9nicas y sociedad\u201d, \u201cPol\u00edticas p\u00fablicas y marco legal\u201d y \u201cMercado laboral y sostenibilidad profesional\u201d.<\/p>\n\n\n\n<p>En el I Congreso Nacional Artes Esc\u00e9nicas, Academia y \u00c1mbito Laboral est\u00e1 prevista para este viernes, 20 de junio, la intervenci\u00f3n de la mag\u00edster Dolores Ortiz, docente y coordinadora de la carrera de Creaci\u00f3n Teatral. Se dar\u00e1 en el marco de la conferencia magistral \u201cLas Artes Esc\u00e9nicas y la academia. El horizonte de las apuestas curriculares y su sistema\u201d. Al igual que las dem\u00e1s actividades desarrolladas, tendr\u00e1 lugar en el Teatro FAUCE.<\/p>\n\n\n\n<p>Dolores Ortiz compartir\u00e1 la conferencia magistral con la Msc. Isabel \u00c1lvarez, directora de la carrera de Artes Esc\u00e9nicas de la UTPL; Lcda. Katerine Zambrano V\u00e9lez, coordinadora de la carrera de Artes Esc\u00e9nicas de la Universidad San Gregorio de Portoviejo; Msc. Marcelo Luje, director de la carrera de Artes Esc\u00e9nicas de la Universidad de Cuenca; y Msc. Juan Arellano, director de la carrera de Artes Esc\u00e9nicas de la UCE.<\/p>\n\n\n<div class=\"wp-block-image\">\n<figure class=\"aligncenter size-large\"><img loading=\"lazy\" decoding=\"async\" width=\"644\" height=\"429\" src=\"https:\/\/www.uartes.edu.ec\/sitio\/wp-content\/uploads\/2025\/06\/Proyecto-Cambiar-tamano-de-imagen-2025-06-18T130849.261-644x429.jpeg\" alt=\"\" class=\"wp-image-73784\" srcset=\"https:\/\/www.uartes.edu.ec\/sitio\/wp-content\/uploads\/2025\/06\/Proyecto-Cambiar-tamano-de-imagen-2025-06-18T130849.261-644x429.jpeg 644w, https:\/\/www.uartes.edu.ec\/sitio\/wp-content\/uploads\/2025\/06\/Proyecto-Cambiar-tamano-de-imagen-2025-06-18T130849.261-300x200.jpeg 300w, https:\/\/www.uartes.edu.ec\/sitio\/wp-content\/uploads\/2025\/06\/Proyecto-Cambiar-tamano-de-imagen-2025-06-18T130849.261-768x512.jpeg 768w, https:\/\/www.uartes.edu.ec\/sitio\/wp-content\/uploads\/2025\/06\/Proyecto-Cambiar-tamano-de-imagen-2025-06-18T130849.261-1536x1024.jpeg 1536w, https:\/\/www.uartes.edu.ec\/sitio\/wp-content\/uploads\/2025\/06\/Proyecto-Cambiar-tamano-de-imagen-2025-06-18T130849.261-18x12.jpeg 18w, https:\/\/www.uartes.edu.ec\/sitio\/wp-content\/uploads\/2025\/06\/Proyecto-Cambiar-tamano-de-imagen-2025-06-18T130849.261-600x400.jpeg 600w, https:\/\/www.uartes.edu.ec\/sitio\/wp-content\/uploads\/2025\/06\/Proyecto-Cambiar-tamano-de-imagen-2025-06-18T130849.261-400x267.jpeg 400w, https:\/\/www.uartes.edu.ec\/sitio\/wp-content\/uploads\/2025\/06\/Proyecto-Cambiar-tamano-de-imagen-2025-06-18T130849.261.jpeg 2000w\" sizes=\"(max-width: 644px) 100vw, 644px\" \/><\/figure>\n<\/div>\n\n<div class=\"wp-block-image\">\n<figure class=\"aligncenter size-large is-resized\"><img loading=\"lazy\" decoding=\"async\" width=\"644\" height=\"429\" src=\"https:\/\/www.uartes.edu.ec\/sitio\/wp-content\/uploads\/2025\/06\/Proyecto-Cambiar-tamano-de-imagen-2025-06-18T130544.147-644x429.jpeg\" alt=\"\" class=\"wp-image-73785\" style=\"width:479px;height:auto\" srcset=\"https:\/\/www.uartes.edu.ec\/sitio\/wp-content\/uploads\/2025\/06\/Proyecto-Cambiar-tamano-de-imagen-2025-06-18T130544.147-644x429.jpeg 644w, https:\/\/www.uartes.edu.ec\/sitio\/wp-content\/uploads\/2025\/06\/Proyecto-Cambiar-tamano-de-imagen-2025-06-18T130544.147-300x200.jpeg 300w, https:\/\/www.uartes.edu.ec\/sitio\/wp-content\/uploads\/2025\/06\/Proyecto-Cambiar-tamano-de-imagen-2025-06-18T130544.147-768x512.jpeg 768w, https:\/\/www.uartes.edu.ec\/sitio\/wp-content\/uploads\/2025\/06\/Proyecto-Cambiar-tamano-de-imagen-2025-06-18T130544.147-1536x1024.jpeg 1536w, https:\/\/www.uartes.edu.ec\/sitio\/wp-content\/uploads\/2025\/06\/Proyecto-Cambiar-tamano-de-imagen-2025-06-18T130544.147-18x12.jpeg 18w, https:\/\/www.uartes.edu.ec\/sitio\/wp-content\/uploads\/2025\/06\/Proyecto-Cambiar-tamano-de-imagen-2025-06-18T130544.147-600x400.jpeg 600w, https:\/\/www.uartes.edu.ec\/sitio\/wp-content\/uploads\/2025\/06\/Proyecto-Cambiar-tamano-de-imagen-2025-06-18T130544.147-400x267.jpeg 400w, https:\/\/www.uartes.edu.ec\/sitio\/wp-content\/uploads\/2025\/06\/Proyecto-Cambiar-tamano-de-imagen-2025-06-18T130544.147.jpeg 2000w\" sizes=\"(max-width: 644px) 100vw, 644px\" \/><\/figure>\n<\/div>\n\n\n<p>Fotos: colaboraci\u00f3n de los docentes Dolores Ortiz y Juan Bautista, de la Escuela de Artes Esc\u00e9nicas UArtes. <br>En la imagen principal consta la delegaci\u00f3n de la Universidad de las Artes presente en el congreso. Las siguientes gr\u00e1ficas corresponden al acto inaugural (tomada de la cuenta de Facebook de la UCE) y las intervenciones de estudiantes y del docente Juan Bautista, as\u00ed como una foto grupal tras una de las jornadas de la cita. <\/p>\n\n\n\n<p><\/p>","protected":false},"excerpt":{"rendered":"<p>Docentes, estudiantes y graduados de la Universidad de las Artes participan en el I Congreso Nacional de Artes Esc\u00e9nicas, Academia y \u00c1mbito Laboral, organizado por la carrera de Artes Esc\u00e9nicas de la Universidad Central del Ecuador (UCE). Su finalidad es dialogar sobre los cambios de inserci\u00f3n de la profesi\u00f3n en el pa\u00eds, desde una mirada cr\u00edtica de la academia y de los diversos actores sociales para afrontar los desaf\u00edos actuales.<\/p>","protected":false},"author":10,"featured_media":73777,"comment_status":"open","ping_status":"open","sticky":false,"template":"","format":"standard","meta":{"_acf_changed":false,"_uag_custom_page_level_css":"","_monsterinsights_skip_tracking":false,"_monsterinsights_sitenote_active":false,"_monsterinsights_sitenote_note":"","_monsterinsights_sitenote_category":0,"cybocfi_hide_featured_image":"","footnotes":""},"categories":[80,490,82,159,75,76,77],"tags":[521],"infouartes":[],"class_list":["post-73770","post","type-post","status-publish","format-standard","has-post-thumbnail","hentry","category-academico","category-alumni","category-artes","category-artes-escenicas","category-docentes","category-estudiantes","category-gestion","tag-encuentro"],"acf":[],"yoast_head":"<!-- This site is optimized with the Yoast SEO plugin v27.4 - https:\/\/yoast.com\/product\/yoast-seo-wordpress\/ -->\n<title>Universidad de las Artes - UArtes participa en el I Congreso Nacional de Artes Esc\u00e9nicas, Academia y \u00c1mbito Laboral organizado por la UCE en Quito<\/title>\n<meta name=\"description\" content=\"Universidad de las Artes - UArtes participa en el I Congreso Nacional de Artes Esc\u00e9nicas, Academia y \u00c1mbito Laboral organizado por la UCE en Quito\" \/>\n<meta name=\"robots\" content=\"index, follow, max-snippet:-1, max-image-preview:large, max-video-preview:-1\" \/>\n<link rel=\"canonical\" href=\"https:\/\/www.uartes.edu.ec\/sitio\/en\/blog\/2025\/06\/18\/uartes-participa-en-el-i-congreso-nacional-de-artes-escenicas-academia-y-ambito-laboral-organizado-por-la-uce\/\" \/>\n<meta property=\"og:locale\" content=\"en_US\" \/>\n<meta property=\"og:type\" content=\"article\" \/>\n<meta property=\"og:title\" content=\"Universidad de las Artes - UArtes participa en el I Congreso Nacional de Artes Esc\u00e9nicas, Academia y \u00c1mbito Laboral organizado por la UCE en Quito\" \/>\n<meta property=\"og:description\" content=\"Universidad de las Artes - UArtes participa en el I Congreso Nacional de Artes Esc\u00e9nicas, Academia y \u00c1mbito Laboral organizado por la UCE en Quito\" \/>\n<meta property=\"og:url\" content=\"https:\/\/www.uartes.edu.ec\/sitio\/en\/blog\/2025\/06\/18\/uartes-participa-en-el-i-congreso-nacional-de-artes-escenicas-academia-y-ambito-laboral-organizado-por-la-uce\/\" \/>\n<meta property=\"og:site_name\" content=\"Universidad de las Artes\" \/>\n<meta property=\"article:publisher\" content=\"https:\/\/www.facebook.com\/uartesec\" \/>\n<meta property=\"article:published_time\" content=\"2025-06-18T23:10:00+00:00\" \/>\n<meta property=\"article:modified_time\" content=\"2025-07-01T20:15:06+00:00\" \/>\n<meta property=\"og:image\" content=\"https:\/\/www.uartes.edu.ec\/sitio\/wp-content\/uploads\/2025\/06\/07-PRIMER-CONGRESO-ARTES-ESCENICAS-QUITO.jpg\" \/>\n\t<meta property=\"og:image:width\" content=\"2000\" \/>\n\t<meta property=\"og:image:height\" content=\"1333\" \/>\n\t<meta property=\"og:image:type\" content=\"image\/jpeg\" \/>\n<meta name=\"author\" content=\"ccortez\" \/>\n<meta name=\"twitter:card\" content=\"summary_large_image\" \/>\n<meta name=\"twitter:creator\" content=\"@uartesec\" \/>\n<meta name=\"twitter:site\" content=\"@uartesec\" \/>\n<meta name=\"twitter:label1\" content=\"Written by\" \/>\n\t<meta name=\"twitter:data1\" content=\"ccortez\" \/>\n\t<meta name=\"twitter:label2\" content=\"Est. reading time\" \/>\n\t<meta name=\"twitter:data2\" content=\"4 minutes\" \/>\n<script type=\"application\/ld+json\" class=\"yoast-schema-graph\">{\"@context\":\"https:\\\/\\\/schema.org\",\"@graph\":[{\"@type\":\"Article\",\"@id\":\"https:\\\/\\\/www.uartes.edu.ec\\\/sitio\\\/en\\\/blog\\\/2025\\\/06\\\/18\\\/uartes-participa-en-el-i-congreso-nacional-de-artes-escenicas-academia-y-ambito-laboral-organizado-por-la-uce\\\/#article\",\"isPartOf\":{\"@id\":\"https:\\\/\\\/www.uartes.edu.ec\\\/sitio\\\/en\\\/blog\\\/2025\\\/06\\\/18\\\/uartes-participa-en-el-i-congreso-nacional-de-artes-escenicas-academia-y-ambito-laboral-organizado-por-la-uce\\\/\"},\"author\":{\"name\":\"ccortez\",\"@id\":\"https:\\\/\\\/www.uartes.edu.ec\\\/sitio\\\/en\\\/#\\\/schema\\\/person\\\/efa1b8275797664fd7f13a79ccc0b1f4\"},\"headline\":\"UArtes participa en el I Congreso Nacional de Artes Esc\u00e9nicas, Academia y \u00c1mbito Laboral organizado por la UCE en Quito\",\"datePublished\":\"2025-06-18T23:10:00+00:00\",\"dateModified\":\"2025-07-01T20:15:06+00:00\",\"mainEntityOfPage\":{\"@id\":\"https:\\\/\\\/www.uartes.edu.ec\\\/sitio\\\/en\\\/blog\\\/2025\\\/06\\\/18\\\/uartes-participa-en-el-i-congreso-nacional-de-artes-escenicas-academia-y-ambito-laboral-organizado-por-la-uce\\\/\"},\"wordCount\":756,\"commentCount\":0,\"publisher\":{\"@id\":\"https:\\\/\\\/www.uartes.edu.ec\\\/sitio\\\/en\\\/#organization\"},\"image\":{\"@id\":\"https:\\\/\\\/www.uartes.edu.ec\\\/sitio\\\/en\\\/blog\\\/2025\\\/06\\\/18\\\/uartes-participa-en-el-i-congreso-nacional-de-artes-escenicas-academia-y-ambito-laboral-organizado-por-la-uce\\\/#primaryimage\"},\"thumbnailUrl\":\"https:\\\/\\\/www.uartes.edu.ec\\\/sitio\\\/wp-content\\\/uploads\\\/2025\\\/06\\\/07-PRIMER-CONGRESO-ARTES-ESCENICAS-QUITO.jpg\",\"keywords\":[\"encuentro\"],\"articleSection\":[\"Acad\u00e9mico\",\"Alumni\",\"Artes\",\"Artes Esc\u00e9nicas\",\"Docentes\",\"Estudiantes\",\"Gesti\u00f3n\"],\"inLanguage\":\"en-US\",\"potentialAction\":[{\"@type\":\"CommentAction\",\"name\":\"Comment\",\"target\":[\"https:\\\/\\\/www.uartes.edu.ec\\\/sitio\\\/en\\\/blog\\\/2025\\\/06\\\/18\\\/uartes-participa-en-el-i-congreso-nacional-de-artes-escenicas-academia-y-ambito-laboral-organizado-por-la-uce\\\/#respond\"]}]},{\"@type\":[\"WebPage\",\"ItemPage\"],\"@id\":\"https:\\\/\\\/www.uartes.edu.ec\\\/sitio\\\/en\\\/blog\\\/2025\\\/06\\\/18\\\/uartes-participa-en-el-i-congreso-nacional-de-artes-escenicas-academia-y-ambito-laboral-organizado-por-la-uce\\\/\",\"url\":\"https:\\\/\\\/www.uartes.edu.ec\\\/sitio\\\/en\\\/blog\\\/2025\\\/06\\\/18\\\/uartes-participa-en-el-i-congreso-nacional-de-artes-escenicas-academia-y-ambito-laboral-organizado-por-la-uce\\\/\",\"name\":\"Universidad de las Artes - UArtes participa en el I Congreso Nacional de Artes Esc\u00e9nicas, Academia y \u00c1mbito Laboral organizado por la UCE en Quito\",\"isPartOf\":{\"@id\":\"https:\\\/\\\/www.uartes.edu.ec\\\/sitio\\\/en\\\/#website\"},\"primaryImageOfPage\":{\"@id\":\"https:\\\/\\\/www.uartes.edu.ec\\\/sitio\\\/en\\\/blog\\\/2025\\\/06\\\/18\\\/uartes-participa-en-el-i-congreso-nacional-de-artes-escenicas-academia-y-ambito-laboral-organizado-por-la-uce\\\/#primaryimage\"},\"image\":{\"@id\":\"https:\\\/\\\/www.uartes.edu.ec\\\/sitio\\\/en\\\/blog\\\/2025\\\/06\\\/18\\\/uartes-participa-en-el-i-congreso-nacional-de-artes-escenicas-academia-y-ambito-laboral-organizado-por-la-uce\\\/#primaryimage\"},\"thumbnailUrl\":\"https:\\\/\\\/www.uartes.edu.ec\\\/sitio\\\/wp-content\\\/uploads\\\/2025\\\/06\\\/07-PRIMER-CONGRESO-ARTES-ESCENICAS-QUITO.jpg\",\"datePublished\":\"2025-06-18T23:10:00+00:00\",\"dateModified\":\"2025-07-01T20:15:06+00:00\",\"description\":\"Universidad de las Artes - UArtes participa en el I Congreso Nacional de Artes Esc\u00e9nicas, Academia y \u00c1mbito Laboral organizado por la UCE en Quito\",\"breadcrumb\":{\"@id\":\"https:\\\/\\\/www.uartes.edu.ec\\\/sitio\\\/en\\\/blog\\\/2025\\\/06\\\/18\\\/uartes-participa-en-el-i-congreso-nacional-de-artes-escenicas-academia-y-ambito-laboral-organizado-por-la-uce\\\/#breadcrumb\"},\"inLanguage\":\"en-US\",\"potentialAction\":[{\"@type\":\"ReadAction\",\"target\":[\"https:\\\/\\\/www.uartes.edu.ec\\\/sitio\\\/en\\\/blog\\\/2025\\\/06\\\/18\\\/uartes-participa-en-el-i-congreso-nacional-de-artes-escenicas-academia-y-ambito-laboral-organizado-por-la-uce\\\/\"]}]},{\"@type\":\"ImageObject\",\"inLanguage\":\"en-US\",\"@id\":\"https:\\\/\\\/www.uartes.edu.ec\\\/sitio\\\/en\\\/blog\\\/2025\\\/06\\\/18\\\/uartes-participa-en-el-i-congreso-nacional-de-artes-escenicas-academia-y-ambito-laboral-organizado-por-la-uce\\\/#primaryimage\",\"url\":\"https:\\\/\\\/www.uartes.edu.ec\\\/sitio\\\/wp-content\\\/uploads\\\/2025\\\/06\\\/07-PRIMER-CONGRESO-ARTES-ESCENICAS-QUITO.jpg\",\"contentUrl\":\"https:\\\/\\\/www.uartes.edu.ec\\\/sitio\\\/wp-content\\\/uploads\\\/2025\\\/06\\\/07-PRIMER-CONGRESO-ARTES-ESCENICAS-QUITO.jpg\",\"width\":2000,\"height\":1333},{\"@type\":\"BreadcrumbList\",\"@id\":\"https:\\\/\\\/www.uartes.edu.ec\\\/sitio\\\/en\\\/blog\\\/2025\\\/06\\\/18\\\/uartes-participa-en-el-i-congreso-nacional-de-artes-escenicas-academia-y-ambito-laboral-organizado-por-la-uce\\\/#breadcrumb\",\"itemListElement\":[{\"@type\":\"ListItem\",\"position\":1,\"name\":\"Inicio\",\"item\":\"https:\\\/\\\/www.uartes.edu.ec\\\/sitio\\\/\"},{\"@type\":\"ListItem\",\"position\":2,\"name\":\"UArtes participa en el I Congreso Nacional de Artes Esc\u00e9nicas, Academia y \u00c1mbito Laboral organizado por la UCE en Quito\"}]},{\"@type\":\"WebSite\",\"@id\":\"https:\\\/\\\/www.uartes.edu.ec\\\/sitio\\\/en\\\/#website\",\"url\":\"https:\\\/\\\/www.uartes.edu.ec\\\/sitio\\\/en\\\/\",\"name\":\"Universidad de las Artes\",\"description\":\"Sitio oficial de la Universidad Nacional de las Artes del Ecuador\",\"publisher\":{\"@id\":\"https:\\\/\\\/www.uartes.edu.ec\\\/sitio\\\/en\\\/#organization\"},\"potentialAction\":[{\"@type\":\"SearchAction\",\"target\":{\"@type\":\"EntryPoint\",\"urlTemplate\":\"https:\\\/\\\/www.uartes.edu.ec\\\/sitio\\\/en\\\/?s={search_term_string}\"},\"query-input\":{\"@type\":\"PropertyValueSpecification\",\"valueRequired\":true,\"valueName\":\"search_term_string\"}}],\"inLanguage\":\"en-US\"},{\"@type\":\"Organization\",\"@id\":\"https:\\\/\\\/www.uartes.edu.ec\\\/sitio\\\/en\\\/#organization\",\"name\":\"Universidad de las Artes\",\"url\":\"https:\\\/\\\/www.uartes.edu.ec\\\/sitio\\\/en\\\/\",\"logo\":{\"@type\":\"ImageObject\",\"inLanguage\":\"en-US\",\"@id\":\"https:\\\/\\\/www.uartes.edu.ec\\\/sitio\\\/en\\\/#\\\/schema\\\/logo\\\/image\\\/\",\"url\":\"https:\\\/\\\/www.uartes.edu.ec\\\/sitio\\\/wp-content\\\/uploads\\\/2022\\\/07\\\/logo-ua-horizontal.png\",\"contentUrl\":\"https:\\\/\\\/www.uartes.edu.ec\\\/sitio\\\/wp-content\\\/uploads\\\/2022\\\/07\\\/logo-ua-horizontal.png\",\"width\":800,\"height\":276,\"caption\":\"Universidad de las Artes\"},\"image\":{\"@id\":\"https:\\\/\\\/www.uartes.edu.ec\\\/sitio\\\/en\\\/#\\\/schema\\\/logo\\\/image\\\/\"},\"sameAs\":[\"https:\\\/\\\/www.facebook.com\\\/uartesec\",\"https:\\\/\\\/x.com\\\/uartesec\",\"https:\\\/\\\/www.tiktok.com\\\/@uartesec\"]},{\"@type\":\"Person\",\"@id\":\"https:\\\/\\\/www.uartes.edu.ec\\\/sitio\\\/en\\\/#\\\/schema\\\/person\\\/efa1b8275797664fd7f13a79ccc0b1f4\",\"name\":\"ccortez\",\"image\":{\"@type\":\"ImageObject\",\"inLanguage\":\"en-US\",\"@id\":\"https:\\\/\\\/secure.gravatar.com\\\/avatar\\\/b2a6f664a3ae8e074346ef91775736c5ec479e637ecced6842de9dc98b5da9cd?s=96&d=mm&r=g\",\"url\":\"https:\\\/\\\/secure.gravatar.com\\\/avatar\\\/b2a6f664a3ae8e074346ef91775736c5ec479e637ecced6842de9dc98b5da9cd?s=96&d=mm&r=g\",\"contentUrl\":\"https:\\\/\\\/secure.gravatar.com\\\/avatar\\\/b2a6f664a3ae8e074346ef91775736c5ec479e637ecced6842de9dc98b5da9cd?s=96&d=mm&r=g\",\"caption\":\"ccortez\"},\"url\":\"https:\\\/\\\/www.uartes.edu.ec\\\/sitio\\\/en\\\/blog\\\/author\\\/ccortez\\\/\"}]}<\/script>\n<!-- \/ Yoast SEO plugin. -->","yoast_head_json":{"title":"Universidad de las Artes - UArtes participa en el I Congreso Nacional de Artes Esc\u00e9nicas, Academia y \u00c1mbito Laboral organizado por la UCE en Quito","description":"Universidad de las Artes - UArtes participa en el I Congreso Nacional de Artes Esc\u00e9nicas, Academia y \u00c1mbito Laboral organizado por la UCE en Quito","robots":{"index":"index","follow":"follow","max-snippet":"max-snippet:-1","max-image-preview":"max-image-preview:large","max-video-preview":"max-video-preview:-1"},"canonical":"https:\/\/www.uartes.edu.ec\/sitio\/en\/blog\/2025\/06\/18\/uartes-participa-en-el-i-congreso-nacional-de-artes-escenicas-academia-y-ambito-laboral-organizado-por-la-uce\/","og_locale":"en_US","og_type":"article","og_title":"Universidad de las Artes - UArtes participa en el I Congreso Nacional de Artes Esc\u00e9nicas, Academia y \u00c1mbito Laboral organizado por la UCE en Quito","og_description":"Universidad de las Artes - UArtes participa en el I Congreso Nacional de Artes Esc\u00e9nicas, Academia y \u00c1mbito Laboral organizado por la UCE en Quito","og_url":"https:\/\/www.uartes.edu.ec\/sitio\/en\/blog\/2025\/06\/18\/uartes-participa-en-el-i-congreso-nacional-de-artes-escenicas-academia-y-ambito-laboral-organizado-por-la-uce\/","og_site_name":"Universidad de las Artes","article_publisher":"https:\/\/www.facebook.com\/uartesec","article_published_time":"2025-06-18T23:10:00+00:00","article_modified_time":"2025-07-01T20:15:06+00:00","og_image":[{"width":2000,"height":1333,"url":"https:\/\/www.uartes.edu.ec\/sitio\/wp-content\/uploads\/2025\/06\/07-PRIMER-CONGRESO-ARTES-ESCENICAS-QUITO.jpg","type":"image\/jpeg"}],"author":"ccortez","twitter_card":"summary_large_image","twitter_creator":"@uartesec","twitter_site":"@uartesec","twitter_misc":{"Written by":"ccortez","Est. reading time":"4 minutes"},"schema":{"@context":"https:\/\/schema.org","@graph":[{"@type":"Article","@id":"https:\/\/www.uartes.edu.ec\/sitio\/en\/blog\/2025\/06\/18\/uartes-participa-en-el-i-congreso-nacional-de-artes-escenicas-academia-y-ambito-laboral-organizado-por-la-uce\/#article","isPartOf":{"@id":"https:\/\/www.uartes.edu.ec\/sitio\/en\/blog\/2025\/06\/18\/uartes-participa-en-el-i-congreso-nacional-de-artes-escenicas-academia-y-ambito-laboral-organizado-por-la-uce\/"},"author":{"name":"ccortez","@id":"https:\/\/www.uartes.edu.ec\/sitio\/en\/#\/schema\/person\/efa1b8275797664fd7f13a79ccc0b1f4"},"headline":"UArtes participa en el I Congreso Nacional de Artes Esc\u00e9nicas, Academia y \u00c1mbito Laboral organizado por la UCE en Quito","datePublished":"2025-06-18T23:10:00+00:00","dateModified":"2025-07-01T20:15:06+00:00","mainEntityOfPage":{"@id":"https:\/\/www.uartes.edu.ec\/sitio\/en\/blog\/2025\/06\/18\/uartes-participa-en-el-i-congreso-nacional-de-artes-escenicas-academia-y-ambito-laboral-organizado-por-la-uce\/"},"wordCount":756,"commentCount":0,"publisher":{"@id":"https:\/\/www.uartes.edu.ec\/sitio\/en\/#organization"},"image":{"@id":"https:\/\/www.uartes.edu.ec\/sitio\/en\/blog\/2025\/06\/18\/uartes-participa-en-el-i-congreso-nacional-de-artes-escenicas-academia-y-ambito-laboral-organizado-por-la-uce\/#primaryimage"},"thumbnailUrl":"https:\/\/www.uartes.edu.ec\/sitio\/wp-content\/uploads\/2025\/06\/07-PRIMER-CONGRESO-ARTES-ESCENICAS-QUITO.jpg","keywords":["encuentro"],"articleSection":["Acad\u00e9mico","Alumni","Artes","Artes Esc\u00e9nicas","Docentes","Estudiantes","Gesti\u00f3n"],"inLanguage":"en-US","potentialAction":[{"@type":"CommentAction","name":"Comment","target":["https:\/\/www.uartes.edu.ec\/sitio\/en\/blog\/2025\/06\/18\/uartes-participa-en-el-i-congreso-nacional-de-artes-escenicas-academia-y-ambito-laboral-organizado-por-la-uce\/#respond"]}]},{"@type":["WebPage","ItemPage"],"@id":"https:\/\/www.uartes.edu.ec\/sitio\/en\/blog\/2025\/06\/18\/uartes-participa-en-el-i-congreso-nacional-de-artes-escenicas-academia-y-ambito-laboral-organizado-por-la-uce\/","url":"https:\/\/www.uartes.edu.ec\/sitio\/en\/blog\/2025\/06\/18\/uartes-participa-en-el-i-congreso-nacional-de-artes-escenicas-academia-y-ambito-laboral-organizado-por-la-uce\/","name":"Universidad de las Artes - UArtes participa en el I Congreso Nacional de Artes Esc\u00e9nicas, Academia y \u00c1mbito Laboral organizado por la UCE en Quito","isPartOf":{"@id":"https:\/\/www.uartes.edu.ec\/sitio\/en\/#website"},"primaryImageOfPage":{"@id":"https:\/\/www.uartes.edu.ec\/sitio\/en\/blog\/2025\/06\/18\/uartes-participa-en-el-i-congreso-nacional-de-artes-escenicas-academia-y-ambito-laboral-organizado-por-la-uce\/#primaryimage"},"image":{"@id":"https:\/\/www.uartes.edu.ec\/sitio\/en\/blog\/2025\/06\/18\/uartes-participa-en-el-i-congreso-nacional-de-artes-escenicas-academia-y-ambito-laboral-organizado-por-la-uce\/#primaryimage"},"thumbnailUrl":"https:\/\/www.uartes.edu.ec\/sitio\/wp-content\/uploads\/2025\/06\/07-PRIMER-CONGRESO-ARTES-ESCENICAS-QUITO.jpg","datePublished":"2025-06-18T23:10:00+00:00","dateModified":"2025-07-01T20:15:06+00:00","description":"Universidad de las Artes - UArtes participa en el I Congreso Nacional de Artes Esc\u00e9nicas, Academia y \u00c1mbito Laboral organizado por la UCE en Quito","breadcrumb":{"@id":"https:\/\/www.uartes.edu.ec\/sitio\/en\/blog\/2025\/06\/18\/uartes-participa-en-el-i-congreso-nacional-de-artes-escenicas-academia-y-ambito-laboral-organizado-por-la-uce\/#breadcrumb"},"inLanguage":"en-US","potentialAction":[{"@type":"ReadAction","target":["https:\/\/www.uartes.edu.ec\/sitio\/en\/blog\/2025\/06\/18\/uartes-participa-en-el-i-congreso-nacional-de-artes-escenicas-academia-y-ambito-laboral-organizado-por-la-uce\/"]}]},{"@type":"ImageObject","inLanguage":"en-US","@id":"https:\/\/www.uartes.edu.ec\/sitio\/en\/blog\/2025\/06\/18\/uartes-participa-en-el-i-congreso-nacional-de-artes-escenicas-academia-y-ambito-laboral-organizado-por-la-uce\/#primaryimage","url":"https:\/\/www.uartes.edu.ec\/sitio\/wp-content\/uploads\/2025\/06\/07-PRIMER-CONGRESO-ARTES-ESCENICAS-QUITO.jpg","contentUrl":"https:\/\/www.uartes.edu.ec\/sitio\/wp-content\/uploads\/2025\/06\/07-PRIMER-CONGRESO-ARTES-ESCENICAS-QUITO.jpg","width":2000,"height":1333},{"@type":"BreadcrumbList","@id":"https:\/\/www.uartes.edu.ec\/sitio\/en\/blog\/2025\/06\/18\/uartes-participa-en-el-i-congreso-nacional-de-artes-escenicas-academia-y-ambito-laboral-organizado-por-la-uce\/#breadcrumb","itemListElement":[{"@type":"ListItem","position":1,"name":"Inicio","item":"https:\/\/www.uartes.edu.ec\/sitio\/"},{"@type":"ListItem","position":2,"name":"UArtes participa en el I Congreso Nacional de Artes Esc\u00e9nicas, Academia y \u00c1mbito Laboral organizado por la UCE en Quito"}]},{"@type":"WebSite","@id":"https:\/\/www.uartes.edu.ec\/sitio\/en\/#website","url":"https:\/\/www.uartes.edu.ec\/sitio\/en\/","name":"Universidad de las Artes","description":"Sitio oficial de la Universidad Nacional de las Artes del Ecuador","publisher":{"@id":"https:\/\/www.uartes.edu.ec\/sitio\/en\/#organization"},"potentialAction":[{"@type":"SearchAction","target":{"@type":"EntryPoint","urlTemplate":"https:\/\/www.uartes.edu.ec\/sitio\/en\/?s={search_term_string}"},"query-input":{"@type":"PropertyValueSpecification","valueRequired":true,"valueName":"search_term_string"}}],"inLanguage":"en-US"},{"@type":"Organization","@id":"https:\/\/www.uartes.edu.ec\/sitio\/en\/#organization","name":"Universidad de las Artes","url":"https:\/\/www.uartes.edu.ec\/sitio\/en\/","logo":{"@type":"ImageObject","inLanguage":"en-US","@id":"https:\/\/www.uartes.edu.ec\/sitio\/en\/#\/schema\/logo\/image\/","url":"https:\/\/www.uartes.edu.ec\/sitio\/wp-content\/uploads\/2022\/07\/logo-ua-horizontal.png","contentUrl":"https:\/\/www.uartes.edu.ec\/sitio\/wp-content\/uploads\/2022\/07\/logo-ua-horizontal.png","width":800,"height":276,"caption":"Universidad de las Artes"},"image":{"@id":"https:\/\/www.uartes.edu.ec\/sitio\/en\/#\/schema\/logo\/image\/"},"sameAs":["https:\/\/www.facebook.com\/uartesec","https:\/\/x.com\/uartesec","https:\/\/www.tiktok.com\/@uartesec"]},{"@type":"Person","@id":"https:\/\/www.uartes.edu.ec\/sitio\/en\/#\/schema\/person\/efa1b8275797664fd7f13a79ccc0b1f4","name":"ccortez","image":{"@type":"ImageObject","inLanguage":"en-US","@id":"https:\/\/secure.gravatar.com\/avatar\/b2a6f664a3ae8e074346ef91775736c5ec479e637ecced6842de9dc98b5da9cd?s=96&d=mm&r=g","url":"https:\/\/secure.gravatar.com\/avatar\/b2a6f664a3ae8e074346ef91775736c5ec479e637ecced6842de9dc98b5da9cd?s=96&d=mm&r=g","contentUrl":"https:\/\/secure.gravatar.com\/avatar\/b2a6f664a3ae8e074346ef91775736c5ec479e637ecced6842de9dc98b5da9cd?s=96&d=mm&r=g","caption":"ccortez"},"url":"https:\/\/www.uartes.edu.ec\/sitio\/en\/blog\/author\/ccortez\/"}]}},"uagb_featured_image_src":{"full":["https:\/\/www.uartes.edu.ec\/sitio\/wp-content\/uploads\/2025\/06\/07-PRIMER-CONGRESO-ARTES-ESCENICAS-QUITO.jpg",2000,1333,false],"thumbnail":["https:\/\/www.uartes.edu.ec\/sitio\/wp-content\/uploads\/2025\/06\/07-PRIMER-CONGRESO-ARTES-ESCENICAS-QUITO-150x150.jpg",150,150,true],"medium":["https:\/\/www.uartes.edu.ec\/sitio\/wp-content\/uploads\/2025\/06\/07-PRIMER-CONGRESO-ARTES-ESCENICAS-QUITO-300x200.jpg",300,200,true],"medium_large":["https:\/\/www.uartes.edu.ec\/sitio\/wp-content\/uploads\/2025\/06\/07-PRIMER-CONGRESO-ARTES-ESCENICAS-QUITO-768x512.jpg",768,512,true],"large":["https:\/\/www.uartes.edu.ec\/sitio\/wp-content\/uploads\/2025\/06\/07-PRIMER-CONGRESO-ARTES-ESCENICAS-QUITO-644x429.jpg",644,429,true],"1536x1536":["https:\/\/www.uartes.edu.ec\/sitio\/wp-content\/uploads\/2025\/06\/07-PRIMER-CONGRESO-ARTES-ESCENICAS-QUITO-1536x1024.jpg",1536,1024,true],"2048x2048":["https:\/\/www.uartes.edu.ec\/sitio\/wp-content\/uploads\/2025\/06\/07-PRIMER-CONGRESO-ARTES-ESCENICAS-QUITO.jpg",2000,1333,false],"trp-custom-language-flag":["https:\/\/www.uartes.edu.ec\/sitio\/wp-content\/uploads\/2025\/06\/07-PRIMER-CONGRESO-ARTES-ESCENICAS-QUITO-18x12.jpg",18,12,true],"htmega_size_585x295":["https:\/\/www.uartes.edu.ec\/sitio\/wp-content\/uploads\/2025\/06\/07-PRIMER-CONGRESO-ARTES-ESCENICAS-QUITO-585x295.jpg",585,295,true],"htmega_size_1170x536":["https:\/\/www.uartes.edu.ec\/sitio\/wp-content\/uploads\/2025\/06\/07-PRIMER-CONGRESO-ARTES-ESCENICAS-QUITO-1170x536.jpg",1170,536,true],"htmega_size_396x360":["https:\/\/www.uartes.edu.ec\/sitio\/wp-content\/uploads\/2025\/06\/07-PRIMER-CONGRESO-ARTES-ESCENICAS-QUITO-396x360.jpg",396,360,true],"gb-block-post-grid-landscape":["https:\/\/www.uartes.edu.ec\/sitio\/wp-content\/uploads\/2025\/06\/07-PRIMER-CONGRESO-ARTES-ESCENICAS-QUITO-600x400.jpg",600,400,true],"gb-block-post-grid-square":["https:\/\/www.uartes.edu.ec\/sitio\/wp-content\/uploads\/2025\/06\/07-PRIMER-CONGRESO-ARTES-ESCENICAS-QUITO-600x600.jpg",600,600,true],"university-hub-thumb":["https:\/\/www.uartes.edu.ec\/sitio\/wp-content\/uploads\/2025\/06\/07-PRIMER-CONGRESO-ARTES-ESCENICAS-QUITO-400x267.jpg",400,267,true]},"uagb_author_info":{"display_name":"ccortez","author_link":"https:\/\/www.uartes.edu.ec\/sitio\/en\/blog\/author\/ccortez\/"},"uagb_comment_info":0,"uagb_excerpt":"Docentes, estudiantes y graduados de la Universidad de las Artes participan en el I Congreso Nacional de Artes Esc\u00e9nicas, Academia y \u00c1mbito Laboral, organizado por la carrera de Artes Esc\u00e9nicas de la Universidad Central del Ecuador (UCE). Su finalidad es dialogar sobre los cambios de inserci\u00f3n de la profesi\u00f3n en el pa\u00eds, desde una mirada&hellip;","featured_image_src":"https:\/\/www.uartes.edu.ec\/sitio\/wp-content\/uploads\/2025\/06\/07-PRIMER-CONGRESO-ARTES-ESCENICAS-QUITO-600x400.jpg","featured_image_src_square":"https:\/\/www.uartes.edu.ec\/sitio\/wp-content\/uploads\/2025\/06\/07-PRIMER-CONGRESO-ARTES-ESCENICAS-QUITO-600x600.jpg","author_info":{"display_name":"ccortez","author_link":"https:\/\/www.uartes.edu.ec\/sitio\/en\/blog\/author\/ccortez\/"},"publishpress_future_workflow_manual_trigger":{"enabledWorkflows":[]},"distributor_meta":false,"distributor_terms":false,"distributor_media":false,"distributor_original_site_name":"Universidad de las Artes","distributor_original_site_url":"https:\/\/www.uartes.edu.ec\/sitio\/en","push-errors":false,"_links":{"self":[{"href":"https:\/\/www.uartes.edu.ec\/sitio\/en\/wp-json\/wp\/v2\/posts\/73770","targetHints":{"allow":["GET"]}}],"collection":[{"href":"https:\/\/www.uartes.edu.ec\/sitio\/en\/wp-json\/wp\/v2\/posts"}],"about":[{"href":"https:\/\/www.uartes.edu.ec\/sitio\/en\/wp-json\/wp\/v2\/types\/post"}],"author":[{"embeddable":true,"href":"https:\/\/www.uartes.edu.ec\/sitio\/en\/wp-json\/wp\/v2\/users\/10"}],"replies":[{"embeddable":true,"href":"https:\/\/www.uartes.edu.ec\/sitio\/en\/wp-json\/wp\/v2\/comments?post=73770"}],"version-history":[{"count":8,"href":"https:\/\/www.uartes.edu.ec\/sitio\/en\/wp-json\/wp\/v2\/posts\/73770\/revisions"}],"predecessor-version":[{"id":74423,"href":"https:\/\/www.uartes.edu.ec\/sitio\/en\/wp-json\/wp\/v2\/posts\/73770\/revisions\/74423"}],"wp:featuredmedia":[{"embeddable":true,"href":"https:\/\/www.uartes.edu.ec\/sitio\/en\/wp-json\/wp\/v2\/media\/73777"}],"wp:attachment":[{"href":"https:\/\/www.uartes.edu.ec\/sitio\/en\/wp-json\/wp\/v2\/media?parent=73770"}],"wp:term":[{"taxonomy":"category","embeddable":true,"href":"https:\/\/www.uartes.edu.ec\/sitio\/en\/wp-json\/wp\/v2\/categories?post=73770"},{"taxonomy":"post_tag","embeddable":true,"href":"https:\/\/www.uartes.edu.ec\/sitio\/en\/wp-json\/wp\/v2\/tags?post=73770"},{"taxonomy":"infouartes","embeddable":true,"href":"https:\/\/www.uartes.edu.ec\/sitio\/en\/wp-json\/wp\/v2\/infouartes?post=73770"}],"curies":[{"name":"wp","href":"https:\/\/api.w.org\/{rel}","templated":true}]}}