{"id":74072,"date":"2025-06-17T18:43:00","date_gmt":"2025-06-17T23:43:00","guid":{"rendered":"https:\/\/www.uartes.edu.ec\/sitio\/?p=74072"},"modified":"2025-06-26T12:19:24","modified_gmt":"2025-06-26T17:19:24","slug":"estudiantes-uartes-colaboran-con-talleristas-de-zumar-en-la-elaboracion-de-murales-de-la-calle-panama-vicealcaldesa-de-guayaquil-pondera-la-intervencion","status":"publish","type":"post","link":"https:\/\/www.uartes.edu.ec\/sitio\/en\/blog\/2025\/06\/17\/estudiantes-uartes-colaboran-con-talleristas-de-zumar-en-la-elaboracion-de-murales-de-la-calle-panama-vicealcaldesa-de-guayaquil-pondera-la-intervencion\/","title":{"rendered":"Participamos con Zumar en elaboraci\u00f3n de murales de la calle Panam\u00e1; vicealcaldesa de Guayaquil pondera intervenci\u00f3n en red"},"content":{"rendered":"<p>Como una rehabilitaci\u00f3n de la calle Panam\u00e1 con murales cit\u00f3 la vicealcaldesa de Guayaquil, Tatiana Coronel, en su cuenta de Instagram a lo realizado por ni\u00f1os y j\u00f3venes de los centros comunitarios Zumar en colaboraci\u00f3n de estudiantes de la Universidad de las Artes. Tambi\u00e9n invit\u00f3 a quienes quieran pintar en vivo a sumarse cada domingo a la actividad, a fin de transformar los espacios p\u00fablicos.<\/p>\n\n\n\n<p>Desde Zumar, el docente Francisco Vera coment\u00f3 a InfoUArtes que el Municipio de Guayaquil los invit\u00f3 a tomar parte de la iniciativa Ruta Centro, impulsada por el cabildo porte\u00f1o para peatonalizar la avenida 9 de Octubre y las calles Malec\u00f3n y Panam\u00e1, a fin de recuperar los espacios p\u00fablicos.<\/p>\n\n\n\n<p>La intervenci\u00f3n de las paredes que se encontraban deslucidas fue la propuesta en la que Zumar decidi\u00f3 participar con los estudiantes de sus talleres vacacionales. Uno de ellos es el de serigraf\u00eda, por el cual, justamente, conocieron a estudiantes y docentes de nuestra instituci\u00f3n de educaci\u00f3n superior, a quienes tambi\u00e9n invitaron a sumarse a las actividades de artes visuales de la Ruta Centro.<\/p>\n\n\n\n<figure class=\"wp-block-gallery has-nested-images columns-default is-cropped wp-block-gallery-1 is-layout-flex wp-block-gallery-is-layout-flex\">\n<figure class=\"wp-block-image size-large\"><img fetchpriority=\"high\" decoding=\"async\" width=\"644\" height=\"429\" data-id=\"74078\" src=\"https:\/\/www.uartes.edu.ec\/sitio\/wp-content\/uploads\/2025\/06\/Proyecto-Cambiar-tamano-de-imagen-2025-06-24T152916.421-644x429.jpeg\" alt=\"\" class=\"wp-image-74078\" srcset=\"https:\/\/www.uartes.edu.ec\/sitio\/wp-content\/uploads\/2025\/06\/Proyecto-Cambiar-tamano-de-imagen-2025-06-24T152916.421-644x429.jpeg 644w, https:\/\/www.uartes.edu.ec\/sitio\/wp-content\/uploads\/2025\/06\/Proyecto-Cambiar-tamano-de-imagen-2025-06-24T152916.421-300x200.jpeg 300w, https:\/\/www.uartes.edu.ec\/sitio\/wp-content\/uploads\/2025\/06\/Proyecto-Cambiar-tamano-de-imagen-2025-06-24T152916.421-768x512.jpeg 768w, https:\/\/www.uartes.edu.ec\/sitio\/wp-content\/uploads\/2025\/06\/Proyecto-Cambiar-tamano-de-imagen-2025-06-24T152916.421-1536x1024.jpeg 1536w, https:\/\/www.uartes.edu.ec\/sitio\/wp-content\/uploads\/2025\/06\/Proyecto-Cambiar-tamano-de-imagen-2025-06-24T152916.421-18x12.jpeg 18w, https:\/\/www.uartes.edu.ec\/sitio\/wp-content\/uploads\/2025\/06\/Proyecto-Cambiar-tamano-de-imagen-2025-06-24T152916.421-600x400.jpeg 600w, https:\/\/www.uartes.edu.ec\/sitio\/wp-content\/uploads\/2025\/06\/Proyecto-Cambiar-tamano-de-imagen-2025-06-24T152916.421-400x267.jpeg 400w, https:\/\/www.uartes.edu.ec\/sitio\/wp-content\/uploads\/2025\/06\/Proyecto-Cambiar-tamano-de-imagen-2025-06-24T152916.421.jpeg 2000w\" sizes=\"(max-width: 644px) 100vw, 644px\" \/><\/figure>\n\n\n\n<figure class=\"wp-block-image size-large\"><img decoding=\"async\" width=\"644\" height=\"429\" data-id=\"74079\" src=\"https:\/\/www.uartes.edu.ec\/sitio\/wp-content\/uploads\/2025\/06\/Proyecto-Cambiar-tamano-de-imagen-2025-06-24T152758.035-644x429.jpeg\" alt=\"\" class=\"wp-image-74079\" srcset=\"https:\/\/www.uartes.edu.ec\/sitio\/wp-content\/uploads\/2025\/06\/Proyecto-Cambiar-tamano-de-imagen-2025-06-24T152758.035-644x429.jpeg 644w, https:\/\/www.uartes.edu.ec\/sitio\/wp-content\/uploads\/2025\/06\/Proyecto-Cambiar-tamano-de-imagen-2025-06-24T152758.035-300x200.jpeg 300w, https:\/\/www.uartes.edu.ec\/sitio\/wp-content\/uploads\/2025\/06\/Proyecto-Cambiar-tamano-de-imagen-2025-06-24T152758.035-768x512.jpeg 768w, https:\/\/www.uartes.edu.ec\/sitio\/wp-content\/uploads\/2025\/06\/Proyecto-Cambiar-tamano-de-imagen-2025-06-24T152758.035-1536x1024.jpeg 1536w, https:\/\/www.uartes.edu.ec\/sitio\/wp-content\/uploads\/2025\/06\/Proyecto-Cambiar-tamano-de-imagen-2025-06-24T152758.035-18x12.jpeg 18w, https:\/\/www.uartes.edu.ec\/sitio\/wp-content\/uploads\/2025\/06\/Proyecto-Cambiar-tamano-de-imagen-2025-06-24T152758.035-600x400.jpeg 600w, https:\/\/www.uartes.edu.ec\/sitio\/wp-content\/uploads\/2025\/06\/Proyecto-Cambiar-tamano-de-imagen-2025-06-24T152758.035-400x267.jpeg 400w, https:\/\/www.uartes.edu.ec\/sitio\/wp-content\/uploads\/2025\/06\/Proyecto-Cambiar-tamano-de-imagen-2025-06-24T152758.035.jpeg 2000w\" sizes=\"(max-width: 644px) 100vw, 644px\" \/><\/figure>\n<\/figure>\n\n\n<div class=\"wp-block-image\">\n<figure class=\"aligncenter size-large is-resized\"><img decoding=\"async\" width=\"644\" height=\"429\" src=\"https:\/\/www.uartes.edu.ec\/sitio\/wp-content\/uploads\/2025\/06\/Proyecto-Cambiar-tamano-de-imagen-2025-06-24T153355.688-644x429.jpeg\" alt=\"\" class=\"wp-image-74074\" style=\"aspect-ratio:1.501177322948741;width:526px;height:auto\" srcset=\"https:\/\/www.uartes.edu.ec\/sitio\/wp-content\/uploads\/2025\/06\/Proyecto-Cambiar-tamano-de-imagen-2025-06-24T153355.688-644x429.jpeg 644w, https:\/\/www.uartes.edu.ec\/sitio\/wp-content\/uploads\/2025\/06\/Proyecto-Cambiar-tamano-de-imagen-2025-06-24T153355.688-300x200.jpeg 300w, https:\/\/www.uartes.edu.ec\/sitio\/wp-content\/uploads\/2025\/06\/Proyecto-Cambiar-tamano-de-imagen-2025-06-24T153355.688-768x512.jpeg 768w, https:\/\/www.uartes.edu.ec\/sitio\/wp-content\/uploads\/2025\/06\/Proyecto-Cambiar-tamano-de-imagen-2025-06-24T153355.688-1536x1024.jpeg 1536w, https:\/\/www.uartes.edu.ec\/sitio\/wp-content\/uploads\/2025\/06\/Proyecto-Cambiar-tamano-de-imagen-2025-06-24T153355.688-18x12.jpeg 18w, https:\/\/www.uartes.edu.ec\/sitio\/wp-content\/uploads\/2025\/06\/Proyecto-Cambiar-tamano-de-imagen-2025-06-24T153355.688-600x400.jpeg 600w, https:\/\/www.uartes.edu.ec\/sitio\/wp-content\/uploads\/2025\/06\/Proyecto-Cambiar-tamano-de-imagen-2025-06-24T153355.688-400x267.jpeg 400w, https:\/\/www.uartes.edu.ec\/sitio\/wp-content\/uploads\/2025\/06\/Proyecto-Cambiar-tamano-de-imagen-2025-06-24T153355.688.jpeg 2000w\" sizes=\"(max-width: 644px) 100vw, 644px\" \/><\/figure>\n<\/div>\n\n\n<p>De la experiencia con sus estudiantes en la intervenci\u00f3n citada, Vera indic\u00f3 que con la actividad y teniendo el acompa\u00f1amiento de alumnos UArtes, los ni\u00f1os y j\u00f3venes de Zumar se sienten proactivos por contribuir con la ciudad, elevan su autoestima y desarrollan valores. \u201cTener a nuestros artistas junto a los chicos de la Universidad de las Artes es importante por el contacto que establecen con j\u00f3venes artistas que est\u00e1n profesionaliz\u00e1ndose, los impulsa a ver hacia otros horizontes\u201d.<\/p>\n\n\n\n<p>Zumar es una unidad ejecutora de la Direcci\u00f3n de Acci\u00f3n Social y Educaci\u00f3n de la Municipalidad de Guayaquil que fue inaugurada en julio de 2004. Concebida como un Centro Polifuncional tiene sus dependencias en Basti\u00f3n Popular y en la Plaza Casuarina. Vera coment\u00f3 que \u00e9l est\u00e1 generalmente en el primero de los dos sitios se\u00f1alados y que en estos se brinda a ni\u00f1os y j\u00f3venes la oportunidad de sanar y de expresarse a trav\u00e9s del arte.<\/p>\n\n\n\n<p>El facilitador de Zumar agradeci\u00f3 la invitaci\u00f3n del Municipio de Guayaquil y el acompa\u00f1amiento brindado por la UArtes. Dijo tambi\u00e9n que aspira a que propuestas como la de intervenir con murales las paredes de la calle Panam\u00e1 se repitan. \u201cEs muy enriquecedor y ayuda al desarrollo de nuestros chicos, quienes desde ya se sienten motivados a estudiar y tener una carrera en artes\u201d.<\/p>\n\n\n<div class=\"wp-block-image\">\n<figure class=\"aligncenter size-large is-resized\"><img loading=\"lazy\" decoding=\"async\" width=\"644\" height=\"429\" src=\"https:\/\/www.uartes.edu.ec\/sitio\/wp-content\/uploads\/2025\/06\/Proyecto-Cambiar-tamano-de-imagen-2025-06-24T152954.221-644x429.jpeg\" alt=\"\" class=\"wp-image-74075\" style=\"width:527px;height:auto\" srcset=\"https:\/\/www.uartes.edu.ec\/sitio\/wp-content\/uploads\/2025\/06\/Proyecto-Cambiar-tamano-de-imagen-2025-06-24T152954.221-644x429.jpeg 644w, https:\/\/www.uartes.edu.ec\/sitio\/wp-content\/uploads\/2025\/06\/Proyecto-Cambiar-tamano-de-imagen-2025-06-24T152954.221-300x200.jpeg 300w, https:\/\/www.uartes.edu.ec\/sitio\/wp-content\/uploads\/2025\/06\/Proyecto-Cambiar-tamano-de-imagen-2025-06-24T152954.221-768x512.jpeg 768w, https:\/\/www.uartes.edu.ec\/sitio\/wp-content\/uploads\/2025\/06\/Proyecto-Cambiar-tamano-de-imagen-2025-06-24T152954.221-1536x1024.jpeg 1536w, https:\/\/www.uartes.edu.ec\/sitio\/wp-content\/uploads\/2025\/06\/Proyecto-Cambiar-tamano-de-imagen-2025-06-24T152954.221-18x12.jpeg 18w, https:\/\/www.uartes.edu.ec\/sitio\/wp-content\/uploads\/2025\/06\/Proyecto-Cambiar-tamano-de-imagen-2025-06-24T152954.221-600x400.jpeg 600w, https:\/\/www.uartes.edu.ec\/sitio\/wp-content\/uploads\/2025\/06\/Proyecto-Cambiar-tamano-de-imagen-2025-06-24T152954.221-400x267.jpeg 400w, https:\/\/www.uartes.edu.ec\/sitio\/wp-content\/uploads\/2025\/06\/Proyecto-Cambiar-tamano-de-imagen-2025-06-24T152954.221.jpeg 2000w\" sizes=\"(max-width: 644px) 100vw, 644px\" \/><\/figure>\n<\/div>\n\n\n<p>Texto: con la colaboraci\u00f3n de Michael Medina, estudiante de Literatura de la UArtes.<br>Fotos: tomadas de la cuenta de IG de la vicealcaldesa de Guayaquil, Tatiana Coronel.<\/p>","protected":false},"excerpt":{"rendered":"<p>Como una rehabilitaci\u00f3n de la calle Panam\u00e1 con murales se\u00f1al\u00f3 la vicealcaldesa de Guayaquil, Tatiana Coronel, en su cuenta de Instagram a lo realizado por ni\u00f1os y j\u00f3venes de los centros comunitarios Zumar en colaboraci\u00f3n de estudiantes de la Universidad de las Artes. Tambi\u00e9n invit\u00f3 a quienes quieran pintar en vivo a sumarse cada domingo a la actividad, a fin de transformar con arte los espacios p\u00fablicos.<\/p>","protected":false},"author":10,"featured_media":74073,"comment_status":"open","ping_status":"open","sticky":false,"template":"","format":"standard","meta":{"_acf_changed":false,"_uag_custom_page_level_css":"","_monsterinsights_skip_tracking":false,"_monsterinsights_sitenote_active":false,"_monsterinsights_sitenote_note":"","_monsterinsights_sitenote_category":0,"cybocfi_hide_featured_image":"","footnotes":""},"categories":[82,157,76,1,79],"tags":[518],"infouartes":[],"class_list":["post-74072","post","type-post","status-publish","format-standard","has-post-thumbnail","hentry","category-artes","category-artes-visuales","category-estudiantes","category-sin-categoria","category-vinculo","tag-produccion"],"acf":[],"yoast_head":"<!-- This site is optimized with the Yoast SEO plugin v27.4 - https:\/\/yoast.com\/product\/yoast-seo-wordpress\/ -->\n<title>Universidad de las Artes - Participamos con Zumar en elaboraci\u00f3n de murales de la calle Panam\u00e1; vicealcaldesa de Guayaquil pondera intervenci\u00f3n en red<\/title>\n<meta name=\"description\" content=\"Universidad de las Artes - Participamos con Zumar en elaboraci\u00f3n de murales de la calle Panam\u00e1; vicealcaldesa de Guayaquil pondera intervenci\u00f3n en red\" \/>\n<meta name=\"robots\" content=\"index, follow, max-snippet:-1, max-image-preview:large, max-video-preview:-1\" \/>\n<link rel=\"canonical\" href=\"https:\/\/www.uartes.edu.ec\/sitio\/en\/blog\/2025\/06\/17\/estudiantes-uartes-colaboran-con-talleristas-de-zumar-en-la-elaboracion-de-murales-de-la-calle-panama-vicealcaldesa-de-guayaquil-pondera-la-intervencion\/\" \/>\n<meta property=\"og:locale\" content=\"en_US\" \/>\n<meta property=\"og:type\" content=\"article\" \/>\n<meta property=\"og:title\" content=\"Universidad de las Artes - Participamos con Zumar en elaboraci\u00f3n de murales de la calle Panam\u00e1; vicealcaldesa de Guayaquil pondera intervenci\u00f3n en red\" \/>\n<meta property=\"og:description\" content=\"Universidad de las Artes - Participamos con Zumar en elaboraci\u00f3n de murales de la calle Panam\u00e1; vicealcaldesa de Guayaquil pondera intervenci\u00f3n en red\" \/>\n<meta property=\"og:url\" content=\"https:\/\/www.uartes.edu.ec\/sitio\/en\/blog\/2025\/06\/17\/estudiantes-uartes-colaboran-con-talleristas-de-zumar-en-la-elaboracion-de-murales-de-la-calle-panama-vicealcaldesa-de-guayaquil-pondera-la-intervencion\/\" \/>\n<meta property=\"og:site_name\" content=\"Universidad de las Artes\" \/>\n<meta property=\"article:publisher\" content=\"https:\/\/www.facebook.com\/uartesec\" \/>\n<meta property=\"article:published_time\" content=\"2025-06-17T23:43:00+00:00\" \/>\n<meta property=\"article:modified_time\" content=\"2025-06-26T17:19:24+00:00\" \/>\n<meta property=\"og:image\" content=\"https:\/\/www.uartes.edu.ec\/sitio\/wp-content\/uploads\/2025\/06\/Proyecto-Cambiar-tamano-de-imagen-2025-06-24T153241.998.jpeg\" \/>\n\t<meta property=\"og:image:width\" content=\"2000\" \/>\n\t<meta property=\"og:image:height\" content=\"1333\" \/>\n\t<meta property=\"og:image:type\" content=\"image\/jpeg\" \/>\n<meta name=\"author\" content=\"ccortez\" \/>\n<meta name=\"twitter:card\" content=\"summary_large_image\" \/>\n<meta name=\"twitter:creator\" content=\"@uartesec\" \/>\n<meta name=\"twitter:site\" content=\"@uartesec\" \/>\n<meta name=\"twitter:label1\" content=\"Written by\" \/>\n\t<meta name=\"twitter:data1\" content=\"ccortez\" \/>\n\t<meta name=\"twitter:label2\" content=\"Est. reading time\" \/>\n\t<meta name=\"twitter:data2\" content=\"2 minutes\" \/>\n<script type=\"application\/ld+json\" class=\"yoast-schema-graph\">{\"@context\":\"https:\\\/\\\/schema.org\",\"@graph\":[{\"@type\":\"Article\",\"@id\":\"https:\\\/\\\/www.uartes.edu.ec\\\/sitio\\\/en\\\/blog\\\/2025\\\/06\\\/17\\\/estudiantes-uartes-colaboran-con-talleristas-de-zumar-en-la-elaboracion-de-murales-de-la-calle-panama-vicealcaldesa-de-guayaquil-pondera-la-intervencion\\\/#article\",\"isPartOf\":{\"@id\":\"https:\\\/\\\/www.uartes.edu.ec\\\/sitio\\\/en\\\/blog\\\/2025\\\/06\\\/17\\\/estudiantes-uartes-colaboran-con-talleristas-de-zumar-en-la-elaboracion-de-murales-de-la-calle-panama-vicealcaldesa-de-guayaquil-pondera-la-intervencion\\\/\"},\"author\":{\"name\":\"ccortez\",\"@id\":\"https:\\\/\\\/www.uartes.edu.ec\\\/sitio\\\/en\\\/#\\\/schema\\\/person\\\/efa1b8275797664fd7f13a79ccc0b1f4\"},\"headline\":\"Participamos con Zumar en elaboraci\u00f3n de murales de la calle Panam\u00e1; vicealcaldesa de Guayaquil pondera intervenci\u00f3n en red\",\"datePublished\":\"2025-06-17T23:43:00+00:00\",\"dateModified\":\"2025-06-26T17:19:24+00:00\",\"mainEntityOfPage\":{\"@id\":\"https:\\\/\\\/www.uartes.edu.ec\\\/sitio\\\/en\\\/blog\\\/2025\\\/06\\\/17\\\/estudiantes-uartes-colaboran-con-talleristas-de-zumar-en-la-elaboracion-de-murales-de-la-calle-panama-vicealcaldesa-de-guayaquil-pondera-la-intervencion\\\/\"},\"wordCount\":471,\"commentCount\":0,\"publisher\":{\"@id\":\"https:\\\/\\\/www.uartes.edu.ec\\\/sitio\\\/en\\\/#organization\"},\"image\":{\"@id\":\"https:\\\/\\\/www.uartes.edu.ec\\\/sitio\\\/en\\\/blog\\\/2025\\\/06\\\/17\\\/estudiantes-uartes-colaboran-con-talleristas-de-zumar-en-la-elaboracion-de-murales-de-la-calle-panama-vicealcaldesa-de-guayaquil-pondera-la-intervencion\\\/#primaryimage\"},\"thumbnailUrl\":\"https:\\\/\\\/www.uartes.edu.ec\\\/sitio\\\/wp-content\\\/uploads\\\/2025\\\/06\\\/Proyecto-Cambiar-tamano-de-imagen-2025-06-24T153241.998.jpeg\",\"keywords\":[\"producci\u00f3n\"],\"articleSection\":[\"Artes\",\"Artes Visuales\",\"Estudiantes\",\"Sin categor\u00eda\",\"V\u00ednculo\"],\"inLanguage\":\"en-US\",\"potentialAction\":[{\"@type\":\"CommentAction\",\"name\":\"Comment\",\"target\":[\"https:\\\/\\\/www.uartes.edu.ec\\\/sitio\\\/en\\\/blog\\\/2025\\\/06\\\/17\\\/estudiantes-uartes-colaboran-con-talleristas-de-zumar-en-la-elaboracion-de-murales-de-la-calle-panama-vicealcaldesa-de-guayaquil-pondera-la-intervencion\\\/#respond\"]}]},{\"@type\":[\"WebPage\",\"ItemPage\"],\"@id\":\"https:\\\/\\\/www.uartes.edu.ec\\\/sitio\\\/en\\\/blog\\\/2025\\\/06\\\/17\\\/estudiantes-uartes-colaboran-con-talleristas-de-zumar-en-la-elaboracion-de-murales-de-la-calle-panama-vicealcaldesa-de-guayaquil-pondera-la-intervencion\\\/\",\"url\":\"https:\\\/\\\/www.uartes.edu.ec\\\/sitio\\\/en\\\/blog\\\/2025\\\/06\\\/17\\\/estudiantes-uartes-colaboran-con-talleristas-de-zumar-en-la-elaboracion-de-murales-de-la-calle-panama-vicealcaldesa-de-guayaquil-pondera-la-intervencion\\\/\",\"name\":\"Universidad de las Artes - Participamos con Zumar en elaboraci\u00f3n de murales de la calle Panam\u00e1; vicealcaldesa de Guayaquil pondera intervenci\u00f3n en red\",\"isPartOf\":{\"@id\":\"https:\\\/\\\/www.uartes.edu.ec\\\/sitio\\\/en\\\/#website\"},\"primaryImageOfPage\":{\"@id\":\"https:\\\/\\\/www.uartes.edu.ec\\\/sitio\\\/en\\\/blog\\\/2025\\\/06\\\/17\\\/estudiantes-uartes-colaboran-con-talleristas-de-zumar-en-la-elaboracion-de-murales-de-la-calle-panama-vicealcaldesa-de-guayaquil-pondera-la-intervencion\\\/#primaryimage\"},\"image\":{\"@id\":\"https:\\\/\\\/www.uartes.edu.ec\\\/sitio\\\/en\\\/blog\\\/2025\\\/06\\\/17\\\/estudiantes-uartes-colaboran-con-talleristas-de-zumar-en-la-elaboracion-de-murales-de-la-calle-panama-vicealcaldesa-de-guayaquil-pondera-la-intervencion\\\/#primaryimage\"},\"thumbnailUrl\":\"https:\\\/\\\/www.uartes.edu.ec\\\/sitio\\\/wp-content\\\/uploads\\\/2025\\\/06\\\/Proyecto-Cambiar-tamano-de-imagen-2025-06-24T153241.998.jpeg\",\"datePublished\":\"2025-06-17T23:43:00+00:00\",\"dateModified\":\"2025-06-26T17:19:24+00:00\",\"description\":\"Universidad de las Artes - Participamos con Zumar en elaboraci\u00f3n de murales de la calle Panam\u00e1; vicealcaldesa de Guayaquil pondera intervenci\u00f3n en red\",\"breadcrumb\":{\"@id\":\"https:\\\/\\\/www.uartes.edu.ec\\\/sitio\\\/en\\\/blog\\\/2025\\\/06\\\/17\\\/estudiantes-uartes-colaboran-con-talleristas-de-zumar-en-la-elaboracion-de-murales-de-la-calle-panama-vicealcaldesa-de-guayaquil-pondera-la-intervencion\\\/#breadcrumb\"},\"inLanguage\":\"en-US\",\"potentialAction\":[{\"@type\":\"ReadAction\",\"target\":[\"https:\\\/\\\/www.uartes.edu.ec\\\/sitio\\\/en\\\/blog\\\/2025\\\/06\\\/17\\\/estudiantes-uartes-colaboran-con-talleristas-de-zumar-en-la-elaboracion-de-murales-de-la-calle-panama-vicealcaldesa-de-guayaquil-pondera-la-intervencion\\\/\"]}]},{\"@type\":\"ImageObject\",\"inLanguage\":\"en-US\",\"@id\":\"https:\\\/\\\/www.uartes.edu.ec\\\/sitio\\\/en\\\/blog\\\/2025\\\/06\\\/17\\\/estudiantes-uartes-colaboran-con-talleristas-de-zumar-en-la-elaboracion-de-murales-de-la-calle-panama-vicealcaldesa-de-guayaquil-pondera-la-intervencion\\\/#primaryimage\",\"url\":\"https:\\\/\\\/www.uartes.edu.ec\\\/sitio\\\/wp-content\\\/uploads\\\/2025\\\/06\\\/Proyecto-Cambiar-tamano-de-imagen-2025-06-24T153241.998.jpeg\",\"contentUrl\":\"https:\\\/\\\/www.uartes.edu.ec\\\/sitio\\\/wp-content\\\/uploads\\\/2025\\\/06\\\/Proyecto-Cambiar-tamano-de-imagen-2025-06-24T153241.998.jpeg\",\"width\":2000,\"height\":1333},{\"@type\":\"BreadcrumbList\",\"@id\":\"https:\\\/\\\/www.uartes.edu.ec\\\/sitio\\\/en\\\/blog\\\/2025\\\/06\\\/17\\\/estudiantes-uartes-colaboran-con-talleristas-de-zumar-en-la-elaboracion-de-murales-de-la-calle-panama-vicealcaldesa-de-guayaquil-pondera-la-intervencion\\\/#breadcrumb\",\"itemListElement\":[{\"@type\":\"ListItem\",\"position\":1,\"name\":\"Inicio\",\"item\":\"https:\\\/\\\/www.uartes.edu.ec\\\/sitio\\\/\"},{\"@type\":\"ListItem\",\"position\":2,\"name\":\"Participamos con Zumar en elaboraci\u00f3n de murales de la calle Panam\u00e1; vicealcaldesa de Guayaquil pondera intervenci\u00f3n en red\"}]},{\"@type\":\"WebSite\",\"@id\":\"https:\\\/\\\/www.uartes.edu.ec\\\/sitio\\\/en\\\/#website\",\"url\":\"https:\\\/\\\/www.uartes.edu.ec\\\/sitio\\\/en\\\/\",\"name\":\"Universidad de las Artes\",\"description\":\"Sitio oficial de la Universidad Nacional de las Artes del Ecuador\",\"publisher\":{\"@id\":\"https:\\\/\\\/www.uartes.edu.ec\\\/sitio\\\/en\\\/#organization\"},\"potentialAction\":[{\"@type\":\"SearchAction\",\"target\":{\"@type\":\"EntryPoint\",\"urlTemplate\":\"https:\\\/\\\/www.uartes.edu.ec\\\/sitio\\\/en\\\/?s={search_term_string}\"},\"query-input\":{\"@type\":\"PropertyValueSpecification\",\"valueRequired\":true,\"valueName\":\"search_term_string\"}}],\"inLanguage\":\"en-US\"},{\"@type\":\"Organization\",\"@id\":\"https:\\\/\\\/www.uartes.edu.ec\\\/sitio\\\/en\\\/#organization\",\"name\":\"Universidad de las Artes\",\"url\":\"https:\\\/\\\/www.uartes.edu.ec\\\/sitio\\\/en\\\/\",\"logo\":{\"@type\":\"ImageObject\",\"inLanguage\":\"en-US\",\"@id\":\"https:\\\/\\\/www.uartes.edu.ec\\\/sitio\\\/en\\\/#\\\/schema\\\/logo\\\/image\\\/\",\"url\":\"https:\\\/\\\/www.uartes.edu.ec\\\/sitio\\\/wp-content\\\/uploads\\\/2022\\\/07\\\/logo-ua-horizontal.png\",\"contentUrl\":\"https:\\\/\\\/www.uartes.edu.ec\\\/sitio\\\/wp-content\\\/uploads\\\/2022\\\/07\\\/logo-ua-horizontal.png\",\"width\":800,\"height\":276,\"caption\":\"Universidad de las Artes\"},\"image\":{\"@id\":\"https:\\\/\\\/www.uartes.edu.ec\\\/sitio\\\/en\\\/#\\\/schema\\\/logo\\\/image\\\/\"},\"sameAs\":[\"https:\\\/\\\/www.facebook.com\\\/uartesec\",\"https:\\\/\\\/x.com\\\/uartesec\",\"https:\\\/\\\/www.tiktok.com\\\/@uartesec\"]},{\"@type\":\"Person\",\"@id\":\"https:\\\/\\\/www.uartes.edu.ec\\\/sitio\\\/en\\\/#\\\/schema\\\/person\\\/efa1b8275797664fd7f13a79ccc0b1f4\",\"name\":\"ccortez\",\"image\":{\"@type\":\"ImageObject\",\"inLanguage\":\"en-US\",\"@id\":\"https:\\\/\\\/secure.gravatar.com\\\/avatar\\\/b2a6f664a3ae8e074346ef91775736c5ec479e637ecced6842de9dc98b5da9cd?s=96&d=mm&r=g\",\"url\":\"https:\\\/\\\/secure.gravatar.com\\\/avatar\\\/b2a6f664a3ae8e074346ef91775736c5ec479e637ecced6842de9dc98b5da9cd?s=96&d=mm&r=g\",\"contentUrl\":\"https:\\\/\\\/secure.gravatar.com\\\/avatar\\\/b2a6f664a3ae8e074346ef91775736c5ec479e637ecced6842de9dc98b5da9cd?s=96&d=mm&r=g\",\"caption\":\"ccortez\"},\"url\":\"https:\\\/\\\/www.uartes.edu.ec\\\/sitio\\\/en\\\/blog\\\/author\\\/ccortez\\\/\"}]}<\/script>\n<!-- \/ Yoast SEO plugin. -->","yoast_head_json":{"title":"Universidad de las Artes - Participamos con Zumar en elaboraci\u00f3n de murales de la calle Panam\u00e1; vicealcaldesa de Guayaquil pondera intervenci\u00f3n en red","description":"Universidad de las Artes - Participamos con Zumar en elaboraci\u00f3n de murales de la calle Panam\u00e1; vicealcaldesa de Guayaquil pondera intervenci\u00f3n en red","robots":{"index":"index","follow":"follow","max-snippet":"max-snippet:-1","max-image-preview":"max-image-preview:large","max-video-preview":"max-video-preview:-1"},"canonical":"https:\/\/www.uartes.edu.ec\/sitio\/en\/blog\/2025\/06\/17\/estudiantes-uartes-colaboran-con-talleristas-de-zumar-en-la-elaboracion-de-murales-de-la-calle-panama-vicealcaldesa-de-guayaquil-pondera-la-intervencion\/","og_locale":"en_US","og_type":"article","og_title":"Universidad de las Artes - Participamos con Zumar en elaboraci\u00f3n de murales de la calle Panam\u00e1; vicealcaldesa de Guayaquil pondera intervenci\u00f3n en red","og_description":"Universidad de las Artes - Participamos con Zumar en elaboraci\u00f3n de murales de la calle Panam\u00e1; vicealcaldesa de Guayaquil pondera intervenci\u00f3n en red","og_url":"https:\/\/www.uartes.edu.ec\/sitio\/en\/blog\/2025\/06\/17\/estudiantes-uartes-colaboran-con-talleristas-de-zumar-en-la-elaboracion-de-murales-de-la-calle-panama-vicealcaldesa-de-guayaquil-pondera-la-intervencion\/","og_site_name":"Universidad de las Artes","article_publisher":"https:\/\/www.facebook.com\/uartesec","article_published_time":"2025-06-17T23:43:00+00:00","article_modified_time":"2025-06-26T17:19:24+00:00","og_image":[{"width":2000,"height":1333,"url":"https:\/\/www.uartes.edu.ec\/sitio\/wp-content\/uploads\/2025\/06\/Proyecto-Cambiar-tamano-de-imagen-2025-06-24T153241.998.jpeg","type":"image\/jpeg"}],"author":"ccortez","twitter_card":"summary_large_image","twitter_creator":"@uartesec","twitter_site":"@uartesec","twitter_misc":{"Written by":"ccortez","Est. reading time":"2 minutes"},"schema":{"@context":"https:\/\/schema.org","@graph":[{"@type":"Article","@id":"https:\/\/www.uartes.edu.ec\/sitio\/en\/blog\/2025\/06\/17\/estudiantes-uartes-colaboran-con-talleristas-de-zumar-en-la-elaboracion-de-murales-de-la-calle-panama-vicealcaldesa-de-guayaquil-pondera-la-intervencion\/#article","isPartOf":{"@id":"https:\/\/www.uartes.edu.ec\/sitio\/en\/blog\/2025\/06\/17\/estudiantes-uartes-colaboran-con-talleristas-de-zumar-en-la-elaboracion-de-murales-de-la-calle-panama-vicealcaldesa-de-guayaquil-pondera-la-intervencion\/"},"author":{"name":"ccortez","@id":"https:\/\/www.uartes.edu.ec\/sitio\/en\/#\/schema\/person\/efa1b8275797664fd7f13a79ccc0b1f4"},"headline":"Participamos con Zumar en elaboraci\u00f3n de murales de la calle Panam\u00e1; vicealcaldesa de Guayaquil pondera intervenci\u00f3n en red","datePublished":"2025-06-17T23:43:00+00:00","dateModified":"2025-06-26T17:19:24+00:00","mainEntityOfPage":{"@id":"https:\/\/www.uartes.edu.ec\/sitio\/en\/blog\/2025\/06\/17\/estudiantes-uartes-colaboran-con-talleristas-de-zumar-en-la-elaboracion-de-murales-de-la-calle-panama-vicealcaldesa-de-guayaquil-pondera-la-intervencion\/"},"wordCount":471,"commentCount":0,"publisher":{"@id":"https:\/\/www.uartes.edu.ec\/sitio\/en\/#organization"},"image":{"@id":"https:\/\/www.uartes.edu.ec\/sitio\/en\/blog\/2025\/06\/17\/estudiantes-uartes-colaboran-con-talleristas-de-zumar-en-la-elaboracion-de-murales-de-la-calle-panama-vicealcaldesa-de-guayaquil-pondera-la-intervencion\/#primaryimage"},"thumbnailUrl":"https:\/\/www.uartes.edu.ec\/sitio\/wp-content\/uploads\/2025\/06\/Proyecto-Cambiar-tamano-de-imagen-2025-06-24T153241.998.jpeg","keywords":["producci\u00f3n"],"articleSection":["Artes","Artes Visuales","Estudiantes","Sin categor\u00eda","V\u00ednculo"],"inLanguage":"en-US","potentialAction":[{"@type":"CommentAction","name":"Comment","target":["https:\/\/www.uartes.edu.ec\/sitio\/en\/blog\/2025\/06\/17\/estudiantes-uartes-colaboran-con-talleristas-de-zumar-en-la-elaboracion-de-murales-de-la-calle-panama-vicealcaldesa-de-guayaquil-pondera-la-intervencion\/#respond"]}]},{"@type":["WebPage","ItemPage"],"@id":"https:\/\/www.uartes.edu.ec\/sitio\/en\/blog\/2025\/06\/17\/estudiantes-uartes-colaboran-con-talleristas-de-zumar-en-la-elaboracion-de-murales-de-la-calle-panama-vicealcaldesa-de-guayaquil-pondera-la-intervencion\/","url":"https:\/\/www.uartes.edu.ec\/sitio\/en\/blog\/2025\/06\/17\/estudiantes-uartes-colaboran-con-talleristas-de-zumar-en-la-elaboracion-de-murales-de-la-calle-panama-vicealcaldesa-de-guayaquil-pondera-la-intervencion\/","name":"Universidad de las Artes - Participamos con Zumar en elaboraci\u00f3n de murales de la calle Panam\u00e1; vicealcaldesa de Guayaquil pondera intervenci\u00f3n en red","isPartOf":{"@id":"https:\/\/www.uartes.edu.ec\/sitio\/en\/#website"},"primaryImageOfPage":{"@id":"https:\/\/www.uartes.edu.ec\/sitio\/en\/blog\/2025\/06\/17\/estudiantes-uartes-colaboran-con-talleristas-de-zumar-en-la-elaboracion-de-murales-de-la-calle-panama-vicealcaldesa-de-guayaquil-pondera-la-intervencion\/#primaryimage"},"image":{"@id":"https:\/\/www.uartes.edu.ec\/sitio\/en\/blog\/2025\/06\/17\/estudiantes-uartes-colaboran-con-talleristas-de-zumar-en-la-elaboracion-de-murales-de-la-calle-panama-vicealcaldesa-de-guayaquil-pondera-la-intervencion\/#primaryimage"},"thumbnailUrl":"https:\/\/www.uartes.edu.ec\/sitio\/wp-content\/uploads\/2025\/06\/Proyecto-Cambiar-tamano-de-imagen-2025-06-24T153241.998.jpeg","datePublished":"2025-06-17T23:43:00+00:00","dateModified":"2025-06-26T17:19:24+00:00","description":"Universidad de las Artes - Participamos con Zumar en elaboraci\u00f3n de murales de la calle Panam\u00e1; vicealcaldesa de Guayaquil pondera intervenci\u00f3n en red","breadcrumb":{"@id":"https:\/\/www.uartes.edu.ec\/sitio\/en\/blog\/2025\/06\/17\/estudiantes-uartes-colaboran-con-talleristas-de-zumar-en-la-elaboracion-de-murales-de-la-calle-panama-vicealcaldesa-de-guayaquil-pondera-la-intervencion\/#breadcrumb"},"inLanguage":"en-US","potentialAction":[{"@type":"ReadAction","target":["https:\/\/www.uartes.edu.ec\/sitio\/en\/blog\/2025\/06\/17\/estudiantes-uartes-colaboran-con-talleristas-de-zumar-en-la-elaboracion-de-murales-de-la-calle-panama-vicealcaldesa-de-guayaquil-pondera-la-intervencion\/"]}]},{"@type":"ImageObject","inLanguage":"en-US","@id":"https:\/\/www.uartes.edu.ec\/sitio\/en\/blog\/2025\/06\/17\/estudiantes-uartes-colaboran-con-talleristas-de-zumar-en-la-elaboracion-de-murales-de-la-calle-panama-vicealcaldesa-de-guayaquil-pondera-la-intervencion\/#primaryimage","url":"https:\/\/www.uartes.edu.ec\/sitio\/wp-content\/uploads\/2025\/06\/Proyecto-Cambiar-tamano-de-imagen-2025-06-24T153241.998.jpeg","contentUrl":"https:\/\/www.uartes.edu.ec\/sitio\/wp-content\/uploads\/2025\/06\/Proyecto-Cambiar-tamano-de-imagen-2025-06-24T153241.998.jpeg","width":2000,"height":1333},{"@type":"BreadcrumbList","@id":"https:\/\/www.uartes.edu.ec\/sitio\/en\/blog\/2025\/06\/17\/estudiantes-uartes-colaboran-con-talleristas-de-zumar-en-la-elaboracion-de-murales-de-la-calle-panama-vicealcaldesa-de-guayaquil-pondera-la-intervencion\/#breadcrumb","itemListElement":[{"@type":"ListItem","position":1,"name":"Inicio","item":"https:\/\/www.uartes.edu.ec\/sitio\/"},{"@type":"ListItem","position":2,"name":"Participamos con Zumar en elaboraci\u00f3n de murales de la calle Panam\u00e1; vicealcaldesa de Guayaquil pondera intervenci\u00f3n en red"}]},{"@type":"WebSite","@id":"https:\/\/www.uartes.edu.ec\/sitio\/en\/#website","url":"https:\/\/www.uartes.edu.ec\/sitio\/en\/","name":"Universidad de las Artes","description":"Sitio oficial de la Universidad Nacional de las Artes del Ecuador","publisher":{"@id":"https:\/\/www.uartes.edu.ec\/sitio\/en\/#organization"},"potentialAction":[{"@type":"SearchAction","target":{"@type":"EntryPoint","urlTemplate":"https:\/\/www.uartes.edu.ec\/sitio\/en\/?s={search_term_string}"},"query-input":{"@type":"PropertyValueSpecification","valueRequired":true,"valueName":"search_term_string"}}],"inLanguage":"en-US"},{"@type":"Organization","@id":"https:\/\/www.uartes.edu.ec\/sitio\/en\/#organization","name":"Universidad de las Artes","url":"https:\/\/www.uartes.edu.ec\/sitio\/en\/","logo":{"@type":"ImageObject","inLanguage":"en-US","@id":"https:\/\/www.uartes.edu.ec\/sitio\/en\/#\/schema\/logo\/image\/","url":"https:\/\/www.uartes.edu.ec\/sitio\/wp-content\/uploads\/2022\/07\/logo-ua-horizontal.png","contentUrl":"https:\/\/www.uartes.edu.ec\/sitio\/wp-content\/uploads\/2022\/07\/logo-ua-horizontal.png","width":800,"height":276,"caption":"Universidad de las Artes"},"image":{"@id":"https:\/\/www.uartes.edu.ec\/sitio\/en\/#\/schema\/logo\/image\/"},"sameAs":["https:\/\/www.facebook.com\/uartesec","https:\/\/x.com\/uartesec","https:\/\/www.tiktok.com\/@uartesec"]},{"@type":"Person","@id":"https:\/\/www.uartes.edu.ec\/sitio\/en\/#\/schema\/person\/efa1b8275797664fd7f13a79ccc0b1f4","name":"ccortez","image":{"@type":"ImageObject","inLanguage":"en-US","@id":"https:\/\/secure.gravatar.com\/avatar\/b2a6f664a3ae8e074346ef91775736c5ec479e637ecced6842de9dc98b5da9cd?s=96&d=mm&r=g","url":"https:\/\/secure.gravatar.com\/avatar\/b2a6f664a3ae8e074346ef91775736c5ec479e637ecced6842de9dc98b5da9cd?s=96&d=mm&r=g","contentUrl":"https:\/\/secure.gravatar.com\/avatar\/b2a6f664a3ae8e074346ef91775736c5ec479e637ecced6842de9dc98b5da9cd?s=96&d=mm&r=g","caption":"ccortez"},"url":"https:\/\/www.uartes.edu.ec\/sitio\/en\/blog\/author\/ccortez\/"}]}},"uagb_featured_image_src":{"full":["https:\/\/www.uartes.edu.ec\/sitio\/wp-content\/uploads\/2025\/06\/Proyecto-Cambiar-tamano-de-imagen-2025-06-24T153241.998.jpeg",2000,1333,false],"thumbnail":["https:\/\/www.uartes.edu.ec\/sitio\/wp-content\/uploads\/2025\/06\/Proyecto-Cambiar-tamano-de-imagen-2025-06-24T153241.998-150x150.jpeg",150,150,true],"medium":["https:\/\/www.uartes.edu.ec\/sitio\/wp-content\/uploads\/2025\/06\/Proyecto-Cambiar-tamano-de-imagen-2025-06-24T153241.998-300x200.jpeg",300,200,true],"medium_large":["https:\/\/www.uartes.edu.ec\/sitio\/wp-content\/uploads\/2025\/06\/Proyecto-Cambiar-tamano-de-imagen-2025-06-24T153241.998-768x512.jpeg",768,512,true],"large":["https:\/\/www.uartes.edu.ec\/sitio\/wp-content\/uploads\/2025\/06\/Proyecto-Cambiar-tamano-de-imagen-2025-06-24T153241.998-644x429.jpeg",644,429,true],"1536x1536":["https:\/\/www.uartes.edu.ec\/sitio\/wp-content\/uploads\/2025\/06\/Proyecto-Cambiar-tamano-de-imagen-2025-06-24T153241.998-1536x1024.jpeg",1536,1024,true],"2048x2048":["https:\/\/www.uartes.edu.ec\/sitio\/wp-content\/uploads\/2025\/06\/Proyecto-Cambiar-tamano-de-imagen-2025-06-24T153241.998.jpeg",2000,1333,false],"trp-custom-language-flag":["https:\/\/www.uartes.edu.ec\/sitio\/wp-content\/uploads\/2025\/06\/Proyecto-Cambiar-tamano-de-imagen-2025-06-24T153241.998-18x12.jpeg",18,12,true],"htmega_size_585x295":["https:\/\/www.uartes.edu.ec\/sitio\/wp-content\/uploads\/2025\/06\/Proyecto-Cambiar-tamano-de-imagen-2025-06-24T153241.998-585x295.jpeg",585,295,true],"htmega_size_1170x536":["https:\/\/www.uartes.edu.ec\/sitio\/wp-content\/uploads\/2025\/06\/Proyecto-Cambiar-tamano-de-imagen-2025-06-24T153241.998-1170x536.jpeg",1170,536,true],"htmega_size_396x360":["https:\/\/www.uartes.edu.ec\/sitio\/wp-content\/uploads\/2025\/06\/Proyecto-Cambiar-tamano-de-imagen-2025-06-24T153241.998-396x360.jpeg",396,360,true],"gb-block-post-grid-landscape":["https:\/\/www.uartes.edu.ec\/sitio\/wp-content\/uploads\/2025\/06\/Proyecto-Cambiar-tamano-de-imagen-2025-06-24T153241.998-600x400.jpeg",600,400,true],"gb-block-post-grid-square":["https:\/\/www.uartes.edu.ec\/sitio\/wp-content\/uploads\/2025\/06\/Proyecto-Cambiar-tamano-de-imagen-2025-06-24T153241.998-600x600.jpeg",600,600,true],"university-hub-thumb":["https:\/\/www.uartes.edu.ec\/sitio\/wp-content\/uploads\/2025\/06\/Proyecto-Cambiar-tamano-de-imagen-2025-06-24T153241.998-400x267.jpeg",400,267,true]},"uagb_author_info":{"display_name":"ccortez","author_link":"https:\/\/www.uartes.edu.ec\/sitio\/en\/blog\/author\/ccortez\/"},"uagb_comment_info":0,"uagb_excerpt":"Como una rehabilitaci\u00f3n de la calle Panam\u00e1 con murales se\u00f1al\u00f3 la vicealcaldesa de Guayaquil, Tatiana Coronel, en su cuenta de Instagram a lo realizado por ni\u00f1os y j\u00f3venes de los centros comunitarios Zumar en colaboraci\u00f3n de estudiantes de la Universidad de las Artes. Tambi\u00e9n invit\u00f3 a quienes quieran pintar en vivo a sumarse cada domingo&hellip;","featured_image_src":"https:\/\/www.uartes.edu.ec\/sitio\/wp-content\/uploads\/2025\/06\/Proyecto-Cambiar-tamano-de-imagen-2025-06-24T153241.998-600x400.jpeg","featured_image_src_square":"https:\/\/www.uartes.edu.ec\/sitio\/wp-content\/uploads\/2025\/06\/Proyecto-Cambiar-tamano-de-imagen-2025-06-24T153241.998-600x600.jpeg","author_info":{"display_name":"ccortez","author_link":"https:\/\/www.uartes.edu.ec\/sitio\/en\/blog\/author\/ccortez\/"},"publishpress_future_workflow_manual_trigger":{"enabledWorkflows":[]},"distributor_meta":false,"distributor_terms":false,"distributor_media":false,"distributor_original_site_name":"Universidad de las Artes","distributor_original_site_url":"https:\/\/www.uartes.edu.ec\/sitio\/en","push-errors":false,"_links":{"self":[{"href":"https:\/\/www.uartes.edu.ec\/sitio\/en\/wp-json\/wp\/v2\/posts\/74072","targetHints":{"allow":["GET"]}}],"collection":[{"href":"https:\/\/www.uartes.edu.ec\/sitio\/en\/wp-json\/wp\/v2\/posts"}],"about":[{"href":"https:\/\/www.uartes.edu.ec\/sitio\/en\/wp-json\/wp\/v2\/types\/post"}],"author":[{"embeddable":true,"href":"https:\/\/www.uartes.edu.ec\/sitio\/en\/wp-json\/wp\/v2\/users\/10"}],"replies":[{"embeddable":true,"href":"https:\/\/www.uartes.edu.ec\/sitio\/en\/wp-json\/wp\/v2\/comments?post=74072"}],"version-history":[{"count":13,"href":"https:\/\/www.uartes.edu.ec\/sitio\/en\/wp-json\/wp\/v2\/posts\/74072\/revisions"}],"predecessor-version":[{"id":74118,"href":"https:\/\/www.uartes.edu.ec\/sitio\/en\/wp-json\/wp\/v2\/posts\/74072\/revisions\/74118"}],"wp:featuredmedia":[{"embeddable":true,"href":"https:\/\/www.uartes.edu.ec\/sitio\/en\/wp-json\/wp\/v2\/media\/74073"}],"wp:attachment":[{"href":"https:\/\/www.uartes.edu.ec\/sitio\/en\/wp-json\/wp\/v2\/media?parent=74072"}],"wp:term":[{"taxonomy":"category","embeddable":true,"href":"https:\/\/www.uartes.edu.ec\/sitio\/en\/wp-json\/wp\/v2\/categories?post=74072"},{"taxonomy":"post_tag","embeddable":true,"href":"https:\/\/www.uartes.edu.ec\/sitio\/en\/wp-json\/wp\/v2\/tags?post=74072"},{"taxonomy":"infouartes","embeddable":true,"href":"https:\/\/www.uartes.edu.ec\/sitio\/en\/wp-json\/wp\/v2\/infouartes?post=74072"}],"curies":[{"name":"wp","href":"https:\/\/api.w.org\/{rel}","templated":true}]}}