{"id":74128,"date":"2025-06-18T18:42:00","date_gmt":"2025-06-18T23:42:00","guid":{"rendered":"https:\/\/www.uartes.edu.ec\/sitio\/?p=74128"},"modified":"2025-06-26T15:15:16","modified_gmt":"2025-06-26T20:15:16","slug":"la-sala-de-cine-del-mz14-vista-desde-fuera","status":"publish","type":"post","link":"https:\/\/www.uartes.edu.ec\/sitio\/en\/blog\/2025\/06\/18\/la-sala-de-cine-del-mz14-vista-desde-fuera\/","title":{"rendered":"La Sala de Cine del MZ14 vista desde fuera"},"content":{"rendered":"<p>Como un oasis cin\u00e9filo en el coraz\u00f3n de Guayaquil se menciona en un art\u00edculo recientemente publicado por la revista <em>Mundo Diners<\/em> a la Sala de Cine del MZ14 Centro de Producci\u00f3n e Innovaci\u00f3n UArtes. As\u00ed tambi\u00e9n se detalla desde lo que funcionaba antes en el patrimonial edificio de la Universidad de las Artes hasta su infraestructura actual, los festivales y las actividades realizadas y lo que est\u00e1 por venir.<\/p>\n\n\n\n<p>El art\u00edculo \u201cMZ14, oasis cin\u00e9filo en el coraz\u00f3n de Guayaquil\u201d, cuya autora es la alumnus Ileana Matamoros Calder\u00f3n, cita al cineasta e investigador Javier Izquierdo, docente UArtes, quien como coordinador de la programaci\u00f3n de nuestra sala da cuenta de todo lo que esta convoca. Aqu\u00ed la publicaci\u00f3n:<\/p>\n\n\n\n<p>En pleno centro bancario de Guayaquil, en un edificio patrimonial de 1929, donde funcionaba la Bolsa de Valores, hay un lugar no tan secreto que no cotiza en Wall Street, pero ofrece pel\u00edculas que valen oro, la sala de cine MZ14.<\/p>\n\n\n\n<p>Hace m\u00e1s de un a\u00f1o, esta sala, que forma parte del Centro de Producci\u00f3n e Innovaci\u00f3n de la Universidad de las Artes, tiene una programaci\u00f3n estable de dos funciones diarias de mi\u00e9rcoles a s\u00e1bado. Del 28 de junio al 4 de julio ser\u00e1 sede del Guayaquil International Comedy Film Festival&nbsp;(GICOFF), del Festival Internacional de Cine de Guayaquil del&nbsp;29 de julio hasta el 2 de agosto y de La noche de los cortos,&nbsp;un espacio semestral&nbsp;abierto a los cortometrajes de todo&nbsp;el pa\u00eds&nbsp;que vuelve&nbsp;en su tercera edici\u00f3n&nbsp;desde el 26 de junio.<\/p>\n\n\n<div class=\"wp-block-image\">\n<figure class=\"aligncenter size-large\"><img fetchpriority=\"high\" decoding=\"async\" width=\"644\" height=\"429\" src=\"https:\/\/www.uartes.edu.ec\/sitio\/wp-content\/uploads\/2025\/06\/05-NIVELACION-CINE-MZ14-644x429.jpg\" alt=\"\" class=\"wp-image-74150\" srcset=\"https:\/\/www.uartes.edu.ec\/sitio\/wp-content\/uploads\/2025\/06\/05-NIVELACION-CINE-MZ14-644x429.jpg 644w, https:\/\/www.uartes.edu.ec\/sitio\/wp-content\/uploads\/2025\/06\/05-NIVELACION-CINE-MZ14-300x200.jpg 300w, https:\/\/www.uartes.edu.ec\/sitio\/wp-content\/uploads\/2025\/06\/05-NIVELACION-CINE-MZ14-768x512.jpg 768w, https:\/\/www.uartes.edu.ec\/sitio\/wp-content\/uploads\/2025\/06\/05-NIVELACION-CINE-MZ14-1536x1024.jpg 1536w, https:\/\/www.uartes.edu.ec\/sitio\/wp-content\/uploads\/2025\/06\/05-NIVELACION-CINE-MZ14-18x12.jpg 18w, https:\/\/www.uartes.edu.ec\/sitio\/wp-content\/uploads\/2025\/06\/05-NIVELACION-CINE-MZ14-600x400.jpg 600w, https:\/\/www.uartes.edu.ec\/sitio\/wp-content\/uploads\/2025\/06\/05-NIVELACION-CINE-MZ14-400x267.jpg 400w, https:\/\/www.uartes.edu.ec\/sitio\/wp-content\/uploads\/2025\/06\/05-NIVELACION-CINE-MZ14.jpg 2000w\" sizes=\"(max-width: 644px) 100vw, 644px\" \/><\/figure>\n<\/div>\n\n\n<p>No hay cartelera f\u00edsica ni marquesina con luces de ne\u00f3n, pero toda su programaci\u00f3n se anuncia por Instagram (<a href=\"https:\/\/www.instagram.com\/cinemz14\/\" target=\"_blank\" rel=\"noreferrer noopener\">https:\/\/www.instagram.com\/cinemz14\/#<\/a>). La experiencia est\u00e1 al alcance de un click y las ganas de salir de casa para ver buen cine y como se debe: con imagen y sonido profesional.<\/p>\n\n\n\n<p>La sala tiene 120 butacas, proyecci\u00f3n DCP (el formato digital que reemplaz\u00f3 a los proyectores de 35mm) y audio Dolby 5.1. Mucho mejor que una peli de plataforma al apuro, con un sonido m\u00e1s o menos, los motores tronando en la esquina y el gato saltando en la cama.&nbsp;<\/p>\n\n\n\n<p>El men\u00fa de la Sala de Cine del MZ14 tiene desde cl\u00e1sicos mundiales hasta cine independiente latinoamericano&nbsp;y nacional, relatos audiovisuales que atraviesan el pecho y una diversidad urgente en un mundo cada vez m\u00e1s uniforme.<\/p>\n\n\n\n<p>MZ14 ha sido casa de festivales como EDOC, DocSlam, el&nbsp;Festival Estudiantil de Naranjal, el Festival de Cine y Migraci\u00f3n, la muestra&nbsp;de cine ecuatoriano&nbsp;Postales del tr\u00f3pico, y este a\u00f1o se suma&nbsp;el Festival&nbsp;C\u00e1mara L\u00facida con cine experimental. &nbsp;<\/p>\n\n\n\n<p>Tambi\u00e9n hay ciclos de grandes directores a&nbsp;cargo del cineclub CinemaScape y&nbsp;Cine Clandestino de Javier Andrade, director manabita y docente en la Universidad de las Artes, y&nbsp;las secciones semanales Cl\u00e1sicos del dominio p\u00fablico y&nbsp;Cine contempor\u00e1neo del mundo.&nbsp;Pel\u00edculas&nbsp;de ficci\u00f3n y documentales&nbsp;frescos, \u00edntimos y necesarios que nos hablan del mundo, pero tambi\u00e9n del pa\u00eds, de nuestra identidad.<\/p>\n\n\n\n<figure class=\"wp-block-gallery has-nested-images columns-default is-cropped wp-block-gallery-1 is-layout-flex wp-block-gallery-is-layout-flex\">\n<figure class=\"wp-block-image size-large\"><img decoding=\"async\" width=\"644\" height=\"429\" data-id=\"74152\" src=\"https:\/\/www.uartes.edu.ec\/sitio\/wp-content\/uploads\/2025\/06\/WILLIAM-HERRERA-CINE-MZ14-ESTUDIANTES-644x429.jpg\" alt=\"\" class=\"wp-image-74152\" srcset=\"https:\/\/www.uartes.edu.ec\/sitio\/wp-content\/uploads\/2025\/06\/WILLIAM-HERRERA-CINE-MZ14-ESTUDIANTES-644x429.jpg 644w, https:\/\/www.uartes.edu.ec\/sitio\/wp-content\/uploads\/2025\/06\/WILLIAM-HERRERA-CINE-MZ14-ESTUDIANTES-300x200.jpg 300w, https:\/\/www.uartes.edu.ec\/sitio\/wp-content\/uploads\/2025\/06\/WILLIAM-HERRERA-CINE-MZ14-ESTUDIANTES-768x512.jpg 768w, https:\/\/www.uartes.edu.ec\/sitio\/wp-content\/uploads\/2025\/06\/WILLIAM-HERRERA-CINE-MZ14-ESTUDIANTES-1536x1024.jpg 1536w, https:\/\/www.uartes.edu.ec\/sitio\/wp-content\/uploads\/2025\/06\/WILLIAM-HERRERA-CINE-MZ14-ESTUDIANTES-2048x1365.jpg 2048w, https:\/\/www.uartes.edu.ec\/sitio\/wp-content\/uploads\/2025\/06\/WILLIAM-HERRERA-CINE-MZ14-ESTUDIANTES-18x12.jpg 18w, https:\/\/www.uartes.edu.ec\/sitio\/wp-content\/uploads\/2025\/06\/WILLIAM-HERRERA-CINE-MZ14-ESTUDIANTES-600x400.jpg 600w, https:\/\/www.uartes.edu.ec\/sitio\/wp-content\/uploads\/2025\/06\/WILLIAM-HERRERA-CINE-MZ14-ESTUDIANTES-400x267.jpg 400w\" sizes=\"(max-width: 644px) 100vw, 644px\" \/><\/figure>\n\n\n\n<figure class=\"wp-block-image size-large\"><img decoding=\"async\" width=\"644\" height=\"429\" data-id=\"74151\" src=\"https:\/\/www.uartes.edu.ec\/sitio\/wp-content\/uploads\/2025\/06\/15-NIVELACION-2024-II-1-644x429.jpg\" alt=\"\" class=\"wp-image-74151\" srcset=\"https:\/\/www.uartes.edu.ec\/sitio\/wp-content\/uploads\/2025\/06\/15-NIVELACION-2024-II-1-644x429.jpg 644w, https:\/\/www.uartes.edu.ec\/sitio\/wp-content\/uploads\/2025\/06\/15-NIVELACION-2024-II-1-300x200.jpg 300w, https:\/\/www.uartes.edu.ec\/sitio\/wp-content\/uploads\/2025\/06\/15-NIVELACION-2024-II-1-768x512.jpg 768w, https:\/\/www.uartes.edu.ec\/sitio\/wp-content\/uploads\/2025\/06\/15-NIVELACION-2024-II-1-1536x1024.jpg 1536w, https:\/\/www.uartes.edu.ec\/sitio\/wp-content\/uploads\/2025\/06\/15-NIVELACION-2024-II-1-18x12.jpg 18w, https:\/\/www.uartes.edu.ec\/sitio\/wp-content\/uploads\/2025\/06\/15-NIVELACION-2024-II-1-600x400.jpg 600w, https:\/\/www.uartes.edu.ec\/sitio\/wp-content\/uploads\/2025\/06\/15-NIVELACION-2024-II-1-400x267.jpg 400w, https:\/\/www.uartes.edu.ec\/sitio\/wp-content\/uploads\/2025\/06\/15-NIVELACION-2024-II-1.jpg 2000w\" sizes=\"(max-width: 644px) 100vw, 644px\" \/><\/figure>\n<\/figure>\n\n\n\n<p><\/p>\n\n\n\n<p>\u201cMZ14 es una sala p\u00fablica, de entrada libre y, al mismo tiempo, un espacio acad\u00e9mico muy interesante, porque plantea&nbsp;la creaci\u00f3n de nuevas audiencias&nbsp;y di\u00e1logo con las mismas\u201d, considera el cineasta, docente e investigador Javier Izquierdo, quien coordina la programaci\u00f3n desde mediados del 2024. Este a\u00f1o, afirma, se enfocar\u00e1n en conectar m\u00e1s con \u00e9l p\u00fablico&nbsp;de la ciudad&nbsp;y proyectar estrenos&nbsp;internacionales&nbsp;que no llegan a la oferta comercial local.&nbsp;<\/p>\n\n\n\n<p>\u201cEs un espacio que convoca: est\u00e1 pr\u00e1cticamente en el kil\u00f3metro 0 de Guayaquil,&nbsp;9&nbsp;de Octubre&nbsp;y&nbsp;Panam\u00e1, a una cuadra del r\u00edo Guayas y al monumento al encuentro de Bol\u00edvar y San Mart\u00edn\u201d, precisa Izquierdo.<\/p>\n\n\n\n<p>Desde 2024, en la Sala de Cine del MZ14 se ha proyectado de todo: \u201cMudos testigos\u201d, de Luis Ospina y Jer\u00f3nimo Atehortua (Colombia); hubo una retrospectiva de Christian Petzold, gestionada a trav\u00e9s de la Embajada de Alemania; \u201cChaco\u201d, de Diego Mondaca (Bolivia); y&nbsp;\u201cLas fotos del obrero\u201d,&nbsp;del cineasta guayaquile\u00f1o&nbsp;Mario Rodr\u00edguez, ambas tuvieron un foro con sus directores.<\/p>\n\n\n\n<p>Tambi\u00e9n se vio los cortos del Festival de Venecia 2024,&nbsp;en colaboraci\u00f3n con la Embajada de Italia; la escalofriante&nbsp;\u201cChuzalongo\u201d de Diego Ortu\u00f1o; una Muestra de Cine Chino Contempor\u00e1neo,&nbsp;con apoyo del Instituto Confucio; otra de&nbsp;Cine Africano Contempor\u00e1neo, en conjunto con el&nbsp;Instituto Franc\u00e9s; una Retrospectiva de Pier Paolo Pasolini; e \u201cIsla Alien\u201d, de Crist\u00f3bal Berr\u00edos (Chile), con presencia de su director.<\/p>\n\n\n\n<p>En una ciudad donde a veces el calor y el cotidiano abruman, la Sala de Cine del MZ14 ofrece un respiro, una historia, una emoci\u00f3n inesperada. La pausa necesaria para no llegar a la locura. Nota mental: llevar abrigo \u2013sea solo o en buena compa\u00f1\u00eda\u2013 porque adentro el aire hiela. Pero la pantalla, arde.<\/p>\n\n\n<div class=\"wp-block-image\">\n<figure class=\"aligncenter size-large\"><img loading=\"lazy\" decoding=\"async\" width=\"644\" height=\"429\" src=\"https:\/\/www.uartes.edu.ec\/sitio\/wp-content\/uploads\/2025\/06\/CINE-MZ14-FORO-644x429.jpg\" alt=\"\" class=\"wp-image-74153\" srcset=\"https:\/\/www.uartes.edu.ec\/sitio\/wp-content\/uploads\/2025\/06\/CINE-MZ14-FORO-644x429.jpg 644w, https:\/\/www.uartes.edu.ec\/sitio\/wp-content\/uploads\/2025\/06\/CINE-MZ14-FORO-300x200.jpg 300w, https:\/\/www.uartes.edu.ec\/sitio\/wp-content\/uploads\/2025\/06\/CINE-MZ14-FORO-768x512.jpg 768w, https:\/\/www.uartes.edu.ec\/sitio\/wp-content\/uploads\/2025\/06\/CINE-MZ14-FORO-1536x1024.jpg 1536w, https:\/\/www.uartes.edu.ec\/sitio\/wp-content\/uploads\/2025\/06\/CINE-MZ14-FORO-2048x1365.jpg 2048w, https:\/\/www.uartes.edu.ec\/sitio\/wp-content\/uploads\/2025\/06\/CINE-MZ14-FORO-18x12.jpg 18w, https:\/\/www.uartes.edu.ec\/sitio\/wp-content\/uploads\/2025\/06\/CINE-MZ14-FORO-600x400.jpg 600w, https:\/\/www.uartes.edu.ec\/sitio\/wp-content\/uploads\/2025\/06\/CINE-MZ14-FORO-400x267.jpg 400w\" sizes=\"(max-width: 644px) 100vw, 644px\" \/><\/figure>\n<\/div>\n\n\n<p>Texto: tomado de la revista Mundo Diners. Link: <a href=\"https:\/\/revistamundodiners.com\/entretenimiento\/cine\/mz14-guayaquil\/\">https:\/\/revistamundodiners.com\/entretenimiento\/cine\/mz14-guayaquil\/<\/a><br><br>Fotos: corresponden al archivo de la Dircom UArtes. Las im\u00e1genes evidencian las varias actividades acad\u00e9micas, art\u00edsticas y culturales que se desarrollan en la Sala de Cine del MZ14, adem\u00e1s de su amplia programaci\u00f3n de pel\u00edculas y cortos, los que propician la realizaci\u00f3n de foros con cineastas y productores. <\/p>","protected":false},"excerpt":{"rendered":"<p>Como un oasis cin\u00e9filo en el coraz\u00f3n de Guayaquil se menciona en un art\u00edculo publicado por la revista \u201cMundo Diners\u201d a la Sala de Cine del MZ14 Centro de Producci\u00f3n e Innovaci\u00f3n UArtes. As\u00ed tambi\u00e9n se detalla desde lo que hab\u00eda antes en el patrimonial edificio de la Universidad de las Artes hasta su infraestructura actual, los festivales y las actividades realizadas y lo que est\u00e1 por venir. Su autora es la alumnus Ileana Matamoros, quien cita al cineasta Javier Izquierdo, docente que est\u00e1 a cargo de la programaci\u00f3n del sitio. Nos hacemos eco del reportaje.<\/p>","protected":false},"author":10,"featured_media":74149,"comment_status":"open","ping_status":"open","sticky":false,"template":"","format":"standard","meta":{"_acf_changed":false,"_uag_custom_page_level_css":"","_monsterinsights_skip_tracking":false,"_monsterinsights_sitenote_active":false,"_monsterinsights_sitenote_note":"","_monsterinsights_sitenote_category":0,"cybocfi_hide_featured_image":"","footnotes":""},"categories":[1],"tags":[],"infouartes":[],"class_list":["post-74128","post","type-post","status-publish","format-standard","has-post-thumbnail","hentry","category-sin-categoria"],"acf":[],"yoast_head":"<!-- This site is optimized with the Yoast SEO plugin v27.4 - https:\/\/yoast.com\/product\/yoast-seo-wordpress\/ -->\n<title>Universidad de las Artes - La Sala de Cine del MZ14 vista desde fuera<\/title>\n<meta name=\"description\" content=\"Universidad de las Artes - La Sala de Cine del MZ14 vista desde fuera\" \/>\n<meta name=\"robots\" content=\"index, follow, max-snippet:-1, max-image-preview:large, max-video-preview:-1\" \/>\n<link rel=\"canonical\" href=\"https:\/\/www.uartes.edu.ec\/sitio\/en\/blog\/2025\/06\/18\/la-sala-de-cine-del-mz14-vista-desde-fuera\/\" \/>\n<meta property=\"og:locale\" content=\"en_US\" \/>\n<meta property=\"og:type\" content=\"article\" \/>\n<meta property=\"og:title\" content=\"Universidad de las Artes - La Sala de Cine del MZ14 vista desde fuera\" \/>\n<meta property=\"og:description\" content=\"Universidad de las Artes - La Sala de Cine del MZ14 vista desde fuera\" \/>\n<meta property=\"og:url\" content=\"https:\/\/www.uartes.edu.ec\/sitio\/en\/blog\/2025\/06\/18\/la-sala-de-cine-del-mz14-vista-desde-fuera\/\" \/>\n<meta property=\"og:site_name\" content=\"Universidad de las Artes\" \/>\n<meta property=\"article:publisher\" content=\"https:\/\/www.facebook.com\/uartesec\" \/>\n<meta property=\"article:published_time\" content=\"2025-06-18T23:42:00+00:00\" \/>\n<meta property=\"article:modified_time\" content=\"2025-06-26T20:15:16+00:00\" \/>\n<meta property=\"og:image\" content=\"https:\/\/www.uartes.edu.ec\/sitio\/wp-content\/uploads\/2025\/06\/11-CINE-MZ14-CON-MI-CORAZON-EN-YAMBO-1.jpg\" \/>\n\t<meta property=\"og:image:width\" content=\"2000\" \/>\n\t<meta property=\"og:image:height\" content=\"1333\" \/>\n\t<meta property=\"og:image:type\" content=\"image\/jpeg\" \/>\n<meta name=\"author\" content=\"ccortez\" \/>\n<meta name=\"twitter:card\" content=\"summary_large_image\" \/>\n<meta name=\"twitter:creator\" content=\"@uartesec\" \/>\n<meta name=\"twitter:site\" content=\"@uartesec\" \/>\n<meta name=\"twitter:label1\" content=\"Written by\" \/>\n\t<meta name=\"twitter:data1\" content=\"ccortez\" \/>\n\t<meta name=\"twitter:label2\" content=\"Est. reading time\" \/>\n\t<meta name=\"twitter:data2\" content=\"5 minutes\" \/>\n<script type=\"application\/ld+json\" class=\"yoast-schema-graph\">{\"@context\":\"https:\\\/\\\/schema.org\",\"@graph\":[{\"@type\":\"Article\",\"@id\":\"https:\\\/\\\/www.uartes.edu.ec\\\/sitio\\\/en\\\/blog\\\/2025\\\/06\\\/18\\\/la-sala-de-cine-del-mz14-vista-desde-fuera\\\/#article\",\"isPartOf\":{\"@id\":\"https:\\\/\\\/www.uartes.edu.ec\\\/sitio\\\/en\\\/blog\\\/2025\\\/06\\\/18\\\/la-sala-de-cine-del-mz14-vista-desde-fuera\\\/\"},\"author\":{\"name\":\"ccortez\",\"@id\":\"https:\\\/\\\/www.uartes.edu.ec\\\/sitio\\\/en\\\/#\\\/schema\\\/person\\\/efa1b8275797664fd7f13a79ccc0b1f4\"},\"headline\":\"La Sala de Cine del MZ14 vista desde fuera\",\"datePublished\":\"2025-06-18T23:42:00+00:00\",\"dateModified\":\"2025-06-26T20:15:16+00:00\",\"mainEntityOfPage\":{\"@id\":\"https:\\\/\\\/www.uartes.edu.ec\\\/sitio\\\/en\\\/blog\\\/2025\\\/06\\\/18\\\/la-sala-de-cine-del-mz14-vista-desde-fuera\\\/\"},\"wordCount\":951,\"commentCount\":0,\"publisher\":{\"@id\":\"https:\\\/\\\/www.uartes.edu.ec\\\/sitio\\\/en\\\/#organization\"},\"image\":{\"@id\":\"https:\\\/\\\/www.uartes.edu.ec\\\/sitio\\\/en\\\/blog\\\/2025\\\/06\\\/18\\\/la-sala-de-cine-del-mz14-vista-desde-fuera\\\/#primaryimage\"},\"thumbnailUrl\":\"https:\\\/\\\/www.uartes.edu.ec\\\/sitio\\\/wp-content\\\/uploads\\\/2025\\\/06\\\/11-CINE-MZ14-CON-MI-CORAZON-EN-YAMBO-1.jpg\",\"articleSection\":[\"Sin categor\u00eda\"],\"inLanguage\":\"en-US\",\"potentialAction\":[{\"@type\":\"CommentAction\",\"name\":\"Comment\",\"target\":[\"https:\\\/\\\/www.uartes.edu.ec\\\/sitio\\\/en\\\/blog\\\/2025\\\/06\\\/18\\\/la-sala-de-cine-del-mz14-vista-desde-fuera\\\/#respond\"]}]},{\"@type\":[\"WebPage\",\"ItemPage\"],\"@id\":\"https:\\\/\\\/www.uartes.edu.ec\\\/sitio\\\/en\\\/blog\\\/2025\\\/06\\\/18\\\/la-sala-de-cine-del-mz14-vista-desde-fuera\\\/\",\"url\":\"https:\\\/\\\/www.uartes.edu.ec\\\/sitio\\\/en\\\/blog\\\/2025\\\/06\\\/18\\\/la-sala-de-cine-del-mz14-vista-desde-fuera\\\/\",\"name\":\"Universidad de las Artes - La Sala de Cine del MZ14 vista desde fuera\",\"isPartOf\":{\"@id\":\"https:\\\/\\\/www.uartes.edu.ec\\\/sitio\\\/en\\\/#website\"},\"primaryImageOfPage\":{\"@id\":\"https:\\\/\\\/www.uartes.edu.ec\\\/sitio\\\/en\\\/blog\\\/2025\\\/06\\\/18\\\/la-sala-de-cine-del-mz14-vista-desde-fuera\\\/#primaryimage\"},\"image\":{\"@id\":\"https:\\\/\\\/www.uartes.edu.ec\\\/sitio\\\/en\\\/blog\\\/2025\\\/06\\\/18\\\/la-sala-de-cine-del-mz14-vista-desde-fuera\\\/#primaryimage\"},\"thumbnailUrl\":\"https:\\\/\\\/www.uartes.edu.ec\\\/sitio\\\/wp-content\\\/uploads\\\/2025\\\/06\\\/11-CINE-MZ14-CON-MI-CORAZON-EN-YAMBO-1.jpg\",\"datePublished\":\"2025-06-18T23:42:00+00:00\",\"dateModified\":\"2025-06-26T20:15:16+00:00\",\"description\":\"Universidad de las Artes - La Sala de Cine del MZ14 vista desde fuera\",\"breadcrumb\":{\"@id\":\"https:\\\/\\\/www.uartes.edu.ec\\\/sitio\\\/en\\\/blog\\\/2025\\\/06\\\/18\\\/la-sala-de-cine-del-mz14-vista-desde-fuera\\\/#breadcrumb\"},\"inLanguage\":\"en-US\",\"potentialAction\":[{\"@type\":\"ReadAction\",\"target\":[\"https:\\\/\\\/www.uartes.edu.ec\\\/sitio\\\/en\\\/blog\\\/2025\\\/06\\\/18\\\/la-sala-de-cine-del-mz14-vista-desde-fuera\\\/\"]}]},{\"@type\":\"ImageObject\",\"inLanguage\":\"en-US\",\"@id\":\"https:\\\/\\\/www.uartes.edu.ec\\\/sitio\\\/en\\\/blog\\\/2025\\\/06\\\/18\\\/la-sala-de-cine-del-mz14-vista-desde-fuera\\\/#primaryimage\",\"url\":\"https:\\\/\\\/www.uartes.edu.ec\\\/sitio\\\/wp-content\\\/uploads\\\/2025\\\/06\\\/11-CINE-MZ14-CON-MI-CORAZON-EN-YAMBO-1.jpg\",\"contentUrl\":\"https:\\\/\\\/www.uartes.edu.ec\\\/sitio\\\/wp-content\\\/uploads\\\/2025\\\/06\\\/11-CINE-MZ14-CON-MI-CORAZON-EN-YAMBO-1.jpg\",\"width\":2000,\"height\":1333},{\"@type\":\"BreadcrumbList\",\"@id\":\"https:\\\/\\\/www.uartes.edu.ec\\\/sitio\\\/en\\\/blog\\\/2025\\\/06\\\/18\\\/la-sala-de-cine-del-mz14-vista-desde-fuera\\\/#breadcrumb\",\"itemListElement\":[{\"@type\":\"ListItem\",\"position\":1,\"name\":\"Inicio\",\"item\":\"https:\\\/\\\/www.uartes.edu.ec\\\/sitio\\\/\"},{\"@type\":\"ListItem\",\"position\":2,\"name\":\"La Sala de Cine del MZ14 vista desde fuera\"}]},{\"@type\":\"WebSite\",\"@id\":\"https:\\\/\\\/www.uartes.edu.ec\\\/sitio\\\/en\\\/#website\",\"url\":\"https:\\\/\\\/www.uartes.edu.ec\\\/sitio\\\/en\\\/\",\"name\":\"Universidad de las Artes\",\"description\":\"Sitio oficial de la Universidad Nacional de las Artes del Ecuador\",\"publisher\":{\"@id\":\"https:\\\/\\\/www.uartes.edu.ec\\\/sitio\\\/en\\\/#organization\"},\"potentialAction\":[{\"@type\":\"SearchAction\",\"target\":{\"@type\":\"EntryPoint\",\"urlTemplate\":\"https:\\\/\\\/www.uartes.edu.ec\\\/sitio\\\/en\\\/?s={search_term_string}\"},\"query-input\":{\"@type\":\"PropertyValueSpecification\",\"valueRequired\":true,\"valueName\":\"search_term_string\"}}],\"inLanguage\":\"en-US\"},{\"@type\":\"Organization\",\"@id\":\"https:\\\/\\\/www.uartes.edu.ec\\\/sitio\\\/en\\\/#organization\",\"name\":\"Universidad de las Artes\",\"url\":\"https:\\\/\\\/www.uartes.edu.ec\\\/sitio\\\/en\\\/\",\"logo\":{\"@type\":\"ImageObject\",\"inLanguage\":\"en-US\",\"@id\":\"https:\\\/\\\/www.uartes.edu.ec\\\/sitio\\\/en\\\/#\\\/schema\\\/logo\\\/image\\\/\",\"url\":\"https:\\\/\\\/www.uartes.edu.ec\\\/sitio\\\/wp-content\\\/uploads\\\/2022\\\/07\\\/logo-ua-horizontal.png\",\"contentUrl\":\"https:\\\/\\\/www.uartes.edu.ec\\\/sitio\\\/wp-content\\\/uploads\\\/2022\\\/07\\\/logo-ua-horizontal.png\",\"width\":800,\"height\":276,\"caption\":\"Universidad de las Artes\"},\"image\":{\"@id\":\"https:\\\/\\\/www.uartes.edu.ec\\\/sitio\\\/en\\\/#\\\/schema\\\/logo\\\/image\\\/\"},\"sameAs\":[\"https:\\\/\\\/www.facebook.com\\\/uartesec\",\"https:\\\/\\\/x.com\\\/uartesec\",\"https:\\\/\\\/www.tiktok.com\\\/@uartesec\"]},{\"@type\":\"Person\",\"@id\":\"https:\\\/\\\/www.uartes.edu.ec\\\/sitio\\\/en\\\/#\\\/schema\\\/person\\\/efa1b8275797664fd7f13a79ccc0b1f4\",\"name\":\"ccortez\",\"image\":{\"@type\":\"ImageObject\",\"inLanguage\":\"en-US\",\"@id\":\"https:\\\/\\\/secure.gravatar.com\\\/avatar\\\/b2a6f664a3ae8e074346ef91775736c5ec479e637ecced6842de9dc98b5da9cd?s=96&d=mm&r=g\",\"url\":\"https:\\\/\\\/secure.gravatar.com\\\/avatar\\\/b2a6f664a3ae8e074346ef91775736c5ec479e637ecced6842de9dc98b5da9cd?s=96&d=mm&r=g\",\"contentUrl\":\"https:\\\/\\\/secure.gravatar.com\\\/avatar\\\/b2a6f664a3ae8e074346ef91775736c5ec479e637ecced6842de9dc98b5da9cd?s=96&d=mm&r=g\",\"caption\":\"ccortez\"},\"url\":\"https:\\\/\\\/www.uartes.edu.ec\\\/sitio\\\/en\\\/blog\\\/author\\\/ccortez\\\/\"}]}<\/script>\n<!-- \/ Yoast SEO plugin. -->","yoast_head_json":{"title":"Universidad de las Artes - La Sala de Cine del MZ14 vista desde fuera","description":"Universidad de las Artes - La Sala de Cine del MZ14 vista desde fuera","robots":{"index":"index","follow":"follow","max-snippet":"max-snippet:-1","max-image-preview":"max-image-preview:large","max-video-preview":"max-video-preview:-1"},"canonical":"https:\/\/www.uartes.edu.ec\/sitio\/en\/blog\/2025\/06\/18\/la-sala-de-cine-del-mz14-vista-desde-fuera\/","og_locale":"en_US","og_type":"article","og_title":"Universidad de las Artes - La Sala de Cine del MZ14 vista desde fuera","og_description":"Universidad de las Artes - La Sala de Cine del MZ14 vista desde fuera","og_url":"https:\/\/www.uartes.edu.ec\/sitio\/en\/blog\/2025\/06\/18\/la-sala-de-cine-del-mz14-vista-desde-fuera\/","og_site_name":"Universidad de las Artes","article_publisher":"https:\/\/www.facebook.com\/uartesec","article_published_time":"2025-06-18T23:42:00+00:00","article_modified_time":"2025-06-26T20:15:16+00:00","og_image":[{"width":2000,"height":1333,"url":"https:\/\/www.uartes.edu.ec\/sitio\/wp-content\/uploads\/2025\/06\/11-CINE-MZ14-CON-MI-CORAZON-EN-YAMBO-1.jpg","type":"image\/jpeg"}],"author":"ccortez","twitter_card":"summary_large_image","twitter_creator":"@uartesec","twitter_site":"@uartesec","twitter_misc":{"Written by":"ccortez","Est. reading time":"5 minutes"},"schema":{"@context":"https:\/\/schema.org","@graph":[{"@type":"Article","@id":"https:\/\/www.uartes.edu.ec\/sitio\/en\/blog\/2025\/06\/18\/la-sala-de-cine-del-mz14-vista-desde-fuera\/#article","isPartOf":{"@id":"https:\/\/www.uartes.edu.ec\/sitio\/en\/blog\/2025\/06\/18\/la-sala-de-cine-del-mz14-vista-desde-fuera\/"},"author":{"name":"ccortez","@id":"https:\/\/www.uartes.edu.ec\/sitio\/en\/#\/schema\/person\/efa1b8275797664fd7f13a79ccc0b1f4"},"headline":"La Sala de Cine del MZ14 vista desde fuera","datePublished":"2025-06-18T23:42:00+00:00","dateModified":"2025-06-26T20:15:16+00:00","mainEntityOfPage":{"@id":"https:\/\/www.uartes.edu.ec\/sitio\/en\/blog\/2025\/06\/18\/la-sala-de-cine-del-mz14-vista-desde-fuera\/"},"wordCount":951,"commentCount":0,"publisher":{"@id":"https:\/\/www.uartes.edu.ec\/sitio\/en\/#organization"},"image":{"@id":"https:\/\/www.uartes.edu.ec\/sitio\/en\/blog\/2025\/06\/18\/la-sala-de-cine-del-mz14-vista-desde-fuera\/#primaryimage"},"thumbnailUrl":"https:\/\/www.uartes.edu.ec\/sitio\/wp-content\/uploads\/2025\/06\/11-CINE-MZ14-CON-MI-CORAZON-EN-YAMBO-1.jpg","articleSection":["Sin categor\u00eda"],"inLanguage":"en-US","potentialAction":[{"@type":"CommentAction","name":"Comment","target":["https:\/\/www.uartes.edu.ec\/sitio\/en\/blog\/2025\/06\/18\/la-sala-de-cine-del-mz14-vista-desde-fuera\/#respond"]}]},{"@type":["WebPage","ItemPage"],"@id":"https:\/\/www.uartes.edu.ec\/sitio\/en\/blog\/2025\/06\/18\/la-sala-de-cine-del-mz14-vista-desde-fuera\/","url":"https:\/\/www.uartes.edu.ec\/sitio\/en\/blog\/2025\/06\/18\/la-sala-de-cine-del-mz14-vista-desde-fuera\/","name":"Universidad de las Artes - La Sala de Cine del MZ14 vista desde fuera","isPartOf":{"@id":"https:\/\/www.uartes.edu.ec\/sitio\/en\/#website"},"primaryImageOfPage":{"@id":"https:\/\/www.uartes.edu.ec\/sitio\/en\/blog\/2025\/06\/18\/la-sala-de-cine-del-mz14-vista-desde-fuera\/#primaryimage"},"image":{"@id":"https:\/\/www.uartes.edu.ec\/sitio\/en\/blog\/2025\/06\/18\/la-sala-de-cine-del-mz14-vista-desde-fuera\/#primaryimage"},"thumbnailUrl":"https:\/\/www.uartes.edu.ec\/sitio\/wp-content\/uploads\/2025\/06\/11-CINE-MZ14-CON-MI-CORAZON-EN-YAMBO-1.jpg","datePublished":"2025-06-18T23:42:00+00:00","dateModified":"2025-06-26T20:15:16+00:00","description":"Universidad de las Artes - La Sala de Cine del MZ14 vista desde fuera","breadcrumb":{"@id":"https:\/\/www.uartes.edu.ec\/sitio\/en\/blog\/2025\/06\/18\/la-sala-de-cine-del-mz14-vista-desde-fuera\/#breadcrumb"},"inLanguage":"en-US","potentialAction":[{"@type":"ReadAction","target":["https:\/\/www.uartes.edu.ec\/sitio\/en\/blog\/2025\/06\/18\/la-sala-de-cine-del-mz14-vista-desde-fuera\/"]}]},{"@type":"ImageObject","inLanguage":"en-US","@id":"https:\/\/www.uartes.edu.ec\/sitio\/en\/blog\/2025\/06\/18\/la-sala-de-cine-del-mz14-vista-desde-fuera\/#primaryimage","url":"https:\/\/www.uartes.edu.ec\/sitio\/wp-content\/uploads\/2025\/06\/11-CINE-MZ14-CON-MI-CORAZON-EN-YAMBO-1.jpg","contentUrl":"https:\/\/www.uartes.edu.ec\/sitio\/wp-content\/uploads\/2025\/06\/11-CINE-MZ14-CON-MI-CORAZON-EN-YAMBO-1.jpg","width":2000,"height":1333},{"@type":"BreadcrumbList","@id":"https:\/\/www.uartes.edu.ec\/sitio\/en\/blog\/2025\/06\/18\/la-sala-de-cine-del-mz14-vista-desde-fuera\/#breadcrumb","itemListElement":[{"@type":"ListItem","position":1,"name":"Inicio","item":"https:\/\/www.uartes.edu.ec\/sitio\/"},{"@type":"ListItem","position":2,"name":"La Sala de Cine del MZ14 vista desde fuera"}]},{"@type":"WebSite","@id":"https:\/\/www.uartes.edu.ec\/sitio\/en\/#website","url":"https:\/\/www.uartes.edu.ec\/sitio\/en\/","name":"Universidad de las Artes","description":"Sitio oficial de la Universidad Nacional de las Artes del Ecuador","publisher":{"@id":"https:\/\/www.uartes.edu.ec\/sitio\/en\/#organization"},"potentialAction":[{"@type":"SearchAction","target":{"@type":"EntryPoint","urlTemplate":"https:\/\/www.uartes.edu.ec\/sitio\/en\/?s={search_term_string}"},"query-input":{"@type":"PropertyValueSpecification","valueRequired":true,"valueName":"search_term_string"}}],"inLanguage":"en-US"},{"@type":"Organization","@id":"https:\/\/www.uartes.edu.ec\/sitio\/en\/#organization","name":"Universidad de las Artes","url":"https:\/\/www.uartes.edu.ec\/sitio\/en\/","logo":{"@type":"ImageObject","inLanguage":"en-US","@id":"https:\/\/www.uartes.edu.ec\/sitio\/en\/#\/schema\/logo\/image\/","url":"https:\/\/www.uartes.edu.ec\/sitio\/wp-content\/uploads\/2022\/07\/logo-ua-horizontal.png","contentUrl":"https:\/\/www.uartes.edu.ec\/sitio\/wp-content\/uploads\/2022\/07\/logo-ua-horizontal.png","width":800,"height":276,"caption":"Universidad de las Artes"},"image":{"@id":"https:\/\/www.uartes.edu.ec\/sitio\/en\/#\/schema\/logo\/image\/"},"sameAs":["https:\/\/www.facebook.com\/uartesec","https:\/\/x.com\/uartesec","https:\/\/www.tiktok.com\/@uartesec"]},{"@type":"Person","@id":"https:\/\/www.uartes.edu.ec\/sitio\/en\/#\/schema\/person\/efa1b8275797664fd7f13a79ccc0b1f4","name":"ccortez","image":{"@type":"ImageObject","inLanguage":"en-US","@id":"https:\/\/secure.gravatar.com\/avatar\/b2a6f664a3ae8e074346ef91775736c5ec479e637ecced6842de9dc98b5da9cd?s=96&d=mm&r=g","url":"https:\/\/secure.gravatar.com\/avatar\/b2a6f664a3ae8e074346ef91775736c5ec479e637ecced6842de9dc98b5da9cd?s=96&d=mm&r=g","contentUrl":"https:\/\/secure.gravatar.com\/avatar\/b2a6f664a3ae8e074346ef91775736c5ec479e637ecced6842de9dc98b5da9cd?s=96&d=mm&r=g","caption":"ccortez"},"url":"https:\/\/www.uartes.edu.ec\/sitio\/en\/blog\/author\/ccortez\/"}]}},"uagb_featured_image_src":{"full":["https:\/\/www.uartes.edu.ec\/sitio\/wp-content\/uploads\/2025\/06\/11-CINE-MZ14-CON-MI-CORAZON-EN-YAMBO-1.jpg",2000,1333,false],"thumbnail":["https:\/\/www.uartes.edu.ec\/sitio\/wp-content\/uploads\/2025\/06\/11-CINE-MZ14-CON-MI-CORAZON-EN-YAMBO-1-150x150.jpg",150,150,true],"medium":["https:\/\/www.uartes.edu.ec\/sitio\/wp-content\/uploads\/2025\/06\/11-CINE-MZ14-CON-MI-CORAZON-EN-YAMBO-1-300x200.jpg",300,200,true],"medium_large":["https:\/\/www.uartes.edu.ec\/sitio\/wp-content\/uploads\/2025\/06\/11-CINE-MZ14-CON-MI-CORAZON-EN-YAMBO-1-768x512.jpg",768,512,true],"large":["https:\/\/www.uartes.edu.ec\/sitio\/wp-content\/uploads\/2025\/06\/11-CINE-MZ14-CON-MI-CORAZON-EN-YAMBO-1-644x429.jpg",644,429,true],"1536x1536":["https:\/\/www.uartes.edu.ec\/sitio\/wp-content\/uploads\/2025\/06\/11-CINE-MZ14-CON-MI-CORAZON-EN-YAMBO-1-1536x1024.jpg",1536,1024,true],"2048x2048":["https:\/\/www.uartes.edu.ec\/sitio\/wp-content\/uploads\/2025\/06\/11-CINE-MZ14-CON-MI-CORAZON-EN-YAMBO-1.jpg",2000,1333,false],"trp-custom-language-flag":["https:\/\/www.uartes.edu.ec\/sitio\/wp-content\/uploads\/2025\/06\/11-CINE-MZ14-CON-MI-CORAZON-EN-YAMBO-1-18x12.jpg",18,12,true],"htmega_size_585x295":["https:\/\/www.uartes.edu.ec\/sitio\/wp-content\/uploads\/2025\/06\/11-CINE-MZ14-CON-MI-CORAZON-EN-YAMBO-1-585x295.jpg",585,295,true],"htmega_size_1170x536":["https:\/\/www.uartes.edu.ec\/sitio\/wp-content\/uploads\/2025\/06\/11-CINE-MZ14-CON-MI-CORAZON-EN-YAMBO-1-1170x536.jpg",1170,536,true],"htmega_size_396x360":["https:\/\/www.uartes.edu.ec\/sitio\/wp-content\/uploads\/2025\/06\/11-CINE-MZ14-CON-MI-CORAZON-EN-YAMBO-1-396x360.jpg",396,360,true],"gb-block-post-grid-landscape":["https:\/\/www.uartes.edu.ec\/sitio\/wp-content\/uploads\/2025\/06\/11-CINE-MZ14-CON-MI-CORAZON-EN-YAMBO-1-600x400.jpg",600,400,true],"gb-block-post-grid-square":["https:\/\/www.uartes.edu.ec\/sitio\/wp-content\/uploads\/2025\/06\/11-CINE-MZ14-CON-MI-CORAZON-EN-YAMBO-1-600x600.jpg",600,600,true],"university-hub-thumb":["https:\/\/www.uartes.edu.ec\/sitio\/wp-content\/uploads\/2025\/06\/11-CINE-MZ14-CON-MI-CORAZON-EN-YAMBO-1-400x267.jpg",400,267,true]},"uagb_author_info":{"display_name":"ccortez","author_link":"https:\/\/www.uartes.edu.ec\/sitio\/en\/blog\/author\/ccortez\/"},"uagb_comment_info":0,"uagb_excerpt":"Como un oasis cin\u00e9filo en el coraz\u00f3n de Guayaquil se menciona en un art\u00edculo publicado por la revista \u201cMundo Diners\u201d a la Sala de Cine del MZ14 Centro de Producci\u00f3n e Innovaci\u00f3n UArtes. As\u00ed tambi\u00e9n se detalla desde lo que hab\u00eda antes en el patrimonial edificio de la Universidad de las Artes hasta su infraestructura&hellip;","featured_image_src":"https:\/\/www.uartes.edu.ec\/sitio\/wp-content\/uploads\/2025\/06\/11-CINE-MZ14-CON-MI-CORAZON-EN-YAMBO-1-600x400.jpg","featured_image_src_square":"https:\/\/www.uartes.edu.ec\/sitio\/wp-content\/uploads\/2025\/06\/11-CINE-MZ14-CON-MI-CORAZON-EN-YAMBO-1-600x600.jpg","author_info":{"display_name":"ccortez","author_link":"https:\/\/www.uartes.edu.ec\/sitio\/en\/blog\/author\/ccortez\/"},"publishpress_future_workflow_manual_trigger":{"enabledWorkflows":[]},"distributor_meta":false,"distributor_terms":false,"distributor_media":false,"distributor_original_site_name":"Universidad de las Artes","distributor_original_site_url":"https:\/\/www.uartes.edu.ec\/sitio\/en","push-errors":false,"_links":{"self":[{"href":"https:\/\/www.uartes.edu.ec\/sitio\/en\/wp-json\/wp\/v2\/posts\/74128","targetHints":{"allow":["GET"]}}],"collection":[{"href":"https:\/\/www.uartes.edu.ec\/sitio\/en\/wp-json\/wp\/v2\/posts"}],"about":[{"href":"https:\/\/www.uartes.edu.ec\/sitio\/en\/wp-json\/wp\/v2\/types\/post"}],"author":[{"embeddable":true,"href":"https:\/\/www.uartes.edu.ec\/sitio\/en\/wp-json\/wp\/v2\/users\/10"}],"replies":[{"embeddable":true,"href":"https:\/\/www.uartes.edu.ec\/sitio\/en\/wp-json\/wp\/v2\/comments?post=74128"}],"version-history":[{"count":5,"href":"https:\/\/www.uartes.edu.ec\/sitio\/en\/wp-json\/wp\/v2\/posts\/74128\/revisions"}],"predecessor-version":[{"id":74165,"href":"https:\/\/www.uartes.edu.ec\/sitio\/en\/wp-json\/wp\/v2\/posts\/74128\/revisions\/74165"}],"wp:featuredmedia":[{"embeddable":true,"href":"https:\/\/www.uartes.edu.ec\/sitio\/en\/wp-json\/wp\/v2\/media\/74149"}],"wp:attachment":[{"href":"https:\/\/www.uartes.edu.ec\/sitio\/en\/wp-json\/wp\/v2\/media?parent=74128"}],"wp:term":[{"taxonomy":"category","embeddable":true,"href":"https:\/\/www.uartes.edu.ec\/sitio\/en\/wp-json\/wp\/v2\/categories?post=74128"},{"taxonomy":"post_tag","embeddable":true,"href":"https:\/\/www.uartes.edu.ec\/sitio\/en\/wp-json\/wp\/v2\/tags?post=74128"},{"taxonomy":"infouartes","embeddable":true,"href":"https:\/\/www.uartes.edu.ec\/sitio\/en\/wp-json\/wp\/v2\/infouartes?post=74128"}],"curies":[{"name":"wp","href":"https:\/\/api.w.org\/{rel}","templated":true}]}}