{"id":74344,"date":"2025-06-30T14:33:00","date_gmt":"2025-06-30T19:33:00","guid":{"rendered":"https:\/\/www.uartes.edu.ec\/sitio\/?p=74344"},"modified":"2025-07-13T15:12:16","modified_gmt":"2025-07-13T20:12:16","slug":"la-fiesta-de-la-salsa-que-organizo-la-uartes-en-el-marco-de-la-ruta-centro-lleno-la-calle-panama","status":"publish","type":"post","link":"https:\/\/www.uartes.edu.ec\/sitio\/en\/blog\/2025\/06\/30\/la-fiesta-de-la-salsa-que-organizo-la-uartes-en-el-marco-de-la-ruta-centro-lleno-la-calle-panama\/","title":{"rendered":"Fiesta de la Salsa que realiz\u00f3 la UArtes en la Ruta Centro llen\u00f3 la calle Panam\u00e1"},"content":{"rendered":"<p>\u00a1Nos tomamos la calle Panam\u00e1! Por tercera ocasi\u00f3n la Universidad de las Artes organiz\u00f3 las presentaciones art\u00edsticas y culturales de fin de mes, en el marco de la Ruta Centro del Municipio de Guayaquil, una iniciativa para peatonalizar las calles del coraz\u00f3n de la ciudad, recuperar los espacios p\u00fablicos y fomentar el turismo, el deporte, el arte y la cultura.<\/p>\n\n\n\n<p>Este domingo 29 de junio, bajo el t\u00edtulo de \u201cFiesta de la Salsa\u201d, se presentaron desde escuelas de baile hasta solistas y agrupaciones que hacen suyo el g\u00e9nero musical en referencia. El evento inici\u00f3 al mediod\u00eda con la D\u2019 Sambo Latin Band, cuyos j\u00f3venes integrantes brindaron con sus congas, timbales, g\u00fcira, bongos y otros instrumentos de percusi\u00f3n temas de corte latinoamericano.<\/p>\n\n\n\n<p>Seguidamente, y ya desde el escenario ubicado al pie del MZ14 Centro de Producci\u00f3n e Innovaci\u00f3n UArtes, alumnas y maestros de la Estelar Academy y de Danza y Sabor brindaron coreograf\u00edas que fueron largamente aplaudidas por una audiencia que progresivamente fue llenando la calle Panam\u00e1, desde la av. 9 de Octubre hacia P. Ycaza, V\u00edctor Manuel Rend\u00f3n, y Jun\u00edn.<\/p>\n\n\n\n<p>Con la conducci\u00f3n de Gisella Bedoya, acompa\u00f1ada en el arranque de la Fiesta de la Salsa por el director del MZ14 UArtes, Jonathan Pilay, y despu\u00e9s por Israel Habana, se invit\u00f3 al p\u00fablico a participar en din\u00e1micas de baile salsero. El int\u00e9rprete Mao Rodr\u00edguez se adue\u00f1\u00f3 de la tarima y lo propio hicieron a lo largo de la jornada musical la Orquesta Rumba Swing, la Escuela Open Dance y la Orquesta Montuno. Ya en la recta final, el sabor salsero lo pusieron Valeria Cali, artista graduada en nuestra instituci\u00f3n; McBrian Ramires y la Orquesta Renny y su Son Mayor.<\/p>\n\n\n\n<figure class=\"wp-block-gallery has-nested-images columns-default is-cropped wp-block-gallery-1 is-layout-flex wp-block-gallery-is-layout-flex\">\n<figure class=\"wp-block-image size-large\"><img fetchpriority=\"high\" decoding=\"async\" width=\"644\" height=\"429\" data-id=\"74359\" src=\"https:\/\/www.uartes.edu.ec\/sitio\/wp-content\/uploads\/2025\/06\/Proyecto-Cambiar-tamano-de-imagen-2025-06-30T172533.893-644x429.jpeg\" alt=\"\" class=\"wp-image-74359\" srcset=\"https:\/\/www.uartes.edu.ec\/sitio\/wp-content\/uploads\/2025\/06\/Proyecto-Cambiar-tamano-de-imagen-2025-06-30T172533.893-644x429.jpeg 644w, https:\/\/www.uartes.edu.ec\/sitio\/wp-content\/uploads\/2025\/06\/Proyecto-Cambiar-tamano-de-imagen-2025-06-30T172533.893-300x200.jpeg 300w, https:\/\/www.uartes.edu.ec\/sitio\/wp-content\/uploads\/2025\/06\/Proyecto-Cambiar-tamano-de-imagen-2025-06-30T172533.893-768x512.jpeg 768w, https:\/\/www.uartes.edu.ec\/sitio\/wp-content\/uploads\/2025\/06\/Proyecto-Cambiar-tamano-de-imagen-2025-06-30T172533.893-1536x1024.jpeg 1536w, https:\/\/www.uartes.edu.ec\/sitio\/wp-content\/uploads\/2025\/06\/Proyecto-Cambiar-tamano-de-imagen-2025-06-30T172533.893-18x12.jpeg 18w, https:\/\/www.uartes.edu.ec\/sitio\/wp-content\/uploads\/2025\/06\/Proyecto-Cambiar-tamano-de-imagen-2025-06-30T172533.893-600x400.jpeg 600w, https:\/\/www.uartes.edu.ec\/sitio\/wp-content\/uploads\/2025\/06\/Proyecto-Cambiar-tamano-de-imagen-2025-06-30T172533.893-400x267.jpeg 400w, https:\/\/www.uartes.edu.ec\/sitio\/wp-content\/uploads\/2025\/06\/Proyecto-Cambiar-tamano-de-imagen-2025-06-30T172533.893.jpeg 2000w\" sizes=\"(max-width: 644px) 100vw, 644px\" \/><\/figure>\n\n\n\n<figure class=\"wp-block-image size-large\"><img decoding=\"async\" width=\"644\" height=\"429\" data-id=\"74360\" src=\"https:\/\/www.uartes.edu.ec\/sitio\/wp-content\/uploads\/2025\/06\/Proyecto-Cambiar-tamano-de-imagen-2025-06-30T172351.622-644x429.jpeg\" alt=\"\" class=\"wp-image-74360\" srcset=\"https:\/\/www.uartes.edu.ec\/sitio\/wp-content\/uploads\/2025\/06\/Proyecto-Cambiar-tamano-de-imagen-2025-06-30T172351.622-644x429.jpeg 644w, https:\/\/www.uartes.edu.ec\/sitio\/wp-content\/uploads\/2025\/06\/Proyecto-Cambiar-tamano-de-imagen-2025-06-30T172351.622-300x200.jpeg 300w, https:\/\/www.uartes.edu.ec\/sitio\/wp-content\/uploads\/2025\/06\/Proyecto-Cambiar-tamano-de-imagen-2025-06-30T172351.622-768x512.jpeg 768w, https:\/\/www.uartes.edu.ec\/sitio\/wp-content\/uploads\/2025\/06\/Proyecto-Cambiar-tamano-de-imagen-2025-06-30T172351.622-1536x1024.jpeg 1536w, https:\/\/www.uartes.edu.ec\/sitio\/wp-content\/uploads\/2025\/06\/Proyecto-Cambiar-tamano-de-imagen-2025-06-30T172351.622-18x12.jpeg 18w, https:\/\/www.uartes.edu.ec\/sitio\/wp-content\/uploads\/2025\/06\/Proyecto-Cambiar-tamano-de-imagen-2025-06-30T172351.622-600x400.jpeg 600w, https:\/\/www.uartes.edu.ec\/sitio\/wp-content\/uploads\/2025\/06\/Proyecto-Cambiar-tamano-de-imagen-2025-06-30T172351.622-400x267.jpeg 400w, https:\/\/www.uartes.edu.ec\/sitio\/wp-content\/uploads\/2025\/06\/Proyecto-Cambiar-tamano-de-imagen-2025-06-30T172351.622.jpeg 2000w\" sizes=\"(max-width: 644px) 100vw, 644px\" \/><\/figure>\n<\/figure>\n\n\n<div class=\"wp-block-image\">\n<figure class=\"aligncenter size-large\"><img decoding=\"async\" width=\"644\" height=\"429\" src=\"https:\/\/www.uartes.edu.ec\/sitio\/wp-content\/uploads\/2025\/06\/Proyecto-Cambiar-tamano-de-imagen-2025-06-30T172254.240-644x429.jpeg\" alt=\"\" class=\"wp-image-74361\" srcset=\"https:\/\/www.uartes.edu.ec\/sitio\/wp-content\/uploads\/2025\/06\/Proyecto-Cambiar-tamano-de-imagen-2025-06-30T172254.240-644x429.jpeg 644w, https:\/\/www.uartes.edu.ec\/sitio\/wp-content\/uploads\/2025\/06\/Proyecto-Cambiar-tamano-de-imagen-2025-06-30T172254.240-300x200.jpeg 300w, https:\/\/www.uartes.edu.ec\/sitio\/wp-content\/uploads\/2025\/06\/Proyecto-Cambiar-tamano-de-imagen-2025-06-30T172254.240-768x512.jpeg 768w, https:\/\/www.uartes.edu.ec\/sitio\/wp-content\/uploads\/2025\/06\/Proyecto-Cambiar-tamano-de-imagen-2025-06-30T172254.240-1536x1024.jpeg 1536w, https:\/\/www.uartes.edu.ec\/sitio\/wp-content\/uploads\/2025\/06\/Proyecto-Cambiar-tamano-de-imagen-2025-06-30T172254.240-18x12.jpeg 18w, https:\/\/www.uartes.edu.ec\/sitio\/wp-content\/uploads\/2025\/06\/Proyecto-Cambiar-tamano-de-imagen-2025-06-30T172254.240-600x400.jpeg 600w, https:\/\/www.uartes.edu.ec\/sitio\/wp-content\/uploads\/2025\/06\/Proyecto-Cambiar-tamano-de-imagen-2025-06-30T172254.240-400x267.jpeg 400w, https:\/\/www.uartes.edu.ec\/sitio\/wp-content\/uploads\/2025\/06\/Proyecto-Cambiar-tamano-de-imagen-2025-06-30T172254.240.jpeg 2000w\" sizes=\"(max-width: 644px) 100vw, 644px\" \/><\/figure>\n<\/div>\n\n\n<p>Cabe anotar que, junto con la cita salsera, la Universidad de las Artes brind\u00f3 espacios para los ni\u00f1os y ni\u00f1as. Hubo de manera paralela una jornada de mediaci\u00f3n lectora, a cargo de Yuliana Yagual y Jacqueline Loor, funcionarias de la Biblioteca de las Artes. Tuvo lugar en la Plaza P\u00fablica del MZ14, donde se abri\u00f3 para el p\u00fablico la muestra \u201cThe Animal Human Project\u201d de nuestra graduada de posgrado Mar\u00eda Portaluppi.<\/p>\n\n\n\n<p>Jonathan Pilay trajo a la memoria que la Universidad de las Artes se sum\u00f3 a la Ruta Centro desde el 27 de abril pasado, desarrollando para entonces el Festival Cultural Universitario, en el que particip\u00f3 tambi\u00e9n el Centro de Arte y Cultura del ITB (Instituto Superior Universitario Bolivariano de Tecnolog\u00eda) y la Universidad Bolivariana del Ecuador (UBE). \u201cEsta es una propuesta de la academia y la idea es que otras instituciones de educaci\u00f3n superior se vayan sumando\u201d, dijo.<\/p>\n\n\n\n<p>El domingo 1 de junio, que fue la siguiente presentaci\u00f3n, misma que cont\u00f3 como la actividad de fin de mayo, se present\u00f3 Aspy Band en vivo. Es la primera agrupaci\u00f3n cuyos integrantes, dos de ellos estudiantes UArtes, tienen el s\u00edndrome de asperger y demuestran que con entereza y decisi\u00f3n \u201ctodo es posible\u201d.<\/p>\n\n\n\n<p>Presente en la Fiesta de la Salsa, la vicealcaldesa de Guayaquil, Tatiana Coronel, se\u00f1al\u00f3 con certeza que la ciudad saldr\u00e1 adelante de la mano de algunos actores \u201cy uno de ellos, important\u00edsimo, es la academia, la sociedad civil, nosotros como gobierno local y la empresa privada.<\/p>\n\n\n<div class=\"wp-block-image\">\n<figure class=\"aligncenter size-large\"><img decoding=\"async\" src=\"https:\/\/www.uartes.edu.ec\/sitio\/wp-content\/uploads\/2025\/06\/Proyecto-Cambiar-tamano-de-imagen-2025-06-29T180024.946-644x429.jpeg\" alt=\"\" class=\"wp-image-74365\" \/><\/figure>\n<\/div>\n\n<div class=\"wp-block-image\">\n<figure class=\"aligncenter size-large is-resized\"><img loading=\"lazy\" decoding=\"async\" width=\"644\" height=\"429\" src=\"https:\/\/www.uartes.edu.ec\/sitio\/wp-content\/uploads\/2025\/06\/Proyecto-Cambiar-tamano-de-imagen-2025-06-30T170643.050-644x429.jpeg\" alt=\"\" class=\"wp-image-74362\" style=\"width:478px;height:auto\" srcset=\"https:\/\/www.uartes.edu.ec\/sitio\/wp-content\/uploads\/2025\/06\/Proyecto-Cambiar-tamano-de-imagen-2025-06-30T170643.050-644x429.jpeg 644w, https:\/\/www.uartes.edu.ec\/sitio\/wp-content\/uploads\/2025\/06\/Proyecto-Cambiar-tamano-de-imagen-2025-06-30T170643.050-300x200.jpeg 300w, https:\/\/www.uartes.edu.ec\/sitio\/wp-content\/uploads\/2025\/06\/Proyecto-Cambiar-tamano-de-imagen-2025-06-30T170643.050-768x512.jpeg 768w, https:\/\/www.uartes.edu.ec\/sitio\/wp-content\/uploads\/2025\/06\/Proyecto-Cambiar-tamano-de-imagen-2025-06-30T170643.050-1536x1024.jpeg 1536w, https:\/\/www.uartes.edu.ec\/sitio\/wp-content\/uploads\/2025\/06\/Proyecto-Cambiar-tamano-de-imagen-2025-06-30T170643.050-18x12.jpeg 18w, https:\/\/www.uartes.edu.ec\/sitio\/wp-content\/uploads\/2025\/06\/Proyecto-Cambiar-tamano-de-imagen-2025-06-30T170643.050-600x400.jpeg 600w, https:\/\/www.uartes.edu.ec\/sitio\/wp-content\/uploads\/2025\/06\/Proyecto-Cambiar-tamano-de-imagen-2025-06-30T170643.050-400x267.jpeg 400w, https:\/\/www.uartes.edu.ec\/sitio\/wp-content\/uploads\/2025\/06\/Proyecto-Cambiar-tamano-de-imagen-2025-06-30T170643.050.jpeg 2000w\" sizes=\"(max-width: 644px) 100vw, 644px\" \/><\/figure>\n<\/div>\n\n\n<p>Coronel ha sido parte de la iniciativa Ruta Centro desde que ejerci\u00f3 como concejala cantonal. \u201cEl plan de gobierno del alcalde Aquiles \u00c1lvarez es recuperar los espacios p\u00fablicos y tengo el honor de liderar este proyecto antes y ahora como vicealcaldesa. Pensamos seguirlo manteniendo e institucionalizarlo porque necesitamos estos espacios de alegr\u00eda, arte, cultura y deporte\u201d.<\/p>\n\n\n\n<p>La vicealcaldesa de Guayaquil manifest\u00f3 su agrado porque la UArtes organic\u00e9 cada fin de mes las actividades art\u00edsticas y culturales, porque brind\u00e9 los espacios y facilidades, \u201cy podamos colaborar juntos para sacar adelante a la ciudad y revivir nuestras calles, que es lo principal; mostrar al talento local y democratizar el arte, llevarlo a los espacios p\u00fablicos para el disfrute y el goce de todos de forma gratuita\u201d.<\/p>\n\n\n\n<p>Concluy\u00f3 Tatiana Coronel que la Ruta Centro ha venido creciendo a medida de que la gente se ha ido enterando de todo lo que ofrece, a pie o en bicicleta, lo importante es pasar con la familia en calles de libre tr\u00e1nsito. \u201cLa agenda de julio se est\u00e1 llenando bastante r\u00e1pido de talento que quiere presentarse por su ciudad y contribuir con su arte. Qu\u00e9 importante es ese civismo. Recuperar estos espacios p\u00fablicos nos da identidad como ciudad\u201d.<\/p>\n\n\n\n<figure class=\"wp-block-gallery has-nested-images columns-default is-cropped wp-block-gallery-2 is-layout-flex wp-block-gallery-is-layout-flex\">\n<figure class=\"wp-block-image size-large\"><img loading=\"lazy\" decoding=\"async\" width=\"644\" height=\"429\" data-id=\"74363\" src=\"https:\/\/www.uartes.edu.ec\/sitio\/wp-content\/uploads\/2025\/06\/Proyecto-Cambiar-tamano-de-imagen-2025-06-30T170558.707-644x429.jpeg\" alt=\"\" class=\"wp-image-74363\" srcset=\"https:\/\/www.uartes.edu.ec\/sitio\/wp-content\/uploads\/2025\/06\/Proyecto-Cambiar-tamano-de-imagen-2025-06-30T170558.707-644x429.jpeg 644w, https:\/\/www.uartes.edu.ec\/sitio\/wp-content\/uploads\/2025\/06\/Proyecto-Cambiar-tamano-de-imagen-2025-06-30T170558.707-300x200.jpeg 300w, https:\/\/www.uartes.edu.ec\/sitio\/wp-content\/uploads\/2025\/06\/Proyecto-Cambiar-tamano-de-imagen-2025-06-30T170558.707-768x512.jpeg 768w, https:\/\/www.uartes.edu.ec\/sitio\/wp-content\/uploads\/2025\/06\/Proyecto-Cambiar-tamano-de-imagen-2025-06-30T170558.707-1536x1024.jpeg 1536w, https:\/\/www.uartes.edu.ec\/sitio\/wp-content\/uploads\/2025\/06\/Proyecto-Cambiar-tamano-de-imagen-2025-06-30T170558.707-18x12.jpeg 18w, https:\/\/www.uartes.edu.ec\/sitio\/wp-content\/uploads\/2025\/06\/Proyecto-Cambiar-tamano-de-imagen-2025-06-30T170558.707-600x400.jpeg 600w, https:\/\/www.uartes.edu.ec\/sitio\/wp-content\/uploads\/2025\/06\/Proyecto-Cambiar-tamano-de-imagen-2025-06-30T170558.707-400x267.jpeg 400w, https:\/\/www.uartes.edu.ec\/sitio\/wp-content\/uploads\/2025\/06\/Proyecto-Cambiar-tamano-de-imagen-2025-06-30T170558.707.jpeg 2000w\" sizes=\"(max-width: 644px) 100vw, 644px\" \/><\/figure>\n\n\n\n<figure class=\"wp-block-image size-large\"><img loading=\"lazy\" decoding=\"async\" width=\"644\" height=\"429\" data-id=\"74364\" src=\"https:\/\/www.uartes.edu.ec\/sitio\/wp-content\/uploads\/2025\/06\/Proyecto-Cambiar-tamano-de-imagen-2025-06-30T172200.823-644x429.jpeg\" alt=\"\" class=\"wp-image-74364\" srcset=\"https:\/\/www.uartes.edu.ec\/sitio\/wp-content\/uploads\/2025\/06\/Proyecto-Cambiar-tamano-de-imagen-2025-06-30T172200.823-644x429.jpeg 644w, https:\/\/www.uartes.edu.ec\/sitio\/wp-content\/uploads\/2025\/06\/Proyecto-Cambiar-tamano-de-imagen-2025-06-30T172200.823-300x200.jpeg 300w, https:\/\/www.uartes.edu.ec\/sitio\/wp-content\/uploads\/2025\/06\/Proyecto-Cambiar-tamano-de-imagen-2025-06-30T172200.823-768x512.jpeg 768w, https:\/\/www.uartes.edu.ec\/sitio\/wp-content\/uploads\/2025\/06\/Proyecto-Cambiar-tamano-de-imagen-2025-06-30T172200.823-1536x1024.jpeg 1536w, https:\/\/www.uartes.edu.ec\/sitio\/wp-content\/uploads\/2025\/06\/Proyecto-Cambiar-tamano-de-imagen-2025-06-30T172200.823-18x12.jpeg 18w, https:\/\/www.uartes.edu.ec\/sitio\/wp-content\/uploads\/2025\/06\/Proyecto-Cambiar-tamano-de-imagen-2025-06-30T172200.823-600x400.jpeg 600w, https:\/\/www.uartes.edu.ec\/sitio\/wp-content\/uploads\/2025\/06\/Proyecto-Cambiar-tamano-de-imagen-2025-06-30T172200.823-400x267.jpeg 400w, https:\/\/www.uartes.edu.ec\/sitio\/wp-content\/uploads\/2025\/06\/Proyecto-Cambiar-tamano-de-imagen-2025-06-30T172200.823.jpeg 2000w\" sizes=\"(max-width: 644px) 100vw, 644px\" \/><\/figure>\n<\/figure>\n\n\n\n<p><\/p>","protected":false},"excerpt":{"rendered":"<p>\u00a1Nos tomamos la calle Panam\u00e1! Por tercera ocasi\u00f3n la Universidad de las Artes organiz\u00f3 las presentaciones art\u00edsticas y culturales de fin de mes, en el marco de la Ruta Centro del Municipio de Guayaquil, una iniciativa para peatonalizar las calles del coraz\u00f3n de la ciudad y recuperar los espacios p\u00fablicos. Este domingo 29 de junio, bajo el t\u00edtulo de \u201cFiesta de la Salsa\u201d, actuaron desde escuelas de baile hasta solistas y grupos que hacen suyo el g\u00e9nero musical en referencia. <\/p>","protected":false},"author":10,"featured_media":74378,"comment_status":"open","ping_status":"open","sticky":false,"template":"","format":"standard","meta":{"_acf_changed":false,"_uag_custom_page_level_css":"","_monsterinsights_skip_tracking":false,"_monsterinsights_sitenote_active":false,"_monsterinsights_sitenote_note":"","_monsterinsights_sitenote_category":0,"cybocfi_hide_featured_image":"","footnotes":""},"categories":[438,490,82,77],"tags":[518],"infouartes":[],"class_list":["post-74344","post","type-post","status-publish","format-standard","has-post-thumbnail","hentry","category-administrativos","category-alumni","category-artes","category-gestion","tag-produccion"],"acf":[],"yoast_head":"<!-- This site is optimized with the Yoast SEO plugin v27.4 - https:\/\/yoast.com\/product\/yoast-seo-wordpress\/ -->\n<title>Universidad de las Artes - Fiesta de la Salsa que realiz\u00f3 la UArtes en la Ruta Centro llen\u00f3 la calle Panam\u00e1<\/title>\n<meta name=\"description\" content=\"Universidad de las Artes - Fiesta de la Salsa que realiz\u00f3 la UArtes en la Ruta Centro llen\u00f3 la calle Panam\u00e1\" \/>\n<meta name=\"robots\" content=\"index, follow, max-snippet:-1, max-image-preview:large, max-video-preview:-1\" \/>\n<link rel=\"canonical\" href=\"https:\/\/www.uartes.edu.ec\/sitio\/en\/blog\/2025\/06\/30\/la-fiesta-de-la-salsa-que-organizo-la-uartes-en-el-marco-de-la-ruta-centro-lleno-la-calle-panama\/\" \/>\n<meta property=\"og:locale\" content=\"en_US\" \/>\n<meta property=\"og:type\" content=\"article\" \/>\n<meta property=\"og:title\" content=\"Universidad de las Artes - Fiesta de la Salsa que realiz\u00f3 la UArtes en la Ruta Centro llen\u00f3 la calle Panam\u00e1\" \/>\n<meta property=\"og:description\" content=\"Universidad de las Artes - Fiesta de la Salsa que realiz\u00f3 la UArtes en la Ruta Centro llen\u00f3 la calle Panam\u00e1\" \/>\n<meta property=\"og:url\" content=\"https:\/\/www.uartes.edu.ec\/sitio\/en\/blog\/2025\/06\/30\/la-fiesta-de-la-salsa-que-organizo-la-uartes-en-el-marco-de-la-ruta-centro-lleno-la-calle-panama\/\" \/>\n<meta property=\"og:site_name\" content=\"Universidad de las Artes\" \/>\n<meta property=\"article:publisher\" content=\"https:\/\/www.facebook.com\/uartesec\" \/>\n<meta property=\"article:published_time\" content=\"2025-06-30T19:33:00+00:00\" \/>\n<meta property=\"article:modified_time\" content=\"2025-07-13T20:12:16+00:00\" \/>\n<meta property=\"og:image\" content=\"https:\/\/www.uartes.edu.ec\/sitio\/wp-content\/uploads\/2025\/06\/Proyecto-Cambiar-tamano-de-imagen-2025-06-30T174503.227-644x429.jpeg\" \/>\n\t<meta property=\"og:image:width\" content=\"644\" \/>\n\t<meta property=\"og:image:height\" content=\"429\" \/>\n\t<meta property=\"og:image:type\" content=\"image\/jpeg\" \/>\n<meta name=\"author\" content=\"ccortez\" \/>\n<meta name=\"twitter:card\" content=\"summary_large_image\" \/>\n<meta name=\"twitter:creator\" content=\"@uartesec\" \/>\n<meta name=\"twitter:site\" content=\"@uartesec\" \/>\n<meta name=\"twitter:label1\" content=\"Written by\" \/>\n\t<meta name=\"twitter:data1\" content=\"ccortez\" \/>\n\t<meta name=\"twitter:label2\" content=\"Est. reading time\" \/>\n\t<meta name=\"twitter:data2\" content=\"4 minutes\" \/>\n<script type=\"application\/ld+json\" class=\"yoast-schema-graph\">{\"@context\":\"https:\\\/\\\/schema.org\",\"@graph\":[{\"@type\":\"Article\",\"@id\":\"https:\\\/\\\/www.uartes.edu.ec\\\/sitio\\\/en\\\/blog\\\/2025\\\/06\\\/30\\\/la-fiesta-de-la-salsa-que-organizo-la-uartes-en-el-marco-de-la-ruta-centro-lleno-la-calle-panama\\\/#article\",\"isPartOf\":{\"@id\":\"https:\\\/\\\/www.uartes.edu.ec\\\/sitio\\\/en\\\/blog\\\/2025\\\/06\\\/30\\\/la-fiesta-de-la-salsa-que-organizo-la-uartes-en-el-marco-de-la-ruta-centro-lleno-la-calle-panama\\\/\"},\"author\":{\"name\":\"ccortez\",\"@id\":\"https:\\\/\\\/www.uartes.edu.ec\\\/sitio\\\/en\\\/#\\\/schema\\\/person\\\/efa1b8275797664fd7f13a79ccc0b1f4\"},\"headline\":\"Fiesta de la Salsa que realiz\u00f3 la UArtes en la Ruta Centro llen\u00f3 la calle Panam\u00e1\",\"datePublished\":\"2025-06-30T19:33:00+00:00\",\"dateModified\":\"2025-07-13T20:12:16+00:00\",\"mainEntityOfPage\":{\"@id\":\"https:\\\/\\\/www.uartes.edu.ec\\\/sitio\\\/en\\\/blog\\\/2025\\\/06\\\/30\\\/la-fiesta-de-la-salsa-que-organizo-la-uartes-en-el-marco-de-la-ruta-centro-lleno-la-calle-panama\\\/\"},\"wordCount\":786,\"commentCount\":0,\"publisher\":{\"@id\":\"https:\\\/\\\/www.uartes.edu.ec\\\/sitio\\\/en\\\/#organization\"},\"image\":{\"@id\":\"https:\\\/\\\/www.uartes.edu.ec\\\/sitio\\\/en\\\/blog\\\/2025\\\/06\\\/30\\\/la-fiesta-de-la-salsa-que-organizo-la-uartes-en-el-marco-de-la-ruta-centro-lleno-la-calle-panama\\\/#primaryimage\"},\"thumbnailUrl\":\"https:\\\/\\\/www.uartes.edu.ec\\\/sitio\\\/wp-content\\\/uploads\\\/2025\\\/06\\\/Proyecto-Cambiar-tamano-de-imagen-2025-06-30T174503.227.jpeg\",\"keywords\":[\"producci\u00f3n\"],\"articleSection\":[\"Administrativos\",\"Alumni\",\"Artes\",\"Gesti\u00f3n\"],\"inLanguage\":\"en-US\",\"potentialAction\":[{\"@type\":\"CommentAction\",\"name\":\"Comment\",\"target\":[\"https:\\\/\\\/www.uartes.edu.ec\\\/sitio\\\/en\\\/blog\\\/2025\\\/06\\\/30\\\/la-fiesta-de-la-salsa-que-organizo-la-uartes-en-el-marco-de-la-ruta-centro-lleno-la-calle-panama\\\/#respond\"]}]},{\"@type\":[\"WebPage\",\"ItemPage\"],\"@id\":\"https:\\\/\\\/www.uartes.edu.ec\\\/sitio\\\/en\\\/blog\\\/2025\\\/06\\\/30\\\/la-fiesta-de-la-salsa-que-organizo-la-uartes-en-el-marco-de-la-ruta-centro-lleno-la-calle-panama\\\/\",\"url\":\"https:\\\/\\\/www.uartes.edu.ec\\\/sitio\\\/en\\\/blog\\\/2025\\\/06\\\/30\\\/la-fiesta-de-la-salsa-que-organizo-la-uartes-en-el-marco-de-la-ruta-centro-lleno-la-calle-panama\\\/\",\"name\":\"Universidad de las Artes - Fiesta de la Salsa que realiz\u00f3 la UArtes en la Ruta Centro llen\u00f3 la calle Panam\u00e1\",\"isPartOf\":{\"@id\":\"https:\\\/\\\/www.uartes.edu.ec\\\/sitio\\\/en\\\/#website\"},\"primaryImageOfPage\":{\"@id\":\"https:\\\/\\\/www.uartes.edu.ec\\\/sitio\\\/en\\\/blog\\\/2025\\\/06\\\/30\\\/la-fiesta-de-la-salsa-que-organizo-la-uartes-en-el-marco-de-la-ruta-centro-lleno-la-calle-panama\\\/#primaryimage\"},\"image\":{\"@id\":\"https:\\\/\\\/www.uartes.edu.ec\\\/sitio\\\/en\\\/blog\\\/2025\\\/06\\\/30\\\/la-fiesta-de-la-salsa-que-organizo-la-uartes-en-el-marco-de-la-ruta-centro-lleno-la-calle-panama\\\/#primaryimage\"},\"thumbnailUrl\":\"https:\\\/\\\/www.uartes.edu.ec\\\/sitio\\\/wp-content\\\/uploads\\\/2025\\\/06\\\/Proyecto-Cambiar-tamano-de-imagen-2025-06-30T174503.227.jpeg\",\"datePublished\":\"2025-06-30T19:33:00+00:00\",\"dateModified\":\"2025-07-13T20:12:16+00:00\",\"description\":\"Universidad de las Artes - Fiesta de la Salsa que realiz\u00f3 la UArtes en la Ruta Centro llen\u00f3 la calle Panam\u00e1\",\"breadcrumb\":{\"@id\":\"https:\\\/\\\/www.uartes.edu.ec\\\/sitio\\\/en\\\/blog\\\/2025\\\/06\\\/30\\\/la-fiesta-de-la-salsa-que-organizo-la-uartes-en-el-marco-de-la-ruta-centro-lleno-la-calle-panama\\\/#breadcrumb\"},\"inLanguage\":\"en-US\",\"potentialAction\":[{\"@type\":\"ReadAction\",\"target\":[\"https:\\\/\\\/www.uartes.edu.ec\\\/sitio\\\/en\\\/blog\\\/2025\\\/06\\\/30\\\/la-fiesta-de-la-salsa-que-organizo-la-uartes-en-el-marco-de-la-ruta-centro-lleno-la-calle-panama\\\/\"]}]},{\"@type\":\"ImageObject\",\"inLanguage\":\"en-US\",\"@id\":\"https:\\\/\\\/www.uartes.edu.ec\\\/sitio\\\/en\\\/blog\\\/2025\\\/06\\\/30\\\/la-fiesta-de-la-salsa-que-organizo-la-uartes-en-el-marco-de-la-ruta-centro-lleno-la-calle-panama\\\/#primaryimage\",\"url\":\"https:\\\/\\\/www.uartes.edu.ec\\\/sitio\\\/wp-content\\\/uploads\\\/2025\\\/06\\\/Proyecto-Cambiar-tamano-de-imagen-2025-06-30T174503.227.jpeg\",\"contentUrl\":\"https:\\\/\\\/www.uartes.edu.ec\\\/sitio\\\/wp-content\\\/uploads\\\/2025\\\/06\\\/Proyecto-Cambiar-tamano-de-imagen-2025-06-30T174503.227.jpeg\",\"width\":2000,\"height\":1333},{\"@type\":\"BreadcrumbList\",\"@id\":\"https:\\\/\\\/www.uartes.edu.ec\\\/sitio\\\/en\\\/blog\\\/2025\\\/06\\\/30\\\/la-fiesta-de-la-salsa-que-organizo-la-uartes-en-el-marco-de-la-ruta-centro-lleno-la-calle-panama\\\/#breadcrumb\",\"itemListElement\":[{\"@type\":\"ListItem\",\"position\":1,\"name\":\"Inicio\",\"item\":\"https:\\\/\\\/www.uartes.edu.ec\\\/sitio\\\/\"},{\"@type\":\"ListItem\",\"position\":2,\"name\":\"Fiesta de la Salsa que realiz\u00f3 la UArtes en la Ruta Centro llen\u00f3 la calle Panam\u00e1\"}]},{\"@type\":\"WebSite\",\"@id\":\"https:\\\/\\\/www.uartes.edu.ec\\\/sitio\\\/en\\\/#website\",\"url\":\"https:\\\/\\\/www.uartes.edu.ec\\\/sitio\\\/en\\\/\",\"name\":\"Universidad de las Artes\",\"description\":\"Sitio oficial de la Universidad Nacional de las Artes del Ecuador\",\"publisher\":{\"@id\":\"https:\\\/\\\/www.uartes.edu.ec\\\/sitio\\\/en\\\/#organization\"},\"potentialAction\":[{\"@type\":\"SearchAction\",\"target\":{\"@type\":\"EntryPoint\",\"urlTemplate\":\"https:\\\/\\\/www.uartes.edu.ec\\\/sitio\\\/en\\\/?s={search_term_string}\"},\"query-input\":{\"@type\":\"PropertyValueSpecification\",\"valueRequired\":true,\"valueName\":\"search_term_string\"}}],\"inLanguage\":\"en-US\"},{\"@type\":\"Organization\",\"@id\":\"https:\\\/\\\/www.uartes.edu.ec\\\/sitio\\\/en\\\/#organization\",\"name\":\"Universidad de las Artes\",\"url\":\"https:\\\/\\\/www.uartes.edu.ec\\\/sitio\\\/en\\\/\",\"logo\":{\"@type\":\"ImageObject\",\"inLanguage\":\"en-US\",\"@id\":\"https:\\\/\\\/www.uartes.edu.ec\\\/sitio\\\/en\\\/#\\\/schema\\\/logo\\\/image\\\/\",\"url\":\"https:\\\/\\\/www.uartes.edu.ec\\\/sitio\\\/wp-content\\\/uploads\\\/2022\\\/07\\\/logo-ua-horizontal.png\",\"contentUrl\":\"https:\\\/\\\/www.uartes.edu.ec\\\/sitio\\\/wp-content\\\/uploads\\\/2022\\\/07\\\/logo-ua-horizontal.png\",\"width\":800,\"height\":276,\"caption\":\"Universidad de las Artes\"},\"image\":{\"@id\":\"https:\\\/\\\/www.uartes.edu.ec\\\/sitio\\\/en\\\/#\\\/schema\\\/logo\\\/image\\\/\"},\"sameAs\":[\"https:\\\/\\\/www.facebook.com\\\/uartesec\",\"https:\\\/\\\/x.com\\\/uartesec\",\"https:\\\/\\\/www.tiktok.com\\\/@uartesec\"]},{\"@type\":\"Person\",\"@id\":\"https:\\\/\\\/www.uartes.edu.ec\\\/sitio\\\/en\\\/#\\\/schema\\\/person\\\/efa1b8275797664fd7f13a79ccc0b1f4\",\"name\":\"ccortez\",\"image\":{\"@type\":\"ImageObject\",\"inLanguage\":\"en-US\",\"@id\":\"https:\\\/\\\/secure.gravatar.com\\\/avatar\\\/b2a6f664a3ae8e074346ef91775736c5ec479e637ecced6842de9dc98b5da9cd?s=96&d=mm&r=g\",\"url\":\"https:\\\/\\\/secure.gravatar.com\\\/avatar\\\/b2a6f664a3ae8e074346ef91775736c5ec479e637ecced6842de9dc98b5da9cd?s=96&d=mm&r=g\",\"contentUrl\":\"https:\\\/\\\/secure.gravatar.com\\\/avatar\\\/b2a6f664a3ae8e074346ef91775736c5ec479e637ecced6842de9dc98b5da9cd?s=96&d=mm&r=g\",\"caption\":\"ccortez\"},\"url\":\"https:\\\/\\\/www.uartes.edu.ec\\\/sitio\\\/en\\\/blog\\\/author\\\/ccortez\\\/\"}]}<\/script>\n<!-- \/ Yoast SEO plugin. -->","yoast_head_json":{"title":"Universidad de las Artes - Fiesta de la Salsa que realiz\u00f3 la UArtes en la Ruta Centro llen\u00f3 la calle Panam\u00e1","description":"Universidad de las Artes - Fiesta de la Salsa que realiz\u00f3 la UArtes en la Ruta Centro llen\u00f3 la calle Panam\u00e1","robots":{"index":"index","follow":"follow","max-snippet":"max-snippet:-1","max-image-preview":"max-image-preview:large","max-video-preview":"max-video-preview:-1"},"canonical":"https:\/\/www.uartes.edu.ec\/sitio\/en\/blog\/2025\/06\/30\/la-fiesta-de-la-salsa-que-organizo-la-uartes-en-el-marco-de-la-ruta-centro-lleno-la-calle-panama\/","og_locale":"en_US","og_type":"article","og_title":"Universidad de las Artes - Fiesta de la Salsa que realiz\u00f3 la UArtes en la Ruta Centro llen\u00f3 la calle Panam\u00e1","og_description":"Universidad de las Artes - Fiesta de la Salsa que realiz\u00f3 la UArtes en la Ruta Centro llen\u00f3 la calle Panam\u00e1","og_url":"https:\/\/www.uartes.edu.ec\/sitio\/en\/blog\/2025\/06\/30\/la-fiesta-de-la-salsa-que-organizo-la-uartes-en-el-marco-de-la-ruta-centro-lleno-la-calle-panama\/","og_site_name":"Universidad de las Artes","article_publisher":"https:\/\/www.facebook.com\/uartesec","article_published_time":"2025-06-30T19:33:00+00:00","article_modified_time":"2025-07-13T20:12:16+00:00","og_image":[{"width":644,"height":429,"url":"https:\/\/www.uartes.edu.ec\/sitio\/wp-content\/uploads\/2025\/06\/Proyecto-Cambiar-tamano-de-imagen-2025-06-30T174503.227-644x429.jpeg","type":"image\/jpeg"}],"author":"ccortez","twitter_card":"summary_large_image","twitter_creator":"@uartesec","twitter_site":"@uartesec","twitter_misc":{"Written by":"ccortez","Est. reading time":"4 minutes"},"schema":{"@context":"https:\/\/schema.org","@graph":[{"@type":"Article","@id":"https:\/\/www.uartes.edu.ec\/sitio\/en\/blog\/2025\/06\/30\/la-fiesta-de-la-salsa-que-organizo-la-uartes-en-el-marco-de-la-ruta-centro-lleno-la-calle-panama\/#article","isPartOf":{"@id":"https:\/\/www.uartes.edu.ec\/sitio\/en\/blog\/2025\/06\/30\/la-fiesta-de-la-salsa-que-organizo-la-uartes-en-el-marco-de-la-ruta-centro-lleno-la-calle-panama\/"},"author":{"name":"ccortez","@id":"https:\/\/www.uartes.edu.ec\/sitio\/en\/#\/schema\/person\/efa1b8275797664fd7f13a79ccc0b1f4"},"headline":"Fiesta de la Salsa que realiz\u00f3 la UArtes en la Ruta Centro llen\u00f3 la calle Panam\u00e1","datePublished":"2025-06-30T19:33:00+00:00","dateModified":"2025-07-13T20:12:16+00:00","mainEntityOfPage":{"@id":"https:\/\/www.uartes.edu.ec\/sitio\/en\/blog\/2025\/06\/30\/la-fiesta-de-la-salsa-que-organizo-la-uartes-en-el-marco-de-la-ruta-centro-lleno-la-calle-panama\/"},"wordCount":786,"commentCount":0,"publisher":{"@id":"https:\/\/www.uartes.edu.ec\/sitio\/en\/#organization"},"image":{"@id":"https:\/\/www.uartes.edu.ec\/sitio\/en\/blog\/2025\/06\/30\/la-fiesta-de-la-salsa-que-organizo-la-uartes-en-el-marco-de-la-ruta-centro-lleno-la-calle-panama\/#primaryimage"},"thumbnailUrl":"https:\/\/www.uartes.edu.ec\/sitio\/wp-content\/uploads\/2025\/06\/Proyecto-Cambiar-tamano-de-imagen-2025-06-30T174503.227.jpeg","keywords":["producci\u00f3n"],"articleSection":["Administrativos","Alumni","Artes","Gesti\u00f3n"],"inLanguage":"en-US","potentialAction":[{"@type":"CommentAction","name":"Comment","target":["https:\/\/www.uartes.edu.ec\/sitio\/en\/blog\/2025\/06\/30\/la-fiesta-de-la-salsa-que-organizo-la-uartes-en-el-marco-de-la-ruta-centro-lleno-la-calle-panama\/#respond"]}]},{"@type":["WebPage","ItemPage"],"@id":"https:\/\/www.uartes.edu.ec\/sitio\/en\/blog\/2025\/06\/30\/la-fiesta-de-la-salsa-que-organizo-la-uartes-en-el-marco-de-la-ruta-centro-lleno-la-calle-panama\/","url":"https:\/\/www.uartes.edu.ec\/sitio\/en\/blog\/2025\/06\/30\/la-fiesta-de-la-salsa-que-organizo-la-uartes-en-el-marco-de-la-ruta-centro-lleno-la-calle-panama\/","name":"Universidad de las Artes - Fiesta de la Salsa que realiz\u00f3 la UArtes en la Ruta Centro llen\u00f3 la calle Panam\u00e1","isPartOf":{"@id":"https:\/\/www.uartes.edu.ec\/sitio\/en\/#website"},"primaryImageOfPage":{"@id":"https:\/\/www.uartes.edu.ec\/sitio\/en\/blog\/2025\/06\/30\/la-fiesta-de-la-salsa-que-organizo-la-uartes-en-el-marco-de-la-ruta-centro-lleno-la-calle-panama\/#primaryimage"},"image":{"@id":"https:\/\/www.uartes.edu.ec\/sitio\/en\/blog\/2025\/06\/30\/la-fiesta-de-la-salsa-que-organizo-la-uartes-en-el-marco-de-la-ruta-centro-lleno-la-calle-panama\/#primaryimage"},"thumbnailUrl":"https:\/\/www.uartes.edu.ec\/sitio\/wp-content\/uploads\/2025\/06\/Proyecto-Cambiar-tamano-de-imagen-2025-06-30T174503.227.jpeg","datePublished":"2025-06-30T19:33:00+00:00","dateModified":"2025-07-13T20:12:16+00:00","description":"Universidad de las Artes - Fiesta de la Salsa que realiz\u00f3 la UArtes en la Ruta Centro llen\u00f3 la calle Panam\u00e1","breadcrumb":{"@id":"https:\/\/www.uartes.edu.ec\/sitio\/en\/blog\/2025\/06\/30\/la-fiesta-de-la-salsa-que-organizo-la-uartes-en-el-marco-de-la-ruta-centro-lleno-la-calle-panama\/#breadcrumb"},"inLanguage":"en-US","potentialAction":[{"@type":"ReadAction","target":["https:\/\/www.uartes.edu.ec\/sitio\/en\/blog\/2025\/06\/30\/la-fiesta-de-la-salsa-que-organizo-la-uartes-en-el-marco-de-la-ruta-centro-lleno-la-calle-panama\/"]}]},{"@type":"ImageObject","inLanguage":"en-US","@id":"https:\/\/www.uartes.edu.ec\/sitio\/en\/blog\/2025\/06\/30\/la-fiesta-de-la-salsa-que-organizo-la-uartes-en-el-marco-de-la-ruta-centro-lleno-la-calle-panama\/#primaryimage","url":"https:\/\/www.uartes.edu.ec\/sitio\/wp-content\/uploads\/2025\/06\/Proyecto-Cambiar-tamano-de-imagen-2025-06-30T174503.227.jpeg","contentUrl":"https:\/\/www.uartes.edu.ec\/sitio\/wp-content\/uploads\/2025\/06\/Proyecto-Cambiar-tamano-de-imagen-2025-06-30T174503.227.jpeg","width":2000,"height":1333},{"@type":"BreadcrumbList","@id":"https:\/\/www.uartes.edu.ec\/sitio\/en\/blog\/2025\/06\/30\/la-fiesta-de-la-salsa-que-organizo-la-uartes-en-el-marco-de-la-ruta-centro-lleno-la-calle-panama\/#breadcrumb","itemListElement":[{"@type":"ListItem","position":1,"name":"Inicio","item":"https:\/\/www.uartes.edu.ec\/sitio\/"},{"@type":"ListItem","position":2,"name":"Fiesta de la Salsa que realiz\u00f3 la UArtes en la Ruta Centro llen\u00f3 la calle Panam\u00e1"}]},{"@type":"WebSite","@id":"https:\/\/www.uartes.edu.ec\/sitio\/en\/#website","url":"https:\/\/www.uartes.edu.ec\/sitio\/en\/","name":"Universidad de las Artes","description":"Sitio oficial de la Universidad Nacional de las Artes del Ecuador","publisher":{"@id":"https:\/\/www.uartes.edu.ec\/sitio\/en\/#organization"},"potentialAction":[{"@type":"SearchAction","target":{"@type":"EntryPoint","urlTemplate":"https:\/\/www.uartes.edu.ec\/sitio\/en\/?s={search_term_string}"},"query-input":{"@type":"PropertyValueSpecification","valueRequired":true,"valueName":"search_term_string"}}],"inLanguage":"en-US"},{"@type":"Organization","@id":"https:\/\/www.uartes.edu.ec\/sitio\/en\/#organization","name":"Universidad de las Artes","url":"https:\/\/www.uartes.edu.ec\/sitio\/en\/","logo":{"@type":"ImageObject","inLanguage":"en-US","@id":"https:\/\/www.uartes.edu.ec\/sitio\/en\/#\/schema\/logo\/image\/","url":"https:\/\/www.uartes.edu.ec\/sitio\/wp-content\/uploads\/2022\/07\/logo-ua-horizontal.png","contentUrl":"https:\/\/www.uartes.edu.ec\/sitio\/wp-content\/uploads\/2022\/07\/logo-ua-horizontal.png","width":800,"height":276,"caption":"Universidad de las Artes"},"image":{"@id":"https:\/\/www.uartes.edu.ec\/sitio\/en\/#\/schema\/logo\/image\/"},"sameAs":["https:\/\/www.facebook.com\/uartesec","https:\/\/x.com\/uartesec","https:\/\/www.tiktok.com\/@uartesec"]},{"@type":"Person","@id":"https:\/\/www.uartes.edu.ec\/sitio\/en\/#\/schema\/person\/efa1b8275797664fd7f13a79ccc0b1f4","name":"ccortez","image":{"@type":"ImageObject","inLanguage":"en-US","@id":"https:\/\/secure.gravatar.com\/avatar\/b2a6f664a3ae8e074346ef91775736c5ec479e637ecced6842de9dc98b5da9cd?s=96&d=mm&r=g","url":"https:\/\/secure.gravatar.com\/avatar\/b2a6f664a3ae8e074346ef91775736c5ec479e637ecced6842de9dc98b5da9cd?s=96&d=mm&r=g","contentUrl":"https:\/\/secure.gravatar.com\/avatar\/b2a6f664a3ae8e074346ef91775736c5ec479e637ecced6842de9dc98b5da9cd?s=96&d=mm&r=g","caption":"ccortez"},"url":"https:\/\/www.uartes.edu.ec\/sitio\/en\/blog\/author\/ccortez\/"}]}},"uagb_featured_image_src":{"full":["https:\/\/www.uartes.edu.ec\/sitio\/wp-content\/uploads\/2025\/06\/Proyecto-Cambiar-tamano-de-imagen-2025-06-30T174503.227.jpeg",2000,1333,false],"thumbnail":["https:\/\/www.uartes.edu.ec\/sitio\/wp-content\/uploads\/2025\/06\/Proyecto-Cambiar-tamano-de-imagen-2025-06-30T174503.227-150x150.jpeg",150,150,true],"medium":["https:\/\/www.uartes.edu.ec\/sitio\/wp-content\/uploads\/2025\/06\/Proyecto-Cambiar-tamano-de-imagen-2025-06-30T174503.227-300x200.jpeg",300,200,true],"medium_large":["https:\/\/www.uartes.edu.ec\/sitio\/wp-content\/uploads\/2025\/06\/Proyecto-Cambiar-tamano-de-imagen-2025-06-30T174503.227-768x512.jpeg",768,512,true],"large":["https:\/\/www.uartes.edu.ec\/sitio\/wp-content\/uploads\/2025\/06\/Proyecto-Cambiar-tamano-de-imagen-2025-06-30T174503.227-644x429.jpeg",644,429,true],"1536x1536":["https:\/\/www.uartes.edu.ec\/sitio\/wp-content\/uploads\/2025\/06\/Proyecto-Cambiar-tamano-de-imagen-2025-06-30T174503.227-1536x1024.jpeg",1536,1024,true],"2048x2048":["https:\/\/www.uartes.edu.ec\/sitio\/wp-content\/uploads\/2025\/06\/Proyecto-Cambiar-tamano-de-imagen-2025-06-30T174503.227.jpeg",2000,1333,false],"trp-custom-language-flag":["https:\/\/www.uartes.edu.ec\/sitio\/wp-content\/uploads\/2025\/06\/Proyecto-Cambiar-tamano-de-imagen-2025-06-30T174503.227-18x12.jpeg",18,12,true],"htmega_size_585x295":["https:\/\/www.uartes.edu.ec\/sitio\/wp-content\/uploads\/2025\/06\/Proyecto-Cambiar-tamano-de-imagen-2025-06-30T174503.227-585x295.jpeg",585,295,true],"htmega_size_1170x536":["https:\/\/www.uartes.edu.ec\/sitio\/wp-content\/uploads\/2025\/06\/Proyecto-Cambiar-tamano-de-imagen-2025-06-30T174503.227-1170x536.jpeg",1170,536,true],"htmega_size_396x360":["https:\/\/www.uartes.edu.ec\/sitio\/wp-content\/uploads\/2025\/06\/Proyecto-Cambiar-tamano-de-imagen-2025-06-30T174503.227-396x360.jpeg",396,360,true],"gb-block-post-grid-landscape":["https:\/\/www.uartes.edu.ec\/sitio\/wp-content\/uploads\/2025\/06\/Proyecto-Cambiar-tamano-de-imagen-2025-06-30T174503.227-600x400.jpeg",600,400,true],"gb-block-post-grid-square":["https:\/\/www.uartes.edu.ec\/sitio\/wp-content\/uploads\/2025\/06\/Proyecto-Cambiar-tamano-de-imagen-2025-06-30T174503.227-600x600.jpeg",600,600,true],"university-hub-thumb":["https:\/\/www.uartes.edu.ec\/sitio\/wp-content\/uploads\/2025\/06\/Proyecto-Cambiar-tamano-de-imagen-2025-06-30T174503.227-400x267.jpeg",400,267,true]},"uagb_author_info":{"display_name":"ccortez","author_link":"https:\/\/www.uartes.edu.ec\/sitio\/en\/blog\/author\/ccortez\/"},"uagb_comment_info":0,"uagb_excerpt":"\u00a1Nos tomamos la calle Panam\u00e1! Por tercera ocasi\u00f3n la Universidad de las Artes organiz\u00f3 las presentaciones art\u00edsticas y culturales de fin de mes, en el marco de la Ruta Centro del Municipio de Guayaquil, una iniciativa para peatonalizar las calles del coraz\u00f3n de la ciudad y recuperar los espacios p\u00fablicos. Este domingo 29 de junio,&hellip;","featured_image_src":"https:\/\/www.uartes.edu.ec\/sitio\/wp-content\/uploads\/2025\/06\/Proyecto-Cambiar-tamano-de-imagen-2025-06-30T174503.227-600x400.jpeg","featured_image_src_square":"https:\/\/www.uartes.edu.ec\/sitio\/wp-content\/uploads\/2025\/06\/Proyecto-Cambiar-tamano-de-imagen-2025-06-30T174503.227-600x600.jpeg","author_info":{"display_name":"ccortez","author_link":"https:\/\/www.uartes.edu.ec\/sitio\/en\/blog\/author\/ccortez\/"},"publishpress_future_workflow_manual_trigger":{"enabledWorkflows":[]},"distributor_meta":false,"distributor_terms":false,"distributor_media":false,"distributor_original_site_name":"Universidad de las Artes","distributor_original_site_url":"https:\/\/www.uartes.edu.ec\/sitio\/en","push-errors":false,"_links":{"self":[{"href":"https:\/\/www.uartes.edu.ec\/sitio\/en\/wp-json\/wp\/v2\/posts\/74344","targetHints":{"allow":["GET"]}}],"collection":[{"href":"https:\/\/www.uartes.edu.ec\/sitio\/en\/wp-json\/wp\/v2\/posts"}],"about":[{"href":"https:\/\/www.uartes.edu.ec\/sitio\/en\/wp-json\/wp\/v2\/types\/post"}],"author":[{"embeddable":true,"href":"https:\/\/www.uartes.edu.ec\/sitio\/en\/wp-json\/wp\/v2\/users\/10"}],"replies":[{"embeddable":true,"href":"https:\/\/www.uartes.edu.ec\/sitio\/en\/wp-json\/wp\/v2\/comments?post=74344"}],"version-history":[{"count":5,"href":"https:\/\/www.uartes.edu.ec\/sitio\/en\/wp-json\/wp\/v2\/posts\/74344\/revisions"}],"predecessor-version":[{"id":74711,"href":"https:\/\/www.uartes.edu.ec\/sitio\/en\/wp-json\/wp\/v2\/posts\/74344\/revisions\/74711"}],"wp:featuredmedia":[{"embeddable":true,"href":"https:\/\/www.uartes.edu.ec\/sitio\/en\/wp-json\/wp\/v2\/media\/74378"}],"wp:attachment":[{"href":"https:\/\/www.uartes.edu.ec\/sitio\/en\/wp-json\/wp\/v2\/media?parent=74344"}],"wp:term":[{"taxonomy":"category","embeddable":true,"href":"https:\/\/www.uartes.edu.ec\/sitio\/en\/wp-json\/wp\/v2\/categories?post=74344"},{"taxonomy":"post_tag","embeddable":true,"href":"https:\/\/www.uartes.edu.ec\/sitio\/en\/wp-json\/wp\/v2\/tags?post=74344"},{"taxonomy":"infouartes","embeddable":true,"href":"https:\/\/www.uartes.edu.ec\/sitio\/en\/wp-json\/wp\/v2\/infouartes?post=74344"}],"curies":[{"name":"wp","href":"https:\/\/api.w.org\/{rel}","templated":true}]}}