{"id":74682,"date":"2025-07-01T12:21:00","date_gmt":"2025-07-01T17:21:00","guid":{"rendered":"https:\/\/www.uartes.edu.ec\/sitio\/?p=74682"},"modified":"2025-07-13T15:12:59","modified_gmt":"2025-07-13T20:12:59","slug":"proyecto-de-vinculacion-con-la-sociedad-paz-potencia-sus-ejes-de-accion-con-talleres-y-activaciones-en-territorio","status":"publish","type":"post","link":"https:\/\/www.uartes.edu.ec\/sitio\/en\/blog\/2025\/07\/01\/proyecto-de-vinculacion-con-la-sociedad-paz-potencia-sus-ejes-de-accion-con-talleres-y-activaciones-en-territorio\/","title":{"rendered":"Proyecto de vinculaci\u00f3n con la sociedad \u201cPaz\u201d potencia sus ejes de acci\u00f3n con varios talleres y activaciones en territorio"},"content":{"rendered":"<p>\u201cPaz: Pedagog\u00edas en artes para la transformaci\u00f3n social en sectores en condici\u00f3n de vulnerabilidad\u201d. El proyecto de vinculaci\u00f3n con la sociedad que dirige el docente Jorge Tigrero evolucion\u00f3 de \u00c1nima, otra iniciativa que tambi\u00e9n desarroll\u00f3 talleres para la comunidad con \u00e9nfasis lo cultural, pedag\u00f3gico y art\u00edstico.<\/p>\n\n\n\n<p>Jorge Tigrero comenta que junto a otros docentes y estudiantes est\u00e1n potenciando sus diferentes ejes de acci\u00f3n. Con el apoyo de la Sala R\u00eda de la Biblioteca de las Artes, por ejemplo, se mantienen activos varios talleres; son de escritura creativa, cuento, danza y m\u00fasica.<\/p>\n\n\n\n<p>Indica tambi\u00e9n que, as\u00ed como con \u00c1nima, se han desarrollado acciones conjuntas con el Consejo de Participaci\u00f3n Ciudadana y Control Social (CPCCS). Es un trabajo colaborativo, pues nuestros estudiantes no solo dictan talleres y cumplen con ellos sus horas de vinculaci\u00f3n con la sociedad, sino que reciben formaci\u00f3n.<\/p>\n\n\n\n<p>La Universidad de las Artes mantienen un convenio con el CPCCS y en ese marco los estudiantes reciben m\u00f3dulos de formaci\u00f3n que repercuten en la entrega de certificados formales de horas de pr\u00e1cticas preprofesionales, lo cual tambi\u00e9n aporta a sus hojas de vida.<\/p>\n\n\n\n<p>Como parte de la formaci\u00f3n para fomentar la participaci\u00f3n ciudadana, Tigrero destaca el trabajo que se realiza en territorio, espec\u00edficamente de Las Malvinas, en el Sur de la ciudad. All\u00ed, el estudiante de la carrera de Danza, Joao Robayo, dirige el colectivo Malviartes.<\/p>\n\n\n\n<p>\u201cSe han desarrollado algunas actividades, como presentaciones constantes de su agrupaci\u00f3n danc\u00edstica, conformada por ni\u00f1os, ni\u00f1as y adolescentes del sector, en diferentes espacios de Guayaquil, en eventos de la Prefectura del Guayas y de la Alcald\u00eda\u201d, manifiesta Tigrero.<\/p>\n\n\n\n<p>Agrega que los integrantes del colectivo Malviartes tambi\u00e9n han recibido talleres de formaci\u00f3n del Consejo de Participaci\u00f3n Ciudadana y Control Social.<\/p>\n\n\n\n<p>Otras de las comunidades con las cuales se trabaja en el marco de la vinculaci\u00f3n con la sociedad es Juan Montalvo, a trav\u00e9s de la Fundaci\u00f3n Sin L\u00edmites y en conjunto tejen la iniciativa de desarrollar el Festival Paz, en agosto pr\u00f3ximo. El Coro \u00c1nima, que es parte del proyecto Paz, tendr\u00e1 participaci\u00f3n.<\/p>\n\n\n\n<p>La agrupaci\u00f3n coral, que integran adultos mayores y dirige la docente Yanella Duarte, surgi\u00f3 cuando el proyecto se denominaba \u00c1nima. \u201cEn este festival vamos a crear un espacio para toda la comunidad, con la intervenci\u00f3n de todos los grupos, habr\u00e1 tambi\u00e9n una feria de emprendimiento\u201d, refiere Tigrero. El docente destaca que Paz es uno de los proyectos UArtes seleccionados para financiamiento, lo cual refuerza uno de sus objetivos, que es potenciar el talento y trabajo de estudiantes y graduados.<\/p>","protected":false},"excerpt":{"rendered":"<p>\u201cPaz: Pedagog\u00edas en artes para la transformaci\u00f3n social en sectores en condici\u00f3n de vulnerabilidad\u201d. El proyecto que dirige el docente Jorge Tigrero evolucion\u00f3 de \u00c1nima, otra iniciativa que tambi\u00e9n desarroll\u00f3 talleres para la comunidad con \u00e9nfasis en lo cultural, pedag\u00f3gico y art\u00edstico. Mantiene activos procesos formativos en la Sala R\u00eda y trabaja colaborativamente con el CPCCS y en los sectores de Las Malvinas y Juan Montalvo.<\/p>","protected":false},"author":10,"featured_media":74683,"comment_status":"open","ping_status":"open","sticky":false,"template":"","format":"standard","meta":{"_acf_changed":false,"_uag_custom_page_level_css":"","_monsterinsights_skip_tracking":false,"_monsterinsights_sitenote_active":false,"_monsterinsights_sitenote_note":"","_monsterinsights_sitenote_category":0,"cybocfi_hide_featured_image":"","footnotes":""},"categories":[82,159,150,157,147,75,76,175,79],"tags":[1054],"infouartes":[],"class_list":["post-74682","post","type-post","status-publish","format-standard","has-post-thumbnail","hentry","category-artes","category-artes-escenicas","category-artes-sonoras","category-artes-visuales","category-cine","category-docentes","category-estudiantes","category-literatura","category-vinculo","tag-formacion"],"acf":[],"yoast_head":"<!-- This site is optimized with the Yoast SEO plugin v27.4 - https:\/\/yoast.com\/product\/yoast-seo-wordpress\/ -->\n<title>Universidad de las Artes - Proyecto de vinculaci\u00f3n con la sociedad \u201cPaz\u201d potencia sus ejes de acci\u00f3n con varios talleres y activaciones en territorio<\/title>\n<meta name=\"description\" content=\"Universidad de las Artes - Proyecto de vinculaci\u00f3n con la sociedad \u201cPaz\u201d potencia sus ejes de acci\u00f3n con varios talleres y activaciones en territorio\" \/>\n<meta name=\"robots\" content=\"index, follow, max-snippet:-1, max-image-preview:large, max-video-preview:-1\" \/>\n<link rel=\"canonical\" href=\"https:\/\/www.uartes.edu.ec\/sitio\/en\/blog\/2025\/07\/01\/proyecto-de-vinculacion-con-la-sociedad-paz-potencia-sus-ejes-de-accion-con-talleres-y-activaciones-en-territorio\/\" \/>\n<meta property=\"og:locale\" content=\"en_US\" \/>\n<meta property=\"og:type\" content=\"article\" \/>\n<meta property=\"og:title\" content=\"Universidad de las Artes - Proyecto de vinculaci\u00f3n con la sociedad \u201cPaz\u201d potencia sus ejes de acci\u00f3n con varios talleres y activaciones en territorio\" \/>\n<meta property=\"og:description\" content=\"Universidad de las Artes - Proyecto de vinculaci\u00f3n con la sociedad \u201cPaz\u201d potencia sus ejes de acci\u00f3n con varios talleres y activaciones en territorio\" \/>\n<meta property=\"og:url\" content=\"https:\/\/www.uartes.edu.ec\/sitio\/en\/blog\/2025\/07\/01\/proyecto-de-vinculacion-con-la-sociedad-paz-potencia-sus-ejes-de-accion-con-talleres-y-activaciones-en-territorio\/\" \/>\n<meta property=\"og:site_name\" content=\"Universidad de las Artes\" \/>\n<meta property=\"article:publisher\" content=\"https:\/\/www.facebook.com\/uartesec\" \/>\n<meta property=\"article:published_time\" content=\"2025-07-01T17:21:00+00:00\" \/>\n<meta property=\"article:modified_time\" content=\"2025-07-13T20:12:59+00:00\" \/>\n<meta property=\"og:image\" content=\"https:\/\/www.uartes.edu.ec\/sitio\/wp-content\/uploads\/2025\/07\/Proyecto-Cambiar-tamano-de-imagen-2025-06-23T121946.208.jpeg\" \/>\n\t<meta property=\"og:image:width\" content=\"2000\" \/>\n\t<meta property=\"og:image:height\" content=\"1333\" \/>\n\t<meta property=\"og:image:type\" content=\"image\/jpeg\" \/>\n<meta name=\"author\" content=\"ccortez\" \/>\n<meta name=\"twitter:card\" content=\"summary_large_image\" \/>\n<meta name=\"twitter:creator\" content=\"@uartesec\" \/>\n<meta name=\"twitter:site\" content=\"@uartesec\" \/>\n<meta name=\"twitter:label1\" content=\"Written by\" \/>\n\t<meta name=\"twitter:data1\" content=\"ccortez\" \/>\n\t<meta name=\"twitter:label2\" content=\"Est. reading time\" \/>\n\t<meta name=\"twitter:data2\" content=\"2 minutes\" \/>\n<script type=\"application\/ld+json\" class=\"yoast-schema-graph\">{\"@context\":\"https:\\\/\\\/schema.org\",\"@graph\":[{\"@type\":\"Article\",\"@id\":\"https:\\\/\\\/www.uartes.edu.ec\\\/sitio\\\/en\\\/blog\\\/2025\\\/07\\\/01\\\/proyecto-de-vinculacion-con-la-sociedad-paz-potencia-sus-ejes-de-accion-con-talleres-y-activaciones-en-territorio\\\/#article\",\"isPartOf\":{\"@id\":\"https:\\\/\\\/www.uartes.edu.ec\\\/sitio\\\/en\\\/blog\\\/2025\\\/07\\\/01\\\/proyecto-de-vinculacion-con-la-sociedad-paz-potencia-sus-ejes-de-accion-con-talleres-y-activaciones-en-territorio\\\/\"},\"author\":{\"name\":\"ccortez\",\"@id\":\"https:\\\/\\\/www.uartes.edu.ec\\\/sitio\\\/en\\\/#\\\/schema\\\/person\\\/efa1b8275797664fd7f13a79ccc0b1f4\"},\"headline\":\"Proyecto de vinculaci\u00f3n con la sociedad \u201cPaz\u201d potencia sus ejes de acci\u00f3n con varios talleres y activaciones en territorio\",\"datePublished\":\"2025-07-01T17:21:00+00:00\",\"dateModified\":\"2025-07-13T20:12:59+00:00\",\"mainEntityOfPage\":{\"@id\":\"https:\\\/\\\/www.uartes.edu.ec\\\/sitio\\\/en\\\/blog\\\/2025\\\/07\\\/01\\\/proyecto-de-vinculacion-con-la-sociedad-paz-potencia-sus-ejes-de-accion-con-talleres-y-activaciones-en-territorio\\\/\"},\"wordCount\":476,\"commentCount\":0,\"publisher\":{\"@id\":\"https:\\\/\\\/www.uartes.edu.ec\\\/sitio\\\/en\\\/#organization\"},\"image\":{\"@id\":\"https:\\\/\\\/www.uartes.edu.ec\\\/sitio\\\/en\\\/blog\\\/2025\\\/07\\\/01\\\/proyecto-de-vinculacion-con-la-sociedad-paz-potencia-sus-ejes-de-accion-con-talleres-y-activaciones-en-territorio\\\/#primaryimage\"},\"thumbnailUrl\":\"https:\\\/\\\/www.uartes.edu.ec\\\/sitio\\\/wp-content\\\/uploads\\\/2025\\\/07\\\/Proyecto-Cambiar-tamano-de-imagen-2025-06-23T121946.208.jpeg\",\"keywords\":[\"formaci\u00f3n\"],\"articleSection\":[\"Artes\",\"Artes Esc\u00e9nicas\",\"Artes Sonoras\",\"Artes Visuales\",\"Cine\",\"Docentes\",\"Estudiantes\",\"Literatura\",\"V\u00ednculo\"],\"inLanguage\":\"en-US\",\"potentialAction\":[{\"@type\":\"CommentAction\",\"name\":\"Comment\",\"target\":[\"https:\\\/\\\/www.uartes.edu.ec\\\/sitio\\\/en\\\/blog\\\/2025\\\/07\\\/01\\\/proyecto-de-vinculacion-con-la-sociedad-paz-potencia-sus-ejes-de-accion-con-talleres-y-activaciones-en-territorio\\\/#respond\"]}]},{\"@type\":[\"WebPage\",\"ItemPage\"],\"@id\":\"https:\\\/\\\/www.uartes.edu.ec\\\/sitio\\\/en\\\/blog\\\/2025\\\/07\\\/01\\\/proyecto-de-vinculacion-con-la-sociedad-paz-potencia-sus-ejes-de-accion-con-talleres-y-activaciones-en-territorio\\\/\",\"url\":\"https:\\\/\\\/www.uartes.edu.ec\\\/sitio\\\/en\\\/blog\\\/2025\\\/07\\\/01\\\/proyecto-de-vinculacion-con-la-sociedad-paz-potencia-sus-ejes-de-accion-con-talleres-y-activaciones-en-territorio\\\/\",\"name\":\"Universidad de las Artes - Proyecto de vinculaci\u00f3n con la sociedad \u201cPaz\u201d potencia sus ejes de acci\u00f3n con varios talleres y activaciones en territorio\",\"isPartOf\":{\"@id\":\"https:\\\/\\\/www.uartes.edu.ec\\\/sitio\\\/en\\\/#website\"},\"primaryImageOfPage\":{\"@id\":\"https:\\\/\\\/www.uartes.edu.ec\\\/sitio\\\/en\\\/blog\\\/2025\\\/07\\\/01\\\/proyecto-de-vinculacion-con-la-sociedad-paz-potencia-sus-ejes-de-accion-con-talleres-y-activaciones-en-territorio\\\/#primaryimage\"},\"image\":{\"@id\":\"https:\\\/\\\/www.uartes.edu.ec\\\/sitio\\\/en\\\/blog\\\/2025\\\/07\\\/01\\\/proyecto-de-vinculacion-con-la-sociedad-paz-potencia-sus-ejes-de-accion-con-talleres-y-activaciones-en-territorio\\\/#primaryimage\"},\"thumbnailUrl\":\"https:\\\/\\\/www.uartes.edu.ec\\\/sitio\\\/wp-content\\\/uploads\\\/2025\\\/07\\\/Proyecto-Cambiar-tamano-de-imagen-2025-06-23T121946.208.jpeg\",\"datePublished\":\"2025-07-01T17:21:00+00:00\",\"dateModified\":\"2025-07-13T20:12:59+00:00\",\"description\":\"Universidad de las Artes - Proyecto de vinculaci\u00f3n con la sociedad \u201cPaz\u201d potencia sus ejes de acci\u00f3n con varios talleres y activaciones en territorio\",\"breadcrumb\":{\"@id\":\"https:\\\/\\\/www.uartes.edu.ec\\\/sitio\\\/en\\\/blog\\\/2025\\\/07\\\/01\\\/proyecto-de-vinculacion-con-la-sociedad-paz-potencia-sus-ejes-de-accion-con-talleres-y-activaciones-en-territorio\\\/#breadcrumb\"},\"inLanguage\":\"en-US\",\"potentialAction\":[{\"@type\":\"ReadAction\",\"target\":[\"https:\\\/\\\/www.uartes.edu.ec\\\/sitio\\\/en\\\/blog\\\/2025\\\/07\\\/01\\\/proyecto-de-vinculacion-con-la-sociedad-paz-potencia-sus-ejes-de-accion-con-talleres-y-activaciones-en-territorio\\\/\"]}]},{\"@type\":\"ImageObject\",\"inLanguage\":\"en-US\",\"@id\":\"https:\\\/\\\/www.uartes.edu.ec\\\/sitio\\\/en\\\/blog\\\/2025\\\/07\\\/01\\\/proyecto-de-vinculacion-con-la-sociedad-paz-potencia-sus-ejes-de-accion-con-talleres-y-activaciones-en-territorio\\\/#primaryimage\",\"url\":\"https:\\\/\\\/www.uartes.edu.ec\\\/sitio\\\/wp-content\\\/uploads\\\/2025\\\/07\\\/Proyecto-Cambiar-tamano-de-imagen-2025-06-23T121946.208.jpeg\",\"contentUrl\":\"https:\\\/\\\/www.uartes.edu.ec\\\/sitio\\\/wp-content\\\/uploads\\\/2025\\\/07\\\/Proyecto-Cambiar-tamano-de-imagen-2025-06-23T121946.208.jpeg\",\"width\":2000,\"height\":1333},{\"@type\":\"BreadcrumbList\",\"@id\":\"https:\\\/\\\/www.uartes.edu.ec\\\/sitio\\\/en\\\/blog\\\/2025\\\/07\\\/01\\\/proyecto-de-vinculacion-con-la-sociedad-paz-potencia-sus-ejes-de-accion-con-talleres-y-activaciones-en-territorio\\\/#breadcrumb\",\"itemListElement\":[{\"@type\":\"ListItem\",\"position\":1,\"name\":\"Inicio\",\"item\":\"https:\\\/\\\/www.uartes.edu.ec\\\/sitio\\\/\"},{\"@type\":\"ListItem\",\"position\":2,\"name\":\"Proyecto de vinculaci\u00f3n con la sociedad \u201cPaz\u201d potencia sus ejes de acci\u00f3n con varios talleres y activaciones en territorio\"}]},{\"@type\":\"WebSite\",\"@id\":\"https:\\\/\\\/www.uartes.edu.ec\\\/sitio\\\/en\\\/#website\",\"url\":\"https:\\\/\\\/www.uartes.edu.ec\\\/sitio\\\/en\\\/\",\"name\":\"Universidad de las Artes\",\"description\":\"Sitio oficial de la Universidad Nacional de las Artes del Ecuador\",\"publisher\":{\"@id\":\"https:\\\/\\\/www.uartes.edu.ec\\\/sitio\\\/en\\\/#organization\"},\"potentialAction\":[{\"@type\":\"SearchAction\",\"target\":{\"@type\":\"EntryPoint\",\"urlTemplate\":\"https:\\\/\\\/www.uartes.edu.ec\\\/sitio\\\/en\\\/?s={search_term_string}\"},\"query-input\":{\"@type\":\"PropertyValueSpecification\",\"valueRequired\":true,\"valueName\":\"search_term_string\"}}],\"inLanguage\":\"en-US\"},{\"@type\":\"Organization\",\"@id\":\"https:\\\/\\\/www.uartes.edu.ec\\\/sitio\\\/en\\\/#organization\",\"name\":\"Universidad de las Artes\",\"url\":\"https:\\\/\\\/www.uartes.edu.ec\\\/sitio\\\/en\\\/\",\"logo\":{\"@type\":\"ImageObject\",\"inLanguage\":\"en-US\",\"@id\":\"https:\\\/\\\/www.uartes.edu.ec\\\/sitio\\\/en\\\/#\\\/schema\\\/logo\\\/image\\\/\",\"url\":\"https:\\\/\\\/www.uartes.edu.ec\\\/sitio\\\/wp-content\\\/uploads\\\/2022\\\/07\\\/logo-ua-horizontal.png\",\"contentUrl\":\"https:\\\/\\\/www.uartes.edu.ec\\\/sitio\\\/wp-content\\\/uploads\\\/2022\\\/07\\\/logo-ua-horizontal.png\",\"width\":800,\"height\":276,\"caption\":\"Universidad de las Artes\"},\"image\":{\"@id\":\"https:\\\/\\\/www.uartes.edu.ec\\\/sitio\\\/en\\\/#\\\/schema\\\/logo\\\/image\\\/\"},\"sameAs\":[\"https:\\\/\\\/www.facebook.com\\\/uartesec\",\"https:\\\/\\\/x.com\\\/uartesec\",\"https:\\\/\\\/www.tiktok.com\\\/@uartesec\"]},{\"@type\":\"Person\",\"@id\":\"https:\\\/\\\/www.uartes.edu.ec\\\/sitio\\\/en\\\/#\\\/schema\\\/person\\\/efa1b8275797664fd7f13a79ccc0b1f4\",\"name\":\"ccortez\",\"image\":{\"@type\":\"ImageObject\",\"inLanguage\":\"en-US\",\"@id\":\"https:\\\/\\\/secure.gravatar.com\\\/avatar\\\/b2a6f664a3ae8e074346ef91775736c5ec479e637ecced6842de9dc98b5da9cd?s=96&d=mm&r=g\",\"url\":\"https:\\\/\\\/secure.gravatar.com\\\/avatar\\\/b2a6f664a3ae8e074346ef91775736c5ec479e637ecced6842de9dc98b5da9cd?s=96&d=mm&r=g\",\"contentUrl\":\"https:\\\/\\\/secure.gravatar.com\\\/avatar\\\/b2a6f664a3ae8e074346ef91775736c5ec479e637ecced6842de9dc98b5da9cd?s=96&d=mm&r=g\",\"caption\":\"ccortez\"},\"url\":\"https:\\\/\\\/www.uartes.edu.ec\\\/sitio\\\/en\\\/blog\\\/author\\\/ccortez\\\/\"}]}<\/script>\n<!-- \/ Yoast SEO plugin. -->","yoast_head_json":{"title":"Universidad de las Artes - Proyecto de vinculaci\u00f3n con la sociedad \u201cPaz\u201d potencia sus ejes de acci\u00f3n con varios talleres y activaciones en territorio","description":"Universidad de las Artes - Proyecto de vinculaci\u00f3n con la sociedad \u201cPaz\u201d potencia sus ejes de acci\u00f3n con varios talleres y activaciones en territorio","robots":{"index":"index","follow":"follow","max-snippet":"max-snippet:-1","max-image-preview":"max-image-preview:large","max-video-preview":"max-video-preview:-1"},"canonical":"https:\/\/www.uartes.edu.ec\/sitio\/en\/blog\/2025\/07\/01\/proyecto-de-vinculacion-con-la-sociedad-paz-potencia-sus-ejes-de-accion-con-talleres-y-activaciones-en-territorio\/","og_locale":"en_US","og_type":"article","og_title":"Universidad de las Artes - Proyecto de vinculaci\u00f3n con la sociedad \u201cPaz\u201d potencia sus ejes de acci\u00f3n con varios talleres y activaciones en territorio","og_description":"Universidad de las Artes - Proyecto de vinculaci\u00f3n con la sociedad \u201cPaz\u201d potencia sus ejes de acci\u00f3n con varios talleres y activaciones en territorio","og_url":"https:\/\/www.uartes.edu.ec\/sitio\/en\/blog\/2025\/07\/01\/proyecto-de-vinculacion-con-la-sociedad-paz-potencia-sus-ejes-de-accion-con-talleres-y-activaciones-en-territorio\/","og_site_name":"Universidad de las Artes","article_publisher":"https:\/\/www.facebook.com\/uartesec","article_published_time":"2025-07-01T17:21:00+00:00","article_modified_time":"2025-07-13T20:12:59+00:00","og_image":[{"width":2000,"height":1333,"url":"https:\/\/www.uartes.edu.ec\/sitio\/wp-content\/uploads\/2025\/07\/Proyecto-Cambiar-tamano-de-imagen-2025-06-23T121946.208.jpeg","type":"image\/jpeg"}],"author":"ccortez","twitter_card":"summary_large_image","twitter_creator":"@uartesec","twitter_site":"@uartesec","twitter_misc":{"Written by":"ccortez","Est. reading time":"2 minutes"},"schema":{"@context":"https:\/\/schema.org","@graph":[{"@type":"Article","@id":"https:\/\/www.uartes.edu.ec\/sitio\/en\/blog\/2025\/07\/01\/proyecto-de-vinculacion-con-la-sociedad-paz-potencia-sus-ejes-de-accion-con-talleres-y-activaciones-en-territorio\/#article","isPartOf":{"@id":"https:\/\/www.uartes.edu.ec\/sitio\/en\/blog\/2025\/07\/01\/proyecto-de-vinculacion-con-la-sociedad-paz-potencia-sus-ejes-de-accion-con-talleres-y-activaciones-en-territorio\/"},"author":{"name":"ccortez","@id":"https:\/\/www.uartes.edu.ec\/sitio\/en\/#\/schema\/person\/efa1b8275797664fd7f13a79ccc0b1f4"},"headline":"Proyecto de vinculaci\u00f3n con la sociedad \u201cPaz\u201d potencia sus ejes de acci\u00f3n con varios talleres y activaciones en territorio","datePublished":"2025-07-01T17:21:00+00:00","dateModified":"2025-07-13T20:12:59+00:00","mainEntityOfPage":{"@id":"https:\/\/www.uartes.edu.ec\/sitio\/en\/blog\/2025\/07\/01\/proyecto-de-vinculacion-con-la-sociedad-paz-potencia-sus-ejes-de-accion-con-talleres-y-activaciones-en-territorio\/"},"wordCount":476,"commentCount":0,"publisher":{"@id":"https:\/\/www.uartes.edu.ec\/sitio\/en\/#organization"},"image":{"@id":"https:\/\/www.uartes.edu.ec\/sitio\/en\/blog\/2025\/07\/01\/proyecto-de-vinculacion-con-la-sociedad-paz-potencia-sus-ejes-de-accion-con-talleres-y-activaciones-en-territorio\/#primaryimage"},"thumbnailUrl":"https:\/\/www.uartes.edu.ec\/sitio\/wp-content\/uploads\/2025\/07\/Proyecto-Cambiar-tamano-de-imagen-2025-06-23T121946.208.jpeg","keywords":["formaci\u00f3n"],"articleSection":["Artes","Artes Esc\u00e9nicas","Artes Sonoras","Artes Visuales","Cine","Docentes","Estudiantes","Literatura","V\u00ednculo"],"inLanguage":"en-US","potentialAction":[{"@type":"CommentAction","name":"Comment","target":["https:\/\/www.uartes.edu.ec\/sitio\/en\/blog\/2025\/07\/01\/proyecto-de-vinculacion-con-la-sociedad-paz-potencia-sus-ejes-de-accion-con-talleres-y-activaciones-en-territorio\/#respond"]}]},{"@type":["WebPage","ItemPage"],"@id":"https:\/\/www.uartes.edu.ec\/sitio\/en\/blog\/2025\/07\/01\/proyecto-de-vinculacion-con-la-sociedad-paz-potencia-sus-ejes-de-accion-con-talleres-y-activaciones-en-territorio\/","url":"https:\/\/www.uartes.edu.ec\/sitio\/en\/blog\/2025\/07\/01\/proyecto-de-vinculacion-con-la-sociedad-paz-potencia-sus-ejes-de-accion-con-talleres-y-activaciones-en-territorio\/","name":"Universidad de las Artes - Proyecto de vinculaci\u00f3n con la sociedad \u201cPaz\u201d potencia sus ejes de acci\u00f3n con varios talleres y activaciones en territorio","isPartOf":{"@id":"https:\/\/www.uartes.edu.ec\/sitio\/en\/#website"},"primaryImageOfPage":{"@id":"https:\/\/www.uartes.edu.ec\/sitio\/en\/blog\/2025\/07\/01\/proyecto-de-vinculacion-con-la-sociedad-paz-potencia-sus-ejes-de-accion-con-talleres-y-activaciones-en-territorio\/#primaryimage"},"image":{"@id":"https:\/\/www.uartes.edu.ec\/sitio\/en\/blog\/2025\/07\/01\/proyecto-de-vinculacion-con-la-sociedad-paz-potencia-sus-ejes-de-accion-con-talleres-y-activaciones-en-territorio\/#primaryimage"},"thumbnailUrl":"https:\/\/www.uartes.edu.ec\/sitio\/wp-content\/uploads\/2025\/07\/Proyecto-Cambiar-tamano-de-imagen-2025-06-23T121946.208.jpeg","datePublished":"2025-07-01T17:21:00+00:00","dateModified":"2025-07-13T20:12:59+00:00","description":"Universidad de las Artes - Proyecto de vinculaci\u00f3n con la sociedad \u201cPaz\u201d potencia sus ejes de acci\u00f3n con varios talleres y activaciones en territorio","breadcrumb":{"@id":"https:\/\/www.uartes.edu.ec\/sitio\/en\/blog\/2025\/07\/01\/proyecto-de-vinculacion-con-la-sociedad-paz-potencia-sus-ejes-de-accion-con-talleres-y-activaciones-en-territorio\/#breadcrumb"},"inLanguage":"en-US","potentialAction":[{"@type":"ReadAction","target":["https:\/\/www.uartes.edu.ec\/sitio\/en\/blog\/2025\/07\/01\/proyecto-de-vinculacion-con-la-sociedad-paz-potencia-sus-ejes-de-accion-con-talleres-y-activaciones-en-territorio\/"]}]},{"@type":"ImageObject","inLanguage":"en-US","@id":"https:\/\/www.uartes.edu.ec\/sitio\/en\/blog\/2025\/07\/01\/proyecto-de-vinculacion-con-la-sociedad-paz-potencia-sus-ejes-de-accion-con-talleres-y-activaciones-en-territorio\/#primaryimage","url":"https:\/\/www.uartes.edu.ec\/sitio\/wp-content\/uploads\/2025\/07\/Proyecto-Cambiar-tamano-de-imagen-2025-06-23T121946.208.jpeg","contentUrl":"https:\/\/www.uartes.edu.ec\/sitio\/wp-content\/uploads\/2025\/07\/Proyecto-Cambiar-tamano-de-imagen-2025-06-23T121946.208.jpeg","width":2000,"height":1333},{"@type":"BreadcrumbList","@id":"https:\/\/www.uartes.edu.ec\/sitio\/en\/blog\/2025\/07\/01\/proyecto-de-vinculacion-con-la-sociedad-paz-potencia-sus-ejes-de-accion-con-talleres-y-activaciones-en-territorio\/#breadcrumb","itemListElement":[{"@type":"ListItem","position":1,"name":"Inicio","item":"https:\/\/www.uartes.edu.ec\/sitio\/"},{"@type":"ListItem","position":2,"name":"Proyecto de vinculaci\u00f3n con la sociedad \u201cPaz\u201d potencia sus ejes de acci\u00f3n con varios talleres y activaciones en territorio"}]},{"@type":"WebSite","@id":"https:\/\/www.uartes.edu.ec\/sitio\/en\/#website","url":"https:\/\/www.uartes.edu.ec\/sitio\/en\/","name":"Universidad de las Artes","description":"Sitio oficial de la Universidad Nacional de las Artes del Ecuador","publisher":{"@id":"https:\/\/www.uartes.edu.ec\/sitio\/en\/#organization"},"potentialAction":[{"@type":"SearchAction","target":{"@type":"EntryPoint","urlTemplate":"https:\/\/www.uartes.edu.ec\/sitio\/en\/?s={search_term_string}"},"query-input":{"@type":"PropertyValueSpecification","valueRequired":true,"valueName":"search_term_string"}}],"inLanguage":"en-US"},{"@type":"Organization","@id":"https:\/\/www.uartes.edu.ec\/sitio\/en\/#organization","name":"Universidad de las Artes","url":"https:\/\/www.uartes.edu.ec\/sitio\/en\/","logo":{"@type":"ImageObject","inLanguage":"en-US","@id":"https:\/\/www.uartes.edu.ec\/sitio\/en\/#\/schema\/logo\/image\/","url":"https:\/\/www.uartes.edu.ec\/sitio\/wp-content\/uploads\/2022\/07\/logo-ua-horizontal.png","contentUrl":"https:\/\/www.uartes.edu.ec\/sitio\/wp-content\/uploads\/2022\/07\/logo-ua-horizontal.png","width":800,"height":276,"caption":"Universidad de las Artes"},"image":{"@id":"https:\/\/www.uartes.edu.ec\/sitio\/en\/#\/schema\/logo\/image\/"},"sameAs":["https:\/\/www.facebook.com\/uartesec","https:\/\/x.com\/uartesec","https:\/\/www.tiktok.com\/@uartesec"]},{"@type":"Person","@id":"https:\/\/www.uartes.edu.ec\/sitio\/en\/#\/schema\/person\/efa1b8275797664fd7f13a79ccc0b1f4","name":"ccortez","image":{"@type":"ImageObject","inLanguage":"en-US","@id":"https:\/\/secure.gravatar.com\/avatar\/b2a6f664a3ae8e074346ef91775736c5ec479e637ecced6842de9dc98b5da9cd?s=96&d=mm&r=g","url":"https:\/\/secure.gravatar.com\/avatar\/b2a6f664a3ae8e074346ef91775736c5ec479e637ecced6842de9dc98b5da9cd?s=96&d=mm&r=g","contentUrl":"https:\/\/secure.gravatar.com\/avatar\/b2a6f664a3ae8e074346ef91775736c5ec479e637ecced6842de9dc98b5da9cd?s=96&d=mm&r=g","caption":"ccortez"},"url":"https:\/\/www.uartes.edu.ec\/sitio\/en\/blog\/author\/ccortez\/"}]}},"uagb_featured_image_src":{"full":["https:\/\/www.uartes.edu.ec\/sitio\/wp-content\/uploads\/2025\/07\/Proyecto-Cambiar-tamano-de-imagen-2025-06-23T121946.208.jpeg",2000,1333,false],"thumbnail":["https:\/\/www.uartes.edu.ec\/sitio\/wp-content\/uploads\/2025\/07\/Proyecto-Cambiar-tamano-de-imagen-2025-06-23T121946.208-150x150.jpeg",150,150,true],"medium":["https:\/\/www.uartes.edu.ec\/sitio\/wp-content\/uploads\/2025\/07\/Proyecto-Cambiar-tamano-de-imagen-2025-06-23T121946.208-300x200.jpeg",300,200,true],"medium_large":["https:\/\/www.uartes.edu.ec\/sitio\/wp-content\/uploads\/2025\/07\/Proyecto-Cambiar-tamano-de-imagen-2025-06-23T121946.208-768x512.jpeg",768,512,true],"large":["https:\/\/www.uartes.edu.ec\/sitio\/wp-content\/uploads\/2025\/07\/Proyecto-Cambiar-tamano-de-imagen-2025-06-23T121946.208-644x429.jpeg",644,429,true],"1536x1536":["https:\/\/www.uartes.edu.ec\/sitio\/wp-content\/uploads\/2025\/07\/Proyecto-Cambiar-tamano-de-imagen-2025-06-23T121946.208-1536x1024.jpeg",1536,1024,true],"2048x2048":["https:\/\/www.uartes.edu.ec\/sitio\/wp-content\/uploads\/2025\/07\/Proyecto-Cambiar-tamano-de-imagen-2025-06-23T121946.208.jpeg",2000,1333,false],"trp-custom-language-flag":["https:\/\/www.uartes.edu.ec\/sitio\/wp-content\/uploads\/2025\/07\/Proyecto-Cambiar-tamano-de-imagen-2025-06-23T121946.208-18x12.jpeg",18,12,true],"htmega_size_585x295":["https:\/\/www.uartes.edu.ec\/sitio\/wp-content\/uploads\/2025\/07\/Proyecto-Cambiar-tamano-de-imagen-2025-06-23T121946.208-585x295.jpeg",585,295,true],"htmega_size_1170x536":["https:\/\/www.uartes.edu.ec\/sitio\/wp-content\/uploads\/2025\/07\/Proyecto-Cambiar-tamano-de-imagen-2025-06-23T121946.208-1170x536.jpeg",1170,536,true],"htmega_size_396x360":["https:\/\/www.uartes.edu.ec\/sitio\/wp-content\/uploads\/2025\/07\/Proyecto-Cambiar-tamano-de-imagen-2025-06-23T121946.208-396x360.jpeg",396,360,true],"gb-block-post-grid-landscape":["https:\/\/www.uartes.edu.ec\/sitio\/wp-content\/uploads\/2025\/07\/Proyecto-Cambiar-tamano-de-imagen-2025-06-23T121946.208-600x400.jpeg",600,400,true],"gb-block-post-grid-square":["https:\/\/www.uartes.edu.ec\/sitio\/wp-content\/uploads\/2025\/07\/Proyecto-Cambiar-tamano-de-imagen-2025-06-23T121946.208-600x600.jpeg",600,600,true],"university-hub-thumb":["https:\/\/www.uartes.edu.ec\/sitio\/wp-content\/uploads\/2025\/07\/Proyecto-Cambiar-tamano-de-imagen-2025-06-23T121946.208-400x267.jpeg",400,267,true]},"uagb_author_info":{"display_name":"ccortez","author_link":"https:\/\/www.uartes.edu.ec\/sitio\/en\/blog\/author\/ccortez\/"},"uagb_comment_info":0,"uagb_excerpt":"\u201cPaz: Pedagog\u00edas en artes para la transformaci\u00f3n social en sectores en condici\u00f3n de vulnerabilidad\u201d. El proyecto que dirige el docente Jorge Tigrero evolucion\u00f3 de \u00c1nima, otra iniciativa que tambi\u00e9n desarroll\u00f3 talleres para la comunidad con \u00e9nfasis en lo cultural, pedag\u00f3gico y art\u00edstico. Mantiene activos procesos formativos en la Sala R\u00eda y trabaja colaborativamente con el&hellip;","featured_image_src":"https:\/\/www.uartes.edu.ec\/sitio\/wp-content\/uploads\/2025\/07\/Proyecto-Cambiar-tamano-de-imagen-2025-06-23T121946.208-600x400.jpeg","featured_image_src_square":"https:\/\/www.uartes.edu.ec\/sitio\/wp-content\/uploads\/2025\/07\/Proyecto-Cambiar-tamano-de-imagen-2025-06-23T121946.208-600x600.jpeg","author_info":{"display_name":"ccortez","author_link":"https:\/\/www.uartes.edu.ec\/sitio\/en\/blog\/author\/ccortez\/"},"publishpress_future_workflow_manual_trigger":{"enabledWorkflows":[]},"distributor_meta":false,"distributor_terms":false,"distributor_media":false,"distributor_original_site_name":"Universidad de las Artes","distributor_original_site_url":"https:\/\/www.uartes.edu.ec\/sitio\/en","push-errors":false,"_links":{"self":[{"href":"https:\/\/www.uartes.edu.ec\/sitio\/en\/wp-json\/wp\/v2\/posts\/74682","targetHints":{"allow":["GET"]}}],"collection":[{"href":"https:\/\/www.uartes.edu.ec\/sitio\/en\/wp-json\/wp\/v2\/posts"}],"about":[{"href":"https:\/\/www.uartes.edu.ec\/sitio\/en\/wp-json\/wp\/v2\/types\/post"}],"author":[{"embeddable":true,"href":"https:\/\/www.uartes.edu.ec\/sitio\/en\/wp-json\/wp\/v2\/users\/10"}],"replies":[{"embeddable":true,"href":"https:\/\/www.uartes.edu.ec\/sitio\/en\/wp-json\/wp\/v2\/comments?post=74682"}],"version-history":[{"count":3,"href":"https:\/\/www.uartes.edu.ec\/sitio\/en\/wp-json\/wp\/v2\/posts\/74682\/revisions"}],"predecessor-version":[{"id":74716,"href":"https:\/\/www.uartes.edu.ec\/sitio\/en\/wp-json\/wp\/v2\/posts\/74682\/revisions\/74716"}],"wp:featuredmedia":[{"embeddable":true,"href":"https:\/\/www.uartes.edu.ec\/sitio\/en\/wp-json\/wp\/v2\/media\/74683"}],"wp:attachment":[{"href":"https:\/\/www.uartes.edu.ec\/sitio\/en\/wp-json\/wp\/v2\/media?parent=74682"}],"wp:term":[{"taxonomy":"category","embeddable":true,"href":"https:\/\/www.uartes.edu.ec\/sitio\/en\/wp-json\/wp\/v2\/categories?post=74682"},{"taxonomy":"post_tag","embeddable":true,"href":"https:\/\/www.uartes.edu.ec\/sitio\/en\/wp-json\/wp\/v2\/tags?post=74682"},{"taxonomy":"infouartes","embeddable":true,"href":"https:\/\/www.uartes.edu.ec\/sitio\/en\/wp-json\/wp\/v2\/infouartes?post=74682"}],"curies":[{"name":"wp","href":"https:\/\/api.w.org\/{rel}","templated":true}]}}