{"id":79015,"date":"2025-09-15T18:15:08","date_gmt":"2025-09-15T23:15:08","guid":{"rendered":"https:\/\/www.uartes.edu.ec\/sitio\/?p=79015"},"modified":"2025-09-15T18:18:29","modified_gmt":"2025-09-15T23:18:29","slug":"uartes-firma-convenio-de-cooperacion-interinstitucional-con-el-iavq","status":"publish","type":"post","link":"https:\/\/www.uartes.edu.ec\/sitio\/en\/blog\/2025\/09\/15\/uartes-firma-convenio-de-cooperacion-interinstitucional-con-el-iavq\/","title":{"rendered":"UArtes firma convenio de cooperaci\u00f3n interinstitucional con el Instituto Superior Universitario de Artes Visuales de Quito"},"content":{"rendered":"<p>La Universidad de las Artes y el Instituto Superior Universitario de Artes Visuales de Quito (IAVQ) firmaron un Convenio Marco de Cooperaci\u00f3n Interinstitucional, en los \u00e1mbitos de docencia, investigaci\u00f3n, vinculaci\u00f3n con la sociedad, formaci\u00f3n continua, pr\u00e1cticas preprofesionales, producci\u00f3n e innovaci\u00f3n.<\/p>\n\n\n\n<p>El convenio fue suscrito en la capital ecuatoriana por nuestro rector, doctor William Herrera, y el rector del IAVQ, Mgs. William Plascencia. Estuvieron presentes docentes y autoridades de la instituci\u00f3n quite\u00f1a y por la Universidad de las Artes tambi\u00e9n asisti\u00f3 la Mgs. Mar\u00eda Jos\u00e9 Bustos, secretaria acad\u00e9mica.<\/p>\n\n\n\n<p>El acuerdo suscrito indica entre sus bases y criterios de cooperaci\u00f3n el desarrollo colaborativo de programas, proyectos y actividades que contribuyan al cumplimiento de la gesti\u00f3n universitaria y los objetivos institucionales tanto de la UArtes como del IAVQ, as\u00ed como al fortalecimiento del tejido educativo y cultural del pa\u00eds.<\/p>\n\n\n<div class=\"wp-block-image\">\n<figure class=\"aligncenter size-large\"><img fetchpriority=\"high\" decoding=\"async\" width=\"644\" height=\"429\" src=\"https:\/\/www.uartes.edu.ec\/sitio\/wp-content\/uploads\/2025\/09\/Proyecto-Cambiar-tamano-de-imagen-2025-09-15T155213.414-644x429.jpeg\" alt=\"\" class=\"wp-image-79017\" srcset=\"https:\/\/www.uartes.edu.ec\/sitio\/wp-content\/uploads\/2025\/09\/Proyecto-Cambiar-tamano-de-imagen-2025-09-15T155213.414-644x429.jpeg 644w, https:\/\/www.uartes.edu.ec\/sitio\/wp-content\/uploads\/2025\/09\/Proyecto-Cambiar-tamano-de-imagen-2025-09-15T155213.414-300x200.jpeg 300w, https:\/\/www.uartes.edu.ec\/sitio\/wp-content\/uploads\/2025\/09\/Proyecto-Cambiar-tamano-de-imagen-2025-09-15T155213.414-768x512.jpeg 768w, https:\/\/www.uartes.edu.ec\/sitio\/wp-content\/uploads\/2025\/09\/Proyecto-Cambiar-tamano-de-imagen-2025-09-15T155213.414-1536x1024.jpeg 1536w, https:\/\/www.uartes.edu.ec\/sitio\/wp-content\/uploads\/2025\/09\/Proyecto-Cambiar-tamano-de-imagen-2025-09-15T155213.414-18x12.jpeg 18w, https:\/\/www.uartes.edu.ec\/sitio\/wp-content\/uploads\/2025\/09\/Proyecto-Cambiar-tamano-de-imagen-2025-09-15T155213.414-600x400.jpeg 600w, https:\/\/www.uartes.edu.ec\/sitio\/wp-content\/uploads\/2025\/09\/Proyecto-Cambiar-tamano-de-imagen-2025-09-15T155213.414-400x267.jpeg 400w, https:\/\/www.uartes.edu.ec\/sitio\/wp-content\/uploads\/2025\/09\/Proyecto-Cambiar-tamano-de-imagen-2025-09-15T155213.414.jpeg 2000w\" sizes=\"(max-width: 644px) 100vw, 644px\" \/><\/figure>\n<\/div>\n\n<div class=\"wp-block-image\">\n<figure class=\"aligncenter size-large is-resized\"><img decoding=\"async\" width=\"644\" height=\"429\" src=\"https:\/\/www.uartes.edu.ec\/sitio\/wp-content\/uploads\/2025\/09\/Proyecto-Cambiar-tamano-de-imagen-2025-09-15T154226.047-644x429.jpeg\" alt=\"\" class=\"wp-image-79018\" style=\"aspect-ratio:1.5011837552358405;width:386px;height:auto\" srcset=\"https:\/\/www.uartes.edu.ec\/sitio\/wp-content\/uploads\/2025\/09\/Proyecto-Cambiar-tamano-de-imagen-2025-09-15T154226.047-644x429.jpeg 644w, https:\/\/www.uartes.edu.ec\/sitio\/wp-content\/uploads\/2025\/09\/Proyecto-Cambiar-tamano-de-imagen-2025-09-15T154226.047-300x200.jpeg 300w, https:\/\/www.uartes.edu.ec\/sitio\/wp-content\/uploads\/2025\/09\/Proyecto-Cambiar-tamano-de-imagen-2025-09-15T154226.047-768x512.jpeg 768w, https:\/\/www.uartes.edu.ec\/sitio\/wp-content\/uploads\/2025\/09\/Proyecto-Cambiar-tamano-de-imagen-2025-09-15T154226.047-1536x1024.jpeg 1536w, https:\/\/www.uartes.edu.ec\/sitio\/wp-content\/uploads\/2025\/09\/Proyecto-Cambiar-tamano-de-imagen-2025-09-15T154226.047-18x12.jpeg 18w, https:\/\/www.uartes.edu.ec\/sitio\/wp-content\/uploads\/2025\/09\/Proyecto-Cambiar-tamano-de-imagen-2025-09-15T154226.047-600x400.jpeg 600w, https:\/\/www.uartes.edu.ec\/sitio\/wp-content\/uploads\/2025\/09\/Proyecto-Cambiar-tamano-de-imagen-2025-09-15T154226.047-400x267.jpeg 400w, https:\/\/www.uartes.edu.ec\/sitio\/wp-content\/uploads\/2025\/09\/Proyecto-Cambiar-tamano-de-imagen-2025-09-15T154226.047.jpeg 2000w\" sizes=\"(max-width: 644px) 100vw, 644px\" \/><\/figure>\n<\/div>\n\n\n<p>El IAVQ cuenta actualmente con una oferta de Tecnolog\u00eda Superior en Sonido y ac\u00fastica, Producci\u00f3n musical, Dise\u00f1o de interiores y decoraci\u00f3n, Producci\u00f3n y realizaci\u00f3n audiovisual, Dise\u00f1o gr\u00e1fico y multimedia. Tambi\u00e9n, Tecnolog\u00eda Superior Universitaria en Dise\u00f1o, arte y comunicaci\u00f3n, Administraci\u00f3n de empresas y emprendimientos, Marketing digital y redes sociales, adem\u00e1s de programas de Validaci\u00f3n de Trayectoria (PVT) y Validaci\u00f3n de Conocimientos (PVC).<\/p>\n\n\n\n<p>Por las caracter\u00edsticas afines de las carreras de ambas instituciones de educaci\u00f3n superior, la planificaci\u00f3n de exposiciones y eventos, as\u00ed como de proyectos de investigaci\u00f3n y creaci\u00f3n conjunta, amparados por un relacionamiento interinstitucional, favorecer\u00e1 a la circulaci\u00f3n de la producci\u00f3n art\u00edstica de los estudiantes del IAVQ y la UArtes, as\u00ed como a la conformaci\u00f3n de redes de trabajo colaborativo entre estudiantes y docentes. Adem\u00e1s, con el fin de contribuir al fortalecimiento de la formaci\u00f3n de la comunidad UArtes, el IAVQ ha expresado su voluntad para disponer de programas formativos orientados a impulsar los proyectos art\u00edsticos de los estudiantes y graduados de la UArtes.<\/p>\n\n\n\n<p>Cabe anotar que, con el prop\u00f3sito de fortalecer el ecosistema art\u00edstico y acad\u00e9mico del pa\u00eds, el rector del IAVQ visit\u00f3 el pasado 5 de agosto la UArtes y mantuvo una reuni\u00f3n previa a la firma del presente convenio, manifest\u00e1ndose en el di\u00e1logo el mutuo inter\u00e9s por fomentar la excelencia acad\u00e9mica, la movilidad estudiantil y la producci\u00f3n art\u00edstica colaborativa.<\/p>","protected":false},"excerpt":{"rendered":"<p>Los rectores de la Universidad de las Artes (UArtes), doctor William Herrera, y del Instituto Superior Universitario de Artes Visuales de Quito (IAVQ), Mgs. William Plascencia, firmaron un convenio marco de cooperaci\u00f3n interinstitucional, en los \u00e1mbitos de docencia, investigaci\u00f3n, vinculaci\u00f3n con la sociedad, formaci\u00f3n continua, pr\u00e1cticas preprofesionales, producci\u00f3n e innovaci\u00f3n.<\/p>","protected":false},"author":10,"featured_media":79016,"comment_status":"open","ping_status":"open","sticky":false,"template":"","format":"standard","meta":{"_acf_changed":false,"_uag_custom_page_level_css":"","_monsterinsights_skip_tracking":false,"_monsterinsights_sitenote_active":false,"_monsterinsights_sitenote_note":"","_monsterinsights_sitenote_category":0,"cybocfi_hide_featured_image":"","footnotes":""},"categories":[80,77,84],"tags":[1328],"infouartes":[],"class_list":["post-79015","post","type-post","status-publish","format-standard","has-post-thumbnail","hentry","category-academico","category-gestion","category-rectorado","tag-relaciones"],"acf":[],"yoast_head":"<!-- This site is optimized with the Yoast SEO plugin v27.4 - https:\/\/yoast.com\/product\/yoast-seo-wordpress\/ -->\n<title>Universidad de las Artes - UArtes firma convenio de cooperaci\u00f3n interinstitucional con el Instituto Superior Universitario de Artes Visuales de Quito<\/title>\n<meta name=\"description\" content=\"Universidad de las Artes - UArtes firma convenio de cooperaci\u00f3n interinstitucional con el Instituto Superior Universitario de Artes Visuales de Quito\" \/>\n<meta name=\"robots\" content=\"index, follow, max-snippet:-1, max-image-preview:large, max-video-preview:-1\" \/>\n<link rel=\"canonical\" href=\"https:\/\/www.uartes.edu.ec\/sitio\/en\/blog\/2025\/09\/15\/uartes-firma-convenio-de-cooperacion-interinstitucional-con-el-iavq\/\" \/>\n<meta property=\"og:locale\" content=\"en_US\" \/>\n<meta property=\"og:type\" content=\"article\" \/>\n<meta property=\"og:title\" content=\"Universidad de las Artes - UArtes firma convenio de cooperaci\u00f3n interinstitucional con el Instituto Superior Universitario de Artes Visuales de Quito\" \/>\n<meta property=\"og:description\" content=\"Universidad de las Artes - UArtes firma convenio de cooperaci\u00f3n interinstitucional con el Instituto Superior Universitario de Artes Visuales de Quito\" \/>\n<meta property=\"og:url\" content=\"https:\/\/www.uartes.edu.ec\/sitio\/en\/blog\/2025\/09\/15\/uartes-firma-convenio-de-cooperacion-interinstitucional-con-el-iavq\/\" \/>\n<meta property=\"og:site_name\" content=\"Universidad de las Artes\" \/>\n<meta property=\"article:publisher\" content=\"https:\/\/www.facebook.com\/uartesec\" \/>\n<meta property=\"article:published_time\" content=\"2025-09-15T23:15:08+00:00\" \/>\n<meta property=\"article:modified_time\" content=\"2025-09-15T23:18:29+00:00\" \/>\n<meta property=\"og:image\" content=\"https:\/\/www.uartes.edu.ec\/sitio\/wp-content\/uploads\/2025\/09\/Proyecto-Cambiar-tamano-de-imagen-2025-09-15T132345.471.jpeg\" \/>\n\t<meta property=\"og:image:width\" content=\"2000\" \/>\n\t<meta property=\"og:image:height\" content=\"1333\" \/>\n\t<meta property=\"og:image:type\" content=\"image\/jpeg\" \/>\n<meta name=\"author\" content=\"ccortez\" \/>\n<meta name=\"twitter:card\" content=\"summary_large_image\" \/>\n<meta name=\"twitter:creator\" content=\"@uartesec\" \/>\n<meta name=\"twitter:site\" content=\"@uartesec\" \/>\n<meta name=\"twitter:label1\" content=\"Written by\" \/>\n\t<meta name=\"twitter:data1\" content=\"ccortez\" \/>\n\t<meta name=\"twitter:label2\" content=\"Est. reading time\" \/>\n\t<meta name=\"twitter:data2\" content=\"2 minutes\" \/>\n<script type=\"application\/ld+json\" class=\"yoast-schema-graph\">{\"@context\":\"https:\\\/\\\/schema.org\",\"@graph\":[{\"@type\":\"Article\",\"@id\":\"https:\\\/\\\/www.uartes.edu.ec\\\/sitio\\\/en\\\/blog\\\/2025\\\/09\\\/15\\\/uartes-firma-convenio-de-cooperacion-interinstitucional-con-el-iavq\\\/#article\",\"isPartOf\":{\"@id\":\"https:\\\/\\\/www.uartes.edu.ec\\\/sitio\\\/en\\\/blog\\\/2025\\\/09\\\/15\\\/uartes-firma-convenio-de-cooperacion-interinstitucional-con-el-iavq\\\/\"},\"author\":{\"name\":\"ccortez\",\"@id\":\"https:\\\/\\\/www.uartes.edu.ec\\\/sitio\\\/en\\\/#\\\/schema\\\/person\\\/efa1b8275797664fd7f13a79ccc0b1f4\"},\"headline\":\"UArtes firma convenio de cooperaci\u00f3n interinstitucional con el Instituto Superior Universitario de Artes Visuales de Quito\",\"datePublished\":\"2025-09-15T23:15:08+00:00\",\"dateModified\":\"2025-09-15T23:18:29+00:00\",\"mainEntityOfPage\":{\"@id\":\"https:\\\/\\\/www.uartes.edu.ec\\\/sitio\\\/en\\\/blog\\\/2025\\\/09\\\/15\\\/uartes-firma-convenio-de-cooperacion-interinstitucional-con-el-iavq\\\/\"},\"wordCount\":429,\"commentCount\":0,\"publisher\":{\"@id\":\"https:\\\/\\\/www.uartes.edu.ec\\\/sitio\\\/en\\\/#organization\"},\"image\":{\"@id\":\"https:\\\/\\\/www.uartes.edu.ec\\\/sitio\\\/en\\\/blog\\\/2025\\\/09\\\/15\\\/uartes-firma-convenio-de-cooperacion-interinstitucional-con-el-iavq\\\/#primaryimage\"},\"thumbnailUrl\":\"https:\\\/\\\/www.uartes.edu.ec\\\/sitio\\\/wp-content\\\/uploads\\\/2025\\\/09\\\/Proyecto-Cambiar-tamano-de-imagen-2025-09-15T132345.471.jpeg\",\"keywords\":[\"relaciones\"],\"articleSection\":[\"Acad\u00e9mico\",\"Gesti\u00f3n\",\"Rectorado\"],\"inLanguage\":\"en-US\",\"potentialAction\":[{\"@type\":\"CommentAction\",\"name\":\"Comment\",\"target\":[\"https:\\\/\\\/www.uartes.edu.ec\\\/sitio\\\/en\\\/blog\\\/2025\\\/09\\\/15\\\/uartes-firma-convenio-de-cooperacion-interinstitucional-con-el-iavq\\\/#respond\"]}]},{\"@type\":[\"WebPage\",\"ItemPage\"],\"@id\":\"https:\\\/\\\/www.uartes.edu.ec\\\/sitio\\\/en\\\/blog\\\/2025\\\/09\\\/15\\\/uartes-firma-convenio-de-cooperacion-interinstitucional-con-el-iavq\\\/\",\"url\":\"https:\\\/\\\/www.uartes.edu.ec\\\/sitio\\\/en\\\/blog\\\/2025\\\/09\\\/15\\\/uartes-firma-convenio-de-cooperacion-interinstitucional-con-el-iavq\\\/\",\"name\":\"Universidad de las Artes - UArtes firma convenio de cooperaci\u00f3n interinstitucional con el Instituto Superior Universitario de Artes Visuales de Quito\",\"isPartOf\":{\"@id\":\"https:\\\/\\\/www.uartes.edu.ec\\\/sitio\\\/en\\\/#website\"},\"primaryImageOfPage\":{\"@id\":\"https:\\\/\\\/www.uartes.edu.ec\\\/sitio\\\/en\\\/blog\\\/2025\\\/09\\\/15\\\/uartes-firma-convenio-de-cooperacion-interinstitucional-con-el-iavq\\\/#primaryimage\"},\"image\":{\"@id\":\"https:\\\/\\\/www.uartes.edu.ec\\\/sitio\\\/en\\\/blog\\\/2025\\\/09\\\/15\\\/uartes-firma-convenio-de-cooperacion-interinstitucional-con-el-iavq\\\/#primaryimage\"},\"thumbnailUrl\":\"https:\\\/\\\/www.uartes.edu.ec\\\/sitio\\\/wp-content\\\/uploads\\\/2025\\\/09\\\/Proyecto-Cambiar-tamano-de-imagen-2025-09-15T132345.471.jpeg\",\"datePublished\":\"2025-09-15T23:15:08+00:00\",\"dateModified\":\"2025-09-15T23:18:29+00:00\",\"description\":\"Universidad de las Artes - UArtes firma convenio de cooperaci\u00f3n interinstitucional con el Instituto Superior Universitario de Artes Visuales de Quito\",\"breadcrumb\":{\"@id\":\"https:\\\/\\\/www.uartes.edu.ec\\\/sitio\\\/en\\\/blog\\\/2025\\\/09\\\/15\\\/uartes-firma-convenio-de-cooperacion-interinstitucional-con-el-iavq\\\/#breadcrumb\"},\"inLanguage\":\"en-US\",\"potentialAction\":[{\"@type\":\"ReadAction\",\"target\":[\"https:\\\/\\\/www.uartes.edu.ec\\\/sitio\\\/en\\\/blog\\\/2025\\\/09\\\/15\\\/uartes-firma-convenio-de-cooperacion-interinstitucional-con-el-iavq\\\/\"]}]},{\"@type\":\"ImageObject\",\"inLanguage\":\"en-US\",\"@id\":\"https:\\\/\\\/www.uartes.edu.ec\\\/sitio\\\/en\\\/blog\\\/2025\\\/09\\\/15\\\/uartes-firma-convenio-de-cooperacion-interinstitucional-con-el-iavq\\\/#primaryimage\",\"url\":\"https:\\\/\\\/www.uartes.edu.ec\\\/sitio\\\/wp-content\\\/uploads\\\/2025\\\/09\\\/Proyecto-Cambiar-tamano-de-imagen-2025-09-15T132345.471.jpeg\",\"contentUrl\":\"https:\\\/\\\/www.uartes.edu.ec\\\/sitio\\\/wp-content\\\/uploads\\\/2025\\\/09\\\/Proyecto-Cambiar-tamano-de-imagen-2025-09-15T132345.471.jpeg\",\"width\":2000,\"height\":1333},{\"@type\":\"BreadcrumbList\",\"@id\":\"https:\\\/\\\/www.uartes.edu.ec\\\/sitio\\\/en\\\/blog\\\/2025\\\/09\\\/15\\\/uartes-firma-convenio-de-cooperacion-interinstitucional-con-el-iavq\\\/#breadcrumb\",\"itemListElement\":[{\"@type\":\"ListItem\",\"position\":1,\"name\":\"Inicio\",\"item\":\"https:\\\/\\\/www.uartes.edu.ec\\\/sitio\\\/\"},{\"@type\":\"ListItem\",\"position\":2,\"name\":\"UArtes firma convenio de cooperaci\u00f3n interinstitucional con el Instituto Superior Universitario de Artes Visuales de Quito\"}]},{\"@type\":\"WebSite\",\"@id\":\"https:\\\/\\\/www.uartes.edu.ec\\\/sitio\\\/en\\\/#website\",\"url\":\"https:\\\/\\\/www.uartes.edu.ec\\\/sitio\\\/en\\\/\",\"name\":\"Universidad de las Artes\",\"description\":\"Sitio oficial de la Universidad Nacional de las Artes del Ecuador\",\"publisher\":{\"@id\":\"https:\\\/\\\/www.uartes.edu.ec\\\/sitio\\\/en\\\/#organization\"},\"potentialAction\":[{\"@type\":\"SearchAction\",\"target\":{\"@type\":\"EntryPoint\",\"urlTemplate\":\"https:\\\/\\\/www.uartes.edu.ec\\\/sitio\\\/en\\\/?s={search_term_string}\"},\"query-input\":{\"@type\":\"PropertyValueSpecification\",\"valueRequired\":true,\"valueName\":\"search_term_string\"}}],\"inLanguage\":\"en-US\"},{\"@type\":\"Organization\",\"@id\":\"https:\\\/\\\/www.uartes.edu.ec\\\/sitio\\\/en\\\/#organization\",\"name\":\"Universidad de las Artes\",\"url\":\"https:\\\/\\\/www.uartes.edu.ec\\\/sitio\\\/en\\\/\",\"logo\":{\"@type\":\"ImageObject\",\"inLanguage\":\"en-US\",\"@id\":\"https:\\\/\\\/www.uartes.edu.ec\\\/sitio\\\/en\\\/#\\\/schema\\\/logo\\\/image\\\/\",\"url\":\"https:\\\/\\\/www.uartes.edu.ec\\\/sitio\\\/wp-content\\\/uploads\\\/2022\\\/07\\\/logo-ua-horizontal.png\",\"contentUrl\":\"https:\\\/\\\/www.uartes.edu.ec\\\/sitio\\\/wp-content\\\/uploads\\\/2022\\\/07\\\/logo-ua-horizontal.png\",\"width\":800,\"height\":276,\"caption\":\"Universidad de las Artes\"},\"image\":{\"@id\":\"https:\\\/\\\/www.uartes.edu.ec\\\/sitio\\\/en\\\/#\\\/schema\\\/logo\\\/image\\\/\"},\"sameAs\":[\"https:\\\/\\\/www.facebook.com\\\/uartesec\",\"https:\\\/\\\/x.com\\\/uartesec\",\"https:\\\/\\\/www.tiktok.com\\\/@uartesec\"]},{\"@type\":\"Person\",\"@id\":\"https:\\\/\\\/www.uartes.edu.ec\\\/sitio\\\/en\\\/#\\\/schema\\\/person\\\/efa1b8275797664fd7f13a79ccc0b1f4\",\"name\":\"ccortez\",\"image\":{\"@type\":\"ImageObject\",\"inLanguage\":\"en-US\",\"@id\":\"https:\\\/\\\/secure.gravatar.com\\\/avatar\\\/b2a6f664a3ae8e074346ef91775736c5ec479e637ecced6842de9dc98b5da9cd?s=96&d=mm&r=g\",\"url\":\"https:\\\/\\\/secure.gravatar.com\\\/avatar\\\/b2a6f664a3ae8e074346ef91775736c5ec479e637ecced6842de9dc98b5da9cd?s=96&d=mm&r=g\",\"contentUrl\":\"https:\\\/\\\/secure.gravatar.com\\\/avatar\\\/b2a6f664a3ae8e074346ef91775736c5ec479e637ecced6842de9dc98b5da9cd?s=96&d=mm&r=g\",\"caption\":\"ccortez\"},\"url\":\"https:\\\/\\\/www.uartes.edu.ec\\\/sitio\\\/en\\\/blog\\\/author\\\/ccortez\\\/\"}]}<\/script>\n<!-- \/ Yoast SEO plugin. -->","yoast_head_json":{"title":"Universidad de las Artes - UArtes firma convenio de cooperaci\u00f3n interinstitucional con el Instituto Superior Universitario de Artes Visuales de Quito","description":"Universidad de las Artes - UArtes firma convenio de cooperaci\u00f3n interinstitucional con el Instituto Superior Universitario de Artes Visuales de Quito","robots":{"index":"index","follow":"follow","max-snippet":"max-snippet:-1","max-image-preview":"max-image-preview:large","max-video-preview":"max-video-preview:-1"},"canonical":"https:\/\/www.uartes.edu.ec\/sitio\/en\/blog\/2025\/09\/15\/uartes-firma-convenio-de-cooperacion-interinstitucional-con-el-iavq\/","og_locale":"en_US","og_type":"article","og_title":"Universidad de las Artes - UArtes firma convenio de cooperaci\u00f3n interinstitucional con el Instituto Superior Universitario de Artes Visuales de Quito","og_description":"Universidad de las Artes - UArtes firma convenio de cooperaci\u00f3n interinstitucional con el Instituto Superior Universitario de Artes Visuales de Quito","og_url":"https:\/\/www.uartes.edu.ec\/sitio\/en\/blog\/2025\/09\/15\/uartes-firma-convenio-de-cooperacion-interinstitucional-con-el-iavq\/","og_site_name":"Universidad de las Artes","article_publisher":"https:\/\/www.facebook.com\/uartesec","article_published_time":"2025-09-15T23:15:08+00:00","article_modified_time":"2025-09-15T23:18:29+00:00","og_image":[{"width":2000,"height":1333,"url":"https:\/\/www.uartes.edu.ec\/sitio\/wp-content\/uploads\/2025\/09\/Proyecto-Cambiar-tamano-de-imagen-2025-09-15T132345.471.jpeg","type":"image\/jpeg"}],"author":"ccortez","twitter_card":"summary_large_image","twitter_creator":"@uartesec","twitter_site":"@uartesec","twitter_misc":{"Written by":"ccortez","Est. reading time":"2 minutes"},"schema":{"@context":"https:\/\/schema.org","@graph":[{"@type":"Article","@id":"https:\/\/www.uartes.edu.ec\/sitio\/en\/blog\/2025\/09\/15\/uartes-firma-convenio-de-cooperacion-interinstitucional-con-el-iavq\/#article","isPartOf":{"@id":"https:\/\/www.uartes.edu.ec\/sitio\/en\/blog\/2025\/09\/15\/uartes-firma-convenio-de-cooperacion-interinstitucional-con-el-iavq\/"},"author":{"name":"ccortez","@id":"https:\/\/www.uartes.edu.ec\/sitio\/en\/#\/schema\/person\/efa1b8275797664fd7f13a79ccc0b1f4"},"headline":"UArtes firma convenio de cooperaci\u00f3n interinstitucional con el Instituto Superior Universitario de Artes Visuales de Quito","datePublished":"2025-09-15T23:15:08+00:00","dateModified":"2025-09-15T23:18:29+00:00","mainEntityOfPage":{"@id":"https:\/\/www.uartes.edu.ec\/sitio\/en\/blog\/2025\/09\/15\/uartes-firma-convenio-de-cooperacion-interinstitucional-con-el-iavq\/"},"wordCount":429,"commentCount":0,"publisher":{"@id":"https:\/\/www.uartes.edu.ec\/sitio\/en\/#organization"},"image":{"@id":"https:\/\/www.uartes.edu.ec\/sitio\/en\/blog\/2025\/09\/15\/uartes-firma-convenio-de-cooperacion-interinstitucional-con-el-iavq\/#primaryimage"},"thumbnailUrl":"https:\/\/www.uartes.edu.ec\/sitio\/wp-content\/uploads\/2025\/09\/Proyecto-Cambiar-tamano-de-imagen-2025-09-15T132345.471.jpeg","keywords":["relaciones"],"articleSection":["Acad\u00e9mico","Gesti\u00f3n","Rectorado"],"inLanguage":"en-US","potentialAction":[{"@type":"CommentAction","name":"Comment","target":["https:\/\/www.uartes.edu.ec\/sitio\/en\/blog\/2025\/09\/15\/uartes-firma-convenio-de-cooperacion-interinstitucional-con-el-iavq\/#respond"]}]},{"@type":["WebPage","ItemPage"],"@id":"https:\/\/www.uartes.edu.ec\/sitio\/en\/blog\/2025\/09\/15\/uartes-firma-convenio-de-cooperacion-interinstitucional-con-el-iavq\/","url":"https:\/\/www.uartes.edu.ec\/sitio\/en\/blog\/2025\/09\/15\/uartes-firma-convenio-de-cooperacion-interinstitucional-con-el-iavq\/","name":"Universidad de las Artes - UArtes firma convenio de cooperaci\u00f3n interinstitucional con el Instituto Superior Universitario de Artes Visuales de Quito","isPartOf":{"@id":"https:\/\/www.uartes.edu.ec\/sitio\/en\/#website"},"primaryImageOfPage":{"@id":"https:\/\/www.uartes.edu.ec\/sitio\/en\/blog\/2025\/09\/15\/uartes-firma-convenio-de-cooperacion-interinstitucional-con-el-iavq\/#primaryimage"},"image":{"@id":"https:\/\/www.uartes.edu.ec\/sitio\/en\/blog\/2025\/09\/15\/uartes-firma-convenio-de-cooperacion-interinstitucional-con-el-iavq\/#primaryimage"},"thumbnailUrl":"https:\/\/www.uartes.edu.ec\/sitio\/wp-content\/uploads\/2025\/09\/Proyecto-Cambiar-tamano-de-imagen-2025-09-15T132345.471.jpeg","datePublished":"2025-09-15T23:15:08+00:00","dateModified":"2025-09-15T23:18:29+00:00","description":"Universidad de las Artes - UArtes firma convenio de cooperaci\u00f3n interinstitucional con el Instituto Superior Universitario de Artes Visuales de Quito","breadcrumb":{"@id":"https:\/\/www.uartes.edu.ec\/sitio\/en\/blog\/2025\/09\/15\/uartes-firma-convenio-de-cooperacion-interinstitucional-con-el-iavq\/#breadcrumb"},"inLanguage":"en-US","potentialAction":[{"@type":"ReadAction","target":["https:\/\/www.uartes.edu.ec\/sitio\/en\/blog\/2025\/09\/15\/uartes-firma-convenio-de-cooperacion-interinstitucional-con-el-iavq\/"]}]},{"@type":"ImageObject","inLanguage":"en-US","@id":"https:\/\/www.uartes.edu.ec\/sitio\/en\/blog\/2025\/09\/15\/uartes-firma-convenio-de-cooperacion-interinstitucional-con-el-iavq\/#primaryimage","url":"https:\/\/www.uartes.edu.ec\/sitio\/wp-content\/uploads\/2025\/09\/Proyecto-Cambiar-tamano-de-imagen-2025-09-15T132345.471.jpeg","contentUrl":"https:\/\/www.uartes.edu.ec\/sitio\/wp-content\/uploads\/2025\/09\/Proyecto-Cambiar-tamano-de-imagen-2025-09-15T132345.471.jpeg","width":2000,"height":1333},{"@type":"BreadcrumbList","@id":"https:\/\/www.uartes.edu.ec\/sitio\/en\/blog\/2025\/09\/15\/uartes-firma-convenio-de-cooperacion-interinstitucional-con-el-iavq\/#breadcrumb","itemListElement":[{"@type":"ListItem","position":1,"name":"Inicio","item":"https:\/\/www.uartes.edu.ec\/sitio\/"},{"@type":"ListItem","position":2,"name":"UArtes firma convenio de cooperaci\u00f3n interinstitucional con el Instituto Superior Universitario de Artes Visuales de Quito"}]},{"@type":"WebSite","@id":"https:\/\/www.uartes.edu.ec\/sitio\/en\/#website","url":"https:\/\/www.uartes.edu.ec\/sitio\/en\/","name":"Universidad de las Artes","description":"Sitio oficial de la Universidad Nacional de las Artes del Ecuador","publisher":{"@id":"https:\/\/www.uartes.edu.ec\/sitio\/en\/#organization"},"potentialAction":[{"@type":"SearchAction","target":{"@type":"EntryPoint","urlTemplate":"https:\/\/www.uartes.edu.ec\/sitio\/en\/?s={search_term_string}"},"query-input":{"@type":"PropertyValueSpecification","valueRequired":true,"valueName":"search_term_string"}}],"inLanguage":"en-US"},{"@type":"Organization","@id":"https:\/\/www.uartes.edu.ec\/sitio\/en\/#organization","name":"Universidad de las Artes","url":"https:\/\/www.uartes.edu.ec\/sitio\/en\/","logo":{"@type":"ImageObject","inLanguage":"en-US","@id":"https:\/\/www.uartes.edu.ec\/sitio\/en\/#\/schema\/logo\/image\/","url":"https:\/\/www.uartes.edu.ec\/sitio\/wp-content\/uploads\/2022\/07\/logo-ua-horizontal.png","contentUrl":"https:\/\/www.uartes.edu.ec\/sitio\/wp-content\/uploads\/2022\/07\/logo-ua-horizontal.png","width":800,"height":276,"caption":"Universidad de las Artes"},"image":{"@id":"https:\/\/www.uartes.edu.ec\/sitio\/en\/#\/schema\/logo\/image\/"},"sameAs":["https:\/\/www.facebook.com\/uartesec","https:\/\/x.com\/uartesec","https:\/\/www.tiktok.com\/@uartesec"]},{"@type":"Person","@id":"https:\/\/www.uartes.edu.ec\/sitio\/en\/#\/schema\/person\/efa1b8275797664fd7f13a79ccc0b1f4","name":"ccortez","image":{"@type":"ImageObject","inLanguage":"en-US","@id":"https:\/\/secure.gravatar.com\/avatar\/b2a6f664a3ae8e074346ef91775736c5ec479e637ecced6842de9dc98b5da9cd?s=96&d=mm&r=g","url":"https:\/\/secure.gravatar.com\/avatar\/b2a6f664a3ae8e074346ef91775736c5ec479e637ecced6842de9dc98b5da9cd?s=96&d=mm&r=g","contentUrl":"https:\/\/secure.gravatar.com\/avatar\/b2a6f664a3ae8e074346ef91775736c5ec479e637ecced6842de9dc98b5da9cd?s=96&d=mm&r=g","caption":"ccortez"},"url":"https:\/\/www.uartes.edu.ec\/sitio\/en\/blog\/author\/ccortez\/"}]}},"uagb_featured_image_src":{"full":["https:\/\/www.uartes.edu.ec\/sitio\/wp-content\/uploads\/2025\/09\/Proyecto-Cambiar-tamano-de-imagen-2025-09-15T132345.471.jpeg",2000,1333,false],"thumbnail":["https:\/\/www.uartes.edu.ec\/sitio\/wp-content\/uploads\/2025\/09\/Proyecto-Cambiar-tamano-de-imagen-2025-09-15T132345.471-150x150.jpeg",150,150,true],"medium":["https:\/\/www.uartes.edu.ec\/sitio\/wp-content\/uploads\/2025\/09\/Proyecto-Cambiar-tamano-de-imagen-2025-09-15T132345.471-300x200.jpeg",300,200,true],"medium_large":["https:\/\/www.uartes.edu.ec\/sitio\/wp-content\/uploads\/2025\/09\/Proyecto-Cambiar-tamano-de-imagen-2025-09-15T132345.471-768x512.jpeg",768,512,true],"large":["https:\/\/www.uartes.edu.ec\/sitio\/wp-content\/uploads\/2025\/09\/Proyecto-Cambiar-tamano-de-imagen-2025-09-15T132345.471-644x429.jpeg",644,429,true],"1536x1536":["https:\/\/www.uartes.edu.ec\/sitio\/wp-content\/uploads\/2025\/09\/Proyecto-Cambiar-tamano-de-imagen-2025-09-15T132345.471-1536x1024.jpeg",1536,1024,true],"2048x2048":["https:\/\/www.uartes.edu.ec\/sitio\/wp-content\/uploads\/2025\/09\/Proyecto-Cambiar-tamano-de-imagen-2025-09-15T132345.471.jpeg",2000,1333,false],"trp-custom-language-flag":["https:\/\/www.uartes.edu.ec\/sitio\/wp-content\/uploads\/2025\/09\/Proyecto-Cambiar-tamano-de-imagen-2025-09-15T132345.471-18x12.jpeg",18,12,true],"htmega_size_585x295":["https:\/\/www.uartes.edu.ec\/sitio\/wp-content\/uploads\/2025\/09\/Proyecto-Cambiar-tamano-de-imagen-2025-09-15T132345.471-585x295.jpeg",585,295,true],"htmega_size_1170x536":["https:\/\/www.uartes.edu.ec\/sitio\/wp-content\/uploads\/2025\/09\/Proyecto-Cambiar-tamano-de-imagen-2025-09-15T132345.471-1170x536.jpeg",1170,536,true],"htmega_size_396x360":["https:\/\/www.uartes.edu.ec\/sitio\/wp-content\/uploads\/2025\/09\/Proyecto-Cambiar-tamano-de-imagen-2025-09-15T132345.471-396x360.jpeg",396,360,true],"gb-block-post-grid-landscape":["https:\/\/www.uartes.edu.ec\/sitio\/wp-content\/uploads\/2025\/09\/Proyecto-Cambiar-tamano-de-imagen-2025-09-15T132345.471-600x400.jpeg",600,400,true],"gb-block-post-grid-square":["https:\/\/www.uartes.edu.ec\/sitio\/wp-content\/uploads\/2025\/09\/Proyecto-Cambiar-tamano-de-imagen-2025-09-15T132345.471-600x600.jpeg",600,600,true],"university-hub-thumb":["https:\/\/www.uartes.edu.ec\/sitio\/wp-content\/uploads\/2025\/09\/Proyecto-Cambiar-tamano-de-imagen-2025-09-15T132345.471-400x267.jpeg",400,267,true],"mailpoet_newsletter_max":["https:\/\/www.uartes.edu.ec\/sitio\/wp-content\/uploads\/2025\/09\/Proyecto-Cambiar-tamano-de-imagen-2025-09-15T132345.471.jpeg",1320,880,false]},"uagb_author_info":{"display_name":"ccortez","author_link":"https:\/\/www.uartes.edu.ec\/sitio\/en\/blog\/author\/ccortez\/"},"uagb_comment_info":0,"uagb_excerpt":"Los rectores de la Universidad de las Artes (UArtes), doctor William Herrera, y del Instituto Superior Universitario de Artes Visuales de Quito (IAVQ), Mgs. William Plascencia, firmaron un convenio marco de cooperaci\u00f3n interinstitucional, en los \u00e1mbitos de docencia, investigaci\u00f3n, vinculaci\u00f3n con la sociedad, formaci\u00f3n continua, pr\u00e1cticas preprofesionales, producci\u00f3n e innovaci\u00f3n.","featured_image_src":"https:\/\/www.uartes.edu.ec\/sitio\/wp-content\/uploads\/2025\/09\/Proyecto-Cambiar-tamano-de-imagen-2025-09-15T132345.471-600x400.jpeg","featured_image_src_square":"https:\/\/www.uartes.edu.ec\/sitio\/wp-content\/uploads\/2025\/09\/Proyecto-Cambiar-tamano-de-imagen-2025-09-15T132345.471-600x600.jpeg","author_info":{"display_name":"ccortez","author_link":"https:\/\/www.uartes.edu.ec\/sitio\/en\/blog\/author\/ccortez\/"},"publishpress_future_workflow_manual_trigger":{"enabledWorkflows":[]},"distributor_meta":false,"distributor_terms":false,"distributor_media":false,"distributor_original_site_name":"Universidad de las Artes","distributor_original_site_url":"https:\/\/www.uartes.edu.ec\/sitio\/en","push-errors":false,"_links":{"self":[{"href":"https:\/\/www.uartes.edu.ec\/sitio\/en\/wp-json\/wp\/v2\/posts\/79015","targetHints":{"allow":["GET"]}}],"collection":[{"href":"https:\/\/www.uartes.edu.ec\/sitio\/en\/wp-json\/wp\/v2\/posts"}],"about":[{"href":"https:\/\/www.uartes.edu.ec\/sitio\/en\/wp-json\/wp\/v2\/types\/post"}],"author":[{"embeddable":true,"href":"https:\/\/www.uartes.edu.ec\/sitio\/en\/wp-json\/wp\/v2\/users\/10"}],"replies":[{"embeddable":true,"href":"https:\/\/www.uartes.edu.ec\/sitio\/en\/wp-json\/wp\/v2\/comments?post=79015"}],"version-history":[{"count":4,"href":"https:\/\/www.uartes.edu.ec\/sitio\/en\/wp-json\/wp\/v2\/posts\/79015\/revisions"}],"predecessor-version":[{"id":79029,"href":"https:\/\/www.uartes.edu.ec\/sitio\/en\/wp-json\/wp\/v2\/posts\/79015\/revisions\/79029"}],"wp:featuredmedia":[{"embeddable":true,"href":"https:\/\/www.uartes.edu.ec\/sitio\/en\/wp-json\/wp\/v2\/media\/79016"}],"wp:attachment":[{"href":"https:\/\/www.uartes.edu.ec\/sitio\/en\/wp-json\/wp\/v2\/media?parent=79015"}],"wp:term":[{"taxonomy":"category","embeddable":true,"href":"https:\/\/www.uartes.edu.ec\/sitio\/en\/wp-json\/wp\/v2\/categories?post=79015"},{"taxonomy":"post_tag","embeddable":true,"href":"https:\/\/www.uartes.edu.ec\/sitio\/en\/wp-json\/wp\/v2\/tags?post=79015"},{"taxonomy":"infouartes","embeddable":true,"href":"https:\/\/www.uartes.edu.ec\/sitio\/en\/wp-json\/wp\/v2\/infouartes?post=79015"}],"curies":[{"name":"wp","href":"https:\/\/api.w.org\/{rel}","templated":true}]}}