{"id":80090,"date":"2025-10-07T19:32:00","date_gmt":"2025-10-08T00:32:00","guid":{"rendered":"https:\/\/www.uartes.edu.ec\/sitio\/?p=80090"},"modified":"2025-10-30T12:26:48","modified_gmt":"2025-10-30T17:26:48","slug":"el-sbu-fest-iis-2025-premio-a-los-ganadores-de-las-competencias-de-integracion-que-organizo","status":"publish","type":"post","link":"https:\/\/www.uartes.edu.ec\/sitio\/en\/blog\/2025\/10\/07\/el-sbu-fest-iis-2025-premio-a-los-ganadores-de-las-competencias-de-integracion-que-organizo\/","title":{"rendered":"En emotivo acto el SBU FEST IIS 2025 premi\u00f3 a los ganadores de los torneos"},"content":{"rendered":"<p>Con el objetivo de fortalecer la integraci\u00f3n, participaci\u00f3n y bienestar de la comunidad universitaria, mediante actividades art\u00edsticas, culturales, deportivas, l\u00fadicas y de emprendimiento, la Secretar\u00eda de Bienestar Universitario desarroll\u00f3 con gran \u00e9xito durante el mes de septiembre una nueva edici\u00f3n del evento institucional SBU FEST IIS 2025.<\/p>\n\n\n\n<p>Tras cumplir con un amplio cronograma de participaciones que llev\u00f3 a finales de gran expectativa, la premiaci\u00f3n de los ganadores de los varios cert\u00e1menes tuvo lugar el pasado 26 de septiembre y cont\u00f3 con la presencia de las doctoras Olga L\u00f3pez, vicerrectora Acad\u00e9mica, y Ana Gabriela Rivadeneira, vicerrectora de Posgrado e Investigaci\u00f3n en Artes.<\/p>\n\n\n\n<p>Durante el acto, nuestras autoridades universitarias reconocieron el esfuerzo, talento y compromiso demostrados por las y los ganadores en las diversas actividades del festival, en compa\u00f1\u00eda del p\u00fablico que se sum\u00f3 a la celebraci\u00f3n. Como presentador del evento intervino Ronny Ramos, funcionario de la Direcci\u00f3n de Vinculaci\u00f3n con la Sociedad.<\/p>\n\n\n<div class=\"wp-block-image\">\n<figure class=\"aligncenter size-large\"><img fetchpriority=\"high\" decoding=\"async\" width=\"644\" height=\"429\" src=\"https:\/\/www.uartes.edu.ec\/sitio\/wp-content\/uploads\/2025\/10\/SBU3-1-644x429.jpg\" alt=\"\" class=\"wp-image-80092\" srcset=\"https:\/\/www.uartes.edu.ec\/sitio\/wp-content\/uploads\/2025\/10\/SBU3-1-644x429.jpg 644w, https:\/\/www.uartes.edu.ec\/sitio\/wp-content\/uploads\/2025\/10\/SBU3-1-300x200.jpg 300w, https:\/\/www.uartes.edu.ec\/sitio\/wp-content\/uploads\/2025\/10\/SBU3-1-768x512.jpg 768w, https:\/\/www.uartes.edu.ec\/sitio\/wp-content\/uploads\/2025\/10\/SBU3-1-1536x1024.jpg 1536w, https:\/\/www.uartes.edu.ec\/sitio\/wp-content\/uploads\/2025\/10\/SBU3-1-18x12.jpg 18w, https:\/\/www.uartes.edu.ec\/sitio\/wp-content\/uploads\/2025\/10\/SBU3-1-600x400.jpg 600w, https:\/\/www.uartes.edu.ec\/sitio\/wp-content\/uploads\/2025\/10\/SBU3-1-400x267.jpg 400w, https:\/\/www.uartes.edu.ec\/sitio\/wp-content\/uploads\/2025\/10\/SBU3-1.jpg 2000w\" sizes=\"(max-width: 644px) 100vw, 644px\" \/><\/figure>\n<\/div>\n\n\n<figure class=\"wp-block-gallery has-nested-images columns-default is-cropped wp-block-gallery-1 is-layout-flex wp-block-gallery-is-layout-flex\">\n<figure class=\"wp-block-image size-large\"><img decoding=\"async\" width=\"644\" height=\"429\" data-id=\"80094\" src=\"https:\/\/www.uartes.edu.ec\/sitio\/wp-content\/uploads\/2025\/10\/SBU5-644x429.jpg\" alt=\"\" class=\"wp-image-80094\" srcset=\"https:\/\/www.uartes.edu.ec\/sitio\/wp-content\/uploads\/2025\/10\/SBU5-644x429.jpg 644w, https:\/\/www.uartes.edu.ec\/sitio\/wp-content\/uploads\/2025\/10\/SBU5-300x200.jpg 300w, https:\/\/www.uartes.edu.ec\/sitio\/wp-content\/uploads\/2025\/10\/SBU5-768x512.jpg 768w, https:\/\/www.uartes.edu.ec\/sitio\/wp-content\/uploads\/2025\/10\/SBU5-1536x1024.jpg 1536w, https:\/\/www.uartes.edu.ec\/sitio\/wp-content\/uploads\/2025\/10\/SBU5-18x12.jpg 18w, https:\/\/www.uartes.edu.ec\/sitio\/wp-content\/uploads\/2025\/10\/SBU5-600x400.jpg 600w, https:\/\/www.uartes.edu.ec\/sitio\/wp-content\/uploads\/2025\/10\/SBU5-400x267.jpg 400w, https:\/\/www.uartes.edu.ec\/sitio\/wp-content\/uploads\/2025\/10\/SBU5.jpg 2000w\" sizes=\"(max-width: 644px) 100vw, 644px\" \/><\/figure>\n\n\n\n<figure class=\"wp-block-image size-large\"><img decoding=\"async\" width=\"644\" height=\"429\" data-id=\"80096\" src=\"https:\/\/www.uartes.edu.ec\/sitio\/wp-content\/uploads\/2025\/10\/Proyecto-Cambiar-tamano-de-imagen-2025-10-08T184712.003-644x429.jpeg\" alt=\"\" class=\"wp-image-80096\" srcset=\"https:\/\/www.uartes.edu.ec\/sitio\/wp-content\/uploads\/2025\/10\/Proyecto-Cambiar-tamano-de-imagen-2025-10-08T184712.003-644x429.jpeg 644w, https:\/\/www.uartes.edu.ec\/sitio\/wp-content\/uploads\/2025\/10\/Proyecto-Cambiar-tamano-de-imagen-2025-10-08T184712.003-300x200.jpeg 300w, https:\/\/www.uartes.edu.ec\/sitio\/wp-content\/uploads\/2025\/10\/Proyecto-Cambiar-tamano-de-imagen-2025-10-08T184712.003-768x512.jpeg 768w, https:\/\/www.uartes.edu.ec\/sitio\/wp-content\/uploads\/2025\/10\/Proyecto-Cambiar-tamano-de-imagen-2025-10-08T184712.003-1536x1024.jpeg 1536w, https:\/\/www.uartes.edu.ec\/sitio\/wp-content\/uploads\/2025\/10\/Proyecto-Cambiar-tamano-de-imagen-2025-10-08T184712.003-18x12.jpeg 18w, https:\/\/www.uartes.edu.ec\/sitio\/wp-content\/uploads\/2025\/10\/Proyecto-Cambiar-tamano-de-imagen-2025-10-08T184712.003-600x400.jpeg 600w, https:\/\/www.uartes.edu.ec\/sitio\/wp-content\/uploads\/2025\/10\/Proyecto-Cambiar-tamano-de-imagen-2025-10-08T184712.003-400x267.jpeg 400w, https:\/\/www.uartes.edu.ec\/sitio\/wp-content\/uploads\/2025\/10\/Proyecto-Cambiar-tamano-de-imagen-2025-10-08T184712.003.jpeg 2000w\" sizes=\"(max-width: 644px) 100vw, 644px\" \/><\/figure>\n<\/figure>\n\n\n\n<p><\/p>\n\n\n\n<p>En la ceremonia, que constituy\u00f3 un cierre significativo para el SBU FEST IIS 2025 y reafirm\u00f3 el compromiso institucional con el bienestar, la participaci\u00f3n y el desarrollo integral de toda la comunidad universitaria, se premiaron a los ganadores de los tres primeros lugares del Campeonato de Tenis de Mesa: el primero para Fernando Mor\u00e1n, el segundo para Ibsen Zambrano y el tercero para David Avil\u00e9s; en ese orden entregaron los reconocimientos la doctora Karla V\u00e1sconez, directora de Salud Universitaria; Angie Orejuela, funcionaria de la SBU; y Brian Calle, representante del Club de Tenis de Mesa.<\/p>\n\n\n\n<p>Del concurso Batalla de Hip Hop \u201cOpen Style\u201d, los ganadores fueron: Angelina Alvarado, primer lugar; Ramiro Ram\u00edrez, segundo lugar; y Danna Romero, tercer lugar. Ellos recibieron las preseas de la vicerrectora Ana Gabriela Rivadeneira y de V\u00edctor Espinosa y Ximena Mayorga, funcionarios de la SUB.<\/p>\n\n\n\n<figure class=\"wp-block-gallery has-nested-images columns-default is-cropped wp-block-gallery-2 is-layout-flex wp-block-gallery-is-layout-flex\">\n<figure class=\"wp-block-image size-large\"><img loading=\"lazy\" decoding=\"async\" width=\"644\" height=\"429\" data-id=\"80093\" src=\"https:\/\/www.uartes.edu.ec\/sitio\/wp-content\/uploads\/2025\/10\/Proyecto-Cambiar-tamano-de-imagen-2025-10-08T185421.641-644x429.jpeg\" alt=\"\" class=\"wp-image-80093\" srcset=\"https:\/\/www.uartes.edu.ec\/sitio\/wp-content\/uploads\/2025\/10\/Proyecto-Cambiar-tamano-de-imagen-2025-10-08T185421.641-644x429.jpeg 644w, https:\/\/www.uartes.edu.ec\/sitio\/wp-content\/uploads\/2025\/10\/Proyecto-Cambiar-tamano-de-imagen-2025-10-08T185421.641-300x200.jpeg 300w, https:\/\/www.uartes.edu.ec\/sitio\/wp-content\/uploads\/2025\/10\/Proyecto-Cambiar-tamano-de-imagen-2025-10-08T185421.641-768x512.jpeg 768w, https:\/\/www.uartes.edu.ec\/sitio\/wp-content\/uploads\/2025\/10\/Proyecto-Cambiar-tamano-de-imagen-2025-10-08T185421.641-1536x1024.jpeg 1536w, https:\/\/www.uartes.edu.ec\/sitio\/wp-content\/uploads\/2025\/10\/Proyecto-Cambiar-tamano-de-imagen-2025-10-08T185421.641-18x12.jpeg 18w, https:\/\/www.uartes.edu.ec\/sitio\/wp-content\/uploads\/2025\/10\/Proyecto-Cambiar-tamano-de-imagen-2025-10-08T185421.641-600x400.jpeg 600w, https:\/\/www.uartes.edu.ec\/sitio\/wp-content\/uploads\/2025\/10\/Proyecto-Cambiar-tamano-de-imagen-2025-10-08T185421.641-400x267.jpeg 400w, https:\/\/www.uartes.edu.ec\/sitio\/wp-content\/uploads\/2025\/10\/Proyecto-Cambiar-tamano-de-imagen-2025-10-08T185421.641.jpeg 2000w\" sizes=\"(max-width: 644px) 100vw, 644px\" \/><\/figure>\n\n\n\n<figure class=\"wp-block-image size-large\"><img loading=\"lazy\" decoding=\"async\" width=\"644\" height=\"429\" data-id=\"80095\" src=\"https:\/\/www.uartes.edu.ec\/sitio\/wp-content\/uploads\/2025\/10\/SBU6-644x429.jpg\" alt=\"\" class=\"wp-image-80095\" srcset=\"https:\/\/www.uartes.edu.ec\/sitio\/wp-content\/uploads\/2025\/10\/SBU6-644x429.jpg 644w, https:\/\/www.uartes.edu.ec\/sitio\/wp-content\/uploads\/2025\/10\/SBU6-300x200.jpg 300w, https:\/\/www.uartes.edu.ec\/sitio\/wp-content\/uploads\/2025\/10\/SBU6-768x512.jpg 768w, https:\/\/www.uartes.edu.ec\/sitio\/wp-content\/uploads\/2025\/10\/SBU6-1536x1024.jpg 1536w, https:\/\/www.uartes.edu.ec\/sitio\/wp-content\/uploads\/2025\/10\/SBU6-18x12.jpg 18w, https:\/\/www.uartes.edu.ec\/sitio\/wp-content\/uploads\/2025\/10\/SBU6-600x400.jpg 600w, https:\/\/www.uartes.edu.ec\/sitio\/wp-content\/uploads\/2025\/10\/SBU6-400x267.jpg 400w, https:\/\/www.uartes.edu.ec\/sitio\/wp-content\/uploads\/2025\/10\/SBU6.jpg 2000w\" sizes=\"(max-width: 644px) 100vw, 644px\" \/><\/figure>\n<\/figure>\n\n\n\n<figure class=\"wp-block-gallery has-nested-images columns-default is-cropped wp-block-gallery-3 is-layout-flex wp-block-gallery-is-layout-flex\">\n<figure class=\"wp-block-image size-large\"><img loading=\"lazy\" decoding=\"async\" width=\"644\" height=\"429\" data-id=\"80097\" src=\"https:\/\/www.uartes.edu.ec\/sitio\/wp-content\/uploads\/2025\/10\/SBU4-644x429.jpg\" alt=\"\" class=\"wp-image-80097\" srcset=\"https:\/\/www.uartes.edu.ec\/sitio\/wp-content\/uploads\/2025\/10\/SBU4-644x429.jpg 644w, https:\/\/www.uartes.edu.ec\/sitio\/wp-content\/uploads\/2025\/10\/SBU4-300x200.jpg 300w, https:\/\/www.uartes.edu.ec\/sitio\/wp-content\/uploads\/2025\/10\/SBU4-768x512.jpg 768w, https:\/\/www.uartes.edu.ec\/sitio\/wp-content\/uploads\/2025\/10\/SBU4-1536x1024.jpg 1536w, https:\/\/www.uartes.edu.ec\/sitio\/wp-content\/uploads\/2025\/10\/SBU4-18x12.jpg 18w, https:\/\/www.uartes.edu.ec\/sitio\/wp-content\/uploads\/2025\/10\/SBU4-600x400.jpg 600w, https:\/\/www.uartes.edu.ec\/sitio\/wp-content\/uploads\/2025\/10\/SBU4-400x267.jpg 400w, https:\/\/www.uartes.edu.ec\/sitio\/wp-content\/uploads\/2025\/10\/SBU4.jpg 2000w\" sizes=\"(max-width: 644px) 100vw, 644px\" \/><\/figure>\n\n\n\n<figure class=\"wp-block-image size-large\"><img loading=\"lazy\" decoding=\"async\" width=\"644\" height=\"429\" data-id=\"80098\" src=\"https:\/\/www.uartes.edu.ec\/sitio\/wp-content\/uploads\/2025\/10\/Proyecto-Cambiar-tamano-de-imagen-2025-10-08T190218.142-644x429.jpeg\" alt=\"\" class=\"wp-image-80098\" srcset=\"https:\/\/www.uartes.edu.ec\/sitio\/wp-content\/uploads\/2025\/10\/Proyecto-Cambiar-tamano-de-imagen-2025-10-08T190218.142-644x429.jpeg 644w, https:\/\/www.uartes.edu.ec\/sitio\/wp-content\/uploads\/2025\/10\/Proyecto-Cambiar-tamano-de-imagen-2025-10-08T190218.142-300x200.jpeg 300w, https:\/\/www.uartes.edu.ec\/sitio\/wp-content\/uploads\/2025\/10\/Proyecto-Cambiar-tamano-de-imagen-2025-10-08T190218.142-768x512.jpeg 768w, https:\/\/www.uartes.edu.ec\/sitio\/wp-content\/uploads\/2025\/10\/Proyecto-Cambiar-tamano-de-imagen-2025-10-08T190218.142-1536x1024.jpeg 1536w, https:\/\/www.uartes.edu.ec\/sitio\/wp-content\/uploads\/2025\/10\/Proyecto-Cambiar-tamano-de-imagen-2025-10-08T190218.142-18x12.jpeg 18w, https:\/\/www.uartes.edu.ec\/sitio\/wp-content\/uploads\/2025\/10\/Proyecto-Cambiar-tamano-de-imagen-2025-10-08T190218.142-600x400.jpeg 600w, https:\/\/www.uartes.edu.ec\/sitio\/wp-content\/uploads\/2025\/10\/Proyecto-Cambiar-tamano-de-imagen-2025-10-08T190218.142-400x267.jpeg 400w, https:\/\/www.uartes.edu.ec\/sitio\/wp-content\/uploads\/2025\/10\/Proyecto-Cambiar-tamano-de-imagen-2025-10-08T190218.142.jpeg 2000w\" sizes=\"(max-width: 644px) 100vw, 644px\" \/><\/figure>\n<\/figure>\n\n\n\n<p><\/p>\n\n\n\n<p>El Campeonato de F\u00fatbol tuvo dos equipos ganadores: 593, en el primer lugar, y ADMINS FC. Les entregaron los premios, en ese orden, la vicerrectora Olga L\u00f3pez y Carolina C\u00e1rdenas, secretaria de Bienestar Universitario,<\/p>\n\n\n\n<p>Vale anotar que la ceremonia tuvo presentaciones art\u00edsticas que aportaron un matiz especial al cierre del evento. El estudiante Fabricio de la Cruz, de quinto semestre de la carrera de Danza cautiv\u00f3 al p\u00fablico con una emotiva coreograf\u00eda de baile l\u00edrico-jazz titulada \u201cNot About Angels\u201d. Igual reconocimiento obtuvo de la audiencia el talentoso cantante Fernando Vidal, conocido art\u00edsticamente como \u201cEl Fugitivo\u201d, estudiante del cuarto semestre de Producci\u00f3n Musical, quien ha representado a la UArtes en diversos escenarios, incluso en programas de televisi\u00f3n.<\/p>\n\n\n\n<p>Texto y fotos: V\u00edctor Espinosa\/Secretar\u00eda de Bienestar Universitario.<\/p>","protected":false},"excerpt":{"rendered":"<p>Para fortalecer la integraci\u00f3n y participaci\u00f3n de la comunidad UArtes, mediante actividades art\u00edsticas, culturales, deportivas, l\u00fadicas y de emprendimiento, la Secretar\u00eda de Bienestar Universitario organiz\u00f3 el SBU FEST IIS 2025, un evento institucional cuyo desarrollo goz\u00f3 de mucha acogida. Los ganadores de las varias competencias recibieron sus premios en un acto en el que participaron las vicerrectoras Olga L\u00f3pez y Ana Gabriela Rivadeneira y donde hubo danza y m\u00fasica.<\/p>","protected":false},"author":10,"featured_media":80091,"comment_status":"open","ping_status":"open","sticky":false,"template":"","format":"standard","meta":{"_acf_changed":false,"_uag_custom_page_level_css":"","_monsterinsights_skip_tracking":false,"_monsterinsights_sitenote_active":false,"_monsterinsights_sitenote_note":"","_monsterinsights_sitenote_category":0,"cybocfi_hide_featured_image":"","footnotes":""},"categories":[438,159,150,157,265,147,75,76,175,83],"tags":[521],"infouartes":[],"class_list":["post-80090","post","type-post","status-publish","format-standard","has-post-thumbnail","hentry","category-administrativos","category-artes-escenicas","category-artes-sonoras","category-artes-visuales","category-bienestar-universitario","category-cine","category-docentes","category-estudiantes","category-literatura","category-sedes","tag-encuentro"],"acf":[],"yoast_head":"<!-- This site is optimized with the Yoast SEO plugin v27.4 - https:\/\/yoast.com\/product\/yoast-seo-wordpress\/ -->\n<title>Universidad de las Artes - En emotivo acto el SBU FEST IIS 2025 premi\u00f3 a los ganadores de los torneos<\/title>\n<meta name=\"description\" content=\"Universidad de las Artes - En emotivo acto el SBU FEST IIS 2025 premi\u00f3 a los ganadores de los torneos\" \/>\n<meta name=\"robots\" content=\"index, follow, max-snippet:-1, max-image-preview:large, max-video-preview:-1\" \/>\n<link rel=\"canonical\" href=\"https:\/\/www.uartes.edu.ec\/sitio\/en\/blog\/2025\/10\/07\/el-sbu-fest-iis-2025-premio-a-los-ganadores-de-las-competencias-de-integracion-que-organizo\/\" \/>\n<meta property=\"og:locale\" content=\"en_US\" \/>\n<meta property=\"og:type\" content=\"article\" \/>\n<meta property=\"og:title\" content=\"Universidad de las Artes - En emotivo acto el SBU FEST IIS 2025 premi\u00f3 a los ganadores de los torneos\" \/>\n<meta property=\"og:description\" content=\"Universidad de las Artes - En emotivo acto el SBU FEST IIS 2025 premi\u00f3 a los ganadores de los torneos\" \/>\n<meta property=\"og:url\" content=\"https:\/\/www.uartes.edu.ec\/sitio\/en\/blog\/2025\/10\/07\/el-sbu-fest-iis-2025-premio-a-los-ganadores-de-las-competencias-de-integracion-que-organizo\/\" \/>\n<meta property=\"og:site_name\" content=\"Universidad de las Artes\" \/>\n<meta property=\"article:publisher\" content=\"https:\/\/www.facebook.com\/uartesec\" \/>\n<meta property=\"article:published_time\" content=\"2025-10-08T00:32:00+00:00\" \/>\n<meta property=\"article:modified_time\" content=\"2025-10-30T17:26:48+00:00\" \/>\n<meta property=\"og:image\" content=\"https:\/\/www.uartes.edu.ec\/sitio\/wp-content\/uploads\/2025\/10\/SBU8.jpg\" \/>\n\t<meta property=\"og:image:width\" content=\"2000\" \/>\n\t<meta property=\"og:image:height\" content=\"1333\" \/>\n\t<meta property=\"og:image:type\" content=\"image\/jpeg\" \/>\n<meta name=\"author\" content=\"ccortez\" \/>\n<meta name=\"twitter:card\" content=\"summary_large_image\" \/>\n<meta name=\"twitter:creator\" content=\"@uartesec\" \/>\n<meta name=\"twitter:site\" content=\"@uartesec\" \/>\n<meta name=\"twitter:label1\" content=\"Written by\" \/>\n\t<meta name=\"twitter:data1\" content=\"ccortez\" \/>\n\t<meta name=\"twitter:label2\" content=\"Est. reading time\" \/>\n\t<meta name=\"twitter:data2\" content=\"2 minutes\" \/>\n<script type=\"application\/ld+json\" class=\"yoast-schema-graph\">{\"@context\":\"https:\\\/\\\/schema.org\",\"@graph\":[{\"@type\":\"Article\",\"@id\":\"https:\\\/\\\/www.uartes.edu.ec\\\/sitio\\\/en\\\/blog\\\/2025\\\/10\\\/07\\\/el-sbu-fest-iis-2025-premio-a-los-ganadores-de-las-competencias-de-integracion-que-organizo\\\/#article\",\"isPartOf\":{\"@id\":\"https:\\\/\\\/www.uartes.edu.ec\\\/sitio\\\/en\\\/blog\\\/2025\\\/10\\\/07\\\/el-sbu-fest-iis-2025-premio-a-los-ganadores-de-las-competencias-de-integracion-que-organizo\\\/\"},\"author\":{\"name\":\"ccortez\",\"@id\":\"https:\\\/\\\/www.uartes.edu.ec\\\/sitio\\\/en\\\/#\\\/schema\\\/person\\\/efa1b8275797664fd7f13a79ccc0b1f4\"},\"headline\":\"En emotivo acto el SBU FEST IIS 2025 premi\u00f3 a los ganadores de los torneos\",\"datePublished\":\"2025-10-08T00:32:00+00:00\",\"dateModified\":\"2025-10-30T17:26:48+00:00\",\"mainEntityOfPage\":{\"@id\":\"https:\\\/\\\/www.uartes.edu.ec\\\/sitio\\\/en\\\/blog\\\/2025\\\/10\\\/07\\\/el-sbu-fest-iis-2025-premio-a-los-ganadores-de-las-competencias-de-integracion-que-organizo\\\/\"},\"wordCount\":460,\"commentCount\":0,\"publisher\":{\"@id\":\"https:\\\/\\\/www.uartes.edu.ec\\\/sitio\\\/en\\\/#organization\"},\"image\":{\"@id\":\"https:\\\/\\\/www.uartes.edu.ec\\\/sitio\\\/en\\\/blog\\\/2025\\\/10\\\/07\\\/el-sbu-fest-iis-2025-premio-a-los-ganadores-de-las-competencias-de-integracion-que-organizo\\\/#primaryimage\"},\"thumbnailUrl\":\"https:\\\/\\\/www.uartes.edu.ec\\\/sitio\\\/wp-content\\\/uploads\\\/2025\\\/10\\\/SBU8.jpg\",\"keywords\":[\"encuentro\"],\"articleSection\":[\"Administrativos\",\"Artes Esc\u00e9nicas\",\"Artes Sonoras\",\"Artes Visuales\",\"Bienestar Universitario\",\"Cine\",\"Docentes\",\"Estudiantes\",\"Literatura\",\"Sedes\"],\"inLanguage\":\"en-US\",\"potentialAction\":[{\"@type\":\"CommentAction\",\"name\":\"Comment\",\"target\":[\"https:\\\/\\\/www.uartes.edu.ec\\\/sitio\\\/en\\\/blog\\\/2025\\\/10\\\/07\\\/el-sbu-fest-iis-2025-premio-a-los-ganadores-de-las-competencias-de-integracion-que-organizo\\\/#respond\"]}]},{\"@type\":[\"WebPage\",\"ItemPage\"],\"@id\":\"https:\\\/\\\/www.uartes.edu.ec\\\/sitio\\\/en\\\/blog\\\/2025\\\/10\\\/07\\\/el-sbu-fest-iis-2025-premio-a-los-ganadores-de-las-competencias-de-integracion-que-organizo\\\/\",\"url\":\"https:\\\/\\\/www.uartes.edu.ec\\\/sitio\\\/en\\\/blog\\\/2025\\\/10\\\/07\\\/el-sbu-fest-iis-2025-premio-a-los-ganadores-de-las-competencias-de-integracion-que-organizo\\\/\",\"name\":\"Universidad de las Artes - En emotivo acto el SBU FEST IIS 2025 premi\u00f3 a los ganadores de los torneos\",\"isPartOf\":{\"@id\":\"https:\\\/\\\/www.uartes.edu.ec\\\/sitio\\\/en\\\/#website\"},\"primaryImageOfPage\":{\"@id\":\"https:\\\/\\\/www.uartes.edu.ec\\\/sitio\\\/en\\\/blog\\\/2025\\\/10\\\/07\\\/el-sbu-fest-iis-2025-premio-a-los-ganadores-de-las-competencias-de-integracion-que-organizo\\\/#primaryimage\"},\"image\":{\"@id\":\"https:\\\/\\\/www.uartes.edu.ec\\\/sitio\\\/en\\\/blog\\\/2025\\\/10\\\/07\\\/el-sbu-fest-iis-2025-premio-a-los-ganadores-de-las-competencias-de-integracion-que-organizo\\\/#primaryimage\"},\"thumbnailUrl\":\"https:\\\/\\\/www.uartes.edu.ec\\\/sitio\\\/wp-content\\\/uploads\\\/2025\\\/10\\\/SBU8.jpg\",\"datePublished\":\"2025-10-08T00:32:00+00:00\",\"dateModified\":\"2025-10-30T17:26:48+00:00\",\"description\":\"Universidad de las Artes - En emotivo acto el SBU FEST IIS 2025 premi\u00f3 a los ganadores de los torneos\",\"breadcrumb\":{\"@id\":\"https:\\\/\\\/www.uartes.edu.ec\\\/sitio\\\/en\\\/blog\\\/2025\\\/10\\\/07\\\/el-sbu-fest-iis-2025-premio-a-los-ganadores-de-las-competencias-de-integracion-que-organizo\\\/#breadcrumb\"},\"inLanguage\":\"en-US\",\"potentialAction\":[{\"@type\":\"ReadAction\",\"target\":[\"https:\\\/\\\/www.uartes.edu.ec\\\/sitio\\\/en\\\/blog\\\/2025\\\/10\\\/07\\\/el-sbu-fest-iis-2025-premio-a-los-ganadores-de-las-competencias-de-integracion-que-organizo\\\/\"]}]},{\"@type\":\"ImageObject\",\"inLanguage\":\"en-US\",\"@id\":\"https:\\\/\\\/www.uartes.edu.ec\\\/sitio\\\/en\\\/blog\\\/2025\\\/10\\\/07\\\/el-sbu-fest-iis-2025-premio-a-los-ganadores-de-las-competencias-de-integracion-que-organizo\\\/#primaryimage\",\"url\":\"https:\\\/\\\/www.uartes.edu.ec\\\/sitio\\\/wp-content\\\/uploads\\\/2025\\\/10\\\/SBU8.jpg\",\"contentUrl\":\"https:\\\/\\\/www.uartes.edu.ec\\\/sitio\\\/wp-content\\\/uploads\\\/2025\\\/10\\\/SBU8.jpg\",\"width\":2000,\"height\":1333},{\"@type\":\"BreadcrumbList\",\"@id\":\"https:\\\/\\\/www.uartes.edu.ec\\\/sitio\\\/en\\\/blog\\\/2025\\\/10\\\/07\\\/el-sbu-fest-iis-2025-premio-a-los-ganadores-de-las-competencias-de-integracion-que-organizo\\\/#breadcrumb\",\"itemListElement\":[{\"@type\":\"ListItem\",\"position\":1,\"name\":\"Inicio\",\"item\":\"https:\\\/\\\/www.uartes.edu.ec\\\/sitio\\\/\"},{\"@type\":\"ListItem\",\"position\":2,\"name\":\"En emotivo acto el SBU FEST IIS 2025 premi\u00f3 a los ganadores de los torneos\"}]},{\"@type\":\"WebSite\",\"@id\":\"https:\\\/\\\/www.uartes.edu.ec\\\/sitio\\\/en\\\/#website\",\"url\":\"https:\\\/\\\/www.uartes.edu.ec\\\/sitio\\\/en\\\/\",\"name\":\"Universidad de las Artes\",\"description\":\"Sitio oficial de la Universidad Nacional de las Artes del Ecuador\",\"publisher\":{\"@id\":\"https:\\\/\\\/www.uartes.edu.ec\\\/sitio\\\/en\\\/#organization\"},\"potentialAction\":[{\"@type\":\"SearchAction\",\"target\":{\"@type\":\"EntryPoint\",\"urlTemplate\":\"https:\\\/\\\/www.uartes.edu.ec\\\/sitio\\\/en\\\/?s={search_term_string}\"},\"query-input\":{\"@type\":\"PropertyValueSpecification\",\"valueRequired\":true,\"valueName\":\"search_term_string\"}}],\"inLanguage\":\"en-US\"},{\"@type\":\"Organization\",\"@id\":\"https:\\\/\\\/www.uartes.edu.ec\\\/sitio\\\/en\\\/#organization\",\"name\":\"Universidad de las Artes\",\"url\":\"https:\\\/\\\/www.uartes.edu.ec\\\/sitio\\\/en\\\/\",\"logo\":{\"@type\":\"ImageObject\",\"inLanguage\":\"en-US\",\"@id\":\"https:\\\/\\\/www.uartes.edu.ec\\\/sitio\\\/en\\\/#\\\/schema\\\/logo\\\/image\\\/\",\"url\":\"https:\\\/\\\/www.uartes.edu.ec\\\/sitio\\\/wp-content\\\/uploads\\\/2022\\\/07\\\/logo-ua-horizontal.png\",\"contentUrl\":\"https:\\\/\\\/www.uartes.edu.ec\\\/sitio\\\/wp-content\\\/uploads\\\/2022\\\/07\\\/logo-ua-horizontal.png\",\"width\":800,\"height\":276,\"caption\":\"Universidad de las Artes\"},\"image\":{\"@id\":\"https:\\\/\\\/www.uartes.edu.ec\\\/sitio\\\/en\\\/#\\\/schema\\\/logo\\\/image\\\/\"},\"sameAs\":[\"https:\\\/\\\/www.facebook.com\\\/uartesec\",\"https:\\\/\\\/x.com\\\/uartesec\",\"https:\\\/\\\/www.tiktok.com\\\/@uartesec\"]},{\"@type\":\"Person\",\"@id\":\"https:\\\/\\\/www.uartes.edu.ec\\\/sitio\\\/en\\\/#\\\/schema\\\/person\\\/efa1b8275797664fd7f13a79ccc0b1f4\",\"name\":\"ccortez\",\"image\":{\"@type\":\"ImageObject\",\"inLanguage\":\"en-US\",\"@id\":\"https:\\\/\\\/secure.gravatar.com\\\/avatar\\\/b2a6f664a3ae8e074346ef91775736c5ec479e637ecced6842de9dc98b5da9cd?s=96&d=mm&r=g\",\"url\":\"https:\\\/\\\/secure.gravatar.com\\\/avatar\\\/b2a6f664a3ae8e074346ef91775736c5ec479e637ecced6842de9dc98b5da9cd?s=96&d=mm&r=g\",\"contentUrl\":\"https:\\\/\\\/secure.gravatar.com\\\/avatar\\\/b2a6f664a3ae8e074346ef91775736c5ec479e637ecced6842de9dc98b5da9cd?s=96&d=mm&r=g\",\"caption\":\"ccortez\"},\"url\":\"https:\\\/\\\/www.uartes.edu.ec\\\/sitio\\\/en\\\/blog\\\/author\\\/ccortez\\\/\"}]}<\/script>\n<!-- \/ Yoast SEO plugin. -->","yoast_head_json":{"title":"Universidad de las Artes - En emotivo acto el SBU FEST IIS 2025 premi\u00f3 a los ganadores de los torneos","description":"Universidad de las Artes - En emotivo acto el SBU FEST IIS 2025 premi\u00f3 a los ganadores de los torneos","robots":{"index":"index","follow":"follow","max-snippet":"max-snippet:-1","max-image-preview":"max-image-preview:large","max-video-preview":"max-video-preview:-1"},"canonical":"https:\/\/www.uartes.edu.ec\/sitio\/en\/blog\/2025\/10\/07\/el-sbu-fest-iis-2025-premio-a-los-ganadores-de-las-competencias-de-integracion-que-organizo\/","og_locale":"en_US","og_type":"article","og_title":"Universidad de las Artes - En emotivo acto el SBU FEST IIS 2025 premi\u00f3 a los ganadores de los torneos","og_description":"Universidad de las Artes - En emotivo acto el SBU FEST IIS 2025 premi\u00f3 a los ganadores de los torneos","og_url":"https:\/\/www.uartes.edu.ec\/sitio\/en\/blog\/2025\/10\/07\/el-sbu-fest-iis-2025-premio-a-los-ganadores-de-las-competencias-de-integracion-que-organizo\/","og_site_name":"Universidad de las Artes","article_publisher":"https:\/\/www.facebook.com\/uartesec","article_published_time":"2025-10-08T00:32:00+00:00","article_modified_time":"2025-10-30T17:26:48+00:00","og_image":[{"width":2000,"height":1333,"url":"https:\/\/www.uartes.edu.ec\/sitio\/wp-content\/uploads\/2025\/10\/SBU8.jpg","type":"image\/jpeg"}],"author":"ccortez","twitter_card":"summary_large_image","twitter_creator":"@uartesec","twitter_site":"@uartesec","twitter_misc":{"Written by":"ccortez","Est. reading time":"2 minutes"},"schema":{"@context":"https:\/\/schema.org","@graph":[{"@type":"Article","@id":"https:\/\/www.uartes.edu.ec\/sitio\/en\/blog\/2025\/10\/07\/el-sbu-fest-iis-2025-premio-a-los-ganadores-de-las-competencias-de-integracion-que-organizo\/#article","isPartOf":{"@id":"https:\/\/www.uartes.edu.ec\/sitio\/en\/blog\/2025\/10\/07\/el-sbu-fest-iis-2025-premio-a-los-ganadores-de-las-competencias-de-integracion-que-organizo\/"},"author":{"name":"ccortez","@id":"https:\/\/www.uartes.edu.ec\/sitio\/en\/#\/schema\/person\/efa1b8275797664fd7f13a79ccc0b1f4"},"headline":"En emotivo acto el SBU FEST IIS 2025 premi\u00f3 a los ganadores de los torneos","datePublished":"2025-10-08T00:32:00+00:00","dateModified":"2025-10-30T17:26:48+00:00","mainEntityOfPage":{"@id":"https:\/\/www.uartes.edu.ec\/sitio\/en\/blog\/2025\/10\/07\/el-sbu-fest-iis-2025-premio-a-los-ganadores-de-las-competencias-de-integracion-que-organizo\/"},"wordCount":460,"commentCount":0,"publisher":{"@id":"https:\/\/www.uartes.edu.ec\/sitio\/en\/#organization"},"image":{"@id":"https:\/\/www.uartes.edu.ec\/sitio\/en\/blog\/2025\/10\/07\/el-sbu-fest-iis-2025-premio-a-los-ganadores-de-las-competencias-de-integracion-que-organizo\/#primaryimage"},"thumbnailUrl":"https:\/\/www.uartes.edu.ec\/sitio\/wp-content\/uploads\/2025\/10\/SBU8.jpg","keywords":["encuentro"],"articleSection":["Administrativos","Artes Esc\u00e9nicas","Artes Sonoras","Artes Visuales","Bienestar Universitario","Cine","Docentes","Estudiantes","Literatura","Sedes"],"inLanguage":"en-US","potentialAction":[{"@type":"CommentAction","name":"Comment","target":["https:\/\/www.uartes.edu.ec\/sitio\/en\/blog\/2025\/10\/07\/el-sbu-fest-iis-2025-premio-a-los-ganadores-de-las-competencias-de-integracion-que-organizo\/#respond"]}]},{"@type":["WebPage","ItemPage"],"@id":"https:\/\/www.uartes.edu.ec\/sitio\/en\/blog\/2025\/10\/07\/el-sbu-fest-iis-2025-premio-a-los-ganadores-de-las-competencias-de-integracion-que-organizo\/","url":"https:\/\/www.uartes.edu.ec\/sitio\/en\/blog\/2025\/10\/07\/el-sbu-fest-iis-2025-premio-a-los-ganadores-de-las-competencias-de-integracion-que-organizo\/","name":"Universidad de las Artes - En emotivo acto el SBU FEST IIS 2025 premi\u00f3 a los ganadores de los torneos","isPartOf":{"@id":"https:\/\/www.uartes.edu.ec\/sitio\/en\/#website"},"primaryImageOfPage":{"@id":"https:\/\/www.uartes.edu.ec\/sitio\/en\/blog\/2025\/10\/07\/el-sbu-fest-iis-2025-premio-a-los-ganadores-de-las-competencias-de-integracion-que-organizo\/#primaryimage"},"image":{"@id":"https:\/\/www.uartes.edu.ec\/sitio\/en\/blog\/2025\/10\/07\/el-sbu-fest-iis-2025-premio-a-los-ganadores-de-las-competencias-de-integracion-que-organizo\/#primaryimage"},"thumbnailUrl":"https:\/\/www.uartes.edu.ec\/sitio\/wp-content\/uploads\/2025\/10\/SBU8.jpg","datePublished":"2025-10-08T00:32:00+00:00","dateModified":"2025-10-30T17:26:48+00:00","description":"Universidad de las Artes - En emotivo acto el SBU FEST IIS 2025 premi\u00f3 a los ganadores de los torneos","breadcrumb":{"@id":"https:\/\/www.uartes.edu.ec\/sitio\/en\/blog\/2025\/10\/07\/el-sbu-fest-iis-2025-premio-a-los-ganadores-de-las-competencias-de-integracion-que-organizo\/#breadcrumb"},"inLanguage":"en-US","potentialAction":[{"@type":"ReadAction","target":["https:\/\/www.uartes.edu.ec\/sitio\/en\/blog\/2025\/10\/07\/el-sbu-fest-iis-2025-premio-a-los-ganadores-de-las-competencias-de-integracion-que-organizo\/"]}]},{"@type":"ImageObject","inLanguage":"en-US","@id":"https:\/\/www.uartes.edu.ec\/sitio\/en\/blog\/2025\/10\/07\/el-sbu-fest-iis-2025-premio-a-los-ganadores-de-las-competencias-de-integracion-que-organizo\/#primaryimage","url":"https:\/\/www.uartes.edu.ec\/sitio\/wp-content\/uploads\/2025\/10\/SBU8.jpg","contentUrl":"https:\/\/www.uartes.edu.ec\/sitio\/wp-content\/uploads\/2025\/10\/SBU8.jpg","width":2000,"height":1333},{"@type":"BreadcrumbList","@id":"https:\/\/www.uartes.edu.ec\/sitio\/en\/blog\/2025\/10\/07\/el-sbu-fest-iis-2025-premio-a-los-ganadores-de-las-competencias-de-integracion-que-organizo\/#breadcrumb","itemListElement":[{"@type":"ListItem","position":1,"name":"Inicio","item":"https:\/\/www.uartes.edu.ec\/sitio\/"},{"@type":"ListItem","position":2,"name":"En emotivo acto el SBU FEST IIS 2025 premi\u00f3 a los ganadores de los torneos"}]},{"@type":"WebSite","@id":"https:\/\/www.uartes.edu.ec\/sitio\/en\/#website","url":"https:\/\/www.uartes.edu.ec\/sitio\/en\/","name":"Universidad de las Artes","description":"Sitio oficial de la Universidad Nacional de las Artes del Ecuador","publisher":{"@id":"https:\/\/www.uartes.edu.ec\/sitio\/en\/#organization"},"potentialAction":[{"@type":"SearchAction","target":{"@type":"EntryPoint","urlTemplate":"https:\/\/www.uartes.edu.ec\/sitio\/en\/?s={search_term_string}"},"query-input":{"@type":"PropertyValueSpecification","valueRequired":true,"valueName":"search_term_string"}}],"inLanguage":"en-US"},{"@type":"Organization","@id":"https:\/\/www.uartes.edu.ec\/sitio\/en\/#organization","name":"Universidad de las Artes","url":"https:\/\/www.uartes.edu.ec\/sitio\/en\/","logo":{"@type":"ImageObject","inLanguage":"en-US","@id":"https:\/\/www.uartes.edu.ec\/sitio\/en\/#\/schema\/logo\/image\/","url":"https:\/\/www.uartes.edu.ec\/sitio\/wp-content\/uploads\/2022\/07\/logo-ua-horizontal.png","contentUrl":"https:\/\/www.uartes.edu.ec\/sitio\/wp-content\/uploads\/2022\/07\/logo-ua-horizontal.png","width":800,"height":276,"caption":"Universidad de las Artes"},"image":{"@id":"https:\/\/www.uartes.edu.ec\/sitio\/en\/#\/schema\/logo\/image\/"},"sameAs":["https:\/\/www.facebook.com\/uartesec","https:\/\/x.com\/uartesec","https:\/\/www.tiktok.com\/@uartesec"]},{"@type":"Person","@id":"https:\/\/www.uartes.edu.ec\/sitio\/en\/#\/schema\/person\/efa1b8275797664fd7f13a79ccc0b1f4","name":"ccortez","image":{"@type":"ImageObject","inLanguage":"en-US","@id":"https:\/\/secure.gravatar.com\/avatar\/b2a6f664a3ae8e074346ef91775736c5ec479e637ecced6842de9dc98b5da9cd?s=96&d=mm&r=g","url":"https:\/\/secure.gravatar.com\/avatar\/b2a6f664a3ae8e074346ef91775736c5ec479e637ecced6842de9dc98b5da9cd?s=96&d=mm&r=g","contentUrl":"https:\/\/secure.gravatar.com\/avatar\/b2a6f664a3ae8e074346ef91775736c5ec479e637ecced6842de9dc98b5da9cd?s=96&d=mm&r=g","caption":"ccortez"},"url":"https:\/\/www.uartes.edu.ec\/sitio\/en\/blog\/author\/ccortez\/"}]}},"uagb_featured_image_src":{"full":["https:\/\/www.uartes.edu.ec\/sitio\/wp-content\/uploads\/2025\/10\/SBU8.jpg",2000,1333,false],"thumbnail":["https:\/\/www.uartes.edu.ec\/sitio\/wp-content\/uploads\/2025\/10\/SBU8-150x150.jpg",150,150,true],"medium":["https:\/\/www.uartes.edu.ec\/sitio\/wp-content\/uploads\/2025\/10\/SBU8-300x200.jpg",300,200,true],"medium_large":["https:\/\/www.uartes.edu.ec\/sitio\/wp-content\/uploads\/2025\/10\/SBU8-768x512.jpg",768,512,true],"large":["https:\/\/www.uartes.edu.ec\/sitio\/wp-content\/uploads\/2025\/10\/SBU8-644x429.jpg",644,429,true],"1536x1536":["https:\/\/www.uartes.edu.ec\/sitio\/wp-content\/uploads\/2025\/10\/SBU8-1536x1024.jpg",1536,1024,true],"2048x2048":["https:\/\/www.uartes.edu.ec\/sitio\/wp-content\/uploads\/2025\/10\/SBU8.jpg",2000,1333,false],"trp-custom-language-flag":["https:\/\/www.uartes.edu.ec\/sitio\/wp-content\/uploads\/2025\/10\/SBU8-18x12.jpg",18,12,true],"htmega_size_585x295":["https:\/\/www.uartes.edu.ec\/sitio\/wp-content\/uploads\/2025\/10\/SBU8-585x295.jpg",585,295,true],"htmega_size_1170x536":["https:\/\/www.uartes.edu.ec\/sitio\/wp-content\/uploads\/2025\/10\/SBU8-1170x536.jpg",1170,536,true],"htmega_size_396x360":["https:\/\/www.uartes.edu.ec\/sitio\/wp-content\/uploads\/2025\/10\/SBU8-396x360.jpg",396,360,true],"gb-block-post-grid-landscape":["https:\/\/www.uartes.edu.ec\/sitio\/wp-content\/uploads\/2025\/10\/SBU8-600x400.jpg",600,400,true],"gb-block-post-grid-square":["https:\/\/www.uartes.edu.ec\/sitio\/wp-content\/uploads\/2025\/10\/SBU8-600x600.jpg",600,600,true],"university-hub-thumb":["https:\/\/www.uartes.edu.ec\/sitio\/wp-content\/uploads\/2025\/10\/SBU8-400x267.jpg",400,267,true],"mailpoet_newsletter_max":["https:\/\/www.uartes.edu.ec\/sitio\/wp-content\/uploads\/2025\/10\/SBU8.jpg",1320,880,false]},"uagb_author_info":{"display_name":"ccortez","author_link":"https:\/\/www.uartes.edu.ec\/sitio\/en\/blog\/author\/ccortez\/"},"uagb_comment_info":0,"uagb_excerpt":"Para fortalecer la integraci\u00f3n y participaci\u00f3n de la comunidad UArtes, mediante actividades art\u00edsticas, culturales, deportivas, l\u00fadicas y de emprendimiento, la Secretar\u00eda de Bienestar Universitario organiz\u00f3 el SBU FEST IIS 2025, un evento institucional cuyo desarrollo goz\u00f3 de mucha acogida. Los ganadores de las varias competencias recibieron sus premios en un acto en el que participaron&hellip;","featured_image_src":"https:\/\/www.uartes.edu.ec\/sitio\/wp-content\/uploads\/2025\/10\/SBU8-600x400.jpg","featured_image_src_square":"https:\/\/www.uartes.edu.ec\/sitio\/wp-content\/uploads\/2025\/10\/SBU8-600x600.jpg","author_info":{"display_name":"ccortez","author_link":"https:\/\/www.uartes.edu.ec\/sitio\/en\/blog\/author\/ccortez\/"},"publishpress_future_workflow_manual_trigger":{"enabledWorkflows":[]},"distributor_meta":false,"distributor_terms":false,"distributor_media":false,"distributor_original_site_name":"Universidad de las Artes","distributor_original_site_url":"https:\/\/www.uartes.edu.ec\/sitio\/en","push-errors":false,"_links":{"self":[{"href":"https:\/\/www.uartes.edu.ec\/sitio\/en\/wp-json\/wp\/v2\/posts\/80090","targetHints":{"allow":["GET"]}}],"collection":[{"href":"https:\/\/www.uartes.edu.ec\/sitio\/en\/wp-json\/wp\/v2\/posts"}],"about":[{"href":"https:\/\/www.uartes.edu.ec\/sitio\/en\/wp-json\/wp\/v2\/types\/post"}],"author":[{"embeddable":true,"href":"https:\/\/www.uartes.edu.ec\/sitio\/en\/wp-json\/wp\/v2\/users\/10"}],"replies":[{"embeddable":true,"href":"https:\/\/www.uartes.edu.ec\/sitio\/en\/wp-json\/wp\/v2\/comments?post=80090"}],"version-history":[{"count":5,"href":"https:\/\/www.uartes.edu.ec\/sitio\/en\/wp-json\/wp\/v2\/posts\/80090\/revisions"}],"predecessor-version":[{"id":80112,"href":"https:\/\/www.uartes.edu.ec\/sitio\/en\/wp-json\/wp\/v2\/posts\/80090\/revisions\/80112"}],"wp:featuredmedia":[{"embeddable":true,"href":"https:\/\/www.uartes.edu.ec\/sitio\/en\/wp-json\/wp\/v2\/media\/80091"}],"wp:attachment":[{"href":"https:\/\/www.uartes.edu.ec\/sitio\/en\/wp-json\/wp\/v2\/media?parent=80090"}],"wp:term":[{"taxonomy":"category","embeddable":true,"href":"https:\/\/www.uartes.edu.ec\/sitio\/en\/wp-json\/wp\/v2\/categories?post=80090"},{"taxonomy":"post_tag","embeddable":true,"href":"https:\/\/www.uartes.edu.ec\/sitio\/en\/wp-json\/wp\/v2\/tags?post=80090"},{"taxonomy":"infouartes","embeddable":true,"href":"https:\/\/www.uartes.edu.ec\/sitio\/en\/wp-json\/wp\/v2\/infouartes?post=80090"}],"curies":[{"name":"wp","href":"https:\/\/api.w.org\/{rel}","templated":true}]}}