{"id":81855,"date":"2025-11-11T11:34:00","date_gmt":"2025-11-11T16:34:00","guid":{"rendered":"https:\/\/www.uartes.edu.ec\/sitio\/?p=81855"},"modified":"2025-11-14T15:50:29","modified_gmt":"2025-11-14T20:50:29","slug":"muestra-fotografica-y-visita-al-museo-de-la-concha-en-la-programacion-de-la-i-jornada-interuniversitaria","status":"publish","type":"post","link":"https:\/\/www.uartes.edu.ec\/sitio\/en\/blog\/2025\/11\/11\/muestra-fotografica-y-visita-al-museo-de-la-concha-en-la-programacion-de-la-i-jornada-interuniversitaria\/","title":{"rendered":"Exposici\u00f3n fotogr\u00e1fica \u201cHeridas que buscan sanar\u201d y visita al Museo de Conchas, en la programaci\u00f3n de jornada interuniversitaria"},"content":{"rendered":"<p>La muestra fotogr\u00e1fica \u201cHeridas que buscan sanar\u201d y la visita al Museo de Conchas Gustavo Noboa Bejarano constaron en las actividades que se desarrollaron en el marco de la I Jornada Interuniversitaria de Divulgaci\u00f3n de Proyectos de\u00a0Investigaci\u00f3n y Vinculaci\u00f3n con la Sociedad, una iniciativa que reuni\u00f3 a la Universidad de las Artes (UArtes), la Universidad Casa Grande (UCG) y la Universidad del R\u00edo (UDR).<\/p>\n\n\n\n<p>La primera actividad mencionada tuvo lugar en Casa Grande, donde se suscitaron tambi\u00e9n las primeras ponencias de la jornada, la ma\u00f1ana del 6 de noviembre; y la segunda, por la tarde del mismo d\u00eda, en la Universidad del R\u00edo.<\/p>\n\n\n\n<p>Organizada por estudiantes de la Facultad de Artes de la UCG, la exposici\u00f3n de fotograf\u00edas \u00abHeridas que buscan sanar\u00bb fue concebida como una poderosa expresi\u00f3n de memoria, sensibilidad y resistencia a trav\u00e9s del arte. Es el resultado de la sistematizaci\u00f3n del proyecto Iniciativas Art\u00edsticas para la Paz, en el marco del programa Construimos Paz implementado por ONU Mujeres Ecuador, Municipio de Guayaquil y Casa Grande.<\/p>\n\n\n<div class=\"wp-block-image\">\n<figure class=\"aligncenter size-large\"><img fetchpriority=\"high\" decoding=\"async\" width=\"644\" height=\"429\" src=\"https:\/\/www.uartes.edu.ec\/sitio\/wp-content\/uploads\/2025\/11\/IMG_2127-644x429.jpg\" alt=\"\" class=\"wp-image-81891\" srcset=\"https:\/\/www.uartes.edu.ec\/sitio\/wp-content\/uploads\/2025\/11\/IMG_2127-644x429.jpg 644w, https:\/\/www.uartes.edu.ec\/sitio\/wp-content\/uploads\/2025\/11\/IMG_2127-300x200.jpg 300w, https:\/\/www.uartes.edu.ec\/sitio\/wp-content\/uploads\/2025\/11\/IMG_2127-768x512.jpg 768w, https:\/\/www.uartes.edu.ec\/sitio\/wp-content\/uploads\/2025\/11\/IMG_2127-1536x1024.jpg 1536w, https:\/\/www.uartes.edu.ec\/sitio\/wp-content\/uploads\/2025\/11\/IMG_2127-18x12.jpg 18w, https:\/\/www.uartes.edu.ec\/sitio\/wp-content\/uploads\/2025\/11\/IMG_2127-600x400.jpg 600w, https:\/\/www.uartes.edu.ec\/sitio\/wp-content\/uploads\/2025\/11\/IMG_2127-400x267.jpg 400w, https:\/\/www.uartes.edu.ec\/sitio\/wp-content\/uploads\/2025\/11\/IMG_2127.jpg 2000w\" sizes=\"(max-width: 644px) 100vw, 644px\" \/><\/figure>\n<\/div>\n\n<div class=\"wp-block-image\">\n<figure class=\"aligncenter size-large is-resized\"><img decoding=\"async\" width=\"644\" height=\"429\" src=\"https:\/\/www.uartes.edu.ec\/sitio\/wp-content\/uploads\/2025\/11\/IMG_2126-644x429.jpg\" alt=\"\" class=\"wp-image-81892\" style=\"width:482px;height:auto\" srcset=\"https:\/\/www.uartes.edu.ec\/sitio\/wp-content\/uploads\/2025\/11\/IMG_2126-644x429.jpg 644w, https:\/\/www.uartes.edu.ec\/sitio\/wp-content\/uploads\/2025\/11\/IMG_2126-300x200.jpg 300w, https:\/\/www.uartes.edu.ec\/sitio\/wp-content\/uploads\/2025\/11\/IMG_2126-768x512.jpg 768w, https:\/\/www.uartes.edu.ec\/sitio\/wp-content\/uploads\/2025\/11\/IMG_2126-1536x1024.jpg 1536w, https:\/\/www.uartes.edu.ec\/sitio\/wp-content\/uploads\/2025\/11\/IMG_2126-18x12.jpg 18w, https:\/\/www.uartes.edu.ec\/sitio\/wp-content\/uploads\/2025\/11\/IMG_2126-600x400.jpg 600w, https:\/\/www.uartes.edu.ec\/sitio\/wp-content\/uploads\/2025\/11\/IMG_2126-400x267.jpg 400w, https:\/\/www.uartes.edu.ec\/sitio\/wp-content\/uploads\/2025\/11\/IMG_2126.jpg 2000w\" sizes=\"(max-width: 644px) 100vw, 644px\" \/><\/figure>\n<\/div>\n\n\n<p>A manera de introducci\u00f3n, en \u00abHeridas que buscan sanar\u201d un texto explicaba que la propuesta recog\u00eda historias contadas por sus propios protagonistas, seg\u00fan se se\u00f1al\u00f3 en el texto de apertura: \u201cNacen si se quiere de una herida, de cuerpos vulnerables, cuerpos agredidos, cuerpos presos de miedo, cuerpos acorralados por las penurias la discriminaci\u00f3n, la indiferencia institucional; cuerpos mercados por el estigma de crecer en los bordes, en las fronteras, en la periferia de la gran ciudad. Estos j\u00f3venes, incluso madres cuya raz\u00f3n existencial radica en sostener el crecimiento de sus hijos, han aprendido el valor de construir espacios seguros, aprovechando el entramado de organizaciones voluntarias y comunidades que se dedican a la cura en colectivo\u201d.<\/p>\n\n\n\n<h3 class=\"wp-block-heading\">Museo de Conchas de la UDR<\/h3>\n\n\n\n<p>En la UDR, el recorrido por el Museo de Conchas lo guio Patty Hunter, su coordinadora de Vinculaci\u00f3n con la Sociedad. En la entrada, un texto de sala da cuenta de su origen: Nuestro expresidente, difunto, Dr. Gustavo Noboa, hizo una colecci\u00f3n durante m\u00e1s de 50 a\u00f1os de conchas marinas, no solo de Ecuador, pero especialmente de Ecuador y de otras partes del mundo. Esta colecci\u00f3n de alrededor de 3.400 en conchas o moluscos fue entregada a la Universidad del R\u00edo en comodato por Industria Pesquera Santa Priscila, que adquiri\u00f3 la colecci\u00f3n y para la cual se dise\u00f1\u00f3 y construy\u00f3 el museo.<\/p>\n\n\n<div class=\"wp-block-image\">\n<figure class=\"aligncenter size-large\"><img decoding=\"async\" width=\"644\" height=\"429\" src=\"https:\/\/www.uartes.edu.ec\/sitio\/wp-content\/uploads\/2025\/11\/IMG_2108-29-644x429.jpg\" alt=\"\" class=\"wp-image-81893\" srcset=\"https:\/\/www.uartes.edu.ec\/sitio\/wp-content\/uploads\/2025\/11\/IMG_2108-29-644x429.jpg 644w, https:\/\/www.uartes.edu.ec\/sitio\/wp-content\/uploads\/2025\/11\/IMG_2108-29-300x200.jpg 300w, https:\/\/www.uartes.edu.ec\/sitio\/wp-content\/uploads\/2025\/11\/IMG_2108-29-768x512.jpg 768w, https:\/\/www.uartes.edu.ec\/sitio\/wp-content\/uploads\/2025\/11\/IMG_2108-29-1536x1024.jpg 1536w, https:\/\/www.uartes.edu.ec\/sitio\/wp-content\/uploads\/2025\/11\/IMG_2108-29-18x12.jpg 18w, https:\/\/www.uartes.edu.ec\/sitio\/wp-content\/uploads\/2025\/11\/IMG_2108-29-600x400.jpg 600w, https:\/\/www.uartes.edu.ec\/sitio\/wp-content\/uploads\/2025\/11\/IMG_2108-29-400x267.jpg 400w, https:\/\/www.uartes.edu.ec\/sitio\/wp-content\/uploads\/2025\/11\/IMG_2108-29.jpg 2000w\" sizes=\"(max-width: 644px) 100vw, 644px\" \/><\/figure>\n<\/div>\n\n\n<p>En el museo, ubicado en el mismo campus de la UDR, se exponen alrededor de 420 conchas, dijo Hunter, indicando el inter\u00e9s de que se difunda el conocimiento sobre especies de conchas marinas, tanto en la comunidad como en el mundo. Revel\u00f3 que se realiza un proyecto de difusi\u00f3n para propiciar el aprendizaje sobre las especies y se busca incluir al museo en el circuito de museos de Guayaquil. \u201cHemos realizado invitaciones a todos los colegios de Guayaquil, muy pocos han venido por la inseguridad, por la falda de transporte, etc\u00e9tera, pero no nos cansamos\u201d.<\/p>\n\n\n\n<p>Hunter preci\u00f3 que, hasta la fecha y tras casi un a\u00f1o de su apertura, el Museo de Conchas ha registrado m\u00e1s de 600 visitas y que al lugar han llegado especialistas, bi\u00f3logos y coleccionistas, siendo estos \u00faltimos los que mejores historias comparten con respecto a las especies expuestas. \u201cCuentan an\u00e9cdotas y hablan de experiencias, mientras que con el bi\u00f3logo su saber es cient\u00edfico. Visitar un museo es aprender de la historia\u201d, expres\u00f3.<\/p>\n\n\n\n<p><\/p>\n\n\n\n<figure class=\"wp-block-gallery has-nested-images columns-default is-cropped wp-block-gallery-1 is-layout-flex wp-block-gallery-is-layout-flex\">\n<figure class=\"wp-block-image size-large\"><img loading=\"lazy\" decoding=\"async\" width=\"644\" height=\"429\" data-id=\"81921\" src=\"https:\/\/www.uartes.edu.ec\/sitio\/wp-content\/uploads\/2025\/11\/IMG_2108-33-1-644x429.jpg\" alt=\"\" class=\"wp-image-81921\" srcset=\"https:\/\/www.uartes.edu.ec\/sitio\/wp-content\/uploads\/2025\/11\/IMG_2108-33-1-644x429.jpg 644w, https:\/\/www.uartes.edu.ec\/sitio\/wp-content\/uploads\/2025\/11\/IMG_2108-33-1-300x200.jpg 300w, https:\/\/www.uartes.edu.ec\/sitio\/wp-content\/uploads\/2025\/11\/IMG_2108-33-1-768x512.jpg 768w, https:\/\/www.uartes.edu.ec\/sitio\/wp-content\/uploads\/2025\/11\/IMG_2108-33-1-1536x1024.jpg 1536w, https:\/\/www.uartes.edu.ec\/sitio\/wp-content\/uploads\/2025\/11\/IMG_2108-33-1-18x12.jpg 18w, https:\/\/www.uartes.edu.ec\/sitio\/wp-content\/uploads\/2025\/11\/IMG_2108-33-1-600x400.jpg 600w, https:\/\/www.uartes.edu.ec\/sitio\/wp-content\/uploads\/2025\/11\/IMG_2108-33-1-400x267.jpg 400w, https:\/\/www.uartes.edu.ec\/sitio\/wp-content\/uploads\/2025\/11\/IMG_2108-33-1.jpg 2000w\" sizes=\"(max-width: 644px) 100vw, 644px\" \/><\/figure>\n\n\n\n<figure class=\"wp-block-image size-large\"><img loading=\"lazy\" decoding=\"async\" width=\"644\" height=\"429\" data-id=\"81920\" src=\"https:\/\/www.uartes.edu.ec\/sitio\/wp-content\/uploads\/2025\/11\/IMG_2108-13-1-644x429.jpg\" alt=\"\" class=\"wp-image-81920\" srcset=\"https:\/\/www.uartes.edu.ec\/sitio\/wp-content\/uploads\/2025\/11\/IMG_2108-13-1-644x429.jpg 644w, https:\/\/www.uartes.edu.ec\/sitio\/wp-content\/uploads\/2025\/11\/IMG_2108-13-1-300x200.jpg 300w, https:\/\/www.uartes.edu.ec\/sitio\/wp-content\/uploads\/2025\/11\/IMG_2108-13-1-768x512.jpg 768w, https:\/\/www.uartes.edu.ec\/sitio\/wp-content\/uploads\/2025\/11\/IMG_2108-13-1-1536x1024.jpg 1536w, https:\/\/www.uartes.edu.ec\/sitio\/wp-content\/uploads\/2025\/11\/IMG_2108-13-1-18x12.jpg 18w, https:\/\/www.uartes.edu.ec\/sitio\/wp-content\/uploads\/2025\/11\/IMG_2108-13-1-600x400.jpg 600w, https:\/\/www.uartes.edu.ec\/sitio\/wp-content\/uploads\/2025\/11\/IMG_2108-13-1-400x267.jpg 400w, https:\/\/www.uartes.edu.ec\/sitio\/wp-content\/uploads\/2025\/11\/IMG_2108-13-1.jpg 2000w\" sizes=\"(max-width: 644px) 100vw, 644px\" \/><\/figure>\n<\/figure>\n\n\n<div class=\"wp-block-image\">\n<figure class=\"aligncenter size-large\"><img loading=\"lazy\" decoding=\"async\" width=\"644\" height=\"429\" src=\"https:\/\/www.uartes.edu.ec\/sitio\/wp-content\/uploads\/2025\/11\/IMG_2108-30-1-644x429.jpg\" alt=\"\" class=\"wp-image-81896\" srcset=\"https:\/\/www.uartes.edu.ec\/sitio\/wp-content\/uploads\/2025\/11\/IMG_2108-30-1-644x429.jpg 644w, https:\/\/www.uartes.edu.ec\/sitio\/wp-content\/uploads\/2025\/11\/IMG_2108-30-1-300x200.jpg 300w, https:\/\/www.uartes.edu.ec\/sitio\/wp-content\/uploads\/2025\/11\/IMG_2108-30-1-768x512.jpg 768w, https:\/\/www.uartes.edu.ec\/sitio\/wp-content\/uploads\/2025\/11\/IMG_2108-30-1-1536x1024.jpg 1536w, https:\/\/www.uartes.edu.ec\/sitio\/wp-content\/uploads\/2025\/11\/IMG_2108-30-1-18x12.jpg 18w, https:\/\/www.uartes.edu.ec\/sitio\/wp-content\/uploads\/2025\/11\/IMG_2108-30-1-600x400.jpg 600w, https:\/\/www.uartes.edu.ec\/sitio\/wp-content\/uploads\/2025\/11\/IMG_2108-30-1-400x267.jpg 400w, https:\/\/www.uartes.edu.ec\/sitio\/wp-content\/uploads\/2025\/11\/IMG_2108-30-1.jpg 2000w\" sizes=\"(max-width: 644px) 100vw, 644px\" \/><\/figure>\n<\/div>\n\n\n<p>Texto: Carmen Cortez\/Dircom. Fotos: Roc\u00edo Mart\u00ednez\/Dircom.<\/p>\n\n\n\n<p><\/p>","protected":false},"excerpt":{"rendered":"<p>La muestra fotogr\u00e1fica \u201cHeridas que buscan sanar\u201d y la visita al Museo de  Conchas Gustavo Noboa Bejarano constaron en las actividades que se desarrollaron en el primer d\u00eda de la primera jornada interuniversitaria, concebida por la Universidad de las Artes, la Universidad Casa Grande y la Universidad del R\u00edo para la de divulgaci\u00f3n de proyectos de investigaci\u00f3n y vinculaci\u00f3n con la sociedad.<\/p>","protected":false},"author":10,"featured_media":81895,"comment_status":"open","ping_status":"open","sticky":false,"template":"","format":"standard","meta":{"_acf_changed":false,"_uag_custom_page_level_css":"","_monsterinsights_skip_tracking":false,"_monsterinsights_sitenote_active":false,"_monsterinsights_sitenote_note":"","_monsterinsights_sitenote_category":0,"cybocfi_hide_featured_image":"","footnotes":""},"categories":[80,438,82,75,76,284,79],"tags":[521],"infouartes":[],"class_list":["post-81855","post","type-post","status-publish","format-standard","has-post-thumbnail","hentry","category-academico","category-administrativos","category-artes","category-docentes","category-estudiantes","category-investigacion","category-vinculo","tag-encuentro"],"acf":[],"yoast_head":"<!-- This site is optimized with the Yoast SEO plugin v27.4 - https:\/\/yoast.com\/product\/yoast-seo-wordpress\/ -->\n<title>Universidad de las Artes - Exposici\u00f3n fotogr\u00e1fica \u201cHeridas que buscan sanar\u201d y visita al Museo de Conchas, en la programaci\u00f3n de jornada interuniversitaria<\/title>\n<meta name=\"description\" content=\"Universidad de las Artes - Exposici\u00f3n fotogr\u00e1fica \u201cHeridas que buscan sanar\u201d y visita al Museo de Conchas, en la programaci\u00f3n de jornada interuniversitaria\" \/>\n<meta name=\"robots\" content=\"index, follow, max-snippet:-1, max-image-preview:large, max-video-preview:-1\" \/>\n<link rel=\"canonical\" href=\"https:\/\/www.uartes.edu.ec\/sitio\/en\/blog\/2025\/11\/11\/muestra-fotografica-y-visita-al-museo-de-la-concha-en-la-programacion-de-la-i-jornada-interuniversitaria\/\" \/>\n<meta property=\"og:locale\" content=\"en_US\" \/>\n<meta property=\"og:type\" content=\"article\" \/>\n<meta property=\"og:title\" content=\"Universidad de las Artes - Exposici\u00f3n fotogr\u00e1fica \u201cHeridas que buscan sanar\u201d y visita al Museo de Conchas, en la programaci\u00f3n de jornada interuniversitaria\" \/>\n<meta property=\"og:description\" content=\"Universidad de las Artes - Exposici\u00f3n fotogr\u00e1fica \u201cHeridas que buscan sanar\u201d y visita al Museo de Conchas, en la programaci\u00f3n de jornada interuniversitaria\" \/>\n<meta property=\"og:url\" content=\"https:\/\/www.uartes.edu.ec\/sitio\/en\/blog\/2025\/11\/11\/muestra-fotografica-y-visita-al-museo-de-la-concha-en-la-programacion-de-la-i-jornada-interuniversitaria\/\" \/>\n<meta property=\"og:site_name\" content=\"Universidad de las Artes\" \/>\n<meta property=\"article:publisher\" content=\"https:\/\/www.facebook.com\/uartesec\" \/>\n<meta property=\"article:published_time\" content=\"2025-11-11T16:34:00+00:00\" \/>\n<meta property=\"article:modified_time\" content=\"2025-11-14T20:50:29+00:00\" \/>\n<meta property=\"og:image\" content=\"https:\/\/www.uartes.edu.ec\/sitio\/wp-content\/uploads\/2025\/11\/IMG_2108-31.jpg\" \/>\n\t<meta property=\"og:image:width\" content=\"2000\" \/>\n\t<meta property=\"og:image:height\" content=\"1333\" \/>\n\t<meta property=\"og:image:type\" content=\"image\/jpeg\" \/>\n<meta name=\"author\" content=\"ccortez\" \/>\n<meta name=\"twitter:card\" content=\"summary_large_image\" \/>\n<meta name=\"twitter:creator\" content=\"@uartesec\" \/>\n<meta name=\"twitter:site\" content=\"@uartesec\" \/>\n<meta name=\"twitter:label1\" content=\"Written by\" \/>\n\t<meta name=\"twitter:data1\" content=\"ccortez\" \/>\n\t<meta name=\"twitter:label2\" content=\"Est. reading time\" \/>\n\t<meta name=\"twitter:data2\" content=\"3 minutes\" \/>\n<script type=\"application\/ld+json\" class=\"yoast-schema-graph\">{\"@context\":\"https:\\\/\\\/schema.org\",\"@graph\":[{\"@type\":\"Article\",\"@id\":\"https:\\\/\\\/www.uartes.edu.ec\\\/sitio\\\/en\\\/blog\\\/2025\\\/11\\\/11\\\/muestra-fotografica-y-visita-al-museo-de-la-concha-en-la-programacion-de-la-i-jornada-interuniversitaria\\\/#article\",\"isPartOf\":{\"@id\":\"https:\\\/\\\/www.uartes.edu.ec\\\/sitio\\\/en\\\/blog\\\/2025\\\/11\\\/11\\\/muestra-fotografica-y-visita-al-museo-de-la-concha-en-la-programacion-de-la-i-jornada-interuniversitaria\\\/\"},\"author\":{\"name\":\"ccortez\",\"@id\":\"https:\\\/\\\/www.uartes.edu.ec\\\/sitio\\\/en\\\/#\\\/schema\\\/person\\\/efa1b8275797664fd7f13a79ccc0b1f4\"},\"headline\":\"Exposici\u00f3n fotogr\u00e1fica \u201cHeridas que buscan sanar\u201d y visita al Museo de Conchas, en la programaci\u00f3n de jornada interuniversitaria\",\"datePublished\":\"2025-11-11T16:34:00+00:00\",\"dateModified\":\"2025-11-14T20:50:29+00:00\",\"mainEntityOfPage\":{\"@id\":\"https:\\\/\\\/www.uartes.edu.ec\\\/sitio\\\/en\\\/blog\\\/2025\\\/11\\\/11\\\/muestra-fotografica-y-visita-al-museo-de-la-concha-en-la-programacion-de-la-i-jornada-interuniversitaria\\\/\"},\"wordCount\":623,\"commentCount\":0,\"publisher\":{\"@id\":\"https:\\\/\\\/www.uartes.edu.ec\\\/sitio\\\/en\\\/#organization\"},\"image\":{\"@id\":\"https:\\\/\\\/www.uartes.edu.ec\\\/sitio\\\/en\\\/blog\\\/2025\\\/11\\\/11\\\/muestra-fotografica-y-visita-al-museo-de-la-concha-en-la-programacion-de-la-i-jornada-interuniversitaria\\\/#primaryimage\"},\"thumbnailUrl\":\"https:\\\/\\\/www.uartes.edu.ec\\\/sitio\\\/wp-content\\\/uploads\\\/2025\\\/11\\\/IMG_2108-31.jpg\",\"keywords\":[\"encuentro\"],\"articleSection\":[\"Acad\u00e9mico\",\"Administrativos\",\"Artes\",\"Docentes\",\"Estudiantes\",\"Investigaci\u00f3n\",\"V\u00ednculo\"],\"inLanguage\":\"en-US\",\"potentialAction\":[{\"@type\":\"CommentAction\",\"name\":\"Comment\",\"target\":[\"https:\\\/\\\/www.uartes.edu.ec\\\/sitio\\\/en\\\/blog\\\/2025\\\/11\\\/11\\\/muestra-fotografica-y-visita-al-museo-de-la-concha-en-la-programacion-de-la-i-jornada-interuniversitaria\\\/#respond\"]}]},{\"@type\":[\"WebPage\",\"ItemPage\"],\"@id\":\"https:\\\/\\\/www.uartes.edu.ec\\\/sitio\\\/en\\\/blog\\\/2025\\\/11\\\/11\\\/muestra-fotografica-y-visita-al-museo-de-la-concha-en-la-programacion-de-la-i-jornada-interuniversitaria\\\/\",\"url\":\"https:\\\/\\\/www.uartes.edu.ec\\\/sitio\\\/en\\\/blog\\\/2025\\\/11\\\/11\\\/muestra-fotografica-y-visita-al-museo-de-la-concha-en-la-programacion-de-la-i-jornada-interuniversitaria\\\/\",\"name\":\"Universidad de las Artes - Exposici\u00f3n fotogr\u00e1fica \u201cHeridas que buscan sanar\u201d y visita al Museo de Conchas, en la programaci\u00f3n de jornada interuniversitaria\",\"isPartOf\":{\"@id\":\"https:\\\/\\\/www.uartes.edu.ec\\\/sitio\\\/en\\\/#website\"},\"primaryImageOfPage\":{\"@id\":\"https:\\\/\\\/www.uartes.edu.ec\\\/sitio\\\/en\\\/blog\\\/2025\\\/11\\\/11\\\/muestra-fotografica-y-visita-al-museo-de-la-concha-en-la-programacion-de-la-i-jornada-interuniversitaria\\\/#primaryimage\"},\"image\":{\"@id\":\"https:\\\/\\\/www.uartes.edu.ec\\\/sitio\\\/en\\\/blog\\\/2025\\\/11\\\/11\\\/muestra-fotografica-y-visita-al-museo-de-la-concha-en-la-programacion-de-la-i-jornada-interuniversitaria\\\/#primaryimage\"},\"thumbnailUrl\":\"https:\\\/\\\/www.uartes.edu.ec\\\/sitio\\\/wp-content\\\/uploads\\\/2025\\\/11\\\/IMG_2108-31.jpg\",\"datePublished\":\"2025-11-11T16:34:00+00:00\",\"dateModified\":\"2025-11-14T20:50:29+00:00\",\"description\":\"Universidad de las Artes - Exposici\u00f3n fotogr\u00e1fica \u201cHeridas que buscan sanar\u201d y visita al Museo de Conchas, en la programaci\u00f3n de jornada interuniversitaria\",\"breadcrumb\":{\"@id\":\"https:\\\/\\\/www.uartes.edu.ec\\\/sitio\\\/en\\\/blog\\\/2025\\\/11\\\/11\\\/muestra-fotografica-y-visita-al-museo-de-la-concha-en-la-programacion-de-la-i-jornada-interuniversitaria\\\/#breadcrumb\"},\"inLanguage\":\"en-US\",\"potentialAction\":[{\"@type\":\"ReadAction\",\"target\":[\"https:\\\/\\\/www.uartes.edu.ec\\\/sitio\\\/en\\\/blog\\\/2025\\\/11\\\/11\\\/muestra-fotografica-y-visita-al-museo-de-la-concha-en-la-programacion-de-la-i-jornada-interuniversitaria\\\/\"]}]},{\"@type\":\"ImageObject\",\"inLanguage\":\"en-US\",\"@id\":\"https:\\\/\\\/www.uartes.edu.ec\\\/sitio\\\/en\\\/blog\\\/2025\\\/11\\\/11\\\/muestra-fotografica-y-visita-al-museo-de-la-concha-en-la-programacion-de-la-i-jornada-interuniversitaria\\\/#primaryimage\",\"url\":\"https:\\\/\\\/www.uartes.edu.ec\\\/sitio\\\/wp-content\\\/uploads\\\/2025\\\/11\\\/IMG_2108-31.jpg\",\"contentUrl\":\"https:\\\/\\\/www.uartes.edu.ec\\\/sitio\\\/wp-content\\\/uploads\\\/2025\\\/11\\\/IMG_2108-31.jpg\",\"width\":2000,\"height\":1333},{\"@type\":\"BreadcrumbList\",\"@id\":\"https:\\\/\\\/www.uartes.edu.ec\\\/sitio\\\/en\\\/blog\\\/2025\\\/11\\\/11\\\/muestra-fotografica-y-visita-al-museo-de-la-concha-en-la-programacion-de-la-i-jornada-interuniversitaria\\\/#breadcrumb\",\"itemListElement\":[{\"@type\":\"ListItem\",\"position\":1,\"name\":\"Inicio\",\"item\":\"https:\\\/\\\/www.uartes.edu.ec\\\/sitio\\\/\"},{\"@type\":\"ListItem\",\"position\":2,\"name\":\"Exposici\u00f3n fotogr\u00e1fica \u201cHeridas que buscan sanar\u201d y visita al Museo de Conchas, en la programaci\u00f3n de jornada interuniversitaria\"}]},{\"@type\":\"WebSite\",\"@id\":\"https:\\\/\\\/www.uartes.edu.ec\\\/sitio\\\/en\\\/#website\",\"url\":\"https:\\\/\\\/www.uartes.edu.ec\\\/sitio\\\/en\\\/\",\"name\":\"Universidad de las Artes\",\"description\":\"Sitio oficial de la Universidad Nacional de las Artes del Ecuador\",\"publisher\":{\"@id\":\"https:\\\/\\\/www.uartes.edu.ec\\\/sitio\\\/en\\\/#organization\"},\"potentialAction\":[{\"@type\":\"SearchAction\",\"target\":{\"@type\":\"EntryPoint\",\"urlTemplate\":\"https:\\\/\\\/www.uartes.edu.ec\\\/sitio\\\/en\\\/?s={search_term_string}\"},\"query-input\":{\"@type\":\"PropertyValueSpecification\",\"valueRequired\":true,\"valueName\":\"search_term_string\"}}],\"inLanguage\":\"en-US\"},{\"@type\":\"Organization\",\"@id\":\"https:\\\/\\\/www.uartes.edu.ec\\\/sitio\\\/en\\\/#organization\",\"name\":\"Universidad de las Artes\",\"url\":\"https:\\\/\\\/www.uartes.edu.ec\\\/sitio\\\/en\\\/\",\"logo\":{\"@type\":\"ImageObject\",\"inLanguage\":\"en-US\",\"@id\":\"https:\\\/\\\/www.uartes.edu.ec\\\/sitio\\\/en\\\/#\\\/schema\\\/logo\\\/image\\\/\",\"url\":\"https:\\\/\\\/www.uartes.edu.ec\\\/sitio\\\/wp-content\\\/uploads\\\/2022\\\/07\\\/logo-ua-horizontal.png\",\"contentUrl\":\"https:\\\/\\\/www.uartes.edu.ec\\\/sitio\\\/wp-content\\\/uploads\\\/2022\\\/07\\\/logo-ua-horizontal.png\",\"width\":800,\"height\":276,\"caption\":\"Universidad de las Artes\"},\"image\":{\"@id\":\"https:\\\/\\\/www.uartes.edu.ec\\\/sitio\\\/en\\\/#\\\/schema\\\/logo\\\/image\\\/\"},\"sameAs\":[\"https:\\\/\\\/www.facebook.com\\\/uartesec\",\"https:\\\/\\\/x.com\\\/uartesec\",\"https:\\\/\\\/www.tiktok.com\\\/@uartesec\"]},{\"@type\":\"Person\",\"@id\":\"https:\\\/\\\/www.uartes.edu.ec\\\/sitio\\\/en\\\/#\\\/schema\\\/person\\\/efa1b8275797664fd7f13a79ccc0b1f4\",\"name\":\"ccortez\",\"image\":{\"@type\":\"ImageObject\",\"inLanguage\":\"en-US\",\"@id\":\"https:\\\/\\\/secure.gravatar.com\\\/avatar\\\/b2a6f664a3ae8e074346ef91775736c5ec479e637ecced6842de9dc98b5da9cd?s=96&d=mm&r=g\",\"url\":\"https:\\\/\\\/secure.gravatar.com\\\/avatar\\\/b2a6f664a3ae8e074346ef91775736c5ec479e637ecced6842de9dc98b5da9cd?s=96&d=mm&r=g\",\"contentUrl\":\"https:\\\/\\\/secure.gravatar.com\\\/avatar\\\/b2a6f664a3ae8e074346ef91775736c5ec479e637ecced6842de9dc98b5da9cd?s=96&d=mm&r=g\",\"caption\":\"ccortez\"},\"url\":\"https:\\\/\\\/www.uartes.edu.ec\\\/sitio\\\/en\\\/blog\\\/author\\\/ccortez\\\/\"}]}<\/script>\n<!-- \/ Yoast SEO plugin. -->","yoast_head_json":{"title":"Universidad de las Artes - Exposici\u00f3n fotogr\u00e1fica \u201cHeridas que buscan sanar\u201d y visita al Museo de Conchas, en la programaci\u00f3n de jornada interuniversitaria","description":"Universidad de las Artes - Exposici\u00f3n fotogr\u00e1fica \u201cHeridas que buscan sanar\u201d y visita al Museo de Conchas, en la programaci\u00f3n de jornada interuniversitaria","robots":{"index":"index","follow":"follow","max-snippet":"max-snippet:-1","max-image-preview":"max-image-preview:large","max-video-preview":"max-video-preview:-1"},"canonical":"https:\/\/www.uartes.edu.ec\/sitio\/en\/blog\/2025\/11\/11\/muestra-fotografica-y-visita-al-museo-de-la-concha-en-la-programacion-de-la-i-jornada-interuniversitaria\/","og_locale":"en_US","og_type":"article","og_title":"Universidad de las Artes - Exposici\u00f3n fotogr\u00e1fica \u201cHeridas que buscan sanar\u201d y visita al Museo de Conchas, en la programaci\u00f3n de jornada interuniversitaria","og_description":"Universidad de las Artes - Exposici\u00f3n fotogr\u00e1fica \u201cHeridas que buscan sanar\u201d y visita al Museo de Conchas, en la programaci\u00f3n de jornada interuniversitaria","og_url":"https:\/\/www.uartes.edu.ec\/sitio\/en\/blog\/2025\/11\/11\/muestra-fotografica-y-visita-al-museo-de-la-concha-en-la-programacion-de-la-i-jornada-interuniversitaria\/","og_site_name":"Universidad de las Artes","article_publisher":"https:\/\/www.facebook.com\/uartesec","article_published_time":"2025-11-11T16:34:00+00:00","article_modified_time":"2025-11-14T20:50:29+00:00","og_image":[{"width":2000,"height":1333,"url":"https:\/\/www.uartes.edu.ec\/sitio\/wp-content\/uploads\/2025\/11\/IMG_2108-31.jpg","type":"image\/jpeg"}],"author":"ccortez","twitter_card":"summary_large_image","twitter_creator":"@uartesec","twitter_site":"@uartesec","twitter_misc":{"Written by":"ccortez","Est. reading time":"3 minutes"},"schema":{"@context":"https:\/\/schema.org","@graph":[{"@type":"Article","@id":"https:\/\/www.uartes.edu.ec\/sitio\/en\/blog\/2025\/11\/11\/muestra-fotografica-y-visita-al-museo-de-la-concha-en-la-programacion-de-la-i-jornada-interuniversitaria\/#article","isPartOf":{"@id":"https:\/\/www.uartes.edu.ec\/sitio\/en\/blog\/2025\/11\/11\/muestra-fotografica-y-visita-al-museo-de-la-concha-en-la-programacion-de-la-i-jornada-interuniversitaria\/"},"author":{"name":"ccortez","@id":"https:\/\/www.uartes.edu.ec\/sitio\/en\/#\/schema\/person\/efa1b8275797664fd7f13a79ccc0b1f4"},"headline":"Exposici\u00f3n fotogr\u00e1fica \u201cHeridas que buscan sanar\u201d y visita al Museo de Conchas, en la programaci\u00f3n de jornada interuniversitaria","datePublished":"2025-11-11T16:34:00+00:00","dateModified":"2025-11-14T20:50:29+00:00","mainEntityOfPage":{"@id":"https:\/\/www.uartes.edu.ec\/sitio\/en\/blog\/2025\/11\/11\/muestra-fotografica-y-visita-al-museo-de-la-concha-en-la-programacion-de-la-i-jornada-interuniversitaria\/"},"wordCount":623,"commentCount":0,"publisher":{"@id":"https:\/\/www.uartes.edu.ec\/sitio\/en\/#organization"},"image":{"@id":"https:\/\/www.uartes.edu.ec\/sitio\/en\/blog\/2025\/11\/11\/muestra-fotografica-y-visita-al-museo-de-la-concha-en-la-programacion-de-la-i-jornada-interuniversitaria\/#primaryimage"},"thumbnailUrl":"https:\/\/www.uartes.edu.ec\/sitio\/wp-content\/uploads\/2025\/11\/IMG_2108-31.jpg","keywords":["encuentro"],"articleSection":["Acad\u00e9mico","Administrativos","Artes","Docentes","Estudiantes","Investigaci\u00f3n","V\u00ednculo"],"inLanguage":"en-US","potentialAction":[{"@type":"CommentAction","name":"Comment","target":["https:\/\/www.uartes.edu.ec\/sitio\/en\/blog\/2025\/11\/11\/muestra-fotografica-y-visita-al-museo-de-la-concha-en-la-programacion-de-la-i-jornada-interuniversitaria\/#respond"]}]},{"@type":["WebPage","ItemPage"],"@id":"https:\/\/www.uartes.edu.ec\/sitio\/en\/blog\/2025\/11\/11\/muestra-fotografica-y-visita-al-museo-de-la-concha-en-la-programacion-de-la-i-jornada-interuniversitaria\/","url":"https:\/\/www.uartes.edu.ec\/sitio\/en\/blog\/2025\/11\/11\/muestra-fotografica-y-visita-al-museo-de-la-concha-en-la-programacion-de-la-i-jornada-interuniversitaria\/","name":"Universidad de las Artes - Exposici\u00f3n fotogr\u00e1fica \u201cHeridas que buscan sanar\u201d y visita al Museo de Conchas, en la programaci\u00f3n de jornada interuniversitaria","isPartOf":{"@id":"https:\/\/www.uartes.edu.ec\/sitio\/en\/#website"},"primaryImageOfPage":{"@id":"https:\/\/www.uartes.edu.ec\/sitio\/en\/blog\/2025\/11\/11\/muestra-fotografica-y-visita-al-museo-de-la-concha-en-la-programacion-de-la-i-jornada-interuniversitaria\/#primaryimage"},"image":{"@id":"https:\/\/www.uartes.edu.ec\/sitio\/en\/blog\/2025\/11\/11\/muestra-fotografica-y-visita-al-museo-de-la-concha-en-la-programacion-de-la-i-jornada-interuniversitaria\/#primaryimage"},"thumbnailUrl":"https:\/\/www.uartes.edu.ec\/sitio\/wp-content\/uploads\/2025\/11\/IMG_2108-31.jpg","datePublished":"2025-11-11T16:34:00+00:00","dateModified":"2025-11-14T20:50:29+00:00","description":"Universidad de las Artes - Exposici\u00f3n fotogr\u00e1fica \u201cHeridas que buscan sanar\u201d y visita al Museo de Conchas, en la programaci\u00f3n de jornada interuniversitaria","breadcrumb":{"@id":"https:\/\/www.uartes.edu.ec\/sitio\/en\/blog\/2025\/11\/11\/muestra-fotografica-y-visita-al-museo-de-la-concha-en-la-programacion-de-la-i-jornada-interuniversitaria\/#breadcrumb"},"inLanguage":"en-US","potentialAction":[{"@type":"ReadAction","target":["https:\/\/www.uartes.edu.ec\/sitio\/en\/blog\/2025\/11\/11\/muestra-fotografica-y-visita-al-museo-de-la-concha-en-la-programacion-de-la-i-jornada-interuniversitaria\/"]}]},{"@type":"ImageObject","inLanguage":"en-US","@id":"https:\/\/www.uartes.edu.ec\/sitio\/en\/blog\/2025\/11\/11\/muestra-fotografica-y-visita-al-museo-de-la-concha-en-la-programacion-de-la-i-jornada-interuniversitaria\/#primaryimage","url":"https:\/\/www.uartes.edu.ec\/sitio\/wp-content\/uploads\/2025\/11\/IMG_2108-31.jpg","contentUrl":"https:\/\/www.uartes.edu.ec\/sitio\/wp-content\/uploads\/2025\/11\/IMG_2108-31.jpg","width":2000,"height":1333},{"@type":"BreadcrumbList","@id":"https:\/\/www.uartes.edu.ec\/sitio\/en\/blog\/2025\/11\/11\/muestra-fotografica-y-visita-al-museo-de-la-concha-en-la-programacion-de-la-i-jornada-interuniversitaria\/#breadcrumb","itemListElement":[{"@type":"ListItem","position":1,"name":"Inicio","item":"https:\/\/www.uartes.edu.ec\/sitio\/"},{"@type":"ListItem","position":2,"name":"Exposici\u00f3n fotogr\u00e1fica \u201cHeridas que buscan sanar\u201d y visita al Museo de Conchas, en la programaci\u00f3n de jornada interuniversitaria"}]},{"@type":"WebSite","@id":"https:\/\/www.uartes.edu.ec\/sitio\/en\/#website","url":"https:\/\/www.uartes.edu.ec\/sitio\/en\/","name":"Universidad de las Artes","description":"Sitio oficial de la Universidad Nacional de las Artes del Ecuador","publisher":{"@id":"https:\/\/www.uartes.edu.ec\/sitio\/en\/#organization"},"potentialAction":[{"@type":"SearchAction","target":{"@type":"EntryPoint","urlTemplate":"https:\/\/www.uartes.edu.ec\/sitio\/en\/?s={search_term_string}"},"query-input":{"@type":"PropertyValueSpecification","valueRequired":true,"valueName":"search_term_string"}}],"inLanguage":"en-US"},{"@type":"Organization","@id":"https:\/\/www.uartes.edu.ec\/sitio\/en\/#organization","name":"Universidad de las Artes","url":"https:\/\/www.uartes.edu.ec\/sitio\/en\/","logo":{"@type":"ImageObject","inLanguage":"en-US","@id":"https:\/\/www.uartes.edu.ec\/sitio\/en\/#\/schema\/logo\/image\/","url":"https:\/\/www.uartes.edu.ec\/sitio\/wp-content\/uploads\/2022\/07\/logo-ua-horizontal.png","contentUrl":"https:\/\/www.uartes.edu.ec\/sitio\/wp-content\/uploads\/2022\/07\/logo-ua-horizontal.png","width":800,"height":276,"caption":"Universidad de las Artes"},"image":{"@id":"https:\/\/www.uartes.edu.ec\/sitio\/en\/#\/schema\/logo\/image\/"},"sameAs":["https:\/\/www.facebook.com\/uartesec","https:\/\/x.com\/uartesec","https:\/\/www.tiktok.com\/@uartesec"]},{"@type":"Person","@id":"https:\/\/www.uartes.edu.ec\/sitio\/en\/#\/schema\/person\/efa1b8275797664fd7f13a79ccc0b1f4","name":"ccortez","image":{"@type":"ImageObject","inLanguage":"en-US","@id":"https:\/\/secure.gravatar.com\/avatar\/b2a6f664a3ae8e074346ef91775736c5ec479e637ecced6842de9dc98b5da9cd?s=96&d=mm&r=g","url":"https:\/\/secure.gravatar.com\/avatar\/b2a6f664a3ae8e074346ef91775736c5ec479e637ecced6842de9dc98b5da9cd?s=96&d=mm&r=g","contentUrl":"https:\/\/secure.gravatar.com\/avatar\/b2a6f664a3ae8e074346ef91775736c5ec479e637ecced6842de9dc98b5da9cd?s=96&d=mm&r=g","caption":"ccortez"},"url":"https:\/\/www.uartes.edu.ec\/sitio\/en\/blog\/author\/ccortez\/"}]}},"uagb_featured_image_src":{"full":["https:\/\/www.uartes.edu.ec\/sitio\/wp-content\/uploads\/2025\/11\/IMG_2108-31.jpg",2000,1333,false],"thumbnail":["https:\/\/www.uartes.edu.ec\/sitio\/wp-content\/uploads\/2025\/11\/IMG_2108-31-150x150.jpg",150,150,true],"medium":["https:\/\/www.uartes.edu.ec\/sitio\/wp-content\/uploads\/2025\/11\/IMG_2108-31-300x200.jpg",300,200,true],"medium_large":["https:\/\/www.uartes.edu.ec\/sitio\/wp-content\/uploads\/2025\/11\/IMG_2108-31-768x512.jpg",768,512,true],"large":["https:\/\/www.uartes.edu.ec\/sitio\/wp-content\/uploads\/2025\/11\/IMG_2108-31-644x429.jpg",644,429,true],"1536x1536":["https:\/\/www.uartes.edu.ec\/sitio\/wp-content\/uploads\/2025\/11\/IMG_2108-31-1536x1024.jpg",1536,1024,true],"2048x2048":["https:\/\/www.uartes.edu.ec\/sitio\/wp-content\/uploads\/2025\/11\/IMG_2108-31.jpg",2000,1333,false],"trp-custom-language-flag":["https:\/\/www.uartes.edu.ec\/sitio\/wp-content\/uploads\/2025\/11\/IMG_2108-31-18x12.jpg",18,12,true],"htmega_size_585x295":["https:\/\/www.uartes.edu.ec\/sitio\/wp-content\/uploads\/2025\/11\/IMG_2108-31-585x295.jpg",585,295,true],"htmega_size_1170x536":["https:\/\/www.uartes.edu.ec\/sitio\/wp-content\/uploads\/2025\/11\/IMG_2108-31-1170x536.jpg",1170,536,true],"htmega_size_396x360":["https:\/\/www.uartes.edu.ec\/sitio\/wp-content\/uploads\/2025\/11\/IMG_2108-31-396x360.jpg",396,360,true],"gb-block-post-grid-landscape":["https:\/\/www.uartes.edu.ec\/sitio\/wp-content\/uploads\/2025\/11\/IMG_2108-31-600x400.jpg",600,400,true],"gb-block-post-grid-square":["https:\/\/www.uartes.edu.ec\/sitio\/wp-content\/uploads\/2025\/11\/IMG_2108-31-600x600.jpg",600,600,true],"university-hub-thumb":["https:\/\/www.uartes.edu.ec\/sitio\/wp-content\/uploads\/2025\/11\/IMG_2108-31-400x267.jpg",400,267,true],"mailpoet_newsletter_max":["https:\/\/www.uartes.edu.ec\/sitio\/wp-content\/uploads\/2025\/11\/IMG_2108-31.jpg",1320,880,false]},"uagb_author_info":{"display_name":"ccortez","author_link":"https:\/\/www.uartes.edu.ec\/sitio\/en\/blog\/author\/ccortez\/"},"uagb_comment_info":0,"uagb_excerpt":"La muestra fotogr\u00e1fica \u201cHeridas que buscan sanar\u201d y la visita al Museo de Conchas Gustavo Noboa Bejarano constaron en las actividades que se desarrollaron en el primer d\u00eda de la primera jornada interuniversitaria, concebida por la Universidad de las Artes, la Universidad Casa Grande y la Universidad del R\u00edo para la de divulgaci\u00f3n de proyectos&hellip;","featured_image_src":"https:\/\/www.uartes.edu.ec\/sitio\/wp-content\/uploads\/2025\/11\/IMG_2108-31-600x400.jpg","featured_image_src_square":"https:\/\/www.uartes.edu.ec\/sitio\/wp-content\/uploads\/2025\/11\/IMG_2108-31-600x600.jpg","author_info":{"display_name":"ccortez","author_link":"https:\/\/www.uartes.edu.ec\/sitio\/en\/blog\/author\/ccortez\/"},"publishpress_future_workflow_manual_trigger":{"enabledWorkflows":[]},"distributor_meta":false,"distributor_terms":false,"distributor_media":false,"distributor_original_site_name":"Universidad de las Artes","distributor_original_site_url":"https:\/\/www.uartes.edu.ec\/sitio\/en","push-errors":false,"_links":{"self":[{"href":"https:\/\/www.uartes.edu.ec\/sitio\/en\/wp-json\/wp\/v2\/posts\/81855","targetHints":{"allow":["GET"]}}],"collection":[{"href":"https:\/\/www.uartes.edu.ec\/sitio\/en\/wp-json\/wp\/v2\/posts"}],"about":[{"href":"https:\/\/www.uartes.edu.ec\/sitio\/en\/wp-json\/wp\/v2\/types\/post"}],"author":[{"embeddable":true,"href":"https:\/\/www.uartes.edu.ec\/sitio\/en\/wp-json\/wp\/v2\/users\/10"}],"replies":[{"embeddable":true,"href":"https:\/\/www.uartes.edu.ec\/sitio\/en\/wp-json\/wp\/v2\/comments?post=81855"}],"version-history":[{"count":14,"href":"https:\/\/www.uartes.edu.ec\/sitio\/en\/wp-json\/wp\/v2\/posts\/81855\/revisions"}],"predecessor-version":[{"id":82016,"href":"https:\/\/www.uartes.edu.ec\/sitio\/en\/wp-json\/wp\/v2\/posts\/81855\/revisions\/82016"}],"wp:featuredmedia":[{"embeddable":true,"href":"https:\/\/www.uartes.edu.ec\/sitio\/en\/wp-json\/wp\/v2\/media\/81895"}],"wp:attachment":[{"href":"https:\/\/www.uartes.edu.ec\/sitio\/en\/wp-json\/wp\/v2\/media?parent=81855"}],"wp:term":[{"taxonomy":"category","embeddable":true,"href":"https:\/\/www.uartes.edu.ec\/sitio\/en\/wp-json\/wp\/v2\/categories?post=81855"},{"taxonomy":"post_tag","embeddable":true,"href":"https:\/\/www.uartes.edu.ec\/sitio\/en\/wp-json\/wp\/v2\/tags?post=81855"},{"taxonomy":"infouartes","embeddable":true,"href":"https:\/\/www.uartes.edu.ec\/sitio\/en\/wp-json\/wp\/v2\/infouartes?post=81855"}],"curies":[{"name":"wp","href":"https:\/\/api.w.org\/{rel}","templated":true}]}}