{"id":85301,"date":"2026-01-28T12:13:23","date_gmt":"2026-01-28T17:13:23","guid":{"rendered":"https:\/\/www.uartes.edu.ec\/sitio\/?p=85301"},"modified":"2026-01-28T12:21:14","modified_gmt":"2026-01-28T17:21:14","slug":"que-arda-la-casa-en-la-xi-edicion-de-un-pais-para-cuentistas","status":"publish","type":"post","link":"https:\/\/www.uartes.edu.ec\/sitio\/en\/blog\/2026\/01\/28\/que-arda-la-casa-en-la-xi-edicion-de-un-pais-para-cuentistas\/","title":{"rendered":"\u201c\u00a1Qu\u00e9 arda la casa!\u201d en un \u201cPa\u00eds para cuentistas\u201d; su XI edici\u00f3n en una jornada"},"content":{"rendered":"<p>Una jornada de di\u00e1logos, talleres de escritura y karaoke cortavenas propone la XI edici\u00f3n de \u201cPa\u00eds para cuentistas\u201d que se desarrollar\u00e1 este viernes 30 de enero, de 10:30 a 18:30, en la Biblioteca de las Artes. En este a\u00f1o, la cita abraza la tem\u00e1tica \u201c\u00a1Qu\u00e9 arda la casa!\u201d; en su organizaci\u00f3n intervienen estudiantes de Literatura; est\u00e1 dirigida a exalumnos narradores; y tendr\u00e1 como invitados a los escritores Edmundo Paz Sold\u00e1n (Bolivia) y Dalton Osorno (Ecuador).<\/p>\n\n\n\n<p>Los alumni mencionados son Ana Mar\u00eda Crespo, Dami\u00e1n Matailo, Jenniffer Zambrano y Rosita Quiroz, quienes dialogar\u00e1n con los alumnos Gabriel Delgado, Paola Salazar, Fadya Ortega y Mercedes Palma. Concebido por la docente Solange Rodr\u00edguez, directora de la Escuela de Literatura, \u201cPa\u00eds para cuentistas\u201d aborda el relato ecuatoriano partiendo de la pregunta: \u00bfEs Ecuador un lugar donde el g\u00e9nero cuento puede mantenerse y propagarse? Autores nacionales e internacionales han respondido esa inquietud compartiendo sus procesos creativos con la comunidad universitaria y el p\u00fablico en general.<\/p>\n\n\n\n<p>\u201cPa\u00eds para cuentistas\u201d iniciar\u00e1 con el di\u00e1logo de Solange Rodr\u00edguez con Edmundo Paz Sold\u00e1n, el cual ser\u00e1 virtual; continuar\u00e1 con el taller \u201cEl personaje en la silla\u201d, a cargo de Paola Salazar y Cecibel Cortez; le seguir\u00e1 la conversaci\u00f3n que Manuel Flor mantendr\u00e1 con Dalton Osorno sobre su libro \u201cHasta que salga el cuento\u201d, as\u00ed como las entrevistas de los alumnos a los alumni. La actividad finalizar\u00e1 con \u201cLo que se ve, no se pregunta\u201d, un&nbsp;karaoke coordinado por Amaranta Santamar\u00eda y Valeria Martillo.<\/p>\n\n\n<div class=\"wp-block-image\">\n<figure class=\"aligncenter size-large\"><img fetchpriority=\"high\" decoding=\"async\" width=\"644\" height=\"429\" src=\"https:\/\/www.uartes.edu.ec\/sitio\/wp-content\/uploads\/2026\/01\/Proyecto-Cambiar-tamano-de-imagen-2026-01-28T115222.047-644x429.jpeg\" alt=\"\" class=\"wp-image-85303\" srcset=\"https:\/\/www.uartes.edu.ec\/sitio\/wp-content\/uploads\/2026\/01\/Proyecto-Cambiar-tamano-de-imagen-2026-01-28T115222.047-644x429.jpeg 644w, https:\/\/www.uartes.edu.ec\/sitio\/wp-content\/uploads\/2026\/01\/Proyecto-Cambiar-tamano-de-imagen-2026-01-28T115222.047-300x200.jpeg 300w, https:\/\/www.uartes.edu.ec\/sitio\/wp-content\/uploads\/2026\/01\/Proyecto-Cambiar-tamano-de-imagen-2026-01-28T115222.047-768x512.jpeg 768w, https:\/\/www.uartes.edu.ec\/sitio\/wp-content\/uploads\/2026\/01\/Proyecto-Cambiar-tamano-de-imagen-2026-01-28T115222.047-1536x1024.jpeg 1536w, https:\/\/www.uartes.edu.ec\/sitio\/wp-content\/uploads\/2026\/01\/Proyecto-Cambiar-tamano-de-imagen-2026-01-28T115222.047-18x12.jpeg 18w, https:\/\/www.uartes.edu.ec\/sitio\/wp-content\/uploads\/2026\/01\/Proyecto-Cambiar-tamano-de-imagen-2026-01-28T115222.047-600x400.jpeg 600w, https:\/\/www.uartes.edu.ec\/sitio\/wp-content\/uploads\/2026\/01\/Proyecto-Cambiar-tamano-de-imagen-2026-01-28T115222.047-400x267.jpeg 400w, https:\/\/www.uartes.edu.ec\/sitio\/wp-content\/uploads\/2026\/01\/Proyecto-Cambiar-tamano-de-imagen-2026-01-28T115222.047.jpeg 2000w\" sizes=\"(max-width: 644px) 100vw, 644px\" \/><\/figure>\n<\/div>\n\n\n<p>Manuel Flor y Paola Salazar encabezan el grupo de estudiantes que, motivado y dirigido por Solange Rodr\u00edguez, ultima detalles de la jornada. Ambos transitan el mundo literario con producciones propias, que no solo han sido publicadas, sino que han recibido reconocimientos, como el primer lugar en el concurso nacional de poes\u00eda Ileana Espinel Cede\u00f1o que conquist\u00f3 Salazar el a\u00f1o pasado, en el marco del festival hom\u00f3nimo e internacional.<\/p>\n\n\n\n<p>De igual manera, Manuel Flor tiene iniciativas culturales individuales, como el grupo de lectura Tabula Rasa. En el di\u00e1logo con InfoUArtes, el estudiante record\u00f3 que, en la d\u00e9cima edici\u00f3n (celebrada en 2025), los di\u00e1logos con los escritores nacionales e internacionales invitados se desarrollaron como entrevistas. Este a\u00f1o decidieron replicarlo para ahondar en los procesos creativos y las obras, sobre todo en el \u00e1mbito de la cuent\u00edstica. Es un evento que resalta el cuento con forma creativa como registro literario, precis\u00f3.<\/p>\n\n\n\n<p>La tem\u00e1tica de este a\u00f1o, \u201c\u00a1Qu\u00e9 arda la casa!\u201d, tiene que ver con el tipo de cuentistas que participar\u00e1n. La mayor\u00eda de los textos resalta el tema femenino, fant\u00e1stico y de la literatura levemente ligada al horror, indicaron Flor y Salazar. Coincidieron tambi\u00e9n en lo bonito del trabajo conjunto que han venido desarrollando para la jornada, as\u00ed como de la oportunidad que tendr\u00e1n de compartir los conocimientos recibidos en la UArtes.<\/p>\n\n\n<div class=\"wp-block-image\">\n<figure class=\"aligncenter size-large\"><img decoding=\"async\" width=\"644\" height=\"429\" src=\"https:\/\/www.uartes.edu.ec\/sitio\/wp-content\/uploads\/2026\/01\/Proyecto-Cambiar-tamano-de-imagen-2026-01-28T120437.865-644x429.jpeg\" alt=\"\" class=\"wp-image-85309\" srcset=\"https:\/\/www.uartes.edu.ec\/sitio\/wp-content\/uploads\/2026\/01\/Proyecto-Cambiar-tamano-de-imagen-2026-01-28T120437.865-644x429.jpeg 644w, https:\/\/www.uartes.edu.ec\/sitio\/wp-content\/uploads\/2026\/01\/Proyecto-Cambiar-tamano-de-imagen-2026-01-28T120437.865-300x200.jpeg 300w, https:\/\/www.uartes.edu.ec\/sitio\/wp-content\/uploads\/2026\/01\/Proyecto-Cambiar-tamano-de-imagen-2026-01-28T120437.865-768x512.jpeg 768w, https:\/\/www.uartes.edu.ec\/sitio\/wp-content\/uploads\/2026\/01\/Proyecto-Cambiar-tamano-de-imagen-2026-01-28T120437.865-1536x1024.jpeg 1536w, https:\/\/www.uartes.edu.ec\/sitio\/wp-content\/uploads\/2026\/01\/Proyecto-Cambiar-tamano-de-imagen-2026-01-28T120437.865-18x12.jpeg 18w, https:\/\/www.uartes.edu.ec\/sitio\/wp-content\/uploads\/2026\/01\/Proyecto-Cambiar-tamano-de-imagen-2026-01-28T120437.865-600x400.jpeg 600w, https:\/\/www.uartes.edu.ec\/sitio\/wp-content\/uploads\/2026\/01\/Proyecto-Cambiar-tamano-de-imagen-2026-01-28T120437.865-400x267.jpeg 400w, https:\/\/www.uartes.edu.ec\/sitio\/wp-content\/uploads\/2026\/01\/Proyecto-Cambiar-tamano-de-imagen-2026-01-28T120437.865.jpeg 2000w\" sizes=\"(max-width: 644px) 100vw, 644px\" \/><\/figure>\n<\/div>\n\n\n<p>Del taller, Paola Salazar adelant\u00f3 que est\u00e1 relacionado con la creaci\u00f3n y los cuentos. Se denomina \u201cEl personaje en la silla\u201d porque \u201cse puede tener la mejor idea del mundo, pero no sin un personaje que la sostenga\u201d. Hizo referencia tambi\u00e9n a los personajes tridimensionales, cre\u00edbles y que sienten, evitando a los personajes planos y sin motivaciones.<\/p>\n\n\n\n<p>El taller juega con el concepto de \u201c\u00a1Qu\u00e9 arda la casa!\u201d, en el sentido de propagar el calor o la fuerza de la literatura; crear una llama m\u00e1s fuerte, a trav\u00e9s de la creaci\u00f3n de los estudiantes. Un calor que los apasiona y que los llev\u00f3 a pensar en una jornada completa, lo cual \u201cPa\u00eds para cuentistas\u201d no hab\u00eda desarrollado en sus anteriores ediciones.<\/p>\n\n\n\n<p>\u201cEs un reto que nos pusimos, aunque tambi\u00e9n pensamos en que fuera una semana de actividades. De 10:30 a 18:30 y luego un karaoke porque, a veces, los estudiantes no logran llegar a uno de los di\u00e1logos, ahora podr\u00e1n hacerlo porque tendr\u00e1n propuestas a lo largo del d\u00eda. El cierre que vamos a tener en La Cueva (jazz bar) tiene un car\u00e1cter literario que sale de lo acad\u00e9mico, pero est\u00e1 ligado como tal a celebrar a la literatura\u201d, dijo Salazar.<\/p>\n\n\n\n<p>Cabe anotar que las actividades forman parte del semillero de investigaci\u00f3n y posgrado que tiene el mismo nombre, \u201cPa\u00eds para cuentistas\u201d, e incluye el podcast \u201cPuerto de Luna\u201d, as\u00ed como el Club de Lectura \u201cRatones de biblioteca\u201d.<\/p>\n\n\n<div class=\"wp-block-image\">\n<figure class=\"aligncenter size-large\"><img decoding=\"async\" width=\"644\" height=\"429\" src=\"https:\/\/www.uartes.edu.ec\/sitio\/wp-content\/uploads\/2026\/01\/Proyecto-Cambiar-tamano-de-imagen-2026-01-28T121019.630-644x429.jpeg\" alt=\"\" class=\"wp-image-85310\" srcset=\"https:\/\/www.uartes.edu.ec\/sitio\/wp-content\/uploads\/2026\/01\/Proyecto-Cambiar-tamano-de-imagen-2026-01-28T121019.630-644x429.jpeg 644w, https:\/\/www.uartes.edu.ec\/sitio\/wp-content\/uploads\/2026\/01\/Proyecto-Cambiar-tamano-de-imagen-2026-01-28T121019.630-300x200.jpeg 300w, https:\/\/www.uartes.edu.ec\/sitio\/wp-content\/uploads\/2026\/01\/Proyecto-Cambiar-tamano-de-imagen-2026-01-28T121019.630-768x512.jpeg 768w, https:\/\/www.uartes.edu.ec\/sitio\/wp-content\/uploads\/2026\/01\/Proyecto-Cambiar-tamano-de-imagen-2026-01-28T121019.630-1536x1024.jpeg 1536w, https:\/\/www.uartes.edu.ec\/sitio\/wp-content\/uploads\/2026\/01\/Proyecto-Cambiar-tamano-de-imagen-2026-01-28T121019.630-18x12.jpeg 18w, https:\/\/www.uartes.edu.ec\/sitio\/wp-content\/uploads\/2026\/01\/Proyecto-Cambiar-tamano-de-imagen-2026-01-28T121019.630-600x400.jpeg 600w, https:\/\/www.uartes.edu.ec\/sitio\/wp-content\/uploads\/2026\/01\/Proyecto-Cambiar-tamano-de-imagen-2026-01-28T121019.630-400x267.jpeg 400w, https:\/\/www.uartes.edu.ec\/sitio\/wp-content\/uploads\/2026\/01\/Proyecto-Cambiar-tamano-de-imagen-2026-01-28T121019.630.jpeg 2000w\" sizes=\"(max-width: 644px) 100vw, 644px\" \/><\/figure>\n<\/div>\n\n\n<p>Justamente, antes de sumarse a la organizaci\u00f3n de \u201cPa\u00eds para cuentistas\u201d, Paola Salazar particip\u00f3 en la creaci\u00f3n del Club de Lectura se\u00f1alado, el cual fue, asimismo, una iniciativa de la escritora Solange Rodr\u00edguez y en cuya conducci\u00f3n intervinieron tambi\u00e9n otros estudiantes. Que al hablarle de ese proyecto \u2013el cual cumpli\u00f3 varias sesiones y ahora se encuentra en pausa\u2013 tuvo muchas coincidencias con la hoy directora de la Escuela de Literatura, revel\u00f3. En especial, en el deseo de unir a la comunidad y de propagar el fuego literario.<\/p>\n\n\n\n<p>El Club de Lectura, para el cual se reun\u00edan dos veces al mes, se convirti\u00f3 en un proyecto personal por la satisfacci\u00f3n que sinti\u00f3 de estar rodeada de m\u00e1s personas apasionadas por la literatura y la creaci\u00f3n, mencion\u00f3 Salazar. \u201cMe gusta ir de un lado a otro, lanzar ideas y escucharlas de los dem\u00e1s y participar porque siento que es dejar una peque\u00f1a huella y retribuirle a la universidad lo que me da. Es tambi\u00e9n pasi\u00f3n por el arte y porque creo fielmente en estos proyectos. Hay muchos textos incre\u00edbles que se quedan en hojas, en computadoras, pero aqu\u00ed en la UArtes nos encontramos con otras personas que piensan igual y as\u00ed es como evolucionas no solo como escritor, creador, editor y artista, sino como persona\u201d, agreg\u00f3.<\/p>\n\n\n\n<p>Manuel Flor experimenta la misma pasi\u00f3n literaria, esa que lo lleva a escribir y crear. Considera igualmente necesario fortalecer la uni\u00f3n y avivar la idea de la convivencia dentro de la universidad. \u201cPasamos ac\u00e1 muchas horas de nuestros d\u00edas, semanas y meses durante cuatro, cinco, seis a\u00f1os y, de repente, hay gente que entra y sale de aqu\u00ed sin un motivo, sin una idea de amistad ni de comunidad, o de pensar en un trabajo conjunto\u201d.<\/p>\n\n\n\n<p>Paola Salazar y Manuel Flor ponderaron el trabajo de los compa\u00f1eros que tambi\u00e9n est\u00e1n en la organizaci\u00f3n de la cita: Valeria Martillo, Cecibel Cortez,&nbsp;Gabriel Delgado, Julio Salazar, Amaranta Santamar\u00eda, Fadya Ortega, Mercedes Palma y Quel Guevara.<\/p>\n\n\n\n<p>Texto: Carmen Cortez\/Dircom. Fotos: Tyrone Maridue\u00f1a\/Dircom.<\/p>\n\n\n\n<p><\/p>","protected":false},"excerpt":{"rendered":"<p>Una jornada de di\u00e1logos, talleres de escritura y karaoke cortavenas propone la XI edici\u00f3n de \u201cPa\u00eds para cuentistas\u201d que se desarrollar\u00e1 este viernes 30 de enero, de 10:30 a 18:30, en la Biblioteca de las Artes. En este a\u00f1o, la cita abraza la tem\u00e1tica \u201c\u00a1Qu\u00e9 arda la casa!\u201d; en su organizaci\u00f3n intervienen estudiantes de Literatura; est\u00e1 dirigida a exalumnos narradores; y tendr\u00e1 como invitados a los escritores Edmundo Paz Sold\u00e1n (Bolivia) y Dalton Osorno (Ecuador).<\/p>","protected":false},"author":10,"featured_media":85302,"comment_status":"open","ping_status":"open","sticky":false,"template":"","format":"standard","meta":{"_acf_changed":false,"_uag_custom_page_level_css":"","_monsterinsights_skip_tracking":false,"_monsterinsights_sitenote_active":false,"_monsterinsights_sitenote_note":"","_monsterinsights_sitenote_category":0,"cybocfi_hide_featured_image":"","footnotes":""},"categories":[175],"tags":[521],"infouartes":[],"class_list":["post-85301","post","type-post","status-publish","format-standard","has-post-thumbnail","hentry","category-literatura","tag-encuentro"],"acf":[],"yoast_head":"<!-- This site is optimized with the Yoast SEO plugin v27.4 - https:\/\/yoast.com\/product\/yoast-seo-wordpress\/ -->\n<title>Universidad de las Artes - \u201c\u00a1Qu\u00e9 arda la casa!\u201d en un \u201cPa\u00eds para cuentistas\u201d; su XI edici\u00f3n en una jornada<\/title>\n<meta name=\"description\" content=\"Universidad de las Artes - \u201c\u00a1Qu\u00e9 arda la casa!\u201d en un \u201cPa\u00eds para cuentistas\u201d; su XI edici\u00f3n en una jornada\" \/>\n<meta name=\"robots\" content=\"index, follow, max-snippet:-1, max-image-preview:large, max-video-preview:-1\" \/>\n<link rel=\"canonical\" href=\"https:\/\/www.uartes.edu.ec\/sitio\/en\/blog\/2026\/01\/28\/que-arda-la-casa-en-la-xi-edicion-de-un-pais-para-cuentistas\/\" \/>\n<meta property=\"og:locale\" content=\"en_US\" \/>\n<meta property=\"og:type\" content=\"article\" \/>\n<meta property=\"og:title\" content=\"Universidad de las Artes - \u201c\u00a1Qu\u00e9 arda la casa!\u201d en un \u201cPa\u00eds para cuentistas\u201d; su XI edici\u00f3n en una jornada\" \/>\n<meta property=\"og:description\" content=\"Universidad de las Artes - \u201c\u00a1Qu\u00e9 arda la casa!\u201d en un \u201cPa\u00eds para cuentistas\u201d; su XI edici\u00f3n en una jornada\" \/>\n<meta property=\"og:url\" content=\"https:\/\/www.uartes.edu.ec\/sitio\/en\/blog\/2026\/01\/28\/que-arda-la-casa-en-la-xi-edicion-de-un-pais-para-cuentistas\/\" \/>\n<meta property=\"og:site_name\" content=\"Universidad de las Artes\" \/>\n<meta property=\"article:publisher\" content=\"https:\/\/www.facebook.com\/uartesec\" \/>\n<meta property=\"article:published_time\" content=\"2026-01-28T17:13:23+00:00\" \/>\n<meta property=\"article:modified_time\" content=\"2026-01-28T17:21:14+00:00\" \/>\n<meta property=\"og:image\" content=\"https:\/\/www.uartes.edu.ec\/sitio\/wp-content\/uploads\/2026\/01\/Proyecto-Cambiar-tamano-de-imagen-2026-01-28T115328.796.jpeg\" \/>\n\t<meta property=\"og:image:width\" content=\"2000\" \/>\n\t<meta property=\"og:image:height\" content=\"1333\" \/>\n\t<meta property=\"og:image:type\" content=\"image\/jpeg\" \/>\n<meta name=\"author\" content=\"ccortez\" \/>\n<meta name=\"twitter:card\" content=\"summary_large_image\" \/>\n<meta name=\"twitter:creator\" content=\"@uartesec\" \/>\n<meta name=\"twitter:site\" content=\"@uartesec\" \/>\n<meta name=\"twitter:label1\" content=\"Written by\" \/>\n\t<meta name=\"twitter:data1\" content=\"ccortez\" \/>\n\t<meta name=\"twitter:label2\" content=\"Est. reading time\" \/>\n\t<meta name=\"twitter:data2\" content=\"6 minutes\" \/>\n<script type=\"application\/ld+json\" class=\"yoast-schema-graph\">{\"@context\":\"https:\\\/\\\/schema.org\",\"@graph\":[{\"@type\":\"Article\",\"@id\":\"https:\\\/\\\/www.uartes.edu.ec\\\/sitio\\\/en\\\/blog\\\/2026\\\/01\\\/28\\\/que-arda-la-casa-en-la-xi-edicion-de-un-pais-para-cuentistas\\\/#article\",\"isPartOf\":{\"@id\":\"https:\\\/\\\/www.uartes.edu.ec\\\/sitio\\\/en\\\/blog\\\/2026\\\/01\\\/28\\\/que-arda-la-casa-en-la-xi-edicion-de-un-pais-para-cuentistas\\\/\"},\"author\":{\"name\":\"ccortez\",\"@id\":\"https:\\\/\\\/www.uartes.edu.ec\\\/sitio\\\/en\\\/#\\\/schema\\\/person\\\/efa1b8275797664fd7f13a79ccc0b1f4\"},\"headline\":\"\u201c\u00a1Qu\u00e9 arda la casa!\u201d en un \u201cPa\u00eds para cuentistas\u201d; su XI edici\u00f3n en una jornada\",\"datePublished\":\"2026-01-28T17:13:23+00:00\",\"dateModified\":\"2026-01-28T17:21:14+00:00\",\"mainEntityOfPage\":{\"@id\":\"https:\\\/\\\/www.uartes.edu.ec\\\/sitio\\\/en\\\/blog\\\/2026\\\/01\\\/28\\\/que-arda-la-casa-en-la-xi-edicion-de-un-pais-para-cuentistas\\\/\"},\"wordCount\":1129,\"commentCount\":0,\"publisher\":{\"@id\":\"https:\\\/\\\/www.uartes.edu.ec\\\/sitio\\\/en\\\/#organization\"},\"image\":{\"@id\":\"https:\\\/\\\/www.uartes.edu.ec\\\/sitio\\\/en\\\/blog\\\/2026\\\/01\\\/28\\\/que-arda-la-casa-en-la-xi-edicion-de-un-pais-para-cuentistas\\\/#primaryimage\"},\"thumbnailUrl\":\"https:\\\/\\\/www.uartes.edu.ec\\\/sitio\\\/wp-content\\\/uploads\\\/2026\\\/01\\\/Proyecto-Cambiar-tamano-de-imagen-2026-01-28T115328.796.jpeg\",\"keywords\":[\"encuentro\"],\"articleSection\":[\"Literatura\"],\"inLanguage\":\"en-US\",\"potentialAction\":[{\"@type\":\"CommentAction\",\"name\":\"Comment\",\"target\":[\"https:\\\/\\\/www.uartes.edu.ec\\\/sitio\\\/en\\\/blog\\\/2026\\\/01\\\/28\\\/que-arda-la-casa-en-la-xi-edicion-de-un-pais-para-cuentistas\\\/#respond\"]}]},{\"@type\":[\"WebPage\",\"ItemPage\"],\"@id\":\"https:\\\/\\\/www.uartes.edu.ec\\\/sitio\\\/en\\\/blog\\\/2026\\\/01\\\/28\\\/que-arda-la-casa-en-la-xi-edicion-de-un-pais-para-cuentistas\\\/\",\"url\":\"https:\\\/\\\/www.uartes.edu.ec\\\/sitio\\\/en\\\/blog\\\/2026\\\/01\\\/28\\\/que-arda-la-casa-en-la-xi-edicion-de-un-pais-para-cuentistas\\\/\",\"name\":\"Universidad de las Artes - \u201c\u00a1Qu\u00e9 arda la casa!\u201d en un \u201cPa\u00eds para cuentistas\u201d; su XI edici\u00f3n en una jornada\",\"isPartOf\":{\"@id\":\"https:\\\/\\\/www.uartes.edu.ec\\\/sitio\\\/en\\\/#website\"},\"primaryImageOfPage\":{\"@id\":\"https:\\\/\\\/www.uartes.edu.ec\\\/sitio\\\/en\\\/blog\\\/2026\\\/01\\\/28\\\/que-arda-la-casa-en-la-xi-edicion-de-un-pais-para-cuentistas\\\/#primaryimage\"},\"image\":{\"@id\":\"https:\\\/\\\/www.uartes.edu.ec\\\/sitio\\\/en\\\/blog\\\/2026\\\/01\\\/28\\\/que-arda-la-casa-en-la-xi-edicion-de-un-pais-para-cuentistas\\\/#primaryimage\"},\"thumbnailUrl\":\"https:\\\/\\\/www.uartes.edu.ec\\\/sitio\\\/wp-content\\\/uploads\\\/2026\\\/01\\\/Proyecto-Cambiar-tamano-de-imagen-2026-01-28T115328.796.jpeg\",\"datePublished\":\"2026-01-28T17:13:23+00:00\",\"dateModified\":\"2026-01-28T17:21:14+00:00\",\"description\":\"Universidad de las Artes - \u201c\u00a1Qu\u00e9 arda la casa!\u201d en un \u201cPa\u00eds para cuentistas\u201d; su XI edici\u00f3n en una jornada\",\"breadcrumb\":{\"@id\":\"https:\\\/\\\/www.uartes.edu.ec\\\/sitio\\\/en\\\/blog\\\/2026\\\/01\\\/28\\\/que-arda-la-casa-en-la-xi-edicion-de-un-pais-para-cuentistas\\\/#breadcrumb\"},\"inLanguage\":\"en-US\",\"potentialAction\":[{\"@type\":\"ReadAction\",\"target\":[\"https:\\\/\\\/www.uartes.edu.ec\\\/sitio\\\/en\\\/blog\\\/2026\\\/01\\\/28\\\/que-arda-la-casa-en-la-xi-edicion-de-un-pais-para-cuentistas\\\/\"]}]},{\"@type\":\"ImageObject\",\"inLanguage\":\"en-US\",\"@id\":\"https:\\\/\\\/www.uartes.edu.ec\\\/sitio\\\/en\\\/blog\\\/2026\\\/01\\\/28\\\/que-arda-la-casa-en-la-xi-edicion-de-un-pais-para-cuentistas\\\/#primaryimage\",\"url\":\"https:\\\/\\\/www.uartes.edu.ec\\\/sitio\\\/wp-content\\\/uploads\\\/2026\\\/01\\\/Proyecto-Cambiar-tamano-de-imagen-2026-01-28T115328.796.jpeg\",\"contentUrl\":\"https:\\\/\\\/www.uartes.edu.ec\\\/sitio\\\/wp-content\\\/uploads\\\/2026\\\/01\\\/Proyecto-Cambiar-tamano-de-imagen-2026-01-28T115328.796.jpeg\",\"width\":2000,\"height\":1333},{\"@type\":\"BreadcrumbList\",\"@id\":\"https:\\\/\\\/www.uartes.edu.ec\\\/sitio\\\/en\\\/blog\\\/2026\\\/01\\\/28\\\/que-arda-la-casa-en-la-xi-edicion-de-un-pais-para-cuentistas\\\/#breadcrumb\",\"itemListElement\":[{\"@type\":\"ListItem\",\"position\":1,\"name\":\"Inicio\",\"item\":\"https:\\\/\\\/www.uartes.edu.ec\\\/sitio\\\/\"},{\"@type\":\"ListItem\",\"position\":2,\"name\":\"\u201c\u00a1Qu\u00e9 arda la casa!\u201d en un \u201cPa\u00eds para cuentistas\u201d; su XI edici\u00f3n en una jornada\"}]},{\"@type\":\"WebSite\",\"@id\":\"https:\\\/\\\/www.uartes.edu.ec\\\/sitio\\\/en\\\/#website\",\"url\":\"https:\\\/\\\/www.uartes.edu.ec\\\/sitio\\\/en\\\/\",\"name\":\"Universidad de las Artes\",\"description\":\"Sitio oficial de la Universidad Nacional de las Artes del Ecuador\",\"publisher\":{\"@id\":\"https:\\\/\\\/www.uartes.edu.ec\\\/sitio\\\/en\\\/#organization\"},\"potentialAction\":[{\"@type\":\"SearchAction\",\"target\":{\"@type\":\"EntryPoint\",\"urlTemplate\":\"https:\\\/\\\/www.uartes.edu.ec\\\/sitio\\\/en\\\/?s={search_term_string}\"},\"query-input\":{\"@type\":\"PropertyValueSpecification\",\"valueRequired\":true,\"valueName\":\"search_term_string\"}}],\"inLanguage\":\"en-US\"},{\"@type\":\"Organization\",\"@id\":\"https:\\\/\\\/www.uartes.edu.ec\\\/sitio\\\/en\\\/#organization\",\"name\":\"Universidad de las Artes\",\"url\":\"https:\\\/\\\/www.uartes.edu.ec\\\/sitio\\\/en\\\/\",\"logo\":{\"@type\":\"ImageObject\",\"inLanguage\":\"en-US\",\"@id\":\"https:\\\/\\\/www.uartes.edu.ec\\\/sitio\\\/en\\\/#\\\/schema\\\/logo\\\/image\\\/\",\"url\":\"https:\\\/\\\/www.uartes.edu.ec\\\/sitio\\\/wp-content\\\/uploads\\\/2022\\\/07\\\/logo-ua-horizontal.png\",\"contentUrl\":\"https:\\\/\\\/www.uartes.edu.ec\\\/sitio\\\/wp-content\\\/uploads\\\/2022\\\/07\\\/logo-ua-horizontal.png\",\"width\":800,\"height\":276,\"caption\":\"Universidad de las Artes\"},\"image\":{\"@id\":\"https:\\\/\\\/www.uartes.edu.ec\\\/sitio\\\/en\\\/#\\\/schema\\\/logo\\\/image\\\/\"},\"sameAs\":[\"https:\\\/\\\/www.facebook.com\\\/uartesec\",\"https:\\\/\\\/x.com\\\/uartesec\",\"https:\\\/\\\/www.tiktok.com\\\/@uartesec\"]},{\"@type\":\"Person\",\"@id\":\"https:\\\/\\\/www.uartes.edu.ec\\\/sitio\\\/en\\\/#\\\/schema\\\/person\\\/efa1b8275797664fd7f13a79ccc0b1f4\",\"name\":\"ccortez\",\"image\":{\"@type\":\"ImageObject\",\"inLanguage\":\"en-US\",\"@id\":\"https:\\\/\\\/secure.gravatar.com\\\/avatar\\\/b2a6f664a3ae8e074346ef91775736c5ec479e637ecced6842de9dc98b5da9cd?s=96&d=mm&r=g\",\"url\":\"https:\\\/\\\/secure.gravatar.com\\\/avatar\\\/b2a6f664a3ae8e074346ef91775736c5ec479e637ecced6842de9dc98b5da9cd?s=96&d=mm&r=g\",\"contentUrl\":\"https:\\\/\\\/secure.gravatar.com\\\/avatar\\\/b2a6f664a3ae8e074346ef91775736c5ec479e637ecced6842de9dc98b5da9cd?s=96&d=mm&r=g\",\"caption\":\"ccortez\"},\"url\":\"https:\\\/\\\/www.uartes.edu.ec\\\/sitio\\\/en\\\/blog\\\/author\\\/ccortez\\\/\"}]}<\/script>\n<!-- \/ Yoast SEO plugin. -->","yoast_head_json":{"title":"Universidad de las Artes - \u201c\u00a1Qu\u00e9 arda la casa!\u201d en un \u201cPa\u00eds para cuentistas\u201d; su XI edici\u00f3n en una jornada","description":"Universidad de las Artes - \u201c\u00a1Qu\u00e9 arda la casa!\u201d en un \u201cPa\u00eds para cuentistas\u201d; su XI edici\u00f3n en una jornada","robots":{"index":"index","follow":"follow","max-snippet":"max-snippet:-1","max-image-preview":"max-image-preview:large","max-video-preview":"max-video-preview:-1"},"canonical":"https:\/\/www.uartes.edu.ec\/sitio\/en\/blog\/2026\/01\/28\/que-arda-la-casa-en-la-xi-edicion-de-un-pais-para-cuentistas\/","og_locale":"en_US","og_type":"article","og_title":"Universidad de las Artes - \u201c\u00a1Qu\u00e9 arda la casa!\u201d en un \u201cPa\u00eds para cuentistas\u201d; su XI edici\u00f3n en una jornada","og_description":"Universidad de las Artes - \u201c\u00a1Qu\u00e9 arda la casa!\u201d en un \u201cPa\u00eds para cuentistas\u201d; su XI edici\u00f3n en una jornada","og_url":"https:\/\/www.uartes.edu.ec\/sitio\/en\/blog\/2026\/01\/28\/que-arda-la-casa-en-la-xi-edicion-de-un-pais-para-cuentistas\/","og_site_name":"Universidad de las Artes","article_publisher":"https:\/\/www.facebook.com\/uartesec","article_published_time":"2026-01-28T17:13:23+00:00","article_modified_time":"2026-01-28T17:21:14+00:00","og_image":[{"width":2000,"height":1333,"url":"https:\/\/www.uartes.edu.ec\/sitio\/wp-content\/uploads\/2026\/01\/Proyecto-Cambiar-tamano-de-imagen-2026-01-28T115328.796.jpeg","type":"image\/jpeg"}],"author":"ccortez","twitter_card":"summary_large_image","twitter_creator":"@uartesec","twitter_site":"@uartesec","twitter_misc":{"Written by":"ccortez","Est. reading time":"6 minutes"},"schema":{"@context":"https:\/\/schema.org","@graph":[{"@type":"Article","@id":"https:\/\/www.uartes.edu.ec\/sitio\/en\/blog\/2026\/01\/28\/que-arda-la-casa-en-la-xi-edicion-de-un-pais-para-cuentistas\/#article","isPartOf":{"@id":"https:\/\/www.uartes.edu.ec\/sitio\/en\/blog\/2026\/01\/28\/que-arda-la-casa-en-la-xi-edicion-de-un-pais-para-cuentistas\/"},"author":{"name":"ccortez","@id":"https:\/\/www.uartes.edu.ec\/sitio\/en\/#\/schema\/person\/efa1b8275797664fd7f13a79ccc0b1f4"},"headline":"\u201c\u00a1Qu\u00e9 arda la casa!\u201d en un \u201cPa\u00eds para cuentistas\u201d; su XI edici\u00f3n en una jornada","datePublished":"2026-01-28T17:13:23+00:00","dateModified":"2026-01-28T17:21:14+00:00","mainEntityOfPage":{"@id":"https:\/\/www.uartes.edu.ec\/sitio\/en\/blog\/2026\/01\/28\/que-arda-la-casa-en-la-xi-edicion-de-un-pais-para-cuentistas\/"},"wordCount":1129,"commentCount":0,"publisher":{"@id":"https:\/\/www.uartes.edu.ec\/sitio\/en\/#organization"},"image":{"@id":"https:\/\/www.uartes.edu.ec\/sitio\/en\/blog\/2026\/01\/28\/que-arda-la-casa-en-la-xi-edicion-de-un-pais-para-cuentistas\/#primaryimage"},"thumbnailUrl":"https:\/\/www.uartes.edu.ec\/sitio\/wp-content\/uploads\/2026\/01\/Proyecto-Cambiar-tamano-de-imagen-2026-01-28T115328.796.jpeg","keywords":["encuentro"],"articleSection":["Literatura"],"inLanguage":"en-US","potentialAction":[{"@type":"CommentAction","name":"Comment","target":["https:\/\/www.uartes.edu.ec\/sitio\/en\/blog\/2026\/01\/28\/que-arda-la-casa-en-la-xi-edicion-de-un-pais-para-cuentistas\/#respond"]}]},{"@type":["WebPage","ItemPage"],"@id":"https:\/\/www.uartes.edu.ec\/sitio\/en\/blog\/2026\/01\/28\/que-arda-la-casa-en-la-xi-edicion-de-un-pais-para-cuentistas\/","url":"https:\/\/www.uartes.edu.ec\/sitio\/en\/blog\/2026\/01\/28\/que-arda-la-casa-en-la-xi-edicion-de-un-pais-para-cuentistas\/","name":"Universidad de las Artes - \u201c\u00a1Qu\u00e9 arda la casa!\u201d en un \u201cPa\u00eds para cuentistas\u201d; su XI edici\u00f3n en una jornada","isPartOf":{"@id":"https:\/\/www.uartes.edu.ec\/sitio\/en\/#website"},"primaryImageOfPage":{"@id":"https:\/\/www.uartes.edu.ec\/sitio\/en\/blog\/2026\/01\/28\/que-arda-la-casa-en-la-xi-edicion-de-un-pais-para-cuentistas\/#primaryimage"},"image":{"@id":"https:\/\/www.uartes.edu.ec\/sitio\/en\/blog\/2026\/01\/28\/que-arda-la-casa-en-la-xi-edicion-de-un-pais-para-cuentistas\/#primaryimage"},"thumbnailUrl":"https:\/\/www.uartes.edu.ec\/sitio\/wp-content\/uploads\/2026\/01\/Proyecto-Cambiar-tamano-de-imagen-2026-01-28T115328.796.jpeg","datePublished":"2026-01-28T17:13:23+00:00","dateModified":"2026-01-28T17:21:14+00:00","description":"Universidad de las Artes - \u201c\u00a1Qu\u00e9 arda la casa!\u201d en un \u201cPa\u00eds para cuentistas\u201d; su XI edici\u00f3n en una jornada","breadcrumb":{"@id":"https:\/\/www.uartes.edu.ec\/sitio\/en\/blog\/2026\/01\/28\/que-arda-la-casa-en-la-xi-edicion-de-un-pais-para-cuentistas\/#breadcrumb"},"inLanguage":"en-US","potentialAction":[{"@type":"ReadAction","target":["https:\/\/www.uartes.edu.ec\/sitio\/en\/blog\/2026\/01\/28\/que-arda-la-casa-en-la-xi-edicion-de-un-pais-para-cuentistas\/"]}]},{"@type":"ImageObject","inLanguage":"en-US","@id":"https:\/\/www.uartes.edu.ec\/sitio\/en\/blog\/2026\/01\/28\/que-arda-la-casa-en-la-xi-edicion-de-un-pais-para-cuentistas\/#primaryimage","url":"https:\/\/www.uartes.edu.ec\/sitio\/wp-content\/uploads\/2026\/01\/Proyecto-Cambiar-tamano-de-imagen-2026-01-28T115328.796.jpeg","contentUrl":"https:\/\/www.uartes.edu.ec\/sitio\/wp-content\/uploads\/2026\/01\/Proyecto-Cambiar-tamano-de-imagen-2026-01-28T115328.796.jpeg","width":2000,"height":1333},{"@type":"BreadcrumbList","@id":"https:\/\/www.uartes.edu.ec\/sitio\/en\/blog\/2026\/01\/28\/que-arda-la-casa-en-la-xi-edicion-de-un-pais-para-cuentistas\/#breadcrumb","itemListElement":[{"@type":"ListItem","position":1,"name":"Inicio","item":"https:\/\/www.uartes.edu.ec\/sitio\/"},{"@type":"ListItem","position":2,"name":"\u201c\u00a1Qu\u00e9 arda la casa!\u201d en un \u201cPa\u00eds para cuentistas\u201d; su XI edici\u00f3n en una jornada"}]},{"@type":"WebSite","@id":"https:\/\/www.uartes.edu.ec\/sitio\/en\/#website","url":"https:\/\/www.uartes.edu.ec\/sitio\/en\/","name":"Universidad de las Artes","description":"Sitio oficial de la Universidad Nacional de las Artes del Ecuador","publisher":{"@id":"https:\/\/www.uartes.edu.ec\/sitio\/en\/#organization"},"potentialAction":[{"@type":"SearchAction","target":{"@type":"EntryPoint","urlTemplate":"https:\/\/www.uartes.edu.ec\/sitio\/en\/?s={search_term_string}"},"query-input":{"@type":"PropertyValueSpecification","valueRequired":true,"valueName":"search_term_string"}}],"inLanguage":"en-US"},{"@type":"Organization","@id":"https:\/\/www.uartes.edu.ec\/sitio\/en\/#organization","name":"Universidad de las Artes","url":"https:\/\/www.uartes.edu.ec\/sitio\/en\/","logo":{"@type":"ImageObject","inLanguage":"en-US","@id":"https:\/\/www.uartes.edu.ec\/sitio\/en\/#\/schema\/logo\/image\/","url":"https:\/\/www.uartes.edu.ec\/sitio\/wp-content\/uploads\/2022\/07\/logo-ua-horizontal.png","contentUrl":"https:\/\/www.uartes.edu.ec\/sitio\/wp-content\/uploads\/2022\/07\/logo-ua-horizontal.png","width":800,"height":276,"caption":"Universidad de las Artes"},"image":{"@id":"https:\/\/www.uartes.edu.ec\/sitio\/en\/#\/schema\/logo\/image\/"},"sameAs":["https:\/\/www.facebook.com\/uartesec","https:\/\/x.com\/uartesec","https:\/\/www.tiktok.com\/@uartesec"]},{"@type":"Person","@id":"https:\/\/www.uartes.edu.ec\/sitio\/en\/#\/schema\/person\/efa1b8275797664fd7f13a79ccc0b1f4","name":"ccortez","image":{"@type":"ImageObject","inLanguage":"en-US","@id":"https:\/\/secure.gravatar.com\/avatar\/b2a6f664a3ae8e074346ef91775736c5ec479e637ecced6842de9dc98b5da9cd?s=96&d=mm&r=g","url":"https:\/\/secure.gravatar.com\/avatar\/b2a6f664a3ae8e074346ef91775736c5ec479e637ecced6842de9dc98b5da9cd?s=96&d=mm&r=g","contentUrl":"https:\/\/secure.gravatar.com\/avatar\/b2a6f664a3ae8e074346ef91775736c5ec479e637ecced6842de9dc98b5da9cd?s=96&d=mm&r=g","caption":"ccortez"},"url":"https:\/\/www.uartes.edu.ec\/sitio\/en\/blog\/author\/ccortez\/"}]}},"uagb_featured_image_src":{"full":["https:\/\/www.uartes.edu.ec\/sitio\/wp-content\/uploads\/2026\/01\/Proyecto-Cambiar-tamano-de-imagen-2026-01-28T115328.796.jpeg",2000,1333,false],"thumbnail":["https:\/\/www.uartes.edu.ec\/sitio\/wp-content\/uploads\/2026\/01\/Proyecto-Cambiar-tamano-de-imagen-2026-01-28T115328.796-150x150.jpeg",150,150,true],"medium":["https:\/\/www.uartes.edu.ec\/sitio\/wp-content\/uploads\/2026\/01\/Proyecto-Cambiar-tamano-de-imagen-2026-01-28T115328.796-300x200.jpeg",300,200,true],"medium_large":["https:\/\/www.uartes.edu.ec\/sitio\/wp-content\/uploads\/2026\/01\/Proyecto-Cambiar-tamano-de-imagen-2026-01-28T115328.796-768x512.jpeg",768,512,true],"large":["https:\/\/www.uartes.edu.ec\/sitio\/wp-content\/uploads\/2026\/01\/Proyecto-Cambiar-tamano-de-imagen-2026-01-28T115328.796-644x429.jpeg",644,429,true],"1536x1536":["https:\/\/www.uartes.edu.ec\/sitio\/wp-content\/uploads\/2026\/01\/Proyecto-Cambiar-tamano-de-imagen-2026-01-28T115328.796-1536x1024.jpeg",1536,1024,true],"2048x2048":["https:\/\/www.uartes.edu.ec\/sitio\/wp-content\/uploads\/2026\/01\/Proyecto-Cambiar-tamano-de-imagen-2026-01-28T115328.796.jpeg",2000,1333,false],"trp-custom-language-flag":["https:\/\/www.uartes.edu.ec\/sitio\/wp-content\/uploads\/2026\/01\/Proyecto-Cambiar-tamano-de-imagen-2026-01-28T115328.796-18x12.jpeg",18,12,true],"htmega_size_585x295":["https:\/\/www.uartes.edu.ec\/sitio\/wp-content\/uploads\/2026\/01\/Proyecto-Cambiar-tamano-de-imagen-2026-01-28T115328.796-585x295.jpeg",585,295,true],"htmega_size_1170x536":["https:\/\/www.uartes.edu.ec\/sitio\/wp-content\/uploads\/2026\/01\/Proyecto-Cambiar-tamano-de-imagen-2026-01-28T115328.796-1170x536.jpeg",1170,536,true],"htmega_size_396x360":["https:\/\/www.uartes.edu.ec\/sitio\/wp-content\/uploads\/2026\/01\/Proyecto-Cambiar-tamano-de-imagen-2026-01-28T115328.796-396x360.jpeg",396,360,true],"gb-block-post-grid-landscape":["https:\/\/www.uartes.edu.ec\/sitio\/wp-content\/uploads\/2026\/01\/Proyecto-Cambiar-tamano-de-imagen-2026-01-28T115328.796-600x400.jpeg",600,400,true],"gb-block-post-grid-square":["https:\/\/www.uartes.edu.ec\/sitio\/wp-content\/uploads\/2026\/01\/Proyecto-Cambiar-tamano-de-imagen-2026-01-28T115328.796-600x600.jpeg",600,600,true],"university-hub-thumb":["https:\/\/www.uartes.edu.ec\/sitio\/wp-content\/uploads\/2026\/01\/Proyecto-Cambiar-tamano-de-imagen-2026-01-28T115328.796-400x267.jpeg",400,267,true]},"uagb_author_info":{"display_name":"ccortez","author_link":"https:\/\/www.uartes.edu.ec\/sitio\/en\/blog\/author\/ccortez\/"},"uagb_comment_info":0,"uagb_excerpt":"Una jornada de di\u00e1logos, talleres de escritura y karaoke cortavenas propone la XI edici\u00f3n de \u201cPa\u00eds para cuentistas\u201d que se desarrollar\u00e1 este viernes 30 de enero, de 10:30 a 18:30, en la Biblioteca de las Artes. En este a\u00f1o, la cita abraza la tem\u00e1tica \u201c\u00a1Qu\u00e9 arda la casa!\u201d; en su organizaci\u00f3n intervienen estudiantes de Literatura;&hellip;","featured_image_src":"https:\/\/www.uartes.edu.ec\/sitio\/wp-content\/uploads\/2026\/01\/Proyecto-Cambiar-tamano-de-imagen-2026-01-28T115328.796-600x400.jpeg","featured_image_src_square":"https:\/\/www.uartes.edu.ec\/sitio\/wp-content\/uploads\/2026\/01\/Proyecto-Cambiar-tamano-de-imagen-2026-01-28T115328.796-600x600.jpeg","author_info":{"display_name":"ccortez","author_link":"https:\/\/www.uartes.edu.ec\/sitio\/en\/blog\/author\/ccortez\/"},"publishpress_future_workflow_manual_trigger":{"enabledWorkflows":[]},"distributor_meta":false,"distributor_terms":false,"distributor_media":false,"distributor_original_site_name":"Universidad de las Artes","distributor_original_site_url":"https:\/\/www.uartes.edu.ec\/sitio\/en","push-errors":false,"_links":{"self":[{"href":"https:\/\/www.uartes.edu.ec\/sitio\/en\/wp-json\/wp\/v2\/posts\/85301","targetHints":{"allow":["GET"]}}],"collection":[{"href":"https:\/\/www.uartes.edu.ec\/sitio\/en\/wp-json\/wp\/v2\/posts"}],"about":[{"href":"https:\/\/www.uartes.edu.ec\/sitio\/en\/wp-json\/wp\/v2\/types\/post"}],"author":[{"embeddable":true,"href":"https:\/\/www.uartes.edu.ec\/sitio\/en\/wp-json\/wp\/v2\/users\/10"}],"replies":[{"embeddable":true,"href":"https:\/\/www.uartes.edu.ec\/sitio\/en\/wp-json\/wp\/v2\/comments?post=85301"}],"version-history":[{"count":4,"href":"https:\/\/www.uartes.edu.ec\/sitio\/en\/wp-json\/wp\/v2\/posts\/85301\/revisions"}],"predecessor-version":[{"id":85323,"href":"https:\/\/www.uartes.edu.ec\/sitio\/en\/wp-json\/wp\/v2\/posts\/85301\/revisions\/85323"}],"wp:featuredmedia":[{"embeddable":true,"href":"https:\/\/www.uartes.edu.ec\/sitio\/en\/wp-json\/wp\/v2\/media\/85302"}],"wp:attachment":[{"href":"https:\/\/www.uartes.edu.ec\/sitio\/en\/wp-json\/wp\/v2\/media?parent=85301"}],"wp:term":[{"taxonomy":"category","embeddable":true,"href":"https:\/\/www.uartes.edu.ec\/sitio\/en\/wp-json\/wp\/v2\/categories?post=85301"},{"taxonomy":"post_tag","embeddable":true,"href":"https:\/\/www.uartes.edu.ec\/sitio\/en\/wp-json\/wp\/v2\/tags?post=85301"},{"taxonomy":"infouartes","embeddable":true,"href":"https:\/\/www.uartes.edu.ec\/sitio\/en\/wp-json\/wp\/v2\/infouartes?post=85301"}],"curies":[{"name":"wp","href":"https:\/\/api.w.org\/{rel}","templated":true}]}}