{"id":855,"date":"2017-10-05T15:29:47","date_gmt":"2017-10-05T20:29:47","guid":{"rendered":"http:\/\/www.uartes.edu.ec\/infouartes\/?p=855"},"modified":"2024-07-04T11:54:09","modified_gmt":"2024-07-04T16:54:09","slug":"interactos-reafirma-la-importancia-de-las-artes-en-la-sociedad","status":"publish","type":"post","link":"https:\/\/www.uartes.edu.ec\/sitio\/en\/blog\/2017\/10\/05\/interactos-reafirma-la-importancia-de-las-artes-en-la-sociedad\/","title":{"rendered":"Interactos reafirma la importancia de las artes en la sociedad"},"content":{"rendered":"<p>Interactos, Encuentros P\u00fablicos de Artes, es una iniciativa de la Universidad de las Artes para propiciar el intercambio de experiencias en el \u00e1mbito acad\u00e9mico y cultural, as\u00ed como un espacio para potenciar la relaci\u00f3n de la ciudadan\u00eda con el arte, revelando su importancia como eje fundamental para la transformaci\u00f3n social del pa\u00eds.<\/p>\n<p>Los Encuentros P\u00fablicos de Artes contar\u00e1n con la participaci\u00f3n de m\u00e1s de 80 artistas y acad\u00e9micos nacionales e internacionales en 70 actividades\u00a0entre exposiciones, recitales, presentaciones musicales y esc\u00e9nicas, muestras de artes visuales y fotograf\u00eda, conversatorios, mesas de debate y talleres.<\/p>\n<p>Entre los invitados y participantes est\u00e1n Rub\u00e9n Castillo (Uruguay), Ram\u00f3n Cabrera Salort (Cuba), Alice de Andrade (Brasil), Yenzer Pinilla (Colombia). Participar\u00e1 en esta segunda edici\u00f3n la Universidad Central del Ecuador, la Pontificia Universidad Cat\u00f3lica del Ecuador, Universidad de Cuenca, el Centro Cultural Ecuatoriano Alem\u00e1n, representantes de la SENESCYT y del Ministerio de Cultura y Patrimonio del Ecuador. Adem\u00e1s, la Orquesta Sinf\u00f3nica de Guayaquil, Mu\u00e9gano Teatro, Tham\u00e9 Teatro de Artesanos, Corporaci\u00f3n Imaginario, Compa\u00f1\u00eda EnNing\u00fanLugar, Compa\u00f1\u00eda Teatral Humor y Vida, Colectivo Fuera de la Caja, Colectivo GWYKQLL, Colectivos afroecuatorianos y el Instituto Superior de Arte Culinario.<\/p>\n<p>En la UArtes trabajamos por enriquecer los procesos creativos para aportar al desarrollo de la sociedad y apostamos por la creaci\u00f3n art\u00edstica como proceso de construcci\u00f3n social de sentidos, narrativas e identidades; creemos en la educaci\u00f3n como proceso de cambio social; propiciamos pr\u00e1cticas interdisciplinares que favorezcan encuentros e intercambios de las artes en las econom\u00edas creativas.<\/p>\n<p>Interactos, del 18 al 22 de octubre de 2017, Plaza de Artes y Oficios, Av. Quito y Bolivia, sur de Guayaquil.<\/p>","protected":false},"excerpt":{"rendered":"<p>Interactos, Encuentros P\u00fablicos de Artes, es una iniciativa de la Universidad de las Artes para propiciar el intercambio de experiencias en el \u00e1mbito acad\u00e9mico y cultural, as\u00ed como un espacio para potenciar la relaci\u00f3n de la ciudadan\u00eda con el arte, revelando su importancia como eje fundamental para la transformaci\u00f3n social del pa\u00eds. Los Encuentros P\u00fablicos [&hellip;]<\/p>\n","protected":false},"author":1,"featured_media":857,"comment_status":"closed","ping_status":"open","sticky":false,"template":"","format":"standard","meta":{"_acf_changed":false,"_uag_custom_page_level_css":"","_monsterinsights_skip_tracking":false,"_monsterinsights_sitenote_active":false,"_monsterinsights_sitenote_note":"","_monsterinsights_sitenote_category":0,"cybocfi_hide_featured_image":"","footnotes":""},"categories":[82,79],"tags":[52],"infouartes":[],"class_list":["post-855","post","type-post","status-publish","format-standard","has-post-thumbnail","hentry","category-artes","category-vinculo","tag-interactos"],"acf":[],"yoast_head":"<!-- This site is optimized with the Yoast SEO plugin v27.4 - https:\/\/yoast.com\/product\/yoast-seo-wordpress\/ -->\n<title>Universidad de las Artes - Interactos reafirma la importancia de las artes en la sociedad<\/title>\n<meta name=\"description\" content=\"Universidad de las Artes - Interactos reafirma la importancia de las artes en la sociedad\" \/>\n<meta name=\"robots\" content=\"index, follow, max-snippet:-1, max-image-preview:large, max-video-preview:-1\" \/>\n<link rel=\"canonical\" href=\"https:\/\/www.uartes.edu.ec\/sitio\/en\/blog\/2017\/10\/05\/interactos-reafirma-la-importancia-de-las-artes-en-la-sociedad\/\" \/>\n<meta property=\"og:locale\" content=\"en_US\" \/>\n<meta property=\"og:type\" content=\"article\" \/>\n<meta property=\"og:title\" content=\"Universidad de las Artes - Interactos reafirma la importancia de las artes en la sociedad\" \/>\n<meta property=\"og:description\" content=\"Universidad de las Artes - Interactos reafirma la importancia de las artes en la sociedad\" \/>\n<meta property=\"og:url\" content=\"https:\/\/www.uartes.edu.ec\/sitio\/en\/blog\/2017\/10\/05\/interactos-reafirma-la-importancia-de-las-artes-en-la-sociedad\/\" \/>\n<meta property=\"og:site_name\" content=\"Universidad de las Artes\" \/>\n<meta property=\"article:publisher\" content=\"https:\/\/www.facebook.com\/uartesec\" \/>\n<meta property=\"article:published_time\" content=\"2017-10-05T20:29:47+00:00\" \/>\n<meta property=\"article:modified_time\" content=\"2024-07-04T16:54:09+00:00\" \/>\n<meta name=\"author\" content=\"Universidad de las Artes\" \/>\n<meta name=\"twitter:card\" content=\"summary_large_image\" \/>\n<meta name=\"twitter:creator\" content=\"@uartesec\" \/>\n<meta name=\"twitter:site\" content=\"@uartesec\" \/>\n<meta name=\"twitter:label1\" content=\"Written by\" \/>\n\t<meta name=\"twitter:data1\" content=\"Universidad de las Artes\" \/>\n\t<meta name=\"twitter:label2\" content=\"Est. reading time\" \/>\n\t<meta name=\"twitter:data2\" content=\"1 minute\" \/>\n<script type=\"application\/ld+json\" class=\"yoast-schema-graph\">{\"@context\":\"https:\\\/\\\/schema.org\",\"@graph\":[{\"@type\":\"Article\",\"@id\":\"https:\\\/\\\/www.uartes.edu.ec\\\/sitio\\\/en\\\/blog\\\/2017\\\/10\\\/05\\\/interactos-reafirma-la-importancia-de-las-artes-en-la-sociedad\\\/#article\",\"isPartOf\":{\"@id\":\"https:\\\/\\\/www.uartes.edu.ec\\\/sitio\\\/en\\\/blog\\\/2017\\\/10\\\/05\\\/interactos-reafirma-la-importancia-de-las-artes-en-la-sociedad\\\/\"},\"author\":{\"name\":\"Universidad de las Artes\",\"@id\":\"https:\\\/\\\/www.uartes.edu.ec\\\/sitio\\\/en\\\/#\\\/schema\\\/person\\\/f33f8c1d2af0d5c80a38c8abf458184a\"},\"headline\":\"Interactos reafirma la importancia de las artes en la sociedad\",\"datePublished\":\"2017-10-05T20:29:47+00:00\",\"dateModified\":\"2024-07-04T16:54:09+00:00\",\"mainEntityOfPage\":{\"@id\":\"https:\\\/\\\/www.uartes.edu.ec\\\/sitio\\\/en\\\/blog\\\/2017\\\/10\\\/05\\\/interactos-reafirma-la-importancia-de-las-artes-en-la-sociedad\\\/\"},\"wordCount\":301,\"publisher\":{\"@id\":\"https:\\\/\\\/www.uartes.edu.ec\\\/sitio\\\/en\\\/#organization\"},\"image\":{\"@id\":\"https:\\\/\\\/www.uartes.edu.ec\\\/sitio\\\/en\\\/blog\\\/2017\\\/10\\\/05\\\/interactos-reafirma-la-importancia-de-las-artes-en-la-sociedad\\\/#primaryimage\"},\"thumbnailUrl\":\"\",\"keywords\":[\"interactos\"],\"articleSection\":[\"Artes\",\"V\u00ednculo\"],\"inLanguage\":\"en-US\"},{\"@type\":[\"WebPage\",\"ItemPage\"],\"@id\":\"https:\\\/\\\/www.uartes.edu.ec\\\/sitio\\\/en\\\/blog\\\/2017\\\/10\\\/05\\\/interactos-reafirma-la-importancia-de-las-artes-en-la-sociedad\\\/\",\"url\":\"https:\\\/\\\/www.uartes.edu.ec\\\/sitio\\\/en\\\/blog\\\/2017\\\/10\\\/05\\\/interactos-reafirma-la-importancia-de-las-artes-en-la-sociedad\\\/\",\"name\":\"Universidad de las Artes - Interactos reafirma la importancia de las artes en la sociedad\",\"isPartOf\":{\"@id\":\"https:\\\/\\\/www.uartes.edu.ec\\\/sitio\\\/en\\\/#website\"},\"primaryImageOfPage\":{\"@id\":\"https:\\\/\\\/www.uartes.edu.ec\\\/sitio\\\/en\\\/blog\\\/2017\\\/10\\\/05\\\/interactos-reafirma-la-importancia-de-las-artes-en-la-sociedad\\\/#primaryimage\"},\"image\":{\"@id\":\"https:\\\/\\\/www.uartes.edu.ec\\\/sitio\\\/en\\\/blog\\\/2017\\\/10\\\/05\\\/interactos-reafirma-la-importancia-de-las-artes-en-la-sociedad\\\/#primaryimage\"},\"thumbnailUrl\":\"\",\"datePublished\":\"2017-10-05T20:29:47+00:00\",\"dateModified\":\"2024-07-04T16:54:09+00:00\",\"description\":\"Universidad de las Artes - Interactos reafirma la importancia de las artes en la sociedad\",\"breadcrumb\":{\"@id\":\"https:\\\/\\\/www.uartes.edu.ec\\\/sitio\\\/en\\\/blog\\\/2017\\\/10\\\/05\\\/interactos-reafirma-la-importancia-de-las-artes-en-la-sociedad\\\/#breadcrumb\"},\"inLanguage\":\"en-US\",\"potentialAction\":[{\"@type\":\"ReadAction\",\"target\":[\"https:\\\/\\\/www.uartes.edu.ec\\\/sitio\\\/en\\\/blog\\\/2017\\\/10\\\/05\\\/interactos-reafirma-la-importancia-de-las-artes-en-la-sociedad\\\/\"]}]},{\"@type\":\"ImageObject\",\"inLanguage\":\"en-US\",\"@id\":\"https:\\\/\\\/www.uartes.edu.ec\\\/sitio\\\/en\\\/blog\\\/2017\\\/10\\\/05\\\/interactos-reafirma-la-importancia-de-las-artes-en-la-sociedad\\\/#primaryimage\",\"url\":\"\",\"contentUrl\":\"\"},{\"@type\":\"BreadcrumbList\",\"@id\":\"https:\\\/\\\/www.uartes.edu.ec\\\/sitio\\\/en\\\/blog\\\/2017\\\/10\\\/05\\\/interactos-reafirma-la-importancia-de-las-artes-en-la-sociedad\\\/#breadcrumb\",\"itemListElement\":[{\"@type\":\"ListItem\",\"position\":1,\"name\":\"Inicio\",\"item\":\"https:\\\/\\\/www.uartes.edu.ec\\\/sitio\\\/\"},{\"@type\":\"ListItem\",\"position\":2,\"name\":\"Interactos reafirma la importancia de las artes en la sociedad\"}]},{\"@type\":\"WebSite\",\"@id\":\"https:\\\/\\\/www.uartes.edu.ec\\\/sitio\\\/en\\\/#website\",\"url\":\"https:\\\/\\\/www.uartes.edu.ec\\\/sitio\\\/en\\\/\",\"name\":\"Universidad de las Artes\",\"description\":\"Sitio oficial de la Universidad Nacional de las Artes del Ecuador\",\"publisher\":{\"@id\":\"https:\\\/\\\/www.uartes.edu.ec\\\/sitio\\\/en\\\/#organization\"},\"potentialAction\":[{\"@type\":\"SearchAction\",\"target\":{\"@type\":\"EntryPoint\",\"urlTemplate\":\"https:\\\/\\\/www.uartes.edu.ec\\\/sitio\\\/en\\\/?s={search_term_string}\"},\"query-input\":{\"@type\":\"PropertyValueSpecification\",\"valueRequired\":true,\"valueName\":\"search_term_string\"}}],\"inLanguage\":\"en-US\"},{\"@type\":\"Organization\",\"@id\":\"https:\\\/\\\/www.uartes.edu.ec\\\/sitio\\\/en\\\/#organization\",\"name\":\"Universidad de las Artes\",\"url\":\"https:\\\/\\\/www.uartes.edu.ec\\\/sitio\\\/en\\\/\",\"logo\":{\"@type\":\"ImageObject\",\"inLanguage\":\"en-US\",\"@id\":\"https:\\\/\\\/www.uartes.edu.ec\\\/sitio\\\/en\\\/#\\\/schema\\\/logo\\\/image\\\/\",\"url\":\"https:\\\/\\\/www.uartes.edu.ec\\\/sitio\\\/wp-content\\\/uploads\\\/2022\\\/07\\\/logo-ua-horizontal.png\",\"contentUrl\":\"https:\\\/\\\/www.uartes.edu.ec\\\/sitio\\\/wp-content\\\/uploads\\\/2022\\\/07\\\/logo-ua-horizontal.png\",\"width\":800,\"height\":276,\"caption\":\"Universidad de las Artes\"},\"image\":{\"@id\":\"https:\\\/\\\/www.uartes.edu.ec\\\/sitio\\\/en\\\/#\\\/schema\\\/logo\\\/image\\\/\"},\"sameAs\":[\"https:\\\/\\\/www.facebook.com\\\/uartesec\",\"https:\\\/\\\/x.com\\\/uartesec\",\"https:\\\/\\\/www.tiktok.com\\\/@uartesec\"]},{\"@type\":\"Person\",\"@id\":\"https:\\\/\\\/www.uartes.edu.ec\\\/sitio\\\/en\\\/#\\\/schema\\\/person\\\/f33f8c1d2af0d5c80a38c8abf458184a\",\"name\":\"Universidad de las Artes\",\"image\":{\"@type\":\"ImageObject\",\"inLanguage\":\"en-US\",\"@id\":\"https:\\\/\\\/secure.gravatar.com\\\/avatar\\\/52e4757902f5cfa5ac52d020e5be83cae5487519154b6c35482fe08d589f3c13?s=96&d=mm&r=g\",\"url\":\"https:\\\/\\\/secure.gravatar.com\\\/avatar\\\/52e4757902f5cfa5ac52d020e5be83cae5487519154b6c35482fe08d589f3c13?s=96&d=mm&r=g\",\"contentUrl\":\"https:\\\/\\\/secure.gravatar.com\\\/avatar\\\/52e4757902f5cfa5ac52d020e5be83cae5487519154b6c35482fe08d589f3c13?s=96&d=mm&r=g\",\"caption\":\"Universidad de las Artes\"},\"url\":\"https:\\\/\\\/www.uartes.edu.ec\\\/sitio\\\/en\\\/blog\\\/author\\\/dircomadm\\\/\"}]}<\/script>\n<!-- \/ Yoast SEO plugin. -->","yoast_head_json":{"title":"Universidad de las Artes - Interactos reafirma la importancia de las artes en la sociedad","description":"Universidad de las Artes - Interactos reafirma la importancia de las artes en la sociedad","robots":{"index":"index","follow":"follow","max-snippet":"max-snippet:-1","max-image-preview":"max-image-preview:large","max-video-preview":"max-video-preview:-1"},"canonical":"https:\/\/www.uartes.edu.ec\/sitio\/en\/blog\/2017\/10\/05\/interactos-reafirma-la-importancia-de-las-artes-en-la-sociedad\/","og_locale":"en_US","og_type":"article","og_title":"Universidad de las Artes - Interactos reafirma la importancia de las artes en la sociedad","og_description":"Universidad de las Artes - Interactos reafirma la importancia de las artes en la sociedad","og_url":"https:\/\/www.uartes.edu.ec\/sitio\/en\/blog\/2017\/10\/05\/interactos-reafirma-la-importancia-de-las-artes-en-la-sociedad\/","og_site_name":"Universidad de las Artes","article_publisher":"https:\/\/www.facebook.com\/uartesec","article_published_time":"2017-10-05T20:29:47+00:00","article_modified_time":"2024-07-04T16:54:09+00:00","author":"Universidad de las Artes","twitter_card":"summary_large_image","twitter_creator":"@uartesec","twitter_site":"@uartesec","twitter_misc":{"Written by":"Universidad de las Artes","Est. reading time":"1 minute"},"schema":{"@context":"https:\/\/schema.org","@graph":[{"@type":"Article","@id":"https:\/\/www.uartes.edu.ec\/sitio\/en\/blog\/2017\/10\/05\/interactos-reafirma-la-importancia-de-las-artes-en-la-sociedad\/#article","isPartOf":{"@id":"https:\/\/www.uartes.edu.ec\/sitio\/en\/blog\/2017\/10\/05\/interactos-reafirma-la-importancia-de-las-artes-en-la-sociedad\/"},"author":{"name":"Universidad de las Artes","@id":"https:\/\/www.uartes.edu.ec\/sitio\/en\/#\/schema\/person\/f33f8c1d2af0d5c80a38c8abf458184a"},"headline":"Interactos reafirma la importancia de las artes en la sociedad","datePublished":"2017-10-05T20:29:47+00:00","dateModified":"2024-07-04T16:54:09+00:00","mainEntityOfPage":{"@id":"https:\/\/www.uartes.edu.ec\/sitio\/en\/blog\/2017\/10\/05\/interactos-reafirma-la-importancia-de-las-artes-en-la-sociedad\/"},"wordCount":301,"publisher":{"@id":"https:\/\/www.uartes.edu.ec\/sitio\/en\/#organization"},"image":{"@id":"https:\/\/www.uartes.edu.ec\/sitio\/en\/blog\/2017\/10\/05\/interactos-reafirma-la-importancia-de-las-artes-en-la-sociedad\/#primaryimage"},"thumbnailUrl":"","keywords":["interactos"],"articleSection":["Artes","V\u00ednculo"],"inLanguage":"en-US"},{"@type":["WebPage","ItemPage"],"@id":"https:\/\/www.uartes.edu.ec\/sitio\/en\/blog\/2017\/10\/05\/interactos-reafirma-la-importancia-de-las-artes-en-la-sociedad\/","url":"https:\/\/www.uartes.edu.ec\/sitio\/en\/blog\/2017\/10\/05\/interactos-reafirma-la-importancia-de-las-artes-en-la-sociedad\/","name":"Universidad de las Artes - Interactos reafirma la importancia de las artes en la sociedad","isPartOf":{"@id":"https:\/\/www.uartes.edu.ec\/sitio\/en\/#website"},"primaryImageOfPage":{"@id":"https:\/\/www.uartes.edu.ec\/sitio\/en\/blog\/2017\/10\/05\/interactos-reafirma-la-importancia-de-las-artes-en-la-sociedad\/#primaryimage"},"image":{"@id":"https:\/\/www.uartes.edu.ec\/sitio\/en\/blog\/2017\/10\/05\/interactos-reafirma-la-importancia-de-las-artes-en-la-sociedad\/#primaryimage"},"thumbnailUrl":"","datePublished":"2017-10-05T20:29:47+00:00","dateModified":"2024-07-04T16:54:09+00:00","description":"Universidad de las Artes - Interactos reafirma la importancia de las artes en la sociedad","breadcrumb":{"@id":"https:\/\/www.uartes.edu.ec\/sitio\/en\/blog\/2017\/10\/05\/interactos-reafirma-la-importancia-de-las-artes-en-la-sociedad\/#breadcrumb"},"inLanguage":"en-US","potentialAction":[{"@type":"ReadAction","target":["https:\/\/www.uartes.edu.ec\/sitio\/en\/blog\/2017\/10\/05\/interactos-reafirma-la-importancia-de-las-artes-en-la-sociedad\/"]}]},{"@type":"ImageObject","inLanguage":"en-US","@id":"https:\/\/www.uartes.edu.ec\/sitio\/en\/blog\/2017\/10\/05\/interactos-reafirma-la-importancia-de-las-artes-en-la-sociedad\/#primaryimage","url":"","contentUrl":""},{"@type":"BreadcrumbList","@id":"https:\/\/www.uartes.edu.ec\/sitio\/en\/blog\/2017\/10\/05\/interactos-reafirma-la-importancia-de-las-artes-en-la-sociedad\/#breadcrumb","itemListElement":[{"@type":"ListItem","position":1,"name":"Inicio","item":"https:\/\/www.uartes.edu.ec\/sitio\/"},{"@type":"ListItem","position":2,"name":"Interactos reafirma la importancia de las artes en la sociedad"}]},{"@type":"WebSite","@id":"https:\/\/www.uartes.edu.ec\/sitio\/en\/#website","url":"https:\/\/www.uartes.edu.ec\/sitio\/en\/","name":"Universidad de las Artes","description":"Sitio oficial de la Universidad Nacional de las Artes del Ecuador","publisher":{"@id":"https:\/\/www.uartes.edu.ec\/sitio\/en\/#organization"},"potentialAction":[{"@type":"SearchAction","target":{"@type":"EntryPoint","urlTemplate":"https:\/\/www.uartes.edu.ec\/sitio\/en\/?s={search_term_string}"},"query-input":{"@type":"PropertyValueSpecification","valueRequired":true,"valueName":"search_term_string"}}],"inLanguage":"en-US"},{"@type":"Organization","@id":"https:\/\/www.uartes.edu.ec\/sitio\/en\/#organization","name":"Universidad de las Artes","url":"https:\/\/www.uartes.edu.ec\/sitio\/en\/","logo":{"@type":"ImageObject","inLanguage":"en-US","@id":"https:\/\/www.uartes.edu.ec\/sitio\/en\/#\/schema\/logo\/image\/","url":"https:\/\/www.uartes.edu.ec\/sitio\/wp-content\/uploads\/2022\/07\/logo-ua-horizontal.png","contentUrl":"https:\/\/www.uartes.edu.ec\/sitio\/wp-content\/uploads\/2022\/07\/logo-ua-horizontal.png","width":800,"height":276,"caption":"Universidad de las Artes"},"image":{"@id":"https:\/\/www.uartes.edu.ec\/sitio\/en\/#\/schema\/logo\/image\/"},"sameAs":["https:\/\/www.facebook.com\/uartesec","https:\/\/x.com\/uartesec","https:\/\/www.tiktok.com\/@uartesec"]},{"@type":"Person","@id":"https:\/\/www.uartes.edu.ec\/sitio\/en\/#\/schema\/person\/f33f8c1d2af0d5c80a38c8abf458184a","name":"Universidad de las Artes","image":{"@type":"ImageObject","inLanguage":"en-US","@id":"https:\/\/secure.gravatar.com\/avatar\/52e4757902f5cfa5ac52d020e5be83cae5487519154b6c35482fe08d589f3c13?s=96&d=mm&r=g","url":"https:\/\/secure.gravatar.com\/avatar\/52e4757902f5cfa5ac52d020e5be83cae5487519154b6c35482fe08d589f3c13?s=96&d=mm&r=g","contentUrl":"https:\/\/secure.gravatar.com\/avatar\/52e4757902f5cfa5ac52d020e5be83cae5487519154b6c35482fe08d589f3c13?s=96&d=mm&r=g","caption":"Universidad de las Artes"},"url":"https:\/\/www.uartes.edu.ec\/sitio\/en\/blog\/author\/dircomadm\/"}]}},"uagb_featured_image_src":{"full":false,"thumbnail":false,"medium":false,"medium_large":false,"large":false,"1536x1536":false,"2048x2048":false,"trp-custom-language-flag":false,"htmega_size_585x295":false,"htmega_size_1170x536":false,"htmega_size_396x360":false,"gb-block-post-grid-landscape":false,"gb-block-post-grid-square":false,"university-hub-thumb":false,"mailpoet_newsletter_max":false},"uagb_author_info":{"display_name":"Universidad de las Artes","author_link":"https:\/\/www.uartes.edu.ec\/sitio\/en\/blog\/author\/dircomadm\/"},"uagb_comment_info":0,"uagb_excerpt":"Interactos, Encuentros P\u00fablicos de Artes, es una iniciativa de la Universidad de las Artes para propiciar el intercambio de experiencias en el \u00e1mbito acad\u00e9mico y cultural, as\u00ed como un espacio para potenciar la relaci\u00f3n de la ciudadan\u00eda con el arte, revelando su importancia como eje fundamental para la transformaci\u00f3n social del pa\u00eds. Los Encuentros P\u00fablicos&hellip;","featured_image_src":null,"featured_image_src_square":null,"author_info":{"display_name":"Universidad de las Artes","author_link":"https:\/\/www.uartes.edu.ec\/sitio\/en\/blog\/author\/dircomadm\/"},"publishpress_future_workflow_manual_trigger":{"enabledWorkflows":[]},"distributor_meta":false,"distributor_terms":false,"distributor_media":false,"distributor_original_site_name":"Universidad de las Artes","distributor_original_site_url":"https:\/\/www.uartes.edu.ec\/sitio\/en","push-errors":false,"_links":{"self":[{"href":"https:\/\/www.uartes.edu.ec\/sitio\/en\/wp-json\/wp\/v2\/posts\/855","targetHints":{"allow":["GET"]}}],"collection":[{"href":"https:\/\/www.uartes.edu.ec\/sitio\/en\/wp-json\/wp\/v2\/posts"}],"about":[{"href":"https:\/\/www.uartes.edu.ec\/sitio\/en\/wp-json\/wp\/v2\/types\/post"}],"author":[{"embeddable":true,"href":"https:\/\/www.uartes.edu.ec\/sitio\/en\/wp-json\/wp\/v2\/users\/1"}],"replies":[{"embeddable":true,"href":"https:\/\/www.uartes.edu.ec\/sitio\/en\/wp-json\/wp\/v2\/comments?post=855"}],"version-history":[{"count":1,"href":"https:\/\/www.uartes.edu.ec\/sitio\/en\/wp-json\/wp\/v2\/posts\/855\/revisions"}],"predecessor-version":[{"id":57962,"href":"https:\/\/www.uartes.edu.ec\/sitio\/en\/wp-json\/wp\/v2\/posts\/855\/revisions\/57962"}],"wp:featuredmedia":[{"embeddable":true,"href":"https:\/\/www.uartes.edu.ec\/sitio\/en\/wp-json\/"}],"wp:attachment":[{"href":"https:\/\/www.uartes.edu.ec\/sitio\/en\/wp-json\/wp\/v2\/media?parent=855"}],"wp:term":[{"taxonomy":"category","embeddable":true,"href":"https:\/\/www.uartes.edu.ec\/sitio\/en\/wp-json\/wp\/v2\/categories?post=855"},{"taxonomy":"post_tag","embeddable":true,"href":"https:\/\/www.uartes.edu.ec\/sitio\/en\/wp-json\/wp\/v2\/tags?post=855"},{"taxonomy":"infouartes","embeddable":true,"href":"https:\/\/www.uartes.edu.ec\/sitio\/en\/wp-json\/wp\/v2\/infouartes?post=855"}],"curies":[{"name":"wp","href":"https:\/\/api.w.org\/{rel}","templated":true}]}}