{"id":86,"date":"2017-04-18T10:35:50","date_gmt":"2017-04-18T15:35:50","guid":{"rendered":"http:\/\/www.uartes.edu.ec\/infouartes\/?p=86"},"modified":"2024-07-04T11:54:22","modified_gmt":"2024-07-04T16:54:22","slug":"uartes-firma-convenio-con-la-organizacion-de-estados-iberoamericanos","status":"publish","type":"post","link":"https:\/\/www.uartes.edu.ec\/sitio\/en\/blog\/2017\/04\/18\/uartes-firma-convenio-con-la-organizacion-de-estados-iberoamericanos\/","title":{"rendered":"UArtes firma convenio con la Organizaci\u00f3n de Estados Iberoamericanos"},"content":{"rendered":"<p>Este martes 18 de abril de 2017, las m\u00e1ximas autoridades de la Universidad de las Artes del Ecuador (UArtes) y la Organizaci\u00f3n de Estados Iberoamericanos para la Educaci\u00f3n, la Ciencia y la Cultura (OEI) se reunieron con el fin de firmar el Convenio Marco de Cooperaci\u00f3n entre dichas instituciones.<\/p>\n<p>El objetivo principal es establecer las bases para realizar actividades acad\u00e9micas, cient\u00edficas, de vinculaci\u00f3n con la comunidad; actividades dirigidas a la superaci\u00f3n acad\u00e9mica mediante la planeaci\u00f3n, programaci\u00f3n y realizaci\u00f3n de la colaboraci\u00f3n, intercambio y apoyo que beneficien a las partes y a la sociedad.<\/p>\n<p>Durante la reuni\u00f3n de trabajo, Ramiro Noriega, Rector de la UArtes, y Paulo Speller, Secretario General de la OEI, entablaron un di\u00e1logo basado en la importancia de la educaci\u00f3n acad\u00e9mico \u2013 art\u00edstica, sus fundamentos, el debate social que genera la relaci\u00f3n art\u00edstica con el conocimiento y su impacto en la regi\u00f3n iberoamericana.<\/p>\n<p>Ramiro Noriega resalt\u00f3 la importancia de la creaci\u00f3n de la Universidad como un mecanismo primordial para generar una sensibilizaci\u00f3n con la cultura. Paulo Speller destac\u00f3 la creaci\u00f3n de la Universidad de las Artes, as\u00ed como la de las dem\u00e1s Universidades Emblem\u00e1ticas, como un eje articulador de la educaci\u00f3n, la ciencia y la cultura.<\/p>\n<p>Entre los diferentes temas que se abordaron, la acreditaci\u00f3n universitaria a nivel regional fue uno de los puntos claves de la reuni\u00f3n. El lograr cohesionar a las diferentes instituciones acad\u00e9micas de la regi\u00f3n para permitir generar una red que medie y facilite la acreditaci\u00f3n universitaria, promover\u00e1 la movilizaci\u00f3n estudiantil y docente, destacaron. Como consecuencia, se trabajar\u00e1 conjuntamente en un plan que permita unir a diferentes sectores acad\u00e9micos con el objetivo de integrar a la regi\u00f3n iberoamericana mediante el uso espacios de car\u00e1cter internacional como las reuniones cumbres que se realizan anualmente.<\/p>\n<p>El convenio permitir\u00e1 adem\u00e1s fortalecer los v\u00ednculos con diferentes instituciones acad\u00e9micas &#8211; culturales de la regi\u00f3n iberoamericana y promover\u00e1 el desarrollo de proyectos espec\u00edficos que contribuir\u00e1n a la excelencia acad\u00e9mica.<\/p>\n<p>La OEI es un organismo internacional de car\u00e1cter gubernamental para la cooperaci\u00f3n entre los pa\u00edses iberoamericanos en el campo de la educaci\u00f3n, la ciencia, la tecnolog\u00eda y la cultura en el contexto del desarrollo integral, la democracia y la integraci\u00f3n regional.<\/p>","protected":false},"excerpt":{"rendered":"<p>Este martes 18 de abril de 2017, las m\u00e1ximas autoridades de la Universidad de las Artes del Ecuador (UArtes) y la Organizaci\u00f3n de Estados Iberoamericanos para la Educaci\u00f3n, la Ciencia y la Cultura (OEI) se reunieron con el fin de firmar el Convenio Marco de Cooperaci\u00f3n entre dichas instituciones. El objetivo principal es establecer las [&hellip;]<\/p>\n","protected":false},"author":1,"featured_media":2596,"comment_status":"closed","ping_status":"open","sticky":false,"template":"","format":"standard","meta":{"_acf_changed":false,"_uag_custom_page_level_css":"","_monsterinsights_skip_tracking":false,"_monsterinsights_sitenote_active":false,"_monsterinsights_sitenote_note":"","_monsterinsights_sitenote_category":0,"cybocfi_hide_featured_image":"","footnotes":""},"categories":[77],"tags":[],"infouartes":[],"class_list":["post-86","post","type-post","status-publish","format-standard","has-post-thumbnail","hentry","category-gestion"],"acf":[],"yoast_head":"<!-- This site is optimized with the Yoast SEO plugin v27.4 - https:\/\/yoast.com\/product\/yoast-seo-wordpress\/ -->\n<title>Universidad de las Artes - UArtes firma convenio con la Organizaci\u00f3n de Estados Iberoamericanos<\/title>\n<meta name=\"description\" content=\"Universidad de las Artes - UArtes firma convenio con la Organizaci\u00f3n de Estados Iberoamericanos\" \/>\n<meta name=\"robots\" content=\"index, follow, max-snippet:-1, max-image-preview:large, max-video-preview:-1\" \/>\n<link rel=\"canonical\" href=\"https:\/\/www.uartes.edu.ec\/sitio\/en\/blog\/2017\/04\/18\/uartes-firma-convenio-con-la-organizacion-de-estados-iberoamericanos\/\" \/>\n<meta property=\"og:locale\" content=\"en_US\" \/>\n<meta property=\"og:type\" content=\"article\" \/>\n<meta property=\"og:title\" content=\"Universidad de las Artes - UArtes firma convenio con la Organizaci\u00f3n de Estados Iberoamericanos\" \/>\n<meta property=\"og:description\" content=\"Universidad de las Artes - UArtes firma convenio con la Organizaci\u00f3n de Estados Iberoamericanos\" \/>\n<meta property=\"og:url\" content=\"https:\/\/www.uartes.edu.ec\/sitio\/en\/blog\/2017\/04\/18\/uartes-firma-convenio-con-la-organizacion-de-estados-iberoamericanos\/\" \/>\n<meta property=\"og:site_name\" content=\"Universidad de las Artes\" \/>\n<meta property=\"article:publisher\" content=\"https:\/\/www.facebook.com\/uartesec\" \/>\n<meta property=\"article:published_time\" content=\"2017-04-18T15:35:50+00:00\" \/>\n<meta property=\"article:modified_time\" content=\"2024-07-04T16:54:22+00:00\" \/>\n<meta property=\"og:image\" content=\"https:\/\/www.uartes.edu.ec\/sitio\/wp-content\/uploads\/2017\/04\/Convenio-OEI-2.jpg\" \/>\n\t<meta property=\"og:image:width\" content=\"1132\" \/>\n\t<meta property=\"og:image:height\" content=\"509\" \/>\n\t<meta property=\"og:image:type\" content=\"image\/jpeg\" \/>\n<meta name=\"author\" content=\"Universidad de las Artes\" \/>\n<meta name=\"twitter:card\" content=\"summary_large_image\" \/>\n<meta name=\"twitter:creator\" content=\"@uartesec\" \/>\n<meta name=\"twitter:site\" content=\"@uartesec\" \/>\n<meta name=\"twitter:label1\" content=\"Written by\" \/>\n\t<meta name=\"twitter:data1\" content=\"Universidad de las Artes\" \/>\n\t<meta name=\"twitter:label2\" content=\"Est. reading time\" \/>\n\t<meta name=\"twitter:data2\" content=\"2 minutes\" \/>\n<script type=\"application\/ld+json\" class=\"yoast-schema-graph\">{\"@context\":\"https:\\\/\\\/schema.org\",\"@graph\":[{\"@type\":\"Article\",\"@id\":\"https:\\\/\\\/www.uartes.edu.ec\\\/sitio\\\/en\\\/blog\\\/2017\\\/04\\\/18\\\/uartes-firma-convenio-con-la-organizacion-de-estados-iberoamericanos\\\/#article\",\"isPartOf\":{\"@id\":\"https:\\\/\\\/www.uartes.edu.ec\\\/sitio\\\/en\\\/blog\\\/2017\\\/04\\\/18\\\/uartes-firma-convenio-con-la-organizacion-de-estados-iberoamericanos\\\/\"},\"author\":{\"name\":\"Universidad de las Artes\",\"@id\":\"https:\\\/\\\/www.uartes.edu.ec\\\/sitio\\\/en\\\/#\\\/schema\\\/person\\\/f33f8c1d2af0d5c80a38c8abf458184a\"},\"headline\":\"UArtes firma convenio con la Organizaci\u00f3n de Estados Iberoamericanos\",\"datePublished\":\"2017-04-18T15:35:50+00:00\",\"dateModified\":\"2024-07-04T16:54:22+00:00\",\"mainEntityOfPage\":{\"@id\":\"https:\\\/\\\/www.uartes.edu.ec\\\/sitio\\\/en\\\/blog\\\/2017\\\/04\\\/18\\\/uartes-firma-convenio-con-la-organizacion-de-estados-iberoamericanos\\\/\"},\"wordCount\":416,\"publisher\":{\"@id\":\"https:\\\/\\\/www.uartes.edu.ec\\\/sitio\\\/en\\\/#organization\"},\"image\":{\"@id\":\"https:\\\/\\\/www.uartes.edu.ec\\\/sitio\\\/en\\\/blog\\\/2017\\\/04\\\/18\\\/uartes-firma-convenio-con-la-organizacion-de-estados-iberoamericanos\\\/#primaryimage\"},\"thumbnailUrl\":\"https:\\\/\\\/www.uartes.edu.ec\\\/sitio\\\/wp-content\\\/uploads\\\/2017\\\/04\\\/Convenio-OEI-2.jpg\",\"articleSection\":[\"Gesti\u00f3n\"],\"inLanguage\":\"en-US\"},{\"@type\":[\"WebPage\",\"ItemPage\"],\"@id\":\"https:\\\/\\\/www.uartes.edu.ec\\\/sitio\\\/en\\\/blog\\\/2017\\\/04\\\/18\\\/uartes-firma-convenio-con-la-organizacion-de-estados-iberoamericanos\\\/\",\"url\":\"https:\\\/\\\/www.uartes.edu.ec\\\/sitio\\\/en\\\/blog\\\/2017\\\/04\\\/18\\\/uartes-firma-convenio-con-la-organizacion-de-estados-iberoamericanos\\\/\",\"name\":\"Universidad de las Artes - UArtes firma convenio con la Organizaci\u00f3n de Estados Iberoamericanos\",\"isPartOf\":{\"@id\":\"https:\\\/\\\/www.uartes.edu.ec\\\/sitio\\\/en\\\/#website\"},\"primaryImageOfPage\":{\"@id\":\"https:\\\/\\\/www.uartes.edu.ec\\\/sitio\\\/en\\\/blog\\\/2017\\\/04\\\/18\\\/uartes-firma-convenio-con-la-organizacion-de-estados-iberoamericanos\\\/#primaryimage\"},\"image\":{\"@id\":\"https:\\\/\\\/www.uartes.edu.ec\\\/sitio\\\/en\\\/blog\\\/2017\\\/04\\\/18\\\/uartes-firma-convenio-con-la-organizacion-de-estados-iberoamericanos\\\/#primaryimage\"},\"thumbnailUrl\":\"https:\\\/\\\/www.uartes.edu.ec\\\/sitio\\\/wp-content\\\/uploads\\\/2017\\\/04\\\/Convenio-OEI-2.jpg\",\"datePublished\":\"2017-04-18T15:35:50+00:00\",\"dateModified\":\"2024-07-04T16:54:22+00:00\",\"description\":\"Universidad de las Artes - UArtes firma convenio con la Organizaci\u00f3n de Estados Iberoamericanos\",\"breadcrumb\":{\"@id\":\"https:\\\/\\\/www.uartes.edu.ec\\\/sitio\\\/en\\\/blog\\\/2017\\\/04\\\/18\\\/uartes-firma-convenio-con-la-organizacion-de-estados-iberoamericanos\\\/#breadcrumb\"},\"inLanguage\":\"en-US\",\"potentialAction\":[{\"@type\":\"ReadAction\",\"target\":[\"https:\\\/\\\/www.uartes.edu.ec\\\/sitio\\\/en\\\/blog\\\/2017\\\/04\\\/18\\\/uartes-firma-convenio-con-la-organizacion-de-estados-iberoamericanos\\\/\"]}]},{\"@type\":\"ImageObject\",\"inLanguage\":\"en-US\",\"@id\":\"https:\\\/\\\/www.uartes.edu.ec\\\/sitio\\\/en\\\/blog\\\/2017\\\/04\\\/18\\\/uartes-firma-convenio-con-la-organizacion-de-estados-iberoamericanos\\\/#primaryimage\",\"url\":\"https:\\\/\\\/www.uartes.edu.ec\\\/sitio\\\/wp-content\\\/uploads\\\/2017\\\/04\\\/Convenio-OEI-2.jpg\",\"contentUrl\":\"https:\\\/\\\/www.uartes.edu.ec\\\/sitio\\\/wp-content\\\/uploads\\\/2017\\\/04\\\/Convenio-OEI-2.jpg\",\"width\":1132,\"height\":509},{\"@type\":\"BreadcrumbList\",\"@id\":\"https:\\\/\\\/www.uartes.edu.ec\\\/sitio\\\/en\\\/blog\\\/2017\\\/04\\\/18\\\/uartes-firma-convenio-con-la-organizacion-de-estados-iberoamericanos\\\/#breadcrumb\",\"itemListElement\":[{\"@type\":\"ListItem\",\"position\":1,\"name\":\"Inicio\",\"item\":\"https:\\\/\\\/www.uartes.edu.ec\\\/sitio\\\/\"},{\"@type\":\"ListItem\",\"position\":2,\"name\":\"UArtes firma convenio con la Organizaci\u00f3n de Estados Iberoamericanos\"}]},{\"@type\":\"WebSite\",\"@id\":\"https:\\\/\\\/www.uartes.edu.ec\\\/sitio\\\/en\\\/#website\",\"url\":\"https:\\\/\\\/www.uartes.edu.ec\\\/sitio\\\/en\\\/\",\"name\":\"Universidad de las Artes\",\"description\":\"Sitio oficial de la Universidad Nacional de las Artes del Ecuador\",\"publisher\":{\"@id\":\"https:\\\/\\\/www.uartes.edu.ec\\\/sitio\\\/en\\\/#organization\"},\"potentialAction\":[{\"@type\":\"SearchAction\",\"target\":{\"@type\":\"EntryPoint\",\"urlTemplate\":\"https:\\\/\\\/www.uartes.edu.ec\\\/sitio\\\/en\\\/?s={search_term_string}\"},\"query-input\":{\"@type\":\"PropertyValueSpecification\",\"valueRequired\":true,\"valueName\":\"search_term_string\"}}],\"inLanguage\":\"en-US\"},{\"@type\":\"Organization\",\"@id\":\"https:\\\/\\\/www.uartes.edu.ec\\\/sitio\\\/en\\\/#organization\",\"name\":\"Universidad de las Artes\",\"url\":\"https:\\\/\\\/www.uartes.edu.ec\\\/sitio\\\/en\\\/\",\"logo\":{\"@type\":\"ImageObject\",\"inLanguage\":\"en-US\",\"@id\":\"https:\\\/\\\/www.uartes.edu.ec\\\/sitio\\\/en\\\/#\\\/schema\\\/logo\\\/image\\\/\",\"url\":\"https:\\\/\\\/www.uartes.edu.ec\\\/sitio\\\/wp-content\\\/uploads\\\/2022\\\/07\\\/logo-ua-horizontal.png\",\"contentUrl\":\"https:\\\/\\\/www.uartes.edu.ec\\\/sitio\\\/wp-content\\\/uploads\\\/2022\\\/07\\\/logo-ua-horizontal.png\",\"width\":800,\"height\":276,\"caption\":\"Universidad de las Artes\"},\"image\":{\"@id\":\"https:\\\/\\\/www.uartes.edu.ec\\\/sitio\\\/en\\\/#\\\/schema\\\/logo\\\/image\\\/\"},\"sameAs\":[\"https:\\\/\\\/www.facebook.com\\\/uartesec\",\"https:\\\/\\\/x.com\\\/uartesec\",\"https:\\\/\\\/www.tiktok.com\\\/@uartesec\"]},{\"@type\":\"Person\",\"@id\":\"https:\\\/\\\/www.uartes.edu.ec\\\/sitio\\\/en\\\/#\\\/schema\\\/person\\\/f33f8c1d2af0d5c80a38c8abf458184a\",\"name\":\"Universidad de las Artes\",\"image\":{\"@type\":\"ImageObject\",\"inLanguage\":\"en-US\",\"@id\":\"https:\\\/\\\/secure.gravatar.com\\\/avatar\\\/52e4757902f5cfa5ac52d020e5be83cae5487519154b6c35482fe08d589f3c13?s=96&d=mm&r=g\",\"url\":\"https:\\\/\\\/secure.gravatar.com\\\/avatar\\\/52e4757902f5cfa5ac52d020e5be83cae5487519154b6c35482fe08d589f3c13?s=96&d=mm&r=g\",\"contentUrl\":\"https:\\\/\\\/secure.gravatar.com\\\/avatar\\\/52e4757902f5cfa5ac52d020e5be83cae5487519154b6c35482fe08d589f3c13?s=96&d=mm&r=g\",\"caption\":\"Universidad de las Artes\"},\"url\":\"https:\\\/\\\/www.uartes.edu.ec\\\/sitio\\\/en\\\/blog\\\/author\\\/dircomadm\\\/\"}]}<\/script>\n<!-- \/ Yoast SEO plugin. -->","yoast_head_json":{"title":"Universidad de las Artes - UArtes firma convenio con la Organizaci\u00f3n de Estados Iberoamericanos","description":"Universidad de las Artes - UArtes firma convenio con la Organizaci\u00f3n de Estados Iberoamericanos","robots":{"index":"index","follow":"follow","max-snippet":"max-snippet:-1","max-image-preview":"max-image-preview:large","max-video-preview":"max-video-preview:-1"},"canonical":"https:\/\/www.uartes.edu.ec\/sitio\/en\/blog\/2017\/04\/18\/uartes-firma-convenio-con-la-organizacion-de-estados-iberoamericanos\/","og_locale":"en_US","og_type":"article","og_title":"Universidad de las Artes - UArtes firma convenio con la Organizaci\u00f3n de Estados Iberoamericanos","og_description":"Universidad de las Artes - UArtes firma convenio con la Organizaci\u00f3n de Estados Iberoamericanos","og_url":"https:\/\/www.uartes.edu.ec\/sitio\/en\/blog\/2017\/04\/18\/uartes-firma-convenio-con-la-organizacion-de-estados-iberoamericanos\/","og_site_name":"Universidad de las Artes","article_publisher":"https:\/\/www.facebook.com\/uartesec","article_published_time":"2017-04-18T15:35:50+00:00","article_modified_time":"2024-07-04T16:54:22+00:00","og_image":[{"width":1132,"height":509,"url":"https:\/\/www.uartes.edu.ec\/sitio\/wp-content\/uploads\/2017\/04\/Convenio-OEI-2.jpg","type":"image\/jpeg"}],"author":"Universidad de las Artes","twitter_card":"summary_large_image","twitter_creator":"@uartesec","twitter_site":"@uartesec","twitter_misc":{"Written by":"Universidad de las Artes","Est. reading time":"2 minutes"},"schema":{"@context":"https:\/\/schema.org","@graph":[{"@type":"Article","@id":"https:\/\/www.uartes.edu.ec\/sitio\/en\/blog\/2017\/04\/18\/uartes-firma-convenio-con-la-organizacion-de-estados-iberoamericanos\/#article","isPartOf":{"@id":"https:\/\/www.uartes.edu.ec\/sitio\/en\/blog\/2017\/04\/18\/uartes-firma-convenio-con-la-organizacion-de-estados-iberoamericanos\/"},"author":{"name":"Universidad de las Artes","@id":"https:\/\/www.uartes.edu.ec\/sitio\/en\/#\/schema\/person\/f33f8c1d2af0d5c80a38c8abf458184a"},"headline":"UArtes firma convenio con la Organizaci\u00f3n de Estados Iberoamericanos","datePublished":"2017-04-18T15:35:50+00:00","dateModified":"2024-07-04T16:54:22+00:00","mainEntityOfPage":{"@id":"https:\/\/www.uartes.edu.ec\/sitio\/en\/blog\/2017\/04\/18\/uartes-firma-convenio-con-la-organizacion-de-estados-iberoamericanos\/"},"wordCount":416,"publisher":{"@id":"https:\/\/www.uartes.edu.ec\/sitio\/en\/#organization"},"image":{"@id":"https:\/\/www.uartes.edu.ec\/sitio\/en\/blog\/2017\/04\/18\/uartes-firma-convenio-con-la-organizacion-de-estados-iberoamericanos\/#primaryimage"},"thumbnailUrl":"https:\/\/www.uartes.edu.ec\/sitio\/wp-content\/uploads\/2017\/04\/Convenio-OEI-2.jpg","articleSection":["Gesti\u00f3n"],"inLanguage":"en-US"},{"@type":["WebPage","ItemPage"],"@id":"https:\/\/www.uartes.edu.ec\/sitio\/en\/blog\/2017\/04\/18\/uartes-firma-convenio-con-la-organizacion-de-estados-iberoamericanos\/","url":"https:\/\/www.uartes.edu.ec\/sitio\/en\/blog\/2017\/04\/18\/uartes-firma-convenio-con-la-organizacion-de-estados-iberoamericanos\/","name":"Universidad de las Artes - UArtes firma convenio con la Organizaci\u00f3n de Estados Iberoamericanos","isPartOf":{"@id":"https:\/\/www.uartes.edu.ec\/sitio\/en\/#website"},"primaryImageOfPage":{"@id":"https:\/\/www.uartes.edu.ec\/sitio\/en\/blog\/2017\/04\/18\/uartes-firma-convenio-con-la-organizacion-de-estados-iberoamericanos\/#primaryimage"},"image":{"@id":"https:\/\/www.uartes.edu.ec\/sitio\/en\/blog\/2017\/04\/18\/uartes-firma-convenio-con-la-organizacion-de-estados-iberoamericanos\/#primaryimage"},"thumbnailUrl":"https:\/\/www.uartes.edu.ec\/sitio\/wp-content\/uploads\/2017\/04\/Convenio-OEI-2.jpg","datePublished":"2017-04-18T15:35:50+00:00","dateModified":"2024-07-04T16:54:22+00:00","description":"Universidad de las Artes - UArtes firma convenio con la Organizaci\u00f3n de Estados Iberoamericanos","breadcrumb":{"@id":"https:\/\/www.uartes.edu.ec\/sitio\/en\/blog\/2017\/04\/18\/uartes-firma-convenio-con-la-organizacion-de-estados-iberoamericanos\/#breadcrumb"},"inLanguage":"en-US","potentialAction":[{"@type":"ReadAction","target":["https:\/\/www.uartes.edu.ec\/sitio\/en\/blog\/2017\/04\/18\/uartes-firma-convenio-con-la-organizacion-de-estados-iberoamericanos\/"]}]},{"@type":"ImageObject","inLanguage":"en-US","@id":"https:\/\/www.uartes.edu.ec\/sitio\/en\/blog\/2017\/04\/18\/uartes-firma-convenio-con-la-organizacion-de-estados-iberoamericanos\/#primaryimage","url":"https:\/\/www.uartes.edu.ec\/sitio\/wp-content\/uploads\/2017\/04\/Convenio-OEI-2.jpg","contentUrl":"https:\/\/www.uartes.edu.ec\/sitio\/wp-content\/uploads\/2017\/04\/Convenio-OEI-2.jpg","width":1132,"height":509},{"@type":"BreadcrumbList","@id":"https:\/\/www.uartes.edu.ec\/sitio\/en\/blog\/2017\/04\/18\/uartes-firma-convenio-con-la-organizacion-de-estados-iberoamericanos\/#breadcrumb","itemListElement":[{"@type":"ListItem","position":1,"name":"Inicio","item":"https:\/\/www.uartes.edu.ec\/sitio\/"},{"@type":"ListItem","position":2,"name":"UArtes firma convenio con la Organizaci\u00f3n de Estados Iberoamericanos"}]},{"@type":"WebSite","@id":"https:\/\/www.uartes.edu.ec\/sitio\/en\/#website","url":"https:\/\/www.uartes.edu.ec\/sitio\/en\/","name":"Universidad de las Artes","description":"Sitio oficial de la Universidad Nacional de las Artes del Ecuador","publisher":{"@id":"https:\/\/www.uartes.edu.ec\/sitio\/en\/#organization"},"potentialAction":[{"@type":"SearchAction","target":{"@type":"EntryPoint","urlTemplate":"https:\/\/www.uartes.edu.ec\/sitio\/en\/?s={search_term_string}"},"query-input":{"@type":"PropertyValueSpecification","valueRequired":true,"valueName":"search_term_string"}}],"inLanguage":"en-US"},{"@type":"Organization","@id":"https:\/\/www.uartes.edu.ec\/sitio\/en\/#organization","name":"Universidad de las Artes","url":"https:\/\/www.uartes.edu.ec\/sitio\/en\/","logo":{"@type":"ImageObject","inLanguage":"en-US","@id":"https:\/\/www.uartes.edu.ec\/sitio\/en\/#\/schema\/logo\/image\/","url":"https:\/\/www.uartes.edu.ec\/sitio\/wp-content\/uploads\/2022\/07\/logo-ua-horizontal.png","contentUrl":"https:\/\/www.uartes.edu.ec\/sitio\/wp-content\/uploads\/2022\/07\/logo-ua-horizontal.png","width":800,"height":276,"caption":"Universidad de las Artes"},"image":{"@id":"https:\/\/www.uartes.edu.ec\/sitio\/en\/#\/schema\/logo\/image\/"},"sameAs":["https:\/\/www.facebook.com\/uartesec","https:\/\/x.com\/uartesec","https:\/\/www.tiktok.com\/@uartesec"]},{"@type":"Person","@id":"https:\/\/www.uartes.edu.ec\/sitio\/en\/#\/schema\/person\/f33f8c1d2af0d5c80a38c8abf458184a","name":"Universidad de las Artes","image":{"@type":"ImageObject","inLanguage":"en-US","@id":"https:\/\/secure.gravatar.com\/avatar\/52e4757902f5cfa5ac52d020e5be83cae5487519154b6c35482fe08d589f3c13?s=96&d=mm&r=g","url":"https:\/\/secure.gravatar.com\/avatar\/52e4757902f5cfa5ac52d020e5be83cae5487519154b6c35482fe08d589f3c13?s=96&d=mm&r=g","contentUrl":"https:\/\/secure.gravatar.com\/avatar\/52e4757902f5cfa5ac52d020e5be83cae5487519154b6c35482fe08d589f3c13?s=96&d=mm&r=g","caption":"Universidad de las Artes"},"url":"https:\/\/www.uartes.edu.ec\/sitio\/en\/blog\/author\/dircomadm\/"}]}},"uagb_featured_image_src":{"full":["https:\/\/www.uartes.edu.ec\/sitio\/wp-content\/uploads\/2017\/04\/Convenio-OEI-2.jpg",1132,509,false],"thumbnail":["https:\/\/www.uartes.edu.ec\/sitio\/wp-content\/uploads\/2017\/04\/Convenio-OEI-2-150x150.jpg",150,150,true],"medium":["https:\/\/www.uartes.edu.ec\/sitio\/wp-content\/uploads\/2017\/04\/Convenio-OEI-2-300x135.jpg",300,135,true],"medium_large":["https:\/\/www.uartes.edu.ec\/sitio\/wp-content\/uploads\/2017\/04\/Convenio-OEI-2-768x345.jpg",768,345,true],"large":["https:\/\/www.uartes.edu.ec\/sitio\/wp-content\/uploads\/2017\/04\/Convenio-OEI-2-1024x460.jpg",644,289,true],"1536x1536":["https:\/\/www.uartes.edu.ec\/sitio\/wp-content\/uploads\/2017\/04\/Convenio-OEI-2.jpg",1132,509,false],"2048x2048":["https:\/\/www.uartes.edu.ec\/sitio\/wp-content\/uploads\/2017\/04\/Convenio-OEI-2.jpg",1132,509,false],"trp-custom-language-flag":["https:\/\/www.uartes.edu.ec\/sitio\/wp-content\/uploads\/2017\/04\/Convenio-OEI-2.jpg",18,8,false],"htmega_size_585x295":["https:\/\/www.uartes.edu.ec\/sitio\/wp-content\/uploads\/2017\/04\/Convenio-OEI-2.jpg",585,263,false],"htmega_size_1170x536":["https:\/\/www.uartes.edu.ec\/sitio\/wp-content\/uploads\/2017\/04\/Convenio-OEI-2.jpg",1132,509,false],"htmega_size_396x360":["https:\/\/www.uartes.edu.ec\/sitio\/wp-content\/uploads\/2017\/04\/Convenio-OEI-2.jpg",396,178,false],"gb-block-post-grid-landscape":["https:\/\/www.uartes.edu.ec\/sitio\/wp-content\/uploads\/2017\/04\/Convenio-OEI-2.jpg",600,270,false],"gb-block-post-grid-square":["https:\/\/www.uartes.edu.ec\/sitio\/wp-content\/uploads\/2017\/04\/Convenio-OEI-2.jpg",600,270,false],"university-hub-thumb":["https:\/\/www.uartes.edu.ec\/sitio\/wp-content\/uploads\/2017\/04\/Convenio-OEI-2.jpg",400,180,false]},"uagb_author_info":{"display_name":"Universidad de las Artes","author_link":"https:\/\/www.uartes.edu.ec\/sitio\/en\/blog\/author\/dircomadm\/"},"uagb_comment_info":0,"uagb_excerpt":"Este martes 18 de abril de 2017, las m\u00e1ximas autoridades de la Universidad de las Artes del Ecuador (UArtes) y la Organizaci\u00f3n de Estados Iberoamericanos para la Educaci\u00f3n, la Ciencia y la Cultura (OEI) se reunieron con el fin de firmar el Convenio Marco de Cooperaci\u00f3n entre dichas instituciones. El objetivo principal es establecer las&hellip;","featured_image_src":"https:\/\/www.uartes.edu.ec\/sitio\/wp-content\/uploads\/2017\/04\/Convenio-OEI-2.jpg","featured_image_src_square":"https:\/\/www.uartes.edu.ec\/sitio\/wp-content\/uploads\/2017\/04\/Convenio-OEI-2.jpg","author_info":{"display_name":"Universidad de las Artes","author_link":"https:\/\/www.uartes.edu.ec\/sitio\/en\/blog\/author\/dircomadm\/"},"publishpress_future_workflow_manual_trigger":{"enabledWorkflows":[]},"distributor_meta":false,"distributor_terms":false,"distributor_media":false,"distributor_original_site_name":"Universidad de las Artes","distributor_original_site_url":"https:\/\/www.uartes.edu.ec\/sitio\/en","push-errors":false,"_links":{"self":[{"href":"https:\/\/www.uartes.edu.ec\/sitio\/en\/wp-json\/wp\/v2\/posts\/86","targetHints":{"allow":["GET"]}}],"collection":[{"href":"https:\/\/www.uartes.edu.ec\/sitio\/en\/wp-json\/wp\/v2\/posts"}],"about":[{"href":"https:\/\/www.uartes.edu.ec\/sitio\/en\/wp-json\/wp\/v2\/types\/post"}],"author":[{"embeddable":true,"href":"https:\/\/www.uartes.edu.ec\/sitio\/en\/wp-json\/wp\/v2\/users\/1"}],"replies":[{"embeddable":true,"href":"https:\/\/www.uartes.edu.ec\/sitio\/en\/wp-json\/wp\/v2\/comments?post=86"}],"version-history":[{"count":1,"href":"https:\/\/www.uartes.edu.ec\/sitio\/en\/wp-json\/wp\/v2\/posts\/86\/revisions"}],"predecessor-version":[{"id":2597,"href":"https:\/\/www.uartes.edu.ec\/sitio\/en\/wp-json\/wp\/v2\/posts\/86\/revisions\/2597"}],"wp:featuredmedia":[{"embeddable":true,"href":"https:\/\/www.uartes.edu.ec\/sitio\/en\/wp-json\/wp\/v2\/media\/2596"}],"wp:attachment":[{"href":"https:\/\/www.uartes.edu.ec\/sitio\/en\/wp-json\/wp\/v2\/media?parent=86"}],"wp:term":[{"taxonomy":"category","embeddable":true,"href":"https:\/\/www.uartes.edu.ec\/sitio\/en\/wp-json\/wp\/v2\/categories?post=86"},{"taxonomy":"post_tag","embeddable":true,"href":"https:\/\/www.uartes.edu.ec\/sitio\/en\/wp-json\/wp\/v2\/tags?post=86"},{"taxonomy":"infouartes","embeddable":true,"href":"https:\/\/www.uartes.edu.ec\/sitio\/en\/wp-json\/wp\/v2\/infouartes?post=86"}],"curies":[{"name":"wp","href":"https:\/\/api.w.org\/{rel}","templated":true}]}}