{"id":8624,"date":"2020-09-08T16:57:47","date_gmt":"2020-09-08T21:57:47","guid":{"rendered":"http:\/\/www.uartes.edu.ec\/sitio\/?p=8624"},"modified":"2024-07-04T11:36:08","modified_gmt":"2024-07-04T16:36:08","slug":"invitados-a-los-conversatorios-sobre-ciencia-ficcion","status":"publish","type":"post","link":"https:\/\/www.uartes.edu.ec\/sitio\/en\/blog\/2020\/09\/08\/invitados-a-los-conversatorios-sobre-ciencia-ficcion\/","title":{"rendered":"Invitados a los conversatorios sobre Ciencia Ficci\u00f3n"},"content":{"rendered":"<p>En el marco de la materia intensiva Literatura de Ciencia Ficci\u00f3n, dictada por el docente Pedro Mujica, la Escuela de Literatura de la Universidad de las Artes invita a su comunidad y al p\u00fablico en general a los conservatorios que sobre ciencia ficci\u00f3n se desarrollar\u00e1n los d\u00edas viernes, a partir de este 11 de septiembre de 2020.<\/p>\n\n\n\n<p>En la primera cita virtual de la jornada participar\u00e1 como invitada especial la escritora boliviana Giovanna Rivero (foto), quien junto al docente Pedro Mujica analizar\u00e1 las discusiones te\u00f3ricas alrededor de la ciencia ficci\u00f3n.<\/p>\n\n\n\n<div class=\"wp-block-image is-style-default\"><figure class=\"aligncenter size-full\"><img fetchpriority=\"high\" decoding=\"async\" width=\"833\" height=\"1250\" src=\"http:\/\/www.uartes.edu.ec\/sitio\/wp-content\/uploads\/2020\/09\/119037646_3205745059503497_8064930344921068546_n.jpg\" alt=\"\" class=\"wp-image-8668\" srcset=\"https:\/\/www.uartes.edu.ec\/sitio\/wp-content\/uploads\/2020\/09\/119037646_3205745059503497_8064930344921068546_n.jpg 833w, https:\/\/www.uartes.edu.ec\/sitio\/wp-content\/uploads\/2020\/09\/119037646_3205745059503497_8064930344921068546_n-644x966.jpg 644w, https:\/\/www.uartes.edu.ec\/sitio\/wp-content\/uploads\/2020\/09\/119037646_3205745059503497_8064930344921068546_n-768x1152.jpg 768w, https:\/\/www.uartes.edu.ec\/sitio\/wp-content\/uploads\/2020\/09\/119037646_3205745059503497_8064930344921068546_n-600x900.jpg 600w\" sizes=\"(max-width: 833px) 100vw, 833px\" \/><\/figure><\/div>\n\n\n\n<p>Entre los libros de Giovanna Rivero, quien es doctora en Literatura Hispanoamericana por la University of Florida-USA, destacan <em>Para comerte mejor<\/em> (Premio Dante Alighieri 2018) y <em>98 segundos sin sombra<\/em> (Premio Audiobook Narration: Best Spanish Voiceover por la Society of Voice Arts and Sciences-SOVAS Estados Unidos). Sus libros de cuentos m\u00e1s recientes son: <em>Tierra fresca de su tumba<\/em> (2020) y <em>Ricomporre Amorevoli Scheletri<\/em> (Gran V\u00eda Edizioni, Italia 2020). Fue seleccionada por la Feria Internacional del Libro de Guadalajara como uno de \u201cLos 25 Secretos Literarios Mejor Guardados de Am\u00e9rica Latina\u201d (2011). Ha recibido reconocimientos como el Premio Internacional de Cuento Cosecha E\u00f1e (Espa\u00f1a 2015).<\/p>\n\n\n\n<div class=\"wp-block-image is-style-default\"><figure class=\"aligncenter size-full\"><img decoding=\"async\" width=\"1000\" height=\"1500\" src=\"http:\/\/www.uartes.edu.ec\/sitio\/wp-content\/uploads\/2020\/09\/solange.jpg\" alt=\"\" class=\"wp-image-8670\" srcset=\"https:\/\/www.uartes.edu.ec\/sitio\/wp-content\/uploads\/2020\/09\/solange.jpg 1000w, https:\/\/www.uartes.edu.ec\/sitio\/wp-content\/uploads\/2020\/09\/solange-200x300.jpg 200w, https:\/\/www.uartes.edu.ec\/sitio\/wp-content\/uploads\/2020\/09\/solange-644x966.jpg 644w, https:\/\/www.uartes.edu.ec\/sitio\/wp-content\/uploads\/2020\/09\/solange-768x1152.jpg 768w, https:\/\/www.uartes.edu.ec\/sitio\/wp-content\/uploads\/2020\/09\/solange-600x900.jpg 600w\" sizes=\"(max-width: 1000px) 100vw, 1000px\" \/><\/figure><\/div>\n\n\n\n<p>La escritora ecuatoriana Solange Rodr\u00edguez, directora de la Escuela de Literatura, intervendr\u00e1 en los conversatorios el viernes 18 de septiembre, igualmente de 11:30 a 12:10. Ella dialogar\u00e1 acerca del papel de la mujer latinoamericana en la literatura de ciencia ficci\u00f3n.<\/p>\n\n\n\n<p>Solange Rodr\u00edguez es una autora especializada en el g\u00e9nero de lo extra\u00f1o; ganadora del Premio Nacional Joaqu\u00edn Gallegos Lara al Mejor Libro de Cuentos del 2010 con\u00a0<em>Balas perdidas.<\/em> Cronista, activista cultural y conductora de talleres de escritura creativa, ha publicado cuatro libros de cuentos y antologado un compendio de micro ficciones ecuatorianas:\u00a0<em>Tinta Sangre<\/em>\u00a0(2000),\u00a0<em>Dracofilia<\/em>\u00a0(2005),\u00a0<em>El lugar de las apariciones<\/em>\u00a0(2007),\u00a0<em>Balas perdidas<\/em>\u00a0and\u00a0<em>Ciudad m\u00ednima<\/em>\u00a0(2012). Consta en compendios de narrativa hispanoamericana, como las realizadas por Ra\u00fal Brasca \u2013<em>Cielo de Rel\u00e1mpagos<\/em> (2009)\u2013 y Salvador Luis Raggio \u2013<em>Asamblea Port\u00e1til<\/em> (2010) y <em>La condici\u00f3n pornogr\u00e1fica<\/em> (2011)\u2013, y en 2018 editorial espa\u00f1ola Candaya le publico la obra <em>La primera vez que vi un fantasma<\/em>. Ha integrado las selecciones de autores contempor\u00e1neos en Ecuador desde 1990; y, representado al pa\u00eds en las ferias del libro de La Habana, M\u00e9xico, Bogot\u00e1, Lima, Santiago y Buenos Aires. Actualmente cursa una maestr\u00eda en letras y realiza una investigaci\u00f3n sobre la literatura fant\u00e1stica en Ecuador, titulada \u201cDesconocer la realidad\u201d, as\u00ed como varias investigaciones sobre la ciencia ficci\u00f3n ecuatoriana.<\/p>\n\n\n\n<div class=\"wp-block-image is-style-default\"><figure class=\"aligncenter size-full\"><img decoding=\"async\" width=\"999\" height=\"1500\" src=\"http:\/\/www.uartes.edu.ec\/sitio\/wp-content\/uploads\/2020\/09\/santiago-paez-plan-v.jpg\" alt=\"\" class=\"wp-image-8671\" srcset=\"https:\/\/www.uartes.edu.ec\/sitio\/wp-content\/uploads\/2020\/09\/santiago-paez-plan-v.jpg 999w, https:\/\/www.uartes.edu.ec\/sitio\/wp-content\/uploads\/2020\/09\/santiago-paez-plan-v-200x300.jpg 200w, https:\/\/www.uartes.edu.ec\/sitio\/wp-content\/uploads\/2020\/09\/santiago-paez-plan-v-644x967.jpg 644w, https:\/\/www.uartes.edu.ec\/sitio\/wp-content\/uploads\/2020\/09\/santiago-paez-plan-v-768x1153.jpg 768w, https:\/\/www.uartes.edu.ec\/sitio\/wp-content\/uploads\/2020\/09\/santiago-paez-plan-v-600x901.jpg 600w\" sizes=\"(max-width: 999px) 100vw, 999px\" \/><\/figure><\/div>\n\n\n\n<p>Tambi\u00e9n part\u00edcipe de los conservatorios sobre ciencia ficci\u00f3n ser\u00e1 el novelista y ensayista quite\u00f1o Santiago P\u00e1ez Gallegos, quien ha trabajado en las narrativas de ese g\u00e9nero y en las de intriga y policial. Es mag\u00edster y doctor en Literatura y licenciado en Ciencias Jur\u00eddicas. Se ha desempe\u00f1ado como catedr\u00e1tico universitario de Lenguaje, Antropolog\u00eda y Comunicaci\u00f3n e investigador social. Ha publicado veinte libros de narrativa, novelas y cuentos. Consta en varias antolog\u00edas nacionales y extranjeras. Sus m\u00e1s recientes publicaciones, en g\u00e9nero novel\u00edstico, son: <em>Los Murmurantes<\/em> and <em>Moradas Provisionales<\/em> (editadas por Cactus Pink en 2020 y 2018, respectivamente), <em>Retratos de Dios<\/em> (Santillana, 2016) y <em>Antiguas Ceremonias<\/em> (Paradiso, 2015). Cabe mencionar el conjunto de obras <em>Cr\u00f3nicas del Breve Reino<\/em> (Quito, tercera edici\u00f3n de Cactus Pink, 2017).<\/p>","protected":false},"excerpt":{"rendered":"<p>En el marco de la materia intensiva Literatura de Ciencia Ficci\u00f3n, dictada por el docente Pedro Mujica, la Escuela de Literatura de la Universidad de las Artes invita a su comunidad y al p\u00fablico en general a los conservatorios que sobre ciencia ficci\u00f3n se desarrollar\u00e1n los d\u00edas viernes, a partir de este 11 de septiembre de 2020.<\/p>","protected":false},"author":1,"featured_media":8628,"comment_status":"closed","ping_status":"closed","sticky":false,"template":"","format":"standard","meta":{"_acf_changed":false,"_uag_custom_page_level_css":"","_monsterinsights_skip_tracking":false,"_monsterinsights_sitenote_active":false,"_monsterinsights_sitenote_note":"","_monsterinsights_sitenote_category":0,"cybocfi_hide_featured_image":"","footnotes":""},"categories":[82,75,175,79],"tags":[211],"infouartes":[],"class_list":["post-8624","post","type-post","status-publish","format-standard","has-post-thumbnail","hentry","category-artes","category-docentes","category-literatura","category-vinculo","tag-covid19"],"acf":[],"yoast_head":"<!-- This site is optimized with the Yoast SEO plugin v27.4 - https:\/\/yoast.com\/product\/yoast-seo-wordpress\/ -->\n<title>Universidad de las Artes - Invitados a los conversatorios sobre Ciencia Ficci\u00f3n<\/title>\n<meta name=\"description\" content=\"Universidad de las Artes - Invitados a los conversatorios sobre Ciencia Ficci\u00f3n\" \/>\n<meta name=\"robots\" content=\"index, follow, max-snippet:-1, max-image-preview:large, max-video-preview:-1\" \/>\n<link rel=\"canonical\" href=\"https:\/\/www.uartes.edu.ec\/sitio\/en\/blog\/2020\/09\/08\/invitados-a-los-conversatorios-sobre-ciencia-ficcion\/\" \/>\n<meta property=\"og:locale\" content=\"en_US\" \/>\n<meta property=\"og:type\" content=\"article\" \/>\n<meta property=\"og:title\" content=\"Universidad de las Artes - Invitados a los conversatorios sobre Ciencia Ficci\u00f3n\" \/>\n<meta property=\"og:description\" content=\"Universidad de las Artes - Invitados a los conversatorios sobre Ciencia Ficci\u00f3n\" \/>\n<meta property=\"og:url\" content=\"https:\/\/www.uartes.edu.ec\/sitio\/en\/blog\/2020\/09\/08\/invitados-a-los-conversatorios-sobre-ciencia-ficcion\/\" \/>\n<meta property=\"og:site_name\" content=\"Universidad de las Artes\" \/>\n<meta property=\"article:publisher\" content=\"https:\/\/www.facebook.com\/uartesec\" \/>\n<meta property=\"article:published_time\" content=\"2020-09-08T21:57:47+00:00\" \/>\n<meta property=\"article:modified_time\" content=\"2024-07-04T16:36:08+00:00\" \/>\n<meta property=\"og:image\" content=\"https:\/\/www.uartes.edu.ec\/sitio\/wp-content\/uploads\/2020\/09\/giovanna-rivero.jpg\" \/>\n\t<meta property=\"og:image:width\" content=\"2000\" \/>\n\t<meta property=\"og:image:height\" content=\"1333\" \/>\n\t<meta property=\"og:image:type\" content=\"image\/jpeg\" \/>\n<meta name=\"author\" content=\"Universidad de las Artes\" \/>\n<meta name=\"twitter:card\" content=\"summary_large_image\" \/>\n<meta name=\"twitter:creator\" content=\"@uartesec\" \/>\n<meta name=\"twitter:site\" content=\"@uartesec\" \/>\n<meta name=\"twitter:label1\" content=\"Written by\" \/>\n\t<meta name=\"twitter:data1\" content=\"Universidad de las Artes\" \/>\n\t<meta name=\"twitter:label2\" content=\"Est. reading time\" \/>\n\t<meta name=\"twitter:data2\" content=\"3 minutes\" \/>\n<script type=\"application\/ld+json\" class=\"yoast-schema-graph\">{\"@context\":\"https:\\\/\\\/schema.org\",\"@graph\":[{\"@type\":\"Article\",\"@id\":\"https:\\\/\\\/www.uartes.edu.ec\\\/sitio\\\/en\\\/blog\\\/2020\\\/09\\\/08\\\/invitados-a-los-conversatorios-sobre-ciencia-ficcion\\\/#article\",\"isPartOf\":{\"@id\":\"https:\\\/\\\/www.uartes.edu.ec\\\/sitio\\\/en\\\/blog\\\/2020\\\/09\\\/08\\\/invitados-a-los-conversatorios-sobre-ciencia-ficcion\\\/\"},\"author\":{\"name\":\"Universidad de las Artes\",\"@id\":\"https:\\\/\\\/www.uartes.edu.ec\\\/sitio\\\/en\\\/#\\\/schema\\\/person\\\/f33f8c1d2af0d5c80a38c8abf458184a\"},\"headline\":\"Invitados a los conversatorios sobre Ciencia Ficci\u00f3n\",\"datePublished\":\"2020-09-08T21:57:47+00:00\",\"dateModified\":\"2024-07-04T16:36:08+00:00\",\"mainEntityOfPage\":{\"@id\":\"https:\\\/\\\/www.uartes.edu.ec\\\/sitio\\\/en\\\/blog\\\/2020\\\/09\\\/08\\\/invitados-a-los-conversatorios-sobre-ciencia-ficcion\\\/\"},\"wordCount\":562,\"publisher\":{\"@id\":\"https:\\\/\\\/www.uartes.edu.ec\\\/sitio\\\/en\\\/#organization\"},\"image\":{\"@id\":\"https:\\\/\\\/www.uartes.edu.ec\\\/sitio\\\/en\\\/blog\\\/2020\\\/09\\\/08\\\/invitados-a-los-conversatorios-sobre-ciencia-ficcion\\\/#primaryimage\"},\"thumbnailUrl\":\"https:\\\/\\\/www.uartes.edu.ec\\\/sitio\\\/wp-content\\\/uploads\\\/2020\\\/09\\\/giovanna-rivero.jpg\",\"keywords\":[\"covid19\"],\"articleSection\":[\"Artes\",\"Docentes\",\"Literatura\",\"V\u00ednculo\"],\"inLanguage\":\"en-US\"},{\"@type\":[\"WebPage\",\"ItemPage\"],\"@id\":\"https:\\\/\\\/www.uartes.edu.ec\\\/sitio\\\/en\\\/blog\\\/2020\\\/09\\\/08\\\/invitados-a-los-conversatorios-sobre-ciencia-ficcion\\\/\",\"url\":\"https:\\\/\\\/www.uartes.edu.ec\\\/sitio\\\/en\\\/blog\\\/2020\\\/09\\\/08\\\/invitados-a-los-conversatorios-sobre-ciencia-ficcion\\\/\",\"name\":\"Universidad de las Artes - Invitados a los conversatorios sobre Ciencia Ficci\u00f3n\",\"isPartOf\":{\"@id\":\"https:\\\/\\\/www.uartes.edu.ec\\\/sitio\\\/en\\\/#website\"},\"primaryImageOfPage\":{\"@id\":\"https:\\\/\\\/www.uartes.edu.ec\\\/sitio\\\/en\\\/blog\\\/2020\\\/09\\\/08\\\/invitados-a-los-conversatorios-sobre-ciencia-ficcion\\\/#primaryimage\"},\"image\":{\"@id\":\"https:\\\/\\\/www.uartes.edu.ec\\\/sitio\\\/en\\\/blog\\\/2020\\\/09\\\/08\\\/invitados-a-los-conversatorios-sobre-ciencia-ficcion\\\/#primaryimage\"},\"thumbnailUrl\":\"https:\\\/\\\/www.uartes.edu.ec\\\/sitio\\\/wp-content\\\/uploads\\\/2020\\\/09\\\/giovanna-rivero.jpg\",\"datePublished\":\"2020-09-08T21:57:47+00:00\",\"dateModified\":\"2024-07-04T16:36:08+00:00\",\"description\":\"Universidad de las Artes - Invitados a los conversatorios sobre Ciencia Ficci\u00f3n\",\"breadcrumb\":{\"@id\":\"https:\\\/\\\/www.uartes.edu.ec\\\/sitio\\\/en\\\/blog\\\/2020\\\/09\\\/08\\\/invitados-a-los-conversatorios-sobre-ciencia-ficcion\\\/#breadcrumb\"},\"inLanguage\":\"en-US\",\"potentialAction\":[{\"@type\":\"ReadAction\",\"target\":[\"https:\\\/\\\/www.uartes.edu.ec\\\/sitio\\\/en\\\/blog\\\/2020\\\/09\\\/08\\\/invitados-a-los-conversatorios-sobre-ciencia-ficcion\\\/\"]}]},{\"@type\":\"ImageObject\",\"inLanguage\":\"en-US\",\"@id\":\"https:\\\/\\\/www.uartes.edu.ec\\\/sitio\\\/en\\\/blog\\\/2020\\\/09\\\/08\\\/invitados-a-los-conversatorios-sobre-ciencia-ficcion\\\/#primaryimage\",\"url\":\"https:\\\/\\\/www.uartes.edu.ec\\\/sitio\\\/wp-content\\\/uploads\\\/2020\\\/09\\\/giovanna-rivero.jpg\",\"contentUrl\":\"https:\\\/\\\/www.uartes.edu.ec\\\/sitio\\\/wp-content\\\/uploads\\\/2020\\\/09\\\/giovanna-rivero.jpg\",\"width\":2000,\"height\":1333},{\"@type\":\"BreadcrumbList\",\"@id\":\"https:\\\/\\\/www.uartes.edu.ec\\\/sitio\\\/en\\\/blog\\\/2020\\\/09\\\/08\\\/invitados-a-los-conversatorios-sobre-ciencia-ficcion\\\/#breadcrumb\",\"itemListElement\":[{\"@type\":\"ListItem\",\"position\":1,\"name\":\"Inicio\",\"item\":\"https:\\\/\\\/www.uartes.edu.ec\\\/sitio\\\/\"},{\"@type\":\"ListItem\",\"position\":2,\"name\":\"Invitados a los conversatorios sobre Ciencia Ficci\u00f3n\"}]},{\"@type\":\"WebSite\",\"@id\":\"https:\\\/\\\/www.uartes.edu.ec\\\/sitio\\\/en\\\/#website\",\"url\":\"https:\\\/\\\/www.uartes.edu.ec\\\/sitio\\\/en\\\/\",\"name\":\"Universidad de las Artes\",\"description\":\"Sitio oficial de la Universidad Nacional de las Artes del Ecuador\",\"publisher\":{\"@id\":\"https:\\\/\\\/www.uartes.edu.ec\\\/sitio\\\/en\\\/#organization\"},\"potentialAction\":[{\"@type\":\"SearchAction\",\"target\":{\"@type\":\"EntryPoint\",\"urlTemplate\":\"https:\\\/\\\/www.uartes.edu.ec\\\/sitio\\\/en\\\/?s={search_term_string}\"},\"query-input\":{\"@type\":\"PropertyValueSpecification\",\"valueRequired\":true,\"valueName\":\"search_term_string\"}}],\"inLanguage\":\"en-US\"},{\"@type\":\"Organization\",\"@id\":\"https:\\\/\\\/www.uartes.edu.ec\\\/sitio\\\/en\\\/#organization\",\"name\":\"Universidad de las Artes\",\"url\":\"https:\\\/\\\/www.uartes.edu.ec\\\/sitio\\\/en\\\/\",\"logo\":{\"@type\":\"ImageObject\",\"inLanguage\":\"en-US\",\"@id\":\"https:\\\/\\\/www.uartes.edu.ec\\\/sitio\\\/en\\\/#\\\/schema\\\/logo\\\/image\\\/\",\"url\":\"https:\\\/\\\/www.uartes.edu.ec\\\/sitio\\\/wp-content\\\/uploads\\\/2022\\\/07\\\/logo-ua-horizontal.png\",\"contentUrl\":\"https:\\\/\\\/www.uartes.edu.ec\\\/sitio\\\/wp-content\\\/uploads\\\/2022\\\/07\\\/logo-ua-horizontal.png\",\"width\":800,\"height\":276,\"caption\":\"Universidad de las Artes\"},\"image\":{\"@id\":\"https:\\\/\\\/www.uartes.edu.ec\\\/sitio\\\/en\\\/#\\\/schema\\\/logo\\\/image\\\/\"},\"sameAs\":[\"https:\\\/\\\/www.facebook.com\\\/uartesec\",\"https:\\\/\\\/x.com\\\/uartesec\",\"https:\\\/\\\/www.tiktok.com\\\/@uartesec\"]},{\"@type\":\"Person\",\"@id\":\"https:\\\/\\\/www.uartes.edu.ec\\\/sitio\\\/en\\\/#\\\/schema\\\/person\\\/f33f8c1d2af0d5c80a38c8abf458184a\",\"name\":\"Universidad de las Artes\",\"image\":{\"@type\":\"ImageObject\",\"inLanguage\":\"en-US\",\"@id\":\"https:\\\/\\\/secure.gravatar.com\\\/avatar\\\/52e4757902f5cfa5ac52d020e5be83cae5487519154b6c35482fe08d589f3c13?s=96&d=mm&r=g\",\"url\":\"https:\\\/\\\/secure.gravatar.com\\\/avatar\\\/52e4757902f5cfa5ac52d020e5be83cae5487519154b6c35482fe08d589f3c13?s=96&d=mm&r=g\",\"contentUrl\":\"https:\\\/\\\/secure.gravatar.com\\\/avatar\\\/52e4757902f5cfa5ac52d020e5be83cae5487519154b6c35482fe08d589f3c13?s=96&d=mm&r=g\",\"caption\":\"Universidad de las Artes\"},\"url\":\"https:\\\/\\\/www.uartes.edu.ec\\\/sitio\\\/en\\\/blog\\\/author\\\/dircomadm\\\/\"}]}<\/script>\n<!-- \/ Yoast SEO plugin. -->","yoast_head_json":{"title":"Universidad de las Artes - Invitados a los conversatorios sobre Ciencia Ficci\u00f3n","description":"Universidad de las Artes - Invitados a los conversatorios sobre Ciencia Ficci\u00f3n","robots":{"index":"index","follow":"follow","max-snippet":"max-snippet:-1","max-image-preview":"max-image-preview:large","max-video-preview":"max-video-preview:-1"},"canonical":"https:\/\/www.uartes.edu.ec\/sitio\/en\/blog\/2020\/09\/08\/invitados-a-los-conversatorios-sobre-ciencia-ficcion\/","og_locale":"en_US","og_type":"article","og_title":"Universidad de las Artes - Invitados a los conversatorios sobre Ciencia Ficci\u00f3n","og_description":"Universidad de las Artes - Invitados a los conversatorios sobre Ciencia Ficci\u00f3n","og_url":"https:\/\/www.uartes.edu.ec\/sitio\/en\/blog\/2020\/09\/08\/invitados-a-los-conversatorios-sobre-ciencia-ficcion\/","og_site_name":"Universidad de las Artes","article_publisher":"https:\/\/www.facebook.com\/uartesec","article_published_time":"2020-09-08T21:57:47+00:00","article_modified_time":"2024-07-04T16:36:08+00:00","og_image":[{"width":2000,"height":1333,"url":"https:\/\/www.uartes.edu.ec\/sitio\/wp-content\/uploads\/2020\/09\/giovanna-rivero.jpg","type":"image\/jpeg"}],"author":"Universidad de las Artes","twitter_card":"summary_large_image","twitter_creator":"@uartesec","twitter_site":"@uartesec","twitter_misc":{"Written by":"Universidad de las Artes","Est. reading time":"3 minutes"},"schema":{"@context":"https:\/\/schema.org","@graph":[{"@type":"Article","@id":"https:\/\/www.uartes.edu.ec\/sitio\/en\/blog\/2020\/09\/08\/invitados-a-los-conversatorios-sobre-ciencia-ficcion\/#article","isPartOf":{"@id":"https:\/\/www.uartes.edu.ec\/sitio\/en\/blog\/2020\/09\/08\/invitados-a-los-conversatorios-sobre-ciencia-ficcion\/"},"author":{"name":"Universidad de las Artes","@id":"https:\/\/www.uartes.edu.ec\/sitio\/en\/#\/schema\/person\/f33f8c1d2af0d5c80a38c8abf458184a"},"headline":"Invitados a los conversatorios sobre Ciencia Ficci\u00f3n","datePublished":"2020-09-08T21:57:47+00:00","dateModified":"2024-07-04T16:36:08+00:00","mainEntityOfPage":{"@id":"https:\/\/www.uartes.edu.ec\/sitio\/en\/blog\/2020\/09\/08\/invitados-a-los-conversatorios-sobre-ciencia-ficcion\/"},"wordCount":562,"publisher":{"@id":"https:\/\/www.uartes.edu.ec\/sitio\/en\/#organization"},"image":{"@id":"https:\/\/www.uartes.edu.ec\/sitio\/en\/blog\/2020\/09\/08\/invitados-a-los-conversatorios-sobre-ciencia-ficcion\/#primaryimage"},"thumbnailUrl":"https:\/\/www.uartes.edu.ec\/sitio\/wp-content\/uploads\/2020\/09\/giovanna-rivero.jpg","keywords":["covid19"],"articleSection":["Artes","Docentes","Literatura","V\u00ednculo"],"inLanguage":"en-US"},{"@type":["WebPage","ItemPage"],"@id":"https:\/\/www.uartes.edu.ec\/sitio\/en\/blog\/2020\/09\/08\/invitados-a-los-conversatorios-sobre-ciencia-ficcion\/","url":"https:\/\/www.uartes.edu.ec\/sitio\/en\/blog\/2020\/09\/08\/invitados-a-los-conversatorios-sobre-ciencia-ficcion\/","name":"Universidad de las Artes - Invitados a los conversatorios sobre Ciencia Ficci\u00f3n","isPartOf":{"@id":"https:\/\/www.uartes.edu.ec\/sitio\/en\/#website"},"primaryImageOfPage":{"@id":"https:\/\/www.uartes.edu.ec\/sitio\/en\/blog\/2020\/09\/08\/invitados-a-los-conversatorios-sobre-ciencia-ficcion\/#primaryimage"},"image":{"@id":"https:\/\/www.uartes.edu.ec\/sitio\/en\/blog\/2020\/09\/08\/invitados-a-los-conversatorios-sobre-ciencia-ficcion\/#primaryimage"},"thumbnailUrl":"https:\/\/www.uartes.edu.ec\/sitio\/wp-content\/uploads\/2020\/09\/giovanna-rivero.jpg","datePublished":"2020-09-08T21:57:47+00:00","dateModified":"2024-07-04T16:36:08+00:00","description":"Universidad de las Artes - Invitados a los conversatorios sobre Ciencia Ficci\u00f3n","breadcrumb":{"@id":"https:\/\/www.uartes.edu.ec\/sitio\/en\/blog\/2020\/09\/08\/invitados-a-los-conversatorios-sobre-ciencia-ficcion\/#breadcrumb"},"inLanguage":"en-US","potentialAction":[{"@type":"ReadAction","target":["https:\/\/www.uartes.edu.ec\/sitio\/en\/blog\/2020\/09\/08\/invitados-a-los-conversatorios-sobre-ciencia-ficcion\/"]}]},{"@type":"ImageObject","inLanguage":"en-US","@id":"https:\/\/www.uartes.edu.ec\/sitio\/en\/blog\/2020\/09\/08\/invitados-a-los-conversatorios-sobre-ciencia-ficcion\/#primaryimage","url":"https:\/\/www.uartes.edu.ec\/sitio\/wp-content\/uploads\/2020\/09\/giovanna-rivero.jpg","contentUrl":"https:\/\/www.uartes.edu.ec\/sitio\/wp-content\/uploads\/2020\/09\/giovanna-rivero.jpg","width":2000,"height":1333},{"@type":"BreadcrumbList","@id":"https:\/\/www.uartes.edu.ec\/sitio\/en\/blog\/2020\/09\/08\/invitados-a-los-conversatorios-sobre-ciencia-ficcion\/#breadcrumb","itemListElement":[{"@type":"ListItem","position":1,"name":"Inicio","item":"https:\/\/www.uartes.edu.ec\/sitio\/"},{"@type":"ListItem","position":2,"name":"Invitados a los conversatorios sobre Ciencia Ficci\u00f3n"}]},{"@type":"WebSite","@id":"https:\/\/www.uartes.edu.ec\/sitio\/en\/#website","url":"https:\/\/www.uartes.edu.ec\/sitio\/en\/","name":"Universidad de las Artes","description":"Sitio oficial de la Universidad Nacional de las Artes del Ecuador","publisher":{"@id":"https:\/\/www.uartes.edu.ec\/sitio\/en\/#organization"},"potentialAction":[{"@type":"SearchAction","target":{"@type":"EntryPoint","urlTemplate":"https:\/\/www.uartes.edu.ec\/sitio\/en\/?s={search_term_string}"},"query-input":{"@type":"PropertyValueSpecification","valueRequired":true,"valueName":"search_term_string"}}],"inLanguage":"en-US"},{"@type":"Organization","@id":"https:\/\/www.uartes.edu.ec\/sitio\/en\/#organization","name":"Universidad de las Artes","url":"https:\/\/www.uartes.edu.ec\/sitio\/en\/","logo":{"@type":"ImageObject","inLanguage":"en-US","@id":"https:\/\/www.uartes.edu.ec\/sitio\/en\/#\/schema\/logo\/image\/","url":"https:\/\/www.uartes.edu.ec\/sitio\/wp-content\/uploads\/2022\/07\/logo-ua-horizontal.png","contentUrl":"https:\/\/www.uartes.edu.ec\/sitio\/wp-content\/uploads\/2022\/07\/logo-ua-horizontal.png","width":800,"height":276,"caption":"Universidad de las Artes"},"image":{"@id":"https:\/\/www.uartes.edu.ec\/sitio\/en\/#\/schema\/logo\/image\/"},"sameAs":["https:\/\/www.facebook.com\/uartesec","https:\/\/x.com\/uartesec","https:\/\/www.tiktok.com\/@uartesec"]},{"@type":"Person","@id":"https:\/\/www.uartes.edu.ec\/sitio\/en\/#\/schema\/person\/f33f8c1d2af0d5c80a38c8abf458184a","name":"Universidad de las Artes","image":{"@type":"ImageObject","inLanguage":"en-US","@id":"https:\/\/secure.gravatar.com\/avatar\/52e4757902f5cfa5ac52d020e5be83cae5487519154b6c35482fe08d589f3c13?s=96&d=mm&r=g","url":"https:\/\/secure.gravatar.com\/avatar\/52e4757902f5cfa5ac52d020e5be83cae5487519154b6c35482fe08d589f3c13?s=96&d=mm&r=g","contentUrl":"https:\/\/secure.gravatar.com\/avatar\/52e4757902f5cfa5ac52d020e5be83cae5487519154b6c35482fe08d589f3c13?s=96&d=mm&r=g","caption":"Universidad de las Artes"},"url":"https:\/\/www.uartes.edu.ec\/sitio\/en\/blog\/author\/dircomadm\/"}]}},"uagb_featured_image_src":{"full":["https:\/\/www.uartes.edu.ec\/sitio\/wp-content\/uploads\/2020\/09\/giovanna-rivero.jpg",2000,1333,false],"thumbnail":["https:\/\/www.uartes.edu.ec\/sitio\/wp-content\/uploads\/2020\/09\/giovanna-rivero-150x150.jpg",150,150,true],"medium":["https:\/\/www.uartes.edu.ec\/sitio\/wp-content\/uploads\/2020\/09\/giovanna-rivero-300x200.jpg",300,200,true],"medium_large":["https:\/\/www.uartes.edu.ec\/sitio\/wp-content\/uploads\/2020\/09\/giovanna-rivero-768x512.jpg",768,512,true],"large":["https:\/\/www.uartes.edu.ec\/sitio\/wp-content\/uploads\/2020\/09\/giovanna-rivero-644x429.jpg",644,429,true],"1536x1536":["https:\/\/www.uartes.edu.ec\/sitio\/wp-content\/uploads\/2020\/09\/giovanna-rivero-1536x1024.jpg",1536,1024,true],"2048x2048":["https:\/\/www.uartes.edu.ec\/sitio\/wp-content\/uploads\/2020\/09\/giovanna-rivero.jpg",2000,1333,false],"trp-custom-language-flag":["https:\/\/www.uartes.edu.ec\/sitio\/wp-content\/uploads\/2020\/09\/giovanna-rivero.jpg",18,12,false],"htmega_size_585x295":["https:\/\/www.uartes.edu.ec\/sitio\/wp-content\/uploads\/2020\/09\/giovanna-rivero-585x295.jpg",585,295,true],"htmega_size_1170x536":["https:\/\/www.uartes.edu.ec\/sitio\/wp-content\/uploads\/2020\/09\/giovanna-rivero-1170x536.jpg",1170,536,true],"htmega_size_396x360":["https:\/\/www.uartes.edu.ec\/sitio\/wp-content\/uploads\/2020\/09\/giovanna-rivero-396x360.jpg",396,360,true],"gb-block-post-grid-landscape":["https:\/\/www.uartes.edu.ec\/sitio\/wp-content\/uploads\/2020\/09\/giovanna-rivero.jpg",600,400,false],"gb-block-post-grid-square":["https:\/\/www.uartes.edu.ec\/sitio\/wp-content\/uploads\/2020\/09\/giovanna-rivero.jpg",600,400,false],"university-hub-thumb":["https:\/\/www.uartes.edu.ec\/sitio\/wp-content\/uploads\/2020\/09\/giovanna-rivero-400x267.jpg",400,267,true],"mailpoet_newsletter_max":["https:\/\/www.uartes.edu.ec\/sitio\/wp-content\/uploads\/2020\/09\/giovanna-rivero.jpg",1320,880,false]},"uagb_author_info":{"display_name":"Universidad de las Artes","author_link":"https:\/\/www.uartes.edu.ec\/sitio\/en\/blog\/author\/dircomadm\/"},"uagb_comment_info":0,"uagb_excerpt":"En el marco de la materia intensiva Literatura de Ciencia Ficci\u00f3n, dictada por el docente Pedro Mujica, la Escuela de Literatura de la Universidad de las Artes invita a su comunidad y al p\u00fablico en general a los conservatorios que sobre ciencia ficci\u00f3n se desarrollar\u00e1n los d\u00edas viernes, a partir de este 11 de septiembre&hellip;","featured_image_src":"https:\/\/www.uartes.edu.ec\/sitio\/wp-content\/uploads\/2020\/09\/giovanna-rivero.jpg","featured_image_src_square":"https:\/\/www.uartes.edu.ec\/sitio\/wp-content\/uploads\/2020\/09\/giovanna-rivero.jpg","author_info":{"display_name":"Universidad de las Artes","author_link":"https:\/\/www.uartes.edu.ec\/sitio\/en\/blog\/author\/dircomadm\/"},"publishpress_future_workflow_manual_trigger":{"enabledWorkflows":[]},"distributor_meta":false,"distributor_terms":false,"distributor_media":false,"distributor_original_site_name":"Universidad de las Artes","distributor_original_site_url":"https:\/\/www.uartes.edu.ec\/sitio\/en","push-errors":false,"_links":{"self":[{"href":"https:\/\/www.uartes.edu.ec\/sitio\/en\/wp-json\/wp\/v2\/posts\/8624","targetHints":{"allow":["GET"]}}],"collection":[{"href":"https:\/\/www.uartes.edu.ec\/sitio\/en\/wp-json\/wp\/v2\/posts"}],"about":[{"href":"https:\/\/www.uartes.edu.ec\/sitio\/en\/wp-json\/wp\/v2\/types\/post"}],"author":[{"embeddable":true,"href":"https:\/\/www.uartes.edu.ec\/sitio\/en\/wp-json\/wp\/v2\/users\/1"}],"replies":[{"embeddable":true,"href":"https:\/\/www.uartes.edu.ec\/sitio\/en\/wp-json\/wp\/v2\/comments?post=8624"}],"version-history":[{"count":4,"href":"https:\/\/www.uartes.edu.ec\/sitio\/en\/wp-json\/wp\/v2\/posts\/8624\/revisions"}],"predecessor-version":[{"id":57583,"href":"https:\/\/www.uartes.edu.ec\/sitio\/en\/wp-json\/wp\/v2\/posts\/8624\/revisions\/57583"}],"wp:featuredmedia":[{"embeddable":true,"href":"https:\/\/www.uartes.edu.ec\/sitio\/en\/wp-json\/wp\/v2\/media\/8628"}],"wp:attachment":[{"href":"https:\/\/www.uartes.edu.ec\/sitio\/en\/wp-json\/wp\/v2\/media?parent=8624"}],"wp:term":[{"taxonomy":"category","embeddable":true,"href":"https:\/\/www.uartes.edu.ec\/sitio\/en\/wp-json\/wp\/v2\/categories?post=8624"},{"taxonomy":"post_tag","embeddable":true,"href":"https:\/\/www.uartes.edu.ec\/sitio\/en\/wp-json\/wp\/v2\/tags?post=8624"},{"taxonomy":"infouartes","embeddable":true,"href":"https:\/\/www.uartes.edu.ec\/sitio\/en\/wp-json\/wp\/v2\/infouartes?post=8624"}],"curies":[{"name":"wp","href":"https:\/\/api.w.org\/{rel}","templated":true}]}}