{"id":8629,"date":"2020-09-08T17:06:29","date_gmt":"2020-09-08T22:06:29","guid":{"rendered":"http:\/\/www.uartes.edu.ec\/sitio\/?p=8629"},"modified":"2024-07-04T11:36:08","modified_gmt":"2024-07-04T16:36:08","slug":"iv-jornadas-internacionales-de-oralidad-y-docencia","status":"publish","type":"post","link":"https:\/\/www.uartes.edu.ec\/sitio\/en\/blog\/2020\/09\/08\/iv-jornadas-internacionales-de-oralidad-y-docencia\/","title":{"rendered":"IV Jornadas Internacionales de Oralidad y Docencia"},"content":{"rendered":"<p>Despu\u00e9s de un a\u00f1o de involuntaria pausa vuelven los cuentos por Guayaquil: Las IV Jornadas de oralidad y docencia \u201cTodo lo que inventamos es cierto\u201d se realizar\u00e1n del 28 de septiembre al 4 de octubre y en su edici\u00f3n 2020 estar\u00e1n dedicadas a \u201cLos cuentos y las voces femeninas\u201d, un encuentro intergeneracional de cuenteras.<\/p>\n\n\n\n<p>La direcci\u00f3n de la actividad corre a cargo de la mag\u00edster \u00c1ngela Arboleda, docente de la Universidad de las Artes, quien se\u00f1ala que este retorno es posible \u201cgracias a que una vez m\u00e1s Corporaci\u00f3n Cultural Imaginario se hace acreedora al programa de Fondos Iberescena con el cual podremos llegar a la audiencia de manera virtual y a trav\u00e9s de entrega directa a diversos centros especiales de material audiovisual con actuaciones de las narradoras invitadas\u201d.<\/p>\n\n\n\n<p>Participar\u00e1n narradoras de Portugal, Espa\u00f1a, Argentina, Per\u00fa, Colombia, Costa Rica y Ecuador, con edades entre los 78 y 13 a\u00f1os.<\/p>\n\n\n\n<p><strong>Anna Freixas y el linaje femenino<br><\/strong>Este encuentro tiene como eje central y texto inspirador al libro editado por Anna Freixas, <em>Abuelas, madre e hijas<\/em>, en el que varias mujeres cuentan sobre el arte sociocultural de envejecer y eso que Dolores Juliano califica como la cadena de saberes que no debe romperse entre diversas generaciones de mujeres. Por eso la charla magistral de las jornadas la ofrecer\u00e1 la escritora espa\u00f1ola bajo el t\u00edtulo: \u201cLos linajes femeninos, fuente de saberes\u201d; ser\u00e1 el mi\u00e9rcoles 30 de septiembre, a las 10:00, v\u00eda zoom y retransmitido por Facebook Live.<\/p>\n\n\n\n<p><strong>Delivery de cuentos<\/strong><br>En tiempos de confinamiento las redes de ayuda y los medios alternativos para continuar el necesario intercambio de bienes y servicios para sobrevivir reforzaron las entregas a domicilio conocidas en el mundo con el t\u00e9rmino \u201cDelivery\u201d. As\u00ed que si todos piden a domicilio comida, medicamentos u otros productos y servicios, por qu\u00e9 no ofrecer entrega de cuentos.<br>Las jornadas han decidido entonces crear un peque\u00f1o recorrido para entregar cuentos en centros especiales \u2013como orfanatos, casas de acogida, hogares y refugios\u2013, donde ya hab\u00eda personas en confinamiento antes del confinamiento. La idea es llevarles algo de alegr\u00eda y acompa\u00f1amiento. Esto ser\u00e1 posible gracias al apoyo del Departamento V\u00ednculos con la Comunidad de la Universidad de las Artes y del Comit\u00e9 de Derechos Humanos. Estas visitas se har\u00e1n entre el 28 de septiembre y 2 de octubre.<\/p>\n\n\n\n<p><strong>Espect\u00e1culos: variados, virtuales y\u2026 a la gorra<\/strong><br>Por razones por todos conocidas, la programaci\u00f3n ser\u00e1 virtual. A partir del viernes 2 hasta el domingo 4 de octubre ofreceremos por las ma\u00f1anas y noches diversos espect\u00e1culos de cuentos para p\u00fablico adulto y familiar. La cartelera estar\u00e1 disponible en las redes de la instituci\u00f3n. Las funciones ser\u00e1n gratuitas, de acceso libre. Sin embargo, porque creemos firmemente en que el arte debe ser valorado y que las artistas son agentes de una red productiva y productora, tendremos el sistema de \u201cgorra virtual\u201d, es decir que quien quiera y pueda aportar puede hacerlo con el valor, as\u00ed mismo, que pueda y desee a la cuenta bancaria que promocionaremos en su momento.<\/p>\n\n\n\n<p><strong>Talleres y mesas de di\u00e1logo<\/strong><br>Para complementar nuestra agenda ofreceremos entre el 28 de septiembre y 1 de octubre talleres online con las invitadas, quienes ofrecer\u00e1n estas capacitaciones alrededor del arte de la palabra y la construcci\u00f3n de la voz femenina. Ser\u00e1n as\u00ed mismo gratuitos y v\u00eda zoom para participantes previamente inscritos y de libre observaci\u00f3n para el p\u00fablico v\u00eda Facebook Live.<\/p>\n\n\n\n<p>Las mesas de di\u00e1logo estar\u00e1n protagonizadas, una por las invitadas mayores y otra por las j\u00f3venes voces de la narraci\u00f3n oral, para conversar sobre la voz femenina en la escena, en el aula y en la vida; c\u00f3mo esta se ha ido empoderando en estos diversos \u00e1mbitos y tejiendo redes.<\/p>\n\n\n\n<p>\u00c1ngela Arboleda se\u00f1ala que el equipo detr\u00e1s de las jornadas lo conforman, junto con ella, Manuel Larrea, asistencia general; Antonella Zamora, producci\u00f3n general; Alejandro Mosquera y Yunjoy Jara, producci\u00f3n audiovisual y virtualidad; Alisa Pincay, dise\u00f1o gr\u00e1fico, ilustraci\u00f3n, campa\u00f1a publicitaria; Marcela Roura, cobertura audiovisual. Direcci\u00f3n montajes Ecuador: Ariana Fuentes, B\u00e1rbara Aranda y \u00c1ngela Arboleda. Agradecimientos: Billy Navarrete, del Comit\u00e9 de Derechos Humanos; Mar\u00eda Jos\u00e9 Icaza, del Departamento de V\u00ednculos con la Comunidad de la Universidad de las Artes; y a todas las familias de La Sub 21 y La Sub 13 del Cuento.<\/p>","protected":false},"excerpt":{"rendered":"<p>Despu\u00e9s de un a\u00f1o de involuntaria pausa vuelven los cuentos por Guayaquil: Las IV Jornadas de oralidad y docencia \u201cTodo lo que inventamos es cierto\u201d se realizar\u00e1n del 28 de septiembre al 4 de octubre y en su edici\u00f3n 2020 estar\u00e1n dedicadas a \u201cLos cuentos y las voces femeninas\u201d, un encuentro intergeneracional de cuenteras.<\/p>","protected":false},"author":1,"featured_media":8627,"comment_status":"closed","ping_status":"closed","sticky":false,"template":"","format":"standard","meta":{"_acf_changed":false,"_uag_custom_page_level_css":"","_monsterinsights_skip_tracking":false,"_monsterinsights_sitenote_active":false,"_monsterinsights_sitenote_note":"","_monsterinsights_sitenote_category":0,"cybocfi_hide_featured_image":"","footnotes":""},"categories":[82,75,77,79],"tags":[211],"infouartes":[],"class_list":["post-8629","post","type-post","status-publish","format-standard","has-post-thumbnail","hentry","category-artes","category-docentes","category-gestion","category-vinculo","tag-covid19"],"acf":[],"yoast_head":"<!-- This site is optimized with the Yoast SEO plugin v27.4 - https:\/\/yoast.com\/product\/yoast-seo-wordpress\/ -->\n<title>Universidad de las Artes - IV Jornadas Internacionales de Oralidad y Docencia<\/title>\n<meta name=\"description\" content=\"Universidad de las Artes - IV Jornadas Internacionales de Oralidad y Docencia\" \/>\n<meta name=\"robots\" content=\"index, follow, max-snippet:-1, max-image-preview:large, max-video-preview:-1\" \/>\n<link rel=\"canonical\" href=\"https:\/\/www.uartes.edu.ec\/sitio\/en\/blog\/2020\/09\/08\/iv-jornadas-internacionales-de-oralidad-y-docencia\/\" \/>\n<meta property=\"og:locale\" content=\"en_US\" \/>\n<meta property=\"og:type\" content=\"article\" \/>\n<meta property=\"og:title\" content=\"Universidad de las Artes - IV Jornadas Internacionales de Oralidad y Docencia\" \/>\n<meta property=\"og:description\" content=\"Universidad de las Artes - IV Jornadas Internacionales de Oralidad y Docencia\" \/>\n<meta property=\"og:url\" content=\"https:\/\/www.uartes.edu.ec\/sitio\/en\/blog\/2020\/09\/08\/iv-jornadas-internacionales-de-oralidad-y-docencia\/\" \/>\n<meta property=\"og:site_name\" content=\"Universidad de las Artes\" \/>\n<meta property=\"article:publisher\" content=\"https:\/\/www.facebook.com\/uartesec\" \/>\n<meta property=\"article:published_time\" content=\"2020-09-08T22:06:29+00:00\" \/>\n<meta property=\"article:modified_time\" content=\"2024-07-04T16:36:08+00:00\" \/>\n<meta property=\"og:image\" content=\"https:\/\/www.uartes.edu.ec\/sitio\/wp-content\/uploads\/2020\/09\/TODO-LO-QUE-INVENTAMOS-2.jpg\" \/>\n\t<meta property=\"og:image:width\" content=\"2000\" \/>\n\t<meta property=\"og:image:height\" content=\"1333\" \/>\n\t<meta property=\"og:image:type\" content=\"image\/jpeg\" \/>\n<meta name=\"author\" content=\"Universidad de las Artes\" \/>\n<meta name=\"twitter:card\" content=\"summary_large_image\" \/>\n<meta name=\"twitter:creator\" content=\"@uartesec\" \/>\n<meta name=\"twitter:site\" content=\"@uartesec\" \/>\n<meta name=\"twitter:label1\" content=\"Written by\" \/>\n\t<meta name=\"twitter:data1\" content=\"Universidad de las Artes\" \/>\n\t<meta name=\"twitter:label2\" content=\"Est. reading time\" \/>\n\t<meta name=\"twitter:data2\" content=\"4 minutes\" \/>\n<script type=\"application\/ld+json\" class=\"yoast-schema-graph\">{\"@context\":\"https:\\\/\\\/schema.org\",\"@graph\":[{\"@type\":\"Article\",\"@id\":\"https:\\\/\\\/www.uartes.edu.ec\\\/sitio\\\/en\\\/blog\\\/2020\\\/09\\\/08\\\/iv-jornadas-internacionales-de-oralidad-y-docencia\\\/#article\",\"isPartOf\":{\"@id\":\"https:\\\/\\\/www.uartes.edu.ec\\\/sitio\\\/en\\\/blog\\\/2020\\\/09\\\/08\\\/iv-jornadas-internacionales-de-oralidad-y-docencia\\\/\"},\"author\":{\"name\":\"Universidad de las Artes\",\"@id\":\"https:\\\/\\\/www.uartes.edu.ec\\\/sitio\\\/en\\\/#\\\/schema\\\/person\\\/f33f8c1d2af0d5c80a38c8abf458184a\"},\"headline\":\"IV Jornadas Internacionales de Oralidad y Docencia\",\"datePublished\":\"2020-09-08T22:06:29+00:00\",\"dateModified\":\"2024-07-04T16:36:08+00:00\",\"mainEntityOfPage\":{\"@id\":\"https:\\\/\\\/www.uartes.edu.ec\\\/sitio\\\/en\\\/blog\\\/2020\\\/09\\\/08\\\/iv-jornadas-internacionales-de-oralidad-y-docencia\\\/\"},\"wordCount\":751,\"publisher\":{\"@id\":\"https:\\\/\\\/www.uartes.edu.ec\\\/sitio\\\/en\\\/#organization\"},\"image\":{\"@id\":\"https:\\\/\\\/www.uartes.edu.ec\\\/sitio\\\/en\\\/blog\\\/2020\\\/09\\\/08\\\/iv-jornadas-internacionales-de-oralidad-y-docencia\\\/#primaryimage\"},\"thumbnailUrl\":\"https:\\\/\\\/www.uartes.edu.ec\\\/sitio\\\/wp-content\\\/uploads\\\/2020\\\/09\\\/TODO-LO-QUE-INVENTAMOS-2.jpg\",\"keywords\":[\"covid19\"],\"articleSection\":[\"Artes\",\"Docentes\",\"Gesti\u00f3n\",\"V\u00ednculo\"],\"inLanguage\":\"en-US\"},{\"@type\":[\"WebPage\",\"ItemPage\"],\"@id\":\"https:\\\/\\\/www.uartes.edu.ec\\\/sitio\\\/en\\\/blog\\\/2020\\\/09\\\/08\\\/iv-jornadas-internacionales-de-oralidad-y-docencia\\\/\",\"url\":\"https:\\\/\\\/www.uartes.edu.ec\\\/sitio\\\/en\\\/blog\\\/2020\\\/09\\\/08\\\/iv-jornadas-internacionales-de-oralidad-y-docencia\\\/\",\"name\":\"Universidad de las Artes - IV Jornadas Internacionales de Oralidad y Docencia\",\"isPartOf\":{\"@id\":\"https:\\\/\\\/www.uartes.edu.ec\\\/sitio\\\/en\\\/#website\"},\"primaryImageOfPage\":{\"@id\":\"https:\\\/\\\/www.uartes.edu.ec\\\/sitio\\\/en\\\/blog\\\/2020\\\/09\\\/08\\\/iv-jornadas-internacionales-de-oralidad-y-docencia\\\/#primaryimage\"},\"image\":{\"@id\":\"https:\\\/\\\/www.uartes.edu.ec\\\/sitio\\\/en\\\/blog\\\/2020\\\/09\\\/08\\\/iv-jornadas-internacionales-de-oralidad-y-docencia\\\/#primaryimage\"},\"thumbnailUrl\":\"https:\\\/\\\/www.uartes.edu.ec\\\/sitio\\\/wp-content\\\/uploads\\\/2020\\\/09\\\/TODO-LO-QUE-INVENTAMOS-2.jpg\",\"datePublished\":\"2020-09-08T22:06:29+00:00\",\"dateModified\":\"2024-07-04T16:36:08+00:00\",\"description\":\"Universidad de las Artes - IV Jornadas Internacionales de Oralidad y Docencia\",\"breadcrumb\":{\"@id\":\"https:\\\/\\\/www.uartes.edu.ec\\\/sitio\\\/en\\\/blog\\\/2020\\\/09\\\/08\\\/iv-jornadas-internacionales-de-oralidad-y-docencia\\\/#breadcrumb\"},\"inLanguage\":\"en-US\",\"potentialAction\":[{\"@type\":\"ReadAction\",\"target\":[\"https:\\\/\\\/www.uartes.edu.ec\\\/sitio\\\/en\\\/blog\\\/2020\\\/09\\\/08\\\/iv-jornadas-internacionales-de-oralidad-y-docencia\\\/\"]}]},{\"@type\":\"ImageObject\",\"inLanguage\":\"en-US\",\"@id\":\"https:\\\/\\\/www.uartes.edu.ec\\\/sitio\\\/en\\\/blog\\\/2020\\\/09\\\/08\\\/iv-jornadas-internacionales-de-oralidad-y-docencia\\\/#primaryimage\",\"url\":\"https:\\\/\\\/www.uartes.edu.ec\\\/sitio\\\/wp-content\\\/uploads\\\/2020\\\/09\\\/TODO-LO-QUE-INVENTAMOS-2.jpg\",\"contentUrl\":\"https:\\\/\\\/www.uartes.edu.ec\\\/sitio\\\/wp-content\\\/uploads\\\/2020\\\/09\\\/TODO-LO-QUE-INVENTAMOS-2.jpg\",\"width\":2000,\"height\":1333},{\"@type\":\"BreadcrumbList\",\"@id\":\"https:\\\/\\\/www.uartes.edu.ec\\\/sitio\\\/en\\\/blog\\\/2020\\\/09\\\/08\\\/iv-jornadas-internacionales-de-oralidad-y-docencia\\\/#breadcrumb\",\"itemListElement\":[{\"@type\":\"ListItem\",\"position\":1,\"name\":\"Inicio\",\"item\":\"https:\\\/\\\/www.uartes.edu.ec\\\/sitio\\\/\"},{\"@type\":\"ListItem\",\"position\":2,\"name\":\"IV Jornadas Internacionales de Oralidad y Docencia\"}]},{\"@type\":\"WebSite\",\"@id\":\"https:\\\/\\\/www.uartes.edu.ec\\\/sitio\\\/en\\\/#website\",\"url\":\"https:\\\/\\\/www.uartes.edu.ec\\\/sitio\\\/en\\\/\",\"name\":\"Universidad de las Artes\",\"description\":\"Sitio oficial de la Universidad Nacional de las Artes del Ecuador\",\"publisher\":{\"@id\":\"https:\\\/\\\/www.uartes.edu.ec\\\/sitio\\\/en\\\/#organization\"},\"potentialAction\":[{\"@type\":\"SearchAction\",\"target\":{\"@type\":\"EntryPoint\",\"urlTemplate\":\"https:\\\/\\\/www.uartes.edu.ec\\\/sitio\\\/en\\\/?s={search_term_string}\"},\"query-input\":{\"@type\":\"PropertyValueSpecification\",\"valueRequired\":true,\"valueName\":\"search_term_string\"}}],\"inLanguage\":\"en-US\"},{\"@type\":\"Organization\",\"@id\":\"https:\\\/\\\/www.uartes.edu.ec\\\/sitio\\\/en\\\/#organization\",\"name\":\"Universidad de las Artes\",\"url\":\"https:\\\/\\\/www.uartes.edu.ec\\\/sitio\\\/en\\\/\",\"logo\":{\"@type\":\"ImageObject\",\"inLanguage\":\"en-US\",\"@id\":\"https:\\\/\\\/www.uartes.edu.ec\\\/sitio\\\/en\\\/#\\\/schema\\\/logo\\\/image\\\/\",\"url\":\"https:\\\/\\\/www.uartes.edu.ec\\\/sitio\\\/wp-content\\\/uploads\\\/2022\\\/07\\\/logo-ua-horizontal.png\",\"contentUrl\":\"https:\\\/\\\/www.uartes.edu.ec\\\/sitio\\\/wp-content\\\/uploads\\\/2022\\\/07\\\/logo-ua-horizontal.png\",\"width\":800,\"height\":276,\"caption\":\"Universidad de las Artes\"},\"image\":{\"@id\":\"https:\\\/\\\/www.uartes.edu.ec\\\/sitio\\\/en\\\/#\\\/schema\\\/logo\\\/image\\\/\"},\"sameAs\":[\"https:\\\/\\\/www.facebook.com\\\/uartesec\",\"https:\\\/\\\/x.com\\\/uartesec\",\"https:\\\/\\\/www.tiktok.com\\\/@uartesec\"]},{\"@type\":\"Person\",\"@id\":\"https:\\\/\\\/www.uartes.edu.ec\\\/sitio\\\/en\\\/#\\\/schema\\\/person\\\/f33f8c1d2af0d5c80a38c8abf458184a\",\"name\":\"Universidad de las Artes\",\"image\":{\"@type\":\"ImageObject\",\"inLanguage\":\"en-US\",\"@id\":\"https:\\\/\\\/secure.gravatar.com\\\/avatar\\\/52e4757902f5cfa5ac52d020e5be83cae5487519154b6c35482fe08d589f3c13?s=96&d=mm&r=g\",\"url\":\"https:\\\/\\\/secure.gravatar.com\\\/avatar\\\/52e4757902f5cfa5ac52d020e5be83cae5487519154b6c35482fe08d589f3c13?s=96&d=mm&r=g\",\"contentUrl\":\"https:\\\/\\\/secure.gravatar.com\\\/avatar\\\/52e4757902f5cfa5ac52d020e5be83cae5487519154b6c35482fe08d589f3c13?s=96&d=mm&r=g\",\"caption\":\"Universidad de las Artes\"},\"url\":\"https:\\\/\\\/www.uartes.edu.ec\\\/sitio\\\/en\\\/blog\\\/author\\\/dircomadm\\\/\"}]}<\/script>\n<!-- \/ Yoast SEO plugin. -->","yoast_head_json":{"title":"Universidad de las Artes - IV Jornadas Internacionales de Oralidad y Docencia","description":"Universidad de las Artes - IV Jornadas Internacionales de Oralidad y Docencia","robots":{"index":"index","follow":"follow","max-snippet":"max-snippet:-1","max-image-preview":"max-image-preview:large","max-video-preview":"max-video-preview:-1"},"canonical":"https:\/\/www.uartes.edu.ec\/sitio\/en\/blog\/2020\/09\/08\/iv-jornadas-internacionales-de-oralidad-y-docencia\/","og_locale":"en_US","og_type":"article","og_title":"Universidad de las Artes - IV Jornadas Internacionales de Oralidad y Docencia","og_description":"Universidad de las Artes - IV Jornadas Internacionales de Oralidad y Docencia","og_url":"https:\/\/www.uartes.edu.ec\/sitio\/en\/blog\/2020\/09\/08\/iv-jornadas-internacionales-de-oralidad-y-docencia\/","og_site_name":"Universidad de las Artes","article_publisher":"https:\/\/www.facebook.com\/uartesec","article_published_time":"2020-09-08T22:06:29+00:00","article_modified_time":"2024-07-04T16:36:08+00:00","og_image":[{"width":2000,"height":1333,"url":"https:\/\/www.uartes.edu.ec\/sitio\/wp-content\/uploads\/2020\/09\/TODO-LO-QUE-INVENTAMOS-2.jpg","type":"image\/jpeg"}],"author":"Universidad de las Artes","twitter_card":"summary_large_image","twitter_creator":"@uartesec","twitter_site":"@uartesec","twitter_misc":{"Written by":"Universidad de las Artes","Est. reading time":"4 minutes"},"schema":{"@context":"https:\/\/schema.org","@graph":[{"@type":"Article","@id":"https:\/\/www.uartes.edu.ec\/sitio\/en\/blog\/2020\/09\/08\/iv-jornadas-internacionales-de-oralidad-y-docencia\/#article","isPartOf":{"@id":"https:\/\/www.uartes.edu.ec\/sitio\/en\/blog\/2020\/09\/08\/iv-jornadas-internacionales-de-oralidad-y-docencia\/"},"author":{"name":"Universidad de las Artes","@id":"https:\/\/www.uartes.edu.ec\/sitio\/en\/#\/schema\/person\/f33f8c1d2af0d5c80a38c8abf458184a"},"headline":"IV Jornadas Internacionales de Oralidad y Docencia","datePublished":"2020-09-08T22:06:29+00:00","dateModified":"2024-07-04T16:36:08+00:00","mainEntityOfPage":{"@id":"https:\/\/www.uartes.edu.ec\/sitio\/en\/blog\/2020\/09\/08\/iv-jornadas-internacionales-de-oralidad-y-docencia\/"},"wordCount":751,"publisher":{"@id":"https:\/\/www.uartes.edu.ec\/sitio\/en\/#organization"},"image":{"@id":"https:\/\/www.uartes.edu.ec\/sitio\/en\/blog\/2020\/09\/08\/iv-jornadas-internacionales-de-oralidad-y-docencia\/#primaryimage"},"thumbnailUrl":"https:\/\/www.uartes.edu.ec\/sitio\/wp-content\/uploads\/2020\/09\/TODO-LO-QUE-INVENTAMOS-2.jpg","keywords":["covid19"],"articleSection":["Artes","Docentes","Gesti\u00f3n","V\u00ednculo"],"inLanguage":"en-US"},{"@type":["WebPage","ItemPage"],"@id":"https:\/\/www.uartes.edu.ec\/sitio\/en\/blog\/2020\/09\/08\/iv-jornadas-internacionales-de-oralidad-y-docencia\/","url":"https:\/\/www.uartes.edu.ec\/sitio\/en\/blog\/2020\/09\/08\/iv-jornadas-internacionales-de-oralidad-y-docencia\/","name":"Universidad de las Artes - IV Jornadas Internacionales de Oralidad y Docencia","isPartOf":{"@id":"https:\/\/www.uartes.edu.ec\/sitio\/en\/#website"},"primaryImageOfPage":{"@id":"https:\/\/www.uartes.edu.ec\/sitio\/en\/blog\/2020\/09\/08\/iv-jornadas-internacionales-de-oralidad-y-docencia\/#primaryimage"},"image":{"@id":"https:\/\/www.uartes.edu.ec\/sitio\/en\/blog\/2020\/09\/08\/iv-jornadas-internacionales-de-oralidad-y-docencia\/#primaryimage"},"thumbnailUrl":"https:\/\/www.uartes.edu.ec\/sitio\/wp-content\/uploads\/2020\/09\/TODO-LO-QUE-INVENTAMOS-2.jpg","datePublished":"2020-09-08T22:06:29+00:00","dateModified":"2024-07-04T16:36:08+00:00","description":"Universidad de las Artes - IV Jornadas Internacionales de Oralidad y Docencia","breadcrumb":{"@id":"https:\/\/www.uartes.edu.ec\/sitio\/en\/blog\/2020\/09\/08\/iv-jornadas-internacionales-de-oralidad-y-docencia\/#breadcrumb"},"inLanguage":"en-US","potentialAction":[{"@type":"ReadAction","target":["https:\/\/www.uartes.edu.ec\/sitio\/en\/blog\/2020\/09\/08\/iv-jornadas-internacionales-de-oralidad-y-docencia\/"]}]},{"@type":"ImageObject","inLanguage":"en-US","@id":"https:\/\/www.uartes.edu.ec\/sitio\/en\/blog\/2020\/09\/08\/iv-jornadas-internacionales-de-oralidad-y-docencia\/#primaryimage","url":"https:\/\/www.uartes.edu.ec\/sitio\/wp-content\/uploads\/2020\/09\/TODO-LO-QUE-INVENTAMOS-2.jpg","contentUrl":"https:\/\/www.uartes.edu.ec\/sitio\/wp-content\/uploads\/2020\/09\/TODO-LO-QUE-INVENTAMOS-2.jpg","width":2000,"height":1333},{"@type":"BreadcrumbList","@id":"https:\/\/www.uartes.edu.ec\/sitio\/en\/blog\/2020\/09\/08\/iv-jornadas-internacionales-de-oralidad-y-docencia\/#breadcrumb","itemListElement":[{"@type":"ListItem","position":1,"name":"Inicio","item":"https:\/\/www.uartes.edu.ec\/sitio\/"},{"@type":"ListItem","position":2,"name":"IV Jornadas Internacionales de Oralidad y Docencia"}]},{"@type":"WebSite","@id":"https:\/\/www.uartes.edu.ec\/sitio\/en\/#website","url":"https:\/\/www.uartes.edu.ec\/sitio\/en\/","name":"Universidad de las Artes","description":"Sitio oficial de la Universidad Nacional de las Artes del Ecuador","publisher":{"@id":"https:\/\/www.uartes.edu.ec\/sitio\/en\/#organization"},"potentialAction":[{"@type":"SearchAction","target":{"@type":"EntryPoint","urlTemplate":"https:\/\/www.uartes.edu.ec\/sitio\/en\/?s={search_term_string}"},"query-input":{"@type":"PropertyValueSpecification","valueRequired":true,"valueName":"search_term_string"}}],"inLanguage":"en-US"},{"@type":"Organization","@id":"https:\/\/www.uartes.edu.ec\/sitio\/en\/#organization","name":"Universidad de las Artes","url":"https:\/\/www.uartes.edu.ec\/sitio\/en\/","logo":{"@type":"ImageObject","inLanguage":"en-US","@id":"https:\/\/www.uartes.edu.ec\/sitio\/en\/#\/schema\/logo\/image\/","url":"https:\/\/www.uartes.edu.ec\/sitio\/wp-content\/uploads\/2022\/07\/logo-ua-horizontal.png","contentUrl":"https:\/\/www.uartes.edu.ec\/sitio\/wp-content\/uploads\/2022\/07\/logo-ua-horizontal.png","width":800,"height":276,"caption":"Universidad de las Artes"},"image":{"@id":"https:\/\/www.uartes.edu.ec\/sitio\/en\/#\/schema\/logo\/image\/"},"sameAs":["https:\/\/www.facebook.com\/uartesec","https:\/\/x.com\/uartesec","https:\/\/www.tiktok.com\/@uartesec"]},{"@type":"Person","@id":"https:\/\/www.uartes.edu.ec\/sitio\/en\/#\/schema\/person\/f33f8c1d2af0d5c80a38c8abf458184a","name":"Universidad de las Artes","image":{"@type":"ImageObject","inLanguage":"en-US","@id":"https:\/\/secure.gravatar.com\/avatar\/52e4757902f5cfa5ac52d020e5be83cae5487519154b6c35482fe08d589f3c13?s=96&d=mm&r=g","url":"https:\/\/secure.gravatar.com\/avatar\/52e4757902f5cfa5ac52d020e5be83cae5487519154b6c35482fe08d589f3c13?s=96&d=mm&r=g","contentUrl":"https:\/\/secure.gravatar.com\/avatar\/52e4757902f5cfa5ac52d020e5be83cae5487519154b6c35482fe08d589f3c13?s=96&d=mm&r=g","caption":"Universidad de las Artes"},"url":"https:\/\/www.uartes.edu.ec\/sitio\/en\/blog\/author\/dircomadm\/"}]}},"uagb_featured_image_src":{"full":["https:\/\/www.uartes.edu.ec\/sitio\/wp-content\/uploads\/2020\/09\/TODO-LO-QUE-INVENTAMOS-2.jpg",2000,1333,false],"thumbnail":["https:\/\/www.uartes.edu.ec\/sitio\/wp-content\/uploads\/2020\/09\/TODO-LO-QUE-INVENTAMOS-2-150x150.jpg",150,150,true],"medium":["https:\/\/www.uartes.edu.ec\/sitio\/wp-content\/uploads\/2020\/09\/TODO-LO-QUE-INVENTAMOS-2-300x200.jpg",300,200,true],"medium_large":["https:\/\/www.uartes.edu.ec\/sitio\/wp-content\/uploads\/2020\/09\/TODO-LO-QUE-INVENTAMOS-2-768x512.jpg",768,512,true],"large":["https:\/\/www.uartes.edu.ec\/sitio\/wp-content\/uploads\/2020\/09\/TODO-LO-QUE-INVENTAMOS-2-644x429.jpg",644,429,true],"1536x1536":["https:\/\/www.uartes.edu.ec\/sitio\/wp-content\/uploads\/2020\/09\/TODO-LO-QUE-INVENTAMOS-2-1536x1024.jpg",1536,1024,true],"2048x2048":["https:\/\/www.uartes.edu.ec\/sitio\/wp-content\/uploads\/2020\/09\/TODO-LO-QUE-INVENTAMOS-2.jpg",2000,1333,false],"trp-custom-language-flag":["https:\/\/www.uartes.edu.ec\/sitio\/wp-content\/uploads\/2020\/09\/TODO-LO-QUE-INVENTAMOS-2.jpg",18,12,false],"htmega_size_585x295":["https:\/\/www.uartes.edu.ec\/sitio\/wp-content\/uploads\/2020\/09\/TODO-LO-QUE-INVENTAMOS-2-585x295.jpg",585,295,true],"htmega_size_1170x536":["https:\/\/www.uartes.edu.ec\/sitio\/wp-content\/uploads\/2020\/09\/TODO-LO-QUE-INVENTAMOS-2-1170x536.jpg",1170,536,true],"htmega_size_396x360":["https:\/\/www.uartes.edu.ec\/sitio\/wp-content\/uploads\/2020\/09\/TODO-LO-QUE-INVENTAMOS-2-396x360.jpg",396,360,true],"gb-block-post-grid-landscape":["https:\/\/www.uartes.edu.ec\/sitio\/wp-content\/uploads\/2020\/09\/TODO-LO-QUE-INVENTAMOS-2.jpg",600,400,false],"gb-block-post-grid-square":["https:\/\/www.uartes.edu.ec\/sitio\/wp-content\/uploads\/2020\/09\/TODO-LO-QUE-INVENTAMOS-2.jpg",600,400,false],"university-hub-thumb":["https:\/\/www.uartes.edu.ec\/sitio\/wp-content\/uploads\/2020\/09\/TODO-LO-QUE-INVENTAMOS-2-400x267.jpg",400,267,true],"mailpoet_newsletter_max":["https:\/\/www.uartes.edu.ec\/sitio\/wp-content\/uploads\/2020\/09\/TODO-LO-QUE-INVENTAMOS-2.jpg",1320,880,false]},"uagb_author_info":{"display_name":"Universidad de las Artes","author_link":"https:\/\/www.uartes.edu.ec\/sitio\/en\/blog\/author\/dircomadm\/"},"uagb_comment_info":0,"uagb_excerpt":"Despu\u00e9s de un a\u00f1o de involuntaria pausa vuelven los cuentos por Guayaquil: Las IV Jornadas de oralidad y docencia \u201cTodo lo que inventamos es cierto\u201d se realizar\u00e1n del 28 de septiembre al 4 de octubre y en su edici\u00f3n 2020 estar\u00e1n dedicadas a \u201cLos cuentos y las voces femeninas\u201d, un encuentro intergeneracional de cuenteras.","featured_image_src":"https:\/\/www.uartes.edu.ec\/sitio\/wp-content\/uploads\/2020\/09\/TODO-LO-QUE-INVENTAMOS-2.jpg","featured_image_src_square":"https:\/\/www.uartes.edu.ec\/sitio\/wp-content\/uploads\/2020\/09\/TODO-LO-QUE-INVENTAMOS-2.jpg","author_info":{"display_name":"Universidad de las Artes","author_link":"https:\/\/www.uartes.edu.ec\/sitio\/en\/blog\/author\/dircomadm\/"},"publishpress_future_workflow_manual_trigger":{"enabledWorkflows":[]},"distributor_meta":false,"distributor_terms":false,"distributor_media":false,"distributor_original_site_name":"Universidad de las Artes","distributor_original_site_url":"https:\/\/www.uartes.edu.ec\/sitio\/en","push-errors":false,"_links":{"self":[{"href":"https:\/\/www.uartes.edu.ec\/sitio\/en\/wp-json\/wp\/v2\/posts\/8629","targetHints":{"allow":["GET"]}}],"collection":[{"href":"https:\/\/www.uartes.edu.ec\/sitio\/en\/wp-json\/wp\/v2\/posts"}],"about":[{"href":"https:\/\/www.uartes.edu.ec\/sitio\/en\/wp-json\/wp\/v2\/types\/post"}],"author":[{"embeddable":true,"href":"https:\/\/www.uartes.edu.ec\/sitio\/en\/wp-json\/wp\/v2\/users\/1"}],"replies":[{"embeddable":true,"href":"https:\/\/www.uartes.edu.ec\/sitio\/en\/wp-json\/wp\/v2\/comments?post=8629"}],"version-history":[{"count":1,"href":"https:\/\/www.uartes.edu.ec\/sitio\/en\/wp-json\/wp\/v2\/posts\/8629\/revisions"}],"predecessor-version":[{"id":8630,"href":"https:\/\/www.uartes.edu.ec\/sitio\/en\/wp-json\/wp\/v2\/posts\/8629\/revisions\/8630"}],"wp:featuredmedia":[{"embeddable":true,"href":"https:\/\/www.uartes.edu.ec\/sitio\/en\/wp-json\/wp\/v2\/media\/8627"}],"wp:attachment":[{"href":"https:\/\/www.uartes.edu.ec\/sitio\/en\/wp-json\/wp\/v2\/media?parent=8629"}],"wp:term":[{"taxonomy":"category","embeddable":true,"href":"https:\/\/www.uartes.edu.ec\/sitio\/en\/wp-json\/wp\/v2\/categories?post=8629"},{"taxonomy":"post_tag","embeddable":true,"href":"https:\/\/www.uartes.edu.ec\/sitio\/en\/wp-json\/wp\/v2\/tags?post=8629"},{"taxonomy":"infouartes","embeddable":true,"href":"https:\/\/www.uartes.edu.ec\/sitio\/en\/wp-json\/wp\/v2\/infouartes?post=8629"}],"curies":[{"name":"wp","href":"https:\/\/api.w.org\/{rel}","templated":true}]}}