{"id":865,"date":"2017-10-11T13:05:30","date_gmt":"2017-10-11T18:05:30","guid":{"rendered":"http:\/\/www.uartes.edu.ec\/infouartes\/?p=865"},"modified":"2024-07-04T11:54:09","modified_gmt":"2024-07-04T16:54:09","slug":"la-uartes-fomenta-el-dialogo-con-universidades-del-ecuador-a-traves-de-interactos","status":"publish","type":"post","link":"https:\/\/www.uartes.edu.ec\/sitio\/en\/blog\/2017\/10\/11\/la-uartes-fomenta-el-dialogo-con-universidades-del-ecuador-a-traves-de-interactos\/","title":{"rendered":"La UArtes fomenta el di\u00e1logo con universidades del Ecuador a trav\u00e9s de Interactos"},"content":{"rendered":"<p>Cuatro universidades del Ecuador se unen a los Encuentros P\u00fablicos de Artes, Interactos, que organiza la UArtes al sur de Guayaquil. La colaboraci\u00f3n con las universidades es el resultado de un proceso de di\u00e1logo que viene manteniendo la Universidad de las Artes de manera sostenida con las Instituciones de Educaci\u00f3n Superior (IES) p\u00fablicas y privadas del pa\u00eds, con el \u00e1nimo de propiciar el di\u00e1logo y fomentar el intercambio de conocimientos entre las comunidades acad\u00e9micas.<\/p>\n<p>En junio de 2017, la Pontificia Universidad Cat\u00f3lica del Ecuador (PUCE), la Universidad de Cuenca y la Universidad Nacional de Educaci\u00f3n (UNAE) fueron parte de la agenda acad\u00e9mica del segundo <strong>Encuentro Internacional de Investigaci\u00f3n en Artes <\/strong>que organiz\u00f3 la UArtes y el Instituto Latinoamericano de Investigaci\u00f3n en Artes (ILIA). En julio de 2017, la Facultad de Artes de la Universidad Central del Ecuador y la Universidad Yachay Tech participaron en el seminario <strong>Las artes de Gilles Deleuze, pr\u00e1cticas art\u00edsticas, creaciones y experimentaciones<\/strong>, que organiz\u00f3 la Unidad Transversal de Teor\u00edas Cr\u00edticas y Pr\u00e1cticas Experimentales de la Universidad de las Artes.<\/p>\n<p>En Ecuador, la UArtes ha firmado convenios y, en algunos casos, mantiene proyectos de cooperaci\u00f3n con la Escuela Superior Polit\u00e9cnica del Litoral (ESPOL), Universidad Central del Ecuador (UCE), Universidad Estatal de Milagro (UNEMI), Universidad de Cuenca (UC), Pontificia Universidad Cat\u00f3lica del Ecuador (PUCE), Universidad de Guayaquil (UG), Universidad de Investigaci\u00f3n de Tecnolog\u00eda Experimental (Yachay Tech), Universidad Regional Amaz\u00f3nica (Ikiam) y la Universidad Nacional de Educaci\u00f3n (UNAE).<\/p>\n<p>Las instituciones que participar\u00e1n en la segunda edici\u00f3n de Interactos son: la Facultad de Artes y Direcci\u00f3n de Posgrado de la Universidad Central del Ecuador, el Laboratorio Permanente de Danza Contempor\u00e1nea y Composici\u00f3n Coreogr\u00e1fica de la Universidad de Cuenca, la Universidad San Francisco de Quito y la Pontificia Universidad Cat\u00f3lica del Ecuador.<\/p>\n<p>A continuaci\u00f3n ponemos a disposici\u00f3n un recorrido de las actividades de las universidades en Interactos:<\/p>\n<ul>\n<li><a href=\"http:\/\/www.uartes.edu.ec\/agua\/?event=obra-danza-la-distancia-una-linea-imaginaria-manana-pie-limon-interactos-2017&amp;event_date=2017-10-21\">Obra de danza \u201cLa distancia es una l\u00ednea imaginaria entre ma\u00f1ana y un pie de lim\u00f3n\u201d \u2013 UC<\/a><\/li>\n<li><a href=\"http:\/\/www.uartes.edu.ec\/agua\/?event=obra-danza-manipulo-talvez-interactos-2017&amp;event_date=2017-10-18\">Obra de danza \u201cMan\u00edpulo\u201d por TALVEZ \u2013 USFQ<\/a><\/li>\n<li><a href=\"http:\/\/www.uartes.edu.ec\/agua\/?event=mesa-dialogo-educacion-artistica\">Mesa de di\u00e1logo sobre educaci\u00f3n art\u00edstica \u2013 UCE, PUCE y UC<\/a><\/li>\n<li><a href=\"http:\/\/www.uartes.edu.ec\/agua\/?event=video-instalacion-performance-register&amp;event_date=2017-10-19\">Video instalaci\u00f3n performance \u2018Register\u2019 \u2013 UCE<\/a><\/li>\n<li><a href=\"http:\/\/www.uartes.edu.ec\/agua\/?event=encuentro-multidisciplinar-creacion-new-media-interactos-2017&amp;event_date=2017-10-20\">Encuentro multidisciplinar de Creaci\u00f3n New Media del Colectivo Hausman \u2013 USFQ<\/a><\/li>\n<\/ul>\n<p>Interactos 2017, Encuentros P\u00fablicos de Artes, es una iniciativa de la Universidad de las Artes para propiciar el intercambio de experiencias en el \u00e1mbito acad\u00e9mico y cultural, as\u00ed como un espacio para potenciar la relaci\u00f3n de la ciudadan\u00eda con el arte, revelando su importancia como eje fundamental para la transformaci\u00f3n social del pa\u00eds.<\/p>\n<p>Los Encuentros P\u00fablicos de Artes contar\u00e1n con la participaci\u00f3n de m\u00e1s de 80 artistas y acad\u00e9micos nacionales e internacionales en 70 actividades entre exposiciones, recitales, presentaciones musicales y esc\u00e9nicas, muestras de artes visuales y fotograf\u00eda, conversatorios, mesas de debate y talleres.<\/p>\n<p>Interactos, Encuentros P\u00fablicos de Artes, del 18 al 22 de octubre de 2017, Plaza de Artes y Oficios, Av. Quito y Bolivia, sur de Guayaquil.<\/p>\n<p>Descarga para imprimir <a href=\"http:\/\/www.uartes.edu.ec\/interactos\/index.php\/segunda-edicion-2017\/programacion\/\">la\u00a0agenda de actividades y los talleres\u00a0de Interactos<\/a>.<\/p>","protected":false},"excerpt":{"rendered":"<p>Cuatro universidades del Ecuador se unen a los Encuentros P\u00fablicos de Artes, Interactos, que organiza la UArtes al sur de Guayaquil. La colaboraci\u00f3n con las universidades es el resultado de un proceso de di\u00e1logo que viene manteniendo la Universidad de las Artes de manera sostenida con las Instituciones de Educaci\u00f3n Superior (IES) p\u00fablicas y privadas [&hellip;]<\/p>\n","protected":false},"author":1,"featured_media":867,"comment_status":"closed","ping_status":"open","sticky":false,"template":"","format":"standard","meta":{"_acf_changed":false,"_uag_custom_page_level_css":"","_monsterinsights_skip_tracking":false,"_monsterinsights_sitenote_active":false,"_monsterinsights_sitenote_note":"","_monsterinsights_sitenote_category":0,"cybocfi_hide_featured_image":"","footnotes":""},"categories":[82],"tags":[52],"infouartes":[],"class_list":["post-865","post","type-post","status-publish","format-standard","has-post-thumbnail","hentry","category-artes","tag-interactos"],"acf":[],"yoast_head":"<!-- This site is optimized with the Yoast SEO plugin v27.4 - https:\/\/yoast.com\/product\/yoast-seo-wordpress\/ -->\n<title>Universidad de las Artes - La UArtes fomenta el di\u00e1logo con universidades del Ecuador a trav\u00e9s de Interactos<\/title>\n<meta name=\"description\" content=\"Universidad de las Artes - La UArtes fomenta el di\u00e1logo con universidades del Ecuador a trav\u00e9s de Interactos\" \/>\n<meta name=\"robots\" content=\"index, follow, max-snippet:-1, max-image-preview:large, max-video-preview:-1\" \/>\n<link rel=\"canonical\" href=\"https:\/\/www.uartes.edu.ec\/sitio\/en\/blog\/2017\/10\/11\/la-uartes-fomenta-el-dialogo-con-universidades-del-ecuador-a-traves-de-interactos\/\" \/>\n<meta property=\"og:locale\" content=\"en_US\" \/>\n<meta property=\"og:type\" content=\"article\" \/>\n<meta property=\"og:title\" content=\"Universidad de las Artes - La UArtes fomenta el di\u00e1logo con universidades del Ecuador a trav\u00e9s de Interactos\" \/>\n<meta property=\"og:description\" content=\"Universidad de las Artes - La UArtes fomenta el di\u00e1logo con universidades del Ecuador a trav\u00e9s de Interactos\" \/>\n<meta property=\"og:url\" content=\"https:\/\/www.uartes.edu.ec\/sitio\/en\/blog\/2017\/10\/11\/la-uartes-fomenta-el-dialogo-con-universidades-del-ecuador-a-traves-de-interactos\/\" \/>\n<meta property=\"og:site_name\" content=\"Universidad de las Artes\" \/>\n<meta property=\"article:publisher\" content=\"https:\/\/www.facebook.com\/uartesec\" \/>\n<meta property=\"article:published_time\" content=\"2017-10-11T18:05:30+00:00\" \/>\n<meta property=\"article:modified_time\" content=\"2024-07-04T16:54:09+00:00\" \/>\n<meta name=\"author\" content=\"Universidad de las Artes\" \/>\n<meta name=\"twitter:card\" content=\"summary_large_image\" \/>\n<meta name=\"twitter:creator\" content=\"@uartesec\" \/>\n<meta name=\"twitter:site\" content=\"@uartesec\" \/>\n<meta name=\"twitter:label1\" content=\"Written by\" \/>\n\t<meta name=\"twitter:data1\" content=\"Universidad de las Artes\" \/>\n\t<meta name=\"twitter:label2\" content=\"Est. reading time\" \/>\n\t<meta name=\"twitter:data2\" content=\"3 minutes\" \/>\n<script type=\"application\/ld+json\" class=\"yoast-schema-graph\">{\"@context\":\"https:\\\/\\\/schema.org\",\"@graph\":[{\"@type\":\"Article\",\"@id\":\"https:\\\/\\\/www.uartes.edu.ec\\\/sitio\\\/en\\\/blog\\\/2017\\\/10\\\/11\\\/la-uartes-fomenta-el-dialogo-con-universidades-del-ecuador-a-traves-de-interactos\\\/#article\",\"isPartOf\":{\"@id\":\"https:\\\/\\\/www.uartes.edu.ec\\\/sitio\\\/en\\\/blog\\\/2017\\\/10\\\/11\\\/la-uartes-fomenta-el-dialogo-con-universidades-del-ecuador-a-traves-de-interactos\\\/\"},\"author\":{\"name\":\"Universidad de las Artes\",\"@id\":\"https:\\\/\\\/www.uartes.edu.ec\\\/sitio\\\/en\\\/#\\\/schema\\\/person\\\/f33f8c1d2af0d5c80a38c8abf458184a\"},\"headline\":\"La UArtes fomenta el di\u00e1logo con universidades del Ecuador a trav\u00e9s de Interactos\",\"datePublished\":\"2017-10-11T18:05:30+00:00\",\"dateModified\":\"2024-07-04T16:54:09+00:00\",\"mainEntityOfPage\":{\"@id\":\"https:\\\/\\\/www.uartes.edu.ec\\\/sitio\\\/en\\\/blog\\\/2017\\\/10\\\/11\\\/la-uartes-fomenta-el-dialogo-con-universidades-del-ecuador-a-traves-de-interactos\\\/\"},\"wordCount\":550,\"publisher\":{\"@id\":\"https:\\\/\\\/www.uartes.edu.ec\\\/sitio\\\/en\\\/#organization\"},\"image\":{\"@id\":\"https:\\\/\\\/www.uartes.edu.ec\\\/sitio\\\/en\\\/blog\\\/2017\\\/10\\\/11\\\/la-uartes-fomenta-el-dialogo-con-universidades-del-ecuador-a-traves-de-interactos\\\/#primaryimage\"},\"thumbnailUrl\":\"\",\"keywords\":[\"interactos\"],\"articleSection\":[\"Artes\"],\"inLanguage\":\"en-US\"},{\"@type\":[\"WebPage\",\"ItemPage\"],\"@id\":\"https:\\\/\\\/www.uartes.edu.ec\\\/sitio\\\/en\\\/blog\\\/2017\\\/10\\\/11\\\/la-uartes-fomenta-el-dialogo-con-universidades-del-ecuador-a-traves-de-interactos\\\/\",\"url\":\"https:\\\/\\\/www.uartes.edu.ec\\\/sitio\\\/en\\\/blog\\\/2017\\\/10\\\/11\\\/la-uartes-fomenta-el-dialogo-con-universidades-del-ecuador-a-traves-de-interactos\\\/\",\"name\":\"Universidad de las Artes - La UArtes fomenta el di\u00e1logo con universidades del Ecuador a trav\u00e9s de Interactos\",\"isPartOf\":{\"@id\":\"https:\\\/\\\/www.uartes.edu.ec\\\/sitio\\\/en\\\/#website\"},\"primaryImageOfPage\":{\"@id\":\"https:\\\/\\\/www.uartes.edu.ec\\\/sitio\\\/en\\\/blog\\\/2017\\\/10\\\/11\\\/la-uartes-fomenta-el-dialogo-con-universidades-del-ecuador-a-traves-de-interactos\\\/#primaryimage\"},\"image\":{\"@id\":\"https:\\\/\\\/www.uartes.edu.ec\\\/sitio\\\/en\\\/blog\\\/2017\\\/10\\\/11\\\/la-uartes-fomenta-el-dialogo-con-universidades-del-ecuador-a-traves-de-interactos\\\/#primaryimage\"},\"thumbnailUrl\":\"\",\"datePublished\":\"2017-10-11T18:05:30+00:00\",\"dateModified\":\"2024-07-04T16:54:09+00:00\",\"description\":\"Universidad de las Artes - La UArtes fomenta el di\u00e1logo con universidades del Ecuador a trav\u00e9s de Interactos\",\"breadcrumb\":{\"@id\":\"https:\\\/\\\/www.uartes.edu.ec\\\/sitio\\\/en\\\/blog\\\/2017\\\/10\\\/11\\\/la-uartes-fomenta-el-dialogo-con-universidades-del-ecuador-a-traves-de-interactos\\\/#breadcrumb\"},\"inLanguage\":\"en-US\",\"potentialAction\":[{\"@type\":\"ReadAction\",\"target\":[\"https:\\\/\\\/www.uartes.edu.ec\\\/sitio\\\/en\\\/blog\\\/2017\\\/10\\\/11\\\/la-uartes-fomenta-el-dialogo-con-universidades-del-ecuador-a-traves-de-interactos\\\/\"]}]},{\"@type\":\"ImageObject\",\"inLanguage\":\"en-US\",\"@id\":\"https:\\\/\\\/www.uartes.edu.ec\\\/sitio\\\/en\\\/blog\\\/2017\\\/10\\\/11\\\/la-uartes-fomenta-el-dialogo-con-universidades-del-ecuador-a-traves-de-interactos\\\/#primaryimage\",\"url\":\"\",\"contentUrl\":\"\"},{\"@type\":\"BreadcrumbList\",\"@id\":\"https:\\\/\\\/www.uartes.edu.ec\\\/sitio\\\/en\\\/blog\\\/2017\\\/10\\\/11\\\/la-uartes-fomenta-el-dialogo-con-universidades-del-ecuador-a-traves-de-interactos\\\/#breadcrumb\",\"itemListElement\":[{\"@type\":\"ListItem\",\"position\":1,\"name\":\"Inicio\",\"item\":\"https:\\\/\\\/www.uartes.edu.ec\\\/sitio\\\/\"},{\"@type\":\"ListItem\",\"position\":2,\"name\":\"La UArtes fomenta el di\u00e1logo con universidades del Ecuador a trav\u00e9s de Interactos\"}]},{\"@type\":\"WebSite\",\"@id\":\"https:\\\/\\\/www.uartes.edu.ec\\\/sitio\\\/en\\\/#website\",\"url\":\"https:\\\/\\\/www.uartes.edu.ec\\\/sitio\\\/en\\\/\",\"name\":\"Universidad de las Artes\",\"description\":\"Sitio oficial de la Universidad Nacional de las Artes del Ecuador\",\"publisher\":{\"@id\":\"https:\\\/\\\/www.uartes.edu.ec\\\/sitio\\\/en\\\/#organization\"},\"potentialAction\":[{\"@type\":\"SearchAction\",\"target\":{\"@type\":\"EntryPoint\",\"urlTemplate\":\"https:\\\/\\\/www.uartes.edu.ec\\\/sitio\\\/en\\\/?s={search_term_string}\"},\"query-input\":{\"@type\":\"PropertyValueSpecification\",\"valueRequired\":true,\"valueName\":\"search_term_string\"}}],\"inLanguage\":\"en-US\"},{\"@type\":\"Organization\",\"@id\":\"https:\\\/\\\/www.uartes.edu.ec\\\/sitio\\\/en\\\/#organization\",\"name\":\"Universidad de las Artes\",\"url\":\"https:\\\/\\\/www.uartes.edu.ec\\\/sitio\\\/en\\\/\",\"logo\":{\"@type\":\"ImageObject\",\"inLanguage\":\"en-US\",\"@id\":\"https:\\\/\\\/www.uartes.edu.ec\\\/sitio\\\/en\\\/#\\\/schema\\\/logo\\\/image\\\/\",\"url\":\"https:\\\/\\\/www.uartes.edu.ec\\\/sitio\\\/wp-content\\\/uploads\\\/2022\\\/07\\\/logo-ua-horizontal.png\",\"contentUrl\":\"https:\\\/\\\/www.uartes.edu.ec\\\/sitio\\\/wp-content\\\/uploads\\\/2022\\\/07\\\/logo-ua-horizontal.png\",\"width\":800,\"height\":276,\"caption\":\"Universidad de las Artes\"},\"image\":{\"@id\":\"https:\\\/\\\/www.uartes.edu.ec\\\/sitio\\\/en\\\/#\\\/schema\\\/logo\\\/image\\\/\"},\"sameAs\":[\"https:\\\/\\\/www.facebook.com\\\/uartesec\",\"https:\\\/\\\/x.com\\\/uartesec\",\"https:\\\/\\\/www.tiktok.com\\\/@uartesec\"]},{\"@type\":\"Person\",\"@id\":\"https:\\\/\\\/www.uartes.edu.ec\\\/sitio\\\/en\\\/#\\\/schema\\\/person\\\/f33f8c1d2af0d5c80a38c8abf458184a\",\"name\":\"Universidad de las Artes\",\"image\":{\"@type\":\"ImageObject\",\"inLanguage\":\"en-US\",\"@id\":\"https:\\\/\\\/secure.gravatar.com\\\/avatar\\\/52e4757902f5cfa5ac52d020e5be83cae5487519154b6c35482fe08d589f3c13?s=96&d=mm&r=g\",\"url\":\"https:\\\/\\\/secure.gravatar.com\\\/avatar\\\/52e4757902f5cfa5ac52d020e5be83cae5487519154b6c35482fe08d589f3c13?s=96&d=mm&r=g\",\"contentUrl\":\"https:\\\/\\\/secure.gravatar.com\\\/avatar\\\/52e4757902f5cfa5ac52d020e5be83cae5487519154b6c35482fe08d589f3c13?s=96&d=mm&r=g\",\"caption\":\"Universidad de las Artes\"},\"url\":\"https:\\\/\\\/www.uartes.edu.ec\\\/sitio\\\/en\\\/blog\\\/author\\\/dircomadm\\\/\"}]}<\/script>\n<!-- \/ Yoast SEO plugin. -->","yoast_head_json":{"title":"Universidad de las Artes - La UArtes fomenta el di\u00e1logo con universidades del Ecuador a trav\u00e9s de Interactos","description":"Universidad de las Artes - La UArtes fomenta el di\u00e1logo con universidades del Ecuador a trav\u00e9s de Interactos","robots":{"index":"index","follow":"follow","max-snippet":"max-snippet:-1","max-image-preview":"max-image-preview:large","max-video-preview":"max-video-preview:-1"},"canonical":"https:\/\/www.uartes.edu.ec\/sitio\/en\/blog\/2017\/10\/11\/la-uartes-fomenta-el-dialogo-con-universidades-del-ecuador-a-traves-de-interactos\/","og_locale":"en_US","og_type":"article","og_title":"Universidad de las Artes - La UArtes fomenta el di\u00e1logo con universidades del Ecuador a trav\u00e9s de Interactos","og_description":"Universidad de las Artes - La UArtes fomenta el di\u00e1logo con universidades del Ecuador a trav\u00e9s de Interactos","og_url":"https:\/\/www.uartes.edu.ec\/sitio\/en\/blog\/2017\/10\/11\/la-uartes-fomenta-el-dialogo-con-universidades-del-ecuador-a-traves-de-interactos\/","og_site_name":"Universidad de las Artes","article_publisher":"https:\/\/www.facebook.com\/uartesec","article_published_time":"2017-10-11T18:05:30+00:00","article_modified_time":"2024-07-04T16:54:09+00:00","author":"Universidad de las Artes","twitter_card":"summary_large_image","twitter_creator":"@uartesec","twitter_site":"@uartesec","twitter_misc":{"Written by":"Universidad de las Artes","Est. reading time":"3 minutes"},"schema":{"@context":"https:\/\/schema.org","@graph":[{"@type":"Article","@id":"https:\/\/www.uartes.edu.ec\/sitio\/en\/blog\/2017\/10\/11\/la-uartes-fomenta-el-dialogo-con-universidades-del-ecuador-a-traves-de-interactos\/#article","isPartOf":{"@id":"https:\/\/www.uartes.edu.ec\/sitio\/en\/blog\/2017\/10\/11\/la-uartes-fomenta-el-dialogo-con-universidades-del-ecuador-a-traves-de-interactos\/"},"author":{"name":"Universidad de las Artes","@id":"https:\/\/www.uartes.edu.ec\/sitio\/en\/#\/schema\/person\/f33f8c1d2af0d5c80a38c8abf458184a"},"headline":"La UArtes fomenta el di\u00e1logo con universidades del Ecuador a trav\u00e9s de Interactos","datePublished":"2017-10-11T18:05:30+00:00","dateModified":"2024-07-04T16:54:09+00:00","mainEntityOfPage":{"@id":"https:\/\/www.uartes.edu.ec\/sitio\/en\/blog\/2017\/10\/11\/la-uartes-fomenta-el-dialogo-con-universidades-del-ecuador-a-traves-de-interactos\/"},"wordCount":550,"publisher":{"@id":"https:\/\/www.uartes.edu.ec\/sitio\/en\/#organization"},"image":{"@id":"https:\/\/www.uartes.edu.ec\/sitio\/en\/blog\/2017\/10\/11\/la-uartes-fomenta-el-dialogo-con-universidades-del-ecuador-a-traves-de-interactos\/#primaryimage"},"thumbnailUrl":"","keywords":["interactos"],"articleSection":["Artes"],"inLanguage":"en-US"},{"@type":["WebPage","ItemPage"],"@id":"https:\/\/www.uartes.edu.ec\/sitio\/en\/blog\/2017\/10\/11\/la-uartes-fomenta-el-dialogo-con-universidades-del-ecuador-a-traves-de-interactos\/","url":"https:\/\/www.uartes.edu.ec\/sitio\/en\/blog\/2017\/10\/11\/la-uartes-fomenta-el-dialogo-con-universidades-del-ecuador-a-traves-de-interactos\/","name":"Universidad de las Artes - La UArtes fomenta el di\u00e1logo con universidades del Ecuador a trav\u00e9s de Interactos","isPartOf":{"@id":"https:\/\/www.uartes.edu.ec\/sitio\/en\/#website"},"primaryImageOfPage":{"@id":"https:\/\/www.uartes.edu.ec\/sitio\/en\/blog\/2017\/10\/11\/la-uartes-fomenta-el-dialogo-con-universidades-del-ecuador-a-traves-de-interactos\/#primaryimage"},"image":{"@id":"https:\/\/www.uartes.edu.ec\/sitio\/en\/blog\/2017\/10\/11\/la-uartes-fomenta-el-dialogo-con-universidades-del-ecuador-a-traves-de-interactos\/#primaryimage"},"thumbnailUrl":"","datePublished":"2017-10-11T18:05:30+00:00","dateModified":"2024-07-04T16:54:09+00:00","description":"Universidad de las Artes - La UArtes fomenta el di\u00e1logo con universidades del Ecuador a trav\u00e9s de Interactos","breadcrumb":{"@id":"https:\/\/www.uartes.edu.ec\/sitio\/en\/blog\/2017\/10\/11\/la-uartes-fomenta-el-dialogo-con-universidades-del-ecuador-a-traves-de-interactos\/#breadcrumb"},"inLanguage":"en-US","potentialAction":[{"@type":"ReadAction","target":["https:\/\/www.uartes.edu.ec\/sitio\/en\/blog\/2017\/10\/11\/la-uartes-fomenta-el-dialogo-con-universidades-del-ecuador-a-traves-de-interactos\/"]}]},{"@type":"ImageObject","inLanguage":"en-US","@id":"https:\/\/www.uartes.edu.ec\/sitio\/en\/blog\/2017\/10\/11\/la-uartes-fomenta-el-dialogo-con-universidades-del-ecuador-a-traves-de-interactos\/#primaryimage","url":"","contentUrl":""},{"@type":"BreadcrumbList","@id":"https:\/\/www.uartes.edu.ec\/sitio\/en\/blog\/2017\/10\/11\/la-uartes-fomenta-el-dialogo-con-universidades-del-ecuador-a-traves-de-interactos\/#breadcrumb","itemListElement":[{"@type":"ListItem","position":1,"name":"Inicio","item":"https:\/\/www.uartes.edu.ec\/sitio\/"},{"@type":"ListItem","position":2,"name":"La UArtes fomenta el di\u00e1logo con universidades del Ecuador a trav\u00e9s de Interactos"}]},{"@type":"WebSite","@id":"https:\/\/www.uartes.edu.ec\/sitio\/en\/#website","url":"https:\/\/www.uartes.edu.ec\/sitio\/en\/","name":"Universidad de las Artes","description":"Sitio oficial de la Universidad Nacional de las Artes del Ecuador","publisher":{"@id":"https:\/\/www.uartes.edu.ec\/sitio\/en\/#organization"},"potentialAction":[{"@type":"SearchAction","target":{"@type":"EntryPoint","urlTemplate":"https:\/\/www.uartes.edu.ec\/sitio\/en\/?s={search_term_string}"},"query-input":{"@type":"PropertyValueSpecification","valueRequired":true,"valueName":"search_term_string"}}],"inLanguage":"en-US"},{"@type":"Organization","@id":"https:\/\/www.uartes.edu.ec\/sitio\/en\/#organization","name":"Universidad de las Artes","url":"https:\/\/www.uartes.edu.ec\/sitio\/en\/","logo":{"@type":"ImageObject","inLanguage":"en-US","@id":"https:\/\/www.uartes.edu.ec\/sitio\/en\/#\/schema\/logo\/image\/","url":"https:\/\/www.uartes.edu.ec\/sitio\/wp-content\/uploads\/2022\/07\/logo-ua-horizontal.png","contentUrl":"https:\/\/www.uartes.edu.ec\/sitio\/wp-content\/uploads\/2022\/07\/logo-ua-horizontal.png","width":800,"height":276,"caption":"Universidad de las Artes"},"image":{"@id":"https:\/\/www.uartes.edu.ec\/sitio\/en\/#\/schema\/logo\/image\/"},"sameAs":["https:\/\/www.facebook.com\/uartesec","https:\/\/x.com\/uartesec","https:\/\/www.tiktok.com\/@uartesec"]},{"@type":"Person","@id":"https:\/\/www.uartes.edu.ec\/sitio\/en\/#\/schema\/person\/f33f8c1d2af0d5c80a38c8abf458184a","name":"Universidad de las Artes","image":{"@type":"ImageObject","inLanguage":"en-US","@id":"https:\/\/secure.gravatar.com\/avatar\/52e4757902f5cfa5ac52d020e5be83cae5487519154b6c35482fe08d589f3c13?s=96&d=mm&r=g","url":"https:\/\/secure.gravatar.com\/avatar\/52e4757902f5cfa5ac52d020e5be83cae5487519154b6c35482fe08d589f3c13?s=96&d=mm&r=g","contentUrl":"https:\/\/secure.gravatar.com\/avatar\/52e4757902f5cfa5ac52d020e5be83cae5487519154b6c35482fe08d589f3c13?s=96&d=mm&r=g","caption":"Universidad de las Artes"},"url":"https:\/\/www.uartes.edu.ec\/sitio\/en\/blog\/author\/dircomadm\/"}]}},"uagb_featured_image_src":{"full":false,"thumbnail":false,"medium":false,"medium_large":false,"large":false,"1536x1536":false,"2048x2048":false,"trp-custom-language-flag":false,"htmega_size_585x295":false,"htmega_size_1170x536":false,"htmega_size_396x360":false,"gb-block-post-grid-landscape":false,"gb-block-post-grid-square":false,"university-hub-thumb":false,"mailpoet_newsletter_max":false},"uagb_author_info":{"display_name":"Universidad de las Artes","author_link":"https:\/\/www.uartes.edu.ec\/sitio\/en\/blog\/author\/dircomadm\/"},"uagb_comment_info":0,"uagb_excerpt":"Cuatro universidades del Ecuador se unen a los Encuentros P\u00fablicos de Artes, Interactos, que organiza la UArtes al sur de Guayaquil. La colaboraci\u00f3n con las universidades es el resultado de un proceso de di\u00e1logo que viene manteniendo la Universidad de las Artes de manera sostenida con las Instituciones de Educaci\u00f3n Superior (IES) p\u00fablicas y privadas&hellip;","featured_image_src":null,"featured_image_src_square":null,"author_info":{"display_name":"Universidad de las Artes","author_link":"https:\/\/www.uartes.edu.ec\/sitio\/en\/blog\/author\/dircomadm\/"},"publishpress_future_workflow_manual_trigger":{"enabledWorkflows":[]},"distributor_meta":false,"distributor_terms":false,"distributor_media":false,"distributor_original_site_name":"Universidad de las Artes","distributor_original_site_url":"https:\/\/www.uartes.edu.ec\/sitio\/en","push-errors":false,"_links":{"self":[{"href":"https:\/\/www.uartes.edu.ec\/sitio\/en\/wp-json\/wp\/v2\/posts\/865","targetHints":{"allow":["GET"]}}],"collection":[{"href":"https:\/\/www.uartes.edu.ec\/sitio\/en\/wp-json\/wp\/v2\/posts"}],"about":[{"href":"https:\/\/www.uartes.edu.ec\/sitio\/en\/wp-json\/wp\/v2\/types\/post"}],"author":[{"embeddable":true,"href":"https:\/\/www.uartes.edu.ec\/sitio\/en\/wp-json\/wp\/v2\/users\/1"}],"replies":[{"embeddable":true,"href":"https:\/\/www.uartes.edu.ec\/sitio\/en\/wp-json\/wp\/v2\/comments?post=865"}],"version-history":[{"count":1,"href":"https:\/\/www.uartes.edu.ec\/sitio\/en\/wp-json\/wp\/v2\/posts\/865\/revisions"}],"predecessor-version":[{"id":57959,"href":"https:\/\/www.uartes.edu.ec\/sitio\/en\/wp-json\/wp\/v2\/posts\/865\/revisions\/57959"}],"wp:featuredmedia":[{"embeddable":true,"href":"https:\/\/www.uartes.edu.ec\/sitio\/en\/wp-json\/"}],"wp:attachment":[{"href":"https:\/\/www.uartes.edu.ec\/sitio\/en\/wp-json\/wp\/v2\/media?parent=865"}],"wp:term":[{"taxonomy":"category","embeddable":true,"href":"https:\/\/www.uartes.edu.ec\/sitio\/en\/wp-json\/wp\/v2\/categories?post=865"},{"taxonomy":"post_tag","embeddable":true,"href":"https:\/\/www.uartes.edu.ec\/sitio\/en\/wp-json\/wp\/v2\/tags?post=865"},{"taxonomy":"infouartes","embeddable":true,"href":"https:\/\/www.uartes.edu.ec\/sitio\/en\/wp-json\/wp\/v2\/infouartes?post=865"}],"curies":[{"name":"wp","href":"https:\/\/api.w.org\/{rel}","templated":true}]}}