{"id":87597,"date":"2026-02-26T19:11:00","date_gmt":"2026-02-27T00:11:00","guid":{"rendered":"https:\/\/www.uartes.edu.ec\/sitio\/?p=87597"},"modified":"2026-03-24T11:41:28","modified_gmt":"2026-03-24T16:41:28","slug":"investigacion-y-creacion-artistica-claves-en-muestras-de-titulacion-de-noe-villena-rocio-elay-y-michael-santana","status":"publish","type":"post","link":"https:\/\/www.uartes.edu.ec\/sitio\/en\/blog\/2026\/02\/26\/investigacion-y-creacion-artistica-claves-en-muestras-de-titulacion-de-noe-villena-rocio-elay-y-michael-santana\/","title":{"rendered":"Investigaci\u00f3n y creaci\u00f3n art\u00edstica, claves en muestras de titulaci\u00f3n de Noe Villena, Roc\u00edo Elvay y Michael Santana, de Danza"},"content":{"rendered":"<p>La estudiante Noe Villena present\u00f3 como muestra de titulaci\u00f3n la obra \u201cSusurros: cartas a una casa\u201d, la cual estren\u00f3 el pasado 12 de febrero y program\u00f3 cuatro funciones posteriores. Tambi\u00e9n de la Escuela de Artes Esc\u00e9nicas, sus compa\u00f1eros de la carrera de Danza Roc\u00edo Elvay y Michael Santana, propusieron como trabajos finales de grado \u2013respectivamente\u2013 las piezas \u201cTechie, \u00bfqui\u00e9n domina a qui\u00e9n?\u201d, el 25 de febrero, y \u201c\u00d1awpa: Ya estamos llegando a como era antes\u201d, este 27.<\/p>\n\n\n\n<p>InfoUArtes se hace eco de estas propuestas esc\u00e9nicas con las que los estudiantes mencionados cierran junto a otros tres de la misma carrera y nueve de Creaci\u00f3n Teatral su preparaci\u00f3n acad\u00e9mica en la Universidad de las Artes, encamin\u00e1ndose a obtener sus respectivas licenciaturas. Noe Villena ya realiz\u00f3 incluso la defensa de su proyecto de tesis, lo cual Santana har\u00e1 este 2 de marzo y Elvay el 4. A continuaci\u00f3n extractos de los contenidos de las obras presentadas y por presentarse.<\/p>\n\n\n\n<h3 class=\"wp-block-heading\">\u201cSusurros: cartas a una casa\u201d<\/h3>\n\n\n\n<p>En cada anuncio publicado en su cuenta de la red social de Instagram, Noe Villena (@noevillena.gilbert) dej\u00f3 entrever en un mensaje el contenido de \u201cSusurros: cartas a una casa\u201d: \u201cAgrietada le traspasan los destellos de luz mientras susurra con el crujir del viento. Me desvanezco en ella, me torno calima, suspendida, caigo, me torno calima. Entre la grieta me suspendo, me vuelvo polvo, me susurra el viento\u201d.<\/p>\n\n\n<div class=\"wp-block-image\">\n<figure class=\"aligncenter size-large\"><img fetchpriority=\"high\" decoding=\"async\" width=\"644\" height=\"429\" src=\"https:\/\/www.uartes.edu.ec\/sitio\/wp-content\/uploads\/2026\/03\/Proyecto-Cambiar-tamano-de-imagen-2026-03-11T192208.935-644x429.jpeg\" alt=\"\" class=\"wp-image-87598\" srcset=\"https:\/\/www.uartes.edu.ec\/sitio\/wp-content\/uploads\/2026\/03\/Proyecto-Cambiar-tamano-de-imagen-2026-03-11T192208.935-644x429.jpeg 644w, https:\/\/www.uartes.edu.ec\/sitio\/wp-content\/uploads\/2026\/03\/Proyecto-Cambiar-tamano-de-imagen-2026-03-11T192208.935-300x200.jpeg 300w, https:\/\/www.uartes.edu.ec\/sitio\/wp-content\/uploads\/2026\/03\/Proyecto-Cambiar-tamano-de-imagen-2026-03-11T192208.935-768x512.jpeg 768w, https:\/\/www.uartes.edu.ec\/sitio\/wp-content\/uploads\/2026\/03\/Proyecto-Cambiar-tamano-de-imagen-2026-03-11T192208.935-1536x1024.jpeg 1536w, https:\/\/www.uartes.edu.ec\/sitio\/wp-content\/uploads\/2026\/03\/Proyecto-Cambiar-tamano-de-imagen-2026-03-11T192208.935-18x12.jpeg 18w, https:\/\/www.uartes.edu.ec\/sitio\/wp-content\/uploads\/2026\/03\/Proyecto-Cambiar-tamano-de-imagen-2026-03-11T192208.935-600x400.jpeg 600w, https:\/\/www.uartes.edu.ec\/sitio\/wp-content\/uploads\/2026\/03\/Proyecto-Cambiar-tamano-de-imagen-2026-03-11T192208.935-400x267.jpeg 400w, https:\/\/www.uartes.edu.ec\/sitio\/wp-content\/uploads\/2026\/03\/Proyecto-Cambiar-tamano-de-imagen-2026-03-11T192208.935.jpeg 2000w\" sizes=\"(max-width: 644px) 100vw, 644px\" \/><\/figure>\n<\/div>\n\n\n<p>De su obra, Noe Villena ha se\u00f1alado que es el resultado de un proceso de investigaci\u00f3n y creaci\u00f3n esc\u00e9nica&nbsp;que surgi\u00f3 de la urgencia&nbsp;de entender c\u00f3mo la recuperaci\u00f3n&nbsp;de distintos tipos de archivos,&nbsp;como las fotograf\u00edas y las cartas,&nbsp;se ponen en relaci\u00f3n con el espacio de activaci\u00f3n esc\u00e9nica.&nbsp;<\/p>\n\n\n\n<p>\u201cPara este proceso hemos estado habitando&nbsp;Casa Villena, que es una edificaci\u00f3n antigua&nbsp;ubicada en el centro de Guayaquil,&nbsp;donde a trav\u00e9s de un proceso&nbsp;de laboratorio esc\u00e9nico hemos indagado&nbsp;en las distintas formas de relaci\u00f3n&nbsp;entre el espacio y las fotograf\u00edas&nbsp;para la construcci\u00f3n de una narrativa\u201d, dijo la alumna, quien tuvo como tutor de su proyecto de tesis al docente Luis Miguel Cajiao.<\/p>\n\n\n\n<p>Tras el estreno de la obra de titulaci\u00f3n, el pasado 19 de febrero, Noe Villena la remont\u00f3 los d\u00edas 20 y 21, y lo har\u00e1 este viernes 27 y s\u00e1bado 28, a las19:00 en Casa Villena (Aguirre 808 y Garc\u00eda Avil\u00e9s). La estudiante corri\u00f3 a cargo de la direcci\u00f3n e intervienen como actantes G\u00e9nesis Fonseca y Allison Peralta. En la creaci\u00f3n sonora, Michael Rojas y David Rojas; en la mezcla y producci\u00f3n, Ariel Orbe; en la creaci\u00f3n, Abel Berm\u00fadez; y en la fotograf\u00eda, Gabriel Mieles.<\/p>\n\n\n<div class=\"wp-block-image\">\n<figure class=\"aligncenter size-large\"><img decoding=\"async\" width=\"644\" height=\"429\" src=\"https:\/\/www.uartes.edu.ec\/sitio\/wp-content\/uploads\/2026\/03\/Proyecto-Cambiar-tamano-de-imagen-2026-03-11T192819.577-644x429.jpeg\" alt=\"\" class=\"wp-image-87599\" srcset=\"https:\/\/www.uartes.edu.ec\/sitio\/wp-content\/uploads\/2026\/03\/Proyecto-Cambiar-tamano-de-imagen-2026-03-11T192819.577-644x429.jpeg 644w, https:\/\/www.uartes.edu.ec\/sitio\/wp-content\/uploads\/2026\/03\/Proyecto-Cambiar-tamano-de-imagen-2026-03-11T192819.577-300x200.jpeg 300w, https:\/\/www.uartes.edu.ec\/sitio\/wp-content\/uploads\/2026\/03\/Proyecto-Cambiar-tamano-de-imagen-2026-03-11T192819.577-768x512.jpeg 768w, https:\/\/www.uartes.edu.ec\/sitio\/wp-content\/uploads\/2026\/03\/Proyecto-Cambiar-tamano-de-imagen-2026-03-11T192819.577-1536x1024.jpeg 1536w, https:\/\/www.uartes.edu.ec\/sitio\/wp-content\/uploads\/2026\/03\/Proyecto-Cambiar-tamano-de-imagen-2026-03-11T192819.577-18x12.jpeg 18w, https:\/\/www.uartes.edu.ec\/sitio\/wp-content\/uploads\/2026\/03\/Proyecto-Cambiar-tamano-de-imagen-2026-03-11T192819.577-600x400.jpeg 600w, https:\/\/www.uartes.edu.ec\/sitio\/wp-content\/uploads\/2026\/03\/Proyecto-Cambiar-tamano-de-imagen-2026-03-11T192819.577-400x267.jpeg 400w, https:\/\/www.uartes.edu.ec\/sitio\/wp-content\/uploads\/2026\/03\/Proyecto-Cambiar-tamano-de-imagen-2026-03-11T192819.577.jpeg 2000w\" sizes=\"(max-width: 644px) 100vw, 644px\" \/><\/figure>\n<\/div>\n\n\n<h3 class=\"wp-block-heading\">\u201cTechie, \u00bfqui\u00e9n domina a qui\u00e9n?\u201d<\/h3>\n\n\n\n<p>De su muestra de titulaci\u00f3n, \u201cTechie, \u00bfqui\u00e9n domina a qui\u00e9n?\u201d, Roc\u00edo Elvay es su directora y core\u00f3grafa, y la plante\u00f3 como una exploraci\u00f3n de la relaci\u00f3n entre el cuerpo y la tecnolog\u00eda desde el conflicto interno de un ser atrapado en un bucle digital. As\u00ed, la pieza combina mediante la danza, el teatro f\u00edsico y el videomapping la iron\u00eda, los gestos cotidianos y los desdoblamientos visuales para construir un espacio h\u00edbrido donde el cuerpo se transforma y cuestiona su propia presencia en un mundo tecnol\u00f3gico.<\/p>\n\n\n\n<p>La presentaci\u00f3n tuvo lugar en el Teatro Casa Zona Escena e intervino como int\u00e9rprete-creadora Arlette Barreras, quien tambi\u00e9n trabaj\u00f3 en el vestuario junto a Roc\u00edo Elvay. Particip\u00f3 como artista visual digital Kevin Noguera; en la producci\u00f3n musical estuvo Neyser Mart\u00ednez; en el dise\u00f1o lum\u00ednico, Mario Correa; y en la fotograf\u00eda, Kevin Noguera. <\/p>\n\n\n\n<p>El tutor de tesis de la directora y core\u00f3grafa de \u201cTechie, \u00bfqui\u00e9n domina a qui\u00e9n?\u201d fue el docente Oscar Santana. <\/p>\n\n\n\n<h3 class=\"wp-block-heading\">\u201c\u00d1awpa: Ya estamos llegando a como era antes\u201d<\/h3>\n\n\n\n<p>Prevista para ma\u00f1ana, viernes 27 de febrero, est\u00e1 \u201c\u00d1awpa: Ya estamos llegando a como era antes\u201d, la propuesta con la que Michael Santana ahonda en la relaci\u00f3n profunda con el tiempo y el espacio, como un territorio en el que estamos presentes y donde la temporalidad deja de ser una medida de productividad para transformarse en una forma de habitar lo vivo. <\/p>\n\n\n<div class=\"wp-block-image\">\n<figure class=\"aligncenter size-large\"><img decoding=\"async\" width=\"644\" height=\"429\" src=\"https:\/\/www.uartes.edu.ec\/sitio\/wp-content\/uploads\/2026\/03\/Proyecto-Cambiar-tamano-de-imagen-2026-03-12T113646.622-644x429.jpeg\" alt=\"\" class=\"wp-image-87601\" srcset=\"https:\/\/www.uartes.edu.ec\/sitio\/wp-content\/uploads\/2026\/03\/Proyecto-Cambiar-tamano-de-imagen-2026-03-12T113646.622-644x429.jpeg 644w, https:\/\/www.uartes.edu.ec\/sitio\/wp-content\/uploads\/2026\/03\/Proyecto-Cambiar-tamano-de-imagen-2026-03-12T113646.622-300x200.jpeg 300w, https:\/\/www.uartes.edu.ec\/sitio\/wp-content\/uploads\/2026\/03\/Proyecto-Cambiar-tamano-de-imagen-2026-03-12T113646.622-768x512.jpeg 768w, https:\/\/www.uartes.edu.ec\/sitio\/wp-content\/uploads\/2026\/03\/Proyecto-Cambiar-tamano-de-imagen-2026-03-12T113646.622-1536x1024.jpeg 1536w, https:\/\/www.uartes.edu.ec\/sitio\/wp-content\/uploads\/2026\/03\/Proyecto-Cambiar-tamano-de-imagen-2026-03-12T113646.622-18x12.jpeg 18w, https:\/\/www.uartes.edu.ec\/sitio\/wp-content\/uploads\/2026\/03\/Proyecto-Cambiar-tamano-de-imagen-2026-03-12T113646.622-600x400.jpeg 600w, https:\/\/www.uartes.edu.ec\/sitio\/wp-content\/uploads\/2026\/03\/Proyecto-Cambiar-tamano-de-imagen-2026-03-12T113646.622-400x267.jpeg 400w, https:\/\/www.uartes.edu.ec\/sitio\/wp-content\/uploads\/2026\/03\/Proyecto-Cambiar-tamano-de-imagen-2026-03-12T113646.622.jpeg 2000w\" sizes=\"(max-width: 644px) 100vw, 644px\" \/><\/figure>\n<\/div>\n\n\n<p>De su muestra de titulaci\u00f3n, en la cuenta de la red social de Instagram de la carrera de Danza (@danza_uartes) el estudiante indica que, a trav\u00e9s de cuatro momentos: alienaci\u00f3n, despertar, transformaci\u00f3n y celebraci\u00f3n, \u201clos cuerpos ensayan t\u00e9cnicas de atenci\u00f3n y escucha, abriendo el contacto hacia lo no humano como parte esencial de este lugar. En este presente denso, la materia deja de ser recurso para reconocerse como entidad dotada de vida; presencias que nos acompa\u00f1an, nos afectan y cohabitan con nosotros. As\u00ed, lo antiguo deja de ser memoria lejana para volverse un cuerpo que se manifiesta aqu\u00ed mismo, reorganizando el movimiento y el encuentro colectivo\u201d.<\/p>\n\n\n\n<p>Agrega que llegar no es avanzar. Es habitar el umbral donde el cuerpo reconoce aquello que siempre estuvo ah\u00ed, esperando ser vivido otra vez: en la piel, en el sonido y en el contacto con lo m\u00e1s-que-humano.<\/p>\n\n\n\n<p>El escenario para la puesta en escena de \u201c\u00d1awpa: Ya estamos llegando a como era antes\u201d ser\u00e1 la Sala Patrimonial del MZ14 Centro de Producci\u00f3n e Innovaci\u00f3n UArtes. Para su trabajo final, Michael Santana cont\u00f3 con la tutor\u00eda y cotutor\u00eda de los docentes Carolina Pepper y Fredy Vallejos. Con el estudiante intervendr\u00e1n como int\u00e9rpretes creadores Eunice Sag\u00f1ay, Mateo Vilcaguano, Camilo Alcocer, Yustine Rodr\u00edguez, Andy Tabango y Linda Arce.<\/p>\n\n\n\n<p>Igualmente, integrando el staff est\u00e1n: a cargo del dise\u00f1o sonoro, Paulo Le\u00f3n; de la m\u00fasica, Alan Poma, Banda de Pe\u00f1aherrera y Andes Machine; del dise\u00f1o lum\u00ednico, Bryan Calder\u00f3n; y de la fotograf\u00eda, Mateo Vilcaguano.<\/p>\n\n\n\n<p>Texto: Carmen Cortez\/Dircom. Fotos: tomadas de cuentas de Instagram de la carrera de Danza.<\/p>\n\n\n\n<p><\/p>","protected":false},"excerpt":{"rendered":"<p>La estudiante Noe Villena present\u00f3 como muestra de titulaci\u00f3n la obra \u201cSusurros: cartas a una casa\u201d el pasado 12 de febrero y program\u00f3 cuatro funciones posteriores. Tambi\u00e9n de la carrera de Danza de Artes Esc\u00e9nicas, Roc\u00edo Elvay y Michael Santana mostraron sus trabajos de grado: \u201cTechie, \u00bfqui\u00e9n domina a qui\u00e9n?\u201d, ayer, mi\u00e9rcoles 25; y \u201c\u00d1awpa: Ya estamos llegando a como era antes\u201d, ma\u00f1ana, viernes 27, respectivamente. <\/p>","protected":false},"author":10,"featured_media":87611,"comment_status":"open","ping_status":"open","sticky":false,"template":"","format":"standard","meta":{"_acf_changed":false,"_uag_custom_page_level_css":"","_monsterinsights_skip_tracking":false,"_monsterinsights_sitenote_active":false,"_monsterinsights_sitenote_note":"","_monsterinsights_sitenote_category":0,"cybocfi_hide_featured_image":"","footnotes":""},"categories":[80,82,159,76],"tags":[200],"infouartes":[],"class_list":["post-87597","post","type-post","status-publish","format-standard","has-post-thumbnail","hentry","category-academico","category-artes","category-artes-escenicas","category-estudiantes","tag-titulacion"],"acf":[],"yoast_head":"<!-- This site is optimized with the Yoast SEO plugin v27.4 - https:\/\/yoast.com\/product\/yoast-seo-wordpress\/ -->\n<title>Universidad de las Artes - Investigaci\u00f3n y creaci\u00f3n art\u00edstica, claves en muestras de titulaci\u00f3n de Noe Villena, Roc\u00edo Elvay y Michael Santana, de Danza<\/title>\n<meta name=\"description\" content=\"Universidad de las Artes - Investigaci\u00f3n y creaci\u00f3n art\u00edstica, claves en muestras de titulaci\u00f3n de Noe Villena, Roc\u00edo Elvay y Michael Santana, de Danza\" \/>\n<meta name=\"robots\" content=\"index, follow, max-snippet:-1, max-image-preview:large, max-video-preview:-1\" \/>\n<link rel=\"canonical\" href=\"https:\/\/www.uartes.edu.ec\/sitio\/en\/blog\/2026\/02\/26\/investigacion-y-creacion-artistica-claves-en-muestras-de-titulacion-de-noe-villena-rocio-elay-y-michael-santana\/\" \/>\n<meta property=\"og:locale\" content=\"en_US\" \/>\n<meta property=\"og:type\" content=\"article\" \/>\n<meta property=\"og:title\" content=\"Universidad de las Artes - Investigaci\u00f3n y creaci\u00f3n art\u00edstica, claves en muestras de titulaci\u00f3n de Noe Villena, Roc\u00edo Elvay y Michael Santana, de Danza\" \/>\n<meta property=\"og:description\" content=\"Universidad de las Artes - Investigaci\u00f3n y creaci\u00f3n art\u00edstica, claves en muestras de titulaci\u00f3n de Noe Villena, Roc\u00edo Elvay y Michael Santana, de Danza\" \/>\n<meta property=\"og:url\" content=\"https:\/\/www.uartes.edu.ec\/sitio\/en\/blog\/2026\/02\/26\/investigacion-y-creacion-artistica-claves-en-muestras-de-titulacion-de-noe-villena-rocio-elay-y-michael-santana\/\" \/>\n<meta property=\"og:site_name\" content=\"Universidad de las Artes\" \/>\n<meta property=\"article:publisher\" content=\"https:\/\/www.facebook.com\/uartesec\" \/>\n<meta property=\"article:published_time\" content=\"2026-02-27T00:11:00+00:00\" \/>\n<meta property=\"article:modified_time\" content=\"2026-03-24T16:41:28+00:00\" \/>\n<meta property=\"og:image\" content=\"https:\/\/www.uartes.edu.ec\/sitio\/wp-content\/uploads\/2026\/02\/Proyecto-Cambiar-tamano-de-imagen-2026-03-12T113432.913.jpeg\" \/>\n\t<meta property=\"og:image:width\" content=\"2000\" \/>\n\t<meta property=\"og:image:height\" content=\"1333\" \/>\n\t<meta property=\"og:image:type\" content=\"image\/jpeg\" \/>\n<meta name=\"author\" content=\"ccortez\" \/>\n<meta name=\"twitter:card\" content=\"summary_large_image\" \/>\n<meta name=\"twitter:creator\" content=\"@uartesec\" \/>\n<meta name=\"twitter:site\" content=\"@uartesec\" \/>\n<meta name=\"twitter:label1\" content=\"Written by\" \/>\n\t<meta name=\"twitter:data1\" content=\"ccortez\" \/>\n\t<meta name=\"twitter:label2\" content=\"Est. reading time\" \/>\n\t<meta name=\"twitter:data2\" content=\"5 minutes\" \/>\n<script type=\"application\/ld+json\" class=\"yoast-schema-graph\">{\"@context\":\"https:\\\/\\\/schema.org\",\"@graph\":[{\"@type\":\"Article\",\"@id\":\"https:\\\/\\\/www.uartes.edu.ec\\\/sitio\\\/en\\\/blog\\\/2026\\\/02\\\/26\\\/investigacion-y-creacion-artistica-claves-en-muestras-de-titulacion-de-noe-villena-rocio-elay-y-michael-santana\\\/#article\",\"isPartOf\":{\"@id\":\"https:\\\/\\\/www.uartes.edu.ec\\\/sitio\\\/en\\\/blog\\\/2026\\\/02\\\/26\\\/investigacion-y-creacion-artistica-claves-en-muestras-de-titulacion-de-noe-villena-rocio-elay-y-michael-santana\\\/\"},\"author\":{\"name\":\"ccortez\",\"@id\":\"https:\\\/\\\/www.uartes.edu.ec\\\/sitio\\\/en\\\/#\\\/schema\\\/person\\\/efa1b8275797664fd7f13a79ccc0b1f4\"},\"headline\":\"Investigaci\u00f3n y creaci\u00f3n art\u00edstica, claves en muestras de titulaci\u00f3n de Noe Villena, Roc\u00edo Elvay y Michael Santana, de Danza\",\"datePublished\":\"2026-02-27T00:11:00+00:00\",\"dateModified\":\"2026-03-24T16:41:28+00:00\",\"mainEntityOfPage\":{\"@id\":\"https:\\\/\\\/www.uartes.edu.ec\\\/sitio\\\/en\\\/blog\\\/2026\\\/02\\\/26\\\/investigacion-y-creacion-artistica-claves-en-muestras-de-titulacion-de-noe-villena-rocio-elay-y-michael-santana\\\/\"},\"wordCount\":1043,\"commentCount\":0,\"publisher\":{\"@id\":\"https:\\\/\\\/www.uartes.edu.ec\\\/sitio\\\/en\\\/#organization\"},\"image\":{\"@id\":\"https:\\\/\\\/www.uartes.edu.ec\\\/sitio\\\/en\\\/blog\\\/2026\\\/02\\\/26\\\/investigacion-y-creacion-artistica-claves-en-muestras-de-titulacion-de-noe-villena-rocio-elay-y-michael-santana\\\/#primaryimage\"},\"thumbnailUrl\":\"https:\\\/\\\/www.uartes.edu.ec\\\/sitio\\\/wp-content\\\/uploads\\\/2026\\\/02\\\/Proyecto-Cambiar-tamano-de-imagen-2026-03-12T113432.913.jpeg\",\"keywords\":[\"titulaci\u00f3n\"],\"articleSection\":[\"Acad\u00e9mico\",\"Artes\",\"Artes Esc\u00e9nicas\",\"Estudiantes\"],\"inLanguage\":\"en-US\",\"potentialAction\":[{\"@type\":\"CommentAction\",\"name\":\"Comment\",\"target\":[\"https:\\\/\\\/www.uartes.edu.ec\\\/sitio\\\/en\\\/blog\\\/2026\\\/02\\\/26\\\/investigacion-y-creacion-artistica-claves-en-muestras-de-titulacion-de-noe-villena-rocio-elay-y-michael-santana\\\/#respond\"]}]},{\"@type\":[\"WebPage\",\"ItemPage\"],\"@id\":\"https:\\\/\\\/www.uartes.edu.ec\\\/sitio\\\/en\\\/blog\\\/2026\\\/02\\\/26\\\/investigacion-y-creacion-artistica-claves-en-muestras-de-titulacion-de-noe-villena-rocio-elay-y-michael-santana\\\/\",\"url\":\"https:\\\/\\\/www.uartes.edu.ec\\\/sitio\\\/en\\\/blog\\\/2026\\\/02\\\/26\\\/investigacion-y-creacion-artistica-claves-en-muestras-de-titulacion-de-noe-villena-rocio-elay-y-michael-santana\\\/\",\"name\":\"Universidad de las Artes - Investigaci\u00f3n y creaci\u00f3n art\u00edstica, claves en muestras de titulaci\u00f3n de Noe Villena, Roc\u00edo Elvay y Michael Santana, de Danza\",\"isPartOf\":{\"@id\":\"https:\\\/\\\/www.uartes.edu.ec\\\/sitio\\\/en\\\/#website\"},\"primaryImageOfPage\":{\"@id\":\"https:\\\/\\\/www.uartes.edu.ec\\\/sitio\\\/en\\\/blog\\\/2026\\\/02\\\/26\\\/investigacion-y-creacion-artistica-claves-en-muestras-de-titulacion-de-noe-villena-rocio-elay-y-michael-santana\\\/#primaryimage\"},\"image\":{\"@id\":\"https:\\\/\\\/www.uartes.edu.ec\\\/sitio\\\/en\\\/blog\\\/2026\\\/02\\\/26\\\/investigacion-y-creacion-artistica-claves-en-muestras-de-titulacion-de-noe-villena-rocio-elay-y-michael-santana\\\/#primaryimage\"},\"thumbnailUrl\":\"https:\\\/\\\/www.uartes.edu.ec\\\/sitio\\\/wp-content\\\/uploads\\\/2026\\\/02\\\/Proyecto-Cambiar-tamano-de-imagen-2026-03-12T113432.913.jpeg\",\"datePublished\":\"2026-02-27T00:11:00+00:00\",\"dateModified\":\"2026-03-24T16:41:28+00:00\",\"description\":\"Universidad de las Artes - Investigaci\u00f3n y creaci\u00f3n art\u00edstica, claves en muestras de titulaci\u00f3n de Noe Villena, Roc\u00edo Elvay y Michael Santana, de Danza\",\"breadcrumb\":{\"@id\":\"https:\\\/\\\/www.uartes.edu.ec\\\/sitio\\\/en\\\/blog\\\/2026\\\/02\\\/26\\\/investigacion-y-creacion-artistica-claves-en-muestras-de-titulacion-de-noe-villena-rocio-elay-y-michael-santana\\\/#breadcrumb\"},\"inLanguage\":\"en-US\",\"potentialAction\":[{\"@type\":\"ReadAction\",\"target\":[\"https:\\\/\\\/www.uartes.edu.ec\\\/sitio\\\/en\\\/blog\\\/2026\\\/02\\\/26\\\/investigacion-y-creacion-artistica-claves-en-muestras-de-titulacion-de-noe-villena-rocio-elay-y-michael-santana\\\/\"]}]},{\"@type\":\"ImageObject\",\"inLanguage\":\"en-US\",\"@id\":\"https:\\\/\\\/www.uartes.edu.ec\\\/sitio\\\/en\\\/blog\\\/2026\\\/02\\\/26\\\/investigacion-y-creacion-artistica-claves-en-muestras-de-titulacion-de-noe-villena-rocio-elay-y-michael-santana\\\/#primaryimage\",\"url\":\"https:\\\/\\\/www.uartes.edu.ec\\\/sitio\\\/wp-content\\\/uploads\\\/2026\\\/02\\\/Proyecto-Cambiar-tamano-de-imagen-2026-03-12T113432.913.jpeg\",\"contentUrl\":\"https:\\\/\\\/www.uartes.edu.ec\\\/sitio\\\/wp-content\\\/uploads\\\/2026\\\/02\\\/Proyecto-Cambiar-tamano-de-imagen-2026-03-12T113432.913.jpeg\",\"width\":2000,\"height\":1333},{\"@type\":\"BreadcrumbList\",\"@id\":\"https:\\\/\\\/www.uartes.edu.ec\\\/sitio\\\/en\\\/blog\\\/2026\\\/02\\\/26\\\/investigacion-y-creacion-artistica-claves-en-muestras-de-titulacion-de-noe-villena-rocio-elay-y-michael-santana\\\/#breadcrumb\",\"itemListElement\":[{\"@type\":\"ListItem\",\"position\":1,\"name\":\"Inicio\",\"item\":\"https:\\\/\\\/www.uartes.edu.ec\\\/sitio\\\/\"},{\"@type\":\"ListItem\",\"position\":2,\"name\":\"Investigaci\u00f3n y creaci\u00f3n art\u00edstica, claves en muestras de titulaci\u00f3n de Noe Villena, Roc\u00edo Elvay y Michael Santana, de Danza\"}]},{\"@type\":\"WebSite\",\"@id\":\"https:\\\/\\\/www.uartes.edu.ec\\\/sitio\\\/en\\\/#website\",\"url\":\"https:\\\/\\\/www.uartes.edu.ec\\\/sitio\\\/en\\\/\",\"name\":\"Universidad de las Artes\",\"description\":\"Sitio oficial de la Universidad Nacional de las Artes del Ecuador\",\"publisher\":{\"@id\":\"https:\\\/\\\/www.uartes.edu.ec\\\/sitio\\\/en\\\/#organization\"},\"potentialAction\":[{\"@type\":\"SearchAction\",\"target\":{\"@type\":\"EntryPoint\",\"urlTemplate\":\"https:\\\/\\\/www.uartes.edu.ec\\\/sitio\\\/en\\\/?s={search_term_string}\"},\"query-input\":{\"@type\":\"PropertyValueSpecification\",\"valueRequired\":true,\"valueName\":\"search_term_string\"}}],\"inLanguage\":\"en-US\"},{\"@type\":\"Organization\",\"@id\":\"https:\\\/\\\/www.uartes.edu.ec\\\/sitio\\\/en\\\/#organization\",\"name\":\"Universidad de las Artes\",\"url\":\"https:\\\/\\\/www.uartes.edu.ec\\\/sitio\\\/en\\\/\",\"logo\":{\"@type\":\"ImageObject\",\"inLanguage\":\"en-US\",\"@id\":\"https:\\\/\\\/www.uartes.edu.ec\\\/sitio\\\/en\\\/#\\\/schema\\\/logo\\\/image\\\/\",\"url\":\"https:\\\/\\\/www.uartes.edu.ec\\\/sitio\\\/wp-content\\\/uploads\\\/2022\\\/07\\\/logo-ua-horizontal.png\",\"contentUrl\":\"https:\\\/\\\/www.uartes.edu.ec\\\/sitio\\\/wp-content\\\/uploads\\\/2022\\\/07\\\/logo-ua-horizontal.png\",\"width\":800,\"height\":276,\"caption\":\"Universidad de las Artes\"},\"image\":{\"@id\":\"https:\\\/\\\/www.uartes.edu.ec\\\/sitio\\\/en\\\/#\\\/schema\\\/logo\\\/image\\\/\"},\"sameAs\":[\"https:\\\/\\\/www.facebook.com\\\/uartesec\",\"https:\\\/\\\/x.com\\\/uartesec\",\"https:\\\/\\\/www.tiktok.com\\\/@uartesec\"]},{\"@type\":\"Person\",\"@id\":\"https:\\\/\\\/www.uartes.edu.ec\\\/sitio\\\/en\\\/#\\\/schema\\\/person\\\/efa1b8275797664fd7f13a79ccc0b1f4\",\"name\":\"ccortez\",\"image\":{\"@type\":\"ImageObject\",\"inLanguage\":\"en-US\",\"@id\":\"https:\\\/\\\/secure.gravatar.com\\\/avatar\\\/b2a6f664a3ae8e074346ef91775736c5ec479e637ecced6842de9dc98b5da9cd?s=96&d=mm&r=g\",\"url\":\"https:\\\/\\\/secure.gravatar.com\\\/avatar\\\/b2a6f664a3ae8e074346ef91775736c5ec479e637ecced6842de9dc98b5da9cd?s=96&d=mm&r=g\",\"contentUrl\":\"https:\\\/\\\/secure.gravatar.com\\\/avatar\\\/b2a6f664a3ae8e074346ef91775736c5ec479e637ecced6842de9dc98b5da9cd?s=96&d=mm&r=g\",\"caption\":\"ccortez\"},\"url\":\"https:\\\/\\\/www.uartes.edu.ec\\\/sitio\\\/en\\\/blog\\\/author\\\/ccortez\\\/\"}]}<\/script>\n<!-- \/ Yoast SEO plugin. -->","yoast_head_json":{"title":"Universidad de las Artes - Investigaci\u00f3n y creaci\u00f3n art\u00edstica, claves en muestras de titulaci\u00f3n de Noe Villena, Roc\u00edo Elvay y Michael Santana, de Danza","description":"Universidad de las Artes - Investigaci\u00f3n y creaci\u00f3n art\u00edstica, claves en muestras de titulaci\u00f3n de Noe Villena, Roc\u00edo Elvay y Michael Santana, de Danza","robots":{"index":"index","follow":"follow","max-snippet":"max-snippet:-1","max-image-preview":"max-image-preview:large","max-video-preview":"max-video-preview:-1"},"canonical":"https:\/\/www.uartes.edu.ec\/sitio\/en\/blog\/2026\/02\/26\/investigacion-y-creacion-artistica-claves-en-muestras-de-titulacion-de-noe-villena-rocio-elay-y-michael-santana\/","og_locale":"en_US","og_type":"article","og_title":"Universidad de las Artes - Investigaci\u00f3n y creaci\u00f3n art\u00edstica, claves en muestras de titulaci\u00f3n de Noe Villena, Roc\u00edo Elvay y Michael Santana, de Danza","og_description":"Universidad de las Artes - Investigaci\u00f3n y creaci\u00f3n art\u00edstica, claves en muestras de titulaci\u00f3n de Noe Villena, Roc\u00edo Elvay y Michael Santana, de Danza","og_url":"https:\/\/www.uartes.edu.ec\/sitio\/en\/blog\/2026\/02\/26\/investigacion-y-creacion-artistica-claves-en-muestras-de-titulacion-de-noe-villena-rocio-elay-y-michael-santana\/","og_site_name":"Universidad de las Artes","article_publisher":"https:\/\/www.facebook.com\/uartesec","article_published_time":"2026-02-27T00:11:00+00:00","article_modified_time":"2026-03-24T16:41:28+00:00","og_image":[{"width":2000,"height":1333,"url":"https:\/\/www.uartes.edu.ec\/sitio\/wp-content\/uploads\/2026\/02\/Proyecto-Cambiar-tamano-de-imagen-2026-03-12T113432.913.jpeg","type":"image\/jpeg"}],"author":"ccortez","twitter_card":"summary_large_image","twitter_creator":"@uartesec","twitter_site":"@uartesec","twitter_misc":{"Written by":"ccortez","Est. reading time":"5 minutes"},"schema":{"@context":"https:\/\/schema.org","@graph":[{"@type":"Article","@id":"https:\/\/www.uartes.edu.ec\/sitio\/en\/blog\/2026\/02\/26\/investigacion-y-creacion-artistica-claves-en-muestras-de-titulacion-de-noe-villena-rocio-elay-y-michael-santana\/#article","isPartOf":{"@id":"https:\/\/www.uartes.edu.ec\/sitio\/en\/blog\/2026\/02\/26\/investigacion-y-creacion-artistica-claves-en-muestras-de-titulacion-de-noe-villena-rocio-elay-y-michael-santana\/"},"author":{"name":"ccortez","@id":"https:\/\/www.uartes.edu.ec\/sitio\/en\/#\/schema\/person\/efa1b8275797664fd7f13a79ccc0b1f4"},"headline":"Investigaci\u00f3n y creaci\u00f3n art\u00edstica, claves en muestras de titulaci\u00f3n de Noe Villena, Roc\u00edo Elvay y Michael Santana, de Danza","datePublished":"2026-02-27T00:11:00+00:00","dateModified":"2026-03-24T16:41:28+00:00","mainEntityOfPage":{"@id":"https:\/\/www.uartes.edu.ec\/sitio\/en\/blog\/2026\/02\/26\/investigacion-y-creacion-artistica-claves-en-muestras-de-titulacion-de-noe-villena-rocio-elay-y-michael-santana\/"},"wordCount":1043,"commentCount":0,"publisher":{"@id":"https:\/\/www.uartes.edu.ec\/sitio\/en\/#organization"},"image":{"@id":"https:\/\/www.uartes.edu.ec\/sitio\/en\/blog\/2026\/02\/26\/investigacion-y-creacion-artistica-claves-en-muestras-de-titulacion-de-noe-villena-rocio-elay-y-michael-santana\/#primaryimage"},"thumbnailUrl":"https:\/\/www.uartes.edu.ec\/sitio\/wp-content\/uploads\/2026\/02\/Proyecto-Cambiar-tamano-de-imagen-2026-03-12T113432.913.jpeg","keywords":["titulaci\u00f3n"],"articleSection":["Acad\u00e9mico","Artes","Artes Esc\u00e9nicas","Estudiantes"],"inLanguage":"en-US","potentialAction":[{"@type":"CommentAction","name":"Comment","target":["https:\/\/www.uartes.edu.ec\/sitio\/en\/blog\/2026\/02\/26\/investigacion-y-creacion-artistica-claves-en-muestras-de-titulacion-de-noe-villena-rocio-elay-y-michael-santana\/#respond"]}]},{"@type":["WebPage","ItemPage"],"@id":"https:\/\/www.uartes.edu.ec\/sitio\/en\/blog\/2026\/02\/26\/investigacion-y-creacion-artistica-claves-en-muestras-de-titulacion-de-noe-villena-rocio-elay-y-michael-santana\/","url":"https:\/\/www.uartes.edu.ec\/sitio\/en\/blog\/2026\/02\/26\/investigacion-y-creacion-artistica-claves-en-muestras-de-titulacion-de-noe-villena-rocio-elay-y-michael-santana\/","name":"Universidad de las Artes - Investigaci\u00f3n y creaci\u00f3n art\u00edstica, claves en muestras de titulaci\u00f3n de Noe Villena, Roc\u00edo Elvay y Michael Santana, de Danza","isPartOf":{"@id":"https:\/\/www.uartes.edu.ec\/sitio\/en\/#website"},"primaryImageOfPage":{"@id":"https:\/\/www.uartes.edu.ec\/sitio\/en\/blog\/2026\/02\/26\/investigacion-y-creacion-artistica-claves-en-muestras-de-titulacion-de-noe-villena-rocio-elay-y-michael-santana\/#primaryimage"},"image":{"@id":"https:\/\/www.uartes.edu.ec\/sitio\/en\/blog\/2026\/02\/26\/investigacion-y-creacion-artistica-claves-en-muestras-de-titulacion-de-noe-villena-rocio-elay-y-michael-santana\/#primaryimage"},"thumbnailUrl":"https:\/\/www.uartes.edu.ec\/sitio\/wp-content\/uploads\/2026\/02\/Proyecto-Cambiar-tamano-de-imagen-2026-03-12T113432.913.jpeg","datePublished":"2026-02-27T00:11:00+00:00","dateModified":"2026-03-24T16:41:28+00:00","description":"Universidad de las Artes - Investigaci\u00f3n y creaci\u00f3n art\u00edstica, claves en muestras de titulaci\u00f3n de Noe Villena, Roc\u00edo Elvay y Michael Santana, de Danza","breadcrumb":{"@id":"https:\/\/www.uartes.edu.ec\/sitio\/en\/blog\/2026\/02\/26\/investigacion-y-creacion-artistica-claves-en-muestras-de-titulacion-de-noe-villena-rocio-elay-y-michael-santana\/#breadcrumb"},"inLanguage":"en-US","potentialAction":[{"@type":"ReadAction","target":["https:\/\/www.uartes.edu.ec\/sitio\/en\/blog\/2026\/02\/26\/investigacion-y-creacion-artistica-claves-en-muestras-de-titulacion-de-noe-villena-rocio-elay-y-michael-santana\/"]}]},{"@type":"ImageObject","inLanguage":"en-US","@id":"https:\/\/www.uartes.edu.ec\/sitio\/en\/blog\/2026\/02\/26\/investigacion-y-creacion-artistica-claves-en-muestras-de-titulacion-de-noe-villena-rocio-elay-y-michael-santana\/#primaryimage","url":"https:\/\/www.uartes.edu.ec\/sitio\/wp-content\/uploads\/2026\/02\/Proyecto-Cambiar-tamano-de-imagen-2026-03-12T113432.913.jpeg","contentUrl":"https:\/\/www.uartes.edu.ec\/sitio\/wp-content\/uploads\/2026\/02\/Proyecto-Cambiar-tamano-de-imagen-2026-03-12T113432.913.jpeg","width":2000,"height":1333},{"@type":"BreadcrumbList","@id":"https:\/\/www.uartes.edu.ec\/sitio\/en\/blog\/2026\/02\/26\/investigacion-y-creacion-artistica-claves-en-muestras-de-titulacion-de-noe-villena-rocio-elay-y-michael-santana\/#breadcrumb","itemListElement":[{"@type":"ListItem","position":1,"name":"Inicio","item":"https:\/\/www.uartes.edu.ec\/sitio\/"},{"@type":"ListItem","position":2,"name":"Investigaci\u00f3n y creaci\u00f3n art\u00edstica, claves en muestras de titulaci\u00f3n de Noe Villena, Roc\u00edo Elvay y Michael Santana, de Danza"}]},{"@type":"WebSite","@id":"https:\/\/www.uartes.edu.ec\/sitio\/en\/#website","url":"https:\/\/www.uartes.edu.ec\/sitio\/en\/","name":"Universidad de las Artes","description":"Sitio oficial de la Universidad Nacional de las Artes del Ecuador","publisher":{"@id":"https:\/\/www.uartes.edu.ec\/sitio\/en\/#organization"},"potentialAction":[{"@type":"SearchAction","target":{"@type":"EntryPoint","urlTemplate":"https:\/\/www.uartes.edu.ec\/sitio\/en\/?s={search_term_string}"},"query-input":{"@type":"PropertyValueSpecification","valueRequired":true,"valueName":"search_term_string"}}],"inLanguage":"en-US"},{"@type":"Organization","@id":"https:\/\/www.uartes.edu.ec\/sitio\/en\/#organization","name":"Universidad de las Artes","url":"https:\/\/www.uartes.edu.ec\/sitio\/en\/","logo":{"@type":"ImageObject","inLanguage":"en-US","@id":"https:\/\/www.uartes.edu.ec\/sitio\/en\/#\/schema\/logo\/image\/","url":"https:\/\/www.uartes.edu.ec\/sitio\/wp-content\/uploads\/2022\/07\/logo-ua-horizontal.png","contentUrl":"https:\/\/www.uartes.edu.ec\/sitio\/wp-content\/uploads\/2022\/07\/logo-ua-horizontal.png","width":800,"height":276,"caption":"Universidad de las Artes"},"image":{"@id":"https:\/\/www.uartes.edu.ec\/sitio\/en\/#\/schema\/logo\/image\/"},"sameAs":["https:\/\/www.facebook.com\/uartesec","https:\/\/x.com\/uartesec","https:\/\/www.tiktok.com\/@uartesec"]},{"@type":"Person","@id":"https:\/\/www.uartes.edu.ec\/sitio\/en\/#\/schema\/person\/efa1b8275797664fd7f13a79ccc0b1f4","name":"ccortez","image":{"@type":"ImageObject","inLanguage":"en-US","@id":"https:\/\/secure.gravatar.com\/avatar\/b2a6f664a3ae8e074346ef91775736c5ec479e637ecced6842de9dc98b5da9cd?s=96&d=mm&r=g","url":"https:\/\/secure.gravatar.com\/avatar\/b2a6f664a3ae8e074346ef91775736c5ec479e637ecced6842de9dc98b5da9cd?s=96&d=mm&r=g","contentUrl":"https:\/\/secure.gravatar.com\/avatar\/b2a6f664a3ae8e074346ef91775736c5ec479e637ecced6842de9dc98b5da9cd?s=96&d=mm&r=g","caption":"ccortez"},"url":"https:\/\/www.uartes.edu.ec\/sitio\/en\/blog\/author\/ccortez\/"}]}},"uagb_featured_image_src":{"full":["https:\/\/www.uartes.edu.ec\/sitio\/wp-content\/uploads\/2026\/02\/Proyecto-Cambiar-tamano-de-imagen-2026-03-12T113432.913.jpeg",2000,1333,false],"thumbnail":["https:\/\/www.uartes.edu.ec\/sitio\/wp-content\/uploads\/2026\/02\/Proyecto-Cambiar-tamano-de-imagen-2026-03-12T113432.913-150x150.jpeg",150,150,true],"medium":["https:\/\/www.uartes.edu.ec\/sitio\/wp-content\/uploads\/2026\/02\/Proyecto-Cambiar-tamano-de-imagen-2026-03-12T113432.913-300x200.jpeg",300,200,true],"medium_large":["https:\/\/www.uartes.edu.ec\/sitio\/wp-content\/uploads\/2026\/02\/Proyecto-Cambiar-tamano-de-imagen-2026-03-12T113432.913-768x512.jpeg",768,512,true],"large":["https:\/\/www.uartes.edu.ec\/sitio\/wp-content\/uploads\/2026\/02\/Proyecto-Cambiar-tamano-de-imagen-2026-03-12T113432.913-644x429.jpeg",644,429,true],"1536x1536":["https:\/\/www.uartes.edu.ec\/sitio\/wp-content\/uploads\/2026\/02\/Proyecto-Cambiar-tamano-de-imagen-2026-03-12T113432.913-1536x1024.jpeg",1536,1024,true],"2048x2048":["https:\/\/www.uartes.edu.ec\/sitio\/wp-content\/uploads\/2026\/02\/Proyecto-Cambiar-tamano-de-imagen-2026-03-12T113432.913.jpeg",2000,1333,false],"trp-custom-language-flag":["https:\/\/www.uartes.edu.ec\/sitio\/wp-content\/uploads\/2026\/02\/Proyecto-Cambiar-tamano-de-imagen-2026-03-12T113432.913-18x12.jpeg",18,12,true],"htmega_size_585x295":["https:\/\/www.uartes.edu.ec\/sitio\/wp-content\/uploads\/2026\/02\/Proyecto-Cambiar-tamano-de-imagen-2026-03-12T113432.913-585x295.jpeg",585,295,true],"htmega_size_1170x536":["https:\/\/www.uartes.edu.ec\/sitio\/wp-content\/uploads\/2026\/02\/Proyecto-Cambiar-tamano-de-imagen-2026-03-12T113432.913-1170x536.jpeg",1170,536,true],"htmega_size_396x360":["https:\/\/www.uartes.edu.ec\/sitio\/wp-content\/uploads\/2026\/02\/Proyecto-Cambiar-tamano-de-imagen-2026-03-12T113432.913-396x360.jpeg",396,360,true],"gb-block-post-grid-landscape":["https:\/\/www.uartes.edu.ec\/sitio\/wp-content\/uploads\/2026\/02\/Proyecto-Cambiar-tamano-de-imagen-2026-03-12T113432.913-600x400.jpeg",600,400,true],"gb-block-post-grid-square":["https:\/\/www.uartes.edu.ec\/sitio\/wp-content\/uploads\/2026\/02\/Proyecto-Cambiar-tamano-de-imagen-2026-03-12T113432.913-600x600.jpeg",600,600,true],"university-hub-thumb":["https:\/\/www.uartes.edu.ec\/sitio\/wp-content\/uploads\/2026\/02\/Proyecto-Cambiar-tamano-de-imagen-2026-03-12T113432.913-400x267.jpeg",400,267,true]},"uagb_author_info":{"display_name":"ccortez","author_link":"https:\/\/www.uartes.edu.ec\/sitio\/en\/blog\/author\/ccortez\/"},"uagb_comment_info":0,"uagb_excerpt":"La estudiante Noe Villena present\u00f3 como muestra de titulaci\u00f3n la obra \u201cSusurros: cartas a una casa\u201d el pasado 12 de febrero y program\u00f3 cuatro funciones posteriores. Tambi\u00e9n de la carrera de Danza de Artes Esc\u00e9nicas, Roc\u00edo Elvay y Michael Santana mostraron sus trabajos de grado: \u201cTechie, \u00bfqui\u00e9n domina a qui\u00e9n?\u201d, ayer, mi\u00e9rcoles 25; y \u201c\u00d1awpa:&hellip;","featured_image_src":"https:\/\/www.uartes.edu.ec\/sitio\/wp-content\/uploads\/2026\/02\/Proyecto-Cambiar-tamano-de-imagen-2026-03-12T113432.913-600x400.jpeg","featured_image_src_square":"https:\/\/www.uartes.edu.ec\/sitio\/wp-content\/uploads\/2026\/02\/Proyecto-Cambiar-tamano-de-imagen-2026-03-12T113432.913-600x600.jpeg","author_info":{"display_name":"ccortez","author_link":"https:\/\/www.uartes.edu.ec\/sitio\/en\/blog\/author\/ccortez\/"},"publishpress_future_workflow_manual_trigger":{"enabledWorkflows":[]},"distributor_meta":false,"distributor_terms":false,"distributor_media":false,"distributor_original_site_name":"Universidad de las Artes","distributor_original_site_url":"https:\/\/www.uartes.edu.ec\/sitio\/en","push-errors":false,"_links":{"self":[{"href":"https:\/\/www.uartes.edu.ec\/sitio\/en\/wp-json\/wp\/v2\/posts\/87597","targetHints":{"allow":["GET"]}}],"collection":[{"href":"https:\/\/www.uartes.edu.ec\/sitio\/en\/wp-json\/wp\/v2\/posts"}],"about":[{"href":"https:\/\/www.uartes.edu.ec\/sitio\/en\/wp-json\/wp\/v2\/types\/post"}],"author":[{"embeddable":true,"href":"https:\/\/www.uartes.edu.ec\/sitio\/en\/wp-json\/wp\/v2\/users\/10"}],"replies":[{"embeddable":true,"href":"https:\/\/www.uartes.edu.ec\/sitio\/en\/wp-json\/wp\/v2\/comments?post=87597"}],"version-history":[{"count":10,"href":"https:\/\/www.uartes.edu.ec\/sitio\/en\/wp-json\/wp\/v2\/posts\/87597\/revisions"}],"predecessor-version":[{"id":88122,"href":"https:\/\/www.uartes.edu.ec\/sitio\/en\/wp-json\/wp\/v2\/posts\/87597\/revisions\/88122"}],"wp:featuredmedia":[{"embeddable":true,"href":"https:\/\/www.uartes.edu.ec\/sitio\/en\/wp-json\/wp\/v2\/media\/87611"}],"wp:attachment":[{"href":"https:\/\/www.uartes.edu.ec\/sitio\/en\/wp-json\/wp\/v2\/media?parent=87597"}],"wp:term":[{"taxonomy":"category","embeddable":true,"href":"https:\/\/www.uartes.edu.ec\/sitio\/en\/wp-json\/wp\/v2\/categories?post=87597"},{"taxonomy":"post_tag","embeddable":true,"href":"https:\/\/www.uartes.edu.ec\/sitio\/en\/wp-json\/wp\/v2\/tags?post=87597"},{"taxonomy":"infouartes","embeddable":true,"href":"https:\/\/www.uartes.edu.ec\/sitio\/en\/wp-json\/wp\/v2\/infouartes?post=87597"}],"curies":[{"name":"wp","href":"https:\/\/api.w.org\/{rel}","templated":true}]}}