{"id":87713,"date":"2026-03-13T15:44:23","date_gmt":"2026-03-13T20:44:23","guid":{"rendered":"https:\/\/www.uartes.edu.ec\/sitio\/?p=87713"},"modified":"2026-03-13T16:30:04","modified_gmt":"2026-03-13T21:30:04","slug":"candidatos-estudiantiles-ante-el-ocs-y-los-cde-en-campana-hasta-el-17-de-marzo-el-18-son-las-elecciones","status":"publish","type":"post","link":"https:\/\/www.uartes.edu.ec\/sitio\/en\/blog\/2026\/03\/13\/candidatos-estudiantiles-ante-el-ocs-y-los-cde-en-campana-hasta-el-17-de-marzo-el-18-son-las-elecciones\/","title":{"rendered":"Candidatos estudiantiles ante el OCS y los CDE, en campa\u00f1a hasta el 17 de marzo; el 18 ser\u00e1n las elecciones"},"content":{"rendered":"<p>En t\u00e9rminos del cogobierno, en la Universidad de las Artes se efectuar\u00e1 el pr\u00f3ximo 18 de marzo el proceso electoral en el que los estudiantes elegir\u00e1n a los candidatos que representar\u00e1n a sus respectivas escuelas ante el \u00d3rgano Colegiado Superior (OCS) y los Consejos Directivos de Escuela (CDE). El sufragio se har\u00e1 mediante el voto electr\u00f3nico.<\/p>\n\n\n\n<p>Los estudiantes que, cumpliendo con todos los requisitos, respondieron a la convocatoria de elecciones y sus candidaturas fueron calificadas y aprobadas por el Tribunal Electoral UArtes tras pasar por el respectivo periodo de impugnaciones, se encuentran en campa\u00f1a electoral. Esta inici\u00f3 el mi\u00e9rcoles 11 de marzo y concluir\u00e1 el martes 17 del presente mes.<\/p>\n\n\n\n<p>De conformidad con lo estipulado en la convocatoria de elecciones, en concordancia con los art\u00edculos 47 y 51 del Reglamento General de Elecciones de la UArtes, el Tribunal Electoral ha informado el proceso por todos los canales informativos de la universidad.<\/p>\n\n\n\n<p>As\u00ed, por ejemplo, a trav\u00e9s del correo institucional se se\u00f1al\u00f3 que mediante Resoluci\u00f3n No.<a>&nbsp;<\/a>UA-TRIBUNAL_ELECTORAL-2026-004-RES fueron analizadas y resueltas las impugnaciones presentadas por los postulantes a&nbsp;candidatos para el proceso electoral de representaci\u00f3n ante el OCS y los CDE se\u00f1alados. Igualmente, el Tribunal Electoral inform\u00f3, mediante la Resoluci\u00f3n No. UA-TRIBUNAL_ELECTORAL-2026-005-RES, la aprobaci\u00f3n que hizo del cuadro de candidatos calificados.<\/p>\n\n\n\n<figure class=\"wp-block-image size-large\"><img fetchpriority=\"high\" decoding=\"async\" width=\"644\" height=\"429\" src=\"https:\/\/www.uartes.edu.ec\/sitio\/wp-content\/uploads\/2026\/03\/tribunal-estudiantes-644x429.jpg\" alt=\"\" class=\"wp-image-87768\" srcset=\"https:\/\/www.uartes.edu.ec\/sitio\/wp-content\/uploads\/2026\/03\/tribunal-estudiantes-644x429.jpg 644w, https:\/\/www.uartes.edu.ec\/sitio\/wp-content\/uploads\/2026\/03\/tribunal-estudiantes-300x200.jpg 300w, https:\/\/www.uartes.edu.ec\/sitio\/wp-content\/uploads\/2026\/03\/tribunal-estudiantes-768x512.jpg 768w, https:\/\/www.uartes.edu.ec\/sitio\/wp-content\/uploads\/2026\/03\/tribunal-estudiantes-1536x1024.jpg 1536w, https:\/\/www.uartes.edu.ec\/sitio\/wp-content\/uploads\/2026\/03\/tribunal-estudiantes-18x12.jpg 18w, https:\/\/www.uartes.edu.ec\/sitio\/wp-content\/uploads\/2026\/03\/tribunal-estudiantes-600x400.jpg 600w, https:\/\/www.uartes.edu.ec\/sitio\/wp-content\/uploads\/2026\/03\/tribunal-estudiantes-400x267.jpg 400w, https:\/\/www.uartes.edu.ec\/sitio\/wp-content\/uploads\/2026\/03\/tribunal-estudiantes.jpg 2000w\" sizes=\"(max-width: 644px) 100vw, 644px\" \/><\/figure>\n\n\n\n<p>\u201cLa jornada de elecciones ser\u00e1 virtual el 18 de marzo, iniciar\u00e1 a las 08:00 y concluir\u00e1 a las 17 horas. Pueden sufragar los estudiantes a partir de su segundo a\u00f1o de estudios en la UArtes y deben constar en el padr\u00f3n definitivo, el cual fue emitido por la Secretar\u00eda Acad\u00e9mica y est\u00e1 debidamente subido al sitio web institucional, en la pesta\u00f1a Elecciones\u201d, indic\u00f3 la abogada Estela Narv\u00e1ez, secretaria del TE.<\/p>\n\n\n\n<p>Se est\u00e1 trabajando con la Direcci\u00f3n de Tecnolog\u00eda y Sistemas, conocida como TIC\u2019s, para el d\u00eda del sufragio telem\u00e1tico y para atender y resolver cualquier inquietud de la comunidad electora.<\/p>\n\n\n\n<p>La abogada Narv\u00e1ez manifest\u00f3 que los representantes que resulten elegidos mediante el sufragio asumir\u00e1n sus funciones el 1 de abril de 2026. \u201cEl Tribunal Electoral garantiza un proceso transparente, democr\u00e1tico e inclusivo, promoviendo la participaci\u00f3n de todos los sectores estudiantiles bajo los principios de igualdad de oportunidades, alternabilidad y no discriminaci\u00f3n\u201d, concluy\u00f3 Narv\u00e1ez.<\/p>\n\n\n\n<p>Junto con la secretaria Estela Narv\u00e1ez, el Tribunal Electoral UArtes lo conforman los docentes Juan Caguana Reino, su presidente; Vanessa P\u00e9rez Valencia, quien est\u00e1 subrogando la presidencia; Pilar Gavilanes, principal, y su alterno Antonio Cepeda. Como representante principal de los servidores y trabajadores est\u00e1 Mar\u00eda Fernanda \u00c1lvarez Guevara, y Segundo Benites Matamoros, su alterno; y en representaci\u00f3n de los estudiantes, Mell Hungr\u00eda Mor\u00e1n, como principal, y Eliana \u00c1lvarez Montalv\u00e1n, como alterna.<\/p>","protected":false},"excerpt":{"rendered":"<p>En t\u00e9rminos del cogobierno, en la Universidad de las Artes se efectuar\u00e1 el 18 de marzo el proceso electoral en el que los estudiantes elegir\u00e1n a los candidatos que los representar\u00e1n ante el \u00d3rgano Colegiado Superior (OCS) y los Consejos Directivos de Escuela (CDE). El sufragio se har\u00e1 mediante voto electr\u00f3nico. Actualmente, los candidatos estudiantiles se encuentran en campa\u00f1a electoral, la cual concluir\u00e1 el 17 de marzo.<\/p>","protected":false},"author":10,"featured_media":87767,"comment_status":"open","ping_status":"open","sticky":false,"template":"","format":"standard","meta":{"_acf_changed":false,"_uag_custom_page_level_css":"","_monsterinsights_skip_tracking":false,"_monsterinsights_sitenote_active":false,"_monsterinsights_sitenote_note":"","_monsterinsights_sitenote_category":0,"cybocfi_hide_featured_image":"","footnotes":""},"categories":[76,77],"tags":[602],"infouartes":[],"class_list":["post-87713","post","type-post","status-publish","format-standard","has-post-thumbnail","hentry","category-estudiantes","category-gestion","tag-proceso"],"acf":[],"yoast_head":"<!-- This site is optimized with the Yoast SEO plugin v27.4 - https:\/\/yoast.com\/product\/yoast-seo-wordpress\/ -->\n<title>Universidad de las Artes - Candidatos estudiantiles ante el OCS y los CDE, en campa\u00f1a hasta el 17 de marzo; el 18 ser\u00e1n las elecciones<\/title>\n<meta name=\"description\" content=\"Universidad de las Artes - Candidatos estudiantiles ante el OCS y los CDE, en campa\u00f1a hasta el 17 de marzo; el 18 ser\u00e1n las elecciones\" \/>\n<meta name=\"robots\" content=\"index, follow, max-snippet:-1, max-image-preview:large, max-video-preview:-1\" \/>\n<link rel=\"canonical\" href=\"https:\/\/www.uartes.edu.ec\/sitio\/en\/blog\/2026\/03\/13\/candidatos-estudiantiles-ante-el-ocs-y-los-cde-en-campana-hasta-el-17-de-marzo-el-18-son-las-elecciones\/\" \/>\n<meta property=\"og:locale\" content=\"en_US\" \/>\n<meta property=\"og:type\" content=\"article\" \/>\n<meta property=\"og:title\" content=\"Universidad de las Artes - Candidatos estudiantiles ante el OCS y los CDE, en campa\u00f1a hasta el 17 de marzo; el 18 ser\u00e1n las elecciones\" \/>\n<meta property=\"og:description\" content=\"Universidad de las Artes - Candidatos estudiantiles ante el OCS y los CDE, en campa\u00f1a hasta el 17 de marzo; el 18 ser\u00e1n las elecciones\" \/>\n<meta property=\"og:url\" content=\"https:\/\/www.uartes.edu.ec\/sitio\/en\/blog\/2026\/03\/13\/candidatos-estudiantiles-ante-el-ocs-y-los-cde-en-campana-hasta-el-17-de-marzo-el-18-son-las-elecciones\/\" \/>\n<meta property=\"og:site_name\" content=\"Universidad de las Artes\" \/>\n<meta property=\"article:publisher\" content=\"https:\/\/www.facebook.com\/uartesec\" \/>\n<meta property=\"article:published_time\" content=\"2026-03-13T20:44:23+00:00\" \/>\n<meta property=\"article:modified_time\" content=\"2026-03-13T21:30:04+00:00\" \/>\n<meta property=\"og:image\" content=\"https:\/\/www.uartes.edu.ec\/sitio\/wp-content\/uploads\/2026\/03\/ESTUDIANTES-UARTES-PLAZA-ADMINISTRACION.jpg\" \/>\n\t<meta property=\"og:image:width\" content=\"2000\" \/>\n\t<meta property=\"og:image:height\" content=\"1333\" \/>\n\t<meta property=\"og:image:type\" content=\"image\/jpeg\" \/>\n<meta name=\"author\" content=\"ccortez\" \/>\n<meta name=\"twitter:card\" content=\"summary_large_image\" \/>\n<meta name=\"twitter:creator\" content=\"@uartesec\" \/>\n<meta name=\"twitter:site\" content=\"@uartesec\" \/>\n<meta name=\"twitter:label1\" content=\"Written by\" \/>\n\t<meta name=\"twitter:data1\" content=\"ccortez\" \/>\n\t<meta name=\"twitter:label2\" content=\"Est. reading time\" \/>\n\t<meta name=\"twitter:data2\" content=\"2 minutes\" \/>\n<script type=\"application\/ld+json\" class=\"yoast-schema-graph\">{\"@context\":\"https:\\\/\\\/schema.org\",\"@graph\":[{\"@type\":\"Article\",\"@id\":\"https:\\\/\\\/www.uartes.edu.ec\\\/sitio\\\/en\\\/blog\\\/2026\\\/03\\\/13\\\/candidatos-estudiantiles-ante-el-ocs-y-los-cde-en-campana-hasta-el-17-de-marzo-el-18-son-las-elecciones\\\/#article\",\"isPartOf\":{\"@id\":\"https:\\\/\\\/www.uartes.edu.ec\\\/sitio\\\/en\\\/blog\\\/2026\\\/03\\\/13\\\/candidatos-estudiantiles-ante-el-ocs-y-los-cde-en-campana-hasta-el-17-de-marzo-el-18-son-las-elecciones\\\/\"},\"author\":{\"name\":\"ccortez\",\"@id\":\"https:\\\/\\\/www.uartes.edu.ec\\\/sitio\\\/en\\\/#\\\/schema\\\/person\\\/efa1b8275797664fd7f13a79ccc0b1f4\"},\"headline\":\"Candidatos estudiantiles ante el OCS y los CDE, en campa\u00f1a hasta el 17 de marzo; el 18 ser\u00e1n las elecciones\",\"datePublished\":\"2026-03-13T20:44:23+00:00\",\"dateModified\":\"2026-03-13T21:30:04+00:00\",\"mainEntityOfPage\":{\"@id\":\"https:\\\/\\\/www.uartes.edu.ec\\\/sitio\\\/en\\\/blog\\\/2026\\\/03\\\/13\\\/candidatos-estudiantiles-ante-el-ocs-y-los-cde-en-campana-hasta-el-17-de-marzo-el-18-son-las-elecciones\\\/\"},\"wordCount\":491,\"commentCount\":0,\"publisher\":{\"@id\":\"https:\\\/\\\/www.uartes.edu.ec\\\/sitio\\\/en\\\/#organization\"},\"image\":{\"@id\":\"https:\\\/\\\/www.uartes.edu.ec\\\/sitio\\\/en\\\/blog\\\/2026\\\/03\\\/13\\\/candidatos-estudiantiles-ante-el-ocs-y-los-cde-en-campana-hasta-el-17-de-marzo-el-18-son-las-elecciones\\\/#primaryimage\"},\"thumbnailUrl\":\"https:\\\/\\\/www.uartes.edu.ec\\\/sitio\\\/wp-content\\\/uploads\\\/2026\\\/03\\\/ESTUDIANTES-UARTES-PLAZA-ADMINISTRACION.jpg\",\"keywords\":[\"proceso\"],\"articleSection\":[\"Estudiantes\",\"Gesti\u00f3n\"],\"inLanguage\":\"en-US\",\"potentialAction\":[{\"@type\":\"CommentAction\",\"name\":\"Comment\",\"target\":[\"https:\\\/\\\/www.uartes.edu.ec\\\/sitio\\\/en\\\/blog\\\/2026\\\/03\\\/13\\\/candidatos-estudiantiles-ante-el-ocs-y-los-cde-en-campana-hasta-el-17-de-marzo-el-18-son-las-elecciones\\\/#respond\"]}]},{\"@type\":[\"WebPage\",\"ItemPage\"],\"@id\":\"https:\\\/\\\/www.uartes.edu.ec\\\/sitio\\\/en\\\/blog\\\/2026\\\/03\\\/13\\\/candidatos-estudiantiles-ante-el-ocs-y-los-cde-en-campana-hasta-el-17-de-marzo-el-18-son-las-elecciones\\\/\",\"url\":\"https:\\\/\\\/www.uartes.edu.ec\\\/sitio\\\/en\\\/blog\\\/2026\\\/03\\\/13\\\/candidatos-estudiantiles-ante-el-ocs-y-los-cde-en-campana-hasta-el-17-de-marzo-el-18-son-las-elecciones\\\/\",\"name\":\"Universidad de las Artes - Candidatos estudiantiles ante el OCS y los CDE, en campa\u00f1a hasta el 17 de marzo; el 18 ser\u00e1n las elecciones\",\"isPartOf\":{\"@id\":\"https:\\\/\\\/www.uartes.edu.ec\\\/sitio\\\/en\\\/#website\"},\"primaryImageOfPage\":{\"@id\":\"https:\\\/\\\/www.uartes.edu.ec\\\/sitio\\\/en\\\/blog\\\/2026\\\/03\\\/13\\\/candidatos-estudiantiles-ante-el-ocs-y-los-cde-en-campana-hasta-el-17-de-marzo-el-18-son-las-elecciones\\\/#primaryimage\"},\"image\":{\"@id\":\"https:\\\/\\\/www.uartes.edu.ec\\\/sitio\\\/en\\\/blog\\\/2026\\\/03\\\/13\\\/candidatos-estudiantiles-ante-el-ocs-y-los-cde-en-campana-hasta-el-17-de-marzo-el-18-son-las-elecciones\\\/#primaryimage\"},\"thumbnailUrl\":\"https:\\\/\\\/www.uartes.edu.ec\\\/sitio\\\/wp-content\\\/uploads\\\/2026\\\/03\\\/ESTUDIANTES-UARTES-PLAZA-ADMINISTRACION.jpg\",\"datePublished\":\"2026-03-13T20:44:23+00:00\",\"dateModified\":\"2026-03-13T21:30:04+00:00\",\"description\":\"Universidad de las Artes - Candidatos estudiantiles ante el OCS y los CDE, en campa\u00f1a hasta el 17 de marzo; el 18 ser\u00e1n las elecciones\",\"breadcrumb\":{\"@id\":\"https:\\\/\\\/www.uartes.edu.ec\\\/sitio\\\/en\\\/blog\\\/2026\\\/03\\\/13\\\/candidatos-estudiantiles-ante-el-ocs-y-los-cde-en-campana-hasta-el-17-de-marzo-el-18-son-las-elecciones\\\/#breadcrumb\"},\"inLanguage\":\"en-US\",\"potentialAction\":[{\"@type\":\"ReadAction\",\"target\":[\"https:\\\/\\\/www.uartes.edu.ec\\\/sitio\\\/en\\\/blog\\\/2026\\\/03\\\/13\\\/candidatos-estudiantiles-ante-el-ocs-y-los-cde-en-campana-hasta-el-17-de-marzo-el-18-son-las-elecciones\\\/\"]}]},{\"@type\":\"ImageObject\",\"inLanguage\":\"en-US\",\"@id\":\"https:\\\/\\\/www.uartes.edu.ec\\\/sitio\\\/en\\\/blog\\\/2026\\\/03\\\/13\\\/candidatos-estudiantiles-ante-el-ocs-y-los-cde-en-campana-hasta-el-17-de-marzo-el-18-son-las-elecciones\\\/#primaryimage\",\"url\":\"https:\\\/\\\/www.uartes.edu.ec\\\/sitio\\\/wp-content\\\/uploads\\\/2026\\\/03\\\/ESTUDIANTES-UARTES-PLAZA-ADMINISTRACION.jpg\",\"contentUrl\":\"https:\\\/\\\/www.uartes.edu.ec\\\/sitio\\\/wp-content\\\/uploads\\\/2026\\\/03\\\/ESTUDIANTES-UARTES-PLAZA-ADMINISTRACION.jpg\",\"width\":2000,\"height\":1333},{\"@type\":\"BreadcrumbList\",\"@id\":\"https:\\\/\\\/www.uartes.edu.ec\\\/sitio\\\/en\\\/blog\\\/2026\\\/03\\\/13\\\/candidatos-estudiantiles-ante-el-ocs-y-los-cde-en-campana-hasta-el-17-de-marzo-el-18-son-las-elecciones\\\/#breadcrumb\",\"itemListElement\":[{\"@type\":\"ListItem\",\"position\":1,\"name\":\"Inicio\",\"item\":\"https:\\\/\\\/www.uartes.edu.ec\\\/sitio\\\/\"},{\"@type\":\"ListItem\",\"position\":2,\"name\":\"Candidatos estudiantiles ante el OCS y los CDE, en campa\u00f1a hasta el 17 de marzo; el 18 ser\u00e1n las elecciones\"}]},{\"@type\":\"WebSite\",\"@id\":\"https:\\\/\\\/www.uartes.edu.ec\\\/sitio\\\/en\\\/#website\",\"url\":\"https:\\\/\\\/www.uartes.edu.ec\\\/sitio\\\/en\\\/\",\"name\":\"Universidad de las Artes\",\"description\":\"Sitio oficial de la Universidad Nacional de las Artes del Ecuador\",\"publisher\":{\"@id\":\"https:\\\/\\\/www.uartes.edu.ec\\\/sitio\\\/en\\\/#organization\"},\"potentialAction\":[{\"@type\":\"SearchAction\",\"target\":{\"@type\":\"EntryPoint\",\"urlTemplate\":\"https:\\\/\\\/www.uartes.edu.ec\\\/sitio\\\/en\\\/?s={search_term_string}\"},\"query-input\":{\"@type\":\"PropertyValueSpecification\",\"valueRequired\":true,\"valueName\":\"search_term_string\"}}],\"inLanguage\":\"en-US\"},{\"@type\":\"Organization\",\"@id\":\"https:\\\/\\\/www.uartes.edu.ec\\\/sitio\\\/en\\\/#organization\",\"name\":\"Universidad de las Artes\",\"url\":\"https:\\\/\\\/www.uartes.edu.ec\\\/sitio\\\/en\\\/\",\"logo\":{\"@type\":\"ImageObject\",\"inLanguage\":\"en-US\",\"@id\":\"https:\\\/\\\/www.uartes.edu.ec\\\/sitio\\\/en\\\/#\\\/schema\\\/logo\\\/image\\\/\",\"url\":\"https:\\\/\\\/www.uartes.edu.ec\\\/sitio\\\/wp-content\\\/uploads\\\/2022\\\/07\\\/logo-ua-horizontal.png\",\"contentUrl\":\"https:\\\/\\\/www.uartes.edu.ec\\\/sitio\\\/wp-content\\\/uploads\\\/2022\\\/07\\\/logo-ua-horizontal.png\",\"width\":800,\"height\":276,\"caption\":\"Universidad de las Artes\"},\"image\":{\"@id\":\"https:\\\/\\\/www.uartes.edu.ec\\\/sitio\\\/en\\\/#\\\/schema\\\/logo\\\/image\\\/\"},\"sameAs\":[\"https:\\\/\\\/www.facebook.com\\\/uartesec\",\"https:\\\/\\\/x.com\\\/uartesec\",\"https:\\\/\\\/www.tiktok.com\\\/@uartesec\"]},{\"@type\":\"Person\",\"@id\":\"https:\\\/\\\/www.uartes.edu.ec\\\/sitio\\\/en\\\/#\\\/schema\\\/person\\\/efa1b8275797664fd7f13a79ccc0b1f4\",\"name\":\"ccortez\",\"image\":{\"@type\":\"ImageObject\",\"inLanguage\":\"en-US\",\"@id\":\"https:\\\/\\\/secure.gravatar.com\\\/avatar\\\/b2a6f664a3ae8e074346ef91775736c5ec479e637ecced6842de9dc98b5da9cd?s=96&d=mm&r=g\",\"url\":\"https:\\\/\\\/secure.gravatar.com\\\/avatar\\\/b2a6f664a3ae8e074346ef91775736c5ec479e637ecced6842de9dc98b5da9cd?s=96&d=mm&r=g\",\"contentUrl\":\"https:\\\/\\\/secure.gravatar.com\\\/avatar\\\/b2a6f664a3ae8e074346ef91775736c5ec479e637ecced6842de9dc98b5da9cd?s=96&d=mm&r=g\",\"caption\":\"ccortez\"},\"url\":\"https:\\\/\\\/www.uartes.edu.ec\\\/sitio\\\/en\\\/blog\\\/author\\\/ccortez\\\/\"}]}<\/script>\n<!-- \/ Yoast SEO plugin. -->","yoast_head_json":{"title":"Universidad de las Artes - Candidatos estudiantiles ante el OCS y los CDE, en campa\u00f1a hasta el 17 de marzo; el 18 ser\u00e1n las elecciones","description":"Universidad de las Artes - Candidatos estudiantiles ante el OCS y los CDE, en campa\u00f1a hasta el 17 de marzo; el 18 ser\u00e1n las elecciones","robots":{"index":"index","follow":"follow","max-snippet":"max-snippet:-1","max-image-preview":"max-image-preview:large","max-video-preview":"max-video-preview:-1"},"canonical":"https:\/\/www.uartes.edu.ec\/sitio\/en\/blog\/2026\/03\/13\/candidatos-estudiantiles-ante-el-ocs-y-los-cde-en-campana-hasta-el-17-de-marzo-el-18-son-las-elecciones\/","og_locale":"en_US","og_type":"article","og_title":"Universidad de las Artes - Candidatos estudiantiles ante el OCS y los CDE, en campa\u00f1a hasta el 17 de marzo; el 18 ser\u00e1n las elecciones","og_description":"Universidad de las Artes - Candidatos estudiantiles ante el OCS y los CDE, en campa\u00f1a hasta el 17 de marzo; el 18 ser\u00e1n las elecciones","og_url":"https:\/\/www.uartes.edu.ec\/sitio\/en\/blog\/2026\/03\/13\/candidatos-estudiantiles-ante-el-ocs-y-los-cde-en-campana-hasta-el-17-de-marzo-el-18-son-las-elecciones\/","og_site_name":"Universidad de las Artes","article_publisher":"https:\/\/www.facebook.com\/uartesec","article_published_time":"2026-03-13T20:44:23+00:00","article_modified_time":"2026-03-13T21:30:04+00:00","og_image":[{"width":2000,"height":1333,"url":"https:\/\/www.uartes.edu.ec\/sitio\/wp-content\/uploads\/2026\/03\/ESTUDIANTES-UARTES-PLAZA-ADMINISTRACION.jpg","type":"image\/jpeg"}],"author":"ccortez","twitter_card":"summary_large_image","twitter_creator":"@uartesec","twitter_site":"@uartesec","twitter_misc":{"Written by":"ccortez","Est. reading time":"2 minutes"},"schema":{"@context":"https:\/\/schema.org","@graph":[{"@type":"Article","@id":"https:\/\/www.uartes.edu.ec\/sitio\/en\/blog\/2026\/03\/13\/candidatos-estudiantiles-ante-el-ocs-y-los-cde-en-campana-hasta-el-17-de-marzo-el-18-son-las-elecciones\/#article","isPartOf":{"@id":"https:\/\/www.uartes.edu.ec\/sitio\/en\/blog\/2026\/03\/13\/candidatos-estudiantiles-ante-el-ocs-y-los-cde-en-campana-hasta-el-17-de-marzo-el-18-son-las-elecciones\/"},"author":{"name":"ccortez","@id":"https:\/\/www.uartes.edu.ec\/sitio\/en\/#\/schema\/person\/efa1b8275797664fd7f13a79ccc0b1f4"},"headline":"Candidatos estudiantiles ante el OCS y los CDE, en campa\u00f1a hasta el 17 de marzo; el 18 ser\u00e1n las elecciones","datePublished":"2026-03-13T20:44:23+00:00","dateModified":"2026-03-13T21:30:04+00:00","mainEntityOfPage":{"@id":"https:\/\/www.uartes.edu.ec\/sitio\/en\/blog\/2026\/03\/13\/candidatos-estudiantiles-ante-el-ocs-y-los-cde-en-campana-hasta-el-17-de-marzo-el-18-son-las-elecciones\/"},"wordCount":491,"commentCount":0,"publisher":{"@id":"https:\/\/www.uartes.edu.ec\/sitio\/en\/#organization"},"image":{"@id":"https:\/\/www.uartes.edu.ec\/sitio\/en\/blog\/2026\/03\/13\/candidatos-estudiantiles-ante-el-ocs-y-los-cde-en-campana-hasta-el-17-de-marzo-el-18-son-las-elecciones\/#primaryimage"},"thumbnailUrl":"https:\/\/www.uartes.edu.ec\/sitio\/wp-content\/uploads\/2026\/03\/ESTUDIANTES-UARTES-PLAZA-ADMINISTRACION.jpg","keywords":["proceso"],"articleSection":["Estudiantes","Gesti\u00f3n"],"inLanguage":"en-US","potentialAction":[{"@type":"CommentAction","name":"Comment","target":["https:\/\/www.uartes.edu.ec\/sitio\/en\/blog\/2026\/03\/13\/candidatos-estudiantiles-ante-el-ocs-y-los-cde-en-campana-hasta-el-17-de-marzo-el-18-son-las-elecciones\/#respond"]}]},{"@type":["WebPage","ItemPage"],"@id":"https:\/\/www.uartes.edu.ec\/sitio\/en\/blog\/2026\/03\/13\/candidatos-estudiantiles-ante-el-ocs-y-los-cde-en-campana-hasta-el-17-de-marzo-el-18-son-las-elecciones\/","url":"https:\/\/www.uartes.edu.ec\/sitio\/en\/blog\/2026\/03\/13\/candidatos-estudiantiles-ante-el-ocs-y-los-cde-en-campana-hasta-el-17-de-marzo-el-18-son-las-elecciones\/","name":"Universidad de las Artes - Candidatos estudiantiles ante el OCS y los CDE, en campa\u00f1a hasta el 17 de marzo; el 18 ser\u00e1n las elecciones","isPartOf":{"@id":"https:\/\/www.uartes.edu.ec\/sitio\/en\/#website"},"primaryImageOfPage":{"@id":"https:\/\/www.uartes.edu.ec\/sitio\/en\/blog\/2026\/03\/13\/candidatos-estudiantiles-ante-el-ocs-y-los-cde-en-campana-hasta-el-17-de-marzo-el-18-son-las-elecciones\/#primaryimage"},"image":{"@id":"https:\/\/www.uartes.edu.ec\/sitio\/en\/blog\/2026\/03\/13\/candidatos-estudiantiles-ante-el-ocs-y-los-cde-en-campana-hasta-el-17-de-marzo-el-18-son-las-elecciones\/#primaryimage"},"thumbnailUrl":"https:\/\/www.uartes.edu.ec\/sitio\/wp-content\/uploads\/2026\/03\/ESTUDIANTES-UARTES-PLAZA-ADMINISTRACION.jpg","datePublished":"2026-03-13T20:44:23+00:00","dateModified":"2026-03-13T21:30:04+00:00","description":"Universidad de las Artes - Candidatos estudiantiles ante el OCS y los CDE, en campa\u00f1a hasta el 17 de marzo; el 18 ser\u00e1n las elecciones","breadcrumb":{"@id":"https:\/\/www.uartes.edu.ec\/sitio\/en\/blog\/2026\/03\/13\/candidatos-estudiantiles-ante-el-ocs-y-los-cde-en-campana-hasta-el-17-de-marzo-el-18-son-las-elecciones\/#breadcrumb"},"inLanguage":"en-US","potentialAction":[{"@type":"ReadAction","target":["https:\/\/www.uartes.edu.ec\/sitio\/en\/blog\/2026\/03\/13\/candidatos-estudiantiles-ante-el-ocs-y-los-cde-en-campana-hasta-el-17-de-marzo-el-18-son-las-elecciones\/"]}]},{"@type":"ImageObject","inLanguage":"en-US","@id":"https:\/\/www.uartes.edu.ec\/sitio\/en\/blog\/2026\/03\/13\/candidatos-estudiantiles-ante-el-ocs-y-los-cde-en-campana-hasta-el-17-de-marzo-el-18-son-las-elecciones\/#primaryimage","url":"https:\/\/www.uartes.edu.ec\/sitio\/wp-content\/uploads\/2026\/03\/ESTUDIANTES-UARTES-PLAZA-ADMINISTRACION.jpg","contentUrl":"https:\/\/www.uartes.edu.ec\/sitio\/wp-content\/uploads\/2026\/03\/ESTUDIANTES-UARTES-PLAZA-ADMINISTRACION.jpg","width":2000,"height":1333},{"@type":"BreadcrumbList","@id":"https:\/\/www.uartes.edu.ec\/sitio\/en\/blog\/2026\/03\/13\/candidatos-estudiantiles-ante-el-ocs-y-los-cde-en-campana-hasta-el-17-de-marzo-el-18-son-las-elecciones\/#breadcrumb","itemListElement":[{"@type":"ListItem","position":1,"name":"Inicio","item":"https:\/\/www.uartes.edu.ec\/sitio\/"},{"@type":"ListItem","position":2,"name":"Candidatos estudiantiles ante el OCS y los CDE, en campa\u00f1a hasta el 17 de marzo; el 18 ser\u00e1n las elecciones"}]},{"@type":"WebSite","@id":"https:\/\/www.uartes.edu.ec\/sitio\/en\/#website","url":"https:\/\/www.uartes.edu.ec\/sitio\/en\/","name":"Universidad de las Artes","description":"Sitio oficial de la Universidad Nacional de las Artes del Ecuador","publisher":{"@id":"https:\/\/www.uartes.edu.ec\/sitio\/en\/#organization"},"potentialAction":[{"@type":"SearchAction","target":{"@type":"EntryPoint","urlTemplate":"https:\/\/www.uartes.edu.ec\/sitio\/en\/?s={search_term_string}"},"query-input":{"@type":"PropertyValueSpecification","valueRequired":true,"valueName":"search_term_string"}}],"inLanguage":"en-US"},{"@type":"Organization","@id":"https:\/\/www.uartes.edu.ec\/sitio\/en\/#organization","name":"Universidad de las Artes","url":"https:\/\/www.uartes.edu.ec\/sitio\/en\/","logo":{"@type":"ImageObject","inLanguage":"en-US","@id":"https:\/\/www.uartes.edu.ec\/sitio\/en\/#\/schema\/logo\/image\/","url":"https:\/\/www.uartes.edu.ec\/sitio\/wp-content\/uploads\/2022\/07\/logo-ua-horizontal.png","contentUrl":"https:\/\/www.uartes.edu.ec\/sitio\/wp-content\/uploads\/2022\/07\/logo-ua-horizontal.png","width":800,"height":276,"caption":"Universidad de las Artes"},"image":{"@id":"https:\/\/www.uartes.edu.ec\/sitio\/en\/#\/schema\/logo\/image\/"},"sameAs":["https:\/\/www.facebook.com\/uartesec","https:\/\/x.com\/uartesec","https:\/\/www.tiktok.com\/@uartesec"]},{"@type":"Person","@id":"https:\/\/www.uartes.edu.ec\/sitio\/en\/#\/schema\/person\/efa1b8275797664fd7f13a79ccc0b1f4","name":"ccortez","image":{"@type":"ImageObject","inLanguage":"en-US","@id":"https:\/\/secure.gravatar.com\/avatar\/b2a6f664a3ae8e074346ef91775736c5ec479e637ecced6842de9dc98b5da9cd?s=96&d=mm&r=g","url":"https:\/\/secure.gravatar.com\/avatar\/b2a6f664a3ae8e074346ef91775736c5ec479e637ecced6842de9dc98b5da9cd?s=96&d=mm&r=g","contentUrl":"https:\/\/secure.gravatar.com\/avatar\/b2a6f664a3ae8e074346ef91775736c5ec479e637ecced6842de9dc98b5da9cd?s=96&d=mm&r=g","caption":"ccortez"},"url":"https:\/\/www.uartes.edu.ec\/sitio\/en\/blog\/author\/ccortez\/"}]}},"uagb_featured_image_src":{"full":["https:\/\/www.uartes.edu.ec\/sitio\/wp-content\/uploads\/2026\/03\/ESTUDIANTES-UARTES-PLAZA-ADMINISTRACION.jpg",2000,1333,false],"thumbnail":["https:\/\/www.uartes.edu.ec\/sitio\/wp-content\/uploads\/2026\/03\/ESTUDIANTES-UARTES-PLAZA-ADMINISTRACION-150x150.jpg",150,150,true],"medium":["https:\/\/www.uartes.edu.ec\/sitio\/wp-content\/uploads\/2026\/03\/ESTUDIANTES-UARTES-PLAZA-ADMINISTRACION-300x200.jpg",300,200,true],"medium_large":["https:\/\/www.uartes.edu.ec\/sitio\/wp-content\/uploads\/2026\/03\/ESTUDIANTES-UARTES-PLAZA-ADMINISTRACION-768x512.jpg",768,512,true],"large":["https:\/\/www.uartes.edu.ec\/sitio\/wp-content\/uploads\/2026\/03\/ESTUDIANTES-UARTES-PLAZA-ADMINISTRACION-644x429.jpg",644,429,true],"1536x1536":["https:\/\/www.uartes.edu.ec\/sitio\/wp-content\/uploads\/2026\/03\/ESTUDIANTES-UARTES-PLAZA-ADMINISTRACION-1536x1024.jpg",1536,1024,true],"2048x2048":["https:\/\/www.uartes.edu.ec\/sitio\/wp-content\/uploads\/2026\/03\/ESTUDIANTES-UARTES-PLAZA-ADMINISTRACION.jpg",2000,1333,false],"trp-custom-language-flag":["https:\/\/www.uartes.edu.ec\/sitio\/wp-content\/uploads\/2026\/03\/ESTUDIANTES-UARTES-PLAZA-ADMINISTRACION-18x12.jpg",18,12,true],"htmega_size_585x295":["https:\/\/www.uartes.edu.ec\/sitio\/wp-content\/uploads\/2026\/03\/ESTUDIANTES-UARTES-PLAZA-ADMINISTRACION-585x295.jpg",585,295,true],"htmega_size_1170x536":["https:\/\/www.uartes.edu.ec\/sitio\/wp-content\/uploads\/2026\/03\/ESTUDIANTES-UARTES-PLAZA-ADMINISTRACION-1170x536.jpg",1170,536,true],"htmega_size_396x360":["https:\/\/www.uartes.edu.ec\/sitio\/wp-content\/uploads\/2026\/03\/ESTUDIANTES-UARTES-PLAZA-ADMINISTRACION-396x360.jpg",396,360,true],"gb-block-post-grid-landscape":["https:\/\/www.uartes.edu.ec\/sitio\/wp-content\/uploads\/2026\/03\/ESTUDIANTES-UARTES-PLAZA-ADMINISTRACION-600x400.jpg",600,400,true],"gb-block-post-grid-square":["https:\/\/www.uartes.edu.ec\/sitio\/wp-content\/uploads\/2026\/03\/ESTUDIANTES-UARTES-PLAZA-ADMINISTRACION-600x600.jpg",600,600,true],"university-hub-thumb":["https:\/\/www.uartes.edu.ec\/sitio\/wp-content\/uploads\/2026\/03\/ESTUDIANTES-UARTES-PLAZA-ADMINISTRACION-400x267.jpg",400,267,true]},"uagb_author_info":{"display_name":"ccortez","author_link":"https:\/\/www.uartes.edu.ec\/sitio\/en\/blog\/author\/ccortez\/"},"uagb_comment_info":0,"uagb_excerpt":"En t\u00e9rminos del cogobierno, en la Universidad de las Artes se efectuar\u00e1 el 18 de marzo el proceso electoral en el que los estudiantes elegir\u00e1n a los candidatos que los representar\u00e1n ante el \u00d3rgano Colegiado Superior (OCS) y los Consejos Directivos de Escuela (CDE). El sufragio se har\u00e1 mediante voto electr\u00f3nico. Actualmente, los candidatos estudiantiles&hellip;","featured_image_src":"https:\/\/www.uartes.edu.ec\/sitio\/wp-content\/uploads\/2026\/03\/ESTUDIANTES-UARTES-PLAZA-ADMINISTRACION-600x400.jpg","featured_image_src_square":"https:\/\/www.uartes.edu.ec\/sitio\/wp-content\/uploads\/2026\/03\/ESTUDIANTES-UARTES-PLAZA-ADMINISTRACION-600x600.jpg","author_info":{"display_name":"ccortez","author_link":"https:\/\/www.uartes.edu.ec\/sitio\/en\/blog\/author\/ccortez\/"},"publishpress_future_workflow_manual_trigger":{"enabledWorkflows":[]},"distributor_meta":false,"distributor_terms":false,"distributor_media":false,"distributor_original_site_name":"Universidad de las Artes","distributor_original_site_url":"https:\/\/www.uartes.edu.ec\/sitio\/en","push-errors":false,"_links":{"self":[{"href":"https:\/\/www.uartes.edu.ec\/sitio\/en\/wp-json\/wp\/v2\/posts\/87713","targetHints":{"allow":["GET"]}}],"collection":[{"href":"https:\/\/www.uartes.edu.ec\/sitio\/en\/wp-json\/wp\/v2\/posts"}],"about":[{"href":"https:\/\/www.uartes.edu.ec\/sitio\/en\/wp-json\/wp\/v2\/types\/post"}],"author":[{"embeddable":true,"href":"https:\/\/www.uartes.edu.ec\/sitio\/en\/wp-json\/wp\/v2\/users\/10"}],"replies":[{"embeddable":true,"href":"https:\/\/www.uartes.edu.ec\/sitio\/en\/wp-json\/wp\/v2\/comments?post=87713"}],"version-history":[{"count":6,"href":"https:\/\/www.uartes.edu.ec\/sitio\/en\/wp-json\/wp\/v2\/posts\/87713\/revisions"}],"predecessor-version":[{"id":87781,"href":"https:\/\/www.uartes.edu.ec\/sitio\/en\/wp-json\/wp\/v2\/posts\/87713\/revisions\/87781"}],"wp:featuredmedia":[{"embeddable":true,"href":"https:\/\/www.uartes.edu.ec\/sitio\/en\/wp-json\/wp\/v2\/media\/87767"}],"wp:attachment":[{"href":"https:\/\/www.uartes.edu.ec\/sitio\/en\/wp-json\/wp\/v2\/media?parent=87713"}],"wp:term":[{"taxonomy":"category","embeddable":true,"href":"https:\/\/www.uartes.edu.ec\/sitio\/en\/wp-json\/wp\/v2\/categories?post=87713"},{"taxonomy":"post_tag","embeddable":true,"href":"https:\/\/www.uartes.edu.ec\/sitio\/en\/wp-json\/wp\/v2\/tags?post=87713"},{"taxonomy":"infouartes","embeddable":true,"href":"https:\/\/www.uartes.edu.ec\/sitio\/en\/wp-json\/wp\/v2\/infouartes?post=87713"}],"curies":[{"name":"wp","href":"https:\/\/api.w.org\/{rel}","templated":true}]}}