{"id":89942,"date":"2026-04-28T13:17:00","date_gmt":"2026-04-28T18:17:00","guid":{"rendered":"https:\/\/www.uartes.edu.ec\/sitio\/?p=89942"},"modified":"2026-04-29T10:43:39","modified_gmt":"2026-04-29T15:43:39","slug":"prototeca-iii-maquinas-tecnoviviales-reune-proyectos-de-estudiantes-de-arte-y-tecnologia","status":"publish","type":"post","link":"https:\/\/www.uartes.edu.ec\/sitio\/en\/blog\/2026\/04\/28\/prototeca-iii-maquinas-tecnoviviales-reune-proyectos-de-estudiantes-de-arte-y-tecnologia\/","title":{"rendered":"\u201cPrototeca III, m\u00e1quinas tecnoviviales\u201d re\u00fane proyectos de los estudiantes de Arte y Tecnolog\u00eda, asignatura Transversal"},"content":{"rendered":"\n<p>\u201cEsta tercera edici\u00f3n de \u2018Prototeca\u2019 re\u00fane proyectos realizados por estudiantes de la Universidad de las Artes en el Laboratorio de Arte y Tecnolog\u00eda durante el 2025. Los trabajos seleccionados dan cuenta de la variedad de devenires que ofrece el arte en su relaci\u00f3n con los medios digitales y las potencialidades de pensar el arte desde un campo expandido y cosmot\u00e9cnico\u201d.<\/p>\n\n\n\n<p>El texto de sala describe as\u00ed a la muestra inaugurada el viernes 24 de abril en el Fab.Lab., ubicado en el primer piso del MZ14 Centro de Producci\u00f3n e Innovaci\u00f3n UArtes, donde permanecer\u00e1 hasta el pr\u00f3ximo 8 de mayo. A su apertura asisti\u00f3 el vicerrector de Posgrados e Investigaci\u00f3n en Artes, Andrey Astaiza, y estuvieron presentes varios de los docentes que imparten la asignatura Artes y Tecnolog\u00eda, del Departamento Transversal de Teor\u00edas Cr\u00edticas y Pr\u00e1cticas Experimentales, los expositores y comunidad universitaria, sobre todo estudiantes deseosos por ver y probar los prototipos expuestos.<\/p>\n\n\n\n<p>Justamente, el nombre de la muestra, \u201cPrototeca III, m\u00e1quinas tecnoviviales\u201d, tiene que ver con la idea de prototipo, anot\u00f3 Pedro Cagigal, uno de los docentes que imparten la asignatura de Arte y Tecnolog\u00eda; los otros son Mariuxi \u00c1vila, Juan Jos\u00e9 Ripalda y Paulina Romero. Cada uno mostr\u00f3 algunos de los proyectos de sus alumnos, los cuales fueron seleccionados y pasaron luego por una curadur\u00eda.<\/p>\n\n\n<div class=\"wp-block-image\">\n<figure class=\"aligncenter size-large\"><img fetchpriority=\"high\" decoding=\"async\" width=\"644\" height=\"429\" src=\"https:\/\/www.uartes.edu.ec\/sitio\/wp-content\/uploads\/2026\/04\/05-PROTOTECA-644x429.jpg\" alt=\"\" class=\"wp-image-89944\" srcset=\"https:\/\/www.uartes.edu.ec\/sitio\/wp-content\/uploads\/2026\/04\/05-PROTOTECA-644x429.jpg 644w, https:\/\/www.uartes.edu.ec\/sitio\/wp-content\/uploads\/2026\/04\/05-PROTOTECA-300x200.jpg 300w, https:\/\/www.uartes.edu.ec\/sitio\/wp-content\/uploads\/2026\/04\/05-PROTOTECA-768x512.jpg 768w, https:\/\/www.uartes.edu.ec\/sitio\/wp-content\/uploads\/2026\/04\/05-PROTOTECA-1536x1024.jpg 1536w, https:\/\/www.uartes.edu.ec\/sitio\/wp-content\/uploads\/2026\/04\/05-PROTOTECA-18x12.jpg 18w, https:\/\/www.uartes.edu.ec\/sitio\/wp-content\/uploads\/2026\/04\/05-PROTOTECA-600x400.jpg 600w, https:\/\/www.uartes.edu.ec\/sitio\/wp-content\/uploads\/2026\/04\/05-PROTOTECA-400x267.jpg 400w, https:\/\/www.uartes.edu.ec\/sitio\/wp-content\/uploads\/2026\/04\/05-PROTOTECA.jpg 2000w\" sizes=\"(max-width: 644px) 100vw, 644px\" \/><\/figure>\n<\/div>\n\n<div class=\"wp-block-image\">\n<figure class=\"aligncenter size-large is-resized\"><img decoding=\"async\" width=\"644\" height=\"429\" src=\"https:\/\/www.uartes.edu.ec\/sitio\/wp-content\/uploads\/2026\/04\/Proyecto-Cambiar-tamano-de-imagen-2026-04-29T102232.495-644x429.jpeg\" alt=\"\" class=\"wp-image-89949\" style=\"aspect-ratio:1.5011837552358405;width:479px;height:auto\" srcset=\"https:\/\/www.uartes.edu.ec\/sitio\/wp-content\/uploads\/2026\/04\/Proyecto-Cambiar-tamano-de-imagen-2026-04-29T102232.495-644x429.jpeg 644w, https:\/\/www.uartes.edu.ec\/sitio\/wp-content\/uploads\/2026\/04\/Proyecto-Cambiar-tamano-de-imagen-2026-04-29T102232.495-300x200.jpeg 300w, https:\/\/www.uartes.edu.ec\/sitio\/wp-content\/uploads\/2026\/04\/Proyecto-Cambiar-tamano-de-imagen-2026-04-29T102232.495-768x512.jpeg 768w, https:\/\/www.uartes.edu.ec\/sitio\/wp-content\/uploads\/2026\/04\/Proyecto-Cambiar-tamano-de-imagen-2026-04-29T102232.495-1536x1024.jpeg 1536w, https:\/\/www.uartes.edu.ec\/sitio\/wp-content\/uploads\/2026\/04\/Proyecto-Cambiar-tamano-de-imagen-2026-04-29T102232.495-18x12.jpeg 18w, https:\/\/www.uartes.edu.ec\/sitio\/wp-content\/uploads\/2026\/04\/Proyecto-Cambiar-tamano-de-imagen-2026-04-29T102232.495-600x400.jpeg 600w, https:\/\/www.uartes.edu.ec\/sitio\/wp-content\/uploads\/2026\/04\/Proyecto-Cambiar-tamano-de-imagen-2026-04-29T102232.495-400x267.jpeg 400w, https:\/\/www.uartes.edu.ec\/sitio\/wp-content\/uploads\/2026\/04\/Proyecto-Cambiar-tamano-de-imagen-2026-04-29T102232.495.jpeg 2000w\" sizes=\"(max-width: 644px) 100vw, 644px\" \/><\/figure>\n<\/div>\n\n\n<p>Cagigal mencion\u00f3 que son catorce los trabajos en sala: \u201cFrecuencia Deshumana\u201d, instalaci\u00f3n de videmapping; \u201cOb 1 Pintura sonora\u201d, instalaci\u00f3n interactiva; \u201cLastre de agobio\u201d, video instalaci\u00f3n; \u201cMuseo Dot_Go\u201d, colectivo; \u201cMemoria del mar\u201d, entorno virtual; \u201cVista punto\u201d, realidad virtual; \u201cTeatro Roblox: Chawpi-quyllur\u201d, cyber-teatro; \u201cCore Entretaiment\u201d, Net art; y una \u201cSelecci\u00f3n de obras audiovisuales\u201d, integrada por \u201cEl acoso no es amor\u201d, cortometraje de animaci\u00f3n 3D; \u201cLas formas del vac\u00edo\u201d, video danza; \u201cEl vac\u00edo\u201d, video musical; \u201cCr\u00f3nicas del Ecuador\u201d, cortometraje; y \u201cCoraz\u00f3n\u201d, video musical.<\/p>\n\n\n\n<p>\u201cLo presentado es lo que hacemos en el Laboratorio de Arte y Tecnolog\u00eda y no son productos cerrados ni acabados, sino en proceso; son parte de las b\u00fasquedas y la investigaci\u00f3n de los estudiantes como tal. El prototipo da la idea de poder hacer, pero tambi\u00e9n de poder errar y no cerrar, sino de volver y probar incluso frente al p\u00fablico\u201d, explic\u00f3 Cagigal.<\/p>\n\n\n\n<p>Cont\u00f3 tambi\u00e9n que de entre los proyectos expuestos hay canciones in\u00e9ditas de los estudiantes, convertidas en video musicales; un trabajo interdisciplinar entre alumnos de Artes Visuales y Literatura, quienes crearon la narrativa interactiva de un personaje un poco oscuro, que luego hicieron en 3D \u201cy lo interesante es que utilizaron distintos softwares gratuitos que est\u00e1n en l\u00ednea\u201d. Recorriendo la sala mostr\u00f3 tambi\u00e9n un minecraft, un videojuego con una obra teatral sucedi\u00e9ndole: \u201cSe llama \u2018Teatro Roblox\u2019 y lo que estamos viendo es lo est\u00e1n jugando en otro lugar\u201d. Sobre \u201cLastre de agobio\u201d explic\u00f3 que es un video del c\u00e1lculo renal de un burro (mam\u00edfero herb\u00edvoro dom\u00e9stico de la familia de los \u00e9quidos) de la finca de una estudiante. \u201cEl animal muri\u00f3 y su abuelo recuper\u00f3 la piedra y ella la escane\u00f3 en 3D; con eso hizo un video experimental y un trabajo sonoro para recrear los sonidos de angustia que piensa tuvo el asno a causa del enorme c\u00e1lculo\u201d.<\/p>\n\n\n<div class=\"wp-block-image\">\n<figure class=\"aligncenter size-large\"><img decoding=\"async\" width=\"644\" height=\"429\" src=\"https:\/\/www.uartes.edu.ec\/sitio\/wp-content\/uploads\/2026\/04\/03-PROTOTECA-644x429.jpg\" alt=\"\" class=\"wp-image-89950\" srcset=\"https:\/\/www.uartes.edu.ec\/sitio\/wp-content\/uploads\/2026\/04\/03-PROTOTECA-644x429.jpg 644w, https:\/\/www.uartes.edu.ec\/sitio\/wp-content\/uploads\/2026\/04\/03-PROTOTECA-300x200.jpg 300w, https:\/\/www.uartes.edu.ec\/sitio\/wp-content\/uploads\/2026\/04\/03-PROTOTECA-768x512.jpg 768w, https:\/\/www.uartes.edu.ec\/sitio\/wp-content\/uploads\/2026\/04\/03-PROTOTECA-1536x1024.jpg 1536w, https:\/\/www.uartes.edu.ec\/sitio\/wp-content\/uploads\/2026\/04\/03-PROTOTECA-18x12.jpg 18w, https:\/\/www.uartes.edu.ec\/sitio\/wp-content\/uploads\/2026\/04\/03-PROTOTECA-600x400.jpg 600w, https:\/\/www.uartes.edu.ec\/sitio\/wp-content\/uploads\/2026\/04\/03-PROTOTECA-400x267.jpg 400w, https:\/\/www.uartes.edu.ec\/sitio\/wp-content\/uploads\/2026\/04\/03-PROTOTECA.jpg 2000w\" sizes=\"(max-width: 644px) 100vw, 644px\" \/><\/figure>\n<\/div>\n\n\n<figure class=\"wp-block-gallery has-nested-images columns-default is-cropped wp-block-gallery-1 is-layout-flex wp-block-gallery-is-layout-flex\">\n<figure class=\"wp-block-image size-large\"><img loading=\"lazy\" decoding=\"async\" width=\"644\" height=\"429\" data-id=\"89951\" src=\"https:\/\/www.uartes.edu.ec\/sitio\/wp-content\/uploads\/2026\/04\/Proyecto-Cambiar-tamano-de-imagen-2026-04-29T102259.109-644x429.jpeg\" alt=\"\" class=\"wp-image-89951\" srcset=\"https:\/\/www.uartes.edu.ec\/sitio\/wp-content\/uploads\/2026\/04\/Proyecto-Cambiar-tamano-de-imagen-2026-04-29T102259.109-644x429.jpeg 644w, https:\/\/www.uartes.edu.ec\/sitio\/wp-content\/uploads\/2026\/04\/Proyecto-Cambiar-tamano-de-imagen-2026-04-29T102259.109-300x200.jpeg 300w, https:\/\/www.uartes.edu.ec\/sitio\/wp-content\/uploads\/2026\/04\/Proyecto-Cambiar-tamano-de-imagen-2026-04-29T102259.109-768x512.jpeg 768w, https:\/\/www.uartes.edu.ec\/sitio\/wp-content\/uploads\/2026\/04\/Proyecto-Cambiar-tamano-de-imagen-2026-04-29T102259.109-1536x1024.jpeg 1536w, https:\/\/www.uartes.edu.ec\/sitio\/wp-content\/uploads\/2026\/04\/Proyecto-Cambiar-tamano-de-imagen-2026-04-29T102259.109-18x12.jpeg 18w, https:\/\/www.uartes.edu.ec\/sitio\/wp-content\/uploads\/2026\/04\/Proyecto-Cambiar-tamano-de-imagen-2026-04-29T102259.109-600x400.jpeg 600w, https:\/\/www.uartes.edu.ec\/sitio\/wp-content\/uploads\/2026\/04\/Proyecto-Cambiar-tamano-de-imagen-2026-04-29T102259.109-400x267.jpeg 400w, https:\/\/www.uartes.edu.ec\/sitio\/wp-content\/uploads\/2026\/04\/Proyecto-Cambiar-tamano-de-imagen-2026-04-29T102259.109.jpeg 2000w\" sizes=\"(max-width: 644px) 100vw, 644px\" \/><\/figure>\n\n\n\n<figure class=\"wp-block-image size-large\"><img loading=\"lazy\" decoding=\"async\" width=\"644\" height=\"429\" data-id=\"89952\" src=\"https:\/\/www.uartes.edu.ec\/sitio\/wp-content\/uploads\/2026\/04\/Proyecto-Cambiar-tamano-de-imagen-2026-04-29T101445.701-644x429.jpeg\" alt=\"\" class=\"wp-image-89952\" srcset=\"https:\/\/www.uartes.edu.ec\/sitio\/wp-content\/uploads\/2026\/04\/Proyecto-Cambiar-tamano-de-imagen-2026-04-29T101445.701-644x429.jpeg 644w, https:\/\/www.uartes.edu.ec\/sitio\/wp-content\/uploads\/2026\/04\/Proyecto-Cambiar-tamano-de-imagen-2026-04-29T101445.701-300x200.jpeg 300w, https:\/\/www.uartes.edu.ec\/sitio\/wp-content\/uploads\/2026\/04\/Proyecto-Cambiar-tamano-de-imagen-2026-04-29T101445.701-768x512.jpeg 768w, https:\/\/www.uartes.edu.ec\/sitio\/wp-content\/uploads\/2026\/04\/Proyecto-Cambiar-tamano-de-imagen-2026-04-29T101445.701-1536x1024.jpeg 1536w, https:\/\/www.uartes.edu.ec\/sitio\/wp-content\/uploads\/2026\/04\/Proyecto-Cambiar-tamano-de-imagen-2026-04-29T101445.701-18x12.jpeg 18w, https:\/\/www.uartes.edu.ec\/sitio\/wp-content\/uploads\/2026\/04\/Proyecto-Cambiar-tamano-de-imagen-2026-04-29T101445.701-600x400.jpeg 600w, https:\/\/www.uartes.edu.ec\/sitio\/wp-content\/uploads\/2026\/04\/Proyecto-Cambiar-tamano-de-imagen-2026-04-29T101445.701-400x267.jpeg 400w, https:\/\/www.uartes.edu.ec\/sitio\/wp-content\/uploads\/2026\/04\/Proyecto-Cambiar-tamano-de-imagen-2026-04-29T101445.701.jpeg 2000w\" sizes=\"(max-width: 644px) 100vw, 644px\" \/><\/figure>\n<\/figure>\n\n\n\n<p><\/p>\n\n\n\n<p>De la \u201cPrototeca III, m\u00e1quinas tecnoviviales\u201d, su texto de sala se\u00f1ala tambi\u00e9n que los trabajos expuestos buscan comprender y explorar la capacidad de estructurar, pensar y desear mundos diferentes, lenguajes propios que derivan de la l\u00f3gica mediada por la tecnolog\u00eda. Entre activaciones, interactividades y tecnoteatralidades liminales, entendemos estos procesos como tecnovivialidades donde convergen cuerpos, interfaces, lenguajes y mundos.<\/p>\n\n\n\n<p>Bajo esta mirada, los medios, las t\u00e9cnicas y los procesos no son meros instrumentos son componentes significantes que articulan y potencian los sentidos y sensaciones espec\u00edficas con las que los artistas tejen su po\u00e9tica. Hablan. Son parte fundamental de la forma de decir. A su vez, consideramos que estas po\u00e9ticas atraviesan formas de vivenciar, generando espacios liminales que se entienden como tecnorealidades diferentes, aceleradas&#8230; automatizadas, lo que implica que nuestra forma de experienciar tambi\u00e9n cambia.<\/p>\n\n\n\n<p>La noci\u00f3n de prototipo responde a esa condici\u00f3n: la de una comuni\u00f3n entre el artefacto, el artificio, el proceso y el encuentro, que no se cierra en un producto acabado, sino que est\u00e1 en relaci\u00f3n con otros procesos, cuerpos y experiencias en continuo cuestionamiento, en mutaci\u00f3n. M\u00e1s que obras terminadas, lo que aqu\u00ed se presenta, con algo de suerte, es el inicio de exploraciones complejas y profundamente mediadas con el\/lxs otrxs, que continuar\u00e1n madur\u00e1ndose a lo largo de la carrera y la vida profesional de estxs artistas.<\/p>\n\n\n<div class=\"wp-block-image\">\n<figure class=\"aligncenter size-large\"><img loading=\"lazy\" decoding=\"async\" width=\"644\" height=\"429\" src=\"https:\/\/www.uartes.edu.ec\/sitio\/wp-content\/uploads\/2026\/04\/Proyecto-Cambiar-tamano-de-imagen-2026-04-29T102119.609-644x429.jpeg\" alt=\"\" class=\"wp-image-89953\" srcset=\"https:\/\/www.uartes.edu.ec\/sitio\/wp-content\/uploads\/2026\/04\/Proyecto-Cambiar-tamano-de-imagen-2026-04-29T102119.609-644x429.jpeg 644w, https:\/\/www.uartes.edu.ec\/sitio\/wp-content\/uploads\/2026\/04\/Proyecto-Cambiar-tamano-de-imagen-2026-04-29T102119.609-300x200.jpeg 300w, https:\/\/www.uartes.edu.ec\/sitio\/wp-content\/uploads\/2026\/04\/Proyecto-Cambiar-tamano-de-imagen-2026-04-29T102119.609-768x512.jpeg 768w, https:\/\/www.uartes.edu.ec\/sitio\/wp-content\/uploads\/2026\/04\/Proyecto-Cambiar-tamano-de-imagen-2026-04-29T102119.609-1536x1024.jpeg 1536w, https:\/\/www.uartes.edu.ec\/sitio\/wp-content\/uploads\/2026\/04\/Proyecto-Cambiar-tamano-de-imagen-2026-04-29T102119.609-18x12.jpeg 18w, https:\/\/www.uartes.edu.ec\/sitio\/wp-content\/uploads\/2026\/04\/Proyecto-Cambiar-tamano-de-imagen-2026-04-29T102119.609-600x400.jpeg 600w, https:\/\/www.uartes.edu.ec\/sitio\/wp-content\/uploads\/2026\/04\/Proyecto-Cambiar-tamano-de-imagen-2026-04-29T102119.609-400x267.jpeg 400w, https:\/\/www.uartes.edu.ec\/sitio\/wp-content\/uploads\/2026\/04\/Proyecto-Cambiar-tamano-de-imagen-2026-04-29T102119.609.jpeg 2000w\" sizes=\"(max-width: 644px) 100vw, 644px\" \/><\/figure>\n<\/div>\n\n<div class=\"wp-block-image\">\n<figure class=\"aligncenter size-large is-resized\"><img loading=\"lazy\" decoding=\"async\" width=\"644\" height=\"429\" src=\"https:\/\/www.uartes.edu.ec\/sitio\/wp-content\/uploads\/2026\/04\/Proyecto-Cambiar-tamano-de-imagen-2026-04-29T102001.593-644x429.jpeg\" alt=\"\" class=\"wp-image-89954\" style=\"aspect-ratio:1.5011837552358405;width:476px;height:auto\" srcset=\"https:\/\/www.uartes.edu.ec\/sitio\/wp-content\/uploads\/2026\/04\/Proyecto-Cambiar-tamano-de-imagen-2026-04-29T102001.593-644x429.jpeg 644w, https:\/\/www.uartes.edu.ec\/sitio\/wp-content\/uploads\/2026\/04\/Proyecto-Cambiar-tamano-de-imagen-2026-04-29T102001.593-300x200.jpeg 300w, https:\/\/www.uartes.edu.ec\/sitio\/wp-content\/uploads\/2026\/04\/Proyecto-Cambiar-tamano-de-imagen-2026-04-29T102001.593-768x512.jpeg 768w, https:\/\/www.uartes.edu.ec\/sitio\/wp-content\/uploads\/2026\/04\/Proyecto-Cambiar-tamano-de-imagen-2026-04-29T102001.593-1536x1024.jpeg 1536w, https:\/\/www.uartes.edu.ec\/sitio\/wp-content\/uploads\/2026\/04\/Proyecto-Cambiar-tamano-de-imagen-2026-04-29T102001.593-18x12.jpeg 18w, https:\/\/www.uartes.edu.ec\/sitio\/wp-content\/uploads\/2026\/04\/Proyecto-Cambiar-tamano-de-imagen-2026-04-29T102001.593-600x400.jpeg 600w, https:\/\/www.uartes.edu.ec\/sitio\/wp-content\/uploads\/2026\/04\/Proyecto-Cambiar-tamano-de-imagen-2026-04-29T102001.593-400x267.jpeg 400w, https:\/\/www.uartes.edu.ec\/sitio\/wp-content\/uploads\/2026\/04\/Proyecto-Cambiar-tamano-de-imagen-2026-04-29T102001.593.jpeg 2000w\" sizes=\"(max-width: 644px) 100vw, 644px\" \/><\/figure>\n<\/div>\n\n\n<p>En consecuencia, \u201cPrototeca III\u201d propone un marco tecnodiverso, que permite operar como un extenso territorio habitable desde el cual explorar los medios, las t\u00e9cnicas, los saberes y las tecnovivialidades situadas en los tiempos y en los espacios, las rutas y las relaciones que comprenden nuestras problem\u00e1ticas contempor\u00e1neas. Por ese motivo, en estos laboratorios, se promueve la colaboraci\u00f3n y la creaci\u00f3n colectiva entre artistas y personas diversas, el aprendizaje aut\u00f3nomo y continuo, y el tr\u00e1nsito de saberes como condiciones necesarias, pero tambi\u00e9n gozosas, para la pr\u00e1ctica art\u00edstica hoy.<\/p>\n\n\n\n<p>Cabe anotar que la primera \u201cPrototeca\u201d fue, asimismo, una muestra de los trabajos de estudiantes; en la segunda, que se dio en el marco de \u201cInter[\u2022]actos\u201d, evento hito de la UArtes que propone encuentros p\u00fablicos en artes, se expusieron los proyectos de investigaci\u00f3n de docentes; y en la actual, la tercera, nuevamente es el alumnado el que expone.<\/p>\n\n\n\n<p>Annet Villa, estudiante de cuarto semestre de la carrera de Artes Visuales, dio detalles de su obra en \u201cPrototeca III\u201d. La titul\u00f3 \u201cFrecuencia Deshumana\u201d y la concibi\u00f3 para tratar de concientizar c\u00f3mo se utilizan las tecnolog\u00edas o la inteligencia artificial. \u201cNosotros le proporcionamos informaci\u00f3n real y nos dan informaci\u00f3n que trata de ser real, pero muchas veces no suele serlo\u201d.<\/p>\n\n\n<div class=\"wp-block-image\">\n<figure class=\"aligncenter size-large\"><img loading=\"lazy\" decoding=\"async\" width=\"644\" height=\"429\" src=\"https:\/\/www.uartes.edu.ec\/sitio\/wp-content\/uploads\/2026\/04\/Proyecto-Cambiar-tamano-de-imagen-2026-04-29T101512.508-644x429.jpeg\" alt=\"\" class=\"wp-image-89956\" srcset=\"https:\/\/www.uartes.edu.ec\/sitio\/wp-content\/uploads\/2026\/04\/Proyecto-Cambiar-tamano-de-imagen-2026-04-29T101512.508-644x429.jpeg 644w, https:\/\/www.uartes.edu.ec\/sitio\/wp-content\/uploads\/2026\/04\/Proyecto-Cambiar-tamano-de-imagen-2026-04-29T101512.508-300x200.jpeg 300w, https:\/\/www.uartes.edu.ec\/sitio\/wp-content\/uploads\/2026\/04\/Proyecto-Cambiar-tamano-de-imagen-2026-04-29T101512.508-768x512.jpeg 768w, https:\/\/www.uartes.edu.ec\/sitio\/wp-content\/uploads\/2026\/04\/Proyecto-Cambiar-tamano-de-imagen-2026-04-29T101512.508-1536x1024.jpeg 1536w, https:\/\/www.uartes.edu.ec\/sitio\/wp-content\/uploads\/2026\/04\/Proyecto-Cambiar-tamano-de-imagen-2026-04-29T101512.508-18x12.jpeg 18w, https:\/\/www.uartes.edu.ec\/sitio\/wp-content\/uploads\/2026\/04\/Proyecto-Cambiar-tamano-de-imagen-2026-04-29T101512.508-600x400.jpeg 600w, https:\/\/www.uartes.edu.ec\/sitio\/wp-content\/uploads\/2026\/04\/Proyecto-Cambiar-tamano-de-imagen-2026-04-29T101512.508-400x267.jpeg 400w, https:\/\/www.uartes.edu.ec\/sitio\/wp-content\/uploads\/2026\/04\/Proyecto-Cambiar-tamano-de-imagen-2026-04-29T101512.508.jpeg 2000w\" sizes=\"(max-width: 644px) 100vw, 644px\" \/><\/figure>\n<\/div>\n\n\n<p>Agreg\u00f3 que, en la actualidad, estamos conectados con los ChatGPT \u201cy me cuestiono c\u00f3mo se vuelve un amigo si sigue siendo tecnolog\u00eda. Nosotros le damos informaci\u00f3n a la m\u00e1quina, hablamos a la m\u00e1quina y esta nos robotifica la voz. Hicimos el proceso de investigaci\u00f3n, primero, y de escoger luego con qu\u00e9 tecnolog\u00eda \u00edbamos a trabajar. En este caso, fue <em>TouchDesigner,<\/em> que tiene muchas facetas para los visuales, pudimos hacer que la voz se robotizara y generar un <em>glitch,<\/em> que es como un error; por lo general, cuando sacamos informaci\u00f3n de inteligencia artificial, casi siempre es err\u00f3nea. Siempre tenemos que verificarla.<\/p>\n\n\n\n<p>La docente Paulina Romero, quien estuvo a cargo de la exposici\u00f3n en sala, mencion\u00f3 que, junto con sus pares de la asignatura de Transversal, intervinieron dando apoyo t\u00e9cnico Pablo del Pozo, el a\u00f1o pasado, y Jos\u00e9 Medina, en la actualidad. Cont\u00f3 que para la selecci\u00f3n de los trabajos se hizo una conceptualizaci\u00f3n para hablar de esas interacciones que genera el cuerpo con la m\u00e1quina y otras sensibilidades a trav\u00e9s de lo sonoro.<\/p>\n\n\n\n<p>Como resultado, en la muestra constan proyectos individuales y en grupo, como la \u201cSelecci\u00f3n de obras audiovisuales\u201d. \u201cTenemos varios medios \u2013videoartes, cortometrajes, videos musicales\u2013 de las diferentes clases, porque los profesores en Arte y Tecnolog\u00eda tenemos nuestras experticias y alineamos nuestras clases a esos conocimientos, de all\u00ed que en la muestra haya diversidad de medios tecnol\u00f3gicos\u201d, manifest\u00f3 la alumnus de pre y posgrado de la UArtes.<\/p>\n\n\n\n<p>Texto: Carmen Cortez\/Dircom. Fotos: Tyrone Maridue\u00f1a\/Dircom.<\/p>\n","protected":false},"excerpt":{"rendered":"<p>\u201cEsta tercera edici\u00f3n de \u2018Prototeca\u2019 re\u00fane proyectos realizados por estudiantes de la Universidad de las Artes en el Laboratorio de Arte y Tecnolog\u00eda durante el 2025. Los trabajos dan cuenta de la variedad de devenires que ofrece el arte en su relaci\u00f3n con medios digitales y potencialidades de pensar el arte desde un campo expandido y cosmot\u00e9cnico\u201d. El texto de sala describe as\u00ed a la muestra inaugurada en el Fab.Lab. del MZ14.  <\/p>","protected":false},"author":10,"featured_media":89943,"comment_status":"open","ping_status":"open","sticky":false,"template":"","format":"standard","meta":{"_acf_changed":false,"_uag_custom_page_level_css":"","_monsterinsights_skip_tracking":false,"_monsterinsights_sitenote_active":false,"_monsterinsights_sitenote_note":"","_monsterinsights_sitenote_category":0,"cybocfi_hide_featured_image":"","footnotes":""},"categories":[80,82,157,75,76,83],"tags":[517],"infouartes":[],"class_list":["post-89942","post","type-post","status-publish","format-standard","has-post-thumbnail","hentry","category-academico","category-artes","category-artes-visuales","category-docentes","category-estudiantes","category-sedes","tag-exposicion"],"acf":[],"yoast_head":"<!-- This site is optimized with the Yoast SEO plugin v27.4 - https:\/\/yoast.com\/product\/yoast-seo-wordpress\/ -->\n<title>Universidad de las Artes - \u201cPrototeca III, m\u00e1quinas tecnoviviales\u201d re\u00fane proyectos de los estudiantes de Arte y Tecnolog\u00eda, asignatura Transversal<\/title>\n<meta name=\"description\" content=\"Universidad de las Artes - \u201cPrototeca III, m\u00e1quinas tecnoviviales\u201d re\u00fane proyectos de los estudiantes de Arte y Tecnolog\u00eda, asignatura Transversal\" \/>\n<meta name=\"robots\" content=\"index, follow, max-snippet:-1, max-image-preview:large, max-video-preview:-1\" \/>\n<link rel=\"canonical\" href=\"https:\/\/www.uartes.edu.ec\/sitio\/en\/blog\/2026\/04\/28\/prototeca-iii-maquinas-tecnoviviales-reune-proyectos-de-estudiantes-de-arte-y-tecnologia\/\" \/>\n<meta property=\"og:locale\" content=\"en_US\" \/>\n<meta property=\"og:type\" content=\"article\" \/>\n<meta property=\"og:title\" content=\"Universidad de las Artes - \u201cPrototeca III, m\u00e1quinas tecnoviviales\u201d re\u00fane proyectos de los estudiantes de Arte y Tecnolog\u00eda, asignatura Transversal\" \/>\n<meta property=\"og:description\" content=\"Universidad de las Artes - \u201cPrototeca III, m\u00e1quinas tecnoviviales\u201d re\u00fane proyectos de los estudiantes de Arte y Tecnolog\u00eda, asignatura Transversal\" \/>\n<meta property=\"og:url\" content=\"https:\/\/www.uartes.edu.ec\/sitio\/en\/blog\/2026\/04\/28\/prototeca-iii-maquinas-tecnoviviales-reune-proyectos-de-estudiantes-de-arte-y-tecnologia\/\" \/>\n<meta property=\"og:site_name\" content=\"Universidad de las Artes\" \/>\n<meta property=\"article:publisher\" content=\"https:\/\/www.facebook.com\/uartesec\" \/>\n<meta property=\"article:published_time\" content=\"2026-04-28T18:17:00+00:00\" \/>\n<meta property=\"article:modified_time\" content=\"2026-04-29T15:43:39+00:00\" \/>\n<meta property=\"og:image\" content=\"https:\/\/www.uartes.edu.ec\/sitio\/wp-content\/uploads\/2026\/04\/01-PROTOTECA.jpg\" \/>\n\t<meta property=\"og:image:width\" content=\"2000\" \/>\n\t<meta property=\"og:image:height\" content=\"1333\" \/>\n\t<meta property=\"og:image:type\" content=\"image\/jpeg\" \/>\n<meta name=\"author\" content=\"ccortez\" \/>\n<meta name=\"twitter:card\" content=\"summary_large_image\" \/>\n<meta name=\"twitter:creator\" content=\"@uartesec\" \/>\n<meta name=\"twitter:site\" content=\"@uartesec\" \/>\n<meta name=\"twitter:label1\" content=\"Written by\" \/>\n\t<meta name=\"twitter:data1\" content=\"ccortez\" \/>\n\t<meta name=\"twitter:label2\" content=\"Est. reading time\" \/>\n\t<meta name=\"twitter:data2\" content=\"8 minutes\" \/>\n<script type=\"application\/ld+json\" class=\"yoast-schema-graph\">{\"@context\":\"https:\\\/\\\/schema.org\",\"@graph\":[{\"@type\":\"Article\",\"@id\":\"https:\\\/\\\/www.uartes.edu.ec\\\/sitio\\\/en\\\/blog\\\/2026\\\/04\\\/28\\\/prototeca-iii-maquinas-tecnoviviales-reune-proyectos-de-estudiantes-de-arte-y-tecnologia\\\/#article\",\"isPartOf\":{\"@id\":\"https:\\\/\\\/www.uartes.edu.ec\\\/sitio\\\/en\\\/blog\\\/2026\\\/04\\\/28\\\/prototeca-iii-maquinas-tecnoviviales-reune-proyectos-de-estudiantes-de-arte-y-tecnologia\\\/\"},\"author\":{\"name\":\"ccortez\",\"@id\":\"https:\\\/\\\/www.uartes.edu.ec\\\/sitio\\\/en\\\/#\\\/schema\\\/person\\\/efa1b8275797664fd7f13a79ccc0b1f4\"},\"headline\":\"\u201cPrototeca III, m\u00e1quinas tecnoviviales\u201d re\u00fane proyectos de los estudiantes de Arte y Tecnolog\u00eda, asignatura Transversal\",\"datePublished\":\"2026-04-28T18:17:00+00:00\",\"dateModified\":\"2026-04-29T15:43:39+00:00\",\"mainEntityOfPage\":{\"@id\":\"https:\\\/\\\/www.uartes.edu.ec\\\/sitio\\\/en\\\/blog\\\/2026\\\/04\\\/28\\\/prototeca-iii-maquinas-tecnoviviales-reune-proyectos-de-estudiantes-de-arte-y-tecnologia\\\/\"},\"wordCount\":1302,\"commentCount\":0,\"publisher\":{\"@id\":\"https:\\\/\\\/www.uartes.edu.ec\\\/sitio\\\/en\\\/#organization\"},\"image\":{\"@id\":\"https:\\\/\\\/www.uartes.edu.ec\\\/sitio\\\/en\\\/blog\\\/2026\\\/04\\\/28\\\/prototeca-iii-maquinas-tecnoviviales-reune-proyectos-de-estudiantes-de-arte-y-tecnologia\\\/#primaryimage\"},\"thumbnailUrl\":\"https:\\\/\\\/www.uartes.edu.ec\\\/sitio\\\/wp-content\\\/uploads\\\/2026\\\/04\\\/01-PROTOTECA.jpg\",\"keywords\":[\"exposici\u00f3n\"],\"articleSection\":[\"Acad\u00e9mico\",\"Artes\",\"Artes Visuales\",\"Docentes\",\"Estudiantes\",\"Sedes\"],\"inLanguage\":\"en-US\",\"potentialAction\":[{\"@type\":\"CommentAction\",\"name\":\"Comment\",\"target\":[\"https:\\\/\\\/www.uartes.edu.ec\\\/sitio\\\/en\\\/blog\\\/2026\\\/04\\\/28\\\/prototeca-iii-maquinas-tecnoviviales-reune-proyectos-de-estudiantes-de-arte-y-tecnologia\\\/#respond\"]}]},{\"@type\":[\"WebPage\",\"ItemPage\"],\"@id\":\"https:\\\/\\\/www.uartes.edu.ec\\\/sitio\\\/en\\\/blog\\\/2026\\\/04\\\/28\\\/prototeca-iii-maquinas-tecnoviviales-reune-proyectos-de-estudiantes-de-arte-y-tecnologia\\\/\",\"url\":\"https:\\\/\\\/www.uartes.edu.ec\\\/sitio\\\/en\\\/blog\\\/2026\\\/04\\\/28\\\/prototeca-iii-maquinas-tecnoviviales-reune-proyectos-de-estudiantes-de-arte-y-tecnologia\\\/\",\"name\":\"Universidad de las Artes - \u201cPrototeca III, m\u00e1quinas tecnoviviales\u201d re\u00fane proyectos de los estudiantes de Arte y Tecnolog\u00eda, asignatura Transversal\",\"isPartOf\":{\"@id\":\"https:\\\/\\\/www.uartes.edu.ec\\\/sitio\\\/en\\\/#website\"},\"primaryImageOfPage\":{\"@id\":\"https:\\\/\\\/www.uartes.edu.ec\\\/sitio\\\/en\\\/blog\\\/2026\\\/04\\\/28\\\/prototeca-iii-maquinas-tecnoviviales-reune-proyectos-de-estudiantes-de-arte-y-tecnologia\\\/#primaryimage\"},\"image\":{\"@id\":\"https:\\\/\\\/www.uartes.edu.ec\\\/sitio\\\/en\\\/blog\\\/2026\\\/04\\\/28\\\/prototeca-iii-maquinas-tecnoviviales-reune-proyectos-de-estudiantes-de-arte-y-tecnologia\\\/#primaryimage\"},\"thumbnailUrl\":\"https:\\\/\\\/www.uartes.edu.ec\\\/sitio\\\/wp-content\\\/uploads\\\/2026\\\/04\\\/01-PROTOTECA.jpg\",\"datePublished\":\"2026-04-28T18:17:00+00:00\",\"dateModified\":\"2026-04-29T15:43:39+00:00\",\"description\":\"Universidad de las Artes - \u201cPrototeca III, m\u00e1quinas tecnoviviales\u201d re\u00fane proyectos de los estudiantes de Arte y Tecnolog\u00eda, asignatura Transversal\",\"breadcrumb\":{\"@id\":\"https:\\\/\\\/www.uartes.edu.ec\\\/sitio\\\/en\\\/blog\\\/2026\\\/04\\\/28\\\/prototeca-iii-maquinas-tecnoviviales-reune-proyectos-de-estudiantes-de-arte-y-tecnologia\\\/#breadcrumb\"},\"inLanguage\":\"en-US\",\"potentialAction\":[{\"@type\":\"ReadAction\",\"target\":[\"https:\\\/\\\/www.uartes.edu.ec\\\/sitio\\\/en\\\/blog\\\/2026\\\/04\\\/28\\\/prototeca-iii-maquinas-tecnoviviales-reune-proyectos-de-estudiantes-de-arte-y-tecnologia\\\/\"]}]},{\"@type\":\"ImageObject\",\"inLanguage\":\"en-US\",\"@id\":\"https:\\\/\\\/www.uartes.edu.ec\\\/sitio\\\/en\\\/blog\\\/2026\\\/04\\\/28\\\/prototeca-iii-maquinas-tecnoviviales-reune-proyectos-de-estudiantes-de-arte-y-tecnologia\\\/#primaryimage\",\"url\":\"https:\\\/\\\/www.uartes.edu.ec\\\/sitio\\\/wp-content\\\/uploads\\\/2026\\\/04\\\/01-PROTOTECA.jpg\",\"contentUrl\":\"https:\\\/\\\/www.uartes.edu.ec\\\/sitio\\\/wp-content\\\/uploads\\\/2026\\\/04\\\/01-PROTOTECA.jpg\",\"width\":2000,\"height\":1333},{\"@type\":\"BreadcrumbList\",\"@id\":\"https:\\\/\\\/www.uartes.edu.ec\\\/sitio\\\/en\\\/blog\\\/2026\\\/04\\\/28\\\/prototeca-iii-maquinas-tecnoviviales-reune-proyectos-de-estudiantes-de-arte-y-tecnologia\\\/#breadcrumb\",\"itemListElement\":[{\"@type\":\"ListItem\",\"position\":1,\"name\":\"Inicio\",\"item\":\"https:\\\/\\\/www.uartes.edu.ec\\\/sitio\\\/\"},{\"@type\":\"ListItem\",\"position\":2,\"name\":\"\u201cPrototeca III, m\u00e1quinas tecnoviviales\u201d re\u00fane proyectos de los estudiantes de Arte y Tecnolog\u00eda, asignatura Transversal\"}]},{\"@type\":\"WebSite\",\"@id\":\"https:\\\/\\\/www.uartes.edu.ec\\\/sitio\\\/en\\\/#website\",\"url\":\"https:\\\/\\\/www.uartes.edu.ec\\\/sitio\\\/en\\\/\",\"name\":\"Universidad de las Artes\",\"description\":\"Sitio oficial de la Universidad Nacional de las Artes del Ecuador\",\"publisher\":{\"@id\":\"https:\\\/\\\/www.uartes.edu.ec\\\/sitio\\\/en\\\/#organization\"},\"potentialAction\":[{\"@type\":\"SearchAction\",\"target\":{\"@type\":\"EntryPoint\",\"urlTemplate\":\"https:\\\/\\\/www.uartes.edu.ec\\\/sitio\\\/en\\\/?s={search_term_string}\"},\"query-input\":{\"@type\":\"PropertyValueSpecification\",\"valueRequired\":true,\"valueName\":\"search_term_string\"}}],\"inLanguage\":\"en-US\"},{\"@type\":\"Organization\",\"@id\":\"https:\\\/\\\/www.uartes.edu.ec\\\/sitio\\\/en\\\/#organization\",\"name\":\"Universidad de las Artes\",\"url\":\"https:\\\/\\\/www.uartes.edu.ec\\\/sitio\\\/en\\\/\",\"logo\":{\"@type\":\"ImageObject\",\"inLanguage\":\"en-US\",\"@id\":\"https:\\\/\\\/www.uartes.edu.ec\\\/sitio\\\/en\\\/#\\\/schema\\\/logo\\\/image\\\/\",\"url\":\"https:\\\/\\\/www.uartes.edu.ec\\\/sitio\\\/wp-content\\\/uploads\\\/2022\\\/07\\\/logo-ua-horizontal.png\",\"contentUrl\":\"https:\\\/\\\/www.uartes.edu.ec\\\/sitio\\\/wp-content\\\/uploads\\\/2022\\\/07\\\/logo-ua-horizontal.png\",\"width\":800,\"height\":276,\"caption\":\"Universidad de las Artes\"},\"image\":{\"@id\":\"https:\\\/\\\/www.uartes.edu.ec\\\/sitio\\\/en\\\/#\\\/schema\\\/logo\\\/image\\\/\"},\"sameAs\":[\"https:\\\/\\\/www.facebook.com\\\/uartesec\",\"https:\\\/\\\/x.com\\\/uartesec\",\"https:\\\/\\\/www.tiktok.com\\\/@uartesec\"]},{\"@type\":\"Person\",\"@id\":\"https:\\\/\\\/www.uartes.edu.ec\\\/sitio\\\/en\\\/#\\\/schema\\\/person\\\/efa1b8275797664fd7f13a79ccc0b1f4\",\"name\":\"ccortez\",\"image\":{\"@type\":\"ImageObject\",\"inLanguage\":\"en-US\",\"@id\":\"https:\\\/\\\/secure.gravatar.com\\\/avatar\\\/b2a6f664a3ae8e074346ef91775736c5ec479e637ecced6842de9dc98b5da9cd?s=96&d=mm&r=g\",\"url\":\"https:\\\/\\\/secure.gravatar.com\\\/avatar\\\/b2a6f664a3ae8e074346ef91775736c5ec479e637ecced6842de9dc98b5da9cd?s=96&d=mm&r=g\",\"contentUrl\":\"https:\\\/\\\/secure.gravatar.com\\\/avatar\\\/b2a6f664a3ae8e074346ef91775736c5ec479e637ecced6842de9dc98b5da9cd?s=96&d=mm&r=g\",\"caption\":\"ccortez\"},\"url\":\"https:\\\/\\\/www.uartes.edu.ec\\\/sitio\\\/en\\\/blog\\\/author\\\/ccortez\\\/\"}]}<\/script>\n<!-- \/ Yoast SEO plugin. -->","yoast_head_json":{"title":"Universidad de las Artes - \u201cPrototeca III, m\u00e1quinas tecnoviviales\u201d re\u00fane proyectos de los estudiantes de Arte y Tecnolog\u00eda, asignatura Transversal","description":"Universidad de las Artes - \u201cPrototeca III, m\u00e1quinas tecnoviviales\u201d re\u00fane proyectos de los estudiantes de Arte y Tecnolog\u00eda, asignatura Transversal","robots":{"index":"index","follow":"follow","max-snippet":"max-snippet:-1","max-image-preview":"max-image-preview:large","max-video-preview":"max-video-preview:-1"},"canonical":"https:\/\/www.uartes.edu.ec\/sitio\/en\/blog\/2026\/04\/28\/prototeca-iii-maquinas-tecnoviviales-reune-proyectos-de-estudiantes-de-arte-y-tecnologia\/","og_locale":"en_US","og_type":"article","og_title":"Universidad de las Artes - \u201cPrototeca III, m\u00e1quinas tecnoviviales\u201d re\u00fane proyectos de los estudiantes de Arte y Tecnolog\u00eda, asignatura Transversal","og_description":"Universidad de las Artes - \u201cPrototeca III, m\u00e1quinas tecnoviviales\u201d re\u00fane proyectos de los estudiantes de Arte y Tecnolog\u00eda, asignatura Transversal","og_url":"https:\/\/www.uartes.edu.ec\/sitio\/en\/blog\/2026\/04\/28\/prototeca-iii-maquinas-tecnoviviales-reune-proyectos-de-estudiantes-de-arte-y-tecnologia\/","og_site_name":"Universidad de las Artes","article_publisher":"https:\/\/www.facebook.com\/uartesec","article_published_time":"2026-04-28T18:17:00+00:00","article_modified_time":"2026-04-29T15:43:39+00:00","og_image":[{"width":2000,"height":1333,"url":"https:\/\/www.uartes.edu.ec\/sitio\/wp-content\/uploads\/2026\/04\/01-PROTOTECA.jpg","type":"image\/jpeg"}],"author":"ccortez","twitter_card":"summary_large_image","twitter_creator":"@uartesec","twitter_site":"@uartesec","twitter_misc":{"Written by":"ccortez","Est. reading time":"8 minutes"},"schema":{"@context":"https:\/\/schema.org","@graph":[{"@type":"Article","@id":"https:\/\/www.uartes.edu.ec\/sitio\/en\/blog\/2026\/04\/28\/prototeca-iii-maquinas-tecnoviviales-reune-proyectos-de-estudiantes-de-arte-y-tecnologia\/#article","isPartOf":{"@id":"https:\/\/www.uartes.edu.ec\/sitio\/en\/blog\/2026\/04\/28\/prototeca-iii-maquinas-tecnoviviales-reune-proyectos-de-estudiantes-de-arte-y-tecnologia\/"},"author":{"name":"ccortez","@id":"https:\/\/www.uartes.edu.ec\/sitio\/en\/#\/schema\/person\/efa1b8275797664fd7f13a79ccc0b1f4"},"headline":"\u201cPrototeca III, m\u00e1quinas tecnoviviales\u201d re\u00fane proyectos de los estudiantes de Arte y Tecnolog\u00eda, asignatura Transversal","datePublished":"2026-04-28T18:17:00+00:00","dateModified":"2026-04-29T15:43:39+00:00","mainEntityOfPage":{"@id":"https:\/\/www.uartes.edu.ec\/sitio\/en\/blog\/2026\/04\/28\/prototeca-iii-maquinas-tecnoviviales-reune-proyectos-de-estudiantes-de-arte-y-tecnologia\/"},"wordCount":1302,"commentCount":0,"publisher":{"@id":"https:\/\/www.uartes.edu.ec\/sitio\/en\/#organization"},"image":{"@id":"https:\/\/www.uartes.edu.ec\/sitio\/en\/blog\/2026\/04\/28\/prototeca-iii-maquinas-tecnoviviales-reune-proyectos-de-estudiantes-de-arte-y-tecnologia\/#primaryimage"},"thumbnailUrl":"https:\/\/www.uartes.edu.ec\/sitio\/wp-content\/uploads\/2026\/04\/01-PROTOTECA.jpg","keywords":["exposici\u00f3n"],"articleSection":["Acad\u00e9mico","Artes","Artes Visuales","Docentes","Estudiantes","Sedes"],"inLanguage":"en-US","potentialAction":[{"@type":"CommentAction","name":"Comment","target":["https:\/\/www.uartes.edu.ec\/sitio\/en\/blog\/2026\/04\/28\/prototeca-iii-maquinas-tecnoviviales-reune-proyectos-de-estudiantes-de-arte-y-tecnologia\/#respond"]}]},{"@type":["WebPage","ItemPage"],"@id":"https:\/\/www.uartes.edu.ec\/sitio\/en\/blog\/2026\/04\/28\/prototeca-iii-maquinas-tecnoviviales-reune-proyectos-de-estudiantes-de-arte-y-tecnologia\/","url":"https:\/\/www.uartes.edu.ec\/sitio\/en\/blog\/2026\/04\/28\/prototeca-iii-maquinas-tecnoviviales-reune-proyectos-de-estudiantes-de-arte-y-tecnologia\/","name":"Universidad de las Artes - \u201cPrototeca III, m\u00e1quinas tecnoviviales\u201d re\u00fane proyectos de los estudiantes de Arte y Tecnolog\u00eda, asignatura Transversal","isPartOf":{"@id":"https:\/\/www.uartes.edu.ec\/sitio\/en\/#website"},"primaryImageOfPage":{"@id":"https:\/\/www.uartes.edu.ec\/sitio\/en\/blog\/2026\/04\/28\/prototeca-iii-maquinas-tecnoviviales-reune-proyectos-de-estudiantes-de-arte-y-tecnologia\/#primaryimage"},"image":{"@id":"https:\/\/www.uartes.edu.ec\/sitio\/en\/blog\/2026\/04\/28\/prototeca-iii-maquinas-tecnoviviales-reune-proyectos-de-estudiantes-de-arte-y-tecnologia\/#primaryimage"},"thumbnailUrl":"https:\/\/www.uartes.edu.ec\/sitio\/wp-content\/uploads\/2026\/04\/01-PROTOTECA.jpg","datePublished":"2026-04-28T18:17:00+00:00","dateModified":"2026-04-29T15:43:39+00:00","description":"Universidad de las Artes - \u201cPrototeca III, m\u00e1quinas tecnoviviales\u201d re\u00fane proyectos de los estudiantes de Arte y Tecnolog\u00eda, asignatura Transversal","breadcrumb":{"@id":"https:\/\/www.uartes.edu.ec\/sitio\/en\/blog\/2026\/04\/28\/prototeca-iii-maquinas-tecnoviviales-reune-proyectos-de-estudiantes-de-arte-y-tecnologia\/#breadcrumb"},"inLanguage":"en-US","potentialAction":[{"@type":"ReadAction","target":["https:\/\/www.uartes.edu.ec\/sitio\/en\/blog\/2026\/04\/28\/prototeca-iii-maquinas-tecnoviviales-reune-proyectos-de-estudiantes-de-arte-y-tecnologia\/"]}]},{"@type":"ImageObject","inLanguage":"en-US","@id":"https:\/\/www.uartes.edu.ec\/sitio\/en\/blog\/2026\/04\/28\/prototeca-iii-maquinas-tecnoviviales-reune-proyectos-de-estudiantes-de-arte-y-tecnologia\/#primaryimage","url":"https:\/\/www.uartes.edu.ec\/sitio\/wp-content\/uploads\/2026\/04\/01-PROTOTECA.jpg","contentUrl":"https:\/\/www.uartes.edu.ec\/sitio\/wp-content\/uploads\/2026\/04\/01-PROTOTECA.jpg","width":2000,"height":1333},{"@type":"BreadcrumbList","@id":"https:\/\/www.uartes.edu.ec\/sitio\/en\/blog\/2026\/04\/28\/prototeca-iii-maquinas-tecnoviviales-reune-proyectos-de-estudiantes-de-arte-y-tecnologia\/#breadcrumb","itemListElement":[{"@type":"ListItem","position":1,"name":"Inicio","item":"https:\/\/www.uartes.edu.ec\/sitio\/"},{"@type":"ListItem","position":2,"name":"\u201cPrototeca III, m\u00e1quinas tecnoviviales\u201d re\u00fane proyectos de los estudiantes de Arte y Tecnolog\u00eda, asignatura Transversal"}]},{"@type":"WebSite","@id":"https:\/\/www.uartes.edu.ec\/sitio\/en\/#website","url":"https:\/\/www.uartes.edu.ec\/sitio\/en\/","name":"Universidad de las Artes","description":"Sitio oficial de la Universidad Nacional de las Artes del Ecuador","publisher":{"@id":"https:\/\/www.uartes.edu.ec\/sitio\/en\/#organization"},"potentialAction":[{"@type":"SearchAction","target":{"@type":"EntryPoint","urlTemplate":"https:\/\/www.uartes.edu.ec\/sitio\/en\/?s={search_term_string}"},"query-input":{"@type":"PropertyValueSpecification","valueRequired":true,"valueName":"search_term_string"}}],"inLanguage":"en-US"},{"@type":"Organization","@id":"https:\/\/www.uartes.edu.ec\/sitio\/en\/#organization","name":"Universidad de las Artes","url":"https:\/\/www.uartes.edu.ec\/sitio\/en\/","logo":{"@type":"ImageObject","inLanguage":"en-US","@id":"https:\/\/www.uartes.edu.ec\/sitio\/en\/#\/schema\/logo\/image\/","url":"https:\/\/www.uartes.edu.ec\/sitio\/wp-content\/uploads\/2022\/07\/logo-ua-horizontal.png","contentUrl":"https:\/\/www.uartes.edu.ec\/sitio\/wp-content\/uploads\/2022\/07\/logo-ua-horizontal.png","width":800,"height":276,"caption":"Universidad de las Artes"},"image":{"@id":"https:\/\/www.uartes.edu.ec\/sitio\/en\/#\/schema\/logo\/image\/"},"sameAs":["https:\/\/www.facebook.com\/uartesec","https:\/\/x.com\/uartesec","https:\/\/www.tiktok.com\/@uartesec"]},{"@type":"Person","@id":"https:\/\/www.uartes.edu.ec\/sitio\/en\/#\/schema\/person\/efa1b8275797664fd7f13a79ccc0b1f4","name":"ccortez","image":{"@type":"ImageObject","inLanguage":"en-US","@id":"https:\/\/secure.gravatar.com\/avatar\/b2a6f664a3ae8e074346ef91775736c5ec479e637ecced6842de9dc98b5da9cd?s=96&d=mm&r=g","url":"https:\/\/secure.gravatar.com\/avatar\/b2a6f664a3ae8e074346ef91775736c5ec479e637ecced6842de9dc98b5da9cd?s=96&d=mm&r=g","contentUrl":"https:\/\/secure.gravatar.com\/avatar\/b2a6f664a3ae8e074346ef91775736c5ec479e637ecced6842de9dc98b5da9cd?s=96&d=mm&r=g","caption":"ccortez"},"url":"https:\/\/www.uartes.edu.ec\/sitio\/en\/blog\/author\/ccortez\/"}]}},"uagb_featured_image_src":{"full":["https:\/\/www.uartes.edu.ec\/sitio\/wp-content\/uploads\/2026\/04\/01-PROTOTECA.jpg",2000,1333,false],"thumbnail":["https:\/\/www.uartes.edu.ec\/sitio\/wp-content\/uploads\/2026\/04\/01-PROTOTECA-150x150.jpg",150,150,true],"medium":["https:\/\/www.uartes.edu.ec\/sitio\/wp-content\/uploads\/2026\/04\/01-PROTOTECA-300x200.jpg",300,200,true],"medium_large":["https:\/\/www.uartes.edu.ec\/sitio\/wp-content\/uploads\/2026\/04\/01-PROTOTECA-768x512.jpg",768,512,true],"large":["https:\/\/www.uartes.edu.ec\/sitio\/wp-content\/uploads\/2026\/04\/01-PROTOTECA-644x429.jpg",644,429,true],"1536x1536":["https:\/\/www.uartes.edu.ec\/sitio\/wp-content\/uploads\/2026\/04\/01-PROTOTECA-1536x1024.jpg",1536,1024,true],"2048x2048":["https:\/\/www.uartes.edu.ec\/sitio\/wp-content\/uploads\/2026\/04\/01-PROTOTECA.jpg",2000,1333,false],"trp-custom-language-flag":["https:\/\/www.uartes.edu.ec\/sitio\/wp-content\/uploads\/2026\/04\/01-PROTOTECA-18x12.jpg",18,12,true],"htmega_size_585x295":["https:\/\/www.uartes.edu.ec\/sitio\/wp-content\/uploads\/2026\/04\/01-PROTOTECA-585x295.jpg",585,295,true],"htmega_size_1170x536":["https:\/\/www.uartes.edu.ec\/sitio\/wp-content\/uploads\/2026\/04\/01-PROTOTECA-1170x536.jpg",1170,536,true],"htmega_size_396x360":["https:\/\/www.uartes.edu.ec\/sitio\/wp-content\/uploads\/2026\/04\/01-PROTOTECA-396x360.jpg",396,360,true],"gb-block-post-grid-landscape":["https:\/\/www.uartes.edu.ec\/sitio\/wp-content\/uploads\/2026\/04\/01-PROTOTECA-600x400.jpg",600,400,true],"gb-block-post-grid-square":["https:\/\/www.uartes.edu.ec\/sitio\/wp-content\/uploads\/2026\/04\/01-PROTOTECA-600x600.jpg",600,600,true],"university-hub-thumb":["https:\/\/www.uartes.edu.ec\/sitio\/wp-content\/uploads\/2026\/04\/01-PROTOTECA-400x267.jpg",400,267,true]},"uagb_author_info":{"display_name":"ccortez","author_link":"https:\/\/www.uartes.edu.ec\/sitio\/en\/blog\/author\/ccortez\/"},"uagb_comment_info":0,"uagb_excerpt":"\u201cEsta tercera edici\u00f3n de \u2018Prototeca\u2019 re\u00fane proyectos realizados por estudiantes de la Universidad de las Artes en el Laboratorio de Arte y Tecnolog\u00eda durante el 2025. Los trabajos dan cuenta de la variedad de devenires que ofrece el arte en su relaci\u00f3n con medios digitales y potencialidades de pensar el arte desde un campo expandido&hellip;","featured_image_src":"https:\/\/www.uartes.edu.ec\/sitio\/wp-content\/uploads\/2026\/04\/01-PROTOTECA-600x400.jpg","featured_image_src_square":"https:\/\/www.uartes.edu.ec\/sitio\/wp-content\/uploads\/2026\/04\/01-PROTOTECA-600x600.jpg","author_info":{"display_name":"ccortez","author_link":"https:\/\/www.uartes.edu.ec\/sitio\/en\/blog\/author\/ccortez\/"},"publishpress_future_workflow_manual_trigger":{"enabledWorkflows":[]},"distributor_meta":false,"distributor_terms":false,"distributor_media":false,"distributor_original_site_name":"Universidad de las Artes","distributor_original_site_url":"https:\/\/www.uartes.edu.ec\/sitio\/en","push-errors":false,"_links":{"self":[{"href":"https:\/\/www.uartes.edu.ec\/sitio\/en\/wp-json\/wp\/v2\/posts\/89942","targetHints":{"allow":["GET"]}}],"collection":[{"href":"https:\/\/www.uartes.edu.ec\/sitio\/en\/wp-json\/wp\/v2\/posts"}],"about":[{"href":"https:\/\/www.uartes.edu.ec\/sitio\/en\/wp-json\/wp\/v2\/types\/post"}],"author":[{"embeddable":true,"href":"https:\/\/www.uartes.edu.ec\/sitio\/en\/wp-json\/wp\/v2\/users\/10"}],"replies":[{"embeddable":true,"href":"https:\/\/www.uartes.edu.ec\/sitio\/en\/wp-json\/wp\/v2\/comments?post=89942"}],"version-history":[{"count":3,"href":"https:\/\/www.uartes.edu.ec\/sitio\/en\/wp-json\/wp\/v2\/posts\/89942\/revisions"}],"predecessor-version":[{"id":89965,"href":"https:\/\/www.uartes.edu.ec\/sitio\/en\/wp-json\/wp\/v2\/posts\/89942\/revisions\/89965"}],"wp:featuredmedia":[{"embeddable":true,"href":"https:\/\/www.uartes.edu.ec\/sitio\/en\/wp-json\/wp\/v2\/media\/89943"}],"wp:attachment":[{"href":"https:\/\/www.uartes.edu.ec\/sitio\/en\/wp-json\/wp\/v2\/media?parent=89942"}],"wp:term":[{"taxonomy":"category","embeddable":true,"href":"https:\/\/www.uartes.edu.ec\/sitio\/en\/wp-json\/wp\/v2\/categories?post=89942"},{"taxonomy":"post_tag","embeddable":true,"href":"https:\/\/www.uartes.edu.ec\/sitio\/en\/wp-json\/wp\/v2\/tags?post=89942"},{"taxonomy":"infouartes","embeddable":true,"href":"https:\/\/www.uartes.edu.ec\/sitio\/en\/wp-json\/wp\/v2\/infouartes?post=89942"}],"curies":[{"name":"wp","href":"https:\/\/api.w.org\/{rel}","templated":true}]}}