{"id":90029,"date":"2026-04-29T18:31:00","date_gmt":"2026-04-29T23:31:00","guid":{"rendered":"https:\/\/www.uartes.edu.ec\/sitio\/?p=90029"},"modified":"2026-04-29T18:41:05","modified_gmt":"2026-04-29T23:41:05","slug":"baterista-mark-walker-dara-masterclass-en-las-jornadas-de-catedras-vivas-percusion-de-la-escuela-de-artes-sonoras","status":"publish","type":"post","link":"https:\/\/www.uartes.edu.ec\/sitio\/en\/blog\/2026\/04\/29\/baterista-mark-walker-dara-masterclass-en-las-jornadas-de-catedras-vivas-percusion-de-la-escuela-de-artes-sonoras\/","title":{"rendered":"Baterista Mark Walker dar\u00e1 masterclass en jornadas \u201cC\u00e1tedras Vivas: Percusi\u00f3n\u201d"},"content":{"rendered":"<p>La Universidad de las Artes, en el marco de sus jornadas de \u201cC\u00e1tedras Vivas: Percusi\u00f3n\u201d, impulsa un espacio de encuentro entre estudiantes, docentes y profesionales de la percusi\u00f3n, con el prop\u00f3sito de fortalecer el aprendizaje en contexto real, el intercambio de saberes y la conexi\u00f3n entre distintas generaciones de m\u00fasicos.<\/p>\n\n\n\n<p>Como parte de esta iniciativa, la universidad articula una jornada que re\u00fane <em>masterclasses<\/em> de m\u00fasicos locales, espacios de di\u00e1logo y la participaci\u00f3n del reconocido baterista Mark Walker, en un formato que pone en relaci\u00f3n la experiencia internacional con la pr\u00e1ctica, la memoria y el conocimiento que ya existen en nuestra comunidad musical.<\/p>\n\n\n\n<p>Este encuentro se fortalece, adem\u00e1s, a trav\u00e9s de la red internacional de la Percussive Arts Society, de la cual Ecuador forma parte como cap\u00edtulo activo. En ese sentido, el D\u00eda de la Percusi\u00f3n PAS se integra a la vida acad\u00e9mica de la universidad como una plataforma para vincular profesionales, instituciones y trayectorias de distintos pa\u00edses desde una perspectiva colaborativa.<\/p>\n\n\n\n<p>M\u00e1s que una visita internacional, esta jornada propone una experiencia de articulaci\u00f3n entre la universidad, la comunidad musical y las redes profesionales de la percusi\u00f3n, reafirmando el compromiso de la Universidad de las Artes con una formaci\u00f3n que conecta pr\u00e1ctica, reflexi\u00f3n, territorio e intercambio global. Un espacio para aprender, compartir y fortalecer la comunidad musical del pa\u00eds.<\/p>\n\n\n\n<h3 class=\"wp-block-heading\">Sobre el artista<\/h3>\n\n\n<div class=\"wp-block-image\">\n<figure class=\"aligncenter size-large\"><img fetchpriority=\"high\" decoding=\"async\" width=\"644\" height=\"429\" src=\"https:\/\/www.uartes.edu.ec\/sitio\/wp-content\/uploads\/2026\/04\/Proyecto-Cambiar-tamano-de-imagen-2026-04-29T125339.922-644x429.jpeg\" alt=\"\" class=\"wp-image-90053\" srcset=\"https:\/\/www.uartes.edu.ec\/sitio\/wp-content\/uploads\/2026\/04\/Proyecto-Cambiar-tamano-de-imagen-2026-04-29T125339.922-644x429.jpeg 644w, https:\/\/www.uartes.edu.ec\/sitio\/wp-content\/uploads\/2026\/04\/Proyecto-Cambiar-tamano-de-imagen-2026-04-29T125339.922-300x200.jpeg 300w, https:\/\/www.uartes.edu.ec\/sitio\/wp-content\/uploads\/2026\/04\/Proyecto-Cambiar-tamano-de-imagen-2026-04-29T125339.922-768x512.jpeg 768w, https:\/\/www.uartes.edu.ec\/sitio\/wp-content\/uploads\/2026\/04\/Proyecto-Cambiar-tamano-de-imagen-2026-04-29T125339.922-1536x1024.jpeg 1536w, https:\/\/www.uartes.edu.ec\/sitio\/wp-content\/uploads\/2026\/04\/Proyecto-Cambiar-tamano-de-imagen-2026-04-29T125339.922-18x12.jpeg 18w, https:\/\/www.uartes.edu.ec\/sitio\/wp-content\/uploads\/2026\/04\/Proyecto-Cambiar-tamano-de-imagen-2026-04-29T125339.922-600x400.jpeg 600w, https:\/\/www.uartes.edu.ec\/sitio\/wp-content\/uploads\/2026\/04\/Proyecto-Cambiar-tamano-de-imagen-2026-04-29T125339.922-400x267.jpeg 400w, https:\/\/www.uartes.edu.ec\/sitio\/wp-content\/uploads\/2026\/04\/Proyecto-Cambiar-tamano-de-imagen-2026-04-29T125339.922.jpeg 2000w\" sizes=\"(max-width: 644px) 100vw, 644px\" \/><\/figure>\n<\/div>\n\n\n<p>Mark Walker es un destacado baterista, compositor y educador estadounidense, ganador de m\u00faltiples premios Grammy y Grammy Latinos, con m\u00e1s de 60 grabaciones y ocho nominaciones a estos galardones. Inici\u00f3 su carrera en Chicago y, desde la d\u00e9cada de 1990, ha desarrollado una s\u00f3lida trayectoria internacional como int\u00e9rprete y m\u00fasico de sesi\u00f3n, colaborando con figuras de renombre, como Paquito D\u2019Rivera, Michel Camilo y el grupo Oregon, entre muchos otros referentes del jazz y la m\u00fasica contempor\u00e1nea.<\/p>\n\n\n\n<p>A lo largo de su carrera, ha participado en importantes proyectos musicales y audiovisuales, incluyendo la reconocida pel\u00edcula Calle 54, y ha trabajado junto a destacados artistas como Wynton Marsalis, Arturo Sandoval, Ivan Lins, Bobby McFerrin y la Big Band de la WDR, consolid\u00e1ndose como una figura influyente en la escena del jazz global.<\/p>\n\n\n\n<p>En el \u00e1mbito acad\u00e9mico, Walker ha sido profesor en Berklee College of Music, donde desarroll\u00f3 programas de estudio y public\u00f3 el libro World Jazz Drumming, adem\u00e1s de impartir clases magistrales en Europa, Asia y Am\u00e9rica Latina. Como compositor, su obra tambi\u00e9n ha sido reconocida, con piezas interpretadas por agrupaciones internacionales y nominadas a los premios Grammy.<\/p>\n\n\n\n<p>Actualmente, combina su labor pedag\u00f3gica con la composici\u00f3n, la grabaci\u00f3n y giras internacionales, manteni\u00e9ndose como un referente de la percusi\u00f3n contempor\u00e1nea y la educaci\u00f3n musical a nivel mundial.<\/p>\n\n\n\n<h3 class=\"wp-block-heading\">Programaci\u00f3n de las jornadas<\/h3>\n\n\n\n<p>Las actividades de \u201cC\u00e1tedras Vivas EAS: Percusi\u00f3n\u201d, se desarrollar\u00e1n el 4 y 5 de mayo de 2026. <\/p>\n\n\n\n<p>El baterista y compositor estadounidense invitado Mark Walker brindar\u00e1 una <em>masterclass<\/em> en el primer d\u00eda de la cita, de 14:00 a 15:45, en el auditorio del MAAC (Museo Antropol\u00f3gico y de Arte Contempor\u00e1neo). Por la ma\u00f1ana del lunes 4, Mark Walker estar\u00e1 en el estudio de grabaci\u00f3n A de la Escuela de Artes Sonoras, en el MZ14 Centro de Producci\u00f3n e Innovaci\u00f3n UArtes.<\/p>\n\n\n\n<p>Nuestros docentes artistas tambi\u00e9n tendr\u00e1n exposiciones el 4 de mayo, todos en el SUM (Sal\u00f3n de Usos M\u00faltiples), ubicado en el primer piso del Pabell\u00f3n Araceli Gilbert, en el antiguo Palacio de la Gobernaci\u00f3n, nuestra sede matriz: Carlos Bravo, de 10:00 a 10:45, con el tema \u201cLos 40 rudimentos oficiales PAS: De la t\u00e9cnica a la musicalidad\u201d; Orl\u00edn Monta\u00f1o, de 11:00 a 11:45, con el \u201cTaller de percusi\u00f3n afroecuatoriana: Bases R\u00edtmicas de la M\u00fasica Cimarrona\u201d; Andr\u00e9s Figueroa, 12:00 a 12:45, con \u201cTempo vs. comp\u00e1s\u201d; Lu\u00eds Gonz\u00e1lez, de 16:00 a 16:45, con \u201cEl desarrollo del t\u00edmpani a trav\u00e9s de la historia de la m\u00fasica\u201d; y Jorge Vega, de 17:00 a 17:45, con \u201cFundamentos b\u00e1sicos de la conga: t\u00e9cnica y patrones r\u00edtmicos b\u00e1sicos\u201d.<\/p>\n\n\n\n<p>El martes 5 de mayo, de 10:00 a 12:00, Sergio Reggiani tendr\u00e1 la ponencia \u201cDesde la Clave hacia el Folclore, el Latin, el Jazz y el Rock: La influencia de la clave en el Ritmo y la M\u00fasica Popular\u201d.<\/p>\n\n\n\n<p>Texto y foto: colaboraci\u00f3n Escuela de Artes Sonoras. Edici\u00f3n: Carmen Cortez\/Dircom.<\/p>","protected":false},"excerpt":{"rendered":"<p>La Universidad de las Artes, en el marco de sus jornadas de \u201cC\u00e1tedras Vivas: Percusi\u00f3n\u201d, impulsa un espacio de encuentro entre estudiantes, docentes y profesionales de la percusi\u00f3n, con el prop\u00f3sito de fortalecer el aprendizaje en contexto real, el intercambio de saberes y la conexi\u00f3n entre distintas generaciones de m\u00fasicos. Como parte de esta iniciativa, el 4 y 5 de mayo habr\u00e1 masterclasses de m\u00fasicos locales, di\u00e1logos y la participaci\u00f3n del reconocido baterista Mark Walker.<\/p>","protected":false},"author":10,"featured_media":90052,"comment_status":"open","ping_status":"open","sticky":false,"template":"","format":"standard","meta":{"_acf_changed":false,"_uag_custom_page_level_css":"","_monsterinsights_skip_tracking":false,"_monsterinsights_sitenote_active":false,"_monsterinsights_sitenote_note":"","_monsterinsights_sitenote_category":0,"cybocfi_hide_featured_image":"","footnotes":""},"categories":[80,82,150,75,76,83],"tags":[521],"infouartes":[],"class_list":["post-90029","post","type-post","status-publish","format-standard","has-post-thumbnail","hentry","category-academico","category-artes","category-artes-sonoras","category-docentes","category-estudiantes","category-sedes","tag-encuentro"],"acf":[],"yoast_head":"<!-- This site is optimized with the Yoast SEO plugin v27.4 - https:\/\/yoast.com\/product\/yoast-seo-wordpress\/ -->\n<title>Universidad de las Artes - Baterista Mark Walker dar\u00e1 masterclass en jornadas \u201cC\u00e1tedras Vivas: Percusi\u00f3n\u201d<\/title>\n<meta name=\"description\" content=\"Universidad de las Artes - Baterista Mark Walker dar\u00e1 masterclass en jornadas \u201cC\u00e1tedras Vivas: Percusi\u00f3n\u201d\" \/>\n<meta name=\"robots\" content=\"index, follow, max-snippet:-1, max-image-preview:large, max-video-preview:-1\" \/>\n<link rel=\"canonical\" href=\"https:\/\/www.uartes.edu.ec\/sitio\/en\/blog\/2026\/04\/29\/baterista-mark-walker-dara-masterclass-en-las-jornadas-de-catedras-vivas-percusion-de-la-escuela-de-artes-sonoras\/\" \/>\n<meta property=\"og:locale\" content=\"en_US\" \/>\n<meta property=\"og:type\" content=\"article\" \/>\n<meta property=\"og:title\" content=\"Universidad de las Artes - Baterista Mark Walker dar\u00e1 masterclass en jornadas \u201cC\u00e1tedras Vivas: Percusi\u00f3n\u201d\" \/>\n<meta property=\"og:description\" content=\"Universidad de las Artes - Baterista Mark Walker dar\u00e1 masterclass en jornadas \u201cC\u00e1tedras Vivas: Percusi\u00f3n\u201d\" \/>\n<meta property=\"og:url\" content=\"https:\/\/www.uartes.edu.ec\/sitio\/en\/blog\/2026\/04\/29\/baterista-mark-walker-dara-masterclass-en-las-jornadas-de-catedras-vivas-percusion-de-la-escuela-de-artes-sonoras\/\" \/>\n<meta property=\"og:site_name\" content=\"Universidad de las Artes\" \/>\n<meta property=\"article:publisher\" content=\"https:\/\/www.facebook.com\/uartesec\" \/>\n<meta property=\"article:published_time\" content=\"2026-04-29T23:31:00+00:00\" \/>\n<meta property=\"article:modified_time\" content=\"2026-04-29T23:41:05+00:00\" \/>\n<meta property=\"og:image\" content=\"https:\/\/www.uartes.edu.ec\/sitio\/wp-content\/uploads\/2026\/04\/Proyecto-Cambiar-tamano-de-imagen-2026-04-29T124638.562.jpeg\" \/>\n\t<meta property=\"og:image:width\" content=\"2000\" \/>\n\t<meta property=\"og:image:height\" content=\"1333\" \/>\n\t<meta property=\"og:image:type\" content=\"image\/jpeg\" \/>\n<meta name=\"author\" content=\"ccortez\" \/>\n<meta name=\"twitter:card\" content=\"summary_large_image\" \/>\n<meta name=\"twitter:creator\" content=\"@uartesec\" \/>\n<meta name=\"twitter:site\" content=\"@uartesec\" \/>\n<meta name=\"twitter:label1\" content=\"Written by\" \/>\n\t<meta name=\"twitter:data1\" content=\"ccortez\" \/>\n\t<meta name=\"twitter:label2\" content=\"Est. reading time\" \/>\n\t<meta name=\"twitter:data2\" content=\"4 minutes\" \/>\n<script type=\"application\/ld+json\" class=\"yoast-schema-graph\">{\"@context\":\"https:\\\/\\\/schema.org\",\"@graph\":[{\"@type\":\"Article\",\"@id\":\"https:\\\/\\\/www.uartes.edu.ec\\\/sitio\\\/en\\\/blog\\\/2026\\\/04\\\/29\\\/baterista-mark-walker-dara-masterclass-en-las-jornadas-de-catedras-vivas-percusion-de-la-escuela-de-artes-sonoras\\\/#article\",\"isPartOf\":{\"@id\":\"https:\\\/\\\/www.uartes.edu.ec\\\/sitio\\\/en\\\/blog\\\/2026\\\/04\\\/29\\\/baterista-mark-walker-dara-masterclass-en-las-jornadas-de-catedras-vivas-percusion-de-la-escuela-de-artes-sonoras\\\/\"},\"author\":{\"name\":\"ccortez\",\"@id\":\"https:\\\/\\\/www.uartes.edu.ec\\\/sitio\\\/en\\\/#\\\/schema\\\/person\\\/efa1b8275797664fd7f13a79ccc0b1f4\"},\"headline\":\"Baterista Mark Walker dar\u00e1 masterclass en jornadas \u201cC\u00e1tedras Vivas: Percusi\u00f3n\u201d\",\"datePublished\":\"2026-04-29T23:31:00+00:00\",\"dateModified\":\"2026-04-29T23:41:05+00:00\",\"mainEntityOfPage\":{\"@id\":\"https:\\\/\\\/www.uartes.edu.ec\\\/sitio\\\/en\\\/blog\\\/2026\\\/04\\\/29\\\/baterista-mark-walker-dara-masterclass-en-las-jornadas-de-catedras-vivas-percusion-de-la-escuela-de-artes-sonoras\\\/\"},\"wordCount\":765,\"commentCount\":0,\"publisher\":{\"@id\":\"https:\\\/\\\/www.uartes.edu.ec\\\/sitio\\\/en\\\/#organization\"},\"image\":{\"@id\":\"https:\\\/\\\/www.uartes.edu.ec\\\/sitio\\\/en\\\/blog\\\/2026\\\/04\\\/29\\\/baterista-mark-walker-dara-masterclass-en-las-jornadas-de-catedras-vivas-percusion-de-la-escuela-de-artes-sonoras\\\/#primaryimage\"},\"thumbnailUrl\":\"https:\\\/\\\/www.uartes.edu.ec\\\/sitio\\\/wp-content\\\/uploads\\\/2026\\\/04\\\/Proyecto-Cambiar-tamano-de-imagen-2026-04-29T124638.562.jpeg\",\"keywords\":[\"encuentro\"],\"articleSection\":[\"Acad\u00e9mico\",\"Artes\",\"Artes Sonoras\",\"Docentes\",\"Estudiantes\",\"Sedes\"],\"inLanguage\":\"en-US\",\"potentialAction\":[{\"@type\":\"CommentAction\",\"name\":\"Comment\",\"target\":[\"https:\\\/\\\/www.uartes.edu.ec\\\/sitio\\\/en\\\/blog\\\/2026\\\/04\\\/29\\\/baterista-mark-walker-dara-masterclass-en-las-jornadas-de-catedras-vivas-percusion-de-la-escuela-de-artes-sonoras\\\/#respond\"]}]},{\"@type\":[\"WebPage\",\"ItemPage\"],\"@id\":\"https:\\\/\\\/www.uartes.edu.ec\\\/sitio\\\/en\\\/blog\\\/2026\\\/04\\\/29\\\/baterista-mark-walker-dara-masterclass-en-las-jornadas-de-catedras-vivas-percusion-de-la-escuela-de-artes-sonoras\\\/\",\"url\":\"https:\\\/\\\/www.uartes.edu.ec\\\/sitio\\\/en\\\/blog\\\/2026\\\/04\\\/29\\\/baterista-mark-walker-dara-masterclass-en-las-jornadas-de-catedras-vivas-percusion-de-la-escuela-de-artes-sonoras\\\/\",\"name\":\"Universidad de las Artes - Baterista Mark Walker dar\u00e1 masterclass en jornadas \u201cC\u00e1tedras Vivas: Percusi\u00f3n\u201d\",\"isPartOf\":{\"@id\":\"https:\\\/\\\/www.uartes.edu.ec\\\/sitio\\\/en\\\/#website\"},\"primaryImageOfPage\":{\"@id\":\"https:\\\/\\\/www.uartes.edu.ec\\\/sitio\\\/en\\\/blog\\\/2026\\\/04\\\/29\\\/baterista-mark-walker-dara-masterclass-en-las-jornadas-de-catedras-vivas-percusion-de-la-escuela-de-artes-sonoras\\\/#primaryimage\"},\"image\":{\"@id\":\"https:\\\/\\\/www.uartes.edu.ec\\\/sitio\\\/en\\\/blog\\\/2026\\\/04\\\/29\\\/baterista-mark-walker-dara-masterclass-en-las-jornadas-de-catedras-vivas-percusion-de-la-escuela-de-artes-sonoras\\\/#primaryimage\"},\"thumbnailUrl\":\"https:\\\/\\\/www.uartes.edu.ec\\\/sitio\\\/wp-content\\\/uploads\\\/2026\\\/04\\\/Proyecto-Cambiar-tamano-de-imagen-2026-04-29T124638.562.jpeg\",\"datePublished\":\"2026-04-29T23:31:00+00:00\",\"dateModified\":\"2026-04-29T23:41:05+00:00\",\"description\":\"Universidad de las Artes - Baterista Mark Walker dar\u00e1 masterclass en jornadas \u201cC\u00e1tedras Vivas: Percusi\u00f3n\u201d\",\"breadcrumb\":{\"@id\":\"https:\\\/\\\/www.uartes.edu.ec\\\/sitio\\\/en\\\/blog\\\/2026\\\/04\\\/29\\\/baterista-mark-walker-dara-masterclass-en-las-jornadas-de-catedras-vivas-percusion-de-la-escuela-de-artes-sonoras\\\/#breadcrumb\"},\"inLanguage\":\"en-US\",\"potentialAction\":[{\"@type\":\"ReadAction\",\"target\":[\"https:\\\/\\\/www.uartes.edu.ec\\\/sitio\\\/en\\\/blog\\\/2026\\\/04\\\/29\\\/baterista-mark-walker-dara-masterclass-en-las-jornadas-de-catedras-vivas-percusion-de-la-escuela-de-artes-sonoras\\\/\"]}]},{\"@type\":\"ImageObject\",\"inLanguage\":\"en-US\",\"@id\":\"https:\\\/\\\/www.uartes.edu.ec\\\/sitio\\\/en\\\/blog\\\/2026\\\/04\\\/29\\\/baterista-mark-walker-dara-masterclass-en-las-jornadas-de-catedras-vivas-percusion-de-la-escuela-de-artes-sonoras\\\/#primaryimage\",\"url\":\"https:\\\/\\\/www.uartes.edu.ec\\\/sitio\\\/wp-content\\\/uploads\\\/2026\\\/04\\\/Proyecto-Cambiar-tamano-de-imagen-2026-04-29T124638.562.jpeg\",\"contentUrl\":\"https:\\\/\\\/www.uartes.edu.ec\\\/sitio\\\/wp-content\\\/uploads\\\/2026\\\/04\\\/Proyecto-Cambiar-tamano-de-imagen-2026-04-29T124638.562.jpeg\",\"width\":2000,\"height\":1333},{\"@type\":\"BreadcrumbList\",\"@id\":\"https:\\\/\\\/www.uartes.edu.ec\\\/sitio\\\/en\\\/blog\\\/2026\\\/04\\\/29\\\/baterista-mark-walker-dara-masterclass-en-las-jornadas-de-catedras-vivas-percusion-de-la-escuela-de-artes-sonoras\\\/#breadcrumb\",\"itemListElement\":[{\"@type\":\"ListItem\",\"position\":1,\"name\":\"Inicio\",\"item\":\"https:\\\/\\\/www.uartes.edu.ec\\\/sitio\\\/\"},{\"@type\":\"ListItem\",\"position\":2,\"name\":\"Baterista Mark Walker dar\u00e1 masterclass en jornadas \u201cC\u00e1tedras Vivas: Percusi\u00f3n\u201d\"}]},{\"@type\":\"WebSite\",\"@id\":\"https:\\\/\\\/www.uartes.edu.ec\\\/sitio\\\/en\\\/#website\",\"url\":\"https:\\\/\\\/www.uartes.edu.ec\\\/sitio\\\/en\\\/\",\"name\":\"Universidad de las Artes\",\"description\":\"Sitio oficial de la Universidad Nacional de las Artes del Ecuador\",\"publisher\":{\"@id\":\"https:\\\/\\\/www.uartes.edu.ec\\\/sitio\\\/en\\\/#organization\"},\"potentialAction\":[{\"@type\":\"SearchAction\",\"target\":{\"@type\":\"EntryPoint\",\"urlTemplate\":\"https:\\\/\\\/www.uartes.edu.ec\\\/sitio\\\/en\\\/?s={search_term_string}\"},\"query-input\":{\"@type\":\"PropertyValueSpecification\",\"valueRequired\":true,\"valueName\":\"search_term_string\"}}],\"inLanguage\":\"en-US\"},{\"@type\":\"Organization\",\"@id\":\"https:\\\/\\\/www.uartes.edu.ec\\\/sitio\\\/en\\\/#organization\",\"name\":\"Universidad de las Artes\",\"url\":\"https:\\\/\\\/www.uartes.edu.ec\\\/sitio\\\/en\\\/\",\"logo\":{\"@type\":\"ImageObject\",\"inLanguage\":\"en-US\",\"@id\":\"https:\\\/\\\/www.uartes.edu.ec\\\/sitio\\\/en\\\/#\\\/schema\\\/logo\\\/image\\\/\",\"url\":\"https:\\\/\\\/www.uartes.edu.ec\\\/sitio\\\/wp-content\\\/uploads\\\/2022\\\/07\\\/logo-ua-horizontal.png\",\"contentUrl\":\"https:\\\/\\\/www.uartes.edu.ec\\\/sitio\\\/wp-content\\\/uploads\\\/2022\\\/07\\\/logo-ua-horizontal.png\",\"width\":800,\"height\":276,\"caption\":\"Universidad de las Artes\"},\"image\":{\"@id\":\"https:\\\/\\\/www.uartes.edu.ec\\\/sitio\\\/en\\\/#\\\/schema\\\/logo\\\/image\\\/\"},\"sameAs\":[\"https:\\\/\\\/www.facebook.com\\\/uartesec\",\"https:\\\/\\\/x.com\\\/uartesec\",\"https:\\\/\\\/www.tiktok.com\\\/@uartesec\"]},{\"@type\":\"Person\",\"@id\":\"https:\\\/\\\/www.uartes.edu.ec\\\/sitio\\\/en\\\/#\\\/schema\\\/person\\\/efa1b8275797664fd7f13a79ccc0b1f4\",\"name\":\"ccortez\",\"image\":{\"@type\":\"ImageObject\",\"inLanguage\":\"en-US\",\"@id\":\"https:\\\/\\\/secure.gravatar.com\\\/avatar\\\/b2a6f664a3ae8e074346ef91775736c5ec479e637ecced6842de9dc98b5da9cd?s=96&d=mm&r=g\",\"url\":\"https:\\\/\\\/secure.gravatar.com\\\/avatar\\\/b2a6f664a3ae8e074346ef91775736c5ec479e637ecced6842de9dc98b5da9cd?s=96&d=mm&r=g\",\"contentUrl\":\"https:\\\/\\\/secure.gravatar.com\\\/avatar\\\/b2a6f664a3ae8e074346ef91775736c5ec479e637ecced6842de9dc98b5da9cd?s=96&d=mm&r=g\",\"caption\":\"ccortez\"},\"url\":\"https:\\\/\\\/www.uartes.edu.ec\\\/sitio\\\/en\\\/blog\\\/author\\\/ccortez\\\/\"}]}<\/script>\n<!-- \/ Yoast SEO plugin. -->","yoast_head_json":{"title":"Universidad de las Artes - Baterista Mark Walker dar\u00e1 masterclass en jornadas \u201cC\u00e1tedras Vivas: Percusi\u00f3n\u201d","description":"Universidad de las Artes - Baterista Mark Walker dar\u00e1 masterclass en jornadas \u201cC\u00e1tedras Vivas: Percusi\u00f3n\u201d","robots":{"index":"index","follow":"follow","max-snippet":"max-snippet:-1","max-image-preview":"max-image-preview:large","max-video-preview":"max-video-preview:-1"},"canonical":"https:\/\/www.uartes.edu.ec\/sitio\/en\/blog\/2026\/04\/29\/baterista-mark-walker-dara-masterclass-en-las-jornadas-de-catedras-vivas-percusion-de-la-escuela-de-artes-sonoras\/","og_locale":"en_US","og_type":"article","og_title":"Universidad de las Artes - Baterista Mark Walker dar\u00e1 masterclass en jornadas \u201cC\u00e1tedras Vivas: Percusi\u00f3n\u201d","og_description":"Universidad de las Artes - Baterista Mark Walker dar\u00e1 masterclass en jornadas \u201cC\u00e1tedras Vivas: Percusi\u00f3n\u201d","og_url":"https:\/\/www.uartes.edu.ec\/sitio\/en\/blog\/2026\/04\/29\/baterista-mark-walker-dara-masterclass-en-las-jornadas-de-catedras-vivas-percusion-de-la-escuela-de-artes-sonoras\/","og_site_name":"Universidad de las Artes","article_publisher":"https:\/\/www.facebook.com\/uartesec","article_published_time":"2026-04-29T23:31:00+00:00","article_modified_time":"2026-04-29T23:41:05+00:00","og_image":[{"width":2000,"height":1333,"url":"https:\/\/www.uartes.edu.ec\/sitio\/wp-content\/uploads\/2026\/04\/Proyecto-Cambiar-tamano-de-imagen-2026-04-29T124638.562.jpeg","type":"image\/jpeg"}],"author":"ccortez","twitter_card":"summary_large_image","twitter_creator":"@uartesec","twitter_site":"@uartesec","twitter_misc":{"Written by":"ccortez","Est. reading time":"4 minutes"},"schema":{"@context":"https:\/\/schema.org","@graph":[{"@type":"Article","@id":"https:\/\/www.uartes.edu.ec\/sitio\/en\/blog\/2026\/04\/29\/baterista-mark-walker-dara-masterclass-en-las-jornadas-de-catedras-vivas-percusion-de-la-escuela-de-artes-sonoras\/#article","isPartOf":{"@id":"https:\/\/www.uartes.edu.ec\/sitio\/en\/blog\/2026\/04\/29\/baterista-mark-walker-dara-masterclass-en-las-jornadas-de-catedras-vivas-percusion-de-la-escuela-de-artes-sonoras\/"},"author":{"name":"ccortez","@id":"https:\/\/www.uartes.edu.ec\/sitio\/en\/#\/schema\/person\/efa1b8275797664fd7f13a79ccc0b1f4"},"headline":"Baterista Mark Walker dar\u00e1 masterclass en jornadas \u201cC\u00e1tedras Vivas: Percusi\u00f3n\u201d","datePublished":"2026-04-29T23:31:00+00:00","dateModified":"2026-04-29T23:41:05+00:00","mainEntityOfPage":{"@id":"https:\/\/www.uartes.edu.ec\/sitio\/en\/blog\/2026\/04\/29\/baterista-mark-walker-dara-masterclass-en-las-jornadas-de-catedras-vivas-percusion-de-la-escuela-de-artes-sonoras\/"},"wordCount":765,"commentCount":0,"publisher":{"@id":"https:\/\/www.uartes.edu.ec\/sitio\/en\/#organization"},"image":{"@id":"https:\/\/www.uartes.edu.ec\/sitio\/en\/blog\/2026\/04\/29\/baterista-mark-walker-dara-masterclass-en-las-jornadas-de-catedras-vivas-percusion-de-la-escuela-de-artes-sonoras\/#primaryimage"},"thumbnailUrl":"https:\/\/www.uartes.edu.ec\/sitio\/wp-content\/uploads\/2026\/04\/Proyecto-Cambiar-tamano-de-imagen-2026-04-29T124638.562.jpeg","keywords":["encuentro"],"articleSection":["Acad\u00e9mico","Artes","Artes Sonoras","Docentes","Estudiantes","Sedes"],"inLanguage":"en-US","potentialAction":[{"@type":"CommentAction","name":"Comment","target":["https:\/\/www.uartes.edu.ec\/sitio\/en\/blog\/2026\/04\/29\/baterista-mark-walker-dara-masterclass-en-las-jornadas-de-catedras-vivas-percusion-de-la-escuela-de-artes-sonoras\/#respond"]}]},{"@type":["WebPage","ItemPage"],"@id":"https:\/\/www.uartes.edu.ec\/sitio\/en\/blog\/2026\/04\/29\/baterista-mark-walker-dara-masterclass-en-las-jornadas-de-catedras-vivas-percusion-de-la-escuela-de-artes-sonoras\/","url":"https:\/\/www.uartes.edu.ec\/sitio\/en\/blog\/2026\/04\/29\/baterista-mark-walker-dara-masterclass-en-las-jornadas-de-catedras-vivas-percusion-de-la-escuela-de-artes-sonoras\/","name":"Universidad de las Artes - Baterista Mark Walker dar\u00e1 masterclass en jornadas \u201cC\u00e1tedras Vivas: Percusi\u00f3n\u201d","isPartOf":{"@id":"https:\/\/www.uartes.edu.ec\/sitio\/en\/#website"},"primaryImageOfPage":{"@id":"https:\/\/www.uartes.edu.ec\/sitio\/en\/blog\/2026\/04\/29\/baterista-mark-walker-dara-masterclass-en-las-jornadas-de-catedras-vivas-percusion-de-la-escuela-de-artes-sonoras\/#primaryimage"},"image":{"@id":"https:\/\/www.uartes.edu.ec\/sitio\/en\/blog\/2026\/04\/29\/baterista-mark-walker-dara-masterclass-en-las-jornadas-de-catedras-vivas-percusion-de-la-escuela-de-artes-sonoras\/#primaryimage"},"thumbnailUrl":"https:\/\/www.uartes.edu.ec\/sitio\/wp-content\/uploads\/2026\/04\/Proyecto-Cambiar-tamano-de-imagen-2026-04-29T124638.562.jpeg","datePublished":"2026-04-29T23:31:00+00:00","dateModified":"2026-04-29T23:41:05+00:00","description":"Universidad de las Artes - Baterista Mark Walker dar\u00e1 masterclass en jornadas \u201cC\u00e1tedras Vivas: Percusi\u00f3n\u201d","breadcrumb":{"@id":"https:\/\/www.uartes.edu.ec\/sitio\/en\/blog\/2026\/04\/29\/baterista-mark-walker-dara-masterclass-en-las-jornadas-de-catedras-vivas-percusion-de-la-escuela-de-artes-sonoras\/#breadcrumb"},"inLanguage":"en-US","potentialAction":[{"@type":"ReadAction","target":["https:\/\/www.uartes.edu.ec\/sitio\/en\/blog\/2026\/04\/29\/baterista-mark-walker-dara-masterclass-en-las-jornadas-de-catedras-vivas-percusion-de-la-escuela-de-artes-sonoras\/"]}]},{"@type":"ImageObject","inLanguage":"en-US","@id":"https:\/\/www.uartes.edu.ec\/sitio\/en\/blog\/2026\/04\/29\/baterista-mark-walker-dara-masterclass-en-las-jornadas-de-catedras-vivas-percusion-de-la-escuela-de-artes-sonoras\/#primaryimage","url":"https:\/\/www.uartes.edu.ec\/sitio\/wp-content\/uploads\/2026\/04\/Proyecto-Cambiar-tamano-de-imagen-2026-04-29T124638.562.jpeg","contentUrl":"https:\/\/www.uartes.edu.ec\/sitio\/wp-content\/uploads\/2026\/04\/Proyecto-Cambiar-tamano-de-imagen-2026-04-29T124638.562.jpeg","width":2000,"height":1333},{"@type":"BreadcrumbList","@id":"https:\/\/www.uartes.edu.ec\/sitio\/en\/blog\/2026\/04\/29\/baterista-mark-walker-dara-masterclass-en-las-jornadas-de-catedras-vivas-percusion-de-la-escuela-de-artes-sonoras\/#breadcrumb","itemListElement":[{"@type":"ListItem","position":1,"name":"Inicio","item":"https:\/\/www.uartes.edu.ec\/sitio\/"},{"@type":"ListItem","position":2,"name":"Baterista Mark Walker dar\u00e1 masterclass en jornadas \u201cC\u00e1tedras Vivas: Percusi\u00f3n\u201d"}]},{"@type":"WebSite","@id":"https:\/\/www.uartes.edu.ec\/sitio\/en\/#website","url":"https:\/\/www.uartes.edu.ec\/sitio\/en\/","name":"Universidad de las Artes","description":"Sitio oficial de la Universidad Nacional de las Artes del Ecuador","publisher":{"@id":"https:\/\/www.uartes.edu.ec\/sitio\/en\/#organization"},"potentialAction":[{"@type":"SearchAction","target":{"@type":"EntryPoint","urlTemplate":"https:\/\/www.uartes.edu.ec\/sitio\/en\/?s={search_term_string}"},"query-input":{"@type":"PropertyValueSpecification","valueRequired":true,"valueName":"search_term_string"}}],"inLanguage":"en-US"},{"@type":"Organization","@id":"https:\/\/www.uartes.edu.ec\/sitio\/en\/#organization","name":"Universidad de las Artes","url":"https:\/\/www.uartes.edu.ec\/sitio\/en\/","logo":{"@type":"ImageObject","inLanguage":"en-US","@id":"https:\/\/www.uartes.edu.ec\/sitio\/en\/#\/schema\/logo\/image\/","url":"https:\/\/www.uartes.edu.ec\/sitio\/wp-content\/uploads\/2022\/07\/logo-ua-horizontal.png","contentUrl":"https:\/\/www.uartes.edu.ec\/sitio\/wp-content\/uploads\/2022\/07\/logo-ua-horizontal.png","width":800,"height":276,"caption":"Universidad de las Artes"},"image":{"@id":"https:\/\/www.uartes.edu.ec\/sitio\/en\/#\/schema\/logo\/image\/"},"sameAs":["https:\/\/www.facebook.com\/uartesec","https:\/\/x.com\/uartesec","https:\/\/www.tiktok.com\/@uartesec"]},{"@type":"Person","@id":"https:\/\/www.uartes.edu.ec\/sitio\/en\/#\/schema\/person\/efa1b8275797664fd7f13a79ccc0b1f4","name":"ccortez","image":{"@type":"ImageObject","inLanguage":"en-US","@id":"https:\/\/secure.gravatar.com\/avatar\/b2a6f664a3ae8e074346ef91775736c5ec479e637ecced6842de9dc98b5da9cd?s=96&d=mm&r=g","url":"https:\/\/secure.gravatar.com\/avatar\/b2a6f664a3ae8e074346ef91775736c5ec479e637ecced6842de9dc98b5da9cd?s=96&d=mm&r=g","contentUrl":"https:\/\/secure.gravatar.com\/avatar\/b2a6f664a3ae8e074346ef91775736c5ec479e637ecced6842de9dc98b5da9cd?s=96&d=mm&r=g","caption":"ccortez"},"url":"https:\/\/www.uartes.edu.ec\/sitio\/en\/blog\/author\/ccortez\/"}]}},"uagb_featured_image_src":{"full":["https:\/\/www.uartes.edu.ec\/sitio\/wp-content\/uploads\/2026\/04\/Proyecto-Cambiar-tamano-de-imagen-2026-04-29T124638.562.jpeg",2000,1333,false],"thumbnail":["https:\/\/www.uartes.edu.ec\/sitio\/wp-content\/uploads\/2026\/04\/Proyecto-Cambiar-tamano-de-imagen-2026-04-29T124638.562-150x150.jpeg",150,150,true],"medium":["https:\/\/www.uartes.edu.ec\/sitio\/wp-content\/uploads\/2026\/04\/Proyecto-Cambiar-tamano-de-imagen-2026-04-29T124638.562-300x200.jpeg",300,200,true],"medium_large":["https:\/\/www.uartes.edu.ec\/sitio\/wp-content\/uploads\/2026\/04\/Proyecto-Cambiar-tamano-de-imagen-2026-04-29T124638.562-768x512.jpeg",768,512,true],"large":["https:\/\/www.uartes.edu.ec\/sitio\/wp-content\/uploads\/2026\/04\/Proyecto-Cambiar-tamano-de-imagen-2026-04-29T124638.562-644x429.jpeg",644,429,true],"1536x1536":["https:\/\/www.uartes.edu.ec\/sitio\/wp-content\/uploads\/2026\/04\/Proyecto-Cambiar-tamano-de-imagen-2026-04-29T124638.562-1536x1024.jpeg",1536,1024,true],"2048x2048":["https:\/\/www.uartes.edu.ec\/sitio\/wp-content\/uploads\/2026\/04\/Proyecto-Cambiar-tamano-de-imagen-2026-04-29T124638.562.jpeg",2000,1333,false],"trp-custom-language-flag":["https:\/\/www.uartes.edu.ec\/sitio\/wp-content\/uploads\/2026\/04\/Proyecto-Cambiar-tamano-de-imagen-2026-04-29T124638.562-18x12.jpeg",18,12,true],"htmega_size_585x295":["https:\/\/www.uartes.edu.ec\/sitio\/wp-content\/uploads\/2026\/04\/Proyecto-Cambiar-tamano-de-imagen-2026-04-29T124638.562-585x295.jpeg",585,295,true],"htmega_size_1170x536":["https:\/\/www.uartes.edu.ec\/sitio\/wp-content\/uploads\/2026\/04\/Proyecto-Cambiar-tamano-de-imagen-2026-04-29T124638.562-1170x536.jpeg",1170,536,true],"htmega_size_396x360":["https:\/\/www.uartes.edu.ec\/sitio\/wp-content\/uploads\/2026\/04\/Proyecto-Cambiar-tamano-de-imagen-2026-04-29T124638.562-396x360.jpeg",396,360,true],"gb-block-post-grid-landscape":["https:\/\/www.uartes.edu.ec\/sitio\/wp-content\/uploads\/2026\/04\/Proyecto-Cambiar-tamano-de-imagen-2026-04-29T124638.562-600x400.jpeg",600,400,true],"gb-block-post-grid-square":["https:\/\/www.uartes.edu.ec\/sitio\/wp-content\/uploads\/2026\/04\/Proyecto-Cambiar-tamano-de-imagen-2026-04-29T124638.562-600x600.jpeg",600,600,true],"university-hub-thumb":["https:\/\/www.uartes.edu.ec\/sitio\/wp-content\/uploads\/2026\/04\/Proyecto-Cambiar-tamano-de-imagen-2026-04-29T124638.562-400x267.jpeg",400,267,true]},"uagb_author_info":{"display_name":"ccortez","author_link":"https:\/\/www.uartes.edu.ec\/sitio\/en\/blog\/author\/ccortez\/"},"uagb_comment_info":0,"uagb_excerpt":"La Universidad de las Artes, en el marco de sus jornadas de \u201cC\u00e1tedras Vivas: Percusi\u00f3n\u201d, impulsa un espacio de encuentro entre estudiantes, docentes y profesionales de la percusi\u00f3n, con el prop\u00f3sito de fortalecer el aprendizaje en contexto real, el intercambio de saberes y la conexi\u00f3n entre distintas generaciones de m\u00fasicos. Como parte de esta iniciativa,&hellip;","featured_image_src":"https:\/\/www.uartes.edu.ec\/sitio\/wp-content\/uploads\/2026\/04\/Proyecto-Cambiar-tamano-de-imagen-2026-04-29T124638.562-600x400.jpeg","featured_image_src_square":"https:\/\/www.uartes.edu.ec\/sitio\/wp-content\/uploads\/2026\/04\/Proyecto-Cambiar-tamano-de-imagen-2026-04-29T124638.562-600x600.jpeg","author_info":{"display_name":"ccortez","author_link":"https:\/\/www.uartes.edu.ec\/sitio\/en\/blog\/author\/ccortez\/"},"publishpress_future_workflow_manual_trigger":{"enabledWorkflows":[]},"distributor_meta":false,"distributor_terms":false,"distributor_media":false,"distributor_original_site_name":"Universidad de las Artes","distributor_original_site_url":"https:\/\/www.uartes.edu.ec\/sitio\/en","push-errors":false,"_links":{"self":[{"href":"https:\/\/www.uartes.edu.ec\/sitio\/en\/wp-json\/wp\/v2\/posts\/90029","targetHints":{"allow":["GET"]}}],"collection":[{"href":"https:\/\/www.uartes.edu.ec\/sitio\/en\/wp-json\/wp\/v2\/posts"}],"about":[{"href":"https:\/\/www.uartes.edu.ec\/sitio\/en\/wp-json\/wp\/v2\/types\/post"}],"author":[{"embeddable":true,"href":"https:\/\/www.uartes.edu.ec\/sitio\/en\/wp-json\/wp\/v2\/users\/10"}],"replies":[{"embeddable":true,"href":"https:\/\/www.uartes.edu.ec\/sitio\/en\/wp-json\/wp\/v2\/comments?post=90029"}],"version-history":[{"count":5,"href":"https:\/\/www.uartes.edu.ec\/sitio\/en\/wp-json\/wp\/v2\/posts\/90029\/revisions"}],"predecessor-version":[{"id":90068,"href":"https:\/\/www.uartes.edu.ec\/sitio\/en\/wp-json\/wp\/v2\/posts\/90029\/revisions\/90068"}],"wp:featuredmedia":[{"embeddable":true,"href":"https:\/\/www.uartes.edu.ec\/sitio\/en\/wp-json\/wp\/v2\/media\/90052"}],"wp:attachment":[{"href":"https:\/\/www.uartes.edu.ec\/sitio\/en\/wp-json\/wp\/v2\/media?parent=90029"}],"wp:term":[{"taxonomy":"category","embeddable":true,"href":"https:\/\/www.uartes.edu.ec\/sitio\/en\/wp-json\/wp\/v2\/categories?post=90029"},{"taxonomy":"post_tag","embeddable":true,"href":"https:\/\/www.uartes.edu.ec\/sitio\/en\/wp-json\/wp\/v2\/tags?post=90029"},{"taxonomy":"infouartes","embeddable":true,"href":"https:\/\/www.uartes.edu.ec\/sitio\/en\/wp-json\/wp\/v2\/infouartes?post=90029"}],"curies":[{"name":"wp","href":"https:\/\/api.w.org\/{rel}","templated":true}]}}