{"id":90070,"date":"2026-04-29T19:13:00","date_gmt":"2026-04-30T00:13:00","guid":{"rendered":"https:\/\/www.uartes.edu.ec\/sitio\/?p=90070"},"modified":"2026-04-30T13:56:43","modified_gmt":"2026-04-30T18:56:43","slug":"manual-de-estilo-de-la-universidad-de-las-artes-tuvo-su-presentacion-oficial-se-puede-descargar-en-el-sitio-web","status":"publish","type":"post","link":"https:\/\/www.uartes.edu.ec\/sitio\/en\/blog\/2026\/04\/29\/manual-de-estilo-de-la-universidad-de-las-artes-tuvo-su-presentacion-oficial-se-puede-descargar-en-el-sitio-web\/","title":{"rendered":"Manual de estilo de la Universidad de las Artes tuvo su presentaci\u00f3n oficial; se lo puede descargar en el sitio web del CEAT"},"content":{"rendered":"<p>El&nbsp;manual&nbsp;de estilo de la Universidad de las Artes est\u00e1 ya alojado en la p\u00e1gina web del CEAT (Centro de Escritura Acad\u00e9mica y Traducci\u00f3n), desde donde puede ser descargado. No obstante, este 24 de abril se realiz\u00f3 su presentaci\u00f3n impresa, acto desarrollado en la Biblioteca de las Artes con la asistencia de nuestras autoridades, docentes, estudiantes y administrativos.<\/p>\n\n\n\n<p>Concebida como una herramienta, la obra tiene el prop\u00f3sito de fortalecer la coherencia y la calidad en la redacci\u00f3n de documentos institucionales y acad\u00e9micos, y servir como una gu\u00eda accesible y pr\u00e1ctica para toda la comunidad universitaria; un gran apoyo para todos en sus proyectos acad\u00e9micos, administrativos y de comunicaci\u00f3n.<\/p>\n\n\n\n<p>Gilda S\u00e1nchez, directora de UArtes Ediciones, anot\u00f3 que la publicaci\u00f3n es un logro de la universidad concretado el a\u00f1o pasado y editado por su antecesora, Ver\u00f3nica Andrade, conjuntamente con Daniela Zeballos, como correctora de estilo, e Ignacio Quintana, en la diagramaci\u00f3n. Mencion\u00f3 tambi\u00e9n que el equipo editorial del manual lo conformaron estudiantes en pr\u00e1cticas preprofesionales en el CEAT, dirigidos por Marelis Lorete, jefa del \u00e1rea.<\/p>\n\n\n<div class=\"wp-block-image\">\n<figure class=\"aligncenter size-large\"><img fetchpriority=\"high\" decoding=\"async\" width=\"644\" height=\"429\" src=\"https:\/\/www.uartes.edu.ec\/sitio\/wp-content\/uploads\/2026\/04\/11-MANUAL-DE-ESTILO-UARTES-644x429.jpg\" alt=\"\" class=\"wp-image-90081\" srcset=\"https:\/\/www.uartes.edu.ec\/sitio\/wp-content\/uploads\/2026\/04\/11-MANUAL-DE-ESTILO-UARTES-644x429.jpg 644w, https:\/\/www.uartes.edu.ec\/sitio\/wp-content\/uploads\/2026\/04\/11-MANUAL-DE-ESTILO-UARTES-300x200.jpg 300w, https:\/\/www.uartes.edu.ec\/sitio\/wp-content\/uploads\/2026\/04\/11-MANUAL-DE-ESTILO-UARTES-768x512.jpg 768w, https:\/\/www.uartes.edu.ec\/sitio\/wp-content\/uploads\/2026\/04\/11-MANUAL-DE-ESTILO-UARTES-1536x1024.jpg 1536w, https:\/\/www.uartes.edu.ec\/sitio\/wp-content\/uploads\/2026\/04\/11-MANUAL-DE-ESTILO-UARTES-18x12.jpg 18w, https:\/\/www.uartes.edu.ec\/sitio\/wp-content\/uploads\/2026\/04\/11-MANUAL-DE-ESTILO-UARTES-600x400.jpg 600w, https:\/\/www.uartes.edu.ec\/sitio\/wp-content\/uploads\/2026\/04\/11-MANUAL-DE-ESTILO-UARTES-400x267.jpg 400w, https:\/\/www.uartes.edu.ec\/sitio\/wp-content\/uploads\/2026\/04\/11-MANUAL-DE-ESTILO-UARTES.jpg 2000w\" sizes=\"(max-width: 644px) 100vw, 644px\" \/><\/figure>\n<\/div>\n\n\n<figure class=\"wp-block-gallery has-nested-images columns-default is-cropped wp-block-gallery-1 is-layout-flex wp-block-gallery-is-layout-flex\">\n<figure class=\"wp-block-image size-large\"><img decoding=\"async\" width=\"644\" height=\"429\" data-id=\"90082\" src=\"https:\/\/www.uartes.edu.ec\/sitio\/wp-content\/uploads\/2026\/04\/13-MANUAL-DE-ESTILO-UARTES-644x429.jpg\" alt=\"\" class=\"wp-image-90082\" srcset=\"https:\/\/www.uartes.edu.ec\/sitio\/wp-content\/uploads\/2026\/04\/13-MANUAL-DE-ESTILO-UARTES-644x429.jpg 644w, https:\/\/www.uartes.edu.ec\/sitio\/wp-content\/uploads\/2026\/04\/13-MANUAL-DE-ESTILO-UARTES-300x200.jpg 300w, https:\/\/www.uartes.edu.ec\/sitio\/wp-content\/uploads\/2026\/04\/13-MANUAL-DE-ESTILO-UARTES-768x512.jpg 768w, https:\/\/www.uartes.edu.ec\/sitio\/wp-content\/uploads\/2026\/04\/13-MANUAL-DE-ESTILO-UARTES-1536x1024.jpg 1536w, https:\/\/www.uartes.edu.ec\/sitio\/wp-content\/uploads\/2026\/04\/13-MANUAL-DE-ESTILO-UARTES-18x12.jpg 18w, https:\/\/www.uartes.edu.ec\/sitio\/wp-content\/uploads\/2026\/04\/13-MANUAL-DE-ESTILO-UARTES-600x400.jpg 600w, https:\/\/www.uartes.edu.ec\/sitio\/wp-content\/uploads\/2026\/04\/13-MANUAL-DE-ESTILO-UARTES-400x267.jpg 400w, https:\/\/www.uartes.edu.ec\/sitio\/wp-content\/uploads\/2026\/04\/13-MANUAL-DE-ESTILO-UARTES.jpg 2000w\" sizes=\"(max-width: 644px) 100vw, 644px\" \/><\/figure>\n\n\n\n<figure class=\"wp-block-image size-large\"><img decoding=\"async\" width=\"644\" height=\"429\" data-id=\"90083\" src=\"https:\/\/www.uartes.edu.ec\/sitio\/wp-content\/uploads\/2026\/04\/17-MANUAL-DE-ESTILO-UARTES-644x429.jpg\" alt=\"\" class=\"wp-image-90083\" srcset=\"https:\/\/www.uartes.edu.ec\/sitio\/wp-content\/uploads\/2026\/04\/17-MANUAL-DE-ESTILO-UARTES-644x429.jpg 644w, https:\/\/www.uartes.edu.ec\/sitio\/wp-content\/uploads\/2026\/04\/17-MANUAL-DE-ESTILO-UARTES-300x200.jpg 300w, https:\/\/www.uartes.edu.ec\/sitio\/wp-content\/uploads\/2026\/04\/17-MANUAL-DE-ESTILO-UARTES-768x512.jpg 768w, https:\/\/www.uartes.edu.ec\/sitio\/wp-content\/uploads\/2026\/04\/17-MANUAL-DE-ESTILO-UARTES-1536x1024.jpg 1536w, https:\/\/www.uartes.edu.ec\/sitio\/wp-content\/uploads\/2026\/04\/17-MANUAL-DE-ESTILO-UARTES-18x12.jpg 18w, https:\/\/www.uartes.edu.ec\/sitio\/wp-content\/uploads\/2026\/04\/17-MANUAL-DE-ESTILO-UARTES-600x400.jpg 600w, https:\/\/www.uartes.edu.ec\/sitio\/wp-content\/uploads\/2026\/04\/17-MANUAL-DE-ESTILO-UARTES-400x267.jpg 400w, https:\/\/www.uartes.edu.ec\/sitio\/wp-content\/uploads\/2026\/04\/17-MANUAL-DE-ESTILO-UARTES.jpg 2000w\" sizes=\"(max-width: 644px) 100vw, 644px\" \/><\/figure>\n<\/figure>\n\n\n\n<p><\/p>\n\n\n\n<p>\u201cLa idea de este manual es la de una herramienta pr\u00e1ctica para los estudiantes que muchas veces observan dificultades a lo largo de sus carreras y ahondan cuando llegan a la titulaci\u00f3n y deben escribir la tesis\u201d, dijo S\u00e1nchez, agradeciendo la asistencia de la vicerrectora acad\u00e9mica y rectora subrogante, Yulianela P\u00e9rez, y del vicerrector de Posgrados e Investigaci\u00f3n en Artes, Andrey Astaiza.<\/p>\n\n\n\n<p>En su intervenci\u00f3n, la vicerrectora indic\u00f3 que el CEAT es un pilar fundamental de la universidad y lugar donde muchos docentes y estudiantes han recibido acompa\u00f1amiento para sus procesos de lectoescritura, con diferentes momentos, acciones y direcciones. Anot\u00f3 tambi\u00e9n que con la direcci\u00f3n de Loreto se obtuvo un manual de estilo ajustado a los procesos de creaci\u00f3n e investigaci\u00f3n art\u00edsticos.<\/p>\n\n\n\n<p>\u201cUn manual de escritura que forma parte de los procesos acad\u00e9micos y cuya puerta tenemos que cruzar todos los creadores, investigadores, tesistas, estudiantes, profesores. Ahora tenemos una herramienta para organizarnos, referenciar, hacer citas bibliogr\u00e1ficas, fuentes documentales y dem\u00e1s\u201d, dijo.<\/p>\n\n\n\n<p>En la presentaci\u00f3n se hizo notar que el manual de estilo de la Universidad de las Artes se fundamenta en los lineamientos del manual de estilo Chicago-Deusto, una referencia establecida con la que la UArtes ha trabajado desde sus inicios. Adicionalmente, se ha enriquecido con aportaciones de los manuales de la Universidad Javeriana y la Universidad Andina Sim\u00f3n Bol\u00edvar, as\u00ed como de la Real Academia Espa\u00f1ola.<\/p>\n\n\n<div class=\"wp-block-image\">\n<figure class=\"aligncenter size-large\"><img loading=\"lazy\" decoding=\"async\" width=\"644\" height=\"429\" src=\"https:\/\/www.uartes.edu.ec\/sitio\/wp-content\/uploads\/2026\/04\/21-MANUAL-DE-ESTILO-UARTES-644x429.jpg\" alt=\"\" class=\"wp-image-90085\" srcset=\"https:\/\/www.uartes.edu.ec\/sitio\/wp-content\/uploads\/2026\/04\/21-MANUAL-DE-ESTILO-UARTES-644x429.jpg 644w, https:\/\/www.uartes.edu.ec\/sitio\/wp-content\/uploads\/2026\/04\/21-MANUAL-DE-ESTILO-UARTES-300x200.jpg 300w, https:\/\/www.uartes.edu.ec\/sitio\/wp-content\/uploads\/2026\/04\/21-MANUAL-DE-ESTILO-UARTES-768x512.jpg 768w, https:\/\/www.uartes.edu.ec\/sitio\/wp-content\/uploads\/2026\/04\/21-MANUAL-DE-ESTILO-UARTES-1536x1024.jpg 1536w, https:\/\/www.uartes.edu.ec\/sitio\/wp-content\/uploads\/2026\/04\/21-MANUAL-DE-ESTILO-UARTES-18x12.jpg 18w, https:\/\/www.uartes.edu.ec\/sitio\/wp-content\/uploads\/2026\/04\/21-MANUAL-DE-ESTILO-UARTES-600x400.jpg 600w, https:\/\/www.uartes.edu.ec\/sitio\/wp-content\/uploads\/2026\/04\/21-MANUAL-DE-ESTILO-UARTES-400x267.jpg 400w, https:\/\/www.uartes.edu.ec\/sitio\/wp-content\/uploads\/2026\/04\/21-MANUAL-DE-ESTILO-UARTES.jpg 2000w\" sizes=\"(max-width: 644px) 100vw, 644px\" \/><\/figure>\n<\/div>\n\n<div class=\"wp-block-image\">\n<figure class=\"aligncenter size-large is-resized\"><img loading=\"lazy\" decoding=\"async\" width=\"644\" height=\"429\" src=\"https:\/\/www.uartes.edu.ec\/sitio\/wp-content\/uploads\/2026\/04\/14-MANUAL-DE-ESTILO-UARTES-644x429.jpg\" alt=\"\" class=\"wp-image-90084\" style=\"aspect-ratio:1.5011837552358405;width:479px;height:auto\" srcset=\"https:\/\/www.uartes.edu.ec\/sitio\/wp-content\/uploads\/2026\/04\/14-MANUAL-DE-ESTILO-UARTES-644x429.jpg 644w, https:\/\/www.uartes.edu.ec\/sitio\/wp-content\/uploads\/2026\/04\/14-MANUAL-DE-ESTILO-UARTES-300x200.jpg 300w, https:\/\/www.uartes.edu.ec\/sitio\/wp-content\/uploads\/2026\/04\/14-MANUAL-DE-ESTILO-UARTES-768x512.jpg 768w, https:\/\/www.uartes.edu.ec\/sitio\/wp-content\/uploads\/2026\/04\/14-MANUAL-DE-ESTILO-UARTES-1536x1024.jpg 1536w, https:\/\/www.uartes.edu.ec\/sitio\/wp-content\/uploads\/2026\/04\/14-MANUAL-DE-ESTILO-UARTES-18x12.jpg 18w, https:\/\/www.uartes.edu.ec\/sitio\/wp-content\/uploads\/2026\/04\/14-MANUAL-DE-ESTILO-UARTES-600x400.jpg 600w, https:\/\/www.uartes.edu.ec\/sitio\/wp-content\/uploads\/2026\/04\/14-MANUAL-DE-ESTILO-UARTES-400x267.jpg 400w, https:\/\/www.uartes.edu.ec\/sitio\/wp-content\/uploads\/2026\/04\/14-MANUAL-DE-ESTILO-UARTES.jpg 2000w\" sizes=\"(max-width: 644px) 100vw, 644px\" \/><\/figure>\n<\/div>\n\n\n<p>El vicerrector Andrey Astaiza destac\u00f3 el trabajo desarrollado por el CEAT y los estudiantes en sus PPP y comparti\u00f3 experiencias de su etapa como universitario: en el primer a\u00f1o tom\u00f3 clases de bibliograf\u00eda y escritura en ingl\u00e9s, para lo cual toc\u00f3 el Chicago-Deusto y se dec\u00eda para qu\u00e9 si lo que quer\u00eda era tocar m\u00fasica. \u201cQu\u00e9 equivocado estaba, pues despu\u00e9s de unos a\u00f1os me di cuenta de la importancia de estas herramientas\u201d.<\/p>\n\n\n\n<p>El manual de estilo ayuda no solo a ordenar ideas, sino a darles forma para que el contenido del mensaje sea mejor entendido, a\u00f1adi\u00f3. \u201cEs importante leer para tener un criterio propio, pero m\u00e1s importante es escribir para ordenar ideas. Y en ese proceso de escritura el manual de estilo es una herramienta\u201d.<\/p>\n\n\n\n<p>Junto con Marelis Loreto, en la edici\u00f3n del manual de estilo colaboraron Valeria Karolina Bury y Manuel Elicio Flor, entonces estudiantes y hoy graduados en las carreras de Cine y Literatura, respectivamente; y Luis P\u00e9rez-Valero, docente y director de Pol\u00edticas de Investigaci\u00f3n. Su trabajo consisti\u00f3 en producir gran parte del contenido, desempe\u00f1ando un trabajo minucioso y de hormiguita.<\/p>\n\n\n\n<p>El manual de estilo presentado responde a necesidades contextuales, refiri\u00f3 Loreto y a manera de g\u00e9nesis cont\u00f3 que el manual de estilo Chicago \u2013del cual se fundamente el de la UArtes\u2013 lo produjo la Universidad de Chicago para sus estudiantes y result\u00f3 tan bueno que trascendi\u00f3 fronteras. Sali\u00f3 de Estados Unidos y empez\u00f3 a ser utilizado en otros pa\u00edses de habla inglesa e hispana.<\/p>\n\n\n<div class=\"wp-block-image\">\n<figure class=\"aligncenter size-large\"><img loading=\"lazy\" decoding=\"async\" width=\"644\" height=\"429\" src=\"https:\/\/www.uartes.edu.ec\/sitio\/wp-content\/uploads\/2026\/04\/22-MANUAL-DE-ESTILO-UARTES-644x429.jpg\" alt=\"\" class=\"wp-image-90086\" srcset=\"https:\/\/www.uartes.edu.ec\/sitio\/wp-content\/uploads\/2026\/04\/22-MANUAL-DE-ESTILO-UARTES-644x429.jpg 644w, https:\/\/www.uartes.edu.ec\/sitio\/wp-content\/uploads\/2026\/04\/22-MANUAL-DE-ESTILO-UARTES-300x200.jpg 300w, https:\/\/www.uartes.edu.ec\/sitio\/wp-content\/uploads\/2026\/04\/22-MANUAL-DE-ESTILO-UARTES-768x512.jpg 768w, https:\/\/www.uartes.edu.ec\/sitio\/wp-content\/uploads\/2026\/04\/22-MANUAL-DE-ESTILO-UARTES-1536x1024.jpg 1536w, https:\/\/www.uartes.edu.ec\/sitio\/wp-content\/uploads\/2026\/04\/22-MANUAL-DE-ESTILO-UARTES-18x12.jpg 18w, https:\/\/www.uartes.edu.ec\/sitio\/wp-content\/uploads\/2026\/04\/22-MANUAL-DE-ESTILO-UARTES-600x400.jpg 600w, https:\/\/www.uartes.edu.ec\/sitio\/wp-content\/uploads\/2026\/04\/22-MANUAL-DE-ESTILO-UARTES-400x267.jpg 400w, https:\/\/www.uartes.edu.ec\/sitio\/wp-content\/uploads\/2026\/04\/22-MANUAL-DE-ESTILO-UARTES.jpg 2000w\" sizes=\"(max-width: 644px) 100vw, 644px\" \/><\/figure>\n<\/div>\n\n<div class=\"wp-block-image\">\n<figure class=\"aligncenter size-large is-resized\"><img loading=\"lazy\" decoding=\"async\" width=\"644\" height=\"429\" src=\"https:\/\/www.uartes.edu.ec\/sitio\/wp-content\/uploads\/2026\/04\/23-MANUAL-DE-ESTILO-UARTES-644x429.jpg\" alt=\"\" class=\"wp-image-90087\" style=\"aspect-ratio:1.5011837552358405;width:476px;height:auto\" srcset=\"https:\/\/www.uartes.edu.ec\/sitio\/wp-content\/uploads\/2026\/04\/23-MANUAL-DE-ESTILO-UARTES-644x429.jpg 644w, https:\/\/www.uartes.edu.ec\/sitio\/wp-content\/uploads\/2026\/04\/23-MANUAL-DE-ESTILO-UARTES-300x200.jpg 300w, https:\/\/www.uartes.edu.ec\/sitio\/wp-content\/uploads\/2026\/04\/23-MANUAL-DE-ESTILO-UARTES-768x512.jpg 768w, https:\/\/www.uartes.edu.ec\/sitio\/wp-content\/uploads\/2026\/04\/23-MANUAL-DE-ESTILO-UARTES-1536x1024.jpg 1536w, https:\/\/www.uartes.edu.ec\/sitio\/wp-content\/uploads\/2026\/04\/23-MANUAL-DE-ESTILO-UARTES-18x12.jpg 18w, https:\/\/www.uartes.edu.ec\/sitio\/wp-content\/uploads\/2026\/04\/23-MANUAL-DE-ESTILO-UARTES-600x400.jpg 600w, https:\/\/www.uartes.edu.ec\/sitio\/wp-content\/uploads\/2026\/04\/23-MANUAL-DE-ESTILO-UARTES-400x267.jpg 400w, https:\/\/www.uartes.edu.ec\/sitio\/wp-content\/uploads\/2026\/04\/23-MANUAL-DE-ESTILO-UARTES.jpg 2000w\" sizes=\"(max-width: 644px) 100vw, 644px\" \/><\/figure>\n<\/div>\n\n\n<p>Hab\u00eda detallitos que no funcionaban, a\u00f1adi\u00f3, entendi\u00e9ndose estos por las diferencias entre el espa\u00f1ol y el ingl\u00e9s. \u201cPasaron los a\u00f1os y la Universidad de Deusto, en Espa\u00f1a, lo adapt\u00f3 a nuestras caracter\u00edsticas idiom\u00e1ticas y es como surge el manual Chicago-Deusto\u201d.<\/p>\n\n\n\n<p>Se\u00f1alando el libro impreso, Marelis Loreto cont\u00f3 que en su contenido se puede encontrar c\u00f3mo referenciar una pel\u00edcula, una pintura, una escultura o una obra de teatro o de danza. \u201cNo es usual que en el \u00e1mbito art\u00edstico se haga escritura acad\u00e9mica, pues ahora lo hacemos rapidito\u201d.<\/p>\n\n\n\n<p>Los manuales nunca se terminan, por tanto, no es posible dar por cerrado el manual de estilo de la universidad, anunci\u00e1ndose una segunda edici\u00f3n. \u201cNecesitamos que lo usen y encuentren d\u00f3nde tenemos todav\u00eda huecos para llenarlos en funci\u00f3n de nuestras necesidades y de las artes\u201d.<\/p>\n\n\n\n<p>Al t\u00e9rmino de la presentaci\u00f3n, Gilda S\u00e1nchez dirigi\u00f3 una trivia sobre el manual de estilo Chicago-Deusto. Quienes acertaban recib\u00edan un ejemplar, aunque en la sala todos los presentes lo recibieron.<\/p>\n\n\n\n<p>Link: <a href=\"https:\/\/biblioteca.uartes.edu.ec\/ceat\/\">https:\/\/biblioteca.uartes.edu.ec\/ceat\/<\/a><\/p>\n\n\n\n<p>Texto: Carmen Cortez\/Dircom. Fotos: Tyrone Maridue\u00f1a y Roc\u00edo Mart\u00ednez\/Dircom.<\/p>","protected":false},"excerpt":{"rendered":"<p>El manual de estilo de la Universidad de las Artes est\u00e1 ya alojado en la p\u00e1gina web del CEAT, listo para ser descargado. No obstante, el 24 de abril se realiz\u00f3 su presentaci\u00f3n impresa en la Biblioteca de las Artes con la asistencia de nuestras autoridades, docentes, estudiantes y administrativos. La obra es una herramienta que apunta a fortalecer la coherencia y la calidad en la redacci\u00f3n de documentos institucionales y acad\u00e9micos.<\/p>","protected":false},"author":10,"featured_media":90077,"comment_status":"open","ping_status":"open","sticky":false,"template":"","format":"standard","meta":{"_acf_changed":false,"_uag_custom_page_level_css":"","_monsterinsights_skip_tracking":false,"_monsterinsights_sitenote_active":false,"_monsterinsights_sitenote_note":"","_monsterinsights_sitenote_category":0,"cybocfi_hide_featured_image":"","footnotes":""},"categories":[80,438,159,150,157,147,75,175,264],"tags":[518],"infouartes":[],"class_list":["post-90070","post","type-post","status-publish","format-standard","has-post-thumbnail","hentry","category-academico","category-administrativos","category-artes-escenicas","category-artes-sonoras","category-artes-visuales","category-cine","category-docentes","category-literatura","category-maestrias","tag-produccion"],"acf":[],"yoast_head":"<!-- This site is optimized with the Yoast SEO plugin v27.4 - https:\/\/yoast.com\/product\/yoast-seo-wordpress\/ -->\n<title>Universidad de las Artes - Manual de estilo de la Universidad de las Artes tuvo su presentaci\u00f3n oficial; se lo puede descargar en el sitio web del CEAT<\/title>\n<meta name=\"description\" content=\"Universidad de las Artes - Manual de estilo de la Universidad de las Artes tuvo su presentaci\u00f3n oficial; se lo puede descargar en el sitio web del CEAT\" \/>\n<meta name=\"robots\" content=\"index, follow, max-snippet:-1, max-image-preview:large, max-video-preview:-1\" \/>\n<link rel=\"canonical\" href=\"https:\/\/www.uartes.edu.ec\/sitio\/en\/blog\/2026\/04\/29\/manual-de-estilo-de-la-universidad-de-las-artes-tuvo-su-presentacion-oficial-se-puede-descargar-en-el-sitio-web\/\" \/>\n<meta property=\"og:locale\" content=\"en_US\" \/>\n<meta property=\"og:type\" content=\"article\" \/>\n<meta property=\"og:title\" content=\"Universidad de las Artes - Manual de estilo de la Universidad de las Artes tuvo su presentaci\u00f3n oficial; se lo puede descargar en el sitio web del CEAT\" \/>\n<meta property=\"og:description\" content=\"Universidad de las Artes - Manual de estilo de la Universidad de las Artes tuvo su presentaci\u00f3n oficial; se lo puede descargar en el sitio web del CEAT\" \/>\n<meta property=\"og:url\" content=\"https:\/\/www.uartes.edu.ec\/sitio\/en\/blog\/2026\/04\/29\/manual-de-estilo-de-la-universidad-de-las-artes-tuvo-su-presentacion-oficial-se-puede-descargar-en-el-sitio-web\/\" \/>\n<meta property=\"og:site_name\" content=\"Universidad de las Artes\" \/>\n<meta property=\"article:publisher\" content=\"https:\/\/www.facebook.com\/uartesec\" \/>\n<meta property=\"article:published_time\" content=\"2026-04-30T00:13:00+00:00\" \/>\n<meta property=\"article:modified_time\" content=\"2026-04-30T18:56:43+00:00\" \/>\n<meta property=\"og:image\" content=\"https:\/\/www.uartes.edu.ec\/sitio\/wp-content\/uploads\/2026\/04\/01-MANUAL-DE-ESTILO-UARTES.jpg\" \/>\n\t<meta property=\"og:image:width\" content=\"2000\" \/>\n\t<meta property=\"og:image:height\" content=\"1333\" \/>\n\t<meta property=\"og:image:type\" content=\"image\/jpeg\" \/>\n<meta name=\"author\" content=\"ccortez\" \/>\n<meta name=\"twitter:card\" content=\"summary_large_image\" \/>\n<meta name=\"twitter:creator\" content=\"@uartesec\" \/>\n<meta name=\"twitter:site\" content=\"@uartesec\" \/>\n<meta name=\"twitter:label1\" content=\"Written by\" \/>\n\t<meta name=\"twitter:data1\" content=\"ccortez\" \/>\n\t<meta name=\"twitter:label2\" content=\"Est. reading time\" \/>\n\t<meta name=\"twitter:data2\" content=\"6 minutes\" \/>\n<script type=\"application\/ld+json\" class=\"yoast-schema-graph\">{\"@context\":\"https:\\\/\\\/schema.org\",\"@graph\":[{\"@type\":\"Article\",\"@id\":\"https:\\\/\\\/www.uartes.edu.ec\\\/sitio\\\/en\\\/blog\\\/2026\\\/04\\\/29\\\/manual-de-estilo-de-la-universidad-de-las-artes-tuvo-su-presentacion-oficial-se-puede-descargar-en-el-sitio-web\\\/#article\",\"isPartOf\":{\"@id\":\"https:\\\/\\\/www.uartes.edu.ec\\\/sitio\\\/en\\\/blog\\\/2026\\\/04\\\/29\\\/manual-de-estilo-de-la-universidad-de-las-artes-tuvo-su-presentacion-oficial-se-puede-descargar-en-el-sitio-web\\\/\"},\"author\":{\"name\":\"ccortez\",\"@id\":\"https:\\\/\\\/www.uartes.edu.ec\\\/sitio\\\/en\\\/#\\\/schema\\\/person\\\/efa1b8275797664fd7f13a79ccc0b1f4\"},\"headline\":\"Manual de estilo de la Universidad de las Artes tuvo su presentaci\u00f3n oficial; se lo puede descargar en el sitio web del CEAT\",\"datePublished\":\"2026-04-30T00:13:00+00:00\",\"dateModified\":\"2026-04-30T18:56:43+00:00\",\"mainEntityOfPage\":{\"@id\":\"https:\\\/\\\/www.uartes.edu.ec\\\/sitio\\\/en\\\/blog\\\/2026\\\/04\\\/29\\\/manual-de-estilo-de-la-universidad-de-las-artes-tuvo-su-presentacion-oficial-se-puede-descargar-en-el-sitio-web\\\/\"},\"wordCount\":934,\"commentCount\":0,\"publisher\":{\"@id\":\"https:\\\/\\\/www.uartes.edu.ec\\\/sitio\\\/en\\\/#organization\"},\"image\":{\"@id\":\"https:\\\/\\\/www.uartes.edu.ec\\\/sitio\\\/en\\\/blog\\\/2026\\\/04\\\/29\\\/manual-de-estilo-de-la-universidad-de-las-artes-tuvo-su-presentacion-oficial-se-puede-descargar-en-el-sitio-web\\\/#primaryimage\"},\"thumbnailUrl\":\"https:\\\/\\\/www.uartes.edu.ec\\\/sitio\\\/wp-content\\\/uploads\\\/2026\\\/04\\\/01-MANUAL-DE-ESTILO-UARTES.jpg\",\"keywords\":[\"producci\u00f3n\"],\"articleSection\":[\"Acad\u00e9mico\",\"Administrativos\",\"Artes Esc\u00e9nicas\",\"Artes Sonoras\",\"Artes Visuales\",\"Cine\",\"Docentes\",\"Literatura\",\"Maestr\u00edas\"],\"inLanguage\":\"en-US\",\"potentialAction\":[{\"@type\":\"CommentAction\",\"name\":\"Comment\",\"target\":[\"https:\\\/\\\/www.uartes.edu.ec\\\/sitio\\\/en\\\/blog\\\/2026\\\/04\\\/29\\\/manual-de-estilo-de-la-universidad-de-las-artes-tuvo-su-presentacion-oficial-se-puede-descargar-en-el-sitio-web\\\/#respond\"]}]},{\"@type\":[\"WebPage\",\"ItemPage\"],\"@id\":\"https:\\\/\\\/www.uartes.edu.ec\\\/sitio\\\/en\\\/blog\\\/2026\\\/04\\\/29\\\/manual-de-estilo-de-la-universidad-de-las-artes-tuvo-su-presentacion-oficial-se-puede-descargar-en-el-sitio-web\\\/\",\"url\":\"https:\\\/\\\/www.uartes.edu.ec\\\/sitio\\\/en\\\/blog\\\/2026\\\/04\\\/29\\\/manual-de-estilo-de-la-universidad-de-las-artes-tuvo-su-presentacion-oficial-se-puede-descargar-en-el-sitio-web\\\/\",\"name\":\"Universidad de las Artes - Manual de estilo de la Universidad de las Artes tuvo su presentaci\u00f3n oficial; se lo puede descargar en el sitio web del CEAT\",\"isPartOf\":{\"@id\":\"https:\\\/\\\/www.uartes.edu.ec\\\/sitio\\\/en\\\/#website\"},\"primaryImageOfPage\":{\"@id\":\"https:\\\/\\\/www.uartes.edu.ec\\\/sitio\\\/en\\\/blog\\\/2026\\\/04\\\/29\\\/manual-de-estilo-de-la-universidad-de-las-artes-tuvo-su-presentacion-oficial-se-puede-descargar-en-el-sitio-web\\\/#primaryimage\"},\"image\":{\"@id\":\"https:\\\/\\\/www.uartes.edu.ec\\\/sitio\\\/en\\\/blog\\\/2026\\\/04\\\/29\\\/manual-de-estilo-de-la-universidad-de-las-artes-tuvo-su-presentacion-oficial-se-puede-descargar-en-el-sitio-web\\\/#primaryimage\"},\"thumbnailUrl\":\"https:\\\/\\\/www.uartes.edu.ec\\\/sitio\\\/wp-content\\\/uploads\\\/2026\\\/04\\\/01-MANUAL-DE-ESTILO-UARTES.jpg\",\"datePublished\":\"2026-04-30T00:13:00+00:00\",\"dateModified\":\"2026-04-30T18:56:43+00:00\",\"description\":\"Universidad de las Artes - Manual de estilo de la Universidad de las Artes tuvo su presentaci\u00f3n oficial; se lo puede descargar en el sitio web del CEAT\",\"breadcrumb\":{\"@id\":\"https:\\\/\\\/www.uartes.edu.ec\\\/sitio\\\/en\\\/blog\\\/2026\\\/04\\\/29\\\/manual-de-estilo-de-la-universidad-de-las-artes-tuvo-su-presentacion-oficial-se-puede-descargar-en-el-sitio-web\\\/#breadcrumb\"},\"inLanguage\":\"en-US\",\"potentialAction\":[{\"@type\":\"ReadAction\",\"target\":[\"https:\\\/\\\/www.uartes.edu.ec\\\/sitio\\\/en\\\/blog\\\/2026\\\/04\\\/29\\\/manual-de-estilo-de-la-universidad-de-las-artes-tuvo-su-presentacion-oficial-se-puede-descargar-en-el-sitio-web\\\/\"]}]},{\"@type\":\"ImageObject\",\"inLanguage\":\"en-US\",\"@id\":\"https:\\\/\\\/www.uartes.edu.ec\\\/sitio\\\/en\\\/blog\\\/2026\\\/04\\\/29\\\/manual-de-estilo-de-la-universidad-de-las-artes-tuvo-su-presentacion-oficial-se-puede-descargar-en-el-sitio-web\\\/#primaryimage\",\"url\":\"https:\\\/\\\/www.uartes.edu.ec\\\/sitio\\\/wp-content\\\/uploads\\\/2026\\\/04\\\/01-MANUAL-DE-ESTILO-UARTES.jpg\",\"contentUrl\":\"https:\\\/\\\/www.uartes.edu.ec\\\/sitio\\\/wp-content\\\/uploads\\\/2026\\\/04\\\/01-MANUAL-DE-ESTILO-UARTES.jpg\",\"width\":2000,\"height\":1333},{\"@type\":\"BreadcrumbList\",\"@id\":\"https:\\\/\\\/www.uartes.edu.ec\\\/sitio\\\/en\\\/blog\\\/2026\\\/04\\\/29\\\/manual-de-estilo-de-la-universidad-de-las-artes-tuvo-su-presentacion-oficial-se-puede-descargar-en-el-sitio-web\\\/#breadcrumb\",\"itemListElement\":[{\"@type\":\"ListItem\",\"position\":1,\"name\":\"Inicio\",\"item\":\"https:\\\/\\\/www.uartes.edu.ec\\\/sitio\\\/\"},{\"@type\":\"ListItem\",\"position\":2,\"name\":\"Manual de estilo de la Universidad de las Artes tuvo su presentaci\u00f3n oficial; se lo puede descargar en el sitio web del CEAT\"}]},{\"@type\":\"WebSite\",\"@id\":\"https:\\\/\\\/www.uartes.edu.ec\\\/sitio\\\/en\\\/#website\",\"url\":\"https:\\\/\\\/www.uartes.edu.ec\\\/sitio\\\/en\\\/\",\"name\":\"Universidad de las Artes\",\"description\":\"Sitio oficial de la Universidad Nacional de las Artes del Ecuador\",\"publisher\":{\"@id\":\"https:\\\/\\\/www.uartes.edu.ec\\\/sitio\\\/en\\\/#organization\"},\"potentialAction\":[{\"@type\":\"SearchAction\",\"target\":{\"@type\":\"EntryPoint\",\"urlTemplate\":\"https:\\\/\\\/www.uartes.edu.ec\\\/sitio\\\/en\\\/?s={search_term_string}\"},\"query-input\":{\"@type\":\"PropertyValueSpecification\",\"valueRequired\":true,\"valueName\":\"search_term_string\"}}],\"inLanguage\":\"en-US\"},{\"@type\":\"Organization\",\"@id\":\"https:\\\/\\\/www.uartes.edu.ec\\\/sitio\\\/en\\\/#organization\",\"name\":\"Universidad de las Artes\",\"url\":\"https:\\\/\\\/www.uartes.edu.ec\\\/sitio\\\/en\\\/\",\"logo\":{\"@type\":\"ImageObject\",\"inLanguage\":\"en-US\",\"@id\":\"https:\\\/\\\/www.uartes.edu.ec\\\/sitio\\\/en\\\/#\\\/schema\\\/logo\\\/image\\\/\",\"url\":\"https:\\\/\\\/www.uartes.edu.ec\\\/sitio\\\/wp-content\\\/uploads\\\/2022\\\/07\\\/logo-ua-horizontal.png\",\"contentUrl\":\"https:\\\/\\\/www.uartes.edu.ec\\\/sitio\\\/wp-content\\\/uploads\\\/2022\\\/07\\\/logo-ua-horizontal.png\",\"width\":800,\"height\":276,\"caption\":\"Universidad de las Artes\"},\"image\":{\"@id\":\"https:\\\/\\\/www.uartes.edu.ec\\\/sitio\\\/en\\\/#\\\/schema\\\/logo\\\/image\\\/\"},\"sameAs\":[\"https:\\\/\\\/www.facebook.com\\\/uartesec\",\"https:\\\/\\\/x.com\\\/uartesec\",\"https:\\\/\\\/www.tiktok.com\\\/@uartesec\"]},{\"@type\":\"Person\",\"@id\":\"https:\\\/\\\/www.uartes.edu.ec\\\/sitio\\\/en\\\/#\\\/schema\\\/person\\\/efa1b8275797664fd7f13a79ccc0b1f4\",\"name\":\"ccortez\",\"image\":{\"@type\":\"ImageObject\",\"inLanguage\":\"en-US\",\"@id\":\"https:\\\/\\\/secure.gravatar.com\\\/avatar\\\/b2a6f664a3ae8e074346ef91775736c5ec479e637ecced6842de9dc98b5da9cd?s=96&d=mm&r=g\",\"url\":\"https:\\\/\\\/secure.gravatar.com\\\/avatar\\\/b2a6f664a3ae8e074346ef91775736c5ec479e637ecced6842de9dc98b5da9cd?s=96&d=mm&r=g\",\"contentUrl\":\"https:\\\/\\\/secure.gravatar.com\\\/avatar\\\/b2a6f664a3ae8e074346ef91775736c5ec479e637ecced6842de9dc98b5da9cd?s=96&d=mm&r=g\",\"caption\":\"ccortez\"},\"url\":\"https:\\\/\\\/www.uartes.edu.ec\\\/sitio\\\/en\\\/blog\\\/author\\\/ccortez\\\/\"}]}<\/script>\n<!-- \/ Yoast SEO plugin. -->","yoast_head_json":{"title":"Universidad de las Artes - Manual de estilo de la Universidad de las Artes tuvo su presentaci\u00f3n oficial; se lo puede descargar en el sitio web del CEAT","description":"Universidad de las Artes - Manual de estilo de la Universidad de las Artes tuvo su presentaci\u00f3n oficial; se lo puede descargar en el sitio web del CEAT","robots":{"index":"index","follow":"follow","max-snippet":"max-snippet:-1","max-image-preview":"max-image-preview:large","max-video-preview":"max-video-preview:-1"},"canonical":"https:\/\/www.uartes.edu.ec\/sitio\/en\/blog\/2026\/04\/29\/manual-de-estilo-de-la-universidad-de-las-artes-tuvo-su-presentacion-oficial-se-puede-descargar-en-el-sitio-web\/","og_locale":"en_US","og_type":"article","og_title":"Universidad de las Artes - Manual de estilo de la Universidad de las Artes tuvo su presentaci\u00f3n oficial; se lo puede descargar en el sitio web del CEAT","og_description":"Universidad de las Artes - Manual de estilo de la Universidad de las Artes tuvo su presentaci\u00f3n oficial; se lo puede descargar en el sitio web del CEAT","og_url":"https:\/\/www.uartes.edu.ec\/sitio\/en\/blog\/2026\/04\/29\/manual-de-estilo-de-la-universidad-de-las-artes-tuvo-su-presentacion-oficial-se-puede-descargar-en-el-sitio-web\/","og_site_name":"Universidad de las Artes","article_publisher":"https:\/\/www.facebook.com\/uartesec","article_published_time":"2026-04-30T00:13:00+00:00","article_modified_time":"2026-04-30T18:56:43+00:00","og_image":[{"width":2000,"height":1333,"url":"https:\/\/www.uartes.edu.ec\/sitio\/wp-content\/uploads\/2026\/04\/01-MANUAL-DE-ESTILO-UARTES.jpg","type":"image\/jpeg"}],"author":"ccortez","twitter_card":"summary_large_image","twitter_creator":"@uartesec","twitter_site":"@uartesec","twitter_misc":{"Written by":"ccortez","Est. reading time":"6 minutes"},"schema":{"@context":"https:\/\/schema.org","@graph":[{"@type":"Article","@id":"https:\/\/www.uartes.edu.ec\/sitio\/en\/blog\/2026\/04\/29\/manual-de-estilo-de-la-universidad-de-las-artes-tuvo-su-presentacion-oficial-se-puede-descargar-en-el-sitio-web\/#article","isPartOf":{"@id":"https:\/\/www.uartes.edu.ec\/sitio\/en\/blog\/2026\/04\/29\/manual-de-estilo-de-la-universidad-de-las-artes-tuvo-su-presentacion-oficial-se-puede-descargar-en-el-sitio-web\/"},"author":{"name":"ccortez","@id":"https:\/\/www.uartes.edu.ec\/sitio\/en\/#\/schema\/person\/efa1b8275797664fd7f13a79ccc0b1f4"},"headline":"Manual de estilo de la Universidad de las Artes tuvo su presentaci\u00f3n oficial; se lo puede descargar en el sitio web del CEAT","datePublished":"2026-04-30T00:13:00+00:00","dateModified":"2026-04-30T18:56:43+00:00","mainEntityOfPage":{"@id":"https:\/\/www.uartes.edu.ec\/sitio\/en\/blog\/2026\/04\/29\/manual-de-estilo-de-la-universidad-de-las-artes-tuvo-su-presentacion-oficial-se-puede-descargar-en-el-sitio-web\/"},"wordCount":934,"commentCount":0,"publisher":{"@id":"https:\/\/www.uartes.edu.ec\/sitio\/en\/#organization"},"image":{"@id":"https:\/\/www.uartes.edu.ec\/sitio\/en\/blog\/2026\/04\/29\/manual-de-estilo-de-la-universidad-de-las-artes-tuvo-su-presentacion-oficial-se-puede-descargar-en-el-sitio-web\/#primaryimage"},"thumbnailUrl":"https:\/\/www.uartes.edu.ec\/sitio\/wp-content\/uploads\/2026\/04\/01-MANUAL-DE-ESTILO-UARTES.jpg","keywords":["producci\u00f3n"],"articleSection":["Acad\u00e9mico","Administrativos","Artes Esc\u00e9nicas","Artes Sonoras","Artes Visuales","Cine","Docentes","Literatura","Maestr\u00edas"],"inLanguage":"en-US","potentialAction":[{"@type":"CommentAction","name":"Comment","target":["https:\/\/www.uartes.edu.ec\/sitio\/en\/blog\/2026\/04\/29\/manual-de-estilo-de-la-universidad-de-las-artes-tuvo-su-presentacion-oficial-se-puede-descargar-en-el-sitio-web\/#respond"]}]},{"@type":["WebPage","ItemPage"],"@id":"https:\/\/www.uartes.edu.ec\/sitio\/en\/blog\/2026\/04\/29\/manual-de-estilo-de-la-universidad-de-las-artes-tuvo-su-presentacion-oficial-se-puede-descargar-en-el-sitio-web\/","url":"https:\/\/www.uartes.edu.ec\/sitio\/en\/blog\/2026\/04\/29\/manual-de-estilo-de-la-universidad-de-las-artes-tuvo-su-presentacion-oficial-se-puede-descargar-en-el-sitio-web\/","name":"Universidad de las Artes - Manual de estilo de la Universidad de las Artes tuvo su presentaci\u00f3n oficial; se lo puede descargar en el sitio web del CEAT","isPartOf":{"@id":"https:\/\/www.uartes.edu.ec\/sitio\/en\/#website"},"primaryImageOfPage":{"@id":"https:\/\/www.uartes.edu.ec\/sitio\/en\/blog\/2026\/04\/29\/manual-de-estilo-de-la-universidad-de-las-artes-tuvo-su-presentacion-oficial-se-puede-descargar-en-el-sitio-web\/#primaryimage"},"image":{"@id":"https:\/\/www.uartes.edu.ec\/sitio\/en\/blog\/2026\/04\/29\/manual-de-estilo-de-la-universidad-de-las-artes-tuvo-su-presentacion-oficial-se-puede-descargar-en-el-sitio-web\/#primaryimage"},"thumbnailUrl":"https:\/\/www.uartes.edu.ec\/sitio\/wp-content\/uploads\/2026\/04\/01-MANUAL-DE-ESTILO-UARTES.jpg","datePublished":"2026-04-30T00:13:00+00:00","dateModified":"2026-04-30T18:56:43+00:00","description":"Universidad de las Artes - Manual de estilo de la Universidad de las Artes tuvo su presentaci\u00f3n oficial; se lo puede descargar en el sitio web del CEAT","breadcrumb":{"@id":"https:\/\/www.uartes.edu.ec\/sitio\/en\/blog\/2026\/04\/29\/manual-de-estilo-de-la-universidad-de-las-artes-tuvo-su-presentacion-oficial-se-puede-descargar-en-el-sitio-web\/#breadcrumb"},"inLanguage":"en-US","potentialAction":[{"@type":"ReadAction","target":["https:\/\/www.uartes.edu.ec\/sitio\/en\/blog\/2026\/04\/29\/manual-de-estilo-de-la-universidad-de-las-artes-tuvo-su-presentacion-oficial-se-puede-descargar-en-el-sitio-web\/"]}]},{"@type":"ImageObject","inLanguage":"en-US","@id":"https:\/\/www.uartes.edu.ec\/sitio\/en\/blog\/2026\/04\/29\/manual-de-estilo-de-la-universidad-de-las-artes-tuvo-su-presentacion-oficial-se-puede-descargar-en-el-sitio-web\/#primaryimage","url":"https:\/\/www.uartes.edu.ec\/sitio\/wp-content\/uploads\/2026\/04\/01-MANUAL-DE-ESTILO-UARTES.jpg","contentUrl":"https:\/\/www.uartes.edu.ec\/sitio\/wp-content\/uploads\/2026\/04\/01-MANUAL-DE-ESTILO-UARTES.jpg","width":2000,"height":1333},{"@type":"BreadcrumbList","@id":"https:\/\/www.uartes.edu.ec\/sitio\/en\/blog\/2026\/04\/29\/manual-de-estilo-de-la-universidad-de-las-artes-tuvo-su-presentacion-oficial-se-puede-descargar-en-el-sitio-web\/#breadcrumb","itemListElement":[{"@type":"ListItem","position":1,"name":"Inicio","item":"https:\/\/www.uartes.edu.ec\/sitio\/"},{"@type":"ListItem","position":2,"name":"Manual de estilo de la Universidad de las Artes tuvo su presentaci\u00f3n oficial; se lo puede descargar en el sitio web del CEAT"}]},{"@type":"WebSite","@id":"https:\/\/www.uartes.edu.ec\/sitio\/en\/#website","url":"https:\/\/www.uartes.edu.ec\/sitio\/en\/","name":"Universidad de las Artes","description":"Sitio oficial de la Universidad Nacional de las Artes del Ecuador","publisher":{"@id":"https:\/\/www.uartes.edu.ec\/sitio\/en\/#organization"},"potentialAction":[{"@type":"SearchAction","target":{"@type":"EntryPoint","urlTemplate":"https:\/\/www.uartes.edu.ec\/sitio\/en\/?s={search_term_string}"},"query-input":{"@type":"PropertyValueSpecification","valueRequired":true,"valueName":"search_term_string"}}],"inLanguage":"en-US"},{"@type":"Organization","@id":"https:\/\/www.uartes.edu.ec\/sitio\/en\/#organization","name":"Universidad de las Artes","url":"https:\/\/www.uartes.edu.ec\/sitio\/en\/","logo":{"@type":"ImageObject","inLanguage":"en-US","@id":"https:\/\/www.uartes.edu.ec\/sitio\/en\/#\/schema\/logo\/image\/","url":"https:\/\/www.uartes.edu.ec\/sitio\/wp-content\/uploads\/2022\/07\/logo-ua-horizontal.png","contentUrl":"https:\/\/www.uartes.edu.ec\/sitio\/wp-content\/uploads\/2022\/07\/logo-ua-horizontal.png","width":800,"height":276,"caption":"Universidad de las Artes"},"image":{"@id":"https:\/\/www.uartes.edu.ec\/sitio\/en\/#\/schema\/logo\/image\/"},"sameAs":["https:\/\/www.facebook.com\/uartesec","https:\/\/x.com\/uartesec","https:\/\/www.tiktok.com\/@uartesec"]},{"@type":"Person","@id":"https:\/\/www.uartes.edu.ec\/sitio\/en\/#\/schema\/person\/efa1b8275797664fd7f13a79ccc0b1f4","name":"ccortez","image":{"@type":"ImageObject","inLanguage":"en-US","@id":"https:\/\/secure.gravatar.com\/avatar\/b2a6f664a3ae8e074346ef91775736c5ec479e637ecced6842de9dc98b5da9cd?s=96&d=mm&r=g","url":"https:\/\/secure.gravatar.com\/avatar\/b2a6f664a3ae8e074346ef91775736c5ec479e637ecced6842de9dc98b5da9cd?s=96&d=mm&r=g","contentUrl":"https:\/\/secure.gravatar.com\/avatar\/b2a6f664a3ae8e074346ef91775736c5ec479e637ecced6842de9dc98b5da9cd?s=96&d=mm&r=g","caption":"ccortez"},"url":"https:\/\/www.uartes.edu.ec\/sitio\/en\/blog\/author\/ccortez\/"}]}},"uagb_featured_image_src":{"full":["https:\/\/www.uartes.edu.ec\/sitio\/wp-content\/uploads\/2026\/04\/01-MANUAL-DE-ESTILO-UARTES.jpg",2000,1333,false],"thumbnail":["https:\/\/www.uartes.edu.ec\/sitio\/wp-content\/uploads\/2026\/04\/01-MANUAL-DE-ESTILO-UARTES-150x150.jpg",150,150,true],"medium":["https:\/\/www.uartes.edu.ec\/sitio\/wp-content\/uploads\/2026\/04\/01-MANUAL-DE-ESTILO-UARTES-300x200.jpg",300,200,true],"medium_large":["https:\/\/www.uartes.edu.ec\/sitio\/wp-content\/uploads\/2026\/04\/01-MANUAL-DE-ESTILO-UARTES-768x512.jpg",768,512,true],"large":["https:\/\/www.uartes.edu.ec\/sitio\/wp-content\/uploads\/2026\/04\/01-MANUAL-DE-ESTILO-UARTES-644x429.jpg",644,429,true],"1536x1536":["https:\/\/www.uartes.edu.ec\/sitio\/wp-content\/uploads\/2026\/04\/01-MANUAL-DE-ESTILO-UARTES-1536x1024.jpg",1536,1024,true],"2048x2048":["https:\/\/www.uartes.edu.ec\/sitio\/wp-content\/uploads\/2026\/04\/01-MANUAL-DE-ESTILO-UARTES.jpg",2000,1333,false],"trp-custom-language-flag":["https:\/\/www.uartes.edu.ec\/sitio\/wp-content\/uploads\/2026\/04\/01-MANUAL-DE-ESTILO-UARTES-18x12.jpg",18,12,true],"htmega_size_585x295":["https:\/\/www.uartes.edu.ec\/sitio\/wp-content\/uploads\/2026\/04\/01-MANUAL-DE-ESTILO-UARTES-585x295.jpg",585,295,true],"htmega_size_1170x536":["https:\/\/www.uartes.edu.ec\/sitio\/wp-content\/uploads\/2026\/04\/01-MANUAL-DE-ESTILO-UARTES-1170x536.jpg",1170,536,true],"htmega_size_396x360":["https:\/\/www.uartes.edu.ec\/sitio\/wp-content\/uploads\/2026\/04\/01-MANUAL-DE-ESTILO-UARTES-396x360.jpg",396,360,true],"gb-block-post-grid-landscape":["https:\/\/www.uartes.edu.ec\/sitio\/wp-content\/uploads\/2026\/04\/01-MANUAL-DE-ESTILO-UARTES-600x400.jpg",600,400,true],"gb-block-post-grid-square":["https:\/\/www.uartes.edu.ec\/sitio\/wp-content\/uploads\/2026\/04\/01-MANUAL-DE-ESTILO-UARTES-600x600.jpg",600,600,true],"university-hub-thumb":["https:\/\/www.uartes.edu.ec\/sitio\/wp-content\/uploads\/2026\/04\/01-MANUAL-DE-ESTILO-UARTES-400x267.jpg",400,267,true]},"uagb_author_info":{"display_name":"ccortez","author_link":"https:\/\/www.uartes.edu.ec\/sitio\/en\/blog\/author\/ccortez\/"},"uagb_comment_info":0,"uagb_excerpt":"El manual de estilo de la Universidad de las Artes est\u00e1 ya alojado en la p\u00e1gina web del CEAT, listo para ser descargado. No obstante, el 24 de abril se realiz\u00f3 su presentaci\u00f3n impresa en la Biblioteca de las Artes con la asistencia de nuestras autoridades, docentes, estudiantes y administrativos. La obra es una herramienta&hellip;","featured_image_src":"https:\/\/www.uartes.edu.ec\/sitio\/wp-content\/uploads\/2026\/04\/01-MANUAL-DE-ESTILO-UARTES-600x400.jpg","featured_image_src_square":"https:\/\/www.uartes.edu.ec\/sitio\/wp-content\/uploads\/2026\/04\/01-MANUAL-DE-ESTILO-UARTES-600x600.jpg","author_info":{"display_name":"ccortez","author_link":"https:\/\/www.uartes.edu.ec\/sitio\/en\/blog\/author\/ccortez\/"},"publishpress_future_workflow_manual_trigger":{"enabledWorkflows":[]},"distributor_meta":false,"distributor_terms":false,"distributor_media":false,"distributor_original_site_name":"Universidad de las Artes","distributor_original_site_url":"https:\/\/www.uartes.edu.ec\/sitio\/en","push-errors":false,"_links":{"self":[{"href":"https:\/\/www.uartes.edu.ec\/sitio\/en\/wp-json\/wp\/v2\/posts\/90070","targetHints":{"allow":["GET"]}}],"collection":[{"href":"https:\/\/www.uartes.edu.ec\/sitio\/en\/wp-json\/wp\/v2\/posts"}],"about":[{"href":"https:\/\/www.uartes.edu.ec\/sitio\/en\/wp-json\/wp\/v2\/types\/post"}],"author":[{"embeddable":true,"href":"https:\/\/www.uartes.edu.ec\/sitio\/en\/wp-json\/wp\/v2\/users\/10"}],"replies":[{"embeddable":true,"href":"https:\/\/www.uartes.edu.ec\/sitio\/en\/wp-json\/wp\/v2\/comments?post=90070"}],"version-history":[{"count":6,"href":"https:\/\/www.uartes.edu.ec\/sitio\/en\/wp-json\/wp\/v2\/posts\/90070\/revisions"}],"predecessor-version":[{"id":90102,"href":"https:\/\/www.uartes.edu.ec\/sitio\/en\/wp-json\/wp\/v2\/posts\/90070\/revisions\/90102"}],"wp:featuredmedia":[{"embeddable":true,"href":"https:\/\/www.uartes.edu.ec\/sitio\/en\/wp-json\/wp\/v2\/media\/90077"}],"wp:attachment":[{"href":"https:\/\/www.uartes.edu.ec\/sitio\/en\/wp-json\/wp\/v2\/media?parent=90070"}],"wp:term":[{"taxonomy":"category","embeddable":true,"href":"https:\/\/www.uartes.edu.ec\/sitio\/en\/wp-json\/wp\/v2\/categories?post=90070"},{"taxonomy":"post_tag","embeddable":true,"href":"https:\/\/www.uartes.edu.ec\/sitio\/en\/wp-json\/wp\/v2\/tags?post=90070"},{"taxonomy":"infouartes","embeddable":true,"href":"https:\/\/www.uartes.edu.ec\/sitio\/en\/wp-json\/wp\/v2\/infouartes?post=90070"}],"curies":[{"name":"wp","href":"https:\/\/api.w.org\/{rel}","templated":true}]}}