{"id":96397,"date":"2026-09-01T18:00:22","date_gmt":"2026-09-01T23:00:22","guid":{"rendered":"https:\/\/www.uartes.edu.ec\/sitio\/?p=96397"},"modified":"2026-09-01T18:04:36","modified_gmt":"2026-09-01T23:04:36","slug":"carne-del-mundo-amy-bomnin-explora-intersecciones-entre-cuerpo-duelo-y-memoria-en-su-muestra-individual","status":"publish","type":"post","link":"https:\/\/www.uartes.edu.ec\/sitio\/en\/blog\/2026\/09\/01\/carne-del-mundo-amy-bomnin-explora-intersecciones-entre-cuerpo-duelo-y-memoria-en-su-muestra-individual\/","title":{"rendered":"\u201cCarne del mundo\u201d: Amy Bomnin explora las intersecciones entre cuerpo, duelo y memoria en su exposici\u00f3n individual"},"content":{"rendered":"<p class=\"wp-block-paragraph\">Un tr\u00e1nsito po\u00e9tico y pol\u00edtico sobre la experiencia del duelo y la condici\u00f3n de la mujer migrante es la propuesta que re\u00fane <em>Carne del mundo<\/em>, exposici\u00f3n individual de la artista Amy Bomnin que se inaugurar\u00e1 el pr\u00f3ximo 10 de septiembre a las 18:30 y permanecer\u00e1 abierta hasta el 21 de octubre a las 19:00. La muestra cuenta con la curadur\u00eda de Frency Fern\u00e1ndez y la colaboraci\u00f3n especializada de la m\u00e1ster en psicolog\u00eda Anabela Delgado.<\/p>\n\n\n\n<p class=\"wp-block-paragraph\">Conformada por diez piezas, la exposici\u00f3n se concibe como una serie de anotaciones, gui\u00f1os e iron\u00edas surgidos a partir de un proceso de duelo personal desencadenado en 2023. Desde este punto de partida, la propuesta expande su escala hacia dimensiones colectivas, desenterrando otros duelos velados por la distancia hist\u00f3rica. En este contexto, la condici\u00f3n de mujer-migrante act\u00faa como un potenciador de silencios y solapamientos que la pr\u00e1ctica art\u00edstica contempor\u00e1nea busca visibilizar.<\/p>\n\n\n\n<p class=\"wp-block-paragraph\">El eje conceptual de la muestra toma como referencia el pensamiento fenomenol\u00f3gico de Maurice Merleau-Ponty (1964), entrelazando cuerpo y mundo como una misma carne. Lejos de reducirse a una sustancia biol\u00f3gica, la carne se manifiesta aqu\u00ed como una textura de afectos y resistencia, un territorio vulnerable donde se inscriben experiencias de violencia, adicciones y coerci\u00f3n, pero tambi\u00e9n de emancipaci\u00f3n. Asimismo, la investigaci\u00f3n pl\u00e1stica dialoga con la biopol\u00edtica de Michel Foucault al presentar al cuerpo como un espacio disciplinado y regulado por sistemas de poder y narrativas patriarcales, al cual el arte devuelve su capacidad de agencia.<\/p>\n\n\n\n<p class=\"wp-block-paragraph\">El marco te\u00f3rico de la exposici\u00f3n se complementa con la performatividad de g\u00e9nero de Judith Butler y la cr\u00edtica feminista de Silvia Federici, situando al cuerpo como un campo de disputa e insurrecci\u00f3n. Dentro del corpus de la muestra, obras como <em>Diagonal del \u00e9xtasis personal<\/em> and <em>The way North, South, East, and West<\/em> se reasignan la representaci\u00f3n del cuerpo femenino para confrontar el dolor y el perd\u00f3n. Por su parte, piezas como <em>Cuatro\/uno<\/em> or <em>Rev\u00e9s y victoria<\/em> trascienden la vivencia personal para apelar a una memoria compartida que denuncia la violencia estructural y activa v\u00edas de reparaci\u00f3n.<\/p>\n\n\n<div class=\"wp-block-image\">\n<figure class=\"aligncenter size-large\"><img fetchpriority=\"high\" decoding=\"async\" width=\"644\" height=\"429\" src=\"https:\/\/www.uartes.edu.ec\/sitio\/wp-content\/uploads\/2026\/09\/Proyecto-Cambiar-tamano-de-imagen-09-de-enero-de-2026-13.22.30-2026-09-01T172712.831-644x429.jpeg\" alt=\"\" class=\"wp-image-96404\" srcset=\"https:\/\/www.uartes.edu.ec\/sitio\/wp-content\/uploads\/2026\/09\/Proyecto-Cambiar-tamano-de-imagen-09-de-enero-de-2026-13.22.30-2026-09-01T172712.831-644x429.jpeg 644w, https:\/\/www.uartes.edu.ec\/sitio\/wp-content\/uploads\/2026\/09\/Proyecto-Cambiar-tamano-de-imagen-09-de-enero-de-2026-13.22.30-2026-09-01T172712.831-300x200.jpeg 300w, https:\/\/www.uartes.edu.ec\/sitio\/wp-content\/uploads\/2026\/09\/Proyecto-Cambiar-tamano-de-imagen-09-de-enero-de-2026-13.22.30-2026-09-01T172712.831-767x511.jpeg 767w, https:\/\/www.uartes.edu.ec\/sitio\/wp-content\/uploads\/2026\/09\/Proyecto-Cambiar-tamano-de-imagen-09-de-enero-de-2026-13.22.30-2026-09-01T172712.831-1536x1024.jpeg 1536w, https:\/\/www.uartes.edu.ec\/sitio\/wp-content\/uploads\/2026\/09\/Proyecto-Cambiar-tamano-de-imagen-09-de-enero-de-2026-13.22.30-2026-09-01T172712.831-600x400.jpeg 600w, https:\/\/www.uartes.edu.ec\/sitio\/wp-content\/uploads\/2026\/09\/Proyecto-Cambiar-tamano-de-imagen-09-de-enero-de-2026-13.22.30-2026-09-01T172712.831-18x12.jpeg 18w, https:\/\/www.uartes.edu.ec\/sitio\/wp-content\/uploads\/2026\/09\/Proyecto-Cambiar-tamano-de-imagen-09-de-enero-de-2026-13.22.30-2026-09-01T172712.831-400x266.jpeg 400w, https:\/\/www.uartes.edu.ec\/sitio\/wp-content\/uploads\/2026\/09\/Proyecto-Cambiar-tamano-de-imagen-09-de-enero-de-2026-13.22.30-2026-09-01T172712.831.jpeg 2000w\" sizes=\"(max-width: 644px) 100vw, 644px\" \/><\/figure>\n<\/div>\n\n\n<p class=\"wp-block-paragraph\">El recorrido museogr\u00e1fico est\u00e1 estructurado como un tr\u00e1nsito progresivo: una transici\u00f3n que parte del espacio \u00edntimo del duelo y avanza hacia la dimensi\u00f3n colectiva de la memoria. De este modo, <em>Carne del mundo<\/em> plantea una lectura en la que la vulnerabilidad se transforma en fuerza y la acci\u00f3n est\u00e9tica en un territorio de posibilidades y afectos compartidos.<\/p>\n\n\n\n<h3 class=\"wp-block-heading\">Recorrido po\u00e9tico y pol\u00edtico<\/h3>\n\n\n\n<p class=\"wp-block-paragraph\">Las diez obras de la muestra individual de Amy Bomnin fueron producidas por la artista entre 2003 y 2026; abarcan instalaci\u00f3n, videoarte, performance, fotograf\u00eda y environments inmersivos. Cada propuesta despliega una aproximaci\u00f3n particular a la memoria, el trauma y la corporalidad. Estas son:<\/p>\n\n\n\n<p class=\"wp-block-paragraph\"><em>Para negociar el cielo<\/em> (2025): Instalaci\u00f3n de t\u00e9cnicas mixtas con un genograma familiar y platos dom\u00e9sticos suspendidos que evocan la infancia y los afectos primigenios.<\/p>\n\n\n\n<p class=\"wp-block-paragraph\"><em>La puerta<\/em> (2025): Videoarte proyectado en loop sobre una puerta de madera, donde la acci\u00f3n de las autocaricias plantea un gesto de sanaci\u00f3n.<\/p>\n\n\n\n<p class=\"wp-block-paragraph\"><em>Diagonal del \u00e9xtasis personal<\/em> (Homenaje a Dan Flavin) (2025): Fotomontaje fotogr\u00e1fico que presenta el cuerpo en levitaci\u00f3n como met\u00e1fora de duelo y liberaci\u00f3n.<\/p>\n\n\n\n<p class=\"wp-block-paragraph\"><em>The way North, South, East, and West<\/em> (Homenaje a Carl Andre) (2025): Serie fotogr\u00e1fica en blanco y negro que reflexiona sobre la violencia patriarcal y la posibilidad del perd\u00f3n.<\/p>\n\n\n\n<p class=\"wp-block-paragraph\"><em>Rev\u00e9s y victoria<\/em> (2025): Videoperformance basado en camas literas y bailarines que recrean pr\u00e1cticas de baile de los internados cubanos, entrelazadas con las sonoridades del D\u00eda de la Defensa en la isla.<\/p>\n\n\n\n<p class=\"wp-block-paragraph\"><em>Paisaje<\/em> (2025): Environment inmersivo conformado por pa\u00f1uelos desechables suspendidos y apilados que configuran un espacio dedicado al duelo y la tristeza.<\/p>\n\n\n\n<p class=\"wp-block-paragraph\"><em>Caligraf\u00eda universal<\/em> (2003): Registro en video de un happening interactivo que recrea un aula ficticia donde el p\u00fablico copia frases de corte patriarcal.<\/p>\n\n\n\n<p class=\"wp-block-paragraph\"><em>Decreto<\/em> (2025): Videoarte con animaci\u00f3n que articula un texto po\u00e9tico a partir de una an\u00e9cdota personal de violencia.<\/p>\n\n\n\n<p class=\"wp-block-paragraph\"><em>Cuatro\/uno<\/em> (2025): Fotograf\u00eda-performance concebida como una acci\u00f3n de memoria dirigida a los ni\u00f1os desaparecidos de Las Malvinas en Guayaquil.<\/p>\n\n\n\n<p class=\"wp-block-paragraph\"><em>Espirales<\/em> (2026): Performance que integra ejercicios de entrenamiento f\u00edsico, canto, baile y lectura de poes\u00eda.<\/p>\n\n\n\n<p class=\"wp-block-paragraph\">Texto e im\u00e1genes: colaboraci\u00f3n de Amalina Bomnin, docente de la Universidad de las Artes.<\/p>","protected":false},"excerpt":{"rendered":"<p>\u201cAdentrarnos en las ilaciones de Amalina Bomnin implica separarnos de lo tradicional; pues las pr\u00e1cticas art\u00edsticas hoy d\u00eda tienden a adentrarse en problem\u00e1ticas propias de la \u00e9poca que vivimos\u201d. Es parte del texto de sala de la muestra individual que la docente UArtes inaugurar\u00e1 el 10 de septiembre en la Galer\u00eda CIF del MZ14. La propuesta es un tr\u00e1nsito po\u00e9tico y pol\u00edtico sobre la experiencia del duelo y la condici\u00f3n de la mujer migrante.<\/p>","protected":false},"author":10,"featured_media":96403,"comment_status":"open","ping_status":"open","sticky":false,"template":"","format":"standard","meta":{"_acf_changed":false,"_uag_custom_page_level_css":"","_monsterinsights_skip_tracking":false,"cybocfi_hide_featured_image":"","footnotes":""},"categories":[82,75,83,174],"tags":[518],"infouartes":[],"class_list":["post-96397","post","type-post","status-publish","format-standard","has-post-thumbnail","hentry","category-artes","category-docentes","category-sedes","category-transversal","tag-produccion"],"acf":[],"yoast_head":"<!-- This site is optimized with the Yoast SEO plugin v28.3 - https:\/\/yoast.com\/product\/yoast-seo-wordpress\/ -->\n<title>Universidad de las Artes - \u201cCarne del mundo\u201d: Amy Bomnin explora las intersecciones entre cuerpo, duelo y memoria en su exposici\u00f3n individual<\/title>\n<meta name=\"description\" content=\"Universidad de las Artes - \u201cCarne del mundo\u201d: Amy Bomnin explora las intersecciones entre cuerpo, duelo y memoria en su exposici\u00f3n individual\" \/>\n<meta name=\"robots\" content=\"index, follow, max-snippet:-1, max-image-preview:large, max-video-preview:-1\" \/>\n<link rel=\"canonical\" href=\"https:\/\/www.uartes.edu.ec\/sitio\/en\/blog\/2026\/09\/01\/carne-del-mundo-amy-bomnin-explora-intersecciones-entre-cuerpo-duelo-y-memoria-en-su-muestra-individual\/\" \/>\n<meta property=\"og:locale\" content=\"en_US\" \/>\n<meta property=\"og:type\" content=\"article\" \/>\n<meta property=\"og:title\" content=\"Universidad de las Artes - \u201cCarne del mundo\u201d: Amy Bomnin explora las intersecciones entre cuerpo, duelo y memoria en su exposici\u00f3n individual\" \/>\n<meta property=\"og:description\" content=\"Universidad de las Artes - \u201cCarne del mundo\u201d: Amy Bomnin explora las intersecciones entre cuerpo, duelo y memoria en su exposici\u00f3n individual\" \/>\n<meta property=\"og:url\" content=\"https:\/\/www.uartes.edu.ec\/sitio\/en\/blog\/2026\/09\/01\/carne-del-mundo-amy-bomnin-explora-intersecciones-entre-cuerpo-duelo-y-memoria-en-su-muestra-individual\/\" \/>\n<meta property=\"og:site_name\" content=\"Universidad de las Artes\" \/>\n<meta property=\"article:publisher\" content=\"https:\/\/www.facebook.com\/uartesec\" \/>\n<meta property=\"article:published_time\" content=\"2026-09-01T23:00:22+00:00\" \/>\n<meta property=\"article:modified_time\" content=\"2026-09-01T23:04:36+00:00\" \/>\n<meta property=\"og:image\" content=\"https:\/\/www.uartes.edu.ec\/sitio\/wp-content\/uploads\/2026\/09\/Proyecto-Cambiar-tamano-de-imagen-09-de-enero-de-2026-13.22.30-2026-09-01T172811.678.jpeg\" \/>\n\t<meta property=\"og:image:width\" content=\"2000\" \/>\n\t<meta property=\"og:image:height\" content=\"1333\" \/>\n\t<meta property=\"og:image:type\" content=\"image\/jpeg\" \/>\n<meta name=\"author\" content=\"ccortez\" \/>\n<meta name=\"twitter:card\" content=\"summary_large_image\" \/>\n<meta name=\"twitter:creator\" content=\"@uartesec\" \/>\n<meta name=\"twitter:site\" content=\"@uartesec\" \/>\n<meta name=\"twitter:label1\" content=\"Written by\" \/>\n\t<meta name=\"twitter:data1\" content=\"ccortez\" \/>\n\t<meta name=\"twitter:label2\" content=\"Est. reading time\" \/>\n\t<meta name=\"twitter:data2\" content=\"4 minutes\" \/>\n<script type=\"application\/ld+json\" class=\"yoast-schema-graph\">{\"@context\":\"https:\\\/\\\/schema.org\",\"@graph\":[{\"@type\":\"Article\",\"@id\":\"https:\\\/\\\/www.uartes.edu.ec\\\/sitio\\\/en\\\/blog\\\/2026\\\/09\\\/01\\\/carne-del-mundo-amy-bomnin-explora-intersecciones-entre-cuerpo-duelo-y-memoria-en-su-muestra-individual\\\/#article\",\"isPartOf\":{\"@id\":\"https:\\\/\\\/www.uartes.edu.ec\\\/sitio\\\/en\\\/blog\\\/2026\\\/09\\\/01\\\/carne-del-mundo-amy-bomnin-explora-intersecciones-entre-cuerpo-duelo-y-memoria-en-su-muestra-individual\\\/\"},\"author\":{\"name\":\"ccortez\",\"@id\":\"https:\\\/\\\/www.uartes.edu.ec\\\/sitio\\\/en\\\/#\\\/schema\\\/person\\\/efa1b8275797664fd7f13a79ccc0b1f4\"},\"headline\":\"\u201cCarne del mundo\u201d: Amy Bomnin explora las intersecciones entre cuerpo, duelo y memoria en su exposici\u00f3n individual\",\"datePublished\":\"2026-09-01T23:00:22+00:00\",\"dateModified\":\"2026-09-01T23:04:36+00:00\",\"mainEntityOfPage\":{\"@id\":\"https:\\\/\\\/www.uartes.edu.ec\\\/sitio\\\/en\\\/blog\\\/2026\\\/09\\\/01\\\/carne-del-mundo-amy-bomnin-explora-intersecciones-entre-cuerpo-duelo-y-memoria-en-su-muestra-individual\\\/\"},\"wordCount\":763,\"commentCount\":0,\"publisher\":{\"@id\":\"https:\\\/\\\/www.uartes.edu.ec\\\/sitio\\\/en\\\/#organization\"},\"image\":{\"@id\":\"https:\\\/\\\/www.uartes.edu.ec\\\/sitio\\\/en\\\/blog\\\/2026\\\/09\\\/01\\\/carne-del-mundo-amy-bomnin-explora-intersecciones-entre-cuerpo-duelo-y-memoria-en-su-muestra-individual\\\/#primaryimage\"},\"thumbnailUrl\":\"https:\\\/\\\/www.uartes.edu.ec\\\/sitio\\\/wp-content\\\/uploads\\\/2026\\\/09\\\/Proyecto-Cambiar-tamano-de-imagen-09-de-enero-de-2026-13.22.30-2026-09-01T172811.678.jpeg\",\"keywords\":[\"producci\u00f3n\"],\"articleSection\":[\"Artes\",\"Docentes\",\"Sedes\",\"Transversal\"],\"inLanguage\":\"en-US\",\"potentialAction\":[{\"@type\":\"CommentAction\",\"name\":\"Comment\",\"target\":[\"https:\\\/\\\/www.uartes.edu.ec\\\/sitio\\\/en\\\/blog\\\/2026\\\/09\\\/01\\\/carne-del-mundo-amy-bomnin-explora-intersecciones-entre-cuerpo-duelo-y-memoria-en-su-muestra-individual\\\/#respond\"]}]},{\"@type\":[\"WebPage\",\"ItemPage\"],\"@id\":\"https:\\\/\\\/www.uartes.edu.ec\\\/sitio\\\/en\\\/blog\\\/2026\\\/09\\\/01\\\/carne-del-mundo-amy-bomnin-explora-intersecciones-entre-cuerpo-duelo-y-memoria-en-su-muestra-individual\\\/\",\"url\":\"https:\\\/\\\/www.uartes.edu.ec\\\/sitio\\\/en\\\/blog\\\/2026\\\/09\\\/01\\\/carne-del-mundo-amy-bomnin-explora-intersecciones-entre-cuerpo-duelo-y-memoria-en-su-muestra-individual\\\/\",\"name\":\"Universidad de las Artes - \u201cCarne del mundo\u201d: Amy Bomnin explora las intersecciones entre cuerpo, duelo y memoria en su exposici\u00f3n individual\",\"isPartOf\":{\"@id\":\"https:\\\/\\\/www.uartes.edu.ec\\\/sitio\\\/en\\\/#website\"},\"primaryImageOfPage\":{\"@id\":\"https:\\\/\\\/www.uartes.edu.ec\\\/sitio\\\/en\\\/blog\\\/2026\\\/09\\\/01\\\/carne-del-mundo-amy-bomnin-explora-intersecciones-entre-cuerpo-duelo-y-memoria-en-su-muestra-individual\\\/#primaryimage\"},\"image\":{\"@id\":\"https:\\\/\\\/www.uartes.edu.ec\\\/sitio\\\/en\\\/blog\\\/2026\\\/09\\\/01\\\/carne-del-mundo-amy-bomnin-explora-intersecciones-entre-cuerpo-duelo-y-memoria-en-su-muestra-individual\\\/#primaryimage\"},\"thumbnailUrl\":\"https:\\\/\\\/www.uartes.edu.ec\\\/sitio\\\/wp-content\\\/uploads\\\/2026\\\/09\\\/Proyecto-Cambiar-tamano-de-imagen-09-de-enero-de-2026-13.22.30-2026-09-01T172811.678.jpeg\",\"datePublished\":\"2026-09-01T23:00:22+00:00\",\"dateModified\":\"2026-09-01T23:04:36+00:00\",\"description\":\"Universidad de las Artes - \u201cCarne del mundo\u201d: Amy Bomnin explora las intersecciones entre cuerpo, duelo y memoria en su exposici\u00f3n individual\",\"breadcrumb\":{\"@id\":\"https:\\\/\\\/www.uartes.edu.ec\\\/sitio\\\/en\\\/blog\\\/2026\\\/09\\\/01\\\/carne-del-mundo-amy-bomnin-explora-intersecciones-entre-cuerpo-duelo-y-memoria-en-su-muestra-individual\\\/#breadcrumb\"},\"inLanguage\":\"en-US\",\"potentialAction\":[{\"@type\":\"ReadAction\",\"target\":[\"https:\\\/\\\/www.uartes.edu.ec\\\/sitio\\\/en\\\/blog\\\/2026\\\/09\\\/01\\\/carne-del-mundo-amy-bomnin-explora-intersecciones-entre-cuerpo-duelo-y-memoria-en-su-muestra-individual\\\/\"]}]},{\"@type\":\"ImageObject\",\"inLanguage\":\"en-US\",\"@id\":\"https:\\\/\\\/www.uartes.edu.ec\\\/sitio\\\/en\\\/blog\\\/2026\\\/09\\\/01\\\/carne-del-mundo-amy-bomnin-explora-intersecciones-entre-cuerpo-duelo-y-memoria-en-su-muestra-individual\\\/#primaryimage\",\"url\":\"https:\\\/\\\/www.uartes.edu.ec\\\/sitio\\\/wp-content\\\/uploads\\\/2026\\\/09\\\/Proyecto-Cambiar-tamano-de-imagen-09-de-enero-de-2026-13.22.30-2026-09-01T172811.678.jpeg\",\"contentUrl\":\"https:\\\/\\\/www.uartes.edu.ec\\\/sitio\\\/wp-content\\\/uploads\\\/2026\\\/09\\\/Proyecto-Cambiar-tamano-de-imagen-09-de-enero-de-2026-13.22.30-2026-09-01T172811.678.jpeg\",\"width\":2000,\"height\":1333},{\"@type\":\"BreadcrumbList\",\"@id\":\"https:\\\/\\\/www.uartes.edu.ec\\\/sitio\\\/en\\\/blog\\\/2026\\\/09\\\/01\\\/carne-del-mundo-amy-bomnin-explora-intersecciones-entre-cuerpo-duelo-y-memoria-en-su-muestra-individual\\\/#breadcrumb\",\"itemListElement\":[{\"@type\":\"ListItem\",\"position\":1,\"name\":\"Inicio\",\"item\":\"https:\\\/\\\/www.uartes.edu.ec\\\/sitio\\\/\"},{\"@type\":\"ListItem\",\"position\":2,\"name\":\"\u201cCarne del mundo\u201d: Amy Bomnin explora las intersecciones entre cuerpo, duelo y memoria en su exposici\u00f3n individual\"}]},{\"@type\":\"WebSite\",\"@id\":\"https:\\\/\\\/www.uartes.edu.ec\\\/sitio\\\/en\\\/#website\",\"url\":\"https:\\\/\\\/www.uartes.edu.ec\\\/sitio\\\/en\\\/\",\"name\":\"Universidad de las Artes\",\"description\":\"Sitio oficial de la Universidad Nacional de las Artes del Ecuador\",\"publisher\":{\"@id\":\"https:\\\/\\\/www.uartes.edu.ec\\\/sitio\\\/en\\\/#organization\"},\"potentialAction\":[{\"@type\":\"SearchAction\",\"target\":{\"@type\":\"EntryPoint\",\"urlTemplate\":\"https:\\\/\\\/www.uartes.edu.ec\\\/sitio\\\/en\\\/?s={search_term_string}\"},\"query-input\":{\"@type\":\"PropertyValueSpecification\",\"valueRequired\":true,\"valueName\":\"search_term_string\"}}],\"inLanguage\":\"en-US\"},{\"@type\":\"Organization\",\"@id\":\"https:\\\/\\\/www.uartes.edu.ec\\\/sitio\\\/en\\\/#organization\",\"name\":\"Universidad de las Artes\",\"url\":\"https:\\\/\\\/www.uartes.edu.ec\\\/sitio\\\/en\\\/\",\"logo\":{\"@type\":\"ImageObject\",\"inLanguage\":\"en-US\",\"@id\":\"https:\\\/\\\/www.uartes.edu.ec\\\/sitio\\\/en\\\/#\\\/schema\\\/logo\\\/image\\\/\",\"url\":\"https:\\\/\\\/www.uartes.edu.ec\\\/sitio\\\/wp-content\\\/uploads\\\/2022\\\/07\\\/logo-ua-horizontal.png\",\"contentUrl\":\"https:\\\/\\\/www.uartes.edu.ec\\\/sitio\\\/wp-content\\\/uploads\\\/2022\\\/07\\\/logo-ua-horizontal.png\",\"width\":800,\"height\":276,\"caption\":\"Universidad de las Artes\"},\"image\":{\"@id\":\"https:\\\/\\\/www.uartes.edu.ec\\\/sitio\\\/en\\\/#\\\/schema\\\/logo\\\/image\\\/\"},\"sameAs\":[\"https:\\\/\\\/www.facebook.com\\\/uartesec\",\"https:\\\/\\\/x.com\\\/uartesec\",\"https:\\\/\\\/www.tiktok.com\\\/@uartesec\"]},{\"@type\":\"Person\",\"@id\":\"https:\\\/\\\/www.uartes.edu.ec\\\/sitio\\\/en\\\/#\\\/schema\\\/person\\\/efa1b8275797664fd7f13a79ccc0b1f4\",\"name\":\"ccortez\",\"image\":{\"@type\":\"ImageObject\",\"inLanguage\":\"en-US\",\"@id\":\"https:\\\/\\\/secure.gravatar.com\\\/avatar\\\/b2a6f664a3ae8e074346ef91775736c5ec479e637ecced6842de9dc98b5da9cd?s=96&d=mm&r=g\",\"url\":\"https:\\\/\\\/secure.gravatar.com\\\/avatar\\\/b2a6f664a3ae8e074346ef91775736c5ec479e637ecced6842de9dc98b5da9cd?s=96&d=mm&r=g\",\"contentUrl\":\"https:\\\/\\\/secure.gravatar.com\\\/avatar\\\/b2a6f664a3ae8e074346ef91775736c5ec479e637ecced6842de9dc98b5da9cd?s=96&d=mm&r=g\",\"caption\":\"ccortez\"},\"url\":\"https:\\\/\\\/www.uartes.edu.ec\\\/sitio\\\/en\\\/blog\\\/author\\\/ccortez\\\/\"}]}<\/script>\n<!-- \/ Yoast SEO plugin. -->","yoast_head_json":{"title":"Universidad de las Artes - \u201cCarne del mundo\u201d: Amy Bomnin explora las intersecciones entre cuerpo, duelo y memoria en su exposici\u00f3n individual","description":"Universidad de las Artes - \u201cCarne del mundo\u201d: Amy Bomnin explora las intersecciones entre cuerpo, duelo y memoria en su exposici\u00f3n individual","robots":{"index":"index","follow":"follow","max-snippet":"max-snippet:-1","max-image-preview":"max-image-preview:large","max-video-preview":"max-video-preview:-1"},"canonical":"https:\/\/www.uartes.edu.ec\/sitio\/en\/blog\/2026\/09\/01\/carne-del-mundo-amy-bomnin-explora-intersecciones-entre-cuerpo-duelo-y-memoria-en-su-muestra-individual\/","og_locale":"en_US","og_type":"article","og_title":"Universidad de las Artes - \u201cCarne del mundo\u201d: Amy Bomnin explora las intersecciones entre cuerpo, duelo y memoria en su exposici\u00f3n individual","og_description":"Universidad de las Artes - \u201cCarne del mundo\u201d: Amy Bomnin explora las intersecciones entre cuerpo, duelo y memoria en su exposici\u00f3n individual","og_url":"https:\/\/www.uartes.edu.ec\/sitio\/en\/blog\/2026\/09\/01\/carne-del-mundo-amy-bomnin-explora-intersecciones-entre-cuerpo-duelo-y-memoria-en-su-muestra-individual\/","og_site_name":"Universidad de las Artes","article_publisher":"https:\/\/www.facebook.com\/uartesec","article_published_time":"2026-09-01T23:00:22+00:00","article_modified_time":"2026-09-01T23:04:36+00:00","og_image":[{"width":2000,"height":1333,"url":"https:\/\/www.uartes.edu.ec\/sitio\/wp-content\/uploads\/2026\/09\/Proyecto-Cambiar-tamano-de-imagen-09-de-enero-de-2026-13.22.30-2026-09-01T172811.678.jpeg","type":"image\/jpeg"}],"author":"ccortez","twitter_card":"summary_large_image","twitter_creator":"@uartesec","twitter_site":"@uartesec","twitter_misc":{"Written by":"ccortez","Est. reading time":"4 minutes"},"schema":{"@context":"https:\/\/schema.org","@graph":[{"@type":"Article","@id":"https:\/\/www.uartes.edu.ec\/sitio\/en\/blog\/2026\/09\/01\/carne-del-mundo-amy-bomnin-explora-intersecciones-entre-cuerpo-duelo-y-memoria-en-su-muestra-individual\/#article","isPartOf":{"@id":"https:\/\/www.uartes.edu.ec\/sitio\/en\/blog\/2026\/09\/01\/carne-del-mundo-amy-bomnin-explora-intersecciones-entre-cuerpo-duelo-y-memoria-en-su-muestra-individual\/"},"author":{"name":"ccortez","@id":"https:\/\/www.uartes.edu.ec\/sitio\/en\/#\/schema\/person\/efa1b8275797664fd7f13a79ccc0b1f4"},"headline":"\u201cCarne del mundo\u201d: Amy Bomnin explora las intersecciones entre cuerpo, duelo y memoria en su exposici\u00f3n individual","datePublished":"2026-09-01T23:00:22+00:00","dateModified":"2026-09-01T23:04:36+00:00","mainEntityOfPage":{"@id":"https:\/\/www.uartes.edu.ec\/sitio\/en\/blog\/2026\/09\/01\/carne-del-mundo-amy-bomnin-explora-intersecciones-entre-cuerpo-duelo-y-memoria-en-su-muestra-individual\/"},"wordCount":763,"commentCount":0,"publisher":{"@id":"https:\/\/www.uartes.edu.ec\/sitio\/en\/#organization"},"image":{"@id":"https:\/\/www.uartes.edu.ec\/sitio\/en\/blog\/2026\/09\/01\/carne-del-mundo-amy-bomnin-explora-intersecciones-entre-cuerpo-duelo-y-memoria-en-su-muestra-individual\/#primaryimage"},"thumbnailUrl":"https:\/\/www.uartes.edu.ec\/sitio\/wp-content\/uploads\/2026\/09\/Proyecto-Cambiar-tamano-de-imagen-09-de-enero-de-2026-13.22.30-2026-09-01T172811.678.jpeg","keywords":["producci\u00f3n"],"articleSection":["Artes","Docentes","Sedes","Transversal"],"inLanguage":"en-US","potentialAction":[{"@type":"CommentAction","name":"Comment","target":["https:\/\/www.uartes.edu.ec\/sitio\/en\/blog\/2026\/09\/01\/carne-del-mundo-amy-bomnin-explora-intersecciones-entre-cuerpo-duelo-y-memoria-en-su-muestra-individual\/#respond"]}]},{"@type":["WebPage","ItemPage"],"@id":"https:\/\/www.uartes.edu.ec\/sitio\/en\/blog\/2026\/09\/01\/carne-del-mundo-amy-bomnin-explora-intersecciones-entre-cuerpo-duelo-y-memoria-en-su-muestra-individual\/","url":"https:\/\/www.uartes.edu.ec\/sitio\/en\/blog\/2026\/09\/01\/carne-del-mundo-amy-bomnin-explora-intersecciones-entre-cuerpo-duelo-y-memoria-en-su-muestra-individual\/","name":"Universidad de las Artes - \u201cCarne del mundo\u201d: Amy Bomnin explora las intersecciones entre cuerpo, duelo y memoria en su exposici\u00f3n individual","isPartOf":{"@id":"https:\/\/www.uartes.edu.ec\/sitio\/en\/#website"},"primaryImageOfPage":{"@id":"https:\/\/www.uartes.edu.ec\/sitio\/en\/blog\/2026\/09\/01\/carne-del-mundo-amy-bomnin-explora-intersecciones-entre-cuerpo-duelo-y-memoria-en-su-muestra-individual\/#primaryimage"},"image":{"@id":"https:\/\/www.uartes.edu.ec\/sitio\/en\/blog\/2026\/09\/01\/carne-del-mundo-amy-bomnin-explora-intersecciones-entre-cuerpo-duelo-y-memoria-en-su-muestra-individual\/#primaryimage"},"thumbnailUrl":"https:\/\/www.uartes.edu.ec\/sitio\/wp-content\/uploads\/2026\/09\/Proyecto-Cambiar-tamano-de-imagen-09-de-enero-de-2026-13.22.30-2026-09-01T172811.678.jpeg","datePublished":"2026-09-01T23:00:22+00:00","dateModified":"2026-09-01T23:04:36+00:00","description":"Universidad de las Artes - \u201cCarne del mundo\u201d: Amy Bomnin explora las intersecciones entre cuerpo, duelo y memoria en su exposici\u00f3n individual","breadcrumb":{"@id":"https:\/\/www.uartes.edu.ec\/sitio\/en\/blog\/2026\/09\/01\/carne-del-mundo-amy-bomnin-explora-intersecciones-entre-cuerpo-duelo-y-memoria-en-su-muestra-individual\/#breadcrumb"},"inLanguage":"en-US","potentialAction":[{"@type":"ReadAction","target":["https:\/\/www.uartes.edu.ec\/sitio\/en\/blog\/2026\/09\/01\/carne-del-mundo-amy-bomnin-explora-intersecciones-entre-cuerpo-duelo-y-memoria-en-su-muestra-individual\/"]}]},{"@type":"ImageObject","inLanguage":"en-US","@id":"https:\/\/www.uartes.edu.ec\/sitio\/en\/blog\/2026\/09\/01\/carne-del-mundo-amy-bomnin-explora-intersecciones-entre-cuerpo-duelo-y-memoria-en-su-muestra-individual\/#primaryimage","url":"https:\/\/www.uartes.edu.ec\/sitio\/wp-content\/uploads\/2026\/09\/Proyecto-Cambiar-tamano-de-imagen-09-de-enero-de-2026-13.22.30-2026-09-01T172811.678.jpeg","contentUrl":"https:\/\/www.uartes.edu.ec\/sitio\/wp-content\/uploads\/2026\/09\/Proyecto-Cambiar-tamano-de-imagen-09-de-enero-de-2026-13.22.30-2026-09-01T172811.678.jpeg","width":2000,"height":1333},{"@type":"BreadcrumbList","@id":"https:\/\/www.uartes.edu.ec\/sitio\/en\/blog\/2026\/09\/01\/carne-del-mundo-amy-bomnin-explora-intersecciones-entre-cuerpo-duelo-y-memoria-en-su-muestra-individual\/#breadcrumb","itemListElement":[{"@type":"ListItem","position":1,"name":"Inicio","item":"https:\/\/www.uartes.edu.ec\/sitio\/"},{"@type":"ListItem","position":2,"name":"\u201cCarne del mundo\u201d: Amy Bomnin explora las intersecciones entre cuerpo, duelo y memoria en su exposici\u00f3n individual"}]},{"@type":"WebSite","@id":"https:\/\/www.uartes.edu.ec\/sitio\/en\/#website","url":"https:\/\/www.uartes.edu.ec\/sitio\/en\/","name":"the University of the Arts","description":"Sitio oficial de la Universidad Nacional de las Artes del Ecuador","publisher":{"@id":"https:\/\/www.uartes.edu.ec\/sitio\/en\/#organization"},"potentialAction":[{"@type":"SearchAction","target":{"@type":"EntryPoint","urlTemplate":"https:\/\/www.uartes.edu.ec\/sitio\/en\/?s={search_term_string}"},"query-input":{"@type":"PropertyValueSpecification","valueRequired":true,"valueName":"search_term_string"}}],"inLanguage":"en-US"},{"@type":"Organization","@id":"https:\/\/www.uartes.edu.ec\/sitio\/en\/#organization","name":"the University of the Arts","url":"https:\/\/www.uartes.edu.ec\/sitio\/en\/","logo":{"@type":"ImageObject","inLanguage":"en-US","@id":"https:\/\/www.uartes.edu.ec\/sitio\/en\/#\/schema\/logo\/image\/","url":"https:\/\/www.uartes.edu.ec\/sitio\/wp-content\/uploads\/2022\/07\/logo-ua-horizontal.png","contentUrl":"https:\/\/www.uartes.edu.ec\/sitio\/wp-content\/uploads\/2022\/07\/logo-ua-horizontal.png","width":800,"height":276,"caption":"Universidad de las Artes"},"image":{"@id":"https:\/\/www.uartes.edu.ec\/sitio\/en\/#\/schema\/logo\/image\/"},"sameAs":["https:\/\/www.facebook.com\/uartesec","https:\/\/x.com\/uartesec","https:\/\/www.tiktok.com\/@uartesec"]},{"@type":"Person","@id":"https:\/\/www.uartes.edu.ec\/sitio\/en\/#\/schema\/person\/efa1b8275797664fd7f13a79ccc0b1f4","name":"ccortez","image":{"@type":"ImageObject","inLanguage":"en-US","@id":"https:\/\/secure.gravatar.com\/avatar\/b2a6f664a3ae8e074346ef91775736c5ec479e637ecced6842de9dc98b5da9cd?s=96&d=mm&r=g","url":"https:\/\/secure.gravatar.com\/avatar\/b2a6f664a3ae8e074346ef91775736c5ec479e637ecced6842de9dc98b5da9cd?s=96&d=mm&r=g","contentUrl":"https:\/\/secure.gravatar.com\/avatar\/b2a6f664a3ae8e074346ef91775736c5ec479e637ecced6842de9dc98b5da9cd?s=96&d=mm&r=g","caption":"ccortez"},"url":"https:\/\/www.uartes.edu.ec\/sitio\/en\/blog\/author\/ccortez\/"}]}},"uagb_featured_image_src":{"full":["https:\/\/www.uartes.edu.ec\/sitio\/wp-content\/uploads\/2026\/09\/Proyecto-Cambiar-tamano-de-imagen-09-de-enero-de-2026-13.22.30-2026-09-01T172811.678.jpeg",2000,1333,false],"thumbnail":["https:\/\/www.uartes.edu.ec\/sitio\/wp-content\/uploads\/2026\/09\/Proyecto-Cambiar-tamano-de-imagen-09-de-enero-de-2026-13.22.30-2026-09-01T172811.678-150x150.jpeg",150,150,true],"medium":["https:\/\/www.uartes.edu.ec\/sitio\/wp-content\/uploads\/2026\/09\/Proyecto-Cambiar-tamano-de-imagen-09-de-enero-de-2026-13.22.30-2026-09-01T172811.678-300x200.jpeg",300,200,true],"medium_large":["https:\/\/www.uartes.edu.ec\/sitio\/wp-content\/uploads\/2026\/09\/Proyecto-Cambiar-tamano-de-imagen-09-de-enero-de-2026-13.22.30-2026-09-01T172811.678-768x512.jpeg",768,512,true],"large":["https:\/\/www.uartes.edu.ec\/sitio\/wp-content\/uploads\/2026\/09\/Proyecto-Cambiar-tamano-de-imagen-09-de-enero-de-2026-13.22.30-2026-09-01T172811.678-644x429.jpeg",644,429,true],"1536x1536":["https:\/\/www.uartes.edu.ec\/sitio\/wp-content\/uploads\/2026\/09\/Proyecto-Cambiar-tamano-de-imagen-09-de-enero-de-2026-13.22.30-2026-09-01T172811.678-1536x1024.jpeg",1536,1024,true],"2048x2048":["https:\/\/www.uartes.edu.ec\/sitio\/wp-content\/uploads\/2026\/09\/Proyecto-Cambiar-tamano-de-imagen-09-de-enero-de-2026-13.22.30-2026-09-01T172811.678.jpeg",2000,1333,false],"trp-custom-language-flag":["https:\/\/www.uartes.edu.ec\/sitio\/wp-content\/uploads\/2026\/09\/Proyecto-Cambiar-tamano-de-imagen-09-de-enero-de-2026-13.22.30-2026-09-01T172811.678-18x12.jpeg",18,12,true],"gb-block-post-grid-landscape":["https:\/\/www.uartes.edu.ec\/sitio\/wp-content\/uploads\/2026\/09\/Proyecto-Cambiar-tamano-de-imagen-09-de-enero-de-2026-13.22.30-2026-09-01T172811.678-600x400.jpeg",600,400,true],"gb-block-post-grid-square":["https:\/\/www.uartes.edu.ec\/sitio\/wp-content\/uploads\/2026\/09\/Proyecto-Cambiar-tamano-de-imagen-09-de-enero-de-2026-13.22.30-2026-09-01T172811.678-600x600.jpeg",600,600,true],"university-hub-thumb":["https:\/\/www.uartes.edu.ec\/sitio\/wp-content\/uploads\/2026\/09\/Proyecto-Cambiar-tamano-de-imagen-09-de-enero-de-2026-13.22.30-2026-09-01T172811.678-400x267.jpeg",400,267,true]},"uagb_author_info":{"display_name":"ccortez","author_link":"https:\/\/www.uartes.edu.ec\/sitio\/en\/blog\/author\/ccortez\/"},"uagb_comment_info":0,"uagb_excerpt":"\u201cAdentrarnos en las ilaciones de Amalina Bomnin implica separarnos de lo tradicional; pues las pr\u00e1cticas art\u00edsticas hoy d\u00eda tienden a adentrarse en problem\u00e1ticas propias de la \u00e9poca que vivimos\u201d. Es parte del texto de sala de la muestra individual que la docente UArtes inaugurar\u00e1 el 10 de septiembre en la Galer\u00eda CIF del MZ14. La&hellip;","featured_image_src":"https:\/\/www.uartes.edu.ec\/sitio\/wp-content\/uploads\/2026\/09\/Proyecto-Cambiar-tamano-de-imagen-09-de-enero-de-2026-13.22.30-2026-09-01T172811.678-600x400.jpeg","featured_image_src_square":"https:\/\/www.uartes.edu.ec\/sitio\/wp-content\/uploads\/2026\/09\/Proyecto-Cambiar-tamano-de-imagen-09-de-enero-de-2026-13.22.30-2026-09-01T172811.678-600x600.jpeg","author_info":{"display_name":"ccortez","author_link":"https:\/\/www.uartes.edu.ec\/sitio\/en\/blog\/author\/ccortez\/"},"publishpress_future_workflow_manual_trigger":{"enabledWorkflows":[]},"distributor_meta":false,"distributor_terms":false,"distributor_media":false,"distributor_original_site_name":"Universidad de las Artes","distributor_original_site_url":"https:\/\/www.uartes.edu.ec\/sitio\/en","push-errors":false,"_links":{"self":[{"href":"https:\/\/www.uartes.edu.ec\/sitio\/en\/wp-json\/wp\/v2\/posts\/96397","targetHints":{"allow":["GET"]}}],"collection":[{"href":"https:\/\/www.uartes.edu.ec\/sitio\/en\/wp-json\/wp\/v2\/posts"}],"about":[{"href":"https:\/\/www.uartes.edu.ec\/sitio\/en\/wp-json\/wp\/v2\/types\/post"}],"author":[{"embeddable":true,"href":"https:\/\/www.uartes.edu.ec\/sitio\/en\/wp-json\/wp\/v2\/users\/10"}],"replies":[{"embeddable":true,"href":"https:\/\/www.uartes.edu.ec\/sitio\/en\/wp-json\/wp\/v2\/comments?post=96397"}],"version-history":[{"count":5,"href":"https:\/\/www.uartes.edu.ec\/sitio\/en\/wp-json\/wp\/v2\/posts\/96397\/revisions"}],"predecessor-version":[{"id":96418,"href":"https:\/\/www.uartes.edu.ec\/sitio\/en\/wp-json\/wp\/v2\/posts\/96397\/revisions\/96418"}],"wp:featuredmedia":[{"embeddable":true,"href":"https:\/\/www.uartes.edu.ec\/sitio\/en\/wp-json\/wp\/v2\/media\/96403"}],"wp:attachment":[{"href":"https:\/\/www.uartes.edu.ec\/sitio\/en\/wp-json\/wp\/v2\/media?parent=96397"}],"wp:term":[{"taxonomy":"category","embeddable":true,"href":"https:\/\/www.uartes.edu.ec\/sitio\/en\/wp-json\/wp\/v2\/categories?post=96397"},{"taxonomy":"post_tag","embeddable":true,"href":"https:\/\/www.uartes.edu.ec\/sitio\/en\/wp-json\/wp\/v2\/tags?post=96397"},{"taxonomy":"infouartes","embeddable":true,"href":"https:\/\/www.uartes.edu.ec\/sitio\/en\/wp-json\/wp\/v2\/infouartes?post=96397"}],"curies":[{"name":"wp","href":"https:\/\/api.w.org\/{rel}","templated":true}]}}