{"id":96711,"date":"2026-09-03T17:28:00","date_gmt":"2026-09-03T22:28:00","guid":{"rendered":"https:\/\/www.uartes.edu.ec\/sitio\/?p=96711"},"modified":"2026-09-03T19:00:21","modified_gmt":"2026-09-04T00:00:21","slug":"mediacion-lectora-en-plaza-viva-guayarte-escuela-de-literatura-uartes-invita-a-leer-al-aire-libre-e-intercambiar-libros","status":"publish","type":"post","link":"https:\/\/www.uartes.edu.ec\/sitio\/en\/blog\/2026\/09\/03\/mediacion-lectora-en-plaza-viva-guayarte-escuela-de-literatura-uartes-invita-a-leer-al-aire-libre-e-intercambiar-libros\/","title":{"rendered":"Mediaci\u00f3n lectora en Plaza Viva Guayarte; Escuela de Literatura UArtes invita a leer al aire libre e intercambiar libros"},"content":{"rendered":"<p class=\"wp-block-paragraph\">Como parte del programa \u201cAqu\u00ed Lee Guayaquil\u201d, que invita a leer al aire libre e intercambiar libros en&nbsp;Plaza Viva Guayarte, la Escuela de Literatura de la Universidad de las Artes participar\u00e1 con&nbsp;\u201cHabitar el sue\u00f1o\u201d, una actividad de mediaci\u00f3n de lectura dirigida a todo p\u00fablico.<\/p>\n\n\n\n<p class=\"wp-block-paragraph\">Tendr\u00e1 lugar este&nbsp;s\u00e1bado 5 de septiembre. De 10:00 a 14:00&nbsp;se desarrollar\u00e1n varios proyectos de difusi\u00f3n, promoci\u00f3n y mediaci\u00f3n guiados por estudiantes y docentes UArtes. Entre otros, talleres de escritura, lectura de poes\u00eda y de narrativa.<\/p>\n\n\n\n<p class=\"wp-block-paragraph\">Tambi\u00e9n se proyectar\u00e1&nbsp;un libro en la pantalla gigante de Guayarte, para lectura colectiva.&nbsp;\u201cNo es solamente para ni\u00f1os o para j\u00f3venes, sino para gente de todas las edades, algo muy familiar\u201d, indica Mar\u00eda Paulina Briones, docente UArtes. Agrega que tambi\u00e9n se leer\u00e1 para quienes se acerquen a los peque\u00f1os c\u00edrculos en la mitad de la plaza\u201d.<\/p>\n\n\n\n<p class=\"wp-block-paragraph\">La tambi\u00e9n escritora subraya que&nbsp;la actividad se hizo durante varios a\u00f1os en El Cisne 2, barrio del suroeste de Guayaquil,&nbsp;en la parroquia Febres Cordero. Se hizo como un proyecto de vinculaci\u00f3n con la sociedad, pero por la situaci\u00f3n de violencia reciente la iniciativa se traslad\u00f3 a la comunidad que regularmente acude los s\u00e1bados a Plaza Guayarte.<\/p>\n\n\n\n<p class=\"wp-block-paragraph\">El proyecto \u201cHabitar el sue\u00f1o\u201d fue creado por Cristian Alvarado y Siomara Espa\u00f1a,&nbsp;docentes de la Universidad de las Artes que tambi\u00e9n ejercen cargos en la Direcci\u00f3n de Acompa\u00f1amiento al \u00c9xito Acad\u00e9mico (DAEA) y en la coordinaci\u00f3n de la carrera de Literatura; lo desarrollaron con capacitaciones para estudiantes dictadas por los profesores Andrea Crespo, Maritza Cino, profesora em\u00e9rita de la UArtes, y la misma Mar\u00eda Paulina Briones.<\/p>\n\n\n\n<p class=\"wp-block-paragraph\">Compartir\u00e1n el espacio con editoriales y librer\u00edas independientes de la ciudad.&nbsp;\u201cHabr\u00e1 venta e intercambio, y tambi\u00e9n se podr\u00e1 tomar libros (en pr\u00e9stamo temporal y en el sitio) y sentarse a leer c\u00f3modamente.&nbsp;Vamos a ver c\u00f3mo responde la ciudadan\u00eda a este llamado que es un entretenimiento muy saludable, que lo que hace es abrir ese apetito por la lectura, que est\u00e1 muy olvidada, y creemos nosotros que es importante que ocurra\u201d.<\/p>\n\n\n\n<p class=\"wp-block-paragraph\">Esto, se\u00f1ala Mar\u00eda Paulina Briones, porque a veces se piensa en los libros como objetos inalcanzables con un letrero de \u201cno tocar\u201d. La universidad busca un acercamiento a trav\u00e9s de sus dos sellos editoriales, UArtes Ediciones y El Hipop\u00f3tamo.<\/p>\n\n\n\n<p class=\"wp-block-paragraph\">Los acompa\u00f1ar\u00e1n&nbsp;El Gato Gordo Librer\u00eda, la escuela de escritura y creaci\u00f3n de libros artesanales Alfabeta, Sur Editorial con libros usados a bajo costo, El Fauno Verde con similar servicio y Casa Morada.<\/p>\n\n\n\n<p class=\"wp-block-paragraph\">Fuentes: diarios Expreso y El Universo. Edici\u00f3n: Carmen Cortez\/Dircom. Foto: generada con IA.<\/p>","protected":false},"excerpt":{"rendered":"<p>La primera edici\u00f3n del programa \u201cAqu\u00ed lee Guayaquil\u201d se realizar\u00e1 este s\u00e1bado 5 de septiembre, de 10:00 a 14:00, en Plaza Viva Guayarte. La Escuela de Literatura de la Universidad de las Artes desarrollar\u00e1 la mediaci\u00f3n lectora, donde habr\u00e1 intercambio de libros, m\u00fasica, espacios de lectura, participaci\u00f3n de editoriales y actividades para la familia y p\u00fablico en general. Es una invitaci\u00f3n a leer al aire libre.<\/p>","protected":false},"author":10,"featured_media":96712,"comment_status":"open","ping_status":"open","sticky":false,"template":"","format":"standard","meta":{"_acf_changed":false,"_uag_custom_page_level_css":"","_monsterinsights_skip_tracking":false,"cybocfi_hide_featured_image":"","footnotes":""},"categories":[80,82,75,76,175,79],"tags":[521],"infouartes":[],"class_list":["post-96711","post","type-post","status-publish","format-standard","has-post-thumbnail","hentry","category-academico","category-artes","category-docentes","category-estudiantes","category-literatura","category-vinculo","tag-encuentro"],"acf":[],"yoast_head":"<!-- This site is optimized with the Yoast SEO plugin v28.4 - https:\/\/yoast.com\/product\/yoast-seo-wordpress\/ -->\n<title>Universidad de las Artes - Mediaci\u00f3n lectora en Plaza Viva Guayarte; Escuela de Literatura UArtes invita a leer al aire libre e intercambiar libros<\/title>\n<meta name=\"description\" content=\"Universidad de las Artes - Mediaci\u00f3n lectora en Plaza Viva Guayarte; Escuela de Literatura UArtes invita a leer al aire libre e intercambiar libros\" \/>\n<meta name=\"robots\" content=\"index, follow, max-snippet:-1, max-image-preview:large, max-video-preview:-1\" \/>\n<link rel=\"canonical\" href=\"https:\/\/www.uartes.edu.ec\/sitio\/en\/blog\/2026\/09\/03\/mediacion-lectora-en-plaza-viva-guayarte-escuela-de-literatura-uartes-invita-a-leer-al-aire-libre-e-intercambiar-libros\/\" \/>\n<meta property=\"og:locale\" content=\"en_US\" \/>\n<meta property=\"og:type\" content=\"article\" \/>\n<meta property=\"og:title\" content=\"Universidad de las Artes - Mediaci\u00f3n lectora en Plaza Viva Guayarte; Escuela de Literatura UArtes invita a leer al aire libre e intercambiar libros\" \/>\n<meta property=\"og:description\" content=\"Universidad de las Artes - Mediaci\u00f3n lectora en Plaza Viva Guayarte; Escuela de Literatura UArtes invita a leer al aire libre e intercambiar libros\" \/>\n<meta property=\"og:url\" content=\"https:\/\/www.uartes.edu.ec\/sitio\/en\/blog\/2026\/09\/03\/mediacion-lectora-en-plaza-viva-guayarte-escuela-de-literatura-uartes-invita-a-leer-al-aire-libre-e-intercambiar-libros\/\" \/>\n<meta property=\"og:site_name\" content=\"Universidad de las Artes\" \/>\n<meta property=\"article:publisher\" content=\"https:\/\/www.facebook.com\/uartesec\" \/>\n<meta property=\"article:published_time\" content=\"2026-09-03T22:28:00+00:00\" \/>\n<meta property=\"article:modified_time\" content=\"2026-09-04T00:00:21+00:00\" \/>\n<meta property=\"og:image\" content=\"https:\/\/www.uartes.edu.ec\/sitio\/wp-content\/uploads\/2026\/09\/Proyecto-Cambiar-tamano-de-imagen-09-de-enero-de-2026-13.22.30-2026-09-03T185805.415.jpeg\" \/>\n\t<meta property=\"og:image:width\" content=\"2000\" \/>\n\t<meta property=\"og:image:height\" content=\"1333\" \/>\n\t<meta property=\"og:image:type\" content=\"image\/jpeg\" \/>\n<meta name=\"author\" content=\"ccortez\" \/>\n<meta name=\"twitter:card\" content=\"summary_large_image\" \/>\n<meta name=\"twitter:creator\" content=\"@uartesec\" \/>\n<meta name=\"twitter:site\" content=\"@uartesec\" \/>\n<meta name=\"twitter:label1\" content=\"Written by\" \/>\n\t<meta name=\"twitter:data1\" content=\"ccortez\" \/>\n\t<meta name=\"twitter:label2\" content=\"Est. reading time\" \/>\n\t<meta name=\"twitter:data2\" content=\"3 minutes\" \/>\n<script type=\"application\/ld+json\" class=\"yoast-schema-graph\">{\"@context\":\"https:\\\/\\\/schema.org\",\"@graph\":[{\"@type\":\"Article\",\"@id\":\"https:\\\/\\\/www.uartes.edu.ec\\\/sitio\\\/en\\\/blog\\\/2026\\\/09\\\/03\\\/mediacion-lectora-en-plaza-viva-guayarte-escuela-de-literatura-uartes-invita-a-leer-al-aire-libre-e-intercambiar-libros\\\/#article\",\"isPartOf\":{\"@id\":\"https:\\\/\\\/www.uartes.edu.ec\\\/sitio\\\/en\\\/blog\\\/2026\\\/09\\\/03\\\/mediacion-lectora-en-plaza-viva-guayarte-escuela-de-literatura-uartes-invita-a-leer-al-aire-libre-e-intercambiar-libros\\\/\"},\"author\":{\"name\":\"ccortez\",\"@id\":\"https:\\\/\\\/www.uartes.edu.ec\\\/sitio\\\/en\\\/#\\\/schema\\\/person\\\/efa1b8275797664fd7f13a79ccc0b1f4\"},\"headline\":\"Mediaci\u00f3n lectora en Plaza Viva Guayarte; Escuela de Literatura UArtes invita a leer al aire libre e intercambiar libros\",\"datePublished\":\"2026-09-03T22:28:00+00:00\",\"dateModified\":\"2026-09-04T00:00:21+00:00\",\"mainEntityOfPage\":{\"@id\":\"https:\\\/\\\/www.uartes.edu.ec\\\/sitio\\\/en\\\/blog\\\/2026\\\/09\\\/03\\\/mediacion-lectora-en-plaza-viva-guayarte-escuela-de-literatura-uartes-invita-a-leer-al-aire-libre-e-intercambiar-libros\\\/\"},\"wordCount\":497,\"commentCount\":0,\"publisher\":{\"@id\":\"https:\\\/\\\/www.uartes.edu.ec\\\/sitio\\\/en\\\/#organization\"},\"image\":{\"@id\":\"https:\\\/\\\/www.uartes.edu.ec\\\/sitio\\\/en\\\/blog\\\/2026\\\/09\\\/03\\\/mediacion-lectora-en-plaza-viva-guayarte-escuela-de-literatura-uartes-invita-a-leer-al-aire-libre-e-intercambiar-libros\\\/#primaryimage\"},\"thumbnailUrl\":\"https:\\\/\\\/www.uartes.edu.ec\\\/sitio\\\/wp-content\\\/uploads\\\/2026\\\/09\\\/Proyecto-Cambiar-tamano-de-imagen-09-de-enero-de-2026-13.22.30-2026-09-03T185805.415.jpeg\",\"keywords\":[\"encuentro\"],\"articleSection\":[\"Acad\u00e9mico\",\"Artes\",\"Docentes\",\"Estudiantes\",\"Literatura\",\"V\u00ednculo\"],\"inLanguage\":\"en-US\",\"potentialAction\":[{\"@type\":\"CommentAction\",\"name\":\"Comment\",\"target\":[\"https:\\\/\\\/www.uartes.edu.ec\\\/sitio\\\/en\\\/blog\\\/2026\\\/09\\\/03\\\/mediacion-lectora-en-plaza-viva-guayarte-escuela-de-literatura-uartes-invita-a-leer-al-aire-libre-e-intercambiar-libros\\\/#respond\"]}]},{\"@type\":[\"WebPage\",\"ItemPage\"],\"@id\":\"https:\\\/\\\/www.uartes.edu.ec\\\/sitio\\\/en\\\/blog\\\/2026\\\/09\\\/03\\\/mediacion-lectora-en-plaza-viva-guayarte-escuela-de-literatura-uartes-invita-a-leer-al-aire-libre-e-intercambiar-libros\\\/\",\"url\":\"https:\\\/\\\/www.uartes.edu.ec\\\/sitio\\\/en\\\/blog\\\/2026\\\/09\\\/03\\\/mediacion-lectora-en-plaza-viva-guayarte-escuela-de-literatura-uartes-invita-a-leer-al-aire-libre-e-intercambiar-libros\\\/\",\"name\":\"Universidad de las Artes - Mediaci\u00f3n lectora en Plaza Viva Guayarte; Escuela de Literatura UArtes invita a leer al aire libre e intercambiar libros\",\"isPartOf\":{\"@id\":\"https:\\\/\\\/www.uartes.edu.ec\\\/sitio\\\/en\\\/#website\"},\"primaryImageOfPage\":{\"@id\":\"https:\\\/\\\/www.uartes.edu.ec\\\/sitio\\\/en\\\/blog\\\/2026\\\/09\\\/03\\\/mediacion-lectora-en-plaza-viva-guayarte-escuela-de-literatura-uartes-invita-a-leer-al-aire-libre-e-intercambiar-libros\\\/#primaryimage\"},\"image\":{\"@id\":\"https:\\\/\\\/www.uartes.edu.ec\\\/sitio\\\/en\\\/blog\\\/2026\\\/09\\\/03\\\/mediacion-lectora-en-plaza-viva-guayarte-escuela-de-literatura-uartes-invita-a-leer-al-aire-libre-e-intercambiar-libros\\\/#primaryimage\"},\"thumbnailUrl\":\"https:\\\/\\\/www.uartes.edu.ec\\\/sitio\\\/wp-content\\\/uploads\\\/2026\\\/09\\\/Proyecto-Cambiar-tamano-de-imagen-09-de-enero-de-2026-13.22.30-2026-09-03T185805.415.jpeg\",\"datePublished\":\"2026-09-03T22:28:00+00:00\",\"dateModified\":\"2026-09-04T00:00:21+00:00\",\"description\":\"Universidad de las Artes - Mediaci\u00f3n lectora en Plaza Viva Guayarte; Escuela de Literatura UArtes invita a leer al aire libre e intercambiar libros\",\"breadcrumb\":{\"@id\":\"https:\\\/\\\/www.uartes.edu.ec\\\/sitio\\\/en\\\/blog\\\/2026\\\/09\\\/03\\\/mediacion-lectora-en-plaza-viva-guayarte-escuela-de-literatura-uartes-invita-a-leer-al-aire-libre-e-intercambiar-libros\\\/#breadcrumb\"},\"inLanguage\":\"en-US\",\"potentialAction\":[{\"@type\":\"ReadAction\",\"target\":[\"https:\\\/\\\/www.uartes.edu.ec\\\/sitio\\\/en\\\/blog\\\/2026\\\/09\\\/03\\\/mediacion-lectora-en-plaza-viva-guayarte-escuela-de-literatura-uartes-invita-a-leer-al-aire-libre-e-intercambiar-libros\\\/\"]}]},{\"@type\":\"ImageObject\",\"inLanguage\":\"en-US\",\"@id\":\"https:\\\/\\\/www.uartes.edu.ec\\\/sitio\\\/en\\\/blog\\\/2026\\\/09\\\/03\\\/mediacion-lectora-en-plaza-viva-guayarte-escuela-de-literatura-uartes-invita-a-leer-al-aire-libre-e-intercambiar-libros\\\/#primaryimage\",\"url\":\"https:\\\/\\\/www.uartes.edu.ec\\\/sitio\\\/wp-content\\\/uploads\\\/2026\\\/09\\\/Proyecto-Cambiar-tamano-de-imagen-09-de-enero-de-2026-13.22.30-2026-09-03T185805.415.jpeg\",\"contentUrl\":\"https:\\\/\\\/www.uartes.edu.ec\\\/sitio\\\/wp-content\\\/uploads\\\/2026\\\/09\\\/Proyecto-Cambiar-tamano-de-imagen-09-de-enero-de-2026-13.22.30-2026-09-03T185805.415.jpeg\",\"width\":2000,\"height\":1333},{\"@type\":\"BreadcrumbList\",\"@id\":\"https:\\\/\\\/www.uartes.edu.ec\\\/sitio\\\/en\\\/blog\\\/2026\\\/09\\\/03\\\/mediacion-lectora-en-plaza-viva-guayarte-escuela-de-literatura-uartes-invita-a-leer-al-aire-libre-e-intercambiar-libros\\\/#breadcrumb\",\"itemListElement\":[{\"@type\":\"ListItem\",\"position\":1,\"name\":\"Inicio\",\"item\":\"https:\\\/\\\/www.uartes.edu.ec\\\/sitio\\\/\"},{\"@type\":\"ListItem\",\"position\":2,\"name\":\"Mediaci\u00f3n lectora en Plaza Viva Guayarte; Escuela de Literatura UArtes invita a leer al aire libre e intercambiar libros\"}]},{\"@type\":\"WebSite\",\"@id\":\"https:\\\/\\\/www.uartes.edu.ec\\\/sitio\\\/en\\\/#website\",\"url\":\"https:\\\/\\\/www.uartes.edu.ec\\\/sitio\\\/en\\\/\",\"name\":\"Universidad de las Artes\",\"description\":\"Sitio oficial de la Universidad Nacional de las Artes del Ecuador\",\"publisher\":{\"@id\":\"https:\\\/\\\/www.uartes.edu.ec\\\/sitio\\\/en\\\/#organization\"},\"potentialAction\":[{\"@type\":\"SearchAction\",\"target\":{\"@type\":\"EntryPoint\",\"urlTemplate\":\"https:\\\/\\\/www.uartes.edu.ec\\\/sitio\\\/en\\\/?s={search_term_string}\"},\"query-input\":{\"@type\":\"PropertyValueSpecification\",\"valueRequired\":true,\"valueName\":\"search_term_string\"}}],\"inLanguage\":\"en-US\"},{\"@type\":\"Organization\",\"@id\":\"https:\\\/\\\/www.uartes.edu.ec\\\/sitio\\\/en\\\/#organization\",\"name\":\"Universidad de las Artes\",\"url\":\"https:\\\/\\\/www.uartes.edu.ec\\\/sitio\\\/en\\\/\",\"logo\":{\"@type\":\"ImageObject\",\"inLanguage\":\"en-US\",\"@id\":\"https:\\\/\\\/www.uartes.edu.ec\\\/sitio\\\/en\\\/#\\\/schema\\\/logo\\\/image\\\/\",\"url\":\"https:\\\/\\\/www.uartes.edu.ec\\\/sitio\\\/wp-content\\\/uploads\\\/2022\\\/07\\\/logo-ua-horizontal.png\",\"contentUrl\":\"https:\\\/\\\/www.uartes.edu.ec\\\/sitio\\\/wp-content\\\/uploads\\\/2022\\\/07\\\/logo-ua-horizontal.png\",\"width\":800,\"height\":276,\"caption\":\"Universidad de las Artes\"},\"image\":{\"@id\":\"https:\\\/\\\/www.uartes.edu.ec\\\/sitio\\\/en\\\/#\\\/schema\\\/logo\\\/image\\\/\"},\"sameAs\":[\"https:\\\/\\\/www.facebook.com\\\/uartesec\",\"https:\\\/\\\/x.com\\\/uartesec\",\"https:\\\/\\\/www.tiktok.com\\\/@uartesec\"]},{\"@type\":\"Person\",\"@id\":\"https:\\\/\\\/www.uartes.edu.ec\\\/sitio\\\/en\\\/#\\\/schema\\\/person\\\/efa1b8275797664fd7f13a79ccc0b1f4\",\"name\":\"ccortez\",\"image\":{\"@type\":\"ImageObject\",\"inLanguage\":\"en-US\",\"@id\":\"https:\\\/\\\/secure.gravatar.com\\\/avatar\\\/b2a6f664a3ae8e074346ef91775736c5ec479e637ecced6842de9dc98b5da9cd?s=96&d=mm&r=g\",\"url\":\"https:\\\/\\\/secure.gravatar.com\\\/avatar\\\/b2a6f664a3ae8e074346ef91775736c5ec479e637ecced6842de9dc98b5da9cd?s=96&d=mm&r=g\",\"contentUrl\":\"https:\\\/\\\/secure.gravatar.com\\\/avatar\\\/b2a6f664a3ae8e074346ef91775736c5ec479e637ecced6842de9dc98b5da9cd?s=96&d=mm&r=g\",\"caption\":\"ccortez\"},\"url\":\"https:\\\/\\\/www.uartes.edu.ec\\\/sitio\\\/en\\\/blog\\\/author\\\/ccortez\\\/\"}]}<\/script>\n<!-- \/ Yoast SEO plugin. -->","yoast_head_json":{"title":"Universidad de las Artes - Mediaci\u00f3n lectora en Plaza Viva Guayarte; Escuela de Literatura UArtes invita a leer al aire libre e intercambiar libros","description":"Universidad de las Artes - Mediaci\u00f3n lectora en Plaza Viva Guayarte; Escuela de Literatura UArtes invita a leer al aire libre e intercambiar libros","robots":{"index":"index","follow":"follow","max-snippet":"max-snippet:-1","max-image-preview":"max-image-preview:large","max-video-preview":"max-video-preview:-1"},"canonical":"https:\/\/www.uartes.edu.ec\/sitio\/en\/blog\/2026\/09\/03\/mediacion-lectora-en-plaza-viva-guayarte-escuela-de-literatura-uartes-invita-a-leer-al-aire-libre-e-intercambiar-libros\/","og_locale":"en_US","og_type":"article","og_title":"Universidad de las Artes - Mediaci\u00f3n lectora en Plaza Viva Guayarte; Escuela de Literatura UArtes invita a leer al aire libre e intercambiar libros","og_description":"Universidad de las Artes - Mediaci\u00f3n lectora en Plaza Viva Guayarte; Escuela de Literatura UArtes invita a leer al aire libre e intercambiar libros","og_url":"https:\/\/www.uartes.edu.ec\/sitio\/en\/blog\/2026\/09\/03\/mediacion-lectora-en-plaza-viva-guayarte-escuela-de-literatura-uartes-invita-a-leer-al-aire-libre-e-intercambiar-libros\/","og_site_name":"Universidad de las Artes","article_publisher":"https:\/\/www.facebook.com\/uartesec","article_published_time":"2026-09-03T22:28:00+00:00","article_modified_time":"2026-09-04T00:00:21+00:00","og_image":[{"width":2000,"height":1333,"url":"https:\/\/www.uartes.edu.ec\/sitio\/wp-content\/uploads\/2026\/09\/Proyecto-Cambiar-tamano-de-imagen-09-de-enero-de-2026-13.22.30-2026-09-03T185805.415.jpeg","type":"image\/jpeg"}],"author":"ccortez","twitter_card":"summary_large_image","twitter_creator":"@uartesec","twitter_site":"@uartesec","twitter_misc":{"Written by":"ccortez","Est. reading time":"3 minutes"},"schema":{"@context":"https:\/\/schema.org","@graph":[{"@type":"Article","@id":"https:\/\/www.uartes.edu.ec\/sitio\/en\/blog\/2026\/09\/03\/mediacion-lectora-en-plaza-viva-guayarte-escuela-de-literatura-uartes-invita-a-leer-al-aire-libre-e-intercambiar-libros\/#article","isPartOf":{"@id":"https:\/\/www.uartes.edu.ec\/sitio\/en\/blog\/2026\/09\/03\/mediacion-lectora-en-plaza-viva-guayarte-escuela-de-literatura-uartes-invita-a-leer-al-aire-libre-e-intercambiar-libros\/"},"author":{"name":"ccortez","@id":"https:\/\/www.uartes.edu.ec\/sitio\/en\/#\/schema\/person\/efa1b8275797664fd7f13a79ccc0b1f4"},"headline":"Mediaci\u00f3n lectora en Plaza Viva Guayarte; Escuela de Literatura UArtes invita a leer al aire libre e intercambiar libros","datePublished":"2026-09-03T22:28:00+00:00","dateModified":"2026-09-04T00:00:21+00:00","mainEntityOfPage":{"@id":"https:\/\/www.uartes.edu.ec\/sitio\/en\/blog\/2026\/09\/03\/mediacion-lectora-en-plaza-viva-guayarte-escuela-de-literatura-uartes-invita-a-leer-al-aire-libre-e-intercambiar-libros\/"},"wordCount":497,"commentCount":0,"publisher":{"@id":"https:\/\/www.uartes.edu.ec\/sitio\/en\/#organization"},"image":{"@id":"https:\/\/www.uartes.edu.ec\/sitio\/en\/blog\/2026\/09\/03\/mediacion-lectora-en-plaza-viva-guayarte-escuela-de-literatura-uartes-invita-a-leer-al-aire-libre-e-intercambiar-libros\/#primaryimage"},"thumbnailUrl":"https:\/\/www.uartes.edu.ec\/sitio\/wp-content\/uploads\/2026\/09\/Proyecto-Cambiar-tamano-de-imagen-09-de-enero-de-2026-13.22.30-2026-09-03T185805.415.jpeg","keywords":["encuentro"],"articleSection":["Acad\u00e9mico","Artes","Docentes","Estudiantes","Literatura","V\u00ednculo"],"inLanguage":"en-US","potentialAction":[{"@type":"CommentAction","name":"Comment","target":["https:\/\/www.uartes.edu.ec\/sitio\/en\/blog\/2026\/09\/03\/mediacion-lectora-en-plaza-viva-guayarte-escuela-de-literatura-uartes-invita-a-leer-al-aire-libre-e-intercambiar-libros\/#respond"]}]},{"@type":["WebPage","ItemPage"],"@id":"https:\/\/www.uartes.edu.ec\/sitio\/en\/blog\/2026\/09\/03\/mediacion-lectora-en-plaza-viva-guayarte-escuela-de-literatura-uartes-invita-a-leer-al-aire-libre-e-intercambiar-libros\/","url":"https:\/\/www.uartes.edu.ec\/sitio\/en\/blog\/2026\/09\/03\/mediacion-lectora-en-plaza-viva-guayarte-escuela-de-literatura-uartes-invita-a-leer-al-aire-libre-e-intercambiar-libros\/","name":"Universidad de las Artes - Mediaci\u00f3n lectora en Plaza Viva Guayarte; Escuela de Literatura UArtes invita a leer al aire libre e intercambiar libros","isPartOf":{"@id":"https:\/\/www.uartes.edu.ec\/sitio\/en\/#website"},"primaryImageOfPage":{"@id":"https:\/\/www.uartes.edu.ec\/sitio\/en\/blog\/2026\/09\/03\/mediacion-lectora-en-plaza-viva-guayarte-escuela-de-literatura-uartes-invita-a-leer-al-aire-libre-e-intercambiar-libros\/#primaryimage"},"image":{"@id":"https:\/\/www.uartes.edu.ec\/sitio\/en\/blog\/2026\/09\/03\/mediacion-lectora-en-plaza-viva-guayarte-escuela-de-literatura-uartes-invita-a-leer-al-aire-libre-e-intercambiar-libros\/#primaryimage"},"thumbnailUrl":"https:\/\/www.uartes.edu.ec\/sitio\/wp-content\/uploads\/2026\/09\/Proyecto-Cambiar-tamano-de-imagen-09-de-enero-de-2026-13.22.30-2026-09-03T185805.415.jpeg","datePublished":"2026-09-03T22:28:00+00:00","dateModified":"2026-09-04T00:00:21+00:00","description":"Universidad de las Artes - Mediaci\u00f3n lectora en Plaza Viva Guayarte; Escuela de Literatura UArtes invita a leer al aire libre e intercambiar libros","breadcrumb":{"@id":"https:\/\/www.uartes.edu.ec\/sitio\/en\/blog\/2026\/09\/03\/mediacion-lectora-en-plaza-viva-guayarte-escuela-de-literatura-uartes-invita-a-leer-al-aire-libre-e-intercambiar-libros\/#breadcrumb"},"inLanguage":"en-US","potentialAction":[{"@type":"ReadAction","target":["https:\/\/www.uartes.edu.ec\/sitio\/en\/blog\/2026\/09\/03\/mediacion-lectora-en-plaza-viva-guayarte-escuela-de-literatura-uartes-invita-a-leer-al-aire-libre-e-intercambiar-libros\/"]}]},{"@type":"ImageObject","inLanguage":"en-US","@id":"https:\/\/www.uartes.edu.ec\/sitio\/en\/blog\/2026\/09\/03\/mediacion-lectora-en-plaza-viva-guayarte-escuela-de-literatura-uartes-invita-a-leer-al-aire-libre-e-intercambiar-libros\/#primaryimage","url":"https:\/\/www.uartes.edu.ec\/sitio\/wp-content\/uploads\/2026\/09\/Proyecto-Cambiar-tamano-de-imagen-09-de-enero-de-2026-13.22.30-2026-09-03T185805.415.jpeg","contentUrl":"https:\/\/www.uartes.edu.ec\/sitio\/wp-content\/uploads\/2026\/09\/Proyecto-Cambiar-tamano-de-imagen-09-de-enero-de-2026-13.22.30-2026-09-03T185805.415.jpeg","width":2000,"height":1333},{"@type":"BreadcrumbList","@id":"https:\/\/www.uartes.edu.ec\/sitio\/en\/blog\/2026\/09\/03\/mediacion-lectora-en-plaza-viva-guayarte-escuela-de-literatura-uartes-invita-a-leer-al-aire-libre-e-intercambiar-libros\/#breadcrumb","itemListElement":[{"@type":"ListItem","position":1,"name":"Inicio","item":"https:\/\/www.uartes.edu.ec\/sitio\/"},{"@type":"ListItem","position":2,"name":"Mediaci\u00f3n lectora en Plaza Viva Guayarte; Escuela de Literatura UArtes invita a leer al aire libre e intercambiar libros"}]},{"@type":"WebSite","@id":"https:\/\/www.uartes.edu.ec\/sitio\/en\/#website","url":"https:\/\/www.uartes.edu.ec\/sitio\/en\/","name":"the University of the Arts","description":"Sitio oficial de la Universidad Nacional de las Artes del Ecuador","publisher":{"@id":"https:\/\/www.uartes.edu.ec\/sitio\/en\/#organization"},"potentialAction":[{"@type":"SearchAction","target":{"@type":"EntryPoint","urlTemplate":"https:\/\/www.uartes.edu.ec\/sitio\/en\/?s={search_term_string}"},"query-input":{"@type":"PropertyValueSpecification","valueRequired":true,"valueName":"search_term_string"}}],"inLanguage":"en-US"},{"@type":"Organization","@id":"https:\/\/www.uartes.edu.ec\/sitio\/en\/#organization","name":"the University of the Arts","url":"https:\/\/www.uartes.edu.ec\/sitio\/en\/","logo":{"@type":"ImageObject","inLanguage":"en-US","@id":"https:\/\/www.uartes.edu.ec\/sitio\/en\/#\/schema\/logo\/image\/","url":"https:\/\/www.uartes.edu.ec\/sitio\/wp-content\/uploads\/2022\/07\/logo-ua-horizontal.png","contentUrl":"https:\/\/www.uartes.edu.ec\/sitio\/wp-content\/uploads\/2022\/07\/logo-ua-horizontal.png","width":800,"height":276,"caption":"Universidad de las Artes"},"image":{"@id":"https:\/\/www.uartes.edu.ec\/sitio\/en\/#\/schema\/logo\/image\/"},"sameAs":["https:\/\/www.facebook.com\/uartesec","https:\/\/x.com\/uartesec","https:\/\/www.tiktok.com\/@uartesec"]},{"@type":"Person","@id":"https:\/\/www.uartes.edu.ec\/sitio\/en\/#\/schema\/person\/efa1b8275797664fd7f13a79ccc0b1f4","name":"ccortez","image":{"@type":"ImageObject","inLanguage":"en-US","@id":"https:\/\/secure.gravatar.com\/avatar\/b2a6f664a3ae8e074346ef91775736c5ec479e637ecced6842de9dc98b5da9cd?s=96&d=mm&r=g","url":"https:\/\/secure.gravatar.com\/avatar\/b2a6f664a3ae8e074346ef91775736c5ec479e637ecced6842de9dc98b5da9cd?s=96&d=mm&r=g","contentUrl":"https:\/\/secure.gravatar.com\/avatar\/b2a6f664a3ae8e074346ef91775736c5ec479e637ecced6842de9dc98b5da9cd?s=96&d=mm&r=g","caption":"ccortez"},"url":"https:\/\/www.uartes.edu.ec\/sitio\/en\/blog\/author\/ccortez\/"}]}},"uagb_featured_image_src":{"full":["https:\/\/www.uartes.edu.ec\/sitio\/wp-content\/uploads\/2026\/09\/Proyecto-Cambiar-tamano-de-imagen-09-de-enero-de-2026-13.22.30-2026-09-03T185805.415.jpeg",2000,1333,false],"thumbnail":["https:\/\/www.uartes.edu.ec\/sitio\/wp-content\/uploads\/2026\/09\/Proyecto-Cambiar-tamano-de-imagen-09-de-enero-de-2026-13.22.30-2026-09-03T185805.415-150x150.jpeg",150,150,true],"medium":["https:\/\/www.uartes.edu.ec\/sitio\/wp-content\/uploads\/2026\/09\/Proyecto-Cambiar-tamano-de-imagen-09-de-enero-de-2026-13.22.30-2026-09-03T185805.415-300x200.jpeg",300,200,true],"medium_large":["https:\/\/www.uartes.edu.ec\/sitio\/wp-content\/uploads\/2026\/09\/Proyecto-Cambiar-tamano-de-imagen-09-de-enero-de-2026-13.22.30-2026-09-03T185805.415-768x512.jpeg",768,512,true],"large":["https:\/\/www.uartes.edu.ec\/sitio\/wp-content\/uploads\/2026\/09\/Proyecto-Cambiar-tamano-de-imagen-09-de-enero-de-2026-13.22.30-2026-09-03T185805.415-644x429.jpeg",644,429,true],"1536x1536":["https:\/\/www.uartes.edu.ec\/sitio\/wp-content\/uploads\/2026\/09\/Proyecto-Cambiar-tamano-de-imagen-09-de-enero-de-2026-13.22.30-2026-09-03T185805.415-1536x1024.jpeg",1536,1024,true],"2048x2048":["https:\/\/www.uartes.edu.ec\/sitio\/wp-content\/uploads\/2026\/09\/Proyecto-Cambiar-tamano-de-imagen-09-de-enero-de-2026-13.22.30-2026-09-03T185805.415.jpeg",2000,1333,false],"trp-custom-language-flag":["https:\/\/www.uartes.edu.ec\/sitio\/wp-content\/uploads\/2026\/09\/Proyecto-Cambiar-tamano-de-imagen-09-de-enero-de-2026-13.22.30-2026-09-03T185805.415-18x12.jpeg",18,12,true],"gb-block-post-grid-landscape":["https:\/\/www.uartes.edu.ec\/sitio\/wp-content\/uploads\/2026\/09\/Proyecto-Cambiar-tamano-de-imagen-09-de-enero-de-2026-13.22.30-2026-09-03T185805.415-600x400.jpeg",600,400,true],"gb-block-post-grid-square":["https:\/\/www.uartes.edu.ec\/sitio\/wp-content\/uploads\/2026\/09\/Proyecto-Cambiar-tamano-de-imagen-09-de-enero-de-2026-13.22.30-2026-09-03T185805.415-600x600.jpeg",600,600,true],"university-hub-thumb":["https:\/\/www.uartes.edu.ec\/sitio\/wp-content\/uploads\/2026\/09\/Proyecto-Cambiar-tamano-de-imagen-09-de-enero-de-2026-13.22.30-2026-09-03T185805.415-400x267.jpeg",400,267,true]},"uagb_author_info":{"display_name":"ccortez","author_link":"https:\/\/www.uartes.edu.ec\/sitio\/en\/blog\/author\/ccortez\/"},"uagb_comment_info":0,"uagb_excerpt":"La primera edici\u00f3n del programa \u201cAqu\u00ed lee Guayaquil\u201d se realizar\u00e1 este s\u00e1bado 5 de septiembre, de 10:00 a 14:00, en Plaza Viva Guayarte. La Escuela de Literatura de la Universidad de las Artes desarrollar\u00e1 la mediaci\u00f3n lectora, donde habr\u00e1 intercambio de libros, m\u00fasica, espacios de lectura, participaci\u00f3n de editoriales y actividades para la familia y&hellip;","featured_image_src":"https:\/\/www.uartes.edu.ec\/sitio\/wp-content\/uploads\/2026\/09\/Proyecto-Cambiar-tamano-de-imagen-09-de-enero-de-2026-13.22.30-2026-09-03T185805.415-600x400.jpeg","featured_image_src_square":"https:\/\/www.uartes.edu.ec\/sitio\/wp-content\/uploads\/2026\/09\/Proyecto-Cambiar-tamano-de-imagen-09-de-enero-de-2026-13.22.30-2026-09-03T185805.415-600x600.jpeg","author_info":{"display_name":"ccortez","author_link":"https:\/\/www.uartes.edu.ec\/sitio\/en\/blog\/author\/ccortez\/"},"publishpress_future_workflow_manual_trigger":{"enabledWorkflows":[]},"distributor_meta":false,"distributor_terms":false,"distributor_media":false,"distributor_original_site_name":"Universidad de las Artes","distributor_original_site_url":"https:\/\/www.uartes.edu.ec\/sitio\/en","push-errors":false,"_links":{"self":[{"href":"https:\/\/www.uartes.edu.ec\/sitio\/en\/wp-json\/wp\/v2\/posts\/96711","targetHints":{"allow":["GET"]}}],"collection":[{"href":"https:\/\/www.uartes.edu.ec\/sitio\/en\/wp-json\/wp\/v2\/posts"}],"about":[{"href":"https:\/\/www.uartes.edu.ec\/sitio\/en\/wp-json\/wp\/v2\/types\/post"}],"author":[{"embeddable":true,"href":"https:\/\/www.uartes.edu.ec\/sitio\/en\/wp-json\/wp\/v2\/users\/10"}],"replies":[{"embeddable":true,"href":"https:\/\/www.uartes.edu.ec\/sitio\/en\/wp-json\/wp\/v2\/comments?post=96711"}],"version-history":[{"count":3,"href":"https:\/\/www.uartes.edu.ec\/sitio\/en\/wp-json\/wp\/v2\/posts\/96711\/revisions"}],"predecessor-version":[{"id":96724,"href":"https:\/\/www.uartes.edu.ec\/sitio\/en\/wp-json\/wp\/v2\/posts\/96711\/revisions\/96724"}],"wp:featuredmedia":[{"embeddable":true,"href":"https:\/\/www.uartes.edu.ec\/sitio\/en\/wp-json\/wp\/v2\/media\/96712"}],"wp:attachment":[{"href":"https:\/\/www.uartes.edu.ec\/sitio\/en\/wp-json\/wp\/v2\/media?parent=96711"}],"wp:term":[{"taxonomy":"category","embeddable":true,"href":"https:\/\/www.uartes.edu.ec\/sitio\/en\/wp-json\/wp\/v2\/categories?post=96711"},{"taxonomy":"post_tag","embeddable":true,"href":"https:\/\/www.uartes.edu.ec\/sitio\/en\/wp-json\/wp\/v2\/tags?post=96711"},{"taxonomy":"infouartes","embeddable":true,"href":"https:\/\/www.uartes.edu.ec\/sitio\/en\/wp-json\/wp\/v2\/infouartes?post=96711"}],"curies":[{"name":"wp","href":"https:\/\/api.w.org\/{rel}","templated":true}]}}