{"id":1494,"date":"2019-06-17T16:07:43","date_gmt":"2019-06-17T21:07:43","guid":{"rendered":"http:\/\/www.uartes.edu.ec\/sitio\/encuentroilia\/talleres-dieron-inicio-hoy-al-iv-encuentro-internacional-de-investigacion-en-artes\/"},"modified":"2024-07-04T09:50:16","modified_gmt":"2024-07-04T14:50:16","slug":"talleres-dieron-inicio-hoy-al-iv-encuentro-internacional-de-investigacion-en-artes","status":"publish","type":"post","link":"http:\/\/www.uartes.edu.ec\/sitio\/encuentroilia\/talleres-dieron-inicio-hoy-al-iv-encuentro-internacional-de-investigacion-en-artes\/","title":{"rendered":"Talleres dieron inicio hoy al IV Encuentro Internacional de Investigaci\u00f3n en Artes"},"content":{"rendered":"\n<p>Los talleres \u201cCine aliado en la lucha de los pueblos:\nPropuesta metodol\u00f3gica de cine comunitario\u201d, dictado por el cineasta y\ncomunicador peruano Fernando Valdivia, e \u201cImagen Est\u00e9reo\u201d, a cargo de Daniel\nOrejuela, docente de la Universidad de las Artes, marcaron desde las 07h30 de\nhoy, 17 de junio, el inicio del IV Encuentro Internacional de Investigaci\u00f3n en\nArtes.&nbsp; <\/p>\n\n\n\n<p>Fernando Valdivia, cuyo taller (en el espacio Rect\u00e1ngulo del\npabell\u00f3n Humberto Salgado) se mantendr\u00e1 hasta ma\u00f1ana, comparti\u00f3 con estudiantes\ny asistentes sus experiencias en el \u00e1mbito del cine y su v\u00ednculo con la\ncomunidad. Centr\u00f3 su ponencia en la investigaci\u00f3n que realiz\u00f3 sobre el contacto\ny producci\u00f3n de material f\u00edlmico en los pueblos originarios, principalmente en\nla Amazon\u00eda peruana. Hizo un recorrido por los filmes m\u00e1s representativos y los\nmomentos hist\u00f3ricos en los que se desarrollaron. Actualmente dirige la Escuela\nde Cine Amaz\u00f3nico y aprovech\u00f3 su estad\u00eda en el pa\u00eds para entablar relaciones\ncon la UArtes. Entre los objetivos de Fernando Valdivia est\u00e1n realizar\nproyectos que vinculen a la comunidad y a los estudiantes.<\/p>\n\n\n\n<p>Por la tarde, a partir de las 16h00, Galo P\u00e9rez dio inicio,\nen el tercer piso de la Biblioteca de las Artes, al taller \u201cPeriodismo\ncultural: Nuevos medios de publicaci\u00f3n\u201d. <\/p>\n\n\n\n<figure class=\"wp-block-image\"><img loading=\"lazy\" decoding=\"async\" width=\"1024\" height=\"683\" src=\"http:\/\/www.uartes.edu.ec\/sitio\/encuentroilia\/wp-content\/uploads\/sites\/5\/2019\/06\/WhatsApp-Image-2019-06-17-at-12.25-1024x683.jpg\" alt=\"\" class=\"wp-image-1495\" srcset=\"https:\/\/www.uartes.edu.ec\/sitio\/encuentroilia\/wp-content\/uploads\/sites\/5\/2019\/06\/WhatsApp-Image-2019-06-17-at-12.25-1024x683.jpg 1024w, https:\/\/www.uartes.edu.ec\/sitio\/encuentroilia\/wp-content\/uploads\/sites\/5\/2019\/06\/WhatsApp-Image-2019-06-17-at-12.25-300x200.jpg 300w, https:\/\/www.uartes.edu.ec\/sitio\/encuentroilia\/wp-content\/uploads\/sites\/5\/2019\/06\/WhatsApp-Image-2019-06-17-at-12.25-768x512.jpg 768w, https:\/\/www.uartes.edu.ec\/sitio\/encuentroilia\/wp-content\/uploads\/sites\/5\/2019\/06\/WhatsApp-Image-2019-06-17-at-12.25-400x267.jpg 400w, https:\/\/www.uartes.edu.ec\/sitio\/encuentroilia\/wp-content\/uploads\/sites\/5\/2019\/06\/WhatsApp-Image-2019-06-17-at-12.25-272x182.jpg 272w, https:\/\/www.uartes.edu.ec\/sitio\/encuentroilia\/wp-content\/uploads\/sites\/5\/2019\/06\/WhatsApp-Image-2019-06-17-at-12.25.jpg 1168w\" sizes=\"auto, (max-width: 1024px) 100vw, 1024px\" \/><\/figure>\n\n\n\n<p><strong>Bienvenida a los\nconferencistas internacionales<\/strong><\/p>\n\n\n\n<p>En el Plataforma Cultural MZ14 se dio esta ma\u00f1ana la\nbienvenida a los exponentes internacionales (foto superior) que participan\ndesde hoy en el IV Encuentro Internacional de investigaci\u00f3n en Artes. El\nprimero en recibirlos fue el vicerrector de Relaciones Internacionales y\nV\u00ednculo con la Comunidad, Andrey Astaiza, quien es tambi\u00e9n director de la\nEscuela de Artes Sonoras. Luego, Ra\u00fal Vallejo, vicerrector de Investigaci\u00f3n y\nPosgrado, y director de la Escuela de Literatura, explic\u00f3 que las jornadas de\ninvestigaci\u00f3n son para que el p\u00fablico comprenda que el arte genera conocimiento\nper se, sin justificaci\u00f3n alguna. Resalt\u00f3 que las investigaciones realizadas\nson en las artes, desde las artes, para las artes y por las artes y que no\nsiempre termina en un art\u00edculo en una revista indexada, sino que es parte de\ntodo el proceso de lo que antecede a la producci\u00f3n art\u00edstica.<\/p>\n\n\n\n<p>Pablo Cardoso, director del Instituto Latinoamericano de Investigaci\u00f3n\nen Artes (ILIA), que junto con la UArtes coordin\u00f3 y program\u00f3 el encuentro,\nse\u00f1al\u00f3 que la cita internacional est\u00e1 dividida en tres elementos: Los talleres,\nmomento en que la comunidad universitaria se enriquece por los aportes\nmetodolog\u00edas, t\u00e9cnicas y conocimiento te\u00f3ricos que brindan a la comunidad; las\nmesas de di\u00e1logo, conferencias y las conferencias perform\u00e1ticas, as\u00ed como las presentaciones\nart\u00edsticas, porque el arte se vive en escena y est\u00e1 vinculado a los resultados\nde investigaci\u00f3n. Asimismo, afirm\u00f3 que hay dos temas que predominan estas\njornadas: El archivo y la memoria y la Pedagog\u00eda en artes.<\/p>\n\n\n\n<p>Cardoso invit\u00f3 a la inauguraci\u00f3n de la cuarta edici\u00f3n del encuentro\nprevista a las 18h30 con una intervenci\u00f3n art\u00edstica a cargo de los docentes y\nestudiantes de la UArtes, denominada Okupa. Y a las exposiciones \u201cCLUSTER:\nEncuentro de nuevos medios\u201d, en el edificio T\u00e1bara, el 18 de junio, a las 18h30;\ny \u201cNacido y Criado: Tentativas para entrar al Barrio Cuba\u201d, el 19 de junio, a\nlas 19h30, en la Biblioteca de las Artes.<\/p>\n","protected":false},"excerpt":{"rendered":"<p>Los talleres \u201cCine aliado en la lucha de los pueblos: Propuesta metodol\u00f3gica de cine comunitario\u201d, dictado por el cineasta y comunicador peruano Fernando Valdivia, e \u201cImagen Est\u00e9reo\u201d, a cargo de Daniel Orejuela, docente de la Universidad de las Artes, marcaron desde las 07h30 de hoy, 17 de junio, el inicio [&hellip;]<\/p>\n","protected":false},"author":1,"featured_media":1497,"comment_status":"closed","ping_status":"closed","sticky":false,"template":"","format":"standard","meta":{"_uag_custom_page_level_css":"","_monsterinsights_skip_tracking":false,"_monsterinsights_sitenote_active":false,"_monsterinsights_sitenote_note":"","_monsterinsights_sitenote_category":0,"cybocfi_hide_featured_image":"","footnotes":""},"categories":[18],"tags":[25],"class_list":["post-1494","post","type-post","status-publish","format-standard","has-post-thumbnail","hentry","category-ediciones-anteriores","tag-ilia2019"],"uagb_featured_image_src":{"full":["https:\/\/www.uartes.edu.ec\/sitio\/encuentroilia\/wp-content\/uploads\/sites\/5\/2019\/06\/IMG_6794.jpg",1500,1000,false],"thumbnail":["https:\/\/www.uartes.edu.ec\/sitio\/encuentroilia\/wp-content\/uploads\/sites\/5\/2019\/06\/IMG_6794-150x150.jpg",150,150,true],"medium":["https:\/\/www.uartes.edu.ec\/sitio\/encuentroilia\/wp-content\/uploads\/sites\/5\/2019\/06\/IMG_6794-300x200.jpg",300,200,true],"medium_large":["https:\/\/www.uartes.edu.ec\/sitio\/encuentroilia\/wp-content\/uploads\/sites\/5\/2019\/06\/IMG_6794-768x512.jpg",750,500,true],"large":["https:\/\/www.uartes.edu.ec\/sitio\/encuentroilia\/wp-content\/uploads\/sites\/5\/2019\/06\/IMG_6794-1024x683.jpg",750,500,true],"1536x1536":["https:\/\/www.uartes.edu.ec\/sitio\/encuentroilia\/wp-content\/uploads\/sites\/5\/2019\/06\/IMG_6794.jpg",1500,1000,false],"2048x2048":["https:\/\/www.uartes.edu.ec\/sitio\/encuentroilia\/wp-content\/uploads\/sites\/5\/2019\/06\/IMG_6794.jpg",1500,1000,false],"hestia-blog":["https:\/\/www.uartes.edu.ec\/sitio\/encuentroilia\/wp-content\/uploads\/sites\/5\/2019\/06\/IMG_6794.jpg",360,240,false]},"uagb_author_info":{"display_name":"Universidad de las Artes","author_link":"https:\/\/www.uartes.edu.ec\/sitio\/encuentroilia\/author\/dircomadm\/"},"uagb_comment_info":0,"uagb_excerpt":"Los talleres \u201cCine aliado en la lucha de los pueblos: Propuesta metodol\u00f3gica de cine comunitario\u201d, dictado por el cineasta y comunicador peruano Fernando Valdivia, e \u201cImagen Est\u00e9reo\u201d, a cargo de Daniel Orejuela, docente de la Universidad de las Artes, marcaron desde las 07h30 de hoy, 17 de junio, el inicio [&hellip;]","distributor_meta":false,"distributor_terms":false,"distributor_media":false,"distributor_original_site_name":"VIII Encuentro Internacional de Investigaci\u00f3n en Artes","distributor_original_site_url":"https:\/\/www.uartes.edu.ec\/sitio\/encuentroilia","push-errors":false,"_links":{"self":[{"href":"https:\/\/www.uartes.edu.ec\/sitio\/encuentroilia\/wp-json\/wp\/v2\/posts\/1494","targetHints":{"allow":["GET"]}}],"collection":[{"href":"https:\/\/www.uartes.edu.ec\/sitio\/encuentroilia\/wp-json\/wp\/v2\/posts"}],"about":[{"href":"https:\/\/www.uartes.edu.ec\/sitio\/encuentroilia\/wp-json\/wp\/v2\/types\/post"}],"author":[{"embeddable":true,"href":"https:\/\/www.uartes.edu.ec\/sitio\/encuentroilia\/wp-json\/wp\/v2\/users\/1"}],"replies":[{"embeddable":true,"href":"https:\/\/www.uartes.edu.ec\/sitio\/encuentroilia\/wp-json\/wp\/v2\/comments?post=1494"}],"version-history":[{"count":3,"href":"https:\/\/www.uartes.edu.ec\/sitio\/encuentroilia\/wp-json\/wp\/v2\/posts\/1494\/revisions"}],"predecessor-version":[{"id":1499,"href":"https:\/\/www.uartes.edu.ec\/sitio\/encuentroilia\/wp-json\/wp\/v2\/posts\/1494\/revisions\/1499"}],"wp:featuredmedia":[{"embeddable":true,"href":"https:\/\/www.uartes.edu.ec\/sitio\/encuentroilia\/wp-json\/wp\/v2\/media\/1497"}],"wp:attachment":[{"href":"https:\/\/www.uartes.edu.ec\/sitio\/encuentroilia\/wp-json\/wp\/v2\/media?parent=1494"}],"wp:term":[{"taxonomy":"category","embeddable":true,"href":"https:\/\/www.uartes.edu.ec\/sitio\/encuentroilia\/wp-json\/wp\/v2\/categories?post=1494"},{"taxonomy":"post_tag","embeddable":true,"href":"https:\/\/www.uartes.edu.ec\/sitio\/encuentroilia\/wp-json\/wp\/v2\/tags?post=1494"}],"curies":[{"name":"wp","href":"https:\/\/api.w.org\/{rel}","templated":true}]}}