{"id":1532,"date":"2019-06-19T22:23:04","date_gmt":"2019-06-20T03:23:04","guid":{"rendered":"http:\/\/www.uartes.edu.ec\/sitio\/encuentroilia\/cine-y-material-de-archivo-resignificar-las-imagenes-en-movimiento\/"},"modified":"2024-07-04T09:50:16","modified_gmt":"2024-07-04T14:50:16","slug":"cine-y-material-de-archivo-resignificar-las-imagenes-en-movimiento","status":"publish","type":"post","link":"http:\/\/www.uartes.edu.ec\/sitio\/encuentroilia\/cine-y-material-de-archivo-resignificar-las-imagenes-en-movimiento\/","title":{"rendered":"\u201cCine y material de archivo: Resignificar las im\u00e1genes en movimiento\u201d"},"content":{"rendered":"\n<p>En el segundo d\u00eda del IV Encuentro Internacional de\nInvestigaci\u00f3n en Artes, que la Universidad de las Artes (UArtes), a trav\u00e9s del\nInstituto Latinoamericano de Investigaci\u00f3n en Artes (ILIA), inici\u00f3 el lunes 17\nde junio de 2019, se desarroll\u00f3 la mesa de di\u00e1logo \u201cCine y material de archivo:\nResignificar las im\u00e1genes en movimiento\u201d. Presentados por la docente Mar\u00eda del\nPilar Gavilanes, participaron como panelistas el productor \u00edtalo-alem\u00e1n Settimio\nPresutto, el cineasta Pocho \u00c1lvarez y el documentalista Jos\u00e9 Y\u00e9pez, ambos de\nEcuador.<\/p>\n\n\n\n<p>Settimio Presutto, primero en exponer, mencion\u00f3 que no es lo\nmismo filmar que grabar. Y para esclarecer a\u00fan m\u00e1s los conceptos y las diferencias,\nindic\u00f3 que el encuadre, la iluminaci\u00f3n, el saber observar y mirar distinto para\npoder tener una intenci\u00f3n en c\u00f3mo se graba, lo que se graba y c\u00f3mo se graba,\nese registro que se hace es arte.<\/p>\n\n\n\n<p>Pocho \u00c1lvarez habl\u00f3 acerca de la imaginaci\u00f3n y la memoria y\nde c\u00f3mo ambas son importantes en el cine e influyen para hacer cine. Las dos se\nconjugan, crean realidades que se ven distintas seg\u00fan cada uno. El cine es\nmemoria y hace memoria. Lo que se filma no se repite. Es distinto. El cine es\ntambi\u00e9n memoria y mezcla imaginaci\u00f3n, asegur\u00f3.<\/p>\n\n\n\n<p>Jos\u00e9 Y\u00e9pez, en su intervenci\u00f3n, hizo referencia a sus\ntrabajos: \u201cEspejo de agua\u201d, que trata sobre la construcci\u00f3n en los a\u00f1os 80 de\nun proyecto hidroel\u00e9ctrico que afect\u00f3 la vida de las comunidades alrededor del\nembalse en la Manga del Cura; y \u201cPepe Mayo reloaded\u201d, proyecto de investigaci\u00f3n\ndocumental. As\u00ed, el miembro fundador de la Asociaci\u00f3n de Cineastas de Guayaquil\nse introdujo en el registro documental, cuya est\u00e9tica est\u00e1 pensada y especificada\npara poder transmitir el mensaje, y de c\u00f3mo constituye parte de la memoria de\nla sociedad.<\/p>\n","protected":false},"excerpt":{"rendered":"<p>En el segundo d\u00eda del IV Encuentro Internacional de Investigaci\u00f3n en Artes, que la Universidad de las Artes (UArtes), a trav\u00e9s del Instituto Latinoamericano de Investigaci\u00f3n en Artes (ILIA), inici\u00f3 el lunes 17 de junio de 2019, se desarroll\u00f3 la mesa de di\u00e1logo \u201cCine y material de archivo: Resignificar las [&hellip;]<\/p>\n","protected":false},"author":1,"featured_media":1533,"comment_status":"closed","ping_status":"closed","sticky":false,"template":"","format":"standard","meta":{"_uag_custom_page_level_css":"","_monsterinsights_skip_tracking":false,"_monsterinsights_sitenote_active":false,"_monsterinsights_sitenote_note":"","_monsterinsights_sitenote_category":0,"cybocfi_hide_featured_image":"","footnotes":""},"categories":[18],"tags":[25],"class_list":["post-1532","post","type-post","status-publish","format-standard","has-post-thumbnail","hentry","category-ediciones-anteriores","tag-ilia2019"],"uagb_featured_image_src":{"full":["https:\/\/www.uartes.edu.ec\/sitio\/encuentroilia\/wp-content\/uploads\/sites\/5\/2019\/06\/cine-y-material.jpg",1280,853,false],"thumbnail":["https:\/\/www.uartes.edu.ec\/sitio\/encuentroilia\/wp-content\/uploads\/sites\/5\/2019\/06\/cine-y-material-150x150.jpg",150,150,true],"medium":["https:\/\/www.uartes.edu.ec\/sitio\/encuentroilia\/wp-content\/uploads\/sites\/5\/2019\/06\/cine-y-material-300x200.jpg",300,200,true],"medium_large":["https:\/\/www.uartes.edu.ec\/sitio\/encuentroilia\/wp-content\/uploads\/sites\/5\/2019\/06\/cine-y-material-768x512.jpg",750,500,true],"large":["https:\/\/www.uartes.edu.ec\/sitio\/encuentroilia\/wp-content\/uploads\/sites\/5\/2019\/06\/cine-y-material-1024x682.jpg",750,500,true],"1536x1536":["https:\/\/www.uartes.edu.ec\/sitio\/encuentroilia\/wp-content\/uploads\/sites\/5\/2019\/06\/cine-y-material.jpg",1280,853,false],"2048x2048":["https:\/\/www.uartes.edu.ec\/sitio\/encuentroilia\/wp-content\/uploads\/sites\/5\/2019\/06\/cine-y-material.jpg",1280,853,false],"hestia-blog":["https:\/\/www.uartes.edu.ec\/sitio\/encuentroilia\/wp-content\/uploads\/sites\/5\/2019\/06\/cine-y-material.jpg",360,240,false]},"uagb_author_info":{"display_name":"Universidad de las Artes","author_link":"https:\/\/www.uartes.edu.ec\/sitio\/encuentroilia\/author\/dircomadm\/"},"uagb_comment_info":0,"uagb_excerpt":"En el segundo d\u00eda del IV Encuentro Internacional de Investigaci\u00f3n en Artes, que la Universidad de las Artes (UArtes), a trav\u00e9s del Instituto Latinoamericano de Investigaci\u00f3n en Artes (ILIA), inici\u00f3 el lunes 17 de junio de 2019, se desarroll\u00f3 la mesa de di\u00e1logo \u201cCine y material de archivo: Resignificar las [&hellip;]","distributor_meta":false,"distributor_terms":false,"distributor_media":false,"distributor_original_site_name":"VIII Encuentro Internacional de Investigaci\u00f3n en Artes","distributor_original_site_url":"https:\/\/www.uartes.edu.ec\/sitio\/encuentroilia","push-errors":false,"_links":{"self":[{"href":"https:\/\/www.uartes.edu.ec\/sitio\/encuentroilia\/wp-json\/wp\/v2\/posts\/1532","targetHints":{"allow":["GET"]}}],"collection":[{"href":"https:\/\/www.uartes.edu.ec\/sitio\/encuentroilia\/wp-json\/wp\/v2\/posts"}],"about":[{"href":"https:\/\/www.uartes.edu.ec\/sitio\/encuentroilia\/wp-json\/wp\/v2\/types\/post"}],"author":[{"embeddable":true,"href":"https:\/\/www.uartes.edu.ec\/sitio\/encuentroilia\/wp-json\/wp\/v2\/users\/1"}],"replies":[{"embeddable":true,"href":"https:\/\/www.uartes.edu.ec\/sitio\/encuentroilia\/wp-json\/wp\/v2\/comments?post=1532"}],"version-history":[{"count":1,"href":"https:\/\/www.uartes.edu.ec\/sitio\/encuentroilia\/wp-json\/wp\/v2\/posts\/1532\/revisions"}],"predecessor-version":[{"id":1535,"href":"https:\/\/www.uartes.edu.ec\/sitio\/encuentroilia\/wp-json\/wp\/v2\/posts\/1532\/revisions\/1535"}],"wp:featuredmedia":[{"embeddable":true,"href":"https:\/\/www.uartes.edu.ec\/sitio\/encuentroilia\/wp-json\/wp\/v2\/media\/1533"}],"wp:attachment":[{"href":"https:\/\/www.uartes.edu.ec\/sitio\/encuentroilia\/wp-json\/wp\/v2\/media?parent=1532"}],"wp:term":[{"taxonomy":"category","embeddable":true,"href":"https:\/\/www.uartes.edu.ec\/sitio\/encuentroilia\/wp-json\/wp\/v2\/categories?post=1532"},{"taxonomy":"post_tag","embeddable":true,"href":"https:\/\/www.uartes.edu.ec\/sitio\/encuentroilia\/wp-json\/wp\/v2\/tags?post=1532"}],"curies":[{"name":"wp","href":"https:\/\/api.w.org\/{rel}","templated":true}]}}