{"id":1538,"date":"2019-06-20T08:02:37","date_gmt":"2019-06-20T13:02:37","guid":{"rendered":"http:\/\/www.uartes.edu.ec\/sitio\/encuentroilia\/cluster-propuesta-expositiva-para-el-encuentro-de-nuevos-medios\/"},"modified":"2024-07-04T09:50:15","modified_gmt":"2024-07-04T14:50:15","slug":"cluster-propuesta-expositiva-para-el-encuentro-de-nuevos-medios","status":"publish","type":"post","link":"http:\/\/www.uartes.edu.ec\/sitio\/encuentroilia\/cluster-propuesta-expositiva-para-el-encuentro-de-nuevos-medios\/","title":{"rendered":"\u201cCluster\u201d, propuesta expositiva para el \u201cencuentro de nuevos medios\u201d"},"content":{"rendered":"\n<p>Sensores de movimiento, video proyectado en tiempo real y\nluces parpadeantes se apoderaron de la terraza del edificio Enrique T\u00e1bara este\nmartes 18 de junio. La muestra \u201cCluster: Encuentro de nuevos medios\u201d llen\u00f3 de\ncuriosidad a los asistentes, quienes interactuaron con las diferentes obras\npresentadas. Se vivi\u00f3 un ambiente que combin\u00f3 lo l\u00fadico con las nuevas\ntecnolog\u00edas aplicadas al arte.<\/p>\n\n\n\n<p>La exposici\u00f3n es una de las actividades del IV Encuentro\nInternacional de Investigaci\u00f3n en Artes que la Universidad de las Artes, a\ntrav\u00e9s del Instituto Latinoamericano de Investigaci\u00f3n en Artes, realiza desde\nel lunes 17 de junio. <\/p>\n\n\n\n<div class=\"wp-block-image\"><figure class=\"aligncenter\"><img decoding=\"async\" src=\"http:\/\/www.uartes.edu.ec\/sitio\/encuentroilia\/wp-content\/uploads\/sites\/5\/2019\/06\/Nota-Cluster2-644x429.jpg\" alt=\"\" class=\"wp-image-1539\"\/><\/figure><\/div>\n\n\n\n<p>\u201cCluster: Encuentro de nuevos medios\u201d es una propuesta del\nColectivo ADA, conformado por alumnos de la Escuela de Artes Visuales, en\ncoordinaci\u00f3n del docente Cristian Villavicencio. \u201cLa exposici\u00f3n se plantea como\nun lugar de encuentro para la escena art\u00edstica digital, apropi\u00e1ndose,\nmodificando y reciclando objetos tecnol\u00f3gicos. Tambi\u00e9n busca ser punto de\npartida para debatir las diferentes posturas relacionadas a la recepci\u00f3n\ncr\u00edtica de los medios masivos en sus diferentes espacios, tanto f\u00edsicos como\nvirtuales\u201d, coment\u00f3 Conny Rivadeneira, estudiante y vocera de ADA. <\/p>\n\n\n\n<p>El montaje fue un proceso colectivo entre artistas,\nsonidistas, personal de mantenimiento de la UArtes y cont\u00f3 con el apoyo del ILIA\npara su realizaci\u00f3n. Los estudiantes de la comunidad universitaria resaltan la\nrelevancia del IV Encuentro Internacional de Investigaci\u00f3n en Artes como\nvitrina para posicionar estrat\u00e9gicamente su trabajo en la escena audiovisual\nlatinoamericana.<\/p>\n","protected":false},"excerpt":{"rendered":"<p>Sensores de movimiento, video proyectado en tiempo real y luces parpadeantes se apoderaron de la terraza del edificio Enrique T\u00e1bara este martes 18 de junio. La muestra \u201cCluster: Encuentro de nuevos medios\u201d llen\u00f3 de curiosidad a los asistentes, quienes interactuaron con las diferentes obras presentadas. Se vivi\u00f3 un ambiente que [&hellip;]<\/p>\n","protected":false},"author":1,"featured_media":1541,"comment_status":"closed","ping_status":"closed","sticky":false,"template":"","format":"standard","meta":{"_uag_custom_page_level_css":"","_monsterinsights_skip_tracking":false,"_monsterinsights_sitenote_active":false,"_monsterinsights_sitenote_note":"","_monsterinsights_sitenote_category":0,"cybocfi_hide_featured_image":"","footnotes":""},"categories":[18],"tags":[25],"class_list":["post-1538","post","type-post","status-publish","format-standard","has-post-thumbnail","hentry","category-ediciones-anteriores","tag-ilia2019"],"uagb_featured_image_src":{"full":["https:\/\/www.uartes.edu.ec\/sitio\/encuentroilia\/wp-content\/uploads\/sites\/5\/2019\/06\/Nota-Cluster1.jpg",1500,1000,false],"thumbnail":["https:\/\/www.uartes.edu.ec\/sitio\/encuentroilia\/wp-content\/uploads\/sites\/5\/2019\/06\/Nota-Cluster1-150x150.jpg",150,150,true],"medium":["https:\/\/www.uartes.edu.ec\/sitio\/encuentroilia\/wp-content\/uploads\/sites\/5\/2019\/06\/Nota-Cluster1-300x200.jpg",300,200,true],"medium_large":["https:\/\/www.uartes.edu.ec\/sitio\/encuentroilia\/wp-content\/uploads\/sites\/5\/2019\/06\/Nota-Cluster1-768x512.jpg",750,500,true],"large":["https:\/\/www.uartes.edu.ec\/sitio\/encuentroilia\/wp-content\/uploads\/sites\/5\/2019\/06\/Nota-Cluster1-1024x683.jpg",750,500,true],"1536x1536":["https:\/\/www.uartes.edu.ec\/sitio\/encuentroilia\/wp-content\/uploads\/sites\/5\/2019\/06\/Nota-Cluster1.jpg",1500,1000,false],"2048x2048":["https:\/\/www.uartes.edu.ec\/sitio\/encuentroilia\/wp-content\/uploads\/sites\/5\/2019\/06\/Nota-Cluster1.jpg",1500,1000,false],"hestia-blog":["https:\/\/www.uartes.edu.ec\/sitio\/encuentroilia\/wp-content\/uploads\/sites\/5\/2019\/06\/Nota-Cluster1.jpg",360,240,false]},"uagb_author_info":{"display_name":"Universidad de las Artes","author_link":"https:\/\/www.uartes.edu.ec\/sitio\/encuentroilia\/author\/dircomadm\/"},"uagb_comment_info":0,"uagb_excerpt":"Sensores de movimiento, video proyectado en tiempo real y luces parpadeantes se apoderaron de la terraza del edificio Enrique T\u00e1bara este martes 18 de junio. La muestra \u201cCluster: Encuentro de nuevos medios\u201d llen\u00f3 de curiosidad a los asistentes, quienes interactuaron con las diferentes obras presentadas. Se vivi\u00f3 un ambiente que [&hellip;]","distributor_meta":false,"distributor_terms":false,"distributor_media":false,"distributor_original_site_name":"VIII Encuentro Internacional de Investigaci\u00f3n en Artes","distributor_original_site_url":"https:\/\/www.uartes.edu.ec\/sitio\/encuentroilia","push-errors":false,"_links":{"self":[{"href":"https:\/\/www.uartes.edu.ec\/sitio\/encuentroilia\/wp-json\/wp\/v2\/posts\/1538","targetHints":{"allow":["GET"]}}],"collection":[{"href":"https:\/\/www.uartes.edu.ec\/sitio\/encuentroilia\/wp-json\/wp\/v2\/posts"}],"about":[{"href":"https:\/\/www.uartes.edu.ec\/sitio\/encuentroilia\/wp-json\/wp\/v2\/types\/post"}],"author":[{"embeddable":true,"href":"https:\/\/www.uartes.edu.ec\/sitio\/encuentroilia\/wp-json\/wp\/v2\/users\/1"}],"replies":[{"embeddable":true,"href":"https:\/\/www.uartes.edu.ec\/sitio\/encuentroilia\/wp-json\/wp\/v2\/comments?post=1538"}],"version-history":[{"count":2,"href":"https:\/\/www.uartes.edu.ec\/sitio\/encuentroilia\/wp-json\/wp\/v2\/posts\/1538\/revisions"}],"predecessor-version":[{"id":1542,"href":"https:\/\/www.uartes.edu.ec\/sitio\/encuentroilia\/wp-json\/wp\/v2\/posts\/1538\/revisions\/1542"}],"wp:featuredmedia":[{"embeddable":true,"href":"https:\/\/www.uartes.edu.ec\/sitio\/encuentroilia\/wp-json\/wp\/v2\/media\/1541"}],"wp:attachment":[{"href":"https:\/\/www.uartes.edu.ec\/sitio\/encuentroilia\/wp-json\/wp\/v2\/media?parent=1538"}],"wp:term":[{"taxonomy":"category","embeddable":true,"href":"https:\/\/www.uartes.edu.ec\/sitio\/encuentroilia\/wp-json\/wp\/v2\/categories?post=1538"},{"taxonomy":"post_tag","embeddable":true,"href":"https:\/\/www.uartes.edu.ec\/sitio\/encuentroilia\/wp-json\/wp\/v2\/tags?post=1538"}],"curies":[{"name":"wp","href":"https:\/\/api.w.org\/{rel}","templated":true}]}}