{"id":1586,"date":"2019-06-19T19:08:59","date_gmt":"2019-06-20T00:08:59","guid":{"rendered":"http:\/\/www.uartes.edu.ec\/sitio\/encuentroilia\/luis-gabriel-mesa-analizo-las-identidades-transnacionales-en-la-musica\/"},"modified":"2024-07-04T09:50:16","modified_gmt":"2024-07-04T14:50:16","slug":"luis-gabriel-mesa-analizo-las-identidades-transnacionales-en-la-musica","status":"publish","type":"post","link":"http:\/\/www.uartes.edu.ec\/sitio\/encuentroilia\/luis-gabriel-mesa-analizo-las-identidades-transnacionales-en-la-musica\/","title":{"rendered":"Luis Gabriel Mesa analiz\u00f3 las identidades transnacionales en la m\u00fasica"},"content":{"rendered":"\n<p>El music\u00f3logo colombiano Luis Gabriel Mesa particip\u00f3 en el\nIV Encuentro Internacional de Investigaci\u00f3n en Artes, organizado por la\nUniversidad de las Artes, a trav\u00e9s del Instituto Latinoamericano de\nInvestigaci\u00f3n en Artes, con la conferencia perform\u00e1tica \u201cIdentidades\ntransnacionales en la m\u00fasica: m\u00e1s all\u00e1 de la colombianidad\u201d. <\/p>\n\n\n\n<p>Su intervenci\u00f3n se dio hoy, mi\u00e9rcoles 19 de junio, en la\nSala Patrimonial de la Plataforma Cultural MZ14. El expositor comparti\u00f3 su\ninvestigaci\u00f3n sobre los ritmos y g\u00e9neros musicales que la poblaci\u00f3n local\nconsideraba como \u201ccolombianos\u201d a inicios del siglo XX, centr\u00e1ndose en la vida y\nobra de los autores Luis Enrique Nieto y Maruja Hinestrosa. El tambi\u00e9n investigador\nse desplaz\u00f3 por diferentes poblados fronterizos entre Colombia y Ecuador para\nrecopilar informaci\u00f3n.<\/p>\n\n\n\n<p>Apoyado en herramientas multimedia, Luis Gabriel Mesa\nejecut\u00f3, ante la atenta mirada de los estudiantes de la UArtes, temas como\n\u201cGrito de raza\u201d (Nieto) y \u201cFantas\u00eda espa\u00f1ola\u201d (Hinestrosa) adaptadas al piano. <\/p>\n\n\n\n<p>Se\u00f1al\u00f3, adem\u00e1s, que como resultado de la investigaci\u00f3n se\neditaron los libros \u201cLuis Enrique Nieto, la m\u00fasica nari\u00f1ense en los a\u00f1os del Clavel\nRojo\u201d (2015) y \u201cMaruja Hinestrosa: La identidad nari\u00f1ense a trav\u00e9s de su piano\u201d\n(2014). Los textos pudieron ser adquirido en la conferencia. <\/p>\n\n\n\n<p>La participaci\u00f3n de Luis Gabriel Mesa fortaleci\u00f3 los lazos\nde cooperaci\u00f3n para futuros proyectos que involucren a los estudiantes de la UArtes\ny es un referente de los procesos investigativos que terminan en un producto\nart\u00edstico.<\/p>\n\n\n\n<div class=\"wp-block-image\"><figure class=\"aligncenter\"><img loading=\"lazy\" decoding=\"async\" width=\"1024\" height=\"682\" src=\"http:\/\/www.uartes.edu.ec\/sitio\/encuentroilia\/wp-content\/uploads\/sites\/5\/2019\/06\/Luis-Gabriel-Mesa-2-Final-1024x682.jpg\" alt=\"\" class=\"wp-image-1587\" srcset=\"https:\/\/www.uartes.edu.ec\/sitio\/encuentroilia\/wp-content\/uploads\/sites\/5\/2019\/06\/Luis-Gabriel-Mesa-2-Final-1024x682.jpg 1024w, https:\/\/www.uartes.edu.ec\/sitio\/encuentroilia\/wp-content\/uploads\/sites\/5\/2019\/06\/Luis-Gabriel-Mesa-2-Final-300x200.jpg 300w, https:\/\/www.uartes.edu.ec\/sitio\/encuentroilia\/wp-content\/uploads\/sites\/5\/2019\/06\/Luis-Gabriel-Mesa-2-Final-768x512.jpg 768w, https:\/\/www.uartes.edu.ec\/sitio\/encuentroilia\/wp-content\/uploads\/sites\/5\/2019\/06\/Luis-Gabriel-Mesa-2-Final-400x266.jpg 400w, https:\/\/www.uartes.edu.ec\/sitio\/encuentroilia\/wp-content\/uploads\/sites\/5\/2019\/06\/Luis-Gabriel-Mesa-2-Final-272x182.jpg 272w, https:\/\/www.uartes.edu.ec\/sitio\/encuentroilia\/wp-content\/uploads\/sites\/5\/2019\/06\/Luis-Gabriel-Mesa-2-Final.jpg 1201w\" sizes=\"auto, (max-width: 1024px) 100vw, 1024px\" \/><\/figure><\/div>\n\n\n\n<p>Luis Gabriel Mesa es doctor en musicolog\u00eda, egresado del\nprograma en Historia y Ciencias de la M\u00fasica, de la Universidad de Granada\n(Espa\u00f1a). Pianista. Actualmente dirige la maestr\u00eda en m\u00fasica de la Pontificia\nUniversidad Javeriana (Bogot\u00e1). Entre sus publicaciones consta tambi\u00e9n la obra&nbsp;\u201cHacia\nuna reconstrucci\u00f3n del concepto de m\u00fasico profesional\u201d.<\/p>\n","protected":false},"excerpt":{"rendered":"<p>El music\u00f3logo colombiano Luis Gabriel Mesa particip\u00f3 en el IV Encuentro Internacional de Investigaci\u00f3n en Artes, organizado por la Universidad de las Artes, a trav\u00e9s del Instituto Latinoamericano de Investigaci\u00f3n en Artes, con la conferencia perform\u00e1tica \u201cIdentidades transnacionales en la m\u00fasica: m\u00e1s all\u00e1 de la colombianidad\u201d. Su intervenci\u00f3n se dio [&hellip;]<\/p>\n","protected":false},"author":1,"featured_media":1589,"comment_status":"closed","ping_status":"closed","sticky":false,"template":"","format":"standard","meta":{"_uag_custom_page_level_css":"","_monsterinsights_skip_tracking":false,"_monsterinsights_sitenote_active":false,"_monsterinsights_sitenote_note":"","_monsterinsights_sitenote_category":0,"cybocfi_hide_featured_image":"","footnotes":""},"categories":[18],"tags":[25],"class_list":["post-1586","post","type-post","status-publish","format-standard","has-post-thumbnail","hentry","category-ediciones-anteriores","tag-ilia2019"],"uagb_featured_image_src":{"full":["https:\/\/www.uartes.edu.ec\/sitio\/encuentroilia\/wp-content\/uploads\/sites\/5\/2019\/06\/Luis-Gabriel-Mesa-ok.jpg",1215,810,false],"thumbnail":["https:\/\/www.uartes.edu.ec\/sitio\/encuentroilia\/wp-content\/uploads\/sites\/5\/2019\/06\/Luis-Gabriel-Mesa-ok-150x150.jpg",150,150,true],"medium":["https:\/\/www.uartes.edu.ec\/sitio\/encuentroilia\/wp-content\/uploads\/sites\/5\/2019\/06\/Luis-Gabriel-Mesa-ok-300x200.jpg",300,200,true],"medium_large":["https:\/\/www.uartes.edu.ec\/sitio\/encuentroilia\/wp-content\/uploads\/sites\/5\/2019\/06\/Luis-Gabriel-Mesa-ok-768x512.jpg",750,500,true],"large":["https:\/\/www.uartes.edu.ec\/sitio\/encuentroilia\/wp-content\/uploads\/sites\/5\/2019\/06\/Luis-Gabriel-Mesa-ok-1024x683.jpg",750,500,true],"1536x1536":["https:\/\/www.uartes.edu.ec\/sitio\/encuentroilia\/wp-content\/uploads\/sites\/5\/2019\/06\/Luis-Gabriel-Mesa-ok.jpg",1215,810,false],"2048x2048":["https:\/\/www.uartes.edu.ec\/sitio\/encuentroilia\/wp-content\/uploads\/sites\/5\/2019\/06\/Luis-Gabriel-Mesa-ok.jpg",1215,810,false],"hestia-blog":["https:\/\/www.uartes.edu.ec\/sitio\/encuentroilia\/wp-content\/uploads\/sites\/5\/2019\/06\/Luis-Gabriel-Mesa-ok.jpg",360,240,false]},"uagb_author_info":{"display_name":"Universidad de las Artes","author_link":"https:\/\/www.uartes.edu.ec\/sitio\/encuentroilia\/author\/dircomadm\/"},"uagb_comment_info":0,"uagb_excerpt":"El music\u00f3logo colombiano Luis Gabriel Mesa particip\u00f3 en el IV Encuentro Internacional de Investigaci\u00f3n en Artes, organizado por la Universidad de las Artes, a trav\u00e9s del Instituto Latinoamericano de Investigaci\u00f3n en Artes, con la conferencia perform\u00e1tica \u201cIdentidades transnacionales en la m\u00fasica: m\u00e1s all\u00e1 de la colombianidad\u201d. Su intervenci\u00f3n se dio [&hellip;]","distributor_meta":false,"distributor_terms":false,"distributor_media":false,"distributor_original_site_name":"VIII Encuentro Internacional de Investigaci\u00f3n en Artes","distributor_original_site_url":"https:\/\/www.uartes.edu.ec\/sitio\/encuentroilia","push-errors":false,"_links":{"self":[{"href":"https:\/\/www.uartes.edu.ec\/sitio\/encuentroilia\/wp-json\/wp\/v2\/posts\/1586","targetHints":{"allow":["GET"]}}],"collection":[{"href":"https:\/\/www.uartes.edu.ec\/sitio\/encuentroilia\/wp-json\/wp\/v2\/posts"}],"about":[{"href":"https:\/\/www.uartes.edu.ec\/sitio\/encuentroilia\/wp-json\/wp\/v2\/types\/post"}],"author":[{"embeddable":true,"href":"https:\/\/www.uartes.edu.ec\/sitio\/encuentroilia\/wp-json\/wp\/v2\/users\/1"}],"replies":[{"embeddable":true,"href":"https:\/\/www.uartes.edu.ec\/sitio\/encuentroilia\/wp-json\/wp\/v2\/comments?post=1586"}],"version-history":[{"count":3,"href":"https:\/\/www.uartes.edu.ec\/sitio\/encuentroilia\/wp-json\/wp\/v2\/posts\/1586\/revisions"}],"predecessor-version":[{"id":1595,"href":"https:\/\/www.uartes.edu.ec\/sitio\/encuentroilia\/wp-json\/wp\/v2\/posts\/1586\/revisions\/1595"}],"wp:featuredmedia":[{"embeddable":true,"href":"https:\/\/www.uartes.edu.ec\/sitio\/encuentroilia\/wp-json\/wp\/v2\/media\/1589"}],"wp:attachment":[{"href":"https:\/\/www.uartes.edu.ec\/sitio\/encuentroilia\/wp-json\/wp\/v2\/media?parent=1586"}],"wp:term":[{"taxonomy":"category","embeddable":true,"href":"https:\/\/www.uartes.edu.ec\/sitio\/encuentroilia\/wp-json\/wp\/v2\/categories?post=1586"},{"taxonomy":"post_tag","embeddable":true,"href":"https:\/\/www.uartes.edu.ec\/sitio\/encuentroilia\/wp-json\/wp\/v2\/tags?post=1586"}],"curies":[{"name":"wp","href":"https:\/\/api.w.org\/{rel}","templated":true}]}}