{"id":1597,"date":"2019-06-20T15:16:57","date_gmt":"2019-06-20T20:16:57","guid":{"rendered":"http:\/\/www.uartes.edu.ec\/sitio\/encuentroilia\/el-pensamiento-critico-de-las-ciudades-verdaderamente-inteligentes\/"},"modified":"2024-07-04T09:50:15","modified_gmt":"2024-07-04T14:50:15","slug":"el-pensamiento-critico-de-las-ciudades-verdaderamente-inteligentes","status":"publish","type":"post","link":"http:\/\/www.uartes.edu.ec\/sitio\/encuentroilia\/el-pensamiento-critico-de-las-ciudades-verdaderamente-inteligentes\/","title":{"rendered":"El pensamiento cr\u00edtico de las \u201cCiudades verdaderamente inteligentes\u201d"},"content":{"rendered":"\n<p>En el auditorio del MAAC, los docentes Paolo Vignola y Sara\nBaranzoni dictaron la conferencia \u201cCiudades verdaderamente inteligentes\u201d, en el\nmarco del IV Encuentro Internacional de Investigaci\u00f3n en Artes. Los panelistas\nexpusieron los resultados del proyecto Real Smart Cities, seleccionado por la\nUni\u00f3n Europea como parte del Horizon 2020, uno de los programas de\nfinanciamiento de investigaciones m\u00e1s prestigiosos del mundo. La docente Olga\nL\u00f3pez (de la UArtes) y Jye O&#8217;Sullivan (de la Universidad de York), inmersos en el\nproyecto, estuvieron de invitados en la mesa de di\u00e1logo que se desarroll\u00f3 hoy,\njueves 20 de junio.<\/p>\n\n\n\n<p>La iniciativa tiene como objetivo principal desarrollar un\npensamiento cr\u00edtico a las denominadas \u201cciudades inteligentes\u201d por medio de la\ninvestigaci\u00f3n del impacto de las nuevas tecnolog\u00edas, la exploraci\u00f3n de la\nrepresentaci\u00f3n de la vida urbana y las nuevas formas de participaci\u00f3n ciudadana.\nLas instituciones involucradas en este proyecto son la Universidad de Durham,\nla Universidad de Dublin, la Universidad de las Artes (UArtes) y las\ninstituciones ciudadanas de Plaine Commune (Par\u00eds) y de Dublin City Council.<\/p>\n\n\n\n<p>Entre los investigadores de la UArtes que aportan a este\nproyecto constan su rector, Ramiro Noriega; y los docentes, Cristian\nVillavicencio, Olga L\u00f3pez, Fredy Vallejos, liderados por Sara Baranzoni y Paolo\nVignola. <\/p>\n","protected":false},"excerpt":{"rendered":"<p>En el auditorio del MAAC, los docentes Paolo Vignola y Sara Baranzoni dictaron la conferencia \u201cCiudades verdaderamente inteligentes\u201d, en el marco del IV Encuentro Internacional de Investigaci\u00f3n en Artes. Los panelistas expusieron los resultados del proyecto Real Smart Cities, seleccionado por la Uni\u00f3n Europea como parte del Horizon 2020, uno [&hellip;]<\/p>\n","protected":false},"author":1,"featured_media":1598,"comment_status":"closed","ping_status":"closed","sticky":false,"template":"","format":"standard","meta":{"_uag_custom_page_level_css":"","_monsterinsights_skip_tracking":false,"_monsterinsights_sitenote_active":false,"_monsterinsights_sitenote_note":"","_monsterinsights_sitenote_category":0,"cybocfi_hide_featured_image":"","footnotes":""},"categories":[18],"tags":[25],"class_list":["post-1597","post","type-post","status-publish","format-standard","has-post-thumbnail","hentry","category-ediciones-anteriores","tag-ilia2019"],"uagb_featured_image_src":{"full":["https:\/\/www.uartes.edu.ec\/sitio\/encuentroilia\/wp-content\/uploads\/sites\/5\/2019\/06\/smartcities.jpd_.jpg",1280,853,false],"thumbnail":["https:\/\/www.uartes.edu.ec\/sitio\/encuentroilia\/wp-content\/uploads\/sites\/5\/2019\/06\/smartcities.jpd_-150x150.jpg",150,150,true],"medium":["https:\/\/www.uartes.edu.ec\/sitio\/encuentroilia\/wp-content\/uploads\/sites\/5\/2019\/06\/smartcities.jpd_-300x200.jpg",300,200,true],"medium_large":["https:\/\/www.uartes.edu.ec\/sitio\/encuentroilia\/wp-content\/uploads\/sites\/5\/2019\/06\/smartcities.jpd_-768x512.jpg",750,500,true],"large":["https:\/\/www.uartes.edu.ec\/sitio\/encuentroilia\/wp-content\/uploads\/sites\/5\/2019\/06\/smartcities.jpd_-1024x682.jpg",750,500,true],"1536x1536":["https:\/\/www.uartes.edu.ec\/sitio\/encuentroilia\/wp-content\/uploads\/sites\/5\/2019\/06\/smartcities.jpd_.jpg",1280,853,false],"2048x2048":["https:\/\/www.uartes.edu.ec\/sitio\/encuentroilia\/wp-content\/uploads\/sites\/5\/2019\/06\/smartcities.jpd_.jpg",1280,853,false],"hestia-blog":["https:\/\/www.uartes.edu.ec\/sitio\/encuentroilia\/wp-content\/uploads\/sites\/5\/2019\/06\/smartcities.jpd_.jpg",360,240,false]},"uagb_author_info":{"display_name":"Universidad de las Artes","author_link":"https:\/\/www.uartes.edu.ec\/sitio\/encuentroilia\/author\/dircomadm\/"},"uagb_comment_info":0,"uagb_excerpt":"En el auditorio del MAAC, los docentes Paolo Vignola y Sara Baranzoni dictaron la conferencia \u201cCiudades verdaderamente inteligentes\u201d, en el marco del IV Encuentro Internacional de Investigaci\u00f3n en Artes. Los panelistas expusieron los resultados del proyecto Real Smart Cities, seleccionado por la Uni\u00f3n Europea como parte del Horizon 2020, uno [&hellip;]","distributor_meta":false,"distributor_terms":false,"distributor_media":false,"distributor_original_site_name":"VIII Encuentro Internacional de Investigaci\u00f3n en Artes","distributor_original_site_url":"https:\/\/www.uartes.edu.ec\/sitio\/encuentroilia","push-errors":false,"_links":{"self":[{"href":"https:\/\/www.uartes.edu.ec\/sitio\/encuentroilia\/wp-json\/wp\/v2\/posts\/1597","targetHints":{"allow":["GET"]}}],"collection":[{"href":"https:\/\/www.uartes.edu.ec\/sitio\/encuentroilia\/wp-json\/wp\/v2\/posts"}],"about":[{"href":"https:\/\/www.uartes.edu.ec\/sitio\/encuentroilia\/wp-json\/wp\/v2\/types\/post"}],"author":[{"embeddable":true,"href":"https:\/\/www.uartes.edu.ec\/sitio\/encuentroilia\/wp-json\/wp\/v2\/users\/1"}],"replies":[{"embeddable":true,"href":"https:\/\/www.uartes.edu.ec\/sitio\/encuentroilia\/wp-json\/wp\/v2\/comments?post=1597"}],"version-history":[{"count":1,"href":"https:\/\/www.uartes.edu.ec\/sitio\/encuentroilia\/wp-json\/wp\/v2\/posts\/1597\/revisions"}],"predecessor-version":[{"id":1603,"href":"https:\/\/www.uartes.edu.ec\/sitio\/encuentroilia\/wp-json\/wp\/v2\/posts\/1597\/revisions\/1603"}],"wp:featuredmedia":[{"embeddable":true,"href":"https:\/\/www.uartes.edu.ec\/sitio\/encuentroilia\/wp-json\/wp\/v2\/media\/1598"}],"wp:attachment":[{"href":"https:\/\/www.uartes.edu.ec\/sitio\/encuentroilia\/wp-json\/wp\/v2\/media?parent=1597"}],"wp:term":[{"taxonomy":"category","embeddable":true,"href":"https:\/\/www.uartes.edu.ec\/sitio\/encuentroilia\/wp-json\/wp\/v2\/categories?post=1597"},{"taxonomy":"post_tag","embeddable":true,"href":"https:\/\/www.uartes.edu.ec\/sitio\/encuentroilia\/wp-json\/wp\/v2\/tags?post=1597"}],"curies":[{"name":"wp","href":"https:\/\/api.w.org\/{rel}","templated":true}]}}