{"id":1607,"date":"2019-06-20T19:33:16","date_gmt":"2019-06-21T00:33:16","guid":{"rendered":"http:\/\/www.uartes.edu.ec\/sitio\/encuentroilia\/la-historia-y-su-impacto-en-la-literatura\/"},"modified":"2024-07-04T09:50:15","modified_gmt":"2024-07-04T14:50:15","slug":"la-historia-y-su-impacto-en-la-literatura","status":"publish","type":"post","link":"http:\/\/www.uartes.edu.ec\/sitio\/encuentroilia\/la-historia-y-su-impacto-en-la-literatura\/","title":{"rendered":"La historia y su impacto en la literatura"},"content":{"rendered":"\n<p>La literatura como reflejo de diferentes periodos hist\u00f3ricos\nfue el tema central de la mesa de di\u00e1logo \u201cLiteratura e Historia\u201d, que se\ndesarroll\u00f3 hoy, jueves 20 de junio, en el auditorio del MAAC, dentro del marco\ndel IV Encuentro Internacional de Investigaci\u00f3n en Artes. Participaron la\nescritora argentina Adriana Rodr\u00edguez y Ra\u00fal Vallejo, director de la Escuela de\nLiteratura de la Universidad de las Artes (UArtes). La presentaci\u00f3n conducida\npor la docente Siomara Espa\u00f1a.<\/p>\n\n\n\n<p>\u201cSi bien las obras no tienen que estar ligadas a la\nhistoria, han reaccionado a acontecimientos violentos, pol\u00edticos y\nrevolucionarios. Ese es el poder de la literatura ya que logra afectar al\nlector, abordando de diferentes maneras su realidad y visi\u00f3n del mundo\u201d, coment\u00f3\nAdriana Rodr\u00edguez, quien hizo un recorrido por lo m\u00e1s importante de la\nliteratura argentina en paralelo a los momentos pol\u00edticos m\u00e1s importantes vividos\nen el pa\u00eds. <\/p>\n\n\n\n<p>Ra\u00fal Vallejo expuso \u201cLas po\u00e9ticas de Guayasam\u00edn\u201d, un trabajo\nde investigaci\u00f3n sobre la vida y obra del reconocido artista ecuatoriano\nOswaldo Guayasam\u00edn, partiendo desde el discurso literario en sus m\u00faltiples\nexpresiones. El director de la Escuela de Literatura se desplaz\u00f3 a la\nCasa-Museo del pintor, dibujante, escultor, grafista y muralista, ubicada en\nQuito, para recopilar informaci\u00f3n de la hemeroteca que posee este centro con\narchivos period\u00edsticos y biogr\u00e1ficos. Los resultados finales se desembocar\u00e1n en\nun texto literario de car\u00e1cter h\u00edbrido, algunos son cr\u00f3nicas, poes\u00eda, ensayos\nargumentativos y micro relatos.<\/p>\n","protected":false},"excerpt":{"rendered":"<p>La literatura como reflejo de diferentes periodos hist\u00f3ricos fue el tema central de la mesa de di\u00e1logo \u201cLiteratura e Historia\u201d, que se desarroll\u00f3 hoy, jueves 20 de junio, en el auditorio del MAAC, dentro del marco del IV Encuentro Internacional de Investigaci\u00f3n en Artes. Participaron la escritora argentina Adriana Rodr\u00edguez [&hellip;]<\/p>\n","protected":false},"author":1,"featured_media":1608,"comment_status":"closed","ping_status":"closed","sticky":false,"template":"","format":"standard","meta":{"_uag_custom_page_level_css":"","_monsterinsights_skip_tracking":false,"_monsterinsights_sitenote_active":false,"_monsterinsights_sitenote_note":"","_monsterinsights_sitenote_category":0,"cybocfi_hide_featured_image":"","footnotes":""},"categories":[18],"tags":[25],"class_list":["post-1607","post","type-post","status-publish","format-standard","has-post-thumbnail","hentry","category-ediciones-anteriores","tag-ilia2019"],"uagb_featured_image_src":{"full":["https:\/\/www.uartes.edu.ec\/sitio\/encuentroilia\/wp-content\/uploads\/sites\/5\/2019\/06\/literatira.jpg",1280,853,false],"thumbnail":["https:\/\/www.uartes.edu.ec\/sitio\/encuentroilia\/wp-content\/uploads\/sites\/5\/2019\/06\/literatira-150x150.jpg",150,150,true],"medium":["https:\/\/www.uartes.edu.ec\/sitio\/encuentroilia\/wp-content\/uploads\/sites\/5\/2019\/06\/literatira-300x200.jpg",300,200,true],"medium_large":["https:\/\/www.uartes.edu.ec\/sitio\/encuentroilia\/wp-content\/uploads\/sites\/5\/2019\/06\/literatira-768x512.jpg",750,500,true],"large":["https:\/\/www.uartes.edu.ec\/sitio\/encuentroilia\/wp-content\/uploads\/sites\/5\/2019\/06\/literatira-1024x682.jpg",750,500,true],"1536x1536":["https:\/\/www.uartes.edu.ec\/sitio\/encuentroilia\/wp-content\/uploads\/sites\/5\/2019\/06\/literatira.jpg",1280,853,false],"2048x2048":["https:\/\/www.uartes.edu.ec\/sitio\/encuentroilia\/wp-content\/uploads\/sites\/5\/2019\/06\/literatira.jpg",1280,853,false],"hestia-blog":["https:\/\/www.uartes.edu.ec\/sitio\/encuentroilia\/wp-content\/uploads\/sites\/5\/2019\/06\/literatira.jpg",360,240,false]},"uagb_author_info":{"display_name":"Universidad de las Artes","author_link":"https:\/\/www.uartes.edu.ec\/sitio\/encuentroilia\/author\/dircomadm\/"},"uagb_comment_info":0,"uagb_excerpt":"La literatura como reflejo de diferentes periodos hist\u00f3ricos fue el tema central de la mesa de di\u00e1logo \u201cLiteratura e Historia\u201d, que se desarroll\u00f3 hoy, jueves 20 de junio, en el auditorio del MAAC, dentro del marco del IV Encuentro Internacional de Investigaci\u00f3n en Artes. Participaron la escritora argentina Adriana Rodr\u00edguez [&hellip;]","distributor_meta":false,"distributor_terms":false,"distributor_media":false,"distributor_original_site_name":"VIII Encuentro Internacional de Investigaci\u00f3n en Artes","distributor_original_site_url":"https:\/\/www.uartes.edu.ec\/sitio\/encuentroilia","push-errors":false,"_links":{"self":[{"href":"https:\/\/www.uartes.edu.ec\/sitio\/encuentroilia\/wp-json\/wp\/v2\/posts\/1607","targetHints":{"allow":["GET"]}}],"collection":[{"href":"https:\/\/www.uartes.edu.ec\/sitio\/encuentroilia\/wp-json\/wp\/v2\/posts"}],"about":[{"href":"https:\/\/www.uartes.edu.ec\/sitio\/encuentroilia\/wp-json\/wp\/v2\/types\/post"}],"author":[{"embeddable":true,"href":"https:\/\/www.uartes.edu.ec\/sitio\/encuentroilia\/wp-json\/wp\/v2\/users\/1"}],"replies":[{"embeddable":true,"href":"https:\/\/www.uartes.edu.ec\/sitio\/encuentroilia\/wp-json\/wp\/v2\/comments?post=1607"}],"version-history":[{"count":1,"href":"https:\/\/www.uartes.edu.ec\/sitio\/encuentroilia\/wp-json\/wp\/v2\/posts\/1607\/revisions"}],"predecessor-version":[{"id":1609,"href":"https:\/\/www.uartes.edu.ec\/sitio\/encuentroilia\/wp-json\/wp\/v2\/posts\/1607\/revisions\/1609"}],"wp:featuredmedia":[{"embeddable":true,"href":"https:\/\/www.uartes.edu.ec\/sitio\/encuentroilia\/wp-json\/wp\/v2\/media\/1608"}],"wp:attachment":[{"href":"https:\/\/www.uartes.edu.ec\/sitio\/encuentroilia\/wp-json\/wp\/v2\/media?parent=1607"}],"wp:term":[{"taxonomy":"category","embeddable":true,"href":"https:\/\/www.uartes.edu.ec\/sitio\/encuentroilia\/wp-json\/wp\/v2\/categories?post=1607"},{"taxonomy":"post_tag","embeddable":true,"href":"https:\/\/www.uartes.edu.ec\/sitio\/encuentroilia\/wp-json\/wp\/v2\/tags?post=1607"}],"curies":[{"name":"wp","href":"https:\/\/api.w.org\/{rel}","templated":true}]}}