{"id":1896,"date":"2020-07-14T11:29:20","date_gmt":"2020-07-14T16:29:20","guid":{"rendered":"http:\/\/www.uartes.edu.ec\/sitio\/encuentroilia\/v-encuentro-internacional-de-investigacion-en-artes-su-tematica-sus-exponentes-su-agenda-de-actividades\/"},"modified":"2024-07-04T09:50:14","modified_gmt":"2024-07-04T14:50:14","slug":"v-encuentro-internacional-de-investigacion-en-artes-su-tematica-sus-exponentes-su-agenda-de-actividades","status":"publish","type":"post","link":"http:\/\/www.uartes.edu.ec\/sitio\/encuentroilia\/v-encuentro-internacional-de-investigacion-en-artes-su-tematica-sus-exponentes-su-agenda-de-actividades\/","title":{"rendered":"V Encuentro Internacional de Investigaci\u00f3n en Artes"},"content":{"rendered":"\n<p>La exposici\u00f3n <em>Monosgraf\u00eda,<\/em> curada por el maestro Hern\u00e1n Z\u00fa\u00f1iga, dar\u00e1 inicio al V Encuentro Internacional de Investigaci\u00f3n en Artes. Se desarrollar\u00e1 del 20 al 25 de julio de 2020, fecha que coincide con la conmemoraci\u00f3n del Bicentenario de la Independencia de Guayaquil (1820-2020), momento propicio para reflexionar sobre la memoria y las convulsionadas din\u00e1micas del presente, as\u00ed como para evocar hacia d\u00f3nde anhelamos dirigirnos como ciudad y sociedad.<\/p>\n\n\n\n<p>El encuentro es coordinado por el Instituto Latinoamericano de Investigaci\u00f3n en Artes (ILIA), dispositivo creado por la Universidad de las Artes para establecer capacidades de producci\u00f3n de conocimiento en cultura y artes, con una fuerte vocaci\u00f3n de trabajo en red internacional, en especial, a nivel de Am\u00e9rica Latina.<\/p>\n\n\n\n<p>Debido a la emergencia sanitaria por el COVID-19, la cita tendr\u00e1 modalidad virtual y congregar\u00e1 a 32 expositores internacionales invitados y 18 investigadores nacionales, entre quienes figuran docentes de la UArtes. Constan, entre otros, el director de cine Joseph Morder, de Francia; la antrop\u00f3loga Ana Rosas Mantec\u00f3n, de M\u00e9xico; el music\u00f3logo Rub\u00e9n L\u00f3pez Cano, de Espa\u00f1a; el gestor cultural y curador M\u00e1ximo Jacoby, de Argentina; el doctor en lenguas y literaturas rom\u00e1nticas George Y\u00fadice, de EE.UU.; la comunicadora social Adriana Gonz\u00e1lez, de Colombia; la economista Sof\u00eda Lobos, de Chile; el investigador Heredia Alejandro, de Costa Rica; y, el fil\u00f3sofo y dramaturgo Juli\u00e1n Mart\u00ednez, de Venezuela.<\/p>\n\n\n\n<p>Cada d\u00eda se abordar\u00e1 una tem\u00e1tica, con ponencias, debates y perfomances entorno a ella. Lunes 20: Arte y pol\u00edtica; martes 21: Cultura y comunidades; mi\u00e9rcoles 22: La ingestigaci\u00f3n en UArtes; jueves 23: Econom\u00edas creativas y sus instrumentos; viernes 24: Investigaci\u00f3n-creaci\u00f3n en artes; y, s\u00e1bado 25: Innovaci\u00f3n pedag\u00f3gica en la ense\u00f1anza superior en artes.<\/p>\n\n\n\n<p>As\u00ed, el lunes 20, tras la inauguraci\u00f3n de la muestra virtual <em>Monosgraf\u00eda<\/em> y del experimento trueque\/subasta por la Plataforma Cultural MZ14 (15h30), se hablar\u00e1 desde las 17:15 sobre \u201cCiudad, pol\u00edtica y subversi\u00f3n\u201d, con las intervenciones de Carola U. Mar\u00edn, de Chile; Miguel Bouhaben, de Espa\u00f1a; y, Mar\u00eda Fernanda L\u00f3pez, docente de la UArtes; actuar\u00e1 como anfitri\u00f3n Francois Laso, director de MZ14. De 19:00 a 20:00, \u201cPol\u00edticas de la cultura en el siglo XXI\u201d, con las intervenciones de Claudia Santa Ana, de M\u00e9xico; Sylvie Duran, de Costa Rica; y, Juca Ferreira, de Brasil. Participar\u00e1 como anfitriona la doctora Mar\u00eda Paulina Soto, rectora de la UArtes. La jornada concluir\u00e1, a las 20:00, con el performance virtual \u201cVol\u00e1til\u201d, de Federico Valdez.<br>(Agenda completa en: <a href=\"http:\/\/www.uartes.edu.ec\/sitio\/encuentroilia\/\">http:\/\/www.uartes.edu.ec\/sitio\/encuentroilia\/<\/a>).<\/p>\n\n\n\n<p><strong>Programaci\u00f3n art\u00edstica<\/strong><\/p>\n\n\n\n<div class=\"wp-block-image\"><figure class=\"aligncenter size-large\"><img loading=\"lazy\" decoding=\"async\" width=\"1024\" height=\"682\" src=\"http:\/\/www.uartes.edu.ec\/sitio\/encuentroilia\/wp-content\/uploads\/sites\/5\/2020\/07\/59-CIERRE-1024x682.jpg\" alt=\"\" class=\"wp-image-1897\" srcset=\"https:\/\/www.uartes.edu.ec\/sitio\/encuentroilia\/wp-content\/uploads\/sites\/5\/2020\/07\/59-CIERRE-1024x682.jpg 1024w, https:\/\/www.uartes.edu.ec\/sitio\/encuentroilia\/wp-content\/uploads\/sites\/5\/2020\/07\/59-CIERRE-300x200.jpg 300w, https:\/\/www.uartes.edu.ec\/sitio\/encuentroilia\/wp-content\/uploads\/sites\/5\/2020\/07\/59-CIERRE-768x512.jpg 768w, https:\/\/www.uartes.edu.ec\/sitio\/encuentroilia\/wp-content\/uploads\/sites\/5\/2020\/07\/59-CIERRE-1536x1024.jpg 1536w, https:\/\/www.uartes.edu.ec\/sitio\/encuentroilia\/wp-content\/uploads\/sites\/5\/2020\/07\/59-CIERRE-600x400.jpg 600w, https:\/\/www.uartes.edu.ec\/sitio\/encuentroilia\/wp-content\/uploads\/sites\/5\/2020\/07\/59-CIERRE-400x267.jpg 400w, https:\/\/www.uartes.edu.ec\/sitio\/encuentroilia\/wp-content\/uploads\/sites\/5\/2020\/07\/59-CIERRE-272x182.jpg 272w, https:\/\/www.uartes.edu.ec\/sitio\/encuentroilia\/wp-content\/uploads\/sites\/5\/2020\/07\/59-CIERRE.jpg 2000w\" sizes=\"auto, (max-width: 1024px) 100vw, 1024px\" \/><\/figure><\/div>\n\n\n\n<p>El V Encuentro Internacional de Investigaci\u00f3n en Artes alternar\u00e1 las ponencias, debates y conferencias con la presentaci\u00f3n de trabajos audiovisuales, teatrales y musicales realizados, en su mayor\u00eda, por estudiantes y docentes de la UArtes.<\/p>\n\n\n\n<p>Lunes 20 de julio, a las 15:00, se rodar\u00e1n los videos experimentales <em>El sonido de la muerte, <\/em>de Dominic Erazo, y <em>Discurso Accidental,<\/em> de Joyner Salazar. 17:00, <em>Personal pandemia 01,<\/em> de Carlos Ter\u00e1n, video experimental; e, <em>Historia de tres hermanos,<\/em> cortometraje-ficci\u00f3n de Mario Vergara. Desde las 18:45, el corto tambi\u00e9n de ficci\u00f3n <em>Invierno,<\/em> de Christian Rojas; y, 20:30, teatro en l\u00ednea <em>Vol\u00e1til,<\/em> de Federico Valdez.<\/p>\n\n\n\n<p>Martes 21 de julio, 13:45, <em>CyberVenus,<\/em> de Roc\u00edo Soria, video experimental; <em>D\u00f3nde est\u00e1s mi ni\u00f1a,<\/em> de Yacu, videoclip musical; y, VoxUArtes: <em>El pilahuin. <\/em>De 15:15 a 15:30, <em>Hasta ma\u00f1ana Dany,<\/em> de Ricardo Rivadeneira, cortometraje-ficci\u00f3n; y, 17:00, <em>Luna,<\/em> de Yacu, videoclip musical; <em>Ciudad Pandemia Noticias<\/em>, de Carlos Ter\u00e1n, video experimental. De 18:45 a 19:00, \u201cBarrio Nigeria, V\u00cdnculo y Transversal\u201d; \u201cMonte Sinai\/Sitio Nuevo\u201d; y, <em>Un artista ha muerto,<\/em> de Jos\u00e9 Luis S\u00e1nchez, video experimental. A las 20:00, cierre de jornada con m\u00fasica de la EAS.<\/p>\n\n\n\n<p>Mi\u00e9rcoles 22 de julio: Presentaci\u00f3n de Correspondencias, 12:00, con m\u00fasica de la Escuela de Artes Sonoras. A las 13:30, <em>Caminantes<\/em>, corto documental; <em>En la piel,<\/em> de Roger J\u00e1come, cortometraje-ficci\u00f3n. A las 13:45, <em>Nacido y Criado. Tentativas para entrar al Barrio Cuba<\/em>, video documental. A las 15:15, <em>Martha con H,<\/em> de Frank Vera, cortometraje-ficci\u00f3n. De 17:00 a 17:15, <em>La pr\u00e1ctica no hace al maestro<\/em>, muestra de ruido; presentaci\u00f3n del solista Miguel Gallardo; y, <em>Guambra Bandido,<\/em> videoclip musical de Luis Tufi\u00f1o. De 18:45 a 19:00, <em>Diamante<\/em>, de Wacho Mac\u00edas, corto documental. Y, a las 20:00, podcast de la EAS.<\/p>\n\n\n\n<p>Jueves 23 de julio: A las 14:00, <em>Invierno<\/em>, de Christian Rojas, cortometraje-ficci\u00f3n. De 15:15 a 15:30, <em>Personal pandemia 01<\/em>, de Carlos Ter\u00e1n, video experimental; e, <em>Historia de tres hermanos<\/em>, de Mario Vergara, cortometraje-ficci\u00f3n. Desde las 17:00, los videos experimentales <em>Sonido de la muerte,<\/em> de Dominic Erazo; y, <em>Discurso Accidental,<\/em> de Joyner Salazar. A las 18:45, <em>Martha con H.<\/em>, de Frank Vera, cortometraje-ficci\u00f3n. A las 20:00, <em>CyberVenus,<\/em> de Roc\u00edo Soria, video experimental; <em>D\u00f3nde est\u00e1s mi ni\u00f1a,<\/em> de Yacu, videoclip musical; y, VoxUArtes: <em>El pilahuin.<\/em> A las 21:30, cierre con m\u00fasica de la EAS.<\/p>\n\n\n\n<p>Viernes 24 de julio: A las 13:45, VoxUArtes: <em>El pilahuin; <\/em>y,<em> Luna\/Yacu<\/em>, videoclip musical. De 15:15 a 15:30, \u201cBarrio Nigeria, V\u00cdnculo y Transversal\u201d; \u201cMonte Sinai\/Sitio Nuevo\u201d; y, <em>Un artista ha muerto,<\/em> de Jos\u00e9 Luis S\u00e1nchez, video experimental. A las 18:45, <em>Hasta ma\u00f1ana Dany<\/em>, de Ricardo Rivadeneira, cortometraje-ficci\u00f3n. Y, a las 20:00, <em>Invisibles, Improvisaciones itinerantes, <\/em>danza experimental en l\u00ednea.<\/p>\n\n\n\n<p>S\u00e1bado 25 de julio: De 14:00 a 15:00, <em>Las Albas,<\/em> nueva propuesta de teatro digital. A las 15:15,<em> Luna\/Yacu<\/em>, videoclip musical; y, <em>Ciudad Pandemia Noticias<\/em>, de Carlos Ter\u00e1n,&nbsp; video experimental. A las 17:00, <em>Nacido y Criado. Tentativas para entrar al Barrio Cuba<\/em>, video documental. A las 18:45, <em>En la piel,<\/em> de R\u00f3ger J\u00e1come, corto-ficci\u00f3n. A las 20:00, <em>CyberVenus,<\/em> de Roc\u00edo Soria, video experimental; y, <em>D\u00f3nde est\u00e1s mi ni\u00f1a,<\/em> de Yacu, videoclip musical. Cierre de la cita con la participaci\u00f3n de ILIA, la EAS y la Espol.<\/p>\n\n\n\n<p>El V Encuentro Internacional de Investigaci\u00f3n en Artes se transmitar\u00e1 en vivo en una sola sesi\u00f3n por d\u00eda desde el Facebook de la UArtes y la p\u00e1gina del ILIA.<\/p>\n","protected":false},"excerpt":{"rendered":"<p>La exposici\u00f3n Monosgraf\u00eda, curada por el maestro Hern\u00e1n Zu\u00f1iga, dar\u00e1 inicio al V Encuentro Internacional de Investigaci\u00f3n en Artes. <\/p>\n","protected":false},"author":1,"featured_media":1899,"comment_status":"closed","ping_status":"closed","sticky":false,"template":"","format":"standard","meta":{"_uag_custom_page_level_css":"","_monsterinsights_skip_tracking":false,"_monsterinsights_sitenote_active":false,"_monsterinsights_sitenote_note":"","_monsterinsights_sitenote_category":0,"cybocfi_hide_featured_image":"","footnotes":""},"categories":[18],"tags":[31,32],"class_list":["post-1896","post","type-post","status-publish","format-standard","has-post-thumbnail","hentry","category-ediciones-anteriores","tag-covid19","tag-ilia2020"],"uagb_featured_image_src":{"full":["https:\/\/www.uartes.edu.ec\/sitio\/encuentroilia\/wp-content\/uploads\/sites\/5\/2020\/07\/hernan-z.jpg",1497,998,false],"thumbnail":["https:\/\/www.uartes.edu.ec\/sitio\/encuentroilia\/wp-content\/uploads\/sites\/5\/2020\/07\/hernan-z-150x150.jpg",150,150,true],"medium":["https:\/\/www.uartes.edu.ec\/sitio\/encuentroilia\/wp-content\/uploads\/sites\/5\/2020\/07\/hernan-z-300x200.jpg",300,200,true],"medium_large":["https:\/\/www.uartes.edu.ec\/sitio\/encuentroilia\/wp-content\/uploads\/sites\/5\/2020\/07\/hernan-z-768x512.jpg",750,500,true],"large":["https:\/\/www.uartes.edu.ec\/sitio\/encuentroilia\/wp-content\/uploads\/sites\/5\/2020\/07\/hernan-z-1024x683.jpg",750,500,true],"1536x1536":["https:\/\/www.uartes.edu.ec\/sitio\/encuentroilia\/wp-content\/uploads\/sites\/5\/2020\/07\/hernan-z.jpg",1497,998,false],"2048x2048":["https:\/\/www.uartes.edu.ec\/sitio\/encuentroilia\/wp-content\/uploads\/sites\/5\/2020\/07\/hernan-z.jpg",1497,998,false],"hestia-blog":["https:\/\/www.uartes.edu.ec\/sitio\/encuentroilia\/wp-content\/uploads\/sites\/5\/2020\/07\/hernan-z.jpg",360,240,false]},"uagb_author_info":{"display_name":"Universidad de las Artes","author_link":"https:\/\/www.uartes.edu.ec\/sitio\/encuentroilia\/author\/dircomadm\/"},"uagb_comment_info":0,"uagb_excerpt":"La exposici\u00f3n Monosgraf\u00eda, curada por el maestro Hern\u00e1n Zu\u00f1iga, dar\u00e1 inicio al V Encuentro Internacional de Investigaci\u00f3n en Artes.","distributor_meta":false,"distributor_terms":false,"distributor_media":false,"distributor_original_site_name":"VIII Encuentro Internacional de Investigaci\u00f3n en Artes","distributor_original_site_url":"https:\/\/www.uartes.edu.ec\/sitio\/encuentroilia","push-errors":false,"_links":{"self":[{"href":"https:\/\/www.uartes.edu.ec\/sitio\/encuentroilia\/wp-json\/wp\/v2\/posts\/1896","targetHints":{"allow":["GET"]}}],"collection":[{"href":"https:\/\/www.uartes.edu.ec\/sitio\/encuentroilia\/wp-json\/wp\/v2\/posts"}],"about":[{"href":"https:\/\/www.uartes.edu.ec\/sitio\/encuentroilia\/wp-json\/wp\/v2\/types\/post"}],"author":[{"embeddable":true,"href":"https:\/\/www.uartes.edu.ec\/sitio\/encuentroilia\/wp-json\/wp\/v2\/users\/1"}],"replies":[{"embeddable":true,"href":"https:\/\/www.uartes.edu.ec\/sitio\/encuentroilia\/wp-json\/wp\/v2\/comments?post=1896"}],"version-history":[{"count":4,"href":"https:\/\/www.uartes.edu.ec\/sitio\/encuentroilia\/wp-json\/wp\/v2\/posts\/1896\/revisions"}],"predecessor-version":[{"id":1903,"href":"https:\/\/www.uartes.edu.ec\/sitio\/encuentroilia\/wp-json\/wp\/v2\/posts\/1896\/revisions\/1903"}],"wp:featuredmedia":[{"embeddable":true,"href":"https:\/\/www.uartes.edu.ec\/sitio\/encuentroilia\/wp-json\/wp\/v2\/media\/1899"}],"wp:attachment":[{"href":"https:\/\/www.uartes.edu.ec\/sitio\/encuentroilia\/wp-json\/wp\/v2\/media?parent=1896"}],"wp:term":[{"taxonomy":"category","embeddable":true,"href":"https:\/\/www.uartes.edu.ec\/sitio\/encuentroilia\/wp-json\/wp\/v2\/categories?post=1896"},{"taxonomy":"post_tag","embeddable":true,"href":"https:\/\/www.uartes.edu.ec\/sitio\/encuentroilia\/wp-json\/wp\/v2\/tags?post=1896"}],"curies":[{"name":"wp","href":"https:\/\/api.w.org\/{rel}","templated":true}]}}