{"id":2044,"date":"2020-07-23T16:04:36","date_gmt":"2020-07-23T21:04:36","guid":{"rendered":"http:\/\/www.uartes.edu.ec\/sitio\/encuentroilia\/after-ilia-primer-encuentro-estudiantil-de-investigacion-organizado-desde-la-uartes\/"},"modified":"2024-07-04T09:50:14","modified_gmt":"2024-07-04T14:50:14","slug":"after-ilia-primer-encuentro-estudiantil-de-investigacion-organizado-desde-la-uartes","status":"publish","type":"post","link":"http:\/\/www.uartes.edu.ec\/sitio\/encuentroilia\/after-ilia-primer-encuentro-estudiantil-de-investigacion-organizado-desde-la-uartes\/","title":{"rendered":"After ILIA, primer encuentro estudiantil de investigaci\u00f3n organizado desde la UArtes"},"content":{"rendered":"\n<p>Las reflexiones sobre \u201cPol\u00edticas de la Cultura, Creatividades y Gesti\u00f3n de las Artes\u201d dar\u00e1n inicio a las 21h30 de hoy, jueves 23 de julio de 2020, al After ILIA, un evento virtual organizado por los estudiantes de la Universidad de las Artes y concebido en el marco del V Encuentro Internacional de Investigaci\u00f3n en Artes. En su agenda, que se extender\u00e1 hasta el s\u00e1bado 25, constan di\u00e1logos, entrevistas y presentaciones art\u00edsticas, las cuales ser\u00e1n transmitidas en directo desde el Facebook Live del Instituto Latinoamericano de Investigaci\u00f3n en Artes.<\/p>\n\n\n\n<p>En el di\u00e1logo que inaugura la cita participar\u00e1n Nicole Maila, Jorge Luis C\u00e1ceres y Melanie Moreira. Se desarrollar\u00e1 una entrevista a Coraima Torres, de Efecto Latam, por Nicole Maila. As\u00ed tambi\u00e9n, \u201cEncuentros \u00edntimos con el Pac\u00edfico: Reescrituras de un cuerpo esmeralde\u00f1o\u201d, lectura en vivo por Olmedo Guerra.<\/p>\n\n\n\n<p>Viernes 24 de julio, \u201cRetroalimentaciones incendiarias: ciudad y pandemia\/espacio p\u00fablico\u201d, por Laura Nivela, Margarethe Tirado y Ana Crespo. \u201cGrafff: espacios dispensadores de felicidad\u201d, entrevista a Tania Navarrete. Presentaci\u00f3n del video colectivo <em>Piel L\u00edrica: La sensibilidad de las palabras.<\/em><\/p>\n\n\n\n<p>S\u00e1bado 25 de julio, \u201cItinerante como un proceso de comunicaci\u00f3n y expresi\u00f3n, di\u00e1logos sobre pr\u00e1cticas som\u00e1ticas\u201d, a cargo de Alisson Mieles, Brenda Guajala y Darashea Toala. Tambi\u00e9n, entrevista a Mar\u00eda Jos\u00e9 Guti\u00e9rrez acerca de \u201cEl laberinto de Ariadna, un proyecto sobre violencia de g\u00e9nero\u201d. Presentaci\u00f3n musical por Gerardo Mayorga (Gerar.Gong).<\/p>\n\n\n\n<p><a href=\"https:\/\/www.facebook.com\/iliauartes\/\">P\u00e1gina de ILIA en Facebook<\/a>.<\/p>\n","protected":false},"excerpt":{"rendered":"<p>Las reflexiones sobre \u201cPol\u00edticas de la Cultura, Creatividades y Gesti\u00f3n de las Artes\u201d dar\u00e1n inicio a las 21h30 de hoy, jueves 23 de julio de 2020, al After ILIA, un evento virtual organizado por los estudiantes de la Universidad de las Artes y concebido en el marco del V Encuentro Internacional de Investigaci\u00f3n en Artes.<\/p>\n","protected":false},"author":1,"featured_media":2045,"comment_status":"closed","ping_status":"closed","sticky":false,"template":"","format":"standard","meta":{"_uag_custom_page_level_css":"","_monsterinsights_skip_tracking":false,"_monsterinsights_sitenote_active":false,"_monsterinsights_sitenote_note":"","_monsterinsights_sitenote_category":0,"cybocfi_hide_featured_image":"","footnotes":""},"categories":[18],"tags":[32],"class_list":["post-2044","post","type-post","status-publish","format-standard","has-post-thumbnail","hentry","category-ediciones-anteriores","tag-ilia2020"],"uagb_featured_image_src":{"full":["https:\/\/www.uartes.edu.ec\/sitio\/encuentroilia\/wp-content\/uploads\/sites\/5\/2020\/07\/after.jpg",1500,1000,false],"thumbnail":["https:\/\/www.uartes.edu.ec\/sitio\/encuentroilia\/wp-content\/uploads\/sites\/5\/2020\/07\/after-150x150.jpg",150,150,true],"medium":["https:\/\/www.uartes.edu.ec\/sitio\/encuentroilia\/wp-content\/uploads\/sites\/5\/2020\/07\/after-300x200.jpg",300,200,true],"medium_large":["https:\/\/www.uartes.edu.ec\/sitio\/encuentroilia\/wp-content\/uploads\/sites\/5\/2020\/07\/after-768x512.jpg",750,500,true],"large":["https:\/\/www.uartes.edu.ec\/sitio\/encuentroilia\/wp-content\/uploads\/sites\/5\/2020\/07\/after-1024x683.jpg",750,500,true],"1536x1536":["https:\/\/www.uartes.edu.ec\/sitio\/encuentroilia\/wp-content\/uploads\/sites\/5\/2020\/07\/after.jpg",1500,1000,false],"2048x2048":["https:\/\/www.uartes.edu.ec\/sitio\/encuentroilia\/wp-content\/uploads\/sites\/5\/2020\/07\/after.jpg",1500,1000,false],"hestia-blog":["https:\/\/www.uartes.edu.ec\/sitio\/encuentroilia\/wp-content\/uploads\/sites\/5\/2020\/07\/after.jpg",360,240,false]},"uagb_author_info":{"display_name":"Universidad de las Artes","author_link":"https:\/\/www.uartes.edu.ec\/sitio\/encuentroilia\/author\/dircomadm\/"},"uagb_comment_info":0,"uagb_excerpt":"Las reflexiones sobre \u201cPol\u00edticas de la Cultura, Creatividades y Gesti\u00f3n de las Artes\u201d dar\u00e1n inicio a las 21h30 de hoy, jueves 23 de julio de 2020, al After ILIA, un evento virtual organizado por los estudiantes de la Universidad de las Artes y concebido en el marco del V Encuentro Internacional de Investigaci\u00f3n en Artes.","distributor_meta":false,"distributor_terms":false,"distributor_media":false,"distributor_original_site_name":"VIII Encuentro Internacional de Investigaci\u00f3n en Artes","distributor_original_site_url":"https:\/\/www.uartes.edu.ec\/sitio\/encuentroilia","push-errors":false,"_links":{"self":[{"href":"https:\/\/www.uartes.edu.ec\/sitio\/encuentroilia\/wp-json\/wp\/v2\/posts\/2044","targetHints":{"allow":["GET"]}}],"collection":[{"href":"https:\/\/www.uartes.edu.ec\/sitio\/encuentroilia\/wp-json\/wp\/v2\/posts"}],"about":[{"href":"https:\/\/www.uartes.edu.ec\/sitio\/encuentroilia\/wp-json\/wp\/v2\/types\/post"}],"author":[{"embeddable":true,"href":"https:\/\/www.uartes.edu.ec\/sitio\/encuentroilia\/wp-json\/wp\/v2\/users\/1"}],"replies":[{"embeddable":true,"href":"https:\/\/www.uartes.edu.ec\/sitio\/encuentroilia\/wp-json\/wp\/v2\/comments?post=2044"}],"version-history":[{"count":1,"href":"https:\/\/www.uartes.edu.ec\/sitio\/encuentroilia\/wp-json\/wp\/v2\/posts\/2044\/revisions"}],"predecessor-version":[{"id":2048,"href":"https:\/\/www.uartes.edu.ec\/sitio\/encuentroilia\/wp-json\/wp\/v2\/posts\/2044\/revisions\/2048"}],"wp:featuredmedia":[{"embeddable":true,"href":"https:\/\/www.uartes.edu.ec\/sitio\/encuentroilia\/wp-json\/wp\/v2\/media\/2045"}],"wp:attachment":[{"href":"https:\/\/www.uartes.edu.ec\/sitio\/encuentroilia\/wp-json\/wp\/v2\/media?parent=2044"}],"wp:term":[{"taxonomy":"category","embeddable":true,"href":"https:\/\/www.uartes.edu.ec\/sitio\/encuentroilia\/wp-json\/wp\/v2\/categories?post=2044"},{"taxonomy":"post_tag","embeddable":true,"href":"https:\/\/www.uartes.edu.ec\/sitio\/encuentroilia\/wp-json\/wp\/v2\/tags?post=2044"}],"curies":[{"name":"wp","href":"https:\/\/api.w.org\/{rel}","templated":true}]}}