{"id":3369,"date":"2021-10-04T11:34:00","date_gmt":"2021-10-04T16:34:00","guid":{"rendered":"http:\/\/www.uartes.edu.ec\/sitio\/encuentroilia\/adrian-velez-graduado-uartes-muestra-con-imagenes-la-ruta-sin-cine-realizada-durante-el-encuentro-del-ilia\/"},"modified":"2024-07-04T09:50:11","modified_gmt":"2024-07-04T14:50:11","slug":"adrian-velez-graduado-uartes-muestra-con-imagenes-la-ruta-sin-cine-realizada-durante-el-encuentro-del-ilia","status":"publish","type":"post","link":"http:\/\/www.uartes.edu.ec\/sitio\/encuentroilia\/adrian-velez-graduado-uartes-muestra-con-imagenes-la-ruta-sin-cine-realizada-durante-el-encuentro-del-ilia\/","title":{"rendered":"Adri\u00e1n V\u00e9lez, graduado UArtes, muestra con im\u00e1genes la Ruta Sin Cine realizada durante el encuentro del ILIA"},"content":{"rendered":"\n<p>Adri\u00e1n V\u00e9lez Moreno, graduado de la carrera de Cine de la Universidad de las Artes, comparte con im\u00e1genes el recorrido cultural \u201cRuta Sin Cine\u201d que se desarroll\u00f3 el 2 de octubre de 2021, en el marco del VI Encuentro Internacional de Investigaci\u00f3n en Artes, organizado por el Instituto Latinoamericano de Investigaci\u00f3n en Artes (ILIA) y la UArtes.<\/p>\n\n\n\n<p>\u201cLa Universidad de las Artes en la ciudad\u201d fue la tem\u00e1tica que abrig\u00f3 esta propuesta, cuya gu\u00eda estuvo a cargo del Colectivo Guayaquil Anal\u00f3gico. Se realiz\u00f3 desde las 16:30 hasta las 17:30, y parti\u00f3 del Centro de Producci\u00f3n e Innovaci\u00f3n MZ14, ubicado en Panam\u00e1 y 9 de Octubre.<\/p>\n\n\n\n<p>Cabe indicar que V\u00e9lez Moreno es un artista cuya obra parte de la cotidianidad, lo banal, los objetos personales y el paso del tiempo. Se\u00f1ala como su principal influencia corrientes como el diarismo, la fotograf\u00eda de calle, el cin\u00e9ma v\u00e9rit\u00e9 y el mixed media art. Es miembro del colectivo fotogr\u00e1fico ph.kvlt y de la banda de screamgaze CBRS. Actualmente se encuentra trabajando con metodolog\u00edas vinculadas a los nuevos medios y la fotograf\u00eda expandida.<\/p>\n\n\n\n<p>Aqu\u00ed el recorrido \u201cRuta Sin Cine\u201d, con la rese\u00f1a y las fotograf\u00edas de V\u00e9lez Moreno:<\/p>\n\n\n\n<p>S\u00e1bado 2 de octubre del 2021. 4:30pm. ILIA. Plaza p\u00fablica en MZ14. Los asistentes de la ruta empezaron a llegar y pude reconocer algunas caras que no hab\u00eda visto en casi dos a\u00f1os. Y otras, donde la necesidad de conectar fue m\u00e1s grande que el miedo y las ve\u00eda m\u00e1s a menudo.<\/p>\n\n\n\n<div class=\"wp-block-image\"><figure class=\"aligncenter size-full\"><img decoding=\"async\" src=\"http:\/\/www.uartes.edu.ec\/sitio\/encuentroilia\/wp-content\/uploads\/sites\/5\/2021\/10\/hojas-diptico.jpg\" alt=\"\" class=\"wp-image-16237\"\/><\/figure><\/div>\n\n\n\n<p>Libertad, Mart\u00edn y Gabriel nos comentan brevemente de qu\u00e9 trata el recorrido y qu\u00e9 lugares visitaremos. Deja v\u00fa. Esto ya lo he vivido. Vislumbr\u00e9 un 12 julio del 2019, la primera \u201cRuta Sin Cine\u201d a.C. Reviso mi archivo y encuentro similitudes entre las fotograf\u00edas que hice hace dos a\u00f1os y ahora. Pero, como esta realidad es de dualidades, tambi\u00e9n hay diferencias.<\/p>\n\n\n\n<figure class=\"wp-block-gallery columns-2 is-cropped wp-block-gallery-1 is-layout-flex wp-block-gallery-is-layout-flex\"><ul class=\"blocks-gallery-grid\"><li class=\"blocks-gallery-item\"><figure><a href=\"http:\/\/www.uartes.edu.ec\/sitio\/encuentroilia\/wp-content\/uploads\/sites\/5\/2021\/10\/libertad-diptico.jpg\"><img loading=\"lazy\" decoding=\"async\" width=\"1024\" height=\"677\" src=\"http:\/\/www.uartes.edu.ec\/sitio\/encuentroilia\/wp-content\/uploads\/sites\/5\/2021\/10\/libertad-diptico-1024x677.jpg\" alt=\"\" data-id=\"3373\" data-full-url=\"http:\/\/www.uartes.edu.ec\/sitio\/encuentroilia\/wp-content\/uploads\/sites\/5\/2021\/10\/libertad-diptico.jpg\" data-link=\"http:\/\/www.uartes.edu.ec\/sitio\/encuentroilia\/?attachment_id=3373\" class=\"wp-image-3373\" srcset=\"https:\/\/www.uartes.edu.ec\/sitio\/encuentroilia\/wp-content\/uploads\/sites\/5\/2021\/10\/libertad-diptico-1024x677.jpg 1024w, https:\/\/www.uartes.edu.ec\/sitio\/encuentroilia\/wp-content\/uploads\/sites\/5\/2021\/10\/libertad-diptico-300x198.jpg 300w, https:\/\/www.uartes.edu.ec\/sitio\/encuentroilia\/wp-content\/uploads\/sites\/5\/2021\/10\/libertad-diptico-768x508.jpg 768w, https:\/\/www.uartes.edu.ec\/sitio\/encuentroilia\/wp-content\/uploads\/sites\/5\/2021\/10\/libertad-diptico-1536x1015.jpg 1536w, https:\/\/www.uartes.edu.ec\/sitio\/encuentroilia\/wp-content\/uploads\/sites\/5\/2021\/10\/libertad-diptico-400x264.jpg 400w, https:\/\/www.uartes.edu.ec\/sitio\/encuentroilia\/wp-content\/uploads\/sites\/5\/2021\/10\/libertad-diptico-600x397.jpg 600w, https:\/\/www.uartes.edu.ec\/sitio\/encuentroilia\/wp-content\/uploads\/sites\/5\/2021\/10\/libertad-diptico.jpg 2000w\" sizes=\"auto, (max-width: 1024px) 100vw, 1024px\" \/><\/a><\/figure><\/li><li class=\"blocks-gallery-item\"><figure><a href=\"http:\/\/www.uartes.edu.ec\/sitio\/encuentroilia\/wp-content\/uploads\/sites\/5\/2021\/10\/martin-diptico.jpg\"><img loading=\"lazy\" decoding=\"async\" width=\"1024\" height=\"677\" src=\"http:\/\/www.uartes.edu.ec\/sitio\/encuentroilia\/wp-content\/uploads\/sites\/5\/2021\/10\/martin-diptico-1024x677.jpg\" alt=\"\" data-id=\"3375\" data-full-url=\"http:\/\/www.uartes.edu.ec\/sitio\/encuentroilia\/wp-content\/uploads\/sites\/5\/2021\/10\/martin-diptico.jpg\" data-link=\"http:\/\/www.uartes.edu.ec\/sitio\/encuentroilia\/?attachment_id=3375\" class=\"wp-image-3375\" srcset=\"https:\/\/www.uartes.edu.ec\/sitio\/encuentroilia\/wp-content\/uploads\/sites\/5\/2021\/10\/martin-diptico-1024x677.jpg 1024w, https:\/\/www.uartes.edu.ec\/sitio\/encuentroilia\/wp-content\/uploads\/sites\/5\/2021\/10\/martin-diptico-300x198.jpg 300w, https:\/\/www.uartes.edu.ec\/sitio\/encuentroilia\/wp-content\/uploads\/sites\/5\/2021\/10\/martin-diptico-768x508.jpg 768w, https:\/\/www.uartes.edu.ec\/sitio\/encuentroilia\/wp-content\/uploads\/sites\/5\/2021\/10\/martin-diptico-1536x1016.jpg 1536w, https:\/\/www.uartes.edu.ec\/sitio\/encuentroilia\/wp-content\/uploads\/sites\/5\/2021\/10\/martin-diptico-400x265.jpg 400w, https:\/\/www.uartes.edu.ec\/sitio\/encuentroilia\/wp-content\/uploads\/sites\/5\/2021\/10\/martin-diptico-600x397.jpg 600w, https:\/\/www.uartes.edu.ec\/sitio\/encuentroilia\/wp-content\/uploads\/sites\/5\/2021\/10\/martin-diptico.jpg 2000w\" sizes=\"auto, (max-width: 1024px) 100vw, 1024px\" \/><\/a><\/figure><\/li><\/ul><\/figure>\n\n\n\n<p><br>En esta ocasi\u00f3n, se siente la falta de las an\u00e9cdotas de Mellington, uno de los proyeccionistas m\u00e1s importantes de Guayaquil y su lucha por el meg\u00e1fono con Ruperto y Freddy.<\/p>\n\n\n\n<figure class=\"wp-block-gallery columns-3 is-cropped wp-block-gallery-2 is-layout-flex wp-block-gallery-is-layout-flex\"><ul class=\"blocks-gallery-grid\"><li class=\"blocks-gallery-item\"><figure><a href=\"http:\/\/www.uartes.edu.ec\/sitio\/encuentroilia\/wp-content\/uploads\/sites\/5\/2021\/10\/publico2019.jpg\"><img decoding=\"async\" src=\"http:\/\/www.uartes.edu.ec\/sitio\/encuentroilia\/wp-content\/uploads\/sites\/5\/2021\/10\/publico2019.jpg\" data-id=\"16221\" data-link=\"http:\/\/www.uartes.edu.ec\/sitio\/publico2019\/\" class=\"wp-image-16221\"\/><\/a><\/figure><\/li><li class=\"blocks-gallery-item\"><figure><a href=\"http:\/\/www.uartes.edu.ec\/sitio\/encuentroilia\/wp-content\/uploads\/sites\/5\/2021\/10\/img367.jpg\"><img decoding=\"async\" src=\"http:\/\/www.uartes.edu.ec\/sitio\/encuentroilia\/wp-content\/uploads\/sites\/5\/2021\/10\/img367.jpg\" data-id=\"16232\" data-link=\"http:\/\/www.uartes.edu.ec\/sitio\/img367\/\" class=\"wp-image-16232\"\/><\/a><\/figure><\/li><li class=\"blocks-gallery-item\"><figure><a href=\"http:\/\/www.uartes.edu.ec\/sitio\/encuentroilia\/wp-content\/uploads\/sites\/5\/2021\/10\/mellington.jpg\"><img decoding=\"async\" src=\"http:\/\/www.uartes.edu.ec\/sitio\/encuentroilia\/wp-content\/uploads\/sites\/5\/2021\/10\/mellington.jpg\" data-id=\"16227\" data-link=\"http:\/\/www.uartes.edu.ec\/sitio\/mellington\/\" class=\"wp-image-16227\"\/><\/a><\/figure><\/li><\/ul><\/figure>\n\n\n\n<p>Pero Gabriel, quien tambi\u00e9n fue parte del primer recorrido, nos ayuda a navegar las calles del centro mediante sus relatos como historiador.<\/p>\n\n\n\n<figure class=\"wp-block-gallery columns-2 is-cropped wp-block-gallery-3 is-layout-flex wp-block-gallery-is-layout-flex\"><ul class=\"blocks-gallery-grid\"><li class=\"blocks-gallery-item\"><figure><a href=\"http:\/\/www.uartes.edu.ec\/sitio\/encuentroilia\/wp-content\/uploads\/sites\/5\/2021\/10\/centenario.jpg\"><img loading=\"lazy\" decoding=\"async\" width=\"1024\" height=\"660\" src=\"http:\/\/www.uartes.edu.ec\/sitio\/encuentroilia\/wp-content\/uploads\/sites\/5\/2021\/10\/centenario-1024x660.jpg\" alt=\"\" data-id=\"3383\" data-full-url=\"http:\/\/www.uartes.edu.ec\/sitio\/encuentroilia\/wp-content\/uploads\/sites\/5\/2021\/10\/centenario.jpg\" data-link=\"http:\/\/www.uartes.edu.ec\/sitio\/encuentroilia\/?attachment_id=3383\" class=\"wp-image-3383\" srcset=\"https:\/\/www.uartes.edu.ec\/sitio\/encuentroilia\/wp-content\/uploads\/sites\/5\/2021\/10\/centenario-1024x660.jpg 1024w, https:\/\/www.uartes.edu.ec\/sitio\/encuentroilia\/wp-content\/uploads\/sites\/5\/2021\/10\/centenario-300x194.jpg 300w, https:\/\/www.uartes.edu.ec\/sitio\/encuentroilia\/wp-content\/uploads\/sites\/5\/2021\/10\/centenario-768x495.jpg 768w, https:\/\/www.uartes.edu.ec\/sitio\/encuentroilia\/wp-content\/uploads\/sites\/5\/2021\/10\/centenario-1536x991.jpg 1536w, https:\/\/www.uartes.edu.ec\/sitio\/encuentroilia\/wp-content\/uploads\/sites\/5\/2021\/10\/centenario-400x258.jpg 400w, https:\/\/www.uartes.edu.ec\/sitio\/encuentroilia\/wp-content\/uploads\/sites\/5\/2021\/10\/centenario-600x387.jpg 600w, https:\/\/www.uartes.edu.ec\/sitio\/encuentroilia\/wp-content\/uploads\/sites\/5\/2021\/10\/centenario.jpg 2000w\" sizes=\"auto, (max-width: 1024px) 100vw, 1024px\" \/><\/a><\/figure><\/li><li class=\"blocks-gallery-item\"><figure><a href=\"http:\/\/www.uartes.edu.ec\/sitio\/encuentroilia\/wp-content\/uploads\/sites\/5\/2021\/10\/metropolitano.jpg\"><img loading=\"lazy\" decoding=\"async\" width=\"1024\" height=\"768\" src=\"http:\/\/www.uartes.edu.ec\/sitio\/encuentroilia\/wp-content\/uploads\/sites\/5\/2021\/10\/metropolitano-1024x768.jpg\" alt=\"\" data-id=\"3385\" data-full-url=\"http:\/\/www.uartes.edu.ec\/sitio\/encuentroilia\/wp-content\/uploads\/sites\/5\/2021\/10\/metropolitano.jpg\" data-link=\"http:\/\/www.uartes.edu.ec\/sitio\/encuentroilia\/?attachment_id=3385\" class=\"wp-image-3385\" srcset=\"https:\/\/www.uartes.edu.ec\/sitio\/encuentroilia\/wp-content\/uploads\/sites\/5\/2021\/10\/metropolitano-1024x768.jpg 1024w, https:\/\/www.uartes.edu.ec\/sitio\/encuentroilia\/wp-content\/uploads\/sites\/5\/2021\/10\/metropolitano-300x225.jpg 300w, https:\/\/www.uartes.edu.ec\/sitio\/encuentroilia\/wp-content\/uploads\/sites\/5\/2021\/10\/metropolitano-768x576.jpg 768w, https:\/\/www.uartes.edu.ec\/sitio\/encuentroilia\/wp-content\/uploads\/sites\/5\/2021\/10\/metropolitano-1536x1152.jpg 1536w, https:\/\/www.uartes.edu.ec\/sitio\/encuentroilia\/wp-content\/uploads\/sites\/5\/2021\/10\/metropolitano-400x300.jpg 400w, https:\/\/www.uartes.edu.ec\/sitio\/encuentroilia\/wp-content\/uploads\/sites\/5\/2021\/10\/metropolitano-600x450.jpg 600w, https:\/\/www.uartes.edu.ec\/sitio\/encuentroilia\/wp-content\/uploads\/sites\/5\/2021\/10\/metropolitano.jpg 1777w\" sizes=\"auto, (max-width: 1024px) 100vw, 1024px\" \/><\/a><\/figure><\/li><\/ul><\/figure>\n\n\n\n<p>Empezamos el recorrido con el Cine Infantil en la calle Pichincha, que ahora es un parqueadero, seguido del Teatro Olmedo que hace dos a\u00f1os era un Punto de la Suerte de La Loter\u00eda Nacional. Ahora, alberga diferentes negocios de joyer\u00eda y spa.<\/p>\n\n\n\n<div class=\"wp-block-image\"><figure class=\"aligncenter size-full\"><img decoding=\"async\" src=\"http:\/\/www.uartes.edu.ec\/sitio\/encuentroilia\/wp-content\/uploads\/sites\/5\/2021\/10\/punto-suerte-diptico.jpg\" alt=\"\" class=\"wp-image-16219\"\/><\/figure><\/div>\n\n\n\n<p>\u201cNueva Plaza de la Suerte en V\u00e9lez\u201d no entiendo c\u00f3mo se me pas\u00f3 por alto tremenda se\u00f1al. Probablemente ser\u00eda millonario ahora y hubiera podido hacer las fotograf\u00edas de este nuevo recorrido con mi Leica M6 y un Portra 400, y no con mi celular chino.<\/p>\n\n\n\n<figure class=\"wp-block-gallery columns-2 is-cropped wp-block-gallery-4 is-layout-flex wp-block-gallery-is-layout-flex\"><ul class=\"blocks-gallery-grid\"><li class=\"blocks-gallery-item\"><figure><a href=\"http:\/\/www.uartes.edu.ec\/sitio\/encuentroilia\/wp-content\/uploads\/sites\/5\/2021\/10\/punto-suerte.jpg\"><img loading=\"lazy\" decoding=\"async\" width=\"1024\" height=\"683\" src=\"http:\/\/www.uartes.edu.ec\/sitio\/encuentroilia\/wp-content\/uploads\/sites\/5\/2021\/10\/punto-suerte-1024x683.jpg\" alt=\"\" data-id=\"3389\" data-full-url=\"http:\/\/www.uartes.edu.ec\/sitio\/encuentroilia\/wp-content\/uploads\/sites\/5\/2021\/10\/punto-suerte.jpg\" data-link=\"http:\/\/www.uartes.edu.ec\/sitio\/encuentroilia\/?attachment_id=3389\" class=\"wp-image-3389\" srcset=\"https:\/\/www.uartes.edu.ec\/sitio\/encuentroilia\/wp-content\/uploads\/sites\/5\/2021\/10\/punto-suerte-1024x683.jpg 1024w, https:\/\/www.uartes.edu.ec\/sitio\/encuentroilia\/wp-content\/uploads\/sites\/5\/2021\/10\/punto-suerte-300x200.jpg 300w, https:\/\/www.uartes.edu.ec\/sitio\/encuentroilia\/wp-content\/uploads\/sites\/5\/2021\/10\/punto-suerte-768x512.jpg 768w, https:\/\/www.uartes.edu.ec\/sitio\/encuentroilia\/wp-content\/uploads\/sites\/5\/2021\/10\/punto-suerte-1536x1025.jpg 1536w, https:\/\/www.uartes.edu.ec\/sitio\/encuentroilia\/wp-content\/uploads\/sites\/5\/2021\/10\/punto-suerte-400x267.jpg 400w, https:\/\/www.uartes.edu.ec\/sitio\/encuentroilia\/wp-content\/uploads\/sites\/5\/2021\/10\/punto-suerte-600x400.jpg 600w, https:\/\/www.uartes.edu.ec\/sitio\/encuentroilia\/wp-content\/uploads\/sites\/5\/2021\/10\/punto-suerte-272x182.jpg 272w, https:\/\/www.uartes.edu.ec\/sitio\/encuentroilia\/wp-content\/uploads\/sites\/5\/2021\/10\/punto-suerte.jpg 1998w\" sizes=\"auto, (max-width: 1024px) 100vw, 1024px\" \/><\/a><\/figure><\/li><li class=\"blocks-gallery-item\"><figure><a href=\"http:\/\/www.uartes.edu.ec\/sitio\/encuentroilia\/wp-content\/uploads\/sites\/5\/2021\/10\/gustavo-francisco.jpg\"><img loading=\"lazy\" decoding=\"async\" width=\"1024\" height=\"682\" src=\"http:\/\/www.uartes.edu.ec\/sitio\/encuentroilia\/wp-content\/uploads\/sites\/5\/2021\/10\/gustavo-francisco-1024x682.jpg\" alt=\"\" data-id=\"3391\" data-full-url=\"http:\/\/www.uartes.edu.ec\/sitio\/encuentroilia\/wp-content\/uploads\/sites\/5\/2021\/10\/gustavo-francisco.jpg\" data-link=\"http:\/\/www.uartes.edu.ec\/sitio\/encuentroilia\/?attachment_id=3391\" class=\"wp-image-3391\" srcset=\"https:\/\/www.uartes.edu.ec\/sitio\/encuentroilia\/wp-content\/uploads\/sites\/5\/2021\/10\/gustavo-francisco-1024x682.jpg 1024w, https:\/\/www.uartes.edu.ec\/sitio\/encuentroilia\/wp-content\/uploads\/sites\/5\/2021\/10\/gustavo-francisco-300x200.jpg 300w, https:\/\/www.uartes.edu.ec\/sitio\/encuentroilia\/wp-content\/uploads\/sites\/5\/2021\/10\/gustavo-francisco-768x512.jpg 768w, https:\/\/www.uartes.edu.ec\/sitio\/encuentroilia\/wp-content\/uploads\/sites\/5\/2021\/10\/gustavo-francisco-1536x1024.jpg 1536w, https:\/\/www.uartes.edu.ec\/sitio\/encuentroilia\/wp-content\/uploads\/sites\/5\/2021\/10\/gustavo-francisco-400x267.jpg 400w, https:\/\/www.uartes.edu.ec\/sitio\/encuentroilia\/wp-content\/uploads\/sites\/5\/2021\/10\/gustavo-francisco-600x400.jpg 600w, https:\/\/www.uartes.edu.ec\/sitio\/encuentroilia\/wp-content\/uploads\/sites\/5\/2021\/10\/gustavo-francisco-272x182.jpg 272w, https:\/\/www.uartes.edu.ec\/sitio\/encuentroilia\/wp-content\/uploads\/sites\/5\/2021\/10\/gustavo-francisco.jpg 2000w\" sizes=\"auto, (max-width: 1024px) 100vw, 1024px\" \/><\/a><\/figure><\/li><\/ul><\/figure>\n\n\n\n<p>En la calle 9 de Octubre se encontraban frente a frente dos grandes cines de la ciudad, el Teatro Ed\u00e9n y el Teatro Guayaquil. Ahora son un Wendy\u2019s y el Boulevard Centro de Convenciones, respectivamente.<\/p>\n\n\n\n<figure class=\"wp-block-gallery columns-3 is-cropped wp-block-gallery-5 is-layout-flex wp-block-gallery-is-layout-flex\"><ul class=\"blocks-gallery-grid\"><li class=\"blocks-gallery-item\"><figure><a href=\"http:\/\/www.uartes.edu.ec\/sitio\/encuentroilia\/wp-content\/uploads\/sites\/5\/2021\/10\/edificio-diptico.jpg\"><img loading=\"lazy\" decoding=\"async\" width=\"1024\" height=\"674\" src=\"http:\/\/www.uartes.edu.ec\/sitio\/encuentroilia\/wp-content\/uploads\/sites\/5\/2021\/10\/edificio-diptico-1024x674.jpg\" alt=\"\" data-id=\"3393\" data-full-url=\"http:\/\/www.uartes.edu.ec\/sitio\/encuentroilia\/wp-content\/uploads\/sites\/5\/2021\/10\/edificio-diptico.jpg\" data-link=\"http:\/\/www.uartes.edu.ec\/sitio\/encuentroilia\/?attachment_id=3393\" class=\"wp-image-3393\" srcset=\"https:\/\/www.uartes.edu.ec\/sitio\/encuentroilia\/wp-content\/uploads\/sites\/5\/2021\/10\/edificio-diptico-1024x674.jpg 1024w, https:\/\/www.uartes.edu.ec\/sitio\/encuentroilia\/wp-content\/uploads\/sites\/5\/2021\/10\/edificio-diptico-300x198.jpg 300w, https:\/\/www.uartes.edu.ec\/sitio\/encuentroilia\/wp-content\/uploads\/sites\/5\/2021\/10\/edificio-diptico-768x506.jpg 768w, https:\/\/www.uartes.edu.ec\/sitio\/encuentroilia\/wp-content\/uploads\/sites\/5\/2021\/10\/edificio-diptico-1536x1011.jpg 1536w, https:\/\/www.uartes.edu.ec\/sitio\/encuentroilia\/wp-content\/uploads\/sites\/5\/2021\/10\/edificio-diptico-400x263.jpg 400w, https:\/\/www.uartes.edu.ec\/sitio\/encuentroilia\/wp-content\/uploads\/sites\/5\/2021\/10\/edificio-diptico-600x395.jpg 600w, https:\/\/www.uartes.edu.ec\/sitio\/encuentroilia\/wp-content\/uploads\/sites\/5\/2021\/10\/edificio-diptico.jpg 2000w\" sizes=\"auto, (max-width: 1024px) 100vw, 1024px\" \/><\/a><\/figure><\/li><li class=\"blocks-gallery-item\"><figure><a href=\"http:\/\/www.uartes.edu.ec\/sitio\/encuentroilia\/wp-content\/uploads\/sites\/5\/2021\/10\/afiches.jpg\"><img loading=\"lazy\" decoding=\"async\" width=\"1024\" height=\"768\" src=\"http:\/\/www.uartes.edu.ec\/sitio\/encuentroilia\/wp-content\/uploads\/sites\/5\/2021\/10\/afiches-1024x768.jpg\" alt=\"\" data-id=\"3395\" data-full-url=\"http:\/\/www.uartes.edu.ec\/sitio\/encuentroilia\/wp-content\/uploads\/sites\/5\/2021\/10\/afiches.jpg\" data-link=\"http:\/\/www.uartes.edu.ec\/sitio\/encuentroilia\/?attachment_id=3395\" class=\"wp-image-3395\" srcset=\"https:\/\/www.uartes.edu.ec\/sitio\/encuentroilia\/wp-content\/uploads\/sites\/5\/2021\/10\/afiches-1024x768.jpg 1024w, https:\/\/www.uartes.edu.ec\/sitio\/encuentroilia\/wp-content\/uploads\/sites\/5\/2021\/10\/afiches-300x225.jpg 300w, https:\/\/www.uartes.edu.ec\/sitio\/encuentroilia\/wp-content\/uploads\/sites\/5\/2021\/10\/afiches-768x576.jpg 768w, https:\/\/www.uartes.edu.ec\/sitio\/encuentroilia\/wp-content\/uploads\/sites\/5\/2021\/10\/afiches-1536x1152.jpg 1536w, https:\/\/www.uartes.edu.ec\/sitio\/encuentroilia\/wp-content\/uploads\/sites\/5\/2021\/10\/afiches-400x300.jpg 400w, https:\/\/www.uartes.edu.ec\/sitio\/encuentroilia\/wp-content\/uploads\/sites\/5\/2021\/10\/afiches-600x450.jpg 600w, https:\/\/www.uartes.edu.ec\/sitio\/encuentroilia\/wp-content\/uploads\/sites\/5\/2021\/10\/afiches.jpg 1777w\" sizes=\"auto, (max-width: 1024px) 100vw, 1024px\" \/><\/a><\/figure><\/li><li class=\"blocks-gallery-item\"><figure><a href=\"http:\/\/www.uartes.edu.ec\/sitio\/encuentroilia\/wp-content\/uploads\/sites\/5\/2021\/10\/publico.jpg\"><img loading=\"lazy\" decoding=\"async\" width=\"1024\" height=\"768\" src=\"http:\/\/www.uartes.edu.ec\/sitio\/encuentroilia\/wp-content\/uploads\/sites\/5\/2021\/10\/publico-1024x768.jpg\" alt=\"\" data-id=\"3397\" data-full-url=\"http:\/\/www.uartes.edu.ec\/sitio\/encuentroilia\/wp-content\/uploads\/sites\/5\/2021\/10\/publico.jpg\" data-link=\"http:\/\/www.uartes.edu.ec\/sitio\/encuentroilia\/?attachment_id=3397\" class=\"wp-image-3397\" srcset=\"https:\/\/www.uartes.edu.ec\/sitio\/encuentroilia\/wp-content\/uploads\/sites\/5\/2021\/10\/publico-1024x768.jpg 1024w, https:\/\/www.uartes.edu.ec\/sitio\/encuentroilia\/wp-content\/uploads\/sites\/5\/2021\/10\/publico-300x225.jpg 300w, https:\/\/www.uartes.edu.ec\/sitio\/encuentroilia\/wp-content\/uploads\/sites\/5\/2021\/10\/publico-768x576.jpg 768w, https:\/\/www.uartes.edu.ec\/sitio\/encuentroilia\/wp-content\/uploads\/sites\/5\/2021\/10\/publico-1536x1152.jpg 1536w, https:\/\/www.uartes.edu.ec\/sitio\/encuentroilia\/wp-content\/uploads\/sites\/5\/2021\/10\/publico-400x300.jpg 400w, https:\/\/www.uartes.edu.ec\/sitio\/encuentroilia\/wp-content\/uploads\/sites\/5\/2021\/10\/publico-600x450.jpg 600w, https:\/\/www.uartes.edu.ec\/sitio\/encuentroilia\/wp-content\/uploads\/sites\/5\/2021\/10\/publico.jpg 1777w\" sizes=\"auto, (max-width: 1024px) 100vw, 1024px\" \/><\/a><\/figure><\/li><li class=\"blocks-gallery-item\"><figure><a href=\"http:\/\/www.uartes.edu.ec\/sitio\/encuentroilia\/wp-content\/uploads\/sites\/5\/2021\/10\/teatro-gye2.jpg\"><img loading=\"lazy\" decoding=\"async\" width=\"1024\" height=\"768\" src=\"http:\/\/www.uartes.edu.ec\/sitio\/encuentroilia\/wp-content\/uploads\/sites\/5\/2021\/10\/teatro-gye2-1024x768.jpg\" alt=\"\" data-id=\"3399\" data-full-url=\"http:\/\/www.uartes.edu.ec\/sitio\/encuentroilia\/wp-content\/uploads\/sites\/5\/2021\/10\/teatro-gye2.jpg\" data-link=\"http:\/\/www.uartes.edu.ec\/sitio\/encuentroilia\/?attachment_id=3399\" class=\"wp-image-3399\" srcset=\"https:\/\/www.uartes.edu.ec\/sitio\/encuentroilia\/wp-content\/uploads\/sites\/5\/2021\/10\/teatro-gye2-1024x768.jpg 1024w, https:\/\/www.uartes.edu.ec\/sitio\/encuentroilia\/wp-content\/uploads\/sites\/5\/2021\/10\/teatro-gye2-300x225.jpg 300w, https:\/\/www.uartes.edu.ec\/sitio\/encuentroilia\/wp-content\/uploads\/sites\/5\/2021\/10\/teatro-gye2-768x576.jpg 768w, https:\/\/www.uartes.edu.ec\/sitio\/encuentroilia\/wp-content\/uploads\/sites\/5\/2021\/10\/teatro-gye2-1536x1152.jpg 1536w, https:\/\/www.uartes.edu.ec\/sitio\/encuentroilia\/wp-content\/uploads\/sites\/5\/2021\/10\/teatro-gye2-400x300.jpg 400w, https:\/\/www.uartes.edu.ec\/sitio\/encuentroilia\/wp-content\/uploads\/sites\/5\/2021\/10\/teatro-gye2-600x450.jpg 600w, https:\/\/www.uartes.edu.ec\/sitio\/encuentroilia\/wp-content\/uploads\/sites\/5\/2021\/10\/teatro-gye2.jpg 1777w\" sizes=\"auto, (max-width: 1024px) 100vw, 1024px\" \/><\/a><\/figure><\/li><li class=\"blocks-gallery-item\"><figure><a href=\"http:\/\/www.uartes.edu.ec\/sitio\/encuentroilia\/wp-content\/uploads\/sites\/5\/2021\/10\/eden-gye.jpg\"><img loading=\"lazy\" decoding=\"async\" width=\"1024\" height=\"670\" src=\"http:\/\/www.uartes.edu.ec\/sitio\/encuentroilia\/wp-content\/uploads\/sites\/5\/2021\/10\/eden-gye-1024x670.jpg\" alt=\"\" data-id=\"3401\" data-full-url=\"http:\/\/www.uartes.edu.ec\/sitio\/encuentroilia\/wp-content\/uploads\/sites\/5\/2021\/10\/eden-gye.jpg\" data-link=\"http:\/\/www.uartes.edu.ec\/sitio\/encuentroilia\/?attachment_id=3401\" class=\"wp-image-3401\" srcset=\"https:\/\/www.uartes.edu.ec\/sitio\/encuentroilia\/wp-content\/uploads\/sites\/5\/2021\/10\/eden-gye-1024x670.jpg 1024w, https:\/\/www.uartes.edu.ec\/sitio\/encuentroilia\/wp-content\/uploads\/sites\/5\/2021\/10\/eden-gye-300x196.jpg 300w, https:\/\/www.uartes.edu.ec\/sitio\/encuentroilia\/wp-content\/uploads\/sites\/5\/2021\/10\/eden-gye-768x502.jpg 768w, https:\/\/www.uartes.edu.ec\/sitio\/encuentroilia\/wp-content\/uploads\/sites\/5\/2021\/10\/eden-gye-1536x1005.jpg 1536w, https:\/\/www.uartes.edu.ec\/sitio\/encuentroilia\/wp-content\/uploads\/sites\/5\/2021\/10\/eden-gye-400x262.jpg 400w, https:\/\/www.uartes.edu.ec\/sitio\/encuentroilia\/wp-content\/uploads\/sites\/5\/2021\/10\/eden-gye-600x392.jpg 600w, https:\/\/www.uartes.edu.ec\/sitio\/encuentroilia\/wp-content\/uploads\/sites\/5\/2021\/10\/eden-gye.jpg 2000w\" sizes=\"auto, (max-width: 1024px) 100vw, 1024px\" \/><\/a><\/figure><\/li><li class=\"blocks-gallery-item\"><figure><a href=\"http:\/\/www.uartes.edu.ec\/sitio\/encuentroilia\/wp-content\/uploads\/sites\/5\/2021\/10\/img309.jpg\"><img loading=\"lazy\" decoding=\"async\" width=\"1024\" height=\"682\" src=\"http:\/\/www.uartes.edu.ec\/sitio\/encuentroilia\/wp-content\/uploads\/sites\/5\/2021\/10\/img309-1024x682.jpg\" alt=\"\" data-id=\"3403\" data-full-url=\"http:\/\/www.uartes.edu.ec\/sitio\/encuentroilia\/wp-content\/uploads\/sites\/5\/2021\/10\/img309.jpg\" data-link=\"http:\/\/www.uartes.edu.ec\/sitio\/encuentroilia\/?attachment_id=3403\" class=\"wp-image-3403\" srcset=\"https:\/\/www.uartes.edu.ec\/sitio\/encuentroilia\/wp-content\/uploads\/sites\/5\/2021\/10\/img309-1024x682.jpg 1024w, https:\/\/www.uartes.edu.ec\/sitio\/encuentroilia\/wp-content\/uploads\/sites\/5\/2021\/10\/img309-300x200.jpg 300w, https:\/\/www.uartes.edu.ec\/sitio\/encuentroilia\/wp-content\/uploads\/sites\/5\/2021\/10\/img309-768x512.jpg 768w, https:\/\/www.uartes.edu.ec\/sitio\/encuentroilia\/wp-content\/uploads\/sites\/5\/2021\/10\/img309-1536x1024.jpg 1536w, https:\/\/www.uartes.edu.ec\/sitio\/encuentroilia\/wp-content\/uploads\/sites\/5\/2021\/10\/img309-400x267.jpg 400w, https:\/\/www.uartes.edu.ec\/sitio\/encuentroilia\/wp-content\/uploads\/sites\/5\/2021\/10\/img309-600x400.jpg 600w, https:\/\/www.uartes.edu.ec\/sitio\/encuentroilia\/wp-content\/uploads\/sites\/5\/2021\/10\/img309-272x182.jpg 272w, https:\/\/www.uartes.edu.ec\/sitio\/encuentroilia\/wp-content\/uploads\/sites\/5\/2021\/10\/img309.jpg 2000w\" sizes=\"auto, (max-width: 1024px) 100vw, 1024px\" \/><\/a><\/figure><\/li><\/ul><\/figure>\n\n\n\n<p>La calle 9 de Octubre es mi favorita para hacer fotograf\u00edas porque siempre pasan cosas interesantes: chihuahuas con vestidos, gente preguntona, Uxi combatiendo un metropolitano y Matt con su jugo de ca\u00f1a.<\/p>\n\n\n\n<figure class=\"wp-block-image size-large\"><img loading=\"lazy\" decoding=\"async\" width=\"1024\" height=\"451\" src=\"http:\/\/www.uartes.edu.ec\/sitio\/encuentroilia\/wp-content\/uploads\/sites\/5\/2021\/10\/perrito-triptico-1024x451.jpg\" alt=\"\" class=\"wp-image-3405\" srcset=\"https:\/\/www.uartes.edu.ec\/sitio\/encuentroilia\/wp-content\/uploads\/sites\/5\/2021\/10\/perrito-triptico-1024x451.jpg 1024w, https:\/\/www.uartes.edu.ec\/sitio\/encuentroilia\/wp-content\/uploads\/sites\/5\/2021\/10\/perrito-triptico-300x132.jpg 300w, https:\/\/www.uartes.edu.ec\/sitio\/encuentroilia\/wp-content\/uploads\/sites\/5\/2021\/10\/perrito-triptico-768x338.jpg 768w, https:\/\/www.uartes.edu.ec\/sitio\/encuentroilia\/wp-content\/uploads\/sites\/5\/2021\/10\/perrito-triptico-1536x676.jpg 1536w, https:\/\/www.uartes.edu.ec\/sitio\/encuentroilia\/wp-content\/uploads\/sites\/5\/2021\/10\/perrito-triptico-400x176.jpg 400w, https:\/\/www.uartes.edu.ec\/sitio\/encuentroilia\/wp-content\/uploads\/sites\/5\/2021\/10\/perrito-triptico-600x264.jpg 600w, https:\/\/www.uartes.edu.ec\/sitio\/encuentroilia\/wp-content\/uploads\/sites\/5\/2021\/10\/perrito-triptico.jpg 2000w\" sizes=\"auto, (max-width: 1024px) 100vw, 1024px\" \/><\/figure>\n\n\n\n<figure class=\"wp-block-gallery columns-3 is-cropped wp-block-gallery-6 is-layout-flex wp-block-gallery-is-layout-flex\"><ul class=\"blocks-gallery-grid\"><li class=\"blocks-gallery-item\"><figure><a href=\"http:\/\/www.uartes.edu.ec\/sitio\/encuentroilia\/wp-content\/uploads\/sites\/5\/2021\/10\/hombre.jpg\"><img loading=\"lazy\" decoding=\"async\" width=\"1024\" height=\"768\" src=\"http:\/\/www.uartes.edu.ec\/sitio\/encuentroilia\/wp-content\/uploads\/sites\/5\/2021\/10\/hombre-1024x768.jpg\" alt=\"\" data-id=\"3409\" data-full-url=\"http:\/\/www.uartes.edu.ec\/sitio\/encuentroilia\/wp-content\/uploads\/sites\/5\/2021\/10\/hombre.jpg\" data-link=\"http:\/\/www.uartes.edu.ec\/sitio\/encuentroilia\/?attachment_id=3409\" class=\"wp-image-3409\" srcset=\"https:\/\/www.uartes.edu.ec\/sitio\/encuentroilia\/wp-content\/uploads\/sites\/5\/2021\/10\/hombre-1024x768.jpg 1024w, https:\/\/www.uartes.edu.ec\/sitio\/encuentroilia\/wp-content\/uploads\/sites\/5\/2021\/10\/hombre-300x225.jpg 300w, https:\/\/www.uartes.edu.ec\/sitio\/encuentroilia\/wp-content\/uploads\/sites\/5\/2021\/10\/hombre-768x576.jpg 768w, https:\/\/www.uartes.edu.ec\/sitio\/encuentroilia\/wp-content\/uploads\/sites\/5\/2021\/10\/hombre-1536x1152.jpg 1536w, https:\/\/www.uartes.edu.ec\/sitio\/encuentroilia\/wp-content\/uploads\/sites\/5\/2021\/10\/hombre-400x300.jpg 400w, https:\/\/www.uartes.edu.ec\/sitio\/encuentroilia\/wp-content\/uploads\/sites\/5\/2021\/10\/hombre-600x450.jpg 600w, https:\/\/www.uartes.edu.ec\/sitio\/encuentroilia\/wp-content\/uploads\/sites\/5\/2021\/10\/hombre.jpg 1777w\" sizes=\"auto, (max-width: 1024px) 100vw, 1024px\" \/><\/a><\/figure><\/li><li class=\"blocks-gallery-item\"><figure><a href=\"http:\/\/www.uartes.edu.ec\/sitio\/encuentroilia\/wp-content\/uploads\/sites\/5\/2021\/10\/uxi-matt-diptico.jpg\"><img loading=\"lazy\" decoding=\"async\" width=\"1024\" height=\"677\" src=\"http:\/\/www.uartes.edu.ec\/sitio\/encuentroilia\/wp-content\/uploads\/sites\/5\/2021\/10\/uxi-matt-diptico-1024x677.jpg\" alt=\"\" data-id=\"3411\" data-full-url=\"http:\/\/www.uartes.edu.ec\/sitio\/encuentroilia\/wp-content\/uploads\/sites\/5\/2021\/10\/uxi-matt-diptico.jpg\" data-link=\"http:\/\/www.uartes.edu.ec\/sitio\/encuentroilia\/?attachment_id=3411\" class=\"wp-image-3411\" srcset=\"https:\/\/www.uartes.edu.ec\/sitio\/encuentroilia\/wp-content\/uploads\/sites\/5\/2021\/10\/uxi-matt-diptico-1024x677.jpg 1024w, https:\/\/www.uartes.edu.ec\/sitio\/encuentroilia\/wp-content\/uploads\/sites\/5\/2021\/10\/uxi-matt-diptico-300x198.jpg 300w, https:\/\/www.uartes.edu.ec\/sitio\/encuentroilia\/wp-content\/uploads\/sites\/5\/2021\/10\/uxi-matt-diptico-768x508.jpg 768w, https:\/\/www.uartes.edu.ec\/sitio\/encuentroilia\/wp-content\/uploads\/sites\/5\/2021\/10\/uxi-matt-diptico-1536x1015.jpg 1536w, https:\/\/www.uartes.edu.ec\/sitio\/encuentroilia\/wp-content\/uploads\/sites\/5\/2021\/10\/uxi-matt-diptico-400x264.jpg 400w, https:\/\/www.uartes.edu.ec\/sitio\/encuentroilia\/wp-content\/uploads\/sites\/5\/2021\/10\/uxi-matt-diptico-600x397.jpg 600w, https:\/\/www.uartes.edu.ec\/sitio\/encuentroilia\/wp-content\/uploads\/sites\/5\/2021\/10\/uxi-matt-diptico.jpg 2000w\" sizes=\"auto, (max-width: 1024px) 100vw, 1024px\" \/><\/a><\/figure><\/li><li class=\"blocks-gallery-item\"><figure><a href=\"http:\/\/www.uartes.edu.ec\/sitio\/encuentroilia\/wp-content\/uploads\/sites\/5\/2021\/10\/caminata-diptico.jpg\"><img loading=\"lazy\" decoding=\"async\" width=\"772\" height=\"1024\" src=\"http:\/\/www.uartes.edu.ec\/sitio\/encuentroilia\/wp-content\/uploads\/sites\/5\/2021\/10\/caminata-diptico-772x1024.jpg\" alt=\"\" data-id=\"3407\" data-full-url=\"http:\/\/www.uartes.edu.ec\/sitio\/encuentroilia\/wp-content\/uploads\/sites\/5\/2021\/10\/caminata-diptico.jpg\" data-link=\"http:\/\/www.uartes.edu.ec\/sitio\/encuentroilia\/?attachment_id=3407\" class=\"wp-image-3407\" srcset=\"https:\/\/www.uartes.edu.ec\/sitio\/encuentroilia\/wp-content\/uploads\/sites\/5\/2021\/10\/caminata-diptico-772x1024.jpg 772w, https:\/\/www.uartes.edu.ec\/sitio\/encuentroilia\/wp-content\/uploads\/sites\/5\/2021\/10\/caminata-diptico-226x300.jpg 226w, https:\/\/www.uartes.edu.ec\/sitio\/encuentroilia\/wp-content\/uploads\/sites\/5\/2021\/10\/caminata-diptico-768x1019.jpg 768w, https:\/\/www.uartes.edu.ec\/sitio\/encuentroilia\/wp-content\/uploads\/sites\/5\/2021\/10\/caminata-diptico-600x796.jpg 600w, https:\/\/www.uartes.edu.ec\/sitio\/encuentroilia\/wp-content\/uploads\/sites\/5\/2021\/10\/caminata-diptico.jpg 1005w\" sizes=\"auto, (max-width: 772px) 100vw, 772px\" \/><\/a><\/figure><\/li><\/ul><\/figure>\n\n\n\n<p>El Cine Aladino, en la calle Baquerizo Moreno, tambi\u00e9n se convirti\u00f3 en un parqueadero. En este momento me doy cuenta que llevo mi chompa puesta en pleno centro de Guayaquil, para suerte de todos fue un d\u00eda nublado y el calor se guard\u00f3 un momento para permitirnos recorrer la \u201cRuta Sin Cine\u201d y sin Sol d. C.<\/p>\n\n\n\n<figure class=\"wp-block-gallery columns-3 is-cropped wp-block-gallery-7 is-layout-flex wp-block-gallery-is-layout-flex\"><ul class=\"blocks-gallery-grid\"><li class=\"blocks-gallery-item\"><figure><a href=\"http:\/\/www.uartes.edu.ec\/sitio\/encuentroilia\/wp-content\/uploads\/sites\/5\/2021\/10\/aladino.jpg\"><img loading=\"lazy\" decoding=\"async\" width=\"1024\" height=\"768\" src=\"http:\/\/www.uartes.edu.ec\/sitio\/encuentroilia\/wp-content\/uploads\/sites\/5\/2021\/10\/aladino-1024x768.jpg\" alt=\"\" data-id=\"3413\" data-full-url=\"http:\/\/www.uartes.edu.ec\/sitio\/encuentroilia\/wp-content\/uploads\/sites\/5\/2021\/10\/aladino.jpg\" data-link=\"http:\/\/www.uartes.edu.ec\/sitio\/encuentroilia\/?attachment_id=3413\" class=\"wp-image-3413\" srcset=\"https:\/\/www.uartes.edu.ec\/sitio\/encuentroilia\/wp-content\/uploads\/sites\/5\/2021\/10\/aladino-1024x768.jpg 1024w, https:\/\/www.uartes.edu.ec\/sitio\/encuentroilia\/wp-content\/uploads\/sites\/5\/2021\/10\/aladino-300x225.jpg 300w, https:\/\/www.uartes.edu.ec\/sitio\/encuentroilia\/wp-content\/uploads\/sites\/5\/2021\/10\/aladino-768x576.jpg 768w, https:\/\/www.uartes.edu.ec\/sitio\/encuentroilia\/wp-content\/uploads\/sites\/5\/2021\/10\/aladino-1536x1152.jpg 1536w, https:\/\/www.uartes.edu.ec\/sitio\/encuentroilia\/wp-content\/uploads\/sites\/5\/2021\/10\/aladino-400x300.jpg 400w, https:\/\/www.uartes.edu.ec\/sitio\/encuentroilia\/wp-content\/uploads\/sites\/5\/2021\/10\/aladino-600x450.jpg 600w, https:\/\/www.uartes.edu.ec\/sitio\/encuentroilia\/wp-content\/uploads\/sites\/5\/2021\/10\/aladino.jpg 1777w\" sizes=\"auto, (max-width: 1024px) 100vw, 1024px\" \/><\/a><\/figure><\/li><li class=\"blocks-gallery-item\"><figure><a href=\"http:\/\/www.uartes.edu.ec\/sitio\/encuentroilia\/wp-content\/uploads\/sites\/5\/2021\/10\/fotografos.jpg\"><img loading=\"lazy\" decoding=\"async\" width=\"1024\" height=\"768\" src=\"http:\/\/www.uartes.edu.ec\/sitio\/encuentroilia\/wp-content\/uploads\/sites\/5\/2021\/10\/fotografos-1024x768.jpg\" alt=\"\" data-id=\"3415\" data-full-url=\"http:\/\/www.uartes.edu.ec\/sitio\/encuentroilia\/wp-content\/uploads\/sites\/5\/2021\/10\/fotografos.jpg\" data-link=\"http:\/\/www.uartes.edu.ec\/sitio\/encuentroilia\/?attachment_id=3415\" class=\"wp-image-3415\" srcset=\"https:\/\/www.uartes.edu.ec\/sitio\/encuentroilia\/wp-content\/uploads\/sites\/5\/2021\/10\/fotografos-1024x768.jpg 1024w, https:\/\/www.uartes.edu.ec\/sitio\/encuentroilia\/wp-content\/uploads\/sites\/5\/2021\/10\/fotografos-300x225.jpg 300w, https:\/\/www.uartes.edu.ec\/sitio\/encuentroilia\/wp-content\/uploads\/sites\/5\/2021\/10\/fotografos-768x576.jpg 768w, https:\/\/www.uartes.edu.ec\/sitio\/encuentroilia\/wp-content\/uploads\/sites\/5\/2021\/10\/fotografos-1536x1152.jpg 1536w, https:\/\/www.uartes.edu.ec\/sitio\/encuentroilia\/wp-content\/uploads\/sites\/5\/2021\/10\/fotografos-400x300.jpg 400w, https:\/\/www.uartes.edu.ec\/sitio\/encuentroilia\/wp-content\/uploads\/sites\/5\/2021\/10\/fotografos-600x450.jpg 600w, https:\/\/www.uartes.edu.ec\/sitio\/encuentroilia\/wp-content\/uploads\/sites\/5\/2021\/10\/fotografos.jpg 1777w\" sizes=\"auto, (max-width: 1024px) 100vw, 1024px\" \/><\/a><\/figure><\/li><li class=\"blocks-gallery-item\"><figure><a href=\"http:\/\/www.uartes.edu.ec\/sitio\/encuentroilia\/wp-content\/uploads\/sites\/5\/2021\/10\/martin-super8.jpg\"><img loading=\"lazy\" decoding=\"async\" width=\"1024\" height=\"682\" src=\"http:\/\/www.uartes.edu.ec\/sitio\/encuentroilia\/wp-content\/uploads\/sites\/5\/2021\/10\/martin-super8-1024x682.jpg\" alt=\"\" data-id=\"3417\" data-full-url=\"http:\/\/www.uartes.edu.ec\/sitio\/encuentroilia\/wp-content\/uploads\/sites\/5\/2021\/10\/martin-super8.jpg\" data-link=\"http:\/\/www.uartes.edu.ec\/sitio\/encuentroilia\/?attachment_id=3417\" class=\"wp-image-3417\" srcset=\"https:\/\/www.uartes.edu.ec\/sitio\/encuentroilia\/wp-content\/uploads\/sites\/5\/2021\/10\/martin-super8-1024x682.jpg 1024w, https:\/\/www.uartes.edu.ec\/sitio\/encuentroilia\/wp-content\/uploads\/sites\/5\/2021\/10\/martin-super8-300x200.jpg 300w, https:\/\/www.uartes.edu.ec\/sitio\/encuentroilia\/wp-content\/uploads\/sites\/5\/2021\/10\/martin-super8-768x512.jpg 768w, https:\/\/www.uartes.edu.ec\/sitio\/encuentroilia\/wp-content\/uploads\/sites\/5\/2021\/10\/martin-super8-1536x1024.jpg 1536w, https:\/\/www.uartes.edu.ec\/sitio\/encuentroilia\/wp-content\/uploads\/sites\/5\/2021\/10\/martin-super8-400x267.jpg 400w, https:\/\/www.uartes.edu.ec\/sitio\/encuentroilia\/wp-content\/uploads\/sites\/5\/2021\/10\/martin-super8-600x400.jpg 600w, https:\/\/www.uartes.edu.ec\/sitio\/encuentroilia\/wp-content\/uploads\/sites\/5\/2021\/10\/martin-super8-272x182.jpg 272w, https:\/\/www.uartes.edu.ec\/sitio\/encuentroilia\/wp-content\/uploads\/sites\/5\/2021\/10\/martin-super8.jpg 2000w\" sizes=\"auto, (max-width: 1024px) 100vw, 1024px\" \/><\/a><\/figure><\/li><li class=\"blocks-gallery-item\"><figure><a href=\"http:\/\/www.uartes.edu.ec\/sitio\/encuentroilia\/wp-content\/uploads\/sites\/5\/2021\/10\/uxi-farfan.jpg\"><img loading=\"lazy\" decoding=\"async\" width=\"768\" height=\"1024\" src=\"http:\/\/www.uartes.edu.ec\/sitio\/encuentroilia\/wp-content\/uploads\/sites\/5\/2021\/10\/uxi-farfan-768x1024.jpg\" alt=\"\" data-id=\"3419\" data-full-url=\"http:\/\/www.uartes.edu.ec\/sitio\/encuentroilia\/wp-content\/uploads\/sites\/5\/2021\/10\/uxi-farfan.jpg\" data-link=\"http:\/\/www.uartes.edu.ec\/sitio\/encuentroilia\/?attachment_id=3419\" class=\"wp-image-3419\" srcset=\"https:\/\/www.uartes.edu.ec\/sitio\/encuentroilia\/wp-content\/uploads\/sites\/5\/2021\/10\/uxi-farfan-768x1024.jpg 768w, https:\/\/www.uartes.edu.ec\/sitio\/encuentroilia\/wp-content\/uploads\/sites\/5\/2021\/10\/uxi-farfan-225x300.jpg 225w, https:\/\/www.uartes.edu.ec\/sitio\/encuentroilia\/wp-content\/uploads\/sites\/5\/2021\/10\/uxi-farfan-600x800.jpg 600w, https:\/\/www.uartes.edu.ec\/sitio\/encuentroilia\/wp-content\/uploads\/sites\/5\/2021\/10\/uxi-farfan.jpg 1000w\" sizes=\"auto, (max-width: 768px) 100vw, 768px\" \/><\/a><\/figure><\/li><li class=\"blocks-gallery-item\"><figure><a href=\"http:\/\/www.uartes.edu.ec\/sitio\/encuentroilia\/wp-content\/uploads\/sites\/5\/2021\/10\/martin-gus.jpg\"><img loading=\"lazy\" decoding=\"async\" width=\"1024\" height=\"682\" src=\"http:\/\/www.uartes.edu.ec\/sitio\/encuentroilia\/wp-content\/uploads\/sites\/5\/2021\/10\/martin-gus-1024x682.jpg\" alt=\"\" data-id=\"3421\" data-full-url=\"http:\/\/www.uartes.edu.ec\/sitio\/encuentroilia\/wp-content\/uploads\/sites\/5\/2021\/10\/martin-gus.jpg\" data-link=\"http:\/\/www.uartes.edu.ec\/sitio\/encuentroilia\/?attachment_id=3421\" class=\"wp-image-3421\" srcset=\"https:\/\/www.uartes.edu.ec\/sitio\/encuentroilia\/wp-content\/uploads\/sites\/5\/2021\/10\/martin-gus-1024x682.jpg 1024w, https:\/\/www.uartes.edu.ec\/sitio\/encuentroilia\/wp-content\/uploads\/sites\/5\/2021\/10\/martin-gus-300x200.jpg 300w, https:\/\/www.uartes.edu.ec\/sitio\/encuentroilia\/wp-content\/uploads\/sites\/5\/2021\/10\/martin-gus-768x512.jpg 768w, https:\/\/www.uartes.edu.ec\/sitio\/encuentroilia\/wp-content\/uploads\/sites\/5\/2021\/10\/martin-gus-1536x1024.jpg 1536w, https:\/\/www.uartes.edu.ec\/sitio\/encuentroilia\/wp-content\/uploads\/sites\/5\/2021\/10\/martin-gus-400x267.jpg 400w, https:\/\/www.uartes.edu.ec\/sitio\/encuentroilia\/wp-content\/uploads\/sites\/5\/2021\/10\/martin-gus-600x400.jpg 600w, https:\/\/www.uartes.edu.ec\/sitio\/encuentroilia\/wp-content\/uploads\/sites\/5\/2021\/10\/martin-gus-272x182.jpg 272w, https:\/\/www.uartes.edu.ec\/sitio\/encuentroilia\/wp-content\/uploads\/sites\/5\/2021\/10\/martin-gus.jpg 2000w\" sizes=\"auto, (max-width: 1024px) 100vw, 1024px\" \/><\/a><\/figure><\/li><li class=\"blocks-gallery-item\"><figure><a href=\"http:\/\/www.uartes.edu.ec\/sitio\/encuentroilia\/wp-content\/uploads\/sites\/5\/2021\/10\/musico.jpg\"><img loading=\"lazy\" decoding=\"async\" width=\"1024\" height=\"682\" src=\"http:\/\/www.uartes.edu.ec\/sitio\/encuentroilia\/wp-content\/uploads\/sites\/5\/2021\/10\/musico-1024x682.jpg\" alt=\"\" data-id=\"3423\" data-full-url=\"http:\/\/www.uartes.edu.ec\/sitio\/encuentroilia\/wp-content\/uploads\/sites\/5\/2021\/10\/musico.jpg\" data-link=\"http:\/\/www.uartes.edu.ec\/sitio\/encuentroilia\/?attachment_id=3423\" class=\"wp-image-3423\" srcset=\"https:\/\/www.uartes.edu.ec\/sitio\/encuentroilia\/wp-content\/uploads\/sites\/5\/2021\/10\/musico-1024x682.jpg 1024w, https:\/\/www.uartes.edu.ec\/sitio\/encuentroilia\/wp-content\/uploads\/sites\/5\/2021\/10\/musico-300x200.jpg 300w, https:\/\/www.uartes.edu.ec\/sitio\/encuentroilia\/wp-content\/uploads\/sites\/5\/2021\/10\/musico-768x512.jpg 768w, https:\/\/www.uartes.edu.ec\/sitio\/encuentroilia\/wp-content\/uploads\/sites\/5\/2021\/10\/musico-1536x1024.jpg 1536w, https:\/\/www.uartes.edu.ec\/sitio\/encuentroilia\/wp-content\/uploads\/sites\/5\/2021\/10\/musico-400x267.jpg 400w, https:\/\/www.uartes.edu.ec\/sitio\/encuentroilia\/wp-content\/uploads\/sites\/5\/2021\/10\/musico-600x400.jpg 600w, https:\/\/www.uartes.edu.ec\/sitio\/encuentroilia\/wp-content\/uploads\/sites\/5\/2021\/10\/musico-272x182.jpg 272w, https:\/\/www.uartes.edu.ec\/sitio\/encuentroilia\/wp-content\/uploads\/sites\/5\/2021\/10\/musico.jpg 2000w\" sizes=\"auto, (max-width: 1024px) 100vw, 1024px\" \/><\/a><\/figure><\/li><\/ul><\/figure>\n\n\n\n<p>En la calle Boyac\u00e1 se encontraba el Teatro Ponce, que a\u00fan conserva la misma fachada y alberga un Pycca. Rafa me cuenta que a\u00fan recuerda haber visto de ni\u00f1o un afiche gigante del Grinch colgando del edificio en alguna navidad pasada.<\/p>\n\n\n\n<figure class=\"wp-block-gallery columns-3 is-cropped wp-block-gallery-8 is-layout-flex wp-block-gallery-is-layout-flex\"><ul class=\"blocks-gallery-grid\"><li class=\"blocks-gallery-item\"><figure><a href=\"http:\/\/www.uartes.edu.ec\/sitio\/encuentroilia\/wp-content\/uploads\/sites\/5\/2021\/10\/pycca.jpg\"><img loading=\"lazy\" decoding=\"async\" width=\"768\" height=\"1024\" src=\"http:\/\/www.uartes.edu.ec\/sitio\/encuentroilia\/wp-content\/uploads\/sites\/5\/2021\/10\/pycca-768x1024.jpg\" alt=\"\" data-id=\"3425\" data-full-url=\"http:\/\/www.uartes.edu.ec\/sitio\/encuentroilia\/wp-content\/uploads\/sites\/5\/2021\/10\/pycca.jpg\" data-link=\"http:\/\/www.uartes.edu.ec\/sitio\/encuentroilia\/?attachment_id=3425\" class=\"wp-image-3425\" srcset=\"https:\/\/www.uartes.edu.ec\/sitio\/encuentroilia\/wp-content\/uploads\/sites\/5\/2021\/10\/pycca-768x1024.jpg 768w, https:\/\/www.uartes.edu.ec\/sitio\/encuentroilia\/wp-content\/uploads\/sites\/5\/2021\/10\/pycca-225x300.jpg 225w, https:\/\/www.uartes.edu.ec\/sitio\/encuentroilia\/wp-content\/uploads\/sites\/5\/2021\/10\/pycca-600x800.jpg 600w, https:\/\/www.uartes.edu.ec\/sitio\/encuentroilia\/wp-content\/uploads\/sites\/5\/2021\/10\/pycca.jpg 1000w\" sizes=\"auto, (max-width: 768px) 100vw, 768px\" \/><\/a><\/figure><\/li><li class=\"blocks-gallery-item\"><figure><a href=\"http:\/\/www.uartes.edu.ec\/sitio\/encuentroilia\/wp-content\/uploads\/sites\/5\/2021\/10\/rafa.jpg\"><img loading=\"lazy\" decoding=\"async\" width=\"1024\" height=\"677\" src=\"http:\/\/www.uartes.edu.ec\/sitio\/encuentroilia\/wp-content\/uploads\/sites\/5\/2021\/10\/rafa-1024x677.jpg\" alt=\"\" data-id=\"3427\" data-full-url=\"http:\/\/www.uartes.edu.ec\/sitio\/encuentroilia\/wp-content\/uploads\/sites\/5\/2021\/10\/rafa.jpg\" data-link=\"http:\/\/www.uartes.edu.ec\/sitio\/encuentroilia\/?attachment_id=3427\" class=\"wp-image-3427\" srcset=\"https:\/\/www.uartes.edu.ec\/sitio\/encuentroilia\/wp-content\/uploads\/sites\/5\/2021\/10\/rafa-1024x677.jpg 1024w, https:\/\/www.uartes.edu.ec\/sitio\/encuentroilia\/wp-content\/uploads\/sites\/5\/2021\/10\/rafa-300x198.jpg 300w, https:\/\/www.uartes.edu.ec\/sitio\/encuentroilia\/wp-content\/uploads\/sites\/5\/2021\/10\/rafa-768x508.jpg 768w, https:\/\/www.uartes.edu.ec\/sitio\/encuentroilia\/wp-content\/uploads\/sites\/5\/2021\/10\/rafa-1536x1015.jpg 1536w, https:\/\/www.uartes.edu.ec\/sitio\/encuentroilia\/wp-content\/uploads\/sites\/5\/2021\/10\/rafa-400x264.jpg 400w, https:\/\/www.uartes.edu.ec\/sitio\/encuentroilia\/wp-content\/uploads\/sites\/5\/2021\/10\/rafa-600x397.jpg 600w, https:\/\/www.uartes.edu.ec\/sitio\/encuentroilia\/wp-content\/uploads\/sites\/5\/2021\/10\/rafa.jpg 2000w\" sizes=\"auto, (max-width: 1024px) 100vw, 1024px\" \/><\/a><\/figure><\/li><li class=\"blocks-gallery-item\"><figure><a href=\"http:\/\/www.uartes.edu.ec\/sitio\/encuentroilia\/wp-content\/uploads\/sites\/5\/2021\/10\/img323.jpg\"><img loading=\"lazy\" decoding=\"async\" width=\"1024\" height=\"682\" src=\"http:\/\/www.uartes.edu.ec\/sitio\/encuentroilia\/wp-content\/uploads\/sites\/5\/2021\/10\/img323-1024x682.jpg\" alt=\"\" data-id=\"3429\" data-full-url=\"http:\/\/www.uartes.edu.ec\/sitio\/encuentroilia\/wp-content\/uploads\/sites\/5\/2021\/10\/img323.jpg\" data-link=\"http:\/\/www.uartes.edu.ec\/sitio\/encuentroilia\/?attachment_id=3429\" class=\"wp-image-3429\" srcset=\"https:\/\/www.uartes.edu.ec\/sitio\/encuentroilia\/wp-content\/uploads\/sites\/5\/2021\/10\/img323-1024x682.jpg 1024w, https:\/\/www.uartes.edu.ec\/sitio\/encuentroilia\/wp-content\/uploads\/sites\/5\/2021\/10\/img323-300x200.jpg 300w, https:\/\/www.uartes.edu.ec\/sitio\/encuentroilia\/wp-content\/uploads\/sites\/5\/2021\/10\/img323-768x512.jpg 768w, https:\/\/www.uartes.edu.ec\/sitio\/encuentroilia\/wp-content\/uploads\/sites\/5\/2021\/10\/img323-1536x1024.jpg 1536w, https:\/\/www.uartes.edu.ec\/sitio\/encuentroilia\/wp-content\/uploads\/sites\/5\/2021\/10\/img323-400x267.jpg 400w, https:\/\/www.uartes.edu.ec\/sitio\/encuentroilia\/wp-content\/uploads\/sites\/5\/2021\/10\/img323-600x400.jpg 600w, https:\/\/www.uartes.edu.ec\/sitio\/encuentroilia\/wp-content\/uploads\/sites\/5\/2021\/10\/img323-272x182.jpg 272w, https:\/\/www.uartes.edu.ec\/sitio\/encuentroilia\/wp-content\/uploads\/sites\/5\/2021\/10\/img323.jpg 2000w\" sizes=\"auto, (max-width: 1024px) 100vw, 1024px\" \/><\/a><\/figure><\/li><li class=\"blocks-gallery-item\"><figure><a href=\"http:\/\/www.uartes.edu.ec\/sitio\/encuentroilia\/wp-content\/uploads\/sites\/5\/2021\/10\/camel.jpg\"><img loading=\"lazy\" decoding=\"async\" width=\"1024\" height=\"682\" src=\"http:\/\/www.uartes.edu.ec\/sitio\/encuentroilia\/wp-content\/uploads\/sites\/5\/2021\/10\/camel-1024x682.jpg\" alt=\"\" data-id=\"3431\" data-full-url=\"http:\/\/www.uartes.edu.ec\/sitio\/encuentroilia\/wp-content\/uploads\/sites\/5\/2021\/10\/camel.jpg\" data-link=\"http:\/\/www.uartes.edu.ec\/sitio\/encuentroilia\/?attachment_id=3431\" class=\"wp-image-3431\" srcset=\"https:\/\/www.uartes.edu.ec\/sitio\/encuentroilia\/wp-content\/uploads\/sites\/5\/2021\/10\/camel-1024x682.jpg 1024w, https:\/\/www.uartes.edu.ec\/sitio\/encuentroilia\/wp-content\/uploads\/sites\/5\/2021\/10\/camel-300x200.jpg 300w, https:\/\/www.uartes.edu.ec\/sitio\/encuentroilia\/wp-content\/uploads\/sites\/5\/2021\/10\/camel-768x512.jpg 768w, https:\/\/www.uartes.edu.ec\/sitio\/encuentroilia\/wp-content\/uploads\/sites\/5\/2021\/10\/camel-1536x1024.jpg 1536w, https:\/\/www.uartes.edu.ec\/sitio\/encuentroilia\/wp-content\/uploads\/sites\/5\/2021\/10\/camel-400x267.jpg 400w, https:\/\/www.uartes.edu.ec\/sitio\/encuentroilia\/wp-content\/uploads\/sites\/5\/2021\/10\/camel-600x400.jpg 600w, https:\/\/www.uartes.edu.ec\/sitio\/encuentroilia\/wp-content\/uploads\/sites\/5\/2021\/10\/camel-272x182.jpg 272w, https:\/\/www.uartes.edu.ec\/sitio\/encuentroilia\/wp-content\/uploads\/sites\/5\/2021\/10\/camel.jpg 2000w\" sizes=\"auto, (max-width: 1024px) 100vw, 1024px\" \/><\/a><\/figure><\/li><\/ul><\/figure>\n\n\n\n<p>El recorrido termin\u00f3 en este \u00faltimo punto, el Teatro Ponce. Caminamos de vuelta al MZ14 para la siguiente actividad del ILIA. A diferencia del recorrido en el cual atisbamos las ruinas de nuestro cine, con la Revista C\u00e1mbrica, conocimos los cimientos del futuro de este.<\/p>\n\n\n\n<figure class=\"wp-block-gallery columns-3 is-cropped wp-block-gallery-9 is-layout-flex wp-block-gallery-is-layout-flex\"><ul class=\"blocks-gallery-grid\"><li class=\"blocks-gallery-item\"><figure><a href=\"http:\/\/www.uartes.edu.ec\/sitio\/encuentroilia\/wp-content\/uploads\/sites\/5\/2021\/10\/publico3.jpg\"><img loading=\"lazy\" decoding=\"async\" width=\"1024\" height=\"768\" src=\"http:\/\/www.uartes.edu.ec\/sitio\/encuentroilia\/wp-content\/uploads\/sites\/5\/2021\/10\/publico3-1024x768.jpg\" alt=\"\" data-id=\"3433\" data-full-url=\"http:\/\/www.uartes.edu.ec\/sitio\/encuentroilia\/wp-content\/uploads\/sites\/5\/2021\/10\/publico3.jpg\" data-link=\"http:\/\/www.uartes.edu.ec\/sitio\/encuentroilia\/?attachment_id=3433\" class=\"wp-image-3433\" srcset=\"https:\/\/www.uartes.edu.ec\/sitio\/encuentroilia\/wp-content\/uploads\/sites\/5\/2021\/10\/publico3-1024x768.jpg 1024w, https:\/\/www.uartes.edu.ec\/sitio\/encuentroilia\/wp-content\/uploads\/sites\/5\/2021\/10\/publico3-300x225.jpg 300w, https:\/\/www.uartes.edu.ec\/sitio\/encuentroilia\/wp-content\/uploads\/sites\/5\/2021\/10\/publico3-768x576.jpg 768w, https:\/\/www.uartes.edu.ec\/sitio\/encuentroilia\/wp-content\/uploads\/sites\/5\/2021\/10\/publico3-1536x1152.jpg 1536w, https:\/\/www.uartes.edu.ec\/sitio\/encuentroilia\/wp-content\/uploads\/sites\/5\/2021\/10\/publico3-400x300.jpg 400w, https:\/\/www.uartes.edu.ec\/sitio\/encuentroilia\/wp-content\/uploads\/sites\/5\/2021\/10\/publico3-600x450.jpg 600w, https:\/\/www.uartes.edu.ec\/sitio\/encuentroilia\/wp-content\/uploads\/sites\/5\/2021\/10\/publico3.jpg 1777w\" sizes=\"auto, (max-width: 1024px) 100vw, 1024px\" \/><\/a><\/figure><\/li><li class=\"blocks-gallery-item\"><figure><a href=\"http:\/\/www.uartes.edu.ec\/sitio\/encuentroilia\/wp-content\/uploads\/sites\/5\/2021\/10\/img328.jpg\"><img loading=\"lazy\" decoding=\"async\" width=\"1024\" height=\"663\" src=\"http:\/\/www.uartes.edu.ec\/sitio\/encuentroilia\/wp-content\/uploads\/sites\/5\/2021\/10\/img328-1024x663.jpg\" alt=\"\" data-id=\"3435\" data-full-url=\"http:\/\/www.uartes.edu.ec\/sitio\/encuentroilia\/wp-content\/uploads\/sites\/5\/2021\/10\/img328.jpg\" data-link=\"http:\/\/www.uartes.edu.ec\/sitio\/encuentroilia\/?attachment_id=3435\" class=\"wp-image-3435\" srcset=\"https:\/\/www.uartes.edu.ec\/sitio\/encuentroilia\/wp-content\/uploads\/sites\/5\/2021\/10\/img328-1024x663.jpg 1024w, https:\/\/www.uartes.edu.ec\/sitio\/encuentroilia\/wp-content\/uploads\/sites\/5\/2021\/10\/img328-300x194.jpg 300w, https:\/\/www.uartes.edu.ec\/sitio\/encuentroilia\/wp-content\/uploads\/sites\/5\/2021\/10\/img328-768x497.jpg 768w, https:\/\/www.uartes.edu.ec\/sitio\/encuentroilia\/wp-content\/uploads\/sites\/5\/2021\/10\/img328-1536x994.jpg 1536w, https:\/\/www.uartes.edu.ec\/sitio\/encuentroilia\/wp-content\/uploads\/sites\/5\/2021\/10\/img328-400x259.jpg 400w, https:\/\/www.uartes.edu.ec\/sitio\/encuentroilia\/wp-content\/uploads\/sites\/5\/2021\/10\/img328-600x388.jpg 600w, https:\/\/www.uartes.edu.ec\/sitio\/encuentroilia\/wp-content\/uploads\/sites\/5\/2021\/10\/img328.jpg 2000w\" sizes=\"auto, (max-width: 1024px) 100vw, 1024px\" \/><\/a><\/figure><\/li><li class=\"blocks-gallery-item\"><figure><a href=\"http:\/\/www.uartes.edu.ec\/sitio\/encuentroilia\/wp-content\/uploads\/sites\/5\/2021\/10\/publico2.jpg\"><img loading=\"lazy\" decoding=\"async\" width=\"1024\" height=\"768\" src=\"http:\/\/www.uartes.edu.ec\/sitio\/encuentroilia\/wp-content\/uploads\/sites\/5\/2021\/10\/publico2-1024x768.jpg\" alt=\"\" data-id=\"3437\" data-full-url=\"http:\/\/www.uartes.edu.ec\/sitio\/encuentroilia\/wp-content\/uploads\/sites\/5\/2021\/10\/publico2.jpg\" data-link=\"http:\/\/www.uartes.edu.ec\/sitio\/encuentroilia\/?attachment_id=3437\" class=\"wp-image-3437\" srcset=\"https:\/\/www.uartes.edu.ec\/sitio\/encuentroilia\/wp-content\/uploads\/sites\/5\/2021\/10\/publico2-1024x768.jpg 1024w, https:\/\/www.uartes.edu.ec\/sitio\/encuentroilia\/wp-content\/uploads\/sites\/5\/2021\/10\/publico2-300x225.jpg 300w, https:\/\/www.uartes.edu.ec\/sitio\/encuentroilia\/wp-content\/uploads\/sites\/5\/2021\/10\/publico2-768x576.jpg 768w, https:\/\/www.uartes.edu.ec\/sitio\/encuentroilia\/wp-content\/uploads\/sites\/5\/2021\/10\/publico2-1536x1152.jpg 1536w, https:\/\/www.uartes.edu.ec\/sitio\/encuentroilia\/wp-content\/uploads\/sites\/5\/2021\/10\/publico2-400x300.jpg 400w, https:\/\/www.uartes.edu.ec\/sitio\/encuentroilia\/wp-content\/uploads\/sites\/5\/2021\/10\/publico2-600x450.jpg 600w, https:\/\/www.uartes.edu.ec\/sitio\/encuentroilia\/wp-content\/uploads\/sites\/5\/2021\/10\/publico2.jpg 1777w\" sizes=\"auto, (max-width: 1024px) 100vw, 1024px\" \/><\/a><\/figure><\/li><\/ul><\/figure>\n","protected":false},"excerpt":{"rendered":"<p>Adri\u00e1n V\u00e9lez Moreno, graduado de la carrera de Cine de la Universidad de las Artes, comparte con im\u00e1genes el recorrido cultural \u201cRuta Sin Cine\u201d que se desarroll\u00f3 el 2 de octubre de 2021, en el marco del VI Encuentro Internacional de Investigaci\u00f3n en Artes.<\/p>\n","protected":false},"author":1,"featured_media":3371,"comment_status":"open","ping_status":"open","sticky":false,"template":"","format":"standard","meta":{"_uag_custom_page_level_css":"","_monsterinsights_skip_tracking":false,"_monsterinsights_sitenote_active":false,"_monsterinsights_sitenote_note":"","_monsterinsights_sitenote_category":0,"cybocfi_hide_featured_image":"","footnotes":""},"categories":[18],"tags":[36],"class_list":["post-3369","post","type-post","status-publish","format-standard","has-post-thumbnail","hentry","category-ediciones-anteriores","tag-ilia2021"],"uagb_featured_image_src":{"full":["https:\/\/www.uartes.edu.ec\/sitio\/encuentroilia\/wp-content\/uploads\/sites\/5\/2021\/10\/hojas-diptico.jpg",2000,1314,false],"thumbnail":["https:\/\/www.uartes.edu.ec\/sitio\/encuentroilia\/wp-content\/uploads\/sites\/5\/2021\/10\/hojas-diptico-150x150.jpg",150,150,true],"medium":["https:\/\/www.uartes.edu.ec\/sitio\/encuentroilia\/wp-content\/uploads\/sites\/5\/2021\/10\/hojas-diptico-300x197.jpg",300,197,true],"medium_large":["https:\/\/www.uartes.edu.ec\/sitio\/encuentroilia\/wp-content\/uploads\/sites\/5\/2021\/10\/hojas-diptico-768x505.jpg",750,493,true],"large":["https:\/\/www.uartes.edu.ec\/sitio\/encuentroilia\/wp-content\/uploads\/sites\/5\/2021\/10\/hojas-diptico-1024x673.jpg",750,493,true],"1536x1536":["https:\/\/www.uartes.edu.ec\/sitio\/encuentroilia\/wp-content\/uploads\/sites\/5\/2021\/10\/hojas-diptico-1536x1009.jpg",1536,1009,true],"2048x2048":["https:\/\/www.uartes.edu.ec\/sitio\/encuentroilia\/wp-content\/uploads\/sites\/5\/2021\/10\/hojas-diptico.jpg",2000,1314,false],"hestia-blog":["https:\/\/www.uartes.edu.ec\/sitio\/encuentroilia\/wp-content\/uploads\/sites\/5\/2021\/10\/hojas-diptico.jpg",360,237,false]},"uagb_author_info":{"display_name":"Universidad de las Artes","author_link":"https:\/\/www.uartes.edu.ec\/sitio\/encuentroilia\/author\/dircomadm\/"},"uagb_comment_info":0,"uagb_excerpt":"Adri\u00e1n V\u00e9lez Moreno, graduado de la carrera de Cine de la Universidad de las Artes, comparte con im\u00e1genes el recorrido cultural \u201cRuta Sin Cine\u201d que se desarroll\u00f3 el 2 de octubre de 2021, en el marco del VI Encuentro Internacional de Investigaci\u00f3n en Artes.","distributor_meta":false,"distributor_terms":false,"distributor_media":false,"distributor_original_site_name":"VIII Encuentro Internacional de Investigaci\u00f3n en Artes","distributor_original_site_url":"https:\/\/www.uartes.edu.ec\/sitio\/encuentroilia","push-errors":false,"_links":{"self":[{"href":"https:\/\/www.uartes.edu.ec\/sitio\/encuentroilia\/wp-json\/wp\/v2\/posts\/3369","targetHints":{"allow":["GET"]}}],"collection":[{"href":"https:\/\/www.uartes.edu.ec\/sitio\/encuentroilia\/wp-json\/wp\/v2\/posts"}],"about":[{"href":"https:\/\/www.uartes.edu.ec\/sitio\/encuentroilia\/wp-json\/wp\/v2\/types\/post"}],"author":[{"embeddable":true,"href":"https:\/\/www.uartes.edu.ec\/sitio\/encuentroilia\/wp-json\/wp\/v2\/users\/1"}],"replies":[{"embeddable":true,"href":"https:\/\/www.uartes.edu.ec\/sitio\/encuentroilia\/wp-json\/wp\/v2\/comments?post=3369"}],"version-history":[{"count":37,"href":"https:\/\/www.uartes.edu.ec\/sitio\/encuentroilia\/wp-json\/wp\/v2\/posts\/3369\/revisions"}],"predecessor-version":[{"id":3479,"href":"https:\/\/www.uartes.edu.ec\/sitio\/encuentroilia\/wp-json\/wp\/v2\/posts\/3369\/revisions\/3479"}],"wp:featuredmedia":[{"embeddable":true,"href":"https:\/\/www.uartes.edu.ec\/sitio\/encuentroilia\/wp-json\/wp\/v2\/media\/3371"}],"wp:attachment":[{"href":"https:\/\/www.uartes.edu.ec\/sitio\/encuentroilia\/wp-json\/wp\/v2\/media?parent=3369"}],"wp:term":[{"taxonomy":"category","embeddable":true,"href":"https:\/\/www.uartes.edu.ec\/sitio\/encuentroilia\/wp-json\/wp\/v2\/categories?post=3369"},{"taxonomy":"post_tag","embeddable":true,"href":"https:\/\/www.uartes.edu.ec\/sitio\/encuentroilia\/wp-json\/wp\/v2\/tags?post=3369"}],"curies":[{"name":"wp","href":"https:\/\/api.w.org\/{rel}","templated":true}]}}