{"id":4309,"date":"2023-10-03T08:44:00","date_gmt":"2023-10-03T13:44:00","guid":{"rendered":"https:\/\/www.uartes.edu.ec\/sitio\/encuentroilia\/?p=4309"},"modified":"2025-02-06T09:05:08","modified_gmt":"2025-02-06T14:05:08","slug":"el-septimo-encuentro-del-ilia-que-esta-en-desarrollo-es-el-primero-de-caracter-bienal","status":"publish","type":"post","link":"http:\/\/www.uartes.edu.ec\/sitio\/encuentroilia\/el-septimo-encuentro-del-ilia-que-esta-en-desarrollo-es-el-primero-de-caracter-bienal\/","title":{"rendered":"El encuentro del ILIA en desarrollo es el primero que tiene car\u00e1cter bienal"},"content":{"rendered":"\n<p>El VII Encuentro Internacional de Investigaci\u00f3n en Artes marca un hito por algunas razones, manifest\u00f3 Pablo Cardoso, director del Instituto Latinoamericano de Investigaci\u00f3n en Artes (ILIA), en el acto inaugural de la cita, registrado la tarde de este 2 de octubre en el primero de cinco d\u00edas de una agenda conformada por talleres, charlas magistrales, exposiciones y presentaciones art\u00edsticas. \u00a0Fue uno de los que se produjo ininterrumpidamente casi desde los inicios de la UArtes, constituy\u00e9ndose como uno de los pilares de la resistencia de la universidad en \u00e9pocas dif\u00edciles, como las \u00e9pocas de la pandemia o de recorte presupuestario, agreg\u00f3.<\/p>\n\n\n\n<p>Cardoso sigui\u00f3 enumerando las razones. La quinta edici\u00f3n del encuentro, por ejemplo, se realiz\u00f3 a puerta cerrada con un entusiasta equipo de producci\u00f3n y sostuvo a la familia de la comunidad universitaria durante el confinamiento. El sexto, en 2021, ocurri\u00f3 en la primera semana del semestre de retorno a las actividades presenciales y fue motivo de reencuentro tras el confinamiento. \u201cEste s\u00e9ptimo encuentro es el primero de car\u00e1cter bienal; poderlo hacer cada dos a\u00f1os nos permite pensarlo y planificarlo mejor y poder compartir una programaci\u00f3n s\u00f3lida, diversa y pluridisciplinar nacional e internacional\u201d.<\/p>\n\n\n\n<p>Para el ILIA, expres\u00f3 su director, el encuentro es una oportunidad para mostrar la consolidaci\u00f3n de l\u00edneas de investigaci\u00f3n que se han presentado reiteradamente como movilizadores de la investigaci\u00f3n\/creaci\u00f3n de la UArtes; preocupaciones recurrentes, disparadoras de creatividad, motivadores de discusi\u00f3n de fondo y forma, vinculaciones de la creaci\u00f3n art\u00edstica y del pensamiento cr\u00edtico con nuestro territorio y con nuestra sociedad.<\/p>\n\n\n<div class=\"wp-block-image\">\n<figure class=\"aligncenter size-large\"><img decoding=\"async\" src=\"https:\/\/www.uartes.edu.ec\/sitio\/wp-content\/uploads\/2023\/10\/03-WEB-CHARLA-ANTES-INAUGURACION-1-644x429.jpg\" alt=\"\" class=\"wp-image-47477\" \/><\/figure>\n<\/div>\n\n\n<p>Anot\u00f3 que el encuentro se planific\u00f3 en cuatro amplias l\u00edneas que reflejan estos intereses de la comunidad UArtes. Primero, la interdisciplinariedad en las artes, motivo del primer seminario de investigaci\u00f3n suscitado entre agosto de 2022 y enero del 2023, el cual dio paso a la publicaci\u00f3n de la s\u00e9ptima revista acad\u00e9mica <em>F-ILIA<\/em> \u201cy que en el encuentro se manifiesta en la gran mayor\u00eda de actividades que desbordan al yugo disciplinar\u201d.<\/p>\n\n\n\n<p>Segundo, la l\u00ednea de investigaci\u00f3n de modos de producir arte que se abren como un inmenso abanico de posibilidades de construir arte. Est\u00e1 discusi\u00f3n est\u00e1 particularmente presente en las jornadas que reflexionar\u00e1n sobre los procedimientos y metodolog\u00edas de la investigaci\u00f3n\/creaci\u00f3n, sobre la gesti\u00f3n cultural, sobre el arte y las nuevas tecnolog\u00edas, el arte, la interculturalidad entre la investigaci\u00f3n\/creaci\u00f3n, entre otras.<\/p>\n\n\n\n<p>Tercero, la respuesta que se pretende tener a los diferentes problemas contempor\u00e1neos de la sociedad, del medioambiente, del espacio p\u00fablico, de la pol\u00edtica&#8230; Para hacer referencia a la jornada que iniciada en la Plaza P\u00fablica y en los di\u00e1logos de los ponentes, Cardoso anot\u00f3 que el ILIA y la UArtes han asumido la delicada e indispensable tarea de abordar uno de los problemas m\u00e1s lacerantes que el Ecuador ha vivido en su etapa republicana: la crisis la inseguridad, la escalada de violencia y su abierta relaci\u00f3n con el narcotr\u00e1fico\u201d.<\/p>\n\n\n\n<p>Pablo Cardoso hizo menci\u00f3n a la charla magistral \u201cHomo B\u00e9lico. El negocio de la guerra y la cultura de las armas\u201d que antes el acto inaugural dict\u00f3 H\u00e9ctor Dom\u00ednguez-Ruvalcaba, de la Universidad de Texas (Austin), quien revel\u00f3 los varios vicios del capitalismo y su responsabilidad en el asentamiento de los negocios de la crueldad y de los trabajadores de la sangre. Mencion\u00f3 tambi\u00e9n la charla siguiente, \u201cpropuesta por nuestros colegas la Universidad de los Andes previa a la inauguraci\u00f3n de la exposici\u00f3n <em>Mirarnos en el espejo de NarColombia<\/em>, que explora la est\u00e9tica del narco y la problem\u00e1tica pol\u00edtica, cultural y capitalista de esta dolorosa experiencia que tambi\u00e9n afecta actualmente de manera grave y que esas definitiva al Ecuador\u201d.<\/p>\n\n\n<div class=\"wp-block-image\">\n<figure class=\"aligncenter size-large\"><img decoding=\"async\" src=\"https:\/\/www.uartes.edu.ec\/sitio\/wp-content\/uploads\/2023\/10\/08-INAUGURACION-644x429.jpg\" alt=\"\" class=\"wp-image-47475\" \/><\/figure>\n<\/div>\n\n<div class=\"wp-block-image\">\n<figure class=\"aligncenter size-large\"><img decoding=\"async\" src=\"https:\/\/www.uartes.edu.ec\/sitio\/wp-content\/uploads\/2023\/10\/10-INAUGURACION-644x429.jpg\" alt=\"\" class=\"wp-image-47476\" \/><\/figure>\n<\/div>\n\n\n<p>Este tipo de investigaci\u00f3n en red es la que buscamos, aquella que responde a las urgencias contempor\u00e1neas de lo sucedido y que trasciende la esfera de la vanidad acad\u00e9mica y el elitismo art\u00edstico, anot\u00f3 Cardoso y agradeci\u00f3 a Rinc\u00f3n y Andrade, as\u00ed como a Paula Leuro, su curadora, \u201cgracias a ustedes y a la Universidad de los Andes por el generoso aporte que han hecho al abrir esta discusi\u00f3n en la universidad ecuatoriana\u201d.<\/p>\n\n\n\n<p>Finalmente, y no menos importante, dijo, el cuarto \u00e1mbito constitutivo de los ejes de investigaci\u00f3n y acci\u00f3n del ILIA tiene que ver con la relaci\u00f3n de la universidad con su entorno, los territorios donde ha echado ra\u00edz y ha podido fomentar di\u00e1logos y acciones, con aquellos campos art\u00edsticos y culturales con los que est\u00e1 comprometido. Indic\u00f3 tambi\u00e9n de la proyecci\u00f3n de audiovisuales \u201cGeograf\u00eda de lo sensible\u201d, en la Sala de Cine del MZ14, los cuales mostrar\u00e1n el compromiso de la investigaci\u00f3n y creaci\u00f3n de nuestros docentes con los territorios olvidados del pa\u00eds.<\/p>\n\n\n\n<p>De La Escuela de Pintura de Guayaquil se presentar\u00e1 una serie de documentales que reafirma el lugar de las artes visuales en esta ciudad, as\u00ed como la exposici\u00f3n \u201cFibras entre tejidos de arte y pedagog\u00eda\u201d, ma\u00f1ana (hoy) al mediod\u00eda en la Galer\u00eda 4ta Pared de la Biblioteca de la Artes. \u201cEs resultado de una residencia realizada a inicios de a\u00f1o en Cuenca, cuyo centro de reflexi\u00f3n y creaci\u00f3n fueron las t\u00e9cnicas de tejido con fibras vegetales y en la que participaron artesanos de varias regiones del pa\u00eds; este proceso se desarroll\u00f3 junto al Centro Interamericano de Artesan\u00edas y Artes Populares (CIDAP) y la Universidad de Cuenca, entre otras varias organizaciones, estableciendo un di\u00e1logo de saberes entre artesanos art\u00edfices y artistas contempor\u00e1neos, docentes de la Universidad de las Artes\u201d.<\/p>\n\n\n\n<p>De la Universidad de Cuenca en el encuentro del ILIA se presentar\u00e1, ma\u00f1ana (hoy) en la Plaza P\u00fablica, la obra de teatro \u201cNubla\u201d, proyecto esc\u00e9nico que dialoga con los procesos de resistencia de las comunidades para evitar el avance de la extracci\u00f3n minera en la zona del Austro del pa\u00eds. Cardoso invit\u00f3 tambi\u00e9n a participar en el coloquio \u201cLa investigaci\u00f3n\/creaci\u00f3n en red\u201d, que se desarrollar\u00e1 todas las ma\u00f1anas en la Biblioteca de las Artes y que en la primera jornada arranc\u00f3 con la presentaci\u00f3n de la Red Latinoamericana de Investigaci\u00f3n en Artes, constituida en 2018 y de la cual la UArtes fue cofundadora junto a las universidades Veracruzana de M\u00e9xico, de Costa Rica, Nacional de C\u00f3rdoba de Argentina y el Tecnol\u00f3gico de Artes D\u00e9bora Arango, con nutrida delegaci\u00f3n en las jornadas.<\/p>\n\n\n\n<p>Cardoso concluy\u00f3 agradeciendo a quienes, integrados en su momento al equipo del ILIA, as\u00ed como a un innumerable n\u00famero de practicantes, colaboraron en las varias ediciones del encuentro; entre otros, Carla Salas, Mariuxi Alem\u00e1n, Malena Goya, Mario Maquil\u00f3n y Lorena Falcon\u00ed. \u201cQuisiera rescatar el esp\u00edritu de lo que significa hacer red y vivirla en solidaridad (..). La posibilidad de coincidir y disentir en armon\u00eda y cordialidad, la posibilidad de reconocer en la otraedad a aquel interlocutor con quien so\u00f1ar en nuevos proyectos creativos y de pensamiento cr\u00edtico, encontrarnos y tejer comunidad, fortalecernos en la diferencia y celebrar la vida en conjunto y hasta el final\u201d.<\/p>\n\n\n\n<p>Foto: Roc\u00edo Mart\u00ednez\/DIRCOM<\/p>\n","protected":false},"excerpt":{"rendered":"<p>En el acto inaugural del VII Encuentro Internacional de Investigaci\u00f3n en Artes, organizado por la Universidad de las Artes y su Instituto Latinoamericano de Investigaci\u00f3n en Artes (ILIA), Pablo Cardoso, su director, se\u00f1al\u00f3 que la cita marca un hito y enumer\u00f3 cuatro razones del \u00e1mbito constitutivo de sus ejes de investigaci\u00f3n. Destac\u00f3 la participaci\u00f3n de sus ponentes nacionales e internacionales y anot\u00f3 que es el primero de car\u00e1cter bienal.  <\/p>\n","protected":false},"author":1,"featured_media":4310,"comment_status":"open","ping_status":"open","sticky":false,"template":"","format":"standard","meta":{"_uag_custom_page_level_css":"","_monsterinsights_skip_tracking":false,"_monsterinsights_sitenote_active":false,"_monsterinsights_sitenote_note":"","_monsterinsights_sitenote_category":0,"cybocfi_hide_featured_image":"","footnotes":""},"categories":[18],"tags":[59],"class_list":["post-4309","post","type-post","status-publish","format-standard","has-post-thumbnail","hentry","category-ediciones-anteriores","tag-encuentro"],"uagb_featured_image_src":{"full":["https:\/\/www.uartes.edu.ec\/sitio\/encuentroilia\/wp-content\/uploads\/sites\/5\/2025\/02\/05-INAUGURACION.jpg",2000,1333,false],"thumbnail":["https:\/\/www.uartes.edu.ec\/sitio\/encuentroilia\/wp-content\/uploads\/sites\/5\/2025\/02\/05-INAUGURACION-150x150.jpg",150,150,true],"medium":["https:\/\/www.uartes.edu.ec\/sitio\/encuentroilia\/wp-content\/uploads\/sites\/5\/2025\/02\/05-INAUGURACION-300x200.jpg",300,200,true],"medium_large":["https:\/\/www.uartes.edu.ec\/sitio\/encuentroilia\/wp-content\/uploads\/sites\/5\/2025\/02\/05-INAUGURACION-768x512.jpg",750,500,true],"large":["https:\/\/www.uartes.edu.ec\/sitio\/encuentroilia\/wp-content\/uploads\/sites\/5\/2025\/02\/05-INAUGURACION-1024x682.jpg",750,500,true],"1536x1536":["https:\/\/www.uartes.edu.ec\/sitio\/encuentroilia\/wp-content\/uploads\/sites\/5\/2025\/02\/05-INAUGURACION-1536x1024.jpg",1536,1024,true],"2048x2048":["https:\/\/www.uartes.edu.ec\/sitio\/encuentroilia\/wp-content\/uploads\/sites\/5\/2025\/02\/05-INAUGURACION.jpg",2000,1333,false],"hestia-blog":["https:\/\/www.uartes.edu.ec\/sitio\/encuentroilia\/wp-content\/uploads\/sites\/5\/2025\/02\/05-INAUGURACION-360x240.jpg",360,240,true]},"uagb_author_info":{"display_name":"Universidad de las Artes","author_link":"https:\/\/www.uartes.edu.ec\/sitio\/encuentroilia\/author\/dircomadm\/"},"uagb_comment_info":0,"uagb_excerpt":"En el acto inaugural del VII Encuentro Internacional de Investigaci\u00f3n en Artes, organizado por la Universidad de las Artes y su Instituto Latinoamericano de Investigaci\u00f3n en Artes (ILIA), Pablo Cardoso, su director, se\u00f1al\u00f3 que la cita marca un hito y enumer\u00f3 cuatro razones del \u00e1mbito constitutivo de sus ejes de investigaci\u00f3n. Destac\u00f3 la participaci\u00f3n de&hellip;","distributor_meta":false,"distributor_terms":false,"distributor_media":false,"distributor_original_site_name":"VIII Encuentro Internacional de Investigaci\u00f3n en Artes","distributor_original_site_url":"https:\/\/www.uartes.edu.ec\/sitio\/encuentroilia","push-errors":false,"_links":{"self":[{"href":"https:\/\/www.uartes.edu.ec\/sitio\/encuentroilia\/wp-json\/wp\/v2\/posts\/4309","targetHints":{"allow":["GET"]}}],"collection":[{"href":"https:\/\/www.uartes.edu.ec\/sitio\/encuentroilia\/wp-json\/wp\/v2\/posts"}],"about":[{"href":"https:\/\/www.uartes.edu.ec\/sitio\/encuentroilia\/wp-json\/wp\/v2\/types\/post"}],"author":[{"embeddable":true,"href":"https:\/\/www.uartes.edu.ec\/sitio\/encuentroilia\/wp-json\/wp\/v2\/users\/1"}],"replies":[{"embeddable":true,"href":"https:\/\/www.uartes.edu.ec\/sitio\/encuentroilia\/wp-json\/wp\/v2\/comments?post=4309"}],"version-history":[{"count":1,"href":"https:\/\/www.uartes.edu.ec\/sitio\/encuentroilia\/wp-json\/wp\/v2\/posts\/4309\/revisions"}],"predecessor-version":[{"id":4329,"href":"https:\/\/www.uartes.edu.ec\/sitio\/encuentroilia\/wp-json\/wp\/v2\/posts\/4309\/revisions\/4329"}],"wp:featuredmedia":[{"embeddable":true,"href":"https:\/\/www.uartes.edu.ec\/sitio\/encuentroilia\/wp-json\/wp\/v2\/media\/4310"}],"wp:attachment":[{"href":"https:\/\/www.uartes.edu.ec\/sitio\/encuentroilia\/wp-json\/wp\/v2\/media?parent=4309"}],"wp:term":[{"taxonomy":"category","embeddable":true,"href":"https:\/\/www.uartes.edu.ec\/sitio\/encuentroilia\/wp-json\/wp\/v2\/categories?post=4309"},{"taxonomy":"post_tag","embeddable":true,"href":"https:\/\/www.uartes.edu.ec\/sitio\/encuentroilia\/wp-json\/wp\/v2\/tags?post=4309"}],"curies":[{"name":"wp","href":"https:\/\/api.w.org\/{rel}","templated":true}]}}