{"id":4319,"date":"2023-10-03T11:27:00","date_gmt":"2023-10-03T16:27:00","guid":{"rendered":"https:\/\/www.uartes.edu.ec\/sitio\/encuentroilia\/?p=4319"},"modified":"2025-02-06T08:57:14","modified_gmt":"2025-02-06T13:57:14","slug":"agenda-del-ilia-plantea-problematicas-esenciales-para-la-comunidad-universitaria-y-la-sociedad-ecuatoriana","status":"publish","type":"post","link":"http:\/\/www.uartes.edu.ec\/sitio\/encuentroilia\/agenda-del-ilia-plantea-problematicas-esenciales-para-la-comunidad-universitaria-y-la-sociedad-ecuatoriana\/","title":{"rendered":"Agenda del ILIA plantea problem\u00e1ticas que son esenciales para la comunidad universitaria y la sociedad ecuatoriana"},"content":{"rendered":"\n<p>El Coloquio Interuniversitario \u201cLa Investigaci\u00f3n &#8211; Creaci\u00f3n en Red\u201d dio inicio la ma\u00f1ana de este 2 de octubre al VII Encuentro Internacional de Investigaci\u00f3n en Artes, organizado por la Universidad de las Artes y el ILIA. Se desarrollar\u00e1 hasta el viernes 6, con la intervenci\u00f3n de ponentes nacionales e internacionales en conferencias y charlas magistrales, talleres, mesas de di\u00e1logo y presentaciones art\u00edsticas.<\/p>\n\n\n\n<p>\u201cAcademia latinoamericana: perspectivas comparadas\u201d fue la tem\u00e1tica de la primera sesi\u00f3n del coloquio, el cual analiz\u00f3 la investigaci\u00f3n-creaci\u00f3n en el \u00e1mbito universitario, sus retos y posibilidades en Am\u00e9rica Latina. Participaron: Juli\u00e1n Castro Cifuentes, de la Universidad Cat\u00f3lica de Argentina, y Mar\u00eda Teresa Galarza, de la Universidad de Cuenca. Seguidamente, Ahtziri Molina, de la Universidad Veracruzana; Sebasti\u00e1n Gil, del Tecnol\u00f3gico de Artes D\u00e9bora Arango; y Bertold Salas, de la Universidad de Costa Rica, se refirieron a la Red Latinoamericana de Investigaci\u00f3n en Artes, una apuesta por la construcci\u00f3n colectiva y solidaria del conocimiento; con ellos, Mario Maquil\u00f3n, del ILIA.<\/p>\n\n\n\n<h3 class=\"wp-block-heading\">Charla magistral e inauguraci\u00f3n del encuentro<\/h3>\n\n\n\n<p>Entrada la tarde de la primera jornada, H\u00e9ctor Dom\u00ednguez-Ruvalcaba, de la Universidad de Texas (Austin), brind\u00f3 la charla magistral \u201cHomo B\u00e9lico. El negocio de la guerra y la cultura de las armas\u201d y dialog\u00f3 con Alejandra Zambrano y Fernando Montenegro, de la Escuela de Literatura UArtes, recibiendo tambi\u00e9n las apreciaciones de un p\u00fablico atento y reflexivo frente a una tem\u00e1tica que nos concierne y convoca: la inseguridad.<\/p>\n\n\n<div class=\"wp-block-image\">\n<figure class=\"aligncenter size-large\"><img decoding=\"async\" src=\"https:\/\/www.uartes.edu.ec\/sitio\/wp-content\/uploads\/2023\/10\/01-WEB-CHARLA-ANTES-INAUGURACION-644x429.jpg\" alt=\"\" class=\"wp-image-47462\"\/><\/figure>\n<\/div>\n\n\n<p>Los doctores William Herrera y Pablo Cardoso, rector y director del ILIA, respectivamente, inauguraron la cita. Nikita F\u00e9lix, del equipo del Centro de Producci\u00f3n e Innovaci\u00f3n MZ14, destac\u00f3 ante una Plaza P\u00fablica llena y con muchos siguiendo el evento de manera virtual (a trav\u00e9s del Facebook de la UArtes) que la actividad era posible gracias al compromiso de Instituto Latinoamericano de Investigaci\u00f3n en Artes de ser una plataforma para compartir los procesos investigativos y creativos que fluyen nuestro ecosistema art\u00edstico.<\/p>\n\n\n\n<p>Es una valiosa oportunidad para establecer lazos acad\u00e9micos y creativos, colaborando con universidades, institutos de investigaci\u00f3n, espacios y gestores culturales y artistas que se conectan con el ILIA y la UArtes. El encuentro ha sido pensado desde su concepci\u00f3n como un espacio de convergencia para estudiantes, artistas y acad\u00e9micos que est\u00e1n trabajando y pensando en\/para\/sobre\/por y a trav\u00e9s de las artes y sus procesos de investigaci\u00f3n, dijo Nikita F\u00e9lix.<\/p>\n\n\n\n<p>El rector William Herrera anot\u00f3 que actividades como las del encuentro, iniciado siempre en comunidad, permiten plantear problem\u00e1ticas esenciales no solo para la comunidad universitaria, sino tambi\u00e9n, y sobre todo en la coyuntura actual, para la sociedad ecuatoriana.<\/p>\n\n\n\n<p>Algunas de las ideas cristalizadas en la agenda del ILIA apuntan a lo que significa el 2023 para la UArtes, a\u00f1o que coincide con el d\u00e9cimo aniversario de la Ley de Creaci\u00f3n de esta universidad p\u00fablica y que nos conduce a reflexionar colectivamente y de manera cr\u00edtica sobre lo que ha sido el recorrido de la universidad, desde su aporte a la Pedagog\u00eda de las Artes hasta el campo de la investigaci\u00f3n y la vinculaci\u00f3n.<\/p>\n\n\n<div class=\"wp-block-image\">\n<figure class=\"aligncenter size-large\"><img decoding=\"async\" src=\"https:\/\/www.uartes.edu.ec\/sitio\/wp-content\/uploads\/2023\/10\/11-INAUGURACION-644x429.jpg\" alt=\"\" class=\"wp-image-47463\"\/><\/figure>\n<\/div>\n\n\n<p>\u201cNos conduce a pensar cu\u00e1l es la universidad que queremos para los siguientes 10 a\u00f1os y ah\u00ed la agenda del ILIA nos da unas pistas\u201d, refiri\u00f3 y mencion\u00f3 el abrir espacios de di\u00e1logo \u201cpara tratar sobre la cruda y cruel realidad que enfrenta el pa\u00eds, y lo digo m\u00e1s all\u00e1 de la coyuntura pol\u00edtico electoral. Creo que todas y todos debemos participar de esta discusi\u00f3n, de esta gran reflexi\u00f3n sobre la universidad que queremos en relaci\u00f3n con la ciudad, con los territorios, con las comunidades. Ah\u00ed es donde podemos pensar el sentido de pertinencia\u201d.<\/p>\n\n\n\n<p>Qu\u00e9 sentido tiene una universidad desconectada de las comunidades, de los territorios, de las necesidades de las grandes mayor\u00edas del pa\u00eds cuando sabemos que los niveles de pobreza no han terminado de aumentar, cuando sabemos que los niveles de violencia no paran, cuando sabemos que hay una gran ausencia en el debate p\u00fablico y pol\u00edtico para hablar sobre derechos, anot\u00f3 el doctor Herrera y revel\u00f3 su anhelo de que la universidad para los siguientes 10 a\u00f1os sea una que busque estar en el centro del debate p\u00fablico, de una nueva agenda para garantizar el acceso a los derechos de todas y todos.<\/p>\n\n\n\n<p>El rector agradeci\u00f3 a Pablo Cardoso y al equipo del ILIA y de las otras unidades por la agenda del encuentro, la cual invita a participar y unirse \u2013en el marco de talleres, charlas, exposiciones y presentaciones art\u00edsticas\u2013 en esta gran reflexi\u00f3n transversal a toda la agenda de trabajo de la UArtes en este Semestre B 2023. Invit\u00f3 entonces a los estudiantes a participar en las actividades.<\/p>\n\n\n\n<h3 class=\"wp-block-heading\">Contacto con artistas y acad\u00e9micos y sus propuestas<\/h3>\n\n\n\n<p>Uno de los grandes valores que aporta la universidad en el proceso formativo es poder estar en contacto directo con artistas y acad\u00e9micos y sus propuestas. All\u00ed tienen un gran elemento para complementar todos los conocimientos y experiencias que ya reciben en las aulas, los talleres y laboratorios, anot\u00f3 el rector y concluy\u00f3 su intervenci\u00f3n mencionando la importancia de seguir consolidando este proyecto de universidad p\u00fablica, \u201cinstalada en el centro de Guayaquil, pero pensada siempre en su dimensi\u00f3n nacional y latinoamericana\u201d.<\/p>\n\n\n\n<p>Antes de dar paso a Pablo Cardoso, la presentadora anot\u00f3 que son m\u00e1s de 50 las actividades del encuentro y agradeci\u00f3 a todos los equipos que han colaborado para la realizaci\u00f3n del evento: seguridad, limpieza, producci\u00f3n, comunicaci\u00f3n, relaciones internacionales y las escuelas.<\/p>\n\n\n\n<p>El director del ILIA tambi\u00e9n dio agradecimientos, empezando por las autoridades universitarias. Dijo que el encuentro convoca a una gran cantidad de personas de la universidad, del pa\u00eds y del extranjero. (\u2026) Una acci\u00f3n mancomunada que demuestra que la UArtes es una sola fuerza, un solo latido. Infaltable la menci\u00f3n al comit\u00e9 curatorial que colabor\u00f3 en la selecci\u00f3n de m\u00e1s de 60 propuestas recibidas en la convocatoria a inicios de a\u00f1o. Celebr\u00f3 la gran cantidad de participantes nacionales e internacionales; gracias por movilizar recursos de distintos tipos para estar presentes y ayudarnos a construir esta universidad que es casa de puertas abiertas para todos los artistas y acad\u00e9micos de Ecuador y el continente, dijo.<\/p>\n\n\n\n<p>Fotos: Roc\u00edo Mart\u00ednez\/DIRCOM<\/p>\n\n\n\n<p><\/p>\n","protected":false},"excerpt":{"rendered":"<p>En la inauguraci\u00f3n del encuentro del ILIA, el rector William Herrera indic\u00f3 que actividades como las de su agenda permiten plantear problem\u00e1ticas esenciales para la comunidad universitaria y la sociedad ecuatoriana. En este 2023 se cumple el d\u00e9cimo aniversario de la Ley de Creaci\u00f3n de la UArtes, lo que nos conduce a reflexionar colectivamente y de manera cr\u00edtica sobre lo que ha sido su recorrido, anot\u00f3<\/p>\n","protected":false},"author":1,"featured_media":4320,"comment_status":"open","ping_status":"open","sticky":false,"template":"","format":"standard","meta":{"_uag_custom_page_level_css":"","_monsterinsights_skip_tracking":false,"_monsterinsights_sitenote_active":false,"_monsterinsights_sitenote_note":"","_monsterinsights_sitenote_category":0,"cybocfi_hide_featured_image":"","footnotes":""},"categories":[18],"tags":[59],"class_list":["post-4319","post","type-post","status-publish","format-standard","has-post-thumbnail","hentry","category-ediciones-anteriores","tag-encuentro"],"uagb_featured_image_src":{"full":["https:\/\/www.uartes.edu.ec\/sitio\/encuentroilia\/wp-content\/uploads\/sites\/5\/2025\/02\/04-INAUGURACION.jpg",2000,1333,false],"thumbnail":["https:\/\/www.uartes.edu.ec\/sitio\/encuentroilia\/wp-content\/uploads\/sites\/5\/2025\/02\/04-INAUGURACION-150x150.jpg",150,150,true],"medium":["https:\/\/www.uartes.edu.ec\/sitio\/encuentroilia\/wp-content\/uploads\/sites\/5\/2025\/02\/04-INAUGURACION-300x200.jpg",300,200,true],"medium_large":["https:\/\/www.uartes.edu.ec\/sitio\/encuentroilia\/wp-content\/uploads\/sites\/5\/2025\/02\/04-INAUGURACION-768x512.jpg",750,500,true],"large":["https:\/\/www.uartes.edu.ec\/sitio\/encuentroilia\/wp-content\/uploads\/sites\/5\/2025\/02\/04-INAUGURACION-1024x682.jpg",750,500,true],"1536x1536":["https:\/\/www.uartes.edu.ec\/sitio\/encuentroilia\/wp-content\/uploads\/sites\/5\/2025\/02\/04-INAUGURACION-1536x1024.jpg",1536,1024,true],"2048x2048":["https:\/\/www.uartes.edu.ec\/sitio\/encuentroilia\/wp-content\/uploads\/sites\/5\/2025\/02\/04-INAUGURACION.jpg",2000,1333,false],"hestia-blog":["https:\/\/www.uartes.edu.ec\/sitio\/encuentroilia\/wp-content\/uploads\/sites\/5\/2025\/02\/04-INAUGURACION-360x240.jpg",360,240,true]},"uagb_author_info":{"display_name":"Universidad de las Artes","author_link":"https:\/\/www.uartes.edu.ec\/sitio\/encuentroilia\/author\/dircomadm\/"},"uagb_comment_info":0,"uagb_excerpt":"En la inauguraci\u00f3n del encuentro del ILIA, el rector William Herrera indic\u00f3 que actividades como las de su agenda permiten plantear problem\u00e1ticas esenciales para la comunidad universitaria y la sociedad ecuatoriana. En este 2023 se cumple el d\u00e9cimo aniversario de la Ley de Creaci\u00f3n de la UArtes, lo que nos conduce a reflexionar colectivamente y&hellip;","distributor_meta":false,"distributor_terms":false,"distributor_media":false,"distributor_original_site_name":"VIII Encuentro Internacional de Investigaci\u00f3n en Artes","distributor_original_site_url":"https:\/\/www.uartes.edu.ec\/sitio\/encuentroilia","push-errors":false,"_links":{"self":[{"href":"https:\/\/www.uartes.edu.ec\/sitio\/encuentroilia\/wp-json\/wp\/v2\/posts\/4319","targetHints":{"allow":["GET"]}}],"collection":[{"href":"https:\/\/www.uartes.edu.ec\/sitio\/encuentroilia\/wp-json\/wp\/v2\/posts"}],"about":[{"href":"https:\/\/www.uartes.edu.ec\/sitio\/encuentroilia\/wp-json\/wp\/v2\/types\/post"}],"author":[{"embeddable":true,"href":"https:\/\/www.uartes.edu.ec\/sitio\/encuentroilia\/wp-json\/wp\/v2\/users\/1"}],"replies":[{"embeddable":true,"href":"https:\/\/www.uartes.edu.ec\/sitio\/encuentroilia\/wp-json\/wp\/v2\/comments?post=4319"}],"version-history":[{"count":1,"href":"https:\/\/www.uartes.edu.ec\/sitio\/encuentroilia\/wp-json\/wp\/v2\/posts\/4319\/revisions"}],"predecessor-version":[{"id":4322,"href":"https:\/\/www.uartes.edu.ec\/sitio\/encuentroilia\/wp-json\/wp\/v2\/posts\/4319\/revisions\/4322"}],"wp:featuredmedia":[{"embeddable":true,"href":"https:\/\/www.uartes.edu.ec\/sitio\/encuentroilia\/wp-json\/wp\/v2\/media\/4320"}],"wp:attachment":[{"href":"https:\/\/www.uartes.edu.ec\/sitio\/encuentroilia\/wp-json\/wp\/v2\/media?parent=4319"}],"wp:term":[{"taxonomy":"category","embeddable":true,"href":"https:\/\/www.uartes.edu.ec\/sitio\/encuentroilia\/wp-json\/wp\/v2\/categories?post=4319"},{"taxonomy":"post_tag","embeddable":true,"href":"https:\/\/www.uartes.edu.ec\/sitio\/encuentroilia\/wp-json\/wp\/v2\/tags?post=4319"}],"curies":[{"name":"wp","href":"https:\/\/api.w.org\/{rel}","templated":true}]}}