{"id":4549,"date":"2025-08-21T16:42:31","date_gmt":"2025-08-21T21:42:31","guid":{"rendered":"https:\/\/www.uartes.edu.ec\/sitio\/encuentroilia\/?p=4549"},"modified":"2025-08-21T16:42:32","modified_gmt":"2025-08-21T21:42:32","slug":"despojo-de-las-narrativas-del-yo-interseccion-de-realidades-y-transformacion-de-la-imagen","status":"publish","type":"post","link":"http:\/\/www.uartes.edu.ec\/sitio\/encuentroilia\/despojo-de-las-narrativas-del-yo-interseccion-de-realidades-y-transformacion-de-la-imagen\/","title":{"rendered":"Despojo de las Narrativas del yo, intersecci\u00f3n de realidades y transformaci\u00f3n de la imagen"},"content":{"rendered":"\n<p>El taller es una propuesta din\u00e1mica te\u00f3rico practica (toma fotogr\u00e1fica y construcci\u00f3n de historias y paisajes sonoros), que a partir de la fotograf\u00eda con dispositivos m\u00f3viles, la narraci\u00f3n \u00e1gil de historias y sonoridades, y el episteme del territorito y el yo, busca lograr la construcci\u00f3n de una propuesta digital en prototipo narrativo que d\u00e9 cuenta de la creaci\u00f3n consciente del artista en los t\u00e9rminos del Neoextractivimo de la imagen y el despojo de la creaci\u00f3n misma.<\/p>\n","protected":false},"excerpt":{"rendered":"<p>El taller es una propuesta din\u00e1mica te\u00f3rico practica (toma fotogr\u00e1fica y construcci\u00f3n de historias y paisajes sonoros), que a partir de la fotograf\u00eda con dispositivos m\u00f3viles, la narraci\u00f3n \u00e1gil de historias y sonoridades, y el episteme del territorito y el yo, busca lograr la construcci\u00f3n de una propuesta digital en [&hellip;]<\/p>\n","protected":false},"author":1,"featured_media":0,"comment_status":"open","ping_status":"open","sticky":false,"template":"","format":"standard","meta":{"_uag_custom_page_level_css":"","_monsterinsights_skip_tracking":false,"_monsterinsights_sitenote_active":false,"_monsterinsights_sitenote_note":"","_monsterinsights_sitenote_category":0,"cybocfi_hide_featured_image":"","footnotes":""},"categories":[49],"tags":[],"class_list":["post-4549","post","type-post","status-publish","format-standard","hentry","category-talleres"],"uagb_featured_image_src":{"full":false,"thumbnail":false,"medium":false,"medium_large":false,"large":false,"1536x1536":false,"2048x2048":false,"hestia-blog":false},"uagb_author_info":{"display_name":"Universidad de las Artes","author_link":"https:\/\/www.uartes.edu.ec\/sitio\/encuentroilia\/author\/dircomadm\/"},"uagb_comment_info":0,"uagb_excerpt":"El taller es una propuesta din\u00e1mica te\u00f3rico practica (toma fotogr\u00e1fica y construcci\u00f3n de historias y paisajes sonoros), que a partir de la fotograf\u00eda con dispositivos m\u00f3viles, la narraci\u00f3n \u00e1gil de historias y sonoridades, y el episteme del territorito y el yo, busca lograr la construcci\u00f3n de una propuesta digital en [&hellip;]","distributor_meta":false,"distributor_terms":false,"distributor_media":false,"distributor_original_site_name":"VIII Encuentro Internacional de Investigaci\u00f3n en Artes","distributor_original_site_url":"https:\/\/www.uartes.edu.ec\/sitio\/encuentroilia","push-errors":false,"_links":{"self":[{"href":"https:\/\/www.uartes.edu.ec\/sitio\/encuentroilia\/wp-json\/wp\/v2\/posts\/4549","targetHints":{"allow":["GET"]}}],"collection":[{"href":"https:\/\/www.uartes.edu.ec\/sitio\/encuentroilia\/wp-json\/wp\/v2\/posts"}],"about":[{"href":"https:\/\/www.uartes.edu.ec\/sitio\/encuentroilia\/wp-json\/wp\/v2\/types\/post"}],"author":[{"embeddable":true,"href":"https:\/\/www.uartes.edu.ec\/sitio\/encuentroilia\/wp-json\/wp\/v2\/users\/1"}],"replies":[{"embeddable":true,"href":"https:\/\/www.uartes.edu.ec\/sitio\/encuentroilia\/wp-json\/wp\/v2\/comments?post=4549"}],"version-history":[{"count":1,"href":"https:\/\/www.uartes.edu.ec\/sitio\/encuentroilia\/wp-json\/wp\/v2\/posts\/4549\/revisions"}],"predecessor-version":[{"id":4550,"href":"https:\/\/www.uartes.edu.ec\/sitio\/encuentroilia\/wp-json\/wp\/v2\/posts\/4549\/revisions\/4550"}],"wp:attachment":[{"href":"https:\/\/www.uartes.edu.ec\/sitio\/encuentroilia\/wp-json\/wp\/v2\/media?parent=4549"}],"wp:term":[{"taxonomy":"category","embeddable":true,"href":"https:\/\/www.uartes.edu.ec\/sitio\/encuentroilia\/wp-json\/wp\/v2\/categories?post=4549"},{"taxonomy":"post_tag","embeddable":true,"href":"https:\/\/www.uartes.edu.ec\/sitio\/encuentroilia\/wp-json\/wp\/v2\/tags?post=4549"}],"curies":[{"name":"wp","href":"https:\/\/api.w.org\/{rel}","templated":true}]}}