{"id":4555,"date":"2025-08-21T16:43:51","date_gmt":"2025-08-21T21:43:51","guid":{"rendered":"https:\/\/www.uartes.edu.ec\/sitio\/encuentroilia\/?p=4555"},"modified":"2025-08-21T16:43:52","modified_gmt":"2025-08-21T21:43:52","slug":"arte-extractivismo-y-giro-eco-territorial","status":"publish","type":"post","link":"http:\/\/www.uartes.edu.ec\/sitio\/encuentroilia\/arte-extractivismo-y-giro-eco-territorial\/","title":{"rendered":"Arte, extractivismo y giro eco-territorial"},"content":{"rendered":"\n<p>Este taller propone una reflexi\u00f3n cr\u00edtica sobre las m\u00faltiples formas de extractivismo contempor\u00e1neo. A lo largo de tres sesiones se abordar\u00e1, en primer lugar, el extractivismo de la naturaleza y el neoextractivismo como formas de apropiaci\u00f3n territorial y explotaci\u00f3n ambiental. En segundo lugar, se explorar\u00e1 el extractivismo cultural, centrado en la apropiaci\u00f3n y mercantilizaci\u00f3n del conocimiento ancestral de los pueblos originarios en fen\u00f3menos como la biopirater\u00eda, la patentizaci\u00f3n y el turismo psicod\u00e9lico. Finalmente, se discutir\u00e1 el extractivismo de datos en el marco del capitalismo de plataformas, donde la captura masiva de informaci\u00f3n se convierte en una nueva forma de colonialismo digital.<\/p>\n","protected":false},"excerpt":{"rendered":"<p>Este taller propone una reflexi\u00f3n cr\u00edtica sobre las m\u00faltiples formas de extractivismo contempor\u00e1neo. A lo largo de tres sesiones se abordar\u00e1, en primer lugar, el extractivismo de la naturaleza y el neoextractivismo como formas de apropiaci\u00f3n territorial y explotaci\u00f3n ambiental. En segundo lugar, se explorar\u00e1 el extractivismo cultural, centrado en [&hellip;]<\/p>\n","protected":false},"author":1,"featured_media":0,"comment_status":"open","ping_status":"open","sticky":false,"template":"","format":"standard","meta":{"_uag_custom_page_level_css":"","_monsterinsights_skip_tracking":false,"_monsterinsights_sitenote_active":false,"_monsterinsights_sitenote_note":"","_monsterinsights_sitenote_category":0,"cybocfi_hide_featured_image":"","footnotes":""},"categories":[49],"tags":[],"class_list":["post-4555","post","type-post","status-publish","format-standard","hentry","category-talleres"],"uagb_featured_image_src":{"full":false,"thumbnail":false,"medium":false,"medium_large":false,"large":false,"1536x1536":false,"2048x2048":false,"hestia-blog":false},"uagb_author_info":{"display_name":"Universidad de las Artes","author_link":"https:\/\/www.uartes.edu.ec\/sitio\/encuentroilia\/author\/dircomadm\/"},"uagb_comment_info":0,"uagb_excerpt":"Este taller propone una reflexi\u00f3n cr\u00edtica sobre las m\u00faltiples formas de extractivismo contempor\u00e1neo. A lo largo de tres sesiones se abordar\u00e1, en primer lugar, el extractivismo de la naturaleza y el neoextractivismo como formas de apropiaci\u00f3n territorial y explotaci\u00f3n ambiental. En segundo lugar, se explorar\u00e1 el extractivismo cultural, centrado en [&hellip;]","distributor_meta":false,"distributor_terms":false,"distributor_media":false,"distributor_original_site_name":"VIII Encuentro Internacional de Investigaci\u00f3n en Artes","distributor_original_site_url":"https:\/\/www.uartes.edu.ec\/sitio\/encuentroilia","push-errors":false,"_links":{"self":[{"href":"https:\/\/www.uartes.edu.ec\/sitio\/encuentroilia\/wp-json\/wp\/v2\/posts\/4555","targetHints":{"allow":["GET"]}}],"collection":[{"href":"https:\/\/www.uartes.edu.ec\/sitio\/encuentroilia\/wp-json\/wp\/v2\/posts"}],"about":[{"href":"https:\/\/www.uartes.edu.ec\/sitio\/encuentroilia\/wp-json\/wp\/v2\/types\/post"}],"author":[{"embeddable":true,"href":"https:\/\/www.uartes.edu.ec\/sitio\/encuentroilia\/wp-json\/wp\/v2\/users\/1"}],"replies":[{"embeddable":true,"href":"https:\/\/www.uartes.edu.ec\/sitio\/encuentroilia\/wp-json\/wp\/v2\/comments?post=4555"}],"version-history":[{"count":1,"href":"https:\/\/www.uartes.edu.ec\/sitio\/encuentroilia\/wp-json\/wp\/v2\/posts\/4555\/revisions"}],"predecessor-version":[{"id":4556,"href":"https:\/\/www.uartes.edu.ec\/sitio\/encuentroilia\/wp-json\/wp\/v2\/posts\/4555\/revisions\/4556"}],"wp:attachment":[{"href":"https:\/\/www.uartes.edu.ec\/sitio\/encuentroilia\/wp-json\/wp\/v2\/media?parent=4555"}],"wp:term":[{"taxonomy":"category","embeddable":true,"href":"https:\/\/www.uartes.edu.ec\/sitio\/encuentroilia\/wp-json\/wp\/v2\/categories?post=4555"},{"taxonomy":"post_tag","embeddable":true,"href":"https:\/\/www.uartes.edu.ec\/sitio\/encuentroilia\/wp-json\/wp\/v2\/tags?post=4555"}],"curies":[{"name":"wp","href":"https:\/\/api.w.org\/{rel}","templated":true}]}}