{"id":4559,"date":"2025-08-21T16:44:43","date_gmt":"2025-08-21T21:44:43","guid":{"rendered":"https:\/\/www.uartes.edu.ec\/sitio\/encuentroilia\/?p=4559"},"modified":"2025-08-21T16:44:44","modified_gmt":"2025-08-21T21:44:44","slug":"extractivismo-digital-inteligencia-artificial-y-patrimonio-cultural-galeria-3d-de-ceramica-precolombina-del-litoral-ecuatoriano","status":"publish","type":"post","link":"http:\/\/www.uartes.edu.ec\/sitio\/encuentroilia\/extractivismo-digital-inteligencia-artificial-y-patrimonio-cultural-galeria-3d-de-ceramica-precolombina-del-litoral-ecuatoriano\/","title":{"rendered":"Extractivismo Digital, Inteligencia Artificial y Patrimonio Cultural: Galer\u00eda 3D de Cer\u00e1mica Precolombina Del Litoral Ecuatoriano"},"content":{"rendered":"\n<p>Esta propuesta de taller te\u00f3rico-pr\u00e1ctico explora la intersecci\u00f3n entre la digitalizaci\u00f3n del patrimonio cultural \u2014utilizando el Cat\u00e1logo Digital de Bienes Culturales del Ecuador\u2014 y la inteligencia artificial, enmarcando el fen\u00f3meno del (neo)extractivismo digital. Se parte del argumento principal de que, si bien la digitalizaci\u00f3n es esencial para la preservaci\u00f3n de bienes culturales, tambi\u00e9n puede transformarse en un mecanismo extractivista que extrae, organiza y controla informaci\u00f3n, despoj\u00e1ndola de su contexto y significado cultural. En la era digital, el patrimonio cultural debe ser concebido como un legado que requiere enfoques \u00e9ticos y democr\u00e1ticos.<\/p>\n","protected":false},"excerpt":{"rendered":"<p>Esta propuesta de taller te\u00f3rico-pr\u00e1ctico explora la intersecci\u00f3n entre la digitalizaci\u00f3n del patrimonio cultural \u2014utilizando el Cat\u00e1logo Digital de Bienes Culturales del Ecuador\u2014 y la inteligencia artificial, enmarcando el fen\u00f3meno del (neo)extractivismo digital. Se parte del argumento principal de que, si bien la digitalizaci\u00f3n es esencial para la preservaci\u00f3n de [&hellip;]<\/p>\n","protected":false},"author":1,"featured_media":0,"comment_status":"open","ping_status":"open","sticky":false,"template":"","format":"standard","meta":{"_uag_custom_page_level_css":"","_monsterinsights_skip_tracking":false,"_monsterinsights_sitenote_active":false,"_monsterinsights_sitenote_note":"","_monsterinsights_sitenote_category":0,"cybocfi_hide_featured_image":"","footnotes":""},"categories":[49],"tags":[],"class_list":["post-4559","post","type-post","status-publish","format-standard","hentry","category-talleres"],"uagb_featured_image_src":{"full":false,"thumbnail":false,"medium":false,"medium_large":false,"large":false,"1536x1536":false,"2048x2048":false,"hestia-blog":false},"uagb_author_info":{"display_name":"Universidad de las Artes","author_link":"https:\/\/www.uartes.edu.ec\/sitio\/encuentroilia\/author\/dircomadm\/"},"uagb_comment_info":0,"uagb_excerpt":"Esta propuesta de taller te\u00f3rico-pr\u00e1ctico explora la intersecci\u00f3n entre la digitalizaci\u00f3n del patrimonio cultural \u2014utilizando el Cat\u00e1logo Digital de Bienes Culturales del Ecuador\u2014 y la inteligencia artificial, enmarcando el fen\u00f3meno del (neo)extractivismo digital. Se parte del argumento principal de que, si bien la digitalizaci\u00f3n es esencial para la preservaci\u00f3n de [&hellip;]","distributor_meta":false,"distributor_terms":false,"distributor_media":false,"distributor_original_site_name":"VIII Encuentro Internacional de Investigaci\u00f3n en Artes","distributor_original_site_url":"https:\/\/www.uartes.edu.ec\/sitio\/encuentroilia","push-errors":false,"_links":{"self":[{"href":"https:\/\/www.uartes.edu.ec\/sitio\/encuentroilia\/wp-json\/wp\/v2\/posts\/4559","targetHints":{"allow":["GET"]}}],"collection":[{"href":"https:\/\/www.uartes.edu.ec\/sitio\/encuentroilia\/wp-json\/wp\/v2\/posts"}],"about":[{"href":"https:\/\/www.uartes.edu.ec\/sitio\/encuentroilia\/wp-json\/wp\/v2\/types\/post"}],"author":[{"embeddable":true,"href":"https:\/\/www.uartes.edu.ec\/sitio\/encuentroilia\/wp-json\/wp\/v2\/users\/1"}],"replies":[{"embeddable":true,"href":"https:\/\/www.uartes.edu.ec\/sitio\/encuentroilia\/wp-json\/wp\/v2\/comments?post=4559"}],"version-history":[{"count":1,"href":"https:\/\/www.uartes.edu.ec\/sitio\/encuentroilia\/wp-json\/wp\/v2\/posts\/4559\/revisions"}],"predecessor-version":[{"id":4560,"href":"https:\/\/www.uartes.edu.ec\/sitio\/encuentroilia\/wp-json\/wp\/v2\/posts\/4559\/revisions\/4560"}],"wp:attachment":[{"href":"https:\/\/www.uartes.edu.ec\/sitio\/encuentroilia\/wp-json\/wp\/v2\/media?parent=4559"}],"wp:term":[{"taxonomy":"category","embeddable":true,"href":"https:\/\/www.uartes.edu.ec\/sitio\/encuentroilia\/wp-json\/wp\/v2\/categories?post=4559"},{"taxonomy":"post_tag","embeddable":true,"href":"https:\/\/www.uartes.edu.ec\/sitio\/encuentroilia\/wp-json\/wp\/v2\/tags?post=4559"}],"curies":[{"name":"wp","href":"https:\/\/api.w.org\/{rel}","templated":true}]}}