{"id":4561,"date":"2025-08-21T16:45:16","date_gmt":"2025-08-21T21:45:16","guid":{"rendered":"https:\/\/www.uartes.edu.ec\/sitio\/encuentroilia\/?p=4561"},"modified":"2025-08-21T16:45:21","modified_gmt":"2025-08-21T21:45:21","slug":"constelaciones-de-la-memoria-3-0-memorias-del-extractivismo","status":"publish","type":"post","link":"http:\/\/www.uartes.edu.ec\/sitio\/encuentroilia\/constelaciones-de-la-memoria-3-0-memorias-del-extractivismo\/","title":{"rendered":"Constelaciones de la memoria 3.0 : memorias del extractivismo"},"content":{"rendered":"\n<p>\u201cConstelaciones de la memoria\u201d es un dispositivo que busca generar un intercambio a partir del trabajo de constelaciones de fotos impresas en formato papel. A trav\u00e9s de una convocatoria abierta se establece un grupo interdisciplinario de participantes que aportar\u00e1n sus miradas singulares para elaborar un corpus de im\u00e1genes relacionadas con las memorias del extractivismo, abarcando desde materialidades tangibles: minerales, metales, infraestructuras tecnol\u00f3gicas hasta elementos intangibles como datos personales y rastros algor\u00edtimicos. Se expondr\u00e1 el resultado en un formato libre.<\/p>\n","protected":false},"excerpt":{"rendered":"<p>\u201cConstelaciones de la memoria\u201d es un dispositivo que busca generar un intercambio a partir del trabajo de constelaciones de fotos impresas en formato papel. A trav\u00e9s de una convocatoria abierta se establece un grupo interdisciplinario de participantes que aportar\u00e1n sus miradas singulares para elaborar un corpus de im\u00e1genes relacionadas con [&hellip;]<\/p>\n","protected":false},"author":1,"featured_media":0,"comment_status":"open","ping_status":"open","sticky":false,"template":"","format":"standard","meta":{"_uag_custom_page_level_css":"","_monsterinsights_skip_tracking":false,"_monsterinsights_sitenote_active":false,"_monsterinsights_sitenote_note":"","_monsterinsights_sitenote_category":0,"cybocfi_hide_featured_image":"","footnotes":""},"categories":[49],"tags":[],"class_list":["post-4561","post","type-post","status-publish","format-standard","hentry","category-talleres"],"uagb_featured_image_src":{"full":false,"thumbnail":false,"medium":false,"medium_large":false,"large":false,"1536x1536":false,"2048x2048":false,"hestia-blog":false},"uagb_author_info":{"display_name":"Universidad de las Artes","author_link":"https:\/\/www.uartes.edu.ec\/sitio\/encuentroilia\/author\/dircomadm\/"},"uagb_comment_info":0,"uagb_excerpt":"\u201cConstelaciones de la memoria\u201d es un dispositivo que busca generar un intercambio a partir del trabajo de constelaciones de fotos impresas en formato papel. A trav\u00e9s de una convocatoria abierta se establece un grupo interdisciplinario de participantes que aportar\u00e1n sus miradas singulares para elaborar un corpus de im\u00e1genes relacionadas con [&hellip;]","distributor_meta":false,"distributor_terms":false,"distributor_media":false,"distributor_original_site_name":"VIII Encuentro Internacional de Investigaci\u00f3n en Artes","distributor_original_site_url":"https:\/\/www.uartes.edu.ec\/sitio\/encuentroilia","push-errors":false,"_links":{"self":[{"href":"https:\/\/www.uartes.edu.ec\/sitio\/encuentroilia\/wp-json\/wp\/v2\/posts\/4561","targetHints":{"allow":["GET"]}}],"collection":[{"href":"https:\/\/www.uartes.edu.ec\/sitio\/encuentroilia\/wp-json\/wp\/v2\/posts"}],"about":[{"href":"https:\/\/www.uartes.edu.ec\/sitio\/encuentroilia\/wp-json\/wp\/v2\/types\/post"}],"author":[{"embeddable":true,"href":"https:\/\/www.uartes.edu.ec\/sitio\/encuentroilia\/wp-json\/wp\/v2\/users\/1"}],"replies":[{"embeddable":true,"href":"https:\/\/www.uartes.edu.ec\/sitio\/encuentroilia\/wp-json\/wp\/v2\/comments?post=4561"}],"version-history":[{"count":1,"href":"https:\/\/www.uartes.edu.ec\/sitio\/encuentroilia\/wp-json\/wp\/v2\/posts\/4561\/revisions"}],"predecessor-version":[{"id":4562,"href":"https:\/\/www.uartes.edu.ec\/sitio\/encuentroilia\/wp-json\/wp\/v2\/posts\/4561\/revisions\/4562"}],"wp:attachment":[{"href":"https:\/\/www.uartes.edu.ec\/sitio\/encuentroilia\/wp-json\/wp\/v2\/media?parent=4561"}],"wp:term":[{"taxonomy":"category","embeddable":true,"href":"https:\/\/www.uartes.edu.ec\/sitio\/encuentroilia\/wp-json\/wp\/v2\/categories?post=4561"},{"taxonomy":"post_tag","embeddable":true,"href":"https:\/\/www.uartes.edu.ec\/sitio\/encuentroilia\/wp-json\/wp\/v2\/tags?post=4561"}],"curies":[{"name":"wp","href":"https:\/\/api.w.org\/{rel}","templated":true}]}}